{"id":959,"date":"2015-08-31T17:41:13","date_gmt":"2015-08-31T20:41:13","guid":{"rendered":"https:\/\/invexo.com.br\/?p=959"},"modified":"2022-06-28T21:49:30","modified_gmt":"2022-06-29T00:49:30","slug":"lancamento-imobiliario-no-rio-de-janeiro","status":"publish","type":"post","link":"https:\/\/invexo.com.br\/blog\/lancamento-imobiliario-no-rio-de-janeiro\/","title":{"rendered":"Mood Lapa Residencial: O melhor pr\u00e9dio do Centro"},"content":{"rendered":"<p>Um <b>lan\u00e7amento imobili\u00e1rio no Rio de Janeiro, <\/b>a cidade maravilhosa, deve ser tamb\u00e9m maravilhoso! E para surpreender os cariocas, deixando-os cheios de vontade de morar em um novo lugar, chega ao bairro da Lapa o \u201cMood Lapa Residencial\u201d, que \u00e9 o \u00fanico im\u00f3vel residencial lan\u00e7ado nos \u00faltimos nove anos neste tradicional bairro.<!--more--><\/p>\n<p>Sim, morar na Lapa \u00e9 um sucesso enorme e contando que o empreendimento est\u00e1 localizado em um local que est\u00e1 sendo revitalizado e \u00e9 um marco na hist\u00f3ria carioca.<\/p>\n<p>A infraestrutura desse<b> lan\u00e7amento imobili\u00e1rio no Rio de Janeiro<\/b> para a fam\u00edlia \u00e9 incr\u00edvel, bem equipado para lazer, seguran\u00e7a e priorizando o que os brasileiros tem buscado muito nos \u00faltimos anos que \u00e9 a qualidade de vida e todos esses itens s\u00e3o encontrados no \u201cMood Lapa Residencial\u201d.<\/p>\n<p>No <strong>Mood Lapa Residencial<\/strong>, este grande empreendimento, voc\u00ea e sua fam\u00edlia, ter\u00e3o \u00e0 disposi\u00e7\u00e3o: academia, piscina, sauna, sal\u00e3o de jogos e gourmet, Lounge, Solarium, Mailroom, Lobby, Biciclet\u00e1rio. Al\u00e9m de bike sharing com 3 bikes el\u00e9tricas dispon\u00edveis para uso, guarda volumes, concierge, Wi-fi e tomadas USB nas \u00e1reas comuns, seguran\u00e7a 24 horas, infraestrutura para CFTV, port\u00e3o automatizado, biometria nas portas, dentre outras vantagens. E para as compras serem facilitadas na correria do dia-a-dia ha lojas no t\u00e9rreo.<\/p>\n<p>Esse<b> lan\u00e7amento imobili\u00e1rio no Rio de Janeiro <\/b>vem com a sustentabilidade como algo primordial e conta com medidores individuais de \u00e1gua, ou seja, o morador ir\u00e1 pagar realmente por aquilo que usou. Al\u00e9m disso, para regar os jardins \u00e9 feito o reuso de \u00e1guas pluviais.<\/p>\n<p>No empreendimento foram usadas cores claras na fachada, esquadrias de alum\u00ednio para controle de ambiente interno e economia de energia, sistema <i>\u201cdual flush<\/i>&#8220;, sensores de presen\u00e7a nos pavimentos etc.<\/p>\n<p>Todo o empreendimento \u00e9 uma op\u00e7\u00e3o tamb\u00e9m para investimento de loca\u00e7\u00e3o. O Rio de Janeiro \u00e9 uma cidade que concentra grandes empresas, nacionais e internacionais e muitas precisam alugar apartamentos funcionais e seguros para seus funcion\u00e1rios.<\/p>\n<p>E, ent\u00e3o, se n\u00e3o for para morar agora, que tal investir nesse empreendimento para ter uma fonte de renda extra e seguran\u00e7a para o seu futuro e da sua fam\u00edlia?<\/p>\n","protected":false},"excerpt":{"rendered":"<p>Um lan\u00e7amento imobili\u00e1rio no Rio de Janeiro, a cidade maravilhosa, deve ser tamb\u00e9m maravilhoso! E para surpreender os cariocas, deixando-os cheios de vontade de morar em um novo lugar, chega ao bairro da Lapa o \u201cMood Lapa Residencial\u201d, que \u00e9 o \u00fanico im\u00f3vel residencial lan\u00e7ado nos \u00faltimos nove anos neste tradicional bairro.<\/p>\n","protected":false},"author":2,"featured_media":4441,"comment_status":"closed","ping_status":"closed","sticky":false,"template":"","format":"standard","meta":{"_acf_changed":false,"_kad_blocks_custom_css":"","_kad_blocks_head_custom_js":"","_kad_blocks_body_custom_js":"","_kad_blocks_footer_custom_js":"","_kadence_starter_templates_imported_post":false,"_kad_post_transparent":"","_kad_post_title":"","_kad_post_layout":"","_kad_post_sidebar_id":"","_kad_post_content_style":"","_kad_post_vertical_padding":"","_kad_post_feature":"","_kad_post_feature_position":"","_kad_post_header":false,"_kad_post_footer":false,"footnotes":""},"categories":[15],"tags":[],"acf":[],"yoast_head":"<!-- This site is optimized with the Yoast SEO plugin v24.1 - https:\/\/yoast.com\/wordpress\/plugins\/seo\/ -->\n<title>Mood Lapa Residencial no Centro do Rio de Janeiro<\/title>\n<meta name=\"description\" content=\"Este \u00e9 um lan\u00e7amento imobili\u00e1rio no Rio de Janeiro que est\u00e1 sendo muito esperado por todos. Veja aqui quais s\u00e3o os diferenciais.\" \/>\n<meta name=\"robots\" content=\"index, follow, max-snippet:-1, max-image-preview:large, max-video-preview:-1\" \/>\n<link rel=\"canonical\" href=\"https:\/\/invexo.com.br\/blog\/lancamento-imobiliario-no-rio-de-janeiro\/\" \/>\n<meta property=\"og:locale\" content=\"pt_BR\" \/>\n<meta property=\"og:type\" content=\"article\" \/>\n<meta property=\"og:title\" content=\"Mood Lapa Residencial no Centro do Rio de Janeiro\" \/>\n<meta property=\"og:description\" content=\"Este \u00e9 um lan\u00e7amento imobili\u00e1rio no Rio de Janeiro que est\u00e1 sendo muito esperado por todos. Veja aqui quais s\u00e3o os diferenciais.\" \/>\n<meta property=\"og:url\" content=\"https:\/\/invexo.com.br\/blog\/lancamento-imobiliario-no-rio-de-janeiro\/\" \/>\n<meta property=\"og:site_name\" content=\"Not\u00edcias RJ\" \/>\n<meta property=\"article:publisher\" content=\"https:\/\/facebook.com\/invexo\" \/>\n<meta property=\"article:author\" content=\"https:\/\/facebook.com\/invexo\" \/>\n<meta property=\"article:published_time\" content=\"2015-08-31T20:41:13+00:00\" \/>\n<meta property=\"article:modified_time\" content=\"2022-06-29T00:49:30+00:00\" \/>\n<meta property=\"og:image\" content=\"https:\/\/invexo.com.br\/blog\/wp-content\/uploads\/2015\/08\/mood-lapa-gafisa.jpg\" \/>\n\t<meta property=\"og:image:width\" content=\"940\" \/>\n\t<meta property=\"og:image:height\" content=\"555\" \/>\n\t<meta property=\"og:image:type\" content=\"image\/jpeg\" \/>\n<meta name=\"author\" content=\"Ronnie Possatti\" \/>\n<meta name=\"twitter:card\" content=\"summary_large_image\" \/>\n<meta name=\"twitter:creator\" content=\"@https:\/\/twitter.com\/invexoimoveis\" \/>\n<meta name=\"twitter:site\" content=\"@invexoimoveis\" \/>\n<meta name=\"twitter:label1\" content=\"Escrito por\" \/>\n\t<meta name=\"twitter:data1\" content=\"Ronnie Possatti\" \/>\n\t<meta name=\"twitter:label2\" content=\"Est. tempo de leitura\" \/>\n\t<meta name=\"twitter:data2\" content=\"2 minutos\" \/>\n<script type=\"application\/ld+json\" class=\"yoast-schema-graph\">{\"@context\":\"https:\/\/schema.org\",\"@graph\":[{\"@type\":\"Article\",\"@id\":\"https:\/\/invexo.com.br\/blog\/lancamento-imobiliario-no-rio-de-janeiro\/#article\",\"isPartOf\":{\"@id\":\"https:\/\/invexo.com.br\/blog\/lancamento-imobiliario-no-rio-de-janeiro\/\"},\"author\":{\"name\":\"Ronnie Possatti\",\"@id\":\"https:\/\/invexo.com.br\/blog\/#\/schema\/person\/36bee32f1cfacde03dc4c9622a58778d\"},\"headline\":\"Mood Lapa Residencial: O melhor pr\u00e9dio do Centro\",\"datePublished\":\"2015-08-31T20:41:13+00:00\",\"dateModified\":\"2022-06-29T00:49:30+00:00\",\"mainEntityOfPage\":{\"@id\":\"https:\/\/invexo.com.br\/blog\/lancamento-imobiliario-no-rio-de-janeiro\/\"},\"wordCount\":378,\"publisher\":{\"@id\":\"https:\/\/invexo.com.br\/blog\/#organization\"},\"image\":{\"@id\":\"https:\/\/invexo.com.br\/blog\/lancamento-imobiliario-no-rio-de-janeiro\/#primaryimage\"},\"thumbnailUrl\":\"https:\/\/invexo.com.br\/blog\/wp-content\/uploads\/2015\/08\/mood-lapa-gafisa.jpg\",\"articleSection\":[\"Informa\u00e7\u00f5es\"],\"inLanguage\":\"pt-BR\"},{\"@type\":\"WebPage\",\"@id\":\"https:\/\/invexo.com.br\/blog\/lancamento-imobiliario-no-rio-de-janeiro\/\",\"url\":\"https:\/\/invexo.com.br\/blog\/lancamento-imobiliario-no-rio-de-janeiro\/\",\"name\":\"Mood Lapa Residencial no Centro do Rio de Janeiro\",\"isPartOf\":{\"@id\":\"https:\/\/invexo.com.br\/blog\/#website\"},\"primaryImageOfPage\":{\"@id\":\"https:\/\/invexo.com.br\/blog\/lancamento-imobiliario-no-rio-de-janeiro\/#primaryimage\"},\"image\":{\"@id\":\"https:\/\/invexo.com.br\/blog\/lancamento-imobiliario-no-rio-de-janeiro\/#primaryimage\"},\"thumbnailUrl\":\"https:\/\/invexo.com.br\/blog\/wp-content\/uploads\/2015\/08\/mood-lapa-gafisa.jpg\",\"datePublished\":\"2015-08-31T20:41:13+00:00\",\"dateModified\":\"2022-06-29T00:49:30+00:00\",\"description\":\"Este \u00e9 um lan\u00e7amento imobili\u00e1rio no Rio de Janeiro que est\u00e1 sendo muito esperado por todos. Veja aqui quais s\u00e3o os diferenciais.\",\"breadcrumb\":{\"@id\":\"https:\/\/invexo.com.br\/blog\/lancamento-imobiliario-no-rio-de-janeiro\/#breadcrumb\"},\"inLanguage\":\"pt-BR\",\"potentialAction\":[{\"@type\":\"ReadAction\",\"target\":[\"https:\/\/invexo.com.br\/blog\/lancamento-imobiliario-no-rio-de-janeiro\/\"]}]},{\"@type\":\"ImageObject\",\"inLanguage\":\"pt-BR\",\"@id\":\"https:\/\/invexo.com.br\/blog\/lancamento-imobiliario-no-rio-de-janeiro\/#primaryimage\",\"url\":\"https:\/\/invexo.com.br\/blog\/wp-content\/uploads\/2015\/08\/mood-lapa-gafisa.jpg\",\"contentUrl\":\"https:\/\/invexo.com.br\/blog\/wp-content\/uploads\/2015\/08\/mood-lapa-gafisa.jpg\",\"width\":940,\"height\":555,\"caption\":\"Mood Lapa\"},{\"@type\":\"BreadcrumbList\",\"@id\":\"https:\/\/invexo.com.br\/blog\/lancamento-imobiliario-no-rio-de-janeiro\/#breadcrumb\",\"itemListElement\":[{\"@type\":\"ListItem\",\"position\":1,\"name\":\"Blog\",\"item\":\"https:\/\/invexo.com.br\/blog\/\"},{\"@type\":\"ListItem\",\"position\":2,\"name\":\"Informa\u00e7\u00f5es\",\"item\":\"https:\/\/invexo.com.br\/blog\/categoria\/informacoes\/\"},{\"@type\":\"ListItem\",\"position\":3,\"name\":\"Mood Lapa Residencial: O melhor pr\u00e9dio do Centro\"}]},{\"@type\":\"WebSite\",\"@id\":\"https:\/\/invexo.com.br\/blog\/#website\",\"url\":\"https:\/\/invexo.com.br\/blog\/\",\"name\":\"Not\u00edcias RJ\",\"description\":\"Not\u00edcias sobre im\u00f3veis, financiamento, mercado imobili\u00e1rio do Rio de Janeiro. Informa\u00e7\u00f5es sobre Bairros, Condom\u00ednios e Regi\u00e3o do Rio de Janeiro.\",\"publisher\":{\"@id\":\"https:\/\/invexo.com.br\/blog\/#organization\"},\"potentialAction\":[{\"@type\":\"SearchAction\",\"target\":{\"@type\":\"EntryPoint\",\"urlTemplate\":\"https:\/\/invexo.com.br\/blog\/?s={search_term_string}\"},\"query-input\":{\"@type\":\"PropertyValueSpecification\",\"valueRequired\":true,\"valueName\":\"search_term_string\"}}],\"inLanguage\":\"pt-BR\"},{\"@type\":\"Organization\",\"@id\":\"https:\/\/invexo.com.br\/blog\/#organization\",\"name\":\"INVEXO Imobili\u00e1ria\",\"url\":\"https:\/\/invexo.com.br\/blog\/\",\"logo\":{\"@type\":\"ImageObject\",\"inLanguage\":\"pt-BR\",\"@id\":\"https:\/\/invexo.com.br\/blog\/#\/schema\/logo\/image\/\",\"url\":\"https:\/\/invexo.com.br\/blog\/wp-content\/uploads\/2018\/09\/invexo-80-melhor.png\",\"contentUrl\":\"https:\/\/invexo.com.br\/blog\/wp-content\/uploads\/2018\/09\/invexo-80-melhor.png\",\"width\":247,\"height\":80,\"caption\":\"INVEXO Imobili\u00e1ria\"},\"image\":{\"@id\":\"https:\/\/invexo.com.br\/blog\/#\/schema\/logo\/image\/\"},\"sameAs\":[\"https:\/\/facebook.com\/invexo\",\"https:\/\/x.com\/invexoimoveis\"]},{\"@type\":\"Person\",\"@id\":\"https:\/\/invexo.com.br\/blog\/#\/schema\/person\/36bee32f1cfacde03dc4c9622a58778d\",\"name\":\"Ronnie Possatti\",\"image\":{\"@type\":\"ImageObject\",\"inLanguage\":\"pt-BR\",\"@id\":\"https:\/\/invexo.com.br\/blog\/#\/schema\/person\/image\/\",\"url\":\"https:\/\/secure.gravatar.com\/avatar\/51a6cdcc215551235c39affb853f1e38?s=96&d=blank&r=g\",\"contentUrl\":\"https:\/\/secure.gravatar.com\/avatar\/51a6cdcc215551235c39affb853f1e38?s=96&d=blank&r=g\",\"caption\":\"Ronnie Possatti\"},\"description\":\"Equipe de especialistas que traz para seus leitores conte\u00fados relevantes e de qualidade sobre bairros, condom\u00ednios, lan\u00e7amentos e not\u00edcias imobili\u00e1rias no Rio de Janeiro.\",\"sameAs\":[\"https:\/\/facebook.com\/invexo\",\"https:\/\/instagram.com\/invexo\",\"https:\/\/x.com\/https:\/\/twitter.com\/invexoimoveis\"],\"url\":\"https:\/\/invexo.com.br\/blog\/author\/invexo\/\"}]}<\/script>\n<!-- \/ Yoast SEO plugin. -->","yoast_head_json":{"title":"Mood Lapa Residencial no Centro do Rio de Janeiro","description":"Este \u00e9 um lan\u00e7amento imobili\u00e1rio no Rio de Janeiro que est\u00e1 sendo muito esperado por todos. Veja aqui quais s\u00e3o os diferenciais.","robots":{"index":"index","follow":"follow","max-snippet":"max-snippet:-1","max-image-preview":"max-image-preview:large","max-video-preview":"max-video-preview:-1"},"canonical":"https:\/\/invexo.com.br\/blog\/lancamento-imobiliario-no-rio-de-janeiro\/","og_locale":"pt_BR","og_type":"article","og_title":"Mood Lapa Residencial no Centro do Rio de Janeiro","og_description":"Este \u00e9 um lan\u00e7amento imobili\u00e1rio no Rio de Janeiro que est\u00e1 sendo muito esperado por todos. Veja aqui quais s\u00e3o os diferenciais.","og_url":"https:\/\/invexo.com.br\/blog\/lancamento-imobiliario-no-rio-de-janeiro\/","og_site_name":"Not\u00edcias RJ","article_publisher":"https:\/\/facebook.com\/invexo","article_author":"https:\/\/facebook.com\/invexo","article_published_time":"2015-08-31T20:41:13+00:00","article_modified_time":"2022-06-29T00:49:30+00:00","og_image":[{"width":940,"height":555,"url":"https:\/\/invexo.com.br\/blog\/wp-content\/uploads\/2015\/08\/mood-lapa-gafisa.jpg","type":"image\/jpeg"}],"author":"Ronnie Possatti","twitter_card":"summary_large_image","twitter_creator":"@https:\/\/twitter.com\/invexoimoveis","twitter_site":"@invexoimoveis","twitter_misc":{"Escrito por":"Ronnie Possatti","Est. tempo de leitura":"2 minutos"},"schema":{"@context":"https:\/\/schema.org","@graph":[{"@type":"Article","@id":"https:\/\/invexo.com.br\/blog\/lancamento-imobiliario-no-rio-de-janeiro\/#article","isPartOf":{"@id":"https:\/\/invexo.com.br\/blog\/lancamento-imobiliario-no-rio-de-janeiro\/"},"author":{"name":"Ronnie Possatti","@id":"https:\/\/invexo.com.br\/blog\/#\/schema\/person\/36bee32f1cfacde03dc4c9622a58778d"},"headline":"Mood Lapa Residencial: O melhor pr\u00e9dio do Centro","datePublished":"2015-08-31T20:41:13+00:00","dateModified":"2022-06-29T00:49:30+00:00","mainEntityOfPage":{"@id":"https:\/\/invexo.com.br\/blog\/lancamento-imobiliario-no-rio-de-janeiro\/"},"wordCount":378,"publisher":{"@id":"https:\/\/invexo.com.br\/blog\/#organization"},"image":{"@id":"https:\/\/invexo.com.br\/blog\/lancamento-imobiliario-no-rio-de-janeiro\/#primaryimage"},"thumbnailUrl":"https:\/\/invexo.com.br\/blog\/wp-content\/uploads\/2015\/08\/mood-lapa-gafisa.jpg","articleSection":["Informa\u00e7\u00f5es"],"inLanguage":"pt-BR"},{"@type":"WebPage","@id":"https:\/\/invexo.com.br\/blog\/lancamento-imobiliario-no-rio-de-janeiro\/","url":"https:\/\/invexo.com.br\/blog\/lancamento-imobiliario-no-rio-de-janeiro\/","name":"Mood Lapa Residencial no Centro do Rio de Janeiro","isPartOf":{"@id":"https:\/\/invexo.com.br\/blog\/#website"},"primaryImageOfPage":{"@id":"https:\/\/invexo.com.br\/blog\/lancamento-imobiliario-no-rio-de-janeiro\/#primaryimage"},"image":{"@id":"https:\/\/invexo.com.br\/blog\/lancamento-imobiliario-no-rio-de-janeiro\/#primaryimage"},"thumbnailUrl":"https:\/\/invexo.com.br\/blog\/wp-content\/uploads\/2015\/08\/mood-lapa-gafisa.jpg","datePublished":"2015-08-31T20:41:13+00:00","dateModified":"2022-06-29T00:49:30+00:00","description":"Este \u00e9 um lan\u00e7amento imobili\u00e1rio no Rio de Janeiro que est\u00e1 sendo muito esperado por todos. Veja aqui quais s\u00e3o os diferenciais.","breadcrumb":{"@id":"https:\/\/invexo.com.br\/blog\/lancamento-imobiliario-no-rio-de-janeiro\/#breadcrumb"},"inLanguage":"pt-BR","potentialAction":[{"@type":"ReadAction","target":["https:\/\/invexo.com.br\/blog\/lancamento-imobiliario-no-rio-de-janeiro\/"]}]},{"@type":"ImageObject","inLanguage":"pt-BR","@id":"https:\/\/invexo.com.br\/blog\/lancamento-imobiliario-no-rio-de-janeiro\/#primaryimage","url":"https:\/\/invexo.com.br\/blog\/wp-content\/uploads\/2015\/08\/mood-lapa-gafisa.jpg","contentUrl":"https:\/\/invexo.com.br\/blog\/wp-content\/uploads\/2015\/08\/mood-lapa-gafisa.jpg","width":940,"height":555,"caption":"Mood Lapa"},{"@type":"BreadcrumbList","@id":"https:\/\/invexo.com.br\/blog\/lancamento-imobiliario-no-rio-de-janeiro\/#breadcrumb","itemListElement":[{"@type":"ListItem","position":1,"name":"Blog","item":"https:\/\/invexo.com.br\/blog\/"},{"@type":"ListItem","position":2,"name":"Informa\u00e7\u00f5es","item":"https:\/\/invexo.com.br\/blog\/categoria\/informacoes\/"},{"@type":"ListItem","position":3,"name":"Mood Lapa Residencial: O melhor pr\u00e9dio do Centro"}]},{"@type":"WebSite","@id":"https:\/\/invexo.com.br\/blog\/#website","url":"https:\/\/invexo.com.br\/blog\/","name":"Not\u00edcias RJ","description":"Not\u00edcias sobre im\u00f3veis, financiamento, mercado imobili\u00e1rio do Rio de Janeiro. Informa\u00e7\u00f5es sobre Bairros, Condom\u00ednios e Regi\u00e3o do Rio de Janeiro.","publisher":{"@id":"https:\/\/invexo.com.br\/blog\/#organization"},"potentialAction":[{"@type":"SearchAction","target":{"@type":"EntryPoint","urlTemplate":"https:\/\/invexo.com.br\/blog\/?s={search_term_string}"},"query-input":{"@type":"PropertyValueSpecification","valueRequired":true,"valueName":"search_term_string"}}],"inLanguage":"pt-BR"},{"@type":"Organization","@id":"https:\/\/invexo.com.br\/blog\/#organization","name":"INVEXO Imobili\u00e1ria","url":"https:\/\/invexo.com.br\/blog\/","logo":{"@type":"ImageObject","inLanguage":"pt-BR","@id":"https:\/\/invexo.com.br\/blog\/#\/schema\/logo\/image\/","url":"https:\/\/invexo.com.br\/blog\/wp-content\/uploads\/2018\/09\/invexo-80-melhor.png","contentUrl":"https:\/\/invexo.com.br\/blog\/wp-content\/uploads\/2018\/09\/invexo-80-melhor.png","width":247,"height":80,"caption":"INVEXO Imobili\u00e1ria"},"image":{"@id":"https:\/\/invexo.com.br\/blog\/#\/schema\/logo\/image\/"},"sameAs":["https:\/\/facebook.com\/invexo","https:\/\/x.com\/invexoimoveis"]},{"@type":"Person","@id":"https:\/\/invexo.com.br\/blog\/#\/schema\/person\/36bee32f1cfacde03dc4c9622a58778d","name":"Ronnie Possatti","image":{"@type":"ImageObject","inLanguage":"pt-BR","@id":"https:\/\/invexo.com.br\/blog\/#\/schema\/person\/image\/","url":"https:\/\/secure.gravatar.com\/avatar\/51a6cdcc215551235c39affb853f1e38?s=96&d=blank&r=g","contentUrl":"https:\/\/secure.gravatar.com\/avatar\/51a6cdcc215551235c39affb853f1e38?s=96&d=blank&r=g","caption":"Ronnie Possatti"},"description":"Equipe de especialistas que traz para seus leitores conte\u00fados relevantes e de qualidade sobre bairros, condom\u00ednios, lan\u00e7amentos e not\u00edcias imobili\u00e1rias no Rio de Janeiro.","sameAs":["https:\/\/facebook.com\/invexo","https:\/\/instagram.com\/invexo","https:\/\/x.com\/https:\/\/twitter.com\/invexoimoveis"],"url":"https:\/\/invexo.com.br\/blog\/author\/invexo\/"}]}},"taxonomy_info":{"category":[{"value":15,"label":"Informa\u00e7\u00f5es"}]},"featured_image_src_large":["https:\/\/invexo.com.br\/blog\/wp-content\/uploads\/2015\/08\/mood-lapa-gafisa.jpg",940,555,false],"author_info":{"display_name":"Ronnie Possatti","author_link":"https:\/\/invexo.com.br\/blog\/author\/invexo\/"},"comment_info":0,"category_info":[{"term_id":15,"name":"Informa\u00e7\u00f5es","slug":"informacoes","term_group":0,"term_taxonomy_id":15,"taxonomy":"category","description":"Informa\u00e7\u00f5es, experi\u00eancia nos melhores estabelecimentos em bairros nobres para se viver no Rio de Janeiro. Tudo sobre cultura, entretenimento e lazer.","parent":0,"count":1297,"filter":"raw","cat_ID":15,"category_count":1297,"category_description":"Informa\u00e7\u00f5es, experi\u00eancia nos melhores estabelecimentos em bairros nobres para se viver no Rio de Janeiro. Tudo sobre cultura, entretenimento e lazer.","cat_name":"Informa\u00e7\u00f5es","category_nicename":"informacoes","category_parent":0}],"tag_info":false,"_links":{"self":[{"href":"https:\/\/invexo.com.br\/blog\/wp-json\/wp\/v2\/posts\/959"}],"collection":[{"href":"https:\/\/invexo.com.br\/blog\/wp-json\/wp\/v2\/posts"}],"about":[{"href":"https:\/\/invexo.com.br\/blog\/wp-json\/wp\/v2\/types\/post"}],"author":[{"embeddable":true,"href":"https:\/\/invexo.com.br\/blog\/wp-json\/wp\/v2\/users\/2"}],"replies":[{"embeddable":true,"href":"https:\/\/invexo.com.br\/blog\/wp-json\/wp\/v2\/comments?post=959"}],"version-history":[{"count":1,"href":"https:\/\/invexo.com.br\/blog\/wp-json\/wp\/v2\/posts\/959\/revisions"}],"predecessor-version":[{"id":27962,"href":"https:\/\/invexo.com.br\/blog\/wp-json\/wp\/v2\/posts\/959\/revisions\/27962"}],"wp:featuredmedia":[{"embeddable":true,"href":"https:\/\/invexo.com.br\/blog\/wp-json\/wp\/v2\/media\/4441"}],"wp:attachment":[{"href":"https:\/\/invexo.com.br\/blog\/wp-json\/wp\/v2\/media?parent=959"}],"wp:term":[{"taxonomy":"category","embeddable":true,"href":"https:\/\/invexo.com.br\/blog\/wp-json\/wp\/v2\/categories?post=959"},{"taxonomy":"post_tag","embeddable":true,"href":"https:\/\/invexo.com.br\/blog\/wp-json\/wp\/v2\/tags?post=959"}],"curies":[{"name":"wp","href":"https:\/\/api.w.org\/{rel}","templated":true}]}}