{"id":9558,"date":"2021-01-13T09:53:00","date_gmt":"2021-01-13T11:53:00","guid":{"rendered":"https:\/\/invexo.com.br\/blog\/?p=9558"},"modified":"2023-03-24T13:10:59","modified_gmt":"2023-03-24T16:10:59","slug":"atmosfera-peninsula-avenida-das-acacias-da-peninsula-rj","status":"publish","type":"post","link":"https:\/\/invexo.com.br\/blog\/atmosfera-peninsula-avenida-das-acacias-da-peninsula-rj\/","title":{"rendered":"Descubra tudo sobre Atmosfera Pen\u00ednsula na Rua das Ac\u00e1cias da Pen\u00ednsula"},"content":{"rendered":"\n<p>O Atmosfera Pen\u00ednsula \u00e9 um completo residencial localizado na regi\u00e3o mais nobre da Barra da Tijuca: a Pen\u00ednsula. Considerada uma extens\u00e3o da Barra, a \u00e1rea \u00e9 repleta de condom\u00ednios de alto padr\u00e3o. <\/p>\n\n\n\n<!--more-->\n\n\n\n<p>O empreendimento imobili\u00e1rio da construtora Cyrela n\u00e3o seria diferente e, \u00e9 claro, oferece uma luxuosa infraestrutura. Assim, os sofisticados im\u00f3veis de 4 quartos do Atmosfera Pen\u00ednsula v\u00e3o surpreender a voc\u00ea e a sua fam\u00edlia.<\/p>\n\n\n\n<p>Os apartamentos t\u00eam tamanhos entre 178 m\u00b2 e 231 m\u00b2 e as coberturas variam de 360 m\u00b2 a 465 m\u00b2. Al\u00e9m disso, os moradores t\u00eam vagas de garagem garantidas no condom\u00ednio.<\/p>\n\n\n\n<p>Quer conhecer detalhes sobre o residencial? Ent\u00e3o, acompanhe e descubra ainda outros motivos para morar no Atmosfera Pen\u00ednsula, no Rio de Janeiro.<\/p>\n\n\n\n<p>A Pen\u00ednsula da Barra da Tijuca destaca-se por oferecer intenso contato com a natureza, devido \u00e0 forma\u00e7\u00e3o geol\u00f3gica do bairro. Por ser um bairro valorizado, o condom\u00ednio Pen\u00ednsula oferece alguns dos <a href=\"https:\/\/luxury.invexo.com.br\/peninsula-barra-da-tijuca-rio-de-janeiro-rj\/?utm_source=blog&amp;utm_medium=blocomeio\" target=\"_blank\" rel=\"noreferrer noopener\">melhores im\u00f3veis de luxo do Rio de Janeiro<\/a>, com infraestrutura completa e acabamentos de alto padr\u00e3o.<\/p>\n\n\n\n<figure class=\"wp-block-image size-full\"><a href=\"https:\/\/luxury.invexo.com.br\/peninsula-barra-da-tijuca-rio-de-janeiro-rj\/?utm_source=blog&amp;utm_medium=blocomeio\" target=\"_blank\" rel=\"noopener noreferrer\"><img decoding=\"async\" width=\"1300\" height=\"280\" src=\"https:\/\/invexo.com.br\/blog\/wp-content\/uploads\/2022\/08\/imoveis-a-venda-peninsula-barra-da-tijuca-rio-de-janeiro-rj.jpg\" alt=\"imoveis a venda peninsula barra da tijuca rio de janeiro rj\" class=\"wp-image-29206\" srcset=\"https:\/\/invexo.com.br\/blog\/wp-content\/uploads\/2022\/08\/imoveis-a-venda-peninsula-barra-da-tijuca-rio-de-janeiro-rj.jpg 1300w, https:\/\/invexo.com.br\/blog\/wp-content\/uploads\/2022\/08\/imoveis-a-venda-peninsula-barra-da-tijuca-rio-de-janeiro-rj-300x65.jpg 300w, https:\/\/invexo.com.br\/blog\/wp-content\/uploads\/2022\/08\/imoveis-a-venda-peninsula-barra-da-tijuca-rio-de-janeiro-rj-1024x221.jpg 1024w, https:\/\/invexo.com.br\/blog\/wp-content\/uploads\/2022\/08\/imoveis-a-venda-peninsula-barra-da-tijuca-rio-de-janeiro-rj-768x165.jpg 768w\" sizes=\"(max-width: 1300px) 100vw, 1300px\" \/><\/a><\/figure>\n\n\n\n<h2 class=\"wp-block-heading\"><strong>O que tem pr\u00f3ximo ao Atmosfera Pen\u00ednsula<\/strong><\/h2>\n\n\n\n<p>A Pen\u00ednsula \u00e9 uma regi\u00e3o bem pr\u00f3xima \u00e0 <a href=\"https:\/\/invexo.com.br\/blog\/4-vantagens-incriveis-de-morar-na-barra-da-tijuca\/\">Barra da Tijuca<\/a>, no Rio de Janeiro.   Por isso, ela \u00e9 considerada quase parte integrante do famoso bairro carioca.<\/p>\n\n\n\n<p>Com mais de 45 mil metros quadrados de \u00e1rea verdade ao redor, a Pen\u00ednsula \u00e9 formada por diversos condom\u00ednios de alto padr\u00e3o.  Dentre eles, o Atmosfera, localizado na Avenida das Ac\u00e1cias, \u00e9 um dos mais desejados para moradia.<\/p>\n\n\n\n<p>O empreendimento imobili\u00e1rio da construtora Cyrela oferece toda uma completa infraestrutura e, al\u00e9m disso, tem diversos atrativos regionais.<\/p>\n\n\n\n<p>Quem vive na localidade pode contar com excelente acesso a outros pontos da cidade do Rio de Janeiro, ter seguran\u00e7a e rede de com\u00e9rcios e servi\u00e7os.  <\/p>\n\n\n\n<figure class=\"wp-block-image size-full\"><img decoding=\"async\" width=\"1280\" height=\"720\" src=\"https:\/\/invexo.com.br\/blog\/wp-content\/uploads\/2021\/01\/peninsula-barra-da-tijuca.jpg\" alt=\"peninsula barra da tijuca\" class=\"wp-image-11064\" srcset=\"https:\/\/invexo.com.br\/blog\/wp-content\/uploads\/2021\/01\/peninsula-barra-da-tijuca.jpg 1280w, https:\/\/invexo.com.br\/blog\/wp-content\/uploads\/2021\/01\/peninsula-barra-da-tijuca-300x169.jpg 300w, https:\/\/invexo.com.br\/blog\/wp-content\/uploads\/2021\/01\/peninsula-barra-da-tijuca-1024x576.jpg 1024w, https:\/\/invexo.com.br\/blog\/wp-content\/uploads\/2021\/01\/peninsula-barra-da-tijuca-768x432.jpg 768w, https:\/\/invexo.com.br\/blog\/wp-content\/uploads\/2021\/01\/peninsula-barra-da-tijuca-940x529.jpg 940w\" sizes=\"(max-width: 1280px) 100vw, 1280px\" \/><\/figure>\n\n\n\n<p>A Avenidas Ayrton Senna e Avenida das Am\u00e9ricas s\u00e3o algumas vias que facilitam a vida do morador, por exemplo. <\/p>\n\n\n\n<p>Al\u00e9m disso, o <a href=\"http:\/\/peninsulaopenmall.com.br\/\" target=\"_blank\" rel=\"noreferrer noopener\">Shopping Pen\u00ednsula Open Mall<\/a> \u00e9 uma das alternativas para compras do dia a dia na regi\u00e3o.<\/p>\n\n\n\n<h2 class=\"wp-block-heading\"><strong>Qualidade de vida no Barra da Tijuca<\/strong><\/h2>\n\n\n\n<p>Outro ponto de destaque do Atmosfera Pen\u00ednsula \u00e9 a grande variedade de atrativos pelas redondezas.<\/p>\n\n\n\n<p>O morador conta, por exemplo, com transporte terrestre e mar\u00edtimo exclusivo para quem vive na Pen\u00ednsula da Barra.<\/p>\n\n\n\n<p>Na regi\u00e3o, ainda, ele tem acesso a diversas op\u00e7\u00f5es para a pr\u00e1tica de esportes e atividades ao ar livre, como quadras poliesportivas,  parques e campos.<\/p>\n\n\n\n<p>Assim, morar na Avenida das Ac\u00e1cias \u00e9 sin\u00f4nimo de praticidade e qualidade de vida no Rio de Janeiro.<\/p>\n\n\n\n<h2 class=\"wp-block-heading\"><strong>Diferenciais do Atmosfera Pen\u00ednsula<\/strong><\/h2>\n\n\n\n<p>Como voc\u00ea viu, o Atmosfera Pen\u00ednsula \u00e9 um sofisticado empreendimento imobili\u00e1rio j\u00e1 pronto para morar e que est\u00e1 localizado na nobre regi\u00e3o da Barra da Tijuca. <\/p>\n\n\n\n<p>Composto por apartamentos e coberturas de luxo, o condom\u00ednio residencial tem \u00e1rea de lazer com mais de 10 mil metros quadrados e tem, ainda, alguns importantes diferenciais. Confira alguns deles, a seguir:<\/p>\n\n\n\n<ul><li>Seguran\u00e7a e portaria 24 horas<\/li><li>Servi\u00e7os pay-per-use, como recados, governan\u00e7a e pequenos consertos nos im\u00f3veis<\/li><li>Espa\u00e7o fitness completo<\/li><li>Spa<\/li><li>Hidromassagem<\/li><li>Brinquedoteca<\/li><li>Red\u00e1rio<\/li><li>e muito mais<\/li><\/ul>\n\n\n\n<p>Gostou dos atributos do Atmosfera Pen\u00ednsula? Ent\u00e3o, voc\u00ea precisa conhecer outros detalhes sobre os apartamentos, coberturas e sobre o condom\u00ednio da construtora Cyrela.<\/p>\n\n\n\n<p>Para isso, basta visitar o site do empreendimento da Avenida das Ac\u00e1cias e tirar suas d\u00favidas.<\/p>\n\n\n\n<p>Ent\u00e3o, acesse agora mesmo e tenha todas as informa\u00e7\u00f5es sobre o condom\u00ednio residencial pronto para morar <a rel=\"noreferrer noopener\" href=\"https:\/\/invexo.com.br\/imovel-pronto\/atmosfera-peninsula\/\" target=\"_blank\">Atmosfera Peninsula<\/a>.<\/p>\n\n\n\n<p>Conciliando as mais diversas atividades em um s\u00f3 lugar, a Pen\u00ednsula atende as necessidades dos moradores e entrega muita qualidade de vida em um ambiente de amplo desenvolvimento urbano. Conhe\u00e7a todos os <a href=\"https:\/\/luxury.invexo.com.br\/peninsula-barra-da-tijuca-rio-de-janeiro-rj\/?utm_source=blog&amp;utm_medium=blocofim\">im\u00f3veis de luxo \u00e0 venda na Pen\u00ednsula<\/a>, na Barra da Tijuca.<\/p>\n\n\n\n<figure class=\"wp-block-image size-full\"><a href=\"https:\/\/luxury.invexo.com.br\/peninsula-barra-da-tijuca-rio-de-janeiro-rj\/?utm_source=blog&amp;utm_medium=blocofim\" target=\"_blank\" rel=\"noopener noreferrer\"><img decoding=\"async\" width=\"1300\" height=\"280\" src=\"https:\/\/invexo.com.br\/blog\/wp-content\/uploads\/2022\/08\/imoveis-a-venda-peninsula-barra-da-tijuca-rio-de-janeiro-rj.jpg\" alt=\"imoveis a venda peninsula barra da tijuca rio de janeiro rj\" class=\"wp-image-29206\" srcset=\"https:\/\/invexo.com.br\/blog\/wp-content\/uploads\/2022\/08\/imoveis-a-venda-peninsula-barra-da-tijuca-rio-de-janeiro-rj.jpg 1300w, https:\/\/invexo.com.br\/blog\/wp-content\/uploads\/2022\/08\/imoveis-a-venda-peninsula-barra-da-tijuca-rio-de-janeiro-rj-300x65.jpg 300w, https:\/\/invexo.com.br\/blog\/wp-content\/uploads\/2022\/08\/imoveis-a-venda-peninsula-barra-da-tijuca-rio-de-janeiro-rj-1024x221.jpg 1024w, https:\/\/invexo.com.br\/blog\/wp-content\/uploads\/2022\/08\/imoveis-a-venda-peninsula-barra-da-tijuca-rio-de-janeiro-rj-768x165.jpg 768w\" sizes=\"(max-width: 1300px) 100vw, 1300px\" \/><\/a><\/figure>\n","protected":false},"excerpt":{"rendered":"<p>O Atmosfera Pen\u00ednsula \u00e9 um completo residencial localizado na regi\u00e3o mais nobre da Barra da Tijuca: a Pen\u00ednsula. Considerada uma extens\u00e3o da Barra, a \u00e1rea \u00e9 repleta de condom\u00ednios de alto padr\u00e3o.<\/p>\n","protected":false},"author":2,"featured_media":9958,"comment_status":"closed","ping_status":"closed","sticky":false,"template":"","format":"standard","meta":{"_acf_changed":false,"_kad_blocks_custom_css":"","_kad_blocks_head_custom_js":"","_kad_blocks_body_custom_js":"","_kad_blocks_footer_custom_js":"","_kadence_starter_templates_imported_post":false,"_kad_post_transparent":"","_kad_post_title":"","_kad_post_layout":"","_kad_post_sidebar_id":"","_kad_post_content_style":"","_kad_post_vertical_padding":"","_kad_post_feature":"","_kad_post_feature_position":"","_kad_post_header":false,"_kad_post_footer":false,"footnotes":""},"categories":[10,15,230],"tags":[639],"acf":[],"yoast_head":"<!-- This site is optimized with the Yoast SEO plugin v24.1 - https:\/\/yoast.com\/wordpress\/plugins\/seo\/ -->\n<title>Benef\u00edcios de morar no Atmosfera Pen\u00ednsula na Avenida das Ac\u00e1cias<\/title>\n<meta name=\"description\" content=\"Conhe\u00e7a detalhes sobre os sofisticados apartamentos e coberturas do residencial Atmosfera Pen\u00ednsula, localizado na melhor \u00e1rea da Barra da Tijuca.\" \/>\n<meta name=\"robots\" content=\"index, follow, max-snippet:-1, max-image-preview:large, max-video-preview:-1\" \/>\n<link rel=\"canonical\" href=\"https:\/\/invexo.com.br\/blog\/atmosfera-peninsula-avenida-das-acacias-da-peninsula-rj\/\" \/>\n<meta property=\"og:locale\" content=\"pt_BR\" \/>\n<meta property=\"og:type\" content=\"article\" \/>\n<meta property=\"og:title\" content=\"Benef\u00edcios de morar no Atmosfera Pen\u00ednsula na Avenida das Ac\u00e1cias\" \/>\n<meta property=\"og:description\" content=\"Conhe\u00e7a detalhes sobre os sofisticados apartamentos e coberturas do residencial Atmosfera Pen\u00ednsula, localizado na melhor \u00e1rea da Barra da Tijuca.\" \/>\n<meta property=\"og:url\" content=\"https:\/\/invexo.com.br\/blog\/atmosfera-peninsula-avenida-das-acacias-da-peninsula-rj\/\" \/>\n<meta property=\"og:site_name\" content=\"Not\u00edcias RJ\" \/>\n<meta property=\"article:publisher\" content=\"https:\/\/facebook.com\/invexo\" \/>\n<meta property=\"article:author\" content=\"https:\/\/facebook.com\/invexo\" \/>\n<meta property=\"article:published_time\" content=\"2021-01-13T11:53:00+00:00\" \/>\n<meta property=\"article:modified_time\" content=\"2023-03-24T16:10:59+00:00\" \/>\n<meta property=\"og:image\" content=\"https:\/\/invexo.com.br\/blog\/wp-content\/uploads\/2021\/01\/atmosfera-pen\u00ednsula.jpg\" \/>\n\t<meta property=\"og:image:width\" content=\"1280\" \/>\n\t<meta property=\"og:image:height\" content=\"720\" \/>\n\t<meta property=\"og:image:type\" content=\"image\/jpeg\" \/>\n<meta name=\"author\" content=\"Ronnie Possatti\" \/>\n<meta name=\"twitter:card\" content=\"summary_large_image\" \/>\n<meta name=\"twitter:creator\" content=\"@https:\/\/twitter.com\/invexoimoveis\" \/>\n<meta name=\"twitter:site\" content=\"@invexoimoveis\" \/>\n<meta name=\"twitter:label1\" content=\"Escrito por\" \/>\n\t<meta name=\"twitter:data1\" content=\"Ronnie Possatti\" \/>\n\t<meta name=\"twitter:label2\" content=\"Est. tempo de leitura\" \/>\n\t<meta name=\"twitter:data2\" content=\"3 minutos\" \/>\n<script type=\"application\/ld+json\" class=\"yoast-schema-graph\">{\"@context\":\"https:\/\/schema.org\",\"@graph\":[{\"@type\":\"Article\",\"@id\":\"https:\/\/invexo.com.br\/blog\/atmosfera-peninsula-avenida-das-acacias-da-peninsula-rj\/#article\",\"isPartOf\":{\"@id\":\"https:\/\/invexo.com.br\/blog\/atmosfera-peninsula-avenida-das-acacias-da-peninsula-rj\/\"},\"author\":{\"name\":\"Ronnie Possatti\",\"@id\":\"https:\/\/invexo.com.br\/blog\/#\/schema\/person\/36bee32f1cfacde03dc4c9622a58778d\"},\"headline\":\"Descubra tudo sobre Atmosfera Pen\u00ednsula na Rua das Ac\u00e1cias da Pen\u00ednsula\",\"datePublished\":\"2021-01-13T11:53:00+00:00\",\"dateModified\":\"2023-03-24T16:10:59+00:00\",\"mainEntityOfPage\":{\"@id\":\"https:\/\/invexo.com.br\/blog\/atmosfera-peninsula-avenida-das-acacias-da-peninsula-rj\/\"},\"wordCount\":558,\"publisher\":{\"@id\":\"https:\/\/invexo.com.br\/blog\/#organization\"},\"image\":{\"@id\":\"https:\/\/invexo.com.br\/blog\/atmosfera-peninsula-avenida-das-acacias-da-peninsula-rj\/#primaryimage\"},\"thumbnailUrl\":\"https:\/\/invexo.com.br\/blog\/wp-content\/uploads\/2021\/01\/atmosfera-pen\u00ednsula.jpg\",\"keywords\":[\"Barra da Tijuca\"],\"articleSection\":[\"Bairros\",\"Informa\u00e7\u00f5es\",\"Mercado imobili\u00e1rio\"],\"inLanguage\":\"pt-BR\"},{\"@type\":\"WebPage\",\"@id\":\"https:\/\/invexo.com.br\/blog\/atmosfera-peninsula-avenida-das-acacias-da-peninsula-rj\/\",\"url\":\"https:\/\/invexo.com.br\/blog\/atmosfera-peninsula-avenida-das-acacias-da-peninsula-rj\/\",\"name\":\"Benef\u00edcios de morar no Atmosfera Pen\u00ednsula na Avenida das Ac\u00e1cias\",\"isPartOf\":{\"@id\":\"https:\/\/invexo.com.br\/blog\/#website\"},\"primaryImageOfPage\":{\"@id\":\"https:\/\/invexo.com.br\/blog\/atmosfera-peninsula-avenida-das-acacias-da-peninsula-rj\/#primaryimage\"},\"image\":{\"@id\":\"https:\/\/invexo.com.br\/blog\/atmosfera-peninsula-avenida-das-acacias-da-peninsula-rj\/#primaryimage\"},\"thumbnailUrl\":\"https:\/\/invexo.com.br\/blog\/wp-content\/uploads\/2021\/01\/atmosfera-pen\u00ednsula.jpg\",\"datePublished\":\"2021-01-13T11:53:00+00:00\",\"dateModified\":\"2023-03-24T16:10:59+00:00\",\"description\":\"Conhe\u00e7a detalhes sobre os sofisticados apartamentos e coberturas do residencial Atmosfera Pen\u00ednsula, localizado na melhor \u00e1rea da Barra da Tijuca.\",\"breadcrumb\":{\"@id\":\"https:\/\/invexo.com.br\/blog\/atmosfera-peninsula-avenida-das-acacias-da-peninsula-rj\/#breadcrumb\"},\"inLanguage\":\"pt-BR\",\"potentialAction\":[{\"@type\":\"ReadAction\",\"target\":[\"https:\/\/invexo.com.br\/blog\/atmosfera-peninsula-avenida-das-acacias-da-peninsula-rj\/\"]}]},{\"@type\":\"ImageObject\",\"inLanguage\":\"pt-BR\",\"@id\":\"https:\/\/invexo.com.br\/blog\/atmosfera-peninsula-avenida-das-acacias-da-peninsula-rj\/#primaryimage\",\"url\":\"https:\/\/invexo.com.br\/blog\/wp-content\/uploads\/2021\/01\/atmosfera-pen\u00ednsula.jpg\",\"contentUrl\":\"https:\/\/invexo.com.br\/blog\/wp-content\/uploads\/2021\/01\/atmosfera-pen\u00ednsula.jpg\",\"width\":1280,\"height\":720,\"caption\":\"Atmosfera Pen\u00ednsula\"},{\"@type\":\"BreadcrumbList\",\"@id\":\"https:\/\/invexo.com.br\/blog\/atmosfera-peninsula-avenida-das-acacias-da-peninsula-rj\/#breadcrumb\",\"itemListElement\":[{\"@type\":\"ListItem\",\"position\":1,\"name\":\"Blog\",\"item\":\"https:\/\/invexo.com.br\/blog\/\"},{\"@type\":\"ListItem\",\"position\":2,\"name\":\"Bairros\",\"item\":\"https:\/\/invexo.com.br\/blog\/categoria\/bairros\/\"},{\"@type\":\"ListItem\",\"position\":3,\"name\":\"Descubra tudo sobre Atmosfera Pen\u00ednsula na Rua das Ac\u00e1cias da Pen\u00ednsula\"}]},{\"@type\":\"WebSite\",\"@id\":\"https:\/\/invexo.com.br\/blog\/#website\",\"url\":\"https:\/\/invexo.com.br\/blog\/\",\"name\":\"Not\u00edcias RJ\",\"description\":\"Not\u00edcias sobre im\u00f3veis, financiamento, mercado imobili\u00e1rio do Rio de Janeiro. Informa\u00e7\u00f5es sobre Bairros, Condom\u00ednios e Regi\u00e3o do Rio de Janeiro.\",\"publisher\":{\"@id\":\"https:\/\/invexo.com.br\/blog\/#organization\"},\"potentialAction\":[{\"@type\":\"SearchAction\",\"target\":{\"@type\":\"EntryPoint\",\"urlTemplate\":\"https:\/\/invexo.com.br\/blog\/?s={search_term_string}\"},\"query-input\":{\"@type\":\"PropertyValueSpecification\",\"valueRequired\":true,\"valueName\":\"search_term_string\"}}],\"inLanguage\":\"pt-BR\"},{\"@type\":\"Organization\",\"@id\":\"https:\/\/invexo.com.br\/blog\/#organization\",\"name\":\"INVEXO Imobili\u00e1ria\",\"url\":\"https:\/\/invexo.com.br\/blog\/\",\"logo\":{\"@type\":\"ImageObject\",\"inLanguage\":\"pt-BR\",\"@id\":\"https:\/\/invexo.com.br\/blog\/#\/schema\/logo\/image\/\",\"url\":\"https:\/\/invexo.com.br\/blog\/wp-content\/uploads\/2018\/09\/invexo-80-melhor.png\",\"contentUrl\":\"https:\/\/invexo.com.br\/blog\/wp-content\/uploads\/2018\/09\/invexo-80-melhor.png\",\"width\":247,\"height\":80,\"caption\":\"INVEXO Imobili\u00e1ria\"},\"image\":{\"@id\":\"https:\/\/invexo.com.br\/blog\/#\/schema\/logo\/image\/\"},\"sameAs\":[\"https:\/\/facebook.com\/invexo\",\"https:\/\/x.com\/invexoimoveis\"]},{\"@type\":\"Person\",\"@id\":\"https:\/\/invexo.com.br\/blog\/#\/schema\/person\/36bee32f1cfacde03dc4c9622a58778d\",\"name\":\"Ronnie Possatti\",\"image\":{\"@type\":\"ImageObject\",\"inLanguage\":\"pt-BR\",\"@id\":\"https:\/\/invexo.com.br\/blog\/#\/schema\/person\/image\/\",\"url\":\"https:\/\/secure.gravatar.com\/avatar\/51a6cdcc215551235c39affb853f1e38?s=96&d=blank&r=g\",\"contentUrl\":\"https:\/\/secure.gravatar.com\/avatar\/51a6cdcc215551235c39affb853f1e38?s=96&d=blank&r=g\",\"caption\":\"Ronnie Possatti\"},\"description\":\"Equipe de especialistas que traz para seus leitores conte\u00fados relevantes e de qualidade sobre bairros, condom\u00ednios, lan\u00e7amentos e not\u00edcias imobili\u00e1rias no Rio de Janeiro.\",\"sameAs\":[\"https:\/\/facebook.com\/invexo\",\"https:\/\/instagram.com\/invexo\",\"https:\/\/x.com\/https:\/\/twitter.com\/invexoimoveis\"],\"url\":\"https:\/\/invexo.com.br\/blog\/author\/invexo\/\"}]}<\/script>\n<!-- \/ Yoast SEO plugin. -->","yoast_head_json":{"title":"Benef\u00edcios de morar no Atmosfera Pen\u00ednsula na Avenida das Ac\u00e1cias","description":"Conhe\u00e7a detalhes sobre os sofisticados apartamentos e coberturas do residencial Atmosfera Pen\u00ednsula, localizado na melhor \u00e1rea da Barra da Tijuca.","robots":{"index":"index","follow":"follow","max-snippet":"max-snippet:-1","max-image-preview":"max-image-preview:large","max-video-preview":"max-video-preview:-1"},"canonical":"https:\/\/invexo.com.br\/blog\/atmosfera-peninsula-avenida-das-acacias-da-peninsula-rj\/","og_locale":"pt_BR","og_type":"article","og_title":"Benef\u00edcios de morar no Atmosfera Pen\u00ednsula na Avenida das Ac\u00e1cias","og_description":"Conhe\u00e7a detalhes sobre os sofisticados apartamentos e coberturas do residencial Atmosfera Pen\u00ednsula, localizado na melhor \u00e1rea da Barra da Tijuca.","og_url":"https:\/\/invexo.com.br\/blog\/atmosfera-peninsula-avenida-das-acacias-da-peninsula-rj\/","og_site_name":"Not\u00edcias RJ","article_publisher":"https:\/\/facebook.com\/invexo","article_author":"https:\/\/facebook.com\/invexo","article_published_time":"2021-01-13T11:53:00+00:00","article_modified_time":"2023-03-24T16:10:59+00:00","og_image":[{"width":1280,"height":720,"url":"https:\/\/invexo.com.br\/blog\/wp-content\/uploads\/2021\/01\/atmosfera-pen\u00ednsula.jpg","type":"image\/jpeg"}],"author":"Ronnie Possatti","twitter_card":"summary_large_image","twitter_creator":"@https:\/\/twitter.com\/invexoimoveis","twitter_site":"@invexoimoveis","twitter_misc":{"Escrito por":"Ronnie Possatti","Est. tempo de leitura":"3 minutos"},"schema":{"@context":"https:\/\/schema.org","@graph":[{"@type":"Article","@id":"https:\/\/invexo.com.br\/blog\/atmosfera-peninsula-avenida-das-acacias-da-peninsula-rj\/#article","isPartOf":{"@id":"https:\/\/invexo.com.br\/blog\/atmosfera-peninsula-avenida-das-acacias-da-peninsula-rj\/"},"author":{"name":"Ronnie Possatti","@id":"https:\/\/invexo.com.br\/blog\/#\/schema\/person\/36bee32f1cfacde03dc4c9622a58778d"},"headline":"Descubra tudo sobre Atmosfera Pen\u00ednsula na Rua das Ac\u00e1cias da Pen\u00ednsula","datePublished":"2021-01-13T11:53:00+00:00","dateModified":"2023-03-24T16:10:59+00:00","mainEntityOfPage":{"@id":"https:\/\/invexo.com.br\/blog\/atmosfera-peninsula-avenida-das-acacias-da-peninsula-rj\/"},"wordCount":558,"publisher":{"@id":"https:\/\/invexo.com.br\/blog\/#organization"},"image":{"@id":"https:\/\/invexo.com.br\/blog\/atmosfera-peninsula-avenida-das-acacias-da-peninsula-rj\/#primaryimage"},"thumbnailUrl":"https:\/\/invexo.com.br\/blog\/wp-content\/uploads\/2021\/01\/atmosfera-pen\u00ednsula.jpg","keywords":["Barra da Tijuca"],"articleSection":["Bairros","Informa\u00e7\u00f5es","Mercado imobili\u00e1rio"],"inLanguage":"pt-BR"},{"@type":"WebPage","@id":"https:\/\/invexo.com.br\/blog\/atmosfera-peninsula-avenida-das-acacias-da-peninsula-rj\/","url":"https:\/\/invexo.com.br\/blog\/atmosfera-peninsula-avenida-das-acacias-da-peninsula-rj\/","name":"Benef\u00edcios de morar no Atmosfera Pen\u00ednsula na Avenida das Ac\u00e1cias","isPartOf":{"@id":"https:\/\/invexo.com.br\/blog\/#website"},"primaryImageOfPage":{"@id":"https:\/\/invexo.com.br\/blog\/atmosfera-peninsula-avenida-das-acacias-da-peninsula-rj\/#primaryimage"},"image":{"@id":"https:\/\/invexo.com.br\/blog\/atmosfera-peninsula-avenida-das-acacias-da-peninsula-rj\/#primaryimage"},"thumbnailUrl":"https:\/\/invexo.com.br\/blog\/wp-content\/uploads\/2021\/01\/atmosfera-pen\u00ednsula.jpg","datePublished":"2021-01-13T11:53:00+00:00","dateModified":"2023-03-24T16:10:59+00:00","description":"Conhe\u00e7a detalhes sobre os sofisticados apartamentos e coberturas do residencial Atmosfera Pen\u00ednsula, localizado na melhor \u00e1rea da Barra da Tijuca.","breadcrumb":{"@id":"https:\/\/invexo.com.br\/blog\/atmosfera-peninsula-avenida-das-acacias-da-peninsula-rj\/#breadcrumb"},"inLanguage":"pt-BR","potentialAction":[{"@type":"ReadAction","target":["https:\/\/invexo.com.br\/blog\/atmosfera-peninsula-avenida-das-acacias-da-peninsula-rj\/"]}]},{"@type":"ImageObject","inLanguage":"pt-BR","@id":"https:\/\/invexo.com.br\/blog\/atmosfera-peninsula-avenida-das-acacias-da-peninsula-rj\/#primaryimage","url":"https:\/\/invexo.com.br\/blog\/wp-content\/uploads\/2021\/01\/atmosfera-pen\u00ednsula.jpg","contentUrl":"https:\/\/invexo.com.br\/blog\/wp-content\/uploads\/2021\/01\/atmosfera-pen\u00ednsula.jpg","width":1280,"height":720,"caption":"Atmosfera Pen\u00ednsula"},{"@type":"BreadcrumbList","@id":"https:\/\/invexo.com.br\/blog\/atmosfera-peninsula-avenida-das-acacias-da-peninsula-rj\/#breadcrumb","itemListElement":[{"@type":"ListItem","position":1,"name":"Blog","item":"https:\/\/invexo.com.br\/blog\/"},{"@type":"ListItem","position":2,"name":"Bairros","item":"https:\/\/invexo.com.br\/blog\/categoria\/bairros\/"},{"@type":"ListItem","position":3,"name":"Descubra tudo sobre Atmosfera Pen\u00ednsula na Rua das Ac\u00e1cias da Pen\u00ednsula"}]},{"@type":"WebSite","@id":"https:\/\/invexo.com.br\/blog\/#website","url":"https:\/\/invexo.com.br\/blog\/","name":"Not\u00edcias RJ","description":"Not\u00edcias sobre im\u00f3veis, financiamento, mercado imobili\u00e1rio do Rio de Janeiro. Informa\u00e7\u00f5es sobre Bairros, Condom\u00ednios e Regi\u00e3o do Rio de Janeiro.","publisher":{"@id":"https:\/\/invexo.com.br\/blog\/#organization"},"potentialAction":[{"@type":"SearchAction","target":{"@type":"EntryPoint","urlTemplate":"https:\/\/invexo.com.br\/blog\/?s={search_term_string}"},"query-input":{"@type":"PropertyValueSpecification","valueRequired":true,"valueName":"search_term_string"}}],"inLanguage":"pt-BR"},{"@type":"Organization","@id":"https:\/\/invexo.com.br\/blog\/#organization","name":"INVEXO Imobili\u00e1ria","url":"https:\/\/invexo.com.br\/blog\/","logo":{"@type":"ImageObject","inLanguage":"pt-BR","@id":"https:\/\/invexo.com.br\/blog\/#\/schema\/logo\/image\/","url":"https:\/\/invexo.com.br\/blog\/wp-content\/uploads\/2018\/09\/invexo-80-melhor.png","contentUrl":"https:\/\/invexo.com.br\/blog\/wp-content\/uploads\/2018\/09\/invexo-80-melhor.png","width":247,"height":80,"caption":"INVEXO Imobili\u00e1ria"},"image":{"@id":"https:\/\/invexo.com.br\/blog\/#\/schema\/logo\/image\/"},"sameAs":["https:\/\/facebook.com\/invexo","https:\/\/x.com\/invexoimoveis"]},{"@type":"Person","@id":"https:\/\/invexo.com.br\/blog\/#\/schema\/person\/36bee32f1cfacde03dc4c9622a58778d","name":"Ronnie Possatti","image":{"@type":"ImageObject","inLanguage":"pt-BR","@id":"https:\/\/invexo.com.br\/blog\/#\/schema\/person\/image\/","url":"https:\/\/secure.gravatar.com\/avatar\/51a6cdcc215551235c39affb853f1e38?s=96&d=blank&r=g","contentUrl":"https:\/\/secure.gravatar.com\/avatar\/51a6cdcc215551235c39affb853f1e38?s=96&d=blank&r=g","caption":"Ronnie Possatti"},"description":"Equipe de especialistas que traz para seus leitores conte\u00fados relevantes e de qualidade sobre bairros, condom\u00ednios, lan\u00e7amentos e not\u00edcias imobili\u00e1rias no Rio de Janeiro.","sameAs":["https:\/\/facebook.com\/invexo","https:\/\/instagram.com\/invexo","https:\/\/x.com\/https:\/\/twitter.com\/invexoimoveis"],"url":"https:\/\/invexo.com.br\/blog\/author\/invexo\/"}]}},"taxonomy_info":{"category":[{"value":10,"label":"Bairros"},{"value":15,"label":"Informa\u00e7\u00f5es"},{"value":230,"label":"Mercado imobili\u00e1rio"}],"post_tag":[{"value":639,"label":"Barra da Tijuca"}]},"featured_image_src_large":["https:\/\/invexo.com.br\/blog\/wp-content\/uploads\/2021\/01\/atmosfera-pen\u00ednsula-1024x576.jpg",1024,576,true],"author_info":{"display_name":"Ronnie Possatti","author_link":"https:\/\/invexo.com.br\/blog\/author\/invexo\/"},"comment_info":0,"category_info":[{"term_id":10,"name":"Bairros","slug":"bairros","term_group":0,"term_taxonomy_id":10,"taxonomy":"category","description":"Not\u00edcias sobre estabelecimentos nos melhores bairros para se morar no Rio de Janeiro.","parent":0,"count":1354,"filter":"raw","cat_ID":10,"category_count":1354,"category_description":"Not\u00edcias sobre estabelecimentos nos melhores bairros para se morar no Rio de Janeiro.","cat_name":"Bairros","category_nicename":"bairros","category_parent":0},{"term_id":15,"name":"Informa\u00e7\u00f5es","slug":"informacoes","term_group":0,"term_taxonomy_id":15,"taxonomy":"category","description":"Informa\u00e7\u00f5es, experi\u00eancia nos melhores estabelecimentos em bairros nobres para se viver no Rio de Janeiro. Tudo sobre cultura, entretenimento e lazer.","parent":0,"count":1297,"filter":"raw","cat_ID":15,"category_count":1297,"category_description":"Informa\u00e7\u00f5es, experi\u00eancia nos melhores estabelecimentos em bairros nobres para se viver no Rio de Janeiro. Tudo sobre cultura, entretenimento e lazer.","cat_name":"Informa\u00e7\u00f5es","category_nicename":"informacoes","category_parent":0},{"term_id":230,"name":"Mercado imobili\u00e1rio","slug":"mercado-imobiliario","term_group":0,"term_taxonomy_id":230,"taxonomy":"category","description":"Not\u00edcias sobre o mercado imobili\u00e1rio carioca, informa\u00e7\u00f5es sobre lan\u00e7amentos, construtoras, incorporadoras e futuros lan\u00e7amentos na cidade do Rio de Janeiro.","parent":0,"count":266,"filter":"raw","cat_ID":230,"category_count":266,"category_description":"Not\u00edcias sobre o mercado imobili\u00e1rio carioca, informa\u00e7\u00f5es sobre lan\u00e7amentos, construtoras, incorporadoras e futuros lan\u00e7amentos na cidade do Rio de Janeiro.","cat_name":"Mercado imobili\u00e1rio","category_nicename":"mercado-imobiliario","category_parent":0}],"tag_info":[{"term_id":639,"name":"Barra da Tijuca","slug":"barra-da-tijuca","term_group":0,"term_taxonomy_id":639,"taxonomy":"post_tag","description":"","parent":0,"count":160,"filter":"raw"}],"_links":{"self":[{"href":"https:\/\/invexo.com.br\/blog\/wp-json\/wp\/v2\/posts\/9558"}],"collection":[{"href":"https:\/\/invexo.com.br\/blog\/wp-json\/wp\/v2\/posts"}],"about":[{"href":"https:\/\/invexo.com.br\/blog\/wp-json\/wp\/v2\/types\/post"}],"author":[{"embeddable":true,"href":"https:\/\/invexo.com.br\/blog\/wp-json\/wp\/v2\/users\/2"}],"replies":[{"embeddable":true,"href":"https:\/\/invexo.com.br\/blog\/wp-json\/wp\/v2\/comments?post=9558"}],"version-history":[{"count":2,"href":"https:\/\/invexo.com.br\/blog\/wp-json\/wp\/v2\/posts\/9558\/revisions"}],"predecessor-version":[{"id":37028,"href":"https:\/\/invexo.com.br\/blog\/wp-json\/wp\/v2\/posts\/9558\/revisions\/37028"}],"wp:featuredmedia":[{"embeddable":true,"href":"https:\/\/invexo.com.br\/blog\/wp-json\/wp\/v2\/media\/9958"}],"wp:attachment":[{"href":"https:\/\/invexo.com.br\/blog\/wp-json\/wp\/v2\/media?parent=9558"}],"wp:term":[{"taxonomy":"category","embeddable":true,"href":"https:\/\/invexo.com.br\/blog\/wp-json\/wp\/v2\/categories?post=9558"},{"taxonomy":"post_tag","embeddable":true,"href":"https:\/\/invexo.com.br\/blog\/wp-json\/wp\/v2\/tags?post=9558"}],"curies":[{"name":"wp","href":"https:\/\/api.w.org\/{rel}","templated":true}]}}