{"id":7066,"date":"2020-11-01T09:11:00","date_gmt":"2020-11-01T11:11:00","guid":{"rendered":"https:\/\/invexo.com.br\/blog\/?p=7066"},"modified":"2023-03-24T14:17:48","modified_gmt":"2023-03-24T17:17:48","slug":"aquarela-peninsula","status":"publish","type":"post","link":"https:\/\/invexo.com.br\/blog\/aquarela-peninsula\/","title":{"rendered":"Pen\u00ednsula Aquarela"},"content":{"rendered":"\n<p>Localizado na Rua dos Jacarand\u00e1s, 880, o <strong>Pen\u00ednsula Aquarela<\/strong> fica no bairro da Barra da Tijuca e tem em seu projeto diversos tipos de apartamentos com acabamentos de qualidade, \u00f3tima estrutura de lazer, al\u00e9m de exclusividade e uma linda vista da varanda.&nbsp;<\/p>\n\n\n\n<p>Com apartamentos a partir de 124 m\u00b2, a localiza\u00e7\u00e3o \u00e9 privilegiada e conta com acesso f\u00e1cil a outros lugares do Rio de Janeiro. O transporte p\u00fablico conta com a linha de metr\u00f4 Jardim Oce\u00e2nico, linhas de \u00f4nibus regulares e o BRT, al\u00e9m de pontos de t\u00e1xis e motoristas de aplicativos.&nbsp;<\/p>\n\n\n\n<!--more-->\n\n\n\n<div class=\"wp-block-group\"><div class=\"wp-block-group__inner-container is-layout-flow wp-block-group-is-layout-flow\">\n<p>Cadastre-se e garanta j\u00e1 o seu im\u00f3vel no lan\u00e7amento mais aguardado na Barra da Tijuca: <a href=\"https:\/\/lancamento.invexo.com.br\/rj\/green-park-barra\/\">Green Park Barra no antigo Extra Barra Opportunity<\/a><\/p>\n\n\n<div class=\"wp-block-image\">\n<figure class=\"aligncenter size-full is-resized\"><a href=\"https:\/\/lancamento.invexo.com.br\/rj\/green-park-barra\/\" target=\"_blank\" rel=\"noopener noreferrer\"><img decoding=\"async\" width=\"1900\" height=\"1266\" src=\"https:\/\/invexo.com.br\/blog\/wp-content\/uploads\/2024\/09\/barra-da-tijuca-vista-aerea-praia.jpg\" alt=\"\" class=\"wp-image-43904\" style=\"width:400px\" srcset=\"https:\/\/invexo.com.br\/blog\/wp-content\/uploads\/2024\/09\/barra-da-tijuca-vista-aerea-praia.jpg 1900w, https:\/\/invexo.com.br\/blog\/wp-content\/uploads\/2024\/09\/barra-da-tijuca-vista-aerea-praia-300x200.jpg 300w, https:\/\/invexo.com.br\/blog\/wp-content\/uploads\/2024\/09\/barra-da-tijuca-vista-aerea-praia-1024x682.jpg 1024w, https:\/\/invexo.com.br\/blog\/wp-content\/uploads\/2024\/09\/barra-da-tijuca-vista-aerea-praia-768x512.jpg 768w, https:\/\/invexo.com.br\/blog\/wp-content\/uploads\/2024\/09\/barra-da-tijuca-vista-aerea-praia-1536x1023.jpg 1536w, https:\/\/invexo.com.br\/blog\/wp-content\/uploads\/2024\/09\/barra-da-tijuca-vista-aerea-praia-150x100.jpg 150w\" sizes=\"(max-width: 1900px) 100vw, 1900px\" \/><\/a><figcaption class=\"wp-element-caption\">Conhe\u00e7a o lan\u00e7amento <a href=\"https:\/\/lancamento.invexo.com.br\/rj\/green-park-barra\/\">Green Park Barra<\/a><\/figcaption><\/figure><\/div><\/div><\/div>\n\n\n\n<h2 class=\"wp-block-heading\">O que fazer no Pen\u00ednsula Aquarela<\/h2>\n\n\n\n<p>Os moradores do Pen\u00ednsula Aquarela t\u00eam uma \u00f3tima e completa \u00e1rea de lazer com piscina para crian\u00e7as e adultos com borda infinita, bar na \u00e1rea da piscina, duchas, brinquedoteca, sal\u00e3o de festas gourmet e sal\u00e3o de jogos. Tudo com o m\u00e1ximo de conforto!&nbsp;<\/p>\n\n\n\n<p>O condom\u00ednio ainda possui espa\u00e7o para pilates, sauna, tenda de massagem, solarium, SPA com jatos de hidro, espa\u00e7o fitness e ofur\u00f4. As \u00e1reas comuns s\u00e3o um diferencial para quem procura tranquilidade e qualidade de vida.<\/p>\n\n\n\n<h2 class=\"wp-block-heading\">Vale a pena morar no Pen\u00ednsula Aquarela<\/h2>\n\n\n\n<p>O Pen\u00ednsula Aquarela fica na semi-ilha e sub-bairro da Barra, que conta com campo de golfe com 18 buracos, quadras de t\u00eanis, quadras poliesportivas, quadra de bocha, parques e pra\u00e7as, al\u00e9m de uma trilha ecol\u00f3gica com mata nativa. O ambiente ideal para pessoas mais exigentes.&nbsp;<\/p>\n\n\n\n<p>A regi\u00e3o conta tamb\u00e9m com diversas op\u00e7\u00f5es de lazer como os shoppings Pen\u00ednsula Open Mall e o Barra Shopping, cinemas, pista de skate, ciclovia e um campo de futebol.&nbsp;<\/p>\n\n\n\n<p>As praias mais frequentadas pelos moradores s\u00e3o a Praia da Barra, Praia da Reserva, Praia da Joatinga e a Praia do Pep\u00ea. A Barra tamb\u00e9m possui \u00f3timos bares e restaurantes, como o Adega Santiago, Laguna Frutos do Mar e o Hollandaise Restaurante.<\/p>\n\n\n\n<h2 class=\"wp-block-heading\">Im\u00f3veis \u00e0 venda no Pen\u00ednsula Aquarela<\/h2>\n\n\n\n<p>Com im\u00f3veis vers\u00e1teis e de 124 m\u00b2 a 190 m\u00b2, os apartamentos do Pen\u00ednsula Aquarela foram projetados para oferecer aos moradores luxo e conforto. Eles t\u00eam tr\u00eas dormit\u00f3rios, sendo duas su\u00edtes, 3 vagas na garagem e plantas modernas e otimizadas, oferecendo maior funcionalidade e conforto.&nbsp;<\/p>\n\n\n\n<p>As unidades contam com banheiros revestidos de granito, \u00e1rea de servi\u00e7o, cozinha, varandas e uma sala ampla. Algumas unidades possuem vista para a Lagoa e outras para o natureza da Zona Oeste do Rio de Janeiro. A entrada conta com um belo espelho d\u2019\u00e1gua, deixando o residencial ainda mais sofisticado.&nbsp;<\/p>\n\n\n\n<p>A seguran\u00e7a fica por conta de uma equipe preparada que realiza monitoramento por c\u00e2meras e faz rondas permanentes. H\u00e1 sensores perimetrais e controle de acesso na portaria principal. O monitoramento \u00e9 feito 24 horas e todas as medidas s\u00e3o tomadas para prevenir qualquer tipo de problema.&nbsp;<\/p>\n\n\n\n<p>Confira informa\u00e7\u00f5es detalhadas do Condom\u00ednio! Nossa equipe de especialistas em im\u00f3veis no <a href=\"https:\/\/invexo.com.br\/condominio\/aquarela-peninsula\/\" target=\"_blank\" rel=\"noreferrer noopener\"><strong>Pen\u00ednsula Aquarela<\/strong><\/a> criou um artigo com tudo o que o condom\u00ednio tem a oferecer para voc\u00ea e sua fam\u00edlia.&nbsp;<\/p>\n\n\n\n<div class=\"wp-block-group\"><div class=\"wp-block-group__inner-container is-layout-flow wp-block-group-is-layout-flow\">\n<p>Se voc\u00ea procura por lan\u00e7amentos na Barra da Tijuca, conhe\u00e7a o <a href=\"https:\/\/lancamento.invexo.com.br\/rj\/green-park-barra\/\">Green Park Barra<\/a> no antigo supermercado Extra da Barra da Tijuca e o <a href=\"https:\/\/invexo.com.br\/lancamento\/icon-golf-residence\/\" target=\"_blank\" rel=\"noreferrer noopener\">Icon Golf Residence<\/a> na Avenida das Am\u00e9ricas.<\/p>\n\n\n\n<p>Pr\u00f3ximos de todo o farto com\u00e9rcio e com acabamentos de alto padr\u00e3o, os <a href=\"https:\/\/luxury.invexo.com.br\/bairro\/barra-da-tijuca\/?utm_source=blog&amp;utm_medium=blocofim\" target=\"_blank\" rel=\"noreferrer noopener\">im\u00f3veis de luxo na Barra da Tijuca<\/a> s\u00e3o uns dos mais desejados do Rio de Janeiro. Confira nosso cat\u00e1logo de im\u00f3veis de luxo \u00e0 venda na Barra da Tijuca!<\/p>\n\n\n\n<figure class=\"wp-block-image size-full\"><a href=\"https:\/\/luxury.invexo.com.br\/bairro\/barra-da-tijuca\/?utm_source=blog&amp;utm_medium=blocofim\" target=\"_blank\" rel=\"noreferrer noopener\"><img decoding=\"async\" width=\"1300\" height=\"280\" src=\"https:\/\/invexo.com.br\/blog\/wp-content\/uploads\/2022\/09\/bloco-reutilizavel-barra-da-tijuca.jpg\" alt=\"im\u00f3veis de luxo na barra da tijuca rj\" class=\"wp-image-29909\" srcset=\"https:\/\/invexo.com.br\/blog\/wp-content\/uploads\/2022\/09\/bloco-reutilizavel-barra-da-tijuca.jpg 1300w, https:\/\/invexo.com.br\/blog\/wp-content\/uploads\/2022\/09\/bloco-reutilizavel-barra-da-tijuca-300x65.jpg 300w, https:\/\/invexo.com.br\/blog\/wp-content\/uploads\/2022\/09\/bloco-reutilizavel-barra-da-tijuca-1024x221.jpg 1024w, https:\/\/invexo.com.br\/blog\/wp-content\/uploads\/2022\/09\/bloco-reutilizavel-barra-da-tijuca-768x165.jpg 768w\" sizes=\"(max-width: 1300px) 100vw, 1300px\" \/><\/a><\/figure>\n<\/div><\/div>\n","protected":false},"excerpt":{"rendered":"<p>Localizado na Rua dos Jacarand\u00e1s, 880, o Pen\u00ednsula Aquarela fica no bairro da Barra da Tijuca e tem em seu projeto diversos tipos de apartamentos com acabamentos de qualidade, \u00f3tima estrutura de lazer, al\u00e9m de exclusividade e uma linda vista da varanda.&nbsp; Com apartamentos a partir de 124 m\u00b2, a localiza\u00e7\u00e3o \u00e9 privilegiada e conta&#8230;<\/p>\n","protected":false},"author":2,"featured_media":7098,"comment_status":"closed","ping_status":"closed","sticky":false,"template":"","format":"standard","meta":{"_acf_changed":false,"_kad_blocks_custom_css":"","_kad_blocks_head_custom_js":"","_kad_blocks_body_custom_js":"","_kad_blocks_footer_custom_js":"","_kadence_starter_templates_imported_post":false,"_kad_post_transparent":"","_kad_post_title":"","_kad_post_layout":"","_kad_post_sidebar_id":"","_kad_post_content_style":"","_kad_post_vertical_padding":"","_kad_post_feature":"","_kad_post_feature_position":"","_kad_post_header":false,"_kad_post_footer":false,"footnotes":""},"categories":[10,641,15],"tags":[639],"acf":[],"yoast_head":"<!-- This site is optimized with the Yoast SEO plugin v24.1 - https:\/\/yoast.com\/wordpress\/plugins\/seo\/ -->\n<title>Pen\u00ednsula Aquarela: Apartamentos Exclusivivos na Barra da Tijuca<\/title>\n<meta name=\"description\" content=\"Pen\u00ednsula Aquarela: com apartamentos a partir de 124 m\u00b2 e a localiza\u00e7\u00e3o \u00e9 privilegiada, descubra mais sobre esse empreendimento na Barra da Tijuca.\" \/>\n<meta name=\"robots\" content=\"index, follow, max-snippet:-1, max-image-preview:large, max-video-preview:-1\" \/>\n<link rel=\"canonical\" href=\"https:\/\/invexo.com.br\/blog\/aquarela-peninsula\/\" \/>\n<meta property=\"og:locale\" content=\"pt_BR\" \/>\n<meta property=\"og:type\" content=\"article\" \/>\n<meta property=\"og:title\" content=\"Pen\u00ednsula Aquarela: Apartamentos Exclusivivos na Barra da Tijuca\" \/>\n<meta property=\"og:description\" content=\"Pen\u00ednsula Aquarela: com apartamentos a partir de 124 m\u00b2 e a localiza\u00e7\u00e3o \u00e9 privilegiada, descubra mais sobre esse empreendimento na Barra da Tijuca.\" \/>\n<meta property=\"og:url\" content=\"https:\/\/invexo.com.br\/blog\/aquarela-peninsula\/\" \/>\n<meta property=\"og:site_name\" content=\"Not\u00edcias RJ\" \/>\n<meta property=\"article:publisher\" content=\"https:\/\/facebook.com\/invexo\" \/>\n<meta property=\"article:author\" content=\"https:\/\/facebook.com\/invexo\" \/>\n<meta property=\"article:published_time\" content=\"2020-11-01T11:11:00+00:00\" \/>\n<meta property=\"article:modified_time\" content=\"2023-03-24T17:17:48+00:00\" \/>\n<meta property=\"og:image\" content=\"https:\/\/invexo.com.br\/blog\/wp-content\/uploads\/2020\/11\/Peninsula-Aquarela.jpg\" \/>\n\t<meta property=\"og:image:width\" content=\"1200\" \/>\n\t<meta property=\"og:image:height\" content=\"675\" \/>\n\t<meta property=\"og:image:type\" content=\"image\/jpeg\" \/>\n<meta name=\"author\" content=\"Ronnie Possatti\" \/>\n<meta name=\"twitter:card\" content=\"summary_large_image\" \/>\n<meta name=\"twitter:creator\" content=\"@https:\/\/twitter.com\/invexoimoveis\" \/>\n<meta name=\"twitter:site\" content=\"@invexoimoveis\" \/>\n<meta name=\"twitter:label1\" content=\"Escrito por\" \/>\n\t<meta name=\"twitter:data1\" content=\"Ronnie Possatti\" \/>\n\t<meta name=\"twitter:label2\" content=\"Est. tempo de leitura\" \/>\n\t<meta name=\"twitter:data2\" content=\"3 minutos\" \/>\n<script type=\"application\/ld+json\" class=\"yoast-schema-graph\">{\"@context\":\"https:\/\/schema.org\",\"@graph\":[{\"@type\":\"Article\",\"@id\":\"https:\/\/invexo.com.br\/blog\/aquarela-peninsula\/#article\",\"isPartOf\":{\"@id\":\"https:\/\/invexo.com.br\/blog\/aquarela-peninsula\/\"},\"author\":{\"name\":\"Ronnie Possatti\",\"@id\":\"https:\/\/invexo.com.br\/blog\/#\/schema\/person\/36bee32f1cfacde03dc4c9622a58778d\"},\"headline\":\"Pen\u00ednsula Aquarela\",\"datePublished\":\"2020-11-01T11:11:00+00:00\",\"dateModified\":\"2023-03-24T17:17:48+00:00\",\"mainEntityOfPage\":{\"@id\":\"https:\/\/invexo.com.br\/blog\/aquarela-peninsula\/\"},\"wordCount\":531,\"publisher\":{\"@id\":\"https:\/\/invexo.com.br\/blog\/#organization\"},\"image\":{\"@id\":\"https:\/\/invexo.com.br\/blog\/aquarela-peninsula\/#primaryimage\"},\"thumbnailUrl\":\"https:\/\/invexo.com.br\/blog\/wp-content\/uploads\/2020\/11\/Peninsula-Aquarela.jpg\",\"keywords\":[\"Barra da Tijuca\"],\"articleSection\":[\"Bairros\",\"Condom\u00ednios\",\"Informa\u00e7\u00f5es\"],\"inLanguage\":\"pt-BR\"},{\"@type\":\"WebPage\",\"@id\":\"https:\/\/invexo.com.br\/blog\/aquarela-peninsula\/\",\"url\":\"https:\/\/invexo.com.br\/blog\/aquarela-peninsula\/\",\"name\":\"Pen\u00ednsula Aquarela: Apartamentos Exclusivivos na Barra da Tijuca\",\"isPartOf\":{\"@id\":\"https:\/\/invexo.com.br\/blog\/#website\"},\"primaryImageOfPage\":{\"@id\":\"https:\/\/invexo.com.br\/blog\/aquarela-peninsula\/#primaryimage\"},\"image\":{\"@id\":\"https:\/\/invexo.com.br\/blog\/aquarela-peninsula\/#primaryimage\"},\"thumbnailUrl\":\"https:\/\/invexo.com.br\/blog\/wp-content\/uploads\/2020\/11\/Peninsula-Aquarela.jpg\",\"datePublished\":\"2020-11-01T11:11:00+00:00\",\"dateModified\":\"2023-03-24T17:17:48+00:00\",\"description\":\"Pen\u00ednsula Aquarela: com apartamentos a partir de 124 m\u00b2 e a localiza\u00e7\u00e3o \u00e9 privilegiada, descubra mais sobre esse empreendimento na Barra da Tijuca.\",\"breadcrumb\":{\"@id\":\"https:\/\/invexo.com.br\/blog\/aquarela-peninsula\/#breadcrumb\"},\"inLanguage\":\"pt-BR\",\"potentialAction\":[{\"@type\":\"ReadAction\",\"target\":[\"https:\/\/invexo.com.br\/blog\/aquarela-peninsula\/\"]}]},{\"@type\":\"ImageObject\",\"inLanguage\":\"pt-BR\",\"@id\":\"https:\/\/invexo.com.br\/blog\/aquarela-peninsula\/#primaryimage\",\"url\":\"https:\/\/invexo.com.br\/blog\/wp-content\/uploads\/2020\/11\/Peninsula-Aquarela.jpg\",\"contentUrl\":\"https:\/\/invexo.com.br\/blog\/wp-content\/uploads\/2020\/11\/Peninsula-Aquarela.jpg\",\"width\":1200,\"height\":675,\"caption\":\"Pen\u00ednsula Aquarela\"},{\"@type\":\"BreadcrumbList\",\"@id\":\"https:\/\/invexo.com.br\/blog\/aquarela-peninsula\/#breadcrumb\",\"itemListElement\":[{\"@type\":\"ListItem\",\"position\":1,\"name\":\"Blog\",\"item\":\"https:\/\/invexo.com.br\/blog\/\"},{\"@type\":\"ListItem\",\"position\":2,\"name\":\"Condom\u00ednios\",\"item\":\"https:\/\/invexo.com.br\/blog\/categoria\/condominio\/\"},{\"@type\":\"ListItem\",\"position\":3,\"name\":\"Pen\u00ednsula Aquarela\"}]},{\"@type\":\"WebSite\",\"@id\":\"https:\/\/invexo.com.br\/blog\/#website\",\"url\":\"https:\/\/invexo.com.br\/blog\/\",\"name\":\"Not\u00edcias RJ\",\"description\":\"Not\u00edcias sobre im\u00f3veis, financiamento, mercado imobili\u00e1rio do Rio de Janeiro. Informa\u00e7\u00f5es sobre Bairros, Condom\u00ednios e Regi\u00e3o do Rio de Janeiro.\",\"publisher\":{\"@id\":\"https:\/\/invexo.com.br\/blog\/#organization\"},\"potentialAction\":[{\"@type\":\"SearchAction\",\"target\":{\"@type\":\"EntryPoint\",\"urlTemplate\":\"https:\/\/invexo.com.br\/blog\/?s={search_term_string}\"},\"query-input\":{\"@type\":\"PropertyValueSpecification\",\"valueRequired\":true,\"valueName\":\"search_term_string\"}}],\"inLanguage\":\"pt-BR\"},{\"@type\":\"Organization\",\"@id\":\"https:\/\/invexo.com.br\/blog\/#organization\",\"name\":\"INVEXO Imobili\u00e1ria\",\"url\":\"https:\/\/invexo.com.br\/blog\/\",\"logo\":{\"@type\":\"ImageObject\",\"inLanguage\":\"pt-BR\",\"@id\":\"https:\/\/invexo.com.br\/blog\/#\/schema\/logo\/image\/\",\"url\":\"https:\/\/invexo.com.br\/blog\/wp-content\/uploads\/2018\/09\/invexo-80-melhor.png\",\"contentUrl\":\"https:\/\/invexo.com.br\/blog\/wp-content\/uploads\/2018\/09\/invexo-80-melhor.png\",\"width\":247,\"height\":80,\"caption\":\"INVEXO Imobili\u00e1ria\"},\"image\":{\"@id\":\"https:\/\/invexo.com.br\/blog\/#\/schema\/logo\/image\/\"},\"sameAs\":[\"https:\/\/facebook.com\/invexo\",\"https:\/\/x.com\/invexoimoveis\"]},{\"@type\":\"Person\",\"@id\":\"https:\/\/invexo.com.br\/blog\/#\/schema\/person\/36bee32f1cfacde03dc4c9622a58778d\",\"name\":\"Ronnie Possatti\",\"image\":{\"@type\":\"ImageObject\",\"inLanguage\":\"pt-BR\",\"@id\":\"https:\/\/invexo.com.br\/blog\/#\/schema\/person\/image\/\",\"url\":\"https:\/\/secure.gravatar.com\/avatar\/51a6cdcc215551235c39affb853f1e38?s=96&d=blank&r=g\",\"contentUrl\":\"https:\/\/secure.gravatar.com\/avatar\/51a6cdcc215551235c39affb853f1e38?s=96&d=blank&r=g\",\"caption\":\"Ronnie Possatti\"},\"description\":\"Equipe de especialistas que traz para seus leitores conte\u00fados relevantes e de qualidade sobre bairros, condom\u00ednios, lan\u00e7amentos e not\u00edcias imobili\u00e1rias no Rio de Janeiro.\",\"sameAs\":[\"https:\/\/facebook.com\/invexo\",\"https:\/\/instagram.com\/invexo\",\"https:\/\/x.com\/https:\/\/twitter.com\/invexoimoveis\"],\"url\":\"https:\/\/invexo.com.br\/blog\/author\/invexo\/\"}]}<\/script>\n<!-- \/ Yoast SEO plugin. -->","yoast_head_json":{"title":"Pen\u00ednsula Aquarela: Apartamentos Exclusivivos na Barra da Tijuca","description":"Pen\u00ednsula Aquarela: com apartamentos a partir de 124 m\u00b2 e a localiza\u00e7\u00e3o \u00e9 privilegiada, descubra mais sobre esse empreendimento na Barra da Tijuca.","robots":{"index":"index","follow":"follow","max-snippet":"max-snippet:-1","max-image-preview":"max-image-preview:large","max-video-preview":"max-video-preview:-1"},"canonical":"https:\/\/invexo.com.br\/blog\/aquarela-peninsula\/","og_locale":"pt_BR","og_type":"article","og_title":"Pen\u00ednsula Aquarela: Apartamentos Exclusivivos na Barra da Tijuca","og_description":"Pen\u00ednsula Aquarela: com apartamentos a partir de 124 m\u00b2 e a localiza\u00e7\u00e3o \u00e9 privilegiada, descubra mais sobre esse empreendimento na Barra da Tijuca.","og_url":"https:\/\/invexo.com.br\/blog\/aquarela-peninsula\/","og_site_name":"Not\u00edcias RJ","article_publisher":"https:\/\/facebook.com\/invexo","article_author":"https:\/\/facebook.com\/invexo","article_published_time":"2020-11-01T11:11:00+00:00","article_modified_time":"2023-03-24T17:17:48+00:00","og_image":[{"width":1200,"height":675,"url":"https:\/\/invexo.com.br\/blog\/wp-content\/uploads\/2020\/11\/Peninsula-Aquarela.jpg","type":"image\/jpeg"}],"author":"Ronnie Possatti","twitter_card":"summary_large_image","twitter_creator":"@https:\/\/twitter.com\/invexoimoveis","twitter_site":"@invexoimoveis","twitter_misc":{"Escrito por":"Ronnie Possatti","Est. tempo de leitura":"3 minutos"},"schema":{"@context":"https:\/\/schema.org","@graph":[{"@type":"Article","@id":"https:\/\/invexo.com.br\/blog\/aquarela-peninsula\/#article","isPartOf":{"@id":"https:\/\/invexo.com.br\/blog\/aquarela-peninsula\/"},"author":{"name":"Ronnie Possatti","@id":"https:\/\/invexo.com.br\/blog\/#\/schema\/person\/36bee32f1cfacde03dc4c9622a58778d"},"headline":"Pen\u00ednsula Aquarela","datePublished":"2020-11-01T11:11:00+00:00","dateModified":"2023-03-24T17:17:48+00:00","mainEntityOfPage":{"@id":"https:\/\/invexo.com.br\/blog\/aquarela-peninsula\/"},"wordCount":531,"publisher":{"@id":"https:\/\/invexo.com.br\/blog\/#organization"},"image":{"@id":"https:\/\/invexo.com.br\/blog\/aquarela-peninsula\/#primaryimage"},"thumbnailUrl":"https:\/\/invexo.com.br\/blog\/wp-content\/uploads\/2020\/11\/Peninsula-Aquarela.jpg","keywords":["Barra da Tijuca"],"articleSection":["Bairros","Condom\u00ednios","Informa\u00e7\u00f5es"],"inLanguage":"pt-BR"},{"@type":"WebPage","@id":"https:\/\/invexo.com.br\/blog\/aquarela-peninsula\/","url":"https:\/\/invexo.com.br\/blog\/aquarela-peninsula\/","name":"Pen\u00ednsula Aquarela: Apartamentos Exclusivivos na Barra da Tijuca","isPartOf":{"@id":"https:\/\/invexo.com.br\/blog\/#website"},"primaryImageOfPage":{"@id":"https:\/\/invexo.com.br\/blog\/aquarela-peninsula\/#primaryimage"},"image":{"@id":"https:\/\/invexo.com.br\/blog\/aquarela-peninsula\/#primaryimage"},"thumbnailUrl":"https:\/\/invexo.com.br\/blog\/wp-content\/uploads\/2020\/11\/Peninsula-Aquarela.jpg","datePublished":"2020-11-01T11:11:00+00:00","dateModified":"2023-03-24T17:17:48+00:00","description":"Pen\u00ednsula Aquarela: com apartamentos a partir de 124 m\u00b2 e a localiza\u00e7\u00e3o \u00e9 privilegiada, descubra mais sobre esse empreendimento na Barra da Tijuca.","breadcrumb":{"@id":"https:\/\/invexo.com.br\/blog\/aquarela-peninsula\/#breadcrumb"},"inLanguage":"pt-BR","potentialAction":[{"@type":"ReadAction","target":["https:\/\/invexo.com.br\/blog\/aquarela-peninsula\/"]}]},{"@type":"ImageObject","inLanguage":"pt-BR","@id":"https:\/\/invexo.com.br\/blog\/aquarela-peninsula\/#primaryimage","url":"https:\/\/invexo.com.br\/blog\/wp-content\/uploads\/2020\/11\/Peninsula-Aquarela.jpg","contentUrl":"https:\/\/invexo.com.br\/blog\/wp-content\/uploads\/2020\/11\/Peninsula-Aquarela.jpg","width":1200,"height":675,"caption":"Pen\u00ednsula Aquarela"},{"@type":"BreadcrumbList","@id":"https:\/\/invexo.com.br\/blog\/aquarela-peninsula\/#breadcrumb","itemListElement":[{"@type":"ListItem","position":1,"name":"Blog","item":"https:\/\/invexo.com.br\/blog\/"},{"@type":"ListItem","position":2,"name":"Condom\u00ednios","item":"https:\/\/invexo.com.br\/blog\/categoria\/condominio\/"},{"@type":"ListItem","position":3,"name":"Pen\u00ednsula Aquarela"}]},{"@type":"WebSite","@id":"https:\/\/invexo.com.br\/blog\/#website","url":"https:\/\/invexo.com.br\/blog\/","name":"Not\u00edcias RJ","description":"Not\u00edcias sobre im\u00f3veis, financiamento, mercado imobili\u00e1rio do Rio de Janeiro. Informa\u00e7\u00f5es sobre Bairros, Condom\u00ednios e Regi\u00e3o do Rio de Janeiro.","publisher":{"@id":"https:\/\/invexo.com.br\/blog\/#organization"},"potentialAction":[{"@type":"SearchAction","target":{"@type":"EntryPoint","urlTemplate":"https:\/\/invexo.com.br\/blog\/?s={search_term_string}"},"query-input":{"@type":"PropertyValueSpecification","valueRequired":true,"valueName":"search_term_string"}}],"inLanguage":"pt-BR"},{"@type":"Organization","@id":"https:\/\/invexo.com.br\/blog\/#organization","name":"INVEXO Imobili\u00e1ria","url":"https:\/\/invexo.com.br\/blog\/","logo":{"@type":"ImageObject","inLanguage":"pt-BR","@id":"https:\/\/invexo.com.br\/blog\/#\/schema\/logo\/image\/","url":"https:\/\/invexo.com.br\/blog\/wp-content\/uploads\/2018\/09\/invexo-80-melhor.png","contentUrl":"https:\/\/invexo.com.br\/blog\/wp-content\/uploads\/2018\/09\/invexo-80-melhor.png","width":247,"height":80,"caption":"INVEXO Imobili\u00e1ria"},"image":{"@id":"https:\/\/invexo.com.br\/blog\/#\/schema\/logo\/image\/"},"sameAs":["https:\/\/facebook.com\/invexo","https:\/\/x.com\/invexoimoveis"]},{"@type":"Person","@id":"https:\/\/invexo.com.br\/blog\/#\/schema\/person\/36bee32f1cfacde03dc4c9622a58778d","name":"Ronnie Possatti","image":{"@type":"ImageObject","inLanguage":"pt-BR","@id":"https:\/\/invexo.com.br\/blog\/#\/schema\/person\/image\/","url":"https:\/\/secure.gravatar.com\/avatar\/51a6cdcc215551235c39affb853f1e38?s=96&d=blank&r=g","contentUrl":"https:\/\/secure.gravatar.com\/avatar\/51a6cdcc215551235c39affb853f1e38?s=96&d=blank&r=g","caption":"Ronnie Possatti"},"description":"Equipe de especialistas que traz para seus leitores conte\u00fados relevantes e de qualidade sobre bairros, condom\u00ednios, lan\u00e7amentos e not\u00edcias imobili\u00e1rias no Rio de Janeiro.","sameAs":["https:\/\/facebook.com\/invexo","https:\/\/instagram.com\/invexo","https:\/\/x.com\/https:\/\/twitter.com\/invexoimoveis"],"url":"https:\/\/invexo.com.br\/blog\/author\/invexo\/"}]}},"taxonomy_info":{"category":[{"value":10,"label":"Bairros"},{"value":641,"label":"Condom\u00ednios"},{"value":15,"label":"Informa\u00e7\u00f5es"}],"post_tag":[{"value":639,"label":"Barra da Tijuca"}]},"featured_image_src_large":["https:\/\/invexo.com.br\/blog\/wp-content\/uploads\/2020\/11\/Peninsula-Aquarela-1024x576.jpg",1024,576,true],"author_info":{"display_name":"Ronnie Possatti","author_link":"https:\/\/invexo.com.br\/blog\/author\/invexo\/"},"comment_info":0,"category_info":[{"term_id":10,"name":"Bairros","slug":"bairros","term_group":0,"term_taxonomy_id":10,"taxonomy":"category","description":"Not\u00edcias sobre estabelecimentos nos melhores bairros para se morar no Rio de Janeiro.","parent":0,"count":1354,"filter":"raw","cat_ID":10,"category_count":1354,"category_description":"Not\u00edcias sobre estabelecimentos nos melhores bairros para se morar no Rio de Janeiro.","cat_name":"Bairros","category_nicename":"bairros","category_parent":0},{"term_id":641,"name":"Condom\u00ednios","slug":"condominio","term_group":0,"term_taxonomy_id":641,"taxonomy":"category","description":"Conhe\u00e7a tudo sobre luxuosos condom\u00ednios com total infraestrutura e seguran\u00e7a, situados em bairros nobres do Rio de Janeiro.","parent":0,"count":305,"filter":"raw","cat_ID":641,"category_count":305,"category_description":"Conhe\u00e7a tudo sobre luxuosos condom\u00ednios com total infraestrutura e seguran\u00e7a, situados em bairros nobres do Rio de Janeiro.","cat_name":"Condom\u00ednios","category_nicename":"condominio","category_parent":0},{"term_id":15,"name":"Informa\u00e7\u00f5es","slug":"informacoes","term_group":0,"term_taxonomy_id":15,"taxonomy":"category","description":"Informa\u00e7\u00f5es, experi\u00eancia nos melhores estabelecimentos em bairros nobres para se viver no Rio de Janeiro. Tudo sobre cultura, entretenimento e lazer.","parent":0,"count":1297,"filter":"raw","cat_ID":15,"category_count":1297,"category_description":"Informa\u00e7\u00f5es, experi\u00eancia nos melhores estabelecimentos em bairros nobres para se viver no Rio de Janeiro. Tudo sobre cultura, entretenimento e lazer.","cat_name":"Informa\u00e7\u00f5es","category_nicename":"informacoes","category_parent":0}],"tag_info":[{"term_id":639,"name":"Barra da Tijuca","slug":"barra-da-tijuca","term_group":0,"term_taxonomy_id":639,"taxonomy":"post_tag","description":"","parent":0,"count":160,"filter":"raw"}],"_links":{"self":[{"href":"https:\/\/invexo.com.br\/blog\/wp-json\/wp\/v2\/posts\/7066"}],"collection":[{"href":"https:\/\/invexo.com.br\/blog\/wp-json\/wp\/v2\/posts"}],"about":[{"href":"https:\/\/invexo.com.br\/blog\/wp-json\/wp\/v2\/types\/post"}],"author":[{"embeddable":true,"href":"https:\/\/invexo.com.br\/blog\/wp-json\/wp\/v2\/users\/2"}],"replies":[{"embeddable":true,"href":"https:\/\/invexo.com.br\/blog\/wp-json\/wp\/v2\/comments?post=7066"}],"version-history":[{"count":2,"href":"https:\/\/invexo.com.br\/blog\/wp-json\/wp\/v2\/posts\/7066\/revisions"}],"predecessor-version":[{"id":37115,"href":"https:\/\/invexo.com.br\/blog\/wp-json\/wp\/v2\/posts\/7066\/revisions\/37115"}],"wp:featuredmedia":[{"embeddable":true,"href":"https:\/\/invexo.com.br\/blog\/wp-json\/wp\/v2\/media\/7098"}],"wp:attachment":[{"href":"https:\/\/invexo.com.br\/blog\/wp-json\/wp\/v2\/media?parent=7066"}],"wp:term":[{"taxonomy":"category","embeddable":true,"href":"https:\/\/invexo.com.br\/blog\/wp-json\/wp\/v2\/categories?post=7066"},{"taxonomy":"post_tag","embeddable":true,"href":"https:\/\/invexo.com.br\/blog\/wp-json\/wp\/v2\/tags?post=7066"}],"curies":[{"name":"wp","href":"https:\/\/api.w.org\/{rel}","templated":true}]}}