{"id":6930,"date":"2020-10-30T16:40:00","date_gmt":"2020-10-30T19:40:00","guid":{"rendered":"https:\/\/invexo.com.br\/blog\/?p=6930"},"modified":"2023-01-27T14:57:59","modified_gmt":"2023-01-27T17:57:59","slug":"nespresso-ipanema","status":"publish","type":"post","link":"https:\/\/invexo.com.br\/blog\/nespresso-ipanema\/","title":{"rendered":"Nespresso Ipanema"},"content":{"rendered":"\n<p>A <strong>Nespresso Ipanema <\/strong>\u00e9 uma empresa l\u00edder no segmento de caf\u00e9 em c\u00e1psulas e cafeteiras \u00e0 base de press\u00e3o, \u00f3tima para o preparo de um cremoso caf\u00e9 espresso. <\/p>\n\n\n\n<p>Cada c\u00e1psula cont\u00e9m uma por\u00e7\u00e3o de caf\u00e9 mo\u00eddo com toda a qualidade da Nestl\u00e9. Gra\u00e7as \u00e0 especializa\u00e7\u00e3o da marca, al\u00e9m de uma saborosa x\u00edcara de caf\u00e9, voc\u00ea leva tamb\u00e9m sa\u00fade e bem-estar para o seu dia.<\/p>\n\n\n\n<div class=\"wp-block-group\"><div class=\"wp-block-group__inner-container is-layout-flow wp-block-group-is-layout-flow\">\n<!--more-->\n<\/div><\/div>\n\n\n\n<h2 class=\"wp-block-heading\">Caf\u00e9 Nespresso Ipanema<\/h2>\n\n\n\n<p>Este estabelecimento est\u00e1 tempor\u00e1ria ou permanentemente FECHADO. Mas n\u00e3o desanime! O Rio tem uma ampla variedade de com\u00e9rcios e servi\u00e7os funcionando a todo vapor. Confira o que o <a href=\"https:\/\/invexo.com.br\/blog\/?utm_source=bloco&amp;utm_medium=estabelecimento.fechado\" target=\"_blank\" rel=\"noreferrer noopener\">blog INVEXO<\/a> preparou para voc\u00ea.<\/p>\n\n\n\n<div class=\"wp-block-group\"><div class=\"wp-block-group__inner-container is-layout-flow wp-block-group-is-layout-flow\">\n<figure class=\"wp-block-image size-large is-resized\"><img decoding=\"async\" src=\"https:\/\/invexo.com.br\/blog\/wp-content\/uploads\/2024\/02\/bloco-reutilizavel-estabelecimento-fechado-1024x221.jpg\" alt=\"\" class=\"wp-image-43066\" width=\"1177\" height=\"254\" srcset=\"https:\/\/invexo.com.br\/blog\/wp-content\/uploads\/2024\/02\/bloco-reutilizavel-estabelecimento-fechado-1024x221.jpg 1024w, https:\/\/invexo.com.br\/blog\/wp-content\/uploads\/2024\/02\/bloco-reutilizavel-estabelecimento-fechado-300x65.jpg 300w, https:\/\/invexo.com.br\/blog\/wp-content\/uploads\/2024\/02\/bloco-reutilizavel-estabelecimento-fechado-768x165.jpg 768w, https:\/\/invexo.com.br\/blog\/wp-content\/uploads\/2024\/02\/bloco-reutilizavel-estabelecimento-fechado-150x32.jpg 150w, https:\/\/invexo.com.br\/blog\/wp-content\/uploads\/2024\/02\/bloco-reutilizavel-estabelecimento-fechado.jpg 1300w\" sizes=\"(max-width: 1177px) 100vw, 1177px\" \/><\/figure>\n<\/div><\/div>\n\n\n\n<p>As c\u00e1psulas da Nespresso n\u00e3o se resumem a apenas caf\u00e9 espresso, h\u00e1 uma ampla varia\u00e7\u00e3o de combina\u00e7\u00f5es de caf\u00e9s e outros sabores e aromas na composi\u00e7\u00e3o de cada c\u00e1psula. <\/p>\n\n\n\n<p>Voc\u00ea pode escolher entre uma gama de op\u00e7\u00f5es, com caf\u00e9s de v\u00e1rios pa\u00edses e sabores extremamente intensos.<\/p>\n\n\n\n<p>A Nespresso Ipanema \u00e9, basicamente, um reflexo do pr\u00f3prio bairro, ou seja, um espa\u00e7o de sofistica\u00e7\u00e3o e bem-estar. <\/p>\n\n\n\n<p>Localizada no cora\u00e7\u00e3o comercial de Ipanema, a loja \u00e9 uma \u00f3tima op\u00e7\u00e3o para quem est\u00e1 no meio das compras e resolve parar para degustar um \u00f3timo caf\u00e9. <\/p>\n\n\n\n<p>Se preferir, voc\u00ea poder\u00e1 levar suas c\u00e1psulas preferidas para fazer seu caf\u00e9 em casa.<\/p>\n\n\n\n<p>Exatamente entre a Praia de Ipanema e a Lagoa Rodrigo de Freitas, a Nespresso \u00e9 uma \u00f3tima parada para o turista que est\u00e1 explorando o bairro e decide tomar um cafezinho. <\/p>\n\n\n\n<p>Certamente, voc\u00ea ser\u00e1 muito bem atendido, com um tratamento \u00fanico para que deguste seu caf\u00e9 como merece.<\/p>\n\n\n\n<h3 class=\"wp-block-heading\">Boutique Ipanema Nespresso<\/h3>\n\n\n\n<p>A Boutique Ipanema Nespresso traz um conceito de sofistica\u00e7\u00e3o ao servir o cafezinho di\u00e1rio. \u00c9 um espa\u00e7o exclusivo para seus clientes experimentarem uma composi\u00e7\u00e3o \u00fanica \u00e0 base de caf\u00e9s especiais. <\/p>\n\n\n\n<p>Acompanhados sempre de um excelente barista, os clientes podem degustar bebidas incr\u00edveis.<\/p>\n\n\n\n<p>A loja ainda conta com a permanente exposi\u00e7\u00e3o de suas m\u00e1quinas e c\u00e1psulas, apresentados por seus atenciosos funcion\u00e1rios para tirar as d\u00favidas sobre os aromas, sabores e tecnologias \u00e0 sua disposi\u00e7\u00e3o.<\/p>\n\n\n\n<p>Voc\u00ea ter\u00e1 total suporte na escolha do caf\u00e9 que lhe for mais conveniente e tamb\u00e9m poder\u00e1 conhecer as cafeteiras da marca.<\/p>\n\n\n\n<p>Com v\u00e1rios tipos de caf\u00e9s, que v\u00e3o al\u00e9m do tradicional espresso, a loja oferece combina\u00e7\u00f5es com leite, cremes, licores e bebidas alco\u00f3licas. Sem d\u00favida, voc\u00ea vai experimentar o melhor do caf\u00e9. <\/p>\n\n\n\n<p>Os profissionais sugerem excelentes acompanhamentos, utilizando de muita criatividade e bom gosto. Dessa forma, o cliente percebe uma nova dimens\u00e3o no sabor do seu cafezinho.<\/p>\n\n\n\n<p>A Nespresso oferece para seus clientes os melhores e mais maduros gr\u00e3os escolhidos por seus especialistas, prezando sempre pela produ\u00e7\u00e3o de caf\u00e9 sustent\u00e1vel, colhido em v\u00e1rios lugares do mundo. <\/p>\n\n\n\n<p>Assim, a empresa cumpre sua responsabilidade perante o meio ambiente.<\/p>\n\n\n\n<p>Todos os gr\u00e3os passam por um processo de blendagem, ou mistura dos gr\u00e3os, para justamente alcan\u00e7arem um sabor \u00fanico que s\u00f3 a Nespresso consegue combinar. <\/p>\n\n\n\n<p>Em seguida, o caf\u00e9 \u00e9 torrado de uma maneira espec\u00edfica, para garantir o sabor e o aroma de qualidade, por meio do controle de tempo e da temperatura.<\/p>\n\n\n\n<p>No final do processo, o caf\u00e9 j\u00e1 mo\u00eddo \u00e9 embalado em c\u00e1psulas de alum\u00ednio, um material totalmente recicl\u00e1vel, ideal para preservar todo o sabor alcan\u00e7ado pela alquimia realizada at\u00e9 aqui. <\/p>\n\n\n\n<p>O produto \u00e9 embalado em ambiente hermeticamente fechado para proteger o caf\u00e9 da luz, do ar e da umidade.<\/p>\n\n\n\n<h3 class=\"wp-block-heading\">Nespresso Ipanema: Endere\u00e7o<\/h3>\n\n\n\n<p>A Nespresso Ipanemaest\u00e1localizada na Rua Garcia d\u2019\u00c1vila, 117, uma das ruas mais movimentadas do bairro. A loja fica a somente duas quadras e meia da Praia de Ipanema, cercada por v\u00e1rias lojas importantes da Zona Sul. <\/p>\n\n\n\n<p>Ao lado, fica a Pra\u00e7a Nossa Senhora da Paz, vital para o fluxo urbano dessa \u00e1rea da Cidade Maravilhosa.<\/p>\n\n\n\n<p>S\u00e3o tr\u00eas andares constru\u00eddos no centro de Ipanema para lhe atender da maneira que voc\u00ea precisa e merece. O local tem uma decora\u00e7\u00e3o sofisticada e luxuosa, pr\u00f3pria de uma proposta de atendimento gourmet fabuloso. <\/p>\n\n\n\n<p>As apresenta\u00e7\u00f5es dos produtos oferecidos ao cliente tomam todo o interior da loja. O andar de cima se destina \u00e0 degusta\u00e7\u00e3o de seus produtos, com a bela vista da cobertura.<\/p>\n\n\n\n<p>Ipanema d\u00e1 condi\u00e7\u00f5es de acesso para toda a cidade do Rio de Janeiro. Voc\u00ea poder\u00e1 transitar pela zona sul sem dificuldades, para se locomover entre um ponto e outro. <\/p>\n\n\n\n<p>Nas proximidades da cafeteria est\u00e3o localizados v\u00e1rios pontos de visita\u00e7\u00e3o imperd\u00edveis, como:<\/p>\n\n\n\n<ul><li>Praia de Ipanema;<\/li><li>Pedra do Arpoador;<\/li><li>Lagoa Rodrigo de Freitas;<\/li><li>Pra\u00e7a General Os\u00f3rio.<\/li><\/ul>\n\n\n\n<p>Oportunidades \u00fanicas de im\u00f3veis em Ipanema! Fa\u00e7a parte do nosso\u00a0<strong><a href=\"https:\/\/whatsapp.com\/channel\/0029VaBTv8v8F2pN1nbKfn0a\">canal exclusivo no WhatsApp<\/a><\/strong>\u00a0e tenha acesso antecipado aos im\u00f3veis \u00e0 venda na regi\u00e3o com a maior demanda do Rio de Janeiro.<\/p>\n\n\n<div class=\"\"><div class='_form_6'><\/div><script type='text\/javascript' src='https:\/\/invexo.activehosted.com\/f\/embed.php?static=0&id=6&69EE2281B383D&nostyles=0&preview=0'><\/script><\/div>\n\n\n<p><\/p>\n\n\n\n<p>S\u00e3o diversos os lan\u00e7amentos residenciais e im\u00f3veis prontos em Ipanema, tais como o <a href=\"https:\/\/invexo.com.br\/lancamento\/helo-ipanema\/\" target=\"_blank\" rel=\"noreferrer noopener\">Helo Ipanema<\/a>! Com acabamentos de alto padr\u00e3o e infraestrutura completa, Ipanema \u00e9 um dos bairros com os melhores im\u00f3veis de luxo do Rio de Janeiro. Conhe\u00e7a agora mesmo os melhores <a href=\"https:\/\/luxury.invexo.com.br\/bairro\/ipanema\/?utm_source=blog&amp;utm_medium=blocomeio\" target=\"_blank\" rel=\"noreferrer noopener\">im\u00f3veis de luxo \u00e0 venda em Ipanema<\/a>!<\/p>\n\n\n\n<figure class=\"wp-block-image size-full\"><a href=\"https:\/\/luxury.invexo.com.br\/bairro\/ipanema\/?utm_source=blog&amp;utm_medium=blocomeio\" target=\"_blank\" rel=\"noopener\"><img decoding=\"async\" width=\"1300\" height=\"280\" src=\"https:\/\/invexo.com.br\/blog\/wp-content\/uploads\/2022\/08\/imoveis-residenciais-ipanema-rio-de-janeiro-rj-calcadao-de-ipanema.jpg\" alt=\"Im\u00f3veis de luxo \u00e0 venda em Ipanema RJ\" class=\"wp-image-28981\" srcset=\"https:\/\/invexo.com.br\/blog\/wp-content\/uploads\/2022\/08\/imoveis-residenciais-ipanema-rio-de-janeiro-rj-calcadao-de-ipanema.jpg 1300w, https:\/\/invexo.com.br\/blog\/wp-content\/uploads\/2022\/08\/imoveis-residenciais-ipanema-rio-de-janeiro-rj-calcadao-de-ipanema-300x65.jpg 300w, https:\/\/invexo.com.br\/blog\/wp-content\/uploads\/2022\/08\/imoveis-residenciais-ipanema-rio-de-janeiro-rj-calcadao-de-ipanema-1024x221.jpg 1024w, https:\/\/invexo.com.br\/blog\/wp-content\/uploads\/2022\/08\/imoveis-residenciais-ipanema-rio-de-janeiro-rj-calcadao-de-ipanema-768x165.jpg 768w\" sizes=\"(max-width: 1300px) 100vw, 1300px\" \/><\/a><\/figure>\n\n\n\n<h2 class=\"wp-block-heading\">Nespresso Ipanema: Hor\u00e1rio de funcionamento<\/h2>\n\n\n\n<p>A Nespresso Ipanema funciona das nove \u00e0s vinte horas, de segunda a s\u00e1bado. Aos domingos, abre as onze e fecha \u00e0s dezoito horas. Voc\u00ea poder\u00e1 ligar tamb\u00e9m no n\u00famero 0800 777 7737 e conversar direto com a revendedora de c\u00e1psulas e cafeteiras.<\/p>\n\n\n\n<p>A Nespresso oferece um \u00f3timo servi\u00e7o de entrega, com atendimento todos os dias, das oito \u00e0s vinte e duas horas, com a vantagem de n\u00e3o cobrar o frete em pedidos acima de 150 c\u00e1psulas. <\/p>\n\n\n\n<p>Assim, o cliente poder\u00e1 degustar os deliciosos caf\u00e9s da empresa sem se dar o trabalho de sair de casa.<\/p>\n\n\n\n<h3 class=\"wp-block-heading\">Viva em Ipanema!<\/h3>\n\n\n\n<p>Viva em Ipanema e aproveite o melhor que o Rio de Janeiro tem a oferecer! Imagine morar em uma das cidades mais belas do mundo e, principalmente, no bairro mais charmoso da cidade. <\/p>\n\n\n\n<p>Voc\u00ea ser\u00e1 parte de um cen\u00e1rio lindo criado pelas m\u00e3os da natureza. Praias incr\u00edveis, pessoas maravilhosas, hist\u00f3rias, can\u00e7\u00f5es e cultura, tudo ao seu alcance.<\/p>\n\n\n\n<p>O que voc\u00ea precisar, certamente encontrar\u00e1 por Ipanema, desde supermercados, farm\u00e1cias, padarias at\u00e9 lojas diversas. <\/p>\n\n\n\n<p>Para os bo\u00eamios, h\u00e1 boas op\u00e7\u00f5es para se divertir na vida noturna do bairro. E, para os que n\u00e3o gostam de muita agita\u00e7\u00e3o, Ipanema tamb\u00e9m possui ruas calmas, repletas de paz e tranquilidade.<\/p>\n\n\n\n<p>O bairro possui uma concentra\u00e7\u00e3o exuberante de belos cart\u00f5es postais da Cidade Maravilhosa. Transforme sua vida em um requintado roteiro tur\u00edstico e more na regi\u00e3o mais nobre do Rio, entre os metros quadrados mais valorizados do Brasil.<\/p>\n\n\n\n<p>Viver em Ipanema \u00e9 um sonho para qualquer um que conhe\u00e7a o bairro carioca. A regi\u00e3o tem paisagens de tirar o f\u00f4lego, \u00e1reas para a pr\u00e1tica de esportes, shoppings e restaurantes sofisticados e muito mais a oferecer para seus residentes. <\/p>\n\n\n\n<p>Para encontrar apartamentos e coberturas exclusivas, voc\u00ea poder\u00e1 acessar o site da Invexo. O bairro de Ipanema possui <a href=\"http:\/\/www.invexo.com.br\/imovel-residencial\/rio-de-janeiro-rj\/ipanema\/apartamento\">im\u00f3veis de todos os tipos e tamanhos<\/a> para proporcionar o conforto ideal!<\/p>\n\n\n\n<div class=\"wp-block-group\"><div class=\"wp-block-group__inner-container is-layout-flow wp-block-group-is-layout-flow\">\n<p>Oportunidades \u00fanicas de im\u00f3veis em Ipanema! Fa\u00e7a parte do nosso&nbsp;<strong><a href=\"https:\/\/whatsapp.com\/channel\/0029VaBTv8v8F2pN1nbKfn0a\">canal exclusivo no WhatsApp<\/a><\/strong>&nbsp;e tenha acesso antecipado aos im\u00f3veis \u00e0 venda na regi\u00e3o com a maior demanda do Rio de Janeiro.<\/p>\n\n\n<div class=\"\"><div class='_form_6'><\/div><script type='text\/javascript' src='https:\/\/invexo.activehosted.com\/f\/embed.php?static=0&id=6&69EE2281B387E&nostyles=0&preview=0'><\/script><\/div>\n\n\n<p><\/p>\n\n\n\n<p>Ipanema, localizada na Zona Sul carioca, \u00e9 um dos melhores e mais nobres bairros para se viver no Rio de Janeiro. Conhe\u00e7a hoje mesmo os <a href=\"https:\/\/luxury.invexo.com.br\/bairro\/ipanema\/?utm_source=blog&amp;utm_medium=blocofim\" target=\"_blank\" rel=\"noreferrer noopener\">im\u00f3veis residenciais de luxo em Ipanema<\/a> com a INVEXO, imobili\u00e1ria especializada em im\u00f3veis de luxo no Rio de Janeiro.<\/p>\n\n\n\n<figure class=\"wp-block-image size-full\"><a href=\"https:\/\/luxury.invexo.com.br\/bairro\/ipanema\/?utm_source=blog&amp;utm_medium=blocofim\" target=\"_blank\" rel=\"noopener\"><img decoding=\"async\" width=\"1300\" height=\"280\" src=\"https:\/\/invexo.com.br\/blog\/wp-content\/uploads\/2022\/08\/imoveis-residenciais-ipanema-rio-de-janeiro-rj-calcadao-de-ipanema.jpg\" alt=\"Im\u00f3veis de luxo \u00e0 venda em Ipanema RJ\" class=\"wp-image-28981\" srcset=\"https:\/\/invexo.com.br\/blog\/wp-content\/uploads\/2022\/08\/imoveis-residenciais-ipanema-rio-de-janeiro-rj-calcadao-de-ipanema.jpg 1300w, https:\/\/invexo.com.br\/blog\/wp-content\/uploads\/2022\/08\/imoveis-residenciais-ipanema-rio-de-janeiro-rj-calcadao-de-ipanema-300x65.jpg 300w, https:\/\/invexo.com.br\/blog\/wp-content\/uploads\/2022\/08\/imoveis-residenciais-ipanema-rio-de-janeiro-rj-calcadao-de-ipanema-1024x221.jpg 1024w, https:\/\/invexo.com.br\/blog\/wp-content\/uploads\/2022\/08\/imoveis-residenciais-ipanema-rio-de-janeiro-rj-calcadao-de-ipanema-768x165.jpg 768w\" sizes=\"(max-width: 1300px) 100vw, 1300px\" \/><\/a><\/figure>\n<\/div><\/div>\n","protected":false},"excerpt":{"rendered":"<p>A Nespresso Ipanema \u00e9 uma empresa l\u00edder no segmento de caf\u00e9 em c\u00e1psulas e cafeteiras \u00e0 base de press\u00e3o, \u00f3tima para o preparo de um cremoso caf\u00e9 espresso. Cada c\u00e1psula cont\u00e9m uma por\u00e7\u00e3o de caf\u00e9 mo\u00eddo com toda a qualidade da Nestl\u00e9. Gra\u00e7as \u00e0 especializa\u00e7\u00e3o da marca, al\u00e9m de uma saborosa x\u00edcara de caf\u00e9, voc\u00ea&#8230;<\/p>\n","protected":false},"author":2,"featured_media":6935,"comment_status":"closed","ping_status":"closed","sticky":false,"template":"","format":"standard","meta":{"_acf_changed":false,"_kad_blocks_custom_css":"","_kad_blocks_head_custom_js":"","_kad_blocks_body_custom_js":"","_kad_blocks_footer_custom_js":"","_kadence_starter_templates_imported_post":false,"_kad_post_transparent":"","_kad_post_title":"","_kad_post_layout":"","_kad_post_sidebar_id":"","_kad_post_content_style":"","_kad_post_vertical_padding":"","_kad_post_feature":"","_kad_post_feature_position":"","_kad_post_header":false,"_kad_post_footer":false,"footnotes":""},"categories":[10,15],"tags":[635],"acf":[],"yoast_head":"<!-- This site is optimized with the Yoast SEO plugin v24.1 - https:\/\/yoast.com\/wordpress\/plugins\/seo\/ -->\n<title>Nespresso Ipanema: Os Melhores Caf\u00e9s do Mundo<\/title>\n<meta name=\"description\" content=\"A Nespresso Ipanema est\u00e1 localizada no cora\u00e7\u00e3o comercial do bairro e oferece um ambiente de cafeteria e boutique de caf\u00e9s especiais. Conhe\u00e7a!\" \/>\n<meta name=\"robots\" content=\"index, follow, max-snippet:-1, max-image-preview:large, max-video-preview:-1\" \/>\n<link rel=\"canonical\" href=\"https:\/\/invexo.com.br\/blog\/nespresso-ipanema\/\" \/>\n<meta property=\"og:locale\" content=\"pt_BR\" \/>\n<meta property=\"og:type\" content=\"article\" \/>\n<meta property=\"og:title\" content=\"Nespresso Ipanema: Os Melhores Caf\u00e9s do Mundo\" \/>\n<meta property=\"og:description\" content=\"A Nespresso Ipanema est\u00e1 localizada no cora\u00e7\u00e3o comercial do bairro e oferece um ambiente de cafeteria e boutique de caf\u00e9s especiais. Conhe\u00e7a!\" \/>\n<meta property=\"og:url\" content=\"https:\/\/invexo.com.br\/blog\/nespresso-ipanema\/\" \/>\n<meta property=\"og:site_name\" content=\"Not\u00edcias RJ\" \/>\n<meta property=\"article:publisher\" content=\"https:\/\/facebook.com\/invexo\" \/>\n<meta property=\"article:author\" content=\"https:\/\/facebook.com\/invexo\" \/>\n<meta property=\"article:published_time\" content=\"2020-10-30T19:40:00+00:00\" \/>\n<meta property=\"article:modified_time\" content=\"2023-01-27T17:57:59+00:00\" \/>\n<meta property=\"og:image\" content=\"https:\/\/invexo.com.br\/blog\/wp-content\/uploads\/2020\/10\/Nespresso-Ipanema.jpg\" \/>\n\t<meta property=\"og:image:width\" content=\"1200\" \/>\n\t<meta property=\"og:image:height\" content=\"675\" \/>\n\t<meta property=\"og:image:type\" content=\"image\/jpeg\" \/>\n<meta name=\"author\" content=\"Ronnie Possatti\" \/>\n<meta name=\"twitter:card\" content=\"summary_large_image\" \/>\n<meta name=\"twitter:creator\" content=\"@https:\/\/twitter.com\/invexoimoveis\" \/>\n<meta name=\"twitter:site\" content=\"@invexoimoveis\" \/>\n<meta name=\"twitter:label1\" content=\"Escrito por\" \/>\n\t<meta name=\"twitter:data1\" content=\"Ronnie Possatti\" \/>\n\t<meta name=\"twitter:label2\" content=\"Est. tempo de leitura\" \/>\n\t<meta name=\"twitter:data2\" content=\"6 minutos\" \/>\n<script type=\"application\/ld+json\" class=\"yoast-schema-graph\">{\"@context\":\"https:\/\/schema.org\",\"@graph\":[{\"@type\":\"Article\",\"@id\":\"https:\/\/invexo.com.br\/blog\/nespresso-ipanema\/#article\",\"isPartOf\":{\"@id\":\"https:\/\/invexo.com.br\/blog\/nespresso-ipanema\/\"},\"author\":{\"name\":\"Ronnie Possatti\",\"@id\":\"https:\/\/invexo.com.br\/blog\/#\/schema\/person\/36bee32f1cfacde03dc4c9622a58778d\"},\"headline\":\"Nespresso Ipanema\",\"datePublished\":\"2020-10-30T19:40:00+00:00\",\"dateModified\":\"2023-01-27T17:57:59+00:00\",\"mainEntityOfPage\":{\"@id\":\"https:\/\/invexo.com.br\/blog\/nespresso-ipanema\/\"},\"wordCount\":1100,\"publisher\":{\"@id\":\"https:\/\/invexo.com.br\/blog\/#organization\"},\"image\":{\"@id\":\"https:\/\/invexo.com.br\/blog\/nespresso-ipanema\/#primaryimage\"},\"thumbnailUrl\":\"https:\/\/invexo.com.br\/blog\/wp-content\/uploads\/2020\/10\/Nespresso-Ipanema.jpg\",\"keywords\":[\"Ipanema\"],\"articleSection\":[\"Bairros\",\"Informa\u00e7\u00f5es\"],\"inLanguage\":\"pt-BR\"},{\"@type\":\"WebPage\",\"@id\":\"https:\/\/invexo.com.br\/blog\/nespresso-ipanema\/\",\"url\":\"https:\/\/invexo.com.br\/blog\/nespresso-ipanema\/\",\"name\":\"Nespresso Ipanema: Os Melhores Caf\u00e9s do Mundo\",\"isPartOf\":{\"@id\":\"https:\/\/invexo.com.br\/blog\/#website\"},\"primaryImageOfPage\":{\"@id\":\"https:\/\/invexo.com.br\/blog\/nespresso-ipanema\/#primaryimage\"},\"image\":{\"@id\":\"https:\/\/invexo.com.br\/blog\/nespresso-ipanema\/#primaryimage\"},\"thumbnailUrl\":\"https:\/\/invexo.com.br\/blog\/wp-content\/uploads\/2020\/10\/Nespresso-Ipanema.jpg\",\"datePublished\":\"2020-10-30T19:40:00+00:00\",\"dateModified\":\"2023-01-27T17:57:59+00:00\",\"description\":\"A Nespresso Ipanema est\u00e1 localizada no cora\u00e7\u00e3o comercial do bairro e oferece um ambiente de cafeteria e boutique de caf\u00e9s especiais. Conhe\u00e7a!\",\"breadcrumb\":{\"@id\":\"https:\/\/invexo.com.br\/blog\/nespresso-ipanema\/#breadcrumb\"},\"inLanguage\":\"pt-BR\",\"potentialAction\":[{\"@type\":\"ReadAction\",\"target\":[\"https:\/\/invexo.com.br\/blog\/nespresso-ipanema\/\"]}]},{\"@type\":\"ImageObject\",\"inLanguage\":\"pt-BR\",\"@id\":\"https:\/\/invexo.com.br\/blog\/nespresso-ipanema\/#primaryimage\",\"url\":\"https:\/\/invexo.com.br\/blog\/wp-content\/uploads\/2020\/10\/Nespresso-Ipanema.jpg\",\"contentUrl\":\"https:\/\/invexo.com.br\/blog\/wp-content\/uploads\/2020\/10\/Nespresso-Ipanema.jpg\",\"width\":1200,\"height\":675,\"caption\":\"Nespresso Ipanema\"},{\"@type\":\"BreadcrumbList\",\"@id\":\"https:\/\/invexo.com.br\/blog\/nespresso-ipanema\/#breadcrumb\",\"itemListElement\":[{\"@type\":\"ListItem\",\"position\":1,\"name\":\"Blog\",\"item\":\"https:\/\/invexo.com.br\/blog\/\"},{\"@type\":\"ListItem\",\"position\":2,\"name\":\"Bairros\",\"item\":\"https:\/\/invexo.com.br\/blog\/categoria\/bairros\/\"},{\"@type\":\"ListItem\",\"position\":3,\"name\":\"Nespresso Ipanema\"}]},{\"@type\":\"WebSite\",\"@id\":\"https:\/\/invexo.com.br\/blog\/#website\",\"url\":\"https:\/\/invexo.com.br\/blog\/\",\"name\":\"Not\u00edcias RJ\",\"description\":\"Not\u00edcias sobre im\u00f3veis, financiamento, mercado imobili\u00e1rio do Rio de Janeiro. Informa\u00e7\u00f5es sobre Bairros, Condom\u00ednios e Regi\u00e3o do Rio de Janeiro.\",\"publisher\":{\"@id\":\"https:\/\/invexo.com.br\/blog\/#organization\"},\"potentialAction\":[{\"@type\":\"SearchAction\",\"target\":{\"@type\":\"EntryPoint\",\"urlTemplate\":\"https:\/\/invexo.com.br\/blog\/?s={search_term_string}\"},\"query-input\":{\"@type\":\"PropertyValueSpecification\",\"valueRequired\":true,\"valueName\":\"search_term_string\"}}],\"inLanguage\":\"pt-BR\"},{\"@type\":\"Organization\",\"@id\":\"https:\/\/invexo.com.br\/blog\/#organization\",\"name\":\"INVEXO Imobili\u00e1ria\",\"url\":\"https:\/\/invexo.com.br\/blog\/\",\"logo\":{\"@type\":\"ImageObject\",\"inLanguage\":\"pt-BR\",\"@id\":\"https:\/\/invexo.com.br\/blog\/#\/schema\/logo\/image\/\",\"url\":\"https:\/\/invexo.com.br\/blog\/wp-content\/uploads\/2018\/09\/invexo-80-melhor.png\",\"contentUrl\":\"https:\/\/invexo.com.br\/blog\/wp-content\/uploads\/2018\/09\/invexo-80-melhor.png\",\"width\":247,\"height\":80,\"caption\":\"INVEXO Imobili\u00e1ria\"},\"image\":{\"@id\":\"https:\/\/invexo.com.br\/blog\/#\/schema\/logo\/image\/\"},\"sameAs\":[\"https:\/\/facebook.com\/invexo\",\"https:\/\/x.com\/invexoimoveis\"]},{\"@type\":\"Person\",\"@id\":\"https:\/\/invexo.com.br\/blog\/#\/schema\/person\/36bee32f1cfacde03dc4c9622a58778d\",\"name\":\"Ronnie Possatti\",\"image\":{\"@type\":\"ImageObject\",\"inLanguage\":\"pt-BR\",\"@id\":\"https:\/\/invexo.com.br\/blog\/#\/schema\/person\/image\/\",\"url\":\"https:\/\/secure.gravatar.com\/avatar\/51a6cdcc215551235c39affb853f1e38?s=96&d=blank&r=g\",\"contentUrl\":\"https:\/\/secure.gravatar.com\/avatar\/51a6cdcc215551235c39affb853f1e38?s=96&d=blank&r=g\",\"caption\":\"Ronnie Possatti\"},\"description\":\"Equipe de especialistas que traz para seus leitores conte\u00fados relevantes e de qualidade sobre bairros, condom\u00ednios, lan\u00e7amentos e not\u00edcias imobili\u00e1rias no Rio de Janeiro.\",\"sameAs\":[\"https:\/\/facebook.com\/invexo\",\"https:\/\/instagram.com\/invexo\",\"https:\/\/x.com\/https:\/\/twitter.com\/invexoimoveis\"],\"url\":\"https:\/\/invexo.com.br\/blog\/author\/invexo\/\"}]}<\/script>\n<!-- \/ Yoast SEO plugin. -->","yoast_head_json":{"title":"Nespresso Ipanema: Os Melhores Caf\u00e9s do Mundo","description":"A Nespresso Ipanema est\u00e1 localizada no cora\u00e7\u00e3o comercial do bairro e oferece um ambiente de cafeteria e boutique de caf\u00e9s especiais. Conhe\u00e7a!","robots":{"index":"index","follow":"follow","max-snippet":"max-snippet:-1","max-image-preview":"max-image-preview:large","max-video-preview":"max-video-preview:-1"},"canonical":"https:\/\/invexo.com.br\/blog\/nespresso-ipanema\/","og_locale":"pt_BR","og_type":"article","og_title":"Nespresso Ipanema: Os Melhores Caf\u00e9s do Mundo","og_description":"A Nespresso Ipanema est\u00e1 localizada no cora\u00e7\u00e3o comercial do bairro e oferece um ambiente de cafeteria e boutique de caf\u00e9s especiais. Conhe\u00e7a!","og_url":"https:\/\/invexo.com.br\/blog\/nespresso-ipanema\/","og_site_name":"Not\u00edcias RJ","article_publisher":"https:\/\/facebook.com\/invexo","article_author":"https:\/\/facebook.com\/invexo","article_published_time":"2020-10-30T19:40:00+00:00","article_modified_time":"2023-01-27T17:57:59+00:00","og_image":[{"width":1200,"height":675,"url":"https:\/\/invexo.com.br\/blog\/wp-content\/uploads\/2020\/10\/Nespresso-Ipanema.jpg","type":"image\/jpeg"}],"author":"Ronnie Possatti","twitter_card":"summary_large_image","twitter_creator":"@https:\/\/twitter.com\/invexoimoveis","twitter_site":"@invexoimoveis","twitter_misc":{"Escrito por":"Ronnie Possatti","Est. tempo de leitura":"6 minutos"},"schema":{"@context":"https:\/\/schema.org","@graph":[{"@type":"Article","@id":"https:\/\/invexo.com.br\/blog\/nespresso-ipanema\/#article","isPartOf":{"@id":"https:\/\/invexo.com.br\/blog\/nespresso-ipanema\/"},"author":{"name":"Ronnie Possatti","@id":"https:\/\/invexo.com.br\/blog\/#\/schema\/person\/36bee32f1cfacde03dc4c9622a58778d"},"headline":"Nespresso Ipanema","datePublished":"2020-10-30T19:40:00+00:00","dateModified":"2023-01-27T17:57:59+00:00","mainEntityOfPage":{"@id":"https:\/\/invexo.com.br\/blog\/nespresso-ipanema\/"},"wordCount":1100,"publisher":{"@id":"https:\/\/invexo.com.br\/blog\/#organization"},"image":{"@id":"https:\/\/invexo.com.br\/blog\/nespresso-ipanema\/#primaryimage"},"thumbnailUrl":"https:\/\/invexo.com.br\/blog\/wp-content\/uploads\/2020\/10\/Nespresso-Ipanema.jpg","keywords":["Ipanema"],"articleSection":["Bairros","Informa\u00e7\u00f5es"],"inLanguage":"pt-BR"},{"@type":"WebPage","@id":"https:\/\/invexo.com.br\/blog\/nespresso-ipanema\/","url":"https:\/\/invexo.com.br\/blog\/nespresso-ipanema\/","name":"Nespresso Ipanema: Os Melhores Caf\u00e9s do Mundo","isPartOf":{"@id":"https:\/\/invexo.com.br\/blog\/#website"},"primaryImageOfPage":{"@id":"https:\/\/invexo.com.br\/blog\/nespresso-ipanema\/#primaryimage"},"image":{"@id":"https:\/\/invexo.com.br\/blog\/nespresso-ipanema\/#primaryimage"},"thumbnailUrl":"https:\/\/invexo.com.br\/blog\/wp-content\/uploads\/2020\/10\/Nespresso-Ipanema.jpg","datePublished":"2020-10-30T19:40:00+00:00","dateModified":"2023-01-27T17:57:59+00:00","description":"A Nespresso Ipanema est\u00e1 localizada no cora\u00e7\u00e3o comercial do bairro e oferece um ambiente de cafeteria e boutique de caf\u00e9s especiais. Conhe\u00e7a!","breadcrumb":{"@id":"https:\/\/invexo.com.br\/blog\/nespresso-ipanema\/#breadcrumb"},"inLanguage":"pt-BR","potentialAction":[{"@type":"ReadAction","target":["https:\/\/invexo.com.br\/blog\/nespresso-ipanema\/"]}]},{"@type":"ImageObject","inLanguage":"pt-BR","@id":"https:\/\/invexo.com.br\/blog\/nespresso-ipanema\/#primaryimage","url":"https:\/\/invexo.com.br\/blog\/wp-content\/uploads\/2020\/10\/Nespresso-Ipanema.jpg","contentUrl":"https:\/\/invexo.com.br\/blog\/wp-content\/uploads\/2020\/10\/Nespresso-Ipanema.jpg","width":1200,"height":675,"caption":"Nespresso Ipanema"},{"@type":"BreadcrumbList","@id":"https:\/\/invexo.com.br\/blog\/nespresso-ipanema\/#breadcrumb","itemListElement":[{"@type":"ListItem","position":1,"name":"Blog","item":"https:\/\/invexo.com.br\/blog\/"},{"@type":"ListItem","position":2,"name":"Bairros","item":"https:\/\/invexo.com.br\/blog\/categoria\/bairros\/"},{"@type":"ListItem","position":3,"name":"Nespresso Ipanema"}]},{"@type":"WebSite","@id":"https:\/\/invexo.com.br\/blog\/#website","url":"https:\/\/invexo.com.br\/blog\/","name":"Not\u00edcias RJ","description":"Not\u00edcias sobre im\u00f3veis, financiamento, mercado imobili\u00e1rio do Rio de Janeiro. Informa\u00e7\u00f5es sobre Bairros, Condom\u00ednios e Regi\u00e3o do Rio de Janeiro.","publisher":{"@id":"https:\/\/invexo.com.br\/blog\/#organization"},"potentialAction":[{"@type":"SearchAction","target":{"@type":"EntryPoint","urlTemplate":"https:\/\/invexo.com.br\/blog\/?s={search_term_string}"},"query-input":{"@type":"PropertyValueSpecification","valueRequired":true,"valueName":"search_term_string"}}],"inLanguage":"pt-BR"},{"@type":"Organization","@id":"https:\/\/invexo.com.br\/blog\/#organization","name":"INVEXO Imobili\u00e1ria","url":"https:\/\/invexo.com.br\/blog\/","logo":{"@type":"ImageObject","inLanguage":"pt-BR","@id":"https:\/\/invexo.com.br\/blog\/#\/schema\/logo\/image\/","url":"https:\/\/invexo.com.br\/blog\/wp-content\/uploads\/2018\/09\/invexo-80-melhor.png","contentUrl":"https:\/\/invexo.com.br\/blog\/wp-content\/uploads\/2018\/09\/invexo-80-melhor.png","width":247,"height":80,"caption":"INVEXO Imobili\u00e1ria"},"image":{"@id":"https:\/\/invexo.com.br\/blog\/#\/schema\/logo\/image\/"},"sameAs":["https:\/\/facebook.com\/invexo","https:\/\/x.com\/invexoimoveis"]},{"@type":"Person","@id":"https:\/\/invexo.com.br\/blog\/#\/schema\/person\/36bee32f1cfacde03dc4c9622a58778d","name":"Ronnie Possatti","image":{"@type":"ImageObject","inLanguage":"pt-BR","@id":"https:\/\/invexo.com.br\/blog\/#\/schema\/person\/image\/","url":"https:\/\/secure.gravatar.com\/avatar\/51a6cdcc215551235c39affb853f1e38?s=96&d=blank&r=g","contentUrl":"https:\/\/secure.gravatar.com\/avatar\/51a6cdcc215551235c39affb853f1e38?s=96&d=blank&r=g","caption":"Ronnie Possatti"},"description":"Equipe de especialistas que traz para seus leitores conte\u00fados relevantes e de qualidade sobre bairros, condom\u00ednios, lan\u00e7amentos e not\u00edcias imobili\u00e1rias no Rio de Janeiro.","sameAs":["https:\/\/facebook.com\/invexo","https:\/\/instagram.com\/invexo","https:\/\/x.com\/https:\/\/twitter.com\/invexoimoveis"],"url":"https:\/\/invexo.com.br\/blog\/author\/invexo\/"}]}},"taxonomy_info":{"category":[{"value":10,"label":"Bairros"},{"value":15,"label":"Informa\u00e7\u00f5es"}],"post_tag":[{"value":635,"label":"Ipanema"}]},"featured_image_src_large":["https:\/\/invexo.com.br\/blog\/wp-content\/uploads\/2020\/10\/Nespresso-Ipanema-1024x576.jpg",1024,576,true],"author_info":{"display_name":"Ronnie Possatti","author_link":"https:\/\/invexo.com.br\/blog\/author\/invexo\/"},"comment_info":0,"category_info":[{"term_id":10,"name":"Bairros","slug":"bairros","term_group":0,"term_taxonomy_id":10,"taxonomy":"category","description":"Not\u00edcias sobre estabelecimentos nos melhores bairros para se morar no Rio de Janeiro.","parent":0,"count":1354,"filter":"raw","cat_ID":10,"category_count":1354,"category_description":"Not\u00edcias sobre estabelecimentos nos melhores bairros para se morar no Rio de Janeiro.","cat_name":"Bairros","category_nicename":"bairros","category_parent":0},{"term_id":15,"name":"Informa\u00e7\u00f5es","slug":"informacoes","term_group":0,"term_taxonomy_id":15,"taxonomy":"category","description":"Informa\u00e7\u00f5es, experi\u00eancia nos melhores estabelecimentos em bairros nobres para se viver no Rio de Janeiro. Tudo sobre cultura, entretenimento e lazer.","parent":0,"count":1297,"filter":"raw","cat_ID":15,"category_count":1297,"category_description":"Informa\u00e7\u00f5es, experi\u00eancia nos melhores estabelecimentos em bairros nobres para se viver no Rio de Janeiro. Tudo sobre cultura, entretenimento e lazer.","cat_name":"Informa\u00e7\u00f5es","category_nicename":"informacoes","category_parent":0}],"tag_info":[{"term_id":635,"name":"Ipanema","slug":"ipanema","term_group":0,"term_taxonomy_id":635,"taxonomy":"post_tag","description":"","parent":0,"count":359,"filter":"raw"}],"_links":{"self":[{"href":"https:\/\/invexo.com.br\/blog\/wp-json\/wp\/v2\/posts\/6930"}],"collection":[{"href":"https:\/\/invexo.com.br\/blog\/wp-json\/wp\/v2\/posts"}],"about":[{"href":"https:\/\/invexo.com.br\/blog\/wp-json\/wp\/v2\/types\/post"}],"author":[{"embeddable":true,"href":"https:\/\/invexo.com.br\/blog\/wp-json\/wp\/v2\/users\/2"}],"replies":[{"embeddable":true,"href":"https:\/\/invexo.com.br\/blog\/wp-json\/wp\/v2\/comments?post=6930"}],"version-history":[{"count":2,"href":"https:\/\/invexo.com.br\/blog\/wp-json\/wp\/v2\/posts\/6930\/revisions"}],"predecessor-version":[{"id":34823,"href":"https:\/\/invexo.com.br\/blog\/wp-json\/wp\/v2\/posts\/6930\/revisions\/34823"}],"wp:featuredmedia":[{"embeddable":true,"href":"https:\/\/invexo.com.br\/blog\/wp-json\/wp\/v2\/media\/6935"}],"wp:attachment":[{"href":"https:\/\/invexo.com.br\/blog\/wp-json\/wp\/v2\/media?parent=6930"}],"wp:term":[{"taxonomy":"category","embeddable":true,"href":"https:\/\/invexo.com.br\/blog\/wp-json\/wp\/v2\/categories?post=6930"},{"taxonomy":"post_tag","embeddable":true,"href":"https:\/\/invexo.com.br\/blog\/wp-json\/wp\/v2\/tags?post=6930"}],"curies":[{"name":"wp","href":"https:\/\/api.w.org\/{rel}","templated":true}]}}