{"id":6555,"date":"2020-11-17T16:16:00","date_gmt":"2020-11-17T18:16:00","guid":{"rendered":"https:\/\/invexo.com.br\/blog\/?p=6555"},"modified":"2022-06-28T21:45:14","modified_gmt":"2022-06-29T00:45:14","slug":"residencial-way-bandeirantes-estrada-dos-bandeirantes-rj","status":"publish","type":"post","link":"https:\/\/invexo.com.br\/blog\/residencial-way-bandeirantes-estrada-dos-bandeirantes-rj\/","title":{"rendered":"Residencial na Estrada dos Bandeirantes: Way Bandeirantes RJ"},"content":{"rendered":"\n<p>O residencial Way Bandeirantes, j\u00e1 pronto para morar, \u00e9 o empreendimento imobili\u00e1rio para quem busca qualidade de vida e praticidade no Rio de Janeiro.<\/p>\n\n\n\n<p>Situado em Jacarepagu\u00e1, na importante Estrada dos Bandeirantes, o condom\u00ednio oferece toda a infraestrutura para que voc\u00ea e sua fam\u00edlia possam viver com excel\u00eancia na Cidade Maravilhosa.<\/p>\n\n\n\n<p>Acompanhe e confira mais informa\u00e7\u00f5es sobre os apartamentos prontos para morar do residencial Way Bandeirantes, em Jacarepagu\u00e1. Veja!<\/p>\n\n\n\n<h2 class=\"wp-block-heading\">More na <strong>Estrada dos Bandeirantes<\/strong><\/h2>\n\n\n\n<p>A Estrada dos Bandeirantes \u00e9 uma via que faz importantes liga\u00e7\u00f5es na cidade do Rio de Janeiro. Entre as regi\u00f5es que ela corta, Jacarepagu\u00e1 \u00e9 um dos locais de destaque. <\/p>\n\n\n\n<p>Jacarepagu\u00e1 \u00e9 o sexto maior bairro do Rio e tem uma infraestrutura ideal para quem precisa de praticidade.<\/p>\n\n\n\n<p>Com sua extensa rede de com\u00e9rcios e servi\u00e7os, \u00e9 f\u00e1cil encontrar mercados, farm\u00e1cias, escolas, atendimento m\u00e9dico, restaurantes, bares e outras conveni\u00eancias na regi\u00e3o.<\/p>\n\n\n\n<p>Al\u00e9m disso, importantes pontos cariocas ficam localizados nas proximidades da Estrada dos Bandeirantes e bairro Jacarepagu\u00e1, como:<\/p>\n\n\n\n<ul><li>Parque Estadual Pedra Branca<\/li><li>Instala\u00e7\u00f5es dos Jogos das Olimp\u00edadas e Paraolimp\u00edadas de 2016<\/li><li>Cidade do Rock<\/li><li>Rio Centro<\/li><li>Shopping Metropolitano e outros.<\/li><\/ul>\n\n\n\n<p>Por isso, morar na Estrada dos Bandeirantes \u00e9 sin\u00f4nimo de ter uma moradia pr\u00e1tica e bem pr\u00f3xima de v\u00e1rias localiza\u00e7\u00f5es estrat\u00e9gicas do Rio de Janeiro.<\/p>\n\n\n\n<h2 class=\"wp-block-heading\"><strong>Estrada dos Bandeirantes: Residencial<\/strong> <strong>Way Bandeirantes da Construtora Living<\/strong><\/h2>\n\n\n\n<p>A construtora Living, do grupo Cyrela, elegeu um importante trecho da Estrada dos Bandeirantes para fazer seu mais novo empreendimento imobili\u00e1rio: residencial Way Bandeirantes.<\/p>\n\n\n\n<p>O condom\u00ednio, j\u00e1 pronto para morar, tem toda a estrutura de que voc\u00ea e sua fam\u00edlia precisam para viver com conforto e praticidade no Rio de Janeiro.<\/p>\n\n\n\n<p>A seguir, voc\u00ea ter\u00e1 mais informa\u00e7\u00f5es sobre o empreendimento. Ent\u00e3o, continue e confira tudo sobre os apartamentos \u00e0 venda no residencial Way Bandeirantes.<\/p>\n\n\n\n<h2 class=\"wp-block-heading\">Condom\u00ednio Way Bandeirantes na <strong>Estrada dos Bandeirantes<\/strong><\/h2>\n\n\n\n<p>O condom\u00ednio Way Bandeirantes oferece lazer completo para os moradores dos mais de 230 im\u00f3veis. Assim, quem vive no residencial de Jacarepagu\u00e1 tem a sua disposi\u00e7\u00e3o:<\/p>\n\n\n\n<ul><li>Piscinas adulto e infantil<\/li><li>Sal\u00e3o de festas<\/li><li>Churrasqueira<\/li><li>Espa\u00e7o de piquenique<\/li><li>Solarium<\/li><li>Red\u00e1rio<\/li><li>\u00c1rea fitness<\/li><li>Espa\u00e7o zen<\/li><li>Espa\u00e7o infantil: brinquedoteca, playground, sal\u00e3o de jogos e muito mais<\/li><\/ul>\n\n\n\n<p>Al\u00e9m disso, o morador pode contar com modernos dispositivos para a sua seguran\u00e7a e a de sua fam\u00edlia.<\/p>\n\n\n\n<p>Por isso, viver no Way Bandeirantes \u00e9 uma excelente escolha para quem busca conforto e lazer no melhor do Rio de Janeiro.<\/p>\n\n\n\n<p>Confira, ent\u00e3o, detalhes sobre os apartamentos prontos para morar do residencial da Cyrela na Estrada dos Bandeirantes:<\/p>\n\n\n\n<h2 class=\"wp-block-heading\"><strong>A<\/strong>partamentos<\/h2>\n\n\n\n<p>Os confort\u00e1veis e modernos apartamentos s\u00e3o compostos por 2 quartos , 1 su\u00edte e demais acomoda\u00e7\u00f5es.<\/p>\n\n\n\n<p>Os im\u00f3veis t\u00eam metragens que variam entre 49 m\u00b2 e 63 m\u00b2 oferecendo, ainda, 1 vaga de garagem ao propriet\u00e1rio. <\/p>\n\n\n\n<h2 class=\"wp-block-heading\">Residencial Way Bandeirantes<\/h2>\n\n\n\n<p>Gostou dos im\u00f3veis do Way Bandeirantes? Ent\u00e3o, n\u00e3o perca mais tempo!<\/p>\n\n\n\n<p>Confira detalhes sobre os apartamentos prontos para morar e \u00e0 venda do condom\u00ednio da Cyrela em Jacarepagu\u00e1.<\/p>\n\n\n\n<p>Assim, veja plantas, pre\u00e7os e mais informa\u00e7\u00f5es acessando o site do residencial <a href=\"https:\/\/invexo.com.br\/imovel-pronto\/way-bandeirantes-residencial\/\" target=\"_blank\" rel=\"noreferrer noopener\">Way Bandeirantes<\/a>. <\/p>\n","protected":false},"excerpt":{"rendered":"<p>O residencial Way Bandeirantes, j\u00e1 pronto para morar, \u00e9 o empreendimento imobili\u00e1rio para quem busca qualidade de vida e praticidade no Rio de Janeiro. Situado em Jacarepagu\u00e1, na importante Estrada dos Bandeirantes, o condom\u00ednio oferece toda a infraestrutura para que voc\u00ea e sua fam\u00edlia possam viver com excel\u00eancia na Cidade Maravilhosa. Acompanhe e confira mais&#8230;<\/p>\n","protected":false},"author":2,"featured_media":6557,"comment_status":"closed","ping_status":"closed","sticky":false,"template":"","format":"standard","meta":{"_acf_changed":false,"_kad_blocks_custom_css":"","_kad_blocks_head_custom_js":"","_kad_blocks_body_custom_js":"","_kad_blocks_footer_custom_js":"","_kadence_starter_templates_imported_post":false,"_kad_post_transparent":"","_kad_post_title":"","_kad_post_layout":"","_kad_post_sidebar_id":"","_kad_post_content_style":"","_kad_post_vertical_padding":"","_kad_post_feature":"","_kad_post_feature_position":"","_kad_post_header":false,"_kad_post_footer":false,"footnotes":""},"categories":[10,15,230],"tags":[],"acf":[],"yoast_head":"<!-- This site is optimized with the Yoast SEO plugin v24.1 - https:\/\/yoast.com\/wordpress\/plugins\/seo\/ -->\n<title>Residencial Way Bandeirantes RJ<\/title>\n<meta name=\"description\" content=\"More no residencial Way Bandeirantes! Confira as principais informa\u00e7\u00f5es sobre os apartamentos de 2 quartos e 1 su\u00edte do condom\u00ednio completo.\" \/>\n<meta name=\"robots\" content=\"index, follow, max-snippet:-1, max-image-preview:large, max-video-preview:-1\" \/>\n<link rel=\"canonical\" href=\"https:\/\/invexo.com.br\/blog\/residencial-way-bandeirantes-estrada-dos-bandeirantes-rj\/\" \/>\n<meta property=\"og:locale\" content=\"pt_BR\" \/>\n<meta property=\"og:type\" content=\"article\" \/>\n<meta property=\"og:title\" content=\"Residencial Way Bandeirantes RJ\" \/>\n<meta property=\"og:description\" content=\"More no residencial Way Bandeirantes! Confira as principais informa\u00e7\u00f5es sobre os apartamentos de 2 quartos e 1 su\u00edte do condom\u00ednio completo.\" \/>\n<meta property=\"og:url\" content=\"https:\/\/invexo.com.br\/blog\/residencial-way-bandeirantes-estrada-dos-bandeirantes-rj\/\" \/>\n<meta property=\"og:site_name\" content=\"Not\u00edcias RJ\" \/>\n<meta property=\"article:publisher\" content=\"https:\/\/facebook.com\/invexo\" \/>\n<meta property=\"article:author\" content=\"https:\/\/facebook.com\/invexo\" \/>\n<meta property=\"article:published_time\" content=\"2020-11-17T18:16:00+00:00\" \/>\n<meta property=\"article:modified_time\" content=\"2022-06-29T00:45:14+00:00\" \/>\n<meta property=\"og:image\" content=\"https:\/\/invexo.com.br\/blog\/wp-content\/uploads\/2020\/10\/Residencial-Way-Bandeirantes-RJ.jpg\" \/>\n\t<meta property=\"og:image:width\" content=\"1000\" \/>\n\t<meta property=\"og:image:height\" content=\"677\" \/>\n\t<meta property=\"og:image:type\" content=\"image\/jpeg\" \/>\n<meta name=\"author\" content=\"Ronnie Possatti\" \/>\n<meta name=\"twitter:card\" content=\"summary_large_image\" \/>\n<meta name=\"twitter:creator\" content=\"@https:\/\/twitter.com\/invexoimoveis\" \/>\n<meta name=\"twitter:site\" content=\"@invexoimoveis\" \/>\n<meta name=\"twitter:label1\" content=\"Escrito por\" \/>\n\t<meta name=\"twitter:data1\" content=\"Ronnie Possatti\" \/>\n\t<meta name=\"twitter:label2\" content=\"Est. tempo de leitura\" \/>\n\t<meta name=\"twitter:data2\" content=\"3 minutos\" \/>\n<script type=\"application\/ld+json\" class=\"yoast-schema-graph\">{\"@context\":\"https:\/\/schema.org\",\"@graph\":[{\"@type\":\"Article\",\"@id\":\"https:\/\/invexo.com.br\/blog\/residencial-way-bandeirantes-estrada-dos-bandeirantes-rj\/#article\",\"isPartOf\":{\"@id\":\"https:\/\/invexo.com.br\/blog\/residencial-way-bandeirantes-estrada-dos-bandeirantes-rj\/\"},\"author\":{\"name\":\"Ronnie Possatti\",\"@id\":\"https:\/\/invexo.com.br\/blog\/#\/schema\/person\/36bee32f1cfacde03dc4c9622a58778d\"},\"headline\":\"Residencial na Estrada dos Bandeirantes: Way Bandeirantes RJ\",\"datePublished\":\"2020-11-17T18:16:00+00:00\",\"dateModified\":\"2022-06-29T00:45:14+00:00\",\"mainEntityOfPage\":{\"@id\":\"https:\/\/invexo.com.br\/blog\/residencial-way-bandeirantes-estrada-dos-bandeirantes-rj\/\"},\"wordCount\":538,\"publisher\":{\"@id\":\"https:\/\/invexo.com.br\/blog\/#organization\"},\"image\":{\"@id\":\"https:\/\/invexo.com.br\/blog\/residencial-way-bandeirantes-estrada-dos-bandeirantes-rj\/#primaryimage\"},\"thumbnailUrl\":\"https:\/\/invexo.com.br\/blog\/wp-content\/uploads\/2020\/10\/Residencial-Way-Bandeirantes-RJ.jpg\",\"articleSection\":[\"Bairros\",\"Informa\u00e7\u00f5es\",\"Mercado imobili\u00e1rio\"],\"inLanguage\":\"pt-BR\"},{\"@type\":\"WebPage\",\"@id\":\"https:\/\/invexo.com.br\/blog\/residencial-way-bandeirantes-estrada-dos-bandeirantes-rj\/\",\"url\":\"https:\/\/invexo.com.br\/blog\/residencial-way-bandeirantes-estrada-dos-bandeirantes-rj\/\",\"name\":\"Residencial Way Bandeirantes RJ\",\"isPartOf\":{\"@id\":\"https:\/\/invexo.com.br\/blog\/#website\"},\"primaryImageOfPage\":{\"@id\":\"https:\/\/invexo.com.br\/blog\/residencial-way-bandeirantes-estrada-dos-bandeirantes-rj\/#primaryimage\"},\"image\":{\"@id\":\"https:\/\/invexo.com.br\/blog\/residencial-way-bandeirantes-estrada-dos-bandeirantes-rj\/#primaryimage\"},\"thumbnailUrl\":\"https:\/\/invexo.com.br\/blog\/wp-content\/uploads\/2020\/10\/Residencial-Way-Bandeirantes-RJ.jpg\",\"datePublished\":\"2020-11-17T18:16:00+00:00\",\"dateModified\":\"2022-06-29T00:45:14+00:00\",\"description\":\"More no residencial Way Bandeirantes! Confira as principais informa\u00e7\u00f5es sobre os apartamentos de 2 quartos e 1 su\u00edte do condom\u00ednio completo.\",\"breadcrumb\":{\"@id\":\"https:\/\/invexo.com.br\/blog\/residencial-way-bandeirantes-estrada-dos-bandeirantes-rj\/#breadcrumb\"},\"inLanguage\":\"pt-BR\",\"potentialAction\":[{\"@type\":\"ReadAction\",\"target\":[\"https:\/\/invexo.com.br\/blog\/residencial-way-bandeirantes-estrada-dos-bandeirantes-rj\/\"]}]},{\"@type\":\"ImageObject\",\"inLanguage\":\"pt-BR\",\"@id\":\"https:\/\/invexo.com.br\/blog\/residencial-way-bandeirantes-estrada-dos-bandeirantes-rj\/#primaryimage\",\"url\":\"https:\/\/invexo.com.br\/blog\/wp-content\/uploads\/2020\/10\/Residencial-Way-Bandeirantes-RJ.jpg\",\"contentUrl\":\"https:\/\/invexo.com.br\/blog\/wp-content\/uploads\/2020\/10\/Residencial-Way-Bandeirantes-RJ.jpg\",\"width\":1000,\"height\":677,\"caption\":\"Residencial Way Bandeirantes\"},{\"@type\":\"BreadcrumbList\",\"@id\":\"https:\/\/invexo.com.br\/blog\/residencial-way-bandeirantes-estrada-dos-bandeirantes-rj\/#breadcrumb\",\"itemListElement\":[{\"@type\":\"ListItem\",\"position\":1,\"name\":\"Blog\",\"item\":\"https:\/\/invexo.com.br\/blog\/\"},{\"@type\":\"ListItem\",\"position\":2,\"name\":\"Bairros\",\"item\":\"https:\/\/invexo.com.br\/blog\/categoria\/bairros\/\"},{\"@type\":\"ListItem\",\"position\":3,\"name\":\"Residencial na Estrada dos Bandeirantes: Way Bandeirantes RJ\"}]},{\"@type\":\"WebSite\",\"@id\":\"https:\/\/invexo.com.br\/blog\/#website\",\"url\":\"https:\/\/invexo.com.br\/blog\/\",\"name\":\"Not\u00edcias RJ\",\"description\":\"Not\u00edcias sobre im\u00f3veis, financiamento, mercado imobili\u00e1rio do Rio de Janeiro. Informa\u00e7\u00f5es sobre Bairros, Condom\u00ednios e Regi\u00e3o do Rio de Janeiro.\",\"publisher\":{\"@id\":\"https:\/\/invexo.com.br\/blog\/#organization\"},\"potentialAction\":[{\"@type\":\"SearchAction\",\"target\":{\"@type\":\"EntryPoint\",\"urlTemplate\":\"https:\/\/invexo.com.br\/blog\/?s={search_term_string}\"},\"query-input\":{\"@type\":\"PropertyValueSpecification\",\"valueRequired\":true,\"valueName\":\"search_term_string\"}}],\"inLanguage\":\"pt-BR\"},{\"@type\":\"Organization\",\"@id\":\"https:\/\/invexo.com.br\/blog\/#organization\",\"name\":\"INVEXO Imobili\u00e1ria\",\"url\":\"https:\/\/invexo.com.br\/blog\/\",\"logo\":{\"@type\":\"ImageObject\",\"inLanguage\":\"pt-BR\",\"@id\":\"https:\/\/invexo.com.br\/blog\/#\/schema\/logo\/image\/\",\"url\":\"https:\/\/invexo.com.br\/blog\/wp-content\/uploads\/2018\/09\/invexo-80-melhor.png\",\"contentUrl\":\"https:\/\/invexo.com.br\/blog\/wp-content\/uploads\/2018\/09\/invexo-80-melhor.png\",\"width\":247,\"height\":80,\"caption\":\"INVEXO Imobili\u00e1ria\"},\"image\":{\"@id\":\"https:\/\/invexo.com.br\/blog\/#\/schema\/logo\/image\/\"},\"sameAs\":[\"https:\/\/facebook.com\/invexo\",\"https:\/\/x.com\/invexoimoveis\"]},{\"@type\":\"Person\",\"@id\":\"https:\/\/invexo.com.br\/blog\/#\/schema\/person\/36bee32f1cfacde03dc4c9622a58778d\",\"name\":\"Ronnie Possatti\",\"image\":{\"@type\":\"ImageObject\",\"inLanguage\":\"pt-BR\",\"@id\":\"https:\/\/invexo.com.br\/blog\/#\/schema\/person\/image\/\",\"url\":\"https:\/\/secure.gravatar.com\/avatar\/51a6cdcc215551235c39affb853f1e38?s=96&d=blank&r=g\",\"contentUrl\":\"https:\/\/secure.gravatar.com\/avatar\/51a6cdcc215551235c39affb853f1e38?s=96&d=blank&r=g\",\"caption\":\"Ronnie Possatti\"},\"description\":\"Equipe de especialistas que traz para seus leitores conte\u00fados relevantes e de qualidade sobre bairros, condom\u00ednios, lan\u00e7amentos e not\u00edcias imobili\u00e1rias no Rio de Janeiro.\",\"sameAs\":[\"https:\/\/facebook.com\/invexo\",\"https:\/\/instagram.com\/invexo\",\"https:\/\/x.com\/https:\/\/twitter.com\/invexoimoveis\"],\"url\":\"https:\/\/invexo.com.br\/blog\/author\/invexo\/\"}]}<\/script>\n<!-- \/ Yoast SEO plugin. -->","yoast_head_json":{"title":"Residencial Way Bandeirantes RJ","description":"More no residencial Way Bandeirantes! Confira as principais informa\u00e7\u00f5es sobre os apartamentos de 2 quartos e 1 su\u00edte do condom\u00ednio completo.","robots":{"index":"index","follow":"follow","max-snippet":"max-snippet:-1","max-image-preview":"max-image-preview:large","max-video-preview":"max-video-preview:-1"},"canonical":"https:\/\/invexo.com.br\/blog\/residencial-way-bandeirantes-estrada-dos-bandeirantes-rj\/","og_locale":"pt_BR","og_type":"article","og_title":"Residencial Way Bandeirantes RJ","og_description":"More no residencial Way Bandeirantes! Confira as principais informa\u00e7\u00f5es sobre os apartamentos de 2 quartos e 1 su\u00edte do condom\u00ednio completo.","og_url":"https:\/\/invexo.com.br\/blog\/residencial-way-bandeirantes-estrada-dos-bandeirantes-rj\/","og_site_name":"Not\u00edcias RJ","article_publisher":"https:\/\/facebook.com\/invexo","article_author":"https:\/\/facebook.com\/invexo","article_published_time":"2020-11-17T18:16:00+00:00","article_modified_time":"2022-06-29T00:45:14+00:00","og_image":[{"width":1000,"height":677,"url":"https:\/\/invexo.com.br\/blog\/wp-content\/uploads\/2020\/10\/Residencial-Way-Bandeirantes-RJ.jpg","type":"image\/jpeg"}],"author":"Ronnie Possatti","twitter_card":"summary_large_image","twitter_creator":"@https:\/\/twitter.com\/invexoimoveis","twitter_site":"@invexoimoveis","twitter_misc":{"Escrito por":"Ronnie Possatti","Est. tempo de leitura":"3 minutos"},"schema":{"@context":"https:\/\/schema.org","@graph":[{"@type":"Article","@id":"https:\/\/invexo.com.br\/blog\/residencial-way-bandeirantes-estrada-dos-bandeirantes-rj\/#article","isPartOf":{"@id":"https:\/\/invexo.com.br\/blog\/residencial-way-bandeirantes-estrada-dos-bandeirantes-rj\/"},"author":{"name":"Ronnie Possatti","@id":"https:\/\/invexo.com.br\/blog\/#\/schema\/person\/36bee32f1cfacde03dc4c9622a58778d"},"headline":"Residencial na Estrada dos Bandeirantes: Way Bandeirantes RJ","datePublished":"2020-11-17T18:16:00+00:00","dateModified":"2022-06-29T00:45:14+00:00","mainEntityOfPage":{"@id":"https:\/\/invexo.com.br\/blog\/residencial-way-bandeirantes-estrada-dos-bandeirantes-rj\/"},"wordCount":538,"publisher":{"@id":"https:\/\/invexo.com.br\/blog\/#organization"},"image":{"@id":"https:\/\/invexo.com.br\/blog\/residencial-way-bandeirantes-estrada-dos-bandeirantes-rj\/#primaryimage"},"thumbnailUrl":"https:\/\/invexo.com.br\/blog\/wp-content\/uploads\/2020\/10\/Residencial-Way-Bandeirantes-RJ.jpg","articleSection":["Bairros","Informa\u00e7\u00f5es","Mercado imobili\u00e1rio"],"inLanguage":"pt-BR"},{"@type":"WebPage","@id":"https:\/\/invexo.com.br\/blog\/residencial-way-bandeirantes-estrada-dos-bandeirantes-rj\/","url":"https:\/\/invexo.com.br\/blog\/residencial-way-bandeirantes-estrada-dos-bandeirantes-rj\/","name":"Residencial Way Bandeirantes RJ","isPartOf":{"@id":"https:\/\/invexo.com.br\/blog\/#website"},"primaryImageOfPage":{"@id":"https:\/\/invexo.com.br\/blog\/residencial-way-bandeirantes-estrada-dos-bandeirantes-rj\/#primaryimage"},"image":{"@id":"https:\/\/invexo.com.br\/blog\/residencial-way-bandeirantes-estrada-dos-bandeirantes-rj\/#primaryimage"},"thumbnailUrl":"https:\/\/invexo.com.br\/blog\/wp-content\/uploads\/2020\/10\/Residencial-Way-Bandeirantes-RJ.jpg","datePublished":"2020-11-17T18:16:00+00:00","dateModified":"2022-06-29T00:45:14+00:00","description":"More no residencial Way Bandeirantes! Confira as principais informa\u00e7\u00f5es sobre os apartamentos de 2 quartos e 1 su\u00edte do condom\u00ednio completo.","breadcrumb":{"@id":"https:\/\/invexo.com.br\/blog\/residencial-way-bandeirantes-estrada-dos-bandeirantes-rj\/#breadcrumb"},"inLanguage":"pt-BR","potentialAction":[{"@type":"ReadAction","target":["https:\/\/invexo.com.br\/blog\/residencial-way-bandeirantes-estrada-dos-bandeirantes-rj\/"]}]},{"@type":"ImageObject","inLanguage":"pt-BR","@id":"https:\/\/invexo.com.br\/blog\/residencial-way-bandeirantes-estrada-dos-bandeirantes-rj\/#primaryimage","url":"https:\/\/invexo.com.br\/blog\/wp-content\/uploads\/2020\/10\/Residencial-Way-Bandeirantes-RJ.jpg","contentUrl":"https:\/\/invexo.com.br\/blog\/wp-content\/uploads\/2020\/10\/Residencial-Way-Bandeirantes-RJ.jpg","width":1000,"height":677,"caption":"Residencial Way Bandeirantes"},{"@type":"BreadcrumbList","@id":"https:\/\/invexo.com.br\/blog\/residencial-way-bandeirantes-estrada-dos-bandeirantes-rj\/#breadcrumb","itemListElement":[{"@type":"ListItem","position":1,"name":"Blog","item":"https:\/\/invexo.com.br\/blog\/"},{"@type":"ListItem","position":2,"name":"Bairros","item":"https:\/\/invexo.com.br\/blog\/categoria\/bairros\/"},{"@type":"ListItem","position":3,"name":"Residencial na Estrada dos Bandeirantes: Way Bandeirantes RJ"}]},{"@type":"WebSite","@id":"https:\/\/invexo.com.br\/blog\/#website","url":"https:\/\/invexo.com.br\/blog\/","name":"Not\u00edcias RJ","description":"Not\u00edcias sobre im\u00f3veis, financiamento, mercado imobili\u00e1rio do Rio de Janeiro. Informa\u00e7\u00f5es sobre Bairros, Condom\u00ednios e Regi\u00e3o do Rio de Janeiro.","publisher":{"@id":"https:\/\/invexo.com.br\/blog\/#organization"},"potentialAction":[{"@type":"SearchAction","target":{"@type":"EntryPoint","urlTemplate":"https:\/\/invexo.com.br\/blog\/?s={search_term_string}"},"query-input":{"@type":"PropertyValueSpecification","valueRequired":true,"valueName":"search_term_string"}}],"inLanguage":"pt-BR"},{"@type":"Organization","@id":"https:\/\/invexo.com.br\/blog\/#organization","name":"INVEXO Imobili\u00e1ria","url":"https:\/\/invexo.com.br\/blog\/","logo":{"@type":"ImageObject","inLanguage":"pt-BR","@id":"https:\/\/invexo.com.br\/blog\/#\/schema\/logo\/image\/","url":"https:\/\/invexo.com.br\/blog\/wp-content\/uploads\/2018\/09\/invexo-80-melhor.png","contentUrl":"https:\/\/invexo.com.br\/blog\/wp-content\/uploads\/2018\/09\/invexo-80-melhor.png","width":247,"height":80,"caption":"INVEXO Imobili\u00e1ria"},"image":{"@id":"https:\/\/invexo.com.br\/blog\/#\/schema\/logo\/image\/"},"sameAs":["https:\/\/facebook.com\/invexo","https:\/\/x.com\/invexoimoveis"]},{"@type":"Person","@id":"https:\/\/invexo.com.br\/blog\/#\/schema\/person\/36bee32f1cfacde03dc4c9622a58778d","name":"Ronnie Possatti","image":{"@type":"ImageObject","inLanguage":"pt-BR","@id":"https:\/\/invexo.com.br\/blog\/#\/schema\/person\/image\/","url":"https:\/\/secure.gravatar.com\/avatar\/51a6cdcc215551235c39affb853f1e38?s=96&d=blank&r=g","contentUrl":"https:\/\/secure.gravatar.com\/avatar\/51a6cdcc215551235c39affb853f1e38?s=96&d=blank&r=g","caption":"Ronnie Possatti"},"description":"Equipe de especialistas que traz para seus leitores conte\u00fados relevantes e de qualidade sobre bairros, condom\u00ednios, lan\u00e7amentos e not\u00edcias imobili\u00e1rias no Rio de Janeiro.","sameAs":["https:\/\/facebook.com\/invexo","https:\/\/instagram.com\/invexo","https:\/\/x.com\/https:\/\/twitter.com\/invexoimoveis"],"url":"https:\/\/invexo.com.br\/blog\/author\/invexo\/"}]}},"taxonomy_info":{"category":[{"value":10,"label":"Bairros"},{"value":15,"label":"Informa\u00e7\u00f5es"},{"value":230,"label":"Mercado imobili\u00e1rio"}]},"featured_image_src_large":["https:\/\/invexo.com.br\/blog\/wp-content\/uploads\/2020\/10\/Residencial-Way-Bandeirantes-RJ.jpg",1000,677,false],"author_info":{"display_name":"Ronnie Possatti","author_link":"https:\/\/invexo.com.br\/blog\/author\/invexo\/"},"comment_info":0,"category_info":[{"term_id":10,"name":"Bairros","slug":"bairros","term_group":0,"term_taxonomy_id":10,"taxonomy":"category","description":"Not\u00edcias sobre estabelecimentos nos melhores bairros para se morar no Rio de Janeiro.","parent":0,"count":1354,"filter":"raw","cat_ID":10,"category_count":1354,"category_description":"Not\u00edcias sobre estabelecimentos nos melhores bairros para se morar no Rio de Janeiro.","cat_name":"Bairros","category_nicename":"bairros","category_parent":0},{"term_id":15,"name":"Informa\u00e7\u00f5es","slug":"informacoes","term_group":0,"term_taxonomy_id":15,"taxonomy":"category","description":"Informa\u00e7\u00f5es, experi\u00eancia nos melhores estabelecimentos em bairros nobres para se viver no Rio de Janeiro. Tudo sobre cultura, entretenimento e lazer.","parent":0,"count":1297,"filter":"raw","cat_ID":15,"category_count":1297,"category_description":"Informa\u00e7\u00f5es, experi\u00eancia nos melhores estabelecimentos em bairros nobres para se viver no Rio de Janeiro. Tudo sobre cultura, entretenimento e lazer.","cat_name":"Informa\u00e7\u00f5es","category_nicename":"informacoes","category_parent":0},{"term_id":230,"name":"Mercado imobili\u00e1rio","slug":"mercado-imobiliario","term_group":0,"term_taxonomy_id":230,"taxonomy":"category","description":"Not\u00edcias sobre o mercado imobili\u00e1rio carioca, informa\u00e7\u00f5es sobre lan\u00e7amentos, construtoras, incorporadoras e futuros lan\u00e7amentos na cidade do Rio de Janeiro.","parent":0,"count":266,"filter":"raw","cat_ID":230,"category_count":266,"category_description":"Not\u00edcias sobre o mercado imobili\u00e1rio carioca, informa\u00e7\u00f5es sobre lan\u00e7amentos, construtoras, incorporadoras e futuros lan\u00e7amentos na cidade do Rio de Janeiro.","cat_name":"Mercado imobili\u00e1rio","category_nicename":"mercado-imobiliario","category_parent":0}],"tag_info":false,"_links":{"self":[{"href":"https:\/\/invexo.com.br\/blog\/wp-json\/wp\/v2\/posts\/6555"}],"collection":[{"href":"https:\/\/invexo.com.br\/blog\/wp-json\/wp\/v2\/posts"}],"about":[{"href":"https:\/\/invexo.com.br\/blog\/wp-json\/wp\/v2\/types\/post"}],"author":[{"embeddable":true,"href":"https:\/\/invexo.com.br\/blog\/wp-json\/wp\/v2\/users\/2"}],"replies":[{"embeddable":true,"href":"https:\/\/invexo.com.br\/blog\/wp-json\/wp\/v2\/comments?post=6555"}],"version-history":[{"count":1,"href":"https:\/\/invexo.com.br\/blog\/wp-json\/wp\/v2\/posts\/6555\/revisions"}],"predecessor-version":[{"id":27391,"href":"https:\/\/invexo.com.br\/blog\/wp-json\/wp\/v2\/posts\/6555\/revisions\/27391"}],"wp:featuredmedia":[{"embeddable":true,"href":"https:\/\/invexo.com.br\/blog\/wp-json\/wp\/v2\/media\/6557"}],"wp:attachment":[{"href":"https:\/\/invexo.com.br\/blog\/wp-json\/wp\/v2\/media?parent=6555"}],"wp:term":[{"taxonomy":"category","embeddable":true,"href":"https:\/\/invexo.com.br\/blog\/wp-json\/wp\/v2\/categories?post=6555"},{"taxonomy":"post_tag","embeddable":true,"href":"https:\/\/invexo.com.br\/blog\/wp-json\/wp\/v2\/tags?post=6555"}],"curies":[{"name":"wp","href":"https:\/\/api.w.org\/{rel}","templated":true}]}}