{"id":655,"date":"2015-06-30T14:19:00","date_gmt":"2015-06-30T17:19:00","guid":{"rendered":"https:\/\/invexo.com.br\/?p=655"},"modified":"2022-12-28T14:29:16","modified_gmt":"2022-12-28T17:29:16","slug":"tendencia-imoveis-sustentaveis-rio-janeiro","status":"publish","type":"post","link":"https:\/\/invexo.com.br\/blog\/tendencia-imoveis-sustentaveis-rio-janeiro\/","title":{"rendered":"Tend\u00eancia: Im\u00f3veis sustent\u00e1veis no Rio de Janeiro"},"content":{"rendered":"<p><a href=\"https:\/\/invexo.com.br\/wp-content\/uploads\/2015\/06\/im\u00f3veis-sustent\u00e1veis-no-Rio-de-Janeiro.jpg\"><img decoding=\"async\" class=\"aligncenter size-full wp-image-656\" src=\"https:\/\/invexo.com.br\/wp-content\/uploads\/2015\/06\/im\u00f3veis-sustent\u00e1veis-no-Rio-de-Janeiro.jpg\" alt=\"im\u00f3veis sustent\u00e1veis no Rio de Janeiro\" width=\"600\" height=\"600\" \/><\/a><\/p>\n<p>Os projetos sustent\u00e1veis s\u00e3o muito atraentes, principalmente por suas pr\u00e1ticas ecol\u00f3gicas que s\u00e3o muito utilizadas nos dias de hoje.<!--more--><\/p>\n<p>Al\u00e9m disso, os <strong>im\u00f3veis sustent\u00e1veis no Rio de Janeiro<\/strong> s\u00e3o as apostas do setor de constru\u00e7\u00e3o, principalmente por evitar agress\u00f5es ao meio ambiente e por trazer economia financeira, como menos gastos com energia, por exemplo.<\/p>\n<p>A consci\u00eancia sustent\u00e1vel chegou para ficar. E, se voc\u00ea est\u00e1 em busca de um im\u00f3vel comercial ou residencial na planta, uma boa ideia \u00e9 adquirir um <strong>im\u00f3vel sustent\u00e1vel<\/strong>.<\/p>\n<p>Veja abaixo algumas tend\u00eancias de im\u00f3veis sustent\u00e1veis no Rio de Janeiro:<\/p>\n<p><b>1. Retrofit<br \/>\n<\/b><br \/>\nS\u00e3o edif\u00edcios antigos que s\u00e3o renovados com pr\u00e1ticas sustent\u00e1veis. O <strong>retrofit<\/strong> mostra que n\u00e3o \u00e9 preciso fazer um novo projeto para que ele seja sustent\u00e1vel, ou seja, \u00e9 poss\u00edvel aproveitar velhos edif\u00edcios.<\/p>\n<p>Essa ideia \u00e9 econ\u00f4mica e pr\u00e1tica, al\u00e9m de fazer com que o projeto seja entregue com mais rapidez quando comparado a uma nova constru\u00e7\u00e3o.<\/p>\n<p><b>2. Energia solar<\/b><\/p>\n<p>A energia solar \u00e9 bastante utilizada em projetos sustent\u00e1veis e isso agrada muitos compradores, pois significa menos gasto com distribuidoras de energia.<\/p>\n<p>No Brasil, uma pr\u00e1tica sustent\u00e1vel bastante utilizada s\u00e3o as constru\u00e7\u00f5es com pain\u00e9is solares.<\/p>\n<p><b>3. Efici\u00eancia energ\u00e9tica<\/b><\/p>\n<p>Os novos projetos de empreendimentos imobili\u00e1rios aproveitam a entrada de luz natural nas salas comerciais ou apartamentos para evitar desperd\u00edcio de energia.<\/p>\n<p>A luz natural \u00e9 trabalhada com um bom esquema de projeto de luzes, que trazem a possibilidade, por exemplo, de controle por meio de smartphones ou controles, para facilidade em acender e apagar as luzes.<\/p>\n<p>Existem projetos que conseguem um ganho de at\u00e9 30% no consumo da energia el\u00e9trica.<\/p>\n<p><b>4. Coletores de \u00e1gua de chuva<\/b><\/p>\n<p>\u00c9 quase imposs\u00edvel falar em projetos sustent\u00e1veis sem falar nos coletores de \u00e1gua de chuva, que reduzem consideravelmente o consumo de \u00e1gua.<\/p>\n<p>A <a href=\"https:\/\/invexo.com.br\/\">INVEXO<\/a> Lan\u00e7amentos \u00e9 uma empresa preocupada com o meio ambiente e por isso oferece aos seus clientes op\u00e7\u00f5es de empreendimentos imobili\u00e1rios comerciais e residenciais na planta sustent\u00e1veis.<\/p>\n","protected":false},"excerpt":{"rendered":"<p>Os projetos sustent\u00e1veis s\u00e3o muito atraentes, principalmente por suas pr\u00e1ticas ecol\u00f3gicas que s\u00e3o muito utilizadas nos dias de hoje.<\/p>\n","protected":false},"author":2,"featured_media":0,"comment_status":"closed","ping_status":"closed","sticky":false,"template":"","format":"standard","meta":{"_acf_changed":false,"_kad_blocks_custom_css":"","_kad_blocks_head_custom_js":"","_kad_blocks_body_custom_js":"","_kad_blocks_footer_custom_js":"","_kadence_starter_templates_imported_post":false,"_kad_post_transparent":"","_kad_post_title":"","_kad_post_layout":"","_kad_post_sidebar_id":"","_kad_post_content_style":"","_kad_post_vertical_padding":"","_kad_post_feature":"","_kad_post_feature_position":"","_kad_post_header":false,"_kad_post_footer":false,"footnotes":""},"categories":[15],"tags":[],"acf":[],"yoast_head":"<!-- This site is optimized with the Yoast SEO plugin v24.1 - https:\/\/yoast.com\/wordpress\/plugins\/seo\/ -->\n<title>Im\u00f3veis sustent\u00e1veis no Rio de Janeiro: tend\u00eancia nas constru\u00e7\u00f5es<\/title>\n<meta name=\"description\" content=\"Os im\u00f3veis sustent\u00e1veis no Rio de Janeiro s\u00e3o uma tend\u00eancia e atraem pelas pr\u00e1ticas ecol\u00f3gicas que utilizam em suas constru\u00e7\u00f5es.\" \/>\n<meta name=\"robots\" content=\"index, follow, max-snippet:-1, max-image-preview:large, max-video-preview:-1\" \/>\n<link rel=\"canonical\" href=\"https:\/\/invexo.com.br\/blog\/tendencia-imoveis-sustentaveis-rio-janeiro\/\" \/>\n<meta property=\"og:locale\" content=\"pt_BR\" \/>\n<meta property=\"og:type\" content=\"article\" \/>\n<meta property=\"og:title\" content=\"Im\u00f3veis sustent\u00e1veis no Rio de Janeiro: tend\u00eancia nas constru\u00e7\u00f5es\" \/>\n<meta property=\"og:description\" content=\"Os im\u00f3veis sustent\u00e1veis no Rio de Janeiro s\u00e3o uma tend\u00eancia e atraem pelas pr\u00e1ticas ecol\u00f3gicas que utilizam em suas constru\u00e7\u00f5es.\" \/>\n<meta property=\"og:url\" content=\"https:\/\/invexo.com.br\/blog\/tendencia-imoveis-sustentaveis-rio-janeiro\/\" \/>\n<meta property=\"og:site_name\" content=\"Not\u00edcias RJ\" \/>\n<meta property=\"article:publisher\" content=\"https:\/\/facebook.com\/invexo\" \/>\n<meta property=\"article:author\" content=\"https:\/\/facebook.com\/invexo\" \/>\n<meta property=\"article:published_time\" content=\"2015-06-30T17:19:00+00:00\" \/>\n<meta property=\"article:modified_time\" content=\"2022-12-28T17:29:16+00:00\" \/>\n<meta name=\"author\" content=\"Ronnie Possatti\" \/>\n<meta name=\"twitter:card\" content=\"summary_large_image\" \/>\n<meta name=\"twitter:creator\" content=\"@https:\/\/twitter.com\/invexoimoveis\" \/>\n<meta name=\"twitter:site\" content=\"@invexoimoveis\" \/>\n<meta name=\"twitter:label1\" content=\"Escrito por\" \/>\n\t<meta name=\"twitter:data1\" content=\"Ronnie Possatti\" \/>\n\t<meta name=\"twitter:label2\" content=\"Est. tempo de leitura\" \/>\n\t<meta name=\"twitter:data2\" content=\"2 minutos\" \/>\n<script type=\"application\/ld+json\" class=\"yoast-schema-graph\">{\"@context\":\"https:\/\/schema.org\",\"@graph\":[{\"@type\":\"Article\",\"@id\":\"https:\/\/invexo.com.br\/blog\/tendencia-imoveis-sustentaveis-rio-janeiro\/#article\",\"isPartOf\":{\"@id\":\"https:\/\/invexo.com.br\/blog\/tendencia-imoveis-sustentaveis-rio-janeiro\/\"},\"author\":{\"name\":\"Ronnie Possatti\",\"@id\":\"https:\/\/invexo.com.br\/blog\/#\/schema\/person\/36bee32f1cfacde03dc4c9622a58778d\"},\"headline\":\"Tend\u00eancia: Im\u00f3veis sustent\u00e1veis no Rio de Janeiro\",\"datePublished\":\"2015-06-30T17:19:00+00:00\",\"dateModified\":\"2022-12-28T17:29:16+00:00\",\"mainEntityOfPage\":{\"@id\":\"https:\/\/invexo.com.br\/blog\/tendencia-imoveis-sustentaveis-rio-janeiro\/\"},\"wordCount\":365,\"publisher\":{\"@id\":\"https:\/\/invexo.com.br\/blog\/#organization\"},\"articleSection\":[\"Informa\u00e7\u00f5es\"],\"inLanguage\":\"pt-BR\"},{\"@type\":\"WebPage\",\"@id\":\"https:\/\/invexo.com.br\/blog\/tendencia-imoveis-sustentaveis-rio-janeiro\/\",\"url\":\"https:\/\/invexo.com.br\/blog\/tendencia-imoveis-sustentaveis-rio-janeiro\/\",\"name\":\"Im\u00f3veis sustent\u00e1veis no Rio de Janeiro: tend\u00eancia nas constru\u00e7\u00f5es\",\"isPartOf\":{\"@id\":\"https:\/\/invexo.com.br\/blog\/#website\"},\"datePublished\":\"2015-06-30T17:19:00+00:00\",\"dateModified\":\"2022-12-28T17:29:16+00:00\",\"description\":\"Os im\u00f3veis sustent\u00e1veis no Rio de Janeiro s\u00e3o uma tend\u00eancia e atraem pelas pr\u00e1ticas ecol\u00f3gicas que utilizam em suas constru\u00e7\u00f5es.\",\"breadcrumb\":{\"@id\":\"https:\/\/invexo.com.br\/blog\/tendencia-imoveis-sustentaveis-rio-janeiro\/#breadcrumb\"},\"inLanguage\":\"pt-BR\",\"potentialAction\":[{\"@type\":\"ReadAction\",\"target\":[\"https:\/\/invexo.com.br\/blog\/tendencia-imoveis-sustentaveis-rio-janeiro\/\"]}]},{\"@type\":\"BreadcrumbList\",\"@id\":\"https:\/\/invexo.com.br\/blog\/tendencia-imoveis-sustentaveis-rio-janeiro\/#breadcrumb\",\"itemListElement\":[{\"@type\":\"ListItem\",\"position\":1,\"name\":\"Blog\",\"item\":\"https:\/\/invexo.com.br\/blog\/\"},{\"@type\":\"ListItem\",\"position\":2,\"name\":\"Informa\u00e7\u00f5es\",\"item\":\"https:\/\/invexo.com.br\/blog\/categoria\/informacoes\/\"},{\"@type\":\"ListItem\",\"position\":3,\"name\":\"Tend\u00eancia: Im\u00f3veis sustent\u00e1veis no Rio de Janeiro\"}]},{\"@type\":\"WebSite\",\"@id\":\"https:\/\/invexo.com.br\/blog\/#website\",\"url\":\"https:\/\/invexo.com.br\/blog\/\",\"name\":\"Not\u00edcias RJ\",\"description\":\"Not\u00edcias sobre im\u00f3veis, financiamento, mercado imobili\u00e1rio do Rio de Janeiro. Informa\u00e7\u00f5es sobre Bairros, Condom\u00ednios e Regi\u00e3o do Rio de Janeiro.\",\"publisher\":{\"@id\":\"https:\/\/invexo.com.br\/blog\/#organization\"},\"potentialAction\":[{\"@type\":\"SearchAction\",\"target\":{\"@type\":\"EntryPoint\",\"urlTemplate\":\"https:\/\/invexo.com.br\/blog\/?s={search_term_string}\"},\"query-input\":{\"@type\":\"PropertyValueSpecification\",\"valueRequired\":true,\"valueName\":\"search_term_string\"}}],\"inLanguage\":\"pt-BR\"},{\"@type\":\"Organization\",\"@id\":\"https:\/\/invexo.com.br\/blog\/#organization\",\"name\":\"INVEXO Imobili\u00e1ria\",\"url\":\"https:\/\/invexo.com.br\/blog\/\",\"logo\":{\"@type\":\"ImageObject\",\"inLanguage\":\"pt-BR\",\"@id\":\"https:\/\/invexo.com.br\/blog\/#\/schema\/logo\/image\/\",\"url\":\"https:\/\/invexo.com.br\/blog\/wp-content\/uploads\/2018\/09\/invexo-80-melhor.png\",\"contentUrl\":\"https:\/\/invexo.com.br\/blog\/wp-content\/uploads\/2018\/09\/invexo-80-melhor.png\",\"width\":247,\"height\":80,\"caption\":\"INVEXO Imobili\u00e1ria\"},\"image\":{\"@id\":\"https:\/\/invexo.com.br\/blog\/#\/schema\/logo\/image\/\"},\"sameAs\":[\"https:\/\/facebook.com\/invexo\",\"https:\/\/x.com\/invexoimoveis\"]},{\"@type\":\"Person\",\"@id\":\"https:\/\/invexo.com.br\/blog\/#\/schema\/person\/36bee32f1cfacde03dc4c9622a58778d\",\"name\":\"Ronnie Possatti\",\"image\":{\"@type\":\"ImageObject\",\"inLanguage\":\"pt-BR\",\"@id\":\"https:\/\/invexo.com.br\/blog\/#\/schema\/person\/image\/\",\"url\":\"https:\/\/secure.gravatar.com\/avatar\/51a6cdcc215551235c39affb853f1e38?s=96&d=blank&r=g\",\"contentUrl\":\"https:\/\/secure.gravatar.com\/avatar\/51a6cdcc215551235c39affb853f1e38?s=96&d=blank&r=g\",\"caption\":\"Ronnie Possatti\"},\"description\":\"Equipe de especialistas que traz para seus leitores conte\u00fados relevantes e de qualidade sobre bairros, condom\u00ednios, lan\u00e7amentos e not\u00edcias imobili\u00e1rias no Rio de Janeiro.\",\"sameAs\":[\"https:\/\/facebook.com\/invexo\",\"https:\/\/instagram.com\/invexo\",\"https:\/\/x.com\/https:\/\/twitter.com\/invexoimoveis\"],\"url\":\"https:\/\/invexo.com.br\/blog\/author\/invexo\/\"}]}<\/script>\n<!-- \/ Yoast SEO plugin. -->","yoast_head_json":{"title":"Im\u00f3veis sustent\u00e1veis no Rio de Janeiro: tend\u00eancia nas constru\u00e7\u00f5es","description":"Os im\u00f3veis sustent\u00e1veis no Rio de Janeiro s\u00e3o uma tend\u00eancia e atraem pelas pr\u00e1ticas ecol\u00f3gicas que utilizam em suas constru\u00e7\u00f5es.","robots":{"index":"index","follow":"follow","max-snippet":"max-snippet:-1","max-image-preview":"max-image-preview:large","max-video-preview":"max-video-preview:-1"},"canonical":"https:\/\/invexo.com.br\/blog\/tendencia-imoveis-sustentaveis-rio-janeiro\/","og_locale":"pt_BR","og_type":"article","og_title":"Im\u00f3veis sustent\u00e1veis no Rio de Janeiro: tend\u00eancia nas constru\u00e7\u00f5es","og_description":"Os im\u00f3veis sustent\u00e1veis no Rio de Janeiro s\u00e3o uma tend\u00eancia e atraem pelas pr\u00e1ticas ecol\u00f3gicas que utilizam em suas constru\u00e7\u00f5es.","og_url":"https:\/\/invexo.com.br\/blog\/tendencia-imoveis-sustentaveis-rio-janeiro\/","og_site_name":"Not\u00edcias RJ","article_publisher":"https:\/\/facebook.com\/invexo","article_author":"https:\/\/facebook.com\/invexo","article_published_time":"2015-06-30T17:19:00+00:00","article_modified_time":"2022-12-28T17:29:16+00:00","author":"Ronnie Possatti","twitter_card":"summary_large_image","twitter_creator":"@https:\/\/twitter.com\/invexoimoveis","twitter_site":"@invexoimoveis","twitter_misc":{"Escrito por":"Ronnie Possatti","Est. tempo de leitura":"2 minutos"},"schema":{"@context":"https:\/\/schema.org","@graph":[{"@type":"Article","@id":"https:\/\/invexo.com.br\/blog\/tendencia-imoveis-sustentaveis-rio-janeiro\/#article","isPartOf":{"@id":"https:\/\/invexo.com.br\/blog\/tendencia-imoveis-sustentaveis-rio-janeiro\/"},"author":{"name":"Ronnie Possatti","@id":"https:\/\/invexo.com.br\/blog\/#\/schema\/person\/36bee32f1cfacde03dc4c9622a58778d"},"headline":"Tend\u00eancia: Im\u00f3veis sustent\u00e1veis no Rio de Janeiro","datePublished":"2015-06-30T17:19:00+00:00","dateModified":"2022-12-28T17:29:16+00:00","mainEntityOfPage":{"@id":"https:\/\/invexo.com.br\/blog\/tendencia-imoveis-sustentaveis-rio-janeiro\/"},"wordCount":365,"publisher":{"@id":"https:\/\/invexo.com.br\/blog\/#organization"},"articleSection":["Informa\u00e7\u00f5es"],"inLanguage":"pt-BR"},{"@type":"WebPage","@id":"https:\/\/invexo.com.br\/blog\/tendencia-imoveis-sustentaveis-rio-janeiro\/","url":"https:\/\/invexo.com.br\/blog\/tendencia-imoveis-sustentaveis-rio-janeiro\/","name":"Im\u00f3veis sustent\u00e1veis no Rio de Janeiro: tend\u00eancia nas constru\u00e7\u00f5es","isPartOf":{"@id":"https:\/\/invexo.com.br\/blog\/#website"},"datePublished":"2015-06-30T17:19:00+00:00","dateModified":"2022-12-28T17:29:16+00:00","description":"Os im\u00f3veis sustent\u00e1veis no Rio de Janeiro s\u00e3o uma tend\u00eancia e atraem pelas pr\u00e1ticas ecol\u00f3gicas que utilizam em suas constru\u00e7\u00f5es.","breadcrumb":{"@id":"https:\/\/invexo.com.br\/blog\/tendencia-imoveis-sustentaveis-rio-janeiro\/#breadcrumb"},"inLanguage":"pt-BR","potentialAction":[{"@type":"ReadAction","target":["https:\/\/invexo.com.br\/blog\/tendencia-imoveis-sustentaveis-rio-janeiro\/"]}]},{"@type":"BreadcrumbList","@id":"https:\/\/invexo.com.br\/blog\/tendencia-imoveis-sustentaveis-rio-janeiro\/#breadcrumb","itemListElement":[{"@type":"ListItem","position":1,"name":"Blog","item":"https:\/\/invexo.com.br\/blog\/"},{"@type":"ListItem","position":2,"name":"Informa\u00e7\u00f5es","item":"https:\/\/invexo.com.br\/blog\/categoria\/informacoes\/"},{"@type":"ListItem","position":3,"name":"Tend\u00eancia: Im\u00f3veis sustent\u00e1veis no Rio de Janeiro"}]},{"@type":"WebSite","@id":"https:\/\/invexo.com.br\/blog\/#website","url":"https:\/\/invexo.com.br\/blog\/","name":"Not\u00edcias RJ","description":"Not\u00edcias sobre im\u00f3veis, financiamento, mercado imobili\u00e1rio do Rio de Janeiro. Informa\u00e7\u00f5es sobre Bairros, Condom\u00ednios e Regi\u00e3o do Rio de Janeiro.","publisher":{"@id":"https:\/\/invexo.com.br\/blog\/#organization"},"potentialAction":[{"@type":"SearchAction","target":{"@type":"EntryPoint","urlTemplate":"https:\/\/invexo.com.br\/blog\/?s={search_term_string}"},"query-input":{"@type":"PropertyValueSpecification","valueRequired":true,"valueName":"search_term_string"}}],"inLanguage":"pt-BR"},{"@type":"Organization","@id":"https:\/\/invexo.com.br\/blog\/#organization","name":"INVEXO Imobili\u00e1ria","url":"https:\/\/invexo.com.br\/blog\/","logo":{"@type":"ImageObject","inLanguage":"pt-BR","@id":"https:\/\/invexo.com.br\/blog\/#\/schema\/logo\/image\/","url":"https:\/\/invexo.com.br\/blog\/wp-content\/uploads\/2018\/09\/invexo-80-melhor.png","contentUrl":"https:\/\/invexo.com.br\/blog\/wp-content\/uploads\/2018\/09\/invexo-80-melhor.png","width":247,"height":80,"caption":"INVEXO Imobili\u00e1ria"},"image":{"@id":"https:\/\/invexo.com.br\/blog\/#\/schema\/logo\/image\/"},"sameAs":["https:\/\/facebook.com\/invexo","https:\/\/x.com\/invexoimoveis"]},{"@type":"Person","@id":"https:\/\/invexo.com.br\/blog\/#\/schema\/person\/36bee32f1cfacde03dc4c9622a58778d","name":"Ronnie Possatti","image":{"@type":"ImageObject","inLanguage":"pt-BR","@id":"https:\/\/invexo.com.br\/blog\/#\/schema\/person\/image\/","url":"https:\/\/secure.gravatar.com\/avatar\/51a6cdcc215551235c39affb853f1e38?s=96&d=blank&r=g","contentUrl":"https:\/\/secure.gravatar.com\/avatar\/51a6cdcc215551235c39affb853f1e38?s=96&d=blank&r=g","caption":"Ronnie Possatti"},"description":"Equipe de especialistas que traz para seus leitores conte\u00fados relevantes e de qualidade sobre bairros, condom\u00ednios, lan\u00e7amentos e not\u00edcias imobili\u00e1rias no Rio de Janeiro.","sameAs":["https:\/\/facebook.com\/invexo","https:\/\/instagram.com\/invexo","https:\/\/x.com\/https:\/\/twitter.com\/invexoimoveis"],"url":"https:\/\/invexo.com.br\/blog\/author\/invexo\/"}]}},"taxonomy_info":{"category":[{"value":15,"label":"Informa\u00e7\u00f5es"}]},"featured_image_src_large":false,"author_info":{"display_name":"Ronnie Possatti","author_link":"https:\/\/invexo.com.br\/blog\/author\/invexo\/"},"comment_info":0,"category_info":[{"term_id":15,"name":"Informa\u00e7\u00f5es","slug":"informacoes","term_group":0,"term_taxonomy_id":15,"taxonomy":"category","description":"Informa\u00e7\u00f5es, experi\u00eancia nos melhores estabelecimentos em bairros nobres para se viver no Rio de Janeiro. Tudo sobre cultura, entretenimento e lazer.","parent":0,"count":1297,"filter":"raw","cat_ID":15,"category_count":1297,"category_description":"Informa\u00e7\u00f5es, experi\u00eancia nos melhores estabelecimentos em bairros nobres para se viver no Rio de Janeiro. Tudo sobre cultura, entretenimento e lazer.","cat_name":"Informa\u00e7\u00f5es","category_nicename":"informacoes","category_parent":0}],"tag_info":false,"_links":{"self":[{"href":"https:\/\/invexo.com.br\/blog\/wp-json\/wp\/v2\/posts\/655"}],"collection":[{"href":"https:\/\/invexo.com.br\/blog\/wp-json\/wp\/v2\/posts"}],"about":[{"href":"https:\/\/invexo.com.br\/blog\/wp-json\/wp\/v2\/types\/post"}],"author":[{"embeddable":true,"href":"https:\/\/invexo.com.br\/blog\/wp-json\/wp\/v2\/users\/2"}],"replies":[{"embeddable":true,"href":"https:\/\/invexo.com.br\/blog\/wp-json\/wp\/v2\/comments?post=655"}],"version-history":[{"count":2,"href":"https:\/\/invexo.com.br\/blog\/wp-json\/wp\/v2\/posts\/655\/revisions"}],"predecessor-version":[{"id":33315,"href":"https:\/\/invexo.com.br\/blog\/wp-json\/wp\/v2\/posts\/655\/revisions\/33315"}],"wp:attachment":[{"href":"https:\/\/invexo.com.br\/blog\/wp-json\/wp\/v2\/media?parent=655"}],"wp:term":[{"taxonomy":"category","embeddable":true,"href":"https:\/\/invexo.com.br\/blog\/wp-json\/wp\/v2\/categories?post=655"},{"taxonomy":"post_tag","embeddable":true,"href":"https:\/\/invexo.com.br\/blog\/wp-json\/wp\/v2\/tags?post=655"}],"curies":[{"name":"wp","href":"https:\/\/api.w.org\/{rel}","templated":true}]}}