{"id":6527,"date":"2020-11-12T15:46:22","date_gmt":"2020-11-12T17:46:22","guid":{"rendered":"https:\/\/invexo.com.br\/blog\/?p=6527"},"modified":"2022-06-28T21:45:15","modified_gmt":"2022-06-29T00:45:15","slug":"lancamento-on-the-ocean-estrada-do-pontal-rj","status":"publish","type":"post","link":"https:\/\/invexo.com.br\/blog\/lancamento-on-the-ocean-estrada-do-pontal-rj\/","title":{"rendered":"Lan\u00e7amento Residencial na Estrada do Pontal: On the Ocean Recreio RJ"},"content":{"rendered":"\n<p>J\u00e1 pensou em viver de frente para o mar, com uma vista \u00fanica da natureza carioca? Pois essa \u00e9 a vis\u00e3o de quem for morar no lan\u00e7amento residencial On the Ocean.<\/p>\n\n\n\n<p>Localizado no Recreio dos Bandeirantes, o condom\u00ednio com 8 mil metros de \u00e1rea total vai surpreender a voc\u00ea!<\/p>\n\n\n\n<p>Quer saber mais informa\u00e7\u00f5es sobre o novo empreendimento imobili\u00e1rio da construtora CYCOHRP? Ent\u00e3o, acompanhe e confira!<\/p>\n\n\n\n<h2 class=\"wp-block-heading\">More na <strong>Estrada do Pontal<\/strong><\/h2>\n\n\n\n<p>A Estrada do Pontal \u00e9 uma via que atravessa importantes pontos do bairro Recreio dos Bandeirantes, no Rio de Janeiro.<\/p>\n\n\n\n<p>Fazendo liga\u00e7\u00e3o entre a Avenida L\u00facio Costa e Avenida das Am\u00e9ricas, a estrada passa por locais como Praia do Pontal de Sernambetiba, Praia da Macumba, Parque Estadual da Pedra Branca e v\u00e1rios outros atrativos naturais do Rio de Janeiro.<\/p>\n\n\n\n<p>Al\u00e9m disso, o endere\u00e7o tem uma ampla rede de com\u00e9rcios e servi\u00e7os que proporcionam \u00f3tima infraestrutura para os moradores. <\/p>\n\n\n\n<p>Assim, \u00e9 poss\u00edvel encontrar mercados, escolas, restaurantes, bancos e uma infinidade de comodidades pela regi\u00e3o.<\/p>\n\n\n\n<p>O Recreio Shopping e o Am\u00e9ricas Shopping &#8211; que t\u00eam grande variedade de lojas &#8211; tamb\u00e9m est\u00e3o localizados pr\u00f3ximos \u00e0 via.<\/p>\n\n\n\n<p>Por isso, morar na Estrada do Pontal \u00e9 a escolha perfeita para quem preza pelo contato com a natureza do Rio de Janeiro em um ambiente com excelente infraestrutura.<\/p>\n\n\n\n<h3 class=\"wp-block-heading\"><strong>Estrada do Pontal: <\/strong>Lan\u00e7amento<strong> On the Ocean Recreio da Construtora CYCOHRP<\/strong><\/h3>\n\n\n\n<p>Com todos esses atrativos, a construtora CYCOHRP elegeu a Estrada do Pontal para realizar seu mais novo empreendimento imobili\u00e1rio: On the Ocean.<\/p>\n\n\n\n<p>O condom\u00ednio residencial ser\u00e1 composto por apartamentos Tipo, apartamentos Garden e coberturas.<\/p>\n\n\n\n<p>Os sofisticados im\u00f3veis t\u00eam plantas cuidadosamente pensadas para trazer a melhor experi\u00eancia de moradia do Rio de Janeiro.<\/p>\n\n\n\n<p>Acompanhe e, assim, descubra detalhes sobre esse grandioso lan\u00e7amento no Recreio dos Bandeirantes.<\/p>\n\n\n\n<h2 class=\"wp-block-heading\">Condom\u00ednio On the Ocean Recreio na Estrada do Pontal<\/h2>\n\n\n\n<p>Em seus 8 mil m\u00b2, o lan\u00e7amento On the Ocean oferece diversos atrativos para seus moradores. Confira alguns deles:<\/p>\n\n\n\n<ul><li>Piscinas: semi ol\u00edmpica, adulto e infantil<\/li><li>Deck molhado<\/li><li>Parquinho ao ar livre<\/li><li>Academia <\/li><li>Espa\u00e7o massagem<\/li><li>Sal\u00e3o de festas <\/li><li>Sal\u00e3o gourmet e muito mais<\/li><\/ul>\n\n\n\n<p>Gostou? Ent\u00e3o, veja ainda mais informa\u00e7\u00f5es sobre os apartamentos e as coberturas \u00e0 venda no lan\u00e7amento On the Ocean, no Recreio.<\/p>\n\n\n\n<h3 class=\"wp-block-heading\"><strong>A<\/strong>partamentos<\/h3>\n\n\n\n<p>Os modernos apartamentos s\u00e3o compostos por 2 e 3 quartos &#8211; com at\u00e9 3 su\u00edtes &#8211; e demais acomoda\u00e7\u00f5es.<\/p>\n\n\n\n<p>Os im\u00f3veis t\u00eam metragens que variam entre 79 m\u00b2 e 149 m\u00b2 e oferecem ao morador de 1 a 2 vagas de garagem no condom\u00ednio.<\/p>\n\n\n\n<h3 class=\"wp-block-heading\"><strong>A<\/strong>partamentos Garden<\/h3>\n\n\n\n<p>Os espa\u00e7osos apartamentos Garden t\u00eam 4 quartos &#8211; todos su\u00edtes &#8211; e todos os outros c\u00f4modos.<\/p>\n\n\n\n<p>As unidades t\u00eam de 267 m\u00b2 a 306 m\u00b2 e, al\u00e9m disso, garantem de 2 a 3 vagas de garagem ao propriet\u00e1rio do im\u00f3vel.<\/p>\n\n\n\n<h3 class=\"wp-block-heading\"><strong>C<\/strong>oberturas<\/h3>\n\n\n\n<p>J\u00e1 as luxuosas coberturas, com 238 m\u00b2 a 284 m\u00b2, s\u00e3o compostas por 4 e 5 quartos, com 4 su\u00edtes e demais acomoda\u00e7\u00f5es.<\/p>\n\n\n\n<p>O morador tem direito a 3 vagas de garagem no residencial.<\/p>\n\n\n\n<h2 class=\"wp-block-heading\">Lan\u00e7amento On the Ocean<\/h2>\n\n\n\n<p>Quer morar com vista para o mar do Rio de Janeiro? Ent\u00e3o, venha para o lan\u00e7amento <a href=\"https:\/\/invexo.com.br\/lancamento\/on-the-ocean-recreio\/\" target=\"_blank\" rel=\"noreferrer noopener\">On the Ocean<\/a>.<\/p>\n","protected":false},"excerpt":{"rendered":"<p>J\u00e1 pensou em viver de frente para o mar, com uma vista \u00fanica da natureza carioca? Pois essa \u00e9 a vis\u00e3o de quem for morar no lan\u00e7amento residencial On the Ocean. Localizado no Recreio dos Bandeirantes, o condom\u00ednio com 8 mil metros de \u00e1rea total vai surpreender a voc\u00ea! Quer saber mais informa\u00e7\u00f5es sobre o&#8230;<\/p>\n","protected":false},"author":2,"featured_media":6528,"comment_status":"closed","ping_status":"closed","sticky":false,"template":"","format":"standard","meta":{"_acf_changed":false,"_kad_blocks_custom_css":"","_kad_blocks_head_custom_js":"","_kad_blocks_body_custom_js":"","_kad_blocks_footer_custom_js":"","_kadence_starter_templates_imported_post":false,"_kad_post_transparent":"","_kad_post_title":"","_kad_post_layout":"","_kad_post_sidebar_id":"","_kad_post_content_style":"","_kad_post_vertical_padding":"","_kad_post_feature":"","_kad_post_feature_position":"","_kad_post_header":false,"_kad_post_footer":false,"footnotes":""},"categories":[10,15,649,230],"tags":[],"acf":[],"yoast_head":"<!-- This site is optimized with the Yoast SEO plugin v24.1 - https:\/\/yoast.com\/wordpress\/plugins\/seo\/ -->\n<title>Lan\u00e7amento On the Ocean RJ<\/title>\n<meta name=\"description\" content=\"Quer morar com vista para o mar? Ent\u00e3o, conhe\u00e7a detalhes sobre os apartamentos Tipo, apartamentos Garden e coberturas do lan\u00e7amento On the Ocean, no Recreio\" \/>\n<meta name=\"robots\" content=\"index, follow, max-snippet:-1, max-image-preview:large, max-video-preview:-1\" \/>\n<link rel=\"canonical\" href=\"https:\/\/invexo.com.br\/blog\/lancamento-on-the-ocean-estrada-do-pontal-rj\/\" \/>\n<meta property=\"og:locale\" content=\"pt_BR\" \/>\n<meta property=\"og:type\" content=\"article\" \/>\n<meta property=\"og:title\" content=\"Lan\u00e7amento On the Ocean RJ\" \/>\n<meta property=\"og:description\" content=\"Quer morar com vista para o mar? Ent\u00e3o, conhe\u00e7a detalhes sobre os apartamentos Tipo, apartamentos Garden e coberturas do lan\u00e7amento On the Ocean, no Recreio\" \/>\n<meta property=\"og:url\" content=\"https:\/\/invexo.com.br\/blog\/lancamento-on-the-ocean-estrada-do-pontal-rj\/\" \/>\n<meta property=\"og:site_name\" content=\"Not\u00edcias RJ\" \/>\n<meta property=\"article:publisher\" content=\"https:\/\/facebook.com\/invexo\" \/>\n<meta property=\"article:author\" content=\"https:\/\/facebook.com\/invexo\" \/>\n<meta property=\"article:published_time\" content=\"2020-11-12T17:46:22+00:00\" \/>\n<meta property=\"article:modified_time\" content=\"2022-06-29T00:45:15+00:00\" \/>\n<meta property=\"og:image\" content=\"https:\/\/invexo.com.br\/blog\/wp-content\/uploads\/2020\/10\/Lan\u00e7amento-Residencial-On-the-Ocean-Recreio-RJ.jpg\" \/>\n\t<meta property=\"og:image:width\" content=\"1427\" \/>\n\t<meta property=\"og:image:height\" content=\"966\" \/>\n\t<meta property=\"og:image:type\" content=\"image\/jpeg\" \/>\n<meta name=\"author\" content=\"Ronnie Possatti\" \/>\n<meta name=\"twitter:card\" content=\"summary_large_image\" \/>\n<meta name=\"twitter:creator\" content=\"@https:\/\/twitter.com\/invexoimoveis\" \/>\n<meta name=\"twitter:site\" content=\"@invexoimoveis\" \/>\n<meta name=\"twitter:label1\" content=\"Escrito por\" \/>\n\t<meta name=\"twitter:data1\" content=\"Ronnie Possatti\" \/>\n\t<meta name=\"twitter:label2\" content=\"Est. tempo de leitura\" \/>\n\t<meta name=\"twitter:data2\" content=\"3 minutos\" \/>\n<script type=\"application\/ld+json\" class=\"yoast-schema-graph\">{\"@context\":\"https:\/\/schema.org\",\"@graph\":[{\"@type\":\"Article\",\"@id\":\"https:\/\/invexo.com.br\/blog\/lancamento-on-the-ocean-estrada-do-pontal-rj\/#article\",\"isPartOf\":{\"@id\":\"https:\/\/invexo.com.br\/blog\/lancamento-on-the-ocean-estrada-do-pontal-rj\/\"},\"author\":{\"name\":\"Ronnie Possatti\",\"@id\":\"https:\/\/invexo.com.br\/blog\/#\/schema\/person\/36bee32f1cfacde03dc4c9622a58778d\"},\"headline\":\"Lan\u00e7amento Residencial na Estrada do Pontal: On the Ocean Recreio RJ\",\"datePublished\":\"2020-11-12T17:46:22+00:00\",\"dateModified\":\"2022-06-29T00:45:15+00:00\",\"mainEntityOfPage\":{\"@id\":\"https:\/\/invexo.com.br\/blog\/lancamento-on-the-ocean-estrada-do-pontal-rj\/\"},\"wordCount\":549,\"publisher\":{\"@id\":\"https:\/\/invexo.com.br\/blog\/#organization\"},\"image\":{\"@id\":\"https:\/\/invexo.com.br\/blog\/lancamento-on-the-ocean-estrada-do-pontal-rj\/#primaryimage\"},\"thumbnailUrl\":\"https:\/\/invexo.com.br\/blog\/wp-content\/uploads\/2020\/10\/Lan\u00e7amento-Residencial-On-the-Ocean-Recreio-RJ.jpg\",\"articleSection\":[\"Bairros\",\"Informa\u00e7\u00f5es\",\"Lan\u00e7amentos de im\u00f3veis no Rio de Janeiro\",\"Mercado imobili\u00e1rio\"],\"inLanguage\":\"pt-BR\"},{\"@type\":\"WebPage\",\"@id\":\"https:\/\/invexo.com.br\/blog\/lancamento-on-the-ocean-estrada-do-pontal-rj\/\",\"url\":\"https:\/\/invexo.com.br\/blog\/lancamento-on-the-ocean-estrada-do-pontal-rj\/\",\"name\":\"Lan\u00e7amento On the Ocean RJ\",\"isPartOf\":{\"@id\":\"https:\/\/invexo.com.br\/blog\/#website\"},\"primaryImageOfPage\":{\"@id\":\"https:\/\/invexo.com.br\/blog\/lancamento-on-the-ocean-estrada-do-pontal-rj\/#primaryimage\"},\"image\":{\"@id\":\"https:\/\/invexo.com.br\/blog\/lancamento-on-the-ocean-estrada-do-pontal-rj\/#primaryimage\"},\"thumbnailUrl\":\"https:\/\/invexo.com.br\/blog\/wp-content\/uploads\/2020\/10\/Lan\u00e7amento-Residencial-On-the-Ocean-Recreio-RJ.jpg\",\"datePublished\":\"2020-11-12T17:46:22+00:00\",\"dateModified\":\"2022-06-29T00:45:15+00:00\",\"description\":\"Quer morar com vista para o mar? Ent\u00e3o, conhe\u00e7a detalhes sobre os apartamentos Tipo, apartamentos Garden e coberturas do lan\u00e7amento On the Ocean, no Recreio\",\"breadcrumb\":{\"@id\":\"https:\/\/invexo.com.br\/blog\/lancamento-on-the-ocean-estrada-do-pontal-rj\/#breadcrumb\"},\"inLanguage\":\"pt-BR\",\"potentialAction\":[{\"@type\":\"ReadAction\",\"target\":[\"https:\/\/invexo.com.br\/blog\/lancamento-on-the-ocean-estrada-do-pontal-rj\/\"]}]},{\"@type\":\"ImageObject\",\"inLanguage\":\"pt-BR\",\"@id\":\"https:\/\/invexo.com.br\/blog\/lancamento-on-the-ocean-estrada-do-pontal-rj\/#primaryimage\",\"url\":\"https:\/\/invexo.com.br\/blog\/wp-content\/uploads\/2020\/10\/Lan\u00e7amento-Residencial-On-the-Ocean-Recreio-RJ.jpg\",\"contentUrl\":\"https:\/\/invexo.com.br\/blog\/wp-content\/uploads\/2020\/10\/Lan\u00e7amento-Residencial-On-the-Ocean-Recreio-RJ.jpg\",\"width\":1427,\"height\":966,\"caption\":\"Lan\u00e7amento Residencial On the Ocean Recreio\"},{\"@type\":\"BreadcrumbList\",\"@id\":\"https:\/\/invexo.com.br\/blog\/lancamento-on-the-ocean-estrada-do-pontal-rj\/#breadcrumb\",\"itemListElement\":[{\"@type\":\"ListItem\",\"position\":1,\"name\":\"Blog\",\"item\":\"https:\/\/invexo.com.br\/blog\/\"},{\"@type\":\"ListItem\",\"position\":2,\"name\":\"Bairros\",\"item\":\"https:\/\/invexo.com.br\/blog\/categoria\/bairros\/\"},{\"@type\":\"ListItem\",\"position\":3,\"name\":\"Lan\u00e7amento Residencial na Estrada do Pontal: On the Ocean Recreio RJ\"}]},{\"@type\":\"WebSite\",\"@id\":\"https:\/\/invexo.com.br\/blog\/#website\",\"url\":\"https:\/\/invexo.com.br\/blog\/\",\"name\":\"Not\u00edcias RJ\",\"description\":\"Not\u00edcias sobre im\u00f3veis, financiamento, mercado imobili\u00e1rio do Rio de Janeiro. Informa\u00e7\u00f5es sobre Bairros, Condom\u00ednios e Regi\u00e3o do Rio de Janeiro.\",\"publisher\":{\"@id\":\"https:\/\/invexo.com.br\/blog\/#organization\"},\"potentialAction\":[{\"@type\":\"SearchAction\",\"target\":{\"@type\":\"EntryPoint\",\"urlTemplate\":\"https:\/\/invexo.com.br\/blog\/?s={search_term_string}\"},\"query-input\":{\"@type\":\"PropertyValueSpecification\",\"valueRequired\":true,\"valueName\":\"search_term_string\"}}],\"inLanguage\":\"pt-BR\"},{\"@type\":\"Organization\",\"@id\":\"https:\/\/invexo.com.br\/blog\/#organization\",\"name\":\"INVEXO Imobili\u00e1ria\",\"url\":\"https:\/\/invexo.com.br\/blog\/\",\"logo\":{\"@type\":\"ImageObject\",\"inLanguage\":\"pt-BR\",\"@id\":\"https:\/\/invexo.com.br\/blog\/#\/schema\/logo\/image\/\",\"url\":\"https:\/\/invexo.com.br\/blog\/wp-content\/uploads\/2018\/09\/invexo-80-melhor.png\",\"contentUrl\":\"https:\/\/invexo.com.br\/blog\/wp-content\/uploads\/2018\/09\/invexo-80-melhor.png\",\"width\":247,\"height\":80,\"caption\":\"INVEXO Imobili\u00e1ria\"},\"image\":{\"@id\":\"https:\/\/invexo.com.br\/blog\/#\/schema\/logo\/image\/\"},\"sameAs\":[\"https:\/\/facebook.com\/invexo\",\"https:\/\/x.com\/invexoimoveis\"]},{\"@type\":\"Person\",\"@id\":\"https:\/\/invexo.com.br\/blog\/#\/schema\/person\/36bee32f1cfacde03dc4c9622a58778d\",\"name\":\"Ronnie Possatti\",\"image\":{\"@type\":\"ImageObject\",\"inLanguage\":\"pt-BR\",\"@id\":\"https:\/\/invexo.com.br\/blog\/#\/schema\/person\/image\/\",\"url\":\"https:\/\/secure.gravatar.com\/avatar\/51a6cdcc215551235c39affb853f1e38?s=96&d=blank&r=g\",\"contentUrl\":\"https:\/\/secure.gravatar.com\/avatar\/51a6cdcc215551235c39affb853f1e38?s=96&d=blank&r=g\",\"caption\":\"Ronnie Possatti\"},\"description\":\"Equipe de especialistas que traz para seus leitores conte\u00fados relevantes e de qualidade sobre bairros, condom\u00ednios, lan\u00e7amentos e not\u00edcias imobili\u00e1rias no Rio de Janeiro.\",\"sameAs\":[\"https:\/\/facebook.com\/invexo\",\"https:\/\/instagram.com\/invexo\",\"https:\/\/x.com\/https:\/\/twitter.com\/invexoimoveis\"],\"url\":\"https:\/\/invexo.com.br\/blog\/author\/invexo\/\"}]}<\/script>\n<!-- \/ Yoast SEO plugin. -->","yoast_head_json":{"title":"Lan\u00e7amento On the Ocean RJ","description":"Quer morar com vista para o mar? Ent\u00e3o, conhe\u00e7a detalhes sobre os apartamentos Tipo, apartamentos Garden e coberturas do lan\u00e7amento On the Ocean, no Recreio","robots":{"index":"index","follow":"follow","max-snippet":"max-snippet:-1","max-image-preview":"max-image-preview:large","max-video-preview":"max-video-preview:-1"},"canonical":"https:\/\/invexo.com.br\/blog\/lancamento-on-the-ocean-estrada-do-pontal-rj\/","og_locale":"pt_BR","og_type":"article","og_title":"Lan\u00e7amento On the Ocean RJ","og_description":"Quer morar com vista para o mar? Ent\u00e3o, conhe\u00e7a detalhes sobre os apartamentos Tipo, apartamentos Garden e coberturas do lan\u00e7amento On the Ocean, no Recreio","og_url":"https:\/\/invexo.com.br\/blog\/lancamento-on-the-ocean-estrada-do-pontal-rj\/","og_site_name":"Not\u00edcias RJ","article_publisher":"https:\/\/facebook.com\/invexo","article_author":"https:\/\/facebook.com\/invexo","article_published_time":"2020-11-12T17:46:22+00:00","article_modified_time":"2022-06-29T00:45:15+00:00","og_image":[{"width":1427,"height":966,"url":"https:\/\/invexo.com.br\/blog\/wp-content\/uploads\/2020\/10\/Lan\u00e7amento-Residencial-On-the-Ocean-Recreio-RJ.jpg","type":"image\/jpeg"}],"author":"Ronnie Possatti","twitter_card":"summary_large_image","twitter_creator":"@https:\/\/twitter.com\/invexoimoveis","twitter_site":"@invexoimoveis","twitter_misc":{"Escrito por":"Ronnie Possatti","Est. tempo de leitura":"3 minutos"},"schema":{"@context":"https:\/\/schema.org","@graph":[{"@type":"Article","@id":"https:\/\/invexo.com.br\/blog\/lancamento-on-the-ocean-estrada-do-pontal-rj\/#article","isPartOf":{"@id":"https:\/\/invexo.com.br\/blog\/lancamento-on-the-ocean-estrada-do-pontal-rj\/"},"author":{"name":"Ronnie Possatti","@id":"https:\/\/invexo.com.br\/blog\/#\/schema\/person\/36bee32f1cfacde03dc4c9622a58778d"},"headline":"Lan\u00e7amento Residencial na Estrada do Pontal: On the Ocean Recreio RJ","datePublished":"2020-11-12T17:46:22+00:00","dateModified":"2022-06-29T00:45:15+00:00","mainEntityOfPage":{"@id":"https:\/\/invexo.com.br\/blog\/lancamento-on-the-ocean-estrada-do-pontal-rj\/"},"wordCount":549,"publisher":{"@id":"https:\/\/invexo.com.br\/blog\/#organization"},"image":{"@id":"https:\/\/invexo.com.br\/blog\/lancamento-on-the-ocean-estrada-do-pontal-rj\/#primaryimage"},"thumbnailUrl":"https:\/\/invexo.com.br\/blog\/wp-content\/uploads\/2020\/10\/Lan\u00e7amento-Residencial-On-the-Ocean-Recreio-RJ.jpg","articleSection":["Bairros","Informa\u00e7\u00f5es","Lan\u00e7amentos de im\u00f3veis no Rio de Janeiro","Mercado imobili\u00e1rio"],"inLanguage":"pt-BR"},{"@type":"WebPage","@id":"https:\/\/invexo.com.br\/blog\/lancamento-on-the-ocean-estrada-do-pontal-rj\/","url":"https:\/\/invexo.com.br\/blog\/lancamento-on-the-ocean-estrada-do-pontal-rj\/","name":"Lan\u00e7amento On the Ocean RJ","isPartOf":{"@id":"https:\/\/invexo.com.br\/blog\/#website"},"primaryImageOfPage":{"@id":"https:\/\/invexo.com.br\/blog\/lancamento-on-the-ocean-estrada-do-pontal-rj\/#primaryimage"},"image":{"@id":"https:\/\/invexo.com.br\/blog\/lancamento-on-the-ocean-estrada-do-pontal-rj\/#primaryimage"},"thumbnailUrl":"https:\/\/invexo.com.br\/blog\/wp-content\/uploads\/2020\/10\/Lan\u00e7amento-Residencial-On-the-Ocean-Recreio-RJ.jpg","datePublished":"2020-11-12T17:46:22+00:00","dateModified":"2022-06-29T00:45:15+00:00","description":"Quer morar com vista para o mar? Ent\u00e3o, conhe\u00e7a detalhes sobre os apartamentos Tipo, apartamentos Garden e coberturas do lan\u00e7amento On the Ocean, no Recreio","breadcrumb":{"@id":"https:\/\/invexo.com.br\/blog\/lancamento-on-the-ocean-estrada-do-pontal-rj\/#breadcrumb"},"inLanguage":"pt-BR","potentialAction":[{"@type":"ReadAction","target":["https:\/\/invexo.com.br\/blog\/lancamento-on-the-ocean-estrada-do-pontal-rj\/"]}]},{"@type":"ImageObject","inLanguage":"pt-BR","@id":"https:\/\/invexo.com.br\/blog\/lancamento-on-the-ocean-estrada-do-pontal-rj\/#primaryimage","url":"https:\/\/invexo.com.br\/blog\/wp-content\/uploads\/2020\/10\/Lan\u00e7amento-Residencial-On-the-Ocean-Recreio-RJ.jpg","contentUrl":"https:\/\/invexo.com.br\/blog\/wp-content\/uploads\/2020\/10\/Lan\u00e7amento-Residencial-On-the-Ocean-Recreio-RJ.jpg","width":1427,"height":966,"caption":"Lan\u00e7amento Residencial On the Ocean Recreio"},{"@type":"BreadcrumbList","@id":"https:\/\/invexo.com.br\/blog\/lancamento-on-the-ocean-estrada-do-pontal-rj\/#breadcrumb","itemListElement":[{"@type":"ListItem","position":1,"name":"Blog","item":"https:\/\/invexo.com.br\/blog\/"},{"@type":"ListItem","position":2,"name":"Bairros","item":"https:\/\/invexo.com.br\/blog\/categoria\/bairros\/"},{"@type":"ListItem","position":3,"name":"Lan\u00e7amento Residencial na Estrada do Pontal: On the Ocean Recreio RJ"}]},{"@type":"WebSite","@id":"https:\/\/invexo.com.br\/blog\/#website","url":"https:\/\/invexo.com.br\/blog\/","name":"Not\u00edcias RJ","description":"Not\u00edcias sobre im\u00f3veis, financiamento, mercado imobili\u00e1rio do Rio de Janeiro. Informa\u00e7\u00f5es sobre Bairros, Condom\u00ednios e Regi\u00e3o do Rio de Janeiro.","publisher":{"@id":"https:\/\/invexo.com.br\/blog\/#organization"},"potentialAction":[{"@type":"SearchAction","target":{"@type":"EntryPoint","urlTemplate":"https:\/\/invexo.com.br\/blog\/?s={search_term_string}"},"query-input":{"@type":"PropertyValueSpecification","valueRequired":true,"valueName":"search_term_string"}}],"inLanguage":"pt-BR"},{"@type":"Organization","@id":"https:\/\/invexo.com.br\/blog\/#organization","name":"INVEXO Imobili\u00e1ria","url":"https:\/\/invexo.com.br\/blog\/","logo":{"@type":"ImageObject","inLanguage":"pt-BR","@id":"https:\/\/invexo.com.br\/blog\/#\/schema\/logo\/image\/","url":"https:\/\/invexo.com.br\/blog\/wp-content\/uploads\/2018\/09\/invexo-80-melhor.png","contentUrl":"https:\/\/invexo.com.br\/blog\/wp-content\/uploads\/2018\/09\/invexo-80-melhor.png","width":247,"height":80,"caption":"INVEXO Imobili\u00e1ria"},"image":{"@id":"https:\/\/invexo.com.br\/blog\/#\/schema\/logo\/image\/"},"sameAs":["https:\/\/facebook.com\/invexo","https:\/\/x.com\/invexoimoveis"]},{"@type":"Person","@id":"https:\/\/invexo.com.br\/blog\/#\/schema\/person\/36bee32f1cfacde03dc4c9622a58778d","name":"Ronnie Possatti","image":{"@type":"ImageObject","inLanguage":"pt-BR","@id":"https:\/\/invexo.com.br\/blog\/#\/schema\/person\/image\/","url":"https:\/\/secure.gravatar.com\/avatar\/51a6cdcc215551235c39affb853f1e38?s=96&d=blank&r=g","contentUrl":"https:\/\/secure.gravatar.com\/avatar\/51a6cdcc215551235c39affb853f1e38?s=96&d=blank&r=g","caption":"Ronnie Possatti"},"description":"Equipe de especialistas que traz para seus leitores conte\u00fados relevantes e de qualidade sobre bairros, condom\u00ednios, lan\u00e7amentos e not\u00edcias imobili\u00e1rias no Rio de Janeiro.","sameAs":["https:\/\/facebook.com\/invexo","https:\/\/instagram.com\/invexo","https:\/\/x.com\/https:\/\/twitter.com\/invexoimoveis"],"url":"https:\/\/invexo.com.br\/blog\/author\/invexo\/"}]}},"taxonomy_info":{"category":[{"value":10,"label":"Bairros"},{"value":15,"label":"Informa\u00e7\u00f5es"},{"value":649,"label":"Lan\u00e7amentos de im\u00f3veis no Rio de Janeiro"},{"value":230,"label":"Mercado imobili\u00e1rio"}]},"featured_image_src_large":["https:\/\/invexo.com.br\/blog\/wp-content\/uploads\/2020\/10\/Lan\u00e7amento-Residencial-On-the-Ocean-Recreio-RJ-1024x693.jpg",1024,693,true],"author_info":{"display_name":"Ronnie Possatti","author_link":"https:\/\/invexo.com.br\/blog\/author\/invexo\/"},"comment_info":0,"category_info":[{"term_id":10,"name":"Bairros","slug":"bairros","term_group":0,"term_taxonomy_id":10,"taxonomy":"category","description":"Not\u00edcias sobre estabelecimentos nos melhores bairros para se morar no Rio de Janeiro.","parent":0,"count":1354,"filter":"raw","cat_ID":10,"category_count":1354,"category_description":"Not\u00edcias sobre estabelecimentos nos melhores bairros para se morar no Rio de Janeiro.","cat_name":"Bairros","category_nicename":"bairros","category_parent":0},{"term_id":15,"name":"Informa\u00e7\u00f5es","slug":"informacoes","term_group":0,"term_taxonomy_id":15,"taxonomy":"category","description":"Informa\u00e7\u00f5es, experi\u00eancia nos melhores estabelecimentos em bairros nobres para se viver no Rio de Janeiro. Tudo sobre cultura, entretenimento e lazer.","parent":0,"count":1297,"filter":"raw","cat_ID":15,"category_count":1297,"category_description":"Informa\u00e7\u00f5es, experi\u00eancia nos melhores estabelecimentos em bairros nobres para se viver no Rio de Janeiro. Tudo sobre cultura, entretenimento e lazer.","cat_name":"Informa\u00e7\u00f5es","category_nicename":"informacoes","category_parent":0},{"term_id":649,"name":"Lan\u00e7amentos de im\u00f3veis no Rio de Janeiro","slug":"lancamentos-rj","term_group":0,"term_taxonomy_id":649,"taxonomy":"category","description":"Confira not\u00edcias atualizadas sobre lan\u00e7amentos de im\u00f3veis de luxo na cidade maravilhosa com a INVEXO no Rio de Janeiro.","parent":0,"count":123,"filter":"raw","cat_ID":649,"category_count":123,"category_description":"Confira not\u00edcias atualizadas sobre lan\u00e7amentos de im\u00f3veis de luxo na cidade maravilhosa com a INVEXO no Rio de Janeiro.","cat_name":"Lan\u00e7amentos de im\u00f3veis no Rio de Janeiro","category_nicename":"lancamentos-rj","category_parent":0},{"term_id":230,"name":"Mercado imobili\u00e1rio","slug":"mercado-imobiliario","term_group":0,"term_taxonomy_id":230,"taxonomy":"category","description":"Not\u00edcias sobre o mercado imobili\u00e1rio carioca, informa\u00e7\u00f5es sobre lan\u00e7amentos, construtoras, incorporadoras e futuros lan\u00e7amentos na cidade do Rio de Janeiro.","parent":0,"count":266,"filter":"raw","cat_ID":230,"category_count":266,"category_description":"Not\u00edcias sobre o mercado imobili\u00e1rio carioca, informa\u00e7\u00f5es sobre lan\u00e7amentos, construtoras, incorporadoras e futuros lan\u00e7amentos na cidade do Rio de Janeiro.","cat_name":"Mercado imobili\u00e1rio","category_nicename":"mercado-imobiliario","category_parent":0}],"tag_info":false,"_links":{"self":[{"href":"https:\/\/invexo.com.br\/blog\/wp-json\/wp\/v2\/posts\/6527"}],"collection":[{"href":"https:\/\/invexo.com.br\/blog\/wp-json\/wp\/v2\/posts"}],"about":[{"href":"https:\/\/invexo.com.br\/blog\/wp-json\/wp\/v2\/types\/post"}],"author":[{"embeddable":true,"href":"https:\/\/invexo.com.br\/blog\/wp-json\/wp\/v2\/users\/2"}],"replies":[{"embeddable":true,"href":"https:\/\/invexo.com.br\/blog\/wp-json\/wp\/v2\/comments?post=6527"}],"version-history":[{"count":1,"href":"https:\/\/invexo.com.br\/blog\/wp-json\/wp\/v2\/posts\/6527\/revisions"}],"predecessor-version":[{"id":27397,"href":"https:\/\/invexo.com.br\/blog\/wp-json\/wp\/v2\/posts\/6527\/revisions\/27397"}],"wp:featuredmedia":[{"embeddable":true,"href":"https:\/\/invexo.com.br\/blog\/wp-json\/wp\/v2\/media\/6528"}],"wp:attachment":[{"href":"https:\/\/invexo.com.br\/blog\/wp-json\/wp\/v2\/media?parent=6527"}],"wp:term":[{"taxonomy":"category","embeddable":true,"href":"https:\/\/invexo.com.br\/blog\/wp-json\/wp\/v2\/categories?post=6527"},{"taxonomy":"post_tag","embeddable":true,"href":"https:\/\/invexo.com.br\/blog\/wp-json\/wp\/v2\/tags?post=6527"}],"curies":[{"name":"wp","href":"https:\/\/api.w.org\/{rel}","templated":true}]}}