{"id":6492,"date":"2020-10-24T15:45:00","date_gmt":"2020-10-24T18:45:00","guid":{"rendered":"https:\/\/invexo.com.br\/blog\/?p=6492"},"modified":"2023-01-11T13:45:17","modified_gmt":"2023-01-11T16:45:17","slug":"residencial-exclusivite-leblon-avenida-delfim-moreira-rj","status":"publish","type":"post","link":"https:\/\/invexo.com.br\/blog\/residencial-exclusivite-leblon-avenida-delfim-moreira-rj\/","title":{"rendered":"Residencial na Av. Delfim Moreira: Exclusivit\u00e9 Leblon RJ"},"content":{"rendered":"\n<p>O residencial Exclusivit\u00e9 Leblon \u00e9 o local perfeito para quem deseja im\u00f3veis exclusivos, sofisticados e de alt\u00edssimo padr\u00e3o no Rio de Janeiro.<\/p>\n\n\n\n<p>As unidades de apartamentos e coberturas ficam localizadas na Avenida Delfim Moreira, uma das mais desejadas da Zona Sul carioca.<\/p>\n\n\n\n<p>Se voc\u00ea quer viver em um ambiente cuidadosamente projetado, com luxuosos acabamentos e bem perto da praia, deve conhecer agora mesmo o residencial Exclusivit\u00e9 Leblon.<\/p>\n\n\n\n<p>Ent\u00e3o, acompanhe e confira detalhes do condom\u00ednio da construtora Mozak.<\/p>\n\n\n\n<div class=\"wp-block-group\"><div class=\"wp-block-group__inner-container is-layout-flow wp-block-group-is-layout-flow\">\n<p>Oportunidades \u00fanicas de im\u00f3veis exclusivos no Leblon. Siga nosso&nbsp;<strong><a href=\"https:\/\/whatsapp.com\/channel\/0029Va6pgNA0VycOAQkTIa3Z\">canal no WhatsApp<\/a><\/strong>&nbsp;e tenha acesso antecipado aos im\u00f3veis \u00e0 venda na regi\u00e3o.<\/p>\n\n\n\n<p><a href=\"https:\/\/whatsapp.com\/channel\/0029VaB0crhDZ4LfWQoKd22G\"><\/a><\/p>\n<\/div><\/div>\n\n\n\n<script async src=\"https:\/\/pagead2.googlesyndication.com\/pagead\/js\/adsbygoogle.js?client=ca-pub-6250649730240355\"\n     crossorigin=\"anonymous\"><\/script>\n<!-- Anuncios Blog -->\n<ins class=\"adsbygoogle\"\n     style=\"display:block\"\n     data-ad-client=\"ca-pub-6250649730240355\"\n     data-ad-slot=\"3218632260\"\n     data-ad-format=\"auto\"\n     data-full-width-responsive=\"true\"><\/ins>\n<script>\n     (adsbygoogle = window.adsbygoogle || []).push({});\n<\/script>\n\n\n\n<h2 class=\"wp-block-heading\">More na Avenida Delfim Moreira<\/h2>\n\n\n\n<p>A Avenida Delfim Moreira \u00e9 uma das vias mais importantes da Zona Sul do Rio de Janeiro. Ela atravessa toda a orla da praia do Leblon, fazendo a conex\u00e3o dos bairros do Leblon e Ipanema.<\/p>\n\n\n\n<p>Na altura do Posto 11 e Posto 12, o endere\u00e7o tem fama internacional. Nele, \u00e9 poss\u00edvel encontrar v\u00e1rios bares e restaurantes, al\u00e9m de outros atrativos de lazer.<\/p>\n\n\n\n<p>Mas, al\u00e9m de ser um ponto tur\u00edstico, o local oferece diversas comodidades aos moradores, com a sua extensa e diversificada oferta de com\u00e9rcios e servi\u00e7os.<\/p>\n\n\n\n<h2 class=\"wp-block-heading\">Av. Delfim Moreira: Residencial Exclusivit\u00e9 Leblon da Construtora Mozak<\/h2>\n\n\n\n<p>Em um projeto de alt\u00edssimo padr\u00e3o e com muito luxo, a construtora Mozak elegeu a Av. Delfim Moreira como o local para o residencial Exclusivit\u00e9 Leblon.<\/p>\n\n\n\n<p>O condom\u00ednio j\u00e1 est\u00e1 pronto para morar e conta com apenas uma unidade por andar. Dessa forma, o morador tem mais privacidade, conforto e seguran\u00e7a.<\/p>\n\n\n\n<p>Composto por apartamentos com 442 m\u00b2 e 5 su\u00edtes, al\u00e9m de coberturas triplex com 770m\u00b2 e 5 su\u00edtes, o residencial Exclusivit\u00e9 Leblon \u00e9 um projeto \u00fanico em sofistica\u00e7\u00e3o e comodidades na Zona Sul carioca. <\/p>\n\n\n\n<p>Deseja conhecer mais detalhes sobre esse incr\u00edvel empreendimento no Leblon? Ent\u00e3o, continue com sua leitura e descubra mais informa\u00e7\u00f5es!<\/p>\n\n\n\n<h2 class=\"wp-block-heading\">Condom\u00ednio Exclusivit\u00e9 Leblon na Avenida Delfim Moreira<\/h2>\n\n\n\n<p>O residencial da construtora Mozak, pronto para morar no Leblon, \u00e9 um projeto intimista, exclusivo e que preza pela qualidade e sofistica\u00e7\u00e3o.<\/p>\n\n\n\n<p>O empreendimento \u00e9 de alt\u00edssimo padr\u00e3o e conta com acabamentos de excelente proced\u00eancia &#8211; como m\u00e1rmore importado.<\/p>\n\n\n\n<p>Composto por luxuosos apartamentos e coberturas, o residencial Exclusivit\u00e9  Leblon vai surpreender a voc\u00ea. <\/p>\n\n\n\n<p>Confira detalhes a seguir!<\/p>\n\n\n\n<h3 class=\"wp-block-heading\"><strong>A<\/strong>partamentos<\/h3>\n\n\n\n<p>Os apartamentos do condom\u00ednio t\u00eam ampla metragem de 442 m\u00b2, distribu\u00edda em 5 quartos &#8211; sendo 5 su\u00edtes &#8211; e todas as acomoda\u00e7\u00f5es para uma moradia confort\u00e1vel. <\/p>\n\n\n\n<p>O propriet\u00e1rio conta, ainda, com 6 vagas de garagem no estacionamento do condom\u00ednio, com seguran\u00e7a e comodidade.<\/p>\n\n\n\n<h3 class=\"wp-block-heading\"><strong>C<\/strong>oberturas<\/h3>\n\n\n\n<p>As luxuosas coberturas triplex do residencial Exclusivit\u00e9 Leblon medem incr\u00edveis 770 m\u00b2. Com c\u00f4modos espa\u00e7osos e inteligentemente divididos elas t\u00eam 5 quartos &#8211; todos su\u00edtes.<\/p>\n\n\n\n<p>Al\u00e9m disso, a unidade garante ao dono do im\u00f3vel 6 vagas na garagem do pr\u00e9dio.<\/p>\n\n\n\n<p>As varandas com vista para o mar, o closet nas su\u00edtes master e a banheira de hidromassagem s\u00e3o apenas algumas das conveni\u00eancias incr\u00edveis das coberturas triplex \u00e0 venda.<\/p>\n\n\n\n<p>\u00c9 uma oportunidade imperd\u00edvel, n\u00e3o \u00e9 mesmo?<\/p>\n\n\n\n<p>Ent\u00e3o, n\u00e3o perca mais tempo e conhe\u00e7a ainda outros dados sobre os im\u00f3veis prontos para morar na Avenida Delfim Moreira.<\/p>\n\n\n\n<p>Veja, assim, pre\u00e7os, plantas e outros detalhes dos apartamentos e coberturas \u00e0 venda no <a href=\"https:\/\/invexo.com.br\/imovel-pronto\/exclusivite-leblon\/\">residencial Exclusivit\u00e9 Leblon<\/a>.<\/p>\n\n\n\n<script async src=\"https:\/\/pagead2.googlesyndication.com\/pagead\/js\/adsbygoogle.js?client=ca-pub-6250649730240355\"\n     crossorigin=\"anonymous\"><\/script>\n<ins class=\"adsbygoogle\"\n     style=\"display:block\"\n     data-ad-format=\"fluid\"\n     data-ad-layout-key=\"-fb+5w+4e-db+86\"\n     data-ad-client=\"ca-pub-6250649730240355\"\n     data-ad-slot=\"9908760168\"><\/ins>\n<script>\n     (adsbygoogle = window.adsbygoogle || []).push({});\n<\/script>\n","protected":false},"excerpt":{"rendered":"<p>O residencial Exclusivit\u00e9 Leblon \u00e9 o local perfeito para quem deseja im\u00f3veis exclusivos, sofisticados e de alt\u00edssimo padr\u00e3o no Rio de Janeiro. As unidades de apartamentos e coberturas ficam localizadas na Avenida Delfim Moreira, uma das mais desejadas da Zona Sul carioca. Se voc\u00ea quer viver em um ambiente cuidadosamente projetado, com luxuosos acabamentos e&#8230;<\/p>\n","protected":false},"author":2,"featured_media":6668,"comment_status":"closed","ping_status":"closed","sticky":false,"template":"","format":"standard","meta":{"_acf_changed":false,"_kad_blocks_custom_css":"","_kad_blocks_head_custom_js":"","_kad_blocks_body_custom_js":"","_kad_blocks_footer_custom_js":"","_kadence_starter_templates_imported_post":false,"_kad_post_transparent":"","_kad_post_title":"","_kad_post_layout":"","_kad_post_sidebar_id":"","_kad_post_content_style":"","_kad_post_vertical_padding":"","_kad_post_feature":"","_kad_post_feature_position":"","_kad_post_header":false,"_kad_post_footer":false,"footnotes":""},"categories":[10,230],"tags":[634],"acf":[],"yoast_head":"<!-- This site is optimized with the Yoast SEO plugin v24.1 - https:\/\/yoast.com\/wordpress\/plugins\/seo\/ -->\n<title>Residencial Exclusivite Leblon RJ<\/title>\n<meta name=\"description\" content=\"Imperd\u00edveis apartamentos e coberturas j\u00e1 prontos para morar e \u00e0 venda no residencial Exclusivit\u00e9 Leblon, da construtora Mozak. Veja informa\u00e7\u00f5es!\" \/>\n<meta name=\"robots\" content=\"index, follow, max-snippet:-1, max-image-preview:large, max-video-preview:-1\" \/>\n<link rel=\"canonical\" href=\"https:\/\/invexo.com.br\/blog\/residencial-exclusivite-leblon-avenida-delfim-moreira-rj\/\" \/>\n<meta property=\"og:locale\" content=\"pt_BR\" \/>\n<meta property=\"og:type\" content=\"article\" \/>\n<meta property=\"og:title\" content=\"Residencial Exclusivite Leblon RJ\" \/>\n<meta property=\"og:description\" content=\"Imperd\u00edveis apartamentos e coberturas j\u00e1 prontos para morar e \u00e0 venda no residencial Exclusivit\u00e9 Leblon, da construtora Mozak. Veja informa\u00e7\u00f5es!\" \/>\n<meta property=\"og:url\" content=\"https:\/\/invexo.com.br\/blog\/residencial-exclusivite-leblon-avenida-delfim-moreira-rj\/\" \/>\n<meta property=\"og:site_name\" content=\"Not\u00edcias RJ\" \/>\n<meta property=\"article:publisher\" content=\"https:\/\/facebook.com\/invexo\" \/>\n<meta property=\"article:author\" content=\"https:\/\/facebook.com\/invexo\" \/>\n<meta property=\"article:published_time\" content=\"2020-10-24T18:45:00+00:00\" \/>\n<meta property=\"article:modified_time\" content=\"2023-01-11T16:45:17+00:00\" \/>\n<meta property=\"og:image\" content=\"https:\/\/invexo.com.br\/blog\/wp-content\/uploads\/2020\/10\/Residencial-Exclusivit\u00e9-Leblon-RJ-1.jpg\" \/>\n\t<meta property=\"og:image:width\" content=\"770\" \/>\n\t<meta property=\"og:image:height\" content=\"521\" \/>\n\t<meta property=\"og:image:type\" content=\"image\/jpeg\" \/>\n<meta name=\"author\" content=\"Ronnie Possatti\" \/>\n<meta name=\"twitter:card\" content=\"summary_large_image\" \/>\n<meta name=\"twitter:creator\" content=\"@https:\/\/twitter.com\/invexoimoveis\" \/>\n<meta name=\"twitter:site\" content=\"@invexoimoveis\" \/>\n<meta name=\"twitter:label1\" content=\"Escrito por\" \/>\n\t<meta name=\"twitter:data1\" content=\"Ronnie Possatti\" \/>\n\t<meta name=\"twitter:label2\" content=\"Est. tempo de leitura\" \/>\n\t<meta name=\"twitter:data2\" content=\"3 minutos\" \/>\n<script type=\"application\/ld+json\" class=\"yoast-schema-graph\">{\"@context\":\"https:\/\/schema.org\",\"@graph\":[{\"@type\":\"Article\",\"@id\":\"https:\/\/invexo.com.br\/blog\/residencial-exclusivite-leblon-avenida-delfim-moreira-rj\/#article\",\"isPartOf\":{\"@id\":\"https:\/\/invexo.com.br\/blog\/residencial-exclusivite-leblon-avenida-delfim-moreira-rj\/\"},\"author\":{\"name\":\"Ronnie Possatti\",\"@id\":\"https:\/\/invexo.com.br\/blog\/#\/schema\/person\/36bee32f1cfacde03dc4c9622a58778d\"},\"headline\":\"Residencial na Av. Delfim Moreira: Exclusivit\u00e9 Leblon RJ\",\"datePublished\":\"2020-10-24T18:45:00+00:00\",\"dateModified\":\"2023-01-11T16:45:17+00:00\",\"mainEntityOfPage\":{\"@id\":\"https:\/\/invexo.com.br\/blog\/residencial-exclusivite-leblon-avenida-delfim-moreira-rj\/\"},\"wordCount\":549,\"publisher\":{\"@id\":\"https:\/\/invexo.com.br\/blog\/#organization\"},\"image\":{\"@id\":\"https:\/\/invexo.com.br\/blog\/residencial-exclusivite-leblon-avenida-delfim-moreira-rj\/#primaryimage\"},\"thumbnailUrl\":\"https:\/\/invexo.com.br\/blog\/wp-content\/uploads\/2020\/10\/Residencial-Exclusivit\u00e9-Leblon-RJ-1.jpg\",\"keywords\":[\"Leblon\"],\"articleSection\":[\"Bairros\",\"Mercado imobili\u00e1rio\"],\"inLanguage\":\"pt-BR\"},{\"@type\":\"WebPage\",\"@id\":\"https:\/\/invexo.com.br\/blog\/residencial-exclusivite-leblon-avenida-delfim-moreira-rj\/\",\"url\":\"https:\/\/invexo.com.br\/blog\/residencial-exclusivite-leblon-avenida-delfim-moreira-rj\/\",\"name\":\"Residencial Exclusivite Leblon RJ\",\"isPartOf\":{\"@id\":\"https:\/\/invexo.com.br\/blog\/#website\"},\"primaryImageOfPage\":{\"@id\":\"https:\/\/invexo.com.br\/blog\/residencial-exclusivite-leblon-avenida-delfim-moreira-rj\/#primaryimage\"},\"image\":{\"@id\":\"https:\/\/invexo.com.br\/blog\/residencial-exclusivite-leblon-avenida-delfim-moreira-rj\/#primaryimage\"},\"thumbnailUrl\":\"https:\/\/invexo.com.br\/blog\/wp-content\/uploads\/2020\/10\/Residencial-Exclusivit\u00e9-Leblon-RJ-1.jpg\",\"datePublished\":\"2020-10-24T18:45:00+00:00\",\"dateModified\":\"2023-01-11T16:45:17+00:00\",\"description\":\"Imperd\u00edveis apartamentos e coberturas j\u00e1 prontos para morar e \u00e0 venda no residencial Exclusivit\u00e9 Leblon, da construtora Mozak. Veja informa\u00e7\u00f5es!\",\"breadcrumb\":{\"@id\":\"https:\/\/invexo.com.br\/blog\/residencial-exclusivite-leblon-avenida-delfim-moreira-rj\/#breadcrumb\"},\"inLanguage\":\"pt-BR\",\"potentialAction\":[{\"@type\":\"ReadAction\",\"target\":[\"https:\/\/invexo.com.br\/blog\/residencial-exclusivite-leblon-avenida-delfim-moreira-rj\/\"]}]},{\"@type\":\"ImageObject\",\"inLanguage\":\"pt-BR\",\"@id\":\"https:\/\/invexo.com.br\/blog\/residencial-exclusivite-leblon-avenida-delfim-moreira-rj\/#primaryimage\",\"url\":\"https:\/\/invexo.com.br\/blog\/wp-content\/uploads\/2020\/10\/Residencial-Exclusivit\u00e9-Leblon-RJ-1.jpg\",\"contentUrl\":\"https:\/\/invexo.com.br\/blog\/wp-content\/uploads\/2020\/10\/Residencial-Exclusivit\u00e9-Leblon-RJ-1.jpg\",\"width\":770,\"height\":521,\"caption\":\"Residencial Exclusivit\u00e9 Leblon\"},{\"@type\":\"BreadcrumbList\",\"@id\":\"https:\/\/invexo.com.br\/blog\/residencial-exclusivite-leblon-avenida-delfim-moreira-rj\/#breadcrumb\",\"itemListElement\":[{\"@type\":\"ListItem\",\"position\":1,\"name\":\"Blog\",\"item\":\"https:\/\/invexo.com.br\/blog\/\"},{\"@type\":\"ListItem\",\"position\":2,\"name\":\"Bairros\",\"item\":\"https:\/\/invexo.com.br\/blog\/categoria\/bairros\/\"},{\"@type\":\"ListItem\",\"position\":3,\"name\":\"Residencial na Av. Delfim Moreira: Exclusivit\u00e9 Leblon RJ\"}]},{\"@type\":\"WebSite\",\"@id\":\"https:\/\/invexo.com.br\/blog\/#website\",\"url\":\"https:\/\/invexo.com.br\/blog\/\",\"name\":\"Not\u00edcias RJ\",\"description\":\"Not\u00edcias sobre im\u00f3veis, financiamento, mercado imobili\u00e1rio do Rio de Janeiro. Informa\u00e7\u00f5es sobre Bairros, Condom\u00ednios e Regi\u00e3o do Rio de Janeiro.\",\"publisher\":{\"@id\":\"https:\/\/invexo.com.br\/blog\/#organization\"},\"potentialAction\":[{\"@type\":\"SearchAction\",\"target\":{\"@type\":\"EntryPoint\",\"urlTemplate\":\"https:\/\/invexo.com.br\/blog\/?s={search_term_string}\"},\"query-input\":{\"@type\":\"PropertyValueSpecification\",\"valueRequired\":true,\"valueName\":\"search_term_string\"}}],\"inLanguage\":\"pt-BR\"},{\"@type\":\"Organization\",\"@id\":\"https:\/\/invexo.com.br\/blog\/#organization\",\"name\":\"INVEXO Imobili\u00e1ria\",\"url\":\"https:\/\/invexo.com.br\/blog\/\",\"logo\":{\"@type\":\"ImageObject\",\"inLanguage\":\"pt-BR\",\"@id\":\"https:\/\/invexo.com.br\/blog\/#\/schema\/logo\/image\/\",\"url\":\"https:\/\/invexo.com.br\/blog\/wp-content\/uploads\/2018\/09\/invexo-80-melhor.png\",\"contentUrl\":\"https:\/\/invexo.com.br\/blog\/wp-content\/uploads\/2018\/09\/invexo-80-melhor.png\",\"width\":247,\"height\":80,\"caption\":\"INVEXO Imobili\u00e1ria\"},\"image\":{\"@id\":\"https:\/\/invexo.com.br\/blog\/#\/schema\/logo\/image\/\"},\"sameAs\":[\"https:\/\/facebook.com\/invexo\",\"https:\/\/x.com\/invexoimoveis\"]},{\"@type\":\"Person\",\"@id\":\"https:\/\/invexo.com.br\/blog\/#\/schema\/person\/36bee32f1cfacde03dc4c9622a58778d\",\"name\":\"Ronnie Possatti\",\"image\":{\"@type\":\"ImageObject\",\"inLanguage\":\"pt-BR\",\"@id\":\"https:\/\/invexo.com.br\/blog\/#\/schema\/person\/image\/\",\"url\":\"https:\/\/secure.gravatar.com\/avatar\/51a6cdcc215551235c39affb853f1e38?s=96&d=blank&r=g\",\"contentUrl\":\"https:\/\/secure.gravatar.com\/avatar\/51a6cdcc215551235c39affb853f1e38?s=96&d=blank&r=g\",\"caption\":\"Ronnie Possatti\"},\"description\":\"Equipe de especialistas que traz para seus leitores conte\u00fados relevantes e de qualidade sobre bairros, condom\u00ednios, lan\u00e7amentos e not\u00edcias imobili\u00e1rias no Rio de Janeiro.\",\"sameAs\":[\"https:\/\/facebook.com\/invexo\",\"https:\/\/instagram.com\/invexo\",\"https:\/\/x.com\/https:\/\/twitter.com\/invexoimoveis\"],\"url\":\"https:\/\/invexo.com.br\/blog\/author\/invexo\/\"}]}<\/script>\n<!-- \/ Yoast SEO plugin. -->","yoast_head_json":{"title":"Residencial Exclusivite Leblon RJ","description":"Imperd\u00edveis apartamentos e coberturas j\u00e1 prontos para morar e \u00e0 venda no residencial Exclusivit\u00e9 Leblon, da construtora Mozak. Veja informa\u00e7\u00f5es!","robots":{"index":"index","follow":"follow","max-snippet":"max-snippet:-1","max-image-preview":"max-image-preview:large","max-video-preview":"max-video-preview:-1"},"canonical":"https:\/\/invexo.com.br\/blog\/residencial-exclusivite-leblon-avenida-delfim-moreira-rj\/","og_locale":"pt_BR","og_type":"article","og_title":"Residencial Exclusivite Leblon RJ","og_description":"Imperd\u00edveis apartamentos e coberturas j\u00e1 prontos para morar e \u00e0 venda no residencial Exclusivit\u00e9 Leblon, da construtora Mozak. Veja informa\u00e7\u00f5es!","og_url":"https:\/\/invexo.com.br\/blog\/residencial-exclusivite-leblon-avenida-delfim-moreira-rj\/","og_site_name":"Not\u00edcias RJ","article_publisher":"https:\/\/facebook.com\/invexo","article_author":"https:\/\/facebook.com\/invexo","article_published_time":"2020-10-24T18:45:00+00:00","article_modified_time":"2023-01-11T16:45:17+00:00","og_image":[{"width":770,"height":521,"url":"https:\/\/invexo.com.br\/blog\/wp-content\/uploads\/2020\/10\/Residencial-Exclusivit\u00e9-Leblon-RJ-1.jpg","type":"image\/jpeg"}],"author":"Ronnie Possatti","twitter_card":"summary_large_image","twitter_creator":"@https:\/\/twitter.com\/invexoimoveis","twitter_site":"@invexoimoveis","twitter_misc":{"Escrito por":"Ronnie Possatti","Est. tempo de leitura":"3 minutos"},"schema":{"@context":"https:\/\/schema.org","@graph":[{"@type":"Article","@id":"https:\/\/invexo.com.br\/blog\/residencial-exclusivite-leblon-avenida-delfim-moreira-rj\/#article","isPartOf":{"@id":"https:\/\/invexo.com.br\/blog\/residencial-exclusivite-leblon-avenida-delfim-moreira-rj\/"},"author":{"name":"Ronnie Possatti","@id":"https:\/\/invexo.com.br\/blog\/#\/schema\/person\/36bee32f1cfacde03dc4c9622a58778d"},"headline":"Residencial na Av. Delfim Moreira: Exclusivit\u00e9 Leblon RJ","datePublished":"2020-10-24T18:45:00+00:00","dateModified":"2023-01-11T16:45:17+00:00","mainEntityOfPage":{"@id":"https:\/\/invexo.com.br\/blog\/residencial-exclusivite-leblon-avenida-delfim-moreira-rj\/"},"wordCount":549,"publisher":{"@id":"https:\/\/invexo.com.br\/blog\/#organization"},"image":{"@id":"https:\/\/invexo.com.br\/blog\/residencial-exclusivite-leblon-avenida-delfim-moreira-rj\/#primaryimage"},"thumbnailUrl":"https:\/\/invexo.com.br\/blog\/wp-content\/uploads\/2020\/10\/Residencial-Exclusivit\u00e9-Leblon-RJ-1.jpg","keywords":["Leblon"],"articleSection":["Bairros","Mercado imobili\u00e1rio"],"inLanguage":"pt-BR"},{"@type":"WebPage","@id":"https:\/\/invexo.com.br\/blog\/residencial-exclusivite-leblon-avenida-delfim-moreira-rj\/","url":"https:\/\/invexo.com.br\/blog\/residencial-exclusivite-leblon-avenida-delfim-moreira-rj\/","name":"Residencial Exclusivite Leblon RJ","isPartOf":{"@id":"https:\/\/invexo.com.br\/blog\/#website"},"primaryImageOfPage":{"@id":"https:\/\/invexo.com.br\/blog\/residencial-exclusivite-leblon-avenida-delfim-moreira-rj\/#primaryimage"},"image":{"@id":"https:\/\/invexo.com.br\/blog\/residencial-exclusivite-leblon-avenida-delfim-moreira-rj\/#primaryimage"},"thumbnailUrl":"https:\/\/invexo.com.br\/blog\/wp-content\/uploads\/2020\/10\/Residencial-Exclusivit\u00e9-Leblon-RJ-1.jpg","datePublished":"2020-10-24T18:45:00+00:00","dateModified":"2023-01-11T16:45:17+00:00","description":"Imperd\u00edveis apartamentos e coberturas j\u00e1 prontos para morar e \u00e0 venda no residencial Exclusivit\u00e9 Leblon, da construtora Mozak. Veja informa\u00e7\u00f5es!","breadcrumb":{"@id":"https:\/\/invexo.com.br\/blog\/residencial-exclusivite-leblon-avenida-delfim-moreira-rj\/#breadcrumb"},"inLanguage":"pt-BR","potentialAction":[{"@type":"ReadAction","target":["https:\/\/invexo.com.br\/blog\/residencial-exclusivite-leblon-avenida-delfim-moreira-rj\/"]}]},{"@type":"ImageObject","inLanguage":"pt-BR","@id":"https:\/\/invexo.com.br\/blog\/residencial-exclusivite-leblon-avenida-delfim-moreira-rj\/#primaryimage","url":"https:\/\/invexo.com.br\/blog\/wp-content\/uploads\/2020\/10\/Residencial-Exclusivit\u00e9-Leblon-RJ-1.jpg","contentUrl":"https:\/\/invexo.com.br\/blog\/wp-content\/uploads\/2020\/10\/Residencial-Exclusivit\u00e9-Leblon-RJ-1.jpg","width":770,"height":521,"caption":"Residencial Exclusivit\u00e9 Leblon"},{"@type":"BreadcrumbList","@id":"https:\/\/invexo.com.br\/blog\/residencial-exclusivite-leblon-avenida-delfim-moreira-rj\/#breadcrumb","itemListElement":[{"@type":"ListItem","position":1,"name":"Blog","item":"https:\/\/invexo.com.br\/blog\/"},{"@type":"ListItem","position":2,"name":"Bairros","item":"https:\/\/invexo.com.br\/blog\/categoria\/bairros\/"},{"@type":"ListItem","position":3,"name":"Residencial na Av. Delfim Moreira: Exclusivit\u00e9 Leblon RJ"}]},{"@type":"WebSite","@id":"https:\/\/invexo.com.br\/blog\/#website","url":"https:\/\/invexo.com.br\/blog\/","name":"Not\u00edcias RJ","description":"Not\u00edcias sobre im\u00f3veis, financiamento, mercado imobili\u00e1rio do Rio de Janeiro. Informa\u00e7\u00f5es sobre Bairros, Condom\u00ednios e Regi\u00e3o do Rio de Janeiro.","publisher":{"@id":"https:\/\/invexo.com.br\/blog\/#organization"},"potentialAction":[{"@type":"SearchAction","target":{"@type":"EntryPoint","urlTemplate":"https:\/\/invexo.com.br\/blog\/?s={search_term_string}"},"query-input":{"@type":"PropertyValueSpecification","valueRequired":true,"valueName":"search_term_string"}}],"inLanguage":"pt-BR"},{"@type":"Organization","@id":"https:\/\/invexo.com.br\/blog\/#organization","name":"INVEXO Imobili\u00e1ria","url":"https:\/\/invexo.com.br\/blog\/","logo":{"@type":"ImageObject","inLanguage":"pt-BR","@id":"https:\/\/invexo.com.br\/blog\/#\/schema\/logo\/image\/","url":"https:\/\/invexo.com.br\/blog\/wp-content\/uploads\/2018\/09\/invexo-80-melhor.png","contentUrl":"https:\/\/invexo.com.br\/blog\/wp-content\/uploads\/2018\/09\/invexo-80-melhor.png","width":247,"height":80,"caption":"INVEXO Imobili\u00e1ria"},"image":{"@id":"https:\/\/invexo.com.br\/blog\/#\/schema\/logo\/image\/"},"sameAs":["https:\/\/facebook.com\/invexo","https:\/\/x.com\/invexoimoveis"]},{"@type":"Person","@id":"https:\/\/invexo.com.br\/blog\/#\/schema\/person\/36bee32f1cfacde03dc4c9622a58778d","name":"Ronnie Possatti","image":{"@type":"ImageObject","inLanguage":"pt-BR","@id":"https:\/\/invexo.com.br\/blog\/#\/schema\/person\/image\/","url":"https:\/\/secure.gravatar.com\/avatar\/51a6cdcc215551235c39affb853f1e38?s=96&d=blank&r=g","contentUrl":"https:\/\/secure.gravatar.com\/avatar\/51a6cdcc215551235c39affb853f1e38?s=96&d=blank&r=g","caption":"Ronnie Possatti"},"description":"Equipe de especialistas que traz para seus leitores conte\u00fados relevantes e de qualidade sobre bairros, condom\u00ednios, lan\u00e7amentos e not\u00edcias imobili\u00e1rias no Rio de Janeiro.","sameAs":["https:\/\/facebook.com\/invexo","https:\/\/instagram.com\/invexo","https:\/\/x.com\/https:\/\/twitter.com\/invexoimoveis"],"url":"https:\/\/invexo.com.br\/blog\/author\/invexo\/"}]}},"taxonomy_info":{"category":[{"value":10,"label":"Bairros"},{"value":230,"label":"Mercado imobili\u00e1rio"}],"post_tag":[{"value":634,"label":"Leblon"}]},"featured_image_src_large":["https:\/\/invexo.com.br\/blog\/wp-content\/uploads\/2020\/10\/Residencial-Exclusivit\u00e9-Leblon-RJ-1.jpg",770,521,false],"author_info":{"display_name":"Ronnie Possatti","author_link":"https:\/\/invexo.com.br\/blog\/author\/invexo\/"},"comment_info":0,"category_info":[{"term_id":10,"name":"Bairros","slug":"bairros","term_group":0,"term_taxonomy_id":10,"taxonomy":"category","description":"Not\u00edcias sobre estabelecimentos nos melhores bairros para se morar no Rio de Janeiro.","parent":0,"count":1354,"filter":"raw","cat_ID":10,"category_count":1354,"category_description":"Not\u00edcias sobre estabelecimentos nos melhores bairros para se morar no Rio de Janeiro.","cat_name":"Bairros","category_nicename":"bairros","category_parent":0},{"term_id":230,"name":"Mercado imobili\u00e1rio","slug":"mercado-imobiliario","term_group":0,"term_taxonomy_id":230,"taxonomy":"category","description":"Not\u00edcias sobre o mercado imobili\u00e1rio carioca, informa\u00e7\u00f5es sobre lan\u00e7amentos, construtoras, incorporadoras e futuros lan\u00e7amentos na cidade do Rio de Janeiro.","parent":0,"count":266,"filter":"raw","cat_ID":230,"category_count":266,"category_description":"Not\u00edcias sobre o mercado imobili\u00e1rio carioca, informa\u00e7\u00f5es sobre lan\u00e7amentos, construtoras, incorporadoras e futuros lan\u00e7amentos na cidade do Rio de Janeiro.","cat_name":"Mercado imobili\u00e1rio","category_nicename":"mercado-imobiliario","category_parent":0}],"tag_info":[{"term_id":634,"name":"Leblon","slug":"leblon","term_group":0,"term_taxonomy_id":634,"taxonomy":"post_tag","description":"<p style=\"text-align: left\">O Leblon \u00e9 o bairro mais nobre da Zona Sul da cidade do Rio de Janeiro (RJ). A regi\u00e3o \u00e9 reconhecida pela infraestrutura requintada e pelas arquiteturas encantadoras, que tamb\u00e9m s\u00e3o repletas de hist\u00f3rias marcantes. Conhe\u00e7a os <a href=\"https:\/\/luxury.invexo.com.br\/bairro\/leblon\/\" target=\"_blank\" rel=\"noreferrer noopener\">im\u00f3veis de luxo no Leblon<\/a>!<\/p>","parent":0,"count":433,"filter":"raw"}],"_links":{"self":[{"href":"https:\/\/invexo.com.br\/blog\/wp-json\/wp\/v2\/posts\/6492"}],"collection":[{"href":"https:\/\/invexo.com.br\/blog\/wp-json\/wp\/v2\/posts"}],"about":[{"href":"https:\/\/invexo.com.br\/blog\/wp-json\/wp\/v2\/types\/post"}],"author":[{"embeddable":true,"href":"https:\/\/invexo.com.br\/blog\/wp-json\/wp\/v2\/users\/2"}],"replies":[{"embeddable":true,"href":"https:\/\/invexo.com.br\/blog\/wp-json\/wp\/v2\/comments?post=6492"}],"version-history":[{"count":2,"href":"https:\/\/invexo.com.br\/blog\/wp-json\/wp\/v2\/posts\/6492\/revisions"}],"predecessor-version":[{"id":33924,"href":"https:\/\/invexo.com.br\/blog\/wp-json\/wp\/v2\/posts\/6492\/revisions\/33924"}],"wp:featuredmedia":[{"embeddable":true,"href":"https:\/\/invexo.com.br\/blog\/wp-json\/wp\/v2\/media\/6668"}],"wp:attachment":[{"href":"https:\/\/invexo.com.br\/blog\/wp-json\/wp\/v2\/media?parent=6492"}],"wp:term":[{"taxonomy":"category","embeddable":true,"href":"https:\/\/invexo.com.br\/blog\/wp-json\/wp\/v2\/categories?post=6492"},{"taxonomy":"post_tag","embeddable":true,"href":"https:\/\/invexo.com.br\/blog\/wp-json\/wp\/v2\/tags?post=6492"}],"curies":[{"name":"wp","href":"https:\/\/api.w.org\/{rel}","templated":true}]}}