{"id":6027,"date":"2020-10-20T08:02:00","date_gmt":"2020-10-20T11:02:00","guid":{"rendered":"https:\/\/invexo.com.br\/blog\/?p=6027"},"modified":"2022-06-28T21:45:27","modified_gmt":"2022-06-29T00:45:27","slug":"residencial-mood-lapa-rua-do-resende-rj","status":"publish","type":"post","link":"https:\/\/invexo.com.br\/blog\/residencial-mood-lapa-rua-do-resende-rj\/","title":{"rendered":"Residencial na Rua do Resende: Mood Lapa RJ"},"content":{"rendered":"\n<p>O residencial Mood Lapa \u00e9 um incr\u00edvel condom\u00ednio com apartamentos de 1 e 2 quartos localizado em uma das regi\u00f5es mais desejadas do Rio de Janeiro.<\/p>\n\n\n\n<p>Na Rua do Resende, o condom\u00ednio com 150 unidades j\u00e1 est\u00e1 pronto para morar e aguardando por voc\u00ea.<\/p>\n\n\n\n<p>Al\u00e9m disso, ele conta com excelentes lojas \u00e0 venda na Lapa.<\/p>\n\n\n\n<p>Mas, \u00e9 preciso se apressar! V\u00e1rios im\u00f3veis j\u00e1 foram vendidos e, agora, restam pouqu\u00edssimas unidades \u00e0 venda.<\/p>\n\n\n\n<p>Ent\u00e3o, se voc\u00ea quer comprar um im\u00f3vel na Lapa, precisa conhecer o Mood. Acompanhe!<\/p>\n\n\n\n<h2 class=\"wp-block-heading\">More na <strong>Rua do Resende<\/strong><\/h2>\n\n\n\n<p>A Rua do Resende est\u00e1 localizada no cora\u00e7\u00e3o da Lapa, bem pr\u00f3xima ao Centro do Rio de Janeiro.<\/p>\n\n\n\n<p>O endere\u00e7o vem acompanhando as recentes ondas de moderniza\u00e7\u00e3o da \u00e1rea central do Rio e, assim, est\u00e1 se tornando uma das localidades mais cobi\u00e7adas da capital fluminense. <\/p>\n\n\n\n<p>A Lapa j\u00e1 \u00e9 conhecida por ser uma \u00e1rea bo\u00eamia do Rio de Janeiro, n\u00e3o \u00e9 verdade? Mas, o que a gente tamb\u00e9m precisa destacar \u00e9 que a regi\u00e3o tem excelente acesso, sendo sin\u00f4nimo de praticidade.<\/p>\n\n\n\n<p>Pr\u00f3ximo de tudo, o local fica a minutos das esta\u00e7\u00f5es de metr\u00f4 da Cinel\u00e2ndia, Carioca e Gl\u00f3ria. Al\u00e9m disso, a Rua do Resende fica bem perto de esta\u00e7\u00f5es Bike Rio, facilitando ainda mais o acesso \u00e0 via.<\/p>\n\n\n\n<p>O bairro tamb\u00e9m tem toda a infraestrutura de que o morador precisa, com ampla e diversificada rede de com\u00e9rcio e servi\u00e7o.<\/p>\n\n\n\n<p>Dessa forma, morar na Rua do Resende \u00e9 ter o dia a dia facilitado em um dos locais mais pr\u00e1ticos do Rio de Janeiro.<\/p>\n\n\n\n<h2 class=\"wp-block-heading\"><strong>Rua do Resende: Residencial<\/strong> <strong>Mood Lapa da Construtora Gafisa<\/strong><\/h2>\n\n\n\n<p>Foi essa regi\u00e3o que a construtora Gafisa elegeu para construir um moderno e sofisticado empreendimento imobili\u00e1rio: Mood Lapa.<\/p>\n\n\n\n<p>J\u00e1 pronto para morar, o residencial \u00e9 composto por 10 pavimentos, totalizando 150 apartamentos de 1 e 2 quartos.<\/p>\n\n\n\n<p>Al\u00e9m disso, o condom\u00ednio tem lojas \u00e0 venda, com incr\u00edveis espa\u00e7os para empreendimentos diversificados.<\/p>\n\n\n\n<p>Gostou da ideia de morar ou investir na Lapa? Ent\u00e3o, acompanhe e veja detalhes dos \u00faltimos apartamentos e lojas no Mood Lapa.<\/p>\n\n\n\n<h2 class=\"wp-block-heading\">Condom\u00ednio Mood Lapa na <strong>Rua do Resende<\/strong><\/h2>\n\n\n\n<p>Os apartamentos do Mood Lapa t\u00eam metragens que variam entre 42 m\u00b2 e 64 m\u00b2.  J\u00e1 as lojas possuem entre 142,30 m\u00b2 e 233,01 m\u00b2.<\/p>\n\n\n\n<p>As incr\u00edveis divis\u00f5es internas dos im\u00f3veis v\u00e3o surpreender a voc\u00ea!<\/p>\n\n\n\n<p>Veja, a seguir, detalhes sobre as unidades ainda dispon\u00edveis do residencial Mood Lapa.<\/p>\n\n\n\n<h3 class=\"wp-block-heading\"><strong>A<\/strong>partamentos<\/h3>\n\n\n\n<p>Os \u00faltimos studios do condom\u00ednio t\u00eam medidas que ficam entre 42 m\u00b2 e 64m\u00b2. <\/p>\n\n\n\n<p>O apartamento de 1 quarto n\u00e3o disp\u00f5e de vaga de garagem. Mas, o im\u00f3vel com 2 su\u00edtes oferece 1 vaga ao propriet\u00e1rio do apartamento.<\/p>\n\n\n\n<h3 class=\"wp-block-heading\"><strong>Lojas<\/strong><\/h3>\n\n\n\n<p>As lojas do condom\u00ednio s\u00e3o excelente op\u00e7\u00e3o para quem deseja empreender na regi\u00e3o central do Rio de Janeiro.<\/p>\n\n\n\n<p>Os im\u00f3veis t\u00eam entre 142,30 m\u00b2 e 233,01 m\u00b2, contando com \u00f3tima disposi\u00e7\u00e3o interna. <\/p>\n\n\n\n<p>Mas, \u00e9 preciso correr! Restam poucos apartamentos prontos para morar e lojas no condom\u00ednio.<\/p>\n\n\n\n<p>Quer conhecer plantas, pre\u00e7os e ainda outros dados sobre os im\u00f3veis \u00e0 venda? Ent\u00e3o, acesse agora mesmo o site do <a rel=\"noreferrer noopener\" href=\"https:\/\/invexo.com.br\/lancamento\/mood-lapa\/\" target=\"_blank\">residencial Mood Lapa<\/a>.<\/p>\n","protected":false},"excerpt":{"rendered":"<p>O residencial Mood Lapa \u00e9 um incr\u00edvel condom\u00ednio com apartamentos de 1 e 2 quartos localizado em uma das regi\u00f5es mais desejadas do Rio de Janeiro. Na Rua do Resende, o condom\u00ednio com 150 unidades j\u00e1 est\u00e1 pronto para morar e aguardando por voc\u00ea. Al\u00e9m disso, ele conta com excelentes lojas \u00e0 venda na Lapa&#8230;.<\/p>\n","protected":false},"author":2,"featured_media":6321,"comment_status":"closed","ping_status":"closed","sticky":false,"template":"","format":"standard","meta":{"_acf_changed":false,"_kad_blocks_custom_css":"","_kad_blocks_head_custom_js":"","_kad_blocks_body_custom_js":"","_kad_blocks_footer_custom_js":"","_kadence_starter_templates_imported_post":false,"_kad_post_transparent":"","_kad_post_title":"","_kad_post_layout":"","_kad_post_sidebar_id":"","_kad_post_content_style":"","_kad_post_vertical_padding":"","_kad_post_feature":"","_kad_post_feature_position":"","_kad_post_header":false,"_kad_post_footer":false,"footnotes":""},"categories":[10,15,230],"tags":[],"acf":[],"yoast_head":"<!-- This site is optimized with the Yoast SEO plugin v24.1 - https:\/\/yoast.com\/wordpress\/plugins\/seo\/ -->\n<title>Residencial Mood Lapa RJ<\/title>\n<meta name=\"description\" content=\"Apartamentos de 1 e 2 quartos - prontos para morar - e lojas a partir de 142 m\u00b2 voc\u00ea encontra no residencial Mood Lapa. Conhe\u00e7a as \u00faltimas unidades!\" \/>\n<meta name=\"robots\" content=\"index, follow, max-snippet:-1, max-image-preview:large, max-video-preview:-1\" \/>\n<link rel=\"canonical\" href=\"https:\/\/invexo.com.br\/blog\/residencial-mood-lapa-rua-do-resende-rj\/\" \/>\n<meta property=\"og:locale\" content=\"pt_BR\" \/>\n<meta property=\"og:type\" content=\"article\" \/>\n<meta property=\"og:title\" content=\"Residencial Mood Lapa RJ\" \/>\n<meta property=\"og:description\" content=\"Apartamentos de 1 e 2 quartos - prontos para morar - e lojas a partir de 142 m\u00b2 voc\u00ea encontra no residencial Mood Lapa. Conhe\u00e7a as \u00faltimas unidades!\" \/>\n<meta property=\"og:url\" content=\"https:\/\/invexo.com.br\/blog\/residencial-mood-lapa-rua-do-resende-rj\/\" \/>\n<meta property=\"og:site_name\" content=\"Not\u00edcias RJ\" \/>\n<meta property=\"article:publisher\" content=\"https:\/\/facebook.com\/invexo\" \/>\n<meta property=\"article:author\" content=\"https:\/\/facebook.com\/invexo\" \/>\n<meta property=\"article:published_time\" content=\"2020-10-20T11:02:00+00:00\" \/>\n<meta property=\"article:modified_time\" content=\"2022-06-29T00:45:27+00:00\" \/>\n<meta property=\"og:image\" content=\"https:\/\/invexo.com.br\/blog\/wp-content\/uploads\/2020\/10\/Residencial-Mood-Lapa-RJ.jpg\" \/>\n\t<meta property=\"og:image:width\" content=\"759\" \/>\n\t<meta property=\"og:image:height\" content=\"514\" \/>\n\t<meta property=\"og:image:type\" content=\"image\/jpeg\" \/>\n<meta name=\"author\" content=\"Ronnie Possatti\" \/>\n<meta name=\"twitter:card\" content=\"summary_large_image\" \/>\n<meta name=\"twitter:creator\" content=\"@https:\/\/twitter.com\/invexoimoveis\" \/>\n<meta name=\"twitter:site\" content=\"@invexoimoveis\" \/>\n<meta name=\"twitter:label1\" content=\"Escrito por\" \/>\n\t<meta name=\"twitter:data1\" content=\"Ronnie Possatti\" \/>\n\t<meta name=\"twitter:label2\" content=\"Est. tempo de leitura\" \/>\n\t<meta name=\"twitter:data2\" content=\"3 minutos\" \/>\n<script type=\"application\/ld+json\" class=\"yoast-schema-graph\">{\"@context\":\"https:\/\/schema.org\",\"@graph\":[{\"@type\":\"Article\",\"@id\":\"https:\/\/invexo.com.br\/blog\/residencial-mood-lapa-rua-do-resende-rj\/#article\",\"isPartOf\":{\"@id\":\"https:\/\/invexo.com.br\/blog\/residencial-mood-lapa-rua-do-resende-rj\/\"},\"author\":{\"name\":\"Ronnie Possatti\",\"@id\":\"https:\/\/invexo.com.br\/blog\/#\/schema\/person\/36bee32f1cfacde03dc4c9622a58778d\"},\"headline\":\"Residencial na Rua do Resende: Mood Lapa RJ\",\"datePublished\":\"2020-10-20T11:02:00+00:00\",\"dateModified\":\"2022-06-29T00:45:27+00:00\",\"mainEntityOfPage\":{\"@id\":\"https:\/\/invexo.com.br\/blog\/residencial-mood-lapa-rua-do-resende-rj\/\"},\"wordCount\":540,\"publisher\":{\"@id\":\"https:\/\/invexo.com.br\/blog\/#organization\"},\"image\":{\"@id\":\"https:\/\/invexo.com.br\/blog\/residencial-mood-lapa-rua-do-resende-rj\/#primaryimage\"},\"thumbnailUrl\":\"https:\/\/invexo.com.br\/blog\/wp-content\/uploads\/2020\/10\/Residencial-Mood-Lapa-RJ.jpg\",\"articleSection\":[\"Bairros\",\"Informa\u00e7\u00f5es\",\"Mercado imobili\u00e1rio\"],\"inLanguage\":\"pt-BR\"},{\"@type\":\"WebPage\",\"@id\":\"https:\/\/invexo.com.br\/blog\/residencial-mood-lapa-rua-do-resende-rj\/\",\"url\":\"https:\/\/invexo.com.br\/blog\/residencial-mood-lapa-rua-do-resende-rj\/\",\"name\":\"Residencial Mood Lapa RJ\",\"isPartOf\":{\"@id\":\"https:\/\/invexo.com.br\/blog\/#website\"},\"primaryImageOfPage\":{\"@id\":\"https:\/\/invexo.com.br\/blog\/residencial-mood-lapa-rua-do-resende-rj\/#primaryimage\"},\"image\":{\"@id\":\"https:\/\/invexo.com.br\/blog\/residencial-mood-lapa-rua-do-resende-rj\/#primaryimage\"},\"thumbnailUrl\":\"https:\/\/invexo.com.br\/blog\/wp-content\/uploads\/2020\/10\/Residencial-Mood-Lapa-RJ.jpg\",\"datePublished\":\"2020-10-20T11:02:00+00:00\",\"dateModified\":\"2022-06-29T00:45:27+00:00\",\"description\":\"Apartamentos de 1 e 2 quartos - prontos para morar - e lojas a partir de 142 m\u00b2 voc\u00ea encontra no residencial Mood Lapa. Conhe\u00e7a as \u00faltimas unidades!\",\"breadcrumb\":{\"@id\":\"https:\/\/invexo.com.br\/blog\/residencial-mood-lapa-rua-do-resende-rj\/#breadcrumb\"},\"inLanguage\":\"pt-BR\",\"potentialAction\":[{\"@type\":\"ReadAction\",\"target\":[\"https:\/\/invexo.com.br\/blog\/residencial-mood-lapa-rua-do-resende-rj\/\"]}]},{\"@type\":\"ImageObject\",\"inLanguage\":\"pt-BR\",\"@id\":\"https:\/\/invexo.com.br\/blog\/residencial-mood-lapa-rua-do-resende-rj\/#primaryimage\",\"url\":\"https:\/\/invexo.com.br\/blog\/wp-content\/uploads\/2020\/10\/Residencial-Mood-Lapa-RJ.jpg\",\"contentUrl\":\"https:\/\/invexo.com.br\/blog\/wp-content\/uploads\/2020\/10\/Residencial-Mood-Lapa-RJ.jpg\",\"width\":759,\"height\":514,\"caption\":\"Residencial Mood Lapa\"},{\"@type\":\"BreadcrumbList\",\"@id\":\"https:\/\/invexo.com.br\/blog\/residencial-mood-lapa-rua-do-resende-rj\/#breadcrumb\",\"itemListElement\":[{\"@type\":\"ListItem\",\"position\":1,\"name\":\"Blog\",\"item\":\"https:\/\/invexo.com.br\/blog\/\"},{\"@type\":\"ListItem\",\"position\":2,\"name\":\"Bairros\",\"item\":\"https:\/\/invexo.com.br\/blog\/categoria\/bairros\/\"},{\"@type\":\"ListItem\",\"position\":3,\"name\":\"Residencial na Rua do Resende: Mood Lapa RJ\"}]},{\"@type\":\"WebSite\",\"@id\":\"https:\/\/invexo.com.br\/blog\/#website\",\"url\":\"https:\/\/invexo.com.br\/blog\/\",\"name\":\"Not\u00edcias RJ\",\"description\":\"Not\u00edcias sobre im\u00f3veis, financiamento, mercado imobili\u00e1rio do Rio de Janeiro. Informa\u00e7\u00f5es sobre Bairros, Condom\u00ednios e Regi\u00e3o do Rio de Janeiro.\",\"publisher\":{\"@id\":\"https:\/\/invexo.com.br\/blog\/#organization\"},\"potentialAction\":[{\"@type\":\"SearchAction\",\"target\":{\"@type\":\"EntryPoint\",\"urlTemplate\":\"https:\/\/invexo.com.br\/blog\/?s={search_term_string}\"},\"query-input\":{\"@type\":\"PropertyValueSpecification\",\"valueRequired\":true,\"valueName\":\"search_term_string\"}}],\"inLanguage\":\"pt-BR\"},{\"@type\":\"Organization\",\"@id\":\"https:\/\/invexo.com.br\/blog\/#organization\",\"name\":\"INVEXO Imobili\u00e1ria\",\"url\":\"https:\/\/invexo.com.br\/blog\/\",\"logo\":{\"@type\":\"ImageObject\",\"inLanguage\":\"pt-BR\",\"@id\":\"https:\/\/invexo.com.br\/blog\/#\/schema\/logo\/image\/\",\"url\":\"https:\/\/invexo.com.br\/blog\/wp-content\/uploads\/2018\/09\/invexo-80-melhor.png\",\"contentUrl\":\"https:\/\/invexo.com.br\/blog\/wp-content\/uploads\/2018\/09\/invexo-80-melhor.png\",\"width\":247,\"height\":80,\"caption\":\"INVEXO Imobili\u00e1ria\"},\"image\":{\"@id\":\"https:\/\/invexo.com.br\/blog\/#\/schema\/logo\/image\/\"},\"sameAs\":[\"https:\/\/facebook.com\/invexo\",\"https:\/\/x.com\/invexoimoveis\"]},{\"@type\":\"Person\",\"@id\":\"https:\/\/invexo.com.br\/blog\/#\/schema\/person\/36bee32f1cfacde03dc4c9622a58778d\",\"name\":\"Ronnie Possatti\",\"image\":{\"@type\":\"ImageObject\",\"inLanguage\":\"pt-BR\",\"@id\":\"https:\/\/invexo.com.br\/blog\/#\/schema\/person\/image\/\",\"url\":\"https:\/\/secure.gravatar.com\/avatar\/51a6cdcc215551235c39affb853f1e38?s=96&d=blank&r=g\",\"contentUrl\":\"https:\/\/secure.gravatar.com\/avatar\/51a6cdcc215551235c39affb853f1e38?s=96&d=blank&r=g\",\"caption\":\"Ronnie Possatti\"},\"description\":\"Equipe de especialistas que traz para seus leitores conte\u00fados relevantes e de qualidade sobre bairros, condom\u00ednios, lan\u00e7amentos e not\u00edcias imobili\u00e1rias no Rio de Janeiro.\",\"sameAs\":[\"https:\/\/facebook.com\/invexo\",\"https:\/\/instagram.com\/invexo\",\"https:\/\/x.com\/https:\/\/twitter.com\/invexoimoveis\"],\"url\":\"https:\/\/invexo.com.br\/blog\/author\/invexo\/\"}]}<\/script>\n<!-- \/ Yoast SEO plugin. -->","yoast_head_json":{"title":"Residencial Mood Lapa RJ","description":"Apartamentos de 1 e 2 quartos - prontos para morar - e lojas a partir de 142 m\u00b2 voc\u00ea encontra no residencial Mood Lapa. Conhe\u00e7a as \u00faltimas unidades!","robots":{"index":"index","follow":"follow","max-snippet":"max-snippet:-1","max-image-preview":"max-image-preview:large","max-video-preview":"max-video-preview:-1"},"canonical":"https:\/\/invexo.com.br\/blog\/residencial-mood-lapa-rua-do-resende-rj\/","og_locale":"pt_BR","og_type":"article","og_title":"Residencial Mood Lapa RJ","og_description":"Apartamentos de 1 e 2 quartos - prontos para morar - e lojas a partir de 142 m\u00b2 voc\u00ea encontra no residencial Mood Lapa. Conhe\u00e7a as \u00faltimas unidades!","og_url":"https:\/\/invexo.com.br\/blog\/residencial-mood-lapa-rua-do-resende-rj\/","og_site_name":"Not\u00edcias RJ","article_publisher":"https:\/\/facebook.com\/invexo","article_author":"https:\/\/facebook.com\/invexo","article_published_time":"2020-10-20T11:02:00+00:00","article_modified_time":"2022-06-29T00:45:27+00:00","og_image":[{"width":759,"height":514,"url":"https:\/\/invexo.com.br\/blog\/wp-content\/uploads\/2020\/10\/Residencial-Mood-Lapa-RJ.jpg","type":"image\/jpeg"}],"author":"Ronnie Possatti","twitter_card":"summary_large_image","twitter_creator":"@https:\/\/twitter.com\/invexoimoveis","twitter_site":"@invexoimoveis","twitter_misc":{"Escrito por":"Ronnie Possatti","Est. tempo de leitura":"3 minutos"},"schema":{"@context":"https:\/\/schema.org","@graph":[{"@type":"Article","@id":"https:\/\/invexo.com.br\/blog\/residencial-mood-lapa-rua-do-resende-rj\/#article","isPartOf":{"@id":"https:\/\/invexo.com.br\/blog\/residencial-mood-lapa-rua-do-resende-rj\/"},"author":{"name":"Ronnie Possatti","@id":"https:\/\/invexo.com.br\/blog\/#\/schema\/person\/36bee32f1cfacde03dc4c9622a58778d"},"headline":"Residencial na Rua do Resende: Mood Lapa RJ","datePublished":"2020-10-20T11:02:00+00:00","dateModified":"2022-06-29T00:45:27+00:00","mainEntityOfPage":{"@id":"https:\/\/invexo.com.br\/blog\/residencial-mood-lapa-rua-do-resende-rj\/"},"wordCount":540,"publisher":{"@id":"https:\/\/invexo.com.br\/blog\/#organization"},"image":{"@id":"https:\/\/invexo.com.br\/blog\/residencial-mood-lapa-rua-do-resende-rj\/#primaryimage"},"thumbnailUrl":"https:\/\/invexo.com.br\/blog\/wp-content\/uploads\/2020\/10\/Residencial-Mood-Lapa-RJ.jpg","articleSection":["Bairros","Informa\u00e7\u00f5es","Mercado imobili\u00e1rio"],"inLanguage":"pt-BR"},{"@type":"WebPage","@id":"https:\/\/invexo.com.br\/blog\/residencial-mood-lapa-rua-do-resende-rj\/","url":"https:\/\/invexo.com.br\/blog\/residencial-mood-lapa-rua-do-resende-rj\/","name":"Residencial Mood Lapa RJ","isPartOf":{"@id":"https:\/\/invexo.com.br\/blog\/#website"},"primaryImageOfPage":{"@id":"https:\/\/invexo.com.br\/blog\/residencial-mood-lapa-rua-do-resende-rj\/#primaryimage"},"image":{"@id":"https:\/\/invexo.com.br\/blog\/residencial-mood-lapa-rua-do-resende-rj\/#primaryimage"},"thumbnailUrl":"https:\/\/invexo.com.br\/blog\/wp-content\/uploads\/2020\/10\/Residencial-Mood-Lapa-RJ.jpg","datePublished":"2020-10-20T11:02:00+00:00","dateModified":"2022-06-29T00:45:27+00:00","description":"Apartamentos de 1 e 2 quartos - prontos para morar - e lojas a partir de 142 m\u00b2 voc\u00ea encontra no residencial Mood Lapa. Conhe\u00e7a as \u00faltimas unidades!","breadcrumb":{"@id":"https:\/\/invexo.com.br\/blog\/residencial-mood-lapa-rua-do-resende-rj\/#breadcrumb"},"inLanguage":"pt-BR","potentialAction":[{"@type":"ReadAction","target":["https:\/\/invexo.com.br\/blog\/residencial-mood-lapa-rua-do-resende-rj\/"]}]},{"@type":"ImageObject","inLanguage":"pt-BR","@id":"https:\/\/invexo.com.br\/blog\/residencial-mood-lapa-rua-do-resende-rj\/#primaryimage","url":"https:\/\/invexo.com.br\/blog\/wp-content\/uploads\/2020\/10\/Residencial-Mood-Lapa-RJ.jpg","contentUrl":"https:\/\/invexo.com.br\/blog\/wp-content\/uploads\/2020\/10\/Residencial-Mood-Lapa-RJ.jpg","width":759,"height":514,"caption":"Residencial Mood Lapa"},{"@type":"BreadcrumbList","@id":"https:\/\/invexo.com.br\/blog\/residencial-mood-lapa-rua-do-resende-rj\/#breadcrumb","itemListElement":[{"@type":"ListItem","position":1,"name":"Blog","item":"https:\/\/invexo.com.br\/blog\/"},{"@type":"ListItem","position":2,"name":"Bairros","item":"https:\/\/invexo.com.br\/blog\/categoria\/bairros\/"},{"@type":"ListItem","position":3,"name":"Residencial na Rua do Resende: Mood Lapa RJ"}]},{"@type":"WebSite","@id":"https:\/\/invexo.com.br\/blog\/#website","url":"https:\/\/invexo.com.br\/blog\/","name":"Not\u00edcias RJ","description":"Not\u00edcias sobre im\u00f3veis, financiamento, mercado imobili\u00e1rio do Rio de Janeiro. Informa\u00e7\u00f5es sobre Bairros, Condom\u00ednios e Regi\u00e3o do Rio de Janeiro.","publisher":{"@id":"https:\/\/invexo.com.br\/blog\/#organization"},"potentialAction":[{"@type":"SearchAction","target":{"@type":"EntryPoint","urlTemplate":"https:\/\/invexo.com.br\/blog\/?s={search_term_string}"},"query-input":{"@type":"PropertyValueSpecification","valueRequired":true,"valueName":"search_term_string"}}],"inLanguage":"pt-BR"},{"@type":"Organization","@id":"https:\/\/invexo.com.br\/blog\/#organization","name":"INVEXO Imobili\u00e1ria","url":"https:\/\/invexo.com.br\/blog\/","logo":{"@type":"ImageObject","inLanguage":"pt-BR","@id":"https:\/\/invexo.com.br\/blog\/#\/schema\/logo\/image\/","url":"https:\/\/invexo.com.br\/blog\/wp-content\/uploads\/2018\/09\/invexo-80-melhor.png","contentUrl":"https:\/\/invexo.com.br\/blog\/wp-content\/uploads\/2018\/09\/invexo-80-melhor.png","width":247,"height":80,"caption":"INVEXO Imobili\u00e1ria"},"image":{"@id":"https:\/\/invexo.com.br\/blog\/#\/schema\/logo\/image\/"},"sameAs":["https:\/\/facebook.com\/invexo","https:\/\/x.com\/invexoimoveis"]},{"@type":"Person","@id":"https:\/\/invexo.com.br\/blog\/#\/schema\/person\/36bee32f1cfacde03dc4c9622a58778d","name":"Ronnie Possatti","image":{"@type":"ImageObject","inLanguage":"pt-BR","@id":"https:\/\/invexo.com.br\/blog\/#\/schema\/person\/image\/","url":"https:\/\/secure.gravatar.com\/avatar\/51a6cdcc215551235c39affb853f1e38?s=96&d=blank&r=g","contentUrl":"https:\/\/secure.gravatar.com\/avatar\/51a6cdcc215551235c39affb853f1e38?s=96&d=blank&r=g","caption":"Ronnie Possatti"},"description":"Equipe de especialistas que traz para seus leitores conte\u00fados relevantes e de qualidade sobre bairros, condom\u00ednios, lan\u00e7amentos e not\u00edcias imobili\u00e1rias no Rio de Janeiro.","sameAs":["https:\/\/facebook.com\/invexo","https:\/\/instagram.com\/invexo","https:\/\/x.com\/https:\/\/twitter.com\/invexoimoveis"],"url":"https:\/\/invexo.com.br\/blog\/author\/invexo\/"}]}},"taxonomy_info":{"category":[{"value":10,"label":"Bairros"},{"value":15,"label":"Informa\u00e7\u00f5es"},{"value":230,"label":"Mercado imobili\u00e1rio"}]},"featured_image_src_large":["https:\/\/invexo.com.br\/blog\/wp-content\/uploads\/2020\/10\/Residencial-Mood-Lapa-RJ.jpg",759,514,false],"author_info":{"display_name":"Ronnie Possatti","author_link":"https:\/\/invexo.com.br\/blog\/author\/invexo\/"},"comment_info":0,"category_info":[{"term_id":10,"name":"Bairros","slug":"bairros","term_group":0,"term_taxonomy_id":10,"taxonomy":"category","description":"Not\u00edcias sobre estabelecimentos nos melhores bairros para se morar no Rio de Janeiro.","parent":0,"count":1354,"filter":"raw","cat_ID":10,"category_count":1354,"category_description":"Not\u00edcias sobre estabelecimentos nos melhores bairros para se morar no Rio de Janeiro.","cat_name":"Bairros","category_nicename":"bairros","category_parent":0},{"term_id":15,"name":"Informa\u00e7\u00f5es","slug":"informacoes","term_group":0,"term_taxonomy_id":15,"taxonomy":"category","description":"Informa\u00e7\u00f5es, experi\u00eancia nos melhores estabelecimentos em bairros nobres para se viver no Rio de Janeiro. Tudo sobre cultura, entretenimento e lazer.","parent":0,"count":1297,"filter":"raw","cat_ID":15,"category_count":1297,"category_description":"Informa\u00e7\u00f5es, experi\u00eancia nos melhores estabelecimentos em bairros nobres para se viver no Rio de Janeiro. Tudo sobre cultura, entretenimento e lazer.","cat_name":"Informa\u00e7\u00f5es","category_nicename":"informacoes","category_parent":0},{"term_id":230,"name":"Mercado imobili\u00e1rio","slug":"mercado-imobiliario","term_group":0,"term_taxonomy_id":230,"taxonomy":"category","description":"Not\u00edcias sobre o mercado imobili\u00e1rio carioca, informa\u00e7\u00f5es sobre lan\u00e7amentos, construtoras, incorporadoras e futuros lan\u00e7amentos na cidade do Rio de Janeiro.","parent":0,"count":266,"filter":"raw","cat_ID":230,"category_count":266,"category_description":"Not\u00edcias sobre o mercado imobili\u00e1rio carioca, informa\u00e7\u00f5es sobre lan\u00e7amentos, construtoras, incorporadoras e futuros lan\u00e7amentos na cidade do Rio de Janeiro.","cat_name":"Mercado imobili\u00e1rio","category_nicename":"mercado-imobiliario","category_parent":0}],"tag_info":false,"_links":{"self":[{"href":"https:\/\/invexo.com.br\/blog\/wp-json\/wp\/v2\/posts\/6027"}],"collection":[{"href":"https:\/\/invexo.com.br\/blog\/wp-json\/wp\/v2\/posts"}],"about":[{"href":"https:\/\/invexo.com.br\/blog\/wp-json\/wp\/v2\/types\/post"}],"author":[{"embeddable":true,"href":"https:\/\/invexo.com.br\/blog\/wp-json\/wp\/v2\/users\/2"}],"replies":[{"embeddable":true,"href":"https:\/\/invexo.com.br\/blog\/wp-json\/wp\/v2\/comments?post=6027"}],"version-history":[{"count":1,"href":"https:\/\/invexo.com.br\/blog\/wp-json\/wp\/v2\/posts\/6027\/revisions"}],"predecessor-version":[{"id":27474,"href":"https:\/\/invexo.com.br\/blog\/wp-json\/wp\/v2\/posts\/6027\/revisions\/27474"}],"wp:featuredmedia":[{"embeddable":true,"href":"https:\/\/invexo.com.br\/blog\/wp-json\/wp\/v2\/media\/6321"}],"wp:attachment":[{"href":"https:\/\/invexo.com.br\/blog\/wp-json\/wp\/v2\/media?parent=6027"}],"wp:term":[{"taxonomy":"category","embeddable":true,"href":"https:\/\/invexo.com.br\/blog\/wp-json\/wp\/v2\/categories?post=6027"},{"taxonomy":"post_tag","embeddable":true,"href":"https:\/\/invexo.com.br\/blog\/wp-json\/wp\/v2\/tags?post=6027"}],"curies":[{"name":"wp","href":"https:\/\/api.w.org\/{rel}","templated":true}]}}