{"id":4762,"date":"2020-09-03T04:25:00","date_gmt":"2020-09-03T07:25:00","guid":{"rendered":"https:\/\/invexo.com.br\/blog\/?p=4762"},"modified":"2023-03-24T13:24:22","modified_gmt":"2023-03-24T16:24:22","slug":"lancamento-fontvieille-peninsula-avenida-das-acacias","status":"publish","type":"post","link":"https:\/\/invexo.com.br\/blog\/lancamento-fontvieille-peninsula-avenida-das-acacias\/","title":{"rendered":"Residencial na Avenida das Ac\u00e1cias: FontVieille Pen\u00ednsula RJ"},"content":{"rendered":"\n<p>A construtora Carvalho Hosken, em parceria com grandes nomes da arquitetura, design e paisagismo, apresenta um luxuoso empreendimento imobili\u00e1rio na Barra da Tijuca: FontVieille Pen\u00ednsula.<\/p>\n\n\n\n<p>Inspirado nos pal\u00e1cios europeus e com forte influ\u00eancia da eleg\u00e2ncia de M\u00f4naco, o residencial \u00e9 pura sofistica\u00e7\u00e3o em uma das melhores regi\u00f5es cariocas para viver.<\/p>\n\n\n\n<!--more-->\n\n\n\n<p>Conhe\u00e7a, ent\u00e3o, os apartamentos e as coberturas \u00e0 venda e prontos para morar do FontVieille Pen\u00ednsula. Acompanhe e encante-se!<\/p>\n\n\n\n<p>A Pen\u00ednsula da Barra da Tijuca destaca-se por oferecer intenso contato com a natureza, devido \u00e0 forma\u00e7\u00e3o geol\u00f3gica do bairro. Por ser um bairro valorizado, o condom\u00ednio Pen\u00ednsula oferece alguns dos <a href=\"https:\/\/luxury.invexo.com.br\/peninsula-barra-da-tijuca-rio-de-janeiro-rj\/?utm_source=blog&amp;utm_medium=blocomeio\" target=\"_blank\" rel=\"noreferrer noopener\">melhores im\u00f3veis de luxo do Rio de Janeiro<\/a>, com infraestrutura completa e acabamentos de alto padr\u00e3o.<\/p>\n\n\n\n<figure class=\"wp-block-image size-full\"><a href=\"https:\/\/luxury.invexo.com.br\/peninsula-barra-da-tijuca-rio-de-janeiro-rj\/?utm_source=blog&amp;utm_medium=blocomeio\" target=\"_blank\" rel=\"noopener noreferrer\"><img decoding=\"async\" width=\"1300\" height=\"280\" src=\"https:\/\/invexo.com.br\/blog\/wp-content\/uploads\/2022\/08\/imoveis-a-venda-peninsula-barra-da-tijuca-rio-de-janeiro-rj.jpg\" alt=\"imoveis a venda peninsula barra da tijuca rio de janeiro rj\" class=\"wp-image-29206\" srcset=\"https:\/\/invexo.com.br\/blog\/wp-content\/uploads\/2022\/08\/imoveis-a-venda-peninsula-barra-da-tijuca-rio-de-janeiro-rj.jpg 1300w, https:\/\/invexo.com.br\/blog\/wp-content\/uploads\/2022\/08\/imoveis-a-venda-peninsula-barra-da-tijuca-rio-de-janeiro-rj-300x65.jpg 300w, https:\/\/invexo.com.br\/blog\/wp-content\/uploads\/2022\/08\/imoveis-a-venda-peninsula-barra-da-tijuca-rio-de-janeiro-rj-1024x221.jpg 1024w, https:\/\/invexo.com.br\/blog\/wp-content\/uploads\/2022\/08\/imoveis-a-venda-peninsula-barra-da-tijuca-rio-de-janeiro-rj-768x165.jpg 768w\" sizes=\"(max-width: 1300px) 100vw, 1300px\" \/><\/a><\/figure>\n\n\n\n<h2 class=\"wp-block-heading\">More na <strong>Avenida das Ac\u00e1cias<\/strong><\/h2>\n\n\n\n<p>A Avenida das Ac\u00e1cias fica localizada na Pen\u00ednsula, uma regi\u00e3o na Barra da Tijuca. O local \u00e9 um dos mais desejados para quem quer viver com qualidade no Rio de Janeiro.<\/p>\n\n\n\n<p>Com extenso com\u00e9rcio e rede de servi\u00e7os, o bairro permite que as pessoas que moram na \u00e1rea possam realizar suas atividades de rotina com comodidade.<\/p>\n\n\n\n<p>Al\u00e9m disso, o morador conta com diversas op\u00e7\u00f5es de lazer e para a pr\u00e1tica de atividades ao ar livre na localidade. <\/p>\n\n\n\n<p>Foi essa privilegiada \u00e1rea do Rio de Janeiro que a construtora Carvalho Hosken escolheu para desenvolver o sofisticado projeto imobili\u00e1rio FontVieille Pen\u00ednsula. <\/p>\n\n\n\n<p>Quer saber mais detalhes sobre o condom\u00ednio residencial com unidades prontas para morar? Ent\u00e3o, confira!<\/p>\n\n\n\n<h3 class=\"wp-block-heading\"><strong>Avenida das Ac\u00e1cias:<\/strong> Residencial <strong>FontVieille Pen\u00ednsula da Construtora Carvalho Hosken<\/strong><\/h3>\n\n\n\n<p>O residencial FontVieille Pen\u00ednsula, na Barra da Tijuca, \u00e9 um luxuoso empreendimento imobili\u00e1rio no Rio de Janeiro.<\/p>\n\n\n\n<p>Com 90 unidades distribu\u00eddas em 4 modernas torres, o condom\u00ednio consegue garantir privacidade aos moradores j\u00e1 que s\u00e3o apenas 1 ou 2 apartamentos por andar.<\/p>\n\n\n\n<p>Sua intensa ilumina\u00e7\u00e3o natural refor\u00e7a o projeto arquitet\u00f4nico do condom\u00ednio, que conta com a assinatura de diferentes profissionais e escrit\u00f3rios, como Benedito Abbud e Gobel Arquitetura.<\/p>\n\n\n\n<p>Al\u00e9m disso, o residencial FontVieille tem exclusiva curadoria especializada de Carlos de Andrade.  Assim, o empreendimento re\u00fane obras de renomados artistas como Pancetti, Bruno Giorgi e Di Cavalcanti.<\/p>\n\n\n\n<p>Ent\u00e3o, se voc\u00ea quer viver esse pedacinho de M\u00f4naco no Rio de Janeiro, precisa conhecer os apartamentos e coberturas do FontVieille Pen\u00ednsula. <\/p>\n\n\n\n<h2 class=\"wp-block-heading\">Condom\u00ednio FontVieille Pen\u00ednsula na Avenida das Ac\u00e1cias<\/h2>\n\n\n\n<p>O empreendimento da construtora Carvalho Hosken esbanja em luxo e bom gosto. Suas unidades possuem metragens que variam entre 298 e 805 m\u00b2, proporcionando espa\u00e7o, conforto e sofistica\u00e7\u00e3o aos moradores.<\/p>\n\n\n\n<p>Veja, a seguir, detalhes sobre os im\u00f3veis \u00e0 venda no FontVieille Pen\u00ednsula:<\/p>\n\n\n\n<h3 class=\"wp-block-heading\"><strong>A<\/strong>partamentos<\/h3>\n\n\n\n<p>Os amplos apartamentos t\u00eam tamanho entre 298 e 418 m\u00b2, divididos em 4 su\u00edtes e demais acomoda\u00e7\u00f5es. Os moradores poder\u00e3o contar com 3 ou 4 vagas na garagem, de acordo com a unidade escolhida. <\/p>\n\n\n\n<h3 class=\"wp-block-heading\"><strong>A<\/strong>partamentos Decorados<\/h3>\n\n\n\n<p>Os sofisticados im\u00f3veis decorados do FontVieille t\u00eam a assinatura do arquiteto David Bastos e da arquiteta Joy Garrido.<\/p>\n\n\n\n<p>Os apartamentos cont\u00e9m 4 su\u00edtes e outros c\u00f4modos, projetados em 306 ou 418 m\u00b2 e com 3 ou 4 vagas na garagem. <\/p>\n\n\n\n<h3 class=\"wp-block-heading\"><strong>C<\/strong>oberturas<\/h3>\n\n\n\n<p>Por fim, as luxuosas e espa\u00e7osas coberturas duplex do FontVieille Pen\u00ednsula possuem entre 612 e 802 m\u00b2, oferecendo 4 ou 5 vagas na garagem do condom\u00ednio ao morador. <\/p>\n\n\n\n<p>Com 4 su\u00edtes e demais acomoda\u00e7\u00f5es, as coberturas do residencial v\u00e3o surpreender a voc\u00ea e sua fam\u00edlia.<\/p>\n\n\n\n<p>Veja mais detalhes sobre o condom\u00ednio acessando agora mesmo o portal do <a rel=\"noreferrer noopener\" href=\"https:\/\/invexo.com.br\/imovel-pronto\/fontvieille-peninsula\/\" target=\"_blank\">FontVieille Pen\u00ednsula<\/a>.<\/p>\n\n\n\n<p>Conciliando as mais diversas atividades em um s\u00f3 lugar, a Pen\u00ednsula atende as necessidades dos moradores e entrega muita qualidade de vida em um ambiente de amplo desenvolvimento urbano. Conhe\u00e7a todos os <a href=\"https:\/\/luxury.invexo.com.br\/peninsula-barra-da-tijuca-rio-de-janeiro-rj\/?utm_source=blog&amp;utm_medium=blocofim\">im\u00f3veis de luxo \u00e0 venda na Pen\u00ednsula<\/a>, na Barra da Tijuca.<\/p>\n\n\n\n<figure class=\"wp-block-image size-full\"><a href=\"https:\/\/luxury.invexo.com.br\/peninsula-barra-da-tijuca-rio-de-janeiro-rj\/?utm_source=blog&amp;utm_medium=blocofim\" target=\"_blank\" rel=\"noopener noreferrer\"><img decoding=\"async\" width=\"1300\" height=\"280\" src=\"https:\/\/invexo.com.br\/blog\/wp-content\/uploads\/2022\/08\/imoveis-a-venda-peninsula-barra-da-tijuca-rio-de-janeiro-rj.jpg\" alt=\"imoveis a venda peninsula barra da tijuca rio de janeiro rj\" class=\"wp-image-29206\" srcset=\"https:\/\/invexo.com.br\/blog\/wp-content\/uploads\/2022\/08\/imoveis-a-venda-peninsula-barra-da-tijuca-rio-de-janeiro-rj.jpg 1300w, https:\/\/invexo.com.br\/blog\/wp-content\/uploads\/2022\/08\/imoveis-a-venda-peninsula-barra-da-tijuca-rio-de-janeiro-rj-300x65.jpg 300w, https:\/\/invexo.com.br\/blog\/wp-content\/uploads\/2022\/08\/imoveis-a-venda-peninsula-barra-da-tijuca-rio-de-janeiro-rj-1024x221.jpg 1024w, https:\/\/invexo.com.br\/blog\/wp-content\/uploads\/2022\/08\/imoveis-a-venda-peninsula-barra-da-tijuca-rio-de-janeiro-rj-768x165.jpg 768w\" sizes=\"(max-width: 1300px) 100vw, 1300px\" \/><\/a><\/figure>\n","protected":false},"excerpt":{"rendered":"<p>A construtora Carvalho Hosken, em parceria com grandes nomes da arquitetura, design e paisagismo, apresenta um luxuoso empreendimento imobili\u00e1rio na Barra da Tijuca: FontVieille Pen\u00ednsula. Inspirado nos pal\u00e1cios europeus e com forte influ\u00eancia da eleg\u00e2ncia de M\u00f4naco, o residencial \u00e9 pura sofistica\u00e7\u00e3o em uma das melhores regi\u00f5es cariocas para viver.<\/p>\n","protected":false},"author":2,"featured_media":5267,"comment_status":"closed","ping_status":"closed","sticky":false,"template":"","format":"standard","meta":{"_acf_changed":false,"_kad_blocks_custom_css":"","_kad_blocks_head_custom_js":"","_kad_blocks_body_custom_js":"","_kad_blocks_footer_custom_js":"","_kadence_starter_templates_imported_post":false,"_kad_post_transparent":"","_kad_post_title":"","_kad_post_layout":"","_kad_post_sidebar_id":"","_kad_post_content_style":"","_kad_post_vertical_padding":"","_kad_post_feature":"","_kad_post_feature_position":"","_kad_post_header":false,"_kad_post_footer":false,"footnotes":""},"categories":[10,15,230],"tags":[639],"acf":[],"yoast_head":"<!-- This site is optimized with the Yoast SEO plugin v24.1 - https:\/\/yoast.com\/wordpress\/plugins\/seo\/ -->\n<title>Residencial FontVieille Pen\u00ednsula<\/title>\n<meta name=\"description\" content=\"Viva a experi\u00eancia \u00fanica de morar no Rio de Janeiro em um condom\u00edno residencial inspirado nos pal\u00e1cios europeus. Conhe\u00e7a o FontVieille Pen\u00ednsula!\" \/>\n<meta name=\"robots\" content=\"index, follow, max-snippet:-1, max-image-preview:large, max-video-preview:-1\" \/>\n<link rel=\"canonical\" href=\"https:\/\/invexo.com.br\/blog\/lancamento-fontvieille-peninsula-avenida-das-acacias\/\" \/>\n<meta property=\"og:locale\" content=\"pt_BR\" \/>\n<meta property=\"og:type\" content=\"article\" \/>\n<meta property=\"og:title\" content=\"Residencial FontVieille Pen\u00ednsula\" \/>\n<meta property=\"og:description\" content=\"Viva a experi\u00eancia \u00fanica de morar no Rio de Janeiro em um condom\u00edno residencial inspirado nos pal\u00e1cios europeus. Conhe\u00e7a o FontVieille Pen\u00ednsula!\" \/>\n<meta property=\"og:url\" content=\"https:\/\/invexo.com.br\/blog\/lancamento-fontvieille-peninsula-avenida-das-acacias\/\" \/>\n<meta property=\"og:site_name\" content=\"Not\u00edcias RJ\" \/>\n<meta property=\"article:publisher\" content=\"https:\/\/facebook.com\/invexo\" \/>\n<meta property=\"article:author\" content=\"https:\/\/facebook.com\/invexo\" \/>\n<meta property=\"article:published_time\" content=\"2020-09-03T07:25:00+00:00\" \/>\n<meta property=\"article:modified_time\" content=\"2023-03-24T16:24:22+00:00\" \/>\n<meta property=\"og:image\" content=\"https:\/\/invexo.com.br\/blog\/wp-content\/uploads\/2020\/09\/Residencial-na-Avenida-das-Ac\u00e1cias-FontVieille-Pen\u00ednsula-RJ.jpg\" \/>\n\t<meta property=\"og:image:width\" content=\"770\" \/>\n\t<meta property=\"og:image:height\" content=\"521\" \/>\n\t<meta property=\"og:image:type\" content=\"image\/jpeg\" \/>\n<meta name=\"author\" content=\"Ronnie Possatti\" \/>\n<meta name=\"twitter:card\" content=\"summary_large_image\" \/>\n<meta name=\"twitter:creator\" content=\"@https:\/\/twitter.com\/invexoimoveis\" \/>\n<meta name=\"twitter:site\" content=\"@invexoimoveis\" \/>\n<meta name=\"twitter:label1\" content=\"Escrito por\" \/>\n\t<meta name=\"twitter:data1\" content=\"Ronnie Possatti\" \/>\n\t<meta name=\"twitter:label2\" content=\"Est. tempo de leitura\" \/>\n\t<meta name=\"twitter:data2\" content=\"3 minutos\" \/>\n<script type=\"application\/ld+json\" class=\"yoast-schema-graph\">{\"@context\":\"https:\/\/schema.org\",\"@graph\":[{\"@type\":\"Article\",\"@id\":\"https:\/\/invexo.com.br\/blog\/lancamento-fontvieille-peninsula-avenida-das-acacias\/#article\",\"isPartOf\":{\"@id\":\"https:\/\/invexo.com.br\/blog\/lancamento-fontvieille-peninsula-avenida-das-acacias\/\"},\"author\":{\"name\":\"Ronnie Possatti\",\"@id\":\"https:\/\/invexo.com.br\/blog\/#\/schema\/person\/36bee32f1cfacde03dc4c9622a58778d\"},\"headline\":\"Residencial na Avenida das Ac\u00e1cias: FontVieille Pen\u00ednsula RJ\",\"datePublished\":\"2020-09-03T07:25:00+00:00\",\"dateModified\":\"2023-03-24T16:24:22+00:00\",\"mainEntityOfPage\":{\"@id\":\"https:\/\/invexo.com.br\/blog\/lancamento-fontvieille-peninsula-avenida-das-acacias\/\"},\"wordCount\":552,\"publisher\":{\"@id\":\"https:\/\/invexo.com.br\/blog\/#organization\"},\"image\":{\"@id\":\"https:\/\/invexo.com.br\/blog\/lancamento-fontvieille-peninsula-avenida-das-acacias\/#primaryimage\"},\"thumbnailUrl\":\"https:\/\/invexo.com.br\/blog\/wp-content\/uploads\/2020\/09\/Residencial-na-Avenida-das-Ac\u00e1cias-FontVieille-Pen\u00ednsula-RJ.jpg\",\"keywords\":[\"Barra da Tijuca\"],\"articleSection\":[\"Bairros\",\"Informa\u00e7\u00f5es\",\"Mercado imobili\u00e1rio\"],\"inLanguage\":\"pt-BR\"},{\"@type\":\"WebPage\",\"@id\":\"https:\/\/invexo.com.br\/blog\/lancamento-fontvieille-peninsula-avenida-das-acacias\/\",\"url\":\"https:\/\/invexo.com.br\/blog\/lancamento-fontvieille-peninsula-avenida-das-acacias\/\",\"name\":\"Residencial FontVieille Pen\u00ednsula\",\"isPartOf\":{\"@id\":\"https:\/\/invexo.com.br\/blog\/#website\"},\"primaryImageOfPage\":{\"@id\":\"https:\/\/invexo.com.br\/blog\/lancamento-fontvieille-peninsula-avenida-das-acacias\/#primaryimage\"},\"image\":{\"@id\":\"https:\/\/invexo.com.br\/blog\/lancamento-fontvieille-peninsula-avenida-das-acacias\/#primaryimage\"},\"thumbnailUrl\":\"https:\/\/invexo.com.br\/blog\/wp-content\/uploads\/2020\/09\/Residencial-na-Avenida-das-Ac\u00e1cias-FontVieille-Pen\u00ednsula-RJ.jpg\",\"datePublished\":\"2020-09-03T07:25:00+00:00\",\"dateModified\":\"2023-03-24T16:24:22+00:00\",\"description\":\"Viva a experi\u00eancia \u00fanica de morar no Rio de Janeiro em um condom\u00edno residencial inspirado nos pal\u00e1cios europeus. Conhe\u00e7a o FontVieille Pen\u00ednsula!\",\"breadcrumb\":{\"@id\":\"https:\/\/invexo.com.br\/blog\/lancamento-fontvieille-peninsula-avenida-das-acacias\/#breadcrumb\"},\"inLanguage\":\"pt-BR\",\"potentialAction\":[{\"@type\":\"ReadAction\",\"target\":[\"https:\/\/invexo.com.br\/blog\/lancamento-fontvieille-peninsula-avenida-das-acacias\/\"]}]},{\"@type\":\"ImageObject\",\"inLanguage\":\"pt-BR\",\"@id\":\"https:\/\/invexo.com.br\/blog\/lancamento-fontvieille-peninsula-avenida-das-acacias\/#primaryimage\",\"url\":\"https:\/\/invexo.com.br\/blog\/wp-content\/uploads\/2020\/09\/Residencial-na-Avenida-das-Ac\u00e1cias-FontVieille-Pen\u00ednsula-RJ.jpg\",\"contentUrl\":\"https:\/\/invexo.com.br\/blog\/wp-content\/uploads\/2020\/09\/Residencial-na-Avenida-das-Ac\u00e1cias-FontVieille-Pen\u00ednsula-RJ.jpg\",\"width\":770,\"height\":521,\"caption\":\"Residencial na Avenida das Ac\u00e1cias\"},{\"@type\":\"BreadcrumbList\",\"@id\":\"https:\/\/invexo.com.br\/blog\/lancamento-fontvieille-peninsula-avenida-das-acacias\/#breadcrumb\",\"itemListElement\":[{\"@type\":\"ListItem\",\"position\":1,\"name\":\"Blog\",\"item\":\"https:\/\/invexo.com.br\/blog\/\"},{\"@type\":\"ListItem\",\"position\":2,\"name\":\"Bairros\",\"item\":\"https:\/\/invexo.com.br\/blog\/categoria\/bairros\/\"},{\"@type\":\"ListItem\",\"position\":3,\"name\":\"Residencial na Avenida das Ac\u00e1cias: FontVieille Pen\u00ednsula RJ\"}]},{\"@type\":\"WebSite\",\"@id\":\"https:\/\/invexo.com.br\/blog\/#website\",\"url\":\"https:\/\/invexo.com.br\/blog\/\",\"name\":\"Not\u00edcias RJ\",\"description\":\"Not\u00edcias sobre im\u00f3veis, financiamento, mercado imobili\u00e1rio do Rio de Janeiro. Informa\u00e7\u00f5es sobre Bairros, Condom\u00ednios e Regi\u00e3o do Rio de Janeiro.\",\"publisher\":{\"@id\":\"https:\/\/invexo.com.br\/blog\/#organization\"},\"potentialAction\":[{\"@type\":\"SearchAction\",\"target\":{\"@type\":\"EntryPoint\",\"urlTemplate\":\"https:\/\/invexo.com.br\/blog\/?s={search_term_string}\"},\"query-input\":{\"@type\":\"PropertyValueSpecification\",\"valueRequired\":true,\"valueName\":\"search_term_string\"}}],\"inLanguage\":\"pt-BR\"},{\"@type\":\"Organization\",\"@id\":\"https:\/\/invexo.com.br\/blog\/#organization\",\"name\":\"INVEXO Imobili\u00e1ria\",\"url\":\"https:\/\/invexo.com.br\/blog\/\",\"logo\":{\"@type\":\"ImageObject\",\"inLanguage\":\"pt-BR\",\"@id\":\"https:\/\/invexo.com.br\/blog\/#\/schema\/logo\/image\/\",\"url\":\"https:\/\/invexo.com.br\/blog\/wp-content\/uploads\/2018\/09\/invexo-80-melhor.png\",\"contentUrl\":\"https:\/\/invexo.com.br\/blog\/wp-content\/uploads\/2018\/09\/invexo-80-melhor.png\",\"width\":247,\"height\":80,\"caption\":\"INVEXO Imobili\u00e1ria\"},\"image\":{\"@id\":\"https:\/\/invexo.com.br\/blog\/#\/schema\/logo\/image\/\"},\"sameAs\":[\"https:\/\/facebook.com\/invexo\",\"https:\/\/x.com\/invexoimoveis\"]},{\"@type\":\"Person\",\"@id\":\"https:\/\/invexo.com.br\/blog\/#\/schema\/person\/36bee32f1cfacde03dc4c9622a58778d\",\"name\":\"Ronnie Possatti\",\"image\":{\"@type\":\"ImageObject\",\"inLanguage\":\"pt-BR\",\"@id\":\"https:\/\/invexo.com.br\/blog\/#\/schema\/person\/image\/\",\"url\":\"https:\/\/secure.gravatar.com\/avatar\/51a6cdcc215551235c39affb853f1e38?s=96&d=blank&r=g\",\"contentUrl\":\"https:\/\/secure.gravatar.com\/avatar\/51a6cdcc215551235c39affb853f1e38?s=96&d=blank&r=g\",\"caption\":\"Ronnie Possatti\"},\"description\":\"Equipe de especialistas que traz para seus leitores conte\u00fados relevantes e de qualidade sobre bairros, condom\u00ednios, lan\u00e7amentos e not\u00edcias imobili\u00e1rias no Rio de Janeiro.\",\"sameAs\":[\"https:\/\/facebook.com\/invexo\",\"https:\/\/instagram.com\/invexo\",\"https:\/\/x.com\/https:\/\/twitter.com\/invexoimoveis\"],\"url\":\"https:\/\/invexo.com.br\/blog\/author\/invexo\/\"}]}<\/script>\n<!-- \/ Yoast SEO plugin. -->","yoast_head_json":{"title":"Residencial FontVieille Pen\u00ednsula","description":"Viva a experi\u00eancia \u00fanica de morar no Rio de Janeiro em um condom\u00edno residencial inspirado nos pal\u00e1cios europeus. Conhe\u00e7a o FontVieille Pen\u00ednsula!","robots":{"index":"index","follow":"follow","max-snippet":"max-snippet:-1","max-image-preview":"max-image-preview:large","max-video-preview":"max-video-preview:-1"},"canonical":"https:\/\/invexo.com.br\/blog\/lancamento-fontvieille-peninsula-avenida-das-acacias\/","og_locale":"pt_BR","og_type":"article","og_title":"Residencial FontVieille Pen\u00ednsula","og_description":"Viva a experi\u00eancia \u00fanica de morar no Rio de Janeiro em um condom\u00edno residencial inspirado nos pal\u00e1cios europeus. Conhe\u00e7a o FontVieille Pen\u00ednsula!","og_url":"https:\/\/invexo.com.br\/blog\/lancamento-fontvieille-peninsula-avenida-das-acacias\/","og_site_name":"Not\u00edcias RJ","article_publisher":"https:\/\/facebook.com\/invexo","article_author":"https:\/\/facebook.com\/invexo","article_published_time":"2020-09-03T07:25:00+00:00","article_modified_time":"2023-03-24T16:24:22+00:00","og_image":[{"width":770,"height":521,"url":"https:\/\/invexo.com.br\/blog\/wp-content\/uploads\/2020\/09\/Residencial-na-Avenida-das-Ac\u00e1cias-FontVieille-Pen\u00ednsula-RJ.jpg","type":"image\/jpeg"}],"author":"Ronnie Possatti","twitter_card":"summary_large_image","twitter_creator":"@https:\/\/twitter.com\/invexoimoveis","twitter_site":"@invexoimoveis","twitter_misc":{"Escrito por":"Ronnie Possatti","Est. tempo de leitura":"3 minutos"},"schema":{"@context":"https:\/\/schema.org","@graph":[{"@type":"Article","@id":"https:\/\/invexo.com.br\/blog\/lancamento-fontvieille-peninsula-avenida-das-acacias\/#article","isPartOf":{"@id":"https:\/\/invexo.com.br\/blog\/lancamento-fontvieille-peninsula-avenida-das-acacias\/"},"author":{"name":"Ronnie Possatti","@id":"https:\/\/invexo.com.br\/blog\/#\/schema\/person\/36bee32f1cfacde03dc4c9622a58778d"},"headline":"Residencial na Avenida das Ac\u00e1cias: FontVieille Pen\u00ednsula RJ","datePublished":"2020-09-03T07:25:00+00:00","dateModified":"2023-03-24T16:24:22+00:00","mainEntityOfPage":{"@id":"https:\/\/invexo.com.br\/blog\/lancamento-fontvieille-peninsula-avenida-das-acacias\/"},"wordCount":552,"publisher":{"@id":"https:\/\/invexo.com.br\/blog\/#organization"},"image":{"@id":"https:\/\/invexo.com.br\/blog\/lancamento-fontvieille-peninsula-avenida-das-acacias\/#primaryimage"},"thumbnailUrl":"https:\/\/invexo.com.br\/blog\/wp-content\/uploads\/2020\/09\/Residencial-na-Avenida-das-Ac\u00e1cias-FontVieille-Pen\u00ednsula-RJ.jpg","keywords":["Barra da Tijuca"],"articleSection":["Bairros","Informa\u00e7\u00f5es","Mercado imobili\u00e1rio"],"inLanguage":"pt-BR"},{"@type":"WebPage","@id":"https:\/\/invexo.com.br\/blog\/lancamento-fontvieille-peninsula-avenida-das-acacias\/","url":"https:\/\/invexo.com.br\/blog\/lancamento-fontvieille-peninsula-avenida-das-acacias\/","name":"Residencial FontVieille Pen\u00ednsula","isPartOf":{"@id":"https:\/\/invexo.com.br\/blog\/#website"},"primaryImageOfPage":{"@id":"https:\/\/invexo.com.br\/blog\/lancamento-fontvieille-peninsula-avenida-das-acacias\/#primaryimage"},"image":{"@id":"https:\/\/invexo.com.br\/blog\/lancamento-fontvieille-peninsula-avenida-das-acacias\/#primaryimage"},"thumbnailUrl":"https:\/\/invexo.com.br\/blog\/wp-content\/uploads\/2020\/09\/Residencial-na-Avenida-das-Ac\u00e1cias-FontVieille-Pen\u00ednsula-RJ.jpg","datePublished":"2020-09-03T07:25:00+00:00","dateModified":"2023-03-24T16:24:22+00:00","description":"Viva a experi\u00eancia \u00fanica de morar no Rio de Janeiro em um condom\u00edno residencial inspirado nos pal\u00e1cios europeus. Conhe\u00e7a o FontVieille Pen\u00ednsula!","breadcrumb":{"@id":"https:\/\/invexo.com.br\/blog\/lancamento-fontvieille-peninsula-avenida-das-acacias\/#breadcrumb"},"inLanguage":"pt-BR","potentialAction":[{"@type":"ReadAction","target":["https:\/\/invexo.com.br\/blog\/lancamento-fontvieille-peninsula-avenida-das-acacias\/"]}]},{"@type":"ImageObject","inLanguage":"pt-BR","@id":"https:\/\/invexo.com.br\/blog\/lancamento-fontvieille-peninsula-avenida-das-acacias\/#primaryimage","url":"https:\/\/invexo.com.br\/blog\/wp-content\/uploads\/2020\/09\/Residencial-na-Avenida-das-Ac\u00e1cias-FontVieille-Pen\u00ednsula-RJ.jpg","contentUrl":"https:\/\/invexo.com.br\/blog\/wp-content\/uploads\/2020\/09\/Residencial-na-Avenida-das-Ac\u00e1cias-FontVieille-Pen\u00ednsula-RJ.jpg","width":770,"height":521,"caption":"Residencial na Avenida das Ac\u00e1cias"},{"@type":"BreadcrumbList","@id":"https:\/\/invexo.com.br\/blog\/lancamento-fontvieille-peninsula-avenida-das-acacias\/#breadcrumb","itemListElement":[{"@type":"ListItem","position":1,"name":"Blog","item":"https:\/\/invexo.com.br\/blog\/"},{"@type":"ListItem","position":2,"name":"Bairros","item":"https:\/\/invexo.com.br\/blog\/categoria\/bairros\/"},{"@type":"ListItem","position":3,"name":"Residencial na Avenida das Ac\u00e1cias: FontVieille Pen\u00ednsula RJ"}]},{"@type":"WebSite","@id":"https:\/\/invexo.com.br\/blog\/#website","url":"https:\/\/invexo.com.br\/blog\/","name":"Not\u00edcias RJ","description":"Not\u00edcias sobre im\u00f3veis, financiamento, mercado imobili\u00e1rio do Rio de Janeiro. Informa\u00e7\u00f5es sobre Bairros, Condom\u00ednios e Regi\u00e3o do Rio de Janeiro.","publisher":{"@id":"https:\/\/invexo.com.br\/blog\/#organization"},"potentialAction":[{"@type":"SearchAction","target":{"@type":"EntryPoint","urlTemplate":"https:\/\/invexo.com.br\/blog\/?s={search_term_string}"},"query-input":{"@type":"PropertyValueSpecification","valueRequired":true,"valueName":"search_term_string"}}],"inLanguage":"pt-BR"},{"@type":"Organization","@id":"https:\/\/invexo.com.br\/blog\/#organization","name":"INVEXO Imobili\u00e1ria","url":"https:\/\/invexo.com.br\/blog\/","logo":{"@type":"ImageObject","inLanguage":"pt-BR","@id":"https:\/\/invexo.com.br\/blog\/#\/schema\/logo\/image\/","url":"https:\/\/invexo.com.br\/blog\/wp-content\/uploads\/2018\/09\/invexo-80-melhor.png","contentUrl":"https:\/\/invexo.com.br\/blog\/wp-content\/uploads\/2018\/09\/invexo-80-melhor.png","width":247,"height":80,"caption":"INVEXO Imobili\u00e1ria"},"image":{"@id":"https:\/\/invexo.com.br\/blog\/#\/schema\/logo\/image\/"},"sameAs":["https:\/\/facebook.com\/invexo","https:\/\/x.com\/invexoimoveis"]},{"@type":"Person","@id":"https:\/\/invexo.com.br\/blog\/#\/schema\/person\/36bee32f1cfacde03dc4c9622a58778d","name":"Ronnie Possatti","image":{"@type":"ImageObject","inLanguage":"pt-BR","@id":"https:\/\/invexo.com.br\/blog\/#\/schema\/person\/image\/","url":"https:\/\/secure.gravatar.com\/avatar\/51a6cdcc215551235c39affb853f1e38?s=96&d=blank&r=g","contentUrl":"https:\/\/secure.gravatar.com\/avatar\/51a6cdcc215551235c39affb853f1e38?s=96&d=blank&r=g","caption":"Ronnie Possatti"},"description":"Equipe de especialistas que traz para seus leitores conte\u00fados relevantes e de qualidade sobre bairros, condom\u00ednios, lan\u00e7amentos e not\u00edcias imobili\u00e1rias no Rio de Janeiro.","sameAs":["https:\/\/facebook.com\/invexo","https:\/\/instagram.com\/invexo","https:\/\/x.com\/https:\/\/twitter.com\/invexoimoveis"],"url":"https:\/\/invexo.com.br\/blog\/author\/invexo\/"}]}},"taxonomy_info":{"category":[{"value":10,"label":"Bairros"},{"value":15,"label":"Informa\u00e7\u00f5es"},{"value":230,"label":"Mercado imobili\u00e1rio"}],"post_tag":[{"value":639,"label":"Barra da Tijuca"}]},"featured_image_src_large":["https:\/\/invexo.com.br\/blog\/wp-content\/uploads\/2020\/09\/Residencial-na-Avenida-das-Ac\u00e1cias-FontVieille-Pen\u00ednsula-RJ.jpg",770,521,false],"author_info":{"display_name":"Ronnie Possatti","author_link":"https:\/\/invexo.com.br\/blog\/author\/invexo\/"},"comment_info":0,"category_info":[{"term_id":10,"name":"Bairros","slug":"bairros","term_group":0,"term_taxonomy_id":10,"taxonomy":"category","description":"Not\u00edcias sobre estabelecimentos nos melhores bairros para se morar no Rio de Janeiro.","parent":0,"count":1354,"filter":"raw","cat_ID":10,"category_count":1354,"category_description":"Not\u00edcias sobre estabelecimentos nos melhores bairros para se morar no Rio de Janeiro.","cat_name":"Bairros","category_nicename":"bairros","category_parent":0},{"term_id":15,"name":"Informa\u00e7\u00f5es","slug":"informacoes","term_group":0,"term_taxonomy_id":15,"taxonomy":"category","description":"Informa\u00e7\u00f5es, experi\u00eancia nos melhores estabelecimentos em bairros nobres para se viver no Rio de Janeiro. Tudo sobre cultura, entretenimento e lazer.","parent":0,"count":1297,"filter":"raw","cat_ID":15,"category_count":1297,"category_description":"Informa\u00e7\u00f5es, experi\u00eancia nos melhores estabelecimentos em bairros nobres para se viver no Rio de Janeiro. Tudo sobre cultura, entretenimento e lazer.","cat_name":"Informa\u00e7\u00f5es","category_nicename":"informacoes","category_parent":0},{"term_id":230,"name":"Mercado imobili\u00e1rio","slug":"mercado-imobiliario","term_group":0,"term_taxonomy_id":230,"taxonomy":"category","description":"Not\u00edcias sobre o mercado imobili\u00e1rio carioca, informa\u00e7\u00f5es sobre lan\u00e7amentos, construtoras, incorporadoras e futuros lan\u00e7amentos na cidade do Rio de Janeiro.","parent":0,"count":266,"filter":"raw","cat_ID":230,"category_count":266,"category_description":"Not\u00edcias sobre o mercado imobili\u00e1rio carioca, informa\u00e7\u00f5es sobre lan\u00e7amentos, construtoras, incorporadoras e futuros lan\u00e7amentos na cidade do Rio de Janeiro.","cat_name":"Mercado imobili\u00e1rio","category_nicename":"mercado-imobiliario","category_parent":0}],"tag_info":[{"term_id":639,"name":"Barra da Tijuca","slug":"barra-da-tijuca","term_group":0,"term_taxonomy_id":639,"taxonomy":"post_tag","description":"","parent":0,"count":160,"filter":"raw"}],"_links":{"self":[{"href":"https:\/\/invexo.com.br\/blog\/wp-json\/wp\/v2\/posts\/4762"}],"collection":[{"href":"https:\/\/invexo.com.br\/blog\/wp-json\/wp\/v2\/posts"}],"about":[{"href":"https:\/\/invexo.com.br\/blog\/wp-json\/wp\/v2\/types\/post"}],"author":[{"embeddable":true,"href":"https:\/\/invexo.com.br\/blog\/wp-json\/wp\/v2\/users\/2"}],"replies":[{"embeddable":true,"href":"https:\/\/invexo.com.br\/blog\/wp-json\/wp\/v2\/comments?post=4762"}],"version-history":[{"count":2,"href":"https:\/\/invexo.com.br\/blog\/wp-json\/wp\/v2\/posts\/4762\/revisions"}],"predecessor-version":[{"id":37046,"href":"https:\/\/invexo.com.br\/blog\/wp-json\/wp\/v2\/posts\/4762\/revisions\/37046"}],"wp:featuredmedia":[{"embeddable":true,"href":"https:\/\/invexo.com.br\/blog\/wp-json\/wp\/v2\/media\/5267"}],"wp:attachment":[{"href":"https:\/\/invexo.com.br\/blog\/wp-json\/wp\/v2\/media?parent=4762"}],"wp:term":[{"taxonomy":"category","embeddable":true,"href":"https:\/\/invexo.com.br\/blog\/wp-json\/wp\/v2\/categories?post=4762"},{"taxonomy":"post_tag","embeddable":true,"href":"https:\/\/invexo.com.br\/blog\/wp-json\/wp\/v2\/tags?post=4762"}],"curies":[{"name":"wp","href":"https:\/\/api.w.org\/{rel}","templated":true}]}}