{"id":464,"date":"2015-04-29T17:51:32","date_gmt":"2015-04-29T20:51:32","guid":{"rendered":"https:\/\/invexo.com.br\/?p=464"},"modified":"2022-06-28T21:49:35","modified_gmt":"2022-06-29T00:49:35","slug":"oasis-deserto","status":"publish","type":"post","link":"https:\/\/invexo.com.br\/blog\/oasis-deserto\/","title":{"rendered":"O\u00e1sis no Deserto"},"content":{"rendered":"<h1>Um o\u00e1sis no deserto<\/h1>\n<h2>Escrit\u00f3rios de arquitetura planejam construir um mega empreendimento no meio do Deserto do Saara<\/h2>\n<h2><\/h2>\n<p>Dois dos mais conceituados escrit\u00f3rios de arquitetura da Fran\u00e7a, o OXO Architects e o Nicolas Laisn\u00e9 Associ\u00e9s, pretendem construir um o\u00e1sis vertical em pleno deserto do Saara. O empreendimento teria 450 metros de altura e contaria com resid\u00eancias e salas para escrit\u00f3rio. No teto, seria instalada uma central de estudos sobre mudan\u00e7as clim\u00e1ticas. A inspira\u00e7\u00e3o \u00e9 o imponente Burj Khalifa, em Dubai. Mas os franceses esperam colocar de p\u00e9 um complexo totalmente auto-suficiente na produ\u00e7\u00e3o de energia, de \u00e1gua e de comida. O prazo de constru\u00e7\u00e3o, caso algum sheik \u00e1rabe se disponha a abra\u00e7ar o projeto, seria de at\u00e9 50 anos.<!--more--><\/p>\n<p><strong>Por dentro do City Stand Tower<\/strong><\/p>\n<p><span style=\"text-decoration: underline;\">Altura Total<\/span> &#8211; 450 metros<\/p>\n<p><span style=\"text-decoration: underline;\">Espa\u00e7o<\/span> &#8211; nos quase 80 mil m\u00b2 seriam constru\u00eddos 600 apartamentos<\/p>\n<p><span style=\"text-decoration: underline;\">De onde viria a energia<\/span> &#8211; fontes renov\u00e1veis como solar, e\u00f3lica e geot\u00e9rmica<\/p>\n<p>&nbsp;<\/p>\n<p>FONTE:\u00a0<a title=\"http:\/\/www.ademi.org.br\/article.php3?id_article=61580\" href=\"http:\/\/www.ademi.org.br\/article.php3?id_article=61580\" target=\"_blank\" rel=\"noopener noreferrer\">http:\/\/www.ademi.org.br\/article.php3?id_article=61580<\/a><\/p>\n<p>&nbsp;<\/p>\n","protected":false},"excerpt":{"rendered":"<p>Um o\u00e1sis no deserto Escrit\u00f3rios de arquitetura planejam construir um mega empreendimento no meio do Deserto do Saara Dois dos mais conceituados escrit\u00f3rios de arquitetura da Fran\u00e7a, o OXO Architects e o Nicolas Laisn\u00e9 Associ\u00e9s, pretendem construir um o\u00e1sis vertical em pleno deserto do Saara. O empreendimento teria 450 metros de altura e contaria com&#8230;<\/p>\n","protected":false},"author":2,"featured_media":543,"comment_status":"closed","ping_status":"closed","sticky":false,"template":"","format":"standard","meta":{"_acf_changed":false,"_kad_blocks_custom_css":"","_kad_blocks_head_custom_js":"","_kad_blocks_body_custom_js":"","_kad_blocks_footer_custom_js":"","_kadence_starter_templates_imported_post":false,"_kad_post_transparent":"","_kad_post_title":"","_kad_post_layout":"","_kad_post_sidebar_id":"","_kad_post_content_style":"","_kad_post_vertical_padding":"","_kad_post_feature":"","_kad_post_feature_position":"","_kad_post_header":false,"_kad_post_footer":false,"footnotes":""},"categories":[58],"tags":[],"acf":[],"yoast_head":"<!-- This site is optimized with the Yoast SEO plugin v24.1 - https:\/\/yoast.com\/wordpress\/plugins\/seo\/ -->\n<title>O\u00e1sis no Deserto - INVEXO Lan\u00e7amentos<\/title>\n<meta name=\"description\" content=\"Um o\u00e1sis no deserto. Escrit\u00f3rios de arquitetura planejam construir um mega empreendimento no meio do Deserto do Saara\" \/>\n<meta name=\"robots\" content=\"index, follow, max-snippet:-1, max-image-preview:large, max-video-preview:-1\" \/>\n<link rel=\"canonical\" href=\"https:\/\/invexo.com.br\/blog\/oasis-deserto\/\" \/>\n<meta property=\"og:locale\" content=\"pt_BR\" \/>\n<meta property=\"og:type\" content=\"article\" \/>\n<meta property=\"og:title\" content=\"O\u00e1sis no Deserto - INVEXO Lan\u00e7amentos\" \/>\n<meta property=\"og:description\" content=\"Um o\u00e1sis no deserto. Escrit\u00f3rios de arquitetura planejam construir um mega empreendimento no meio do Deserto do Saara\" \/>\n<meta property=\"og:url\" content=\"https:\/\/invexo.com.br\/blog\/oasis-deserto\/\" \/>\n<meta property=\"og:site_name\" content=\"Not\u00edcias RJ\" \/>\n<meta property=\"article:publisher\" content=\"https:\/\/facebook.com\/invexo\" \/>\n<meta property=\"article:author\" content=\"https:\/\/facebook.com\/invexo\" \/>\n<meta property=\"article:published_time\" content=\"2015-04-29T20:51:32+00:00\" \/>\n<meta property=\"article:modified_time\" content=\"2022-06-29T00:49:35+00:00\" \/>\n<meta name=\"author\" content=\"Ronnie Possatti\" \/>\n<meta name=\"twitter:card\" content=\"summary_large_image\" \/>\n<meta name=\"twitter:creator\" content=\"@https:\/\/twitter.com\/invexoimoveis\" \/>\n<meta name=\"twitter:site\" content=\"@invexoimoveis\" \/>\n<meta name=\"twitter:label1\" content=\"Escrito por\" \/>\n\t<meta name=\"twitter:data1\" content=\"Ronnie Possatti\" \/>\n\t<meta name=\"twitter:label2\" content=\"Est. tempo de leitura\" \/>\n\t<meta name=\"twitter:data2\" content=\"1 minuto\" \/>\n<script type=\"application\/ld+json\" class=\"yoast-schema-graph\">{\"@context\":\"https:\/\/schema.org\",\"@graph\":[{\"@type\":\"Article\",\"@id\":\"https:\/\/invexo.com.br\/blog\/oasis-deserto\/#article\",\"isPartOf\":{\"@id\":\"https:\/\/invexo.com.br\/blog\/oasis-deserto\/\"},\"author\":{\"name\":\"Ronnie Possatti\",\"@id\":\"https:\/\/invexo.com.br\/blog\/#\/schema\/person\/36bee32f1cfacde03dc4c9622a58778d\"},\"headline\":\"O\u00e1sis no Deserto\",\"datePublished\":\"2015-04-29T20:51:32+00:00\",\"dateModified\":\"2022-06-29T00:49:35+00:00\",\"mainEntityOfPage\":{\"@id\":\"https:\/\/invexo.com.br\/blog\/oasis-deserto\/\"},\"wordCount\":183,\"publisher\":{\"@id\":\"https:\/\/invexo.com.br\/blog\/#organization\"},\"image\":{\"@id\":\"https:\/\/invexo.com.br\/blog\/oasis-deserto\/#primaryimage\"},\"thumbnailUrl\":\"\",\"articleSection\":[\"Not\u00edcias\"],\"inLanguage\":\"pt-BR\"},{\"@type\":\"WebPage\",\"@id\":\"https:\/\/invexo.com.br\/blog\/oasis-deserto\/\",\"url\":\"https:\/\/invexo.com.br\/blog\/oasis-deserto\/\",\"name\":\"O\u00e1sis no Deserto - INVEXO Lan\u00e7amentos\",\"isPartOf\":{\"@id\":\"https:\/\/invexo.com.br\/blog\/#website\"},\"primaryImageOfPage\":{\"@id\":\"https:\/\/invexo.com.br\/blog\/oasis-deserto\/#primaryimage\"},\"image\":{\"@id\":\"https:\/\/invexo.com.br\/blog\/oasis-deserto\/#primaryimage\"},\"thumbnailUrl\":\"\",\"datePublished\":\"2015-04-29T20:51:32+00:00\",\"dateModified\":\"2022-06-29T00:49:35+00:00\",\"description\":\"Um o\u00e1sis no deserto. Escrit\u00f3rios de arquitetura planejam construir um mega empreendimento no meio do Deserto do Saara\",\"breadcrumb\":{\"@id\":\"https:\/\/invexo.com.br\/blog\/oasis-deserto\/#breadcrumb\"},\"inLanguage\":\"pt-BR\",\"potentialAction\":[{\"@type\":\"ReadAction\",\"target\":[\"https:\/\/invexo.com.br\/blog\/oasis-deserto\/\"]}]},{\"@type\":\"ImageObject\",\"inLanguage\":\"pt-BR\",\"@id\":\"https:\/\/invexo.com.br\/blog\/oasis-deserto\/#primaryimage\",\"url\":\"\",\"contentUrl\":\"\"},{\"@type\":\"BreadcrumbList\",\"@id\":\"https:\/\/invexo.com.br\/blog\/oasis-deserto\/#breadcrumb\",\"itemListElement\":[{\"@type\":\"ListItem\",\"position\":1,\"name\":\"Blog\",\"item\":\"https:\/\/invexo.com.br\/blog\/\"},{\"@type\":\"ListItem\",\"position\":2,\"name\":\"Not\u00edcias\",\"item\":\"https:\/\/invexo.com.br\/blog\/categoria\/noticias\/\"},{\"@type\":\"ListItem\",\"position\":3,\"name\":\"O\u00e1sis no Deserto\"}]},{\"@type\":\"WebSite\",\"@id\":\"https:\/\/invexo.com.br\/blog\/#website\",\"url\":\"https:\/\/invexo.com.br\/blog\/\",\"name\":\"Not\u00edcias RJ\",\"description\":\"Not\u00edcias sobre im\u00f3veis, financiamento, mercado imobili\u00e1rio do Rio de Janeiro. Informa\u00e7\u00f5es sobre Bairros, Condom\u00ednios e Regi\u00e3o do Rio de Janeiro.\",\"publisher\":{\"@id\":\"https:\/\/invexo.com.br\/blog\/#organization\"},\"potentialAction\":[{\"@type\":\"SearchAction\",\"target\":{\"@type\":\"EntryPoint\",\"urlTemplate\":\"https:\/\/invexo.com.br\/blog\/?s={search_term_string}\"},\"query-input\":{\"@type\":\"PropertyValueSpecification\",\"valueRequired\":true,\"valueName\":\"search_term_string\"}}],\"inLanguage\":\"pt-BR\"},{\"@type\":\"Organization\",\"@id\":\"https:\/\/invexo.com.br\/blog\/#organization\",\"name\":\"INVEXO Imobili\u00e1ria\",\"url\":\"https:\/\/invexo.com.br\/blog\/\",\"logo\":{\"@type\":\"ImageObject\",\"inLanguage\":\"pt-BR\",\"@id\":\"https:\/\/invexo.com.br\/blog\/#\/schema\/logo\/image\/\",\"url\":\"https:\/\/invexo.com.br\/blog\/wp-content\/uploads\/2018\/09\/invexo-80-melhor.png\",\"contentUrl\":\"https:\/\/invexo.com.br\/blog\/wp-content\/uploads\/2018\/09\/invexo-80-melhor.png\",\"width\":247,\"height\":80,\"caption\":\"INVEXO Imobili\u00e1ria\"},\"image\":{\"@id\":\"https:\/\/invexo.com.br\/blog\/#\/schema\/logo\/image\/\"},\"sameAs\":[\"https:\/\/facebook.com\/invexo\",\"https:\/\/x.com\/invexoimoveis\"]},{\"@type\":\"Person\",\"@id\":\"https:\/\/invexo.com.br\/blog\/#\/schema\/person\/36bee32f1cfacde03dc4c9622a58778d\",\"name\":\"Ronnie Possatti\",\"image\":{\"@type\":\"ImageObject\",\"inLanguage\":\"pt-BR\",\"@id\":\"https:\/\/invexo.com.br\/blog\/#\/schema\/person\/image\/\",\"url\":\"https:\/\/secure.gravatar.com\/avatar\/51a6cdcc215551235c39affb853f1e38?s=96&d=blank&r=g\",\"contentUrl\":\"https:\/\/secure.gravatar.com\/avatar\/51a6cdcc215551235c39affb853f1e38?s=96&d=blank&r=g\",\"caption\":\"Ronnie Possatti\"},\"description\":\"Equipe de especialistas que traz para seus leitores conte\u00fados relevantes e de qualidade sobre bairros, condom\u00ednios, lan\u00e7amentos e not\u00edcias imobili\u00e1rias no Rio de Janeiro.\",\"sameAs\":[\"https:\/\/facebook.com\/invexo\",\"https:\/\/instagram.com\/invexo\",\"https:\/\/x.com\/https:\/\/twitter.com\/invexoimoveis\"],\"url\":\"https:\/\/invexo.com.br\/blog\/author\/invexo\/\"}]}<\/script>\n<!-- \/ Yoast SEO plugin. -->","yoast_head_json":{"title":"O\u00e1sis no Deserto - INVEXO Lan\u00e7amentos","description":"Um o\u00e1sis no deserto. Escrit\u00f3rios de arquitetura planejam construir um mega empreendimento no meio do Deserto do Saara","robots":{"index":"index","follow":"follow","max-snippet":"max-snippet:-1","max-image-preview":"max-image-preview:large","max-video-preview":"max-video-preview:-1"},"canonical":"https:\/\/invexo.com.br\/blog\/oasis-deserto\/","og_locale":"pt_BR","og_type":"article","og_title":"O\u00e1sis no Deserto - INVEXO Lan\u00e7amentos","og_description":"Um o\u00e1sis no deserto. Escrit\u00f3rios de arquitetura planejam construir um mega empreendimento no meio do Deserto do Saara","og_url":"https:\/\/invexo.com.br\/blog\/oasis-deserto\/","og_site_name":"Not\u00edcias RJ","article_publisher":"https:\/\/facebook.com\/invexo","article_author":"https:\/\/facebook.com\/invexo","article_published_time":"2015-04-29T20:51:32+00:00","article_modified_time":"2022-06-29T00:49:35+00:00","author":"Ronnie Possatti","twitter_card":"summary_large_image","twitter_creator":"@https:\/\/twitter.com\/invexoimoveis","twitter_site":"@invexoimoveis","twitter_misc":{"Escrito por":"Ronnie Possatti","Est. tempo de leitura":"1 minuto"},"schema":{"@context":"https:\/\/schema.org","@graph":[{"@type":"Article","@id":"https:\/\/invexo.com.br\/blog\/oasis-deserto\/#article","isPartOf":{"@id":"https:\/\/invexo.com.br\/blog\/oasis-deserto\/"},"author":{"name":"Ronnie Possatti","@id":"https:\/\/invexo.com.br\/blog\/#\/schema\/person\/36bee32f1cfacde03dc4c9622a58778d"},"headline":"O\u00e1sis no Deserto","datePublished":"2015-04-29T20:51:32+00:00","dateModified":"2022-06-29T00:49:35+00:00","mainEntityOfPage":{"@id":"https:\/\/invexo.com.br\/blog\/oasis-deserto\/"},"wordCount":183,"publisher":{"@id":"https:\/\/invexo.com.br\/blog\/#organization"},"image":{"@id":"https:\/\/invexo.com.br\/blog\/oasis-deserto\/#primaryimage"},"thumbnailUrl":"","articleSection":["Not\u00edcias"],"inLanguage":"pt-BR"},{"@type":"WebPage","@id":"https:\/\/invexo.com.br\/blog\/oasis-deserto\/","url":"https:\/\/invexo.com.br\/blog\/oasis-deserto\/","name":"O\u00e1sis no Deserto - INVEXO Lan\u00e7amentos","isPartOf":{"@id":"https:\/\/invexo.com.br\/blog\/#website"},"primaryImageOfPage":{"@id":"https:\/\/invexo.com.br\/blog\/oasis-deserto\/#primaryimage"},"image":{"@id":"https:\/\/invexo.com.br\/blog\/oasis-deserto\/#primaryimage"},"thumbnailUrl":"","datePublished":"2015-04-29T20:51:32+00:00","dateModified":"2022-06-29T00:49:35+00:00","description":"Um o\u00e1sis no deserto. Escrit\u00f3rios de arquitetura planejam construir um mega empreendimento no meio do Deserto do Saara","breadcrumb":{"@id":"https:\/\/invexo.com.br\/blog\/oasis-deserto\/#breadcrumb"},"inLanguage":"pt-BR","potentialAction":[{"@type":"ReadAction","target":["https:\/\/invexo.com.br\/blog\/oasis-deserto\/"]}]},{"@type":"ImageObject","inLanguage":"pt-BR","@id":"https:\/\/invexo.com.br\/blog\/oasis-deserto\/#primaryimage","url":"","contentUrl":""},{"@type":"BreadcrumbList","@id":"https:\/\/invexo.com.br\/blog\/oasis-deserto\/#breadcrumb","itemListElement":[{"@type":"ListItem","position":1,"name":"Blog","item":"https:\/\/invexo.com.br\/blog\/"},{"@type":"ListItem","position":2,"name":"Not\u00edcias","item":"https:\/\/invexo.com.br\/blog\/categoria\/noticias\/"},{"@type":"ListItem","position":3,"name":"O\u00e1sis no Deserto"}]},{"@type":"WebSite","@id":"https:\/\/invexo.com.br\/blog\/#website","url":"https:\/\/invexo.com.br\/blog\/","name":"Not\u00edcias RJ","description":"Not\u00edcias sobre im\u00f3veis, financiamento, mercado imobili\u00e1rio do Rio de Janeiro. Informa\u00e7\u00f5es sobre Bairros, Condom\u00ednios e Regi\u00e3o do Rio de Janeiro.","publisher":{"@id":"https:\/\/invexo.com.br\/blog\/#organization"},"potentialAction":[{"@type":"SearchAction","target":{"@type":"EntryPoint","urlTemplate":"https:\/\/invexo.com.br\/blog\/?s={search_term_string}"},"query-input":{"@type":"PropertyValueSpecification","valueRequired":true,"valueName":"search_term_string"}}],"inLanguage":"pt-BR"},{"@type":"Organization","@id":"https:\/\/invexo.com.br\/blog\/#organization","name":"INVEXO Imobili\u00e1ria","url":"https:\/\/invexo.com.br\/blog\/","logo":{"@type":"ImageObject","inLanguage":"pt-BR","@id":"https:\/\/invexo.com.br\/blog\/#\/schema\/logo\/image\/","url":"https:\/\/invexo.com.br\/blog\/wp-content\/uploads\/2018\/09\/invexo-80-melhor.png","contentUrl":"https:\/\/invexo.com.br\/blog\/wp-content\/uploads\/2018\/09\/invexo-80-melhor.png","width":247,"height":80,"caption":"INVEXO Imobili\u00e1ria"},"image":{"@id":"https:\/\/invexo.com.br\/blog\/#\/schema\/logo\/image\/"},"sameAs":["https:\/\/facebook.com\/invexo","https:\/\/x.com\/invexoimoveis"]},{"@type":"Person","@id":"https:\/\/invexo.com.br\/blog\/#\/schema\/person\/36bee32f1cfacde03dc4c9622a58778d","name":"Ronnie Possatti","image":{"@type":"ImageObject","inLanguage":"pt-BR","@id":"https:\/\/invexo.com.br\/blog\/#\/schema\/person\/image\/","url":"https:\/\/secure.gravatar.com\/avatar\/51a6cdcc215551235c39affb853f1e38?s=96&d=blank&r=g","contentUrl":"https:\/\/secure.gravatar.com\/avatar\/51a6cdcc215551235c39affb853f1e38?s=96&d=blank&r=g","caption":"Ronnie Possatti"},"description":"Equipe de especialistas que traz para seus leitores conte\u00fados relevantes e de qualidade sobre bairros, condom\u00ednios, lan\u00e7amentos e not\u00edcias imobili\u00e1rias no Rio de Janeiro.","sameAs":["https:\/\/facebook.com\/invexo","https:\/\/instagram.com\/invexo","https:\/\/x.com\/https:\/\/twitter.com\/invexoimoveis"],"url":"https:\/\/invexo.com.br\/blog\/author\/invexo\/"}]}},"taxonomy_info":{"category":[{"value":58,"label":"Not\u00edcias"}]},"featured_image_src_large":false,"author_info":{"display_name":"Ronnie Possatti","author_link":"https:\/\/invexo.com.br\/blog\/author\/invexo\/"},"comment_info":0,"category_info":[{"term_id":58,"name":"Not\u00edcias","slug":"noticias","term_group":0,"term_taxonomy_id":58,"taxonomy":"category","description":"","parent":0,"count":35,"filter":"raw","cat_ID":58,"category_count":35,"category_description":"","cat_name":"Not\u00edcias","category_nicename":"noticias","category_parent":0}],"tag_info":false,"_links":{"self":[{"href":"https:\/\/invexo.com.br\/blog\/wp-json\/wp\/v2\/posts\/464"}],"collection":[{"href":"https:\/\/invexo.com.br\/blog\/wp-json\/wp\/v2\/posts"}],"about":[{"href":"https:\/\/invexo.com.br\/blog\/wp-json\/wp\/v2\/types\/post"}],"author":[{"embeddable":true,"href":"https:\/\/invexo.com.br\/blog\/wp-json\/wp\/v2\/users\/2"}],"replies":[{"embeddable":true,"href":"https:\/\/invexo.com.br\/blog\/wp-json\/wp\/v2\/comments?post=464"}],"version-history":[{"count":1,"href":"https:\/\/invexo.com.br\/blog\/wp-json\/wp\/v2\/posts\/464\/revisions"}],"predecessor-version":[{"id":27998,"href":"https:\/\/invexo.com.br\/blog\/wp-json\/wp\/v2\/posts\/464\/revisions\/27998"}],"wp:featuredmedia":[{"embeddable":true,"href":"https:\/\/invexo.com.br\/blog\/wp-json\/"}],"wp:attachment":[{"href":"https:\/\/invexo.com.br\/blog\/wp-json\/wp\/v2\/media?parent=464"}],"wp:term":[{"taxonomy":"category","embeddable":true,"href":"https:\/\/invexo.com.br\/blog\/wp-json\/wp\/v2\/categories?post=464"},{"taxonomy":"post_tag","embeddable":true,"href":"https:\/\/invexo.com.br\/blog\/wp-json\/wp\/v2\/tags?post=464"}],"curies":[{"name":"wp","href":"https:\/\/api.w.org\/{rel}","templated":true}]}}