{"id":462,"date":"2015-04-28T17:24:37","date_gmt":"2015-04-28T20:24:37","guid":{"rendered":"https:\/\/invexo.com.br\/?p=462"},"modified":"2022-06-28T21:49:35","modified_gmt":"2022-06-29T00:49:35","slug":"feirao-caixa","status":"publish","type":"post","link":"https:\/\/invexo.com.br\/blog\/feirao-caixa\/","title":{"rendered":"Feir\u00e3o da Caixa"},"content":{"rendered":"<h1>Feir\u00e3o da Caixa em Niter\u00f3i<\/h1>\n<h2>Evento ocorrer\u00e1 nos dias 23 e 24 de Maio com mais de 10 mil im\u00f3veis no estado do Rio de Janeiro.<\/h2>\n<p>Pr\u00f3ximo evento vai acontecer nos dias 23 e 24, oferecendo mais de 10 mil im\u00f3veis no Estado do Rio. A grande novidade ficar\u00e1 por conta do financiamento de habita\u00e7\u00e3o popular<\/p>\n<p>Niter\u00f3i vai receber nos dias 23 e 24 de maio o 11\u00ba Feir\u00e3o Caixa da Casa Pr\u00f3pria, que este ano vai oferecer mais de 10 mil im\u00f3veis na regi\u00e3o. O Feir\u00e3o acontece juntamente \u00e0 Feira da Casa Pr\u00f3pria do Centro Leste Fluminense, numa parceria da Caixa com a Arqmidia Eventos. Nesta edi\u00e7\u00e3o, o evento ter\u00e1 como foco principal im\u00f3veis do Programa Minha Casa Minha Vida e opera\u00e7\u00f5es com recursos do FGTS.<!--more--><\/p>\n<p>At\u00e9 o momento est\u00e1 confirmada a participa\u00e7\u00e3o de 16 construtoras, 03 imobili\u00e1rias e 03 correspondentes imobili\u00e1rios Caixa no evento em Niter\u00f3i, que tamb\u00e9m contar\u00e1 com a presen\u00e7a do Conselho Regional dos Corretores de Im\u00f3veis (CRECI\/RJ).<\/p>\n<p>Quem quiser aproveitar as oportunidades oferecidas no Feir\u00e3o deve comparecer nos pr\u00f3ximos dias 23 e 24 de maio de 2015 (s\u00e1bado e domingo) no Clube Canto do Rio, que fica na rua Visconde do Rio Branco, 701 \u2013 Centro. O hor\u00e1rio de atendimento \u00e9 das 10h \u00e0s 18h no s\u00e1bado e das 09h \u00e0s 16h no domingo.<\/p>\n<p>Segundo a superintendente regional da Caixa, Edma Aparecida Duarte Gaspar, o Feir\u00e3o ser\u00e1 uma oportunidade para as fam\u00edlias buscarem a realiza\u00e7\u00e3o do sonho da casa pr\u00f3pria.<\/p>\n<p>\u201cNo Feir\u00e3o, os visitantes t\u00eam acesso aos im\u00f3veis e ainda podem contar com as condi\u00e7\u00f5es facilitadas que a Caixa oferece\u201d, comenta.<\/p>\n<p>A grande novidade \u00e9 que para esta edi\u00e7\u00e3o o foco da Caixa ser\u00e1 o financiamento de habita\u00e7\u00e3o popular, atrav\u00e9s do Programa Minha Casa, Minha Vida e das demais opera\u00e7\u00f5es com recursos do FGTS, cujo teto m\u00e1ximo \u00e9 de R$ 190 mil.<\/p>\n<p>Evento \u2013 O Feir\u00e3o Caixa da Casa Pr\u00f3pria re\u00fane, em um \u00fanico espa\u00e7o, diversos representantes do segmento da habita\u00e7\u00e3o, tais como: construtoras, imobili\u00e1rias e t\u00e9cnicos da Caixa, respons\u00e1veis por analisar e autorizar os financiamentos. Na ocasi\u00e3o, o cliente pode conhecer o im\u00f3vel, dar entrada na documenta\u00e7\u00e3o necess\u00e1ria ao financiamento e at\u00e9 mesmo fechar neg\u00f3cio.<\/p>\n<p>Para requerer o cr\u00e9dito para casa pr\u00f3pria no Feir\u00e3o, basta levar documento de identidade, CPF e comprovante de renda. Os interessados tamb\u00e9m podem obter informa\u00e7\u00f5es em todas as ag\u00eancias da Caixa e pelo Servi\u00e7o de Atendimento ao Cliente do banco, no telefone 0800 726 0101, dispon\u00edvel 24 horas por dia, inclusive nos finais de semana.<\/p>\n<p>A Cury Construtora e Incorporadora, especializada em empreendimentos para o segmento econ\u00f4mico, levar\u00e1 para o 11\u00ba Feir\u00e3o Caixa da Casa Pr\u00f3pria cerca de 800 im\u00f3veis em oferta. As unidades comercializadas est\u00e3o localizadas no Rio de Janeiro, Grande Rio e Leste Fluminense, e t\u00eam descontos de at\u00e9 R$ 20 mil. O im\u00f3vel mais barato comercializado pela construtora durante o Feir\u00e3o custar\u00e1 R$ 137 mil e todos os valores ser\u00e3o financiados.<\/p>\n<p>\u201cO Feir\u00e3o da Caixa \u00e9 uma excelente oportunidade para adquirir um im\u00f3vel, pois, al\u00e9m de descontos especiais, ainda oferece condi\u00e7\u00f5es de financiamento que cabem no or\u00e7amento. Ao longo dos \u00faltimos anos, a Cury tem ajudado fam\u00edlias a realizarem o sonho de ter um im\u00f3vel pr\u00f3prio com qualidade, lazer e seguran\u00e7a, a um valor extremamente acess\u00edvel\u201d, destaca Leonardo Mesquita, Diretor de Neg\u00f3cios da Cury Construtora.<\/p>\n<p>Em diversos Estados, os eventos do Feir\u00e3o Caixa da Casa Pr\u00f3pria de 2015 tiveram in\u00edcio desde a \u00faltima sexta (24 abril), e v\u00e3o at\u00e9 11 de junho, espalhados por 13 capitais do pa\u00eds. O Feir\u00e3o de 2015 conta com mais de 1.400 parceiros. S\u00e3o cerca 660 construtoras e 390 correspondentes imobili\u00e1rios Caixa, al\u00e9m de 354 imobili\u00e1rias, que ocupar\u00e3o os estandes do evento durante os finais de semana de realiza\u00e7\u00e3o do evento. Ser\u00e3o 822 empreendimentos novos com as suas unidades em oferta, nas cidades onde o Feir\u00e3o Caixa acontece. A previs\u00e3o inicial \u00e9 de que o n\u00famero de im\u00f3veis ofertados esse ano seja superior a 200 mil.<\/p>\n","protected":false},"excerpt":{"rendered":"<p>Feir\u00e3o da Caixa em Niter\u00f3i Evento ocorrer\u00e1 nos dias 23 e 24 de Maio com mais de 10 mil im\u00f3veis no estado do Rio de Janeiro. Pr\u00f3ximo evento vai acontecer nos dias 23 e 24, oferecendo mais de 10 mil im\u00f3veis no Estado do Rio. A grande novidade ficar\u00e1 por conta do financiamento de habita\u00e7\u00e3o&#8230;<\/p>\n","protected":false},"author":2,"featured_media":0,"comment_status":"closed","ping_status":"closed","sticky":false,"template":"","format":"standard","meta":{"_acf_changed":false,"_kad_blocks_custom_css":"","_kad_blocks_head_custom_js":"","_kad_blocks_body_custom_js":"","_kad_blocks_footer_custom_js":"","_kadence_starter_templates_imported_post":false,"_kad_post_transparent":"","_kad_post_title":"","_kad_post_layout":"","_kad_post_sidebar_id":"","_kad_post_content_style":"","_kad_post_vertical_padding":"","_kad_post_feature":"","_kad_post_feature_position":"","_kad_post_header":false,"_kad_post_footer":false,"footnotes":""},"categories":[58],"tags":[],"acf":[],"yoast_head":"<!-- This site is optimized with the Yoast SEO plugin v24.1 - https:\/\/yoast.com\/wordpress\/plugins\/seo\/ -->\n<title>Feir\u00e3o da Caixa em Niter\u00f3i - INVEXO Lan\u00e7amentos<\/title>\n<meta name=\"description\" content=\"Feir\u00e3o da Caixa em Niter\u00f3i - Evento ocorrer\u00e1 nos dias 23 e 24 de Maio com mais de 10 mil im\u00f3veis no estado do Rio de Janeiro.\" \/>\n<meta name=\"robots\" content=\"index, follow, max-snippet:-1, max-image-preview:large, max-video-preview:-1\" \/>\n<link rel=\"canonical\" href=\"https:\/\/invexo.com.br\/blog\/feirao-caixa\/\" \/>\n<meta property=\"og:locale\" content=\"pt_BR\" \/>\n<meta property=\"og:type\" content=\"article\" \/>\n<meta property=\"og:title\" content=\"Feir\u00e3o da Caixa em Niter\u00f3i - INVEXO Lan\u00e7amentos\" \/>\n<meta property=\"og:description\" content=\"Feir\u00e3o da Caixa em Niter\u00f3i - Evento ocorrer\u00e1 nos dias 23 e 24 de Maio com mais de 10 mil im\u00f3veis no estado do Rio de Janeiro.\" \/>\n<meta property=\"og:url\" content=\"https:\/\/invexo.com.br\/blog\/feirao-caixa\/\" \/>\n<meta property=\"og:site_name\" content=\"Not\u00edcias RJ\" \/>\n<meta property=\"article:publisher\" content=\"https:\/\/facebook.com\/invexo\" \/>\n<meta property=\"article:author\" content=\"https:\/\/facebook.com\/invexo\" \/>\n<meta property=\"article:published_time\" content=\"2015-04-28T20:24:37+00:00\" \/>\n<meta property=\"article:modified_time\" content=\"2022-06-29T00:49:35+00:00\" \/>\n<meta name=\"author\" content=\"Ronnie Possatti\" \/>\n<meta name=\"twitter:card\" content=\"summary_large_image\" \/>\n<meta name=\"twitter:creator\" content=\"@https:\/\/twitter.com\/invexoimoveis\" \/>\n<meta name=\"twitter:site\" content=\"@invexoimoveis\" \/>\n<meta name=\"twitter:label1\" content=\"Escrito por\" \/>\n\t<meta name=\"twitter:data1\" content=\"Ronnie Possatti\" \/>\n\t<meta name=\"twitter:label2\" content=\"Est. tempo de leitura\" \/>\n\t<meta name=\"twitter:data2\" content=\"4 minutos\" \/>\n<script type=\"application\/ld+json\" class=\"yoast-schema-graph\">{\"@context\":\"https:\/\/schema.org\",\"@graph\":[{\"@type\":\"Article\",\"@id\":\"https:\/\/invexo.com.br\/blog\/feirao-caixa\/#article\",\"isPartOf\":{\"@id\":\"https:\/\/invexo.com.br\/blog\/feirao-caixa\/\"},\"author\":{\"name\":\"Ronnie Possatti\",\"@id\":\"https:\/\/invexo.com.br\/blog\/#\/schema\/person\/36bee32f1cfacde03dc4c9622a58778d\"},\"headline\":\"Feir\u00e3o da Caixa\",\"datePublished\":\"2015-04-28T20:24:37+00:00\",\"dateModified\":\"2022-06-29T00:49:35+00:00\",\"mainEntityOfPage\":{\"@id\":\"https:\/\/invexo.com.br\/blog\/feirao-caixa\/\"},\"wordCount\":714,\"publisher\":{\"@id\":\"https:\/\/invexo.com.br\/blog\/#organization\"},\"articleSection\":[\"Not\u00edcias\"],\"inLanguage\":\"pt-BR\"},{\"@type\":\"WebPage\",\"@id\":\"https:\/\/invexo.com.br\/blog\/feirao-caixa\/\",\"url\":\"https:\/\/invexo.com.br\/blog\/feirao-caixa\/\",\"name\":\"Feir\u00e3o da Caixa em Niter\u00f3i - INVEXO Lan\u00e7amentos\",\"isPartOf\":{\"@id\":\"https:\/\/invexo.com.br\/blog\/#website\"},\"datePublished\":\"2015-04-28T20:24:37+00:00\",\"dateModified\":\"2022-06-29T00:49:35+00:00\",\"description\":\"Feir\u00e3o da Caixa em Niter\u00f3i - Evento ocorrer\u00e1 nos dias 23 e 24 de Maio com mais de 10 mil im\u00f3veis no estado do Rio de Janeiro.\",\"breadcrumb\":{\"@id\":\"https:\/\/invexo.com.br\/blog\/feirao-caixa\/#breadcrumb\"},\"inLanguage\":\"pt-BR\",\"potentialAction\":[{\"@type\":\"ReadAction\",\"target\":[\"https:\/\/invexo.com.br\/blog\/feirao-caixa\/\"]}]},{\"@type\":\"BreadcrumbList\",\"@id\":\"https:\/\/invexo.com.br\/blog\/feirao-caixa\/#breadcrumb\",\"itemListElement\":[{\"@type\":\"ListItem\",\"position\":1,\"name\":\"Blog\",\"item\":\"https:\/\/invexo.com.br\/blog\/\"},{\"@type\":\"ListItem\",\"position\":2,\"name\":\"Not\u00edcias\",\"item\":\"https:\/\/invexo.com.br\/blog\/categoria\/noticias\/\"},{\"@type\":\"ListItem\",\"position\":3,\"name\":\"Feir\u00e3o da Caixa\"}]},{\"@type\":\"WebSite\",\"@id\":\"https:\/\/invexo.com.br\/blog\/#website\",\"url\":\"https:\/\/invexo.com.br\/blog\/\",\"name\":\"Not\u00edcias RJ\",\"description\":\"Not\u00edcias sobre im\u00f3veis, financiamento, mercado imobili\u00e1rio do Rio de Janeiro. Informa\u00e7\u00f5es sobre Bairros, Condom\u00ednios e Regi\u00e3o do Rio de Janeiro.\",\"publisher\":{\"@id\":\"https:\/\/invexo.com.br\/blog\/#organization\"},\"potentialAction\":[{\"@type\":\"SearchAction\",\"target\":{\"@type\":\"EntryPoint\",\"urlTemplate\":\"https:\/\/invexo.com.br\/blog\/?s={search_term_string}\"},\"query-input\":{\"@type\":\"PropertyValueSpecification\",\"valueRequired\":true,\"valueName\":\"search_term_string\"}}],\"inLanguage\":\"pt-BR\"},{\"@type\":\"Organization\",\"@id\":\"https:\/\/invexo.com.br\/blog\/#organization\",\"name\":\"INVEXO Imobili\u00e1ria\",\"url\":\"https:\/\/invexo.com.br\/blog\/\",\"logo\":{\"@type\":\"ImageObject\",\"inLanguage\":\"pt-BR\",\"@id\":\"https:\/\/invexo.com.br\/blog\/#\/schema\/logo\/image\/\",\"url\":\"https:\/\/invexo.com.br\/blog\/wp-content\/uploads\/2018\/09\/invexo-80-melhor.png\",\"contentUrl\":\"https:\/\/invexo.com.br\/blog\/wp-content\/uploads\/2018\/09\/invexo-80-melhor.png\",\"width\":247,\"height\":80,\"caption\":\"INVEXO Imobili\u00e1ria\"},\"image\":{\"@id\":\"https:\/\/invexo.com.br\/blog\/#\/schema\/logo\/image\/\"},\"sameAs\":[\"https:\/\/facebook.com\/invexo\",\"https:\/\/x.com\/invexoimoveis\"]},{\"@type\":\"Person\",\"@id\":\"https:\/\/invexo.com.br\/blog\/#\/schema\/person\/36bee32f1cfacde03dc4c9622a58778d\",\"name\":\"Ronnie Possatti\",\"image\":{\"@type\":\"ImageObject\",\"inLanguage\":\"pt-BR\",\"@id\":\"https:\/\/invexo.com.br\/blog\/#\/schema\/person\/image\/\",\"url\":\"https:\/\/secure.gravatar.com\/avatar\/51a6cdcc215551235c39affb853f1e38?s=96&d=blank&r=g\",\"contentUrl\":\"https:\/\/secure.gravatar.com\/avatar\/51a6cdcc215551235c39affb853f1e38?s=96&d=blank&r=g\",\"caption\":\"Ronnie Possatti\"},\"description\":\"Equipe de especialistas que traz para seus leitores conte\u00fados relevantes e de qualidade sobre bairros, condom\u00ednios, lan\u00e7amentos e not\u00edcias imobili\u00e1rias no Rio de Janeiro.\",\"sameAs\":[\"https:\/\/facebook.com\/invexo\",\"https:\/\/instagram.com\/invexo\",\"https:\/\/x.com\/https:\/\/twitter.com\/invexoimoveis\"],\"url\":\"https:\/\/invexo.com.br\/blog\/author\/invexo\/\"}]}<\/script>\n<!-- \/ Yoast SEO plugin. -->","yoast_head_json":{"title":"Feir\u00e3o da Caixa em Niter\u00f3i - INVEXO Lan\u00e7amentos","description":"Feir\u00e3o da Caixa em Niter\u00f3i - Evento ocorrer\u00e1 nos dias 23 e 24 de Maio com mais de 10 mil im\u00f3veis no estado do Rio de Janeiro.","robots":{"index":"index","follow":"follow","max-snippet":"max-snippet:-1","max-image-preview":"max-image-preview:large","max-video-preview":"max-video-preview:-1"},"canonical":"https:\/\/invexo.com.br\/blog\/feirao-caixa\/","og_locale":"pt_BR","og_type":"article","og_title":"Feir\u00e3o da Caixa em Niter\u00f3i - INVEXO Lan\u00e7amentos","og_description":"Feir\u00e3o da Caixa em Niter\u00f3i - Evento ocorrer\u00e1 nos dias 23 e 24 de Maio com mais de 10 mil im\u00f3veis no estado do Rio de Janeiro.","og_url":"https:\/\/invexo.com.br\/blog\/feirao-caixa\/","og_site_name":"Not\u00edcias RJ","article_publisher":"https:\/\/facebook.com\/invexo","article_author":"https:\/\/facebook.com\/invexo","article_published_time":"2015-04-28T20:24:37+00:00","article_modified_time":"2022-06-29T00:49:35+00:00","author":"Ronnie Possatti","twitter_card":"summary_large_image","twitter_creator":"@https:\/\/twitter.com\/invexoimoveis","twitter_site":"@invexoimoveis","twitter_misc":{"Escrito por":"Ronnie Possatti","Est. tempo de leitura":"4 minutos"},"schema":{"@context":"https:\/\/schema.org","@graph":[{"@type":"Article","@id":"https:\/\/invexo.com.br\/blog\/feirao-caixa\/#article","isPartOf":{"@id":"https:\/\/invexo.com.br\/blog\/feirao-caixa\/"},"author":{"name":"Ronnie Possatti","@id":"https:\/\/invexo.com.br\/blog\/#\/schema\/person\/36bee32f1cfacde03dc4c9622a58778d"},"headline":"Feir\u00e3o da Caixa","datePublished":"2015-04-28T20:24:37+00:00","dateModified":"2022-06-29T00:49:35+00:00","mainEntityOfPage":{"@id":"https:\/\/invexo.com.br\/blog\/feirao-caixa\/"},"wordCount":714,"publisher":{"@id":"https:\/\/invexo.com.br\/blog\/#organization"},"articleSection":["Not\u00edcias"],"inLanguage":"pt-BR"},{"@type":"WebPage","@id":"https:\/\/invexo.com.br\/blog\/feirao-caixa\/","url":"https:\/\/invexo.com.br\/blog\/feirao-caixa\/","name":"Feir\u00e3o da Caixa em Niter\u00f3i - INVEXO Lan\u00e7amentos","isPartOf":{"@id":"https:\/\/invexo.com.br\/blog\/#website"},"datePublished":"2015-04-28T20:24:37+00:00","dateModified":"2022-06-29T00:49:35+00:00","description":"Feir\u00e3o da Caixa em Niter\u00f3i - Evento ocorrer\u00e1 nos dias 23 e 24 de Maio com mais de 10 mil im\u00f3veis no estado do Rio de Janeiro.","breadcrumb":{"@id":"https:\/\/invexo.com.br\/blog\/feirao-caixa\/#breadcrumb"},"inLanguage":"pt-BR","potentialAction":[{"@type":"ReadAction","target":["https:\/\/invexo.com.br\/blog\/feirao-caixa\/"]}]},{"@type":"BreadcrumbList","@id":"https:\/\/invexo.com.br\/blog\/feirao-caixa\/#breadcrumb","itemListElement":[{"@type":"ListItem","position":1,"name":"Blog","item":"https:\/\/invexo.com.br\/blog\/"},{"@type":"ListItem","position":2,"name":"Not\u00edcias","item":"https:\/\/invexo.com.br\/blog\/categoria\/noticias\/"},{"@type":"ListItem","position":3,"name":"Feir\u00e3o da Caixa"}]},{"@type":"WebSite","@id":"https:\/\/invexo.com.br\/blog\/#website","url":"https:\/\/invexo.com.br\/blog\/","name":"Not\u00edcias RJ","description":"Not\u00edcias sobre im\u00f3veis, financiamento, mercado imobili\u00e1rio do Rio de Janeiro. Informa\u00e7\u00f5es sobre Bairros, Condom\u00ednios e Regi\u00e3o do Rio de Janeiro.","publisher":{"@id":"https:\/\/invexo.com.br\/blog\/#organization"},"potentialAction":[{"@type":"SearchAction","target":{"@type":"EntryPoint","urlTemplate":"https:\/\/invexo.com.br\/blog\/?s={search_term_string}"},"query-input":{"@type":"PropertyValueSpecification","valueRequired":true,"valueName":"search_term_string"}}],"inLanguage":"pt-BR"},{"@type":"Organization","@id":"https:\/\/invexo.com.br\/blog\/#organization","name":"INVEXO Imobili\u00e1ria","url":"https:\/\/invexo.com.br\/blog\/","logo":{"@type":"ImageObject","inLanguage":"pt-BR","@id":"https:\/\/invexo.com.br\/blog\/#\/schema\/logo\/image\/","url":"https:\/\/invexo.com.br\/blog\/wp-content\/uploads\/2018\/09\/invexo-80-melhor.png","contentUrl":"https:\/\/invexo.com.br\/blog\/wp-content\/uploads\/2018\/09\/invexo-80-melhor.png","width":247,"height":80,"caption":"INVEXO Imobili\u00e1ria"},"image":{"@id":"https:\/\/invexo.com.br\/blog\/#\/schema\/logo\/image\/"},"sameAs":["https:\/\/facebook.com\/invexo","https:\/\/x.com\/invexoimoveis"]},{"@type":"Person","@id":"https:\/\/invexo.com.br\/blog\/#\/schema\/person\/36bee32f1cfacde03dc4c9622a58778d","name":"Ronnie Possatti","image":{"@type":"ImageObject","inLanguage":"pt-BR","@id":"https:\/\/invexo.com.br\/blog\/#\/schema\/person\/image\/","url":"https:\/\/secure.gravatar.com\/avatar\/51a6cdcc215551235c39affb853f1e38?s=96&d=blank&r=g","contentUrl":"https:\/\/secure.gravatar.com\/avatar\/51a6cdcc215551235c39affb853f1e38?s=96&d=blank&r=g","caption":"Ronnie Possatti"},"description":"Equipe de especialistas que traz para seus leitores conte\u00fados relevantes e de qualidade sobre bairros, condom\u00ednios, lan\u00e7amentos e not\u00edcias imobili\u00e1rias no Rio de Janeiro.","sameAs":["https:\/\/facebook.com\/invexo","https:\/\/instagram.com\/invexo","https:\/\/x.com\/https:\/\/twitter.com\/invexoimoveis"],"url":"https:\/\/invexo.com.br\/blog\/author\/invexo\/"}]}},"taxonomy_info":{"category":[{"value":58,"label":"Not\u00edcias"}]},"featured_image_src_large":false,"author_info":{"display_name":"Ronnie Possatti","author_link":"https:\/\/invexo.com.br\/blog\/author\/invexo\/"},"comment_info":0,"category_info":[{"term_id":58,"name":"Not\u00edcias","slug":"noticias","term_group":0,"term_taxonomy_id":58,"taxonomy":"category","description":"","parent":0,"count":35,"filter":"raw","cat_ID":58,"category_count":35,"category_description":"","cat_name":"Not\u00edcias","category_nicename":"noticias","category_parent":0}],"tag_info":false,"_links":{"self":[{"href":"https:\/\/invexo.com.br\/blog\/wp-json\/wp\/v2\/posts\/462"}],"collection":[{"href":"https:\/\/invexo.com.br\/blog\/wp-json\/wp\/v2\/posts"}],"about":[{"href":"https:\/\/invexo.com.br\/blog\/wp-json\/wp\/v2\/types\/post"}],"author":[{"embeddable":true,"href":"https:\/\/invexo.com.br\/blog\/wp-json\/wp\/v2\/users\/2"}],"replies":[{"embeddable":true,"href":"https:\/\/invexo.com.br\/blog\/wp-json\/wp\/v2\/comments?post=462"}],"version-history":[{"count":1,"href":"https:\/\/invexo.com.br\/blog\/wp-json\/wp\/v2\/posts\/462\/revisions"}],"predecessor-version":[{"id":27999,"href":"https:\/\/invexo.com.br\/blog\/wp-json\/wp\/v2\/posts\/462\/revisions\/27999"}],"wp:attachment":[{"href":"https:\/\/invexo.com.br\/blog\/wp-json\/wp\/v2\/media?parent=462"}],"wp:term":[{"taxonomy":"category","embeddable":true,"href":"https:\/\/invexo.com.br\/blog\/wp-json\/wp\/v2\/categories?post=462"},{"taxonomy":"post_tag","embeddable":true,"href":"https:\/\/invexo.com.br\/blog\/wp-json\/wp\/v2\/tags?post=462"}],"curies":[{"name":"wp","href":"https:\/\/api.w.org\/{rel}","templated":true}]}}