{"id":437,"date":"2015-04-20T15:00:25","date_gmt":"2015-04-20T18:00:25","guid":{"rendered":"https:\/\/invexo.com.br\/?p=437"},"modified":"2022-06-28T21:49:36","modified_gmt":"2022-06-29T00:49:36","slug":"perfil-comprador-imovel","status":"publish","type":"post","link":"https:\/\/invexo.com.br\/blog\/perfil-comprador-imovel\/","title":{"rendered":"Perfil do Comprador de Im\u00f3vel"},"content":{"rendered":"<h1>Qual o perfil do comprador de im\u00f3vel de hoje?<\/h1>\n<h2>Estudo realizado pela \u00e1rea de intelig\u00eancia de mercado da Lopes responde essa pergunta<\/h2>\n<p>&nbsp;<\/p>\n<p>Os compradores de im\u00f3veis residenciais novos s\u00e3o cada vez mais jovens, t\u00eam alto grau de escolaridade, s\u00e3o solteiros e t\u00eam filhos. Segundo estudo realizado pela \u00e1rea de Intelig\u00eancia de Mercado da Lopes, maior grupo imobili\u00e1rio do Pa\u00eds, o comprador potencial tem idade m\u00e9dia de 33 anos, prioriza localiza\u00e7\u00e3o a espa\u00e7o, desafiando incorporadoras a oferecer produtos compactos, funcionais e que prezem por mobilidade.<\/p>\n<p>Perspectivas para o mercado imobili\u00e1rio e tend\u00eancias em urbanismo, mobilidade e sustentabilidade ser\u00e3o alguns dos temas abordados no 1\u00ba Summit Imobili\u00e1rio Brasil 2015, evento promovido pelo jornal O Estado de S. Paulo e pelo Sindicato da Habita\u00e7\u00e3o de S\u00e3o Paulo (Secovi-SP) no dia 14 de abril, no hotel Grand Hyatt, em S\u00e3o Paulo, com os maiores l\u00edderes do setor.<\/p>\n<p>Um dos desafios das incorporadoras \u00e9 se adequar a esse novo perfil ingressante no mercado imobili\u00e1rio. &#8220;Antes, o comprador m\u00e9dio estava na faixa dos 40 anos e pertencia \u00e0 classe m\u00e9dia alta&#8221;, diz Mirella Parpinelle, diretora de atendimento da Lopes. &#8220;Esse cliente de 33 anos entrou no mercado depois da ascens\u00e3o econ\u00f4mica, comprando um im\u00f3vel espec\u00edfico que oferecemos para ele: pequeno, compacto e bem localizado.&#8221;<\/p>\n<p>De acordo com a pesquisa, 76% dos compradores possuem alto grau de escolaridade, 56% s\u00e3o solteiros e 52% t\u00eam filhos. A renda m\u00e9dia mensal \u00e9 de R$ 8.390, sendo que 41% ganham acima de R$ 10 mil. O im\u00f3vel novo \u00e9 financiado por 89% dos compradores, que por sua vez comprometem 31% de sua renda. A localiza\u00e7\u00e3o \u00e9 primordial na decis\u00e3o de compra para 43% da amostra. &#8220;Ele aceita se movimentar para perto do trabalho ou regi\u00f5es de f\u00e1cil acesso, mesmo que tenha de ir para uma metragem menor por causa disso&#8221;, diz Mirella.<\/p>\n<p>Ela aponta tamb\u00e9m que h\u00e1 um descasamento entre o tipo de im\u00f3vel que o comprador almeja e o que de fato compra. Esse jovem sai, em m\u00e9dia, de um im\u00f3vel de 90 metros quadrados, sendo que 42% moram com pais ou familiares, para um im\u00f3vel de 62 metros quadrados &#8211; embora almejasse uma \u00e1rea de 72 metros quadrados em m\u00e9dia, segundo dados da Lopes de mar\u00e7o deste ano. A busca por um im\u00f3vel dura em m\u00e9dia 4 meses. As informa\u00e7\u00f5es s\u00e3o do jornal <strong>O Estado de S. Paulo<\/strong>.<\/p>\n<p>&nbsp;<\/p>\n<p>FONTE:\u00a0<a title=\"http:\/\/exame.abril.com.br\/seu-dinheiro\/noticias\/estudo-traca-perfil-do-comprador-de-imoveis\" href=\"http:\/\/exame.abril.com.br\/seu-dinheiro\/noticias\/estudo-traca-perfil-do-comprador-de-imoveis\" target=\"_blank\" rel=\"noopener noreferrer\">http:\/\/exame.abril.com.br\/seu-dinheiro\/noticias\/estudo-traca-perfil-do-comprador-de-imoveis<\/a><\/p>\n","protected":false},"excerpt":{"rendered":"<p>Qual o perfil do comprador de im\u00f3vel de hoje? Estudo realizado pela \u00e1rea de intelig\u00eancia de mercado da Lopes responde essa pergunta &nbsp; Os compradores de im\u00f3veis residenciais novos s\u00e3o cada vez mais jovens, t\u00eam alto grau de escolaridade, s\u00e3o solteiros e t\u00eam filhos. Segundo estudo realizado pela \u00e1rea de Intelig\u00eancia de Mercado da Lopes,&#8230;<\/p>\n","protected":false},"author":2,"featured_media":0,"comment_status":"closed","ping_status":"closed","sticky":false,"template":"","format":"standard","meta":{"_acf_changed":false,"_kad_blocks_custom_css":"","_kad_blocks_head_custom_js":"","_kad_blocks_body_custom_js":"","_kad_blocks_footer_custom_js":"","_kadence_starter_templates_imported_post":false,"_kad_post_transparent":"","_kad_post_title":"","_kad_post_layout":"","_kad_post_sidebar_id":"","_kad_post_content_style":"","_kad_post_vertical_padding":"","_kad_post_feature":"","_kad_post_feature_position":"","_kad_post_header":false,"_kad_post_footer":false,"footnotes":""},"categories":[58],"tags":[],"acf":[],"yoast_head":"<!-- This site is optimized with the Yoast SEO plugin v24.1 - https:\/\/yoast.com\/wordpress\/plugins\/seo\/ -->\n<title>Perfil do comprador de imovel - INVEXO Lan\u00e7amentos<\/title>\n<meta name=\"description\" content=\"Qual o perfil do comprador de im\u00f3vel de hoje? Estudo realizado pela \u00e1rea de intelig\u00eancia de mercado da Lopes responde essa pergunta...\" \/>\n<meta name=\"robots\" content=\"index, follow, max-snippet:-1, max-image-preview:large, max-video-preview:-1\" \/>\n<link rel=\"canonical\" href=\"https:\/\/invexo.com.br\/blog\/perfil-comprador-imovel\/\" \/>\n<meta property=\"og:locale\" content=\"pt_BR\" \/>\n<meta property=\"og:type\" content=\"article\" \/>\n<meta property=\"og:title\" content=\"Perfil do comprador de imovel - INVEXO Lan\u00e7amentos\" \/>\n<meta property=\"og:description\" content=\"Qual o perfil do comprador de im\u00f3vel de hoje? Estudo realizado pela \u00e1rea de intelig\u00eancia de mercado da Lopes responde essa pergunta...\" \/>\n<meta property=\"og:url\" content=\"https:\/\/invexo.com.br\/blog\/perfil-comprador-imovel\/\" \/>\n<meta property=\"og:site_name\" content=\"Not\u00edcias RJ\" \/>\n<meta property=\"article:publisher\" content=\"https:\/\/facebook.com\/invexo\" \/>\n<meta property=\"article:author\" content=\"https:\/\/facebook.com\/invexo\" \/>\n<meta property=\"article:published_time\" content=\"2015-04-20T18:00:25+00:00\" \/>\n<meta property=\"article:modified_time\" content=\"2022-06-29T00:49:36+00:00\" \/>\n<meta name=\"author\" content=\"Ronnie Possatti\" \/>\n<meta name=\"twitter:card\" content=\"summary_large_image\" \/>\n<meta name=\"twitter:creator\" content=\"@https:\/\/twitter.com\/invexoimoveis\" \/>\n<meta name=\"twitter:site\" content=\"@invexoimoveis\" \/>\n<meta name=\"twitter:label1\" content=\"Escrito por\" \/>\n\t<meta name=\"twitter:data1\" content=\"Ronnie Possatti\" \/>\n\t<meta name=\"twitter:label2\" content=\"Est. tempo de leitura\" \/>\n\t<meta name=\"twitter:data2\" content=\"2 minutos\" \/>\n<script type=\"application\/ld+json\" class=\"yoast-schema-graph\">{\"@context\":\"https:\/\/schema.org\",\"@graph\":[{\"@type\":\"Article\",\"@id\":\"https:\/\/invexo.com.br\/blog\/perfil-comprador-imovel\/#article\",\"isPartOf\":{\"@id\":\"https:\/\/invexo.com.br\/blog\/perfil-comprador-imovel\/\"},\"author\":{\"name\":\"Ronnie Possatti\",\"@id\":\"https:\/\/invexo.com.br\/blog\/#\/schema\/person\/36bee32f1cfacde03dc4c9622a58778d\"},\"headline\":\"Perfil do Comprador de Im\u00f3vel\",\"datePublished\":\"2015-04-20T18:00:25+00:00\",\"dateModified\":\"2022-06-29T00:49:36+00:00\",\"mainEntityOfPage\":{\"@id\":\"https:\/\/invexo.com.br\/blog\/perfil-comprador-imovel\/\"},\"wordCount\":429,\"publisher\":{\"@id\":\"https:\/\/invexo.com.br\/blog\/#organization\"},\"articleSection\":[\"Not\u00edcias\"],\"inLanguage\":\"pt-BR\"},{\"@type\":\"WebPage\",\"@id\":\"https:\/\/invexo.com.br\/blog\/perfil-comprador-imovel\/\",\"url\":\"https:\/\/invexo.com.br\/blog\/perfil-comprador-imovel\/\",\"name\":\"Perfil do comprador de imovel - INVEXO Lan\u00e7amentos\",\"isPartOf\":{\"@id\":\"https:\/\/invexo.com.br\/blog\/#website\"},\"datePublished\":\"2015-04-20T18:00:25+00:00\",\"dateModified\":\"2022-06-29T00:49:36+00:00\",\"description\":\"Qual o perfil do comprador de im\u00f3vel de hoje? Estudo realizado pela \u00e1rea de intelig\u00eancia de mercado da Lopes responde essa pergunta...\",\"breadcrumb\":{\"@id\":\"https:\/\/invexo.com.br\/blog\/perfil-comprador-imovel\/#breadcrumb\"},\"inLanguage\":\"pt-BR\",\"potentialAction\":[{\"@type\":\"ReadAction\",\"target\":[\"https:\/\/invexo.com.br\/blog\/perfil-comprador-imovel\/\"]}]},{\"@type\":\"BreadcrumbList\",\"@id\":\"https:\/\/invexo.com.br\/blog\/perfil-comprador-imovel\/#breadcrumb\",\"itemListElement\":[{\"@type\":\"ListItem\",\"position\":1,\"name\":\"Blog\",\"item\":\"https:\/\/invexo.com.br\/blog\/\"},{\"@type\":\"ListItem\",\"position\":2,\"name\":\"Not\u00edcias\",\"item\":\"https:\/\/invexo.com.br\/blog\/categoria\/noticias\/\"},{\"@type\":\"ListItem\",\"position\":3,\"name\":\"Perfil do Comprador de Im\u00f3vel\"}]},{\"@type\":\"WebSite\",\"@id\":\"https:\/\/invexo.com.br\/blog\/#website\",\"url\":\"https:\/\/invexo.com.br\/blog\/\",\"name\":\"Not\u00edcias RJ\",\"description\":\"Not\u00edcias sobre im\u00f3veis, financiamento, mercado imobili\u00e1rio do Rio de Janeiro. Informa\u00e7\u00f5es sobre Bairros, Condom\u00ednios e Regi\u00e3o do Rio de Janeiro.\",\"publisher\":{\"@id\":\"https:\/\/invexo.com.br\/blog\/#organization\"},\"potentialAction\":[{\"@type\":\"SearchAction\",\"target\":{\"@type\":\"EntryPoint\",\"urlTemplate\":\"https:\/\/invexo.com.br\/blog\/?s={search_term_string}\"},\"query-input\":{\"@type\":\"PropertyValueSpecification\",\"valueRequired\":true,\"valueName\":\"search_term_string\"}}],\"inLanguage\":\"pt-BR\"},{\"@type\":\"Organization\",\"@id\":\"https:\/\/invexo.com.br\/blog\/#organization\",\"name\":\"INVEXO Imobili\u00e1ria\",\"url\":\"https:\/\/invexo.com.br\/blog\/\",\"logo\":{\"@type\":\"ImageObject\",\"inLanguage\":\"pt-BR\",\"@id\":\"https:\/\/invexo.com.br\/blog\/#\/schema\/logo\/image\/\",\"url\":\"https:\/\/invexo.com.br\/blog\/wp-content\/uploads\/2018\/09\/invexo-80-melhor.png\",\"contentUrl\":\"https:\/\/invexo.com.br\/blog\/wp-content\/uploads\/2018\/09\/invexo-80-melhor.png\",\"width\":247,\"height\":80,\"caption\":\"INVEXO Imobili\u00e1ria\"},\"image\":{\"@id\":\"https:\/\/invexo.com.br\/blog\/#\/schema\/logo\/image\/\"},\"sameAs\":[\"https:\/\/facebook.com\/invexo\",\"https:\/\/x.com\/invexoimoveis\"]},{\"@type\":\"Person\",\"@id\":\"https:\/\/invexo.com.br\/blog\/#\/schema\/person\/36bee32f1cfacde03dc4c9622a58778d\",\"name\":\"Ronnie Possatti\",\"image\":{\"@type\":\"ImageObject\",\"inLanguage\":\"pt-BR\",\"@id\":\"https:\/\/invexo.com.br\/blog\/#\/schema\/person\/image\/\",\"url\":\"https:\/\/secure.gravatar.com\/avatar\/51a6cdcc215551235c39affb853f1e38?s=96&d=blank&r=g\",\"contentUrl\":\"https:\/\/secure.gravatar.com\/avatar\/51a6cdcc215551235c39affb853f1e38?s=96&d=blank&r=g\",\"caption\":\"Ronnie Possatti\"},\"description\":\"Equipe de especialistas que traz para seus leitores conte\u00fados relevantes e de qualidade sobre bairros, condom\u00ednios, lan\u00e7amentos e not\u00edcias imobili\u00e1rias no Rio de Janeiro.\",\"sameAs\":[\"https:\/\/facebook.com\/invexo\",\"https:\/\/instagram.com\/invexo\",\"https:\/\/x.com\/https:\/\/twitter.com\/invexoimoveis\"],\"url\":\"https:\/\/invexo.com.br\/blog\/author\/invexo\/\"}]}<\/script>\n<!-- \/ Yoast SEO plugin. -->","yoast_head_json":{"title":"Perfil do comprador de imovel - INVEXO Lan\u00e7amentos","description":"Qual o perfil do comprador de im\u00f3vel de hoje? Estudo realizado pela \u00e1rea de intelig\u00eancia de mercado da Lopes responde essa pergunta...","robots":{"index":"index","follow":"follow","max-snippet":"max-snippet:-1","max-image-preview":"max-image-preview:large","max-video-preview":"max-video-preview:-1"},"canonical":"https:\/\/invexo.com.br\/blog\/perfil-comprador-imovel\/","og_locale":"pt_BR","og_type":"article","og_title":"Perfil do comprador de imovel - INVEXO Lan\u00e7amentos","og_description":"Qual o perfil do comprador de im\u00f3vel de hoje? Estudo realizado pela \u00e1rea de intelig\u00eancia de mercado da Lopes responde essa pergunta...","og_url":"https:\/\/invexo.com.br\/blog\/perfil-comprador-imovel\/","og_site_name":"Not\u00edcias RJ","article_publisher":"https:\/\/facebook.com\/invexo","article_author":"https:\/\/facebook.com\/invexo","article_published_time":"2015-04-20T18:00:25+00:00","article_modified_time":"2022-06-29T00:49:36+00:00","author":"Ronnie Possatti","twitter_card":"summary_large_image","twitter_creator":"@https:\/\/twitter.com\/invexoimoveis","twitter_site":"@invexoimoveis","twitter_misc":{"Escrito por":"Ronnie Possatti","Est. tempo de leitura":"2 minutos"},"schema":{"@context":"https:\/\/schema.org","@graph":[{"@type":"Article","@id":"https:\/\/invexo.com.br\/blog\/perfil-comprador-imovel\/#article","isPartOf":{"@id":"https:\/\/invexo.com.br\/blog\/perfil-comprador-imovel\/"},"author":{"name":"Ronnie Possatti","@id":"https:\/\/invexo.com.br\/blog\/#\/schema\/person\/36bee32f1cfacde03dc4c9622a58778d"},"headline":"Perfil do Comprador de Im\u00f3vel","datePublished":"2015-04-20T18:00:25+00:00","dateModified":"2022-06-29T00:49:36+00:00","mainEntityOfPage":{"@id":"https:\/\/invexo.com.br\/blog\/perfil-comprador-imovel\/"},"wordCount":429,"publisher":{"@id":"https:\/\/invexo.com.br\/blog\/#organization"},"articleSection":["Not\u00edcias"],"inLanguage":"pt-BR"},{"@type":"WebPage","@id":"https:\/\/invexo.com.br\/blog\/perfil-comprador-imovel\/","url":"https:\/\/invexo.com.br\/blog\/perfil-comprador-imovel\/","name":"Perfil do comprador de imovel - INVEXO Lan\u00e7amentos","isPartOf":{"@id":"https:\/\/invexo.com.br\/blog\/#website"},"datePublished":"2015-04-20T18:00:25+00:00","dateModified":"2022-06-29T00:49:36+00:00","description":"Qual o perfil do comprador de im\u00f3vel de hoje? Estudo realizado pela \u00e1rea de intelig\u00eancia de mercado da Lopes responde essa pergunta...","breadcrumb":{"@id":"https:\/\/invexo.com.br\/blog\/perfil-comprador-imovel\/#breadcrumb"},"inLanguage":"pt-BR","potentialAction":[{"@type":"ReadAction","target":["https:\/\/invexo.com.br\/blog\/perfil-comprador-imovel\/"]}]},{"@type":"BreadcrumbList","@id":"https:\/\/invexo.com.br\/blog\/perfil-comprador-imovel\/#breadcrumb","itemListElement":[{"@type":"ListItem","position":1,"name":"Blog","item":"https:\/\/invexo.com.br\/blog\/"},{"@type":"ListItem","position":2,"name":"Not\u00edcias","item":"https:\/\/invexo.com.br\/blog\/categoria\/noticias\/"},{"@type":"ListItem","position":3,"name":"Perfil do Comprador de Im\u00f3vel"}]},{"@type":"WebSite","@id":"https:\/\/invexo.com.br\/blog\/#website","url":"https:\/\/invexo.com.br\/blog\/","name":"Not\u00edcias RJ","description":"Not\u00edcias sobre im\u00f3veis, financiamento, mercado imobili\u00e1rio do Rio de Janeiro. Informa\u00e7\u00f5es sobre Bairros, Condom\u00ednios e Regi\u00e3o do Rio de Janeiro.","publisher":{"@id":"https:\/\/invexo.com.br\/blog\/#organization"},"potentialAction":[{"@type":"SearchAction","target":{"@type":"EntryPoint","urlTemplate":"https:\/\/invexo.com.br\/blog\/?s={search_term_string}"},"query-input":{"@type":"PropertyValueSpecification","valueRequired":true,"valueName":"search_term_string"}}],"inLanguage":"pt-BR"},{"@type":"Organization","@id":"https:\/\/invexo.com.br\/blog\/#organization","name":"INVEXO Imobili\u00e1ria","url":"https:\/\/invexo.com.br\/blog\/","logo":{"@type":"ImageObject","inLanguage":"pt-BR","@id":"https:\/\/invexo.com.br\/blog\/#\/schema\/logo\/image\/","url":"https:\/\/invexo.com.br\/blog\/wp-content\/uploads\/2018\/09\/invexo-80-melhor.png","contentUrl":"https:\/\/invexo.com.br\/blog\/wp-content\/uploads\/2018\/09\/invexo-80-melhor.png","width":247,"height":80,"caption":"INVEXO Imobili\u00e1ria"},"image":{"@id":"https:\/\/invexo.com.br\/blog\/#\/schema\/logo\/image\/"},"sameAs":["https:\/\/facebook.com\/invexo","https:\/\/x.com\/invexoimoveis"]},{"@type":"Person","@id":"https:\/\/invexo.com.br\/blog\/#\/schema\/person\/36bee32f1cfacde03dc4c9622a58778d","name":"Ronnie Possatti","image":{"@type":"ImageObject","inLanguage":"pt-BR","@id":"https:\/\/invexo.com.br\/blog\/#\/schema\/person\/image\/","url":"https:\/\/secure.gravatar.com\/avatar\/51a6cdcc215551235c39affb853f1e38?s=96&d=blank&r=g","contentUrl":"https:\/\/secure.gravatar.com\/avatar\/51a6cdcc215551235c39affb853f1e38?s=96&d=blank&r=g","caption":"Ronnie Possatti"},"description":"Equipe de especialistas que traz para seus leitores conte\u00fados relevantes e de qualidade sobre bairros, condom\u00ednios, lan\u00e7amentos e not\u00edcias imobili\u00e1rias no Rio de Janeiro.","sameAs":["https:\/\/facebook.com\/invexo","https:\/\/instagram.com\/invexo","https:\/\/x.com\/https:\/\/twitter.com\/invexoimoveis"],"url":"https:\/\/invexo.com.br\/blog\/author\/invexo\/"}]}},"taxonomy_info":{"category":[{"value":58,"label":"Not\u00edcias"}]},"featured_image_src_large":false,"author_info":{"display_name":"Ronnie Possatti","author_link":"https:\/\/invexo.com.br\/blog\/author\/invexo\/"},"comment_info":0,"category_info":[{"term_id":58,"name":"Not\u00edcias","slug":"noticias","term_group":0,"term_taxonomy_id":58,"taxonomy":"category","description":"","parent":0,"count":35,"filter":"raw","cat_ID":58,"category_count":35,"category_description":"","cat_name":"Not\u00edcias","category_nicename":"noticias","category_parent":0}],"tag_info":false,"_links":{"self":[{"href":"https:\/\/invexo.com.br\/blog\/wp-json\/wp\/v2\/posts\/437"}],"collection":[{"href":"https:\/\/invexo.com.br\/blog\/wp-json\/wp\/v2\/posts"}],"about":[{"href":"https:\/\/invexo.com.br\/blog\/wp-json\/wp\/v2\/types\/post"}],"author":[{"embeddable":true,"href":"https:\/\/invexo.com.br\/blog\/wp-json\/wp\/v2\/users\/2"}],"replies":[{"embeddable":true,"href":"https:\/\/invexo.com.br\/blog\/wp-json\/wp\/v2\/comments?post=437"}],"version-history":[{"count":1,"href":"https:\/\/invexo.com.br\/blog\/wp-json\/wp\/v2\/posts\/437\/revisions"}],"predecessor-version":[{"id":28004,"href":"https:\/\/invexo.com.br\/blog\/wp-json\/wp\/v2\/posts\/437\/revisions\/28004"}],"wp:attachment":[{"href":"https:\/\/invexo.com.br\/blog\/wp-json\/wp\/v2\/media?parent=437"}],"wp:term":[{"taxonomy":"category","embeddable":true,"href":"https:\/\/invexo.com.br\/blog\/wp-json\/wp\/v2\/categories?post=437"},{"taxonomy":"post_tag","embeddable":true,"href":"https:\/\/invexo.com.br\/blog\/wp-json\/wp\/v2\/tags?post=437"}],"curies":[{"name":"wp","href":"https:\/\/api.w.org\/{rel}","templated":true}]}}