{"id":43534,"date":"2024-04-03T10:42:00","date_gmt":"2024-04-03T13:42:00","guid":{"rendered":"https:\/\/invexo.com.br\/blog\/?p=43534"},"modified":"2024-04-16T15:44:16","modified_gmt":"2024-04-16T18:44:16","slug":"reviver-centro","status":"publish","type":"post","link":"https:\/\/invexo.com.br\/blog\/reviver-centro\/","title":{"rendered":"Reviver Centro"},"content":{"rendered":"\n<p>Em vig\u00eancia desde 2021, o projeto Reviver Centro objetiva revitalizar o Centro do Rio de Janeiro. O programa pretende renovar as constru\u00e7\u00f5es da regi\u00e3o para atrair novos moradores e conferir uma fei\u00e7\u00e3o mais residencial ao bairro.<\/p>\n\n\n\n<p>Por ser uma \u00e1rea com pr\u00e9dios predominantemente comerciais, o Centro \u00e9 escasso em im\u00f3veis residenciais, o que torna a regi\u00e3o mais vazia e insegura, principalmente fora dos hor\u00e1rios de funcionamento do com\u00e9rcio.<\/p>\n\n\n\n<p>Esse aspecto foi agravado com a pandemia de COVID-19, que provocou o fechamento de estabelecimentos comerciais, al\u00e9m de ter afastado as pessoas dos grandes centros por conta das novas din\u00e2micas de trabalho e da ader\u00eancia ao trabalho remoto.<\/p>\n\n\n\n<p>O programa Reviver Centro foi elaborado para resolver esse problema e para atribuir ao Centro a aten\u00e7\u00e3o merecida devido \u00e0 sua import\u00e2ncia hist\u00f3rica. Com a aprova\u00e7\u00e3o do projeto de lei complementar 11\/2021 e do projeto de lei 190\/2021, a revitaliza\u00e7\u00e3o urban\u00edstica, social e econ\u00f4mica do Centro come\u00e7ou a ser realizada.<\/p>\n\n\n\n<h2 class=\"wp-block-heading\">Projeto Reviver Centro<\/h2>\n\n\n\n<p>As dificuldades de tornar a \u00e1rea central habit\u00e1vel incluem a complica\u00e7\u00e3o legal para a convers\u00e3o de edif\u00edcios comerciais em residenciais, a regulariza\u00e7\u00e3o de im\u00f3veis antigos e a associa\u00e7\u00e3o do Centro a uma \u00e1rea unicamente comercial e fornecedora de servi\u00e7os, que repele investimentos relacionados \u00e0 moradia.<\/p>\n\n\n\n<figure class=\"wp-block-image size-full\"><img decoding=\"async\" width=\"1280\" height=\"720\" src=\"https:\/\/invexo.com.br\/blog\/wp-content\/uploads\/2024\/04\/vista-aerea-reviver-centro-rio-de-janeiro-rj.jpg\" alt=\"Vista a\u00e9rea Reviver Centro Rio de Janeiro RJ\" class=\"wp-image-43551\" srcset=\"https:\/\/invexo.com.br\/blog\/wp-content\/uploads\/2024\/04\/vista-aerea-reviver-centro-rio-de-janeiro-rj.jpg 1280w, https:\/\/invexo.com.br\/blog\/wp-content\/uploads\/2024\/04\/vista-aerea-reviver-centro-rio-de-janeiro-rj-300x169.jpg 300w, https:\/\/invexo.com.br\/blog\/wp-content\/uploads\/2024\/04\/vista-aerea-reviver-centro-rio-de-janeiro-rj-1024x576.jpg 1024w, https:\/\/invexo.com.br\/blog\/wp-content\/uploads\/2024\/04\/vista-aerea-reviver-centro-rio-de-janeiro-rj-768x432.jpg 768w, https:\/\/invexo.com.br\/blog\/wp-content\/uploads\/2024\/04\/vista-aerea-reviver-centro-rio-de-janeiro-rj-150x84.jpg 150w\" sizes=\"(max-width: 1280px) 100vw, 1280px\" \/><\/figure>\n\n\n\n<p>A aprova\u00e7\u00e3o do projeto Reviver Centro e o esfor\u00e7o em torno da revitaliza\u00e7\u00e3o da regi\u00e3o geraram mudan\u00e7as significativas para resolver esses obst\u00e1culos. Concedendo benef\u00edcios fiscais de isen\u00e7\u00e3o ou suspens\u00e3o de IPTU, ISS e ITBI para obras e edifica\u00e7\u00f5es, o programa incentivou o investimento na \u00e1rea, que agora conta com empreendimentos como o <a href=\"https:\/\/invexo.com.br\/lancamento\/casa-maua-centro\/\" target=\"_blank\" rel=\"noreferrer noopener\">Casa Mau\u00e1<\/a> e o <a href=\"https:\/\/invexo.com.br\/lancamento\/enredo-riachuelo-201\/\" target=\"_blank\" rel=\"noreferrer noopener\">Enredo 201<\/a>, retrofits dos antigos Hotel S\u00e3o Francisco e Hotel Nice, respectivamente.<\/p>\n\n\n\n<p>O <a href=\"https:\/\/invexo.com.br\/lancamento\/cores-de-fatima\/\" target=\"_blank\" rel=\"noreferrer noopener\">Cores de F\u00e1tima<\/a>, com 60 unidades, \u00e9 mais um dos novos empreendimentos, assim como o <a href=\"https:\/\/invexo.com.br\/lancamento\/av-presidente-vargas-centro-rj\/\" target=\"_blank\" rel=\"noreferrer noopener\">Lan\u00e7amento da Avenida Presidente Vargas 1140 Centro<\/a>. Este \u00faltimo \u00e9 a primeira constru\u00e7\u00e3o residencial na avenida desde 1945, j\u00e1 que desde o seu surgimento, apenas um edif\u00edcio residencial havia sido constru\u00eddo no endere\u00e7o.<\/p>\n\n\n\n<p>Beneficiados pelas mudan\u00e7as no processo de convers\u00e3o de im\u00f3veis comerciais em residenciais, alguns dos novos empreendimentos da regi\u00e3o adotaram uma configura\u00e7\u00e3o din\u00e2mica de uso misto, mesclando com\u00e9rcio e resid\u00eancias.<\/p>\n\n\n\n<p>Com espa\u00e7os comerciais nos andares inferiores e moradias nos demais pavimentos, o <a href=\"https:\/\/invexo.com.br\/lancamento\/rua-goncalves-dias-centro\/\" target=\"_blank\" rel=\"noreferrer noopener\">Lan\u00e7amento Rua Gon\u00e7alves Dias Centro<\/a> e o <a href=\"https:\/\/invexo.com.br\/lancamento\/rua-buenos-aires-centro\/\" target=\"_blank\" rel=\"noreferrer noopener\">Lan\u00e7amento Faculdade Mackenzie Centro<\/a> remodelam o Centro da cidade, ocupando constru\u00e7\u00f5es que sediaram grandes estabelecimentos e estavam sem uso, como a sede desativada da Faculdade Mackenzie.<\/p>\n\n\n\n<p>Esse tamb\u00e9m \u00e9 o caso do <a href=\"https:\/\/invexo.com.br\/lancamento\/edificio-sao-francisco-centro\/\" target=\"_blank\" rel=\"noreferrer noopener\">Edif\u00edcio S\u00e3o Francisco<\/a>, que ser\u00e1 reformado para abrigar resid\u00eancias e at\u00e9 um terra\u00e7o panor\u00e2mico em seu topo, reservando os quatro primeiros andares para uma galeria comercial.<\/p>\n\n\n\n<h2 class=\"wp-block-heading\">Reviver Centro Hist\u00f3rico<\/h2>\n\n\n\n<p>O Centro abriga in\u00fameras edifica\u00e7\u00f5es famosas, algumas constru\u00eddas no per\u00edodo colonial, como a Biblioteca Nacional do Brasil, v\u00e1rios museus e obras arquitet\u00f4nicas importantes, como o Edif\u00edcio Gustavo Capanema.<\/p>\n\n\n\n<p>As constru\u00e7\u00f5es dessa regi\u00e3o, que deu in\u00edcio ao Rio de Janeiro, marcam \u00e9pocas e estilos art\u00edsticos, contando a hist\u00f3ria da cidade e do Brasil. Por\u00e9m, apesar de sua import\u00e2ncia, a regi\u00e3o concentra pr\u00e9dios hist\u00f3ricos em ru\u00ednas ou mal conservados, al\u00e9m de im\u00f3veis comerciais abandonados e desocupados, e o projeto Reviver Centro tamb\u00e9m tem como objetivo revitalizar o Centro Hist\u00f3rico do Rio.<\/p>\n\n\n\n<p>Preservando o patrim\u00f4nio cultural da regi\u00e3o e estimulando o desenvolvimento econ\u00f4mico e social local, o Reviver Centro busca transformar essa regi\u00e3o em um centro din\u00e2mico de atividades, ocupando casar\u00f5es hist\u00f3ricos com projetos culturais e conectando o passado hist\u00f3rico com as oportunidades do presente.<\/p>\n\n\n\n<h2 class=\"wp-block-heading\">Lan\u00e7amento do programa Reviver Centro 2 no Rio de Janeiro<\/h2>\n\n\n\n<p>O Projeto Reviver Centro 2 \u00e9 uma nova etapa do programa original, concentrando-se agora na revitaliza\u00e7\u00e3o da \u00e1rea do Centro Financeiro da cidade. Com o objetivo de promover o desenvolvimento urbano e social, o projeto visa ampliar incentivos e estimular a constru\u00e7\u00e3o de moradias nas regi\u00f5es da Pra\u00e7a XV, Castelo e Cinel\u00e2ndia, reconhecidas como parte vital do Centro Financeiro. Lan\u00e7amentos residenciais como o Cores de F\u00e1tima e o Casa Mau\u00e1 j\u00e1 foram contemplados pelo projeto.<\/p>\n\n\n\n<p>Uma das principais estrat\u00e9gias adotadas \u00e9 oferecer vantagens significativas para construtores que optem por investir nessa \u00e1rea. Como parte desses incentivos, os construtores que decidirem investir no Centro Financeiro poder\u00e3o receber at\u00e9 150% de b\u00f4nus para construir em bairros adjacentes, como Botafogo, Ipanema, Lagoa e Copacabana. Essa medida n\u00e3o apenas impulsiona a revitaliza\u00e7\u00e3o do Centro Financeiro, mas tamb\u00e9m contribui para o desenvolvimento urbano em outras regi\u00f5es da cidade.<\/p>\n\n\n\n<figure class=\"wp-block-image size-full\"><img decoding=\"async\" width=\"1280\" height=\"720\" src=\"https:\/\/invexo.com.br\/blog\/wp-content\/uploads\/2024\/04\/rua-reviver-centro-rio-de-janeiro-rj.jpg\" alt=\"Rua Reviver Centro Rio de Janeiro RJ\" class=\"wp-image-43550\" srcset=\"https:\/\/invexo.com.br\/blog\/wp-content\/uploads\/2024\/04\/rua-reviver-centro-rio-de-janeiro-rj.jpg 1280w, https:\/\/invexo.com.br\/blog\/wp-content\/uploads\/2024\/04\/rua-reviver-centro-rio-de-janeiro-rj-300x169.jpg 300w, https:\/\/invexo.com.br\/blog\/wp-content\/uploads\/2024\/04\/rua-reviver-centro-rio-de-janeiro-rj-1024x576.jpg 1024w, https:\/\/invexo.com.br\/blog\/wp-content\/uploads\/2024\/04\/rua-reviver-centro-rio-de-janeiro-rj-768x432.jpg 768w, https:\/\/invexo.com.br\/blog\/wp-content\/uploads\/2024\/04\/rua-reviver-centro-rio-de-janeiro-rj-150x84.jpg 150w\" sizes=\"(max-width: 1280px) 100vw, 1280px\" \/><\/figure>\n\n\n\n<p>Al\u00e9m disso, o projeto estabelece uma parceria ben\u00e9fica para incorporadores e investidores que direcionarem recursos para im\u00f3veis no Centro Hist\u00f3rico do Rio de Janeiro. Como contrapartida, esses participantes ter\u00e3o o direito especial de construir em \u00e1reas receptoras, abrangendo uma gama mais ampla de bairros do que no programa Reviver Centro original. Al\u00e9m disso, esses investidores poder\u00e3o usufruir de isen\u00e7\u00e3o tempor\u00e1ria da taxa de licenciamento, juntamente com outros benef\u00edcios previstos no texto original do projeto, que foi aprimorado por meio de emendas.<\/p>\n\n\n\n<p>Por meio dessas medidas, o Projeto Reviver Centro 2 busca n\u00e3o apenas revitalizar o Centro Financeiro da cidade, mas tamb\u00e9m promover um desenvolvimento urbano equilibrado e sustent\u00e1vel em toda a regi\u00e3o do Rio de Janeiro.<\/p>\n\n\n\t\t<div class=\"wp-block-web-stories-embed web-stories-embed aligncenter\">\n\t\t\t<div class=\"wp-block-embed__wrapper\" style=\"--aspect-ratio: 0.600000; --width: 360px; --height: 600px\">\n\t\t\t\t<amp-story-player>\n\t\t\t\t\t<a href=\"https:\/\/invexo.com.br\/blog\/web-stories\/reviver-centro\/\">\n\t\t\t\t\t\t\t\t\t\t\t\t\t<img\n\t\t\t\t\t\t\t\tsrc=\"https:\/\/invexo.com.br\/blog\/wp-content\/uploads\/2024\/04\/reviver-centro-rio-de-janeiro-rj-2.jpg\"\n\t\t\t\t\t\t\t\twidth=\"360\"\n\t\t\t\t\t\t\t\theight=\"600\"\n\t\t\t\t\t\t\t\talt=\"Reviver Centro\"\n\t\t\t\t\t\t\t\t\t\t\t\t\t\t\t\t\t\t\t\t\t\t\t\tloading=\"lazy\"\n\t\t\t\t\t\t\t\tdecoding=\"async\"\n\t\t\t\t\t\t\t\tdata-amp-story-player-poster-img\n\t\t\t\t\t\t\t\/>\n\t\t\t\t\t\t\t\t\t\t\t\t<\/a>\n\t\t\t\t<\/amp-story-player>\n\t\t\t<\/div>\n\t\t<\/div>\n\t\t\n\n\n<p>Oportunidades \u00fanicas de im\u00f3veis em S\u00e3o Conrado. Fa\u00e7a parte do nosso <strong><a href=\"https:\/\/whatsapp.com\/channel\/0029VaB0crhDZ4LfWQoKd22G\">canal exclusivo no WhatsApp<\/a><\/strong> e tenha acesso antecipado aos im\u00f3veis \u00e0 venda na regi\u00e3o.<\/p>\n\n\n<div class=\"\"><div class='_form_2'><\/div><script type='text\/javascript' src='https:\/\/invexo.activehosted.com\/f\/embed.php?static=0&id=2&69F23ADB990FB&nostyles=0&preview=0'><\/script><\/div>\n\n\n<p>Confira incr\u00edveis <a href=\"https:\/\/luxury.invexo.com.br\/apartamento-de-luxo-no-rio-de-janeiro\/?utm_source=blog&amp;utm_medium=blocofim\" target=\"_blank\" rel=\"noreferrer noopener\">apartamentos \u00e0 venda no Rio de Janeiro<\/a> com a INVEXO, imobili\u00e1ria especializada em im\u00f3veis de luxo no Rio de Janeiro.<\/p>\n\n\n\n<figure class=\"wp-block-image size-full\"><a href=\"https:\/\/luxury.invexo.com.br\/apartamento-de-luxo-no-rio-de-janeiro\/?utm_source=blog&amp;utm_medium=blocofim\" target=\"_blank\" rel=\"noreferrer noopener\"><img decoding=\"async\" width=\"1300\" height=\"280\" src=\"https:\/\/invexo.com.br\/blog\/wp-content\/uploads\/2022\/04\/imoveis-de-luxo-no-rio-de-janeiro-rj.jpg\" alt=\"Im\u00f3veis de luxo no Rio de Janeiro.\" class=\"wp-image-26440\" srcset=\"https:\/\/invexo.com.br\/blog\/wp-content\/uploads\/2022\/04\/imoveis-de-luxo-no-rio-de-janeiro-rj.jpg 1300w, https:\/\/invexo.com.br\/blog\/wp-content\/uploads\/2022\/04\/imoveis-de-luxo-no-rio-de-janeiro-rj-300x65.jpg 300w, https:\/\/invexo.com.br\/blog\/wp-content\/uploads\/2022\/04\/imoveis-de-luxo-no-rio-de-janeiro-rj-1024x221.jpg 1024w, https:\/\/invexo.com.br\/blog\/wp-content\/uploads\/2022\/04\/imoveis-de-luxo-no-rio-de-janeiro-rj-768x165.jpg 768w, https:\/\/invexo.com.br\/blog\/wp-content\/uploads\/2022\/04\/imoveis-de-luxo-no-rio-de-janeiro-rj-940x202.jpg 940w, https:\/\/invexo.com.br\/blog\/wp-content\/uploads\/2022\/04\/imoveis-de-luxo-no-rio-de-janeiro-rj-150x32.jpg 150w\" sizes=\"(max-width: 1300px) 100vw, 1300px\" \/><\/a><\/figure>\n\n\n\n<p><\/p>\n","protected":false},"excerpt":{"rendered":"<p>Em vig\u00eancia desde 2021, o projeto Reviver Centro objetiva revitalizar o Centro do Rio de Janeiro. O programa pretende renovar as constru\u00e7\u00f5es da regi\u00e3o para atrair novos moradores e conferir uma fei\u00e7\u00e3o mais residencial ao bairro. Por ser uma \u00e1rea com pr\u00e9dios predominantemente comerciais, o Centro \u00e9 escasso em im\u00f3veis residenciais, o que torna a&#8230;<\/p>\n","protected":false},"author":2,"featured_media":43549,"comment_status":"closed","ping_status":"closed","sticky":false,"template":"","format":"standard","meta":{"_acf_changed":false,"_kad_blocks_custom_css":"","_kad_blocks_head_custom_js":"","_kad_blocks_body_custom_js":"","_kad_blocks_footer_custom_js":"","_kadence_starter_templates_imported_post":false,"_kad_post_transparent":"","_kad_post_title":"","_kad_post_layout":"","_kad_post_sidebar_id":"","_kad_post_content_style":"","_kad_post_vertical_padding":"","_kad_post_feature":"","_kad_post_feature_position":"","_kad_post_header":false,"_kad_post_footer":false,"footnotes":""},"categories":[15,230],"tags":[660],"acf":[],"yoast_head":"<!-- This site is optimized with the Yoast SEO plugin v24.1 - https:\/\/yoast.com\/wordpress\/plugins\/seo\/ -->\n<title>Reviver Centro - Projeto da Prefeitura do Rio para atrair...<\/title>\n<meta name=\"description\" content=\"Desde 2021, o projeto Reviver Centro revitaliza constru\u00e7\u00f5es do cora\u00e7\u00e3o do Rio para atrair novos moradores e criar uma atmosfera residencial.\" \/>\n<meta name=\"robots\" content=\"index, follow, max-snippet:-1, max-image-preview:large, max-video-preview:-1\" \/>\n<link rel=\"canonical\" href=\"https:\/\/invexo.com.br\/blog\/reviver-centro\/\" \/>\n<meta property=\"og:locale\" content=\"pt_BR\" \/>\n<meta property=\"og:type\" content=\"article\" \/>\n<meta property=\"og:title\" content=\"Reviver Centro - Projeto da Prefeitura do Rio para atrair...\" \/>\n<meta property=\"og:description\" content=\"Desde 2021, o projeto Reviver Centro revitaliza constru\u00e7\u00f5es do cora\u00e7\u00e3o do Rio para atrair novos moradores e criar uma atmosfera residencial.\" \/>\n<meta property=\"og:url\" content=\"https:\/\/invexo.com.br\/blog\/reviver-centro\/\" \/>\n<meta property=\"og:site_name\" content=\"Not\u00edcias RJ\" \/>\n<meta property=\"article:publisher\" content=\"https:\/\/facebook.com\/invexo\" \/>\n<meta property=\"article:author\" content=\"https:\/\/facebook.com\/invexo\" \/>\n<meta property=\"article:published_time\" content=\"2024-04-03T13:42:00+00:00\" \/>\n<meta property=\"article:modified_time\" content=\"2024-04-16T18:44:16+00:00\" \/>\n<meta property=\"og:image\" content=\"https:\/\/invexo.com.br\/blog\/wp-content\/uploads\/2024\/04\/bairro-reviver-centro-rio-de-janeiro-rj.jpg\" \/>\n\t<meta property=\"og:image:width\" content=\"1280\" \/>\n\t<meta property=\"og:image:height\" content=\"720\" \/>\n\t<meta property=\"og:image:type\" content=\"image\/jpeg\" \/>\n<meta name=\"author\" content=\"Ronnie Possatti\" \/>\n<meta name=\"twitter:card\" content=\"summary_large_image\" \/>\n<meta name=\"twitter:creator\" content=\"@https:\/\/twitter.com\/invexoimoveis\" \/>\n<meta name=\"twitter:site\" content=\"@invexoimoveis\" \/>\n<meta name=\"twitter:label1\" content=\"Escrito por\" \/>\n\t<meta name=\"twitter:data1\" content=\"Ronnie Possatti\" \/>\n\t<meta name=\"twitter:label2\" content=\"Est. tempo de leitura\" \/>\n\t<meta name=\"twitter:data2\" content=\"6 minutos\" \/>\n<script type=\"application\/ld+json\" class=\"yoast-schema-graph\">{\"@context\":\"https:\/\/schema.org\",\"@graph\":[{\"@type\":\"Article\",\"@id\":\"https:\/\/invexo.com.br\/blog\/reviver-centro\/#article\",\"isPartOf\":{\"@id\":\"https:\/\/invexo.com.br\/blog\/reviver-centro\/\"},\"author\":{\"name\":\"Ronnie Possatti\",\"@id\":\"https:\/\/invexo.com.br\/blog\/#\/schema\/person\/36bee32f1cfacde03dc4c9622a58778d\"},\"headline\":\"Reviver Centro\",\"datePublished\":\"2024-04-03T13:42:00+00:00\",\"dateModified\":\"2024-04-16T18:44:16+00:00\",\"mainEntityOfPage\":{\"@id\":\"https:\/\/invexo.com.br\/blog\/reviver-centro\/\"},\"wordCount\":938,\"publisher\":{\"@id\":\"https:\/\/invexo.com.br\/blog\/#organization\"},\"image\":{\"@id\":\"https:\/\/invexo.com.br\/blog\/reviver-centro\/#primaryimage\"},\"thumbnailUrl\":\"https:\/\/invexo.com.br\/blog\/wp-content\/uploads\/2024\/04\/bairro-reviver-centro-rio-de-janeiro-rj.jpg\",\"keywords\":[\"Centro RJ\"],\"articleSection\":[\"Informa\u00e7\u00f5es\",\"Mercado imobili\u00e1rio\"],\"inLanguage\":\"pt-BR\"},{\"@type\":\"WebPage\",\"@id\":\"https:\/\/invexo.com.br\/blog\/reviver-centro\/\",\"url\":\"https:\/\/invexo.com.br\/blog\/reviver-centro\/\",\"name\":\"Reviver Centro - Projeto da Prefeitura do Rio para atrair...\",\"isPartOf\":{\"@id\":\"https:\/\/invexo.com.br\/blog\/#website\"},\"primaryImageOfPage\":{\"@id\":\"https:\/\/invexo.com.br\/blog\/reviver-centro\/#primaryimage\"},\"image\":{\"@id\":\"https:\/\/invexo.com.br\/blog\/reviver-centro\/#primaryimage\"},\"thumbnailUrl\":\"https:\/\/invexo.com.br\/blog\/wp-content\/uploads\/2024\/04\/bairro-reviver-centro-rio-de-janeiro-rj.jpg\",\"datePublished\":\"2024-04-03T13:42:00+00:00\",\"dateModified\":\"2024-04-16T18:44:16+00:00\",\"description\":\"Desde 2021, o projeto Reviver Centro revitaliza constru\u00e7\u00f5es do cora\u00e7\u00e3o do Rio para atrair novos moradores e criar uma atmosfera residencial.\",\"breadcrumb\":{\"@id\":\"https:\/\/invexo.com.br\/blog\/reviver-centro\/#breadcrumb\"},\"inLanguage\":\"pt-BR\",\"potentialAction\":[{\"@type\":\"ReadAction\",\"target\":[\"https:\/\/invexo.com.br\/blog\/reviver-centro\/\"]}]},{\"@type\":\"ImageObject\",\"inLanguage\":\"pt-BR\",\"@id\":\"https:\/\/invexo.com.br\/blog\/reviver-centro\/#primaryimage\",\"url\":\"https:\/\/invexo.com.br\/blog\/wp-content\/uploads\/2024\/04\/bairro-reviver-centro-rio-de-janeiro-rj.jpg\",\"contentUrl\":\"https:\/\/invexo.com.br\/blog\/wp-content\/uploads\/2024\/04\/bairro-reviver-centro-rio-de-janeiro-rj.jpg\",\"width\":1280,\"height\":720,\"caption\":\"Bairro Reviver Centro Rio de Janeiro RJ\"},{\"@type\":\"BreadcrumbList\",\"@id\":\"https:\/\/invexo.com.br\/blog\/reviver-centro\/#breadcrumb\",\"itemListElement\":[{\"@type\":\"ListItem\",\"position\":1,\"name\":\"Blog\",\"item\":\"https:\/\/invexo.com.br\/blog\/\"},{\"@type\":\"ListItem\",\"position\":2,\"name\":\"Informa\u00e7\u00f5es\",\"item\":\"https:\/\/invexo.com.br\/blog\/categoria\/informacoes\/\"},{\"@type\":\"ListItem\",\"position\":3,\"name\":\"Reviver Centro\"}]},{\"@type\":\"WebSite\",\"@id\":\"https:\/\/invexo.com.br\/blog\/#website\",\"url\":\"https:\/\/invexo.com.br\/blog\/\",\"name\":\"Not\u00edcias RJ\",\"description\":\"Not\u00edcias sobre im\u00f3veis, financiamento, mercado imobili\u00e1rio do Rio de Janeiro. Informa\u00e7\u00f5es sobre Bairros, Condom\u00ednios e Regi\u00e3o do Rio de Janeiro.\",\"publisher\":{\"@id\":\"https:\/\/invexo.com.br\/blog\/#organization\"},\"potentialAction\":[{\"@type\":\"SearchAction\",\"target\":{\"@type\":\"EntryPoint\",\"urlTemplate\":\"https:\/\/invexo.com.br\/blog\/?s={search_term_string}\"},\"query-input\":{\"@type\":\"PropertyValueSpecification\",\"valueRequired\":true,\"valueName\":\"search_term_string\"}}],\"inLanguage\":\"pt-BR\"},{\"@type\":\"Organization\",\"@id\":\"https:\/\/invexo.com.br\/blog\/#organization\",\"name\":\"INVEXO Imobili\u00e1ria\",\"url\":\"https:\/\/invexo.com.br\/blog\/\",\"logo\":{\"@type\":\"ImageObject\",\"inLanguage\":\"pt-BR\",\"@id\":\"https:\/\/invexo.com.br\/blog\/#\/schema\/logo\/image\/\",\"url\":\"https:\/\/invexo.com.br\/blog\/wp-content\/uploads\/2018\/09\/invexo-80-melhor.png\",\"contentUrl\":\"https:\/\/invexo.com.br\/blog\/wp-content\/uploads\/2018\/09\/invexo-80-melhor.png\",\"width\":247,\"height\":80,\"caption\":\"INVEXO Imobili\u00e1ria\"},\"image\":{\"@id\":\"https:\/\/invexo.com.br\/blog\/#\/schema\/logo\/image\/\"},\"sameAs\":[\"https:\/\/facebook.com\/invexo\",\"https:\/\/x.com\/invexoimoveis\"]},{\"@type\":\"Person\",\"@id\":\"https:\/\/invexo.com.br\/blog\/#\/schema\/person\/36bee32f1cfacde03dc4c9622a58778d\",\"name\":\"Ronnie Possatti\",\"image\":{\"@type\":\"ImageObject\",\"inLanguage\":\"pt-BR\",\"@id\":\"https:\/\/invexo.com.br\/blog\/#\/schema\/person\/image\/\",\"url\":\"https:\/\/secure.gravatar.com\/avatar\/51a6cdcc215551235c39affb853f1e38?s=96&d=blank&r=g\",\"contentUrl\":\"https:\/\/secure.gravatar.com\/avatar\/51a6cdcc215551235c39affb853f1e38?s=96&d=blank&r=g\",\"caption\":\"Ronnie Possatti\"},\"description\":\"Equipe de especialistas que traz para seus leitores conte\u00fados relevantes e de qualidade sobre bairros, condom\u00ednios, lan\u00e7amentos e not\u00edcias imobili\u00e1rias no Rio de Janeiro.\",\"sameAs\":[\"https:\/\/facebook.com\/invexo\",\"https:\/\/instagram.com\/invexo\",\"https:\/\/x.com\/https:\/\/twitter.com\/invexoimoveis\"],\"url\":\"https:\/\/invexo.com.br\/blog\/author\/invexo\/\"}]}<\/script>\n<!-- \/ Yoast SEO plugin. -->","yoast_head_json":{"title":"Reviver Centro - Projeto da Prefeitura do Rio para atrair...","description":"Desde 2021, o projeto Reviver Centro revitaliza constru\u00e7\u00f5es do cora\u00e7\u00e3o do Rio para atrair novos moradores e criar uma atmosfera residencial.","robots":{"index":"index","follow":"follow","max-snippet":"max-snippet:-1","max-image-preview":"max-image-preview:large","max-video-preview":"max-video-preview:-1"},"canonical":"https:\/\/invexo.com.br\/blog\/reviver-centro\/","og_locale":"pt_BR","og_type":"article","og_title":"Reviver Centro - Projeto da Prefeitura do Rio para atrair...","og_description":"Desde 2021, o projeto Reviver Centro revitaliza constru\u00e7\u00f5es do cora\u00e7\u00e3o do Rio para atrair novos moradores e criar uma atmosfera residencial.","og_url":"https:\/\/invexo.com.br\/blog\/reviver-centro\/","og_site_name":"Not\u00edcias RJ","article_publisher":"https:\/\/facebook.com\/invexo","article_author":"https:\/\/facebook.com\/invexo","article_published_time":"2024-04-03T13:42:00+00:00","article_modified_time":"2024-04-16T18:44:16+00:00","og_image":[{"width":1280,"height":720,"url":"https:\/\/invexo.com.br\/blog\/wp-content\/uploads\/2024\/04\/bairro-reviver-centro-rio-de-janeiro-rj.jpg","type":"image\/jpeg"}],"author":"Ronnie Possatti","twitter_card":"summary_large_image","twitter_creator":"@https:\/\/twitter.com\/invexoimoveis","twitter_site":"@invexoimoveis","twitter_misc":{"Escrito por":"Ronnie Possatti","Est. tempo de leitura":"6 minutos"},"schema":{"@context":"https:\/\/schema.org","@graph":[{"@type":"Article","@id":"https:\/\/invexo.com.br\/blog\/reviver-centro\/#article","isPartOf":{"@id":"https:\/\/invexo.com.br\/blog\/reviver-centro\/"},"author":{"name":"Ronnie Possatti","@id":"https:\/\/invexo.com.br\/blog\/#\/schema\/person\/36bee32f1cfacde03dc4c9622a58778d"},"headline":"Reviver Centro","datePublished":"2024-04-03T13:42:00+00:00","dateModified":"2024-04-16T18:44:16+00:00","mainEntityOfPage":{"@id":"https:\/\/invexo.com.br\/blog\/reviver-centro\/"},"wordCount":938,"publisher":{"@id":"https:\/\/invexo.com.br\/blog\/#organization"},"image":{"@id":"https:\/\/invexo.com.br\/blog\/reviver-centro\/#primaryimage"},"thumbnailUrl":"https:\/\/invexo.com.br\/blog\/wp-content\/uploads\/2024\/04\/bairro-reviver-centro-rio-de-janeiro-rj.jpg","keywords":["Centro RJ"],"articleSection":["Informa\u00e7\u00f5es","Mercado imobili\u00e1rio"],"inLanguage":"pt-BR"},{"@type":"WebPage","@id":"https:\/\/invexo.com.br\/blog\/reviver-centro\/","url":"https:\/\/invexo.com.br\/blog\/reviver-centro\/","name":"Reviver Centro - Projeto da Prefeitura do Rio para atrair...","isPartOf":{"@id":"https:\/\/invexo.com.br\/blog\/#website"},"primaryImageOfPage":{"@id":"https:\/\/invexo.com.br\/blog\/reviver-centro\/#primaryimage"},"image":{"@id":"https:\/\/invexo.com.br\/blog\/reviver-centro\/#primaryimage"},"thumbnailUrl":"https:\/\/invexo.com.br\/blog\/wp-content\/uploads\/2024\/04\/bairro-reviver-centro-rio-de-janeiro-rj.jpg","datePublished":"2024-04-03T13:42:00+00:00","dateModified":"2024-04-16T18:44:16+00:00","description":"Desde 2021, o projeto Reviver Centro revitaliza constru\u00e7\u00f5es do cora\u00e7\u00e3o do Rio para atrair novos moradores e criar uma atmosfera residencial.","breadcrumb":{"@id":"https:\/\/invexo.com.br\/blog\/reviver-centro\/#breadcrumb"},"inLanguage":"pt-BR","potentialAction":[{"@type":"ReadAction","target":["https:\/\/invexo.com.br\/blog\/reviver-centro\/"]}]},{"@type":"ImageObject","inLanguage":"pt-BR","@id":"https:\/\/invexo.com.br\/blog\/reviver-centro\/#primaryimage","url":"https:\/\/invexo.com.br\/blog\/wp-content\/uploads\/2024\/04\/bairro-reviver-centro-rio-de-janeiro-rj.jpg","contentUrl":"https:\/\/invexo.com.br\/blog\/wp-content\/uploads\/2024\/04\/bairro-reviver-centro-rio-de-janeiro-rj.jpg","width":1280,"height":720,"caption":"Bairro Reviver Centro Rio de Janeiro RJ"},{"@type":"BreadcrumbList","@id":"https:\/\/invexo.com.br\/blog\/reviver-centro\/#breadcrumb","itemListElement":[{"@type":"ListItem","position":1,"name":"Blog","item":"https:\/\/invexo.com.br\/blog\/"},{"@type":"ListItem","position":2,"name":"Informa\u00e7\u00f5es","item":"https:\/\/invexo.com.br\/blog\/categoria\/informacoes\/"},{"@type":"ListItem","position":3,"name":"Reviver Centro"}]},{"@type":"WebSite","@id":"https:\/\/invexo.com.br\/blog\/#website","url":"https:\/\/invexo.com.br\/blog\/","name":"Not\u00edcias RJ","description":"Not\u00edcias sobre im\u00f3veis, financiamento, mercado imobili\u00e1rio do Rio de Janeiro. Informa\u00e7\u00f5es sobre Bairros, Condom\u00ednios e Regi\u00e3o do Rio de Janeiro.","publisher":{"@id":"https:\/\/invexo.com.br\/blog\/#organization"},"potentialAction":[{"@type":"SearchAction","target":{"@type":"EntryPoint","urlTemplate":"https:\/\/invexo.com.br\/blog\/?s={search_term_string}"},"query-input":{"@type":"PropertyValueSpecification","valueRequired":true,"valueName":"search_term_string"}}],"inLanguage":"pt-BR"},{"@type":"Organization","@id":"https:\/\/invexo.com.br\/blog\/#organization","name":"INVEXO Imobili\u00e1ria","url":"https:\/\/invexo.com.br\/blog\/","logo":{"@type":"ImageObject","inLanguage":"pt-BR","@id":"https:\/\/invexo.com.br\/blog\/#\/schema\/logo\/image\/","url":"https:\/\/invexo.com.br\/blog\/wp-content\/uploads\/2018\/09\/invexo-80-melhor.png","contentUrl":"https:\/\/invexo.com.br\/blog\/wp-content\/uploads\/2018\/09\/invexo-80-melhor.png","width":247,"height":80,"caption":"INVEXO Imobili\u00e1ria"},"image":{"@id":"https:\/\/invexo.com.br\/blog\/#\/schema\/logo\/image\/"},"sameAs":["https:\/\/facebook.com\/invexo","https:\/\/x.com\/invexoimoveis"]},{"@type":"Person","@id":"https:\/\/invexo.com.br\/blog\/#\/schema\/person\/36bee32f1cfacde03dc4c9622a58778d","name":"Ronnie Possatti","image":{"@type":"ImageObject","inLanguage":"pt-BR","@id":"https:\/\/invexo.com.br\/blog\/#\/schema\/person\/image\/","url":"https:\/\/secure.gravatar.com\/avatar\/51a6cdcc215551235c39affb853f1e38?s=96&d=blank&r=g","contentUrl":"https:\/\/secure.gravatar.com\/avatar\/51a6cdcc215551235c39affb853f1e38?s=96&d=blank&r=g","caption":"Ronnie Possatti"},"description":"Equipe de especialistas que traz para seus leitores conte\u00fados relevantes e de qualidade sobre bairros, condom\u00ednios, lan\u00e7amentos e not\u00edcias imobili\u00e1rias no Rio de Janeiro.","sameAs":["https:\/\/facebook.com\/invexo","https:\/\/instagram.com\/invexo","https:\/\/x.com\/https:\/\/twitter.com\/invexoimoveis"],"url":"https:\/\/invexo.com.br\/blog\/author\/invexo\/"}]}},"taxonomy_info":{"category":[{"value":15,"label":"Informa\u00e7\u00f5es"},{"value":230,"label":"Mercado imobili\u00e1rio"}],"post_tag":[{"value":660,"label":"Centro RJ"}]},"featured_image_src_large":["https:\/\/invexo.com.br\/blog\/wp-content\/uploads\/2024\/04\/bairro-reviver-centro-rio-de-janeiro-rj-1024x576.jpg",1024,576,true],"author_info":{"display_name":"Ronnie Possatti","author_link":"https:\/\/invexo.com.br\/blog\/author\/invexo\/"},"comment_info":0,"category_info":[{"term_id":15,"name":"Informa\u00e7\u00f5es","slug":"informacoes","term_group":0,"term_taxonomy_id":15,"taxonomy":"category","description":"Informa\u00e7\u00f5es, experi\u00eancia nos melhores estabelecimentos em bairros nobres para se viver no Rio de Janeiro. Tudo sobre cultura, entretenimento e lazer.","parent":0,"count":1297,"filter":"raw","cat_ID":15,"category_count":1297,"category_description":"Informa\u00e7\u00f5es, experi\u00eancia nos melhores estabelecimentos em bairros nobres para se viver no Rio de Janeiro. Tudo sobre cultura, entretenimento e lazer.","cat_name":"Informa\u00e7\u00f5es","category_nicename":"informacoes","category_parent":0},{"term_id":230,"name":"Mercado imobili\u00e1rio","slug":"mercado-imobiliario","term_group":0,"term_taxonomy_id":230,"taxonomy":"category","description":"Not\u00edcias sobre o mercado imobili\u00e1rio carioca, informa\u00e7\u00f5es sobre lan\u00e7amentos, construtoras, incorporadoras e futuros lan\u00e7amentos na cidade do Rio de Janeiro.","parent":0,"count":266,"filter":"raw","cat_ID":230,"category_count":266,"category_description":"Not\u00edcias sobre o mercado imobili\u00e1rio carioca, informa\u00e7\u00f5es sobre lan\u00e7amentos, construtoras, incorporadoras e futuros lan\u00e7amentos na cidade do Rio de Janeiro.","cat_name":"Mercado imobili\u00e1rio","category_nicename":"mercado-imobiliario","category_parent":0}],"tag_info":[{"term_id":660,"name":"Centro RJ","slug":"centro-rj","term_group":0,"term_taxonomy_id":660,"taxonomy":"post_tag","description":"","parent":0,"count":6,"filter":"raw"}],"_links":{"self":[{"href":"https:\/\/invexo.com.br\/blog\/wp-json\/wp\/v2\/posts\/43534"}],"collection":[{"href":"https:\/\/invexo.com.br\/blog\/wp-json\/wp\/v2\/posts"}],"about":[{"href":"https:\/\/invexo.com.br\/blog\/wp-json\/wp\/v2\/types\/post"}],"author":[{"embeddable":true,"href":"https:\/\/invexo.com.br\/blog\/wp-json\/wp\/v2\/users\/2"}],"replies":[{"embeddable":true,"href":"https:\/\/invexo.com.br\/blog\/wp-json\/wp\/v2\/comments?post=43534"}],"version-history":[{"count":6,"href":"https:\/\/invexo.com.br\/blog\/wp-json\/wp\/v2\/posts\/43534\/revisions"}],"predecessor-version":[{"id":43569,"href":"https:\/\/invexo.com.br\/blog\/wp-json\/wp\/v2\/posts\/43534\/revisions\/43569"}],"wp:featuredmedia":[{"embeddable":true,"href":"https:\/\/invexo.com.br\/blog\/wp-json\/wp\/v2\/media\/43549"}],"wp:attachment":[{"href":"https:\/\/invexo.com.br\/blog\/wp-json\/wp\/v2\/media?parent=43534"}],"wp:term":[{"taxonomy":"category","embeddable":true,"href":"https:\/\/invexo.com.br\/blog\/wp-json\/wp\/v2\/categories?post=43534"},{"taxonomy":"post_tag","embeddable":true,"href":"https:\/\/invexo.com.br\/blog\/wp-json\/wp\/v2\/tags?post=43534"}],"curies":[{"name":"wp","href":"https:\/\/api.w.org\/{rel}","templated":true}]}}