{"id":423,"date":"2015-04-14T15:00:17","date_gmt":"2015-04-14T18:00:17","guid":{"rendered":"https:\/\/invexo.com.br\/?p=417"},"modified":"2022-06-28T21:49:37","modified_gmt":"2022-06-29T00:49:37","slug":"custo-espaco","status":"publish","type":"post","link":"https:\/\/invexo.com.br\/blog\/custo-espaco\/","title":{"rendered":"Quando custa ter um apartamento espa\u00e7oso no Brasil?"},"content":{"rendered":"\n<p>Para ter um apartamento espa\u00e7oso nas grandes cidades brasileiras, dificilmente o comprador conseguir\u00e1 desembolsar menos do que um milh\u00e3o de reais.<\/p>\n\n\n\n<p>E se al\u00e9m de espa\u00e7o, a pesquisa incluir uma boa localiza\u00e7\u00e3o \u00e9 mais prov\u00e1vel que ele precise encarar pre\u00e7os que giram em torno de alguns milh\u00f5es de reais.<\/p>\n\n\n\n<!--more-->\n\n\n\n<h2 class=\"wp-block-heading\">Levantamento feito analisa o valor de im\u00f3veis de mais de 200 m\u00b2 em algumas capitais do Brasil<\/h2>\n\n\n\n<p>Segundo um levantamento feito pelo site de classificados imobili\u00e1rios, a pedido de EXAME.com, o valor dos im\u00f3veis com mais de 200 metros quadrados em bairros valorizados de algumas capitais brasileiras varia de 780 mil reais a 8 milh\u00f5es de reais.<\/p>\n\n\n\n<p>A lista inclui im\u00f3veis com essa metragem ou com \u00e1reas superiores em Bras\u00edlia e em outras dez capitais: S\u00e3o Paulo, <a href=\"https:\/\/invexo.com.br\/blog\/morar-no-rio-de-janeiro-motivos\/\" target=\"_blank\" rel=\"noreferrer noopener\">Rio de Janeiro<\/a>, Belo Horizonte, Curitiba, Porto Alegre, Florian\u00f3polis, Vit\u00f3ria, Recife, Salvador e Goi\u00e2nia.<\/p>\n\n\n\n<p>O apartamento mais barato foi encontrado no Centro de Belo Horizonte e tem 237 metros quadrados. J\u00e1 a unidade com o maior pre\u00e7o mede 430 metros quadrados e est\u00e1 localizada no Jardim Paulistano, em S\u00e3o Paulo.<\/p>\n\n\n\n<p>Como o custo para construir \u00e9 cada vez maior e os espa\u00e7os para novos empreendimentos s\u00e3o mais escassos, o metro quadrado em regi\u00f5es valorizadas n\u00e3o para de crescer.<\/p>\n\n\n\n<p>Como consequ\u00eancia, construtoras lan\u00e7am apartamentos min\u00fasculos (conhe\u00e7a o microapartamento com 18 metros quadrados) para viabilizar empreendimentos e, ao mesmo tempo, oferecer im\u00f3veis que cabem no bolso do comprador.<\/p>\n\n\n\n<figure class=\"wp-block-image size-large\"><a href=\"https:\/\/invexo.com.br\/\" target=\"_blank\" rel=\"noopener noreferrer\"><img decoding=\"async\" width=\"1024\" height=\"576\" src=\"https:\/\/invexo.com.br\/blog\/wp-content\/uploads\/2015\/04\/apartamento-espa\u00e7oso-rj-1024x576.jpg\" alt=\"apartamento-espa\u00e7oso-rj\" class=\"wp-image-23236\" srcset=\"https:\/\/invexo.com.br\/blog\/wp-content\/uploads\/2015\/04\/apartamento-espa\u00e7oso-rj-1024x576.jpg 1024w, https:\/\/invexo.com.br\/blog\/wp-content\/uploads\/2015\/04\/apartamento-espa\u00e7oso-rj-300x169.jpg 300w, https:\/\/invexo.com.br\/blog\/wp-content\/uploads\/2015\/04\/apartamento-espa\u00e7oso-rj-768x432.jpg 768w, https:\/\/invexo.com.br\/blog\/wp-content\/uploads\/2015\/04\/apartamento-espa\u00e7oso-rj-940x529.jpg 940w, https:\/\/invexo.com.br\/blog\/wp-content\/uploads\/2015\/04\/apartamento-espa\u00e7oso-rj.jpg 1280w\" sizes=\"(max-width: 1024px) 100vw, 1024px\" \/><\/a><\/figure>\n\n\n\n<p>Por outro lado, grandes unidades localizadas nessas regi\u00f5es s\u00e3o vendidas a &#8220;peso de ouro&#8221;. Na Barra da Tijuca, no Rio de Janeiro, um apartamento com 300 metros quadrados \u00e9 vendido por 6,5 milh\u00f5es de reais. Ou seja, cada metro quadrado do im\u00f3vel custa 21,66 mil reais.<\/p>\n\n\n\n<p>FONTE:&nbsp;EXAME.com.<\/p>\n\n\n\n<p>Os corretores da INVEXO podem te ajudar a comprar o im\u00f3vel dos sonhos na capital carioca. N\u00e3o perca tempo esperando! Encontre seu apartamento espa\u00e7oso com a gente.<\/p>\n\n\n\n<p>Oportunidades \u00fanicas de im\u00f3veis em S\u00e3o Conrado. Fa\u00e7a parte do nosso <strong><a href=\"https:\/\/whatsapp.com\/channel\/0029VaB0crhDZ4LfWQoKd22G\">canal exclusivo no WhatsApp<\/a><\/strong> e tenha acesso antecipado aos im\u00f3veis \u00e0 venda na regi\u00e3o.<\/p>\n\n\n<div class=\"\"><div class='_form_2'><\/div><script type='text\/javascript' src='https:\/\/invexo.activehosted.com\/f\/embed.php?static=0&id=2&69F39FCFEBC51&nostyles=0&preview=0'><\/script><\/div>\n\n\n<p>Confira incr\u00edveis <a href=\"https:\/\/luxury.invexo.com.br\/apartamento-de-luxo-no-rio-de-janeiro\/?utm_source=blog&amp;utm_medium=blocofim\" target=\"_blank\" rel=\"noreferrer noopener\">apartamentos \u00e0 venda no Rio de Janeiro<\/a> com a INVEXO, imobili\u00e1ria especializada em im\u00f3veis de luxo no Rio de Janeiro.<\/p>\n\n\n\n<figure class=\"wp-block-image size-full\"><a href=\"https:\/\/luxury.invexo.com.br\/apartamento-de-luxo-no-rio-de-janeiro\/?utm_source=blog&amp;utm_medium=blocofim\" target=\"_blank\" rel=\"noreferrer noopener\"><img decoding=\"async\" width=\"1300\" height=\"280\" src=\"https:\/\/invexo.com.br\/blog\/wp-content\/uploads\/2022\/04\/imoveis-de-luxo-no-rio-de-janeiro-rj.jpg\" alt=\"Im\u00f3veis de luxo no Rio de Janeiro.\" class=\"wp-image-26440\" srcset=\"https:\/\/invexo.com.br\/blog\/wp-content\/uploads\/2022\/04\/imoveis-de-luxo-no-rio-de-janeiro-rj.jpg 1300w, https:\/\/invexo.com.br\/blog\/wp-content\/uploads\/2022\/04\/imoveis-de-luxo-no-rio-de-janeiro-rj-300x65.jpg 300w, https:\/\/invexo.com.br\/blog\/wp-content\/uploads\/2022\/04\/imoveis-de-luxo-no-rio-de-janeiro-rj-1024x221.jpg 1024w, https:\/\/invexo.com.br\/blog\/wp-content\/uploads\/2022\/04\/imoveis-de-luxo-no-rio-de-janeiro-rj-768x165.jpg 768w, https:\/\/invexo.com.br\/blog\/wp-content\/uploads\/2022\/04\/imoveis-de-luxo-no-rio-de-janeiro-rj-940x202.jpg 940w, https:\/\/invexo.com.br\/blog\/wp-content\/uploads\/2022\/04\/imoveis-de-luxo-no-rio-de-janeiro-rj-150x32.jpg 150w\" sizes=\"(max-width: 1300px) 100vw, 1300px\" \/><\/a><\/figure>\n","protected":false},"excerpt":{"rendered":"<p>Para ter um apartamento espa\u00e7oso nas grandes cidades brasileiras, dificilmente o comprador conseguir\u00e1 desembolsar menos do que um milh\u00e3o de reais. E se al\u00e9m de espa\u00e7o, a pesquisa incluir uma boa localiza\u00e7\u00e3o \u00e9 mais prov\u00e1vel que ele precise encarar pre\u00e7os que giram em torno de alguns milh\u00f5es de reais.<\/p>\n","protected":false},"author":2,"featured_media":23235,"comment_status":"closed","ping_status":"closed","sticky":false,"template":"","format":"standard","meta":{"_acf_changed":false,"_kad_blocks_custom_css":"","_kad_blocks_head_custom_js":"","_kad_blocks_body_custom_js":"","_kad_blocks_footer_custom_js":"","_kadence_starter_templates_imported_post":false,"_kad_post_transparent":"","_kad_post_title":"","_kad_post_layout":"","_kad_post_sidebar_id":"","_kad_post_content_style":"","_kad_post_vertical_padding":"","_kad_post_feature":"","_kad_post_feature_position":"","_kad_post_header":false,"_kad_post_footer":false,"footnotes":""},"categories":[58],"tags":[],"acf":[],"yoast_head":"<!-- This site is optimized with the Yoast SEO plugin v24.1 - https:\/\/yoast.com\/wordpress\/plugins\/seo\/ -->\n<title>Apartamento espa\u00e7oso no Brasil: quanto custa morar com conforto?<\/title>\n<meta name=\"description\" content=\"Quando custa ter um apartamento espa\u00e7oso no Brasil? Levantamento analisa o valor de im\u00f3veis espa\u00e7osos em capitais do Brasil.\" \/>\n<meta name=\"robots\" content=\"index, follow, max-snippet:-1, max-image-preview:large, max-video-preview:-1\" \/>\n<link rel=\"canonical\" href=\"https:\/\/invexo.com.br\/blog\/custo-espaco\/\" \/>\n<meta property=\"og:locale\" content=\"pt_BR\" \/>\n<meta property=\"og:type\" content=\"article\" \/>\n<meta property=\"og:title\" content=\"Apartamento espa\u00e7oso no Brasil: quanto custa morar com conforto?\" \/>\n<meta property=\"og:description\" content=\"Quando custa ter um apartamento espa\u00e7oso no Brasil? Levantamento feito pelo portal VivaReal analisa o valor de im\u00f3veis espa\u00e7osos em capitais do Brasil.\" \/>\n<meta property=\"og:url\" content=\"https:\/\/invexo.com.br\/blog\/custo-espaco\/\" \/>\n<meta property=\"og:site_name\" content=\"Not\u00edcias RJ\" \/>\n<meta property=\"article:publisher\" content=\"https:\/\/facebook.com\/invexo\" \/>\n<meta property=\"article:author\" content=\"https:\/\/facebook.com\/invexo\" \/>\n<meta property=\"article:published_time\" content=\"2015-04-14T18:00:17+00:00\" \/>\n<meta property=\"article:modified_time\" content=\"2022-06-29T00:49:37+00:00\" \/>\n<meta property=\"og:image\" content=\"https:\/\/invexo.com.br\/blog\/wp-content\/uploads\/2015\/04\/apartamento-espa\u00e7oso.jpg\" \/>\n\t<meta property=\"og:image:width\" content=\"1280\" \/>\n\t<meta property=\"og:image:height\" content=\"720\" \/>\n\t<meta property=\"og:image:type\" content=\"image\/jpeg\" \/>\n<meta name=\"author\" content=\"Ronnie Possatti\" \/>\n<meta name=\"twitter:card\" content=\"summary_large_image\" \/>\n<meta name=\"twitter:creator\" content=\"@https:\/\/twitter.com\/invexoimoveis\" \/>\n<meta name=\"twitter:site\" content=\"@invexoimoveis\" \/>\n<meta name=\"twitter:label1\" content=\"Escrito por\" \/>\n\t<meta name=\"twitter:data1\" content=\"Ronnie Possatti\" \/>\n\t<meta name=\"twitter:label2\" content=\"Est. tempo de leitura\" \/>\n\t<meta name=\"twitter:data2\" content=\"2 minutos\" \/>\n<script type=\"application\/ld+json\" class=\"yoast-schema-graph\">{\"@context\":\"https:\/\/schema.org\",\"@graph\":[{\"@type\":\"Article\",\"@id\":\"https:\/\/invexo.com.br\/blog\/custo-espaco\/#article\",\"isPartOf\":{\"@id\":\"https:\/\/invexo.com.br\/blog\/custo-espaco\/\"},\"author\":{\"name\":\"Ronnie Possatti\",\"@id\":\"https:\/\/invexo.com.br\/blog\/#\/schema\/person\/36bee32f1cfacde03dc4c9622a58778d\"},\"headline\":\"Quando custa ter um apartamento espa\u00e7oso no Brasil?\",\"datePublished\":\"2015-04-14T18:00:17+00:00\",\"dateModified\":\"2022-06-29T00:49:37+00:00\",\"mainEntityOfPage\":{\"@id\":\"https:\/\/invexo.com.br\/blog\/custo-espaco\/\"},\"wordCount\":342,\"publisher\":{\"@id\":\"https:\/\/invexo.com.br\/blog\/#organization\"},\"image\":{\"@id\":\"https:\/\/invexo.com.br\/blog\/custo-espaco\/#primaryimage\"},\"thumbnailUrl\":\"https:\/\/invexo.com.br\/blog\/wp-content\/uploads\/2015\/04\/apartamento-espa\u00e7oso.jpg\",\"articleSection\":[\"Not\u00edcias\"],\"inLanguage\":\"pt-BR\"},{\"@type\":\"WebPage\",\"@id\":\"https:\/\/invexo.com.br\/blog\/custo-espaco\/\",\"url\":\"https:\/\/invexo.com.br\/blog\/custo-espaco\/\",\"name\":\"Apartamento espa\u00e7oso no Brasil: quanto custa morar com conforto?\",\"isPartOf\":{\"@id\":\"https:\/\/invexo.com.br\/blog\/#website\"},\"primaryImageOfPage\":{\"@id\":\"https:\/\/invexo.com.br\/blog\/custo-espaco\/#primaryimage\"},\"image\":{\"@id\":\"https:\/\/invexo.com.br\/blog\/custo-espaco\/#primaryimage\"},\"thumbnailUrl\":\"https:\/\/invexo.com.br\/blog\/wp-content\/uploads\/2015\/04\/apartamento-espa\u00e7oso.jpg\",\"datePublished\":\"2015-04-14T18:00:17+00:00\",\"dateModified\":\"2022-06-29T00:49:37+00:00\",\"description\":\"Quando custa ter um apartamento espa\u00e7oso no Brasil? Levantamento analisa o valor de im\u00f3veis espa\u00e7osos em capitais do Brasil.\",\"breadcrumb\":{\"@id\":\"https:\/\/invexo.com.br\/blog\/custo-espaco\/#breadcrumb\"},\"inLanguage\":\"pt-BR\",\"potentialAction\":[{\"@type\":\"ReadAction\",\"target\":[\"https:\/\/invexo.com.br\/blog\/custo-espaco\/\"]}]},{\"@type\":\"ImageObject\",\"inLanguage\":\"pt-BR\",\"@id\":\"https:\/\/invexo.com.br\/blog\/custo-espaco\/#primaryimage\",\"url\":\"https:\/\/invexo.com.br\/blog\/wp-content\/uploads\/2015\/04\/apartamento-espa\u00e7oso.jpg\",\"contentUrl\":\"https:\/\/invexo.com.br\/blog\/wp-content\/uploads\/2015\/04\/apartamento-espa\u00e7oso.jpg\",\"width\":1280,\"height\":720,\"caption\":\"Localiza\u00e7\u00e3o, pre\u00e7o por metro quadrado, constru\u00e7\u00e3o\"},{\"@type\":\"BreadcrumbList\",\"@id\":\"https:\/\/invexo.com.br\/blog\/custo-espaco\/#breadcrumb\",\"itemListElement\":[{\"@type\":\"ListItem\",\"position\":1,\"name\":\"Blog\",\"item\":\"https:\/\/invexo.com.br\/blog\/\"},{\"@type\":\"ListItem\",\"position\":2,\"name\":\"Not\u00edcias\",\"item\":\"https:\/\/invexo.com.br\/blog\/categoria\/noticias\/\"},{\"@type\":\"ListItem\",\"position\":3,\"name\":\"Quando custa ter um apartamento espa\u00e7oso no Brasil?\"}]},{\"@type\":\"WebSite\",\"@id\":\"https:\/\/invexo.com.br\/blog\/#website\",\"url\":\"https:\/\/invexo.com.br\/blog\/\",\"name\":\"Not\u00edcias RJ\",\"description\":\"Not\u00edcias sobre im\u00f3veis, financiamento, mercado imobili\u00e1rio do Rio de Janeiro. Informa\u00e7\u00f5es sobre Bairros, Condom\u00ednios e Regi\u00e3o do Rio de Janeiro.\",\"publisher\":{\"@id\":\"https:\/\/invexo.com.br\/blog\/#organization\"},\"potentialAction\":[{\"@type\":\"SearchAction\",\"target\":{\"@type\":\"EntryPoint\",\"urlTemplate\":\"https:\/\/invexo.com.br\/blog\/?s={search_term_string}\"},\"query-input\":{\"@type\":\"PropertyValueSpecification\",\"valueRequired\":true,\"valueName\":\"search_term_string\"}}],\"inLanguage\":\"pt-BR\"},{\"@type\":\"Organization\",\"@id\":\"https:\/\/invexo.com.br\/blog\/#organization\",\"name\":\"INVEXO Imobili\u00e1ria\",\"url\":\"https:\/\/invexo.com.br\/blog\/\",\"logo\":{\"@type\":\"ImageObject\",\"inLanguage\":\"pt-BR\",\"@id\":\"https:\/\/invexo.com.br\/blog\/#\/schema\/logo\/image\/\",\"url\":\"https:\/\/invexo.com.br\/blog\/wp-content\/uploads\/2018\/09\/invexo-80-melhor.png\",\"contentUrl\":\"https:\/\/invexo.com.br\/blog\/wp-content\/uploads\/2018\/09\/invexo-80-melhor.png\",\"width\":247,\"height\":80,\"caption\":\"INVEXO Imobili\u00e1ria\"},\"image\":{\"@id\":\"https:\/\/invexo.com.br\/blog\/#\/schema\/logo\/image\/\"},\"sameAs\":[\"https:\/\/facebook.com\/invexo\",\"https:\/\/x.com\/invexoimoveis\"]},{\"@type\":\"Person\",\"@id\":\"https:\/\/invexo.com.br\/blog\/#\/schema\/person\/36bee32f1cfacde03dc4c9622a58778d\",\"name\":\"Ronnie Possatti\",\"image\":{\"@type\":\"ImageObject\",\"inLanguage\":\"pt-BR\",\"@id\":\"https:\/\/invexo.com.br\/blog\/#\/schema\/person\/image\/\",\"url\":\"https:\/\/secure.gravatar.com\/avatar\/51a6cdcc215551235c39affb853f1e38?s=96&d=blank&r=g\",\"contentUrl\":\"https:\/\/secure.gravatar.com\/avatar\/51a6cdcc215551235c39affb853f1e38?s=96&d=blank&r=g\",\"caption\":\"Ronnie Possatti\"},\"description\":\"Equipe de especialistas que traz para seus leitores conte\u00fados relevantes e de qualidade sobre bairros, condom\u00ednios, lan\u00e7amentos e not\u00edcias imobili\u00e1rias no Rio de Janeiro.\",\"sameAs\":[\"https:\/\/facebook.com\/invexo\",\"https:\/\/instagram.com\/invexo\",\"https:\/\/x.com\/https:\/\/twitter.com\/invexoimoveis\"],\"url\":\"https:\/\/invexo.com.br\/blog\/author\/invexo\/\"}]}<\/script>\n<!-- \/ Yoast SEO plugin. -->","yoast_head_json":{"title":"Apartamento espa\u00e7oso no Brasil: quanto custa morar com conforto?","description":"Quando custa ter um apartamento espa\u00e7oso no Brasil? Levantamento analisa o valor de im\u00f3veis espa\u00e7osos em capitais do Brasil.","robots":{"index":"index","follow":"follow","max-snippet":"max-snippet:-1","max-image-preview":"max-image-preview:large","max-video-preview":"max-video-preview:-1"},"canonical":"https:\/\/invexo.com.br\/blog\/custo-espaco\/","og_locale":"pt_BR","og_type":"article","og_title":"Apartamento espa\u00e7oso no Brasil: quanto custa morar com conforto?","og_description":"Quando custa ter um apartamento espa\u00e7oso no Brasil? Levantamento feito pelo portal VivaReal analisa o valor de im\u00f3veis espa\u00e7osos em capitais do Brasil.","og_url":"https:\/\/invexo.com.br\/blog\/custo-espaco\/","og_site_name":"Not\u00edcias RJ","article_publisher":"https:\/\/facebook.com\/invexo","article_author":"https:\/\/facebook.com\/invexo","article_published_time":"2015-04-14T18:00:17+00:00","article_modified_time":"2022-06-29T00:49:37+00:00","og_image":[{"width":1280,"height":720,"url":"https:\/\/invexo.com.br\/blog\/wp-content\/uploads\/2015\/04\/apartamento-espa\u00e7oso.jpg","type":"image\/jpeg"}],"author":"Ronnie Possatti","twitter_card":"summary_large_image","twitter_creator":"@https:\/\/twitter.com\/invexoimoveis","twitter_site":"@invexoimoveis","twitter_misc":{"Escrito por":"Ronnie Possatti","Est. tempo de leitura":"2 minutos"},"schema":{"@context":"https:\/\/schema.org","@graph":[{"@type":"Article","@id":"https:\/\/invexo.com.br\/blog\/custo-espaco\/#article","isPartOf":{"@id":"https:\/\/invexo.com.br\/blog\/custo-espaco\/"},"author":{"name":"Ronnie Possatti","@id":"https:\/\/invexo.com.br\/blog\/#\/schema\/person\/36bee32f1cfacde03dc4c9622a58778d"},"headline":"Quando custa ter um apartamento espa\u00e7oso no Brasil?","datePublished":"2015-04-14T18:00:17+00:00","dateModified":"2022-06-29T00:49:37+00:00","mainEntityOfPage":{"@id":"https:\/\/invexo.com.br\/blog\/custo-espaco\/"},"wordCount":342,"publisher":{"@id":"https:\/\/invexo.com.br\/blog\/#organization"},"image":{"@id":"https:\/\/invexo.com.br\/blog\/custo-espaco\/#primaryimage"},"thumbnailUrl":"https:\/\/invexo.com.br\/blog\/wp-content\/uploads\/2015\/04\/apartamento-espa\u00e7oso.jpg","articleSection":["Not\u00edcias"],"inLanguage":"pt-BR"},{"@type":"WebPage","@id":"https:\/\/invexo.com.br\/blog\/custo-espaco\/","url":"https:\/\/invexo.com.br\/blog\/custo-espaco\/","name":"Apartamento espa\u00e7oso no Brasil: quanto custa morar com conforto?","isPartOf":{"@id":"https:\/\/invexo.com.br\/blog\/#website"},"primaryImageOfPage":{"@id":"https:\/\/invexo.com.br\/blog\/custo-espaco\/#primaryimage"},"image":{"@id":"https:\/\/invexo.com.br\/blog\/custo-espaco\/#primaryimage"},"thumbnailUrl":"https:\/\/invexo.com.br\/blog\/wp-content\/uploads\/2015\/04\/apartamento-espa\u00e7oso.jpg","datePublished":"2015-04-14T18:00:17+00:00","dateModified":"2022-06-29T00:49:37+00:00","description":"Quando custa ter um apartamento espa\u00e7oso no Brasil? Levantamento analisa o valor de im\u00f3veis espa\u00e7osos em capitais do Brasil.","breadcrumb":{"@id":"https:\/\/invexo.com.br\/blog\/custo-espaco\/#breadcrumb"},"inLanguage":"pt-BR","potentialAction":[{"@type":"ReadAction","target":["https:\/\/invexo.com.br\/blog\/custo-espaco\/"]}]},{"@type":"ImageObject","inLanguage":"pt-BR","@id":"https:\/\/invexo.com.br\/blog\/custo-espaco\/#primaryimage","url":"https:\/\/invexo.com.br\/blog\/wp-content\/uploads\/2015\/04\/apartamento-espa\u00e7oso.jpg","contentUrl":"https:\/\/invexo.com.br\/blog\/wp-content\/uploads\/2015\/04\/apartamento-espa\u00e7oso.jpg","width":1280,"height":720,"caption":"Localiza\u00e7\u00e3o, pre\u00e7o por metro quadrado, constru\u00e7\u00e3o"},{"@type":"BreadcrumbList","@id":"https:\/\/invexo.com.br\/blog\/custo-espaco\/#breadcrumb","itemListElement":[{"@type":"ListItem","position":1,"name":"Blog","item":"https:\/\/invexo.com.br\/blog\/"},{"@type":"ListItem","position":2,"name":"Not\u00edcias","item":"https:\/\/invexo.com.br\/blog\/categoria\/noticias\/"},{"@type":"ListItem","position":3,"name":"Quando custa ter um apartamento espa\u00e7oso no Brasil?"}]},{"@type":"WebSite","@id":"https:\/\/invexo.com.br\/blog\/#website","url":"https:\/\/invexo.com.br\/blog\/","name":"Not\u00edcias RJ","description":"Not\u00edcias sobre im\u00f3veis, financiamento, mercado imobili\u00e1rio do Rio de Janeiro. Informa\u00e7\u00f5es sobre Bairros, Condom\u00ednios e Regi\u00e3o do Rio de Janeiro.","publisher":{"@id":"https:\/\/invexo.com.br\/blog\/#organization"},"potentialAction":[{"@type":"SearchAction","target":{"@type":"EntryPoint","urlTemplate":"https:\/\/invexo.com.br\/blog\/?s={search_term_string}"},"query-input":{"@type":"PropertyValueSpecification","valueRequired":true,"valueName":"search_term_string"}}],"inLanguage":"pt-BR"},{"@type":"Organization","@id":"https:\/\/invexo.com.br\/blog\/#organization","name":"INVEXO Imobili\u00e1ria","url":"https:\/\/invexo.com.br\/blog\/","logo":{"@type":"ImageObject","inLanguage":"pt-BR","@id":"https:\/\/invexo.com.br\/blog\/#\/schema\/logo\/image\/","url":"https:\/\/invexo.com.br\/blog\/wp-content\/uploads\/2018\/09\/invexo-80-melhor.png","contentUrl":"https:\/\/invexo.com.br\/blog\/wp-content\/uploads\/2018\/09\/invexo-80-melhor.png","width":247,"height":80,"caption":"INVEXO Imobili\u00e1ria"},"image":{"@id":"https:\/\/invexo.com.br\/blog\/#\/schema\/logo\/image\/"},"sameAs":["https:\/\/facebook.com\/invexo","https:\/\/x.com\/invexoimoveis"]},{"@type":"Person","@id":"https:\/\/invexo.com.br\/blog\/#\/schema\/person\/36bee32f1cfacde03dc4c9622a58778d","name":"Ronnie Possatti","image":{"@type":"ImageObject","inLanguage":"pt-BR","@id":"https:\/\/invexo.com.br\/blog\/#\/schema\/person\/image\/","url":"https:\/\/secure.gravatar.com\/avatar\/51a6cdcc215551235c39affb853f1e38?s=96&d=blank&r=g","contentUrl":"https:\/\/secure.gravatar.com\/avatar\/51a6cdcc215551235c39affb853f1e38?s=96&d=blank&r=g","caption":"Ronnie Possatti"},"description":"Equipe de especialistas que traz para seus leitores conte\u00fados relevantes e de qualidade sobre bairros, condom\u00ednios, lan\u00e7amentos e not\u00edcias imobili\u00e1rias no Rio de Janeiro.","sameAs":["https:\/\/facebook.com\/invexo","https:\/\/instagram.com\/invexo","https:\/\/x.com\/https:\/\/twitter.com\/invexoimoveis"],"url":"https:\/\/invexo.com.br\/blog\/author\/invexo\/"}]}},"taxonomy_info":{"category":[{"value":58,"label":"Not\u00edcias"}]},"featured_image_src_large":["https:\/\/invexo.com.br\/blog\/wp-content\/uploads\/2015\/04\/apartamento-espa\u00e7oso-1024x576.jpg",1024,576,true],"author_info":{"display_name":"Ronnie Possatti","author_link":"https:\/\/invexo.com.br\/blog\/author\/invexo\/"},"comment_info":0,"category_info":[{"term_id":58,"name":"Not\u00edcias","slug":"noticias","term_group":0,"term_taxonomy_id":58,"taxonomy":"category","description":"","parent":0,"count":35,"filter":"raw","cat_ID":58,"category_count":35,"category_description":"","cat_name":"Not\u00edcias","category_nicename":"noticias","category_parent":0}],"tag_info":false,"_links":{"self":[{"href":"https:\/\/invexo.com.br\/blog\/wp-json\/wp\/v2\/posts\/423"}],"collection":[{"href":"https:\/\/invexo.com.br\/blog\/wp-json\/wp\/v2\/posts"}],"about":[{"href":"https:\/\/invexo.com.br\/blog\/wp-json\/wp\/v2\/types\/post"}],"author":[{"embeddable":true,"href":"https:\/\/invexo.com.br\/blog\/wp-json\/wp\/v2\/users\/2"}],"replies":[{"embeddable":true,"href":"https:\/\/invexo.com.br\/blog\/wp-json\/wp\/v2\/comments?post=423"}],"version-history":[{"count":1,"href":"https:\/\/invexo.com.br\/blog\/wp-json\/wp\/v2\/posts\/423\/revisions"}],"predecessor-version":[{"id":28008,"href":"https:\/\/invexo.com.br\/blog\/wp-json\/wp\/v2\/posts\/423\/revisions\/28008"}],"wp:featuredmedia":[{"embeddable":true,"href":"https:\/\/invexo.com.br\/blog\/wp-json\/wp\/v2\/media\/23235"}],"wp:attachment":[{"href":"https:\/\/invexo.com.br\/blog\/wp-json\/wp\/v2\/media?parent=423"}],"wp:term":[{"taxonomy":"category","embeddable":true,"href":"https:\/\/invexo.com.br\/blog\/wp-json\/wp\/v2\/categories?post=423"},{"taxonomy":"post_tag","embeddable":true,"href":"https:\/\/invexo.com.br\/blog\/wp-json\/wp\/v2\/tags?post=423"}],"curies":[{"name":"wp","href":"https:\/\/api.w.org\/{rel}","templated":true}]}}