{"id":39411,"date":"2023-07-17T17:00:00","date_gmt":"2023-07-17T20:00:00","guid":{"rendered":"https:\/\/invexo.com.br\/blog\/?p=39411"},"modified":"2023-09-28T16:14:29","modified_gmt":"2023-09-28T19:14:29","slug":"padarias-zona-sul-rj","status":"publish","type":"post","link":"https:\/\/invexo.com.br\/blog\/padarias-zona-sul-rj\/","title":{"rendered":"Todas as padarias da Zona Sul RJ"},"content":{"rendered":"\n<p>Certamente, o polo gastron\u00f4mico carioca \u00e9 aut\u00eantico e re\u00fane estabelecimentos para todos os gostos. Se voc\u00ea est\u00e1 em busca de um caf\u00e9 quentinho, com p\u00e3es frescos e outras del\u00edcias de caf\u00e9 da manh\u00e3, que tal conhecer algumas op\u00e7\u00f5es de padarias na <a href=\"https:\/\/luxury.invexo.com.br\/imoveis-zona-sul-rio-de-janeiro-rj\/\" target=\"_blank\" rel=\"noreferrer noopener\">Zona Sul RJ<\/a>?<\/p>\n\n\n\n<p>H\u00e1 estabelecimentos reconhecidos por usar t\u00e9cnicas de panifica\u00e7\u00e3o inovadoras na capital carioca. E, se voc\u00ea incluir em seu roteiro tur\u00edstico conhecer algumas padarias locais, poder\u00e1 desfrutar de uma experi\u00eancia gastron\u00f4mica de alto n\u00edvel.<\/p>\n\n\n\n<!--more-->\n\n\n\n<p>Por isso, separamos algumas padarias encantadoras com unidades em todos os bairros da Zona Sul. Elas oferecem ricos card\u00e1pios com massas, doces e, principalmente, p\u00e3es artesanais. Os produtos s\u00e3o elaborados com t\u00e9cnicas avan\u00e7adas, ingredientes de alta qualidade e gr\u00e3os nobres.<\/p>\n\n\n\n<p>Assim, independentemente do local que voc\u00ea e sua fam\u00edlia estejam visitando, voc\u00eas poder\u00e3o fazer uma pausa e saborear um delicioso caf\u00e9 da manh\u00e3 ou da tarde. <\/p>\n\n\n\n<p>Inclusive, os estabelecimentos encontram-se localizados pr\u00f3ximos de hot\u00e9is e de \u00e1reas residenciais nobres. Assim, tanto visitantes como moradores podem aproveitar o acesso facilitado a excelentes padarias cariocas. <\/p>\n\n\n\n<p>Os <a rel=\"noreferrer noopener\" href=\"https:\/\/luxury.invexo.com.br\/imoveis-zona-sul-rio-de-janeiro-rj\/?utm_source=blog&amp;utm_medium=blocomeio\" target=\"_blank\">im\u00f3veis da Zona Sul do Rio de Janeiro<\/a> s\u00e3o a melhor op\u00e7\u00e3o para quem busca por sofistica\u00e7\u00e3o e qualidade de vida. Comprar um im\u00f3vel no Leblon, em Ipanema, na Lagoa, em Copacabana, em Botafogo e nos demais bairros da regi\u00e3o \u00e9 a garantia de viver em condom\u00ednios cheios de comodidades e de estar perto de tudo o que \u00e9 essencial para um cotidiano mais pr\u00e1tico.\u00a0<\/p>\n\n\n<div class=\"\"><div class='_form_2'><\/div><script type='text\/javascript' src='https:\/\/invexo.activehosted.com\/f\/embed.php?static=0&id=2&69EF34487BA9F&nostyles=0&preview=0'><\/script><\/div>\n\n\n<figure class=\"wp-block-image size-full\"><a href=\"https:\/\/luxury.invexo.com.br\/imoveis-zona-sul-rio-de-janeiro-rj\/?utm_source=blog&amp;utm_medium=blocomeio\" target=\"_blank\" rel=\"noreferrer noopener\"><img decoding=\"async\" width=\"1300\" height=\"280\" src=\"https:\/\/invexo.com.br\/blog\/wp-content\/uploads\/2023\/06\/os-melhores-imoveis-de-luxo-a-venda-em-zona-sul-rio-de-janeiro.jpg\" alt=\"Im\u00f3veis de luxo na Zona Sul do Rio de Janeiro\" class=\"wp-image-39174\" srcset=\"https:\/\/invexo.com.br\/blog\/wp-content\/uploads\/2023\/06\/os-melhores-imoveis-de-luxo-a-venda-em-zona-sul-rio-de-janeiro.jpg 1300w, https:\/\/invexo.com.br\/blog\/wp-content\/uploads\/2023\/06\/os-melhores-imoveis-de-luxo-a-venda-em-zona-sul-rio-de-janeiro-300x65.jpg 300w, https:\/\/invexo.com.br\/blog\/wp-content\/uploads\/2023\/06\/os-melhores-imoveis-de-luxo-a-venda-em-zona-sul-rio-de-janeiro-1024x221.jpg 1024w, https:\/\/invexo.com.br\/blog\/wp-content\/uploads\/2023\/06\/os-melhores-imoveis-de-luxo-a-venda-em-zona-sul-rio-de-janeiro-768x165.jpg 768w, https:\/\/invexo.com.br\/blog\/wp-content\/uploads\/2023\/06\/os-melhores-imoveis-de-luxo-a-venda-em-zona-sul-rio-de-janeiro-150x32.jpg 150w\" sizes=\"(max-width: 1300px) 100vw, 1300px\" \/><\/a><\/figure>\n\n\n\n<h2 class=\"wp-block-heading\">Talho Capixaba Leblon<\/h2>\n\n\n\n<p>O <a href=\"https:\/\/invexo.com.br\/blog\/talho-capixaba-leblon\/\" target=\"_blank\" rel=\"noreferrer noopener\">Talho Capixaba Leblon<\/a> \u00e9 uma das padarias que est\u00e3o entre as preferidas dos moradores do Leblon, na Zona Sul RJ. O estabelecimento \u00e9 bem decorado, de forma a esbanjar modernidade e conforto, com mesas dispostas em \u00e1rea interna e externa. <\/p>\n\n\n\n<figure class=\"wp-block-image size-full\"><a href=\"https:\/\/www.talhocapixaba.com.br\/\" target=\"_blank\" rel=\"noreferrer noopener\"><img decoding=\"async\" width=\"1280\" height=\"720\" src=\"https:\/\/invexo.com.br\/blog\/wp-content\/uploads\/2020\/03\/padaria-leblon-talho-capixaba-rio-de-janeiro.jpg\" alt=\"Padaria Leblon Talho Capixaba Rio de Janeiro\" class=\"wp-image-40505\" srcset=\"https:\/\/invexo.com.br\/blog\/wp-content\/uploads\/2020\/03\/padaria-leblon-talho-capixaba-rio-de-janeiro.jpg 1280w, https:\/\/invexo.com.br\/blog\/wp-content\/uploads\/2020\/03\/padaria-leblon-talho-capixaba-rio-de-janeiro-300x169.jpg 300w, https:\/\/invexo.com.br\/blog\/wp-content\/uploads\/2020\/03\/padaria-leblon-talho-capixaba-rio-de-janeiro-1024x576.jpg 1024w, https:\/\/invexo.com.br\/blog\/wp-content\/uploads\/2020\/03\/padaria-leblon-talho-capixaba-rio-de-janeiro-768x432.jpg 768w, https:\/\/invexo.com.br\/blog\/wp-content\/uploads\/2020\/03\/padaria-leblon-talho-capixaba-rio-de-janeiro-150x84.jpg 150w\" sizes=\"(max-width: 1280px) 100vw, 1280px\" \/><\/a><\/figure>\n\n\n\n<p>Fundada em 1958 por uma aut\u00eantica fam\u00edlia de portugueses, a padaria \u00e9 conhecida por aplicar as melhores t\u00e9cnicas de panifica\u00e7\u00e3o famosas na Fran\u00e7a e em Portugal. Assim, os produtos s\u00e3o elaborados de forma artesanal com ingredientes nobres e longa fermenta\u00e7\u00e3o.<\/p>\n\n\n\n<p>Inclusive, o Talho Capixaba j\u00e1 foi agraciado com o pr\u00eamio de melhor delicatessen, pela Revista Veja Rio, e de Melhor Caf\u00e9 da Manh\u00e3, pela \u00c9poca Rio de Janeiro. O estabelecimento oferece uma variedade de queijos e embutidos, al\u00e9m de possuir um card\u00e1pio repleto de p\u00e3es, salgados, doces, bolos, sandu\u00edches e muito mais. <\/p>\n\n\n\n<p><strong>Endere\u00e7o<\/strong>: Avenida Ataulfo de Paiva, 1022, Leblon, Rio de Janeiro.<br><strong>Hor\u00e1rio de funcionamento<\/strong>: Todos os dias, das 07h \u00e0s 22h.<\/p>\n\n\n\n<h2 class=\"wp-block-heading\">Nema Ipanema<\/h2>\n\n\n\n<p>A <a href=\"https:\/\/invexo.com.br\/blog\/nema-ipanema\/\" target=\"_blank\" rel=\"noreferrer noopener\">Nema Ipanema<\/a> \u00e9 uma encantadora padaria em Ipanema, conhecida por seu sofisticado ambiente clean. O grande diferencial do estabelecimento est\u00e1 em seu card\u00e1pio que re\u00fane o que h\u00e1 de melhor nos ramos de padaria e pizzaria. <\/p>\n\n\n\n<figure class=\"wp-block-embed aligncenter is-type-video is-provider-youtube wp-block-embed-youtube wp-embed-aspect-16-9 wp-has-aspect-ratio\"><div class=\"wp-block-embed__wrapper\">\n<iframe title=\"PADARIA NEMA - CONHE\u00c7A NOSSOS FUNDADORES\" width=\"720\" height=\"405\" src=\"https:\/\/www.youtube.com\/embed\/qcdNz1igxVE?feature=oembed\" frameborder=\"0\" allow=\"accelerometer; autoplay; clipboard-write; encrypted-media; gyroscope; picture-in-picture; web-share\" allowfullscreen><\/iframe>\n<\/div><\/figure>\n\n\n\n<p>No local, os clientes t\u00eam acesso a um amplo leque de produtos de alt\u00edssima qualidade, feitos na hora e com ingredientes selecionados. Seu menu diferenciado apresenta op\u00e7\u00f5es saborosas de p\u00e3es, bolos, doces, lanches, queijos nobres e itens de mercearia. E, claro, h\u00e1 espa\u00e7o em seu card\u00e1pio para pizzas de sabores tradicionais e especiais, produzidas com farinha italiana. <\/p>\n\n\n\n<figure class=\"wp-block-image size-full\"><a href=\"https:\/\/nemapadaria.com.br\/\" target=\"_blank\" rel=\"noreferrer noopener\"><img decoding=\"async\" width=\"1280\" height=\"720\" src=\"https:\/\/invexo.com.br\/blog\/wp-content\/uploads\/2020\/08\/fachada-nema-ipanema-rio-de-janeiro.jpg\" alt=\"Nema Ipanema Rio de Janeiro\" class=\"wp-image-40630\" srcset=\"https:\/\/invexo.com.br\/blog\/wp-content\/uploads\/2020\/08\/fachada-nema-ipanema-rio-de-janeiro.jpg 1280w, https:\/\/invexo.com.br\/blog\/wp-content\/uploads\/2020\/08\/fachada-nema-ipanema-rio-de-janeiro-300x169.jpg 300w, https:\/\/invexo.com.br\/blog\/wp-content\/uploads\/2020\/08\/fachada-nema-ipanema-rio-de-janeiro-1024x576.jpg 1024w, https:\/\/invexo.com.br\/blog\/wp-content\/uploads\/2020\/08\/fachada-nema-ipanema-rio-de-janeiro-768x432.jpg 768w, https:\/\/invexo.com.br\/blog\/wp-content\/uploads\/2020\/08\/fachada-nema-ipanema-rio-de-janeiro-150x84.jpg 150w\" sizes=\"(max-width: 1280px) 100vw, 1280px\" \/><\/a><\/figure>\n\n\n\n<p><strong>Endere\u00e7o<\/strong>: Rua Visconde de Piraj\u00e1, 595, Ipanema, Rio de Janeiro.<br><strong>Hor\u00e1rio de funcionamento<\/strong>: Todos os dias, das 07h \u00e0s 22h.<\/p>\n\n\n\n<h2 class=\"wp-block-heading\">Padaria Artesanal Sacop\u00e3o<\/h2>\n\n\n\n<p>A padaria artesanal <a href=\"https:\/\/www.instagram.com\/sacopao\/\" target=\"_blank\" rel=\"noreferrer noopener\">Sacop\u00e3o<\/a> surge na Lagoa com o diferencial de oferecer um menu completo de produtos elaborados com fermenta\u00e7\u00e3o natural e lenta, sem conservantes ou aditivos. Com especialidade em p\u00e3es, o estabelecimento apresenta massas saborosas e com ingredientes de alt\u00edssima qualidade.<\/p>\n\n\n\n<p>Inclusive, em seu menu h\u00e1 uma se\u00e7\u00e3o para os p\u00e3es especiais feitos artesanalmente. Al\u00e9m disso, \u00e9 poss\u00edvel encontrar op\u00e7\u00f5es de iguarias para caf\u00e9 da manh\u00e3 ou da tarde que agradam a todas as prefer\u00eancias.<\/p>\n\n\n\n<figure class=\"wp-block-embed aligncenter is-type-rich is-provider-instagram wp-block-embed-instagram\"><div class=\"wp-block-embed__wrapper\">\nhttps:\/\/www.instagram.com\/p\/CH0p1HGnv9B\/\n<\/div><\/figure>\n\n\n\n<p>O espa\u00e7o tamb\u00e9m \u00e9 conhecido por seus saborosos Smash Burguers e por suas batatas artesanais elaboradas com temperos da casa. Por l\u00e1 tamb\u00e9m est\u00e3o dispon\u00edveis sucos naturais e op\u00e7\u00f5es de caf\u00e9s singulares para acompanhar as refei\u00e7\u00f5es.<\/p>\n\n\n\n<p><strong>Endere\u00e7o<\/strong>: Rua Vit\u00f3ria R\u00e9gia, 738, Lagoa, Rio de Janeiro.<br><strong>Hor\u00e1rio de funcionamento<\/strong>: Todos os dias, das 09h \u00e0s 02h.<\/p>\n\n\n\n<h2 class=\"wp-block-heading\">Le D\u00e9panneur Botafogo<\/h2>\n\n\n\n<p>O <a href=\"https:\/\/ledep.com.br\/\" target=\"_blank\" rel=\"noreferrer noopener\">Le D\u00e9panneur<\/a> \u00e9 um estabelecimento que une cafeteria, padaria gourmet, bistr\u00f4 e delicatessen, apresentando aos clientes o melhor de cada tipo gastron\u00f4mico. Seu espa\u00e7o \u00e9 elegante, totalmente inspirado nas graciosas lojas das regi\u00f5es francesas do Canad\u00e1. H\u00e1 mesas e cadeiras bem dispostas na padaria, para os que desejam sentar, curtir o clima local e saborear a boa comida. <\/p>\n\n\n\n<p>&#8220;Maravilhosa! Tem muita variedade de pratos e todos s\u00e3o muito gostosos, bem preparados. O atendimento tamb\u00e9m \u00e9 \u00f3timo e pre\u00e7o muito justo. Destaque para o croissant de nutella que \u00e9 surreal de bom. Uma das melhores padarias que j\u00e1 frequentei!&#8221; (https:\/\/g.co\/kgs\/eUTrDi)<\/p>\n\n\n\n<figure class=\"wp-block-image size-full\"><a href=\"https:\/\/ledep.com.br\/\" target=\"_blank\" rel=\"noreferrer noopener\"><img decoding=\"async\" width=\"1280\" height=\"720\" src=\"https:\/\/invexo.com.br\/blog\/wp-content\/uploads\/2023\/06\/le-depanneur-botafogo-padarias-zona-sul-rio-de-janeiro.jpg\" alt=\"Le D\u00e9panneur Botafogo Padarias Zona Sul Rio de Janeiro\" class=\"wp-image-39610\" srcset=\"https:\/\/invexo.com.br\/blog\/wp-content\/uploads\/2023\/06\/le-depanneur-botafogo-padarias-zona-sul-rio-de-janeiro.jpg 1280w, https:\/\/invexo.com.br\/blog\/wp-content\/uploads\/2023\/06\/le-depanneur-botafogo-padarias-zona-sul-rio-de-janeiro-300x169.jpg 300w, https:\/\/invexo.com.br\/blog\/wp-content\/uploads\/2023\/06\/le-depanneur-botafogo-padarias-zona-sul-rio-de-janeiro-1024x576.jpg 1024w, https:\/\/invexo.com.br\/blog\/wp-content\/uploads\/2023\/06\/le-depanneur-botafogo-padarias-zona-sul-rio-de-janeiro-768x432.jpg 768w, https:\/\/invexo.com.br\/blog\/wp-content\/uploads\/2023\/06\/le-depanneur-botafogo-padarias-zona-sul-rio-de-janeiro-150x84.jpg 150w\" sizes=\"(max-width: 1280px) 100vw, 1280px\" \/><\/a><\/figure>\n\n\n\n<p>O menu conta com uma se\u00e7\u00e3o especial para caf\u00e9s de todos os tipos e para todos os paladares. Al\u00e9m disso, uma infinidade de op\u00e7\u00f5es de sandu\u00edches, doces, bolos, tortas e muito mais marcam presen\u00e7a no card\u00e1pio. <\/p>\n\n\n\n<p><strong>Endere\u00e7o<\/strong>: Rua Volunt\u00e1rios da P\u00e1tria, 86, Botafogo, Rio de Janeiro.<br><strong>Hor\u00e1rio de funcionamento<\/strong>: Todos os dias, das 07h \u00e0s 22h.<\/p>\n\n\n\n<h2 class=\"wp-block-heading\">Talho Caf\u00e9 Padaria G\u00e1vea<\/h2>\n\n\n\n<p>Uma das padarias preferidas dos moradores da G\u00e1vea, na Zona Sul RJ, \u00e9 o <a href=\"https:\/\/www.talhocafe.com.br\/\" target=\"_blank\" rel=\"noreferrer noopener\">Talho Caf\u00e9<\/a>. O estabelecimento esbanja um ambiente interno muito moderno e um clima agrad\u00e1vel para se sentar, beber um bom caf\u00e9 e experimentar as iguarias locais. <\/p>\n\n\n\n<figure class=\"wp-block-embed aligncenter is-type-rich is-provider-instagram wp-block-embed-instagram\"><div class=\"wp-block-embed__wrapper\">\nhttps:\/\/www.instagram.com\/p\/Csd_F4Mtw0y\/\n<\/div><\/figure>\n\n\n\n<p>As op\u00e7\u00f5es do menu s\u00e3o direcionadas para caf\u00e9 da manh\u00e3, da tarde e lanches. H\u00e1 p\u00e3es especiais e tradicionais, bolos, past\u00e9is, sandu\u00edches, doces e muito mais. Inclusive, o Talho Caf\u00e9 conta com um grande diferencial: pizzas quentinhas a qualquer hora do dia. Os sabores presentes no card\u00e1pio v\u00e3o desde pizzas tradicionais at\u00e9 recheios exclusivos. <\/p>\n\n\n\n<figure class=\"wp-block-image size-full\"><a href=\"https:\/\/www.talhocafe.com.br\/\" target=\"_blank\" rel=\"noreferrer noopener\"><img decoding=\"async\" width=\"1280\" height=\"720\" src=\"https:\/\/invexo.com.br\/blog\/wp-content\/uploads\/2023\/01\/padaria-gavea-talho-cafe-rio-de-janeiro.jpg\" alt=\"Padaria G\u00e1vea Talho Caf\u00e9 Rio de Janeiro\" class=\"wp-image-41026\" srcset=\"https:\/\/invexo.com.br\/blog\/wp-content\/uploads\/2023\/01\/padaria-gavea-talho-cafe-rio-de-janeiro.jpg 1280w, https:\/\/invexo.com.br\/blog\/wp-content\/uploads\/2023\/01\/padaria-gavea-talho-cafe-rio-de-janeiro-300x169.jpg 300w, https:\/\/invexo.com.br\/blog\/wp-content\/uploads\/2023\/01\/padaria-gavea-talho-cafe-rio-de-janeiro-1024x576.jpg 1024w, https:\/\/invexo.com.br\/blog\/wp-content\/uploads\/2023\/01\/padaria-gavea-talho-cafe-rio-de-janeiro-768x432.jpg 768w, https:\/\/invexo.com.br\/blog\/wp-content\/uploads\/2023\/01\/padaria-gavea-talho-cafe-rio-de-janeiro-150x84.jpg 150w\" sizes=\"(max-width: 1280px) 100vw, 1280px\" \/><\/a><\/figure>\n\n\n\n<p><strong>Endere\u00e7o<\/strong>: Rua Marqu\u00eas de S\u00e3o Vicente, 10, Loja E, G\u00e1vea, Rio de Janeiro.<br><strong>Hor\u00e1rio de funcionamento<\/strong>: Todos os dias, das 07h \u00e0s 22h.<\/p>\n\n\n\n<h2 class=\"wp-block-heading\">Grano e Farina Jardim Bot\u00e2nico<\/h2>\n\n\n\n<p>Uma padaria artesanal bem situada no bairro Jardim Bot\u00e2nico \u00e9 a <a href=\"https:\/\/www.instagram.com\/granoefarina\/\" target=\"_blank\" rel=\"noreferrer noopener\">Grano e Farina<\/a>. O estabelecimento \u00e9 tradicional na regi\u00e3o e se insere na principal via do bairro, entre os parques Lage e Jardim Bot\u00e2nico e a <a href=\"https:\/\/invexo.com.br\/blog\/lagoa-rodrigo-de-freitas-rj\/\" target=\"_blank\" rel=\"noreferrer noopener\">Lagoa Rodrigo de Freitas<\/a>. <\/p>\n\n\n\n<blockquote class=\"wp-block-quote is-layout-flow wp-block-quote-is-layout-flow\"><p>Que lugar bonito, organizado e com cheiro gostoso. Tudo de bom. Vale apena degustar dos doces. Na parte mais atr\u00e1s tem buffet a kg, que almo\u00e7o gostoso. \u00c9 realmente bonito, organizado e limpo.<\/p><cite><a href=\"https:\/\/g.co\/kgs\/U4ZLjK\" target=\"_blank\" rel=\"noreferrer noopener\">Coment\u00e1rio no Google Maps<\/a>.<\/cite><\/blockquote>\n\n\n\n<p>Al\u00e9m de sua fachada e da sua decora\u00e7\u00e3o moderna com detalhes industriais, a padaria apresenta um rico menu com salgados, sobremesas, op\u00e7\u00f5es de lanches e at\u00e9 para o almo\u00e7o. O grande diferencial do estabelecimento \u00e9 a variedade de p\u00e3es artesanais dispon\u00edveis, que saem do forno a cada 15 minutos e que s\u00e3o produzidos com ingredientes selecionados, de alta qualidade.<\/p>\n\n\n\n<figure class=\"wp-block-image size-full\"><a href=\"https:\/\/www.instagram.com\/granoefarina\/\" target=\"_blank\" rel=\"noreferrer noopener\"><img decoding=\"async\" width=\"1280\" height=\"720\" src=\"https:\/\/invexo.com.br\/blog\/wp-content\/uploads\/2023\/02\/padaria-jardim-botanico-grano-e-farina-rio-de-janeiro.jpg\" alt=\"Padaria Jardim Bot\u00e2nico Grano e Farina Rio de Janeiro\" class=\"wp-image-41181\" srcset=\"https:\/\/invexo.com.br\/blog\/wp-content\/uploads\/2023\/02\/padaria-jardim-botanico-grano-e-farina-rio-de-janeiro.jpg 1280w, https:\/\/invexo.com.br\/blog\/wp-content\/uploads\/2023\/02\/padaria-jardim-botanico-grano-e-farina-rio-de-janeiro-300x169.jpg 300w, https:\/\/invexo.com.br\/blog\/wp-content\/uploads\/2023\/02\/padaria-jardim-botanico-grano-e-farina-rio-de-janeiro-1024x576.jpg 1024w, https:\/\/invexo.com.br\/blog\/wp-content\/uploads\/2023\/02\/padaria-jardim-botanico-grano-e-farina-rio-de-janeiro-768x432.jpg 768w, https:\/\/invexo.com.br\/blog\/wp-content\/uploads\/2023\/02\/padaria-jardim-botanico-grano-e-farina-rio-de-janeiro-150x84.jpg 150w\" sizes=\"(max-width: 1280px) 100vw, 1280px\" \/><\/a><\/figure>\n\n\n\n<p><strong>Endere\u00e7o<\/strong>: Rua Jardim Bot\u00e2nico, 612, Jardim Bot\u00e2nico, Rio de Janeiro.<br><strong>Hor\u00e1rio de funcionamento<\/strong>: De segunda a quinta, das 07h \u00e0s 20h, sexta-feira, das 07h \u00e0s 21h, s\u00e1bado, das 07h \u00e0s 20h, e aos domingos, das 07h \u00e0s 19h.<\/p>\n\n\n\n<h2 class=\"wp-block-heading\">The Bakers Copacabana<\/h2>\n\n\n\n<p>A <a href=\"https:\/\/www.thebakers.com.br\/\" target=\"_blank\" rel=\"noreferrer noopener\">The Bakers<\/a> \u00e9 uma rede que encanta a todos com sua ambienta\u00e7\u00e3o inspirada nas padarias nova-iorquinas na Zona Sul RJ. Situado a apenas duas quadras da <a href=\"https:\/\/invexo.com.br\/blog\/praia-de-copacabana\/\" target=\"_blank\" rel=\"noreferrer noopener\">Praia de Copacabana<\/a> e do metr\u00f4, o local apresenta uma infraestrutura bem decorada e confort\u00e1vel. <\/p>\n\n\n\n<p>Seu menu oferece um leque completo de op\u00e7\u00f5es para caf\u00e9 da manh\u00e3 ou da tarde, lanches e almo\u00e7o. O card\u00e1pio \u00e9 composto por p\u00e3es, bolos, salgados, pastas, tortas, doces, geleias, entre outros. Inclusive, para completar a experi\u00eancia de se sentir em um estabelecimento nova-iorquino, h\u00e1 op\u00e7\u00f5es de waffles, pizzas individuais, sandu\u00edches e muito mais. <\/p>\n\n\n\n<figure class=\"wp-block-image size-full\"><a href=\"https:\/\/www.thebakers.com.br\/\" target=\"_blank\" rel=\"noreferrer noopener\"><img decoding=\"async\" width=\"1280\" height=\"720\" src=\"https:\/\/invexo.com.br\/blog\/wp-content\/uploads\/2022\/11\/padaria-copacabana-the-bakers-rio-de-janeiro.jpg\" alt=\"Padaria Copacabana The Bakers Rio de Janeiro\" class=\"wp-image-41266\" srcset=\"https:\/\/invexo.com.br\/blog\/wp-content\/uploads\/2022\/11\/padaria-copacabana-the-bakers-rio-de-janeiro.jpg 1280w, https:\/\/invexo.com.br\/blog\/wp-content\/uploads\/2022\/11\/padaria-copacabana-the-bakers-rio-de-janeiro-300x169.jpg 300w, https:\/\/invexo.com.br\/blog\/wp-content\/uploads\/2022\/11\/padaria-copacabana-the-bakers-rio-de-janeiro-1024x576.jpg 1024w, https:\/\/invexo.com.br\/blog\/wp-content\/uploads\/2022\/11\/padaria-copacabana-the-bakers-rio-de-janeiro-768x432.jpg 768w, https:\/\/invexo.com.br\/blog\/wp-content\/uploads\/2022\/11\/padaria-copacabana-the-bakers-rio-de-janeiro-150x84.jpg 150w\" sizes=\"(max-width: 1280px) 100vw, 1280px\" \/><\/a><\/figure>\n\n\n\n<p><strong>Endere\u00e7o<\/strong>: Rua Santa Clara, 86, Copacabana, Rio de Janeiro.<br><strong>Hor\u00e1rio de funcionamento<\/strong>: Todos os dias, das 09h \u00e0s 21h.<\/p>\n\n\n\n<h2 class=\"wp-block-heading\">La Bela Padaria Flamengo<\/h2>\n\n\n\n<p>A <a href=\"https:\/\/www.instagram.com\/padarialabella\/\" target=\"_blank\" rel=\"noreferrer noopener\">La Bela Padaria<\/a> surge com a proposta de apresentar um ambiente confort\u00e1vel, pr\u00f3ximo da <a href=\"https:\/\/invexo.com.br\/blog\/praia-do-flamengo-rj\/\" target=\"_blank\" rel=\"noreferrer noopener\">Praia do Flamengo<\/a> e sem demora no atendimento. Isso porque o local exibe uma infraestrutura que torna \u00e1gil a escolha de produtos saborosos e de alta qualidade.<\/p>\n\n\n\n<p>As mesas e cadeiras ficam dispostas tanto na parte interna como externa do estabelecimento, oferecendo a oportunidade de tomar caf\u00e9 da manh\u00e3 ou da tarde e curtir o agrad\u00e1vel clima carioca. O card\u00e1pio apresenta op\u00e7\u00f5es para caf\u00e9s, lanches e outras refei\u00e7\u00f5es. H\u00e1 ainda uma se\u00e7\u00e3o especial no menu para p\u00e3es, salgados e doces.   <\/p>\n\n\n\n<figure class=\"wp-block-image size-full\"><a href=\"https:\/\/www.instagram.com\/padarialabella\/\" target=\"_blank\" rel=\"noreferrer noopener\"><img decoding=\"async\" width=\"1280\" height=\"720\" src=\"https:\/\/invexo.com.br\/blog\/wp-content\/uploads\/2023\/04\/padaria-flamengo-la-bela-rio-de-janeiro.jpg\" alt=\"Padaria Flamengo La Bela Rio de Janeiro\" class=\"wp-image-41469\" srcset=\"https:\/\/invexo.com.br\/blog\/wp-content\/uploads\/2023\/04\/padaria-flamengo-la-bela-rio-de-janeiro.jpg 1280w, https:\/\/invexo.com.br\/blog\/wp-content\/uploads\/2023\/04\/padaria-flamengo-la-bela-rio-de-janeiro-300x169.jpg 300w, https:\/\/invexo.com.br\/blog\/wp-content\/uploads\/2023\/04\/padaria-flamengo-la-bela-rio-de-janeiro-1024x576.jpg 1024w, https:\/\/invexo.com.br\/blog\/wp-content\/uploads\/2023\/04\/padaria-flamengo-la-bela-rio-de-janeiro-768x432.jpg 768w, https:\/\/invexo.com.br\/blog\/wp-content\/uploads\/2023\/04\/padaria-flamengo-la-bela-rio-de-janeiro-150x84.jpg 150w\" sizes=\"(max-width: 1280px) 100vw, 1280px\" \/><\/a><\/figure>\n\n\n\n<p><strong>Endere\u00e7o<\/strong>: Rua Senador Vergueiro, 114, Loja A, Flamengo, Rio de Janeiro.<br><strong>Hor\u00e1rio de funcionamento<\/strong>: Todos os dias, das 06h \u00e0s 21h.<\/p>\n\n\n\n<h2 class=\"wp-block-heading\">Lamego Laranjeiras<\/h2>\n\n\n\n<p>A <a href=\"https:\/\/www.ifood.com.br\/delivery\/rio-de-janeiro-rj\/lamego-laranjeiras-laranjeiras\/6b7e3ae9-9e8e-43e4-b3f0-292c14f5350e?prato=5b6f4ebc-53ad-4a7a-99e3-5240f2ee3bc1\" target=\"_blank\" rel=\"noreferrer noopener\">Lamego<\/a>, situada em Laranjeiras, \u00e9 uma das padarias tradicionais da Zona Sul RJ que oferece um menu repleto de p\u00e3es, bolos, doces, salgados, tortas e as mais variadas op\u00e7\u00f5es que comp\u00f5em um bom caf\u00e9 da manh\u00e3 ou da tarde.<\/p>\n\n\n\n<figure class=\"wp-block-image size-full\"><a href=\"https:\/\/www.ifood.com.br\/delivery\/rio-de-janeiro-rj\/lamego-laranjeiras-laranjeiras\/6b7e3ae9-9e8e-43e4-b3f0-292c14f5350e?prato=5b6f4ebc-53ad-4a7a-99e3-5240f2ee3bc1\" target=\"_blank\" rel=\"noreferrer noopener\"><img decoding=\"async\" width=\"1280\" height=\"720\" src=\"https:\/\/invexo.com.br\/blog\/wp-content\/uploads\/2023\/05\/padaria-laranjeiras-emporio-lamego-rio-de-janeiro.jpg\" alt=\"Padaria Laranjeiras Emp\u00f3rio Lamego Rio de Janeiro\" class=\"wp-image-41513\" srcset=\"https:\/\/invexo.com.br\/blog\/wp-content\/uploads\/2023\/05\/padaria-laranjeiras-emporio-lamego-rio-de-janeiro.jpg 1280w, https:\/\/invexo.com.br\/blog\/wp-content\/uploads\/2023\/05\/padaria-laranjeiras-emporio-lamego-rio-de-janeiro-300x169.jpg 300w, https:\/\/invexo.com.br\/blog\/wp-content\/uploads\/2023\/05\/padaria-laranjeiras-emporio-lamego-rio-de-janeiro-1024x576.jpg 1024w, https:\/\/invexo.com.br\/blog\/wp-content\/uploads\/2023\/05\/padaria-laranjeiras-emporio-lamego-rio-de-janeiro-768x432.jpg 768w, https:\/\/invexo.com.br\/blog\/wp-content\/uploads\/2023\/05\/padaria-laranjeiras-emporio-lamego-rio-de-janeiro-150x84.jpg 150w\" sizes=\"(max-width: 1280px) 100vw, 1280px\" \/><\/a><\/figure>\n\n\n\n<p>Sua infraestrutura confort\u00e1vel e bem organizada agrega maior facilidade aos clientes na hora de realizar suas compras. Inclusive, tanto sua entrada como o espa\u00e7o interno s\u00e3o acess\u00edveis para PCDs. Al\u00e9m do seu menu local, a padaria disp\u00f5e de um emp\u00f3rio com produtos de qualidade nas categorias de latic\u00ednios e mercearia. <\/p>\n\n\n\n<p><strong>Endere\u00e7o<\/strong>: Rua das Laranjeiras, 366, Laranjeiras, Rio de Janeiro.<br><strong>Hor\u00e1rio de funcionamento<\/strong>: Todos os dias, das 06h \u00e0s 22h30.<\/p>\n\n\n\n<h2 class=\"wp-block-heading\">Zona Zen S\u00e3o Conrado<\/h2>\n\n\n\n<p>Localizado em S\u00e3o Conrado, o <a href=\"https:\/\/www.zonazen.com.br\/\" target=\"_blank\" rel=\"noreferrer noopener\">Zona Zen<\/a> \u00e9 um estabelecimento focado em oferecer um amplo leque de produtos de alta qualidade. O local esbanja aconchego e modernidade em sua infraestrutura, al\u00e9m de apresentar um card\u00e1pio com op\u00e7\u00f5es variadas para caf\u00e9 da manh\u00e3, lanches e almo\u00e7o.<\/p>\n\n\n\n<figure class=\"wp-block-image size-full\"><a href=\"https:\/\/www.zonazen.com.br\/\" target=\"_blank\" rel=\"noreferrer noopener\"><img decoding=\"async\" width=\"1280\" height=\"720\" src=\"https:\/\/invexo.com.br\/blog\/wp-content\/uploads\/2023\/07\/padarias-zona-sul-zona-zen-sao-conrado-rio-de-janeiro.jpg\" alt=\"Padarias Zona Sul Zona Zen S\u00e3o Conrado Rio de Janeiro\" class=\"wp-image-41538\" srcset=\"https:\/\/invexo.com.br\/blog\/wp-content\/uploads\/2023\/07\/padarias-zona-sul-zona-zen-sao-conrado-rio-de-janeiro.jpg 1280w, https:\/\/invexo.com.br\/blog\/wp-content\/uploads\/2023\/07\/padarias-zona-sul-zona-zen-sao-conrado-rio-de-janeiro-300x169.jpg 300w, https:\/\/invexo.com.br\/blog\/wp-content\/uploads\/2023\/07\/padarias-zona-sul-zona-zen-sao-conrado-rio-de-janeiro-1024x576.jpg 1024w, https:\/\/invexo.com.br\/blog\/wp-content\/uploads\/2023\/07\/padarias-zona-sul-zona-zen-sao-conrado-rio-de-janeiro-768x432.jpg 768w, https:\/\/invexo.com.br\/blog\/wp-content\/uploads\/2023\/07\/padarias-zona-sul-zona-zen-sao-conrado-rio-de-janeiro-150x84.jpg 150w\" sizes=\"(max-width: 1280px) 100vw, 1280px\" \/><\/a><\/figure>\n\n\n\n<p>P\u00e3es exclusivos e artesanais s\u00e3o elaborados e comp\u00f5em o menu local, al\u00e9m de doces, salgados e sobremesas. O estabelecimento tamb\u00e9m apresenta um emp\u00f3rio com queijos finos, tanto nacionais como importados, molhos, vinhos, massas, biscoitos e cervejas artesanais. E, por fim, das 11h30 \u00e0s 16h30, h\u00e1 um card\u00e1pio especial para almo\u00e7o a quilo no Zona Zen. <\/p>\n\n\n\n<p><strong>Endere\u00e7o<\/strong>: Estrada da G\u00e1vea, 636, S\u00e3o Conrado, Rio de Janeiro.<br><strong>Hor\u00e1rio de funcionamento<\/strong>: De segunda a s\u00e1bado, das 07h \u00e0s 22h, e aos domingos, das 07h \u00e0s 20h.<\/p>\n\n\n\n<h2 class=\"wp-block-heading\">More perto de tudo na Zona Sul RJ<\/h2>\n\n\n\n<p>A decis\u00e3o de se estabelecer na Zona Sul do Rio de Janeiro proporciona \u00e0s fam\u00edlias o grande benef\u00edcio de morar perto de tudo o que \u00e9 essencial para a rotina di\u00e1ria dos moradores.<\/p>\n\n\n\n<p>Afinal, al\u00e9m das padarias, os bairros da Zona Sul RJ contam com outros tipos de estabelecimentos comerciais e servi\u00e7os. E, caso os moradores desejem visitar bairros vizinhos, as regi\u00f5es tamb\u00e9m s\u00e3o acess\u00edveis pela rede de <a href=\"https:\/\/invexo.com.br\/blog\/metro-zona-sul\/\" target=\"_blank\" rel=\"noreferrer noopener\">metr\u00f4 da Zona Sul<\/a> e concedem \u00f3tima mobilidade urbana. <\/p>\n\n\n\n<p>O extenso polo gastron\u00f4mico da regi\u00e3o inclui outras op\u00e7\u00f5es de padarias, restaurantes, bistr\u00f4s, cafeterias, bares e outros estabelecimentos. Dessa forma, alternativas do que fazer para se divertir e experimentar novas culin\u00e1rias n\u00e3o ir\u00e3o faltar.<\/p>\n\n\n\n<p>Esses s\u00e3o apenas alguns aspectos que elevam a qualidade de vida na Zona Sul, al\u00e9m de suas \u00e1reas residenciais nobres e sofisticadas. Os condom\u00ednios locais apresentam infraestruturas completas que priorizam a seguran\u00e7a, o lazer e o conforto dos moradores. Assim, toda a fam\u00edlia poder\u00e1 aproveitar tudo o que h\u00e1 de exclusivo na regi\u00e3o, sem abrir m\u00e3o de bem-estar. <\/p>\n\n\n\n<p>Se voc\u00ea busca por uma imobili\u00e1ria especializada em <a rel=\"noreferrer noopener\" href=\"https:\/\/luxury.invexo.com.br\/imoveis-zona-sul-rio-de-janeiro-rj\/?utm_source=blog&amp;utm_medium=blocofim\" target=\"_blank\">im\u00f3veis na Zona Sul do Rio de Janeiro<\/a>, conhe\u00e7a o trabalho da Invexo, confira nossa lista de im\u00f3veis \u00e0 venda e entre em contato com um de nossos especialistas. Atuamos desde 2010 com o diferencial do atendimento personalizado com um corretor por im\u00f3vel, proporcionando assim uma experi\u00eancia \u00fanica a todos que desejam comprar um im\u00f3vel no Leblon, em Ipanema, na Lagoa, em Copacabana, em Botafogo e demais bairros da Zona Sul.<\/p>\n\n\n<div class=\"\"><div class='_form_2'><\/div><script type='text\/javascript' src='https:\/\/invexo.activehosted.com\/f\/embed.php?static=0&id=2&69EF34487BACC&nostyles=0&preview=0'><\/script><\/div>\n\n\n<figure class=\"wp-block-image size-full\"><a href=\"https:\/\/luxury.invexo.com.br\/imoveis-zona-sul-rio-de-janeiro-rj\/?utm_source=blog&amp;utm_medium=blocofim\" target=\"_blank\" rel=\"noreferrer noopener\"><img decoding=\"async\" width=\"1300\" height=\"280\" src=\"https:\/\/invexo.com.br\/blog\/wp-content\/uploads\/2023\/06\/os-melhores-imoveis-de-luxo-a-venda-em-zona-sul-rio-de-janeiro.jpg\" alt=\"Im\u00f3veis de luxo na Zona Sul do Rio de Janeiro\" class=\"wp-image-39174\" srcset=\"https:\/\/invexo.com.br\/blog\/wp-content\/uploads\/2023\/06\/os-melhores-imoveis-de-luxo-a-venda-em-zona-sul-rio-de-janeiro.jpg 1300w, https:\/\/invexo.com.br\/blog\/wp-content\/uploads\/2023\/06\/os-melhores-imoveis-de-luxo-a-venda-em-zona-sul-rio-de-janeiro-300x65.jpg 300w, https:\/\/invexo.com.br\/blog\/wp-content\/uploads\/2023\/06\/os-melhores-imoveis-de-luxo-a-venda-em-zona-sul-rio-de-janeiro-1024x221.jpg 1024w, https:\/\/invexo.com.br\/blog\/wp-content\/uploads\/2023\/06\/os-melhores-imoveis-de-luxo-a-venda-em-zona-sul-rio-de-janeiro-768x165.jpg 768w, https:\/\/invexo.com.br\/blog\/wp-content\/uploads\/2023\/06\/os-melhores-imoveis-de-luxo-a-venda-em-zona-sul-rio-de-janeiro-150x32.jpg 150w\" sizes=\"(max-width: 1300px) 100vw, 1300px\" \/><\/a><\/figure>\n","protected":false},"excerpt":{"rendered":"<p>Em busca de caf\u00e9 quentinho, p\u00e3es frescos e outras del\u00edcias de caf\u00e9 da manh\u00e3? Que tal conhecer algumas padarias na Zona Sul RJ?<\/p>\n","protected":false},"author":2,"featured_media":31482,"comment_status":"closed","ping_status":"closed","sticky":false,"template":"","format":"standard","meta":{"_acf_changed":false,"_kad_blocks_custom_css":"","_kad_blocks_head_custom_js":"","_kad_blocks_body_custom_js":"","_kad_blocks_footer_custom_js":"","_kadence_starter_templates_imported_post":false,"_kad_post_transparent":"","_kad_post_title":"","_kad_post_layout":"","_kad_post_sidebar_id":"","_kad_post_content_style":"","_kad_post_vertical_padding":"","_kad_post_feature":"","_kad_post_feature_position":"","_kad_post_header":false,"_kad_post_footer":false,"footnotes":""},"categories":[10,15],"tags":[803],"acf":[],"yoast_head":"<!-- This site is optimized with the Yoast SEO plugin v24.1 - https:\/\/yoast.com\/wordpress\/plugins\/seo\/ -->\n<title>Caf\u00e9 da manh\u00e3? Conhe\u00e7a as padarias da Zona Sul RJ<\/title>\n<meta name=\"description\" content=\"Em busca de caf\u00e9 quentinho, p\u00e3es frescos e outras del\u00edcias de caf\u00e9 da manh\u00e3? Que tal conhecer algumas padarias na Zona Sul RJ?\" \/>\n<meta name=\"robots\" content=\"index, follow, max-snippet:-1, max-image-preview:large, max-video-preview:-1\" \/>\n<link rel=\"canonical\" href=\"https:\/\/invexo.com.br\/blog\/padarias-zona-sul-rj\/\" \/>\n<meta property=\"og:locale\" content=\"pt_BR\" \/>\n<meta property=\"og:type\" content=\"article\" \/>\n<meta property=\"og:title\" content=\"Caf\u00e9 da manh\u00e3? Conhe\u00e7a as padarias da Zona Sul RJ\" \/>\n<meta property=\"og:description\" content=\"Em busca de caf\u00e9 quentinho, p\u00e3es frescos e outras del\u00edcias de caf\u00e9 da manh\u00e3? Que tal conhecer algumas padarias na Zona Sul RJ?\" \/>\n<meta property=\"og:url\" content=\"https:\/\/invexo.com.br\/blog\/padarias-zona-sul-rj\/\" \/>\n<meta property=\"og:site_name\" content=\"Not\u00edcias RJ\" \/>\n<meta property=\"article:publisher\" content=\"https:\/\/facebook.com\/invexo\" \/>\n<meta property=\"article:author\" content=\"https:\/\/facebook.com\/invexo\" \/>\n<meta property=\"article:published_time\" content=\"2023-07-17T20:00:00+00:00\" \/>\n<meta property=\"article:modified_time\" content=\"2023-09-28T19:14:29+00:00\" \/>\n<meta property=\"og:image\" content=\"https:\/\/invexo.com.br\/blog\/wp-content\/uploads\/2022\/10\/paes-padarias-copacabana-rio-de-janeiro.jpg\" \/>\n\t<meta property=\"og:image:width\" content=\"1280\" \/>\n\t<meta property=\"og:image:height\" content=\"720\" \/>\n\t<meta property=\"og:image:type\" content=\"image\/jpeg\" \/>\n<meta name=\"author\" content=\"Ronnie Possatti\" \/>\n<meta name=\"twitter:card\" content=\"summary_large_image\" \/>\n<meta name=\"twitter:creator\" content=\"@https:\/\/twitter.com\/invexoimoveis\" \/>\n<meta name=\"twitter:site\" content=\"@invexoimoveis\" \/>\n<meta name=\"twitter:label1\" content=\"Escrito por\" \/>\n\t<meta name=\"twitter:data1\" content=\"Ronnie Possatti\" \/>\n\t<meta name=\"twitter:label2\" content=\"Est. tempo de leitura\" \/>\n\t<meta name=\"twitter:data2\" content=\"12 minutos\" \/>\n<script type=\"application\/ld+json\" class=\"yoast-schema-graph\">{\"@context\":\"https:\/\/schema.org\",\"@graph\":[{\"@type\":\"Article\",\"@id\":\"https:\/\/invexo.com.br\/blog\/padarias-zona-sul-rj\/#article\",\"isPartOf\":{\"@id\":\"https:\/\/invexo.com.br\/blog\/padarias-zona-sul-rj\/\"},\"author\":{\"name\":\"Ronnie Possatti\",\"@id\":\"https:\/\/invexo.com.br\/blog\/#\/schema\/person\/36bee32f1cfacde03dc4c9622a58778d\"},\"headline\":\"Todas as padarias da Zona Sul RJ\",\"datePublished\":\"2023-07-17T20:00:00+00:00\",\"dateModified\":\"2023-09-28T19:14:29+00:00\",\"mainEntityOfPage\":{\"@id\":\"https:\/\/invexo.com.br\/blog\/padarias-zona-sul-rj\/\"},\"wordCount\":1904,\"publisher\":{\"@id\":\"https:\/\/invexo.com.br\/blog\/#organization\"},\"image\":{\"@id\":\"https:\/\/invexo.com.br\/blog\/padarias-zona-sul-rj\/#primaryimage\"},\"thumbnailUrl\":\"https:\/\/invexo.com.br\/blog\/wp-content\/uploads\/2022\/10\/paes-padarias-copacabana-rio-de-janeiro.jpg\",\"keywords\":[\"Zona Sul\"],\"articleSection\":[\"Bairros\",\"Informa\u00e7\u00f5es\"],\"inLanguage\":\"pt-BR\"},{\"@type\":\"WebPage\",\"@id\":\"https:\/\/invexo.com.br\/blog\/padarias-zona-sul-rj\/\",\"url\":\"https:\/\/invexo.com.br\/blog\/padarias-zona-sul-rj\/\",\"name\":\"Caf\u00e9 da manh\u00e3? Conhe\u00e7a as padarias da Zona Sul RJ\",\"isPartOf\":{\"@id\":\"https:\/\/invexo.com.br\/blog\/#website\"},\"primaryImageOfPage\":{\"@id\":\"https:\/\/invexo.com.br\/blog\/padarias-zona-sul-rj\/#primaryimage\"},\"image\":{\"@id\":\"https:\/\/invexo.com.br\/blog\/padarias-zona-sul-rj\/#primaryimage\"},\"thumbnailUrl\":\"https:\/\/invexo.com.br\/blog\/wp-content\/uploads\/2022\/10\/paes-padarias-copacabana-rio-de-janeiro.jpg\",\"datePublished\":\"2023-07-17T20:00:00+00:00\",\"dateModified\":\"2023-09-28T19:14:29+00:00\",\"description\":\"Em busca de caf\u00e9 quentinho, p\u00e3es frescos e outras del\u00edcias de caf\u00e9 da manh\u00e3? Que tal conhecer algumas padarias na Zona Sul RJ?\",\"breadcrumb\":{\"@id\":\"https:\/\/invexo.com.br\/blog\/padarias-zona-sul-rj\/#breadcrumb\"},\"inLanguage\":\"pt-BR\",\"potentialAction\":[{\"@type\":\"ReadAction\",\"target\":[\"https:\/\/invexo.com.br\/blog\/padarias-zona-sul-rj\/\"]}]},{\"@type\":\"ImageObject\",\"inLanguage\":\"pt-BR\",\"@id\":\"https:\/\/invexo.com.br\/blog\/padarias-zona-sul-rj\/#primaryimage\",\"url\":\"https:\/\/invexo.com.br\/blog\/wp-content\/uploads\/2022\/10\/paes-padarias-copacabana-rio-de-janeiro.jpg\",\"contentUrl\":\"https:\/\/invexo.com.br\/blog\/wp-content\/uploads\/2022\/10\/paes-padarias-copacabana-rio-de-janeiro.jpg\",\"width\":1280,\"height\":720,\"caption\":\"P\u00e3es padarias Copacabana Rio de Janeiro\"},{\"@type\":\"BreadcrumbList\",\"@id\":\"https:\/\/invexo.com.br\/blog\/padarias-zona-sul-rj\/#breadcrumb\",\"itemListElement\":[{\"@type\":\"ListItem\",\"position\":1,\"name\":\"Blog\",\"item\":\"https:\/\/invexo.com.br\/blog\/\"},{\"@type\":\"ListItem\",\"position\":2,\"name\":\"Bairros\",\"item\":\"https:\/\/invexo.com.br\/blog\/categoria\/bairros\/\"},{\"@type\":\"ListItem\",\"position\":3,\"name\":\"Todas as padarias da Zona Sul RJ\"}]},{\"@type\":\"WebSite\",\"@id\":\"https:\/\/invexo.com.br\/blog\/#website\",\"url\":\"https:\/\/invexo.com.br\/blog\/\",\"name\":\"Not\u00edcias RJ\",\"description\":\"Not\u00edcias sobre im\u00f3veis, financiamento, mercado imobili\u00e1rio do Rio de Janeiro. Informa\u00e7\u00f5es sobre Bairros, Condom\u00ednios e Regi\u00e3o do Rio de Janeiro.\",\"publisher\":{\"@id\":\"https:\/\/invexo.com.br\/blog\/#organization\"},\"potentialAction\":[{\"@type\":\"SearchAction\",\"target\":{\"@type\":\"EntryPoint\",\"urlTemplate\":\"https:\/\/invexo.com.br\/blog\/?s={search_term_string}\"},\"query-input\":{\"@type\":\"PropertyValueSpecification\",\"valueRequired\":true,\"valueName\":\"search_term_string\"}}],\"inLanguage\":\"pt-BR\"},{\"@type\":\"Organization\",\"@id\":\"https:\/\/invexo.com.br\/blog\/#organization\",\"name\":\"INVEXO Imobili\u00e1ria\",\"url\":\"https:\/\/invexo.com.br\/blog\/\",\"logo\":{\"@type\":\"ImageObject\",\"inLanguage\":\"pt-BR\",\"@id\":\"https:\/\/invexo.com.br\/blog\/#\/schema\/logo\/image\/\",\"url\":\"https:\/\/invexo.com.br\/blog\/wp-content\/uploads\/2018\/09\/invexo-80-melhor.png\",\"contentUrl\":\"https:\/\/invexo.com.br\/blog\/wp-content\/uploads\/2018\/09\/invexo-80-melhor.png\",\"width\":247,\"height\":80,\"caption\":\"INVEXO Imobili\u00e1ria\"},\"image\":{\"@id\":\"https:\/\/invexo.com.br\/blog\/#\/schema\/logo\/image\/\"},\"sameAs\":[\"https:\/\/facebook.com\/invexo\",\"https:\/\/x.com\/invexoimoveis\"]},{\"@type\":\"Person\",\"@id\":\"https:\/\/invexo.com.br\/blog\/#\/schema\/person\/36bee32f1cfacde03dc4c9622a58778d\",\"name\":\"Ronnie Possatti\",\"image\":{\"@type\":\"ImageObject\",\"inLanguage\":\"pt-BR\",\"@id\":\"https:\/\/invexo.com.br\/blog\/#\/schema\/person\/image\/\",\"url\":\"https:\/\/secure.gravatar.com\/avatar\/51a6cdcc215551235c39affb853f1e38?s=96&d=blank&r=g\",\"contentUrl\":\"https:\/\/secure.gravatar.com\/avatar\/51a6cdcc215551235c39affb853f1e38?s=96&d=blank&r=g\",\"caption\":\"Ronnie Possatti\"},\"description\":\"Equipe de especialistas que traz para seus leitores conte\u00fados relevantes e de qualidade sobre bairros, condom\u00ednios, lan\u00e7amentos e not\u00edcias imobili\u00e1rias no Rio de Janeiro.\",\"sameAs\":[\"https:\/\/facebook.com\/invexo\",\"https:\/\/instagram.com\/invexo\",\"https:\/\/x.com\/https:\/\/twitter.com\/invexoimoveis\"],\"url\":\"https:\/\/invexo.com.br\/blog\/author\/invexo\/\"}]}<\/script>\n<!-- \/ Yoast SEO plugin. -->","yoast_head_json":{"title":"Caf\u00e9 da manh\u00e3? Conhe\u00e7a as padarias da Zona Sul RJ","description":"Em busca de caf\u00e9 quentinho, p\u00e3es frescos e outras del\u00edcias de caf\u00e9 da manh\u00e3? Que tal conhecer algumas padarias na Zona Sul RJ?","robots":{"index":"index","follow":"follow","max-snippet":"max-snippet:-1","max-image-preview":"max-image-preview:large","max-video-preview":"max-video-preview:-1"},"canonical":"https:\/\/invexo.com.br\/blog\/padarias-zona-sul-rj\/","og_locale":"pt_BR","og_type":"article","og_title":"Caf\u00e9 da manh\u00e3? Conhe\u00e7a as padarias da Zona Sul RJ","og_description":"Em busca de caf\u00e9 quentinho, p\u00e3es frescos e outras del\u00edcias de caf\u00e9 da manh\u00e3? Que tal conhecer algumas padarias na Zona Sul RJ?","og_url":"https:\/\/invexo.com.br\/blog\/padarias-zona-sul-rj\/","og_site_name":"Not\u00edcias RJ","article_publisher":"https:\/\/facebook.com\/invexo","article_author":"https:\/\/facebook.com\/invexo","article_published_time":"2023-07-17T20:00:00+00:00","article_modified_time":"2023-09-28T19:14:29+00:00","og_image":[{"width":1280,"height":720,"url":"https:\/\/invexo.com.br\/blog\/wp-content\/uploads\/2022\/10\/paes-padarias-copacabana-rio-de-janeiro.jpg","type":"image\/jpeg"}],"author":"Ronnie Possatti","twitter_card":"summary_large_image","twitter_creator":"@https:\/\/twitter.com\/invexoimoveis","twitter_site":"@invexoimoveis","twitter_misc":{"Escrito por":"Ronnie Possatti","Est. tempo de leitura":"12 minutos"},"schema":{"@context":"https:\/\/schema.org","@graph":[{"@type":"Article","@id":"https:\/\/invexo.com.br\/blog\/padarias-zona-sul-rj\/#article","isPartOf":{"@id":"https:\/\/invexo.com.br\/blog\/padarias-zona-sul-rj\/"},"author":{"name":"Ronnie Possatti","@id":"https:\/\/invexo.com.br\/blog\/#\/schema\/person\/36bee32f1cfacde03dc4c9622a58778d"},"headline":"Todas as padarias da Zona Sul RJ","datePublished":"2023-07-17T20:00:00+00:00","dateModified":"2023-09-28T19:14:29+00:00","mainEntityOfPage":{"@id":"https:\/\/invexo.com.br\/blog\/padarias-zona-sul-rj\/"},"wordCount":1904,"publisher":{"@id":"https:\/\/invexo.com.br\/blog\/#organization"},"image":{"@id":"https:\/\/invexo.com.br\/blog\/padarias-zona-sul-rj\/#primaryimage"},"thumbnailUrl":"https:\/\/invexo.com.br\/blog\/wp-content\/uploads\/2022\/10\/paes-padarias-copacabana-rio-de-janeiro.jpg","keywords":["Zona Sul"],"articleSection":["Bairros","Informa\u00e7\u00f5es"],"inLanguage":"pt-BR"},{"@type":"WebPage","@id":"https:\/\/invexo.com.br\/blog\/padarias-zona-sul-rj\/","url":"https:\/\/invexo.com.br\/blog\/padarias-zona-sul-rj\/","name":"Caf\u00e9 da manh\u00e3? Conhe\u00e7a as padarias da Zona Sul RJ","isPartOf":{"@id":"https:\/\/invexo.com.br\/blog\/#website"},"primaryImageOfPage":{"@id":"https:\/\/invexo.com.br\/blog\/padarias-zona-sul-rj\/#primaryimage"},"image":{"@id":"https:\/\/invexo.com.br\/blog\/padarias-zona-sul-rj\/#primaryimage"},"thumbnailUrl":"https:\/\/invexo.com.br\/blog\/wp-content\/uploads\/2022\/10\/paes-padarias-copacabana-rio-de-janeiro.jpg","datePublished":"2023-07-17T20:00:00+00:00","dateModified":"2023-09-28T19:14:29+00:00","description":"Em busca de caf\u00e9 quentinho, p\u00e3es frescos e outras del\u00edcias de caf\u00e9 da manh\u00e3? Que tal conhecer algumas padarias na Zona Sul RJ?","breadcrumb":{"@id":"https:\/\/invexo.com.br\/blog\/padarias-zona-sul-rj\/#breadcrumb"},"inLanguage":"pt-BR","potentialAction":[{"@type":"ReadAction","target":["https:\/\/invexo.com.br\/blog\/padarias-zona-sul-rj\/"]}]},{"@type":"ImageObject","inLanguage":"pt-BR","@id":"https:\/\/invexo.com.br\/blog\/padarias-zona-sul-rj\/#primaryimage","url":"https:\/\/invexo.com.br\/blog\/wp-content\/uploads\/2022\/10\/paes-padarias-copacabana-rio-de-janeiro.jpg","contentUrl":"https:\/\/invexo.com.br\/blog\/wp-content\/uploads\/2022\/10\/paes-padarias-copacabana-rio-de-janeiro.jpg","width":1280,"height":720,"caption":"P\u00e3es padarias Copacabana Rio de Janeiro"},{"@type":"BreadcrumbList","@id":"https:\/\/invexo.com.br\/blog\/padarias-zona-sul-rj\/#breadcrumb","itemListElement":[{"@type":"ListItem","position":1,"name":"Blog","item":"https:\/\/invexo.com.br\/blog\/"},{"@type":"ListItem","position":2,"name":"Bairros","item":"https:\/\/invexo.com.br\/blog\/categoria\/bairros\/"},{"@type":"ListItem","position":3,"name":"Todas as padarias da Zona Sul RJ"}]},{"@type":"WebSite","@id":"https:\/\/invexo.com.br\/blog\/#website","url":"https:\/\/invexo.com.br\/blog\/","name":"Not\u00edcias RJ","description":"Not\u00edcias sobre im\u00f3veis, financiamento, mercado imobili\u00e1rio do Rio de Janeiro. Informa\u00e7\u00f5es sobre Bairros, Condom\u00ednios e Regi\u00e3o do Rio de Janeiro.","publisher":{"@id":"https:\/\/invexo.com.br\/blog\/#organization"},"potentialAction":[{"@type":"SearchAction","target":{"@type":"EntryPoint","urlTemplate":"https:\/\/invexo.com.br\/blog\/?s={search_term_string}"},"query-input":{"@type":"PropertyValueSpecification","valueRequired":true,"valueName":"search_term_string"}}],"inLanguage":"pt-BR"},{"@type":"Organization","@id":"https:\/\/invexo.com.br\/blog\/#organization","name":"INVEXO Imobili\u00e1ria","url":"https:\/\/invexo.com.br\/blog\/","logo":{"@type":"ImageObject","inLanguage":"pt-BR","@id":"https:\/\/invexo.com.br\/blog\/#\/schema\/logo\/image\/","url":"https:\/\/invexo.com.br\/blog\/wp-content\/uploads\/2018\/09\/invexo-80-melhor.png","contentUrl":"https:\/\/invexo.com.br\/blog\/wp-content\/uploads\/2018\/09\/invexo-80-melhor.png","width":247,"height":80,"caption":"INVEXO Imobili\u00e1ria"},"image":{"@id":"https:\/\/invexo.com.br\/blog\/#\/schema\/logo\/image\/"},"sameAs":["https:\/\/facebook.com\/invexo","https:\/\/x.com\/invexoimoveis"]},{"@type":"Person","@id":"https:\/\/invexo.com.br\/blog\/#\/schema\/person\/36bee32f1cfacde03dc4c9622a58778d","name":"Ronnie Possatti","image":{"@type":"ImageObject","inLanguage":"pt-BR","@id":"https:\/\/invexo.com.br\/blog\/#\/schema\/person\/image\/","url":"https:\/\/secure.gravatar.com\/avatar\/51a6cdcc215551235c39affb853f1e38?s=96&d=blank&r=g","contentUrl":"https:\/\/secure.gravatar.com\/avatar\/51a6cdcc215551235c39affb853f1e38?s=96&d=blank&r=g","caption":"Ronnie Possatti"},"description":"Equipe de especialistas que traz para seus leitores conte\u00fados relevantes e de qualidade sobre bairros, condom\u00ednios, lan\u00e7amentos e not\u00edcias imobili\u00e1rias no Rio de Janeiro.","sameAs":["https:\/\/facebook.com\/invexo","https:\/\/instagram.com\/invexo","https:\/\/x.com\/https:\/\/twitter.com\/invexoimoveis"],"url":"https:\/\/invexo.com.br\/blog\/author\/invexo\/"}]}},"taxonomy_info":{"category":[{"value":10,"label":"Bairros"},{"value":15,"label":"Informa\u00e7\u00f5es"}],"post_tag":[{"value":803,"label":"Zona Sul"}]},"featured_image_src_large":["https:\/\/invexo.com.br\/blog\/wp-content\/uploads\/2022\/10\/paes-padarias-copacabana-rio-de-janeiro-1024x576.jpg",1024,576,true],"author_info":{"display_name":"Ronnie Possatti","author_link":"https:\/\/invexo.com.br\/blog\/author\/invexo\/"},"comment_info":0,"category_info":[{"term_id":10,"name":"Bairros","slug":"bairros","term_group":0,"term_taxonomy_id":10,"taxonomy":"category","description":"Not\u00edcias sobre estabelecimentos nos melhores bairros para se morar no Rio de Janeiro.","parent":0,"count":1354,"filter":"raw","cat_ID":10,"category_count":1354,"category_description":"Not\u00edcias sobre estabelecimentos nos melhores bairros para se morar no Rio de Janeiro.","cat_name":"Bairros","category_nicename":"bairros","category_parent":0},{"term_id":15,"name":"Informa\u00e7\u00f5es","slug":"informacoes","term_group":0,"term_taxonomy_id":15,"taxonomy":"category","description":"Informa\u00e7\u00f5es, experi\u00eancia nos melhores estabelecimentos em bairros nobres para se viver no Rio de Janeiro. Tudo sobre cultura, entretenimento e lazer.","parent":0,"count":1297,"filter":"raw","cat_ID":15,"category_count":1297,"category_description":"Informa\u00e7\u00f5es, experi\u00eancia nos melhores estabelecimentos em bairros nobres para se viver no Rio de Janeiro. Tudo sobre cultura, entretenimento e lazer.","cat_name":"Informa\u00e7\u00f5es","category_nicename":"informacoes","category_parent":0}],"tag_info":[{"term_id":803,"name":"Zona Sul","slug":"zona-sul","term_group":0,"term_taxonomy_id":803,"taxonomy":"post_tag","description":"","parent":0,"count":15,"filter":"raw"}],"_links":{"self":[{"href":"https:\/\/invexo.com.br\/blog\/wp-json\/wp\/v2\/posts\/39411"}],"collection":[{"href":"https:\/\/invexo.com.br\/blog\/wp-json\/wp\/v2\/posts"}],"about":[{"href":"https:\/\/invexo.com.br\/blog\/wp-json\/wp\/v2\/types\/post"}],"author":[{"embeddable":true,"href":"https:\/\/invexo.com.br\/blog\/wp-json\/wp\/v2\/users\/2"}],"replies":[{"embeddable":true,"href":"https:\/\/invexo.com.br\/blog\/wp-json\/wp\/v2\/comments?post=39411"}],"version-history":[{"count":82,"href":"https:\/\/invexo.com.br\/blog\/wp-json\/wp\/v2\/posts\/39411\/revisions"}],"predecessor-version":[{"id":41604,"href":"https:\/\/invexo.com.br\/blog\/wp-json\/wp\/v2\/posts\/39411\/revisions\/41604"}],"wp:featuredmedia":[{"embeddable":true,"href":"https:\/\/invexo.com.br\/blog\/wp-json\/wp\/v2\/media\/31482"}],"wp:attachment":[{"href":"https:\/\/invexo.com.br\/blog\/wp-json\/wp\/v2\/media?parent=39411"}],"wp:term":[{"taxonomy":"category","embeddable":true,"href":"https:\/\/invexo.com.br\/blog\/wp-json\/wp\/v2\/categories?post=39411"},{"taxonomy":"post_tag","embeddable":true,"href":"https:\/\/invexo.com.br\/blog\/wp-json\/wp\/v2\/tags?post=39411"}],"curies":[{"name":"wp","href":"https:\/\/api.w.org\/{rel}","templated":true}]}}