{"id":39183,"date":"2023-06-30T17:00:00","date_gmt":"2023-06-30T20:00:00","guid":{"rendered":"https:\/\/invexo.com.br\/blog\/?p=39183"},"modified":"2023-05-30T18:23:21","modified_gmt":"2023-05-30T21:23:21","slug":"praia-zona-sul-rio-de-janeiro","status":"publish","type":"post","link":"https:\/\/invexo.com.br\/blog\/praia-zona-sul-rio-de-janeiro\/","title":{"rendered":"Melhores praias da Zona Sul do Rio de Janeiro"},"content":{"rendered":"\n<p>Cada praia da <a href=\"https:\/\/luxury.invexo.com.br\/imoveis-zona-sul-rio-de-janeiro-rj\/\" target=\"_blank\" rel=\"noreferrer noopener\">Zona Sul do Rio de Janeiro<\/a> \u00e9, com certeza, um ref\u00fagio perfeito. Suas areias douradas e suas \u00e1guas cristalinas encantam e atraem milhares de turistas todos os anos. Isso n\u00e3o acontece \u00e0 toa, visto que todo o litoral da Cidade Maravilhosa oferece diversas op\u00e7\u00f5es de paisagens naturais deslumbrantes!<\/p>\n\n\n\n<p>Para os moradores locais, sem d\u00favidas, morar pr\u00f3ximo de orlas t\u00e3o belas \u00e9 motivo de grande orgulho.  Al\u00e9m disso, as praias s\u00e3o conhecidas internacionalmente por sua atmosfera vibrante, com uma mistura \u00fanica de belas paisagens, quiosques animados e uma cultura praiana descontra\u00edda que encanta tanto os turistas quanto os locais.<\/p>\n\n\n\n<!--more-->\n\n\n\n<p>Se voc\u00ea est\u00e1 de passagem ou pretende viajar para conhecer o Rio, separamos informa\u00e7\u00f5es interessantes sobre as praias locais. Iremos citar as maravilhosas orlas da nobre Zona Sul carioca que n\u00e3o podem faltar em seu roteiro tur\u00edstico.<\/p>\n\n\n\n<p>As op\u00e7\u00f5es incluem praias badaladas e com grande movimenta\u00e7\u00e3o e \u00e1reas mais tranquilas para curtir e descansar com toda a fam\u00edlia. Al\u00e9m disso, h\u00e1 praias com ondas perfeitas para esportes aqu\u00e1ticos e sempre h\u00e1 \u00e1reas para reunir a galera e jogar futebol ou v\u00f4lei de praia.  <\/p>\n\n\n\n<p>Esteja preparado, afinal, as praias cariocas fascinam todos que as conhecem. Muitos voltam para casa sonhando com a possibilidade de morar no Rio e poder observar esses incr\u00edveis para\u00edsos tropicais todos os dias. <\/p>\n\n\n\n<p>Os <a rel=\"noreferrer noopener\" href=\"https:\/\/luxury.invexo.com.br\/imoveis-zona-sul-rio-de-janeiro-rj\/?utm_source=blog&amp;utm_medium=blocomeio\" target=\"_blank\">im\u00f3veis da Zona Sul do Rio de Janeiro<\/a> s\u00e3o a melhor op\u00e7\u00e3o para quem busca por sofistica\u00e7\u00e3o e qualidade de vida. Comprar um im\u00f3vel no Leblon, em Ipanema, na Lagoa, em Copacabana, em Botafogo e nos demais bairros da regi\u00e3o \u00e9 a garantia de viver em condom\u00ednios cheios de comodidades e de estar perto de tudo o que \u00e9 essencial para um cotidiano mais pr\u00e1tico.\u00a0<\/p>\n\n\n<div class=\"\"><div class='_form_2'><\/div><script type='text\/javascript' src='https:\/\/invexo.activehosted.com\/f\/embed.php?static=0&id=2&69F128DA62288&nostyles=0&preview=0'><\/script><\/div>\n\n\n<figure class=\"wp-block-image size-full\"><a href=\"https:\/\/luxury.invexo.com.br\/imoveis-zona-sul-rio-de-janeiro-rj\/?utm_source=blog&amp;utm_medium=blocomeio\" target=\"_blank\" rel=\"noreferrer noopener\"><img decoding=\"async\" width=\"1300\" height=\"280\" src=\"https:\/\/invexo.com.br\/blog\/wp-content\/uploads\/2023\/06\/os-melhores-imoveis-de-luxo-a-venda-em-zona-sul-rio-de-janeiro.jpg\" alt=\"Im\u00f3veis de luxo na Zona Sul do Rio de Janeiro\" class=\"wp-image-39174\" srcset=\"https:\/\/invexo.com.br\/blog\/wp-content\/uploads\/2023\/06\/os-melhores-imoveis-de-luxo-a-venda-em-zona-sul-rio-de-janeiro.jpg 1300w, https:\/\/invexo.com.br\/blog\/wp-content\/uploads\/2023\/06\/os-melhores-imoveis-de-luxo-a-venda-em-zona-sul-rio-de-janeiro-300x65.jpg 300w, https:\/\/invexo.com.br\/blog\/wp-content\/uploads\/2023\/06\/os-melhores-imoveis-de-luxo-a-venda-em-zona-sul-rio-de-janeiro-1024x221.jpg 1024w, https:\/\/invexo.com.br\/blog\/wp-content\/uploads\/2023\/06\/os-melhores-imoveis-de-luxo-a-venda-em-zona-sul-rio-de-janeiro-768x165.jpg 768w, https:\/\/invexo.com.br\/blog\/wp-content\/uploads\/2023\/06\/os-melhores-imoveis-de-luxo-a-venda-em-zona-sul-rio-de-janeiro-150x32.jpg 150w\" sizes=\"(max-width: 1300px) 100vw, 1300px\" \/><\/a><\/figure>\n\n\n\n<h2 class=\"wp-block-heading\">Praia de Ipanema<\/h2>\n\n\n\n<p>A <a href=\"https:\/\/invexo.com.br\/blog\/web-stories\/praia-de-ipanema\/\" target=\"_blank\" rel=\"noreferrer noopener\">Praia de Ipanema<\/a> \u00e9 uma das mais famosas da Zona Sul. Conhecida por seu clima vibrante e por suas \u00e1guas claras, a atra\u00e7\u00e3o re\u00fane o p\u00fablico que prefere tomar um bom banho de sol, descansar e curtir os belos dias de ver\u00e3o em fam\u00edlia. <\/p>\n\n\n\n<p>Citada em poemas e melodias ic\u00f4nicas, a Praia de Ipanema \u00e9 sempre associada \u00e0s belezas singulares de sua orla. O <a href=\"https:\/\/invexo.com.br\/blog\/calcadao-de-ipanema\/\" target=\"_blank\" rel=\"noreferrer noopener\">cal\u00e7ad\u00e3o de Ipanema<\/a> tamb\u00e9m cativa por seu visual que imita ondas do mar, em tons de preto e branco feitos com pedras importadas de Portugal. <\/p>\n\n\n\n<figure class=\"wp-block-embed aligncenter is-type-video is-provider-youtube wp-block-embed-youtube wp-embed-aspect-16-9 wp-has-aspect-ratio\"><div class=\"wp-block-embed__wrapper\">\n<iframe title=\"O que Fazer em Ipanema em 1 dia |  \u00c9  CANSATIVO?\" width=\"720\" height=\"405\" src=\"https:\/\/www.youtube.com\/embed\/zI69e5WVnuI?feature=oembed\" frameborder=\"0\" allow=\"accelerometer; autoplay; clipboard-write; encrypted-media; gyroscope; picture-in-picture; web-share\" allowfullscreen><\/iframe>\n<\/div><\/figure>\n\n\n\n<p>A extensa ciclovia da Praia de Ipanema \u00e9 outro atrativo interessante, principalmente para quem ama passear de bicicleta, skate, patins ou caminhar com os pets enquanto desfruta da brisa do mar.<\/p>\n\n\n\n<p>Mas, as op\u00e7\u00f5es do que fazem na regi\u00e3o n\u00e3o param por a\u00ed! A pouco mais de 5 km \u00e0 frente da praia se situa o deslumbrante Arquip\u00e9lago de Cagarras. O conjunto de tr\u00eas belas ilhas e duas ilhotas pode ser visitado em passeio de barco. <\/p>\n\n\n\n<p>Al\u00e9m disso, a regi\u00e3o tamb\u00e9m \u00e9 bem servida de servi\u00e7os, estabelecimentos e pontos gastron\u00f4micos. H\u00e1 quiosques bem localizados na orla, bares, lanchonetes, restaurantes e muito mais. Assim, curtir momentos de lazer na Praia de Ipanema pode ainda proporcionar comodidades excelentes.<\/p>\n\n\n\n<h2 class=\"wp-block-heading\">Praia do Leblon<\/h2>\n\n\n\n<p>A <a href=\"https:\/\/invexo.com.br\/blog\/praia-do-leblon\/\" target=\"_blank\" rel=\"noreferrer noopener\">Praia do Leblon<\/a> \u00e9 conhecida por ser a orla mais badalada da Cidade Maravilhosa, principalmente pelo bairro exibir o status de ser o mais nobre da cidade. Seu belo cal\u00e7ad\u00e3o e sua infraestrutura sofisticada a tornam um local privilegiado para desfrutar do sol e do mar.<\/p>\n\n\n\n<p>Trata-se de um ref\u00fagio para fam\u00edlias que buscam tranquilidade. Suas \u00e1guas calmas s\u00e3o adequadas para mergulhos refrescantes ou para a pr\u00e1tica de stand-up paddle. A atra\u00e7\u00e3o tamb\u00e9m conta com uma areia fofa perfeita para esportes, como v\u00f4lei de areia, futev\u00f4lei e beach t\u00eanis. <\/p>\n\n\n\n<figure class=\"wp-block-image size-full\"><a href=\"https:\/\/luxury.invexo.com.br\/\" target=\"_blank\" rel=\"noreferrer noopener\"><img decoding=\"async\" width=\"1280\" height=\"720\" src=\"https:\/\/invexo.com.br\/blog\/wp-content\/uploads\/2021\/07\/praia-leblon-rio-de-janeiro.jpg\" alt=\"Praia Leblon Rio de Janeiro\" class=\"wp-image-34972\" srcset=\"https:\/\/invexo.com.br\/blog\/wp-content\/uploads\/2021\/07\/praia-leblon-rio-de-janeiro.jpg 1280w, https:\/\/invexo.com.br\/blog\/wp-content\/uploads\/2021\/07\/praia-leblon-rio-de-janeiro-300x169.jpg 300w, https:\/\/invexo.com.br\/blog\/wp-content\/uploads\/2021\/07\/praia-leblon-rio-de-janeiro-1024x576.jpg 1024w, https:\/\/invexo.com.br\/blog\/wp-content\/uploads\/2021\/07\/praia-leblon-rio-de-janeiro-768x432.jpg 768w, https:\/\/invexo.com.br\/blog\/wp-content\/uploads\/2021\/07\/praia-leblon-rio-de-janeiro-150x84.jpg 150w\" sizes=\"(max-width: 1280px) 100vw, 1280px\" \/><\/a><\/figure>\n\n\n\n<p>Al\u00e9m disso, a praia se situa ao lado de Ipanema, compartilhando o mesmo visual em seus cal\u00e7ad\u00f5es art\u00edsticos. A ciclovia entre os bairros tamb\u00e9m se conecta e possibilita passeios, corridas e caminhadas em ambas as regi\u00f5es. <\/p>\n\n\n\n<p>Visto que se situa pr\u00f3xima ao <a href=\"https:\/\/invexo.com.br\/blog\/parque-natural-municipal-penhasco-dois-irmaos\/\" target=\"_blank\" rel=\"noreferrer noopener\">Morro Dois Irm\u00e3os<\/a>, a Praia do Leblon oferece vistas agrad\u00e1veis tanto para as suas \u00e1guas cristalinas como para as belezas naturais ao redor. E, ainda em seu cal\u00e7ad\u00e3o, h\u00e1 mirantes que proporcionam vistas panor\u00e2micas encantadoras. <\/p>\n\n\n\n<p>Al\u00e9m do mais, o bairro Leblon \u00e9 um dos mais completos da capital carioca. Sua infraestrutura comercial torna poss\u00edvel o f\u00e1cil acesso a servi\u00e7os, shoppings, metr\u00f4 e com\u00e9rcios, que ficam bem pr\u00f3ximos da praia.<\/p>\n\n\n\n<p>Inclusive, por sua infraestrutura sofisticada, a regi\u00e3o concentra bares, bistr\u00f4s e restaurantes que atendem a todo tipo de prefer\u00eancia. H\u00e1 tanto ambientes requintados como informais e com clima perfeito para ir com os amigos e a fam\u00edlia, em especial ap\u00f3s curtir um dia de lazer na praia. <\/p>\n\n\n\n<h2 class=\"wp-block-heading\">Praia de S\u00e3o Conrado<\/h2>\n\n\n\n<p>S\u00e3o Conrado \u00e9 uma regi\u00e3o rodeada por montanhas e \u00e1reas de preserva\u00e7\u00e3o ambiental, como a famosa <a href=\"https:\/\/invexo.com.br\/blog\/pedra-da-gavea-veja-o-rj-de-cima\/\" target=\"_blank\" rel=\"noreferrer noopener\">Pedra da G\u00e1vea<\/a>, a Pedra Bonita, o Morro da Andorinha e o <a href=\"https:\/\/invexo.com.br\/blog\/parque-natural-municipal-penhasco-dois-irmaos\/\" target=\"_blank\" rel=\"noreferrer noopener\">Morro Dois Irm\u00e3os<\/a>. Por isso, visitar a <a href=\"https:\/\/invexo.com.br\/blog\/praia-sao-conrado\/\" target=\"_blank\" rel=\"noreferrer noopener\">Praia de S\u00e3o Conrado<\/a> \u00e9 ter acesso a um combo de paisagens encantadoras, desde o deslumbrante azul do seu mar at\u00e9 os belos tons de verde que se espalham pelos morros pr\u00f3ximos. <\/p>\n\n\n\n<p>O clima agrad\u00e1vel da praia \u00e9 um reflexo da atmosfera exclusiva do bairro, repleto de condom\u00ednios luxuosos. Os mais de 2 km de extens\u00e3o da orla de S\u00e3o Conrado tamb\u00e9m incluem a Praia do Pepino, conhecida por ser \u00e1rea de pouso de voo livre e asa delta que partem da rampa da Pedra Bonita.<\/p>\n\n\n\n<figure class=\"wp-block-embed is-type-video is-provider-youtube wp-block-embed-youtube wp-embed-aspect-16-9 wp-has-aspect-ratio\"><div class=\"wp-block-embed__wrapper\">\n<iframe title=\"PRAIA DE S\u00c3O CONRADO - RIO DE JANEIRO | O que fazer no Rio de Janeiro\" width=\"720\" height=\"405\" src=\"https:\/\/www.youtube.com\/embed\/G3KybGrfP14?feature=oembed\" frameborder=\"0\" allow=\"accelerometer; autoplay; clipboard-write; encrypted-media; gyroscope; picture-in-picture; web-share\" allowfullscreen><\/iframe>\n<\/div><\/figure>\n\n\n\n<p>Diferente das demais praias da cidade, a orla de S\u00e3o Conrado \u00e9 menos movimentada. Por\u00e9m, a atra\u00e7\u00e3o \u00e9 perfeita para a pr\u00e1tica de esportes ou para quem gosta de ir simplesmente para relaxar. O cal\u00e7ad\u00e3o local exibe o design de ondas caracter\u00edstico dos demais bairros cariocas, com uma extensa ciclovia sombreada por palmeiras e que \u00e9 adequada para passeios e caminhadas. <\/p>\n\n\n\n<p>Al\u00e9m disso, diversos servi\u00e7os, lojas e op\u00e7\u00f5es gastron\u00f4micas est\u00e3o acess\u00edveis a apenas alguns metros da Praia de S\u00e3o Conrado. As alternativas tornam poss\u00edvel aproveitar melhor o tempo para descanso e lazer na praia. <\/p>\n\n\n\n<h2 class=\"wp-block-heading\">Praia de Copacabana<\/h2>\n\n\n\n<p>A lend\u00e1ria <a href=\"https:\/\/invexo.com.br\/blog\/praia-de-copacabana\/\" target=\"_blank\" rel=\"noreferrer noopener\">Praia de Copacabana<\/a> \u00e9 parada obrigat\u00f3ria de todos os que decidem conhecer as atra\u00e7\u00f5es da Zona Sul. Sua extensa orla de 4,15 km com larga faixa de areia \u00e9 conhecida pelos espet\u00e1culos de cores que atraem milh\u00f5es de pessoas no R\u00e9veillon.<\/p>\n\n\n\n<p>E ainda, durante o carnaval, toda o Cal\u00e7ad\u00e3o de Copacabana ganha vida, se enche de cores e ritmos diferenciados, se transformando para receber desfiles de blocos carnavalescos. <\/p>\n\n\n\n<p>A praia tamb\u00e9m encanta com sua areia de tonalidade clara e pelo mar calmo. Diversas atividades e esportes s\u00e3o ideais para praticar e curtir enquanto se est\u00e1 de passagem pela praia. Inclusive, h\u00e1 diversas est\u00e1tuas que s\u00e3o singelas homenagens a artistas e cantores importantes para a hist\u00f3ria nacional.<\/p>\n\n\n\n<figure class=\"wp-block-image size-full\"><a href=\"https:\/\/luxury.invexo.com.br\/\" target=\"_blank\" rel=\"noreferrer noopener\"><img decoding=\"async\" width=\"1280\" height=\"720\" src=\"https:\/\/invexo.com.br\/blog\/wp-content\/uploads\/2023\/03\/praia-de-copacabana-o-que-fazer-em-copacabana-rio-de-janeiro.jpg\" alt=\"Praia de Copacabana O que fazer em Copacabana Rio de Janeiro\" class=\"wp-image-37448\" srcset=\"https:\/\/invexo.com.br\/blog\/wp-content\/uploads\/2023\/03\/praia-de-copacabana-o-que-fazer-em-copacabana-rio-de-janeiro.jpg 1280w, https:\/\/invexo.com.br\/blog\/wp-content\/uploads\/2023\/03\/praia-de-copacabana-o-que-fazer-em-copacabana-rio-de-janeiro-300x169.jpg 300w, https:\/\/invexo.com.br\/blog\/wp-content\/uploads\/2023\/03\/praia-de-copacabana-o-que-fazer-em-copacabana-rio-de-janeiro-1024x576.jpg 1024w, https:\/\/invexo.com.br\/blog\/wp-content\/uploads\/2023\/03\/praia-de-copacabana-o-que-fazer-em-copacabana-rio-de-janeiro-768x432.jpg 768w, https:\/\/invexo.com.br\/blog\/wp-content\/uploads\/2023\/03\/praia-de-copacabana-o-que-fazer-em-copacabana-rio-de-janeiro-150x84.jpg 150w\" sizes=\"(max-width: 1280px) 100vw, 1280px\" \/><\/a><\/figure>\n\n\n\n<p>Al\u00e9m disso, o bairro em si \u00e9 muito agrad\u00e1vel, repleto de hot\u00e9is e condom\u00ednios luxuosos, servi\u00e7os e com\u00e9rcios. A regi\u00e3o oferece qualidade de vida e \u00e9 segura, proporcionando uma atmosfera calorosa para aproveitar a praia e as op\u00e7\u00f5es gastron\u00f4micas pr\u00f3ximas. <\/p>\n\n\n\n<p>Inclusive, h\u00e1 uma ampla variedade de quiosques, restaurantes e bares em frente \u00e0 praia, que oferecem boa m\u00fasica ao vivo, menus tradicionais e pratos t\u00edpicos. Os estabelecimentos disp\u00f5em de ambientes agrad\u00e1veis para ir com a fam\u00edlia ou amigos, experimentar a famosa comida de boteco e aproveitar os bons momentos perto do mar. <\/p>\n\n\n\n<h2 class=\"wp-block-heading\">Praia do Arpoador<\/h2>\n\n\n\n<p>Situada em Ipanema, entre o Posto 8 e o Posto 7, a <a href=\"https:\/\/invexo.com.br\/blog\/praia-do-arpoador-ipanema-rj\/\" target=\"_blank\" rel=\"noreferrer noopener\">Praia do Arpoador<\/a> \u00e9 uma bela regi\u00e3o que desperta o interesse de surfistas. A regi\u00e3o \u00e9 caracter\u00edstica por suas ondas fortes que s\u00e3o perfeitas para a pr\u00e1tica esportiva. <\/p>\n\n\n\n<p>Mas, o verdadeiro destaque est\u00e1 em sua forma\u00e7\u00e3o rochosa que atrai, todos os dias, pessoas que desejam apreciar o p\u00f4r do sol. Durante d\u00e9cadas, ocorre uma tradi\u00e7\u00e3o no local: aplaudir o p\u00f4r do sol. E, basicamente, \u00e9 uma parada obrigat\u00f3ria de todo turista que se aventura na Zona Sul.<\/p>\n\n\n\n<p>Al\u00e9m disso, o ambiente animado que permeia a regi\u00e3o torna os momentos na praia ainda mais especiais. Sua areia macia, suas \u00e1guas claras e as vistas cativantes tornam a Praia do Arpoador um dos lugares mais espetaculares de toda a Zona Sul do Rio de Janeiro. <\/p>\n\n\n\n<figure class=\"wp-block-embed is-type-video is-provider-youtube wp-block-embed-youtube wp-embed-aspect-16-9 wp-has-aspect-ratio\"><div class=\"wp-block-embed__wrapper\">\n<iframe title=\"Praia do Arpoador - Bel\u00edssimo P\u00f4r do Sol.\" width=\"720\" height=\"405\" src=\"https:\/\/www.youtube.com\/embed\/-igT-1-oj7M?feature=oembed\" frameborder=\"0\" allow=\"accelerometer; autoplay; clipboard-write; encrypted-media; gyroscope; picture-in-picture; web-share\" allowfullscreen><\/iframe>\n<\/div><\/figure>\n\n\n\n<p>O bairro completa a experi\u00eancia \u00fanica de estar no Arpoador, visto que concede op\u00e7\u00f5es de restaurantes e servi\u00e7os \u00e0 beira-mar. E, como sua orla est\u00e1 conectada com a regi\u00e3o de Ipanema, a proximidade possibilita usufruir das op\u00e7\u00f5es gastron\u00f4micas do bairro. <\/p>\n\n\n\n<p>Al\u00e9m disso, h\u00e1 tamb\u00e9m um parque pr\u00f3ximo e uma homenagem no cal\u00e7ad\u00e3o que eterniza a bela <a href=\"https:\/\/invexo.com.br\/blog\/estatua-de-tom-jobim-ipanema\/\" target=\"_blank\" rel=\"noreferrer noopener\">est\u00e1tua de Tom Jobim<\/a>, situando-se a apenas 500 metros do <a href=\"https:\/\/invexo.com.br\/blog\/forte-de-copacabana\/\" target=\"_blank\" rel=\"noreferrer noopener\">Forte de Copacabana<\/a>. <\/p>\n\n\n\n<p>Enfim, a Zona Sul est\u00e1 repleta de praias deslumbrantes e n\u00e3o h\u00e1 desculpa para n\u00e3o as conhecer, seja voc\u00ea morador ou turista. Novas experi\u00eancias, sensa\u00e7\u00f5es e paisagens encantadoras aguardam quem opta por passar pelas incr\u00edveis orlas cariocas. <\/p>\n\n\n\n<h2 class=\"wp-block-heading\">Apartamentos com vista-mar no Rio de Janeiro<\/h2>\n\n\n\n<p>O Rio de Janeiro, certamente, re\u00fane \u00e1reas naturais que surpreendem e cativam. N\u00e3o \u00e9 \u00e0 toa que seus bairros litor\u00e2neos s\u00e3o os mais visados para moradia e exibem alta valoriza\u00e7\u00e3o imobili\u00e1ria. Morar na Cidade Maravilhosa \u00e9 sonho de muitas fam\u00edlias e quem j\u00e1 mora no Rio tamb\u00e9m n\u00e3o se acostuma com suas belezas \u00edmpares.<\/p>\n\n\n\n<p>Se voc\u00ea e sua fam\u00edlia compartilham desse desejo, saiba que h\u00e1 diversos apartamentos e coberturas com vista para o mar \u00e0 venda e que contam com localiza\u00e7\u00f5es privilegiadas nos mais diversos bairros cariocas. Inclusive, im\u00f3veis situados \u00e0 beira-mar apresentam grande procura, tanto por parte de investidores como por quem quer se estabelecer na regi\u00e3o. <\/p>\n\n\n\n<p>Orlas como a de Ipanema, do Leblon, de S\u00e3o Conrado e de Copacabana, na Zona Sul, contam com im\u00f3veis amplos e sofisticados com vista panor\u00e2mica para o mar. Outras regi\u00f5es tamb\u00e9m apresentam apartamentos incr\u00edveis \u00e0 beira-mar, como Barra da Tijuca, Jardim Oce\u00e2nico e Botafogo. <\/p>\n\n\n\n<p>Os im\u00f3veis se inserem em condom\u00ednios residenciais imponentes, com infraestruturas completas que re\u00fanem tudo o que \u00e9 essencial para o cotidiano. Suas localiza\u00e7\u00f5es ainda disp\u00f5em de comodidades excelentes e aproximam os moradores de servi\u00e7os, com\u00e9rcios, op\u00e7\u00f5es de lazer e de outras atra\u00e7\u00f5es tur\u00edsticas.<\/p>\n\n\n\n<p>Assim, os privil\u00e9gios de morar \u00e0 beira-mar no Rio de Janeiro v\u00e3o al\u00e9m de vistas eternizadas. Os moradores desfrutam de qualidade de vida, praticidades, mais privacidade e de verdadeiro conforto. <\/p>\n\n\n\n<p>Se voc\u00ea busca por uma imobili\u00e1ria especializada em <a rel=\"noreferrer noopener\" href=\"https:\/\/luxury.invexo.com.br\/imoveis-zona-sul-rio-de-janeiro-rj\/?utm_source=blog&amp;utm_medium=blocofim\" target=\"_blank\">im\u00f3veis na Zona Sul do Rio de Janeiro<\/a>, conhe\u00e7a o trabalho da Invexo, confira nossa lista de im\u00f3veis \u00e0 venda e entre em contato com um de nossos especialistas. Atuamos desde 2010 com o diferencial do atendimento personalizado com um corretor por im\u00f3vel, proporcionando assim uma experi\u00eancia \u00fanica a todos que desejam comprar um im\u00f3vel no Leblon, em Ipanema, na Lagoa, em Copacabana, em Botafogo e demais bairros da Zona Sul.<\/p>\n\n\n<div class=\"\"><div class='_form_2'><\/div><script type='text\/javascript' src='https:\/\/invexo.activehosted.com\/f\/embed.php?static=0&id=2&69F128DA622A9&nostyles=0&preview=0'><\/script><\/div>\n\n\n<figure class=\"wp-block-image size-full\"><a href=\"https:\/\/luxury.invexo.com.br\/imoveis-zona-sul-rio-de-janeiro-rj\/?utm_source=blog&amp;utm_medium=blocofim\" target=\"_blank\" rel=\"noreferrer noopener\"><img decoding=\"async\" width=\"1300\" height=\"280\" src=\"https:\/\/invexo.com.br\/blog\/wp-content\/uploads\/2023\/06\/os-melhores-imoveis-de-luxo-a-venda-em-zona-sul-rio-de-janeiro.jpg\" alt=\"Im\u00f3veis de luxo na Zona Sul do Rio de Janeiro\" class=\"wp-image-39174\" srcset=\"https:\/\/invexo.com.br\/blog\/wp-content\/uploads\/2023\/06\/os-melhores-imoveis-de-luxo-a-venda-em-zona-sul-rio-de-janeiro.jpg 1300w, https:\/\/invexo.com.br\/blog\/wp-content\/uploads\/2023\/06\/os-melhores-imoveis-de-luxo-a-venda-em-zona-sul-rio-de-janeiro-300x65.jpg 300w, https:\/\/invexo.com.br\/blog\/wp-content\/uploads\/2023\/06\/os-melhores-imoveis-de-luxo-a-venda-em-zona-sul-rio-de-janeiro-1024x221.jpg 1024w, https:\/\/invexo.com.br\/blog\/wp-content\/uploads\/2023\/06\/os-melhores-imoveis-de-luxo-a-venda-em-zona-sul-rio-de-janeiro-768x165.jpg 768w, https:\/\/invexo.com.br\/blog\/wp-content\/uploads\/2023\/06\/os-melhores-imoveis-de-luxo-a-venda-em-zona-sul-rio-de-janeiro-150x32.jpg 150w\" sizes=\"(max-width: 1300px) 100vw, 1300px\" \/><\/a><\/figure>\n","protected":false},"excerpt":{"rendered":"<p>Cada praia da Zona Sul do Rio de Janeiro \u00e9 um ref\u00fagio perfeito. Com areias douradas e \u00e1guas cristalinas, elas encantam milhares de turistas.<\/p>\n","protected":false},"author":2,"featured_media":35222,"comment_status":"closed","ping_status":"closed","sticky":false,"template":"","format":"standard","meta":{"_acf_changed":false,"_kad_blocks_custom_css":"","_kad_blocks_head_custom_js":"","_kad_blocks_body_custom_js":"","_kad_blocks_footer_custom_js":"","_kadence_starter_templates_imported_post":false,"_kad_post_transparent":"","_kad_post_title":"","_kad_post_layout":"","_kad_post_sidebar_id":"","_kad_post_content_style":"","_kad_post_vertical_padding":"","_kad_post_feature":"","_kad_post_feature_position":"","_kad_post_header":false,"_kad_post_footer":false,"footnotes":""},"categories":[10,15],"tags":[803],"acf":[],"yoast_head":"<!-- This site is optimized with the Yoast SEO plugin v24.1 - https:\/\/yoast.com\/wordpress\/plugins\/seo\/ -->\n<title>Qual \u00e9 a praia mais bonita da Zona sul do Rio de Janeiro?<\/title>\n<meta name=\"description\" content=\"Cada praia da Zona Sul do Rio de Janeiro \u00e9 um ref\u00fagio perfeito. Com areias douradas e \u00e1guas cristalinas, elas encantam milhares de turistas.\" \/>\n<meta name=\"robots\" content=\"index, follow, max-snippet:-1, max-image-preview:large, max-video-preview:-1\" \/>\n<link rel=\"canonical\" href=\"https:\/\/invexo.com.br\/blog\/praia-zona-sul-rio-de-janeiro\/\" \/>\n<meta property=\"og:locale\" content=\"pt_BR\" \/>\n<meta property=\"og:type\" content=\"article\" \/>\n<meta property=\"og:title\" content=\"Qual \u00e9 a praia mais bonita da Zona sul do Rio de Janeiro?\" \/>\n<meta property=\"og:description\" content=\"Cada praia da Zona Sul do Rio de Janeiro \u00e9 um ref\u00fagio perfeito. Com areias douradas e \u00e1guas cristalinas, elas encantam milhares de turistas.\" \/>\n<meta property=\"og:url\" content=\"https:\/\/invexo.com.br\/blog\/praia-zona-sul-rio-de-janeiro\/\" \/>\n<meta property=\"og:site_name\" content=\"Not\u00edcias RJ\" \/>\n<meta property=\"article:publisher\" content=\"https:\/\/facebook.com\/invexo\" \/>\n<meta property=\"article:author\" content=\"https:\/\/facebook.com\/invexo\" \/>\n<meta property=\"article:published_time\" content=\"2023-06-30T20:00:00+00:00\" \/>\n<meta property=\"article:modified_time\" content=\"2023-05-30T21:23:21+00:00\" \/>\n<meta property=\"og:image\" content=\"https:\/\/invexo.com.br\/blog\/wp-content\/uploads\/2023\/02\/praia-flamengo-rio-de-janeiro.jpg\" \/>\n\t<meta property=\"og:image:width\" content=\"1280\" \/>\n\t<meta property=\"og:image:height\" content=\"720\" \/>\n\t<meta property=\"og:image:type\" content=\"image\/jpeg\" \/>\n<meta name=\"author\" content=\"Ronnie Possatti\" \/>\n<meta name=\"twitter:card\" content=\"summary_large_image\" \/>\n<meta name=\"twitter:creator\" content=\"@https:\/\/twitter.com\/invexoimoveis\" \/>\n<meta name=\"twitter:site\" content=\"@invexoimoveis\" \/>\n<meta name=\"twitter:label1\" content=\"Escrito por\" \/>\n\t<meta name=\"twitter:data1\" content=\"Ronnie Possatti\" \/>\n\t<meta name=\"twitter:label2\" content=\"Est. tempo de leitura\" \/>\n\t<meta name=\"twitter:data2\" content=\"10 minutos\" \/>\n<script type=\"application\/ld+json\" class=\"yoast-schema-graph\">{\"@context\":\"https:\/\/schema.org\",\"@graph\":[{\"@type\":\"Article\",\"@id\":\"https:\/\/invexo.com.br\/blog\/praia-zona-sul-rio-de-janeiro\/#article\",\"isPartOf\":{\"@id\":\"https:\/\/invexo.com.br\/blog\/praia-zona-sul-rio-de-janeiro\/\"},\"author\":{\"name\":\"Ronnie Possatti\",\"@id\":\"https:\/\/invexo.com.br\/blog\/#\/schema\/person\/36bee32f1cfacde03dc4c9622a58778d\"},\"headline\":\"Melhores praias da Zona Sul do Rio de Janeiro\",\"datePublished\":\"2023-06-30T20:00:00+00:00\",\"dateModified\":\"2023-05-30T21:23:21+00:00\",\"mainEntityOfPage\":{\"@id\":\"https:\/\/invexo.com.br\/blog\/praia-zona-sul-rio-de-janeiro\/\"},\"wordCount\":1790,\"publisher\":{\"@id\":\"https:\/\/invexo.com.br\/blog\/#organization\"},\"image\":{\"@id\":\"https:\/\/invexo.com.br\/blog\/praia-zona-sul-rio-de-janeiro\/#primaryimage\"},\"thumbnailUrl\":\"https:\/\/invexo.com.br\/blog\/wp-content\/uploads\/2023\/02\/praia-flamengo-rio-de-janeiro.jpg\",\"keywords\":[\"Zona Sul\"],\"articleSection\":[\"Bairros\",\"Informa\u00e7\u00f5es\"],\"inLanguage\":\"pt-BR\"},{\"@type\":\"WebPage\",\"@id\":\"https:\/\/invexo.com.br\/blog\/praia-zona-sul-rio-de-janeiro\/\",\"url\":\"https:\/\/invexo.com.br\/blog\/praia-zona-sul-rio-de-janeiro\/\",\"name\":\"Qual \u00e9 a praia mais bonita da Zona sul do Rio de Janeiro?\",\"isPartOf\":{\"@id\":\"https:\/\/invexo.com.br\/blog\/#website\"},\"primaryImageOfPage\":{\"@id\":\"https:\/\/invexo.com.br\/blog\/praia-zona-sul-rio-de-janeiro\/#primaryimage\"},\"image\":{\"@id\":\"https:\/\/invexo.com.br\/blog\/praia-zona-sul-rio-de-janeiro\/#primaryimage\"},\"thumbnailUrl\":\"https:\/\/invexo.com.br\/blog\/wp-content\/uploads\/2023\/02\/praia-flamengo-rio-de-janeiro.jpg\",\"datePublished\":\"2023-06-30T20:00:00+00:00\",\"dateModified\":\"2023-05-30T21:23:21+00:00\",\"description\":\"Cada praia da Zona Sul do Rio de Janeiro \u00e9 um ref\u00fagio perfeito. Com areias douradas e \u00e1guas cristalinas, elas encantam milhares de turistas.\",\"breadcrumb\":{\"@id\":\"https:\/\/invexo.com.br\/blog\/praia-zona-sul-rio-de-janeiro\/#breadcrumb\"},\"inLanguage\":\"pt-BR\",\"potentialAction\":[{\"@type\":\"ReadAction\",\"target\":[\"https:\/\/invexo.com.br\/blog\/praia-zona-sul-rio-de-janeiro\/\"]}]},{\"@type\":\"ImageObject\",\"inLanguage\":\"pt-BR\",\"@id\":\"https:\/\/invexo.com.br\/blog\/praia-zona-sul-rio-de-janeiro\/#primaryimage\",\"url\":\"https:\/\/invexo.com.br\/blog\/wp-content\/uploads\/2023\/02\/praia-flamengo-rio-de-janeiro.jpg\",\"contentUrl\":\"https:\/\/invexo.com.br\/blog\/wp-content\/uploads\/2023\/02\/praia-flamengo-rio-de-janeiro.jpg\",\"width\":1280,\"height\":720,\"caption\":\"Praia Im\u00f3veis no Flamengo Rio de Janeiro\"},{\"@type\":\"BreadcrumbList\",\"@id\":\"https:\/\/invexo.com.br\/blog\/praia-zona-sul-rio-de-janeiro\/#breadcrumb\",\"itemListElement\":[{\"@type\":\"ListItem\",\"position\":1,\"name\":\"Blog\",\"item\":\"https:\/\/invexo.com.br\/blog\/\"},{\"@type\":\"ListItem\",\"position\":2,\"name\":\"Bairros\",\"item\":\"https:\/\/invexo.com.br\/blog\/categoria\/bairros\/\"},{\"@type\":\"ListItem\",\"position\":3,\"name\":\"Melhores praias da Zona Sul do Rio de Janeiro\"}]},{\"@type\":\"WebSite\",\"@id\":\"https:\/\/invexo.com.br\/blog\/#website\",\"url\":\"https:\/\/invexo.com.br\/blog\/\",\"name\":\"Not\u00edcias RJ\",\"description\":\"Not\u00edcias sobre im\u00f3veis, financiamento, mercado imobili\u00e1rio do Rio de Janeiro. Informa\u00e7\u00f5es sobre Bairros, Condom\u00ednios e Regi\u00e3o do Rio de Janeiro.\",\"publisher\":{\"@id\":\"https:\/\/invexo.com.br\/blog\/#organization\"},\"potentialAction\":[{\"@type\":\"SearchAction\",\"target\":{\"@type\":\"EntryPoint\",\"urlTemplate\":\"https:\/\/invexo.com.br\/blog\/?s={search_term_string}\"},\"query-input\":{\"@type\":\"PropertyValueSpecification\",\"valueRequired\":true,\"valueName\":\"search_term_string\"}}],\"inLanguage\":\"pt-BR\"},{\"@type\":\"Organization\",\"@id\":\"https:\/\/invexo.com.br\/blog\/#organization\",\"name\":\"INVEXO Imobili\u00e1ria\",\"url\":\"https:\/\/invexo.com.br\/blog\/\",\"logo\":{\"@type\":\"ImageObject\",\"inLanguage\":\"pt-BR\",\"@id\":\"https:\/\/invexo.com.br\/blog\/#\/schema\/logo\/image\/\",\"url\":\"https:\/\/invexo.com.br\/blog\/wp-content\/uploads\/2018\/09\/invexo-80-melhor.png\",\"contentUrl\":\"https:\/\/invexo.com.br\/blog\/wp-content\/uploads\/2018\/09\/invexo-80-melhor.png\",\"width\":247,\"height\":80,\"caption\":\"INVEXO Imobili\u00e1ria\"},\"image\":{\"@id\":\"https:\/\/invexo.com.br\/blog\/#\/schema\/logo\/image\/\"},\"sameAs\":[\"https:\/\/facebook.com\/invexo\",\"https:\/\/x.com\/invexoimoveis\"]},{\"@type\":\"Person\",\"@id\":\"https:\/\/invexo.com.br\/blog\/#\/schema\/person\/36bee32f1cfacde03dc4c9622a58778d\",\"name\":\"Ronnie Possatti\",\"image\":{\"@type\":\"ImageObject\",\"inLanguage\":\"pt-BR\",\"@id\":\"https:\/\/invexo.com.br\/blog\/#\/schema\/person\/image\/\",\"url\":\"https:\/\/secure.gravatar.com\/avatar\/51a6cdcc215551235c39affb853f1e38?s=96&d=blank&r=g\",\"contentUrl\":\"https:\/\/secure.gravatar.com\/avatar\/51a6cdcc215551235c39affb853f1e38?s=96&d=blank&r=g\",\"caption\":\"Ronnie Possatti\"},\"description\":\"Equipe de especialistas que traz para seus leitores conte\u00fados relevantes e de qualidade sobre bairros, condom\u00ednios, lan\u00e7amentos e not\u00edcias imobili\u00e1rias no Rio de Janeiro.\",\"sameAs\":[\"https:\/\/facebook.com\/invexo\",\"https:\/\/instagram.com\/invexo\",\"https:\/\/x.com\/https:\/\/twitter.com\/invexoimoveis\"],\"url\":\"https:\/\/invexo.com.br\/blog\/author\/invexo\/\"}]}<\/script>\n<!-- \/ Yoast SEO plugin. -->","yoast_head_json":{"title":"Qual \u00e9 a praia mais bonita da Zona sul do Rio de Janeiro?","description":"Cada praia da Zona Sul do Rio de Janeiro \u00e9 um ref\u00fagio perfeito. Com areias douradas e \u00e1guas cristalinas, elas encantam milhares de turistas.","robots":{"index":"index","follow":"follow","max-snippet":"max-snippet:-1","max-image-preview":"max-image-preview:large","max-video-preview":"max-video-preview:-1"},"canonical":"https:\/\/invexo.com.br\/blog\/praia-zona-sul-rio-de-janeiro\/","og_locale":"pt_BR","og_type":"article","og_title":"Qual \u00e9 a praia mais bonita da Zona sul do Rio de Janeiro?","og_description":"Cada praia da Zona Sul do Rio de Janeiro \u00e9 um ref\u00fagio perfeito. Com areias douradas e \u00e1guas cristalinas, elas encantam milhares de turistas.","og_url":"https:\/\/invexo.com.br\/blog\/praia-zona-sul-rio-de-janeiro\/","og_site_name":"Not\u00edcias RJ","article_publisher":"https:\/\/facebook.com\/invexo","article_author":"https:\/\/facebook.com\/invexo","article_published_time":"2023-06-30T20:00:00+00:00","article_modified_time":"2023-05-30T21:23:21+00:00","og_image":[{"width":1280,"height":720,"url":"https:\/\/invexo.com.br\/blog\/wp-content\/uploads\/2023\/02\/praia-flamengo-rio-de-janeiro.jpg","type":"image\/jpeg"}],"author":"Ronnie Possatti","twitter_card":"summary_large_image","twitter_creator":"@https:\/\/twitter.com\/invexoimoveis","twitter_site":"@invexoimoveis","twitter_misc":{"Escrito por":"Ronnie Possatti","Est. tempo de leitura":"10 minutos"},"schema":{"@context":"https:\/\/schema.org","@graph":[{"@type":"Article","@id":"https:\/\/invexo.com.br\/blog\/praia-zona-sul-rio-de-janeiro\/#article","isPartOf":{"@id":"https:\/\/invexo.com.br\/blog\/praia-zona-sul-rio-de-janeiro\/"},"author":{"name":"Ronnie Possatti","@id":"https:\/\/invexo.com.br\/blog\/#\/schema\/person\/36bee32f1cfacde03dc4c9622a58778d"},"headline":"Melhores praias da Zona Sul do Rio de Janeiro","datePublished":"2023-06-30T20:00:00+00:00","dateModified":"2023-05-30T21:23:21+00:00","mainEntityOfPage":{"@id":"https:\/\/invexo.com.br\/blog\/praia-zona-sul-rio-de-janeiro\/"},"wordCount":1790,"publisher":{"@id":"https:\/\/invexo.com.br\/blog\/#organization"},"image":{"@id":"https:\/\/invexo.com.br\/blog\/praia-zona-sul-rio-de-janeiro\/#primaryimage"},"thumbnailUrl":"https:\/\/invexo.com.br\/blog\/wp-content\/uploads\/2023\/02\/praia-flamengo-rio-de-janeiro.jpg","keywords":["Zona Sul"],"articleSection":["Bairros","Informa\u00e7\u00f5es"],"inLanguage":"pt-BR"},{"@type":"WebPage","@id":"https:\/\/invexo.com.br\/blog\/praia-zona-sul-rio-de-janeiro\/","url":"https:\/\/invexo.com.br\/blog\/praia-zona-sul-rio-de-janeiro\/","name":"Qual \u00e9 a praia mais bonita da Zona sul do Rio de Janeiro?","isPartOf":{"@id":"https:\/\/invexo.com.br\/blog\/#website"},"primaryImageOfPage":{"@id":"https:\/\/invexo.com.br\/blog\/praia-zona-sul-rio-de-janeiro\/#primaryimage"},"image":{"@id":"https:\/\/invexo.com.br\/blog\/praia-zona-sul-rio-de-janeiro\/#primaryimage"},"thumbnailUrl":"https:\/\/invexo.com.br\/blog\/wp-content\/uploads\/2023\/02\/praia-flamengo-rio-de-janeiro.jpg","datePublished":"2023-06-30T20:00:00+00:00","dateModified":"2023-05-30T21:23:21+00:00","description":"Cada praia da Zona Sul do Rio de Janeiro \u00e9 um ref\u00fagio perfeito. Com areias douradas e \u00e1guas cristalinas, elas encantam milhares de turistas.","breadcrumb":{"@id":"https:\/\/invexo.com.br\/blog\/praia-zona-sul-rio-de-janeiro\/#breadcrumb"},"inLanguage":"pt-BR","potentialAction":[{"@type":"ReadAction","target":["https:\/\/invexo.com.br\/blog\/praia-zona-sul-rio-de-janeiro\/"]}]},{"@type":"ImageObject","inLanguage":"pt-BR","@id":"https:\/\/invexo.com.br\/blog\/praia-zona-sul-rio-de-janeiro\/#primaryimage","url":"https:\/\/invexo.com.br\/blog\/wp-content\/uploads\/2023\/02\/praia-flamengo-rio-de-janeiro.jpg","contentUrl":"https:\/\/invexo.com.br\/blog\/wp-content\/uploads\/2023\/02\/praia-flamengo-rio-de-janeiro.jpg","width":1280,"height":720,"caption":"Praia Im\u00f3veis no Flamengo Rio de Janeiro"},{"@type":"BreadcrumbList","@id":"https:\/\/invexo.com.br\/blog\/praia-zona-sul-rio-de-janeiro\/#breadcrumb","itemListElement":[{"@type":"ListItem","position":1,"name":"Blog","item":"https:\/\/invexo.com.br\/blog\/"},{"@type":"ListItem","position":2,"name":"Bairros","item":"https:\/\/invexo.com.br\/blog\/categoria\/bairros\/"},{"@type":"ListItem","position":3,"name":"Melhores praias da Zona Sul do Rio de Janeiro"}]},{"@type":"WebSite","@id":"https:\/\/invexo.com.br\/blog\/#website","url":"https:\/\/invexo.com.br\/blog\/","name":"Not\u00edcias RJ","description":"Not\u00edcias sobre im\u00f3veis, financiamento, mercado imobili\u00e1rio do Rio de Janeiro. Informa\u00e7\u00f5es sobre Bairros, Condom\u00ednios e Regi\u00e3o do Rio de Janeiro.","publisher":{"@id":"https:\/\/invexo.com.br\/blog\/#organization"},"potentialAction":[{"@type":"SearchAction","target":{"@type":"EntryPoint","urlTemplate":"https:\/\/invexo.com.br\/blog\/?s={search_term_string}"},"query-input":{"@type":"PropertyValueSpecification","valueRequired":true,"valueName":"search_term_string"}}],"inLanguage":"pt-BR"},{"@type":"Organization","@id":"https:\/\/invexo.com.br\/blog\/#organization","name":"INVEXO Imobili\u00e1ria","url":"https:\/\/invexo.com.br\/blog\/","logo":{"@type":"ImageObject","inLanguage":"pt-BR","@id":"https:\/\/invexo.com.br\/blog\/#\/schema\/logo\/image\/","url":"https:\/\/invexo.com.br\/blog\/wp-content\/uploads\/2018\/09\/invexo-80-melhor.png","contentUrl":"https:\/\/invexo.com.br\/blog\/wp-content\/uploads\/2018\/09\/invexo-80-melhor.png","width":247,"height":80,"caption":"INVEXO Imobili\u00e1ria"},"image":{"@id":"https:\/\/invexo.com.br\/blog\/#\/schema\/logo\/image\/"},"sameAs":["https:\/\/facebook.com\/invexo","https:\/\/x.com\/invexoimoveis"]},{"@type":"Person","@id":"https:\/\/invexo.com.br\/blog\/#\/schema\/person\/36bee32f1cfacde03dc4c9622a58778d","name":"Ronnie Possatti","image":{"@type":"ImageObject","inLanguage":"pt-BR","@id":"https:\/\/invexo.com.br\/blog\/#\/schema\/person\/image\/","url":"https:\/\/secure.gravatar.com\/avatar\/51a6cdcc215551235c39affb853f1e38?s=96&d=blank&r=g","contentUrl":"https:\/\/secure.gravatar.com\/avatar\/51a6cdcc215551235c39affb853f1e38?s=96&d=blank&r=g","caption":"Ronnie Possatti"},"description":"Equipe de especialistas que traz para seus leitores conte\u00fados relevantes e de qualidade sobre bairros, condom\u00ednios, lan\u00e7amentos e not\u00edcias imobili\u00e1rias no Rio de Janeiro.","sameAs":["https:\/\/facebook.com\/invexo","https:\/\/instagram.com\/invexo","https:\/\/x.com\/https:\/\/twitter.com\/invexoimoveis"],"url":"https:\/\/invexo.com.br\/blog\/author\/invexo\/"}]}},"taxonomy_info":{"category":[{"value":10,"label":"Bairros"},{"value":15,"label":"Informa\u00e7\u00f5es"}],"post_tag":[{"value":803,"label":"Zona Sul"}]},"featured_image_src_large":["https:\/\/invexo.com.br\/blog\/wp-content\/uploads\/2023\/02\/praia-flamengo-rio-de-janeiro-1024x576.jpg",1024,576,true],"author_info":{"display_name":"Ronnie Possatti","author_link":"https:\/\/invexo.com.br\/blog\/author\/invexo\/"},"comment_info":0,"category_info":[{"term_id":10,"name":"Bairros","slug":"bairros","term_group":0,"term_taxonomy_id":10,"taxonomy":"category","description":"Not\u00edcias sobre estabelecimentos nos melhores bairros para se morar no Rio de Janeiro.","parent":0,"count":1354,"filter":"raw","cat_ID":10,"category_count":1354,"category_description":"Not\u00edcias sobre estabelecimentos nos melhores bairros para se morar no Rio de Janeiro.","cat_name":"Bairros","category_nicename":"bairros","category_parent":0},{"term_id":15,"name":"Informa\u00e7\u00f5es","slug":"informacoes","term_group":0,"term_taxonomy_id":15,"taxonomy":"category","description":"Informa\u00e7\u00f5es, experi\u00eancia nos melhores estabelecimentos em bairros nobres para se viver no Rio de Janeiro. Tudo sobre cultura, entretenimento e lazer.","parent":0,"count":1297,"filter":"raw","cat_ID":15,"category_count":1297,"category_description":"Informa\u00e7\u00f5es, experi\u00eancia nos melhores estabelecimentos em bairros nobres para se viver no Rio de Janeiro. Tudo sobre cultura, entretenimento e lazer.","cat_name":"Informa\u00e7\u00f5es","category_nicename":"informacoes","category_parent":0}],"tag_info":[{"term_id":803,"name":"Zona Sul","slug":"zona-sul","term_group":0,"term_taxonomy_id":803,"taxonomy":"post_tag","description":"","parent":0,"count":15,"filter":"raw"}],"_links":{"self":[{"href":"https:\/\/invexo.com.br\/blog\/wp-json\/wp\/v2\/posts\/39183"}],"collection":[{"href":"https:\/\/invexo.com.br\/blog\/wp-json\/wp\/v2\/posts"}],"about":[{"href":"https:\/\/invexo.com.br\/blog\/wp-json\/wp\/v2\/types\/post"}],"author":[{"embeddable":true,"href":"https:\/\/invexo.com.br\/blog\/wp-json\/wp\/v2\/users\/2"}],"replies":[{"embeddable":true,"href":"https:\/\/invexo.com.br\/blog\/wp-json\/wp\/v2\/comments?post=39183"}],"version-history":[{"count":55,"href":"https:\/\/invexo.com.br\/blog\/wp-json\/wp\/v2\/posts\/39183\/revisions"}],"predecessor-version":[{"id":39352,"href":"https:\/\/invexo.com.br\/blog\/wp-json\/wp\/v2\/posts\/39183\/revisions\/39352"}],"wp:featuredmedia":[{"embeddable":true,"href":"https:\/\/invexo.com.br\/blog\/wp-json\/wp\/v2\/media\/35222"}],"wp:attachment":[{"href":"https:\/\/invexo.com.br\/blog\/wp-json\/wp\/v2\/media?parent=39183"}],"wp:term":[{"taxonomy":"category","embeddable":true,"href":"https:\/\/invexo.com.br\/blog\/wp-json\/wp\/v2\/categories?post=39183"},{"taxonomy":"post_tag","embeddable":true,"href":"https:\/\/invexo.com.br\/blog\/wp-json\/wp\/v2\/tags?post=39183"}],"curies":[{"name":"wp","href":"https:\/\/api.w.org\/{rel}","templated":true}]}}