{"id":3887,"date":"2022-10-18T09:57:00","date_gmt":"2022-10-18T12:57:00","guid":{"rendered":"https:\/\/invexo.com.br\/blog\/?p=3887"},"modified":"2022-11-22T09:48:34","modified_gmt":"2022-11-22T12:48:34","slug":"jardim-oceanico-na-barra-da-tijuca","status":"publish","type":"post","link":"https:\/\/invexo.com.br\/blog\/jardim-oceanico-na-barra-da-tijuca\/","title":{"rendered":"Jardim Oce\u00e2nico na Barra da Tijuca"},"content":{"rendered":"\n<p>O <strong>Jardim Oce\u00e2nico na Barra da Tijuca<\/strong> \u00e9 uma das regi\u00f5es mais privilegiadas e completas da Zona Oeste do Rio de Janeiro. <\/p>\n\n\n\n<p>Amplo e sofisticado, o local existe como um sub-bairro de luxo na Barra e tem uma infraestrutura completa, atendendo aos moradores que querem seguran\u00e7a, bem-estar e viver em um local confort\u00e1vel. <\/p>\n\n\n\n<!--more-->\n\n\n\n<h2 class=\"wp-block-heading\">Jardim Oce\u00e2nico Barra da Tijuca<\/h2>\n\n\n\n<p>O Jardim Oce\u00e2nico na Barra da Tijuca se destaca por ter um com\u00e9rcio ativo e repleto de lojas e servi\u00e7os essenciais para os moradores, com v\u00e1rias op\u00e7\u00f5es de <a href=\"https:\/\/invexo.com.br\/blog\/restaurante-barra-da-tijuca\/\" target=\"_blank\" rel=\"noreferrer noopener\">restaurantes<\/a>, bares, supermercados, ag\u00eancias banc\u00e1rias e tudo o que \u00e9 necess\u00e1rio para viver bem.<\/p>\n\n\n\n<p>Por isso, os moradores do Jardim Oce\u00e2nico n\u00e3o precisam percorrer longas dist\u00e2ncias para ir \u00e0 farm\u00e1cia ou a uma cafeteria, por exemplo. Tudo est\u00e1 bem pr\u00f3ximo e com f\u00e1cil acesso, deixando o dia a dia bem mais tranquilo e confort\u00e1vel.<\/p>\n\n\n\n<p>Este sub-bairro da Barra da Tijuca tem excelente infraestrutura e im\u00f3veis muito amplos e sofisticados. <\/p>\n\n\n\n<p>\u00c9 uma \u00e1rea de alto padr\u00e3o, com \u00f3timo planejamento urbano e vigil\u00e2ncia privada, para oferecer aos moradores total tranquilidade e comodidade. <\/p>\n\n\n\n<p>Os im\u00f3veis sofisticados, modernos e funcionais completam a tarefa de fazer com que o bairro seja um local perfeito para moradores e visitantes. Conhe\u00e7a j\u00e1 os <a href=\"https:\/\/luxury.invexo.com.br\/bairro\/jardim-oceanico\/?utm_source=blog&amp;utm_medium=blocofim\" target=\"_blank\" rel=\"noreferrer noopener\">im\u00f3veis de luxo no Jardim Oce\u00e2nico<\/a>, \u00e1rea nobre na Barra da Tijuca, no Rio de Janeiro.<\/p>\n\n\n\n<figure class=\"wp-block-image size-full\"><a href=\"https:\/\/luxury.invexo.com.br\/bairro\/jardim-oceanico\/?utm_source=blog&amp;utm_medium=blocofim\" target=\"_blank\" rel=\"noopener noreferrer\"><img decoding=\"async\" width=\"1300\" height=\"280\" src=\"https:\/\/invexo.com.br\/blog\/wp-content\/uploads\/2021\/05\/imoveis-de-luxo-jardim-oceanico.jpg\" alt=\"Im\u00f3veis de luxo no Jardim Oce\u00e2nico Barra da Tijuca\" class=\"wp-image-30968\" srcset=\"https:\/\/invexo.com.br\/blog\/wp-content\/uploads\/2021\/05\/imoveis-de-luxo-jardim-oceanico.jpg 1300w, https:\/\/invexo.com.br\/blog\/wp-content\/uploads\/2021\/05\/imoveis-de-luxo-jardim-oceanico-300x65.jpg 300w, https:\/\/invexo.com.br\/blog\/wp-content\/uploads\/2021\/05\/imoveis-de-luxo-jardim-oceanico-1024x221.jpg 1024w, https:\/\/invexo.com.br\/blog\/wp-content\/uploads\/2021\/05\/imoveis-de-luxo-jardim-oceanico-768x165.jpg 768w, https:\/\/invexo.com.br\/blog\/wp-content\/uploads\/2021\/05\/imoveis-de-luxo-jardim-oceanico-150x32.jpg 150w\" sizes=\"(max-width: 1300px) 100vw, 1300px\" \/><\/a><\/figure>\n\n\n\n<p>A regi\u00e3o tamb\u00e9m conta com lan\u00e7amentos residenciais (im\u00f3veis na planta, em constru\u00e7\u00e3o) na regi\u00e3o do Jardim Oce\u00e2nico:<\/p>\n\n\n\n<ul><li><a href=\"https:\/\/invexo.com.br\/lancamento\/singular-jardim-oceanico\/\">Singular Jardim Oce\u00e2nico<\/a>: Apartamentos de 2, 3 Quartos, <a href=\"https:\/\/invexo.com.br\/lancamento\/singular-jardim-oceanico\/\" target=\"_blank\" rel=\"noreferrer noopener\">Rua Pedro Lago<\/a><\/li><li><a href=\"https:\/\/invexo.com.br\/lancamento\/dezoitto-jardim-oceanico\/\" target=\"_blank\" rel=\"noreferrer noopener\">Dezoitto Jardim Oce\u00e2nico<\/a>: Apartamentos e Cobertura linear de 2 quartos, <a href=\"https:\/\/invexo.com.br\/lancamento\/dezoitto-jardim-oceanico\/\" target=\"_blank\" rel=\"noreferrer noopener\">Rua Ant\u00f4nio Dias Martins<\/a><\/li><li><a href=\"https:\/\/invexo.com.br\/lancamento\/angular-jardim-oceanico\/\" target=\"_blank\" rel=\"noreferrer noopener\">Angular Jardim Oce\u00e2nico<\/a>: Apartamentos e Coberturas com 2, 3 Su\u00edtes na Rua Pedro Lagoa, 36.<\/li><li><a href=\"https:\/\/invexo.com.br\/lancamento\/alba-jardim-oceanico\/\" target=\"_blank\" rel=\"noreferrer noopener\">Alba Jardim Oce\u00e2nico<\/a>: Apartamentos com 4 Quartos, <a href=\"https:\/\/invexo.com.br\/lancamento\/alba-jardim-oceanico\/\" target=\"_blank\" rel=\"noreferrer noopener\">Rua Paranhos Antunes<\/a>.<\/li><\/ul>\n\n\n\n<h3 class=\"wp-block-heading\">Conhe\u00e7a o bairro <\/h3>\n\n\n\n<p>O Jardim Oce\u00e2nico tem outros destaques que se tornam atrativos para os moradores. A regi\u00e3o \u00e9 muito boa e segura para toda a fam\u00edlia. <\/p>\n\n\n\n<p>As ruas s\u00e3o arborizadas e muito bem iluminadas, s\u00e3o \u00f3timas para atividades durante o dia e caminhadas ou pr\u00e1ticas esportivas durante a noite.<\/p>\n\n\n\n<p>O Jardim Oce\u00e2nico da Barra \u00e9 excelente para pessoas e fam\u00edlias que possuem pets. \u00c9 muito comum encontrar os moradores passeando com seus animais de estima\u00e7\u00e3o pelas ruas do bairro, aproveitando toda a seguran\u00e7a que essa regi\u00e3o privilegiada do Rio de Janeiro oferece.<\/p>\n\n\n\n<figure class=\"wp-block-image size-large\"><img decoding=\"async\" width=\"1024\" height=\"549\" src=\"https:\/\/invexo.com.br\/blog\/wp-content\/uploads\/2020\/07\/jardim-oceaninco-barra-da-tijuca-1024x549.jpg\" alt=\"jardim oceanico barra da tijuca\" class=\"wp-image-4662\" srcset=\"https:\/\/invexo.com.br\/blog\/wp-content\/uploads\/2020\/07\/jardim-oceaninco-barra-da-tijuca-1024x549.jpg 1024w, https:\/\/invexo.com.br\/blog\/wp-content\/uploads\/2020\/07\/jardim-oceaninco-barra-da-tijuca-300x161.jpg 300w, https:\/\/invexo.com.br\/blog\/wp-content\/uploads\/2020\/07\/jardim-oceaninco-barra-da-tijuca-768x412.jpg 768w, https:\/\/invexo.com.br\/blog\/wp-content\/uploads\/2020\/07\/jardim-oceaninco-barra-da-tijuca-940x504.jpg 940w, https:\/\/invexo.com.br\/blog\/wp-content\/uploads\/2020\/07\/jardim-oceaninco-barra-da-tijuca.jpg 1200w\" sizes=\"(max-width: 1024px) 100vw, 1024px\" \/><figcaption>Jardim Oce\u00e2nico Barra da Tijuca<\/figcaption><\/figure>\n\n\n\n<p>Como tem uma \u00f3tima rede de com\u00e9rcio por perto para abastecer os moradores do Jardim Oce\u00e2nico, as ruas s\u00e3o movimentadas e isso tamb\u00e9m aumenta a sensa\u00e7\u00e3o de seguran\u00e7a. <\/p>\n\n\n\n<p>H\u00e1 sempre por perto alguma loja que voc\u00ea precisa, desde artigos para pets at\u00e9 sal\u00e3o de beleza, entre outras facilidades.<\/p>\n\n\n\n<p>Um dos grandes pontos positivos e atrativos revelados pelos pr\u00f3prios moradores \u00e9 a proximidade com a <a href=\"https:\/\/invexo.com.br\/blog\/praia-barra-da-tijuca\/\" target=\"_blank\" rel=\"noreferrer noopener\">Praia da Barra<\/a>. <\/p>\n\n\n\n<p>Os apartamentos localizados na L\u00facio Costa inclusive, ficam de frente para o mar e \u00e9 um grande privil\u00e9gio acordar todos os dias e olhar essa paisagem incr\u00edvel, com natureza predominante.<\/p>\n\n\n\n<h3 class=\"wp-block-heading\">Jardim Oce\u00e2nico Rio de Janeiro<\/h3>\n\n\n\n<p>O <a href=\"https:\/\/luxury.invexo.com.br\/bairro\/jardim-oceanico\" target=\"_blank\" rel=\"noreferrer noopener\">bairro Jardim Oce\u00e2nico<\/a> \u00e9 completo, com excelente infraestrutura e com todos os servi\u00e7os essenciais para os moradores, como lojas de roupas e grifes, sal\u00e3o de beleza, petshop, ag\u00eancias banc\u00e1rias e casa lot\u00e9rica, diversidade de bares e restaurantes, academias, cl\u00ednicas m\u00e9dicas e outros servi\u00e7os.<\/p>\n\n\n\n<p>O Jardim Oce\u00e2nico \u00e9 \u00f3timo para quem gosta de praticar esportes. Como fica praticamente de frente para a Praia da Barra, os moradores podem fazer caminhadas e corridas \u00e0 beira mar, bem como esportes na areia, como futebol, v\u00f4lei, futev\u00f4lei e at\u00e9 mesmo treino funcional, com o suporte de um personal trainer.<\/p>\n\n\n\n<p>Outros esportes bem comuns s\u00e3o o surf e o KiteSurf, j\u00e1\nque as praias da regi\u00e3o apresentam boas condi\u00e7\u00f5es de ondas e vento, para quem\ngosta deste tipo de pr\u00e1tica.<\/p>\n\n\n\n<p>No bairro, os principais bares e restaurantes ficam na Rua Oleg\u00e1rio Maciel, uma refer\u00eancia gastron\u00f4mica na regi\u00e3o. <\/p>\n\n\n\n<p>Entre os restaurantes do Jardim Oce\u00e2nico, destaca-se o Bar do Ad\u00e3o, que oferece o melhor da comida de boteco, com cervejas e chopp gelado, drinks e cerca de 60 op\u00e7\u00f5es de past\u00e9is.<\/p>\n\n\n\n<p>Na Rua Oleg\u00e1rio Maciel tamb\u00e9m est\u00e1 o <a href=\"https:\/\/www.facebook.com\/seubar\" target=\"_blank\" rel=\"noreferrer noopener\">Seu Bar<\/a>, um bar e restaurante descontra\u00eddo, ideal para reunir os amigos e a fam\u00edlia em uma das agrad\u00e1veis noites da Zona Oeste do Rio de Janeiro.<\/p>\n\n\n\n<p>Pr\u00f3ximo do melhor que a regi\u00e3o da Barra da Tijuca pode oferecer, o Jardim Oce\u00e2nico tamb\u00e9m tem o diferencial de integrar alguns dos melhores condom\u00ednios residenciais do Rio de Janeiro. Conhe\u00e7a agora os <a href=\"https:\/\/luxury.invexo.com.br\/bairro\/jardim-oceanico\/?utm_source=blog&amp;utm_medium=blocomeio\" target=\"_blank\" rel=\"noreferrer noopener\">im\u00f3veis de luxo no Jardim Oce\u00e2nico<\/a> que separamos para voc\u00ea!<\/p>\n\n\n\n<figure class=\"wp-block-image size-full\"><a href=\"https:\/\/luxury.invexo.com.br\/bairro\/jardim-oceanico\/?utm_source=blog&amp;utm_medium=blocomeio\" target=\"_blank\" rel=\"noopener noreferrer\"><img decoding=\"async\" width=\"1300\" height=\"280\" src=\"https:\/\/invexo.com.br\/blog\/wp-content\/uploads\/2021\/05\/imoveis-de-luxo-jardim-oceanico.jpg\" alt=\"Im\u00f3veis de luxo no Jardim Oce\u00e2nico Barra da Tijuca\" class=\"wp-image-30968\" srcset=\"https:\/\/invexo.com.br\/blog\/wp-content\/uploads\/2021\/05\/imoveis-de-luxo-jardim-oceanico.jpg 1300w, https:\/\/invexo.com.br\/blog\/wp-content\/uploads\/2021\/05\/imoveis-de-luxo-jardim-oceanico-300x65.jpg 300w, https:\/\/invexo.com.br\/blog\/wp-content\/uploads\/2021\/05\/imoveis-de-luxo-jardim-oceanico-1024x221.jpg 1024w, https:\/\/invexo.com.br\/blog\/wp-content\/uploads\/2021\/05\/imoveis-de-luxo-jardim-oceanico-768x165.jpg 768w, https:\/\/invexo.com.br\/blog\/wp-content\/uploads\/2021\/05\/imoveis-de-luxo-jardim-oceanico-150x32.jpg 150w\" sizes=\"(max-width: 1300px) 100vw, 1300px\" \/><\/a><\/figure>\n\n\n\n<h2 class=\"wp-block-heading\">Jardim Oce\u00e2nico: Facilidades<\/h2>\n\n\n\n<p>Al\u00e9m da Praia da Barra, os moradores do Jardim Oce\u00e2nico\npodem frequentar a Praia do Pep\u00ea, que costuma ser menos movimentada durante os\nferiados e meses nos quais a cidade atrai mais turistas. A areia da praia \u00e9\nmais branquinha e a \u00e1gua bem cristalina.<\/p>\n\n\n\n<figure class=\"wp-block-image size-full\"><img decoding=\"async\" width=\"1280\" height=\"720\" src=\"https:\/\/invexo.com.br\/blog\/wp-content\/uploads\/2020\/07\/praia-do-pepe-Barra-da-Tijuca.jpg\" alt=\"praia do pepe Barra da Tijuca\" class=\"wp-image-10514\" srcset=\"https:\/\/invexo.com.br\/blog\/wp-content\/uploads\/2020\/07\/praia-do-pepe-Barra-da-Tijuca.jpg 1280w, https:\/\/invexo.com.br\/blog\/wp-content\/uploads\/2020\/07\/praia-do-pepe-Barra-da-Tijuca-300x169.jpg 300w, https:\/\/invexo.com.br\/blog\/wp-content\/uploads\/2020\/07\/praia-do-pepe-Barra-da-Tijuca-1024x576.jpg 1024w, https:\/\/invexo.com.br\/blog\/wp-content\/uploads\/2020\/07\/praia-do-pepe-Barra-da-Tijuca-768x432.jpg 768w, https:\/\/invexo.com.br\/blog\/wp-content\/uploads\/2020\/07\/praia-do-pepe-Barra-da-Tijuca-940x529.jpg 940w\" sizes=\"(max-width: 1280px) 100vw, 1280px\" \/><\/figure>\n\n\n\n<p>Al\u00e9m do com\u00e9rcio de rua do Jardim Oce\u00e2nico, que \u00e9 muito bem estruturado, os moradores podem fazer compras e frequentar as \u00e1reas de lazer do <a href=\"https:\/\/barrapointshopping.com.br\/\" target=\"_blank\" rel=\"noreferrer noopener\">Shopping Barra Point<\/a>. <\/p>\n\n\n\n<p>Em atividade desde 1997, o shopping tem uma arquitetura \u00fanica e muito elegante, fica localizado na Av. Armando Lombardi, 350, ao lado do metr\u00f4 da Barra.<\/p>\n\n\n\n<p>O Shopping Barra Point tem servi\u00e7o de estacionamento, \u00f3timos restaurantes e wine house, excelentes e confort\u00e1veis salas de cinema e uma grande variedade de lojas.<\/p>\n\n\n\n<p>Vale a pena lembrar que o Shopping serve como conex\u00e3o para quem precisa ir para a Ilha da gig\u00f3ia ou Ilha primeira. \u00c9 s\u00f3 estacionar no Shopping \u00e9 pegar um barco para as ilhas.<\/p>\n\n\n\n<p>O <a href=\"https:\/\/luxury.invexo.com.br\/bairro\/jardim-oceanico\">Jardim Oce\u00e2nico<\/a> na Barra tem \u00f3timos pontos para festejar, com v\u00e1rios buffets infantis para festas de anivers\u00e1rio e ocasi\u00f5es especiais. <\/p>\n\n\n\n<p>Atendendo a diferentes p\u00fablicos, a regi\u00e3o apresenta uma variedade de casas noturnas, com uma vida agitada para pessoas que gostam de badala\u00e7\u00e3o, mas distante das moradias e sem incomodar o sossego e a tranquilidade do local.<\/p>\n\n\n\n<p>As principais avenidas do Jardim Oce\u00e2nico s\u00e3o as\nseguintes: Avenida do Pep\u00ea, Avenida Sernambetiba, Avenida Oleg\u00e1rio Maciel,\nAvenida Ministro Ivan Lins e Avenida Armando Lombardi.<\/p>\n\n\n\n<h2 class=\"wp-block-heading\">Apartamentos na Barra da Tijuca Jardim Oce\u00e2nico<\/h2>\n\n\n\n<p>As op\u00e7\u00f5es de im\u00f3veis do Jardim Oce\u00e2nico na Barra da Tijuca s\u00e3o com acabamento de alto padr\u00e3o e est\u00e3o localizadas em uma \u00e1rea nobre da cidade. <\/p>\n\n\n\n<p>Em geral, os apartamentos s\u00e3o bastante procurados por fam\u00edlias, singles e casais que buscam qualidade de vida, boa localiza\u00e7\u00e3o, exclusividade e sofistica\u00e7\u00e3o.<\/p>\n\n\n\n<p>Os <a href=\"https:\/\/luxury.invexo.com.br\/bairro\/jardim-oceanico\">im\u00f3veis no Jardim Oce\u00e2nico<\/a> s\u00e3o diversificados em tamanho e quantidade de garagem para diversos tipos de fam\u00edlias, desde singles com pets, fam\u00edlias maiores ou menores e casais. A regi\u00e3o atende a todos os estilos.<\/p>\n\n\n\n<p>Dessa forma, alguns im\u00f3veis mais exclusivos possuem estrutura completa e excelente localiza\u00e7\u00e3o. Mas as demais op\u00e7\u00f5es s\u00e3o muito interessantes tamb\u00e9m e possuem excelente qualidade tanto na constru\u00e7\u00e3o quando em sua \u00f3tima localiza\u00e7\u00e3o. <\/p>\n\n\n\n<figure class=\"wp-block-image size-large\"><img decoding=\"async\" width=\"1024\" height=\"576\" src=\"https:\/\/invexo.com.br\/blog\/wp-content\/uploads\/2020\/07\/jardim-oceanico-Barra-da-Tijuca-1-1024x576.jpg\" alt=\"jardim oceanico Barra da Tijuca\" class=\"wp-image-10516\" srcset=\"https:\/\/invexo.com.br\/blog\/wp-content\/uploads\/2020\/07\/jardim-oceanico-Barra-da-Tijuca-1-1024x576.jpg 1024w, https:\/\/invexo.com.br\/blog\/wp-content\/uploads\/2020\/07\/jardim-oceanico-Barra-da-Tijuca-1-300x169.jpg 300w, https:\/\/invexo.com.br\/blog\/wp-content\/uploads\/2020\/07\/jardim-oceanico-Barra-da-Tijuca-1-768x432.jpg 768w, https:\/\/invexo.com.br\/blog\/wp-content\/uploads\/2020\/07\/jardim-oceanico-Barra-da-Tijuca-1-940x529.jpg 940w, https:\/\/invexo.com.br\/blog\/wp-content\/uploads\/2020\/07\/jardim-oceanico-Barra-da-Tijuca-1.jpg 1280w\" sizes=\"(max-width: 1024px) 100vw, 1024px\" \/><\/figure>\n\n\n\n<p>Os im\u00f3veis do Jardim Oce\u00e2nico tamb\u00e9m utilizam a deslumbrante natureza da regi\u00e3o como atrativo, principalmente sua excelente localiza\u00e7\u00e3o. Por isso s\u00e3o muito procurados por quem quer qualidade de vida.<\/p>\n\n\n\n<p>Os apartamentos na Barra da Tijuca, no Jardim Oce\u00e2nico, s\u00e3o amplos e possuem varanda gourmet, sala, cozinha, espa\u00e7os amplos, vagas na garagem, condom\u00ednio com estrutura completa e \u00f3tima localiza\u00e7\u00e3o.<\/p>\n\n\n\n<h2 class=\"wp-block-heading\">Coberturas no Jardim Oce\u00e2nico Barra da Tijuca<\/h2>\n\n\n\n<p>As coberturas no Oce\u00e2nico Residencial Praia est\u00e3o localizadas em um ambiente moderno, que apresenta aos seus moradores qualidade de vida com tranquilidade, seguran\u00e7a e sofistica\u00e7\u00e3o. <\/p>\n\n\n\n<p>O condom\u00ednio possui excelente projeto arquitet\u00f4nico. Por isso, \u00e9 um local especial para quem busca qualidade e sofistica\u00e7\u00e3o em uma \u00f3tima localiza\u00e7\u00e3o.<\/p>\n\n\n\n<h2 class=\"wp-block-heading\">Im\u00f3veis Jardim Oce\u00e2nico RJ<\/h2>\n\n\n\n<p>Vale a pena conhecer e se surpreender com os <a href=\"https:\/\/luxury.invexo.com.br\/bairro\/jardim-oceanico\">im\u00f3veis no Jardim Oce\u00e2nico<\/a>, neste sub-bairro de luxo da zona oeste do Rio de Janeiro! <\/p>\n\n\n\n<p>Os im\u00f3veis sofisticados, modernos e funcionais completam a tarefa de fazer com que o bairro seja um local perfeito para moradores e visitantes. Conhe\u00e7a j\u00e1 os <a href=\"https:\/\/luxury.invexo.com.br\/bairro\/jardim-oceanico\/?utm_source=blog&amp;utm_medium=blocofim\" target=\"_blank\" rel=\"noreferrer noopener\">im\u00f3veis de luxo no Jardim Oce\u00e2nico<\/a>, \u00e1rea nobre na Barra da Tijuca, no Rio de Janeiro.<\/p>\n\n\n\n<figure class=\"wp-block-image size-full\"><a href=\"https:\/\/luxury.invexo.com.br\/bairro\/jardim-oceanico\/?utm_source=blog&amp;utm_medium=blocofim\" target=\"_blank\" rel=\"noopener noreferrer\"><img decoding=\"async\" width=\"1300\" height=\"280\" src=\"https:\/\/invexo.com.br\/blog\/wp-content\/uploads\/2021\/05\/imoveis-de-luxo-jardim-oceanico.jpg\" alt=\"Im\u00f3veis de luxo no Jardim Oce\u00e2nico Barra da Tijuca\" class=\"wp-image-30968\" srcset=\"https:\/\/invexo.com.br\/blog\/wp-content\/uploads\/2021\/05\/imoveis-de-luxo-jardim-oceanico.jpg 1300w, https:\/\/invexo.com.br\/blog\/wp-content\/uploads\/2021\/05\/imoveis-de-luxo-jardim-oceanico-300x65.jpg 300w, https:\/\/invexo.com.br\/blog\/wp-content\/uploads\/2021\/05\/imoveis-de-luxo-jardim-oceanico-1024x221.jpg 1024w, https:\/\/invexo.com.br\/blog\/wp-content\/uploads\/2021\/05\/imoveis-de-luxo-jardim-oceanico-768x165.jpg 768w, https:\/\/invexo.com.br\/blog\/wp-content\/uploads\/2021\/05\/imoveis-de-luxo-jardim-oceanico-150x32.jpg 150w\" sizes=\"(max-width: 1300px) 100vw, 1300px\" \/><\/a><\/figure>\n\n\n\n<p>A regi\u00e3o tamb\u00e9m conta com lan\u00e7amentos residenciais (im\u00f3veis na planta, em constru\u00e7\u00e3o) na regi\u00e3o do Jardim Oce\u00e2nico:<\/p>\n\n\n\n<ul><li><a href=\"https:\/\/invexo.com.br\/lancamento\/singular-jardim-oceanico\/\">Singular Jardim Oce\u00e2nico<\/a>: Apartamentos de 2, 3 Quartos, <a href=\"https:\/\/invexo.com.br\/lancamento\/singular-jardim-oceanico\/\" target=\"_blank\" rel=\"noreferrer noopener\">Rua Pedro Lago<\/a><\/li><li><a href=\"https:\/\/invexo.com.br\/lancamento\/dezoitto-jardim-oceanico\/\" target=\"_blank\" rel=\"noreferrer noopener\">Dezoitto Jardim Oce\u00e2nico<\/a>: Apartamentos e Cobertura linear de 2 quartos, <a href=\"https:\/\/invexo.com.br\/lancamento\/dezoitto-jardim-oceanico\/\" target=\"_blank\" rel=\"noreferrer noopener\">Rua Ant\u00f4nio Dias Martins<\/a><\/li><li><a href=\"https:\/\/invexo.com.br\/lancamento\/angular-jardim-oceanico\/\" target=\"_blank\" rel=\"noreferrer noopener\">Angular Jardim Oce\u00e2nico<\/a>: Apartamentos e Coberturas com 2, 3 Su\u00edtes na Rua Pedro Lagoa, 36.<\/li><li><a href=\"https:\/\/invexo.com.br\/lancamento\/alba-jardim-oceanico\/\" target=\"_blank\" rel=\"noreferrer noopener\">Alba Jardim Oce\u00e2nico<\/a>: Apartamentos com 4 Quartos, <a href=\"https:\/\/invexo.com.br\/lancamento\/alba-jardim-oceanico\/\" target=\"_blank\" rel=\"noreferrer noopener\">Rua Paranhos Antunes<\/a>.<\/li><\/ul>\n","protected":false},"excerpt":{"rendered":"<p>O Jardim Oce\u00e2nico na Barra da Tijuca \u00e9 uma das regi\u00f5es mais privilegiadas e completas da Zona Oeste do Rio de Janeiro. Amplo e sofisticado, o local existe como um sub-bairro de luxo na Barra e tem uma infraestrutura completa, atendendo aos moradores que querem seguran\u00e7a, bem-estar e viver em um local confort\u00e1vel.<\/p>\n","protected":false},"author":2,"featured_media":10512,"comment_status":"closed","ping_status":"closed","sticky":false,"template":"","format":"standard","meta":{"_acf_changed":false,"_kad_blocks_custom_css":"","_kad_blocks_head_custom_js":"","_kad_blocks_body_custom_js":"","_kad_blocks_footer_custom_js":"","_kadence_starter_templates_imported_post":false,"_kad_post_transparent":"","_kad_post_title":"","_kad_post_layout":"","_kad_post_sidebar_id":"","_kad_post_content_style":"","_kad_post_vertical_padding":"","_kad_post_feature":"","_kad_post_feature_position":"","_kad_post_header":false,"_kad_post_footer":false,"footnotes":""},"categories":[10,15],"tags":[639,638],"acf":[],"yoast_head":"<!-- This site is optimized with the Yoast SEO plugin v24.1 - https:\/\/yoast.com\/wordpress\/plugins\/seo\/ -->\n<title>Jardim Oce\u00e2nico na Barra da Tijuca: luxo e conforto no RJ<\/title>\n<meta name=\"description\" content=\"Jardim Oce\u00e2nico na Barra da Tijuca: conhece esse sub-bairro de luxo, com completa infraestrutura e localiza\u00e7\u00e3o privilegiada na zona oeste.\" \/>\n<meta name=\"robots\" content=\"index, follow, max-snippet:-1, max-image-preview:large, max-video-preview:-1\" \/>\n<link rel=\"canonical\" href=\"https:\/\/invexo.com.br\/blog\/jardim-oceanico-na-barra-da-tijuca\/\" \/>\n<meta property=\"og:locale\" content=\"pt_BR\" \/>\n<meta property=\"og:type\" content=\"article\" \/>\n<meta property=\"og:title\" content=\"Jardim Oce\u00e2nico na Barra da Tijuca: luxo e conforto no RJ\" \/>\n<meta property=\"og:description\" content=\"Jardim Oce\u00e2nico na Barra da Tijuca: conhece esse sub-bairro de luxo, com completa infraestrutura e localiza\u00e7\u00e3o privilegiada na zona oeste.\" \/>\n<meta property=\"og:url\" content=\"https:\/\/invexo.com.br\/blog\/jardim-oceanico-na-barra-da-tijuca\/\" \/>\n<meta property=\"og:site_name\" content=\"Not\u00edcias RJ\" \/>\n<meta property=\"article:publisher\" content=\"https:\/\/facebook.com\/invexo\" \/>\n<meta property=\"article:author\" content=\"https:\/\/facebook.com\/invexo\" \/>\n<meta property=\"article:published_time\" content=\"2022-10-18T12:57:00+00:00\" \/>\n<meta property=\"article:modified_time\" content=\"2022-11-22T12:48:34+00:00\" \/>\n<meta property=\"og:image\" content=\"https:\/\/invexo.com.br\/blog\/wp-content\/uploads\/2020\/07\/orla-Barra-da-Tijuca.jpg\" \/>\n\t<meta property=\"og:image:width\" content=\"1280\" \/>\n\t<meta property=\"og:image:height\" content=\"720\" \/>\n\t<meta property=\"og:image:type\" content=\"image\/jpeg\" \/>\n<meta name=\"author\" content=\"Ronnie Possatti\" \/>\n<meta name=\"twitter:card\" content=\"summary_large_image\" \/>\n<meta name=\"twitter:creator\" content=\"@https:\/\/twitter.com\/invexoimoveis\" \/>\n<meta name=\"twitter:site\" content=\"@invexoimoveis\" \/>\n<meta name=\"twitter:label1\" content=\"Escrito por\" \/>\n\t<meta name=\"twitter:data1\" content=\"Ronnie Possatti\" \/>\n\t<meta name=\"twitter:label2\" content=\"Est. tempo de leitura\" \/>\n\t<meta name=\"twitter:data2\" content=\"7 minutos\" \/>\n<script type=\"application\/ld+json\" class=\"yoast-schema-graph\">{\"@context\":\"https:\/\/schema.org\",\"@graph\":[{\"@type\":\"Article\",\"@id\":\"https:\/\/invexo.com.br\/blog\/jardim-oceanico-na-barra-da-tijuca\/#article\",\"isPartOf\":{\"@id\":\"https:\/\/invexo.com.br\/blog\/jardim-oceanico-na-barra-da-tijuca\/\"},\"author\":{\"name\":\"Ronnie Possatti\",\"@id\":\"https:\/\/invexo.com.br\/blog\/#\/schema\/person\/36bee32f1cfacde03dc4c9622a58778d\"},\"headline\":\"Jardim Oce\u00e2nico na Barra da Tijuca\",\"datePublished\":\"2022-10-18T12:57:00+00:00\",\"dateModified\":\"2022-11-22T12:48:34+00:00\",\"mainEntityOfPage\":{\"@id\":\"https:\/\/invexo.com.br\/blog\/jardim-oceanico-na-barra-da-tijuca\/\"},\"wordCount\":1222,\"publisher\":{\"@id\":\"https:\/\/invexo.com.br\/blog\/#organization\"},\"image\":{\"@id\":\"https:\/\/invexo.com.br\/blog\/jardim-oceanico-na-barra-da-tijuca\/#primaryimage\"},\"thumbnailUrl\":\"https:\/\/invexo.com.br\/blog\/wp-content\/uploads\/2020\/07\/orla-Barra-da-Tijuca.jpg\",\"keywords\":[\"Barra da Tijuca\",\"Jardim Oce\u00e2nico\"],\"articleSection\":[\"Bairros\",\"Informa\u00e7\u00f5es\"],\"inLanguage\":\"pt-BR\"},{\"@type\":\"WebPage\",\"@id\":\"https:\/\/invexo.com.br\/blog\/jardim-oceanico-na-barra-da-tijuca\/\",\"url\":\"https:\/\/invexo.com.br\/blog\/jardim-oceanico-na-barra-da-tijuca\/\",\"name\":\"Jardim Oce\u00e2nico na Barra da Tijuca: luxo e conforto no RJ\",\"isPartOf\":{\"@id\":\"https:\/\/invexo.com.br\/blog\/#website\"},\"primaryImageOfPage\":{\"@id\":\"https:\/\/invexo.com.br\/blog\/jardim-oceanico-na-barra-da-tijuca\/#primaryimage\"},\"image\":{\"@id\":\"https:\/\/invexo.com.br\/blog\/jardim-oceanico-na-barra-da-tijuca\/#primaryimage\"},\"thumbnailUrl\":\"https:\/\/invexo.com.br\/blog\/wp-content\/uploads\/2020\/07\/orla-Barra-da-Tijuca.jpg\",\"datePublished\":\"2022-10-18T12:57:00+00:00\",\"dateModified\":\"2022-11-22T12:48:34+00:00\",\"description\":\"Jardim Oce\u00e2nico na Barra da Tijuca: conhece esse sub-bairro de luxo, com completa infraestrutura e localiza\u00e7\u00e3o privilegiada na zona oeste.\",\"breadcrumb\":{\"@id\":\"https:\/\/invexo.com.br\/blog\/jardim-oceanico-na-barra-da-tijuca\/#breadcrumb\"},\"inLanguage\":\"pt-BR\",\"potentialAction\":[{\"@type\":\"ReadAction\",\"target\":[\"https:\/\/invexo.com.br\/blog\/jardim-oceanico-na-barra-da-tijuca\/\"]}]},{\"@type\":\"ImageObject\",\"inLanguage\":\"pt-BR\",\"@id\":\"https:\/\/invexo.com.br\/blog\/jardim-oceanico-na-barra-da-tijuca\/#primaryimage\",\"url\":\"https:\/\/invexo.com.br\/blog\/wp-content\/uploads\/2020\/07\/orla-Barra-da-Tijuca.jpg\",\"contentUrl\":\"https:\/\/invexo.com.br\/blog\/wp-content\/uploads\/2020\/07\/orla-Barra-da-Tijuca.jpg\",\"width\":1280,\"height\":720,\"caption\":\"Jardim Oce\u00e2nico Praia Barra da Tijuca\"},{\"@type\":\"BreadcrumbList\",\"@id\":\"https:\/\/invexo.com.br\/blog\/jardim-oceanico-na-barra-da-tijuca\/#breadcrumb\",\"itemListElement\":[{\"@type\":\"ListItem\",\"position\":1,\"name\":\"Blog\",\"item\":\"https:\/\/invexo.com.br\/blog\/\"},{\"@type\":\"ListItem\",\"position\":2,\"name\":\"Bairros\",\"item\":\"https:\/\/invexo.com.br\/blog\/categoria\/bairros\/\"},{\"@type\":\"ListItem\",\"position\":3,\"name\":\"Jardim Oce\u00e2nico na Barra da Tijuca\"}]},{\"@type\":\"WebSite\",\"@id\":\"https:\/\/invexo.com.br\/blog\/#website\",\"url\":\"https:\/\/invexo.com.br\/blog\/\",\"name\":\"Not\u00edcias RJ\",\"description\":\"Not\u00edcias sobre im\u00f3veis, financiamento, mercado imobili\u00e1rio do Rio de Janeiro. Informa\u00e7\u00f5es sobre Bairros, Condom\u00ednios e Regi\u00e3o do Rio de Janeiro.\",\"publisher\":{\"@id\":\"https:\/\/invexo.com.br\/blog\/#organization\"},\"potentialAction\":[{\"@type\":\"SearchAction\",\"target\":{\"@type\":\"EntryPoint\",\"urlTemplate\":\"https:\/\/invexo.com.br\/blog\/?s={search_term_string}\"},\"query-input\":{\"@type\":\"PropertyValueSpecification\",\"valueRequired\":true,\"valueName\":\"search_term_string\"}}],\"inLanguage\":\"pt-BR\"},{\"@type\":\"Organization\",\"@id\":\"https:\/\/invexo.com.br\/blog\/#organization\",\"name\":\"INVEXO Imobili\u00e1ria\",\"url\":\"https:\/\/invexo.com.br\/blog\/\",\"logo\":{\"@type\":\"ImageObject\",\"inLanguage\":\"pt-BR\",\"@id\":\"https:\/\/invexo.com.br\/blog\/#\/schema\/logo\/image\/\",\"url\":\"https:\/\/invexo.com.br\/blog\/wp-content\/uploads\/2018\/09\/invexo-80-melhor.png\",\"contentUrl\":\"https:\/\/invexo.com.br\/blog\/wp-content\/uploads\/2018\/09\/invexo-80-melhor.png\",\"width\":247,\"height\":80,\"caption\":\"INVEXO Imobili\u00e1ria\"},\"image\":{\"@id\":\"https:\/\/invexo.com.br\/blog\/#\/schema\/logo\/image\/\"},\"sameAs\":[\"https:\/\/facebook.com\/invexo\",\"https:\/\/x.com\/invexoimoveis\"]},{\"@type\":\"Person\",\"@id\":\"https:\/\/invexo.com.br\/blog\/#\/schema\/person\/36bee32f1cfacde03dc4c9622a58778d\",\"name\":\"Ronnie Possatti\",\"image\":{\"@type\":\"ImageObject\",\"inLanguage\":\"pt-BR\",\"@id\":\"https:\/\/invexo.com.br\/blog\/#\/schema\/person\/image\/\",\"url\":\"https:\/\/secure.gravatar.com\/avatar\/51a6cdcc215551235c39affb853f1e38?s=96&d=blank&r=g\",\"contentUrl\":\"https:\/\/secure.gravatar.com\/avatar\/51a6cdcc215551235c39affb853f1e38?s=96&d=blank&r=g\",\"caption\":\"Ronnie Possatti\"},\"description\":\"Equipe de especialistas que traz para seus leitores conte\u00fados relevantes e de qualidade sobre bairros, condom\u00ednios, lan\u00e7amentos e not\u00edcias imobili\u00e1rias no Rio de Janeiro.\",\"sameAs\":[\"https:\/\/facebook.com\/invexo\",\"https:\/\/instagram.com\/invexo\",\"https:\/\/x.com\/https:\/\/twitter.com\/invexoimoveis\"],\"url\":\"https:\/\/invexo.com.br\/blog\/author\/invexo\/\"}]}<\/script>\n<!-- \/ Yoast SEO plugin. -->","yoast_head_json":{"title":"Jardim Oce\u00e2nico na Barra da Tijuca: luxo e conforto no RJ","description":"Jardim Oce\u00e2nico na Barra da Tijuca: conhece esse sub-bairro de luxo, com completa infraestrutura e localiza\u00e7\u00e3o privilegiada na zona oeste.","robots":{"index":"index","follow":"follow","max-snippet":"max-snippet:-1","max-image-preview":"max-image-preview:large","max-video-preview":"max-video-preview:-1"},"canonical":"https:\/\/invexo.com.br\/blog\/jardim-oceanico-na-barra-da-tijuca\/","og_locale":"pt_BR","og_type":"article","og_title":"Jardim Oce\u00e2nico na Barra da Tijuca: luxo e conforto no RJ","og_description":"Jardim Oce\u00e2nico na Barra da Tijuca: conhece esse sub-bairro de luxo, com completa infraestrutura e localiza\u00e7\u00e3o privilegiada na zona oeste.","og_url":"https:\/\/invexo.com.br\/blog\/jardim-oceanico-na-barra-da-tijuca\/","og_site_name":"Not\u00edcias RJ","article_publisher":"https:\/\/facebook.com\/invexo","article_author":"https:\/\/facebook.com\/invexo","article_published_time":"2022-10-18T12:57:00+00:00","article_modified_time":"2022-11-22T12:48:34+00:00","og_image":[{"width":1280,"height":720,"url":"https:\/\/invexo.com.br\/blog\/wp-content\/uploads\/2020\/07\/orla-Barra-da-Tijuca.jpg","type":"image\/jpeg"}],"author":"Ronnie Possatti","twitter_card":"summary_large_image","twitter_creator":"@https:\/\/twitter.com\/invexoimoveis","twitter_site":"@invexoimoveis","twitter_misc":{"Escrito por":"Ronnie Possatti","Est. tempo de leitura":"7 minutos"},"schema":{"@context":"https:\/\/schema.org","@graph":[{"@type":"Article","@id":"https:\/\/invexo.com.br\/blog\/jardim-oceanico-na-barra-da-tijuca\/#article","isPartOf":{"@id":"https:\/\/invexo.com.br\/blog\/jardim-oceanico-na-barra-da-tijuca\/"},"author":{"name":"Ronnie Possatti","@id":"https:\/\/invexo.com.br\/blog\/#\/schema\/person\/36bee32f1cfacde03dc4c9622a58778d"},"headline":"Jardim Oce\u00e2nico na Barra da Tijuca","datePublished":"2022-10-18T12:57:00+00:00","dateModified":"2022-11-22T12:48:34+00:00","mainEntityOfPage":{"@id":"https:\/\/invexo.com.br\/blog\/jardim-oceanico-na-barra-da-tijuca\/"},"wordCount":1222,"publisher":{"@id":"https:\/\/invexo.com.br\/blog\/#organization"},"image":{"@id":"https:\/\/invexo.com.br\/blog\/jardim-oceanico-na-barra-da-tijuca\/#primaryimage"},"thumbnailUrl":"https:\/\/invexo.com.br\/blog\/wp-content\/uploads\/2020\/07\/orla-Barra-da-Tijuca.jpg","keywords":["Barra da Tijuca","Jardim Oce\u00e2nico"],"articleSection":["Bairros","Informa\u00e7\u00f5es"],"inLanguage":"pt-BR"},{"@type":"WebPage","@id":"https:\/\/invexo.com.br\/blog\/jardim-oceanico-na-barra-da-tijuca\/","url":"https:\/\/invexo.com.br\/blog\/jardim-oceanico-na-barra-da-tijuca\/","name":"Jardim Oce\u00e2nico na Barra da Tijuca: luxo e conforto no RJ","isPartOf":{"@id":"https:\/\/invexo.com.br\/blog\/#website"},"primaryImageOfPage":{"@id":"https:\/\/invexo.com.br\/blog\/jardim-oceanico-na-barra-da-tijuca\/#primaryimage"},"image":{"@id":"https:\/\/invexo.com.br\/blog\/jardim-oceanico-na-barra-da-tijuca\/#primaryimage"},"thumbnailUrl":"https:\/\/invexo.com.br\/blog\/wp-content\/uploads\/2020\/07\/orla-Barra-da-Tijuca.jpg","datePublished":"2022-10-18T12:57:00+00:00","dateModified":"2022-11-22T12:48:34+00:00","description":"Jardim Oce\u00e2nico na Barra da Tijuca: conhece esse sub-bairro de luxo, com completa infraestrutura e localiza\u00e7\u00e3o privilegiada na zona oeste.","breadcrumb":{"@id":"https:\/\/invexo.com.br\/blog\/jardim-oceanico-na-barra-da-tijuca\/#breadcrumb"},"inLanguage":"pt-BR","potentialAction":[{"@type":"ReadAction","target":["https:\/\/invexo.com.br\/blog\/jardim-oceanico-na-barra-da-tijuca\/"]}]},{"@type":"ImageObject","inLanguage":"pt-BR","@id":"https:\/\/invexo.com.br\/blog\/jardim-oceanico-na-barra-da-tijuca\/#primaryimage","url":"https:\/\/invexo.com.br\/blog\/wp-content\/uploads\/2020\/07\/orla-Barra-da-Tijuca.jpg","contentUrl":"https:\/\/invexo.com.br\/blog\/wp-content\/uploads\/2020\/07\/orla-Barra-da-Tijuca.jpg","width":1280,"height":720,"caption":"Jardim Oce\u00e2nico Praia Barra da Tijuca"},{"@type":"BreadcrumbList","@id":"https:\/\/invexo.com.br\/blog\/jardim-oceanico-na-barra-da-tijuca\/#breadcrumb","itemListElement":[{"@type":"ListItem","position":1,"name":"Blog","item":"https:\/\/invexo.com.br\/blog\/"},{"@type":"ListItem","position":2,"name":"Bairros","item":"https:\/\/invexo.com.br\/blog\/categoria\/bairros\/"},{"@type":"ListItem","position":3,"name":"Jardim Oce\u00e2nico na Barra da Tijuca"}]},{"@type":"WebSite","@id":"https:\/\/invexo.com.br\/blog\/#website","url":"https:\/\/invexo.com.br\/blog\/","name":"Not\u00edcias RJ","description":"Not\u00edcias sobre im\u00f3veis, financiamento, mercado imobili\u00e1rio do Rio de Janeiro. Informa\u00e7\u00f5es sobre Bairros, Condom\u00ednios e Regi\u00e3o do Rio de Janeiro.","publisher":{"@id":"https:\/\/invexo.com.br\/blog\/#organization"},"potentialAction":[{"@type":"SearchAction","target":{"@type":"EntryPoint","urlTemplate":"https:\/\/invexo.com.br\/blog\/?s={search_term_string}"},"query-input":{"@type":"PropertyValueSpecification","valueRequired":true,"valueName":"search_term_string"}}],"inLanguage":"pt-BR"},{"@type":"Organization","@id":"https:\/\/invexo.com.br\/blog\/#organization","name":"INVEXO Imobili\u00e1ria","url":"https:\/\/invexo.com.br\/blog\/","logo":{"@type":"ImageObject","inLanguage":"pt-BR","@id":"https:\/\/invexo.com.br\/blog\/#\/schema\/logo\/image\/","url":"https:\/\/invexo.com.br\/blog\/wp-content\/uploads\/2018\/09\/invexo-80-melhor.png","contentUrl":"https:\/\/invexo.com.br\/blog\/wp-content\/uploads\/2018\/09\/invexo-80-melhor.png","width":247,"height":80,"caption":"INVEXO Imobili\u00e1ria"},"image":{"@id":"https:\/\/invexo.com.br\/blog\/#\/schema\/logo\/image\/"},"sameAs":["https:\/\/facebook.com\/invexo","https:\/\/x.com\/invexoimoveis"]},{"@type":"Person","@id":"https:\/\/invexo.com.br\/blog\/#\/schema\/person\/36bee32f1cfacde03dc4c9622a58778d","name":"Ronnie Possatti","image":{"@type":"ImageObject","inLanguage":"pt-BR","@id":"https:\/\/invexo.com.br\/blog\/#\/schema\/person\/image\/","url":"https:\/\/secure.gravatar.com\/avatar\/51a6cdcc215551235c39affb853f1e38?s=96&d=blank&r=g","contentUrl":"https:\/\/secure.gravatar.com\/avatar\/51a6cdcc215551235c39affb853f1e38?s=96&d=blank&r=g","caption":"Ronnie Possatti"},"description":"Equipe de especialistas que traz para seus leitores conte\u00fados relevantes e de qualidade sobre bairros, condom\u00ednios, lan\u00e7amentos e not\u00edcias imobili\u00e1rias no Rio de Janeiro.","sameAs":["https:\/\/facebook.com\/invexo","https:\/\/instagram.com\/invexo","https:\/\/x.com\/https:\/\/twitter.com\/invexoimoveis"],"url":"https:\/\/invexo.com.br\/blog\/author\/invexo\/"}]}},"taxonomy_info":{"category":[{"value":10,"label":"Bairros"},{"value":15,"label":"Informa\u00e7\u00f5es"}],"post_tag":[{"value":639,"label":"Barra da Tijuca"},{"value":638,"label":"Jardim Oce\u00e2nico"}]},"featured_image_src_large":["https:\/\/invexo.com.br\/blog\/wp-content\/uploads\/2020\/07\/orla-Barra-da-Tijuca-1024x576.jpg",1024,576,true],"author_info":{"display_name":"Ronnie Possatti","author_link":"https:\/\/invexo.com.br\/blog\/author\/invexo\/"},"comment_info":0,"category_info":[{"term_id":10,"name":"Bairros","slug":"bairros","term_group":0,"term_taxonomy_id":10,"taxonomy":"category","description":"Not\u00edcias sobre estabelecimentos nos melhores bairros para se morar no Rio de Janeiro.","parent":0,"count":1354,"filter":"raw","cat_ID":10,"category_count":1354,"category_description":"Not\u00edcias sobre estabelecimentos nos melhores bairros para se morar no Rio de Janeiro.","cat_name":"Bairros","category_nicename":"bairros","category_parent":0},{"term_id":15,"name":"Informa\u00e7\u00f5es","slug":"informacoes","term_group":0,"term_taxonomy_id":15,"taxonomy":"category","description":"Informa\u00e7\u00f5es, experi\u00eancia nos melhores estabelecimentos em bairros nobres para se viver no Rio de Janeiro. Tudo sobre cultura, entretenimento e lazer.","parent":0,"count":1297,"filter":"raw","cat_ID":15,"category_count":1297,"category_description":"Informa\u00e7\u00f5es, experi\u00eancia nos melhores estabelecimentos em bairros nobres para se viver no Rio de Janeiro. Tudo sobre cultura, entretenimento e lazer.","cat_name":"Informa\u00e7\u00f5es","category_nicename":"informacoes","category_parent":0}],"tag_info":[{"term_id":639,"name":"Barra da Tijuca","slug":"barra-da-tijuca","term_group":0,"term_taxonomy_id":639,"taxonomy":"post_tag","description":"","parent":0,"count":160,"filter":"raw"},{"term_id":638,"name":"Jardim Oce\u00e2nico","slug":"jardim-oceanico","term_group":0,"term_taxonomy_id":638,"taxonomy":"post_tag","description":"","parent":0,"count":14,"filter":"raw"}],"_links":{"self":[{"href":"https:\/\/invexo.com.br\/blog\/wp-json\/wp\/v2\/posts\/3887"}],"collection":[{"href":"https:\/\/invexo.com.br\/blog\/wp-json\/wp\/v2\/posts"}],"about":[{"href":"https:\/\/invexo.com.br\/blog\/wp-json\/wp\/v2\/types\/post"}],"author":[{"embeddable":true,"href":"https:\/\/invexo.com.br\/blog\/wp-json\/wp\/v2\/users\/2"}],"replies":[{"embeddable":true,"href":"https:\/\/invexo.com.br\/blog\/wp-json\/wp\/v2\/comments?post=3887"}],"version-history":[{"count":2,"href":"https:\/\/invexo.com.br\/blog\/wp-json\/wp\/v2\/posts\/3887\/revisions"}],"predecessor-version":[{"id":32155,"href":"https:\/\/invexo.com.br\/blog\/wp-json\/wp\/v2\/posts\/3887\/revisions\/32155"}],"wp:featuredmedia":[{"embeddable":true,"href":"https:\/\/invexo.com.br\/blog\/wp-json\/wp\/v2\/media\/10512"}],"wp:attachment":[{"href":"https:\/\/invexo.com.br\/blog\/wp-json\/wp\/v2\/media?parent=3887"}],"wp:term":[{"taxonomy":"category","embeddable":true,"href":"https:\/\/invexo.com.br\/blog\/wp-json\/wp\/v2\/categories?post=3887"},{"taxonomy":"post_tag","embeddable":true,"href":"https:\/\/invexo.com.br\/blog\/wp-json\/wp\/v2\/tags?post=3887"}],"curies":[{"name":"wp","href":"https:\/\/api.w.org\/{rel}","templated":true}]}}