{"id":38518,"date":"2023-05-15T14:10:00","date_gmt":"2023-05-15T17:10:00","guid":{"rendered":"https:\/\/invexo.com.br\/blog\/?p=38518"},"modified":"2025-06-10T18:23:37","modified_gmt":"2025-06-10T21:23:37","slug":"noticia-barra-da-tijuca-venda-de-imoveis","status":"publish","type":"post","link":"https:\/\/invexo.com.br\/blog\/noticia-barra-da-tijuca-venda-de-imoveis\/","title":{"rendered":"Barra da Tijuca \u00e9 campe\u00e3 em vendas de im\u00f3veis no Rio de Janeiro"},"content":{"rendered":"\n<p>Al\u00e9m de a <a href=\"https:\/\/luxury.invexo.com.br\/bairro\/barra-da-tijuca\/\" target=\"_blank\" rel=\"noreferrer noopener\">Barra da Tijuca<\/a> ser campe\u00e3 em venda de im\u00f3veis por 5 anos consecutivos, ela tamb\u00e9m figura entre os bairros mais volumosos em transa\u00e7\u00f5es imobili\u00e1rias h\u00e1 mais de uma d\u00e9cada \u2014 pelo menos, conforme os dados abertos da Prefeitura do Rio de Janeiro. Bairros como o Recreio dos Bandeirantes e Jacarepagu\u00e1 tamb\u00e9m est\u00e3o entre os que se destacam nas vendas durante o per\u00edodo.<\/p>\n\n\n\n<p>Obtidos atrav\u00e9s de \u00edndices do Imposto sobre a Transmiss\u00e3o de Bens Im\u00f3veis (ITBI), um imposto recolhido quando um bem imobili\u00e1rio muda de propriet\u00e1rio, os dados da prefeitura divulgam informa\u00e7\u00f5es sobre transa\u00e7\u00f5es realizadas a partir de 2010 e apontam que a Barra e o seu vizinho Recreio dos Bandeirantes est\u00e3o entre os bairros que mais vendem im\u00f3veis desde ent\u00e3o.<\/p>\n\n\n\n<!--more-->\n\n\n\n<p>No \u00faltimo ano, a Barra da Tijuca registrou quase 3.500 transa\u00e7\u00f5es imobili\u00e1rias, seguida pelo Recreio dos Bandeirantes, com aproximadamente 2.800, e por Copacabana, com 2.500 transa\u00e7\u00f5es. Entre os bairros com mais transa\u00e7\u00f5es tamb\u00e9m aparecem Tijuca (1.882), Jacarepagu\u00e1 (1.845), Campo Grande (1.563), <a href=\"https:\/\/luxury.invexo.com.br\/bairro\/botafogo\/\" target=\"_blank\" rel=\"noreferrer noopener\">Botafogo<\/a> (1.358), Freguesia de Jacarepagu\u00e1 (1.131), Centro (1.344) e Taquara (840).<\/p>\n\n\n\n<p>Tamb\u00e9m em 2022, estima-se que as transa\u00e7\u00f5es realizadas na Barra da Tijuca tenham movimentado mais de 6 bilh\u00f5es de reais, sendo que a m\u00e9dia do valor do im\u00f3vel residencial no bairro foi de cerca de R$ 1,4 milh\u00f5es e a de im\u00f3veis n\u00e3o residenciais foi de R$ 3,1 milh\u00f5es.<\/p>\n\n\n\n<p>Como \u00e9 poss\u00edvel perceber, os im\u00f3veis n\u00e3o residenciais s\u00e3o os que movimentam as cifras mais volumosas. Os tr\u00eas bairros com as maiores m\u00e9dias de pre\u00e7o por im\u00f3vel em 2022 foram Gl\u00f3ria, <a href=\"https:\/\/luxury.invexo.com.br\/bairro\/leblon\/\" target=\"_blank\" rel=\"noreferrer noopener\">Leblon<\/a> e Recreio dos Bandeirantes, todos com vendas de propriedades n\u00e3o residenciais. O bairro Gl\u00f3ria foi o que registrou a m\u00e9dia de pre\u00e7o mais alta neste ano, alcan\u00e7ando cerca de R$ 43,1 milh\u00f5es em seus im\u00f3veis n\u00e3o residenciais.<\/p>\n\n\n\n<figure class=\"wp-block-image size-full\"><a href=\"https:\/\/luxury.invexo.com.br\/bairro\/barra-da-tijuca\/\" target=\"_blank\" rel=\"noreferrer noopener\"><img decoding=\"async\" width=\"1280\" height=\"720\" src=\"https:\/\/invexo.com.br\/blog\/wp-content\/uploads\/2020\/08\/mar-da-barra-da-tijuca-rio-de-janeiro.jpg\" alt=\"Mar da Barra da Tijuca Rio de Janeiro\" class=\"wp-image-34978\" srcset=\"https:\/\/invexo.com.br\/blog\/wp-content\/uploads\/2020\/08\/mar-da-barra-da-tijuca-rio-de-janeiro.jpg 1280w, https:\/\/invexo.com.br\/blog\/wp-content\/uploads\/2020\/08\/mar-da-barra-da-tijuca-rio-de-janeiro-300x169.jpg 300w, https:\/\/invexo.com.br\/blog\/wp-content\/uploads\/2020\/08\/mar-da-barra-da-tijuca-rio-de-janeiro-1024x576.jpg 1024w, https:\/\/invexo.com.br\/blog\/wp-content\/uploads\/2020\/08\/mar-da-barra-da-tijuca-rio-de-janeiro-768x432.jpg 768w, https:\/\/invexo.com.br\/blog\/wp-content\/uploads\/2020\/08\/mar-da-barra-da-tijuca-rio-de-janeiro-150x84.jpg 150w\" sizes=\"(max-width: 1280px) 100vw, 1280px\" \/><\/a><\/figure>\n\n\n\n<h2 class=\"wp-block-heading\">Os indicativos parciais de 2023<\/h2>\n\n\n\n<p>J\u00e1 em 2023, conforme os dados do primeiro quadrimestre do ano, a m\u00e9dia de pre\u00e7o por im\u00f3vel mais alta, por enquanto, foi atingida pelo bairro Leblon, beirando os 56,5 milh\u00f5es, tamb\u00e9m em im\u00f3veis n\u00e3o residenciais. <a href=\"https:\/\/luxury.invexo.com.br\/bairro\/laranjeiras\/\" target=\"_blank\" rel=\"noreferrer noopener\">Laranjeiras<\/a>, Leme e Barra da Tijuca compartilham com o Leblon o topo da coloca\u00e7\u00e3o entre as vendas com os valores mais altos, que, como acontece nos outros casos, referem-se a im\u00f3veis n\u00e3o residenciais.<\/p>\n\n\n\n<p>Os bairros que ocupam os tr\u00eas primeiros lugares em n\u00famero de transa\u00e7\u00f5es imobili\u00e1rias continuam os mesmos com rela\u00e7\u00e3o ao \u00faltimo ano, com a Barra da Tijuca ainda em primeiro lugar, com mais de 1.300 vendas. Por\u00e9m, <a href=\"https:\/\/luxury.invexo.com.br\/bairro\/copacabana\/\" target=\"_blank\" rel=\"noreferrer noopener\">Copacabana<\/a> ultrapassou o Recreio dos Bandeirantes, ficando com a segunda posi\u00e7\u00e3o; os dois registram, respectivamente, 1.087 e 982 transa\u00e7\u00f5es cada.<\/p>\n\n\n\n<p>Completando o top 10 dos bairros que mais t\u00eam movimentado o mercado imobili\u00e1rio carioca durante este ano, est\u00e3o: Jacarepagu\u00e1 (715), Botafogo (653), Tijuca (648), Centro (636), Campo Grande (603), Iraj\u00e1 (511) e Freguesia de Jacarepagu\u00e1 (448).<\/p>\n\n\n\n<p>Ainda l\u00edder do p\u00f3dio, a Barra da Tijuca movimentou at\u00e9 agora cerca de 5,2 bilh\u00f5es de reais. Sua m\u00e9dia de valor por im\u00f3vel atual \u00e9 de R$ 1,4 milh\u00e3o para im\u00f3veis residenciais e de R$ 11,5 milh\u00f5es para im\u00f3veis n\u00e3o comerciais.<\/p>\n\n\n\n<div class=\"wp-block-group\"><div class=\"wp-block-group__inner-container is-layout-flow wp-block-group-is-layout-flow\">\n<p>Cadastre-se e garanta j\u00e1 o seu im\u00f3vel no lan\u00e7amento mais aguardado na Barra da Tijuca: <a href=\"https:\/\/lancamento.invexo.com.br\/rj\/green-park-barra\/\">Green Park Barra no antigo Extra Barra Opportunity<\/a><\/p>\n\n\n<div class=\"wp-block-image\">\n<figure class=\"aligncenter size-full is-resized\"><a href=\"https:\/\/lancamento.invexo.com.br\/rj\/green-park-barra\/\" target=\"_blank\" rel=\"noopener noreferrer\"><img decoding=\"async\" width=\"1900\" height=\"1266\" src=\"https:\/\/invexo.com.br\/blog\/wp-content\/uploads\/2024\/09\/barra-da-tijuca-vista-aerea-praia.jpg\" alt=\"\" class=\"wp-image-43904\" style=\"width:400px\" srcset=\"https:\/\/invexo.com.br\/blog\/wp-content\/uploads\/2024\/09\/barra-da-tijuca-vista-aerea-praia.jpg 1900w, https:\/\/invexo.com.br\/blog\/wp-content\/uploads\/2024\/09\/barra-da-tijuca-vista-aerea-praia-300x200.jpg 300w, https:\/\/invexo.com.br\/blog\/wp-content\/uploads\/2024\/09\/barra-da-tijuca-vista-aerea-praia-1024x682.jpg 1024w, https:\/\/invexo.com.br\/blog\/wp-content\/uploads\/2024\/09\/barra-da-tijuca-vista-aerea-praia-768x512.jpg 768w, https:\/\/invexo.com.br\/blog\/wp-content\/uploads\/2024\/09\/barra-da-tijuca-vista-aerea-praia-1536x1023.jpg 1536w, https:\/\/invexo.com.br\/blog\/wp-content\/uploads\/2024\/09\/barra-da-tijuca-vista-aerea-praia-150x100.jpg 150w\" sizes=\"(max-width: 1900px) 100vw, 1900px\" \/><\/a><figcaption class=\"wp-element-caption\">Conhe\u00e7a o lan\u00e7amento <a href=\"https:\/\/lancamento.invexo.com.br\/rj\/green-park-barra\/\">Green Park Barra<\/a><\/figcaption><\/figure><\/div><\/div><\/div>\n\n\n\n<h2 class=\"wp-block-heading\">Venda de im\u00f3veis na Barra da Tijuca<\/h2>\n\n\n\n<p>A Barra da Tijuca j\u00e1 recebia destaque entre as transa\u00e7\u00f5es imobili\u00e1rias no s\u00e9culo passado, conforme a <a href=\"https:\/\/www.data.rio\/documents\/PCRJ::cole%C3%A7%C3%A3o-estudos-cariocas-barra-da-tijuca-em-n%C3%BAmeros-um-estudo-sobre-o-licenciamento-de-constru%C3%A7%C3%B5es-nos-anos-2000-2001-maio-2002\/about\" target=\"_blank\" rel=\"noreferrer noopener\">Cole\u00e7\u00e3o de Estudos Cariocas: Barra da Tijuca em n\u00fameros<\/a>, an\u00e1lise feita pela Prefeitura do Rio de Janeiro em relat\u00f3rio produzido em 2002. Dos anos 1980 aos 2000, a Barra, com seus vizinhos Itanhang\u00e1 e Jo\u00e1, integrou a regi\u00e3o com o maior crescimento populacional da cidade, que quadruplicou em n\u00famero de habitantes nesse per\u00edodo.<\/p>\n\n\n\n<figure class=\"wp-block-image size-full\"><a href=\"https:\/\/luxury.invexo.com.br\/bairro\/barra-da-tijuca\/\" target=\"_blank\" rel=\"noreferrer noopener\"><img decoding=\"async\" width=\"1280\" height=\"720\" src=\"https:\/\/invexo.com.br\/blog\/wp-content\/uploads\/2020\/08\/predios-barra-da-tijuca-rio-de-janeiro.jpg\" alt=\"Pr\u00e9dios Barra da Tijuca Rio de Janeiro\" class=\"wp-image-34980\" srcset=\"https:\/\/invexo.com.br\/blog\/wp-content\/uploads\/2020\/08\/predios-barra-da-tijuca-rio-de-janeiro.jpg 1280w, https:\/\/invexo.com.br\/blog\/wp-content\/uploads\/2020\/08\/predios-barra-da-tijuca-rio-de-janeiro-300x169.jpg 300w, https:\/\/invexo.com.br\/blog\/wp-content\/uploads\/2020\/08\/predios-barra-da-tijuca-rio-de-janeiro-1024x576.jpg 1024w, https:\/\/invexo.com.br\/blog\/wp-content\/uploads\/2020\/08\/predios-barra-da-tijuca-rio-de-janeiro-768x432.jpg 768w, https:\/\/invexo.com.br\/blog\/wp-content\/uploads\/2020\/08\/predios-barra-da-tijuca-rio-de-janeiro-150x84.jpg 150w\" sizes=\"(max-width: 1280px) 100vw, 1280px\" \/><\/a><\/figure>\n\n\n\n<p>Esse crescimento se estende at\u00e9 os dias de hoje, j\u00e1 que os dados populacionais mostram que a quantidade de habitantes da Barra mais do que dobrou em 20 anos. Em 2020, estima-se que o bairro abrigava quase 400 mil pessoas.<\/p>\n\n\n\n<p>Com a alta procura, os pre\u00e7os tamb\u00e9m aumentaram. Um <a href=\"https:\/\/valor.globo.com\/patrocinado\/imoveis-de-valor\/noticia\/2022\/10\/14\/barra-e-recreio-lideram-ranking-de-valorizacao.ghtml\" target=\"_blank\" rel=\"noreferrer noopener\">levantamento do Valor Econ\u00f4mico<\/a> mostra que os pre\u00e7os de <a href=\"https:\/\/luxury.invexo.com.br\/bairro\/barra-da-tijuca\/\" target=\"_blank\" rel=\"noreferrer noopener\">im\u00f3veis na Barra da Tijuca<\/a> subiram 8,7% em 2022, com o metro quadrado dos im\u00f3veis custando 11,8 mil reais. Portanto, a Barra, assim como o Recreio dos Bandeirantes, est\u00e1 entre os <a href=\"https:\/\/invexo.com.br\/blog\/bairros-mais-caros-do-rio-de-janeiro\/\" target=\"_blank\" rel=\"noreferrer noopener\">bairros mais valorizados do Rio de Janeiro<\/a>.<\/p>\n\n\n\n<h2 class=\"wp-block-heading\">Por que a Barra da Tijuca?<\/h2>\n\n\n\n<p>Os motivos para a valoriza\u00e7\u00e3o e para a escolha da Barra da Tijuca para moradia n\u00e3o sofreram muitas altera\u00e7\u00f5es ao longo dos anos. Localizado na Zona Oeste do Rio de Janeiro, al\u00e9m de ter uma infraestrutura exemplar, o bairro \u00e9 banhado pelo Oceano Atl\u00e2ntico e conta com belas praias, al\u00e9m de abrigar lagoas e \u00e1reas de preserva\u00e7\u00e3o ambiental, que o tornam cobi\u00e7ado por sua natureza exuberante.<\/p>\n\n\n\t\t<div class=\"wp-block-web-stories-embed web-stories-embed aligncenter\">\n\t\t\t<div class=\"wp-block-embed__wrapper\" style=\"--aspect-ratio: 0.600000; --width: 360px; --height: 600px\">\n\t\t\t\t<amp-story-player>\n\t\t\t\t\t<a href=\"https:\/\/invexo.com.br\/blog\/web-stories\/noticia-barra-da-tijuca-venda-de-imoveis\/\">\n\t\t\t\t\t\t\t\t\t\t\t\t\t<img\n\t\t\t\t\t\t\t\tsrc=\"https:\/\/invexo.com.br\/blog\/wp-content\/uploads\/2023\/05\/barra-da-tijuca-lidera-venda-de-imoveis-no-rio-de-janeiro-640x853.jpg\"\n\t\t\t\t\t\t\t\twidth=\"360\"\n\t\t\t\t\t\t\t\theight=\"600\"\n\t\t\t\t\t\t\t\talt=\"Barra da Tijuca lidera venda de im\u00f3veis no Rio de Janeiro\"\n\t\t\t\t\t\t\t\t\t\t\t\t\t\t\t\t\t\t\t\t\t\t\t\tloading=\"lazy\"\n\t\t\t\t\t\t\t\tdecoding=\"async\"\n\t\t\t\t\t\t\t\tdata-amp-story-player-poster-img\n\t\t\t\t\t\t\t\/>\n\t\t\t\t\t\t\t\t\t\t\t\t<\/a>\n\t\t\t\t<\/amp-story-player>\n\t\t\t<\/div>\n\t\t<\/div>\n\t\t\n\n\n<p>Entre as \u00e1reas naturais da regi\u00e3o est\u00e3o a <a href=\"https:\/\/invexo.com.br\/blog\/praia-da-barra-da-tijuca\/\" target=\"_blank\" rel=\"noreferrer noopener\">Praia da Barra da Tijuca<\/a>, a Praia do Pep\u00ea, a Praia de Grumari, a Praia da Reserva, a Reserva de Marapendi, a Lagoa da Tijuca e a Lagoa de Marapendi. O bairro ainda fica perto da <a href=\"https:\/\/invexo.com.br\/blog\/imoveis-zona-sul-rj\/\" target=\"_blank\" rel=\"noreferrer noopener\">Zona Sul<\/a> carioca, que concentra outras paisagens naturais caracter\u00edsticas da beleza da cidade.<\/p>\n\n\n\n<p>Al\u00e9m disso, a Barra da Tijuca foi pensada como um bairro planejado desde a sua origem, com o projeto do urbanista L\u00facio da Costa. Tendo participado do projeto de Bras\u00edlia, Costa foi convidado a planejar a regi\u00e3o da Barra em 1969. <\/p>\n\n\n\n<p>Apesar de o seu projeto n\u00e3o ter sido totalmente seguido, o bairro conta com uma infraestrutura organizada, que melhora \u00e0 medida que a sua popula\u00e7\u00e3o aumenta e que a sua regi\u00e3o \u00e9 valorizada. Sendo assim, a \u00e1rea acomoda um amplo polo comercial e apresenta uma boa mobilidade urbana, motivos que tamb\u00e9m contribuem para que a Barra da Tijuca seja sempre t\u00e3o buscada por novos moradores.<\/p>\n\n\n\n<div class=\"wp-block-group\"><div class=\"wp-block-group__inner-container is-layout-flow wp-block-group-is-layout-flow\">\n<p>Se voc\u00ea procura por lan\u00e7amentos na Barra da Tijuca, conhe\u00e7a o <a href=\"https:\/\/lancamento.invexo.com.br\/rj\/green-park-barra\/\">Green Park Barra<\/a> no antigo supermercado Extra da Barra da Tijuca e o <a href=\"https:\/\/invexo.com.br\/lancamento\/icon-golf-residence\/\" target=\"_blank\" rel=\"noreferrer noopener\">Icon Golf Residence<\/a> na Avenida das Am\u00e9ricas.<\/p>\n\n\n\n<p>Pr\u00f3ximos de todo o farto com\u00e9rcio e com acabamentos de alto padr\u00e3o, os <a href=\"https:\/\/luxury.invexo.com.br\/bairro\/barra-da-tijuca\/?utm_source=blog&amp;utm_medium=blocofim\" target=\"_blank\" rel=\"noreferrer noopener\">im\u00f3veis de luxo na Barra da Tijuca<\/a> s\u00e3o uns dos mais desejados do Rio de Janeiro. Confira nosso cat\u00e1logo de im\u00f3veis de luxo \u00e0 venda na Barra da Tijuca!<\/p>\n\n\n\n<figure class=\"wp-block-image size-full\"><a href=\"https:\/\/luxury.invexo.com.br\/bairro\/barra-da-tijuca\/?utm_source=blog&amp;utm_medium=blocofim\" target=\"_blank\" rel=\"noreferrer noopener\"><img decoding=\"async\" width=\"1300\" height=\"280\" src=\"https:\/\/invexo.com.br\/blog\/wp-content\/uploads\/2022\/09\/bloco-reutilizavel-barra-da-tijuca.jpg\" alt=\"im\u00f3veis de luxo na barra da tijuca rj\" class=\"wp-image-29909\" srcset=\"https:\/\/invexo.com.br\/blog\/wp-content\/uploads\/2022\/09\/bloco-reutilizavel-barra-da-tijuca.jpg 1300w, https:\/\/invexo.com.br\/blog\/wp-content\/uploads\/2022\/09\/bloco-reutilizavel-barra-da-tijuca-300x65.jpg 300w, https:\/\/invexo.com.br\/blog\/wp-content\/uploads\/2022\/09\/bloco-reutilizavel-barra-da-tijuca-1024x221.jpg 1024w, https:\/\/invexo.com.br\/blog\/wp-content\/uploads\/2022\/09\/bloco-reutilizavel-barra-da-tijuca-768x165.jpg 768w\" sizes=\"(max-width: 1300px) 100vw, 1300px\" \/><\/a><\/figure>\n<\/div><\/div>\n","protected":false},"excerpt":{"rendered":"<p>A Barra da Tijuca \u00e9 campe\u00e3 em venda de im\u00f3veis h\u00e1 5 anos e est\u00e1 entre os bairros com mais transa\u00e7\u00f5es imobili\u00e1rias por uma d\u00e9cada.<\/p>\n","protected":false},"author":2,"featured_media":34981,"comment_status":"closed","ping_status":"closed","sticky":false,"template":"","format":"standard","meta":{"_acf_changed":false,"_kad_blocks_custom_css":"","_kad_blocks_head_custom_js":"","_kad_blocks_body_custom_js":"","_kad_blocks_footer_custom_js":"","_kadence_starter_templates_imported_post":false,"_kad_post_transparent":"","_kad_post_title":"","_kad_post_layout":"","_kad_post_sidebar_id":"","_kad_post_content_style":"","_kad_post_vertical_padding":"","_kad_post_feature":"","_kad_post_feature_position":"","_kad_post_header":false,"_kad_post_footer":false,"footnotes":""},"categories":[15,58],"tags":[639],"acf":[],"yoast_head":"<!-- This site is optimized with the Yoast SEO plugin v24.1 - https:\/\/yoast.com\/wordpress\/plugins\/seo\/ -->\n<title>Barra da Tijuca lidera venda de im\u00f3veis no Rio de Janeiro<\/title>\n<meta name=\"description\" content=\"A Barra da Tijuca \u00e9 campe\u00e3 em venda de im\u00f3veis h\u00e1 5 anos e est\u00e1 entre os bairros com mais transa\u00e7\u00f5es imobili\u00e1rias por uma d\u00e9cada.\" \/>\n<meta name=\"robots\" content=\"index, follow, max-snippet:-1, max-image-preview:large, max-video-preview:-1\" \/>\n<link rel=\"canonical\" href=\"https:\/\/invexo.com.br\/blog\/noticia-barra-da-tijuca-venda-de-imoveis\/\" \/>\n<meta property=\"og:locale\" content=\"pt_BR\" \/>\n<meta property=\"og:type\" content=\"article\" \/>\n<meta property=\"og:title\" content=\"Barra da Tijuca lidera venda de im\u00f3veis no Rio de Janeiro\" \/>\n<meta property=\"og:description\" content=\"A Barra da Tijuca \u00e9 campe\u00e3 em venda de im\u00f3veis h\u00e1 5 anos e est\u00e1 entre os bairros com mais transa\u00e7\u00f5es imobili\u00e1rias por uma d\u00e9cada.\" \/>\n<meta property=\"og:url\" content=\"https:\/\/invexo.com.br\/blog\/noticia-barra-da-tijuca-venda-de-imoveis\/\" \/>\n<meta property=\"og:site_name\" content=\"Not\u00edcias RJ\" \/>\n<meta property=\"article:publisher\" content=\"https:\/\/facebook.com\/invexo\" \/>\n<meta property=\"article:author\" content=\"https:\/\/facebook.com\/invexo\" \/>\n<meta property=\"article:published_time\" content=\"2023-05-15T17:10:00+00:00\" \/>\n<meta property=\"article:modified_time\" content=\"2025-06-10T21:23:37+00:00\" \/>\n<meta property=\"og:image\" content=\"https:\/\/invexo.com.br\/blog\/wp-content\/uploads\/2020\/08\/vista-aerea-barra-da-tijuca-rio-de-janeiro.jpg\" \/>\n\t<meta property=\"og:image:width\" content=\"1280\" \/>\n\t<meta property=\"og:image:height\" content=\"720\" \/>\n\t<meta property=\"og:image:type\" content=\"image\/jpeg\" \/>\n<meta name=\"author\" content=\"Ronnie Possatti\" \/>\n<meta name=\"twitter:card\" content=\"summary_large_image\" \/>\n<meta name=\"twitter:creator\" content=\"@https:\/\/twitter.com\/invexoimoveis\" \/>\n<meta name=\"twitter:site\" content=\"@invexoimoveis\" \/>\n<meta name=\"twitter:label1\" content=\"Escrito por\" \/>\n\t<meta name=\"twitter:data1\" content=\"Ronnie Possatti\" \/>\n\t<meta name=\"twitter:label2\" content=\"Est. tempo de leitura\" \/>\n\t<meta name=\"twitter:data2\" content=\"1 minuto\" \/>\n<script type=\"application\/ld+json\" class=\"yoast-schema-graph\">{\"@context\":\"https:\/\/schema.org\",\"@graph\":[{\"@type\":\"Article\",\"@id\":\"https:\/\/invexo.com.br\/blog\/noticia-barra-da-tijuca-venda-de-imoveis\/#article\",\"isPartOf\":{\"@id\":\"https:\/\/invexo.com.br\/blog\/noticia-barra-da-tijuca-venda-de-imoveis\/\"},\"author\":{\"name\":\"Ronnie Possatti\",\"@id\":\"https:\/\/invexo.com.br\/blog\/#\/schema\/person\/36bee32f1cfacde03dc4c9622a58778d\"},\"headline\":\"Barra da Tijuca \u00e9 campe\u00e3 em vendas de im\u00f3veis no Rio de Janeiro\",\"datePublished\":\"2023-05-15T17:10:00+00:00\",\"dateModified\":\"2025-06-10T21:23:37+00:00\",\"mainEntityOfPage\":{\"@id\":\"https:\/\/invexo.com.br\/blog\/noticia-barra-da-tijuca-venda-de-imoveis\/\"},\"wordCount\":986,\"publisher\":{\"@id\":\"https:\/\/invexo.com.br\/blog\/#organization\"},\"image\":{\"@id\":\"https:\/\/invexo.com.br\/blog\/noticia-barra-da-tijuca-venda-de-imoveis\/#primaryimage\"},\"thumbnailUrl\":\"https:\/\/invexo.com.br\/blog\/wp-content\/uploads\/2020\/08\/vista-aerea-barra-da-tijuca-rio-de-janeiro.jpg\",\"keywords\":[\"Barra da Tijuca\"],\"articleSection\":[\"Informa\u00e7\u00f5es\",\"Not\u00edcias\"],\"inLanguage\":\"pt-BR\"},{\"@type\":\"WebPage\",\"@id\":\"https:\/\/invexo.com.br\/blog\/noticia-barra-da-tijuca-venda-de-imoveis\/\",\"url\":\"https:\/\/invexo.com.br\/blog\/noticia-barra-da-tijuca-venda-de-imoveis\/\",\"name\":\"Barra da Tijuca lidera venda de im\u00f3veis no Rio de Janeiro\",\"isPartOf\":{\"@id\":\"https:\/\/invexo.com.br\/blog\/#website\"},\"primaryImageOfPage\":{\"@id\":\"https:\/\/invexo.com.br\/blog\/noticia-barra-da-tijuca-venda-de-imoveis\/#primaryimage\"},\"image\":{\"@id\":\"https:\/\/invexo.com.br\/blog\/noticia-barra-da-tijuca-venda-de-imoveis\/#primaryimage\"},\"thumbnailUrl\":\"https:\/\/invexo.com.br\/blog\/wp-content\/uploads\/2020\/08\/vista-aerea-barra-da-tijuca-rio-de-janeiro.jpg\",\"datePublished\":\"2023-05-15T17:10:00+00:00\",\"dateModified\":\"2025-06-10T21:23:37+00:00\",\"description\":\"A Barra da Tijuca \u00e9 campe\u00e3 em venda de im\u00f3veis h\u00e1 5 anos e est\u00e1 entre os bairros com mais transa\u00e7\u00f5es imobili\u00e1rias por uma d\u00e9cada.\",\"breadcrumb\":{\"@id\":\"https:\/\/invexo.com.br\/blog\/noticia-barra-da-tijuca-venda-de-imoveis\/#breadcrumb\"},\"inLanguage\":\"pt-BR\",\"potentialAction\":[{\"@type\":\"ReadAction\",\"target\":[\"https:\/\/invexo.com.br\/blog\/noticia-barra-da-tijuca-venda-de-imoveis\/\"]}]},{\"@type\":\"ImageObject\",\"inLanguage\":\"pt-BR\",\"@id\":\"https:\/\/invexo.com.br\/blog\/noticia-barra-da-tijuca-venda-de-imoveis\/#primaryimage\",\"url\":\"https:\/\/invexo.com.br\/blog\/wp-content\/uploads\/2020\/08\/vista-aerea-barra-da-tijuca-rio-de-janeiro.jpg\",\"contentUrl\":\"https:\/\/invexo.com.br\/blog\/wp-content\/uploads\/2020\/08\/vista-aerea-barra-da-tijuca-rio-de-janeiro.jpg\",\"width\":1280,\"height\":720,\"caption\":\"Vista a\u00e9rea Barra da Tijuca Rio de Janeiro\"},{\"@type\":\"BreadcrumbList\",\"@id\":\"https:\/\/invexo.com.br\/blog\/noticia-barra-da-tijuca-venda-de-imoveis\/#breadcrumb\",\"itemListElement\":[{\"@type\":\"ListItem\",\"position\":1,\"name\":\"Blog\",\"item\":\"https:\/\/invexo.com.br\/blog\/\"},{\"@type\":\"ListItem\",\"position\":2,\"name\":\"Informa\u00e7\u00f5es\",\"item\":\"https:\/\/invexo.com.br\/blog\/categoria\/informacoes\/\"},{\"@type\":\"ListItem\",\"position\":3,\"name\":\"Barra da Tijuca \u00e9 campe\u00e3 em vendas de im\u00f3veis no Rio de Janeiro\"}]},{\"@type\":\"WebSite\",\"@id\":\"https:\/\/invexo.com.br\/blog\/#website\",\"url\":\"https:\/\/invexo.com.br\/blog\/\",\"name\":\"Not\u00edcias RJ\",\"description\":\"Not\u00edcias sobre im\u00f3veis, financiamento, mercado imobili\u00e1rio do Rio de Janeiro. Informa\u00e7\u00f5es sobre Bairros, Condom\u00ednios e Regi\u00e3o do Rio de Janeiro.\",\"publisher\":{\"@id\":\"https:\/\/invexo.com.br\/blog\/#organization\"},\"potentialAction\":[{\"@type\":\"SearchAction\",\"target\":{\"@type\":\"EntryPoint\",\"urlTemplate\":\"https:\/\/invexo.com.br\/blog\/?s={search_term_string}\"},\"query-input\":{\"@type\":\"PropertyValueSpecification\",\"valueRequired\":true,\"valueName\":\"search_term_string\"}}],\"inLanguage\":\"pt-BR\"},{\"@type\":\"Organization\",\"@id\":\"https:\/\/invexo.com.br\/blog\/#organization\",\"name\":\"INVEXO Imobili\u00e1ria\",\"url\":\"https:\/\/invexo.com.br\/blog\/\",\"logo\":{\"@type\":\"ImageObject\",\"inLanguage\":\"pt-BR\",\"@id\":\"https:\/\/invexo.com.br\/blog\/#\/schema\/logo\/image\/\",\"url\":\"https:\/\/invexo.com.br\/blog\/wp-content\/uploads\/2018\/09\/invexo-80-melhor.png\",\"contentUrl\":\"https:\/\/invexo.com.br\/blog\/wp-content\/uploads\/2018\/09\/invexo-80-melhor.png\",\"width\":247,\"height\":80,\"caption\":\"INVEXO Imobili\u00e1ria\"},\"image\":{\"@id\":\"https:\/\/invexo.com.br\/blog\/#\/schema\/logo\/image\/\"},\"sameAs\":[\"https:\/\/facebook.com\/invexo\",\"https:\/\/x.com\/invexoimoveis\"]},{\"@type\":\"Person\",\"@id\":\"https:\/\/invexo.com.br\/blog\/#\/schema\/person\/36bee32f1cfacde03dc4c9622a58778d\",\"name\":\"Ronnie Possatti\",\"image\":{\"@type\":\"ImageObject\",\"inLanguage\":\"pt-BR\",\"@id\":\"https:\/\/invexo.com.br\/blog\/#\/schema\/person\/image\/\",\"url\":\"https:\/\/secure.gravatar.com\/avatar\/51a6cdcc215551235c39affb853f1e38?s=96&d=blank&r=g\",\"contentUrl\":\"https:\/\/secure.gravatar.com\/avatar\/51a6cdcc215551235c39affb853f1e38?s=96&d=blank&r=g\",\"caption\":\"Ronnie Possatti\"},\"description\":\"Equipe de especialistas que traz para seus leitores conte\u00fados relevantes e de qualidade sobre bairros, condom\u00ednios, lan\u00e7amentos e not\u00edcias imobili\u00e1rias no Rio de Janeiro.\",\"sameAs\":[\"https:\/\/facebook.com\/invexo\",\"https:\/\/instagram.com\/invexo\",\"https:\/\/x.com\/https:\/\/twitter.com\/invexoimoveis\"],\"url\":\"https:\/\/invexo.com.br\/blog\/author\/invexo\/\"}]}<\/script>\n<!-- \/ Yoast SEO plugin. -->","yoast_head_json":{"title":"Barra da Tijuca lidera venda de im\u00f3veis no Rio de Janeiro","description":"A Barra da Tijuca \u00e9 campe\u00e3 em venda de im\u00f3veis h\u00e1 5 anos e est\u00e1 entre os bairros com mais transa\u00e7\u00f5es imobili\u00e1rias por uma d\u00e9cada.","robots":{"index":"index","follow":"follow","max-snippet":"max-snippet:-1","max-image-preview":"max-image-preview:large","max-video-preview":"max-video-preview:-1"},"canonical":"https:\/\/invexo.com.br\/blog\/noticia-barra-da-tijuca-venda-de-imoveis\/","og_locale":"pt_BR","og_type":"article","og_title":"Barra da Tijuca lidera venda de im\u00f3veis no Rio de Janeiro","og_description":"A Barra da Tijuca \u00e9 campe\u00e3 em venda de im\u00f3veis h\u00e1 5 anos e est\u00e1 entre os bairros com mais transa\u00e7\u00f5es imobili\u00e1rias por uma d\u00e9cada.","og_url":"https:\/\/invexo.com.br\/blog\/noticia-barra-da-tijuca-venda-de-imoveis\/","og_site_name":"Not\u00edcias RJ","article_publisher":"https:\/\/facebook.com\/invexo","article_author":"https:\/\/facebook.com\/invexo","article_published_time":"2023-05-15T17:10:00+00:00","article_modified_time":"2025-06-10T21:23:37+00:00","og_image":[{"width":1280,"height":720,"url":"https:\/\/invexo.com.br\/blog\/wp-content\/uploads\/2020\/08\/vista-aerea-barra-da-tijuca-rio-de-janeiro.jpg","type":"image\/jpeg"}],"author":"Ronnie Possatti","twitter_card":"summary_large_image","twitter_creator":"@https:\/\/twitter.com\/invexoimoveis","twitter_site":"@invexoimoveis","twitter_misc":{"Escrito por":"Ronnie Possatti","Est. tempo de leitura":"1 minuto"},"schema":{"@context":"https:\/\/schema.org","@graph":[{"@type":"Article","@id":"https:\/\/invexo.com.br\/blog\/noticia-barra-da-tijuca-venda-de-imoveis\/#article","isPartOf":{"@id":"https:\/\/invexo.com.br\/blog\/noticia-barra-da-tijuca-venda-de-imoveis\/"},"author":{"name":"Ronnie Possatti","@id":"https:\/\/invexo.com.br\/blog\/#\/schema\/person\/36bee32f1cfacde03dc4c9622a58778d"},"headline":"Barra da Tijuca \u00e9 campe\u00e3 em vendas de im\u00f3veis no Rio de Janeiro","datePublished":"2023-05-15T17:10:00+00:00","dateModified":"2025-06-10T21:23:37+00:00","mainEntityOfPage":{"@id":"https:\/\/invexo.com.br\/blog\/noticia-barra-da-tijuca-venda-de-imoveis\/"},"wordCount":986,"publisher":{"@id":"https:\/\/invexo.com.br\/blog\/#organization"},"image":{"@id":"https:\/\/invexo.com.br\/blog\/noticia-barra-da-tijuca-venda-de-imoveis\/#primaryimage"},"thumbnailUrl":"https:\/\/invexo.com.br\/blog\/wp-content\/uploads\/2020\/08\/vista-aerea-barra-da-tijuca-rio-de-janeiro.jpg","keywords":["Barra da Tijuca"],"articleSection":["Informa\u00e7\u00f5es","Not\u00edcias"],"inLanguage":"pt-BR"},{"@type":"WebPage","@id":"https:\/\/invexo.com.br\/blog\/noticia-barra-da-tijuca-venda-de-imoveis\/","url":"https:\/\/invexo.com.br\/blog\/noticia-barra-da-tijuca-venda-de-imoveis\/","name":"Barra da Tijuca lidera venda de im\u00f3veis no Rio de Janeiro","isPartOf":{"@id":"https:\/\/invexo.com.br\/blog\/#website"},"primaryImageOfPage":{"@id":"https:\/\/invexo.com.br\/blog\/noticia-barra-da-tijuca-venda-de-imoveis\/#primaryimage"},"image":{"@id":"https:\/\/invexo.com.br\/blog\/noticia-barra-da-tijuca-venda-de-imoveis\/#primaryimage"},"thumbnailUrl":"https:\/\/invexo.com.br\/blog\/wp-content\/uploads\/2020\/08\/vista-aerea-barra-da-tijuca-rio-de-janeiro.jpg","datePublished":"2023-05-15T17:10:00+00:00","dateModified":"2025-06-10T21:23:37+00:00","description":"A Barra da Tijuca \u00e9 campe\u00e3 em venda de im\u00f3veis h\u00e1 5 anos e est\u00e1 entre os bairros com mais transa\u00e7\u00f5es imobili\u00e1rias por uma d\u00e9cada.","breadcrumb":{"@id":"https:\/\/invexo.com.br\/blog\/noticia-barra-da-tijuca-venda-de-imoveis\/#breadcrumb"},"inLanguage":"pt-BR","potentialAction":[{"@type":"ReadAction","target":["https:\/\/invexo.com.br\/blog\/noticia-barra-da-tijuca-venda-de-imoveis\/"]}]},{"@type":"ImageObject","inLanguage":"pt-BR","@id":"https:\/\/invexo.com.br\/blog\/noticia-barra-da-tijuca-venda-de-imoveis\/#primaryimage","url":"https:\/\/invexo.com.br\/blog\/wp-content\/uploads\/2020\/08\/vista-aerea-barra-da-tijuca-rio-de-janeiro.jpg","contentUrl":"https:\/\/invexo.com.br\/blog\/wp-content\/uploads\/2020\/08\/vista-aerea-barra-da-tijuca-rio-de-janeiro.jpg","width":1280,"height":720,"caption":"Vista a\u00e9rea Barra da Tijuca Rio de Janeiro"},{"@type":"BreadcrumbList","@id":"https:\/\/invexo.com.br\/blog\/noticia-barra-da-tijuca-venda-de-imoveis\/#breadcrumb","itemListElement":[{"@type":"ListItem","position":1,"name":"Blog","item":"https:\/\/invexo.com.br\/blog\/"},{"@type":"ListItem","position":2,"name":"Informa\u00e7\u00f5es","item":"https:\/\/invexo.com.br\/blog\/categoria\/informacoes\/"},{"@type":"ListItem","position":3,"name":"Barra da Tijuca \u00e9 campe\u00e3 em vendas de im\u00f3veis no Rio de Janeiro"}]},{"@type":"WebSite","@id":"https:\/\/invexo.com.br\/blog\/#website","url":"https:\/\/invexo.com.br\/blog\/","name":"Not\u00edcias RJ","description":"Not\u00edcias sobre im\u00f3veis, financiamento, mercado imobili\u00e1rio do Rio de Janeiro. Informa\u00e7\u00f5es sobre Bairros, Condom\u00ednios e Regi\u00e3o do Rio de Janeiro.","publisher":{"@id":"https:\/\/invexo.com.br\/blog\/#organization"},"potentialAction":[{"@type":"SearchAction","target":{"@type":"EntryPoint","urlTemplate":"https:\/\/invexo.com.br\/blog\/?s={search_term_string}"},"query-input":{"@type":"PropertyValueSpecification","valueRequired":true,"valueName":"search_term_string"}}],"inLanguage":"pt-BR"},{"@type":"Organization","@id":"https:\/\/invexo.com.br\/blog\/#organization","name":"INVEXO Imobili\u00e1ria","url":"https:\/\/invexo.com.br\/blog\/","logo":{"@type":"ImageObject","inLanguage":"pt-BR","@id":"https:\/\/invexo.com.br\/blog\/#\/schema\/logo\/image\/","url":"https:\/\/invexo.com.br\/blog\/wp-content\/uploads\/2018\/09\/invexo-80-melhor.png","contentUrl":"https:\/\/invexo.com.br\/blog\/wp-content\/uploads\/2018\/09\/invexo-80-melhor.png","width":247,"height":80,"caption":"INVEXO Imobili\u00e1ria"},"image":{"@id":"https:\/\/invexo.com.br\/blog\/#\/schema\/logo\/image\/"},"sameAs":["https:\/\/facebook.com\/invexo","https:\/\/x.com\/invexoimoveis"]},{"@type":"Person","@id":"https:\/\/invexo.com.br\/blog\/#\/schema\/person\/36bee32f1cfacde03dc4c9622a58778d","name":"Ronnie Possatti","image":{"@type":"ImageObject","inLanguage":"pt-BR","@id":"https:\/\/invexo.com.br\/blog\/#\/schema\/person\/image\/","url":"https:\/\/secure.gravatar.com\/avatar\/51a6cdcc215551235c39affb853f1e38?s=96&d=blank&r=g","contentUrl":"https:\/\/secure.gravatar.com\/avatar\/51a6cdcc215551235c39affb853f1e38?s=96&d=blank&r=g","caption":"Ronnie Possatti"},"description":"Equipe de especialistas que traz para seus leitores conte\u00fados relevantes e de qualidade sobre bairros, condom\u00ednios, lan\u00e7amentos e not\u00edcias imobili\u00e1rias no Rio de Janeiro.","sameAs":["https:\/\/facebook.com\/invexo","https:\/\/instagram.com\/invexo","https:\/\/x.com\/https:\/\/twitter.com\/invexoimoveis"],"url":"https:\/\/invexo.com.br\/blog\/author\/invexo\/"}]}},"taxonomy_info":{"category":[{"value":15,"label":"Informa\u00e7\u00f5es"},{"value":58,"label":"Not\u00edcias"}],"post_tag":[{"value":639,"label":"Barra da Tijuca"}]},"featured_image_src_large":["https:\/\/invexo.com.br\/blog\/wp-content\/uploads\/2020\/08\/vista-aerea-barra-da-tijuca-rio-de-janeiro-1024x576.jpg",1024,576,true],"author_info":{"display_name":"Ronnie Possatti","author_link":"https:\/\/invexo.com.br\/blog\/author\/invexo\/"},"comment_info":0,"category_info":[{"term_id":15,"name":"Informa\u00e7\u00f5es","slug":"informacoes","term_group":0,"term_taxonomy_id":15,"taxonomy":"category","description":"Informa\u00e7\u00f5es, experi\u00eancia nos melhores estabelecimentos em bairros nobres para se viver no Rio de Janeiro. Tudo sobre cultura, entretenimento e lazer.","parent":0,"count":1297,"filter":"raw","cat_ID":15,"category_count":1297,"category_description":"Informa\u00e7\u00f5es, experi\u00eancia nos melhores estabelecimentos em bairros nobres para se viver no Rio de Janeiro. Tudo sobre cultura, entretenimento e lazer.","cat_name":"Informa\u00e7\u00f5es","category_nicename":"informacoes","category_parent":0},{"term_id":58,"name":"Not\u00edcias","slug":"noticias","term_group":0,"term_taxonomy_id":58,"taxonomy":"category","description":"","parent":0,"count":35,"filter":"raw","cat_ID":58,"category_count":35,"category_description":"","cat_name":"Not\u00edcias","category_nicename":"noticias","category_parent":0}],"tag_info":[{"term_id":639,"name":"Barra da Tijuca","slug":"barra-da-tijuca","term_group":0,"term_taxonomy_id":639,"taxonomy":"post_tag","description":"","parent":0,"count":160,"filter":"raw"}],"_links":{"self":[{"href":"https:\/\/invexo.com.br\/blog\/wp-json\/wp\/v2\/posts\/38518"}],"collection":[{"href":"https:\/\/invexo.com.br\/blog\/wp-json\/wp\/v2\/posts"}],"about":[{"href":"https:\/\/invexo.com.br\/blog\/wp-json\/wp\/v2\/types\/post"}],"author":[{"embeddable":true,"href":"https:\/\/invexo.com.br\/blog\/wp-json\/wp\/v2\/users\/2"}],"replies":[{"embeddable":true,"href":"https:\/\/invexo.com.br\/blog\/wp-json\/wp\/v2\/comments?post=38518"}],"version-history":[{"count":10,"href":"https:\/\/invexo.com.br\/blog\/wp-json\/wp\/v2\/posts\/38518\/revisions"}],"predecessor-version":[{"id":39390,"href":"https:\/\/invexo.com.br\/blog\/wp-json\/wp\/v2\/posts\/38518\/revisions\/39390"}],"wp:featuredmedia":[{"embeddable":true,"href":"https:\/\/invexo.com.br\/blog\/wp-json\/wp\/v2\/media\/34981"}],"wp:attachment":[{"href":"https:\/\/invexo.com.br\/blog\/wp-json\/wp\/v2\/media?parent=38518"}],"wp:term":[{"taxonomy":"category","embeddable":true,"href":"https:\/\/invexo.com.br\/blog\/wp-json\/wp\/v2\/categories?post=38518"},{"taxonomy":"post_tag","embeddable":true,"href":"https:\/\/invexo.com.br\/blog\/wp-json\/wp\/v2\/tags?post=38518"}],"curies":[{"name":"wp","href":"https:\/\/api.w.org\/{rel}","templated":true}]}}