{"id":3270,"date":"2020-07-24T09:53:43","date_gmt":"2020-07-24T12:53:43","guid":{"rendered":"https:\/\/invexo.com.br\/blog\/?p=3270"},"modified":"2023-01-25T11:55:23","modified_gmt":"2023-01-25T14:55:23","slug":"avenida-ataulfo-de-paiva-lancamento-comercial-ataulfo-1165-rj","status":"publish","type":"post","link":"https:\/\/invexo.com.br\/blog\/avenida-ataulfo-de-paiva-lancamento-comercial-ataulfo-1165-rj\/","title":{"rendered":"Lan\u00e7amento Comercial Avenida Ataulfo de Paiva:  Ataulfo 1165 RJ"},"content":{"rendered":"\n<p>Pesquisando por salas comerciais no Leblon para sua empresa ou, mesmo, para investir no ramo imobili\u00e1rio? Ent\u00e3o, o lan\u00e7amento da construtora Concal, na Avenida Ataulfo de Paiva, \u00e9 o que voc\u00ea est\u00e1 procurando.<\/p>\n\n\n\n<p>Localizado na regi\u00e3o mais valorizada do Brasil, o <a href=\"https:\/\/invexo.com.br\/imovel-pronto\/ataulfo-1165-leblon\/\" target=\"_blank\" rel=\"noreferrer noopener\">Ataulfo 1165<\/a> re\u00fane tradi\u00e7\u00e3o e tecnologia em uma incr\u00edvel revitaliza\u00e7\u00e3o arquitet\u00f4nica. O projeto, assinado pelo arquiteto Jos\u00e9 Conde Caldas, oferece a voc\u00ea e a seu empreendimento o melhor do Rio de Janeiro.<\/p>\n\n\n\n<!--more-->\n\n\n\n<p>Conhe\u00e7a, a seguir, mais detalhes sobre o edif\u00edcio Ataulfo 1165, no Leblon.<\/p>\n\n\n\n<h2 class=\"wp-block-heading\">Sua empresa na Avenida Ataulfo de Paiva<\/h2>\n\n\n\n<p>A Avenida Ataulfo de Paiva corta boa parte do Leblon. A regi\u00e3o \u00e9 cercada por grandes empreendimentos comerciais e prestadores de servi\u00e7os. <\/p>\n\n\n\n<p>Shopping centers, lojas variadas, col\u00e9gios, escolas de idiomas e vasta rede de restaurantes e bares est\u00e3o localizados no bairro. <\/p>\n\n\n\n<p>Al\u00e9m disso, atrativos como parques, pra\u00e7as, teatros e, \u00e9 claro, as belas praias cariocas fazem da regi\u00e3o um dos locais mais movimentados da Zona Sul do Rio. <\/p>\n\n\n\n<p>Mas, como se n\u00e3o bastassem esses atrativos, o entorno da Avenida Ataulfo de Paiva conta com toda a infraestrutura para empresas, como ag\u00eancias banc\u00e1rias e dos Correios, postos policiais e v\u00e1rias outras comodidades. <\/p>\n\n\n\n<p>Uma boa infraestrutura e \u00f3tima localiza\u00e7\u00e3o s\u00e3o elementos essenciais para uma rotina produtiva. Encontre <a href=\"https:\/\/luxury.invexo.com.br\/buscar-imoveis\/?utm_source=blog&amp;utm_medium=blocomeio\" target=\"_blank\" rel=\"noreferrer noopener\">im\u00f3veis \u00e0 venda no Rio de Janeiro<\/a> com a INVEXO, <a href=\"https:\/\/luxury.invexo.com.br\/?utm_source=blog&amp;utm_medium=blocomeio\">imobili\u00e1ria no Rio de Janeiro<\/a>.<\/p>\n\n\n\n<figure class=\"wp-block-image size-full\"><a href=\"https:\/\/luxury.invexo.com.br\/?utm_source=blog&amp;utm_medium=blocomeio\" target=\"_blank\" rel=\"noopener\"><img decoding=\"async\" width=\"1300\" height=\"280\" src=\"https:\/\/invexo.com.br\/blog\/wp-content\/uploads\/2022\/04\/imoveis-de-luxo-no-rio-de-janeiro-rj.jpg\" alt=\"Im\u00f3veis de luxo no Rio de Janeiro.\" class=\"wp-image-26440\" srcset=\"https:\/\/invexo.com.br\/blog\/wp-content\/uploads\/2022\/04\/imoveis-de-luxo-no-rio-de-janeiro-rj.jpg 1300w, https:\/\/invexo.com.br\/blog\/wp-content\/uploads\/2022\/04\/imoveis-de-luxo-no-rio-de-janeiro-rj-300x65.jpg 300w, https:\/\/invexo.com.br\/blog\/wp-content\/uploads\/2022\/04\/imoveis-de-luxo-no-rio-de-janeiro-rj-1024x221.jpg 1024w, https:\/\/invexo.com.br\/blog\/wp-content\/uploads\/2022\/04\/imoveis-de-luxo-no-rio-de-janeiro-rj-768x165.jpg 768w, https:\/\/invexo.com.br\/blog\/wp-content\/uploads\/2022\/04\/imoveis-de-luxo-no-rio-de-janeiro-rj-940x202.jpg 940w, https:\/\/invexo.com.br\/blog\/wp-content\/uploads\/2022\/04\/imoveis-de-luxo-no-rio-de-janeiro-rj-150x32.jpg 150w\" sizes=\"(max-width: 1300px) 100vw, 1300px\" \/><\/a><\/figure>\n\n\n\n<h3 class=\"wp-block-heading\">Av. Ataulfo de Paiva: Lan\u00e7amento Ataulfo 1165 da Construtora Concal<\/h3>\n\n\n\n<p>O edif\u00edcio Ataulfo 1165, localizado na Avenida Ataulfo de Paiva, \u00e9 um dos mais tradicionais da cidade. <\/p>\n\n\n\n<p>S\u00edmbolo hist\u00f3rico do Leblon, o pr\u00e9dio ganha outra vida com o projeto de revitaliza\u00e7\u00e3o arquitet\u00f4nica assinado por Jos\u00e9 Conde Caldas.<\/p>\n\n\n\n<p>Aliando tradi\u00e7\u00e3o carioca \u00e0s mais modernas tecnologias de seguran\u00e7a e arquitetura, a  construtora Concal faz o lan\u00e7amento de salas comerciais do Ataulfo 1165.<\/p>\n\n\n\n<h2 class=\"wp-block-heading\">Condom\u00ednio Ataulfo 1165 na Avenida Ataulfo de Paiva<\/h2>\n\n\n\n<p>A revitaliza\u00e7\u00e3o do Ataulfo 1165 levou em considera\u00e7\u00e3o a manuten\u00e7\u00e3o de aspectos hist\u00f3ricos junto \u00e0 moderniza\u00e7\u00e3o de quest\u00f5es funcionais.<\/p>\n\n\n\n<p>Dessa forma, o condom\u00ednio mant\u00e9m sua conhecida eleg\u00e2ncia arquitet\u00f4nica ao mesmo tempo em que oferece comodidades para os usu\u00e1rios &#8211; como tecnol\u00f3gicos sistemas de seguran\u00e7a e inc\u00eandio.<\/p>\n\n\n\n<p>Com plantas flex\u00edveis e amplas salas comerciais entre 138 m2\u00b2 e 314,97 m\u00b2, o edif\u00edcio Ataulfo 1165 \u00e9 o que voc\u00ea procurava no Leblon.<\/p>\n\n\n\n<p>Conhe\u00e7a, ent\u00e3o, detalhes sobre as unidades na Avenida Ataulfo de Paiva:<\/p>\n\n\n\n<h3 class=\"wp-block-heading\">Open Space<\/h3>\n\n\n\n<p>O Open Space \u00e9 um escrit\u00f3rio completo de 249,89 m\u00b2. Localizado no t\u00e9rreo do Ataulfo 1165, a unidade tem todas as acomoda\u00e7\u00f5es para a sua empresa funcionar confortavelmente.<\/p>\n\n\n\n<p>Assim, o Open Space conta com terra\u00e7o para descanso, copa e banheiros exclusivos. Al\u00e9m disso, o espa\u00e7o foi desenhado utilizando modernos conceitos de ambientes amplos e sem divis\u00f3rias, contribuindo para a produtividade da sua equipe.<\/p>\n\n\n\n<h3 class=\"wp-block-heading\"><strong>Salas Comerciais<\/strong><\/h3>\n\n\n\n<p>O Ataulfo 1165 tem diferentes formata\u00e7\u00f5es de salas comerciais, com metragens e plantas variadas. Com certeza, voc\u00ea vai encontrar uma unidade ideal para o seu empreendimento.<\/p>\n\n\n\n<p>Veja, a seguir, o tamanho das salas comerciais do Ataulfo 1165 e vagas dispon\u00edveis na garagem:<\/p>\n\n\n\n<ul><li>Unidade T\u00e9rrea: 249 m\u00b2<\/li><li>Sala: 138 m\u00b2 \u2013 1 vaga <\/li><li>Sala: 157 m\u00b2 \u2013 1 vaga <\/li><li>Andar Inteiro: 313 m\u00b2 \u2013 2 vagas <\/li><li>Sala Duplex: 294 m\u00b2 \u2013 1 vaga <\/li><\/ul>\n\n\n\n<p>Nossa equipe de especialistas em im\u00f3veis no <a rel=\"noreferrer noopener\" href=\"https:\/\/invexo.com.br\/condominio\/ataulfo-1165-leblon\/\" target=\"_blank\">Ataulfo 1165<\/a> criou um artigo com tudo o que o empreendimento comercial de luxo tem a oferecer para voc\u00ea e sua empresa.<\/p>\n\n\n\n<p>Encontre <a href=\"https:\/\/luxury.invexo.com.br\/?utm_source=blog&amp;utm_medium=blocofim\">im\u00f3veis comerciais no Rio de Janeiro<\/a> com localiza\u00e7\u00f5es estrat\u00e9gicas e estrutura perfeita para o seu escrit\u00f3rio. <\/p>\n\n\n\n<p>Conte com a INVEXO, imobili\u00e1ria especializada em im\u00f3veis de luxo no Rio de Janeiro!<\/p>\n\n\n\n<figure class=\"wp-block-image size-full\"><a href=\"https:\/\/luxury.invexo.com.br\/?utm_source=blog&amp;utm_medium=blocofim\" target=\"_blank\" rel=\"noopener noreferrer\"><img decoding=\"async\" width=\"1300\" height=\"280\" src=\"https:\/\/invexo.com.br\/blog\/wp-content\/uploads\/2022\/04\/apartamento-vista-mar-imovel-de-luxo-rio-de-janeiro.jpg\" alt=\"Apartamento vista-mar e im\u00f3veis de luxo no Rio de Janeiro\" class=\"wp-image-26442\" srcset=\"https:\/\/invexo.com.br\/blog\/wp-content\/uploads\/2022\/04\/apartamento-vista-mar-imovel-de-luxo-rio-de-janeiro.jpg 1300w, https:\/\/invexo.com.br\/blog\/wp-content\/uploads\/2022\/04\/apartamento-vista-mar-imovel-de-luxo-rio-de-janeiro-300x65.jpg 300w, https:\/\/invexo.com.br\/blog\/wp-content\/uploads\/2022\/04\/apartamento-vista-mar-imovel-de-luxo-rio-de-janeiro-1024x221.jpg 1024w, https:\/\/invexo.com.br\/blog\/wp-content\/uploads\/2022\/04\/apartamento-vista-mar-imovel-de-luxo-rio-de-janeiro-768x165.jpg 768w, https:\/\/invexo.com.br\/blog\/wp-content\/uploads\/2022\/04\/apartamento-vista-mar-imovel-de-luxo-rio-de-janeiro-940x202.jpg 940w, https:\/\/invexo.com.br\/blog\/wp-content\/uploads\/2022\/04\/apartamento-vista-mar-imovel-de-luxo-rio-de-janeiro-150x32.jpg 150w\" sizes=\"(max-width: 1300px) 100vw, 1300px\" \/><\/a><\/figure>\n","protected":false},"excerpt":{"rendered":"<p>Pesquisando por salas comerciais no Leblon para sua empresa ou, mesmo, para investir no ramo imobili\u00e1rio? Ent\u00e3o, o lan\u00e7amento da construtora Concal, na Avenida Ataulfo de Paiva, \u00e9 o que voc\u00ea est\u00e1 procurando. Localizado na regi\u00e3o mais valorizada do Brasil, o Ataulfo 1165 re\u00fane tradi\u00e7\u00e3o e tecnologia em uma incr\u00edvel revitaliza\u00e7\u00e3o arquitet\u00f4nica. O projeto, assinado&#8230;<\/p>\n","protected":false},"author":2,"featured_media":3778,"comment_status":"closed","ping_status":"closed","sticky":false,"template":"","format":"standard","meta":{"_acf_changed":false,"_kad_blocks_custom_css":"","_kad_blocks_head_custom_js":"","_kad_blocks_body_custom_js":"","_kad_blocks_footer_custom_js":"","_kadence_starter_templates_imported_post":false,"_kad_post_transparent":"","_kad_post_title":"","_kad_post_layout":"","_kad_post_sidebar_id":"","_kad_post_content_style":"","_kad_post_vertical_padding":"","_kad_post_feature":"","_kad_post_feature_position":"","_kad_post_header":false,"_kad_post_footer":false,"footnotes":""},"categories":[10,15,649,230],"tags":[],"acf":[],"yoast_head":"<!-- This site is optimized with the Yoast SEO plugin v24.1 - https:\/\/yoast.com\/wordpress\/plugins\/seo\/ -->\n<title>Lan\u00e7amento Comercial na Avenida Ataulfo de Paiva 1165 RJ<\/title>\n<meta name=\"description\" content=\"Conhe\u00e7a detalhes sobre as salas comerciais mais desejadas do Leblon: veja o lan\u00e7amento comercial de restaura\u00e7\u00e3o arquitet\u00f4nica do Ataulfo 1165.\" \/>\n<meta name=\"robots\" content=\"index, follow, max-snippet:-1, max-image-preview:large, max-video-preview:-1\" \/>\n<link rel=\"canonical\" href=\"https:\/\/invexo.com.br\/blog\/avenida-ataulfo-de-paiva-lancamento-comercial-ataulfo-1165-rj\/\" \/>\n<meta property=\"og:locale\" content=\"pt_BR\" \/>\n<meta property=\"og:type\" content=\"article\" \/>\n<meta property=\"og:title\" content=\"Lan\u00e7amento Comercial na Avenida Ataulfo de Paiva 1165 RJ\" \/>\n<meta property=\"og:description\" content=\"Conhe\u00e7a detalhes sobre as salas comerciais mais desejadas do Leblon: veja o lan\u00e7amento comercial de restaura\u00e7\u00e3o arquitet\u00f4nica do Ataulfo 1165.\" \/>\n<meta property=\"og:url\" content=\"https:\/\/invexo.com.br\/blog\/avenida-ataulfo-de-paiva-lancamento-comercial-ataulfo-1165-rj\/\" \/>\n<meta property=\"og:site_name\" content=\"Not\u00edcias RJ\" \/>\n<meta property=\"article:publisher\" content=\"https:\/\/facebook.com\/invexo\" \/>\n<meta property=\"article:author\" content=\"https:\/\/facebook.com\/invexo\" \/>\n<meta property=\"article:published_time\" content=\"2020-07-24T12:53:43+00:00\" \/>\n<meta property=\"article:modified_time\" content=\"2023-01-25T14:55:23+00:00\" \/>\n<meta property=\"og:image\" content=\"https:\/\/invexo.com.br\/blog\/wp-content\/uploads\/2020\/07\/Av.-Ataulfo-de-Paiva-Lan\u00e7amento-Comercial-Ataulfo-1165-RJ.jpg\" \/>\n\t<meta property=\"og:image:width\" content=\"770\" \/>\n\t<meta property=\"og:image:height\" content=\"567\" \/>\n\t<meta property=\"og:image:type\" content=\"image\/jpeg\" \/>\n<meta name=\"author\" content=\"Ronnie Possatti\" \/>\n<meta name=\"twitter:card\" content=\"summary_large_image\" \/>\n<meta name=\"twitter:creator\" content=\"@https:\/\/twitter.com\/invexoimoveis\" \/>\n<meta name=\"twitter:site\" content=\"@invexoimoveis\" \/>\n<meta name=\"twitter:label1\" content=\"Escrito por\" \/>\n\t<meta name=\"twitter:data1\" content=\"Ronnie Possatti\" \/>\n\t<meta name=\"twitter:label2\" content=\"Est. tempo de leitura\" \/>\n\t<meta name=\"twitter:data2\" content=\"3 minutos\" \/>\n<script type=\"application\/ld+json\" class=\"yoast-schema-graph\">{\"@context\":\"https:\/\/schema.org\",\"@graph\":[{\"@type\":\"Article\",\"@id\":\"https:\/\/invexo.com.br\/blog\/avenida-ataulfo-de-paiva-lancamento-comercial-ataulfo-1165-rj\/#article\",\"isPartOf\":{\"@id\":\"https:\/\/invexo.com.br\/blog\/avenida-ataulfo-de-paiva-lancamento-comercial-ataulfo-1165-rj\/\"},\"author\":{\"name\":\"Ronnie Possatti\",\"@id\":\"https:\/\/invexo.com.br\/blog\/#\/schema\/person\/36bee32f1cfacde03dc4c9622a58778d\"},\"headline\":\"Lan\u00e7amento Comercial Avenida Ataulfo de Paiva: Ataulfo 1165 RJ\",\"datePublished\":\"2020-07-24T12:53:43+00:00\",\"dateModified\":\"2023-01-25T14:55:23+00:00\",\"mainEntityOfPage\":{\"@id\":\"https:\/\/invexo.com.br\/blog\/avenida-ataulfo-de-paiva-lancamento-comercial-ataulfo-1165-rj\/\"},\"wordCount\":556,\"publisher\":{\"@id\":\"https:\/\/invexo.com.br\/blog\/#organization\"},\"image\":{\"@id\":\"https:\/\/invexo.com.br\/blog\/avenida-ataulfo-de-paiva-lancamento-comercial-ataulfo-1165-rj\/#primaryimage\"},\"thumbnailUrl\":\"https:\/\/invexo.com.br\/blog\/wp-content\/uploads\/2020\/07\/Av.-Ataulfo-de-Paiva-Lan\u00e7amento-Comercial-Ataulfo-1165-RJ.jpg\",\"articleSection\":[\"Bairros\",\"Informa\u00e7\u00f5es\",\"Lan\u00e7amentos de im\u00f3veis no Rio de Janeiro\",\"Mercado imobili\u00e1rio\"],\"inLanguage\":\"pt-BR\"},{\"@type\":\"WebPage\",\"@id\":\"https:\/\/invexo.com.br\/blog\/avenida-ataulfo-de-paiva-lancamento-comercial-ataulfo-1165-rj\/\",\"url\":\"https:\/\/invexo.com.br\/blog\/avenida-ataulfo-de-paiva-lancamento-comercial-ataulfo-1165-rj\/\",\"name\":\"Lan\u00e7amento Comercial na Avenida Ataulfo de Paiva 1165 RJ\",\"isPartOf\":{\"@id\":\"https:\/\/invexo.com.br\/blog\/#website\"},\"primaryImageOfPage\":{\"@id\":\"https:\/\/invexo.com.br\/blog\/avenida-ataulfo-de-paiva-lancamento-comercial-ataulfo-1165-rj\/#primaryimage\"},\"image\":{\"@id\":\"https:\/\/invexo.com.br\/blog\/avenida-ataulfo-de-paiva-lancamento-comercial-ataulfo-1165-rj\/#primaryimage\"},\"thumbnailUrl\":\"https:\/\/invexo.com.br\/blog\/wp-content\/uploads\/2020\/07\/Av.-Ataulfo-de-Paiva-Lan\u00e7amento-Comercial-Ataulfo-1165-RJ.jpg\",\"datePublished\":\"2020-07-24T12:53:43+00:00\",\"dateModified\":\"2023-01-25T14:55:23+00:00\",\"description\":\"Conhe\u00e7a detalhes sobre as salas comerciais mais desejadas do Leblon: veja o lan\u00e7amento comercial de restaura\u00e7\u00e3o arquitet\u00f4nica do Ataulfo 1165.\",\"breadcrumb\":{\"@id\":\"https:\/\/invexo.com.br\/blog\/avenida-ataulfo-de-paiva-lancamento-comercial-ataulfo-1165-rj\/#breadcrumb\"},\"inLanguage\":\"pt-BR\",\"potentialAction\":[{\"@type\":\"ReadAction\",\"target\":[\"https:\/\/invexo.com.br\/blog\/avenida-ataulfo-de-paiva-lancamento-comercial-ataulfo-1165-rj\/\"]}]},{\"@type\":\"ImageObject\",\"inLanguage\":\"pt-BR\",\"@id\":\"https:\/\/invexo.com.br\/blog\/avenida-ataulfo-de-paiva-lancamento-comercial-ataulfo-1165-rj\/#primaryimage\",\"url\":\"https:\/\/invexo.com.br\/blog\/wp-content\/uploads\/2020\/07\/Av.-Ataulfo-de-Paiva-Lan\u00e7amento-Comercial-Ataulfo-1165-RJ.jpg\",\"contentUrl\":\"https:\/\/invexo.com.br\/blog\/wp-content\/uploads\/2020\/07\/Av.-Ataulfo-de-Paiva-Lan\u00e7amento-Comercial-Ataulfo-1165-RJ.jpg\",\"width\":770,\"height\":567,\"caption\":\"Salas comerciais Av. Ataulfo de Paiva\"},{\"@type\":\"BreadcrumbList\",\"@id\":\"https:\/\/invexo.com.br\/blog\/avenida-ataulfo-de-paiva-lancamento-comercial-ataulfo-1165-rj\/#breadcrumb\",\"itemListElement\":[{\"@type\":\"ListItem\",\"position\":1,\"name\":\"Blog\",\"item\":\"https:\/\/invexo.com.br\/blog\/\"},{\"@type\":\"ListItem\",\"position\":2,\"name\":\"Bairros\",\"item\":\"https:\/\/invexo.com.br\/blog\/categoria\/bairros\/\"},{\"@type\":\"ListItem\",\"position\":3,\"name\":\"Lan\u00e7amento Comercial Avenida Ataulfo de Paiva: Ataulfo 1165 RJ\"}]},{\"@type\":\"WebSite\",\"@id\":\"https:\/\/invexo.com.br\/blog\/#website\",\"url\":\"https:\/\/invexo.com.br\/blog\/\",\"name\":\"Not\u00edcias RJ\",\"description\":\"Not\u00edcias sobre im\u00f3veis, financiamento, mercado imobili\u00e1rio do Rio de Janeiro. Informa\u00e7\u00f5es sobre Bairros, Condom\u00ednios e Regi\u00e3o do Rio de Janeiro.\",\"publisher\":{\"@id\":\"https:\/\/invexo.com.br\/blog\/#organization\"},\"potentialAction\":[{\"@type\":\"SearchAction\",\"target\":{\"@type\":\"EntryPoint\",\"urlTemplate\":\"https:\/\/invexo.com.br\/blog\/?s={search_term_string}\"},\"query-input\":{\"@type\":\"PropertyValueSpecification\",\"valueRequired\":true,\"valueName\":\"search_term_string\"}}],\"inLanguage\":\"pt-BR\"},{\"@type\":\"Organization\",\"@id\":\"https:\/\/invexo.com.br\/blog\/#organization\",\"name\":\"INVEXO Imobili\u00e1ria\",\"url\":\"https:\/\/invexo.com.br\/blog\/\",\"logo\":{\"@type\":\"ImageObject\",\"inLanguage\":\"pt-BR\",\"@id\":\"https:\/\/invexo.com.br\/blog\/#\/schema\/logo\/image\/\",\"url\":\"https:\/\/invexo.com.br\/blog\/wp-content\/uploads\/2018\/09\/invexo-80-melhor.png\",\"contentUrl\":\"https:\/\/invexo.com.br\/blog\/wp-content\/uploads\/2018\/09\/invexo-80-melhor.png\",\"width\":247,\"height\":80,\"caption\":\"INVEXO Imobili\u00e1ria\"},\"image\":{\"@id\":\"https:\/\/invexo.com.br\/blog\/#\/schema\/logo\/image\/\"},\"sameAs\":[\"https:\/\/facebook.com\/invexo\",\"https:\/\/x.com\/invexoimoveis\"]},{\"@type\":\"Person\",\"@id\":\"https:\/\/invexo.com.br\/blog\/#\/schema\/person\/36bee32f1cfacde03dc4c9622a58778d\",\"name\":\"Ronnie Possatti\",\"image\":{\"@type\":\"ImageObject\",\"inLanguage\":\"pt-BR\",\"@id\":\"https:\/\/invexo.com.br\/blog\/#\/schema\/person\/image\/\",\"url\":\"https:\/\/secure.gravatar.com\/avatar\/51a6cdcc215551235c39affb853f1e38?s=96&d=blank&r=g\",\"contentUrl\":\"https:\/\/secure.gravatar.com\/avatar\/51a6cdcc215551235c39affb853f1e38?s=96&d=blank&r=g\",\"caption\":\"Ronnie Possatti\"},\"description\":\"Equipe de especialistas que traz para seus leitores conte\u00fados relevantes e de qualidade sobre bairros, condom\u00ednios, lan\u00e7amentos e not\u00edcias imobili\u00e1rias no Rio de Janeiro.\",\"sameAs\":[\"https:\/\/facebook.com\/invexo\",\"https:\/\/instagram.com\/invexo\",\"https:\/\/x.com\/https:\/\/twitter.com\/invexoimoveis\"],\"url\":\"https:\/\/invexo.com.br\/blog\/author\/invexo\/\"}]}<\/script>\n<!-- \/ Yoast SEO plugin. -->","yoast_head_json":{"title":"Lan\u00e7amento Comercial na Avenida Ataulfo de Paiva 1165 RJ","description":"Conhe\u00e7a detalhes sobre as salas comerciais mais desejadas do Leblon: veja o lan\u00e7amento comercial de restaura\u00e7\u00e3o arquitet\u00f4nica do Ataulfo 1165.","robots":{"index":"index","follow":"follow","max-snippet":"max-snippet:-1","max-image-preview":"max-image-preview:large","max-video-preview":"max-video-preview:-1"},"canonical":"https:\/\/invexo.com.br\/blog\/avenida-ataulfo-de-paiva-lancamento-comercial-ataulfo-1165-rj\/","og_locale":"pt_BR","og_type":"article","og_title":"Lan\u00e7amento Comercial na Avenida Ataulfo de Paiva 1165 RJ","og_description":"Conhe\u00e7a detalhes sobre as salas comerciais mais desejadas do Leblon: veja o lan\u00e7amento comercial de restaura\u00e7\u00e3o arquitet\u00f4nica do Ataulfo 1165.","og_url":"https:\/\/invexo.com.br\/blog\/avenida-ataulfo-de-paiva-lancamento-comercial-ataulfo-1165-rj\/","og_site_name":"Not\u00edcias RJ","article_publisher":"https:\/\/facebook.com\/invexo","article_author":"https:\/\/facebook.com\/invexo","article_published_time":"2020-07-24T12:53:43+00:00","article_modified_time":"2023-01-25T14:55:23+00:00","og_image":[{"width":770,"height":567,"url":"https:\/\/invexo.com.br\/blog\/wp-content\/uploads\/2020\/07\/Av.-Ataulfo-de-Paiva-Lan\u00e7amento-Comercial-Ataulfo-1165-RJ.jpg","type":"image\/jpeg"}],"author":"Ronnie Possatti","twitter_card":"summary_large_image","twitter_creator":"@https:\/\/twitter.com\/invexoimoveis","twitter_site":"@invexoimoveis","twitter_misc":{"Escrito por":"Ronnie Possatti","Est. tempo de leitura":"3 minutos"},"schema":{"@context":"https:\/\/schema.org","@graph":[{"@type":"Article","@id":"https:\/\/invexo.com.br\/blog\/avenida-ataulfo-de-paiva-lancamento-comercial-ataulfo-1165-rj\/#article","isPartOf":{"@id":"https:\/\/invexo.com.br\/blog\/avenida-ataulfo-de-paiva-lancamento-comercial-ataulfo-1165-rj\/"},"author":{"name":"Ronnie Possatti","@id":"https:\/\/invexo.com.br\/blog\/#\/schema\/person\/36bee32f1cfacde03dc4c9622a58778d"},"headline":"Lan\u00e7amento Comercial Avenida Ataulfo de Paiva: Ataulfo 1165 RJ","datePublished":"2020-07-24T12:53:43+00:00","dateModified":"2023-01-25T14:55:23+00:00","mainEntityOfPage":{"@id":"https:\/\/invexo.com.br\/blog\/avenida-ataulfo-de-paiva-lancamento-comercial-ataulfo-1165-rj\/"},"wordCount":556,"publisher":{"@id":"https:\/\/invexo.com.br\/blog\/#organization"},"image":{"@id":"https:\/\/invexo.com.br\/blog\/avenida-ataulfo-de-paiva-lancamento-comercial-ataulfo-1165-rj\/#primaryimage"},"thumbnailUrl":"https:\/\/invexo.com.br\/blog\/wp-content\/uploads\/2020\/07\/Av.-Ataulfo-de-Paiva-Lan\u00e7amento-Comercial-Ataulfo-1165-RJ.jpg","articleSection":["Bairros","Informa\u00e7\u00f5es","Lan\u00e7amentos de im\u00f3veis no Rio de Janeiro","Mercado imobili\u00e1rio"],"inLanguage":"pt-BR"},{"@type":"WebPage","@id":"https:\/\/invexo.com.br\/blog\/avenida-ataulfo-de-paiva-lancamento-comercial-ataulfo-1165-rj\/","url":"https:\/\/invexo.com.br\/blog\/avenida-ataulfo-de-paiva-lancamento-comercial-ataulfo-1165-rj\/","name":"Lan\u00e7amento Comercial na Avenida Ataulfo de Paiva 1165 RJ","isPartOf":{"@id":"https:\/\/invexo.com.br\/blog\/#website"},"primaryImageOfPage":{"@id":"https:\/\/invexo.com.br\/blog\/avenida-ataulfo-de-paiva-lancamento-comercial-ataulfo-1165-rj\/#primaryimage"},"image":{"@id":"https:\/\/invexo.com.br\/blog\/avenida-ataulfo-de-paiva-lancamento-comercial-ataulfo-1165-rj\/#primaryimage"},"thumbnailUrl":"https:\/\/invexo.com.br\/blog\/wp-content\/uploads\/2020\/07\/Av.-Ataulfo-de-Paiva-Lan\u00e7amento-Comercial-Ataulfo-1165-RJ.jpg","datePublished":"2020-07-24T12:53:43+00:00","dateModified":"2023-01-25T14:55:23+00:00","description":"Conhe\u00e7a detalhes sobre as salas comerciais mais desejadas do Leblon: veja o lan\u00e7amento comercial de restaura\u00e7\u00e3o arquitet\u00f4nica do Ataulfo 1165.","breadcrumb":{"@id":"https:\/\/invexo.com.br\/blog\/avenida-ataulfo-de-paiva-lancamento-comercial-ataulfo-1165-rj\/#breadcrumb"},"inLanguage":"pt-BR","potentialAction":[{"@type":"ReadAction","target":["https:\/\/invexo.com.br\/blog\/avenida-ataulfo-de-paiva-lancamento-comercial-ataulfo-1165-rj\/"]}]},{"@type":"ImageObject","inLanguage":"pt-BR","@id":"https:\/\/invexo.com.br\/blog\/avenida-ataulfo-de-paiva-lancamento-comercial-ataulfo-1165-rj\/#primaryimage","url":"https:\/\/invexo.com.br\/blog\/wp-content\/uploads\/2020\/07\/Av.-Ataulfo-de-Paiva-Lan\u00e7amento-Comercial-Ataulfo-1165-RJ.jpg","contentUrl":"https:\/\/invexo.com.br\/blog\/wp-content\/uploads\/2020\/07\/Av.-Ataulfo-de-Paiva-Lan\u00e7amento-Comercial-Ataulfo-1165-RJ.jpg","width":770,"height":567,"caption":"Salas comerciais Av. Ataulfo de Paiva"},{"@type":"BreadcrumbList","@id":"https:\/\/invexo.com.br\/blog\/avenida-ataulfo-de-paiva-lancamento-comercial-ataulfo-1165-rj\/#breadcrumb","itemListElement":[{"@type":"ListItem","position":1,"name":"Blog","item":"https:\/\/invexo.com.br\/blog\/"},{"@type":"ListItem","position":2,"name":"Bairros","item":"https:\/\/invexo.com.br\/blog\/categoria\/bairros\/"},{"@type":"ListItem","position":3,"name":"Lan\u00e7amento Comercial Avenida Ataulfo de Paiva: Ataulfo 1165 RJ"}]},{"@type":"WebSite","@id":"https:\/\/invexo.com.br\/blog\/#website","url":"https:\/\/invexo.com.br\/blog\/","name":"Not\u00edcias RJ","description":"Not\u00edcias sobre im\u00f3veis, financiamento, mercado imobili\u00e1rio do Rio de Janeiro. Informa\u00e7\u00f5es sobre Bairros, Condom\u00ednios e Regi\u00e3o do Rio de Janeiro.","publisher":{"@id":"https:\/\/invexo.com.br\/blog\/#organization"},"potentialAction":[{"@type":"SearchAction","target":{"@type":"EntryPoint","urlTemplate":"https:\/\/invexo.com.br\/blog\/?s={search_term_string}"},"query-input":{"@type":"PropertyValueSpecification","valueRequired":true,"valueName":"search_term_string"}}],"inLanguage":"pt-BR"},{"@type":"Organization","@id":"https:\/\/invexo.com.br\/blog\/#organization","name":"INVEXO Imobili\u00e1ria","url":"https:\/\/invexo.com.br\/blog\/","logo":{"@type":"ImageObject","inLanguage":"pt-BR","@id":"https:\/\/invexo.com.br\/blog\/#\/schema\/logo\/image\/","url":"https:\/\/invexo.com.br\/blog\/wp-content\/uploads\/2018\/09\/invexo-80-melhor.png","contentUrl":"https:\/\/invexo.com.br\/blog\/wp-content\/uploads\/2018\/09\/invexo-80-melhor.png","width":247,"height":80,"caption":"INVEXO Imobili\u00e1ria"},"image":{"@id":"https:\/\/invexo.com.br\/blog\/#\/schema\/logo\/image\/"},"sameAs":["https:\/\/facebook.com\/invexo","https:\/\/x.com\/invexoimoveis"]},{"@type":"Person","@id":"https:\/\/invexo.com.br\/blog\/#\/schema\/person\/36bee32f1cfacde03dc4c9622a58778d","name":"Ronnie Possatti","image":{"@type":"ImageObject","inLanguage":"pt-BR","@id":"https:\/\/invexo.com.br\/blog\/#\/schema\/person\/image\/","url":"https:\/\/secure.gravatar.com\/avatar\/51a6cdcc215551235c39affb853f1e38?s=96&d=blank&r=g","contentUrl":"https:\/\/secure.gravatar.com\/avatar\/51a6cdcc215551235c39affb853f1e38?s=96&d=blank&r=g","caption":"Ronnie Possatti"},"description":"Equipe de especialistas que traz para seus leitores conte\u00fados relevantes e de qualidade sobre bairros, condom\u00ednios, lan\u00e7amentos e not\u00edcias imobili\u00e1rias no Rio de Janeiro.","sameAs":["https:\/\/facebook.com\/invexo","https:\/\/instagram.com\/invexo","https:\/\/x.com\/https:\/\/twitter.com\/invexoimoveis"],"url":"https:\/\/invexo.com.br\/blog\/author\/invexo\/"}]}},"taxonomy_info":{"category":[{"value":10,"label":"Bairros"},{"value":15,"label":"Informa\u00e7\u00f5es"},{"value":649,"label":"Lan\u00e7amentos de im\u00f3veis no Rio de Janeiro"},{"value":230,"label":"Mercado imobili\u00e1rio"}]},"featured_image_src_large":["https:\/\/invexo.com.br\/blog\/wp-content\/uploads\/2020\/07\/Av.-Ataulfo-de-Paiva-Lan\u00e7amento-Comercial-Ataulfo-1165-RJ.jpg",770,567,false],"author_info":{"display_name":"Ronnie Possatti","author_link":"https:\/\/invexo.com.br\/blog\/author\/invexo\/"},"comment_info":0,"category_info":[{"term_id":10,"name":"Bairros","slug":"bairros","term_group":0,"term_taxonomy_id":10,"taxonomy":"category","description":"Not\u00edcias sobre estabelecimentos nos melhores bairros para se morar no Rio de Janeiro.","parent":0,"count":1354,"filter":"raw","cat_ID":10,"category_count":1354,"category_description":"Not\u00edcias sobre estabelecimentos nos melhores bairros para se morar no Rio de Janeiro.","cat_name":"Bairros","category_nicename":"bairros","category_parent":0},{"term_id":15,"name":"Informa\u00e7\u00f5es","slug":"informacoes","term_group":0,"term_taxonomy_id":15,"taxonomy":"category","description":"Informa\u00e7\u00f5es, experi\u00eancia nos melhores estabelecimentos em bairros nobres para se viver no Rio de Janeiro. Tudo sobre cultura, entretenimento e lazer.","parent":0,"count":1297,"filter":"raw","cat_ID":15,"category_count":1297,"category_description":"Informa\u00e7\u00f5es, experi\u00eancia nos melhores estabelecimentos em bairros nobres para se viver no Rio de Janeiro. Tudo sobre cultura, entretenimento e lazer.","cat_name":"Informa\u00e7\u00f5es","category_nicename":"informacoes","category_parent":0},{"term_id":649,"name":"Lan\u00e7amentos de im\u00f3veis no Rio de Janeiro","slug":"lancamentos-rj","term_group":0,"term_taxonomy_id":649,"taxonomy":"category","description":"Confira not\u00edcias atualizadas sobre lan\u00e7amentos de im\u00f3veis de luxo na cidade maravilhosa com a INVEXO no Rio de Janeiro.","parent":0,"count":123,"filter":"raw","cat_ID":649,"category_count":123,"category_description":"Confira not\u00edcias atualizadas sobre lan\u00e7amentos de im\u00f3veis de luxo na cidade maravilhosa com a INVEXO no Rio de Janeiro.","cat_name":"Lan\u00e7amentos de im\u00f3veis no Rio de Janeiro","category_nicename":"lancamentos-rj","category_parent":0},{"term_id":230,"name":"Mercado imobili\u00e1rio","slug":"mercado-imobiliario","term_group":0,"term_taxonomy_id":230,"taxonomy":"category","description":"Not\u00edcias sobre o mercado imobili\u00e1rio carioca, informa\u00e7\u00f5es sobre lan\u00e7amentos, construtoras, incorporadoras e futuros lan\u00e7amentos na cidade do Rio de Janeiro.","parent":0,"count":266,"filter":"raw","cat_ID":230,"category_count":266,"category_description":"Not\u00edcias sobre o mercado imobili\u00e1rio carioca, informa\u00e7\u00f5es sobre lan\u00e7amentos, construtoras, incorporadoras e futuros lan\u00e7amentos na cidade do Rio de Janeiro.","cat_name":"Mercado imobili\u00e1rio","category_nicename":"mercado-imobiliario","category_parent":0}],"tag_info":false,"_links":{"self":[{"href":"https:\/\/invexo.com.br\/blog\/wp-json\/wp\/v2\/posts\/3270"}],"collection":[{"href":"https:\/\/invexo.com.br\/blog\/wp-json\/wp\/v2\/posts"}],"about":[{"href":"https:\/\/invexo.com.br\/blog\/wp-json\/wp\/v2\/types\/post"}],"author":[{"embeddable":true,"href":"https:\/\/invexo.com.br\/blog\/wp-json\/wp\/v2\/users\/2"}],"replies":[{"embeddable":true,"href":"https:\/\/invexo.com.br\/blog\/wp-json\/wp\/v2\/comments?post=3270"}],"version-history":[{"count":2,"href":"https:\/\/invexo.com.br\/blog\/wp-json\/wp\/v2\/posts\/3270\/revisions"}],"predecessor-version":[{"id":34570,"href":"https:\/\/invexo.com.br\/blog\/wp-json\/wp\/v2\/posts\/3270\/revisions\/34570"}],"wp:featuredmedia":[{"embeddable":true,"href":"https:\/\/invexo.com.br\/blog\/wp-json\/wp\/v2\/media\/3778"}],"wp:attachment":[{"href":"https:\/\/invexo.com.br\/blog\/wp-json\/wp\/v2\/media?parent=3270"}],"wp:term":[{"taxonomy":"category","embeddable":true,"href":"https:\/\/invexo.com.br\/blog\/wp-json\/wp\/v2\/categories?post=3270"},{"taxonomy":"post_tag","embeddable":true,"href":"https:\/\/invexo.com.br\/blog\/wp-json\/wp\/v2\/tags?post=3270"}],"curies":[{"name":"wp","href":"https:\/\/api.w.org\/{rel}","templated":true}]}}