{"id":3225,"date":"2020-07-06T13:23:49","date_gmt":"2020-07-06T16:23:49","guid":{"rendered":"https:\/\/invexo.com.br\/blog\/?p=3225"},"modified":"2023-01-11T14:12:10","modified_gmt":"2023-01-11T17:12:10","slug":"tom-gafisa-avenida-delfim-moreira-leblon-rj","status":"publish","type":"post","link":"https:\/\/invexo.com.br\/blog\/tom-gafisa-avenida-delfim-moreira-leblon-rj\/","title":{"rendered":"Lan\u00e7amento Tom Gafisa Leblon na Avenida Delfim Moreira Leblon: \u00daltimo Terreno"},"content":{"rendered":"\n<p>Voc\u00ea j\u00e1 imaginou morar em frente \u00e0 praia do Leblon, com o famoso cal\u00e7ad\u00e3o carioca bem a seus p\u00e9s? Pois essa \u00e9 a vista de quem vive na Avenida Delfim Moreira, Zona Sul do Rio de Janeiro.<\/p>\n\n\n\n<p>Al\u00e9m de contar com um cen\u00e1rio cinematogr\u00e1fico, o endere\u00e7o tem toda a comodidade de que o morador precisa para sua rotina, com vasta rede de servi\u00e7os e com\u00e9rcio.<\/p>\n\n\n\n<p>\u00c9 neste ambiente encantador que o <strong>Condom\u00ednio no \u00faltimo terreno da Avenida Delfim Moreira, <\/strong>no Leblon, da construtora <strong>Gafisa<\/strong>, que est\u00e1 prestes a fazer seu lan\u00e7amento. <\/p>\n\n\n\n<p>Se voc\u00ea quer ser um dos moradores que v\u00e3o desfrutar desse visual carioca de tirar o f\u00f4lego, precisa conhecer toda a estrutura do exclusivo condom\u00ednio no Rio de Janeiro. Confira!<\/p>\n\n\n\n<div class=\"wp-block-group\"><div class=\"wp-block-group__inner-container is-layout-flow wp-block-group-is-layout-flow\">\n<p>Oportunidades \u00fanicas de im\u00f3veis exclusivos no Leblon. Siga nosso&nbsp;<strong><a href=\"https:\/\/whatsapp.com\/channel\/0029Va6pgNA0VycOAQkTIa3Z\">canal no WhatsApp<\/a><\/strong>&nbsp;e tenha acesso antecipado aos im\u00f3veis \u00e0 venda na regi\u00e3o.<\/p>\n\n\n\n<p><a href=\"https:\/\/whatsapp.com\/channel\/0029VaB0crhDZ4LfWQoKd22G\"><\/a><\/p>\n<\/div><\/div>\n\n\n\n<script async src=\"https:\/\/pagead2.googlesyndication.com\/pagead\/js\/adsbygoogle.js?client=ca-pub-6250649730240355\"\n     crossorigin=\"anonymous\"><\/script>\n<!-- Anuncios Blog -->\n<ins class=\"adsbygoogle\"\n     style=\"display:block\"\n     data-ad-client=\"ca-pub-6250649730240355\"\n     data-ad-slot=\"3218632260\"\n     data-ad-format=\"auto\"\n     data-full-width-responsive=\"true\"><\/ins>\n<script>\n     (adsbygoogle = window.adsbygoogle || []).push({});\n<\/script>\n\n\n\n<h2 class=\"wp-block-heading\">More no Tom Gafisa na Avenida Delfim Moreira Leblon<\/h2>\n\n\n\n<p>A Zona Sul do Rio \u00e9 uma das \u00e1reas mais desejadas por quem quer visitar ou morar na cidade.<\/p>\n\n\n\n<p>Com sua extensa orla praiana e um lifestyle \u00fanico em todo o mundo, a regi\u00e3o \u00e9 inspira\u00e7\u00e3o at\u00e9 mesmo para artistas que imortalizaram a \u00e1rea com suas obras de arte.<\/p>\n\n\n\n<p>A Avenida Delfim Moreira fica localizada no Leblon e \u00e9 uma express\u00e3o genu\u00edna da alma carioca, com v\u00e1rios bares e restaurantes famosos. <\/p>\n\n\n\n<p>Al\u00e9m disso, a vizinhan\u00e7a conta com \u00f3timas op\u00e7\u00f5es de entretenimento &#8211; que v\u00e3o de teatros a pr\u00e1ticas esportivas em fam\u00edlia. <\/p>\n\n\n\n<p>Mas, como se n\u00e3o bastasse todo este clima &#8220;a cara do Rio&#8221;, o local tem v\u00e1rias facilidades como redes de ensino (col\u00e9gios, escolas de idiomas e faculdades) e diversidade de com\u00e9rcio e servi\u00e7os.<\/p>\n\n\n\n<p>Ent\u00e3o, a <strong>Avenida Delfim Moreira<\/strong> re\u00fane o melhor do Rio em um s\u00f3 endere\u00e7o.<\/p>\n\n\n\n<h3 class=\"wp-block-heading\"><strong>Condom\u00ednio <\/strong>Tom Gafisa em Lan\u00e7amento <strong>no Leblon<\/strong><\/h3>\n\n\n\n<p>Na d\u00e9cada de 1930, quando as praias cariocas ainda eram rodeadas de pescadores artesanais, o im\u00f3vel localizado na Avenida Delfim Moreira foi erguido. <\/p>\n\n\n\n<p>Quase 90 anos depois, toda uma longa hist\u00f3ria se passou. Ent\u00e3o, a \u00faltima casa do Leblon deu lugar ao condom\u00ednio mais esperado do cal\u00e7ad\u00e3o do Rio.<\/p>\n\n\n\n<p>Com toda a hist\u00f3ria da orla carioca, o Condom\u00ednio Avenida Delfim Moreira \u00e9 um dos lan\u00e7amentos mais aguardados da cidade. <\/p>\n\n\n\n<p>O empreendimento \u00e9 uma raridade em im\u00f3veis de frente para o mar, em plena Zona Sul do Rio de Janeiro.<\/p>\n\n\n\n<p>Al\u00e9m de contar com infraestrutura de ponta, o residencial est\u00e1 bem localizado para facilitar a sua rotina. <\/p>\n\n\n\n<p>Veja detalhes, a seguir:<\/p>\n\n\n\n<h2 class=\"wp-block-heading\">Condom\u00ednio Tom Gafisa <strong>Delfim Moreira <\/strong>no Leblon<\/h2>\n\n\n\n<p>O exclusivo residencial do Leblon contar\u00e1 com apenas 5 unidades, entre apartamentos e cobertura \u00fanica.<\/p>\n\n\n\n<p>Com arquitetura moderna e divis\u00f5es inteligentes, os im\u00f3veis foram projetados para trazer conforto e sofistica\u00e7\u00e3o para voc\u00ea e sua fam\u00edlia.<\/p>\n\n\n\n<p>Os <strong>apartamentos<\/strong> em lan\u00e7amento na Avenida Delfim Moreira ser\u00e3o compostos por quartos, su\u00edtes e vagas na garagem, al\u00e9m de outras acomoda\u00e7\u00f5es. <\/p>\n\n\n\n<figure class=\"wp-block-image size-large\"><a href=\"https:\/\/invexo.com.br\/lancamento\/tom-delfim-moreira-leblon\/\" target=\"_blank\" rel=\"noopener noreferrer\"><img decoding=\"async\" width=\"1024\" height=\"576\" src=\"https:\/\/invexo.com.br\/blog\/wp-content\/uploads\/2020\/07\/blog-tom--1024x576.jpg\" alt=\"Tom Delfim Moreira\" class=\"wp-image-21550\" srcset=\"https:\/\/invexo.com.br\/blog\/wp-content\/uploads\/2020\/07\/blog-tom--1024x576.jpg 1024w, https:\/\/invexo.com.br\/blog\/wp-content\/uploads\/2020\/07\/blog-tom--300x169.jpg 300w, https:\/\/invexo.com.br\/blog\/wp-content\/uploads\/2020\/07\/blog-tom--768x432.jpg 768w, https:\/\/invexo.com.br\/blog\/wp-content\/uploads\/2020\/07\/blog-tom--940x529.jpg 940w, https:\/\/invexo.com.br\/blog\/wp-content\/uploads\/2020\/07\/blog-tom-.jpg 1280w\" sizes=\"(max-width: 1024px) 100vw, 1024px\" \/><\/a><\/figure>\n\n\n\n<p>A <strong>cobertura exclusiva no Leblon<\/strong>, de frente para o mar, ainda conta com o visual de um dos cart\u00f5es-postais mais lindos do Rio de Janeiro.<\/p>\n\n\n\n<p>Se voc\u00ea quer ser o mais novo morador da Zona Sul, bem na orla da praia do Leblon, precisa acompanhar o lan\u00e7amento do Condom\u00ednio Avenida Delfim Moreira.<\/p>\n\n\n\n<p>Ent\u00e3o, conhe\u00e7a agora mesmo o <a href=\"https:\/\/invexo.com.br\/lancamento\/tom-delfim-moreira-leblon\/\" target=\"_blank\" rel=\"noreferrer noopener\">Tom Gafisa <\/a>para receber as novidades, com exclusividade, sobre os apartamentos e cobertura na Avenida Delfim Moreira no Leblon. <\/p>\n\n\n\n<script async src=\"https:\/\/pagead2.googlesyndication.com\/pagead\/js\/adsbygoogle.js?client=ca-pub-6250649730240355\"\n     crossorigin=\"anonymous\"><\/script>\n<ins class=\"adsbygoogle\"\n     style=\"display:block\"\n     data-ad-format=\"fluid\"\n     data-ad-layout-key=\"-fb+5w+4e-db+86\"\n     data-ad-client=\"ca-pub-6250649730240355\"\n     data-ad-slot=\"9908760168\"><\/ins>\n<script>\n     (adsbygoogle = window.adsbygoogle || []).push({});\n<\/script>\n","protected":false},"excerpt":{"rendered":"<p>Voc\u00ea j\u00e1 imaginou morar em frente \u00e0 praia do Leblon, com o famoso cal\u00e7ad\u00e3o carioca bem a seus p\u00e9s? Pois essa \u00e9 a vista de quem vive na Avenida Delfim Moreira, Zona Sul do Rio de Janeiro. Al\u00e9m de contar com um cen\u00e1rio cinematogr\u00e1fico, o endere\u00e7o tem toda a comodidade de que o morador precisa&#8230;<\/p>\n","protected":false},"author":2,"featured_media":21549,"comment_status":"closed","ping_status":"closed","sticky":false,"template":"","format":"standard","meta":{"_acf_changed":false,"_kad_blocks_custom_css":"","_kad_blocks_head_custom_js":"","_kad_blocks_body_custom_js":"","_kad_blocks_footer_custom_js":"","_kadence_starter_templates_imported_post":false,"_kad_post_transparent":"","_kad_post_title":"","_kad_post_layout":"","_kad_post_sidebar_id":"","_kad_post_content_style":"","_kad_post_vertical_padding":"","_kad_post_feature":"","_kad_post_feature_position":"","_kad_post_header":false,"_kad_post_footer":false,"footnotes":""},"categories":[10,15,649,230],"tags":[634],"acf":[],"yoast_head":"<!-- This site is optimized with the Yoast SEO plugin v24.1 - https:\/\/yoast.com\/wordpress\/plugins\/seo\/ -->\n<title>Lan\u00e7amento Tom Gafisa Leblon na Avenida Delfim Moreira RJ<\/title>\n<meta name=\"description\" content=\"Conhe\u00e7a o lan\u00e7amento Tom da construtora Gafisa no \u00daltimo Terreno da Avenida Delfim Moreira. More de frente para o mar no Rio de Janeiro.\" \/>\n<meta name=\"robots\" content=\"index, follow, max-snippet:-1, max-image-preview:large, max-video-preview:-1\" \/>\n<link rel=\"canonical\" href=\"https:\/\/invexo.com.br\/blog\/tom-gafisa-avenida-delfim-moreira-leblon-rj\/\" \/>\n<meta property=\"og:locale\" content=\"pt_BR\" \/>\n<meta property=\"og:type\" content=\"article\" \/>\n<meta property=\"og:title\" content=\"Lan\u00e7amento Tom Gafisa Leblon na Avenida Delfim Moreira RJ\" \/>\n<meta property=\"og:description\" content=\"Conhe\u00e7a o lan\u00e7amento Tom da construtora Gafisa no \u00daltimo Terreno da Avenida Delfim Moreira. More de frente para o mar no Rio de Janeiro.\" \/>\n<meta property=\"og:url\" content=\"https:\/\/invexo.com.br\/blog\/tom-gafisa-avenida-delfim-moreira-leblon-rj\/\" \/>\n<meta property=\"og:site_name\" content=\"Not\u00edcias RJ\" \/>\n<meta property=\"article:publisher\" content=\"https:\/\/facebook.com\/invexo\" \/>\n<meta property=\"article:author\" content=\"https:\/\/facebook.com\/invexo\" \/>\n<meta property=\"article:published_time\" content=\"2020-07-06T16:23:49+00:00\" \/>\n<meta property=\"article:modified_time\" content=\"2023-01-11T17:12:10+00:00\" \/>\n<meta property=\"og:image\" content=\"https:\/\/invexo.com.br\/blog\/wp-content\/uploads\/2020\/07\/blog-tom.jpg\" \/>\n\t<meta property=\"og:image:width\" content=\"1280\" \/>\n\t<meta property=\"og:image:height\" content=\"720\" \/>\n\t<meta property=\"og:image:type\" content=\"image\/jpeg\" \/>\n<meta name=\"author\" content=\"Ronnie Possatti\" \/>\n<meta name=\"twitter:card\" content=\"summary_large_image\" \/>\n<meta name=\"twitter:creator\" content=\"@https:\/\/twitter.com\/invexoimoveis\" \/>\n<meta name=\"twitter:site\" content=\"@invexoimoveis\" \/>\n<meta name=\"twitter:label1\" content=\"Escrito por\" \/>\n\t<meta name=\"twitter:data1\" content=\"Ronnie Possatti\" \/>\n\t<meta name=\"twitter:label2\" content=\"Est. tempo de leitura\" \/>\n\t<meta name=\"twitter:data2\" content=\"4 minutos\" \/>\n<script type=\"application\/ld+json\" class=\"yoast-schema-graph\">{\"@context\":\"https:\/\/schema.org\",\"@graph\":[{\"@type\":\"Article\",\"@id\":\"https:\/\/invexo.com.br\/blog\/tom-gafisa-avenida-delfim-moreira-leblon-rj\/#article\",\"isPartOf\":{\"@id\":\"https:\/\/invexo.com.br\/blog\/tom-gafisa-avenida-delfim-moreira-leblon-rj\/\"},\"author\":{\"name\":\"Ronnie Possatti\",\"@id\":\"https:\/\/invexo.com.br\/blog\/#\/schema\/person\/36bee32f1cfacde03dc4c9622a58778d\"},\"headline\":\"Lan\u00e7amento Tom Gafisa Leblon na Avenida Delfim Moreira Leblon: \u00daltimo Terreno\",\"datePublished\":\"2020-07-06T16:23:49+00:00\",\"dateModified\":\"2023-01-11T17:12:10+00:00\",\"mainEntityOfPage\":{\"@id\":\"https:\/\/invexo.com.br\/blog\/tom-gafisa-avenida-delfim-moreira-leblon-rj\/\"},\"wordCount\":587,\"publisher\":{\"@id\":\"https:\/\/invexo.com.br\/blog\/#organization\"},\"image\":{\"@id\":\"https:\/\/invexo.com.br\/blog\/tom-gafisa-avenida-delfim-moreira-leblon-rj\/#primaryimage\"},\"thumbnailUrl\":\"https:\/\/invexo.com.br\/blog\/wp-content\/uploads\/2020\/07\/blog-tom.jpg\",\"keywords\":[\"Leblon\"],\"articleSection\":[\"Bairros\",\"Informa\u00e7\u00f5es\",\"Lan\u00e7amentos de im\u00f3veis no Rio de Janeiro\",\"Mercado imobili\u00e1rio\"],\"inLanguage\":\"pt-BR\"},{\"@type\":\"WebPage\",\"@id\":\"https:\/\/invexo.com.br\/blog\/tom-gafisa-avenida-delfim-moreira-leblon-rj\/\",\"url\":\"https:\/\/invexo.com.br\/blog\/tom-gafisa-avenida-delfim-moreira-leblon-rj\/\",\"name\":\"Lan\u00e7amento Tom Gafisa Leblon na Avenida Delfim Moreira RJ\",\"isPartOf\":{\"@id\":\"https:\/\/invexo.com.br\/blog\/#website\"},\"primaryImageOfPage\":{\"@id\":\"https:\/\/invexo.com.br\/blog\/tom-gafisa-avenida-delfim-moreira-leblon-rj\/#primaryimage\"},\"image\":{\"@id\":\"https:\/\/invexo.com.br\/blog\/tom-gafisa-avenida-delfim-moreira-leblon-rj\/#primaryimage\"},\"thumbnailUrl\":\"https:\/\/invexo.com.br\/blog\/wp-content\/uploads\/2020\/07\/blog-tom.jpg\",\"datePublished\":\"2020-07-06T16:23:49+00:00\",\"dateModified\":\"2023-01-11T17:12:10+00:00\",\"description\":\"Conhe\u00e7a o lan\u00e7amento Tom da construtora Gafisa no \u00daltimo Terreno da Avenida Delfim Moreira. More de frente para o mar no Rio de Janeiro.\",\"breadcrumb\":{\"@id\":\"https:\/\/invexo.com.br\/blog\/tom-gafisa-avenida-delfim-moreira-leblon-rj\/#breadcrumb\"},\"inLanguage\":\"pt-BR\",\"potentialAction\":[{\"@type\":\"ReadAction\",\"target\":[\"https:\/\/invexo.com.br\/blog\/tom-gafisa-avenida-delfim-moreira-leblon-rj\/\"]}]},{\"@type\":\"ImageObject\",\"inLanguage\":\"pt-BR\",\"@id\":\"https:\/\/invexo.com.br\/blog\/tom-gafisa-avenida-delfim-moreira-leblon-rj\/#primaryimage\",\"url\":\"https:\/\/invexo.com.br\/blog\/wp-content\/uploads\/2020\/07\/blog-tom.jpg\",\"contentUrl\":\"https:\/\/invexo.com.br\/blog\/wp-content\/uploads\/2020\/07\/blog-tom.jpg\",\"width\":1280,\"height\":720,\"caption\":\"Invexo Tom Delfim Moreira\"},{\"@type\":\"BreadcrumbList\",\"@id\":\"https:\/\/invexo.com.br\/blog\/tom-gafisa-avenida-delfim-moreira-leblon-rj\/#breadcrumb\",\"itemListElement\":[{\"@type\":\"ListItem\",\"position\":1,\"name\":\"Blog\",\"item\":\"https:\/\/invexo.com.br\/blog\/\"},{\"@type\":\"ListItem\",\"position\":2,\"name\":\"Bairros\",\"item\":\"https:\/\/invexo.com.br\/blog\/categoria\/bairros\/\"},{\"@type\":\"ListItem\",\"position\":3,\"name\":\"Lan\u00e7amento Tom Gafisa Leblon na Avenida Delfim Moreira Leblon: \u00daltimo Terreno\"}]},{\"@type\":\"WebSite\",\"@id\":\"https:\/\/invexo.com.br\/blog\/#website\",\"url\":\"https:\/\/invexo.com.br\/blog\/\",\"name\":\"Not\u00edcias RJ\",\"description\":\"Not\u00edcias sobre im\u00f3veis, financiamento, mercado imobili\u00e1rio do Rio de Janeiro. Informa\u00e7\u00f5es sobre Bairros, Condom\u00ednios e Regi\u00e3o do Rio de Janeiro.\",\"publisher\":{\"@id\":\"https:\/\/invexo.com.br\/blog\/#organization\"},\"potentialAction\":[{\"@type\":\"SearchAction\",\"target\":{\"@type\":\"EntryPoint\",\"urlTemplate\":\"https:\/\/invexo.com.br\/blog\/?s={search_term_string}\"},\"query-input\":{\"@type\":\"PropertyValueSpecification\",\"valueRequired\":true,\"valueName\":\"search_term_string\"}}],\"inLanguage\":\"pt-BR\"},{\"@type\":\"Organization\",\"@id\":\"https:\/\/invexo.com.br\/blog\/#organization\",\"name\":\"INVEXO Imobili\u00e1ria\",\"url\":\"https:\/\/invexo.com.br\/blog\/\",\"logo\":{\"@type\":\"ImageObject\",\"inLanguage\":\"pt-BR\",\"@id\":\"https:\/\/invexo.com.br\/blog\/#\/schema\/logo\/image\/\",\"url\":\"https:\/\/invexo.com.br\/blog\/wp-content\/uploads\/2018\/09\/invexo-80-melhor.png\",\"contentUrl\":\"https:\/\/invexo.com.br\/blog\/wp-content\/uploads\/2018\/09\/invexo-80-melhor.png\",\"width\":247,\"height\":80,\"caption\":\"INVEXO Imobili\u00e1ria\"},\"image\":{\"@id\":\"https:\/\/invexo.com.br\/blog\/#\/schema\/logo\/image\/\"},\"sameAs\":[\"https:\/\/facebook.com\/invexo\",\"https:\/\/x.com\/invexoimoveis\"]},{\"@type\":\"Person\",\"@id\":\"https:\/\/invexo.com.br\/blog\/#\/schema\/person\/36bee32f1cfacde03dc4c9622a58778d\",\"name\":\"Ronnie Possatti\",\"image\":{\"@type\":\"ImageObject\",\"inLanguage\":\"pt-BR\",\"@id\":\"https:\/\/invexo.com.br\/blog\/#\/schema\/person\/image\/\",\"url\":\"https:\/\/secure.gravatar.com\/avatar\/51a6cdcc215551235c39affb853f1e38?s=96&d=blank&r=g\",\"contentUrl\":\"https:\/\/secure.gravatar.com\/avatar\/51a6cdcc215551235c39affb853f1e38?s=96&d=blank&r=g\",\"caption\":\"Ronnie Possatti\"},\"description\":\"Equipe de especialistas que traz para seus leitores conte\u00fados relevantes e de qualidade sobre bairros, condom\u00ednios, lan\u00e7amentos e not\u00edcias imobili\u00e1rias no Rio de Janeiro.\",\"sameAs\":[\"https:\/\/facebook.com\/invexo\",\"https:\/\/instagram.com\/invexo\",\"https:\/\/x.com\/https:\/\/twitter.com\/invexoimoveis\"],\"url\":\"https:\/\/invexo.com.br\/blog\/author\/invexo\/\"}]}<\/script>\n<!-- \/ Yoast SEO plugin. -->","yoast_head_json":{"title":"Lan\u00e7amento Tom Gafisa Leblon na Avenida Delfim Moreira RJ","description":"Conhe\u00e7a o lan\u00e7amento Tom da construtora Gafisa no \u00daltimo Terreno da Avenida Delfim Moreira. More de frente para o mar no Rio de Janeiro.","robots":{"index":"index","follow":"follow","max-snippet":"max-snippet:-1","max-image-preview":"max-image-preview:large","max-video-preview":"max-video-preview:-1"},"canonical":"https:\/\/invexo.com.br\/blog\/tom-gafisa-avenida-delfim-moreira-leblon-rj\/","og_locale":"pt_BR","og_type":"article","og_title":"Lan\u00e7amento Tom Gafisa Leblon na Avenida Delfim Moreira RJ","og_description":"Conhe\u00e7a o lan\u00e7amento Tom da construtora Gafisa no \u00daltimo Terreno da Avenida Delfim Moreira. More de frente para o mar no Rio de Janeiro.","og_url":"https:\/\/invexo.com.br\/blog\/tom-gafisa-avenida-delfim-moreira-leblon-rj\/","og_site_name":"Not\u00edcias RJ","article_publisher":"https:\/\/facebook.com\/invexo","article_author":"https:\/\/facebook.com\/invexo","article_published_time":"2020-07-06T16:23:49+00:00","article_modified_time":"2023-01-11T17:12:10+00:00","og_image":[{"width":1280,"height":720,"url":"https:\/\/invexo.com.br\/blog\/wp-content\/uploads\/2020\/07\/blog-tom.jpg","type":"image\/jpeg"}],"author":"Ronnie Possatti","twitter_card":"summary_large_image","twitter_creator":"@https:\/\/twitter.com\/invexoimoveis","twitter_site":"@invexoimoveis","twitter_misc":{"Escrito por":"Ronnie Possatti","Est. tempo de leitura":"4 minutos"},"schema":{"@context":"https:\/\/schema.org","@graph":[{"@type":"Article","@id":"https:\/\/invexo.com.br\/blog\/tom-gafisa-avenida-delfim-moreira-leblon-rj\/#article","isPartOf":{"@id":"https:\/\/invexo.com.br\/blog\/tom-gafisa-avenida-delfim-moreira-leblon-rj\/"},"author":{"name":"Ronnie Possatti","@id":"https:\/\/invexo.com.br\/blog\/#\/schema\/person\/36bee32f1cfacde03dc4c9622a58778d"},"headline":"Lan\u00e7amento Tom Gafisa Leblon na Avenida Delfim Moreira Leblon: \u00daltimo Terreno","datePublished":"2020-07-06T16:23:49+00:00","dateModified":"2023-01-11T17:12:10+00:00","mainEntityOfPage":{"@id":"https:\/\/invexo.com.br\/blog\/tom-gafisa-avenida-delfim-moreira-leblon-rj\/"},"wordCount":587,"publisher":{"@id":"https:\/\/invexo.com.br\/blog\/#organization"},"image":{"@id":"https:\/\/invexo.com.br\/blog\/tom-gafisa-avenida-delfim-moreira-leblon-rj\/#primaryimage"},"thumbnailUrl":"https:\/\/invexo.com.br\/blog\/wp-content\/uploads\/2020\/07\/blog-tom.jpg","keywords":["Leblon"],"articleSection":["Bairros","Informa\u00e7\u00f5es","Lan\u00e7amentos de im\u00f3veis no Rio de Janeiro","Mercado imobili\u00e1rio"],"inLanguage":"pt-BR"},{"@type":"WebPage","@id":"https:\/\/invexo.com.br\/blog\/tom-gafisa-avenida-delfim-moreira-leblon-rj\/","url":"https:\/\/invexo.com.br\/blog\/tom-gafisa-avenida-delfim-moreira-leblon-rj\/","name":"Lan\u00e7amento Tom Gafisa Leblon na Avenida Delfim Moreira RJ","isPartOf":{"@id":"https:\/\/invexo.com.br\/blog\/#website"},"primaryImageOfPage":{"@id":"https:\/\/invexo.com.br\/blog\/tom-gafisa-avenida-delfim-moreira-leblon-rj\/#primaryimage"},"image":{"@id":"https:\/\/invexo.com.br\/blog\/tom-gafisa-avenida-delfim-moreira-leblon-rj\/#primaryimage"},"thumbnailUrl":"https:\/\/invexo.com.br\/blog\/wp-content\/uploads\/2020\/07\/blog-tom.jpg","datePublished":"2020-07-06T16:23:49+00:00","dateModified":"2023-01-11T17:12:10+00:00","description":"Conhe\u00e7a o lan\u00e7amento Tom da construtora Gafisa no \u00daltimo Terreno da Avenida Delfim Moreira. More de frente para o mar no Rio de Janeiro.","breadcrumb":{"@id":"https:\/\/invexo.com.br\/blog\/tom-gafisa-avenida-delfim-moreira-leblon-rj\/#breadcrumb"},"inLanguage":"pt-BR","potentialAction":[{"@type":"ReadAction","target":["https:\/\/invexo.com.br\/blog\/tom-gafisa-avenida-delfim-moreira-leblon-rj\/"]}]},{"@type":"ImageObject","inLanguage":"pt-BR","@id":"https:\/\/invexo.com.br\/blog\/tom-gafisa-avenida-delfim-moreira-leblon-rj\/#primaryimage","url":"https:\/\/invexo.com.br\/blog\/wp-content\/uploads\/2020\/07\/blog-tom.jpg","contentUrl":"https:\/\/invexo.com.br\/blog\/wp-content\/uploads\/2020\/07\/blog-tom.jpg","width":1280,"height":720,"caption":"Invexo Tom Delfim Moreira"},{"@type":"BreadcrumbList","@id":"https:\/\/invexo.com.br\/blog\/tom-gafisa-avenida-delfim-moreira-leblon-rj\/#breadcrumb","itemListElement":[{"@type":"ListItem","position":1,"name":"Blog","item":"https:\/\/invexo.com.br\/blog\/"},{"@type":"ListItem","position":2,"name":"Bairros","item":"https:\/\/invexo.com.br\/blog\/categoria\/bairros\/"},{"@type":"ListItem","position":3,"name":"Lan\u00e7amento Tom Gafisa Leblon na Avenida Delfim Moreira Leblon: \u00daltimo Terreno"}]},{"@type":"WebSite","@id":"https:\/\/invexo.com.br\/blog\/#website","url":"https:\/\/invexo.com.br\/blog\/","name":"Not\u00edcias RJ","description":"Not\u00edcias sobre im\u00f3veis, financiamento, mercado imobili\u00e1rio do Rio de Janeiro. Informa\u00e7\u00f5es sobre Bairros, Condom\u00ednios e Regi\u00e3o do Rio de Janeiro.","publisher":{"@id":"https:\/\/invexo.com.br\/blog\/#organization"},"potentialAction":[{"@type":"SearchAction","target":{"@type":"EntryPoint","urlTemplate":"https:\/\/invexo.com.br\/blog\/?s={search_term_string}"},"query-input":{"@type":"PropertyValueSpecification","valueRequired":true,"valueName":"search_term_string"}}],"inLanguage":"pt-BR"},{"@type":"Organization","@id":"https:\/\/invexo.com.br\/blog\/#organization","name":"INVEXO Imobili\u00e1ria","url":"https:\/\/invexo.com.br\/blog\/","logo":{"@type":"ImageObject","inLanguage":"pt-BR","@id":"https:\/\/invexo.com.br\/blog\/#\/schema\/logo\/image\/","url":"https:\/\/invexo.com.br\/blog\/wp-content\/uploads\/2018\/09\/invexo-80-melhor.png","contentUrl":"https:\/\/invexo.com.br\/blog\/wp-content\/uploads\/2018\/09\/invexo-80-melhor.png","width":247,"height":80,"caption":"INVEXO Imobili\u00e1ria"},"image":{"@id":"https:\/\/invexo.com.br\/blog\/#\/schema\/logo\/image\/"},"sameAs":["https:\/\/facebook.com\/invexo","https:\/\/x.com\/invexoimoveis"]},{"@type":"Person","@id":"https:\/\/invexo.com.br\/blog\/#\/schema\/person\/36bee32f1cfacde03dc4c9622a58778d","name":"Ronnie Possatti","image":{"@type":"ImageObject","inLanguage":"pt-BR","@id":"https:\/\/invexo.com.br\/blog\/#\/schema\/person\/image\/","url":"https:\/\/secure.gravatar.com\/avatar\/51a6cdcc215551235c39affb853f1e38?s=96&d=blank&r=g","contentUrl":"https:\/\/secure.gravatar.com\/avatar\/51a6cdcc215551235c39affb853f1e38?s=96&d=blank&r=g","caption":"Ronnie Possatti"},"description":"Equipe de especialistas que traz para seus leitores conte\u00fados relevantes e de qualidade sobre bairros, condom\u00ednios, lan\u00e7amentos e not\u00edcias imobili\u00e1rias no Rio de Janeiro.","sameAs":["https:\/\/facebook.com\/invexo","https:\/\/instagram.com\/invexo","https:\/\/x.com\/https:\/\/twitter.com\/invexoimoveis"],"url":"https:\/\/invexo.com.br\/blog\/author\/invexo\/"}]}},"taxonomy_info":{"category":[{"value":10,"label":"Bairros"},{"value":15,"label":"Informa\u00e7\u00f5es"},{"value":649,"label":"Lan\u00e7amentos de im\u00f3veis no Rio de Janeiro"},{"value":230,"label":"Mercado imobili\u00e1rio"}],"post_tag":[{"value":634,"label":"Leblon"}]},"featured_image_src_large":["https:\/\/invexo.com.br\/blog\/wp-content\/uploads\/2020\/07\/blog-tom-1024x576.jpg",1024,576,true],"author_info":{"display_name":"Ronnie Possatti","author_link":"https:\/\/invexo.com.br\/blog\/author\/invexo\/"},"comment_info":0,"category_info":[{"term_id":10,"name":"Bairros","slug":"bairros","term_group":0,"term_taxonomy_id":10,"taxonomy":"category","description":"Not\u00edcias sobre estabelecimentos nos melhores bairros para se morar no Rio de Janeiro.","parent":0,"count":1354,"filter":"raw","cat_ID":10,"category_count":1354,"category_description":"Not\u00edcias sobre estabelecimentos nos melhores bairros para se morar no Rio de Janeiro.","cat_name":"Bairros","category_nicename":"bairros","category_parent":0},{"term_id":15,"name":"Informa\u00e7\u00f5es","slug":"informacoes","term_group":0,"term_taxonomy_id":15,"taxonomy":"category","description":"Informa\u00e7\u00f5es, experi\u00eancia nos melhores estabelecimentos em bairros nobres para se viver no Rio de Janeiro. Tudo sobre cultura, entretenimento e lazer.","parent":0,"count":1297,"filter":"raw","cat_ID":15,"category_count":1297,"category_description":"Informa\u00e7\u00f5es, experi\u00eancia nos melhores estabelecimentos em bairros nobres para se viver no Rio de Janeiro. Tudo sobre cultura, entretenimento e lazer.","cat_name":"Informa\u00e7\u00f5es","category_nicename":"informacoes","category_parent":0},{"term_id":649,"name":"Lan\u00e7amentos de im\u00f3veis no Rio de Janeiro","slug":"lancamentos-rj","term_group":0,"term_taxonomy_id":649,"taxonomy":"category","description":"Confira not\u00edcias atualizadas sobre lan\u00e7amentos de im\u00f3veis de luxo na cidade maravilhosa com a INVEXO no Rio de Janeiro.","parent":0,"count":123,"filter":"raw","cat_ID":649,"category_count":123,"category_description":"Confira not\u00edcias atualizadas sobre lan\u00e7amentos de im\u00f3veis de luxo na cidade maravilhosa com a INVEXO no Rio de Janeiro.","cat_name":"Lan\u00e7amentos de im\u00f3veis no Rio de Janeiro","category_nicename":"lancamentos-rj","category_parent":0},{"term_id":230,"name":"Mercado imobili\u00e1rio","slug":"mercado-imobiliario","term_group":0,"term_taxonomy_id":230,"taxonomy":"category","description":"Not\u00edcias sobre o mercado imobili\u00e1rio carioca, informa\u00e7\u00f5es sobre lan\u00e7amentos, construtoras, incorporadoras e futuros lan\u00e7amentos na cidade do Rio de Janeiro.","parent":0,"count":266,"filter":"raw","cat_ID":230,"category_count":266,"category_description":"Not\u00edcias sobre o mercado imobili\u00e1rio carioca, informa\u00e7\u00f5es sobre lan\u00e7amentos, construtoras, incorporadoras e futuros lan\u00e7amentos na cidade do Rio de Janeiro.","cat_name":"Mercado imobili\u00e1rio","category_nicename":"mercado-imobiliario","category_parent":0}],"tag_info":[{"term_id":634,"name":"Leblon","slug":"leblon","term_group":0,"term_taxonomy_id":634,"taxonomy":"post_tag","description":"<p style=\"text-align: left\">O Leblon \u00e9 o bairro mais nobre da Zona Sul da cidade do Rio de Janeiro (RJ). A regi\u00e3o \u00e9 reconhecida pela infraestrutura requintada e pelas arquiteturas encantadoras, que tamb\u00e9m s\u00e3o repletas de hist\u00f3rias marcantes. Conhe\u00e7a os <a href=\"https:\/\/luxury.invexo.com.br\/bairro\/leblon\/\" target=\"_blank\" rel=\"noreferrer noopener\">im\u00f3veis de luxo no Leblon<\/a>!<\/p>","parent":0,"count":433,"filter":"raw"}],"_links":{"self":[{"href":"https:\/\/invexo.com.br\/blog\/wp-json\/wp\/v2\/posts\/3225"}],"collection":[{"href":"https:\/\/invexo.com.br\/blog\/wp-json\/wp\/v2\/posts"}],"about":[{"href":"https:\/\/invexo.com.br\/blog\/wp-json\/wp\/v2\/types\/post"}],"author":[{"embeddable":true,"href":"https:\/\/invexo.com.br\/blog\/wp-json\/wp\/v2\/users\/2"}],"replies":[{"embeddable":true,"href":"https:\/\/invexo.com.br\/blog\/wp-json\/wp\/v2\/comments?post=3225"}],"version-history":[{"count":2,"href":"https:\/\/invexo.com.br\/blog\/wp-json\/wp\/v2\/posts\/3225\/revisions"}],"predecessor-version":[{"id":33950,"href":"https:\/\/invexo.com.br\/blog\/wp-json\/wp\/v2\/posts\/3225\/revisions\/33950"}],"wp:featuredmedia":[{"embeddable":true,"href":"https:\/\/invexo.com.br\/blog\/wp-json\/wp\/v2\/media\/21549"}],"wp:attachment":[{"href":"https:\/\/invexo.com.br\/blog\/wp-json\/wp\/v2\/media?parent=3225"}],"wp:term":[{"taxonomy":"category","embeddable":true,"href":"https:\/\/invexo.com.br\/blog\/wp-json\/wp\/v2\/categories?post=3225"},{"taxonomy":"post_tag","embeddable":true,"href":"https:\/\/invexo.com.br\/blog\/wp-json\/wp\/v2\/tags?post=3225"}],"curies":[{"name":"wp","href":"https:\/\/api.w.org\/{rel}","templated":true}]}}