{"id":3029,"date":"2020-06-23T07:21:12","date_gmt":"2020-06-23T10:21:12","guid":{"rendered":"https:\/\/invexo.com.br\/blog\/?p=3029"},"modified":"2022-06-28T21:47:12","modified_gmt":"2022-06-29T00:47:12","slug":"salao-leblon","status":"publish","type":"post","link":"https:\/\/invexo.com.br\/blog\/salao-leblon\/","title":{"rendered":"3 Sal\u00f5es Tradicionais do Leblon"},"content":{"rendered":"\n<p>Nosso post falar\u00e1 sobre <strong>Sal\u00e3o Leblon<\/strong>: Walter\u2019s Coiffeur, Werner e Esmell Leblon. <\/p>\n\n\n\n<p>Escolhemos esses tr\u00eas sal\u00f5es tradicionais e celebrados do bairro mais bonito do Rio, por apresentarem diversos servi\u00e7os premium, facilidades exclusivas e por serem pontos de encontro de diversas personalidades.<\/p>\n\n\n\n<!--more-->\n\n\n\n<h2 class=\"wp-block-heading\">Sal\u00e3o Leblon RJ<\/h2>\n\n\n\n<p>Sal\u00e3o Leblon: Para al\u00e9m de estabelecimentos comerciais, os sal\u00f5es se configuram como um ref\u00fagio onde homens e mulheres podem descansar, usufruir de bons servi\u00e7os e, sobretudo, de boa conversa. <\/p>\n\n\n\n<p>Al\u00e9m da beleza, a oportunidade de receber cuidados, aten\u00e7\u00e3o e momentos de paz caracterizam a experi\u00eancia desses lugares. <\/p>\n\n\n\n<p>As tr\u00eas op\u00e7\u00f5es que selecionamos s\u00e3o cheias de hist\u00f3rias e encantos. Confira!<\/p>\n\n\n\n<h3 class=\"wp-block-heading\"><strong>Walter\u2019s\nCoiffeur Shopping Leblon<\/strong><\/h3>\n\n\n\n<p><strong>Walter Cabral<\/strong> \u00e9 respons\u00e1vel por uma das mais conhecidas franquias de sal\u00f5es do Rio, a <strong><a rel=\"noreferrer noopener\" href=\"https:\/\/waltercoiffeur.com.br\/\" target=\"_blank\">Walter\u2019s Coiffeur<\/a><\/strong>. <\/p>\n\n\n\n<p>Com uma hist\u00f3ria incr\u00edvel, Walter era lavrador antes de se tornar cabeleireiro. <\/p>\n\n\n\n<p>A mudan\u00e7a da terra natal foi um fator que determinou seu destino, tornando o c\u00e9lebre profissional que \u00e9 hoje.<\/p>\n\n\n\n<p>Conhecido por ser o cabeleireiro de consagrados artistas, Walter \u00e9 um dos mais experientes profissionais do Brasil, sendo uma refer\u00eancia na \u00e1rea.<\/p>\n\n\n\n<p> Atendendo h\u00e1 mais de 50 anos, j\u00e1 cuidou dos cabelos de Dercy Gon\u00e7alves, Cauby Peixoto e outros grandes nomes.  <\/p>\n\n\n\n<p>O <strong>Walter\u2019s Coiffeur \u2013 Sal\u00e3o Leblon <\/strong>est\u00e1 localizado na Av. Afr\u00e2nio de Melo Franco, no <a href=\"https:\/\/invexo.com.br\/blog\/lojas-do-shopping-leblon\/\">Shopping Leblon<\/a>. <\/p>\n\n\n\n<p>Atualmente integra uma rede composta por 15 unidades da marca Walter\u2019s Coiffeur, incluindo tamb\u00e9m nessa contagem a <strong>Walter\u2019s Academy<\/strong>: espa\u00e7o educacional que forma cabeleireiros e t\u00e9cnicos da \u00e1rea da beleza.<\/p>\n\n\n\n<figure class=\"wp-block-image size-full\"><img decoding=\"async\" width=\"1280\" height=\"720\" src=\"https:\/\/invexo.com.br\/blog\/wp-content\/uploads\/2020\/06\/salao-walters-coiffeur-Leblon.jpg\" alt=\"salao walters coiffeur Leblon\" class=\"wp-image-8774\" srcset=\"https:\/\/invexo.com.br\/blog\/wp-content\/uploads\/2020\/06\/salao-walters-coiffeur-Leblon.jpg 1280w, https:\/\/invexo.com.br\/blog\/wp-content\/uploads\/2020\/06\/salao-walters-coiffeur-Leblon-300x169.jpg 300w, https:\/\/invexo.com.br\/blog\/wp-content\/uploads\/2020\/06\/salao-walters-coiffeur-Leblon-1024x576.jpg 1024w, https:\/\/invexo.com.br\/blog\/wp-content\/uploads\/2020\/06\/salao-walters-coiffeur-Leblon-768x432.jpg 768w, https:\/\/invexo.com.br\/blog\/wp-content\/uploads\/2020\/06\/salao-walters-coiffeur-Leblon-940x529.jpg 940w\" sizes=\"(max-width: 1280px) 100vw, 1280px\" \/><\/figure>\n\n\n\n<p>A hist\u00f3ria de sucesso de Walter \u00e9 na verdade o resultado da soma de v\u00e1rios fatores, que inclui perseveran\u00e7a, carisma, boa comunica\u00e7\u00e3o e o principal: capacita\u00e7\u00e3o. <\/p>\n\n\n\n<p>A vontade de criar uma escola que oferecesse excelente qualifica\u00e7\u00e3o veio da experi\u00eancia pessoal de Walter, que v\u00ea na educa\u00e7\u00e3o e aprimoramento as chaves para o verdadeiro reconhecimento. <\/p>\n\n\n\n<p>Isso se reflete na trajet\u00f3ria do cabeleireiro, que acumula pr\u00eamios nacionais e internacionais, sendo o mais importante o de Campe\u00e3o Mundial Masculino, em Paris.<\/p>\n\n\n\n<p>Os\nservi\u00e7os oferecidos pelo Walter\u2019s Coiffeur Leblon s\u00e3o:<\/p>\n\n\n\n<ul><li>\n\tCorte (masculino e feminino);\n\t<\/li><li>\n\tV\u00e1rios tipos de penteados e escovas;\n\t<\/li><li>\n\tEscova redutora de volume;\n\t<\/li><li>\n\tColora\u00e7\u00e3o e diversos tratamentos\n\tcapilares;\n\t<\/li><li>\n\tPedicure, manicure, spa dos p\u00e9s e\n\tdas m\u00e3os;\n\t<\/li><li>\n\tAlongamento de unha em acrygel;\n\t<\/li><li>\n\tLentes para unhas em hard gel ou\n\tacr\u00edlico;\n\t<\/li><li>\n\tDepila\u00e7\u00e3o, com op\u00e7\u00e3o de depila\u00e7\u00e3o\n\ta laser (masculina e feminina).\n<\/li><\/ul>\n\n\n\n<p>Todos os servi\u00e7os podem ser adquiridos separadamente ou em combos, com valores atrativos. <\/p>\n\n\n\n<p>Al\u00e9m dos servi\u00e7os, o Walter\u2019s Coiffeur Leblon tamb\u00e9m comercializa v\u00e1rios produtos de beleza de marcas consagradas como Wella, Alfaparf, K\u00e9rastase, L\u2019Or\u00e9al Professionel, Redken, Sebastian e produtos da marca pr\u00f3pria, incluindo linhas de tratamento capilar e barbearia.<\/p>\n\n\n\n<p>Com um atendimento primoroso e conceito premium em seus servi\u00e7os, o Walter\u2019s Coiffeur integra a rede de servi\u00e7os e com\u00e9rcios diferenciados do Leblon, um dos bairros mais nobres do pa\u00eds.<\/p>\n\n\n\n<div class=\"wp-block-group\"><div class=\"wp-block-group__inner-container is-layout-flow wp-block-group-is-layout-flow\">\n<p>Oportunidades \u00fanicas de im\u00f3veis exclusivos no Leblon. Siga nosso&nbsp;<strong><a href=\"https:\/\/whatsapp.com\/channel\/0029Va6pgNA0VycOAQkTIa3Z\">canal no WhatsApp<\/a><\/strong>&nbsp;e tenha acesso antecipado aos im\u00f3veis \u00e0 venda na regi\u00e3o.<\/p>\n\n\n\n<p><a href=\"https:\/\/whatsapp.com\/channel\/0029VaB0crhDZ4LfWQoKd22G\"><\/a><\/p>\n<\/div><\/div>\n\n\n\n<script async src=\"https:\/\/pagead2.googlesyndication.com\/pagead\/js\/adsbygoogle.js?client=ca-pub-6250649730240355\"\n     crossorigin=\"anonymous\"><\/script>\n<!-- Anuncios Blog -->\n<ins class=\"adsbygoogle\"\n     style=\"display:block\"\n     data-ad-client=\"ca-pub-6250649730240355\"\n     data-ad-slot=\"3218632260\"\n     data-ad-format=\"auto\"\n     data-full-width-responsive=\"true\"><\/ins>\n<script>\n     (adsbygoogle = window.adsbygoogle || []).push({});\n<\/script>\n\n\n\n<h3 class=\"wp-block-heading\"><strong>Werner\nLeblon<\/strong><\/h3>\n\n\n\n<p>O <strong><a rel=\"noreferrer noopener\" href=\"https:\/\/wernercoiffeur.net\/\" target=\"_blank\">Werner Sal\u00e3o Leblon<\/a><\/strong> pertence a grande rede de sal\u00f5es do famoso cabeleireiro <strong>Rudi Werner<\/strong>. <\/p>\n\n\n\n<p>O ga\u00facho chegou ao Rio de Janeiro no come\u00e7o dos anos 80 e no bairro do Leblon instalou seu primeiro sal\u00e3o. <\/p>\n\n\n\n<p>Hoje sua marca conta com ampla cadeia de unidades.<\/p>\n\n\n\n<p>O projeto inicial n\u00e3o era se fixar no Rio de Janeiro; Rudi veio para a cidade apenas para permanecer por um tempo e em seguida tomar um avi\u00e3o para os Estados Unidos. <\/p>\n\n\n\n<p>Mas, devido a circunst\u00e2ncias al\u00e9m do seu controle, os planos mudaram e Rudi acabou escolhendo a capital carioca como seu lar e espa\u00e7o de trabalho.<\/p>\n\n\n\n<p>O come\u00e7o de sua carreira no Rio Grande do Sul j\u00e1 mostrava ind\u00edcios de que Rudi Werner teria um futuro brilhante. <\/p>\n\n\n\n<p>Com apenas 23 anos j\u00e1 tinha o seu pr\u00f3prio sal\u00e3o e administrava um espa\u00e7o com mais de 20 funcion\u00e1rios. <\/p>\n\n\n\n<p>A mudan\u00e7a para o Rio de Janeiro trouxe uma ascens\u00e3o r\u00e1pida e logo o jovem cabeleireiro decidiu trazer seus familiares para trabalharem unidos.<\/p>\n\n\n\n<p>Esse foi o come\u00e7o da rede Werner, que atualmente conta com mais de 50 lojas no Brasil e uma unidade internacional, situada em Orlando (FL, EUA).  <\/p>\n\n\n\n<figure class=\"wp-block-embed-youtube wp-block-embed is-type-video is-provider-youtube wp-embed-aspect-16-9 wp-has-aspect-ratio\"><div class=\"wp-block-embed__wrapper\">\n<iframe title=\"Visagismo - Entrevista com o Werner\" width=\"720\" height=\"405\" src=\"https:\/\/www.youtube.com\/embed\/rFXTlJPYSzk?feature=oembed\" frameborder=\"0\" allow=\"accelerometer; autoplay; clipboard-write; encrypted-media; gyroscope; picture-in-picture\" allowfullscreen><\/iframe>\n<\/div><\/figure>\n\n\n\n<p>Al\u00e9m da experi\u00eancia consagrada em beleza, fruto de mais de 30 anos de trabalho como cabeleireiro, Rudi e sua fam\u00edlia decidiram investir tamb\u00e9m em um centro de forma\u00e7\u00e3o espec\u00edfico da marca Werner, a <strong>Academia Werner. <\/strong><\/p>\n\n\n\n<p>Formando iniciantes ou profissionais que desejam aperfei\u00e7oamento, a Academia Werner atende tanto \u00e0 demanda externa (pessoas interessadas em ingressar no ramo de sal\u00f5es de beleza) quanto \u00e0 demanda interna, dos funcion\u00e1rios da pr\u00f3pria rede. <\/p>\n\n\n\n<p>Esta \u00faltima op\u00e7\u00e3o se justifica pelo fato do <strong>Werner Coiffeur<\/strong> adotar t\u00e9cnicas exclusivas, de cria\u00e7\u00e3o de Rudi, que n\u00e3o est\u00e3o dispon\u00edveis em outros cursos e centros de forma\u00e7\u00e3o.  <\/p>\n\n\n\n<p>Rudi\nj\u00e1 informou, inclusive, que muitas vezes prefere contratar\niniciantes para poder oferecer o processo de forma\u00e7\u00e3o completo ao\nfuncion\u00e1rio, que recebe al\u00e9m da capacita\u00e7\u00e3o, uma esp\u00e9cie de\n\u201cplano de carreira\u201d dentro do sal\u00e3o.<\/p>\n\n\n\n<p>Uma das t\u00e9cnicas exclusivas mais famosas criadas por Rudi Werner \u00e9 o famoso \u201c<strong>Sistema W<\/strong>\u201d, m\u00e9todo de corte que atualmente conta com mais de 200 estilos diferentes em cat\u00e1logo, renovado periodicamente com novas cria\u00e7\u00f5es de Rudi e equipe. <\/p>\n\n\n\n<p>Saiba mais sobre o <a href=\"https:\/\/invexo.com.br\/blog\/werner-rio-design-leblon\/\">Werner Sal\u00e3o Leblon<\/a> em nosso blog.<\/p>\n\n\n\n<p>O Werner Sal\u00e3o Leblon est\u00e1 localizado na Av. Ataulfo de Paiva, no <a href=\"https:\/\/invexo.com.br\/blog\/rio-design-leblon\/\">Shopping Rio Design Leblon<\/a>, ponto privilegiado pr\u00f3ximo \u00e0 orla e esta\u00e7\u00f5es de metr\u00f4.<\/p>\n\n\n\n<p>Oferece diversos servi\u00e7os como cortes, v\u00e1rios tipos de escovas, manicure, pedicure, spa para as m\u00e3os, unhas decoradas, unhas acrygel, colora\u00e7\u00e3o, v\u00e1rios tipos de tratamentos capilares, depila\u00e7\u00e3o, design de sobrancelhas, micropigmenta\u00e7\u00e3o e muito mais. <\/p>\n\n\n\n<h3 class=\"wp-block-heading\"><strong>Esmell\nLeblon<\/strong><\/h3>\n\n\n\n<p>Esmell \u00e9 uma adapta\u00e7\u00e3o de Esmelinda, nome da celebrada cabeleireira dona da pequena e preciosa rede de sal\u00f5es. <\/p>\n\n\n\n<p>O <strong><a rel=\"noreferrer noopener\" href=\"http:\/\/www.esmell.com.br\/leblon\/\" target=\"_blank\">Esmell Sal\u00e3o Leblon<\/a><\/strong> \u00e9 um espa\u00e7o disputado na regi\u00e3o, com uma clientela fiel formada por grandes nomes da sociedade carioca, artistas e outras personalidades famosas.  <\/p>\n\n\n\n<p><strong>Esmelinda<\/strong> iniciou o seu caminho no ramo da beleza muito cedo, desde adolescente, atendendo como titular em um sal\u00e3o no bairro do Flamengo.<\/p>\n\n\n\n<p>Come\u00e7ou a adquirir reconhecimento quando integrou a equipe do sal\u00e3o do Copacabana Palace Hotel e do Jambert, em Ipanema. <\/p>\n\n\n\n<p>Quando optou por iniciar sua pr\u00f3pria marca, em 1997, Esmelinda j\u00e1 tinha uma legi\u00e3o de clientes e admiradores n\u00e3o s\u00f3 do Rio de Janeiro, mas tamb\u00e9m de outros lugares do Brasil. <\/p>\n\n\n\n<p>Sua notoriedade veio com o trabalho realizado para noivas, na elabora\u00e7\u00e3o de penteados e grinaldas. <\/p>\n\n\n\n<p>A cabeleireira atende v\u00e1rias mulheres que tradicionalmente passam o costume de frequentar seu sal\u00e3o de gera\u00e7\u00e3o para gera\u00e7\u00e3o \u2013 de av\u00f3s para netas, \u00e9 poss\u00edvel encontrar fam\u00edlias que h\u00e1 mais de 30 anos deixam os cuidados com os cabelos em suas m\u00e3os.<\/p>\n\n\n\n<figure class=\"wp-block-image size-large\"><img decoding=\"async\" width=\"1024\" height=\"576\" src=\"https:\/\/invexo.com.br\/blog\/wp-content\/uploads\/2020\/03\/fundadora-Esmell-Leblon-1024x576.jpg\" alt=\"fundadora Esmell Leblon\" class=\"wp-image-8064\" srcset=\"https:\/\/invexo.com.br\/blog\/wp-content\/uploads\/2020\/03\/fundadora-Esmell-Leblon-1024x576.jpg 1024w, https:\/\/invexo.com.br\/blog\/wp-content\/uploads\/2020\/03\/fundadora-Esmell-Leblon-300x169.jpg 300w, https:\/\/invexo.com.br\/blog\/wp-content\/uploads\/2020\/03\/fundadora-Esmell-Leblon-768x432.jpg 768w, https:\/\/invexo.com.br\/blog\/wp-content\/uploads\/2020\/03\/fundadora-Esmell-Leblon-940x529.jpg 940w, https:\/\/invexo.com.br\/blog\/wp-content\/uploads\/2020\/03\/fundadora-Esmell-Leblon.jpg 1280w\" sizes=\"(max-width: 1024px) 100vw, 1024px\" \/><\/figure>\n\n\n\n<p>Al\u00e9m da unidade no Leblon, a cabeleireira atende no <strong>Maison Esmell <\/strong>em <a href=\"https:\/\/invexo.com.br\/blog\/morar-em-ipanema-rio-de-janeiro-rj\/\">Ipanema<\/a> e desde o ano de 2017 possui uma filial internacional localizada em Miami, com endere\u00e7o na Harding Avenue. <\/p>\n\n\n\n<p>O <strong>Esmell Sal\u00e3o Leblon<\/strong> foi inaugurado no ano de 2014, com uma festa maravilhosa e cheia de convidados especiais, como a socialite Narcisa Tamborindeguy e a atriz Sophie Charlotte (o pai da atriz, Mario Silva, \u00e9 hair stylist integrante da equipe Esmell).<\/p>\n\n\n\n<p>O cat\u00e1logo de servi\u00e7os \u00e9 um dos mais completos do Rio de Janeiro, com op\u00e7\u00f5es exclusivas e algumas in\u00e9ditas, principalmente no tratamento est\u00e9tico facial. <\/p>\n\n\n\n<p>Dentre os servi\u00e7os, podemos listar alguns de maior destaque:<\/p>\n\n\n\n<ul><li>\n\tColora\u00e7\u00e3o, balayage, reflexo,\n\tmechas e luzes (t\u00e9cnicas exclusivas);\n\t<\/li><li>\n\tServi\u00e7os b\u00e1sicos de higieniza\u00e7\u00e3o,\n\tcorte e secagem;\n\t<\/li><li>\n\tDiversos tipos de escovas;\n\t<\/li><li>\n\tTratamentos capilares reconstrutivos,\n\thidratantes e outros procedimentos;\n\t<\/li><li>\n\tDesign de sobrancelhas,\n\tmicropigmenta\u00e7\u00e3o, henna, microblading, tintura e permanente de\n\tc\u00edlios;\n\t<\/li><li>\n\tMaquiagem e tratamentos faciais;\n\t<\/li><li>\n\tDepila\u00e7\u00e3o, tratamentos corporais,\n\tmassagens e drenagem linf\u00e1tica;\n\t<\/li><li>\n\tManicure, pedicure, unhas acrygel,\n\tporcelana, resina, unhas de fibra, spa dos p\u00e9s e das m\u00e3os;\n\t<\/li><li>\n\tReiki e cristais.\n<\/li><\/ul>\n\n\n\n<p>A lista de servi\u00e7os \u00e9 bastante extensa ent\u00e3o vale a pena conferir diretamente no local ou nas redes sociais do Esmell Sal\u00e3o Leblon. <\/p>\n\n\n\n<p>Sua localiza\u00e7\u00e3o \u00e9 uma das mais cobi\u00e7adas do bairro: na Rua General Ven\u00e2ncio Flores, quase uma quadra da orla e da Esta\u00e7\u00e3o de Metr\u00f4 Antero de Quental.<\/p>\n\n\n\n<p> O pr\u00e9dio de 600 m\u00b2 conta com cinco andares, salas de servi\u00e7o privativas, lounge na varanda e servi\u00e7o de valet na porta. Para mais informa\u00e7\u00f5es sobre o <a href=\"https:\/\/invexo.com.br\/blog\/esmell-leblon\/\">Sal\u00e3o Esmell Leblon<\/a>, leia nosso blog.<\/p>\n\n\n\n<h3 class=\"wp-block-heading\"><strong>Leblon:\nBeleza, Sofistica\u00e7\u00e3o e Estilo<\/strong><\/h3>\n\n\n\n<p>O Leblon \u00e9 um dos bairros mais celebrados do Rio de Janeiro, famoso por seu charme e eleg\u00e2ncia. <\/p>\n\n\n\n<p>Compondo a imensa gama de servi\u00e7os da regi\u00e3o, os sal\u00f5es do Leblon s\u00e3o verdadeiros pontos de encontro entre personalidades distintas, templos da sofistica\u00e7\u00e3o e da beleza.<\/p>\n\n\n\n<p>Hoje citamos os tr\u00eas mais not\u00f3rios e tradicionais sal\u00f5es do bairro, que oferecem uma lista completa em tratamentos e servi\u00e7os. <\/p>\n\n\n\n<p>Cada um com uma trajet\u00f3ria diferente, com estilos distintos, mas com o mesmo prop\u00f3sito de servir com excel\u00eancia seus clientes exigentes.  <\/p>\n\n\n\n<figure class=\"wp-block-image size-large\"><img decoding=\"async\" width=\"1024\" height=\"576\" src=\"https:\/\/invexo.com.br\/blog\/wp-content\/uploads\/2020\/05\/leblon-1024x576.jpg\" alt=\"vista leblon\" class=\"wp-image-8405\" srcset=\"https:\/\/invexo.com.br\/blog\/wp-content\/uploads\/2020\/05\/leblon-1024x576.jpg 1024w, https:\/\/invexo.com.br\/blog\/wp-content\/uploads\/2020\/05\/leblon-300x169.jpg 300w, https:\/\/invexo.com.br\/blog\/wp-content\/uploads\/2020\/05\/leblon-768x432.jpg 768w, https:\/\/invexo.com.br\/blog\/wp-content\/uploads\/2020\/05\/leblon-940x529.jpg 940w, https:\/\/invexo.com.br\/blog\/wp-content\/uploads\/2020\/05\/leblon.jpg 1280w\" sizes=\"(max-width: 1024px) 100vw, 1024px\" \/><\/figure>\n\n\n\n<p>Com\numa perfeita infraestrutura, o Leblon chama a aten\u00e7\u00e3o por sua alta\nqualidade de vida, pelas riquezas naturais, pela paisagem maravilhosa\ne por apresentar v\u00e1rias op\u00e7\u00f5es em lazer, cultura e entretenimento.\n\n<\/p>\n\n\n\n<p>Os espa\u00e7os residenciais s\u00e3o um cap\u00edtulo \u00e0 parte. <\/p>\n\n\n\n<p>Al\u00e9m das lindas mans\u00f5es e condom\u00ednios, h\u00e1 diversos lan\u00e7amentos encantadores pr\u00f3ximos da orla e de todas as facilidades do bairro, oferecendo metragens amplas e projetos arquitet\u00f4nicos incr\u00edveis. <\/p>\n\n\n\n<script async src=\"https:\/\/pagead2.googlesyndication.com\/pagead\/js\/adsbygoogle.js?client=ca-pub-6250649730240355\"\n     crossorigin=\"anonymous\"><\/script>\n<ins class=\"adsbygoogle\"\n     style=\"display:block\"\n     data-ad-format=\"fluid\"\n     data-ad-layout-key=\"-fb+5w+4e-db+86\"\n     data-ad-client=\"ca-pub-6250649730240355\"\n     data-ad-slot=\"9908760168\"><\/ins>\n<script>\n     (adsbygoogle = window.adsbygoogle || []).push({});\n<\/script>\n","protected":false},"excerpt":{"rendered":"<p>Nosso post falar\u00e1 sobre Sal\u00e3o Leblon: Walter\u2019s Coiffeur, Werner e Esmell Leblon. Escolhemos esses tr\u00eas sal\u00f5es tradicionais e celebrados do bairro mais bonito do Rio, por apresentarem diversos servi\u00e7os premium, facilidades exclusivas e por serem pontos de encontro de diversas personalidades.<\/p>\n","protected":false},"author":8,"featured_media":8768,"comment_status":"closed","ping_status":"closed","sticky":false,"template":"","format":"standard","meta":{"_acf_changed":false,"_kad_blocks_custom_css":"","_kad_blocks_head_custom_js":"","_kad_blocks_body_custom_js":"","_kad_blocks_footer_custom_js":"","_kadence_starter_templates_imported_post":false,"_kad_post_transparent":"","_kad_post_title":"","_kad_post_layout":"","_kad_post_sidebar_id":"","_kad_post_content_style":"","_kad_post_vertical_padding":"","_kad_post_feature":"","_kad_post_feature_position":"","_kad_post_header":false,"_kad_post_footer":false,"footnotes":""},"categories":[10],"tags":[634],"acf":[],"yoast_head":"<!-- This site is optimized with the Yoast SEO plugin v24.1 - https:\/\/yoast.com\/wordpress\/plugins\/seo\/ -->\n<title>Sal\u00e3o Leblon Rio de Janeiro: Walter&#039;s Coiffeur, Werner e Esmell Leblon<\/title>\n<meta name=\"description\" content=\"Sal\u00e3o Leblon RJ: 3 sal\u00f5es cl\u00e1ssicos do bairro. Saiba tudo sobre os tradicionais Walter&#039;s Coiffeur, Werner Coiffeur e Esmell Leblon.\" \/>\n<meta name=\"robots\" content=\"index, follow, max-snippet:-1, max-image-preview:large, max-video-preview:-1\" \/>\n<link rel=\"canonical\" href=\"https:\/\/invexo.com.br\/blog\/salao-leblon\/\" \/>\n<meta property=\"og:locale\" content=\"pt_BR\" \/>\n<meta property=\"og:type\" content=\"article\" \/>\n<meta property=\"og:title\" content=\"Sal\u00e3o Leblon Rio de Janeiro: Walter&#039;s Coiffeur, Werner e Esmell Leblon\" \/>\n<meta property=\"og:description\" content=\"Sal\u00e3o Leblon RJ: 3 sal\u00f5es cl\u00e1ssicos do bairro. Saiba tudo sobre os tradicionais Walter&#039;s Coiffeur, Werner Coiffeur e Esmell Leblon.\" \/>\n<meta property=\"og:url\" content=\"https:\/\/invexo.com.br\/blog\/salao-leblon\/\" \/>\n<meta property=\"og:site_name\" content=\"Not\u00edcias RJ\" \/>\n<meta property=\"article:publisher\" content=\"https:\/\/facebook.com\/invexo\" \/>\n<meta property=\"article:published_time\" content=\"2020-06-23T10:21:12+00:00\" \/>\n<meta property=\"article:modified_time\" content=\"2022-06-29T00:47:12+00:00\" \/>\n<meta property=\"og:image\" content=\"https:\/\/invexo.com.br\/blog\/wp-content\/uploads\/2020\/06\/salao-Leblon-1.jpg\" \/>\n\t<meta property=\"og:image:width\" content=\"1280\" \/>\n\t<meta property=\"og:image:height\" content=\"720\" \/>\n\t<meta property=\"og:image:type\" content=\"image\/jpeg\" \/>\n<meta name=\"author\" content=\"J\u00f4 Gadonski\" \/>\n<meta name=\"twitter:card\" content=\"summary_large_image\" \/>\n<meta name=\"twitter:creator\" content=\"@invexoimoveis\" \/>\n<meta name=\"twitter:site\" content=\"@invexoimoveis\" \/>\n<meta name=\"twitter:label1\" content=\"Escrito por\" \/>\n\t<meta name=\"twitter:data1\" content=\"J\u00f4 Gadonski\" \/>\n\t<meta name=\"twitter:label2\" content=\"Est. tempo de leitura\" \/>\n\t<meta name=\"twitter:data2\" content=\"8 minutos\" \/>\n<script type=\"application\/ld+json\" class=\"yoast-schema-graph\">{\"@context\":\"https:\/\/schema.org\",\"@graph\":[{\"@type\":\"Article\",\"@id\":\"https:\/\/invexo.com.br\/blog\/salao-leblon\/#article\",\"isPartOf\":{\"@id\":\"https:\/\/invexo.com.br\/blog\/salao-leblon\/\"},\"author\":{\"name\":\"J\u00f4 Gadonski\",\"@id\":\"https:\/\/invexo.com.br\/blog\/#\/schema\/person\/38b391bfbed71100a59413cf88e4c502\"},\"headline\":\"3 Sal\u00f5es Tradicionais do Leblon\",\"datePublished\":\"2020-06-23T10:21:12+00:00\",\"dateModified\":\"2022-06-29T00:47:12+00:00\",\"mainEntityOfPage\":{\"@id\":\"https:\/\/invexo.com.br\/blog\/salao-leblon\/\"},\"wordCount\":1666,\"publisher\":{\"@id\":\"https:\/\/invexo.com.br\/blog\/#organization\"},\"image\":{\"@id\":\"https:\/\/invexo.com.br\/blog\/salao-leblon\/#primaryimage\"},\"thumbnailUrl\":\"https:\/\/invexo.com.br\/blog\/wp-content\/uploads\/2020\/06\/salao-Leblon-1.jpg\",\"keywords\":[\"Leblon\"],\"articleSection\":[\"Bairros\"],\"inLanguage\":\"pt-BR\"},{\"@type\":\"WebPage\",\"@id\":\"https:\/\/invexo.com.br\/blog\/salao-leblon\/\",\"url\":\"https:\/\/invexo.com.br\/blog\/salao-leblon\/\",\"name\":\"Sal\u00e3o Leblon Rio de Janeiro: Walter's Coiffeur, Werner e Esmell Leblon\",\"isPartOf\":{\"@id\":\"https:\/\/invexo.com.br\/blog\/#website\"},\"primaryImageOfPage\":{\"@id\":\"https:\/\/invexo.com.br\/blog\/salao-leblon\/#primaryimage\"},\"image\":{\"@id\":\"https:\/\/invexo.com.br\/blog\/salao-leblon\/#primaryimage\"},\"thumbnailUrl\":\"https:\/\/invexo.com.br\/blog\/wp-content\/uploads\/2020\/06\/salao-Leblon-1.jpg\",\"datePublished\":\"2020-06-23T10:21:12+00:00\",\"dateModified\":\"2022-06-29T00:47:12+00:00\",\"description\":\"Sal\u00e3o Leblon RJ: 3 sal\u00f5es cl\u00e1ssicos do bairro. Saiba tudo sobre os tradicionais Walter's Coiffeur, Werner Coiffeur e Esmell Leblon.\",\"breadcrumb\":{\"@id\":\"https:\/\/invexo.com.br\/blog\/salao-leblon\/#breadcrumb\"},\"inLanguage\":\"pt-BR\",\"potentialAction\":[{\"@type\":\"ReadAction\",\"target\":[\"https:\/\/invexo.com.br\/blog\/salao-leblon\/\"]}]},{\"@type\":\"ImageObject\",\"inLanguage\":\"pt-BR\",\"@id\":\"https:\/\/invexo.com.br\/blog\/salao-leblon\/#primaryimage\",\"url\":\"https:\/\/invexo.com.br\/blog\/wp-content\/uploads\/2020\/06\/salao-Leblon-1.jpg\",\"contentUrl\":\"https:\/\/invexo.com.br\/blog\/wp-content\/uploads\/2020\/06\/salao-Leblon-1.jpg\",\"width\":1280,\"height\":720,\"caption\":\"Sal\u00e3o Leblon\"},{\"@type\":\"BreadcrumbList\",\"@id\":\"https:\/\/invexo.com.br\/blog\/salao-leblon\/#breadcrumb\",\"itemListElement\":[{\"@type\":\"ListItem\",\"position\":1,\"name\":\"Blog\",\"item\":\"https:\/\/invexo.com.br\/blog\/\"},{\"@type\":\"ListItem\",\"position\":2,\"name\":\"Bairros\",\"item\":\"https:\/\/invexo.com.br\/blog\/categoria\/bairros\/\"},{\"@type\":\"ListItem\",\"position\":3,\"name\":\"3 Sal\u00f5es Tradicionais do Leblon\"}]},{\"@type\":\"WebSite\",\"@id\":\"https:\/\/invexo.com.br\/blog\/#website\",\"url\":\"https:\/\/invexo.com.br\/blog\/\",\"name\":\"Not\u00edcias RJ\",\"description\":\"Not\u00edcias sobre im\u00f3veis, financiamento, mercado imobili\u00e1rio do Rio de Janeiro. Informa\u00e7\u00f5es sobre Bairros, Condom\u00ednios e Regi\u00e3o do Rio de Janeiro.\",\"publisher\":{\"@id\":\"https:\/\/invexo.com.br\/blog\/#organization\"},\"potentialAction\":[{\"@type\":\"SearchAction\",\"target\":{\"@type\":\"EntryPoint\",\"urlTemplate\":\"https:\/\/invexo.com.br\/blog\/?s={search_term_string}\"},\"query-input\":{\"@type\":\"PropertyValueSpecification\",\"valueRequired\":true,\"valueName\":\"search_term_string\"}}],\"inLanguage\":\"pt-BR\"},{\"@type\":\"Organization\",\"@id\":\"https:\/\/invexo.com.br\/blog\/#organization\",\"name\":\"INVEXO Imobili\u00e1ria\",\"url\":\"https:\/\/invexo.com.br\/blog\/\",\"logo\":{\"@type\":\"ImageObject\",\"inLanguage\":\"pt-BR\",\"@id\":\"https:\/\/invexo.com.br\/blog\/#\/schema\/logo\/image\/\",\"url\":\"https:\/\/invexo.com.br\/blog\/wp-content\/uploads\/2018\/09\/invexo-80-melhor.png\",\"contentUrl\":\"https:\/\/invexo.com.br\/blog\/wp-content\/uploads\/2018\/09\/invexo-80-melhor.png\",\"width\":247,\"height\":80,\"caption\":\"INVEXO Imobili\u00e1ria\"},\"image\":{\"@id\":\"https:\/\/invexo.com.br\/blog\/#\/schema\/logo\/image\/\"},\"sameAs\":[\"https:\/\/facebook.com\/invexo\",\"https:\/\/x.com\/invexoimoveis\"]},{\"@type\":\"Person\",\"@id\":\"https:\/\/invexo.com.br\/blog\/#\/schema\/person\/38b391bfbed71100a59413cf88e4c502\",\"name\":\"J\u00f4 Gadonski\",\"image\":{\"@type\":\"ImageObject\",\"inLanguage\":\"pt-BR\",\"@id\":\"https:\/\/invexo.com.br\/blog\/#\/schema\/person\/image\/\",\"url\":\"https:\/\/secure.gravatar.com\/avatar\/4d8199b46157729cda2187fdfd7ad59d?s=96&d=blank&r=g\",\"contentUrl\":\"https:\/\/secure.gravatar.com\/avatar\/4d8199b46157729cda2187fdfd7ad59d?s=96&d=blank&r=g\",\"caption\":\"J\u00f4 Gadonski\"},\"description\":\"Redatora e assessora de comunica\u00e7\u00e3o. J\u00e1 trabalhou em mais de 30 projetos nacionais, internacionais e \u00e9 coordenadora de conte\u00fado para o blog da INVEXO.\",\"sameAs\":[\"https:\/\/invexo.com.br\"],\"url\":\"https:\/\/invexo.com.br\/blog\/author\/jo\/\"}]}<\/script>\n<!-- \/ Yoast SEO plugin. -->","yoast_head_json":{"title":"Sal\u00e3o Leblon Rio de Janeiro: Walter's Coiffeur, Werner e Esmell Leblon","description":"Sal\u00e3o Leblon RJ: 3 sal\u00f5es cl\u00e1ssicos do bairro. Saiba tudo sobre os tradicionais Walter's Coiffeur, Werner Coiffeur e Esmell Leblon.","robots":{"index":"index","follow":"follow","max-snippet":"max-snippet:-1","max-image-preview":"max-image-preview:large","max-video-preview":"max-video-preview:-1"},"canonical":"https:\/\/invexo.com.br\/blog\/salao-leblon\/","og_locale":"pt_BR","og_type":"article","og_title":"Sal\u00e3o Leblon Rio de Janeiro: Walter's Coiffeur, Werner e Esmell Leblon","og_description":"Sal\u00e3o Leblon RJ: 3 sal\u00f5es cl\u00e1ssicos do bairro. Saiba tudo sobre os tradicionais Walter's Coiffeur, Werner Coiffeur e Esmell Leblon.","og_url":"https:\/\/invexo.com.br\/blog\/salao-leblon\/","og_site_name":"Not\u00edcias RJ","article_publisher":"https:\/\/facebook.com\/invexo","article_published_time":"2020-06-23T10:21:12+00:00","article_modified_time":"2022-06-29T00:47:12+00:00","og_image":[{"width":1280,"height":720,"url":"https:\/\/invexo.com.br\/blog\/wp-content\/uploads\/2020\/06\/salao-Leblon-1.jpg","type":"image\/jpeg"}],"author":"J\u00f4 Gadonski","twitter_card":"summary_large_image","twitter_creator":"@invexoimoveis","twitter_site":"@invexoimoveis","twitter_misc":{"Escrito por":"J\u00f4 Gadonski","Est. tempo de leitura":"8 minutos"},"schema":{"@context":"https:\/\/schema.org","@graph":[{"@type":"Article","@id":"https:\/\/invexo.com.br\/blog\/salao-leblon\/#article","isPartOf":{"@id":"https:\/\/invexo.com.br\/blog\/salao-leblon\/"},"author":{"name":"J\u00f4 Gadonski","@id":"https:\/\/invexo.com.br\/blog\/#\/schema\/person\/38b391bfbed71100a59413cf88e4c502"},"headline":"3 Sal\u00f5es Tradicionais do Leblon","datePublished":"2020-06-23T10:21:12+00:00","dateModified":"2022-06-29T00:47:12+00:00","mainEntityOfPage":{"@id":"https:\/\/invexo.com.br\/blog\/salao-leblon\/"},"wordCount":1666,"publisher":{"@id":"https:\/\/invexo.com.br\/blog\/#organization"},"image":{"@id":"https:\/\/invexo.com.br\/blog\/salao-leblon\/#primaryimage"},"thumbnailUrl":"https:\/\/invexo.com.br\/blog\/wp-content\/uploads\/2020\/06\/salao-Leblon-1.jpg","keywords":["Leblon"],"articleSection":["Bairros"],"inLanguage":"pt-BR"},{"@type":"WebPage","@id":"https:\/\/invexo.com.br\/blog\/salao-leblon\/","url":"https:\/\/invexo.com.br\/blog\/salao-leblon\/","name":"Sal\u00e3o Leblon Rio de Janeiro: Walter's Coiffeur, Werner e Esmell Leblon","isPartOf":{"@id":"https:\/\/invexo.com.br\/blog\/#website"},"primaryImageOfPage":{"@id":"https:\/\/invexo.com.br\/blog\/salao-leblon\/#primaryimage"},"image":{"@id":"https:\/\/invexo.com.br\/blog\/salao-leblon\/#primaryimage"},"thumbnailUrl":"https:\/\/invexo.com.br\/blog\/wp-content\/uploads\/2020\/06\/salao-Leblon-1.jpg","datePublished":"2020-06-23T10:21:12+00:00","dateModified":"2022-06-29T00:47:12+00:00","description":"Sal\u00e3o Leblon RJ: 3 sal\u00f5es cl\u00e1ssicos do bairro. Saiba tudo sobre os tradicionais Walter's Coiffeur, Werner Coiffeur e Esmell Leblon.","breadcrumb":{"@id":"https:\/\/invexo.com.br\/blog\/salao-leblon\/#breadcrumb"},"inLanguage":"pt-BR","potentialAction":[{"@type":"ReadAction","target":["https:\/\/invexo.com.br\/blog\/salao-leblon\/"]}]},{"@type":"ImageObject","inLanguage":"pt-BR","@id":"https:\/\/invexo.com.br\/blog\/salao-leblon\/#primaryimage","url":"https:\/\/invexo.com.br\/blog\/wp-content\/uploads\/2020\/06\/salao-Leblon-1.jpg","contentUrl":"https:\/\/invexo.com.br\/blog\/wp-content\/uploads\/2020\/06\/salao-Leblon-1.jpg","width":1280,"height":720,"caption":"Sal\u00e3o Leblon"},{"@type":"BreadcrumbList","@id":"https:\/\/invexo.com.br\/blog\/salao-leblon\/#breadcrumb","itemListElement":[{"@type":"ListItem","position":1,"name":"Blog","item":"https:\/\/invexo.com.br\/blog\/"},{"@type":"ListItem","position":2,"name":"Bairros","item":"https:\/\/invexo.com.br\/blog\/categoria\/bairros\/"},{"@type":"ListItem","position":3,"name":"3 Sal\u00f5es Tradicionais do Leblon"}]},{"@type":"WebSite","@id":"https:\/\/invexo.com.br\/blog\/#website","url":"https:\/\/invexo.com.br\/blog\/","name":"Not\u00edcias RJ","description":"Not\u00edcias sobre im\u00f3veis, financiamento, mercado imobili\u00e1rio do Rio de Janeiro. Informa\u00e7\u00f5es sobre Bairros, Condom\u00ednios e Regi\u00e3o do Rio de Janeiro.","publisher":{"@id":"https:\/\/invexo.com.br\/blog\/#organization"},"potentialAction":[{"@type":"SearchAction","target":{"@type":"EntryPoint","urlTemplate":"https:\/\/invexo.com.br\/blog\/?s={search_term_string}"},"query-input":{"@type":"PropertyValueSpecification","valueRequired":true,"valueName":"search_term_string"}}],"inLanguage":"pt-BR"},{"@type":"Organization","@id":"https:\/\/invexo.com.br\/blog\/#organization","name":"INVEXO Imobili\u00e1ria","url":"https:\/\/invexo.com.br\/blog\/","logo":{"@type":"ImageObject","inLanguage":"pt-BR","@id":"https:\/\/invexo.com.br\/blog\/#\/schema\/logo\/image\/","url":"https:\/\/invexo.com.br\/blog\/wp-content\/uploads\/2018\/09\/invexo-80-melhor.png","contentUrl":"https:\/\/invexo.com.br\/blog\/wp-content\/uploads\/2018\/09\/invexo-80-melhor.png","width":247,"height":80,"caption":"INVEXO Imobili\u00e1ria"},"image":{"@id":"https:\/\/invexo.com.br\/blog\/#\/schema\/logo\/image\/"},"sameAs":["https:\/\/facebook.com\/invexo","https:\/\/x.com\/invexoimoveis"]},{"@type":"Person","@id":"https:\/\/invexo.com.br\/blog\/#\/schema\/person\/38b391bfbed71100a59413cf88e4c502","name":"J\u00f4 Gadonski","image":{"@type":"ImageObject","inLanguage":"pt-BR","@id":"https:\/\/invexo.com.br\/blog\/#\/schema\/person\/image\/","url":"https:\/\/secure.gravatar.com\/avatar\/4d8199b46157729cda2187fdfd7ad59d?s=96&d=blank&r=g","contentUrl":"https:\/\/secure.gravatar.com\/avatar\/4d8199b46157729cda2187fdfd7ad59d?s=96&d=blank&r=g","caption":"J\u00f4 Gadonski"},"description":"Redatora e assessora de comunica\u00e7\u00e3o. J\u00e1 trabalhou em mais de 30 projetos nacionais, internacionais e \u00e9 coordenadora de conte\u00fado para o blog da INVEXO.","sameAs":["https:\/\/invexo.com.br"],"url":"https:\/\/invexo.com.br\/blog\/author\/jo\/"}]}},"taxonomy_info":{"category":[{"value":10,"label":"Bairros"}],"post_tag":[{"value":634,"label":"Leblon"}]},"featured_image_src_large":["https:\/\/invexo.com.br\/blog\/wp-content\/uploads\/2020\/06\/salao-Leblon-1-1024x576.jpg",1024,576,true],"author_info":{"display_name":"J\u00f4 Gadonski","author_link":"https:\/\/invexo.com.br\/blog\/author\/jo\/"},"comment_info":0,"category_info":[{"term_id":10,"name":"Bairros","slug":"bairros","term_group":0,"term_taxonomy_id":10,"taxonomy":"category","description":"Not\u00edcias sobre estabelecimentos nos melhores bairros para se morar no Rio de Janeiro.","parent":0,"count":1354,"filter":"raw","cat_ID":10,"category_count":1354,"category_description":"Not\u00edcias sobre estabelecimentos nos melhores bairros para se morar no Rio de Janeiro.","cat_name":"Bairros","category_nicename":"bairros","category_parent":0}],"tag_info":[{"term_id":634,"name":"Leblon","slug":"leblon","term_group":0,"term_taxonomy_id":634,"taxonomy":"post_tag","description":"<p style=\"text-align: left\">O Leblon \u00e9 o bairro mais nobre da Zona Sul da cidade do Rio de Janeiro (RJ). A regi\u00e3o \u00e9 reconhecida pela infraestrutura requintada e pelas arquiteturas encantadoras, que tamb\u00e9m s\u00e3o repletas de hist\u00f3rias marcantes. Conhe\u00e7a os <a href=\"https:\/\/luxury.invexo.com.br\/bairro\/leblon\/\" target=\"_blank\" rel=\"noreferrer noopener\">im\u00f3veis de luxo no Leblon<\/a>!<\/p>","parent":0,"count":433,"filter":"raw"}],"_links":{"self":[{"href":"https:\/\/invexo.com.br\/blog\/wp-json\/wp\/v2\/posts\/3029"}],"collection":[{"href":"https:\/\/invexo.com.br\/blog\/wp-json\/wp\/v2\/posts"}],"about":[{"href":"https:\/\/invexo.com.br\/blog\/wp-json\/wp\/v2\/types\/post"}],"author":[{"embeddable":true,"href":"https:\/\/invexo.com.br\/blog\/wp-json\/wp\/v2\/users\/8"}],"replies":[{"embeddable":true,"href":"https:\/\/invexo.com.br\/blog\/wp-json\/wp\/v2\/comments?post=3029"}],"version-history":[{"count":1,"href":"https:\/\/invexo.com.br\/blog\/wp-json\/wp\/v2\/posts\/3029\/revisions"}],"predecessor-version":[{"id":27723,"href":"https:\/\/invexo.com.br\/blog\/wp-json\/wp\/v2\/posts\/3029\/revisions\/27723"}],"wp:featuredmedia":[{"embeddable":true,"href":"https:\/\/invexo.com.br\/blog\/wp-json\/wp\/v2\/media\/8768"}],"wp:attachment":[{"href":"https:\/\/invexo.com.br\/blog\/wp-json\/wp\/v2\/media?parent=3029"}],"wp:term":[{"taxonomy":"category","embeddable":true,"href":"https:\/\/invexo.com.br\/blog\/wp-json\/wp\/v2\/categories?post=3029"},{"taxonomy":"post_tag","embeddable":true,"href":"https:\/\/invexo.com.br\/blog\/wp-json\/wp\/v2\/tags?post=3029"}],"curies":[{"name":"wp","href":"https:\/\/api.w.org\/{rel}","templated":true}]}}