{"id":29525,"date":"2022-09-13T17:00:00","date_gmt":"2022-09-13T20:00:00","guid":{"rendered":"https:\/\/invexo.com.br\/blog\/?p=29525"},"modified":"2023-08-18T15:59:36","modified_gmt":"2023-08-18T18:59:36","slug":"brecho-ipanema","status":"publish","type":"post","link":"https:\/\/invexo.com.br\/blog\/brecho-ipanema\/","title":{"rendered":"Brech\u00f3 Ipanema \u2013 Luxo, acess\u00f3rios, roupas e muito mais"},"content":{"rendered":"\n<p>Se voc\u00ea ama adquirir pe\u00e7as de roupa sofisticadas e elegantes por um pre\u00e7o mais acess\u00edvel, definitivamente, deve conhecer uma das op\u00e7\u00f5es de Brech\u00f3 em Ipanema.<\/p>\n\n\n\n<p>O bairro de Ipanema j\u00e1 \u00e9 conhecido por contar com um grande centro comercial que integra diversas lojas renomadas.<\/p>\n\n\n\n<!--more-->\n\n\n\n<p>Por\u00e9m, o que muitos n\u00e3o sabem \u00e9 que, al\u00e9m de lojas luxuosas, o bairro tamb\u00e9m disp\u00f5e de brech\u00f3s que comercializam artigos de marcas renomadas.<\/p>\n\n\n\n<p>Assim, voc\u00ea pode encontrar diversas op\u00e7\u00f5es de brech\u00f3s excelentes que disp\u00f5e de uma grande quantidade de produtos para voc\u00ea escolher, experimentar e adquirir com um \u00f3timo custo benef\u00edcio.<\/p>\n\n\n\n<p>Afinal, quando voc\u00ea compra em um brech\u00f3, voc\u00ea est\u00e1 dando uma segunda chance \u00e0s roupas que, em sua maioria, encontram-se em excelente qualidade. E, al\u00e9m de ajudar o meio ambiente, ao adquirir pe\u00e7as em um brech\u00f3 ou bazar, voc\u00ea ainda pode fazer economias significativas na sua renda mensal.<\/p>\n\n\n\n<p>Nos brech\u00f3s de Ipanema voc\u00ea ir\u00e1 encontrar itens como roupas, sapatos, bolsas, \u00f3culos, bijuterias e at\u00e9 mesmo artigos de casa, como pratos, copos e m\u00f3veis. Al\u00e9m de contar com diversas lojas de roupas, o bairro de Ipanema \u00e9 refer\u00eancia quando o assunto \u00e9 qualidade de vida e apartamentos de luxo.<\/p>\n\n\n\n<p>Oportunidades \u00fanicas de im\u00f3veis em Ipanema! Fa\u00e7a parte do nosso\u00a0<strong><a href=\"https:\/\/whatsapp.com\/channel\/0029VaBTv8v8F2pN1nbKfn0a\">canal exclusivo no WhatsApp<\/a><\/strong>\u00a0e tenha acesso antecipado aos im\u00f3veis \u00e0 venda na regi\u00e3o com a maior demanda do Rio de Janeiro.<\/p>\n\n\n<div class=\"\"><div class='_form_6'><\/div><script type='text\/javascript' src='https:\/\/invexo.activehosted.com\/f\/embed.php?static=0&id=6&69F24A99D4B72&nostyles=0&preview=0'><\/script><\/div>\n\n\n<p><\/p>\n\n\n\n<p>S\u00e3o diversos os lan\u00e7amentos residenciais e im\u00f3veis prontos em Ipanema, tais como o <a href=\"https:\/\/invexo.com.br\/lancamento\/helo-ipanema\/\" target=\"_blank\" rel=\"noreferrer noopener\">Helo Ipanema<\/a>! Com acabamentos de alto padr\u00e3o e infraestrutura completa, Ipanema \u00e9 um dos bairros com os melhores im\u00f3veis de luxo do Rio de Janeiro. Conhe\u00e7a agora mesmo os melhores <a href=\"https:\/\/luxury.invexo.com.br\/bairro\/ipanema\/?utm_source=blog&amp;utm_medium=blocomeio\" target=\"_blank\" rel=\"noreferrer noopener\">im\u00f3veis de luxo \u00e0 venda em Ipanema<\/a>!<\/p>\n\n\n\n<figure class=\"wp-block-image size-full\"><a href=\"https:\/\/luxury.invexo.com.br\/bairro\/ipanema\/?utm_source=blog&amp;utm_medium=blocomeio\" target=\"_blank\" rel=\"noopener\"><img decoding=\"async\" width=\"1300\" height=\"280\" src=\"https:\/\/invexo.com.br\/blog\/wp-content\/uploads\/2022\/08\/imoveis-residenciais-ipanema-rio-de-janeiro-rj-calcadao-de-ipanema.jpg\" alt=\"Im\u00f3veis de luxo \u00e0 venda em Ipanema RJ\" class=\"wp-image-28981\" srcset=\"https:\/\/invexo.com.br\/blog\/wp-content\/uploads\/2022\/08\/imoveis-residenciais-ipanema-rio-de-janeiro-rj-calcadao-de-ipanema.jpg 1300w, https:\/\/invexo.com.br\/blog\/wp-content\/uploads\/2022\/08\/imoveis-residenciais-ipanema-rio-de-janeiro-rj-calcadao-de-ipanema-300x65.jpg 300w, https:\/\/invexo.com.br\/blog\/wp-content\/uploads\/2022\/08\/imoveis-residenciais-ipanema-rio-de-janeiro-rj-calcadao-de-ipanema-1024x221.jpg 1024w, https:\/\/invexo.com.br\/blog\/wp-content\/uploads\/2022\/08\/imoveis-residenciais-ipanema-rio-de-janeiro-rj-calcadao-de-ipanema-768x165.jpg 768w\" sizes=\"(max-width: 1300px) 100vw, 1300px\" \/><\/a><\/figure>\n\n\n\n<h2 class=\"wp-block-heading\">BG Mix<\/h2>\n\n\n\n<p>O <a href=\"https:\/\/www.instagram.com\/brecho_bgmix\/\" target=\"_blank\" rel=\"noreferrer noopener\">BG Mix<\/a> \u00e9 um brech\u00f3 que apresenta diversos artigos luxuosos e sofisticados em seu cat\u00e1logo. Seu espa\u00e7o \u00e9 amplo e bem organizado, o proporciona aos clientes uma excelente experi\u00eancia no momento de adquirir o produto.<\/p>\n\n\n\n<p>Al\u00e9m disso, o BG Mix conta com uma equipe de atendimento bem treinada que ir\u00e1 lhe ajudar a escolher os itens que mais se adequam ao seu gosto e estilo. S\u00e3o diversos artigos de grife originais e seminovos para compor o seu look da melhor forma poss\u00edvel.<\/p>\n\n\n\n<p>Al\u00e9m de possuir uma unidade de loja f\u00edsica em Ipanema, o BG ainda conta com a sua loja online, na qual efetua vendas para todo o Brasil. Assim o brech\u00f3 BG Mix disp\u00f5e de pe\u00e7as nas seguintes categorias:&nbsp;&nbsp;<\/p>\n\n\n\n<ul><li>Bolsas;<\/li><li>Sapatos;<\/li><li>Carteiras;<\/li><li>\u00d3culos;<\/li><li>E muito mais.<\/li><\/ul>\n\n\n\n<p>E, por se propor a levar aos seus clientes o que h\u00e1 de melhor no mercado luxuoso, o BG Mix Ipanema possui em seu cat\u00e1logo itens das seguintes marcas:<\/p>\n\n\n\n<ul><li>Prada;<\/li><li>Louis Vuitton;<\/li><li>Mil Miu;<\/li><li>Gucci;<\/li><li>Dentre outras.<\/li><\/ul>\n\n\n\n<p>Dessa forma, \u00e9 garantido que voc\u00ea levar\u00e1 produtos de excelente qualidade com um pre\u00e7o mais acess\u00edvel, tornando ainda mais f\u00e1cil se apaixonar por todos os produtos da vitrine do BG Mix.<\/p>\n\n\n\n<p><strong>Endere\u00e7o:<\/strong> Rua Visconde de Piraj\u00e1 318, Loja 10, Ipanema, Rio de Janeiro.<br><strong>Hor\u00e1rio de Funcionamento: <\/strong>De segunda a sexta, das 10h \u00e0s 18h.<\/p>\n\n\n\n<h2 class=\"wp-block-heading\">Ba\u00fah Brech\u00f3 Ipanema<\/h2>\n\n\n\n<p>O <a href=\"https:\/\/www.instagram.com\/bauhcollab\/\" target=\"_blank\" rel=\"noreferrer noopener\">Ba\u00fah Brech\u00f3 em Ipanema<\/a> \u00e9 uma collab, ou seja, al\u00e9m da Ba\u00fah, ter\u00e3o outras marcas compondo o cat\u00e1logo da loja.<\/p>\n\n\n\n<p>Assim, voc\u00ea pode ir em uma loja s\u00f3 e montar o seu look completo, atrav\u00e9s de itens mega estilosos de diversas marcas. Dentre as marcas que integram o Ba\u00fah Brech\u00f3 Ipanema, destacam-se as seguintes:<\/p>\n\n\n\n<ul><li><strong>La Chica:<\/strong> marca de acess\u00f3rios 100% artesanais, que mistura a cultura mexicana com a carioca;<\/li><li><strong>Tacita:<\/strong> marca focada em transformar a vida das mulheres atrav\u00e9s de suas semi joias, artigos de prata e bijuterias;<\/li><li><strong>Brigitthy:<\/strong> uma marca de acess\u00f3rios feitos \u00e0 m\u00e3o com muito amor.<\/li><\/ul>\n\n\n\n<p>Al\u00e9m destas marcas, a Ba\u00fah conta com sua marca pr\u00f3pria de roupas que se prop\u00f5e a deixar suas clientes confort\u00e1veis e estilosas para qualquer ocasi\u00e3o. Os principais itens disponibilizados nas cole\u00e7\u00f5es da marca Ba\u00fah s\u00e3o:<\/p>\n\n\n\n<ul><li>Vestidos;<\/li><li>Cal\u00e7as;<\/li><li>Blusas;<\/li><li>Macac\u00f5es;<\/li><li>E muito mais.<\/li><\/ul>\n\n\n\n<figure class=\"wp-block-embed aligncenter is-type-rich is-provider-instagram wp-block-embed-instagram\"><div class=\"wp-block-embed__wrapper\">\n<div class=\"sbi-embed-wrap\"><blockquote class=\"instagram-media sbi-embed\" data-instgrm-captioned data-instgrm-permalink=\"https:\/\/www.instagram.com\/p\/CdyCAKjuVol\/?utm_source=ig_embed&amp;utm_campaign=loading\" data-instgrm-version=\"14\" style=\" background:#FFF; border:0; border-radius:3px; box-shadow:0 0 1px 0 rgba(0,0,0,0.5),0 1px 10px 0 rgba(0,0,0,0.15); margin: 1px; max-width:658px; min-width:326px; padding:0; width:99.375%; width:-webkit-calc(100% - 2px); width:calc(100% - 2px);\"><div style=\"padding:16px;\"> <a href=\"https:\/\/www.instagram.com\/p\/CdyCAKjuVol\/?utm_source=ig_embed&amp;utm_campaign=loading\" style=\" background:#FFFFFF; line-height:0; padding:0 0; text-align:center; text-decoration:none; width:100%;\" target=\"_blank\"> <div style=\" display: flex; flex-direction: row; align-items: center;\"> <div style=\"background-color: #F4F4F4; border-radius: 50%; flex-grow: 0; height: 40px; margin-right: 14px; width: 40px;\"><\/div> <div style=\"display: flex; flex-direction: column; flex-grow: 1; justify-content: center;\"> <div style=\" background-color: #F4F4F4; border-radius: 4px; flex-grow: 0; height: 14px; margin-bottom: 6px; width: 100px;\"><\/div> <div style=\" background-color: #F4F4F4; border-radius: 4px; flex-grow: 0; height: 14px; width: 60px;\"><\/div><\/div><\/div><div style=\"padding: 19% 0;\"><\/div> <div style=\"display:block; height:50px; margin:0 auto 12px; width:50px;\"><svg width=\"50px\" height=\"50px\" viewBox=\"0 0 60 60\" version=\"1.1\" xmlns=\"https:\/\/www.w3.org\/2000\/svg\" xmlns:xlink=\"https:\/\/www.w3.org\/1999\/xlink\"><g stroke=\"none\" stroke-width=\"1\" fill=\"none\" fill-rule=\"evenodd\"><g transform=\"translate(-511.000000, -20.000000)\" fill=\"#000000\"><g><path d=\"M556.869,30.41 C554.814,30.41 553.148,32.076 553.148,34.131 C553.148,36.186 554.814,37.852 556.869,37.852 C558.924,37.852 560.59,36.186 560.59,34.131 C560.59,32.076 558.924,30.41 556.869,30.41 M541,60.657 C535.114,60.657 530.342,55.887 530.342,50 C530.342,44.114 535.114,39.342 541,39.342 C546.887,39.342 551.658,44.114 551.658,50 C551.658,55.887 546.887,60.657 541,60.657 M541,33.886 C532.1,33.886 524.886,41.1 524.886,50 C524.886,58.899 532.1,66.113 541,66.113 C549.9,66.113 557.115,58.899 557.115,50 C557.115,41.1 549.9,33.886 541,33.886 M565.378,62.101 C565.244,65.022 564.756,66.606 564.346,67.663 C563.803,69.06 563.154,70.057 562.106,71.106 C561.058,72.155 560.06,72.803 558.662,73.347 C557.607,73.757 556.021,74.244 553.102,74.378 C549.944,74.521 548.997,74.552 541,74.552 C533.003,74.552 532.056,74.521 528.898,74.378 C525.979,74.244 524.393,73.757 523.338,73.347 C521.94,72.803 520.942,72.155 519.894,71.106 C518.846,70.057 518.197,69.06 517.654,67.663 C517.244,66.606 516.755,65.022 516.623,62.101 C516.479,58.943 516.448,57.996 516.448,50 C516.448,42.003 516.479,41.056 516.623,37.899 C516.755,34.978 517.244,33.391 517.654,32.338 C518.197,30.938 518.846,29.942 519.894,28.894 C520.942,27.846 521.94,27.196 523.338,26.654 C524.393,26.244 525.979,25.756 528.898,25.623 C532.057,25.479 533.004,25.448 541,25.448 C548.997,25.448 549.943,25.479 553.102,25.623 C556.021,25.756 557.607,26.244 558.662,26.654 C560.06,27.196 561.058,27.846 562.106,28.894 C563.154,29.942 563.803,30.938 564.346,32.338 C564.756,33.391 565.244,34.978 565.378,37.899 C565.522,41.056 565.552,42.003 565.552,50 C565.552,57.996 565.522,58.943 565.378,62.101 M570.82,37.631 C570.674,34.438 570.167,32.258 569.425,30.349 C568.659,28.377 567.633,26.702 565.965,25.035 C564.297,23.368 562.623,22.342 560.652,21.575 C558.743,20.834 556.562,20.326 553.369,20.18 C550.169,20.033 549.148,20 541,20 C532.853,20 531.831,20.033 528.631,20.18 C525.438,20.326 523.257,20.834 521.349,21.575 C519.376,22.342 517.703,23.368 516.035,25.035 C514.368,26.702 513.342,28.377 512.574,30.349 C511.834,32.258 511.326,34.438 511.181,37.631 C511.035,40.831 511,41.851 511,50 C511,58.147 511.035,59.17 511.181,62.369 C511.326,65.562 511.834,67.743 512.574,69.651 C513.342,71.625 514.368,73.296 516.035,74.965 C517.703,76.634 519.376,77.658 521.349,78.425 C523.257,79.167 525.438,79.673 528.631,79.82 C531.831,79.965 532.853,80.001 541,80.001 C549.148,80.001 550.169,79.965 553.369,79.82 C556.562,79.673 558.743,79.167 560.652,78.425 C562.623,77.658 564.297,76.634 565.965,74.965 C567.633,73.296 568.659,71.625 569.425,69.651 C570.167,67.743 570.674,65.562 570.82,62.369 C570.966,59.17 571,58.147 571,50 C571,41.851 570.966,40.831 570.82,37.631\"><\/path><\/g><\/g><\/g><\/svg><\/div><div style=\"padding-top: 8px;\"> <div style=\" color:#3897f0; font-family:Arial,sans-serif; font-size:14px; font-style:normal; font-weight:550; line-height:18px;\">View this post on Instagram<\/div><\/div><div style=\"padding: 12.5% 0;\"><\/div> <div style=\"display: flex; flex-direction: row; margin-bottom: 14px; align-items: center;\"><div> <div style=\"background-color: #F4F4F4; border-radius: 50%; height: 12.5px; width: 12.5px; transform: translateX(0px) translateY(7px);\"><\/div> <div style=\"background-color: #F4F4F4; height: 12.5px; transform: rotate(-45deg) translateX(3px) translateY(1px); width: 12.5px; flex-grow: 0; margin-right: 14px; margin-left: 2px;\"><\/div> <div style=\"background-color: #F4F4F4; border-radius: 50%; height: 12.5px; width: 12.5px; transform: translateX(9px) translateY(-18px);\"><\/div><\/div><div style=\"margin-left: 8px;\"> <div style=\" background-color: #F4F4F4; border-radius: 50%; flex-grow: 0; height: 20px; width: 20px;\"><\/div> <div style=\" width: 0; height: 0; border-top: 2px solid transparent; border-left: 6px solid #f4f4f4; border-bottom: 2px solid transparent; transform: translateX(16px) translateY(-4px) rotate(30deg)\"><\/div><\/div><div style=\"margin-left: auto;\"> <div style=\" width: 0px; border-top: 8px solid #F4F4F4; border-right: 8px solid transparent; transform: translateY(16px);\"><\/div> <div style=\" background-color: #F4F4F4; flex-grow: 0; height: 12px; width: 16px; transform: translateY(-4px);\"><\/div> <div style=\" width: 0; height: 0; border-top: 8px solid #F4F4F4; border-left: 8px solid transparent; transform: translateY(-4px) translateX(8px);\"><\/div><\/div><\/div> <div style=\"display: flex; flex-direction: column; flex-grow: 1; justify-content: center; margin-bottom: 24px;\"> <div style=\" background-color: #F4F4F4; border-radius: 4px; flex-grow: 0; height: 14px; margin-bottom: 6px; width: 224px;\"><\/div> <div style=\" background-color: #F4F4F4; border-radius: 4px; flex-grow: 0; height: 14px; width: 144px;\"><\/div><\/div><\/a><p style=\" color:#c9c8cd; font-family:Arial,sans-serif; font-size:14px; line-height:17px; margin-bottom:0; margin-top:8px; overflow:hidden; padding:8px 0 7px; text-align:center; text-overflow:ellipsis; white-space:nowrap;\"><a href=\"https:\/\/www.instagram.com\/p\/CdyCAKjuVol\/?utm_source=ig_embed&amp;utm_campaign=loading\" style=\" color:#c9c8cd; font-family:Arial,sans-serif; font-size:14px; font-style:normal; font-weight:normal; line-height:17px; text-decoration:none;\" target=\"_blank\">A post shared by Bau\u0301h Loja Colaborativa (@bauhcollab)<\/a><\/p><\/div><\/blockquote><script async src=\"\/\/platform.instagram.com\/en_US\/embeds.js\"><\/script><\/div>\n<\/div><\/figure>\n\n\n\n<p>Dentre os produtos disponibilizados pelo Ba\u00fah Ipanema, voc\u00ea ainda pode encontrar uma linha de sabonetes naturais e fitoter\u00e1picos e produtos fitoenerg\u00e9ticos e artesanais.<\/p>\n\n\n\n<p>Al\u00e9m disso, a loja ainda abre espa\u00e7o para aqueles que possuem uma marca autoral e procuram por um espa\u00e7o f\u00edsico para vender suas pe\u00e7as.<\/p>\n\n\n\n<p><strong>Endere\u00e7o:<\/strong> Avenida Henrique Dumont, 68, Loja A, Ipanema, Rio de Janeiro.<br><strong>Hor\u00e1rio de Funcionamento: <\/strong>De segunda a sexta, das 10h \u00e0s 20h, e aos s\u00e1bados das 10h \u00e0s 18h.<\/p>\n\n\n\n<h2 class=\"wp-block-heading\">Brech\u00f3 Catherine Labour\u00e9<\/h2>\n\n\n\n<p>O brech\u00f3 <a href=\"https:\/\/www.linkedin.com\/in\/brech%C3%B3-catherine-labour%C3%A9-bazar-brech%C3%B3-artes-252b54a5\/?originalSubdomain=br\" target=\"_blank\" rel=\"noreferrer noopener\">Catherine Labour\u00e9 Bazar Brech\u00f3 &amp; Artes Ipanema<\/a> \u00e9 uma loja de roupas de segunda m\u00e3o que oferece uma grande variedade de pe\u00e7as para todos os gostos.<\/p>\n\n\n\n<p>Assim, voc\u00ea poder\u00e1 encontrar uma gama de roupas de marcas famosas por um pre\u00e7o super acess\u00edvel. Independente do seu estilo, a Brech\u00f3 Catherine Labour\u00e9 ter\u00e1 uma op\u00e7\u00e3o ideal para voc\u00ea.<\/p>\n\n\n\n<p>As roupas s\u00e3o apresentadas em diversos tamanhos e atendem \u00e0s mulheres, homens e crian\u00e7as. Seu espa\u00e7o foi desenvolvido para expor a grande maioria das pe\u00e7as de uma forma organizada e pr\u00e1tica.<\/p>\n\n\n\n<p>A empresa trabalha com produtos de qualidade de diversas categorias, tornando mais prov\u00e1vel a chance de seus clientes encontrarem o que procuram.<\/p>\n\n\n\n<p>O atendimento \u00e9 realizado por uma equipe atenciosa que auxilia perfeitamente na busca pelos produtos da loja. As principais marcas que comp\u00f5em o cat\u00e1logo do Brech\u00f3 Catherine Labour\u00e9 s\u00e3o:<\/p>\n\n\n\n<ul><li>Abercrombie &amp; Fitch;<\/li><li>Hollister;<\/li><li>American Eagle.<\/li><\/ul>\n\n\n\n<p>O brech\u00f3 tamb\u00e9m conta com uma se\u00e7\u00e3o de roupas de grife, onde voc\u00ea pode encontrar itens das principais grifes do mundo, como a Gucci, a Louis Vuitton e a Chanel.<\/p>\n\n\n\n<p><strong>Endere\u00e7o:<\/strong> Rua Visconde de Piraj\u00e1, 207, Loja 212, Ipanema, Rio de Janeiro.<br><strong>Hor\u00e1rio de Funcionamento:<\/strong> De segunda a sexta, das 10h \u00e0s 18h30, e aos s\u00e1bados, das 09h30 \u00e0s 14h.<\/p>\n\n\n\n<h2 class=\"wp-block-heading\">Brech\u00f3 Chiquet\u00ea Ipanema<\/h2>\n\n\n\n<p>Se voc\u00ea est\u00e1 em busca de um brech\u00f3 que possa lhe oferecer diversas pe\u00e7as aut\u00eanticas e bem cuidadas, o Chiquet\u00ea Ipanema \u00e9 uma excelente escolha. A vitrine da loja encanta a todos que passam por ela, atrav\u00e9s de seus looks bem montados e roupas de primeira linha.<\/p>\n\n\n\n<p>Seu ambiente \u00e9 bem organizado e aconchegante, tornando f\u00e1cil se encantar por qualquer uma das pe\u00e7as expostas. E, por falar em pe\u00e7as, o cat\u00e1logo do Chiquet\u00ea Ipanema disp\u00f5e das melhores op\u00e7\u00f5es do mercado. Assim, no <a href=\"https:\/\/www.instagram.com\/chiquete.brecho\/\" target=\"_blank\" rel=\"noreferrer noopener\">Brech\u00f3 Chiquet\u00ea Ipanema<\/a> voc\u00ea pode encontrar pe\u00e7as nas seguintes categorias:<\/p>\n\n\n\n<ul><li>Bolsas;<\/li><li>Sapatos;<\/li><li>Roupas;<\/li><li>\u00d3culos;<\/li><li>Pulseiras e Brincos;<\/li><li>E muito mais.<\/li><\/ul>\n\n\n\n<p>S\u00e3o diversas op\u00e7\u00f5es que se adequam aos mais diversos gostos e estilos, com tamanhos, cores e estampas variadas. As pe\u00e7as podem ser aproveitadas por mulheres, homens e crian\u00e7as, apesar de seu maior foco ser no p\u00fablico feminino.<\/p>\n\n\n\n<p>E o atendimento de alta qualidade proporciona facilidade e rapidez no momento de localizar os itens procurados pelos clientes.<\/p>\n\n\n\n<p><strong>Endere\u00e7o:<\/strong> Rua Visconde de Piraj\u00e1, 86, Loja 4, Ipanema, Rio de Janeiro.<br><strong>Hor\u00e1rio de Funcionamento: <\/strong>De ter\u00e7a a quinta, das 13h \u00e0s 17h, e \u00e0s sextas e s\u00e1bados, das 13h \u00e0s 19h.<\/p>\n\n\n\n<h2 class=\"wp-block-heading\">Cacareco CHIC<\/h2>\n\n\n\n<p>O <a href=\"https:\/\/www.cacarecochic.com.br\/\" target=\"_blank\" rel=\"noreferrer noopener\">Cacareco Chic<\/a> Ipanema \u00e9 uma empresa carioca que se dedica a compra e venda de produtos usados. A empresa \u00e9 pioneira e l\u00edder no mercado de \u201cthrift store\u201d carioca, que coleciona mais de 19 anos de tradi\u00e7\u00e3o e bons servi\u00e7os.<\/p>\n\n\n\n<p>Dessa forma, a Cacareco Chic oferece conveni\u00eancia na retirada de objetos e itens indesejados, proporcionando que seus clientes paguem um pre\u00e7o justo por eles. O atendimento \u00e9 realizado por uma equipe altamente competente que conhece cada espa\u00e7o da loja.<\/p>\n\n\n\n<figure class=\"wp-block-image size-large\"><a href=\"https:\/\/luxury.invexo.com.br\/bairro\/ipanema\/\" target=\"_blank\" rel=\"noreferrer noopener\"><img decoding=\"async\" width=\"1024\" height=\"576\" src=\"https:\/\/invexo.com.br\/blog\/wp-content\/uploads\/2022\/08\/roupas-brecho-ipanema-rio-de-janeiro-1024x576.jpg\" alt=\"Roupas Brech\u00f3 Ipanema Rio de Janeiro\" class=\"wp-image-29621\" srcset=\"https:\/\/invexo.com.br\/blog\/wp-content\/uploads\/2022\/08\/roupas-brecho-ipanema-rio-de-janeiro-1024x576.jpg 1024w, https:\/\/invexo.com.br\/blog\/wp-content\/uploads\/2022\/08\/roupas-brecho-ipanema-rio-de-janeiro-300x169.jpg 300w, https:\/\/invexo.com.br\/blog\/wp-content\/uploads\/2022\/08\/roupas-brecho-ipanema-rio-de-janeiro-768x432.jpg 768w, https:\/\/invexo.com.br\/blog\/wp-content\/uploads\/2022\/08\/roupas-brecho-ipanema-rio-de-janeiro.jpg 1280w\" sizes=\"(max-width: 1024px) 100vw, 1024px\" \/><\/a><\/figure>\n\n\n\n<p>Dessa forma, fica f\u00e1cil para o cliente localizar as pe\u00e7as que est\u00e1 procurando. Afinal, as prateleiras contam com uma grande quantidade e variedade de produtos. Dentre os produtos dispon\u00edveis no cat\u00e1logo da Cacareco Chic Ipanema, destacam-se os seguintes:<\/p>\n\n\n\n<ul><li>Decora\u00e7\u00e3o;<\/li><li>Faqueiros;<\/li><li>Jogos de Ch\u00e1, Caf\u00e9 ou Jantar;<\/li><li>Prataria Diversas;<\/li><li>Jarras de Porcelana e Vidro;<\/li><li>Cristais;<\/li><li>Copos de todos os tipos;<\/li><li>E muito mais.<\/li><\/ul>\n\n\n\n<p>Ao todo, s\u00e3o mais de 5 mil pe\u00e7as no cat\u00e1logo de diversos modelos, estampas, cores e tamanhos. Al\u00e9m destes produtos, voc\u00ea pode encontrar no Cacareco Chic diversas op\u00e7\u00f5es de tapetes, quadros e categorias de m\u00f3veis.<\/p>\n\n\n\n<p><strong>Endere\u00e7o:<\/strong> Rua Joaquim Nabuco, 238, Ipanema, Rio de Janeiro.<br><strong>Hor\u00e1rio de Funcionamento:<\/strong> Todos os dias, 24h por dia.<\/p>\n\n\n\n<h2 class=\"wp-block-heading\">Morar em Ipanema: Com\u00e9rcio e lojas<\/h2>\n\n\n\n<p>O bairro de Ipanema \u00e9 aclamado por todos os seus moradores e visitantes. Afinal, n\u00e3o \u00e9 de se esperar menos de uma \u00e1rea que oferece excelentes estabelecimentos comerciais, \u00e1reas de lazer e servi\u00e7os essenciais.<\/p>\n\n\n\n<p>\u00c9 poss\u00edvel contar com uma gama de lojas de roupas que integram cada peda\u00e7o das <a href=\"https:\/\/invexo.com.br\/blog\/ruas-de-ipanema\/\" target=\"_blank\" rel=\"noreferrer noopener\">ruas de Ipanema<\/a>, como a Farm, a <a href=\"https:\/\/invexo.com.br\/blog\/leeloo-ipanema\/\" target=\"_blank\" rel=\"noreferrer noopener\">Leeloo<\/a>, a <a href=\"https:\/\/invexo.com.br\/blog\/zinzane-ipanema-moda-feminina-na-zona-sul-carioca\/\" target=\"_blank\" rel=\"noreferrer noopener\">Zinzane<\/a>, a Hering e muito mais. E aqueles que buscam por roupas luxuosas com um excelente custo benef\u00edcio podem encontrar diversos brech\u00f3s e bazares de alt\u00edssima qualidade.<\/p>\n\n\n\t\t<div class=\"wp-block-web-stories-embed web-stories-embed aligncenter\">\n\t\t\t<div class=\"wp-block-embed__wrapper\" style=\"--aspect-ratio: 0.600000; --width: 360px; --height: 600px\">\n\t\t\t\t<amp-story-player>\n\t\t\t\t\t<a href=\"https:\/\/invexo.com.br\/blog\/web-stories\/brecho-ipanema\/\">\n\t\t\t\t\t\t\t\t\t\t\t\t\t<img\n\t\t\t\t\t\t\t\tsrc=\"https:\/\/invexo.com.br\/blog\/wp-content\/uploads\/2023\/08\/brecho-ipanema-conheca-os-queridinhos-do-bairro-carioca-rio-de-janeiro5.jpg\"\n\t\t\t\t\t\t\t\twidth=\"360\"\n\t\t\t\t\t\t\t\theight=\"600\"\n\t\t\t\t\t\t\t\talt=\"Brech\u00f3 Ipanema \u2013 Conhe\u00e7a os queridinhos do bairro carioca\"\n\t\t\t\t\t\t\t\t\t\t\t\t\t\t\t\t\t\t\t\t\t\t\t\tloading=\"lazy\"\n\t\t\t\t\t\t\t\tdecoding=\"async\"\n\t\t\t\t\t\t\t\tdata-amp-story-player-poster-img\n\t\t\t\t\t\t\t\/>\n\t\t\t\t\t\t\t\t\t\t\t\t<\/a>\n\t\t\t\t<\/amp-story-player>\n\t\t\t<\/div>\n\t\t<\/div>\n\t\t\n\n\n<p>Al\u00e9m das lojas de roupas, o bairro tamb\u00e9m conta com excelentes pontos voltados para a pr\u00e1tica de atividades de lazer, como a <a href=\"https:\/\/invexo.com.br\/blog\/praia-de-ipanema\/\" target=\"_blank\" rel=\"noreferrer noopener\">Praia de Ipanema<\/a> e a Pra\u00e7a Nossa Senhora da Paz, locais perfeitos para aproveitar o dia de diversas formas.<\/p>\n\n\n\n<p>Para facilitar a locomo\u00e7\u00e3o de seus frequentadores, a estrutura do bairro foi elaborada com vias estrat\u00e9gicas, estacionamentos bem posicionados, pontos de \u00f4nibus e esta\u00e7\u00f5es de metr\u00f4.<\/p>\n\n\n\n<p>Al\u00e9m da grande variedade de lojas dispostas na ampla rede comercial de Ipanema, o bairro ainda oferece uma gama de im\u00f3veis residenciais de luxo.<\/p>\n\n\n\n<p>Por esses e outros motivos, Ipanema se tornou refer\u00eancia em qualidade de vida e segue atraindo constantemente novos moradores para a sua renomada regi\u00e3o.<\/p>\n\n\n\n<div class=\"wp-block-group\"><div class=\"wp-block-group__inner-container is-layout-flow wp-block-group-is-layout-flow\">\n<p>Oportunidades \u00fanicas de im\u00f3veis em Ipanema! Fa\u00e7a parte do nosso&nbsp;<strong><a href=\"https:\/\/whatsapp.com\/channel\/0029VaBTv8v8F2pN1nbKfn0a\">canal exclusivo no WhatsApp<\/a><\/strong>&nbsp;e tenha acesso antecipado aos im\u00f3veis \u00e0 venda na regi\u00e3o com a maior demanda do Rio de Janeiro.<\/p>\n\n\n<div class=\"\"><div class='_form_6'><\/div><script type='text\/javascript' src='https:\/\/invexo.activehosted.com\/f\/embed.php?static=0&id=6&69F24A99D4B9F&nostyles=0&preview=0'><\/script><\/div>\n\n\n<p><\/p>\n\n\n\n<p>Ipanema, localizada na Zona Sul carioca, \u00e9 um dos melhores e mais nobres bairros para se viver no Rio de Janeiro. Conhe\u00e7a hoje mesmo os <a href=\"https:\/\/luxury.invexo.com.br\/bairro\/ipanema\/?utm_source=blog&amp;utm_medium=blocofim\" target=\"_blank\" rel=\"noreferrer noopener\">im\u00f3veis residenciais de luxo em Ipanema<\/a> com a INVEXO, imobili\u00e1ria especializada em im\u00f3veis de luxo no Rio de Janeiro.<\/p>\n\n\n\n<figure class=\"wp-block-image size-full\"><a href=\"https:\/\/luxury.invexo.com.br\/bairro\/ipanema\/?utm_source=blog&amp;utm_medium=blocofim\" target=\"_blank\" rel=\"noopener\"><img decoding=\"async\" width=\"1300\" height=\"280\" src=\"https:\/\/invexo.com.br\/blog\/wp-content\/uploads\/2022\/08\/imoveis-residenciais-ipanema-rio-de-janeiro-rj-calcadao-de-ipanema.jpg\" alt=\"Im\u00f3veis de luxo \u00e0 venda em Ipanema RJ\" class=\"wp-image-28981\" srcset=\"https:\/\/invexo.com.br\/blog\/wp-content\/uploads\/2022\/08\/imoveis-residenciais-ipanema-rio-de-janeiro-rj-calcadao-de-ipanema.jpg 1300w, https:\/\/invexo.com.br\/blog\/wp-content\/uploads\/2022\/08\/imoveis-residenciais-ipanema-rio-de-janeiro-rj-calcadao-de-ipanema-300x65.jpg 300w, https:\/\/invexo.com.br\/blog\/wp-content\/uploads\/2022\/08\/imoveis-residenciais-ipanema-rio-de-janeiro-rj-calcadao-de-ipanema-1024x221.jpg 1024w, https:\/\/invexo.com.br\/blog\/wp-content\/uploads\/2022\/08\/imoveis-residenciais-ipanema-rio-de-janeiro-rj-calcadao-de-ipanema-768x165.jpg 768w\" sizes=\"(max-width: 1300px) 100vw, 1300px\" \/><\/a><\/figure>\n<\/div><\/div>\n","protected":false},"excerpt":{"rendered":"<p>Se voc\u00ea ama pe\u00e7as de roupa sofisticadas e elegantes por um pre\u00e7o acess\u00edvel, conhe\u00e7a as op\u00e7\u00f5es de Brech\u00f3 em Ipanema.<\/p>\n","protected":false},"author":2,"featured_media":29620,"comment_status":"closed","ping_status":"closed","sticky":false,"template":"","format":"standard","meta":{"_acf_changed":false,"_kad_blocks_custom_css":"","_kad_blocks_head_custom_js":"","_kad_blocks_body_custom_js":"","_kad_blocks_footer_custom_js":"","_kadence_starter_templates_imported_post":false,"_kad_post_transparent":"","_kad_post_title":"","_kad_post_layout":"","_kad_post_sidebar_id":"","_kad_post_content_style":"","_kad_post_vertical_padding":"","_kad_post_feature":"","_kad_post_feature_position":"","_kad_post_header":false,"_kad_post_footer":false,"footnotes":""},"categories":[10,15],"tags":[635],"acf":[],"yoast_head":"<!-- This site is optimized with the Yoast SEO plugin v24.1 - https:\/\/yoast.com\/wordpress\/plugins\/seo\/ -->\n<title>Brech\u00f3 Ipanema \u2013 Conhe\u00e7a os queridinhos do bairro carioca<\/title>\n<meta name=\"description\" content=\"Se voc\u00ea ama pe\u00e7as de roupa sofisticadas e elegantes por um pre\u00e7o acess\u00edvel, conhe\u00e7a as op\u00e7\u00f5es de Brech\u00f3 em Ipanema.\" \/>\n<meta name=\"robots\" content=\"index, follow, max-snippet:-1, max-image-preview:large, max-video-preview:-1\" \/>\n<link rel=\"canonical\" href=\"https:\/\/invexo.com.br\/blog\/brecho-ipanema\/\" \/>\n<meta property=\"og:locale\" content=\"pt_BR\" \/>\n<meta property=\"og:type\" content=\"article\" \/>\n<meta property=\"og:title\" content=\"Brech\u00f3 Ipanema \u2013 Conhe\u00e7a os queridinhos do bairro carioca\" \/>\n<meta property=\"og:description\" content=\"Se voc\u00ea ama pe\u00e7as de roupa sofisticadas e elegantes por um pre\u00e7o acess\u00edvel, conhe\u00e7a as op\u00e7\u00f5es de Brech\u00f3 em Ipanema.\" \/>\n<meta property=\"og:url\" content=\"https:\/\/invexo.com.br\/blog\/brecho-ipanema\/\" \/>\n<meta property=\"og:site_name\" content=\"Not\u00edcias RJ\" \/>\n<meta property=\"article:publisher\" content=\"https:\/\/facebook.com\/invexo\" \/>\n<meta property=\"article:author\" content=\"https:\/\/facebook.com\/invexo\" \/>\n<meta property=\"article:published_time\" content=\"2022-09-13T20:00:00+00:00\" \/>\n<meta property=\"article:modified_time\" content=\"2023-08-18T18:59:36+00:00\" \/>\n<meta property=\"og:image\" content=\"https:\/\/invexo.com.br\/blog\/wp-content\/uploads\/2022\/08\/arara-brecho-ipanema-rio-de-janeiro.jpg\" \/>\n\t<meta property=\"og:image:width\" content=\"1280\" \/>\n\t<meta property=\"og:image:height\" content=\"720\" \/>\n\t<meta property=\"og:image:type\" content=\"image\/jpeg\" \/>\n<meta name=\"author\" content=\"Ronnie Possatti\" \/>\n<meta name=\"twitter:card\" content=\"summary_large_image\" \/>\n<meta name=\"twitter:creator\" content=\"@https:\/\/twitter.com\/invexoimoveis\" \/>\n<meta name=\"twitter:site\" content=\"@invexoimoveis\" \/>\n<meta name=\"twitter:label1\" content=\"Escrito por\" \/>\n\t<meta name=\"twitter:data1\" content=\"Ronnie Possatti\" \/>\n\t<meta name=\"twitter:label2\" content=\"Est. tempo de leitura\" \/>\n\t<meta name=\"twitter:data2\" content=\"9 minutos\" \/>\n<script type=\"application\/ld+json\" class=\"yoast-schema-graph\">{\"@context\":\"https:\/\/schema.org\",\"@graph\":[{\"@type\":\"Article\",\"@id\":\"https:\/\/invexo.com.br\/blog\/brecho-ipanema\/#article\",\"isPartOf\":{\"@id\":\"https:\/\/invexo.com.br\/blog\/brecho-ipanema\/\"},\"author\":{\"name\":\"Ronnie Possatti\",\"@id\":\"https:\/\/invexo.com.br\/blog\/#\/schema\/person\/36bee32f1cfacde03dc4c9622a58778d\"},\"headline\":\"Brech\u00f3 Ipanema \u2013 Luxo, acess\u00f3rios, roupas e muito mais\",\"datePublished\":\"2022-09-13T20:00:00+00:00\",\"dateModified\":\"2023-08-18T18:59:36+00:00\",\"mainEntityOfPage\":{\"@id\":\"https:\/\/invexo.com.br\/blog\/brecho-ipanema\/\"},\"wordCount\":1574,\"publisher\":{\"@id\":\"https:\/\/invexo.com.br\/blog\/#organization\"},\"image\":{\"@id\":\"https:\/\/invexo.com.br\/blog\/brecho-ipanema\/#primaryimage\"},\"thumbnailUrl\":\"https:\/\/invexo.com.br\/blog\/wp-content\/uploads\/2022\/08\/arara-brecho-ipanema-rio-de-janeiro.jpg\",\"keywords\":[\"Ipanema\"],\"articleSection\":[\"Bairros\",\"Informa\u00e7\u00f5es\"],\"inLanguage\":\"pt-BR\"},{\"@type\":\"WebPage\",\"@id\":\"https:\/\/invexo.com.br\/blog\/brecho-ipanema\/\",\"url\":\"https:\/\/invexo.com.br\/blog\/brecho-ipanema\/\",\"name\":\"Brech\u00f3 Ipanema \u2013 Conhe\u00e7a os queridinhos do bairro carioca\",\"isPartOf\":{\"@id\":\"https:\/\/invexo.com.br\/blog\/#website\"},\"primaryImageOfPage\":{\"@id\":\"https:\/\/invexo.com.br\/blog\/brecho-ipanema\/#primaryimage\"},\"image\":{\"@id\":\"https:\/\/invexo.com.br\/blog\/brecho-ipanema\/#primaryimage\"},\"thumbnailUrl\":\"https:\/\/invexo.com.br\/blog\/wp-content\/uploads\/2022\/08\/arara-brecho-ipanema-rio-de-janeiro.jpg\",\"datePublished\":\"2022-09-13T20:00:00+00:00\",\"dateModified\":\"2023-08-18T18:59:36+00:00\",\"description\":\"Se voc\u00ea ama pe\u00e7as de roupa sofisticadas e elegantes por um pre\u00e7o acess\u00edvel, conhe\u00e7a as op\u00e7\u00f5es de Brech\u00f3 em Ipanema.\",\"breadcrumb\":{\"@id\":\"https:\/\/invexo.com.br\/blog\/brecho-ipanema\/#breadcrumb\"},\"inLanguage\":\"pt-BR\",\"potentialAction\":[{\"@type\":\"ReadAction\",\"target\":[\"https:\/\/invexo.com.br\/blog\/brecho-ipanema\/\"]}]},{\"@type\":\"ImageObject\",\"inLanguage\":\"pt-BR\",\"@id\":\"https:\/\/invexo.com.br\/blog\/brecho-ipanema\/#primaryimage\",\"url\":\"https:\/\/invexo.com.br\/blog\/wp-content\/uploads\/2022\/08\/arara-brecho-ipanema-rio-de-janeiro.jpg\",\"contentUrl\":\"https:\/\/invexo.com.br\/blog\/wp-content\/uploads\/2022\/08\/arara-brecho-ipanema-rio-de-janeiro.jpg\",\"width\":1280,\"height\":720,\"caption\":\"Arara Brech\u00f3 Ipanema Rio de Janeiro\"},{\"@type\":\"BreadcrumbList\",\"@id\":\"https:\/\/invexo.com.br\/blog\/brecho-ipanema\/#breadcrumb\",\"itemListElement\":[{\"@type\":\"ListItem\",\"position\":1,\"name\":\"Blog\",\"item\":\"https:\/\/invexo.com.br\/blog\/\"},{\"@type\":\"ListItem\",\"position\":2,\"name\":\"Bairros\",\"item\":\"https:\/\/invexo.com.br\/blog\/categoria\/bairros\/\"},{\"@type\":\"ListItem\",\"position\":3,\"name\":\"Brech\u00f3 Ipanema \u2013 Luxo, acess\u00f3rios, roupas e muito mais\"}]},{\"@type\":\"WebSite\",\"@id\":\"https:\/\/invexo.com.br\/blog\/#website\",\"url\":\"https:\/\/invexo.com.br\/blog\/\",\"name\":\"Not\u00edcias RJ\",\"description\":\"Not\u00edcias sobre im\u00f3veis, financiamento, mercado imobili\u00e1rio do Rio de Janeiro. Informa\u00e7\u00f5es sobre Bairros, Condom\u00ednios e Regi\u00e3o do Rio de Janeiro.\",\"publisher\":{\"@id\":\"https:\/\/invexo.com.br\/blog\/#organization\"},\"potentialAction\":[{\"@type\":\"SearchAction\",\"target\":{\"@type\":\"EntryPoint\",\"urlTemplate\":\"https:\/\/invexo.com.br\/blog\/?s={search_term_string}\"},\"query-input\":{\"@type\":\"PropertyValueSpecification\",\"valueRequired\":true,\"valueName\":\"search_term_string\"}}],\"inLanguage\":\"pt-BR\"},{\"@type\":\"Organization\",\"@id\":\"https:\/\/invexo.com.br\/blog\/#organization\",\"name\":\"INVEXO Imobili\u00e1ria\",\"url\":\"https:\/\/invexo.com.br\/blog\/\",\"logo\":{\"@type\":\"ImageObject\",\"inLanguage\":\"pt-BR\",\"@id\":\"https:\/\/invexo.com.br\/blog\/#\/schema\/logo\/image\/\",\"url\":\"https:\/\/invexo.com.br\/blog\/wp-content\/uploads\/2018\/09\/invexo-80-melhor.png\",\"contentUrl\":\"https:\/\/invexo.com.br\/blog\/wp-content\/uploads\/2018\/09\/invexo-80-melhor.png\",\"width\":247,\"height\":80,\"caption\":\"INVEXO Imobili\u00e1ria\"},\"image\":{\"@id\":\"https:\/\/invexo.com.br\/blog\/#\/schema\/logo\/image\/\"},\"sameAs\":[\"https:\/\/facebook.com\/invexo\",\"https:\/\/x.com\/invexoimoveis\"]},{\"@type\":\"Person\",\"@id\":\"https:\/\/invexo.com.br\/blog\/#\/schema\/person\/36bee32f1cfacde03dc4c9622a58778d\",\"name\":\"Ronnie Possatti\",\"image\":{\"@type\":\"ImageObject\",\"inLanguage\":\"pt-BR\",\"@id\":\"https:\/\/invexo.com.br\/blog\/#\/schema\/person\/image\/\",\"url\":\"https:\/\/secure.gravatar.com\/avatar\/51a6cdcc215551235c39affb853f1e38?s=96&d=blank&r=g\",\"contentUrl\":\"https:\/\/secure.gravatar.com\/avatar\/51a6cdcc215551235c39affb853f1e38?s=96&d=blank&r=g\",\"caption\":\"Ronnie Possatti\"},\"description\":\"Equipe de especialistas que traz para seus leitores conte\u00fados relevantes e de qualidade sobre bairros, condom\u00ednios, lan\u00e7amentos e not\u00edcias imobili\u00e1rias no Rio de Janeiro.\",\"sameAs\":[\"https:\/\/facebook.com\/invexo\",\"https:\/\/instagram.com\/invexo\",\"https:\/\/x.com\/https:\/\/twitter.com\/invexoimoveis\"],\"url\":\"https:\/\/invexo.com.br\/blog\/author\/invexo\/\"}]}<\/script>\n<!-- \/ Yoast SEO plugin. -->","yoast_head_json":{"title":"Brech\u00f3 Ipanema \u2013 Conhe\u00e7a os queridinhos do bairro carioca","description":"Se voc\u00ea ama pe\u00e7as de roupa sofisticadas e elegantes por um pre\u00e7o acess\u00edvel, conhe\u00e7a as op\u00e7\u00f5es de Brech\u00f3 em Ipanema.","robots":{"index":"index","follow":"follow","max-snippet":"max-snippet:-1","max-image-preview":"max-image-preview:large","max-video-preview":"max-video-preview:-1"},"canonical":"https:\/\/invexo.com.br\/blog\/brecho-ipanema\/","og_locale":"pt_BR","og_type":"article","og_title":"Brech\u00f3 Ipanema \u2013 Conhe\u00e7a os queridinhos do bairro carioca","og_description":"Se voc\u00ea ama pe\u00e7as de roupa sofisticadas e elegantes por um pre\u00e7o acess\u00edvel, conhe\u00e7a as op\u00e7\u00f5es de Brech\u00f3 em Ipanema.","og_url":"https:\/\/invexo.com.br\/blog\/brecho-ipanema\/","og_site_name":"Not\u00edcias RJ","article_publisher":"https:\/\/facebook.com\/invexo","article_author":"https:\/\/facebook.com\/invexo","article_published_time":"2022-09-13T20:00:00+00:00","article_modified_time":"2023-08-18T18:59:36+00:00","og_image":[{"width":1280,"height":720,"url":"https:\/\/invexo.com.br\/blog\/wp-content\/uploads\/2022\/08\/arara-brecho-ipanema-rio-de-janeiro.jpg","type":"image\/jpeg"}],"author":"Ronnie Possatti","twitter_card":"summary_large_image","twitter_creator":"@https:\/\/twitter.com\/invexoimoveis","twitter_site":"@invexoimoveis","twitter_misc":{"Escrito por":"Ronnie Possatti","Est. tempo de leitura":"9 minutos"},"schema":{"@context":"https:\/\/schema.org","@graph":[{"@type":"Article","@id":"https:\/\/invexo.com.br\/blog\/brecho-ipanema\/#article","isPartOf":{"@id":"https:\/\/invexo.com.br\/blog\/brecho-ipanema\/"},"author":{"name":"Ronnie Possatti","@id":"https:\/\/invexo.com.br\/blog\/#\/schema\/person\/36bee32f1cfacde03dc4c9622a58778d"},"headline":"Brech\u00f3 Ipanema \u2013 Luxo, acess\u00f3rios, roupas e muito mais","datePublished":"2022-09-13T20:00:00+00:00","dateModified":"2023-08-18T18:59:36+00:00","mainEntityOfPage":{"@id":"https:\/\/invexo.com.br\/blog\/brecho-ipanema\/"},"wordCount":1574,"publisher":{"@id":"https:\/\/invexo.com.br\/blog\/#organization"},"image":{"@id":"https:\/\/invexo.com.br\/blog\/brecho-ipanema\/#primaryimage"},"thumbnailUrl":"https:\/\/invexo.com.br\/blog\/wp-content\/uploads\/2022\/08\/arara-brecho-ipanema-rio-de-janeiro.jpg","keywords":["Ipanema"],"articleSection":["Bairros","Informa\u00e7\u00f5es"],"inLanguage":"pt-BR"},{"@type":"WebPage","@id":"https:\/\/invexo.com.br\/blog\/brecho-ipanema\/","url":"https:\/\/invexo.com.br\/blog\/brecho-ipanema\/","name":"Brech\u00f3 Ipanema \u2013 Conhe\u00e7a os queridinhos do bairro carioca","isPartOf":{"@id":"https:\/\/invexo.com.br\/blog\/#website"},"primaryImageOfPage":{"@id":"https:\/\/invexo.com.br\/blog\/brecho-ipanema\/#primaryimage"},"image":{"@id":"https:\/\/invexo.com.br\/blog\/brecho-ipanema\/#primaryimage"},"thumbnailUrl":"https:\/\/invexo.com.br\/blog\/wp-content\/uploads\/2022\/08\/arara-brecho-ipanema-rio-de-janeiro.jpg","datePublished":"2022-09-13T20:00:00+00:00","dateModified":"2023-08-18T18:59:36+00:00","description":"Se voc\u00ea ama pe\u00e7as de roupa sofisticadas e elegantes por um pre\u00e7o acess\u00edvel, conhe\u00e7a as op\u00e7\u00f5es de Brech\u00f3 em Ipanema.","breadcrumb":{"@id":"https:\/\/invexo.com.br\/blog\/brecho-ipanema\/#breadcrumb"},"inLanguage":"pt-BR","potentialAction":[{"@type":"ReadAction","target":["https:\/\/invexo.com.br\/blog\/brecho-ipanema\/"]}]},{"@type":"ImageObject","inLanguage":"pt-BR","@id":"https:\/\/invexo.com.br\/blog\/brecho-ipanema\/#primaryimage","url":"https:\/\/invexo.com.br\/blog\/wp-content\/uploads\/2022\/08\/arara-brecho-ipanema-rio-de-janeiro.jpg","contentUrl":"https:\/\/invexo.com.br\/blog\/wp-content\/uploads\/2022\/08\/arara-brecho-ipanema-rio-de-janeiro.jpg","width":1280,"height":720,"caption":"Arara Brech\u00f3 Ipanema Rio de Janeiro"},{"@type":"BreadcrumbList","@id":"https:\/\/invexo.com.br\/blog\/brecho-ipanema\/#breadcrumb","itemListElement":[{"@type":"ListItem","position":1,"name":"Blog","item":"https:\/\/invexo.com.br\/blog\/"},{"@type":"ListItem","position":2,"name":"Bairros","item":"https:\/\/invexo.com.br\/blog\/categoria\/bairros\/"},{"@type":"ListItem","position":3,"name":"Brech\u00f3 Ipanema \u2013 Luxo, acess\u00f3rios, roupas e muito mais"}]},{"@type":"WebSite","@id":"https:\/\/invexo.com.br\/blog\/#website","url":"https:\/\/invexo.com.br\/blog\/","name":"Not\u00edcias RJ","description":"Not\u00edcias sobre im\u00f3veis, financiamento, mercado imobili\u00e1rio do Rio de Janeiro. Informa\u00e7\u00f5es sobre Bairros, Condom\u00ednios e Regi\u00e3o do Rio de Janeiro.","publisher":{"@id":"https:\/\/invexo.com.br\/blog\/#organization"},"potentialAction":[{"@type":"SearchAction","target":{"@type":"EntryPoint","urlTemplate":"https:\/\/invexo.com.br\/blog\/?s={search_term_string}"},"query-input":{"@type":"PropertyValueSpecification","valueRequired":true,"valueName":"search_term_string"}}],"inLanguage":"pt-BR"},{"@type":"Organization","@id":"https:\/\/invexo.com.br\/blog\/#organization","name":"INVEXO Imobili\u00e1ria","url":"https:\/\/invexo.com.br\/blog\/","logo":{"@type":"ImageObject","inLanguage":"pt-BR","@id":"https:\/\/invexo.com.br\/blog\/#\/schema\/logo\/image\/","url":"https:\/\/invexo.com.br\/blog\/wp-content\/uploads\/2018\/09\/invexo-80-melhor.png","contentUrl":"https:\/\/invexo.com.br\/blog\/wp-content\/uploads\/2018\/09\/invexo-80-melhor.png","width":247,"height":80,"caption":"INVEXO Imobili\u00e1ria"},"image":{"@id":"https:\/\/invexo.com.br\/blog\/#\/schema\/logo\/image\/"},"sameAs":["https:\/\/facebook.com\/invexo","https:\/\/x.com\/invexoimoveis"]},{"@type":"Person","@id":"https:\/\/invexo.com.br\/blog\/#\/schema\/person\/36bee32f1cfacde03dc4c9622a58778d","name":"Ronnie Possatti","image":{"@type":"ImageObject","inLanguage":"pt-BR","@id":"https:\/\/invexo.com.br\/blog\/#\/schema\/person\/image\/","url":"https:\/\/secure.gravatar.com\/avatar\/51a6cdcc215551235c39affb853f1e38?s=96&d=blank&r=g","contentUrl":"https:\/\/secure.gravatar.com\/avatar\/51a6cdcc215551235c39affb853f1e38?s=96&d=blank&r=g","caption":"Ronnie Possatti"},"description":"Equipe de especialistas que traz para seus leitores conte\u00fados relevantes e de qualidade sobre bairros, condom\u00ednios, lan\u00e7amentos e not\u00edcias imobili\u00e1rias no Rio de Janeiro.","sameAs":["https:\/\/facebook.com\/invexo","https:\/\/instagram.com\/invexo","https:\/\/x.com\/https:\/\/twitter.com\/invexoimoveis"],"url":"https:\/\/invexo.com.br\/blog\/author\/invexo\/"}]}},"taxonomy_info":{"category":[{"value":10,"label":"Bairros"},{"value":15,"label":"Informa\u00e7\u00f5es"}],"post_tag":[{"value":635,"label":"Ipanema"}]},"featured_image_src_large":["https:\/\/invexo.com.br\/blog\/wp-content\/uploads\/2022\/08\/arara-brecho-ipanema-rio-de-janeiro-1024x576.jpg",1024,576,true],"author_info":{"display_name":"Ronnie Possatti","author_link":"https:\/\/invexo.com.br\/blog\/author\/invexo\/"},"comment_info":0,"category_info":[{"term_id":10,"name":"Bairros","slug":"bairros","term_group":0,"term_taxonomy_id":10,"taxonomy":"category","description":"Not\u00edcias sobre estabelecimentos nos melhores bairros para se morar no Rio de Janeiro.","parent":0,"count":1354,"filter":"raw","cat_ID":10,"category_count":1354,"category_description":"Not\u00edcias sobre estabelecimentos nos melhores bairros para se morar no Rio de Janeiro.","cat_name":"Bairros","category_nicename":"bairros","category_parent":0},{"term_id":15,"name":"Informa\u00e7\u00f5es","slug":"informacoes","term_group":0,"term_taxonomy_id":15,"taxonomy":"category","description":"Informa\u00e7\u00f5es, experi\u00eancia nos melhores estabelecimentos em bairros nobres para se viver no Rio de Janeiro. Tudo sobre cultura, entretenimento e lazer.","parent":0,"count":1297,"filter":"raw","cat_ID":15,"category_count":1297,"category_description":"Informa\u00e7\u00f5es, experi\u00eancia nos melhores estabelecimentos em bairros nobres para se viver no Rio de Janeiro. Tudo sobre cultura, entretenimento e lazer.","cat_name":"Informa\u00e7\u00f5es","category_nicename":"informacoes","category_parent":0}],"tag_info":[{"term_id":635,"name":"Ipanema","slug":"ipanema","term_group":0,"term_taxonomy_id":635,"taxonomy":"post_tag","description":"","parent":0,"count":359,"filter":"raw"}],"_links":{"self":[{"href":"https:\/\/invexo.com.br\/blog\/wp-json\/wp\/v2\/posts\/29525"}],"collection":[{"href":"https:\/\/invexo.com.br\/blog\/wp-json\/wp\/v2\/posts"}],"about":[{"href":"https:\/\/invexo.com.br\/blog\/wp-json\/wp\/v2\/types\/post"}],"author":[{"embeddable":true,"href":"https:\/\/invexo.com.br\/blog\/wp-json\/wp\/v2\/users\/2"}],"replies":[{"embeddable":true,"href":"https:\/\/invexo.com.br\/blog\/wp-json\/wp\/v2\/comments?post=29525"}],"version-history":[{"count":3,"href":"https:\/\/invexo.com.br\/blog\/wp-json\/wp\/v2\/posts\/29525\/revisions"}],"predecessor-version":[{"id":41107,"href":"https:\/\/invexo.com.br\/blog\/wp-json\/wp\/v2\/posts\/29525\/revisions\/41107"}],"wp:featuredmedia":[{"embeddable":true,"href":"https:\/\/invexo.com.br\/blog\/wp-json\/wp\/v2\/media\/29620"}],"wp:attachment":[{"href":"https:\/\/invexo.com.br\/blog\/wp-json\/wp\/v2\/media?parent=29525"}],"wp:term":[{"taxonomy":"category","embeddable":true,"href":"https:\/\/invexo.com.br\/blog\/wp-json\/wp\/v2\/categories?post=29525"},{"taxonomy":"post_tag","embeddable":true,"href":"https:\/\/invexo.com.br\/blog\/wp-json\/wp\/v2\/tags?post=29525"}],"curies":[{"name":"wp","href":"https:\/\/api.w.org\/{rel}","templated":true}]}}