{"id":29439,"date":"2022-09-08T17:00:00","date_gmt":"2022-09-08T20:00:00","guid":{"rendered":"https:\/\/invexo.com.br\/blog\/?p=29439"},"modified":"2022-11-07T13:33:23","modified_gmt":"2022-11-07T16:33:23","slug":"jaime-aroxa-ipanema","status":"publish","type":"post","link":"https:\/\/invexo.com.br\/blog\/jaime-aroxa-ipanema\/","title":{"rendered":"Jaime Aroxa Ipanema \u2013 A renomada escola de dan\u00e7a no Rio"},"content":{"rendered":"\n<p>Se voc\u00ea \u00e9 apaixonado por dan\u00e7a e est\u00e1 em busca de uma excelente escola para desenvolver seu talento, a Jaime Aroxa Ipanema \u00e9 a melhor op\u00e7\u00e3o.<\/p>\n\n\n\n<p>Sua infraestrutura \u00e9 elegante e conta com um espa\u00e7o amplo, destinado para os alunos desenvolverem suas habilidades da melhor forma poss\u00edvel.&nbsp;<\/p>\n\n\n\n<!--more-->\n\n\n\n<p>As aulas s\u00e3o din\u00e2micas e divertidas, podendo ser praticadas de forma individual ou em grupo, de acordo com o m\u00e9todo de prefer\u00eancia do estudante. A grade \u00e9 desenvolvida para que o aluno aprenda e se desenvolva de acordo com a proposta de uma das modalidades escolhidas.<\/p>\n\n\n\n<p>Assim, visando oferecer o melhor ensino do mercado, a escola conta com diversas modalidades de dan\u00e7a, como samba, bolero, forr\u00f3, tango, salsa e muito mais. <\/p>\n\n\n\n<p>E, para ministrar as aulas, a academia Jaime Aroxa Ipanema conta com incr\u00edveis profissionais que possuem ampla bagagem no mundo da dan\u00e7a.<strong>\u00a0<\/strong><\/p>\n\n\n\n<p>Al\u00e9m de ser uma \u00f3tima op\u00e7\u00e3o para aqueles que s\u00e3o apaixonados pelas modalidades, a pr\u00e1tica da dan\u00e7a traz uma s\u00e9rie de benef\u00edcios para a sua sa\u00fade f\u00edsica e mental.<\/p>\n\n\n\n<p>Dessa forma, na academia Jaime Aroxa Ipanema, voc\u00ea pode desenvolver suas habilidades de dan\u00e7arino enquanto convive em um ambiente acolhedor e renomado.<\/p>\n\n\n\n<h2 class=\"wp-block-heading\">Escola de dan\u00e7a em Ipanema<\/h2>\n\n\n\n<p>A escola de dan\u00e7a Jaime Aroxa em Ipanema foca em proporcionar aos seus alunos os melhores ensinamentos e treinamentos do mercado. Assim, \u00e9 poss\u00edvel encontrar grandes nomes do ramo ministrando as aulas, como Lucilene Leite, Leandro Concei\u00e7\u00e3o e Wellington Leite.<\/p>\n\n\n\n<p>A academia conta com diversas modalidades de dan\u00e7a em sua grade curricular, como Salsa, Tango e Zouk. Dessa forma, cabe ao seu gosto decidir em qual modalidade quer iniciar ou qual delas deseja aprimorar.<\/p>\n\n\n\n<p>A dan\u00e7a, al\u00e9m de ser uma forma de express\u00e3o art\u00edstica, ainda traz uma s\u00e9rie de benef\u00edcios para o corpo e para a mente. Assim, ela \u00e9 uma \u00f3tima op\u00e7\u00e3o para quem n\u00e3o gosta, ou n\u00e3o pode praticar exerc\u00edcios de grande impacto, como futebol, t\u00eanis ou corrida.<\/p>\n\n\n\n<p>Al\u00e9m disso, n\u00e3o existe limite de idade para dan\u00e7ar e, por isso, \u00e9 uma atividade que pode ter in\u00edcio na inf\u00e2ncia ou na fase adulta.<\/p>\n\n\n\n<p>A escola de dan\u00e7a <a href=\"https:\/\/www.instagram.com\/jaimearoxa\/?hl=pt\" target=\"_blank\" rel=\"noreferrer noopener\">Jaime Ar\u00f4xa<\/a> \u00e9 perfeita para quem busca desenvolver suas habilidades de dan\u00e7a em diversas modalidades. A academia ainda conta com um projeto incr\u00edvel que disponibiliza diversas bolsas de estudos.<\/p>\n\n\n\n<p>Assim, os amantes de dan\u00e7a que possuem baixa renda financeira tamb\u00e9m podem aprender com uma das melhores escolas de Ipanema.<\/p>\n\n\n\n<p>Al\u00e9m de integrar diversas escolas de dan\u00e7a, o bairro de Ipanema<strong> <\/strong>tamb\u00e9m \u00e9 destino daqueles que optam por viver com luxo na cidade do Rio de Janeiro.<\/p>\n\n\n\n<p>Oportunidades \u00fanicas de im\u00f3veis em Ipanema! Fa\u00e7a parte do nosso\u00a0<strong><a href=\"https:\/\/whatsapp.com\/channel\/0029VaBTv8v8F2pN1nbKfn0a\">canal exclusivo no WhatsApp<\/a><\/strong>\u00a0e tenha acesso antecipado aos im\u00f3veis \u00e0 venda na regi\u00e3o com a maior demanda do Rio de Janeiro.<\/p>\n\n\n<div class=\"\"><div class='_form_6'><\/div><script type='text\/javascript' src='https:\/\/invexo.activehosted.com\/f\/embed.php?static=0&id=6&69F0CE41ED7D8&nostyles=0&preview=0'><\/script><\/div>\n\n\n<p><\/p>\n\n\n\n<p>S\u00e3o diversos os lan\u00e7amentos residenciais e im\u00f3veis prontos em Ipanema, tais como o <a href=\"https:\/\/invexo.com.br\/lancamento\/helo-ipanema\/\" target=\"_blank\" rel=\"noreferrer noopener\">Helo Ipanema<\/a>! Com acabamentos de alto padr\u00e3o e infraestrutura completa, Ipanema \u00e9 um dos bairros com os melhores im\u00f3veis de luxo do Rio de Janeiro. Conhe\u00e7a agora mesmo os melhores <a href=\"https:\/\/luxury.invexo.com.br\/bairro\/ipanema\/?utm_source=blog&amp;utm_medium=blocomeio\" target=\"_blank\" rel=\"noreferrer noopener\">im\u00f3veis de luxo \u00e0 venda em Ipanema<\/a>!<\/p>\n\n\n\n<figure class=\"wp-block-image size-full\"><a href=\"https:\/\/luxury.invexo.com.br\/bairro\/ipanema\/?utm_source=blog&amp;utm_medium=blocomeio\" target=\"_blank\" rel=\"noopener\"><img decoding=\"async\" width=\"1300\" height=\"280\" src=\"https:\/\/invexo.com.br\/blog\/wp-content\/uploads\/2022\/08\/imoveis-residenciais-ipanema-rio-de-janeiro-rj-calcadao-de-ipanema.jpg\" alt=\"Im\u00f3veis de luxo \u00e0 venda em Ipanema RJ\" class=\"wp-image-28981\" srcset=\"https:\/\/invexo.com.br\/blog\/wp-content\/uploads\/2022\/08\/imoveis-residenciais-ipanema-rio-de-janeiro-rj-calcadao-de-ipanema.jpg 1300w, https:\/\/invexo.com.br\/blog\/wp-content\/uploads\/2022\/08\/imoveis-residenciais-ipanema-rio-de-janeiro-rj-calcadao-de-ipanema-300x65.jpg 300w, https:\/\/invexo.com.br\/blog\/wp-content\/uploads\/2022\/08\/imoveis-residenciais-ipanema-rio-de-janeiro-rj-calcadao-de-ipanema-1024x221.jpg 1024w, https:\/\/invexo.com.br\/blog\/wp-content\/uploads\/2022\/08\/imoveis-residenciais-ipanema-rio-de-janeiro-rj-calcadao-de-ipanema-768x165.jpg 768w\" sizes=\"(max-width: 1300px) 100vw, 1300px\" \/><\/a><\/figure>\n\n\n\n<h3 class=\"wp-block-heading\">Quem \u00e9 Jaime Ar\u00f4xa<\/h3>\n\n\n\n<p>Jaime Ar\u00f4xa, nascido em Recife em 15 de abril de 1961, \u00e9 um bailarino, dan\u00e7arino, core\u00f3grafo e professor brasileiro, considerado um dos maiores profissionais da dan\u00e7a no Brasil.<\/p>\n\n\n\n<p>Sua trajet\u00f3ria foi marcada por diversas conquistas no mundo da dan\u00e7a brasileira. Paralelamente a sua vida de professor, Jaime coreografava pe\u00e7as, filmes, novelas, shows, dentre outros.<\/p>\n\n\n\n<p>Em 1986, o bailarino montou sua pr\u00f3pria escola de dan\u00e7a, e a partir da\u00ed foi uma conquista atr\u00e1s da outra. Por volta de 1990, Jaime coreografou e dan\u00e7ou em seu primeiro trabalho para a televis\u00e3o na abertura da novela Kananga do Jap\u00e3o, da extinta Rede Manchete.<\/p>\n\n\n\n<p>Tal trabalho lhe rendeu proje\u00e7\u00e3o nacional, o que proporcionou diversos outros trabalhos e convites para o teatro e a televis\u00e3o.<\/p>\n\n\n\n<p>E, com o intuito de evoluir no mercado, Jaime continuou adquirindo experi\u00eancia, estudando salsa em Cuba e Costa Rica, atrav\u00e9s de um programa de interc\u00e2mbio na Escola Nacional de Cuba.<\/p>\n\n\n\n<p>Al\u00e9m da dan\u00e7a, o Ar\u00f4xa faz palestras para os mais diversos setores, como fisioterapia, educa\u00e7\u00e3o f\u00edsica, did\u00e1tica e lideran\u00e7a. Em suas palestras s\u00e3o desenvolvidos v\u00e1rios temas que utilizam antropologia, filosofia e a experi\u00eancia de vida do artista.<\/p>\n\n\n\n<p>Dentre suas diversas conquistas, a que mais se destaca \u00e9 o pr\u00eamio Estandarte de Ouro, recebido em 2011 no t\u00edtulo de Melhor Comiss\u00e3o de Frente, performado pela escola de samba Mangueira.<\/p>\n\n\n\n<h2 class=\"wp-block-heading\">Aulas de dan\u00e7a Jaime Aroxa Ipanema<\/h2>\n\n\n\n<p>A escola Jaime Aroxa Ipanema conta com diversas modalidades de aulas de dan\u00e7a em sua grade.<\/p>\n\n\n\n<p>Afinal, a dan\u00e7a \u00e9 um tipo de esporte que pode ser praticado de diversas formas e em v\u00e1rios estilos, existindo uma modalidade diferente para quase todas as pessoas, de acordo com suas prefer\u00eancias.<\/p>\n\n\n\n<figure class=\"wp-block-image size-large\"><a href=\"https:\/\/luxury.invexo.com.br\/bairro\/ipanema\/\" target=\"_blank\" rel=\"noreferrer noopener\"><img decoding=\"async\" width=\"1024\" height=\"576\" src=\"https:\/\/invexo.com.br\/blog\/wp-content\/uploads\/2022\/08\/studio-jaime-aroxa-ipanema-rio-de-janeiro-1024x576.jpg\" alt=\"Studio Jaime Aroxa Ipanema Rio de Janeiro\" class=\"wp-image-29578\" srcset=\"https:\/\/invexo.com.br\/blog\/wp-content\/uploads\/2022\/08\/studio-jaime-aroxa-ipanema-rio-de-janeiro-1024x576.jpg 1024w, https:\/\/invexo.com.br\/blog\/wp-content\/uploads\/2022\/08\/studio-jaime-aroxa-ipanema-rio-de-janeiro-300x169.jpg 300w, https:\/\/invexo.com.br\/blog\/wp-content\/uploads\/2022\/08\/studio-jaime-aroxa-ipanema-rio-de-janeiro-768x432.jpg 768w, https:\/\/invexo.com.br\/blog\/wp-content\/uploads\/2022\/08\/studio-jaime-aroxa-ipanema-rio-de-janeiro.jpg 1280w\" sizes=\"(max-width: 1024px) 100vw, 1024px\" \/><\/a><\/figure>\n\n\n\n<p>Assim, fica f\u00e1cil encontrar uma modalidade na escola Ar\u00f4xa Ipanema que se adeque ao seu gosto. As modalidades de dan\u00e7a disponibilizadas na Jaime Aroxa Ipanema s\u00e3o:<\/p>\n\n\n\n<ul><li>Samba de Gafieira;<\/li><li>Bolero;<\/li><li>Samba no P\u00e9;<\/li><li>Soltinho;<\/li><li>Forr\u00f3;<\/li><li>Salsa;<\/li><li>Tango;<\/li><li>E Zouk.<\/li><\/ul>\n\n\n\n<p>Al\u00e9m dos cursos regulares, a escola tamb\u00e9m oferece diversos servi\u00e7os, como aulas particulares individuais ou em grupo, coreografias para casamento, bodas e festas de 15 anos e anima\u00e7\u00f5es para eventos.<\/p>\n\n\n\n<h3 class=\"wp-block-heading\">Jaime Aroxa Ipanema Samba de gafieira<\/h3>\n\n\n\n<p>O samba de gafieira \u00e9 uma dan\u00e7a popular que tem o g\u00eanero musical derivados de ritmos e melodias de ra\u00edzes africanas, como o Lundu e o Batuque.<\/p>\n\n\n\n<p>Assim, ele \u00e9 tocado tradicionalmente por instrumentos de cordas, como cavaquinho e diversos tipos de viol\u00e3o. Como g\u00eanero musical urbano, o samba nasceu e se desenvolveu no Rio de Janeiro nas primeiras d\u00e9cadas do s\u00e9culo XX.<\/p>\n\n\n\n<p>Vindo das mesmas origens, o samba gafieira se consolidou como um estilo bem dan\u00e7ado e alinhado que imprime bastante gingado. Dentre as principais atitudes presentes no dan\u00e7arino de samba de gafieira, destacam-se as seguintes:<\/p>\n\n\n\n<ul><li>Malandragem;<\/li><li>Prote\u00e7\u00e3o;<\/li><li>Exposi\u00e7\u00e3o a situa\u00e7\u00f5es surpresa;<\/li><li>Eleg\u00e2ncia;<\/li><li>Ritmo;<\/li><li>E muito mais.<\/li><\/ul>\n\n\n\n<p>No momento da dan\u00e7a, o homem deve conduzir a dama pelo sal\u00e3o, de acordo com a proposta do ritmo musical. Assim, o homem segue a ideia de sempre proteger sua dama, dando a ela espa\u00e7o para que ela possa se exibir para ele e para o baile inteiro ao seu redor.<\/p>\n\n\n\n<p>Essa tamb\u00e9m era um meio usado na origem da dan\u00e7a para impedir a aproxima\u00e7\u00e3o de qualquer outro homem que cogitasse pux\u00e1-la para dan\u00e7ar.<\/p>\n\n\n\n<h3 class=\"wp-block-heading\">Bolero e tango<\/h3>\n\n\n\n<p>O bolero \u00e9 uma modalidade de dan\u00e7a que possui uma origem nebulosa, normalmente explicada por diversas teorias que, em sua maioria, apontam seu surgimento na Europa, passando pela Fran\u00e7a e Espanha com nomes variados.<\/p>\n\n\n\n<p>O seu estilo consiste em movimentos suaves, tendo como caracter\u00edstica a t\u00edpica dan\u00e7a realizada por pares. Musicalmente, o bolero nos dias de hoje pode ser dan\u00e7ado nos seguintes ritmos:<\/p>\n\n\n\n<ul><li>Boleros castelhanos;<\/li><li>MPB\u2019s;<\/li><li>Lentinhas internacionais;<\/li><li>Sertanejos;<\/li><li>Sambas rom\u00e2nticos;<\/li><li>Entre outros.<\/li><\/ul>\n\n\n\n<p>No Brasil o processo de aprendizagem das escolas de dan\u00e7a no formato Jaime Ar\u00f4xa, utilizam o Bolero como dan\u00e7a que auxilia o desenvolvimento do aluno, para posteriormente inseri-lo em dan\u00e7as como o Zouk, Salsa, entre outras.<\/p>\n\n\n\n<figure class=\"wp-block-embed is-type-video is-provider-youtube wp-block-embed-youtube wp-embed-aspect-16-9 wp-has-aspect-ratio\"><div class=\"wp-block-embed__wrapper\">\n<iframe title=\"Jaime Ar\u00f4xa - Bolero\" width=\"720\" height=\"405\" src=\"https:\/\/www.youtube.com\/embed\/ZMfSbUK4rk4?feature=oembed\" frameborder=\"0\" allow=\"accelerometer; autoplay; clipboard-write; encrypted-media; gyroscope; picture-in-picture\" allowfullscreen><\/iframe>\n<\/div><\/figure>\n\n\n\n<p>Isso acontece devido a musicalidade ser de f\u00e1cil interpreta\u00e7\u00e3o, e por isso ajuda o aluno a fazer a conex\u00e3o entre dan\u00e7a e m\u00fasica. J\u00e1 o tango, assim como a salsa, \u00e9 uma dan\u00e7a em par, mas tamb\u00e9m \u00e9 considerado um estilo musical, com forma bin\u00e1ria e compasso de dois por quatro.<\/p>\n\n\n\n<p>A origem do tango encontra-se na \u00e1rea do Rio da Prata, nas cidades de Buenos Aires e Montevid\u00e9o. A palavra tango possu\u00eda o significado de \u201creuni\u00e3o de negros para bailar ao som do tambor\u201d.<\/p>\n\n\n\n<p>E, ao contr\u00e1rio do que comumente se pensa, o tango requer uma completa dissocia\u00e7\u00e3o dos membros do corpo, e n\u00e3o rigidez de movimentos. Dessa forma, a modalidade de dan\u00e7a \u00e9 popularmente conhecida como a dan\u00e7a do abra\u00e7o, do conforto e da sensualidade.<\/p>\n\n\n\n<h3 class=\"wp-block-heading\">Soltinho e forr\u00f3<\/h3>\n\n\n\n<p>O Soltinho \u00e9 um tipo de dan\u00e7a influenciada pelos ritmos americanos fox-trot e twist, bastante populares nos anos 30. Seu estilo permite uma grande dose de improvisa\u00e7\u00e3o, al\u00e9m de transmitir alegria e espontaneidade atrav\u00e9s de seus movimentos.<\/p>\n\n\n\n<p>J\u00e1 o forr\u00f3, designado popularmente dos bailes frequentados e promovidos por migrantes nordestinos, teve origem nas festas oferecidas pelos ingleses aos empregados que constru\u00edam as estradas de ferro.<\/p>\n\n\n\n<p>Dentre os principais benef\u00edcios do forr\u00f3, destacam-se os seguintes:<\/p>\n\n\n\n<ul><li>Perda de calorias;<\/li><li>Fortalecimento dos m\u00fasculos;<\/li><li>Diminui\u00e7\u00e3o do estresse;<\/li><li>E muito mais.<\/li><\/ul>\n\n\n\n<p>Uma das principais caracter\u00edsticas do forr\u00f3 \u00e9 o ato de arrastar os p\u00e9s durante a dan\u00e7a realizada por casais, prevalecendo a sensualidade.<\/p>\n\n\n\n<h2 class=\"wp-block-heading\">Endere\u00e7o da escola Jaime Aroxa em Ipanema<\/h2>\n\n\n\n<p>O bairro de Ipanema \u00e9 popularmente conhecido por esbanjar uma das melhores infraestruturas da Zona Sul do Rio de Janeiro.<\/p>\n\n\n\n<p>Afinal, morar em Ipanema \u00e9 sin\u00f4nimo de viver com conforto e tranquilidade, em uma \u00e1rea repleta de estabelecimentos renomados e paisagens bel\u00edssimas.<\/p>\n\n\n\n<p>Al\u00e9m disso, o bairro conta com diversos servi\u00e7os focados no rumo art\u00edstico, como a escola de dan\u00e7a Jaime Aroxa e demais estabelecimentos aos arredores.<\/p>\n\n\n\n<p><strong>Endere\u00e7o:<\/strong> Rua Visconde de Piraj\u00e1, 452, Sala 208, Ipanema, Rio de Janeiro.<br><strong>Hor\u00e1rio de Funcionamento:<\/strong> De segunda a sexta, das 09h \u00e0s 22h, e aos s\u00e1bados, das 07h \u00e0s 21h.<\/p>\n\n\n\n<p>Ao redor da escola de dan\u00e7a, por exemplo, \u00e9 poss\u00edvel encontrar a loja <a href=\"https:\/\/invexo.com.br\/blog\/louis-vuitton-ipanema\/\" target=\"_blank\" rel=\"noreferrer noopener\">Louis Vuitton Ipanema<\/a>, Clube Melissa, <a href=\"https:\/\/invexo.com.br\/blog\/quartier-ipanema\/\" target=\"_blank\" rel=\"noreferrer noopener\">Edif\u00edcio Quartier Ipanema<\/a>, <a href=\"https:\/\/invexo.com.br\/blog\/hstern-ipanema\/\" target=\"_blank\" rel=\"noreferrer noopener\">HStern Ipanema<\/a>, entre outros.<\/p>\n\n\n\n<p>E, para facilitar a locomo\u00e7\u00e3o de seus frequentadores, sua \u00e1rea conta com vias amplas, pontos de \u00f4nibus e esta\u00e7\u00f5es de metr\u00f4. O bairro de Ipanema ainda \u00e9 aclamado por integrar os melhores im\u00f3veis de luxo do Rio, donos de arquiteturas \u00fanicas e deslumbrantes.<\/p>\n\n\n\n<div class=\"wp-block-group\"><div class=\"wp-block-group__inner-container is-layout-flow wp-block-group-is-layout-flow\">\n<p>Oportunidades \u00fanicas de im\u00f3veis em Ipanema! Fa\u00e7a parte do nosso&nbsp;<strong><a href=\"https:\/\/whatsapp.com\/channel\/0029VaBTv8v8F2pN1nbKfn0a\">canal exclusivo no WhatsApp<\/a><\/strong>&nbsp;e tenha acesso antecipado aos im\u00f3veis \u00e0 venda na regi\u00e3o com a maior demanda do Rio de Janeiro.<\/p>\n\n\n<div class=\"\"><div class='_form_6'><\/div><script type='text\/javascript' src='https:\/\/invexo.activehosted.com\/f\/embed.php?static=0&id=6&69F0CE41ED7FD&nostyles=0&preview=0'><\/script><\/div>\n\n\n<p><\/p>\n\n\n\n<p>Ipanema, localizada na Zona Sul carioca, \u00e9 um dos melhores e mais nobres bairros para se viver no Rio de Janeiro. Conhe\u00e7a hoje mesmo os <a href=\"https:\/\/luxury.invexo.com.br\/bairro\/ipanema\/?utm_source=blog&amp;utm_medium=blocofim\" target=\"_blank\" rel=\"noreferrer noopener\">im\u00f3veis residenciais de luxo em Ipanema<\/a> com a INVEXO, imobili\u00e1ria especializada em im\u00f3veis de luxo no Rio de Janeiro.<\/p>\n\n\n\n<figure class=\"wp-block-image size-full\"><a href=\"https:\/\/luxury.invexo.com.br\/bairro\/ipanema\/?utm_source=blog&amp;utm_medium=blocofim\" target=\"_blank\" rel=\"noopener\"><img decoding=\"async\" width=\"1300\" height=\"280\" src=\"https:\/\/invexo.com.br\/blog\/wp-content\/uploads\/2022\/08\/imoveis-residenciais-ipanema-rio-de-janeiro-rj-calcadao-de-ipanema.jpg\" alt=\"Im\u00f3veis de luxo \u00e0 venda em Ipanema RJ\" class=\"wp-image-28981\" srcset=\"https:\/\/invexo.com.br\/blog\/wp-content\/uploads\/2022\/08\/imoveis-residenciais-ipanema-rio-de-janeiro-rj-calcadao-de-ipanema.jpg 1300w, https:\/\/invexo.com.br\/blog\/wp-content\/uploads\/2022\/08\/imoveis-residenciais-ipanema-rio-de-janeiro-rj-calcadao-de-ipanema-300x65.jpg 300w, https:\/\/invexo.com.br\/blog\/wp-content\/uploads\/2022\/08\/imoveis-residenciais-ipanema-rio-de-janeiro-rj-calcadao-de-ipanema-1024x221.jpg 1024w, https:\/\/invexo.com.br\/blog\/wp-content\/uploads\/2022\/08\/imoveis-residenciais-ipanema-rio-de-janeiro-rj-calcadao-de-ipanema-768x165.jpg 768w\" sizes=\"(max-width: 1300px) 100vw, 1300px\" \/><\/a><\/figure>\n<\/div><\/div>\n","protected":false},"excerpt":{"rendered":"<p>A escola Jaime Aroxa em Ipanema est\u00e1 aberta e conta com aulas samba de gafieira, bolero, tango, soltinho, forr\u00f3 e muito mais! Conhe\u00e7a.<\/p>\n","protected":false},"author":2,"featured_media":29577,"comment_status":"closed","ping_status":"closed","sticky":false,"template":"","format":"standard","meta":{"_acf_changed":false,"_kad_blocks_custom_css":"","_kad_blocks_head_custom_js":"","_kad_blocks_body_custom_js":"","_kad_blocks_footer_custom_js":"","_kadence_starter_templates_imported_post":false,"_kad_post_transparent":"","_kad_post_title":"","_kad_post_layout":"","_kad_post_sidebar_id":"","_kad_post_content_style":"","_kad_post_vertical_padding":"","_kad_post_feature":"","_kad_post_feature_position":"","_kad_post_header":false,"_kad_post_footer":false,"footnotes":""},"categories":[10,15],"tags":[635],"acf":[],"yoast_head":"<!-- This site is optimized with the Yoast SEO plugin v24.1 - https:\/\/yoast.com\/wordpress\/plugins\/seo\/ -->\n<title>Jaime Aroxa Ipanema \u2013 Conhe\u00e7a a escola de dan\u00e7a<\/title>\n<meta name=\"description\" content=\"A escola Jaime Aroxa em Ipanema est\u00e1 aberta e conta com aulas samba de gafieira, bolero, tango, soltinho, forr\u00f3 e muito mais! Conhe\u00e7a.\" \/>\n<meta name=\"robots\" content=\"index, follow, max-snippet:-1, max-image-preview:large, max-video-preview:-1\" \/>\n<link rel=\"canonical\" href=\"https:\/\/invexo.com.br\/blog\/jaime-aroxa-ipanema\/\" \/>\n<meta property=\"og:locale\" content=\"pt_BR\" \/>\n<meta property=\"og:type\" content=\"article\" \/>\n<meta property=\"og:title\" content=\"Jaime Aroxa Ipanema \u2013 Conhe\u00e7a a escola de dan\u00e7a\" \/>\n<meta property=\"og:description\" content=\"A escola Jaime Aroxa em Ipanema est\u00e1 aberta e conta com aulas samba de gafieira, bolero, tango, soltinho, forr\u00f3 e muito mais! Conhe\u00e7a.\" \/>\n<meta property=\"og:url\" content=\"https:\/\/invexo.com.br\/blog\/jaime-aroxa-ipanema\/\" \/>\n<meta property=\"og:site_name\" content=\"Not\u00edcias RJ\" \/>\n<meta property=\"article:publisher\" content=\"https:\/\/facebook.com\/invexo\" \/>\n<meta property=\"article:author\" content=\"https:\/\/facebook.com\/invexo\" \/>\n<meta property=\"article:published_time\" content=\"2022-09-08T20:00:00+00:00\" \/>\n<meta property=\"article:modified_time\" content=\"2022-11-07T16:33:23+00:00\" \/>\n<meta property=\"og:image\" content=\"https:\/\/invexo.com.br\/blog\/wp-content\/uploads\/2022\/08\/danca-jaime-aroxa-ipanema-rio-de-janeiro.jpg\" \/>\n\t<meta property=\"og:image:width\" content=\"1280\" \/>\n\t<meta property=\"og:image:height\" content=\"720\" \/>\n\t<meta property=\"og:image:type\" content=\"image\/jpeg\" \/>\n<meta name=\"author\" content=\"Ronnie Possatti\" \/>\n<meta name=\"twitter:card\" content=\"summary_large_image\" \/>\n<meta name=\"twitter:creator\" content=\"@https:\/\/twitter.com\/invexoimoveis\" \/>\n<meta name=\"twitter:site\" content=\"@invexoimoveis\" \/>\n<meta name=\"twitter:label1\" content=\"Escrito por\" \/>\n\t<meta name=\"twitter:data1\" content=\"Ronnie Possatti\" \/>\n\t<meta name=\"twitter:label2\" content=\"Est. tempo de leitura\" \/>\n\t<meta name=\"twitter:data2\" content=\"9 minutos\" \/>\n<script type=\"application\/ld+json\" class=\"yoast-schema-graph\">{\"@context\":\"https:\/\/schema.org\",\"@graph\":[{\"@type\":\"Article\",\"@id\":\"https:\/\/invexo.com.br\/blog\/jaime-aroxa-ipanema\/#article\",\"isPartOf\":{\"@id\":\"https:\/\/invexo.com.br\/blog\/jaime-aroxa-ipanema\/\"},\"author\":{\"name\":\"Ronnie Possatti\",\"@id\":\"https:\/\/invexo.com.br\/blog\/#\/schema\/person\/36bee32f1cfacde03dc4c9622a58778d\"},\"headline\":\"Jaime Aroxa Ipanema \u2013 A renomada escola de dan\u00e7a no Rio\",\"datePublished\":\"2022-09-08T20:00:00+00:00\",\"dateModified\":\"2022-11-07T16:33:23+00:00\",\"mainEntityOfPage\":{\"@id\":\"https:\/\/invexo.com.br\/blog\/jaime-aroxa-ipanema\/\"},\"wordCount\":1635,\"publisher\":{\"@id\":\"https:\/\/invexo.com.br\/blog\/#organization\"},\"image\":{\"@id\":\"https:\/\/invexo.com.br\/blog\/jaime-aroxa-ipanema\/#primaryimage\"},\"thumbnailUrl\":\"https:\/\/invexo.com.br\/blog\/wp-content\/uploads\/2022\/08\/danca-jaime-aroxa-ipanema-rio-de-janeiro.jpg\",\"keywords\":[\"Ipanema\"],\"articleSection\":[\"Bairros\",\"Informa\u00e7\u00f5es\"],\"inLanguage\":\"pt-BR\"},{\"@type\":\"WebPage\",\"@id\":\"https:\/\/invexo.com.br\/blog\/jaime-aroxa-ipanema\/\",\"url\":\"https:\/\/invexo.com.br\/blog\/jaime-aroxa-ipanema\/\",\"name\":\"Jaime Aroxa Ipanema \u2013 Conhe\u00e7a a escola de dan\u00e7a\",\"isPartOf\":{\"@id\":\"https:\/\/invexo.com.br\/blog\/#website\"},\"primaryImageOfPage\":{\"@id\":\"https:\/\/invexo.com.br\/blog\/jaime-aroxa-ipanema\/#primaryimage\"},\"image\":{\"@id\":\"https:\/\/invexo.com.br\/blog\/jaime-aroxa-ipanema\/#primaryimage\"},\"thumbnailUrl\":\"https:\/\/invexo.com.br\/blog\/wp-content\/uploads\/2022\/08\/danca-jaime-aroxa-ipanema-rio-de-janeiro.jpg\",\"datePublished\":\"2022-09-08T20:00:00+00:00\",\"dateModified\":\"2022-11-07T16:33:23+00:00\",\"description\":\"A escola Jaime Aroxa em Ipanema est\u00e1 aberta e conta com aulas samba de gafieira, bolero, tango, soltinho, forr\u00f3 e muito mais! Conhe\u00e7a.\",\"breadcrumb\":{\"@id\":\"https:\/\/invexo.com.br\/blog\/jaime-aroxa-ipanema\/#breadcrumb\"},\"inLanguage\":\"pt-BR\",\"potentialAction\":[{\"@type\":\"ReadAction\",\"target\":[\"https:\/\/invexo.com.br\/blog\/jaime-aroxa-ipanema\/\"]}]},{\"@type\":\"ImageObject\",\"inLanguage\":\"pt-BR\",\"@id\":\"https:\/\/invexo.com.br\/blog\/jaime-aroxa-ipanema\/#primaryimage\",\"url\":\"https:\/\/invexo.com.br\/blog\/wp-content\/uploads\/2022\/08\/danca-jaime-aroxa-ipanema-rio-de-janeiro.jpg\",\"contentUrl\":\"https:\/\/invexo.com.br\/blog\/wp-content\/uploads\/2022\/08\/danca-jaime-aroxa-ipanema-rio-de-janeiro.jpg\",\"width\":1280,\"height\":720,\"caption\":\"Dan\u00e7a Jaime Aroxa Ipanema Rio de Janeiro\"},{\"@type\":\"BreadcrumbList\",\"@id\":\"https:\/\/invexo.com.br\/blog\/jaime-aroxa-ipanema\/#breadcrumb\",\"itemListElement\":[{\"@type\":\"ListItem\",\"position\":1,\"name\":\"Blog\",\"item\":\"https:\/\/invexo.com.br\/blog\/\"},{\"@type\":\"ListItem\",\"position\":2,\"name\":\"Bairros\",\"item\":\"https:\/\/invexo.com.br\/blog\/categoria\/bairros\/\"},{\"@type\":\"ListItem\",\"position\":3,\"name\":\"Jaime Aroxa Ipanema \u2013 A renomada escola de dan\u00e7a no Rio\"}]},{\"@type\":\"WebSite\",\"@id\":\"https:\/\/invexo.com.br\/blog\/#website\",\"url\":\"https:\/\/invexo.com.br\/blog\/\",\"name\":\"Not\u00edcias RJ\",\"description\":\"Not\u00edcias sobre im\u00f3veis, financiamento, mercado imobili\u00e1rio do Rio de Janeiro. Informa\u00e7\u00f5es sobre Bairros, Condom\u00ednios e Regi\u00e3o do Rio de Janeiro.\",\"publisher\":{\"@id\":\"https:\/\/invexo.com.br\/blog\/#organization\"},\"potentialAction\":[{\"@type\":\"SearchAction\",\"target\":{\"@type\":\"EntryPoint\",\"urlTemplate\":\"https:\/\/invexo.com.br\/blog\/?s={search_term_string}\"},\"query-input\":{\"@type\":\"PropertyValueSpecification\",\"valueRequired\":true,\"valueName\":\"search_term_string\"}}],\"inLanguage\":\"pt-BR\"},{\"@type\":\"Organization\",\"@id\":\"https:\/\/invexo.com.br\/blog\/#organization\",\"name\":\"INVEXO Imobili\u00e1ria\",\"url\":\"https:\/\/invexo.com.br\/blog\/\",\"logo\":{\"@type\":\"ImageObject\",\"inLanguage\":\"pt-BR\",\"@id\":\"https:\/\/invexo.com.br\/blog\/#\/schema\/logo\/image\/\",\"url\":\"https:\/\/invexo.com.br\/blog\/wp-content\/uploads\/2018\/09\/invexo-80-melhor.png\",\"contentUrl\":\"https:\/\/invexo.com.br\/blog\/wp-content\/uploads\/2018\/09\/invexo-80-melhor.png\",\"width\":247,\"height\":80,\"caption\":\"INVEXO Imobili\u00e1ria\"},\"image\":{\"@id\":\"https:\/\/invexo.com.br\/blog\/#\/schema\/logo\/image\/\"},\"sameAs\":[\"https:\/\/facebook.com\/invexo\",\"https:\/\/x.com\/invexoimoveis\"]},{\"@type\":\"Person\",\"@id\":\"https:\/\/invexo.com.br\/blog\/#\/schema\/person\/36bee32f1cfacde03dc4c9622a58778d\",\"name\":\"Ronnie Possatti\",\"image\":{\"@type\":\"ImageObject\",\"inLanguage\":\"pt-BR\",\"@id\":\"https:\/\/invexo.com.br\/blog\/#\/schema\/person\/image\/\",\"url\":\"https:\/\/secure.gravatar.com\/avatar\/51a6cdcc215551235c39affb853f1e38?s=96&d=blank&r=g\",\"contentUrl\":\"https:\/\/secure.gravatar.com\/avatar\/51a6cdcc215551235c39affb853f1e38?s=96&d=blank&r=g\",\"caption\":\"Ronnie Possatti\"},\"description\":\"Equipe de especialistas que traz para seus leitores conte\u00fados relevantes e de qualidade sobre bairros, condom\u00ednios, lan\u00e7amentos e not\u00edcias imobili\u00e1rias no Rio de Janeiro.\",\"sameAs\":[\"https:\/\/facebook.com\/invexo\",\"https:\/\/instagram.com\/invexo\",\"https:\/\/x.com\/https:\/\/twitter.com\/invexoimoveis\"],\"url\":\"https:\/\/invexo.com.br\/blog\/author\/invexo\/\"}]}<\/script>\n<!-- \/ Yoast SEO plugin. -->","yoast_head_json":{"title":"Jaime Aroxa Ipanema \u2013 Conhe\u00e7a a escola de dan\u00e7a","description":"A escola Jaime Aroxa em Ipanema est\u00e1 aberta e conta com aulas samba de gafieira, bolero, tango, soltinho, forr\u00f3 e muito mais! Conhe\u00e7a.","robots":{"index":"index","follow":"follow","max-snippet":"max-snippet:-1","max-image-preview":"max-image-preview:large","max-video-preview":"max-video-preview:-1"},"canonical":"https:\/\/invexo.com.br\/blog\/jaime-aroxa-ipanema\/","og_locale":"pt_BR","og_type":"article","og_title":"Jaime Aroxa Ipanema \u2013 Conhe\u00e7a a escola de dan\u00e7a","og_description":"A escola Jaime Aroxa em Ipanema est\u00e1 aberta e conta com aulas samba de gafieira, bolero, tango, soltinho, forr\u00f3 e muito mais! Conhe\u00e7a.","og_url":"https:\/\/invexo.com.br\/blog\/jaime-aroxa-ipanema\/","og_site_name":"Not\u00edcias RJ","article_publisher":"https:\/\/facebook.com\/invexo","article_author":"https:\/\/facebook.com\/invexo","article_published_time":"2022-09-08T20:00:00+00:00","article_modified_time":"2022-11-07T16:33:23+00:00","og_image":[{"width":1280,"height":720,"url":"https:\/\/invexo.com.br\/blog\/wp-content\/uploads\/2022\/08\/danca-jaime-aroxa-ipanema-rio-de-janeiro.jpg","type":"image\/jpeg"}],"author":"Ronnie Possatti","twitter_card":"summary_large_image","twitter_creator":"@https:\/\/twitter.com\/invexoimoveis","twitter_site":"@invexoimoveis","twitter_misc":{"Escrito por":"Ronnie Possatti","Est. tempo de leitura":"9 minutos"},"schema":{"@context":"https:\/\/schema.org","@graph":[{"@type":"Article","@id":"https:\/\/invexo.com.br\/blog\/jaime-aroxa-ipanema\/#article","isPartOf":{"@id":"https:\/\/invexo.com.br\/blog\/jaime-aroxa-ipanema\/"},"author":{"name":"Ronnie Possatti","@id":"https:\/\/invexo.com.br\/blog\/#\/schema\/person\/36bee32f1cfacde03dc4c9622a58778d"},"headline":"Jaime Aroxa Ipanema \u2013 A renomada escola de dan\u00e7a no Rio","datePublished":"2022-09-08T20:00:00+00:00","dateModified":"2022-11-07T16:33:23+00:00","mainEntityOfPage":{"@id":"https:\/\/invexo.com.br\/blog\/jaime-aroxa-ipanema\/"},"wordCount":1635,"publisher":{"@id":"https:\/\/invexo.com.br\/blog\/#organization"},"image":{"@id":"https:\/\/invexo.com.br\/blog\/jaime-aroxa-ipanema\/#primaryimage"},"thumbnailUrl":"https:\/\/invexo.com.br\/blog\/wp-content\/uploads\/2022\/08\/danca-jaime-aroxa-ipanema-rio-de-janeiro.jpg","keywords":["Ipanema"],"articleSection":["Bairros","Informa\u00e7\u00f5es"],"inLanguage":"pt-BR"},{"@type":"WebPage","@id":"https:\/\/invexo.com.br\/blog\/jaime-aroxa-ipanema\/","url":"https:\/\/invexo.com.br\/blog\/jaime-aroxa-ipanema\/","name":"Jaime Aroxa Ipanema \u2013 Conhe\u00e7a a escola de dan\u00e7a","isPartOf":{"@id":"https:\/\/invexo.com.br\/blog\/#website"},"primaryImageOfPage":{"@id":"https:\/\/invexo.com.br\/blog\/jaime-aroxa-ipanema\/#primaryimage"},"image":{"@id":"https:\/\/invexo.com.br\/blog\/jaime-aroxa-ipanema\/#primaryimage"},"thumbnailUrl":"https:\/\/invexo.com.br\/blog\/wp-content\/uploads\/2022\/08\/danca-jaime-aroxa-ipanema-rio-de-janeiro.jpg","datePublished":"2022-09-08T20:00:00+00:00","dateModified":"2022-11-07T16:33:23+00:00","description":"A escola Jaime Aroxa em Ipanema est\u00e1 aberta e conta com aulas samba de gafieira, bolero, tango, soltinho, forr\u00f3 e muito mais! Conhe\u00e7a.","breadcrumb":{"@id":"https:\/\/invexo.com.br\/blog\/jaime-aroxa-ipanema\/#breadcrumb"},"inLanguage":"pt-BR","potentialAction":[{"@type":"ReadAction","target":["https:\/\/invexo.com.br\/blog\/jaime-aroxa-ipanema\/"]}]},{"@type":"ImageObject","inLanguage":"pt-BR","@id":"https:\/\/invexo.com.br\/blog\/jaime-aroxa-ipanema\/#primaryimage","url":"https:\/\/invexo.com.br\/blog\/wp-content\/uploads\/2022\/08\/danca-jaime-aroxa-ipanema-rio-de-janeiro.jpg","contentUrl":"https:\/\/invexo.com.br\/blog\/wp-content\/uploads\/2022\/08\/danca-jaime-aroxa-ipanema-rio-de-janeiro.jpg","width":1280,"height":720,"caption":"Dan\u00e7a Jaime Aroxa Ipanema Rio de Janeiro"},{"@type":"BreadcrumbList","@id":"https:\/\/invexo.com.br\/blog\/jaime-aroxa-ipanema\/#breadcrumb","itemListElement":[{"@type":"ListItem","position":1,"name":"Blog","item":"https:\/\/invexo.com.br\/blog\/"},{"@type":"ListItem","position":2,"name":"Bairros","item":"https:\/\/invexo.com.br\/blog\/categoria\/bairros\/"},{"@type":"ListItem","position":3,"name":"Jaime Aroxa Ipanema \u2013 A renomada escola de dan\u00e7a no Rio"}]},{"@type":"WebSite","@id":"https:\/\/invexo.com.br\/blog\/#website","url":"https:\/\/invexo.com.br\/blog\/","name":"Not\u00edcias RJ","description":"Not\u00edcias sobre im\u00f3veis, financiamento, mercado imobili\u00e1rio do Rio de Janeiro. Informa\u00e7\u00f5es sobre Bairros, Condom\u00ednios e Regi\u00e3o do Rio de Janeiro.","publisher":{"@id":"https:\/\/invexo.com.br\/blog\/#organization"},"potentialAction":[{"@type":"SearchAction","target":{"@type":"EntryPoint","urlTemplate":"https:\/\/invexo.com.br\/blog\/?s={search_term_string}"},"query-input":{"@type":"PropertyValueSpecification","valueRequired":true,"valueName":"search_term_string"}}],"inLanguage":"pt-BR"},{"@type":"Organization","@id":"https:\/\/invexo.com.br\/blog\/#organization","name":"INVEXO Imobili\u00e1ria","url":"https:\/\/invexo.com.br\/blog\/","logo":{"@type":"ImageObject","inLanguage":"pt-BR","@id":"https:\/\/invexo.com.br\/blog\/#\/schema\/logo\/image\/","url":"https:\/\/invexo.com.br\/blog\/wp-content\/uploads\/2018\/09\/invexo-80-melhor.png","contentUrl":"https:\/\/invexo.com.br\/blog\/wp-content\/uploads\/2018\/09\/invexo-80-melhor.png","width":247,"height":80,"caption":"INVEXO Imobili\u00e1ria"},"image":{"@id":"https:\/\/invexo.com.br\/blog\/#\/schema\/logo\/image\/"},"sameAs":["https:\/\/facebook.com\/invexo","https:\/\/x.com\/invexoimoveis"]},{"@type":"Person","@id":"https:\/\/invexo.com.br\/blog\/#\/schema\/person\/36bee32f1cfacde03dc4c9622a58778d","name":"Ronnie Possatti","image":{"@type":"ImageObject","inLanguage":"pt-BR","@id":"https:\/\/invexo.com.br\/blog\/#\/schema\/person\/image\/","url":"https:\/\/secure.gravatar.com\/avatar\/51a6cdcc215551235c39affb853f1e38?s=96&d=blank&r=g","contentUrl":"https:\/\/secure.gravatar.com\/avatar\/51a6cdcc215551235c39affb853f1e38?s=96&d=blank&r=g","caption":"Ronnie Possatti"},"description":"Equipe de especialistas que traz para seus leitores conte\u00fados relevantes e de qualidade sobre bairros, condom\u00ednios, lan\u00e7amentos e not\u00edcias imobili\u00e1rias no Rio de Janeiro.","sameAs":["https:\/\/facebook.com\/invexo","https:\/\/instagram.com\/invexo","https:\/\/x.com\/https:\/\/twitter.com\/invexoimoveis"],"url":"https:\/\/invexo.com.br\/blog\/author\/invexo\/"}]}},"taxonomy_info":{"category":[{"value":10,"label":"Bairros"},{"value":15,"label":"Informa\u00e7\u00f5es"}],"post_tag":[{"value":635,"label":"Ipanema"}]},"featured_image_src_large":["https:\/\/invexo.com.br\/blog\/wp-content\/uploads\/2022\/08\/danca-jaime-aroxa-ipanema-rio-de-janeiro-1024x576.jpg",1024,576,true],"author_info":{"display_name":"Ronnie Possatti","author_link":"https:\/\/invexo.com.br\/blog\/author\/invexo\/"},"comment_info":0,"category_info":[{"term_id":10,"name":"Bairros","slug":"bairros","term_group":0,"term_taxonomy_id":10,"taxonomy":"category","description":"Not\u00edcias sobre estabelecimentos nos melhores bairros para se morar no Rio de Janeiro.","parent":0,"count":1354,"filter":"raw","cat_ID":10,"category_count":1354,"category_description":"Not\u00edcias sobre estabelecimentos nos melhores bairros para se morar no Rio de Janeiro.","cat_name":"Bairros","category_nicename":"bairros","category_parent":0},{"term_id":15,"name":"Informa\u00e7\u00f5es","slug":"informacoes","term_group":0,"term_taxonomy_id":15,"taxonomy":"category","description":"Informa\u00e7\u00f5es, experi\u00eancia nos melhores estabelecimentos em bairros nobres para se viver no Rio de Janeiro. Tudo sobre cultura, entretenimento e lazer.","parent":0,"count":1297,"filter":"raw","cat_ID":15,"category_count":1297,"category_description":"Informa\u00e7\u00f5es, experi\u00eancia nos melhores estabelecimentos em bairros nobres para se viver no Rio de Janeiro. Tudo sobre cultura, entretenimento e lazer.","cat_name":"Informa\u00e7\u00f5es","category_nicename":"informacoes","category_parent":0}],"tag_info":[{"term_id":635,"name":"Ipanema","slug":"ipanema","term_group":0,"term_taxonomy_id":635,"taxonomy":"post_tag","description":"","parent":0,"count":359,"filter":"raw"}],"_links":{"self":[{"href":"https:\/\/invexo.com.br\/blog\/wp-json\/wp\/v2\/posts\/29439"}],"collection":[{"href":"https:\/\/invexo.com.br\/blog\/wp-json\/wp\/v2\/posts"}],"about":[{"href":"https:\/\/invexo.com.br\/blog\/wp-json\/wp\/v2\/types\/post"}],"author":[{"embeddable":true,"href":"https:\/\/invexo.com.br\/blog\/wp-json\/wp\/v2\/users\/2"}],"replies":[{"embeddable":true,"href":"https:\/\/invexo.com.br\/blog\/wp-json\/wp\/v2\/comments?post=29439"}],"version-history":[{"count":1,"href":"https:\/\/invexo.com.br\/blog\/wp-json\/wp\/v2\/posts\/29439\/revisions"}],"predecessor-version":[{"id":29690,"href":"https:\/\/invexo.com.br\/blog\/wp-json\/wp\/v2\/posts\/29439\/revisions\/29690"}],"wp:featuredmedia":[{"embeddable":true,"href":"https:\/\/invexo.com.br\/blog\/wp-json\/wp\/v2\/media\/29577"}],"wp:attachment":[{"href":"https:\/\/invexo.com.br\/blog\/wp-json\/wp\/v2\/media?parent=29439"}],"wp:term":[{"taxonomy":"category","embeddable":true,"href":"https:\/\/invexo.com.br\/blog\/wp-json\/wp\/v2\/categories?post=29439"},{"taxonomy":"post_tag","embeddable":true,"href":"https:\/\/invexo.com.br\/blog\/wp-json\/wp\/v2\/tags?post=29439"}],"curies":[{"name":"wp","href":"https:\/\/api.w.org\/{rel}","templated":true}]}}