{"id":29219,"date":"2022-09-05T17:00:00","date_gmt":"2022-09-05T20:00:00","guid":{"rendered":"https:\/\/invexo.com.br\/blog\/?p=29219"},"modified":"2022-11-07T13:33:43","modified_gmt":"2022-11-07T16:33:43","slug":"vitrine-de-ipanema","status":"publish","type":"post","link":"https:\/\/invexo.com.br\/blog\/vitrine-de-ipanema\/","title":{"rendered":"Vitrine de Ipanema \u2013 Conhe\u00e7a as lojas da galeria carioca"},"content":{"rendered":"\n<p>Se voc\u00ea est\u00e1 em busca de um centro comercial que possa lhe oferecer uma gama de produtos disponibilizados por lojas de diversos setores, a Galeria Vitrine de Ipanema \u00e9 a escolha ideal.<\/p>\n\n\n\n<p>O centro comercial \u00e9 conhecido por integrar alguns dos melhores servi\u00e7os disponibilizados em toda a regi\u00e3o.<\/p>\n\n\n\n<!--more-->\n\n\n\n<p>Afinal, s\u00e3o diversas lojas dispostas a oferecer excelentes produtos e um \u00f3timo atendimento ao cliente.<\/p>\n\n\n\n<p>Dessa forma, fica f\u00e1cil se tornar um frequentador da Vitrine Ipanema, especialmente se voc\u00ea mora nas redondezas.<\/p>\n\n\n\n<p>O local \u00e9 perfeito para aqueles que desejam dar uma volta, degustar um prato em algum dos restaurantes, adquirir novos produtos ou at\u00e9 mesmo escolher um presente para algu\u00e9m especial.<\/p>\n\n\n\n<p>A Vitrine Ipanema conta com diversas op\u00e7\u00f5es, tanto de entretenimento quanto de servi\u00e7os essenciais para seus moradores e frequentadores.<\/p>\n\n\n\n<h2 class=\"wp-block-heading\">Edif\u00edcio Vitrine Rua Visconde de Piraj\u00e1 580<\/h2>\n\n\n\n<p>O Edif\u00edcio Vitrine de Ipanema \u00e9 um edif\u00edcio no formato de galeria comercial localizado na Rua Visconde de Piraj\u00e1, 580.<\/p>\n\n\n\n<p>Conhecido por integrar um amplo centro comercial, o Vitrine disp\u00f5e de diversas lojas e servi\u00e7os essenciais para o dia a dia dos moradores do bairro de Ipanema. O local \u00e9 conhecido por todos os frequentadores da \u00e1rea e recebe diversos clientes por dia.<\/p>\n\n\n\n<p>Seu espa\u00e7o \u00e9 amplo e desenvolvido para facilitar a locomo\u00e7\u00e3o de seus clientes, atrav\u00e9s de escadas rolantes, corredores abertos e placas de sinaliza\u00e7\u00e3o bem posicionadas. Dessa forma, fica mais f\u00e1cil encontrar a loja ou servi\u00e7o comercial que precisa.<\/p>\n\n\n\n<p>Al\u00e9m de integrar o Edif\u00edcio Vitrine, o bairro de Ipanema \u00e9 composto por diversos im\u00f3veis residenciais luxuosos, respons\u00e1veis por atrair constantemente novos moradores para a \u00e1rea.<\/p>\n\n\n\n<p>Oportunidades \u00fanicas de im\u00f3veis em Ipanema! Fa\u00e7a parte do nosso\u00a0<strong><a href=\"https:\/\/whatsapp.com\/channel\/0029VaBTv8v8F2pN1nbKfn0a\">canal exclusivo no WhatsApp<\/a><\/strong>\u00a0e tenha acesso antecipado aos im\u00f3veis \u00e0 venda na regi\u00e3o com a maior demanda do Rio de Janeiro.<\/p>\n\n\n<div class=\"\"><div class='_form_6'><\/div><script type='text\/javascript' src='https:\/\/invexo.activehosted.com\/f\/embed.php?static=0&id=6&69EC7437C4C52&nostyles=0&preview=0'><\/script><\/div>\n\n\n<p><\/p>\n\n\n\n<p>S\u00e3o diversos os lan\u00e7amentos residenciais e im\u00f3veis prontos em Ipanema, tais como o <a href=\"https:\/\/invexo.com.br\/lancamento\/helo-ipanema\/\" target=\"_blank\" rel=\"noreferrer noopener\">Helo Ipanema<\/a>! Com acabamentos de alto padr\u00e3o e infraestrutura completa, Ipanema \u00e9 um dos bairros com os melhores im\u00f3veis de luxo do Rio de Janeiro. Conhe\u00e7a agora mesmo os melhores <a href=\"https:\/\/luxury.invexo.com.br\/bairro\/ipanema\/?utm_source=blog&amp;utm_medium=blocomeio\" target=\"_blank\" rel=\"noreferrer noopener\">im\u00f3veis de luxo \u00e0 venda em Ipanema<\/a>!<\/p>\n\n\n\n<figure class=\"wp-block-image size-full\"><a href=\"https:\/\/luxury.invexo.com.br\/bairro\/ipanema\/?utm_source=blog&amp;utm_medium=blocomeio\" target=\"_blank\" rel=\"noopener\"><img decoding=\"async\" width=\"1300\" height=\"280\" src=\"https:\/\/invexo.com.br\/blog\/wp-content\/uploads\/2022\/08\/imoveis-residenciais-ipanema-rio-de-janeiro-rj-calcadao-de-ipanema.jpg\" alt=\"Im\u00f3veis de luxo \u00e0 venda em Ipanema RJ\" class=\"wp-image-28981\" srcset=\"https:\/\/invexo.com.br\/blog\/wp-content\/uploads\/2022\/08\/imoveis-residenciais-ipanema-rio-de-janeiro-rj-calcadao-de-ipanema.jpg 1300w, https:\/\/invexo.com.br\/blog\/wp-content\/uploads\/2022\/08\/imoveis-residenciais-ipanema-rio-de-janeiro-rj-calcadao-de-ipanema-300x65.jpg 300w, https:\/\/invexo.com.br\/blog\/wp-content\/uploads\/2022\/08\/imoveis-residenciais-ipanema-rio-de-janeiro-rj-calcadao-de-ipanema-1024x221.jpg 1024w, https:\/\/invexo.com.br\/blog\/wp-content\/uploads\/2022\/08\/imoveis-residenciais-ipanema-rio-de-janeiro-rj-calcadao-de-ipanema-768x165.jpg 768w\" sizes=\"(max-width: 1300px) 100vw, 1300px\" \/><\/a><\/figure>\n\n\n\n<h2 class=\"wp-block-heading\">Galeria Vitrine Ipanema Lojas<\/h2>\n\n\n\n<p>A Galeria Vitrine Ipanema conta com diversas lojas em suas instala\u00e7\u00f5es, como lojas de roupas, restaurantes, cafeterias, livrarias, dentre outras. Al\u00e9m disso, a galeria disp\u00f5e de consult\u00f3rios m\u00e9dicos de algumas especialidades.<\/p>\n\n\n\n<p>S\u00e3o diversas op\u00e7\u00f5es elaboradas para oferecer os melhores servi\u00e7os poss\u00edveis aos seus clientes. Assim, voc\u00ea ir\u00e1 encontrar estabelecimentos elegantes e bem preparados que ir\u00e3o atender aos seus pedidos de forma excepcional.<\/p>\n\n\n\n<p>Afinal, as galerias comerciais s\u00e3o uma forma de com\u00e9rcio bastante tradicional que se tornou bastante popular no s\u00e9culo XX, quando frequentar esses espa\u00e7os era um programa familiar comum.<\/p>\n\n\n\n<p>Com o tempo, as galerias comerciais voltaram a ser vistas como uma op\u00e7\u00e3o de com\u00e9rcio vi\u00e1vel, j\u00e1 que muitas pessoas buscam facilidade nas compras, tornando-se esse grande fen\u00f4meno que \u00e9 hoje.<\/p>\n\n\n\n<figure class=\"wp-block-image size-large\"><a href=\"https:\/\/luxury.invexo.com.br\/bairro\/Ipanema\/\" target=\"_blank\" rel=\"noreferrer noopener\"><img decoding=\"async\" width=\"1024\" height=\"576\" src=\"https:\/\/invexo.com.br\/blog\/wp-content\/uploads\/2022\/08\/lojas-vitrine-de-ipanema-rio-de-janeiro-1024x576.jpg\" alt=\"Lojas Vitrine de Ipanema Rio de Janeiro\" class=\"wp-image-29244\" srcset=\"https:\/\/invexo.com.br\/blog\/wp-content\/uploads\/2022\/08\/lojas-vitrine-de-ipanema-rio-de-janeiro-1024x576.jpg 1024w, https:\/\/invexo.com.br\/blog\/wp-content\/uploads\/2022\/08\/lojas-vitrine-de-ipanema-rio-de-janeiro-300x169.jpg 300w, https:\/\/invexo.com.br\/blog\/wp-content\/uploads\/2022\/08\/lojas-vitrine-de-ipanema-rio-de-janeiro-768x432.jpg 768w, https:\/\/invexo.com.br\/blog\/wp-content\/uploads\/2022\/08\/lojas-vitrine-de-ipanema-rio-de-janeiro.jpg 1280w\" sizes=\"(max-width: 1024px) 100vw, 1024px\" \/><\/a><\/figure>\n\n\n\n<h3 class=\"wp-block-heading\">Via 7<\/h3>\n\n\n\n<p>No <a href=\"https:\/\/invexo.com.br\/blog\/via-sete-ipanema\/\" target=\"_blank\" rel=\"noreferrer noopener\">Via 7 Ipanema<\/a> voc\u00ea pode encontrar diversos vegetais org\u00e2nicos e grelhados leves, servidos em um ambiente moderno, sofisticado e ecol\u00f3gico. O espa\u00e7o permite que voc\u00ea aproveite os ingredientes org\u00e2nicos sentado na varanda para curtir o momento ou usufruir do conforto do elegante sal\u00e3o.<\/p>\n\n\n\n<p>A casa conta com um card\u00e1pio variado com op\u00e7\u00f5es que atendem a todos os gostos e paladares. As categorias dispostas no card\u00e1pio do Via 7 Ipanema s\u00e3o:<\/p>\n\n\n\n<ul><li>Entradas;<\/li><li>Vegetarianos;<\/li><li>Bowls;<\/li><li>Saladas;<\/li><li>Contempor\u00e2neos;<\/li><li>Manda Brasa;<\/li><li>No P\u00e3o;<\/li><li>Combinados;<\/li><li>E Sobremesas.<\/li><\/ul>\n\n\n\n<p>Uma das melhores pedidas \u00e9 iniciar o dia com uma saborosa entrada, como a Burrata Via 7, o Steak Tartare, o Palmito Pupunha ou os famosos Cogumelos Grelhados com Gorgonzola. J\u00e1 os pratos contempor\u00e2neos s\u00e3o de tirar o f\u00f4lego, com as seguintes op\u00e7\u00f5es:<\/p>\n\n\n\n<ul><li><strong>Thai com Camar\u00e3o:<\/strong> feito a base de curry picante e arom\u00e1tico, feito com vegetais frescos e amendoim, acompanhado de arroz de jasmin suave, arroz integral com c\u00farcuma ou arroz de couve-flor;<\/li><li><strong>Steak Tartare do Via com Fritas:<\/strong> consiste em mignon cru picado na ponta da faca. Acompanha fritas crocantes;<\/li><li><strong>Thai com Frango:<\/strong> base de curry picante e arom\u00e1tico, feito com vegetais frescos e amendoim, acompanhado de arroz de jasmin suave, arroz integral com c\u00farcuma ou arroz de couve-flor.<\/li><\/ul>\n\n\n\n<p>E, para aumentar ainda mais a experi\u00eancia gastron\u00f4mica, voc\u00ea ainda pode finalizar com uma bela sobremesa, como os Raw Cakes, dispon\u00edveis em diversos sabores, ou o Mousse de Chocolate Belga 70% Fit.<\/p>\n\n\n\n<p><strong>Hor\u00e1rio de Funcionamento: <\/strong>De domingo a quinta, das 12h \u00e0s 23h, e \u00e0s sextas e s\u00e1bados, das 12h \u00e0s 00h.<\/p>\n\n\n\n<h3 class=\"wp-block-heading\">As Caf\u00e9<\/h3>\n\n\n\n<p>O \u00c1s Caf\u00e9 em Ipanema \u00e9 uma cafeteria especializada em caf\u00e9s especiais, que tem como objetivo oferecer as melhores del\u00edcias da regi\u00e3o.<\/p>\n\n\n\n<p>Seu ambiente \u00e9 extremamente aconchegante e conta com uma equipe simp\u00e1tica e receptiva, disposta a prestar o melhor atendimento aos seus clientes.<\/p>\n\n\n\n<figure class=\"wp-block-embed aligncenter is-type-rich is-provider-instagram wp-block-embed-instagram\"><div class=\"wp-block-embed__wrapper\">\n<div class=\"sbi-embed-wrap\"><blockquote class=\"instagram-media sbi-embed\" data-instgrm-captioned data-instgrm-permalink=\"https:\/\/www.instagram.com\/p\/Cc2v-D7uat8\/?utm_source=ig_embed&amp;utm_campaign=loading\" data-instgrm-version=\"14\" style=\" background:#FFF; border:0; border-radius:3px; box-shadow:0 0 1px 0 rgba(0,0,0,0.5),0 1px 10px 0 rgba(0,0,0,0.15); margin: 1px; max-width:658px; min-width:326px; padding:0; width:99.375%; width:-webkit-calc(100% - 2px); width:calc(100% - 2px);\"><div style=\"padding:16px;\"> <a href=\"https:\/\/www.instagram.com\/p\/Cc2v-D7uat8\/?utm_source=ig_embed&amp;utm_campaign=loading\" style=\" background:#FFFFFF; line-height:0; padding:0 0; text-align:center; text-decoration:none; width:100%;\" target=\"_blank\"> <div style=\" display: flex; flex-direction: row; align-items: center;\"> <div style=\"background-color: #F4F4F4; border-radius: 50%; flex-grow: 0; height: 40px; margin-right: 14px; width: 40px;\"><\/div> <div style=\"display: flex; flex-direction: column; flex-grow: 1; justify-content: center;\"> <div style=\" background-color: #F4F4F4; border-radius: 4px; flex-grow: 0; height: 14px; margin-bottom: 6px; width: 100px;\"><\/div> <div style=\" background-color: #F4F4F4; border-radius: 4px; flex-grow: 0; height: 14px; width: 60px;\"><\/div><\/div><\/div><div style=\"padding: 19% 0;\"><\/div> <div style=\"display:block; height:50px; margin:0 auto 12px; width:50px;\"><svg width=\"50px\" height=\"50px\" viewBox=\"0 0 60 60\" version=\"1.1\" xmlns=\"https:\/\/www.w3.org\/2000\/svg\" xmlns:xlink=\"https:\/\/www.w3.org\/1999\/xlink\"><g stroke=\"none\" stroke-width=\"1\" fill=\"none\" fill-rule=\"evenodd\"><g transform=\"translate(-511.000000, -20.000000)\" fill=\"#000000\"><g><path d=\"M556.869,30.41 C554.814,30.41 553.148,32.076 553.148,34.131 C553.148,36.186 554.814,37.852 556.869,37.852 C558.924,37.852 560.59,36.186 560.59,34.131 C560.59,32.076 558.924,30.41 556.869,30.41 M541,60.657 C535.114,60.657 530.342,55.887 530.342,50 C530.342,44.114 535.114,39.342 541,39.342 C546.887,39.342 551.658,44.114 551.658,50 C551.658,55.887 546.887,60.657 541,60.657 M541,33.886 C532.1,33.886 524.886,41.1 524.886,50 C524.886,58.899 532.1,66.113 541,66.113 C549.9,66.113 557.115,58.899 557.115,50 C557.115,41.1 549.9,33.886 541,33.886 M565.378,62.101 C565.244,65.022 564.756,66.606 564.346,67.663 C563.803,69.06 563.154,70.057 562.106,71.106 C561.058,72.155 560.06,72.803 558.662,73.347 C557.607,73.757 556.021,74.244 553.102,74.378 C549.944,74.521 548.997,74.552 541,74.552 C533.003,74.552 532.056,74.521 528.898,74.378 C525.979,74.244 524.393,73.757 523.338,73.347 C521.94,72.803 520.942,72.155 519.894,71.106 C518.846,70.057 518.197,69.06 517.654,67.663 C517.244,66.606 516.755,65.022 516.623,62.101 C516.479,58.943 516.448,57.996 516.448,50 C516.448,42.003 516.479,41.056 516.623,37.899 C516.755,34.978 517.244,33.391 517.654,32.338 C518.197,30.938 518.846,29.942 519.894,28.894 C520.942,27.846 521.94,27.196 523.338,26.654 C524.393,26.244 525.979,25.756 528.898,25.623 C532.057,25.479 533.004,25.448 541,25.448 C548.997,25.448 549.943,25.479 553.102,25.623 C556.021,25.756 557.607,26.244 558.662,26.654 C560.06,27.196 561.058,27.846 562.106,28.894 C563.154,29.942 563.803,30.938 564.346,32.338 C564.756,33.391 565.244,34.978 565.378,37.899 C565.522,41.056 565.552,42.003 565.552,50 C565.552,57.996 565.522,58.943 565.378,62.101 M570.82,37.631 C570.674,34.438 570.167,32.258 569.425,30.349 C568.659,28.377 567.633,26.702 565.965,25.035 C564.297,23.368 562.623,22.342 560.652,21.575 C558.743,20.834 556.562,20.326 553.369,20.18 C550.169,20.033 549.148,20 541,20 C532.853,20 531.831,20.033 528.631,20.18 C525.438,20.326 523.257,20.834 521.349,21.575 C519.376,22.342 517.703,23.368 516.035,25.035 C514.368,26.702 513.342,28.377 512.574,30.349 C511.834,32.258 511.326,34.438 511.181,37.631 C511.035,40.831 511,41.851 511,50 C511,58.147 511.035,59.17 511.181,62.369 C511.326,65.562 511.834,67.743 512.574,69.651 C513.342,71.625 514.368,73.296 516.035,74.965 C517.703,76.634 519.376,77.658 521.349,78.425 C523.257,79.167 525.438,79.673 528.631,79.82 C531.831,79.965 532.853,80.001 541,80.001 C549.148,80.001 550.169,79.965 553.369,79.82 C556.562,79.673 558.743,79.167 560.652,78.425 C562.623,77.658 564.297,76.634 565.965,74.965 C567.633,73.296 568.659,71.625 569.425,69.651 C570.167,67.743 570.674,65.562 570.82,62.369 C570.966,59.17 571,58.147 571,50 C571,41.851 570.966,40.831 570.82,37.631\"><\/path><\/g><\/g><\/g><\/svg><\/div><div style=\"padding-top: 8px;\"> <div style=\" color:#3897f0; font-family:Arial,sans-serif; font-size:14px; font-style:normal; font-weight:550; line-height:18px;\">View this post on Instagram<\/div><\/div><div style=\"padding: 12.5% 0;\"><\/div> <div style=\"display: flex; flex-direction: row; margin-bottom: 14px; align-items: center;\"><div> <div style=\"background-color: #F4F4F4; border-radius: 50%; height: 12.5px; width: 12.5px; transform: translateX(0px) translateY(7px);\"><\/div> <div style=\"background-color: #F4F4F4; height: 12.5px; transform: rotate(-45deg) translateX(3px) translateY(1px); width: 12.5px; flex-grow: 0; margin-right: 14px; margin-left: 2px;\"><\/div> <div style=\"background-color: #F4F4F4; border-radius: 50%; height: 12.5px; width: 12.5px; transform: translateX(9px) translateY(-18px);\"><\/div><\/div><div style=\"margin-left: 8px;\"> <div style=\" background-color: #F4F4F4; border-radius: 50%; flex-grow: 0; height: 20px; width: 20px;\"><\/div> <div style=\" width: 0; height: 0; border-top: 2px solid transparent; border-left: 6px solid #f4f4f4; border-bottom: 2px solid transparent; transform: translateX(16px) translateY(-4px) rotate(30deg)\"><\/div><\/div><div style=\"margin-left: auto;\"> <div style=\" width: 0px; border-top: 8px solid #F4F4F4; border-right: 8px solid transparent; transform: translateY(16px);\"><\/div> <div style=\" background-color: #F4F4F4; flex-grow: 0; height: 12px; width: 16px; transform: translateY(-4px);\"><\/div> <div style=\" width: 0; height: 0; border-top: 8px solid #F4F4F4; border-left: 8px solid transparent; transform: translateY(-4px) translateX(8px);\"><\/div><\/div><\/div> <div style=\"display: flex; flex-direction: column; flex-grow: 1; justify-content: center; margin-bottom: 24px;\"> <div style=\" background-color: #F4F4F4; border-radius: 4px; flex-grow: 0; height: 14px; margin-bottom: 6px; width: 224px;\"><\/div> <div style=\" background-color: #F4F4F4; border-radius: 4px; flex-grow: 0; height: 14px; width: 144px;\"><\/div><\/div><\/a><p style=\" color:#c9c8cd; font-family:Arial,sans-serif; font-size:14px; line-height:17px; margin-bottom:0; margin-top:8px; overflow:hidden; padding:8px 0 7px; text-align:center; text-overflow:ellipsis; white-space:nowrap;\"><a href=\"https:\/\/www.instagram.com\/p\/Cc2v-D7uat8\/?utm_source=ig_embed&amp;utm_campaign=loading\" style=\" color:#c9c8cd; font-family:Arial,sans-serif; font-size:14px; font-style:normal; font-weight:normal; line-height:17px; text-decoration:none;\" target=\"_blank\">A post shared by \u00c1s Caf\u00e9 Ipanema. (@ascafeipanema)<\/a><\/p><\/div><\/blockquote><script async src=\"\/\/platform.instagram.com\/en_US\/embeds.js\"><\/script><\/div>\n<\/div><\/figure>\n\n\n\n<p>As especialidades da casa s\u00e3o preparadas l\u00e1 mesmo, com a inten\u00e7\u00e3o de manter a frescura e o sabor de rec\u00e9m pronto. Dessa forma, o \u00c1s Caf\u00e9 \u00e9 a pedida ideal para fazer um lanche a qualquer momento do dia.<\/p>\n\n\n\n<p>Dentre as varia\u00e7\u00f5es de caf\u00e9, encontram-se as seguintes:<\/p>\n\n\n\n<ul><li>Sapuca\u00ed;<\/li><li>Cantagalo;<\/li><li>Cintra;<\/li><li>Ouro fino;<\/li><li>Rum;<\/li><li>Moquinha;<\/li><li>E Boa vista.<\/li><\/ul>\n\n\n\n<p>Al\u00e9m dos variados sabores de caf\u00e9, voc\u00ea vai encontrar variados bolos, sandu\u00edches, tapiocas recheadas e sopas quentinhas na unidade.<\/p>\n\n\n\n<p><strong>Hor\u00e1rio de Funcionamento: <\/strong>De segunda a sexta, das 08h30 \u00e0s 19h, e aos s\u00e1bados, das 08h30 \u00e0s 15h.<\/p>\n\n\n\n<h3 class=\"wp-block-heading\">Manjeric\u00e3o Bistr\u00f4<\/h3>\n\n\n\n<p>O <a href=\"https:\/\/pt-br.facebook.com\/manjericaobistroipanema\/\" target=\"_blank\" rel=\"noreferrer noopener\">Manjeric\u00e3o Bistr\u00f4<\/a> em Ipanema \u00e9 um restaurante que entrega um dos melhores card\u00e1pios de comida brasileira da regi\u00e3o. Suas receitas possuem aquele tempero especial e s\u00e3o preparadas pelas m\u00e3os de excelentes chefs.<\/p>\n\n\n\n<p>Cada semana o card\u00e1pio possui op\u00e7\u00f5es diferentes, feitas para agradar ao gosto e ao paladar de todos. Dentre os pratos mais famosos servidos pelo Manjeric\u00e3o Bistr\u00f4 Ipanema, destacam-se os seguintes:<\/p>\n\n\n\n<ul><li>Peixe Grelhado;<\/li><li>Costelinha Su\u00edna;<\/li><li>Feijoada;<\/li><li>Picadinho de Carne;<\/li><li>Espaguete ao Alho e \u00d3leo;<\/li><li>Quiche de Alho Por\u00f3;<\/li><li>Atum Grelhado ao Molho Teriak;<\/li><li>E muito mais.<\/li><\/ul>\n\n\n\n<p>Todos os pratos acompanham arroz e farofa, e cada op\u00e7\u00e3o pode ser degustada junto de uma bebida de seu gosto, como refrigerante, \u00e1gua ou suco. Al\u00e9m desses deliciosos pratos, voc\u00ea ainda pode experimentar uma saborosa carne assada no molho de cerveja com pur\u00ea de batata e arroz branco.<\/p>\n\n\n\n<p>O restaurante ainda conta com o maravilhoso servi\u00e7o de self service, no qual voc\u00ea pode escolher as melhores op\u00e7\u00f5es do dia para compor seu prato.<\/p>\n\n\n\n<p><strong>Hor\u00e1rio de Funcionamento: <\/strong>De segunda a sexta, das 11h \u00e0s 16h, e aos s\u00e1bados, das 11h \u00e0s 15h.<\/p>\n\n\n\n<h3 class=\"wp-block-heading\">Centro Ortop\u00e9dico de Ipanema<\/h3>\n\n\n\n<p>O <a href=\"https:\/\/centroortopedicodeipanema.com.br\/\" target=\"_blank\" rel=\"noreferrer noopener\">Centro Ortop\u00e9dico de Ipanema<\/a> est\u00e1 em funcionamento h\u00e1 mais de 30 anos prestando o melhor servi\u00e7o aos pacientes da regi\u00e3o. A cl\u00ednica conta com uma equipe de profissionais experientes e funcion\u00e1rios que est\u00e3o preparados para oferecer um atendimento de primeira linha.<\/p>\n\n\n\n<p>As principais especialidades disponibilizadas pela cl\u00ednica s\u00e3o a ortopedia geral, a cirurgia de m\u00e3o, a ortopedia pedi\u00e1trica e a cirurgia de quadril. J\u00e1 dentre os servi\u00e7os oferecidos pelo Centro Ortop\u00e9dico Ipanema, destacam-se os seguintes:<\/p>\n\n\n\n<ul><li><strong>Ortopedia:<\/strong> especialidade dedicada ao tratamento de problemas que afetam tend\u00f5es, ligamentos, m\u00fasculos, articula\u00e7\u00f5es e ossos;<\/li><li><strong>Fisioterapia:<\/strong> atua no tratamento e preven\u00e7\u00e3o de doen\u00e7as e les\u00f5es decorrentes de fraturas, m\u00e1 forma\u00e7\u00e3o ou v\u00edcios de postura;<\/li><li><strong>Traumatologia:<\/strong> foca no tratamento de les\u00f5es provocadas por movimentos e impactos, como contus\u00f5es, fraturas, luxa\u00e7\u00f5es e acidentes.<\/li><\/ul>\n\n\n\n<p>Al\u00e9m destes servi\u00e7os, o centro tamb\u00e9m conta com Raio-x, Acupuntura e RPG, um m\u00e9todo fisioterap\u00eautico de corre\u00e7\u00e3o postural que trabalha o paciente de forma global.<\/p>\n\n\n\n<p><strong>Hor\u00e1rio de Funcionamento:<\/strong> De segunda a sexta, das 07h \u00e0s 19h, e aos s\u00e1bados, das 08h \u00e0s 12h.&nbsp;<\/p>\n\n\n\n<h3 class=\"wp-block-heading\">Run Shop<\/h3>\n\n\n\n<p>Se voc\u00ea est\u00e1 procurando por uma loja que venda uma diversidade de artigos de corrida, a <a href=\"https:\/\/www.runshop.com.br\/\" target=\"_blank\" rel=\"noreferrer noopener\">Run Shop<\/a> \u00e9 o lugar ideal. A loja oferece aos seus clientes o que h\u00e1 de melhor para a pr\u00e1tica de caminhadas e corridas.\u00a0<\/p>\n\n\n\n<p>S\u00e3o diversas op\u00e7\u00f5es de t\u00eanis disponibilizados nas categorias de amortecimento, estabilidade, velocidade e trilha. Os t\u00eanis de amortecimento t\u00eam como objetivo principal diminuir o impacto durante a caminhada ou corrida, al\u00e9m de tamb\u00e9m garantir conforto aos p\u00e9s e performance ao usu\u00e1rio.<\/p>\n\n\n\n<p>Assim, os variados modelos de t\u00eanis podem ser encontrados nas seguintes marcas:<\/p>\n\n\n\n<ul><li>Nike;<\/li><li>Olympus;<\/li><li>Asics;<\/li><li>New Balancing;<\/li><li>On Running;<\/li><li>Salomon;<\/li><li>E muito mais.<\/li><\/ul>\n\n\n\n<p>Al\u00e9m dos t\u00eanis, a Run Shop conta com alguns modelos de camisas personalizadas em seu cat\u00e1logo.&nbsp;<\/p>\n\n\n\n<p><strong>Hor\u00e1rio de Funcionamento: <\/strong>De segunda a sexta, das 10h \u00e0s 19h, e aos s\u00e1bados, das 10h \u00e0s 14h.<strong>&nbsp; &nbsp; &nbsp; &nbsp; &nbsp; &nbsp; <\/strong><strong><\/strong><\/p>\n\n\n\n<h2 class=\"wp-block-heading\">Como \u00e9 morar em Ipanema<\/h2>\n\n\n\n<p>O bairro de Ipanema \u00e9 conhecido por proporcionar aos seus moradores uma excelente qualidade de vida. Afinal, ele integra um dos mais amplos polos comerciais da Zona Sul do Rio de Janeiro, com diversos restaurantes, hospitais, farm\u00e1cias, mercados e lojas renomadas.<\/p>\n\n\n\n<p>Um \u00f3timo local para aqueles que desejam encontrar os mais variados servi\u00e7os em um \u00fanico local \u00e9 a Galeria Vitrine Ipanema.<\/p>\n\n\n\n<p><strong>Endere\u00e7o: <\/strong>Rua Visconde de Piraj\u00e1, 580, Ipanema, Rio de Janeiro.<br><strong>Hor\u00e1rio de Funcionamento: <\/strong>De segunda a sexta, das 10h \u00e0s 19h, e aos s\u00e1bados, das 10h \u00e0s 14h.<\/p>\n\n\n\n<p>Al\u00e9m do Vitrine, o bairro de Ipanema conta com diversas \u00e1reas voltadas para o lazer de seus frequentadores, como a <a href=\"https:\/\/invexo.com.br\/blog\/praia-de-ipanema\/\" target=\"_blank\" rel=\"noreferrer noopener\">Praia de Ipanema<\/a> e a Pra\u00e7a Nossa Senhora da Paz, locais perfeitos para aproveitar o dia ao lado de amigos ou familiares.<\/p>\n\n\n\n<p>E, para facilitar a locomo\u00e7\u00e3o de todos, o bairro conta com vias bem elaboradas, al\u00e9m de diversos pontos de \u00f4nibus e esta\u00e7\u00f5es de metr\u00f4. Ipanema ainda conta com uma gama de im\u00f3veis resid\u00eancias de luxo, prontos para receber novos moradores a qualquer momento.<\/p>\n\n\n\n<p>Por esses e outros motivos, o bairro de Ipanema segue sendo um dos mais renomados de toda a Zona Sul carioca.<\/p>\n\n\n\n<div class=\"wp-block-group\"><div class=\"wp-block-group__inner-container is-layout-flow wp-block-group-is-layout-flow\">\n<p>Oportunidades \u00fanicas de im\u00f3veis em Ipanema! Fa\u00e7a parte do nosso&nbsp;<strong><a href=\"https:\/\/whatsapp.com\/channel\/0029VaBTv8v8F2pN1nbKfn0a\">canal exclusivo no WhatsApp<\/a><\/strong>&nbsp;e tenha acesso antecipado aos im\u00f3veis \u00e0 venda na regi\u00e3o com a maior demanda do Rio de Janeiro.<\/p>\n\n\n<div class=\"\"><div class='_form_6'><\/div><script type='text\/javascript' src='https:\/\/invexo.activehosted.com\/f\/embed.php?static=0&id=6&69EC7437C4C89&nostyles=0&preview=0'><\/script><\/div>\n\n\n<p><\/p>\n\n\n\n<p>Ipanema, localizada na Zona Sul carioca, \u00e9 um dos melhores e mais nobres bairros para se viver no Rio de Janeiro. Conhe\u00e7a hoje mesmo os <a href=\"https:\/\/luxury.invexo.com.br\/bairro\/ipanema\/?utm_source=blog&amp;utm_medium=blocofim\" target=\"_blank\" rel=\"noreferrer noopener\">im\u00f3veis residenciais de luxo em Ipanema<\/a> com a INVEXO, imobili\u00e1ria especializada em im\u00f3veis de luxo no Rio de Janeiro.<\/p>\n\n\n\n<figure class=\"wp-block-image size-full\"><a href=\"https:\/\/luxury.invexo.com.br\/bairro\/ipanema\/?utm_source=blog&amp;utm_medium=blocofim\" target=\"_blank\" rel=\"noopener\"><img decoding=\"async\" width=\"1300\" height=\"280\" src=\"https:\/\/invexo.com.br\/blog\/wp-content\/uploads\/2022\/08\/imoveis-residenciais-ipanema-rio-de-janeiro-rj-calcadao-de-ipanema.jpg\" alt=\"Im\u00f3veis de luxo \u00e0 venda em Ipanema RJ\" class=\"wp-image-28981\" srcset=\"https:\/\/invexo.com.br\/blog\/wp-content\/uploads\/2022\/08\/imoveis-residenciais-ipanema-rio-de-janeiro-rj-calcadao-de-ipanema.jpg 1300w, https:\/\/invexo.com.br\/blog\/wp-content\/uploads\/2022\/08\/imoveis-residenciais-ipanema-rio-de-janeiro-rj-calcadao-de-ipanema-300x65.jpg 300w, https:\/\/invexo.com.br\/blog\/wp-content\/uploads\/2022\/08\/imoveis-residenciais-ipanema-rio-de-janeiro-rj-calcadao-de-ipanema-1024x221.jpg 1024w, https:\/\/invexo.com.br\/blog\/wp-content\/uploads\/2022\/08\/imoveis-residenciais-ipanema-rio-de-janeiro-rj-calcadao-de-ipanema-768x165.jpg 768w\" sizes=\"(max-width: 1300px) 100vw, 1300px\" \/><\/a><\/figure>\n<\/div><\/div>\n","protected":false},"excerpt":{"rendered":"<p>A Galeria Vitrine de Ipanema \u00e9 conhecida por integrar alguns dos melhores servi\u00e7os disponibilizados em toda a regi\u00e3o.<\/p>\n","protected":false},"author":2,"featured_media":29243,"comment_status":"closed","ping_status":"closed","sticky":false,"template":"","format":"standard","meta":{"_acf_changed":false,"_kad_blocks_custom_css":"","_kad_blocks_head_custom_js":"","_kad_blocks_body_custom_js":"","_kad_blocks_footer_custom_js":"","_kadence_starter_templates_imported_post":false,"_kad_post_transparent":"","_kad_post_title":"","_kad_post_layout":"","_kad_post_sidebar_id":"","_kad_post_content_style":"","_kad_post_vertical_padding":"","_kad_post_feature":"","_kad_post_feature_position":"","_kad_post_header":false,"_kad_post_footer":false,"footnotes":""},"categories":[10,15],"tags":[635],"acf":[],"yoast_head":"<!-- This site is optimized with the Yoast SEO plugin v24.1 - https:\/\/yoast.com\/wordpress\/plugins\/seo\/ -->\n<title>Vitrine de Ipanema \u2013 Centro comercial na Zona Sul<\/title>\n<meta name=\"description\" content=\"A Galeria Vitrine de Ipanema \u00e9 conhecida por integrar alguns dos melhores servi\u00e7os disponibilizados em toda a regi\u00e3o.\" \/>\n<meta name=\"robots\" content=\"index, follow, max-snippet:-1, max-image-preview:large, max-video-preview:-1\" \/>\n<link rel=\"canonical\" href=\"https:\/\/invexo.com.br\/blog\/vitrine-de-ipanema\/\" \/>\n<meta property=\"og:locale\" content=\"pt_BR\" \/>\n<meta property=\"og:type\" content=\"article\" \/>\n<meta property=\"og:title\" content=\"Vitrine de Ipanema \u2013 Centro comercial na Zona Sul\" \/>\n<meta property=\"og:description\" content=\"A Galeria Vitrine de Ipanema \u00e9 conhecida por integrar alguns dos melhores servi\u00e7os disponibilizados em toda a regi\u00e3o.\" \/>\n<meta property=\"og:url\" content=\"https:\/\/invexo.com.br\/blog\/vitrine-de-ipanema\/\" \/>\n<meta property=\"og:site_name\" content=\"Not\u00edcias RJ\" \/>\n<meta property=\"article:publisher\" content=\"https:\/\/facebook.com\/invexo\" \/>\n<meta property=\"article:author\" content=\"https:\/\/facebook.com\/invexo\" \/>\n<meta property=\"article:published_time\" content=\"2022-09-05T20:00:00+00:00\" \/>\n<meta property=\"article:modified_time\" content=\"2022-11-07T16:33:43+00:00\" \/>\n<meta property=\"og:image\" content=\"https:\/\/invexo.com.br\/blog\/wp-content\/uploads\/2022\/08\/fachada-vitrine-de-ipanema-rio-de-janeiro.jpg\" \/>\n\t<meta property=\"og:image:width\" content=\"1280\" \/>\n\t<meta property=\"og:image:height\" content=\"720\" \/>\n\t<meta property=\"og:image:type\" content=\"image\/jpeg\" \/>\n<meta name=\"author\" content=\"Ronnie Possatti\" \/>\n<meta name=\"twitter:card\" content=\"summary_large_image\" \/>\n<meta name=\"twitter:creator\" content=\"@https:\/\/twitter.com\/invexoimoveis\" \/>\n<meta name=\"twitter:site\" content=\"@invexoimoveis\" \/>\n<meta name=\"twitter:label1\" content=\"Escrito por\" \/>\n\t<meta name=\"twitter:data1\" content=\"Ronnie Possatti\" \/>\n\t<meta name=\"twitter:label2\" content=\"Est. tempo de leitura\" \/>\n\t<meta name=\"twitter:data2\" content=\"9 minutos\" \/>\n<script type=\"application\/ld+json\" class=\"yoast-schema-graph\">{\"@context\":\"https:\/\/schema.org\",\"@graph\":[{\"@type\":\"Article\",\"@id\":\"https:\/\/invexo.com.br\/blog\/vitrine-de-ipanema\/#article\",\"isPartOf\":{\"@id\":\"https:\/\/invexo.com.br\/blog\/vitrine-de-ipanema\/\"},\"author\":{\"name\":\"Ronnie Possatti\",\"@id\":\"https:\/\/invexo.com.br\/blog\/#\/schema\/person\/36bee32f1cfacde03dc4c9622a58778d\"},\"headline\":\"Vitrine de Ipanema \u2013 Conhe\u00e7a as lojas da galeria carioca\",\"datePublished\":\"2022-09-05T20:00:00+00:00\",\"dateModified\":\"2022-11-07T16:33:43+00:00\",\"mainEntityOfPage\":{\"@id\":\"https:\/\/invexo.com.br\/blog\/vitrine-de-ipanema\/\"},\"wordCount\":1635,\"publisher\":{\"@id\":\"https:\/\/invexo.com.br\/blog\/#organization\"},\"image\":{\"@id\":\"https:\/\/invexo.com.br\/blog\/vitrine-de-ipanema\/#primaryimage\"},\"thumbnailUrl\":\"https:\/\/invexo.com.br\/blog\/wp-content\/uploads\/2022\/08\/fachada-vitrine-de-ipanema-rio-de-janeiro.jpg\",\"keywords\":[\"Ipanema\"],\"articleSection\":[\"Bairros\",\"Informa\u00e7\u00f5es\"],\"inLanguage\":\"pt-BR\"},{\"@type\":\"WebPage\",\"@id\":\"https:\/\/invexo.com.br\/blog\/vitrine-de-ipanema\/\",\"url\":\"https:\/\/invexo.com.br\/blog\/vitrine-de-ipanema\/\",\"name\":\"Vitrine de Ipanema \u2013 Centro comercial na Zona Sul\",\"isPartOf\":{\"@id\":\"https:\/\/invexo.com.br\/blog\/#website\"},\"primaryImageOfPage\":{\"@id\":\"https:\/\/invexo.com.br\/blog\/vitrine-de-ipanema\/#primaryimage\"},\"image\":{\"@id\":\"https:\/\/invexo.com.br\/blog\/vitrine-de-ipanema\/#primaryimage\"},\"thumbnailUrl\":\"https:\/\/invexo.com.br\/blog\/wp-content\/uploads\/2022\/08\/fachada-vitrine-de-ipanema-rio-de-janeiro.jpg\",\"datePublished\":\"2022-09-05T20:00:00+00:00\",\"dateModified\":\"2022-11-07T16:33:43+00:00\",\"description\":\"A Galeria Vitrine de Ipanema \u00e9 conhecida por integrar alguns dos melhores servi\u00e7os disponibilizados em toda a regi\u00e3o.\",\"breadcrumb\":{\"@id\":\"https:\/\/invexo.com.br\/blog\/vitrine-de-ipanema\/#breadcrumb\"},\"inLanguage\":\"pt-BR\",\"potentialAction\":[{\"@type\":\"ReadAction\",\"target\":[\"https:\/\/invexo.com.br\/blog\/vitrine-de-ipanema\/\"]}]},{\"@type\":\"ImageObject\",\"inLanguage\":\"pt-BR\",\"@id\":\"https:\/\/invexo.com.br\/blog\/vitrine-de-ipanema\/#primaryimage\",\"url\":\"https:\/\/invexo.com.br\/blog\/wp-content\/uploads\/2022\/08\/fachada-vitrine-de-ipanema-rio-de-janeiro.jpg\",\"contentUrl\":\"https:\/\/invexo.com.br\/blog\/wp-content\/uploads\/2022\/08\/fachada-vitrine-de-ipanema-rio-de-janeiro.jpg\",\"width\":1280,\"height\":720,\"caption\":\"Fachada Vitrine de Ipanema Rio de Janeiro\"},{\"@type\":\"BreadcrumbList\",\"@id\":\"https:\/\/invexo.com.br\/blog\/vitrine-de-ipanema\/#breadcrumb\",\"itemListElement\":[{\"@type\":\"ListItem\",\"position\":1,\"name\":\"Blog\",\"item\":\"https:\/\/invexo.com.br\/blog\/\"},{\"@type\":\"ListItem\",\"position\":2,\"name\":\"Bairros\",\"item\":\"https:\/\/invexo.com.br\/blog\/categoria\/bairros\/\"},{\"@type\":\"ListItem\",\"position\":3,\"name\":\"Vitrine de Ipanema \u2013 Conhe\u00e7a as lojas da galeria carioca\"}]},{\"@type\":\"WebSite\",\"@id\":\"https:\/\/invexo.com.br\/blog\/#website\",\"url\":\"https:\/\/invexo.com.br\/blog\/\",\"name\":\"Not\u00edcias RJ\",\"description\":\"Not\u00edcias sobre im\u00f3veis, financiamento, mercado imobili\u00e1rio do Rio de Janeiro. Informa\u00e7\u00f5es sobre Bairros, Condom\u00ednios e Regi\u00e3o do Rio de Janeiro.\",\"publisher\":{\"@id\":\"https:\/\/invexo.com.br\/blog\/#organization\"},\"potentialAction\":[{\"@type\":\"SearchAction\",\"target\":{\"@type\":\"EntryPoint\",\"urlTemplate\":\"https:\/\/invexo.com.br\/blog\/?s={search_term_string}\"},\"query-input\":{\"@type\":\"PropertyValueSpecification\",\"valueRequired\":true,\"valueName\":\"search_term_string\"}}],\"inLanguage\":\"pt-BR\"},{\"@type\":\"Organization\",\"@id\":\"https:\/\/invexo.com.br\/blog\/#organization\",\"name\":\"INVEXO Imobili\u00e1ria\",\"url\":\"https:\/\/invexo.com.br\/blog\/\",\"logo\":{\"@type\":\"ImageObject\",\"inLanguage\":\"pt-BR\",\"@id\":\"https:\/\/invexo.com.br\/blog\/#\/schema\/logo\/image\/\",\"url\":\"https:\/\/invexo.com.br\/blog\/wp-content\/uploads\/2018\/09\/invexo-80-melhor.png\",\"contentUrl\":\"https:\/\/invexo.com.br\/blog\/wp-content\/uploads\/2018\/09\/invexo-80-melhor.png\",\"width\":247,\"height\":80,\"caption\":\"INVEXO Imobili\u00e1ria\"},\"image\":{\"@id\":\"https:\/\/invexo.com.br\/blog\/#\/schema\/logo\/image\/\"},\"sameAs\":[\"https:\/\/facebook.com\/invexo\",\"https:\/\/x.com\/invexoimoveis\"]},{\"@type\":\"Person\",\"@id\":\"https:\/\/invexo.com.br\/blog\/#\/schema\/person\/36bee32f1cfacde03dc4c9622a58778d\",\"name\":\"Ronnie Possatti\",\"image\":{\"@type\":\"ImageObject\",\"inLanguage\":\"pt-BR\",\"@id\":\"https:\/\/invexo.com.br\/blog\/#\/schema\/person\/image\/\",\"url\":\"https:\/\/secure.gravatar.com\/avatar\/51a6cdcc215551235c39affb853f1e38?s=96&d=blank&r=g\",\"contentUrl\":\"https:\/\/secure.gravatar.com\/avatar\/51a6cdcc215551235c39affb853f1e38?s=96&d=blank&r=g\",\"caption\":\"Ronnie Possatti\"},\"description\":\"Equipe de especialistas que traz para seus leitores conte\u00fados relevantes e de qualidade sobre bairros, condom\u00ednios, lan\u00e7amentos e not\u00edcias imobili\u00e1rias no Rio de Janeiro.\",\"sameAs\":[\"https:\/\/facebook.com\/invexo\",\"https:\/\/instagram.com\/invexo\",\"https:\/\/x.com\/https:\/\/twitter.com\/invexoimoveis\"],\"url\":\"https:\/\/invexo.com.br\/blog\/author\/invexo\/\"}]}<\/script>\n<!-- \/ Yoast SEO plugin. -->","yoast_head_json":{"title":"Vitrine de Ipanema \u2013 Centro comercial na Zona Sul","description":"A Galeria Vitrine de Ipanema \u00e9 conhecida por integrar alguns dos melhores servi\u00e7os disponibilizados em toda a regi\u00e3o.","robots":{"index":"index","follow":"follow","max-snippet":"max-snippet:-1","max-image-preview":"max-image-preview:large","max-video-preview":"max-video-preview:-1"},"canonical":"https:\/\/invexo.com.br\/blog\/vitrine-de-ipanema\/","og_locale":"pt_BR","og_type":"article","og_title":"Vitrine de Ipanema \u2013 Centro comercial na Zona Sul","og_description":"A Galeria Vitrine de Ipanema \u00e9 conhecida por integrar alguns dos melhores servi\u00e7os disponibilizados em toda a regi\u00e3o.","og_url":"https:\/\/invexo.com.br\/blog\/vitrine-de-ipanema\/","og_site_name":"Not\u00edcias RJ","article_publisher":"https:\/\/facebook.com\/invexo","article_author":"https:\/\/facebook.com\/invexo","article_published_time":"2022-09-05T20:00:00+00:00","article_modified_time":"2022-11-07T16:33:43+00:00","og_image":[{"width":1280,"height":720,"url":"https:\/\/invexo.com.br\/blog\/wp-content\/uploads\/2022\/08\/fachada-vitrine-de-ipanema-rio-de-janeiro.jpg","type":"image\/jpeg"}],"author":"Ronnie Possatti","twitter_card":"summary_large_image","twitter_creator":"@https:\/\/twitter.com\/invexoimoveis","twitter_site":"@invexoimoveis","twitter_misc":{"Escrito por":"Ronnie Possatti","Est. tempo de leitura":"9 minutos"},"schema":{"@context":"https:\/\/schema.org","@graph":[{"@type":"Article","@id":"https:\/\/invexo.com.br\/blog\/vitrine-de-ipanema\/#article","isPartOf":{"@id":"https:\/\/invexo.com.br\/blog\/vitrine-de-ipanema\/"},"author":{"name":"Ronnie Possatti","@id":"https:\/\/invexo.com.br\/blog\/#\/schema\/person\/36bee32f1cfacde03dc4c9622a58778d"},"headline":"Vitrine de Ipanema \u2013 Conhe\u00e7a as lojas da galeria carioca","datePublished":"2022-09-05T20:00:00+00:00","dateModified":"2022-11-07T16:33:43+00:00","mainEntityOfPage":{"@id":"https:\/\/invexo.com.br\/blog\/vitrine-de-ipanema\/"},"wordCount":1635,"publisher":{"@id":"https:\/\/invexo.com.br\/blog\/#organization"},"image":{"@id":"https:\/\/invexo.com.br\/blog\/vitrine-de-ipanema\/#primaryimage"},"thumbnailUrl":"https:\/\/invexo.com.br\/blog\/wp-content\/uploads\/2022\/08\/fachada-vitrine-de-ipanema-rio-de-janeiro.jpg","keywords":["Ipanema"],"articleSection":["Bairros","Informa\u00e7\u00f5es"],"inLanguage":"pt-BR"},{"@type":"WebPage","@id":"https:\/\/invexo.com.br\/blog\/vitrine-de-ipanema\/","url":"https:\/\/invexo.com.br\/blog\/vitrine-de-ipanema\/","name":"Vitrine de Ipanema \u2013 Centro comercial na Zona Sul","isPartOf":{"@id":"https:\/\/invexo.com.br\/blog\/#website"},"primaryImageOfPage":{"@id":"https:\/\/invexo.com.br\/blog\/vitrine-de-ipanema\/#primaryimage"},"image":{"@id":"https:\/\/invexo.com.br\/blog\/vitrine-de-ipanema\/#primaryimage"},"thumbnailUrl":"https:\/\/invexo.com.br\/blog\/wp-content\/uploads\/2022\/08\/fachada-vitrine-de-ipanema-rio-de-janeiro.jpg","datePublished":"2022-09-05T20:00:00+00:00","dateModified":"2022-11-07T16:33:43+00:00","description":"A Galeria Vitrine de Ipanema \u00e9 conhecida por integrar alguns dos melhores servi\u00e7os disponibilizados em toda a regi\u00e3o.","breadcrumb":{"@id":"https:\/\/invexo.com.br\/blog\/vitrine-de-ipanema\/#breadcrumb"},"inLanguage":"pt-BR","potentialAction":[{"@type":"ReadAction","target":["https:\/\/invexo.com.br\/blog\/vitrine-de-ipanema\/"]}]},{"@type":"ImageObject","inLanguage":"pt-BR","@id":"https:\/\/invexo.com.br\/blog\/vitrine-de-ipanema\/#primaryimage","url":"https:\/\/invexo.com.br\/blog\/wp-content\/uploads\/2022\/08\/fachada-vitrine-de-ipanema-rio-de-janeiro.jpg","contentUrl":"https:\/\/invexo.com.br\/blog\/wp-content\/uploads\/2022\/08\/fachada-vitrine-de-ipanema-rio-de-janeiro.jpg","width":1280,"height":720,"caption":"Fachada Vitrine de Ipanema Rio de Janeiro"},{"@type":"BreadcrumbList","@id":"https:\/\/invexo.com.br\/blog\/vitrine-de-ipanema\/#breadcrumb","itemListElement":[{"@type":"ListItem","position":1,"name":"Blog","item":"https:\/\/invexo.com.br\/blog\/"},{"@type":"ListItem","position":2,"name":"Bairros","item":"https:\/\/invexo.com.br\/blog\/categoria\/bairros\/"},{"@type":"ListItem","position":3,"name":"Vitrine de Ipanema \u2013 Conhe\u00e7a as lojas da galeria carioca"}]},{"@type":"WebSite","@id":"https:\/\/invexo.com.br\/blog\/#website","url":"https:\/\/invexo.com.br\/blog\/","name":"Not\u00edcias RJ","description":"Not\u00edcias sobre im\u00f3veis, financiamento, mercado imobili\u00e1rio do Rio de Janeiro. Informa\u00e7\u00f5es sobre Bairros, Condom\u00ednios e Regi\u00e3o do Rio de Janeiro.","publisher":{"@id":"https:\/\/invexo.com.br\/blog\/#organization"},"potentialAction":[{"@type":"SearchAction","target":{"@type":"EntryPoint","urlTemplate":"https:\/\/invexo.com.br\/blog\/?s={search_term_string}"},"query-input":{"@type":"PropertyValueSpecification","valueRequired":true,"valueName":"search_term_string"}}],"inLanguage":"pt-BR"},{"@type":"Organization","@id":"https:\/\/invexo.com.br\/blog\/#organization","name":"INVEXO Imobili\u00e1ria","url":"https:\/\/invexo.com.br\/blog\/","logo":{"@type":"ImageObject","inLanguage":"pt-BR","@id":"https:\/\/invexo.com.br\/blog\/#\/schema\/logo\/image\/","url":"https:\/\/invexo.com.br\/blog\/wp-content\/uploads\/2018\/09\/invexo-80-melhor.png","contentUrl":"https:\/\/invexo.com.br\/blog\/wp-content\/uploads\/2018\/09\/invexo-80-melhor.png","width":247,"height":80,"caption":"INVEXO Imobili\u00e1ria"},"image":{"@id":"https:\/\/invexo.com.br\/blog\/#\/schema\/logo\/image\/"},"sameAs":["https:\/\/facebook.com\/invexo","https:\/\/x.com\/invexoimoveis"]},{"@type":"Person","@id":"https:\/\/invexo.com.br\/blog\/#\/schema\/person\/36bee32f1cfacde03dc4c9622a58778d","name":"Ronnie Possatti","image":{"@type":"ImageObject","inLanguage":"pt-BR","@id":"https:\/\/invexo.com.br\/blog\/#\/schema\/person\/image\/","url":"https:\/\/secure.gravatar.com\/avatar\/51a6cdcc215551235c39affb853f1e38?s=96&d=blank&r=g","contentUrl":"https:\/\/secure.gravatar.com\/avatar\/51a6cdcc215551235c39affb853f1e38?s=96&d=blank&r=g","caption":"Ronnie Possatti"},"description":"Equipe de especialistas que traz para seus leitores conte\u00fados relevantes e de qualidade sobre bairros, condom\u00ednios, lan\u00e7amentos e not\u00edcias imobili\u00e1rias no Rio de Janeiro.","sameAs":["https:\/\/facebook.com\/invexo","https:\/\/instagram.com\/invexo","https:\/\/x.com\/https:\/\/twitter.com\/invexoimoveis"],"url":"https:\/\/invexo.com.br\/blog\/author\/invexo\/"}]}},"taxonomy_info":{"category":[{"value":10,"label":"Bairros"},{"value":15,"label":"Informa\u00e7\u00f5es"}],"post_tag":[{"value":635,"label":"Ipanema"}]},"featured_image_src_large":["https:\/\/invexo.com.br\/blog\/wp-content\/uploads\/2022\/08\/fachada-vitrine-de-ipanema-rio-de-janeiro-1024x576.jpg",1024,576,true],"author_info":{"display_name":"Ronnie Possatti","author_link":"https:\/\/invexo.com.br\/blog\/author\/invexo\/"},"comment_info":0,"category_info":[{"term_id":10,"name":"Bairros","slug":"bairros","term_group":0,"term_taxonomy_id":10,"taxonomy":"category","description":"Not\u00edcias sobre estabelecimentos nos melhores bairros para se morar no Rio de Janeiro.","parent":0,"count":1354,"filter":"raw","cat_ID":10,"category_count":1354,"category_description":"Not\u00edcias sobre estabelecimentos nos melhores bairros para se morar no Rio de Janeiro.","cat_name":"Bairros","category_nicename":"bairros","category_parent":0},{"term_id":15,"name":"Informa\u00e7\u00f5es","slug":"informacoes","term_group":0,"term_taxonomy_id":15,"taxonomy":"category","description":"Informa\u00e7\u00f5es, experi\u00eancia nos melhores estabelecimentos em bairros nobres para se viver no Rio de Janeiro. Tudo sobre cultura, entretenimento e lazer.","parent":0,"count":1297,"filter":"raw","cat_ID":15,"category_count":1297,"category_description":"Informa\u00e7\u00f5es, experi\u00eancia nos melhores estabelecimentos em bairros nobres para se viver no Rio de Janeiro. Tudo sobre cultura, entretenimento e lazer.","cat_name":"Informa\u00e7\u00f5es","category_nicename":"informacoes","category_parent":0}],"tag_info":[{"term_id":635,"name":"Ipanema","slug":"ipanema","term_group":0,"term_taxonomy_id":635,"taxonomy":"post_tag","description":"","parent":0,"count":359,"filter":"raw"}],"_links":{"self":[{"href":"https:\/\/invexo.com.br\/blog\/wp-json\/wp\/v2\/posts\/29219"}],"collection":[{"href":"https:\/\/invexo.com.br\/blog\/wp-json\/wp\/v2\/posts"}],"about":[{"href":"https:\/\/invexo.com.br\/blog\/wp-json\/wp\/v2\/types\/post"}],"author":[{"embeddable":true,"href":"https:\/\/invexo.com.br\/blog\/wp-json\/wp\/v2\/users\/2"}],"replies":[{"embeddable":true,"href":"https:\/\/invexo.com.br\/blog\/wp-json\/wp\/v2\/comments?post=29219"}],"version-history":[{"count":1,"href":"https:\/\/invexo.com.br\/blog\/wp-json\/wp\/v2\/posts\/29219\/revisions"}],"predecessor-version":[{"id":29315,"href":"https:\/\/invexo.com.br\/blog\/wp-json\/wp\/v2\/posts\/29219\/revisions\/29315"}],"wp:featuredmedia":[{"embeddable":true,"href":"https:\/\/invexo.com.br\/blog\/wp-json\/wp\/v2\/media\/29243"}],"wp:attachment":[{"href":"https:\/\/invexo.com.br\/blog\/wp-json\/wp\/v2\/media?parent=29219"}],"wp:term":[{"taxonomy":"category","embeddable":true,"href":"https:\/\/invexo.com.br\/blog\/wp-json\/wp\/v2\/categories?post=29219"},{"taxonomy":"post_tag","embeddable":true,"href":"https:\/\/invexo.com.br\/blog\/wp-json\/wp\/v2\/tags?post=29219"}],"curies":[{"name":"wp","href":"https:\/\/api.w.org\/{rel}","templated":true}]}}