{"id":29009,"date":"2022-08-16T17:00:00","date_gmt":"2022-08-16T20:00:00","guid":{"rendered":"https:\/\/invexo.com.br\/blog\/?p=29009"},"modified":"2023-01-06T11:26:54","modified_gmt":"2023-01-06T14:26:54","slug":"le-vin-ipanema","status":"publish","type":"post","link":"https:\/\/invexo.com.br\/blog\/le-vin-ipanema\/","title":{"rendered":"Le Vin Ipanema agora fica no Leblon \u2013 Conhe\u00e7a detalhes"},"content":{"rendered":"\n<p>Se voc\u00ea \u00e9 amante da culin\u00e1ria francesa e est\u00e1 \u00e0 procura de um bistr\u00f4, com certeza deve fazer uma visita ao Le Vin Ipanema, que agora fica no Leblon.<\/p>\n\n\n\n<p>O restaurante queridinho da Zona Sul carioca havia fechado suas portas, mas, para a alegria de seus clientes, j\u00e1 possui um novo endere\u00e7o no Shopping Rio Design no Leblon.<\/p>\n\n\n\n<!--more-->\n\n\n\n<p>Sua infraestrutura \u00e9 estonteante e sua decora\u00e7\u00e3o moderna e elegante remete ao design das cozinhas francesas. E, atrav\u00e9s de um atendimento de primeira linha e do servi\u00e7o de chefs incrivelmente talentosos, os clientes se sentem confort\u00e1veis e bem recebidos.<\/p>\n\n\n\n<p>O clima do ambiente \u00e9 receptivo e bastante prop\u00edcio para um encontro com os familiares, evento com amigos ou um programa rom\u00e2ntico. Com diversas op\u00e7\u00f5es da alta culin\u00e1ria francesa, o card\u00e1pio do Le Vin Ipanema conquista a todos os seus clientes.<\/p>\n\n\n\n<p>Afinal, seus pratos s\u00e3o bem temperados e apresentam texturas diversificadas que, em conjunto, causam uma explos\u00e3o de sabores. Com tanta op\u00e7\u00e3o deliciosa oferecida pelo Le Vin Ipanema, fica f\u00e1cil saborear um pouquinho da Fran\u00e7a na maravilhosa cidade do Rio de Janeiro.<\/p>\n\n\n\n<h2 class=\"wp-block-heading\">Conhe\u00e7a o restaurante franc\u00eas no Leblon<\/h2>\n\n\n\n<p>O Le Vin \u00e9 uma das redes de bistr\u00f4s franceses mais querida do Rio de Janeiro, que oferece diversos pratos da alta culin\u00e1ria francesa. Seu in\u00edcio ocorreu h\u00e1 pouco tempo, em 2007, no bairro de Ipanema, numa casa art-d\u00e9co anos 50.<\/p>\n\n\n\n<p>Sua infraestrutura era sofisticada e aconchegante, com uma varanda para quem aprecia um clima de comer e beber no estilo \u201cvendo a vida passar\u201d, al\u00e9m da cal\u00e7ada com mesinhas e a tradicional toalha quadriculada azul.<\/p>\n\n\n\n<p>Este clima se manteve e foi transmitido a cada uma de suas unidades, que s\u00e3o comandadas pelo Restaurateur Francisco Barroso e seus filhos, Fred e Felipe Barroso.<\/p>\n\n\n\n<p>Atrav\u00e9s de um treinamento de primeira linha, toda a equipe do restaurante se prop\u00f5e a oferecer o melhor servi\u00e7o poss\u00edvel aos seus clientes. O Le Vin oferece uma gama de pratos cl\u00e1ssicos da culin\u00e1ria francesa, como o steak tartare, mexilh\u00f5es \u00e0 proven\u00e7al, arroz de pato, cassoulet e muito mais.<\/p>\n\n\n\n<p>Al\u00e9m disso, o restaurante inova trazendo pratos diversificados, como strogonoff, sopas, batatas fritas e hamb\u00fargueres. O bistr\u00f4 ainda conta com um servi\u00e7o de Delivery, no qual voc\u00ea pode apreciar algumas das melhores iguarias diretamente do conforto de sua casa.<\/p>\n\n\n\n<p>Assim, o bistr\u00f4 Le Vin Ipanema se tornou uma parada essencial para todos os amantes da culin\u00e1ria francesa. Al\u00e9m de integrar o Le Vin, o bairro do Leblon conta com uma ampla rede gastron\u00f4mica,<strong> <\/strong>com diversas op\u00e7\u00f5es de restaurantes franceses, italianos, japoneses, entre outros.<\/p>\n\n\n\n<p>Dessa forma, fica f\u00e1cil para os moradores deste nobre bairro aproveitarem uma das melhores experi\u00eancias gastron\u00f4micas da cidade do Rio. O bairro tamb\u00e9m oferece uma das melhores infraestruturas da Cidade Maravilhosa, sendo ideal para quem preza por conforto.<\/p>\n\n\n\n<div class=\"wp-block-group\"><div class=\"wp-block-group__inner-container is-layout-flow wp-block-group-is-layout-flow\">\n<p>Oportunidades \u00fanicas de im\u00f3veis exclusivos no Leblon. Siga nosso&nbsp;<strong><a href=\"https:\/\/whatsapp.com\/channel\/0029Va6pgNA0VycOAQkTIa3Z\">canal no WhatsApp<\/a><\/strong>&nbsp;e tenha acesso antecipado aos im\u00f3veis \u00e0 venda na regi\u00e3o.<\/p>\n\n\n\n<p><a href=\"https:\/\/whatsapp.com\/channel\/0029VaB0crhDZ4LfWQoKd22G\"><\/a><\/p>\n<\/div><\/div>\n\n\n\n<script async src=\"https:\/\/pagead2.googlesyndication.com\/pagead\/js\/adsbygoogle.js?client=ca-pub-6250649730240355\"\n     crossorigin=\"anonymous\"><\/script>\n<!-- Anuncios Blog -->\n<ins class=\"adsbygoogle\"\n     style=\"display:block\"\n     data-ad-client=\"ca-pub-6250649730240355\"\n     data-ad-slot=\"3218632260\"\n     data-ad-format=\"auto\"\n     data-full-width-responsive=\"true\"><\/ins>\n<script>\n     (adsbygoogle = window.adsbygoogle || []).push({});\n<\/script>\n\n\n\n<h2 class=\"wp-block-heading\">Le Vin restaurante card\u00e1pio<\/h2>\n\n\n\n<p>O card\u00e1pio do restaurante Le Vin Ipanema \u00e9 extenso e sofisticado. Suas receitas s\u00e3o preparadas para agradar seus clientes atrav\u00e9s de temperos \u00fanicos e texturas incr\u00edveis.<\/p>\n\n\n\n<p>S\u00e3o diversas op\u00e7\u00f5es que podem ser degustadas na sua ida ao restaurante. A dica \u00e9 combinar os pratos para que voc\u00ea possa provar um pouquinho de cada especiaria disponibilizada no local. As principais categorias do card\u00e1pio do Le Vin s\u00e3o:<\/p>\n\n\n\n<ul><li>Entradas;<\/li><li>Pratos;<\/li><li>Ostras e Mexilh\u00f5es;<\/li><li>Saladas;<\/li><li>Massas Especiais;<\/li><li>Guarni\u00e7\u00f5es;<\/li><li>Sobremesas;<\/li><li>E Sandu\u00edches.<\/li><\/ul>\n\n\n\n<p>O card\u00e1pio ainda conta com op\u00e7\u00f5es de Hamb\u00farguer, Ovos e Quiche, perfeitas para serem apreciadas ao longo do dia, acompanhadas ou n\u00e3o de um prato principal.<\/p>\n\n\n\n<figure class=\"wp-block-image size-large\"><a href=\"https:\/\/luxury.invexo.com.br\/bairro\/Ipanema\/\"><img decoding=\"async\" width=\"1024\" height=\"576\" src=\"https:\/\/invexo.com.br\/blog\/wp-content\/uploads\/2022\/08\/mesas-le-vin-ipanema-agora-fica-no-leblon-rio-de-janeiro-1024x576.jpg\" alt=\"Mesas Le Vin Ipanema agora fica no Leblon Rio de Janeiro\" class=\"wp-image-29027\" srcset=\"https:\/\/invexo.com.br\/blog\/wp-content\/uploads\/2022\/08\/mesas-le-vin-ipanema-agora-fica-no-leblon-rio-de-janeiro-1024x576.jpg 1024w, https:\/\/invexo.com.br\/blog\/wp-content\/uploads\/2022\/08\/mesas-le-vin-ipanema-agora-fica-no-leblon-rio-de-janeiro-300x169.jpg 300w, https:\/\/invexo.com.br\/blog\/wp-content\/uploads\/2022\/08\/mesas-le-vin-ipanema-agora-fica-no-leblon-rio-de-janeiro-768x432.jpg 768w, https:\/\/invexo.com.br\/blog\/wp-content\/uploads\/2022\/08\/mesas-le-vin-ipanema-agora-fica-no-leblon-rio-de-janeiro.jpg 1280w\" sizes=\"(max-width: 1024px) 100vw, 1024px\" \/><\/a><\/figure>\n\n\n\n<h3 class=\"wp-block-heading\">Entradas<\/h3>\n\n\n\n<p>O Le Vin Ipanema \u00e9 dono de um card\u00e1pio de entradas diversificadas e saborosas, que caem bem ao gosto dos amantes da culin\u00e1ria francesa.<\/p>\n\n\n\n<p>S\u00e3o diversas possibilidades de entradas que podem ser combinadas entre si, proporcionando ao cliente uma explos\u00e3o de sabores. Dentre as op\u00e7\u00f5es de entradas oferecidas pelo Le Vin Ipanema, destacam-se as seguintes:<\/p>\n\n\n\n<ul><li><strong>Salada Verde com Queijo de Cabra:<\/strong> saboroso mix de folhas verdes temperadas com vinagrete da casa e queijo de cabra;<\/li><li><strong>Por\u00e7\u00e3o de Past\u00e9is:<\/strong> composta por seis unidades de pastel com sabor a sua escolha;<\/li><li><strong>Terrine de Campanha:<\/strong> mix de carnes nobres su\u00ednas e bovinas com salada verde e pepino em conserva;<\/li><li><strong>Tartare de Salm\u00e3o com Torradas:<\/strong> composto de salm\u00e3o fresco em cubos temperado com azeite, sal, pimenta do reino, maionese, alcaparras, pepino em conserva e suco de lim\u00e3o.<\/li><\/ul>\n\n\n\n<p>Al\u00e9m destes saborosos pratos, o Le Vin Ipanema ainda conta com op\u00e7\u00f5es de Carpaccio de Polvo e de Carne, que podem ser apreciadas a qualquer momento do dia.<\/p>\n\n\n\n<p>Voc\u00ea ainda tem a op\u00e7\u00e3o de pedir uma maravilhosa por\u00e7\u00e3o de Ostras, que vem com 12 unidades, ou os queridinhos Mexilh\u00f5es \u00e0 Proven\u00e7al.&nbsp;<\/p>\n\n\n\n<p>S\u00e3o diversas possibilidades de entradas disponibilizadas pelo Le Vin Ipanema, que combinam perfeitamente com o estilo gastron\u00f4mico oferecido por seus pratos principais.<\/p>\n\n\n\n<h3 class=\"wp-block-heading\">Le Vin bistr\u00f4: Patisserie<\/h3>\n\n\n\n<p>Para os amantes de uma bela padaria francesa, o Le Vin Ipanema conta com um servi\u00e7o de P\u00e2tisserie. Assim, voc\u00ea pode encontrar diversos bolos e doces, preparados com receitas t\u00edpicas da Fran\u00e7a. Na p\u00e2tisserie do Le Vin Ipanema voc\u00ea pode encontrar as seguintes especiarias:<\/p>\n\n\n\n<ul><li>Bombas de Chocolate;<\/li><li>Macarrons;<\/li><li>P\u00e3es;<\/li><li>Caf\u00e9s;<\/li><li>Empadinhas Doces;<\/li><li>Tortinhas;<\/li><li>Mini Bolos;<\/li><li>E muito mais.<\/li><\/ul>\n\n\n\n<p>Todas essas del\u00edcias ficam disponibilizadas no balc\u00e3o do restaurante, e podem ser retiradas na hora do pedido, sem a necessidade de aguardar o preparo. As op\u00e7\u00f5es s\u00e3o deliciosas e pr\u00e1ticas, tornando f\u00e1cil a escolha de mais de um quitute em uma \u00fanica visita.<\/p>\n\n\n\n<h3 class=\"wp-block-heading\">Individuais<\/h3>\n\n\n\n<p>A categoria de pratos individuais \u00e9 respons\u00e1vel por apresentar receitas de primeira linha, elaboradas para agradar aos mais diversos paladares. S\u00e3o pratos extremamente saborosos que combinam sofistica\u00e7\u00e3o e tradicionalidade, gerando um tempero \u00fanico.<\/p>\n\n\n\n<p>Os pratos individuais mais requisitados do Le Vin Ipanema s\u00e3o:<\/p>\n\n\n\n<ul><li><strong>Galeto Assado:<\/strong> consiste em um saboroso galeto assado com toque do chef, arroz branco, batata frita da casa e farofa;<\/li><li><strong>Parmegiana:<\/strong> carne bovina \u00e0 milanesa com queijo gratinado, arroz branco e batata frita palito;<\/li><li><strong>Penne com Rag\u00fa:<\/strong> saborosa massa de grano duro com rag\u00fa do dia;<\/li><li><strong>Penne com Mussarela de B\u00fafula:<\/strong> massa de grano duro com molho de tomate e toque de manjeric\u00e3o;<\/li><li><strong>Picadinho Le Vin:<\/strong> fil\u00e9 mignon em cubos, ovo frito, banana, arroz branco, farofa e feij\u00e3o;<\/li><li><strong>Strogonoff de Carne:<\/strong> carne e molho a base de creme de leite fresco com cogumelos paris, arroz e batata palha da casa.<\/li><\/ul>\n\n\n\n<p>Al\u00e9m destas op\u00e7\u00f5es, voc\u00ea ainda pode experimentar a Til\u00e1pia \u00e0 Proven\u00e7al, um prato que consiste em til\u00e1pia assada ao forno com tomates concass\u00ea e pur\u00ea de batata. Outra excelente pedida \u00e9 o delicioso Carr\u00e9 Su\u00edno \u00e0 milanesa com batata frita da casa, r\u00facula e lascas de grana padano.<\/p>\n\n\n\n<p>E, para acompanhar as entradas, \u00e9 poss\u00edvel pedir algumas das saborosas guarni\u00e7\u00f5es, como batata frita, cuscuz marroquino, espinafre sot\u00e9, por\u00e7\u00e3o de legume, por\u00e7\u00e3o de arroz, dentre outras.<\/p>\n\n\n\n<p>Voc\u00ea ainda pode pedir alguma bebida para acompanhar estes pratos, como refrigerante, suco, \u00e1gua ou mate.<\/p>\n\n\n\n<h3 class=\"wp-block-heading\">Le vin sobremesas<\/h3>\n\n\n\n<p>O card\u00e1pio de sobremesas do Le Vin Ipanema \u00e9 um show \u00e0 parte. S\u00e3o diversas op\u00e7\u00f5es saborosas que conversam perfeitamente com os pratos principais servidos no lugar.<\/p>\n\n\n\n<p>As del\u00edcias a\u00e7ucaradas podem ser consumidas tanto no inverno quanto no ver\u00e3o, tornando poss\u00edvel uma aprecia\u00e7\u00e3o completa por seus clientes.<\/p>\n\n\n\n<p>Dentre as sobremesas servidas pelo Le Vin Ipanema, destacam-se as seguintes:<\/p>\n\n\n\n<ul><li>Torta das Irm\u00e3s Tatin;<\/li><li>Creme Br\u00fbl\u00e9e;<\/li><li>Pudim de Leite com Calda de Caramelo;<\/li><li>Verdadeiro Bolo Quente de Chocolate;<\/li><li>Rabanada de Brioche com Sorvete de Baunilha;<\/li><li>Brownie de Chocolate com Sorvete de Pistache;<\/li><li>Dentre outras.<\/li><\/ul>\n\n\n\n<p>Um dos grandes destaques, definitivamente, \u00e9 o Profiteroles au Chocolat, uma deliciosa sobremesa que consiste no conhecido profiteroles envolto de uma camada fina de chocolate, que \u00e9 derretida pelo gar\u00e7om no momento que ele chega \u00e0 mesa do cliente com o prato.<\/p>\n\n\n\n<p>O restaurante ainda conta com fatias de bolo gelado de chocolate ou coco, excelentes op\u00e7\u00f5es para uma sobremesa de viagem. E, para agradar ainda mais os seus clientes, o Le Vin Ipanema serve um delicioso suspiro, al\u00e9m de outros doces famosos.<\/p>\n\n\n\n<h2 class=\"wp-block-heading\">Onde fica o novo Le Vin Ipanema no Leblon<\/h2>\n\n\n\n<p>O querido restaurante franc\u00eas Le Vin Ipanema foi transferido para o badalado Shopping Rio Design Leblon, no Rio de Janeiro.<\/p>\n\n\n\n<p>O bairro fica pr\u00f3ximo do seu endere\u00e7o antigo, em Ipanema, o que facilitou a vida dos f\u00e3s do restaurante que, mesmo ap\u00f3s a mudan\u00e7a, n\u00e3o precisam percorrer uma enorme dist\u00e2ncia para chegar at\u00e9 o lugar.<\/p>\n\n\n\n<p><strong>Endere\u00e7o:<\/strong> Avenida Ataulfo de Paiva, 270, Leblon, Rio de Janeiro.<br><strong>Hor\u00e1rio de Funcionamento:<\/strong> Todos os dias, das 12h \u00e0s 22h.<\/p>\n\n\n\n<p>Os bairros de Ipanema e Leblon s\u00e3o conectados por extensas linhas de metr\u00f4, posicionadas em pontos estrat\u00e9gicos para fazer a integra\u00e7\u00e3o r\u00e1pida entre v\u00e1rios bairros da Zona Sul carioca. Assim, seus frequentadores podem aproveitar o melhor oferecido por ambos.<\/p>\n\n\n\n<p>A \u00e1rea de Leblon \u00e9 extensa e conta com uma excelente infraestrutura, repleta de estabelecimentos renomados e servi\u00e7os essenciais para o dia a dia de seus moradores.<\/p>\n\n\n\n<p>Pr\u00f3ximo ao Le Vin, ficam situados outros restaurantes famosos, como o Vida Bistr\u00f4, o Brasserie Mimolette e o Pastrella. O bairro ainda conta com excelentes im\u00f3veis residenciais de luxo que atraem constantemente novos moradores para este nobre bairro da cidade do Rio de Janeiro.<\/p>\n\n\n\n<script async src=\"https:\/\/pagead2.googlesyndication.com\/pagead\/js\/adsbygoogle.js?client=ca-pub-6250649730240355\"\n     crossorigin=\"anonymous\"><\/script>\n<ins class=\"adsbygoogle\"\n     style=\"display:block\"\n     data-ad-format=\"fluid\"\n     data-ad-layout-key=\"-fb+5w+4e-db+86\"\n     data-ad-client=\"ca-pub-6250649730240355\"\n     data-ad-slot=\"9908760168\"><\/ins>\n<script>\n     (adsbygoogle = window.adsbygoogle || []).push({});\n<\/script>\n","protected":false},"excerpt":{"rendered":"<p>O Le Vin Ipanema havia fechado as portas. Mas o bistr\u00f4 franc\u00eas j\u00e1 possui um novo endere\u00e7o no Shopping Rio Design, no Leblon.<\/p>\n","protected":false},"author":2,"featured_media":29026,"comment_status":"closed","ping_status":"closed","sticky":false,"template":"","format":"standard","meta":{"_acf_changed":false,"_kad_blocks_custom_css":"","_kad_blocks_head_custom_js":"","_kad_blocks_body_custom_js":"","_kad_blocks_footer_custom_js":"","_kadence_starter_templates_imported_post":false,"_kad_post_transparent":"","_kad_post_title":"","_kad_post_layout":"","_kad_post_sidebar_id":"","_kad_post_content_style":"","_kad_post_vertical_padding":"","_kad_post_feature":"","_kad_post_feature_position":"","_kad_post_header":false,"_kad_post_footer":false,"footnotes":""},"categories":[10,15],"tags":[635],"acf":[],"yoast_head":"<!-- This site is optimized with the Yoast SEO plugin v24.1 - https:\/\/yoast.com\/wordpress\/plugins\/seo\/ -->\n<title>Le Vin Ipanema agora fica no Leblon \u2013 Veja detalhes<\/title>\n<meta name=\"description\" content=\"O Le Vin Ipanema havia fechado as portas. Mas o bistr\u00f4 franc\u00eas j\u00e1 possui um novo endere\u00e7o no Shopping Rio Design, no Leblon.\" \/>\n<meta name=\"robots\" content=\"index, follow, max-snippet:-1, max-image-preview:large, max-video-preview:-1\" \/>\n<link rel=\"canonical\" href=\"https:\/\/invexo.com.br\/blog\/le-vin-ipanema\/\" \/>\n<meta property=\"og:locale\" content=\"pt_BR\" \/>\n<meta property=\"og:type\" content=\"article\" \/>\n<meta property=\"og:title\" content=\"Le Vin Ipanema agora fica no Leblon \u2013 Veja detalhes\" \/>\n<meta property=\"og:description\" content=\"O Le Vin Ipanema havia fechado as portas. Mas o bistr\u00f4 franc\u00eas j\u00e1 possui um novo endere\u00e7o no Shopping Rio Design, no Leblon.\" \/>\n<meta property=\"og:url\" content=\"https:\/\/invexo.com.br\/blog\/le-vin-ipanema\/\" \/>\n<meta property=\"og:site_name\" content=\"Not\u00edcias RJ\" \/>\n<meta property=\"article:publisher\" content=\"https:\/\/facebook.com\/invexo\" \/>\n<meta property=\"article:author\" content=\"https:\/\/facebook.com\/invexo\" \/>\n<meta property=\"article:published_time\" content=\"2022-08-16T20:00:00+00:00\" \/>\n<meta property=\"article:modified_time\" content=\"2023-01-06T14:26:54+00:00\" \/>\n<meta property=\"og:image\" content=\"https:\/\/invexo.com.br\/blog\/wp-content\/uploads\/2022\/08\/fachada-le-vin-ipanema-agora-fica-no-leblon-rio-de-janeiro.jpg\" \/>\n\t<meta property=\"og:image:width\" content=\"1280\" \/>\n\t<meta property=\"og:image:height\" content=\"720\" \/>\n\t<meta property=\"og:image:type\" content=\"image\/jpeg\" \/>\n<meta name=\"author\" content=\"Ronnie Possatti\" \/>\n<meta name=\"twitter:card\" content=\"summary_large_image\" \/>\n<meta name=\"twitter:creator\" content=\"@https:\/\/twitter.com\/invexoimoveis\" \/>\n<meta name=\"twitter:site\" content=\"@invexoimoveis\" \/>\n<meta name=\"twitter:label1\" content=\"Escrito por\" \/>\n\t<meta name=\"twitter:data1\" content=\"Ronnie Possatti\" \/>\n\t<meta name=\"twitter:label2\" content=\"Est. tempo de leitura\" \/>\n\t<meta name=\"twitter:data2\" content=\"9 minutos\" \/>\n<script type=\"application\/ld+json\" class=\"yoast-schema-graph\">{\"@context\":\"https:\/\/schema.org\",\"@graph\":[{\"@type\":\"Article\",\"@id\":\"https:\/\/invexo.com.br\/blog\/le-vin-ipanema\/#article\",\"isPartOf\":{\"@id\":\"https:\/\/invexo.com.br\/blog\/le-vin-ipanema\/\"},\"author\":{\"name\":\"Ronnie Possatti\",\"@id\":\"https:\/\/invexo.com.br\/blog\/#\/schema\/person\/36bee32f1cfacde03dc4c9622a58778d\"},\"headline\":\"Le Vin Ipanema agora fica no Leblon \u2013 Conhe\u00e7a detalhes\",\"datePublished\":\"2022-08-16T20:00:00+00:00\",\"dateModified\":\"2023-01-06T14:26:54+00:00\",\"mainEntityOfPage\":{\"@id\":\"https:\/\/invexo.com.br\/blog\/le-vin-ipanema\/\"},\"wordCount\":1612,\"publisher\":{\"@id\":\"https:\/\/invexo.com.br\/blog\/#organization\"},\"image\":{\"@id\":\"https:\/\/invexo.com.br\/blog\/le-vin-ipanema\/#primaryimage\"},\"thumbnailUrl\":\"https:\/\/invexo.com.br\/blog\/wp-content\/uploads\/2022\/08\/fachada-le-vin-ipanema-agora-fica-no-leblon-rio-de-janeiro.jpg\",\"keywords\":[\"Ipanema\"],\"articleSection\":[\"Bairros\",\"Informa\u00e7\u00f5es\"],\"inLanguage\":\"pt-BR\"},{\"@type\":\"WebPage\",\"@id\":\"https:\/\/invexo.com.br\/blog\/le-vin-ipanema\/\",\"url\":\"https:\/\/invexo.com.br\/blog\/le-vin-ipanema\/\",\"name\":\"Le Vin Ipanema agora fica no Leblon \u2013 Veja detalhes\",\"isPartOf\":{\"@id\":\"https:\/\/invexo.com.br\/blog\/#website\"},\"primaryImageOfPage\":{\"@id\":\"https:\/\/invexo.com.br\/blog\/le-vin-ipanema\/#primaryimage\"},\"image\":{\"@id\":\"https:\/\/invexo.com.br\/blog\/le-vin-ipanema\/#primaryimage\"},\"thumbnailUrl\":\"https:\/\/invexo.com.br\/blog\/wp-content\/uploads\/2022\/08\/fachada-le-vin-ipanema-agora-fica-no-leblon-rio-de-janeiro.jpg\",\"datePublished\":\"2022-08-16T20:00:00+00:00\",\"dateModified\":\"2023-01-06T14:26:54+00:00\",\"description\":\"O Le Vin Ipanema havia fechado as portas. Mas o bistr\u00f4 franc\u00eas j\u00e1 possui um novo endere\u00e7o no Shopping Rio Design, no Leblon.\",\"breadcrumb\":{\"@id\":\"https:\/\/invexo.com.br\/blog\/le-vin-ipanema\/#breadcrumb\"},\"inLanguage\":\"pt-BR\",\"potentialAction\":[{\"@type\":\"ReadAction\",\"target\":[\"https:\/\/invexo.com.br\/blog\/le-vin-ipanema\/\"]}]},{\"@type\":\"ImageObject\",\"inLanguage\":\"pt-BR\",\"@id\":\"https:\/\/invexo.com.br\/blog\/le-vin-ipanema\/#primaryimage\",\"url\":\"https:\/\/invexo.com.br\/blog\/wp-content\/uploads\/2022\/08\/fachada-le-vin-ipanema-agora-fica-no-leblon-rio-de-janeiro.jpg\",\"contentUrl\":\"https:\/\/invexo.com.br\/blog\/wp-content\/uploads\/2022\/08\/fachada-le-vin-ipanema-agora-fica-no-leblon-rio-de-janeiro.jpg\",\"width\":1280,\"height\":720,\"caption\":\"Fachada Le Vin Ipanema agora fica no Leblon Rio de Janeiro\"},{\"@type\":\"BreadcrumbList\",\"@id\":\"https:\/\/invexo.com.br\/blog\/le-vin-ipanema\/#breadcrumb\",\"itemListElement\":[{\"@type\":\"ListItem\",\"position\":1,\"name\":\"Blog\",\"item\":\"https:\/\/invexo.com.br\/blog\/\"},{\"@type\":\"ListItem\",\"position\":2,\"name\":\"Bairros\",\"item\":\"https:\/\/invexo.com.br\/blog\/categoria\/bairros\/\"},{\"@type\":\"ListItem\",\"position\":3,\"name\":\"Le Vin Ipanema agora fica no Leblon \u2013 Conhe\u00e7a detalhes\"}]},{\"@type\":\"WebSite\",\"@id\":\"https:\/\/invexo.com.br\/blog\/#website\",\"url\":\"https:\/\/invexo.com.br\/blog\/\",\"name\":\"Not\u00edcias RJ\",\"description\":\"Not\u00edcias sobre im\u00f3veis, financiamento, mercado imobili\u00e1rio do Rio de Janeiro. Informa\u00e7\u00f5es sobre Bairros, Condom\u00ednios e Regi\u00e3o do Rio de Janeiro.\",\"publisher\":{\"@id\":\"https:\/\/invexo.com.br\/blog\/#organization\"},\"potentialAction\":[{\"@type\":\"SearchAction\",\"target\":{\"@type\":\"EntryPoint\",\"urlTemplate\":\"https:\/\/invexo.com.br\/blog\/?s={search_term_string}\"},\"query-input\":{\"@type\":\"PropertyValueSpecification\",\"valueRequired\":true,\"valueName\":\"search_term_string\"}}],\"inLanguage\":\"pt-BR\"},{\"@type\":\"Organization\",\"@id\":\"https:\/\/invexo.com.br\/blog\/#organization\",\"name\":\"INVEXO Imobili\u00e1ria\",\"url\":\"https:\/\/invexo.com.br\/blog\/\",\"logo\":{\"@type\":\"ImageObject\",\"inLanguage\":\"pt-BR\",\"@id\":\"https:\/\/invexo.com.br\/blog\/#\/schema\/logo\/image\/\",\"url\":\"https:\/\/invexo.com.br\/blog\/wp-content\/uploads\/2018\/09\/invexo-80-melhor.png\",\"contentUrl\":\"https:\/\/invexo.com.br\/blog\/wp-content\/uploads\/2018\/09\/invexo-80-melhor.png\",\"width\":247,\"height\":80,\"caption\":\"INVEXO Imobili\u00e1ria\"},\"image\":{\"@id\":\"https:\/\/invexo.com.br\/blog\/#\/schema\/logo\/image\/\"},\"sameAs\":[\"https:\/\/facebook.com\/invexo\",\"https:\/\/x.com\/invexoimoveis\"]},{\"@type\":\"Person\",\"@id\":\"https:\/\/invexo.com.br\/blog\/#\/schema\/person\/36bee32f1cfacde03dc4c9622a58778d\",\"name\":\"Ronnie Possatti\",\"image\":{\"@type\":\"ImageObject\",\"inLanguage\":\"pt-BR\",\"@id\":\"https:\/\/invexo.com.br\/blog\/#\/schema\/person\/image\/\",\"url\":\"https:\/\/secure.gravatar.com\/avatar\/51a6cdcc215551235c39affb853f1e38?s=96&d=blank&r=g\",\"contentUrl\":\"https:\/\/secure.gravatar.com\/avatar\/51a6cdcc215551235c39affb853f1e38?s=96&d=blank&r=g\",\"caption\":\"Ronnie Possatti\"},\"description\":\"Equipe de especialistas que traz para seus leitores conte\u00fados relevantes e de qualidade sobre bairros, condom\u00ednios, lan\u00e7amentos e not\u00edcias imobili\u00e1rias no Rio de Janeiro.\",\"sameAs\":[\"https:\/\/facebook.com\/invexo\",\"https:\/\/instagram.com\/invexo\",\"https:\/\/x.com\/https:\/\/twitter.com\/invexoimoveis\"],\"url\":\"https:\/\/invexo.com.br\/blog\/author\/invexo\/\"}]}<\/script>\n<!-- \/ Yoast SEO plugin. -->","yoast_head_json":{"title":"Le Vin Ipanema agora fica no Leblon \u2013 Veja detalhes","description":"O Le Vin Ipanema havia fechado as portas. Mas o bistr\u00f4 franc\u00eas j\u00e1 possui um novo endere\u00e7o no Shopping Rio Design, no Leblon.","robots":{"index":"index","follow":"follow","max-snippet":"max-snippet:-1","max-image-preview":"max-image-preview:large","max-video-preview":"max-video-preview:-1"},"canonical":"https:\/\/invexo.com.br\/blog\/le-vin-ipanema\/","og_locale":"pt_BR","og_type":"article","og_title":"Le Vin Ipanema agora fica no Leblon \u2013 Veja detalhes","og_description":"O Le Vin Ipanema havia fechado as portas. Mas o bistr\u00f4 franc\u00eas j\u00e1 possui um novo endere\u00e7o no Shopping Rio Design, no Leblon.","og_url":"https:\/\/invexo.com.br\/blog\/le-vin-ipanema\/","og_site_name":"Not\u00edcias RJ","article_publisher":"https:\/\/facebook.com\/invexo","article_author":"https:\/\/facebook.com\/invexo","article_published_time":"2022-08-16T20:00:00+00:00","article_modified_time":"2023-01-06T14:26:54+00:00","og_image":[{"width":1280,"height":720,"url":"https:\/\/invexo.com.br\/blog\/wp-content\/uploads\/2022\/08\/fachada-le-vin-ipanema-agora-fica-no-leblon-rio-de-janeiro.jpg","type":"image\/jpeg"}],"author":"Ronnie Possatti","twitter_card":"summary_large_image","twitter_creator":"@https:\/\/twitter.com\/invexoimoveis","twitter_site":"@invexoimoveis","twitter_misc":{"Escrito por":"Ronnie Possatti","Est. tempo de leitura":"9 minutos"},"schema":{"@context":"https:\/\/schema.org","@graph":[{"@type":"Article","@id":"https:\/\/invexo.com.br\/blog\/le-vin-ipanema\/#article","isPartOf":{"@id":"https:\/\/invexo.com.br\/blog\/le-vin-ipanema\/"},"author":{"name":"Ronnie Possatti","@id":"https:\/\/invexo.com.br\/blog\/#\/schema\/person\/36bee32f1cfacde03dc4c9622a58778d"},"headline":"Le Vin Ipanema agora fica no Leblon \u2013 Conhe\u00e7a detalhes","datePublished":"2022-08-16T20:00:00+00:00","dateModified":"2023-01-06T14:26:54+00:00","mainEntityOfPage":{"@id":"https:\/\/invexo.com.br\/blog\/le-vin-ipanema\/"},"wordCount":1612,"publisher":{"@id":"https:\/\/invexo.com.br\/blog\/#organization"},"image":{"@id":"https:\/\/invexo.com.br\/blog\/le-vin-ipanema\/#primaryimage"},"thumbnailUrl":"https:\/\/invexo.com.br\/blog\/wp-content\/uploads\/2022\/08\/fachada-le-vin-ipanema-agora-fica-no-leblon-rio-de-janeiro.jpg","keywords":["Ipanema"],"articleSection":["Bairros","Informa\u00e7\u00f5es"],"inLanguage":"pt-BR"},{"@type":"WebPage","@id":"https:\/\/invexo.com.br\/blog\/le-vin-ipanema\/","url":"https:\/\/invexo.com.br\/blog\/le-vin-ipanema\/","name":"Le Vin Ipanema agora fica no Leblon \u2013 Veja detalhes","isPartOf":{"@id":"https:\/\/invexo.com.br\/blog\/#website"},"primaryImageOfPage":{"@id":"https:\/\/invexo.com.br\/blog\/le-vin-ipanema\/#primaryimage"},"image":{"@id":"https:\/\/invexo.com.br\/blog\/le-vin-ipanema\/#primaryimage"},"thumbnailUrl":"https:\/\/invexo.com.br\/blog\/wp-content\/uploads\/2022\/08\/fachada-le-vin-ipanema-agora-fica-no-leblon-rio-de-janeiro.jpg","datePublished":"2022-08-16T20:00:00+00:00","dateModified":"2023-01-06T14:26:54+00:00","description":"O Le Vin Ipanema havia fechado as portas. Mas o bistr\u00f4 franc\u00eas j\u00e1 possui um novo endere\u00e7o no Shopping Rio Design, no Leblon.","breadcrumb":{"@id":"https:\/\/invexo.com.br\/blog\/le-vin-ipanema\/#breadcrumb"},"inLanguage":"pt-BR","potentialAction":[{"@type":"ReadAction","target":["https:\/\/invexo.com.br\/blog\/le-vin-ipanema\/"]}]},{"@type":"ImageObject","inLanguage":"pt-BR","@id":"https:\/\/invexo.com.br\/blog\/le-vin-ipanema\/#primaryimage","url":"https:\/\/invexo.com.br\/blog\/wp-content\/uploads\/2022\/08\/fachada-le-vin-ipanema-agora-fica-no-leblon-rio-de-janeiro.jpg","contentUrl":"https:\/\/invexo.com.br\/blog\/wp-content\/uploads\/2022\/08\/fachada-le-vin-ipanema-agora-fica-no-leblon-rio-de-janeiro.jpg","width":1280,"height":720,"caption":"Fachada Le Vin Ipanema agora fica no Leblon Rio de Janeiro"},{"@type":"BreadcrumbList","@id":"https:\/\/invexo.com.br\/blog\/le-vin-ipanema\/#breadcrumb","itemListElement":[{"@type":"ListItem","position":1,"name":"Blog","item":"https:\/\/invexo.com.br\/blog\/"},{"@type":"ListItem","position":2,"name":"Bairros","item":"https:\/\/invexo.com.br\/blog\/categoria\/bairros\/"},{"@type":"ListItem","position":3,"name":"Le Vin Ipanema agora fica no Leblon \u2013 Conhe\u00e7a detalhes"}]},{"@type":"WebSite","@id":"https:\/\/invexo.com.br\/blog\/#website","url":"https:\/\/invexo.com.br\/blog\/","name":"Not\u00edcias RJ","description":"Not\u00edcias sobre im\u00f3veis, financiamento, mercado imobili\u00e1rio do Rio de Janeiro. Informa\u00e7\u00f5es sobre Bairros, Condom\u00ednios e Regi\u00e3o do Rio de Janeiro.","publisher":{"@id":"https:\/\/invexo.com.br\/blog\/#organization"},"potentialAction":[{"@type":"SearchAction","target":{"@type":"EntryPoint","urlTemplate":"https:\/\/invexo.com.br\/blog\/?s={search_term_string}"},"query-input":{"@type":"PropertyValueSpecification","valueRequired":true,"valueName":"search_term_string"}}],"inLanguage":"pt-BR"},{"@type":"Organization","@id":"https:\/\/invexo.com.br\/blog\/#organization","name":"INVEXO Imobili\u00e1ria","url":"https:\/\/invexo.com.br\/blog\/","logo":{"@type":"ImageObject","inLanguage":"pt-BR","@id":"https:\/\/invexo.com.br\/blog\/#\/schema\/logo\/image\/","url":"https:\/\/invexo.com.br\/blog\/wp-content\/uploads\/2018\/09\/invexo-80-melhor.png","contentUrl":"https:\/\/invexo.com.br\/blog\/wp-content\/uploads\/2018\/09\/invexo-80-melhor.png","width":247,"height":80,"caption":"INVEXO Imobili\u00e1ria"},"image":{"@id":"https:\/\/invexo.com.br\/blog\/#\/schema\/logo\/image\/"},"sameAs":["https:\/\/facebook.com\/invexo","https:\/\/x.com\/invexoimoveis"]},{"@type":"Person","@id":"https:\/\/invexo.com.br\/blog\/#\/schema\/person\/36bee32f1cfacde03dc4c9622a58778d","name":"Ronnie Possatti","image":{"@type":"ImageObject","inLanguage":"pt-BR","@id":"https:\/\/invexo.com.br\/blog\/#\/schema\/person\/image\/","url":"https:\/\/secure.gravatar.com\/avatar\/51a6cdcc215551235c39affb853f1e38?s=96&d=blank&r=g","contentUrl":"https:\/\/secure.gravatar.com\/avatar\/51a6cdcc215551235c39affb853f1e38?s=96&d=blank&r=g","caption":"Ronnie Possatti"},"description":"Equipe de especialistas que traz para seus leitores conte\u00fados relevantes e de qualidade sobre bairros, condom\u00ednios, lan\u00e7amentos e not\u00edcias imobili\u00e1rias no Rio de Janeiro.","sameAs":["https:\/\/facebook.com\/invexo","https:\/\/instagram.com\/invexo","https:\/\/x.com\/https:\/\/twitter.com\/invexoimoveis"],"url":"https:\/\/invexo.com.br\/blog\/author\/invexo\/"}]}},"taxonomy_info":{"category":[{"value":10,"label":"Bairros"},{"value":15,"label":"Informa\u00e7\u00f5es"}],"post_tag":[{"value":635,"label":"Ipanema"}]},"featured_image_src_large":["https:\/\/invexo.com.br\/blog\/wp-content\/uploads\/2022\/08\/fachada-le-vin-ipanema-agora-fica-no-leblon-rio-de-janeiro-1024x576.jpg",1024,576,true],"author_info":{"display_name":"Ronnie Possatti","author_link":"https:\/\/invexo.com.br\/blog\/author\/invexo\/"},"comment_info":0,"category_info":[{"term_id":10,"name":"Bairros","slug":"bairros","term_group":0,"term_taxonomy_id":10,"taxonomy":"category","description":"Not\u00edcias sobre estabelecimentos nos melhores bairros para se morar no Rio de Janeiro.","parent":0,"count":1354,"filter":"raw","cat_ID":10,"category_count":1354,"category_description":"Not\u00edcias sobre estabelecimentos nos melhores bairros para se morar no Rio de Janeiro.","cat_name":"Bairros","category_nicename":"bairros","category_parent":0},{"term_id":15,"name":"Informa\u00e7\u00f5es","slug":"informacoes","term_group":0,"term_taxonomy_id":15,"taxonomy":"category","description":"Informa\u00e7\u00f5es, experi\u00eancia nos melhores estabelecimentos em bairros nobres para se viver no Rio de Janeiro. Tudo sobre cultura, entretenimento e lazer.","parent":0,"count":1297,"filter":"raw","cat_ID":15,"category_count":1297,"category_description":"Informa\u00e7\u00f5es, experi\u00eancia nos melhores estabelecimentos em bairros nobres para se viver no Rio de Janeiro. Tudo sobre cultura, entretenimento e lazer.","cat_name":"Informa\u00e7\u00f5es","category_nicename":"informacoes","category_parent":0}],"tag_info":[{"term_id":635,"name":"Ipanema","slug":"ipanema","term_group":0,"term_taxonomy_id":635,"taxonomy":"post_tag","description":"","parent":0,"count":359,"filter":"raw"}],"_links":{"self":[{"href":"https:\/\/invexo.com.br\/blog\/wp-json\/wp\/v2\/posts\/29009"}],"collection":[{"href":"https:\/\/invexo.com.br\/blog\/wp-json\/wp\/v2\/posts"}],"about":[{"href":"https:\/\/invexo.com.br\/blog\/wp-json\/wp\/v2\/types\/post"}],"author":[{"embeddable":true,"href":"https:\/\/invexo.com.br\/blog\/wp-json\/wp\/v2\/users\/2"}],"replies":[{"embeddable":true,"href":"https:\/\/invexo.com.br\/blog\/wp-json\/wp\/v2\/comments?post=29009"}],"version-history":[{"count":2,"href":"https:\/\/invexo.com.br\/blog\/wp-json\/wp\/v2\/posts\/29009\/revisions"}],"predecessor-version":[{"id":33617,"href":"https:\/\/invexo.com.br\/blog\/wp-json\/wp\/v2\/posts\/29009\/revisions\/33617"}],"wp:featuredmedia":[{"embeddable":true,"href":"https:\/\/invexo.com.br\/blog\/wp-json\/wp\/v2\/media\/29026"}],"wp:attachment":[{"href":"https:\/\/invexo.com.br\/blog\/wp-json\/wp\/v2\/media?parent=29009"}],"wp:term":[{"taxonomy":"category","embeddable":true,"href":"https:\/\/invexo.com.br\/blog\/wp-json\/wp\/v2\/categories?post=29009"},{"taxonomy":"post_tag","embeddable":true,"href":"https:\/\/invexo.com.br\/blog\/wp-json\/wp\/v2\/tags?post=29009"}],"curies":[{"name":"wp","href":"https:\/\/api.w.org\/{rel}","templated":true}]}}