{"id":2886,"date":"2020-06-16T15:10:01","date_gmt":"2020-06-16T18:10:01","guid":{"rendered":"https:\/\/invexo.com.br\/blog\/?p=2886"},"modified":"2023-10-20T19:00:38","modified_gmt":"2023-10-20T22:00:38","slug":"pilates-leblon","status":"publish","type":"post","link":"https:\/\/invexo.com.br\/blog\/pilates-leblon\/","title":{"rendered":"Pilates \u2013 Conhe\u00e7a 6 studios no Leblon"},"content":{"rendered":"\n<p>Pilates Leblon: quais os melhores est\u00fadios no bairro mais charmoso do Rio? Essa pergunta ser\u00e1 respondida em nosso artigo, que apresentar\u00e1 seis alternativas de destaque no Leblon. Elas integram a rica variedade que a regi\u00e3o apresenta em espa\u00e7os de bem-estar e sa\u00fade.  <\/p>\n\n\n\n<p>Assim como em todas as outras modalidades de atividade f\u00edsica e cuidados com o corpo, o Leblon conta com uma diversidade em est\u00fadios de Pilates, como o Espa\u00e7o Ess\u00eancia, o Phyx, Espa\u00e7o \u00danico, Equil\u00edbrio Pilates, Integra e V\u00e9rtice Pilates Leblon. S\u00e3o apenas alguns dos muitos exemplos presentes no bairro e vamos falar com detalhes sobre esses seis destaques em nosso artigo.<\/p>\n\n\n\n<!--more-->\n\n\n\n<p>Primeiramente sobre o Pilates: \u00e9 um m\u00e9todo criado pelo alem\u00e3o Joseph Pilates que utiliza uma mistura de pr\u00e1ticas inspiradas na Yoga, muscula\u00e7\u00e3o, nata\u00e7\u00e3o, boxe, esqui, movimentos animais e conhecimentos em fisiologia aplicados \u00e0 abordagem oriental.  <\/p>\n\n\n\n<p>Com esse mix de t\u00e9cnicas e conhecimentos, Joseph desenvolveu um m\u00e9todo \u00fanico, que utiliza o peso do pr\u00f3prio corpo para executar os movimentos. Al\u00e9m da melhora do condicionamento f\u00edsico, do t\u00f4nus muscular e da for\u00e7a, os exerc\u00edcios possuem uma fun\u00e7\u00e3o terap\u00eautica bastante not\u00e1vel, sendo aplicada em casos diversos como complementa\u00e7\u00e3o \u00e0 fisioterapia. <\/p>\n\n\n\n<figure class=\"wp-block-embed is-type-video is-provider-youtube wp-block-embed-youtube wp-embed-aspect-16-9 wp-has-aspect-ratio\"><div class=\"wp-block-embed__wrapper\">\n<iframe title=\"PILATES \u00c9 INDICADO PARA QUEM E POR QUE?\" width=\"720\" height=\"405\" src=\"https:\/\/www.youtube.com\/embed\/2DNemdCcuCw?feature=oembed\" frameborder=\"0\" allow=\"accelerometer; autoplay; clipboard-write; encrypted-media; gyroscope; picture-in-picture; web-share\" allowfullscreen><\/iframe>\n<\/div><\/figure>\n\n\n\n<p>A efic\u00e1cia terap\u00eautica foi comprovada quando testada por Joseph Pilates em pacientes acamados v\u00edtimas de guerra e para recuperar bailarinos lesionados, configurando a t\u00e9cnica como uma das formas mais vi\u00e1veis em tratamento fisiol\u00f3gico e preventivo.<\/p>\n\n\n\n<h2 class=\"wp-block-heading\">Pilates Leblon<\/h2>\n\n\n\n<p>O m\u00e9todo Pilates \u00e9 um dos mais indicados para reabilita\u00e7\u00e3o, tratamento de dores, problemas ortop\u00e9dicos, neurol\u00f3gicos e outros que possam envolver ou comprometer a coluna vertebral. Suas s\u00e9ries de exerc\u00edcios possuem um impacto quase nulo, evitando qualquer tipo de les\u00e3o.<\/p>\n\n\n\n<p>H\u00e1 diversos studios espalhados pelo Brasil e pelo mundo, mas hoje vamos falar de Studios de Pilates no Leblon: quais s\u00e3o os principais endere\u00e7os no bairro, servi\u00e7os e detalhes a respeito de cada um desses estabelecimentos. Confira a seguir.<\/p>\n\n\n\n<div class=\"wp-block-group\"><div class=\"wp-block-group__inner-container is-layout-flow wp-block-group-is-layout-flow\">\n<p>Oportunidades \u00fanicas de im\u00f3veis exclusivos no Leblon. Siga nosso&nbsp;<strong><a href=\"https:\/\/whatsapp.com\/channel\/0029Va6pgNA0VycOAQkTIa3Z\">canal no WhatsApp<\/a><\/strong>&nbsp;e tenha acesso antecipado aos im\u00f3veis \u00e0 venda na regi\u00e3o.<\/p>\n\n\n\n<p><a href=\"https:\/\/whatsapp.com\/channel\/0029VaB0crhDZ4LfWQoKd22G\"><\/a><\/p>\n<\/div><\/div>\n\n\n\n<script async src=\"https:\/\/pagead2.googlesyndication.com\/pagead\/js\/adsbygoogle.js?client=ca-pub-6250649730240355\"\n     crossorigin=\"anonymous\"><\/script>\n<!-- Anuncios Blog -->\n<ins class=\"adsbygoogle\"\n     style=\"display:block\"\n     data-ad-client=\"ca-pub-6250649730240355\"\n     data-ad-slot=\"3218632260\"\n     data-ad-format=\"auto\"\n     data-full-width-responsive=\"true\"><\/ins>\n<script>\n     (adsbygoogle = window.adsbygoogle || []).push({});\n<\/script>\n\n\n\n<h3 class=\"wp-block-heading\">Espa\u00e7o Ess\u00eancia Pilates Leblon<\/h3>\n\n\n\n<p>O <a href=\"http:\/\/www.essenciapilatesleblon.com.br\/\" target=\"_blank\" rel=\"noreferrer noopener\">Espa\u00e7o Ess\u00eancia Pilates<\/a> Leblon \u00e9 um studio localizado na <a href=\"https:\/\/invexo.com.br\/avenida-ataulfo-de-paiva-leblon-rio-de-janeiro-rj\/\">Av. Ataulfo de Paiva<\/a>, no Ed. Leblon Office Center. Em endere\u00e7o privilegiado, pr\u00f3ximo da orla e da Esta\u00e7\u00e3o de Metr\u00f4 Antero de Quental, o studio oferece aulas individuais ou em grupos.<\/p>\n\n\n\n<p>O Espa\u00e7o Ess\u00eancia possui equipamentos modernos, realizando os exerc\u00edcios atrav\u00e9s das molas de diversas resist\u00eancias, no solo, com ou sem os acess\u00f3rios geralmente dispostos nas pr\u00e1ticas de Pilates, no caso discos, bolas e faixas. Os movimentos focam no equil\u00edbrio, for\u00e7a, concentra\u00e7\u00e3o e consci\u00eancia corporal.<\/p>\n\n\n\n<p>As aulas podem ser realizadas em trio, dupla ou personalizadas, atendendo a praticamente todas as faixas et\u00e1rias e contribuindo com a reabilita\u00e7\u00e3o, tratamento e preven\u00e7\u00e3o de les\u00f5es. \u00c9 considerado um grande complemento \u00e0 fisioterapia, ajudando tamb\u00e9m no tratamento de outras doen\u00e7as e problemas fisiol\u00f3gicos.<\/p>\n\n\n\n<figure class=\"wp-block-image size-full\"><img decoding=\"async\" width=\"1280\" height=\"720\" src=\"https:\/\/invexo.com.br\/blog\/wp-content\/uploads\/2020\/06\/essencia-studio-pilates-leblon.jpg\" alt=\"essencia studio pilates leblon\" class=\"wp-image-8622\" srcset=\"https:\/\/invexo.com.br\/blog\/wp-content\/uploads\/2020\/06\/essencia-studio-pilates-leblon.jpg 1280w, https:\/\/invexo.com.br\/blog\/wp-content\/uploads\/2020\/06\/essencia-studio-pilates-leblon-300x169.jpg 300w, https:\/\/invexo.com.br\/blog\/wp-content\/uploads\/2020\/06\/essencia-studio-pilates-leblon-1024x576.jpg 1024w, https:\/\/invexo.com.br\/blog\/wp-content\/uploads\/2020\/06\/essencia-studio-pilates-leblon-768x432.jpg 768w, https:\/\/invexo.com.br\/blog\/wp-content\/uploads\/2020\/06\/essencia-studio-pilates-leblon-940x529.jpg 940w\" sizes=\"(max-width: 1280px) 100vw, 1280px\" \/><\/figure>\n\n\n\n<p>O Espa\u00e7o Ess\u00eancia Pilates Leblon acumula excelentes avalia\u00e7\u00f5es e elogios quanto \u00e0 estrutura e equipamentos utilizados. O studio \u00e9 amplo, com instala\u00e7\u00f5es arejadas e aparelhos novos. Seus profissionais s\u00e3o altamente capacitados e fornecem um atendimento personalizado, de excel\u00eancia, compondo o car\u00e1ter profissional do studio e garantindo a satisfa\u00e7\u00e3o de seus clientes.<\/p>\n\n\n\n<p>A localiza\u00e7\u00e3o privilegiada tem total acessibilidade, estacionamento f\u00e1cil, al\u00e9m de contar com a \u00f3tima infraestrutura que o Ed. Leblon Office Center oferece. Toda essa facilidade a estrutura premium s\u00e3o caracter\u00edsticas essenciais do Leblon, bairro famoso por ter o metro quadrado mais valorizado do pa\u00eds, sendo um dos melhores lugares para morar no Rio.<\/p>\n\n\n\n<h3 class=\"wp-block-heading\"> Phyx Pilates Leblon<\/h3>\n\n\n\n<p>O studio Phyx Pilates Leblon est\u00e1 localizado na Rua Dias Ferreira, pr\u00f3ximo ao <a href=\"https:\/\/invexo.com.br\/blog\/jardim-pernambuco-leblon\/\">Jardim Pernambuco<\/a> e <a href=\"https:\/\/invexo.com.br\/blog\/argumento-leblon\/\">Livraria Argumento<\/a>. Apresenta instala\u00e7\u00f5es confort\u00e1veis, equipamentos modernos e uma equipe de profissionais altamente capacitados, com atendimento individual ou em grupos de at\u00e9 5 pessoas.<\/p>\n\n\n\n<p>Situado no cora\u00e7\u00e3o do bairro, o Phyx Pilates Leblon tem mais de 15 anos de hist\u00f3ria, acumulando boas indica\u00e7\u00f5es e v\u00e1rias recomenda\u00e7\u00f5es. Possui uma equipe de profissionais fisioterapeutas com especializa\u00e7\u00e3o no Pilates, oferecendo aulas para todos os tipos de alunos, com diferentes objetivos. <\/p>\n\n\n\n<figure class=\"wp-block-image size-full\"><img decoding=\"async\" width=\"1280\" height=\"720\" src=\"https:\/\/invexo.com.br\/blog\/wp-content\/uploads\/2020\/06\/phyx-pilates-leblon.jpg\" alt=\"phyx \" class=\"wp-image-8627\" srcset=\"https:\/\/invexo.com.br\/blog\/wp-content\/uploads\/2020\/06\/phyx-pilates-leblon.jpg 1280w, https:\/\/invexo.com.br\/blog\/wp-content\/uploads\/2020\/06\/phyx-pilates-leblon-300x169.jpg 300w, https:\/\/invexo.com.br\/blog\/wp-content\/uploads\/2020\/06\/phyx-pilates-leblon-1024x576.jpg 1024w, https:\/\/invexo.com.br\/blog\/wp-content\/uploads\/2020\/06\/phyx-pilates-leblon-768x432.jpg 768w, https:\/\/invexo.com.br\/blog\/wp-content\/uploads\/2020\/06\/phyx-pilates-leblon-940x529.jpg 940w\" sizes=\"(max-width: 1280px) 100vw, 1280px\" \/><\/figure>\n\n\n\n<p>Al\u00e9m de garantir a flexibilidade, fortalecimento e resist\u00eancia muscular, os exerc\u00edcios podem ajudar no tratamento da dor, tratamento fisioter\u00e1pico de les\u00f5es e problemas de sa\u00fade cr\u00f4nicos. <\/p>\n\n\n\n<p>Por ter praticamente zero impacto e por atuar na preven\u00e7\u00e3o de v\u00e1rios males fisiol\u00f3gicos, o Pilates \u00e9 indicado para v\u00e1rios tipos de casos, n\u00e3o somente para atletas, sendo um tipo de atividade f\u00edsica recomendada para pessoas com problemas na mobilidade, alunos de idade avan\u00e7ada e gestantes.<\/p>\n\n\n\n<h3 class=\"wp-block-heading\">Espa\u00e7o \u00danico Leblon<\/h3>\n\n\n\n<p>Considerado um dos pontos de maior refer\u00eancia em Pilates no Leblon, o <a href=\"https:\/\/espacounicoleblon.com.br\/\" target=\"_blank\" rel=\"noreferrer noopener\">Espa\u00e7o \u00danico Leblon<\/a> \u00e9 um local completo, que al\u00e9m do Pilates oferece outros tipos de atendimentos e tratamentos. O Espa\u00e7o \u00danico tem localiza\u00e7\u00e3o privilegiada na Av. Ataulfo de Paiva, ao lado do Ita\u00fa.<\/p>\n\n\n\n<p>S\u00e3o apresentadas aulas de Pilates, Treino funcional, Sling Desk, tratamentos como drenagem linf\u00e1tica e massagem relaxante. Os servi\u00e7os integram a proposta do Espa\u00e7o \u00danico que consiste em proporcionar o melhor em bem-estar e sa\u00fade nos tr\u00eas campos: mental, f\u00edsico e espiritual.  <\/p>\n\n\n\n<figure class=\"wp-block-image size-full\"><img decoding=\"async\" width=\"1280\" height=\"720\" src=\"https:\/\/invexo.com.br\/blog\/wp-content\/uploads\/2020\/06\/espaco-unico-pilates-leblon.jpg\" alt=\"espaco unico \" class=\"wp-image-8630\" srcset=\"https:\/\/invexo.com.br\/blog\/wp-content\/uploads\/2020\/06\/espaco-unico-pilates-leblon.jpg 1280w, https:\/\/invexo.com.br\/blog\/wp-content\/uploads\/2020\/06\/espaco-unico-pilates-leblon-300x169.jpg 300w, https:\/\/invexo.com.br\/blog\/wp-content\/uploads\/2020\/06\/espaco-unico-pilates-leblon-1024x576.jpg 1024w, https:\/\/invexo.com.br\/blog\/wp-content\/uploads\/2020\/06\/espaco-unico-pilates-leblon-768x432.jpg 768w, https:\/\/invexo.com.br\/blog\/wp-content\/uploads\/2020\/06\/espaco-unico-pilates-leblon-940x529.jpg 940w\" sizes=\"(max-width: 1280px) 100vw, 1280px\" \/><\/figure>\n\n\n\n<p>Com quase 20 anos de trajet\u00f3ria, o Espa\u00e7o \u00danico possui um quadro de alunos formado por jovens, adultos e idosos, nas mais diferentes situa\u00e7\u00f5es. O local possui aparelhos modernos, equipamentos de alta tecnologia e seguran\u00e7a. As salas s\u00e3o confort\u00e1veis, arejadas e abrigam aulas individuais ou para grupos pequenos.  <\/p>\n\n\n\n<p>Com um respeito \u00e0 individualidade e pluralidade desses alunos, a equipe do Espa\u00e7o \u00danico possui profissionais com alta qualifica\u00e7\u00e3o em diversas \u00e1reas como Pilates, Treinamento funcional, Shiatsu, Acupuntura, Medicina Tradicional Chinesa, Procedimentos est\u00e9ticos e fisioterapia.<\/p>\n\n\n\n<h3 class=\"wp-block-heading\">Equil\u00edbrio Pilates Leblon<\/h3>\n\n\n\n<p>Oferecendo servi\u00e7os de massagem, aulas de Yoga e Pilates, o Equil\u00edbrio Pilates Leblon proporciona um atendimento personalizado, com respeito individualizado ao aluno, suas necessidades e rotinas. Com f\u00e1cil localiza\u00e7\u00e3o e acesso, na Av. Ataulfo de Paiva, \u00e9 um dos studios mais recomendados do bairro.  <\/p>\n\n\n\n<p>Obedecendo os princ\u00edpios de Joseph Pilates, as atividades integram o bem-estar f\u00edsico e mental, alinhando-se ao equil\u00edbrio do restante do corpo, promovendo uma s\u00e9rie de benef\u00edcios. Baseando seus pilares na respira\u00e7\u00e3o, consci\u00eancia e centramento, \u00e9 uma atividade adequada para praticamente todas as faixas et\u00e1rias e condi\u00e7\u00f5es f\u00edsicas, principalmente as limitantes.<\/p>\n\n\n\n<figure class=\"wp-block-image size-full\"><img decoding=\"async\" width=\"1280\" height=\"720\" src=\"https:\/\/invexo.com.br\/blog\/wp-content\/uploads\/2020\/06\/equilibrio-pilates-leblon.jpg\" alt=\"equilibrio pilates leblon\" class=\"wp-image-8633\" srcset=\"https:\/\/invexo.com.br\/blog\/wp-content\/uploads\/2020\/06\/equilibrio-pilates-leblon.jpg 1280w, https:\/\/invexo.com.br\/blog\/wp-content\/uploads\/2020\/06\/equilibrio-pilates-leblon-300x169.jpg 300w, https:\/\/invexo.com.br\/blog\/wp-content\/uploads\/2020\/06\/equilibrio-pilates-leblon-1024x576.jpg 1024w, https:\/\/invexo.com.br\/blog\/wp-content\/uploads\/2020\/06\/equilibrio-pilates-leblon-768x432.jpg 768w, https:\/\/invexo.com.br\/blog\/wp-content\/uploads\/2020\/06\/equilibrio-pilates-leblon-940x529.jpg 940w\" sizes=\"(max-width: 1280px) 100vw, 1280px\" \/><\/figure>\n\n\n\n<p>O Equil\u00edbrio Pilates Leblon possui instala\u00e7\u00f5es aconchegantes e tranquilas, equipadas com aparelhos da marca Physio Pilates, licenciada pela Balanced Body, uma das pioneiras dentro da \u00e1rea e tamb\u00e9m a mais recomendada por sua qualidade e tecnologia.  O local atende em diversos hor\u00e1rios, possibilitando agendamento de aula experimental gratuita.<\/p>\n\n\n\n<h3 class=\"wp-block-heading\">Integra Pilates Leblon<\/h3>\n\n\n\n<p>Localizado na Rua Jo\u00e3o Lira, pr\u00f3ximo a <a href=\"https:\/\/invexo.com.br\/blog\/estacao-metro-leblon\/\" target=\"_blank\" rel=\"noreferrer noopener\">Esta\u00e7\u00e3o de Metr\u00f4 do Leblon<\/a> Antero de Quental, o <a href=\"https:\/\/www.integrafisio.com\/\" target=\"_blank\" rel=\"noreferrer noopener\">Integra Pilates e Fisioterapia<\/a> \u00e9 um studio que oferece aulas de Pilates e atendimento fisioter\u00e1pico completo. \u00c9 comandado pela competente fisioterapeuta Mariana, formada pelo IBMR e com v\u00e1rias forma\u00e7\u00f5es espec\u00edficas paralelas.<\/p>\n\n\n\n<p>Com uma sala equipada com os melhores aparelhos de Pilates, o atendimento individual e personalizado \u00e9 o foco do Integra Pilates Leblon, cujo diferencial \u00e9 o acompanhamento via aplicativo em cada caso. A evolu\u00e7\u00e3o dos alunos \u00e9 avaliada pela profissional periodicamente, o que possibilita formatar estrat\u00e9gias para que os resultados sejam obtidos com excel\u00eancia.<\/p>\n\n\n\n<figure class=\"wp-block-image size-full\"><img decoding=\"async\" width=\"1280\" height=\"720\" src=\"https:\/\/invexo.com.br\/blog\/wp-content\/uploads\/2020\/06\/integra-pilates-leblon.jpg\" alt=\"integra pilates\" class=\"wp-image-8636\" srcset=\"https:\/\/invexo.com.br\/blog\/wp-content\/uploads\/2020\/06\/integra-pilates-leblon.jpg 1280w, https:\/\/invexo.com.br\/blog\/wp-content\/uploads\/2020\/06\/integra-pilates-leblon-300x169.jpg 300w, https:\/\/invexo.com.br\/blog\/wp-content\/uploads\/2020\/06\/integra-pilates-leblon-1024x576.jpg 1024w, https:\/\/invexo.com.br\/blog\/wp-content\/uploads\/2020\/06\/integra-pilates-leblon-768x432.jpg 768w, https:\/\/invexo.com.br\/blog\/wp-content\/uploads\/2020\/06\/integra-pilates-leblon-940x529.jpg 940w\" sizes=\"(max-width: 1280px) 100vw, 1280px\" \/><\/figure>\n\n\n\n<p>Os tratamentos fisioter\u00e1picos podem ser manuais ou atrav\u00e9s de eletrotermoterapia, com aparelhos que contribuem para diminui\u00e7\u00e3o ou inibi\u00e7\u00e3o da dor (o aquecimento da \u00e1rea lesionada favorece a cicatriza\u00e7\u00e3o, o que auxilia no processo de cura do paciente). <\/p>\n\n\n\n<p>Por ser um studio que atende de maneira 100% personalizada, os hor\u00e1rios do Integra Pilates Leblon podem variar de acordo com a demanda de alunos e pacientes.  <\/p>\n\n\n\n<h3 class=\"wp-block-heading\">V\u00e9rtice Pilates Leblon <\/h3>\n\n\n\n<p>O <a href=\"http:\/\/verticepilates.com.br\/\" target=\"_blank\" rel=\"noreferrer noopener\">V\u00e9rtice Pilates Leblon<\/a> \u00e9 um studio que possui v\u00e1rias recomenda\u00e7\u00f5es e avalia\u00e7\u00f5es positivas, consolidando-se como um dos nomes mais lembrados do bairro. Localizado na Av. Ataulfo de Paiva, presta aulas individuais, em duplas ou trios, sob o comando de Robson Lucena, profissional de destaque na \u00e1rea.  <\/p>\n\n\n\n<p>Com\num ambiente climatizado, arejado e aconchegante, o studio est\u00e1\nlocalizado no cora\u00e7\u00e3o do Leblon h\u00e1 quase 10 anos, com f\u00e1cil\nacesso e pr\u00f3ximo a Esta\u00e7\u00e3o de Metr\u00f4 Jardim de Alah, shoppings,\nestacionamentos e toda\ncadeia\nde com\u00e9rcios. \n<\/p>\n\n\n\n<figure class=\"wp-block-image size-full\"><img decoding=\"async\" width=\"1280\" height=\"720\" src=\"https:\/\/invexo.com.br\/blog\/wp-content\/uploads\/2020\/06\/vertice-pilates-leblon.jpg\" alt=\"vertice pilates leblon\" class=\"wp-image-8637\" srcset=\"https:\/\/invexo.com.br\/blog\/wp-content\/uploads\/2020\/06\/vertice-pilates-leblon.jpg 1280w, https:\/\/invexo.com.br\/blog\/wp-content\/uploads\/2020\/06\/vertice-pilates-leblon-300x169.jpg 300w, https:\/\/invexo.com.br\/blog\/wp-content\/uploads\/2020\/06\/vertice-pilates-leblon-1024x576.jpg 1024w, https:\/\/invexo.com.br\/blog\/wp-content\/uploads\/2020\/06\/vertice-pilates-leblon-768x432.jpg 768w, https:\/\/invexo.com.br\/blog\/wp-content\/uploads\/2020\/06\/vertice-pilates-leblon-940x529.jpg 940w\" sizes=\"(max-width: 1280px) 100vw, 1280px\" \/><\/figure>\n\n\n\n<p>Os profissionais do V\u00e9rtice Pilates Leblon s\u00e3o altamente qualificados e proporcionam um acompanhamento personalizado, com planejamentos elaborados para atender aos objetos individuais de cada aluno.  <\/p>\n\n\n\n<h3 class=\"wp-block-heading\">Sa\u00fade e qualidade de vida no Leblon<\/h3>\n\n\n\n<p>Al\u00e9m dos studios de Pilates, o Leblon possui uma rede variada em atendimentos voltados \u00e0 sa\u00fade, bem-estar e condicionamento f\u00edsico. Apresentando academias e outros tipos de studios, tamb\u00e9m \u00e9 poss\u00edvel realizar diversas atividades ao ar livre, contemplando a natureza da regi\u00e3o.<\/p>\n\n\n\n<p>No nosso blog voc\u00ea pode conferir outros artigos sobre o tema, como por exemplo, as v\u00e1rias atividades oferecidas nos <a href=\"https:\/\/invexo.com.br\/blog\/praia-do-leblon\/\">Postos 11 e 12 da orla<\/a>, com <a href=\"https:\/\/invexo.com.br\/blog\/treino-funcional-praia-leblon\/\">treinamento funcional<\/a>, Yoga, running e outras pr\u00e1ticas. J\u00e1 pensou morar em um lugar assim, de frente para o mar, cercado pela beleza da mata atl\u00e2ntica, do Morro Dois Irm\u00e3os e com uma das melhores infraestruturas do Brasil? \u00c9 uma experi\u00eancia incr\u00edvel que voc\u00ea pode acessar em apenas um clique! <\/p>\n\n\n\n<script async src=\"https:\/\/pagead2.googlesyndication.com\/pagead\/js\/adsbygoogle.js?client=ca-pub-6250649730240355\"\n     crossorigin=\"anonymous\"><\/script>\n<ins class=\"adsbygoogle\"\n     style=\"display:block\"\n     data-ad-format=\"fluid\"\n     data-ad-layout-key=\"-fb+5w+4e-db+86\"\n     data-ad-client=\"ca-pub-6250649730240355\"\n     data-ad-slot=\"9908760168\"><\/ins>\n<script>\n     (adsbygoogle = window.adsbygoogle || []).push({});\n<\/script>\n","protected":false},"excerpt":{"rendered":"<p>Pilates Leblon: quais os melhores est\u00fadios no bairro mais charmoso do Rio? Essa pergunta ser\u00e1 respondida em nosso artigo, que apresentar\u00e1 seis alternativas de destaque no Leblon. Elas integram a rica variedade que a regi\u00e3o apresenta em espa\u00e7os de bem-estar e sa\u00fade. Assim como em todas as outras modalidades de atividade f\u00edsica e cuidados com&#8230;<\/p>\n","protected":false},"author":8,"featured_media":8618,"comment_status":"closed","ping_status":"closed","sticky":false,"template":"","format":"standard","meta":{"_acf_changed":false,"_kad_blocks_custom_css":"","_kad_blocks_head_custom_js":"","_kad_blocks_body_custom_js":"","_kad_blocks_footer_custom_js":"","_kadence_starter_templates_imported_post":false,"_kad_post_transparent":"","_kad_post_title":"","_kad_post_layout":"","_kad_post_sidebar_id":"","_kad_post_content_style":"","_kad_post_vertical_padding":"","_kad_post_feature":"","_kad_post_feature_position":"","_kad_post_header":false,"_kad_post_footer":false,"footnotes":""},"categories":[10],"tags":[634],"acf":[],"yoast_head":"<!-- This site is optimized with the Yoast SEO plugin v24.1 - https:\/\/yoast.com\/wordpress\/plugins\/seo\/ -->\n<title>Pilates Leblon Rio de Janeiro \u2013 Conhe\u00e7a os 6 melhores est\u00fadios<\/title>\n<meta name=\"description\" content=\"Pilates Leblon: Espa\u00e7o Ess\u00eancia, Phyx Pilates, Espa\u00e7o \u00danico, Equ\u00edlibrio Pilates, Integra e V\u00e9rtice Pilates. Os melhores studios no Leblon.\" \/>\n<meta name=\"robots\" content=\"index, follow, max-snippet:-1, max-image-preview:large, max-video-preview:-1\" \/>\n<link rel=\"canonical\" href=\"https:\/\/invexo.com.br\/blog\/pilates-leblon\/\" \/>\n<meta property=\"og:locale\" content=\"pt_BR\" \/>\n<meta property=\"og:type\" content=\"article\" \/>\n<meta property=\"og:title\" content=\"Pilates Leblon Rio de Janeiro \u2013 Conhe\u00e7a os 6 melhores est\u00fadios\" \/>\n<meta property=\"og:description\" content=\"Pilates Leblon: Espa\u00e7o Ess\u00eancia, Phyx Pilates, Espa\u00e7o \u00danico, Equ\u00edlibrio Pilates, Integra e V\u00e9rtice Pilates. Os melhores studios no Leblon.\" \/>\n<meta property=\"og:url\" content=\"https:\/\/invexo.com.br\/blog\/pilates-leblon\/\" \/>\n<meta property=\"og:site_name\" content=\"Not\u00edcias RJ\" \/>\n<meta property=\"article:publisher\" content=\"https:\/\/facebook.com\/invexo\" \/>\n<meta property=\"article:published_time\" content=\"2020-06-16T18:10:01+00:00\" \/>\n<meta property=\"article:modified_time\" content=\"2023-10-20T22:00:38+00:00\" \/>\n<meta property=\"og:image\" content=\"https:\/\/invexo.com.br\/blog\/wp-content\/uploads\/2020\/06\/studio-de-pilates-no-leblon.jpg\" \/>\n\t<meta property=\"og:image:width\" content=\"1280\" \/>\n\t<meta property=\"og:image:height\" content=\"720\" \/>\n\t<meta property=\"og:image:type\" content=\"image\/jpeg\" \/>\n<meta name=\"author\" content=\"J\u00f4 Gadonski\" \/>\n<meta name=\"twitter:card\" content=\"summary_large_image\" \/>\n<meta name=\"twitter:creator\" content=\"@invexoimoveis\" \/>\n<meta name=\"twitter:site\" content=\"@invexoimoveis\" \/>\n<meta name=\"twitter:label1\" content=\"Escrito por\" \/>\n\t<meta name=\"twitter:data1\" content=\"J\u00f4 Gadonski\" \/>\n\t<meta name=\"twitter:label2\" content=\"Est. tempo de leitura\" \/>\n\t<meta name=\"twitter:data2\" content=\"10 minutos\" \/>\n<script type=\"application\/ld+json\" class=\"yoast-schema-graph\">{\"@context\":\"https:\/\/schema.org\",\"@graph\":[{\"@type\":\"Article\",\"@id\":\"https:\/\/invexo.com.br\/blog\/pilates-leblon\/#article\",\"isPartOf\":{\"@id\":\"https:\/\/invexo.com.br\/blog\/pilates-leblon\/\"},\"author\":{\"name\":\"J\u00f4 Gadonski\",\"@id\":\"https:\/\/invexo.com.br\/blog\/#\/schema\/person\/38b391bfbed71100a59413cf88e4c502\"},\"headline\":\"Pilates \u2013 Conhe\u00e7a 6 studios no Leblon\",\"datePublished\":\"2020-06-16T18:10:01+00:00\",\"dateModified\":\"2023-10-20T22:00:38+00:00\",\"mainEntityOfPage\":{\"@id\":\"https:\/\/invexo.com.br\/blog\/pilates-leblon\/\"},\"wordCount\":1594,\"publisher\":{\"@id\":\"https:\/\/invexo.com.br\/blog\/#organization\"},\"image\":{\"@id\":\"https:\/\/invexo.com.br\/blog\/pilates-leblon\/#primaryimage\"},\"thumbnailUrl\":\"https:\/\/invexo.com.br\/blog\/wp-content\/uploads\/2020\/06\/studio-de-pilates-no-leblon.jpg\",\"keywords\":[\"Leblon\"],\"articleSection\":[\"Bairros\"],\"inLanguage\":\"pt-BR\"},{\"@type\":\"WebPage\",\"@id\":\"https:\/\/invexo.com.br\/blog\/pilates-leblon\/\",\"url\":\"https:\/\/invexo.com.br\/blog\/pilates-leblon\/\",\"name\":\"Pilates Leblon Rio de Janeiro \u2013 Conhe\u00e7a os 6 melhores est\u00fadios\",\"isPartOf\":{\"@id\":\"https:\/\/invexo.com.br\/blog\/#website\"},\"primaryImageOfPage\":{\"@id\":\"https:\/\/invexo.com.br\/blog\/pilates-leblon\/#primaryimage\"},\"image\":{\"@id\":\"https:\/\/invexo.com.br\/blog\/pilates-leblon\/#primaryimage\"},\"thumbnailUrl\":\"https:\/\/invexo.com.br\/blog\/wp-content\/uploads\/2020\/06\/studio-de-pilates-no-leblon.jpg\",\"datePublished\":\"2020-06-16T18:10:01+00:00\",\"dateModified\":\"2023-10-20T22:00:38+00:00\",\"description\":\"Pilates Leblon: Espa\u00e7o Ess\u00eancia, Phyx Pilates, Espa\u00e7o \u00danico, Equ\u00edlibrio Pilates, Integra e V\u00e9rtice Pilates. Os melhores studios no Leblon.\",\"breadcrumb\":{\"@id\":\"https:\/\/invexo.com.br\/blog\/pilates-leblon\/#breadcrumb\"},\"inLanguage\":\"pt-BR\",\"potentialAction\":[{\"@type\":\"ReadAction\",\"target\":[\"https:\/\/invexo.com.br\/blog\/pilates-leblon\/\"]}]},{\"@type\":\"ImageObject\",\"inLanguage\":\"pt-BR\",\"@id\":\"https:\/\/invexo.com.br\/blog\/pilates-leblon\/#primaryimage\",\"url\":\"https:\/\/invexo.com.br\/blog\/wp-content\/uploads\/2020\/06\/studio-de-pilates-no-leblon.jpg\",\"contentUrl\":\"https:\/\/invexo.com.br\/blog\/wp-content\/uploads\/2020\/06\/studio-de-pilates-no-leblon.jpg\",\"width\":1280,\"height\":720,\"caption\":\"Studio de pilates no Leblon\"},{\"@type\":\"BreadcrumbList\",\"@id\":\"https:\/\/invexo.com.br\/blog\/pilates-leblon\/#breadcrumb\",\"itemListElement\":[{\"@type\":\"ListItem\",\"position\":1,\"name\":\"Blog\",\"item\":\"https:\/\/invexo.com.br\/blog\/\"},{\"@type\":\"ListItem\",\"position\":2,\"name\":\"Bairros\",\"item\":\"https:\/\/invexo.com.br\/blog\/categoria\/bairros\/\"},{\"@type\":\"ListItem\",\"position\":3,\"name\":\"Pilates \u2013 Conhe\u00e7a 6 studios no Leblon\"}]},{\"@type\":\"WebSite\",\"@id\":\"https:\/\/invexo.com.br\/blog\/#website\",\"url\":\"https:\/\/invexo.com.br\/blog\/\",\"name\":\"Not\u00edcias RJ\",\"description\":\"Not\u00edcias sobre im\u00f3veis, financiamento, mercado imobili\u00e1rio do Rio de Janeiro. Informa\u00e7\u00f5es sobre Bairros, Condom\u00ednios e Regi\u00e3o do Rio de Janeiro.\",\"publisher\":{\"@id\":\"https:\/\/invexo.com.br\/blog\/#organization\"},\"potentialAction\":[{\"@type\":\"SearchAction\",\"target\":{\"@type\":\"EntryPoint\",\"urlTemplate\":\"https:\/\/invexo.com.br\/blog\/?s={search_term_string}\"},\"query-input\":{\"@type\":\"PropertyValueSpecification\",\"valueRequired\":true,\"valueName\":\"search_term_string\"}}],\"inLanguage\":\"pt-BR\"},{\"@type\":\"Organization\",\"@id\":\"https:\/\/invexo.com.br\/blog\/#organization\",\"name\":\"INVEXO Imobili\u00e1ria\",\"url\":\"https:\/\/invexo.com.br\/blog\/\",\"logo\":{\"@type\":\"ImageObject\",\"inLanguage\":\"pt-BR\",\"@id\":\"https:\/\/invexo.com.br\/blog\/#\/schema\/logo\/image\/\",\"url\":\"https:\/\/invexo.com.br\/blog\/wp-content\/uploads\/2018\/09\/invexo-80-melhor.png\",\"contentUrl\":\"https:\/\/invexo.com.br\/blog\/wp-content\/uploads\/2018\/09\/invexo-80-melhor.png\",\"width\":247,\"height\":80,\"caption\":\"INVEXO Imobili\u00e1ria\"},\"image\":{\"@id\":\"https:\/\/invexo.com.br\/blog\/#\/schema\/logo\/image\/\"},\"sameAs\":[\"https:\/\/facebook.com\/invexo\",\"https:\/\/x.com\/invexoimoveis\"]},{\"@type\":\"Person\",\"@id\":\"https:\/\/invexo.com.br\/blog\/#\/schema\/person\/38b391bfbed71100a59413cf88e4c502\",\"name\":\"J\u00f4 Gadonski\",\"image\":{\"@type\":\"ImageObject\",\"inLanguage\":\"pt-BR\",\"@id\":\"https:\/\/invexo.com.br\/blog\/#\/schema\/person\/image\/\",\"url\":\"https:\/\/secure.gravatar.com\/avatar\/4d8199b46157729cda2187fdfd7ad59d?s=96&d=blank&r=g\",\"contentUrl\":\"https:\/\/secure.gravatar.com\/avatar\/4d8199b46157729cda2187fdfd7ad59d?s=96&d=blank&r=g\",\"caption\":\"J\u00f4 Gadonski\"},\"description\":\"Redatora e assessora de comunica\u00e7\u00e3o. J\u00e1 trabalhou em mais de 30 projetos nacionais, internacionais e \u00e9 coordenadora de conte\u00fado para o blog da INVEXO.\",\"sameAs\":[\"https:\/\/invexo.com.br\"],\"url\":\"https:\/\/invexo.com.br\/blog\/author\/jo\/\"}]}<\/script>\n<!-- \/ Yoast SEO plugin. -->","yoast_head_json":{"title":"Pilates Leblon Rio de Janeiro \u2013 Conhe\u00e7a os 6 melhores est\u00fadios","description":"Pilates Leblon: Espa\u00e7o Ess\u00eancia, Phyx Pilates, Espa\u00e7o \u00danico, Equ\u00edlibrio Pilates, Integra e V\u00e9rtice Pilates. Os melhores studios no Leblon.","robots":{"index":"index","follow":"follow","max-snippet":"max-snippet:-1","max-image-preview":"max-image-preview:large","max-video-preview":"max-video-preview:-1"},"canonical":"https:\/\/invexo.com.br\/blog\/pilates-leblon\/","og_locale":"pt_BR","og_type":"article","og_title":"Pilates Leblon Rio de Janeiro \u2013 Conhe\u00e7a os 6 melhores est\u00fadios","og_description":"Pilates Leblon: Espa\u00e7o Ess\u00eancia, Phyx Pilates, Espa\u00e7o \u00danico, Equ\u00edlibrio Pilates, Integra e V\u00e9rtice Pilates. Os melhores studios no Leblon.","og_url":"https:\/\/invexo.com.br\/blog\/pilates-leblon\/","og_site_name":"Not\u00edcias RJ","article_publisher":"https:\/\/facebook.com\/invexo","article_published_time":"2020-06-16T18:10:01+00:00","article_modified_time":"2023-10-20T22:00:38+00:00","og_image":[{"width":1280,"height":720,"url":"https:\/\/invexo.com.br\/blog\/wp-content\/uploads\/2020\/06\/studio-de-pilates-no-leblon.jpg","type":"image\/jpeg"}],"author":"J\u00f4 Gadonski","twitter_card":"summary_large_image","twitter_creator":"@invexoimoveis","twitter_site":"@invexoimoveis","twitter_misc":{"Escrito por":"J\u00f4 Gadonski","Est. tempo de leitura":"10 minutos"},"schema":{"@context":"https:\/\/schema.org","@graph":[{"@type":"Article","@id":"https:\/\/invexo.com.br\/blog\/pilates-leblon\/#article","isPartOf":{"@id":"https:\/\/invexo.com.br\/blog\/pilates-leblon\/"},"author":{"name":"J\u00f4 Gadonski","@id":"https:\/\/invexo.com.br\/blog\/#\/schema\/person\/38b391bfbed71100a59413cf88e4c502"},"headline":"Pilates \u2013 Conhe\u00e7a 6 studios no Leblon","datePublished":"2020-06-16T18:10:01+00:00","dateModified":"2023-10-20T22:00:38+00:00","mainEntityOfPage":{"@id":"https:\/\/invexo.com.br\/blog\/pilates-leblon\/"},"wordCount":1594,"publisher":{"@id":"https:\/\/invexo.com.br\/blog\/#organization"},"image":{"@id":"https:\/\/invexo.com.br\/blog\/pilates-leblon\/#primaryimage"},"thumbnailUrl":"https:\/\/invexo.com.br\/blog\/wp-content\/uploads\/2020\/06\/studio-de-pilates-no-leblon.jpg","keywords":["Leblon"],"articleSection":["Bairros"],"inLanguage":"pt-BR"},{"@type":"WebPage","@id":"https:\/\/invexo.com.br\/blog\/pilates-leblon\/","url":"https:\/\/invexo.com.br\/blog\/pilates-leblon\/","name":"Pilates Leblon Rio de Janeiro \u2013 Conhe\u00e7a os 6 melhores est\u00fadios","isPartOf":{"@id":"https:\/\/invexo.com.br\/blog\/#website"},"primaryImageOfPage":{"@id":"https:\/\/invexo.com.br\/blog\/pilates-leblon\/#primaryimage"},"image":{"@id":"https:\/\/invexo.com.br\/blog\/pilates-leblon\/#primaryimage"},"thumbnailUrl":"https:\/\/invexo.com.br\/blog\/wp-content\/uploads\/2020\/06\/studio-de-pilates-no-leblon.jpg","datePublished":"2020-06-16T18:10:01+00:00","dateModified":"2023-10-20T22:00:38+00:00","description":"Pilates Leblon: Espa\u00e7o Ess\u00eancia, Phyx Pilates, Espa\u00e7o \u00danico, Equ\u00edlibrio Pilates, Integra e V\u00e9rtice Pilates. Os melhores studios no Leblon.","breadcrumb":{"@id":"https:\/\/invexo.com.br\/blog\/pilates-leblon\/#breadcrumb"},"inLanguage":"pt-BR","potentialAction":[{"@type":"ReadAction","target":["https:\/\/invexo.com.br\/blog\/pilates-leblon\/"]}]},{"@type":"ImageObject","inLanguage":"pt-BR","@id":"https:\/\/invexo.com.br\/blog\/pilates-leblon\/#primaryimage","url":"https:\/\/invexo.com.br\/blog\/wp-content\/uploads\/2020\/06\/studio-de-pilates-no-leblon.jpg","contentUrl":"https:\/\/invexo.com.br\/blog\/wp-content\/uploads\/2020\/06\/studio-de-pilates-no-leblon.jpg","width":1280,"height":720,"caption":"Studio de pilates no Leblon"},{"@type":"BreadcrumbList","@id":"https:\/\/invexo.com.br\/blog\/pilates-leblon\/#breadcrumb","itemListElement":[{"@type":"ListItem","position":1,"name":"Blog","item":"https:\/\/invexo.com.br\/blog\/"},{"@type":"ListItem","position":2,"name":"Bairros","item":"https:\/\/invexo.com.br\/blog\/categoria\/bairros\/"},{"@type":"ListItem","position":3,"name":"Pilates \u2013 Conhe\u00e7a 6 studios no Leblon"}]},{"@type":"WebSite","@id":"https:\/\/invexo.com.br\/blog\/#website","url":"https:\/\/invexo.com.br\/blog\/","name":"Not\u00edcias RJ","description":"Not\u00edcias sobre im\u00f3veis, financiamento, mercado imobili\u00e1rio do Rio de Janeiro. Informa\u00e7\u00f5es sobre Bairros, Condom\u00ednios e Regi\u00e3o do Rio de Janeiro.","publisher":{"@id":"https:\/\/invexo.com.br\/blog\/#organization"},"potentialAction":[{"@type":"SearchAction","target":{"@type":"EntryPoint","urlTemplate":"https:\/\/invexo.com.br\/blog\/?s={search_term_string}"},"query-input":{"@type":"PropertyValueSpecification","valueRequired":true,"valueName":"search_term_string"}}],"inLanguage":"pt-BR"},{"@type":"Organization","@id":"https:\/\/invexo.com.br\/blog\/#organization","name":"INVEXO Imobili\u00e1ria","url":"https:\/\/invexo.com.br\/blog\/","logo":{"@type":"ImageObject","inLanguage":"pt-BR","@id":"https:\/\/invexo.com.br\/blog\/#\/schema\/logo\/image\/","url":"https:\/\/invexo.com.br\/blog\/wp-content\/uploads\/2018\/09\/invexo-80-melhor.png","contentUrl":"https:\/\/invexo.com.br\/blog\/wp-content\/uploads\/2018\/09\/invexo-80-melhor.png","width":247,"height":80,"caption":"INVEXO Imobili\u00e1ria"},"image":{"@id":"https:\/\/invexo.com.br\/blog\/#\/schema\/logo\/image\/"},"sameAs":["https:\/\/facebook.com\/invexo","https:\/\/x.com\/invexoimoveis"]},{"@type":"Person","@id":"https:\/\/invexo.com.br\/blog\/#\/schema\/person\/38b391bfbed71100a59413cf88e4c502","name":"J\u00f4 Gadonski","image":{"@type":"ImageObject","inLanguage":"pt-BR","@id":"https:\/\/invexo.com.br\/blog\/#\/schema\/person\/image\/","url":"https:\/\/secure.gravatar.com\/avatar\/4d8199b46157729cda2187fdfd7ad59d?s=96&d=blank&r=g","contentUrl":"https:\/\/secure.gravatar.com\/avatar\/4d8199b46157729cda2187fdfd7ad59d?s=96&d=blank&r=g","caption":"J\u00f4 Gadonski"},"description":"Redatora e assessora de comunica\u00e7\u00e3o. J\u00e1 trabalhou em mais de 30 projetos nacionais, internacionais e \u00e9 coordenadora de conte\u00fado para o blog da INVEXO.","sameAs":["https:\/\/invexo.com.br"],"url":"https:\/\/invexo.com.br\/blog\/author\/jo\/"}]}},"taxonomy_info":{"category":[{"value":10,"label":"Bairros"}],"post_tag":[{"value":634,"label":"Leblon"}]},"featured_image_src_large":["https:\/\/invexo.com.br\/blog\/wp-content\/uploads\/2020\/06\/studio-de-pilates-no-leblon-1024x576.jpg",1024,576,true],"author_info":{"display_name":"J\u00f4 Gadonski","author_link":"https:\/\/invexo.com.br\/blog\/author\/jo\/"},"comment_info":0,"category_info":[{"term_id":10,"name":"Bairros","slug":"bairros","term_group":0,"term_taxonomy_id":10,"taxonomy":"category","description":"Not\u00edcias sobre estabelecimentos nos melhores bairros para se morar no Rio de Janeiro.","parent":0,"count":1354,"filter":"raw","cat_ID":10,"category_count":1354,"category_description":"Not\u00edcias sobre estabelecimentos nos melhores bairros para se morar no Rio de Janeiro.","cat_name":"Bairros","category_nicename":"bairros","category_parent":0}],"tag_info":[{"term_id":634,"name":"Leblon","slug":"leblon","term_group":0,"term_taxonomy_id":634,"taxonomy":"post_tag","description":"<p style=\"text-align: left\">O Leblon \u00e9 o bairro mais nobre da Zona Sul da cidade do Rio de Janeiro (RJ). A regi\u00e3o \u00e9 reconhecida pela infraestrutura requintada e pelas arquiteturas encantadoras, que tamb\u00e9m s\u00e3o repletas de hist\u00f3rias marcantes. Conhe\u00e7a os <a href=\"https:\/\/luxury.invexo.com.br\/bairro\/leblon\/\" target=\"_blank\" rel=\"noreferrer noopener\">im\u00f3veis de luxo no Leblon<\/a>!<\/p>","parent":0,"count":433,"filter":"raw"}],"_links":{"self":[{"href":"https:\/\/invexo.com.br\/blog\/wp-json\/wp\/v2\/posts\/2886"}],"collection":[{"href":"https:\/\/invexo.com.br\/blog\/wp-json\/wp\/v2\/posts"}],"about":[{"href":"https:\/\/invexo.com.br\/blog\/wp-json\/wp\/v2\/types\/post"}],"author":[{"embeddable":true,"href":"https:\/\/invexo.com.br\/blog\/wp-json\/wp\/v2\/users\/8"}],"replies":[{"embeddable":true,"href":"https:\/\/invexo.com.br\/blog\/wp-json\/wp\/v2\/comments?post=2886"}],"version-history":[{"count":5,"href":"https:\/\/invexo.com.br\/blog\/wp-json\/wp\/v2\/posts\/2886\/revisions"}],"predecessor-version":[{"id":41965,"href":"https:\/\/invexo.com.br\/blog\/wp-json\/wp\/v2\/posts\/2886\/revisions\/41965"}],"wp:featuredmedia":[{"embeddable":true,"href":"https:\/\/invexo.com.br\/blog\/wp-json\/wp\/v2\/media\/8618"}],"wp:attachment":[{"href":"https:\/\/invexo.com.br\/blog\/wp-json\/wp\/v2\/media?parent=2886"}],"wp:term":[{"taxonomy":"category","embeddable":true,"href":"https:\/\/invexo.com.br\/blog\/wp-json\/wp\/v2\/categories?post=2886"},{"taxonomy":"post_tag","embeddable":true,"href":"https:\/\/invexo.com.br\/blog\/wp-json\/wp\/v2\/tags?post=2886"}],"curies":[{"name":"wp","href":"https:\/\/api.w.org\/{rel}","templated":true}]}}