{"id":28477,"date":"2022-08-04T17:00:00","date_gmt":"2022-08-04T20:00:00","guid":{"rendered":"https:\/\/invexo.com.br\/blog\/?p=28477"},"modified":"2022-11-07T13:35:47","modified_gmt":"2022-11-07T16:35:47","slug":"as-cafe-ipanema","status":"publish","type":"post","link":"https:\/\/invexo.com.br\/blog\/as-cafe-ipanema\/","title":{"rendered":"As Cafe Ipanema \u2013 Conhe\u00e7a as del\u00edcias da cafeteria carioca"},"content":{"rendered":"\n<p>N\u00e3o \u00e9 novidade que um bom caf\u00e9 \u00e9 essencial para dar aquele g\u00e1s na rotina do dia a dia. E, para a sorte dos moradores da Zona Sul carioca, o As Cafe Ipanema \u00e9 uma das melhores op\u00e7\u00f5es.<\/p>\n\n\n\n<p>O espa\u00e7o \u00e9 ideal para quem aprecia um caf\u00e9 saboroso preparado com especiarias inigual\u00e1veis. Atrav\u00e9s de um atendimento de primeira linha, a cafeteria serve os produtos mais fresquinhos de todo o bairro.<\/p>\n\n\n\n<!--more-->\n\n\n\n<p>S\u00e3o diversas op\u00e7\u00f5es de caf\u00e9 preparados atrav\u00e9s de torrefa\u00e7\u00e3o pr\u00f3pria, que imprimem sabores \u00fanicos e extraordin\u00e1rios que marcam o paladar de qualquer amante de caf\u00e9. Al\u00e9m do carro-chefe, o estabelecimento ainda disp\u00f5e de excelentes acompanhamentos, como p\u00e3es, bolos, salgados e muito mais.<\/p>\n\n\n\n<p>Seu ambiente \u00e9 amplo e acolhedor, proporcionando ao cliente uma experi\u00eancia agrad\u00e1vel durante sua estadia. Dessa forma, o \u00c1s Caf\u00e9 Ipanema se torna um lugar perfeito para aproveitar um delicioso caf\u00e9 da manh\u00e3 ou lanche da tarde.<\/p>\n\n\n\n<p>E, al\u00e9m disso, o estabelecimento conta com um servi\u00e7o de Delivery, perfeito para aqueles que desejam degustar as op\u00e7\u00f5es no conforto de suas casas. Ent\u00e3o, se voc\u00ea est\u00e1 \u00e0 procura daquele caf\u00e9 delicioso, basta dar uma passadinha no As Cafe Ipanema.<\/p>\n\n\n\n<h2 class=\"wp-block-heading\">Cafeteria em Ipanema<\/h2>\n\n\n\n<p>A \u00c1s Caf\u00e9 \u00e9 uma cafeteria especializada em caf\u00e9s especiais, localizada no bairro de Ipanema. Criada com o intuito de oferecer caf\u00e9s originais e saborosos, o \u00c1s Caf\u00e9 possui muitos anos de experi\u00eancia no setor de cafeteria.<\/p>\n\n\n\n<p>Ent\u00e3o, se tem uma coisa que o \u00c1s Caf\u00e9 sabe fazer \u00e9 inovar no quesito caf\u00e9. S\u00e3o diversas op\u00e7\u00f5es que apresentam uma verdadeira explos\u00e3o de sabor e informa\u00e7\u00f5es sensoriais.<\/p>\n\n\n\n<p>O lugar \u00e9 perfeito tanto para quem j\u00e1 aprecia a degusta\u00e7\u00e3o de caf\u00e9s especiais quanto para quem quer come\u00e7ar a experimentar este mundo. Os caf\u00e9s especiais s\u00e3o preparados atrav\u00e9s de torrefa\u00e7\u00e3o pr\u00f3pria, contendo assim um sabor inigual\u00e1vel.<\/p>\n\n\n\n<p>Sua infraestrutura \u00e9 acolhedora e moderna, com o intuito de proporcionar uma sensa\u00e7\u00e3o familiar e amig\u00e1vel para todos os clientes. Por falar nisso, o local \u00e9 receptivo n\u00e3o s\u00f3 com os humanos, mas tamb\u00e9m com os pets. \u00c9 isso mesmo! No <a href=\"https:\/\/www.instagram.com\/ascafeipanema\/\" target=\"_blank\" rel=\"noreferrer noopener\">\u00c1s Caf\u00e9<\/a> voc\u00ea pode levar seu querido animal de estima\u00e7\u00e3o, com a garantia de que ele ser\u00e1 muito bem recebido.<\/p>\n\n\n\n<p>Os produtos s\u00e3o preparados por funcion\u00e1rios altamente capacitados, que transmitem amor e carinho em cada um de seus produtos. O atendimento \u00e9 feito por uma equipe simp\u00e1tica que se esfor\u00e7a para oferecer o melhor servi\u00e7o para seus clientes.<\/p>\n\n\n\n<p>Afinal, a miss\u00e3o do \u00c1s Caf\u00e9 Ipanema \u00e9 entregar os melhores caf\u00e9s do nobre bairro da Zona Sul carioca, acompanhados de excelentes lanches e outras incr\u00edveis variedades.&nbsp;A unidade de Ipanema \u00e9 muito querida por seus frequentadores e atrai constantemente novos consumidores para aproveitar as diversas del\u00edcias disponibilizadas no local.<\/p>\n\n\n\n<p>Al\u00e9m de integrar diversas cafeterias, como o \u00c1s Caf\u00e9, o bairro de Ipanema ainda conta com uma excelente infraestrutura, repleta de estabelecimentos essenciais e im\u00f3veis residenciais de luxo que atraem constantemente novos moradores.<\/p>\n\n\n\n<p>Oportunidades \u00fanicas de im\u00f3veis em Ipanema! Fa\u00e7a parte do nosso\u00a0<strong><a href=\"https:\/\/whatsapp.com\/channel\/0029VaBTv8v8F2pN1nbKfn0a\">canal exclusivo no WhatsApp<\/a><\/strong>\u00a0e tenha acesso antecipado aos im\u00f3veis \u00e0 venda na regi\u00e3o com a maior demanda do Rio de Janeiro.<\/p>\n\n\n<div class=\"\"><div class='_form_6'><\/div><script type='text\/javascript' src='https:\/\/invexo.activehosted.com\/f\/embed.php?static=0&id=6&69EE4B0AD2DAF&nostyles=0&preview=0'><\/script><\/div>\n\n\n<p><\/p>\n\n\n\n<p>S\u00e3o diversos os lan\u00e7amentos residenciais e im\u00f3veis prontos em Ipanema, tais como o <a href=\"https:\/\/invexo.com.br\/lancamento\/helo-ipanema\/\" target=\"_blank\" rel=\"noreferrer noopener\">Helo Ipanema<\/a>! Com acabamentos de alto padr\u00e3o e infraestrutura completa, Ipanema \u00e9 um dos bairros com os melhores im\u00f3veis de luxo do Rio de Janeiro. Conhe\u00e7a agora mesmo os melhores <a href=\"https:\/\/luxury.invexo.com.br\/bairro\/ipanema\/?utm_source=blog&amp;utm_medium=blocomeio\" target=\"_blank\" rel=\"noreferrer noopener\">im\u00f3veis de luxo \u00e0 venda em Ipanema<\/a>!<\/p>\n\n\n\n<figure class=\"wp-block-image size-full\"><a href=\"https:\/\/luxury.invexo.com.br\/bairro\/ipanema\/?utm_source=blog&amp;utm_medium=blocomeio\" target=\"_blank\" rel=\"noopener\"><img decoding=\"async\" width=\"1300\" height=\"280\" src=\"https:\/\/invexo.com.br\/blog\/wp-content\/uploads\/2022\/08\/imoveis-residenciais-ipanema-rio-de-janeiro-rj-calcadao-de-ipanema.jpg\" alt=\"Im\u00f3veis de luxo \u00e0 venda em Ipanema RJ\" class=\"wp-image-28981\" srcset=\"https:\/\/invexo.com.br\/blog\/wp-content\/uploads\/2022\/08\/imoveis-residenciais-ipanema-rio-de-janeiro-rj-calcadao-de-ipanema.jpg 1300w, https:\/\/invexo.com.br\/blog\/wp-content\/uploads\/2022\/08\/imoveis-residenciais-ipanema-rio-de-janeiro-rj-calcadao-de-ipanema-300x65.jpg 300w, https:\/\/invexo.com.br\/blog\/wp-content\/uploads\/2022\/08\/imoveis-residenciais-ipanema-rio-de-janeiro-rj-calcadao-de-ipanema-1024x221.jpg 1024w, https:\/\/invexo.com.br\/blog\/wp-content\/uploads\/2022\/08\/imoveis-residenciais-ipanema-rio-de-janeiro-rj-calcadao-de-ipanema-768x165.jpg 768w\" sizes=\"(max-width: 1300px) 100vw, 1300px\" \/><\/a><\/figure>\n\n\n\n<h2 class=\"wp-block-heading\">Produtos As Cafe Ipanema<\/h2>\n\n\n\n<p>O As Cafe em Ipanema \u00e9 conhecido por apresentar os produtos mais frescos e gostosos do bairro. Na cafeteria \u00c1s Caf\u00e9, voc\u00ea pode encontrar uma variedade de pratos que podem combinar muito bem com qualquer refei\u00e7\u00e3o do dia.<\/p>\n\n\n\n<p>Os caf\u00e9s s\u00e3o os produtos mais requisitados pelos frequentadores da unidade. S\u00e3o diversas op\u00e7\u00f5es como espresso, cappuccino, latte e muito mais. A cafeteria inova ao incrementar cada um dos conhecidos estilos de caf\u00e9 com receitas originais e ingredientes diferenciados.<\/p>\n\n\n\n<p>Para acompanhar o caf\u00e9, a unidade conta com uma variedade de bolos, preparados com receitas caseiras extremamente deliciosas. Al\u00e9m dos bolos em sabores diversificados, no \u00c1s Caf\u00e9 voc\u00ea vai encontrar variados sandu\u00edches, tapiocas e sopas quentinhas.<\/p>\n\n\n\n<p>E, como se n\u00e3o fosse inova\u00e7\u00e3o o suficiente, o \u00c1s Caf\u00e9 ainda conta com um card\u00e1pio de pratos voltados para o almo\u00e7o. S\u00e3o diversas op\u00e7\u00f5es que podem ser conferidas diariamente no card\u00e1pio da loja ou atrav\u00e9s de consulta via atendimento online.<\/p>\n\n\n\n<p>E, pensando em facilitar a vida de seus clientes, a unidade de Ipanema conta com o servi\u00e7o de Delivery e <em>Take Away<\/em>. Dessa forma, \u00e9 poss\u00edvel aproveitar qualquer uma dessas gostosuras diretamente do conforto de sua casa ou de seu ambiente de trabalho.<\/p>\n\n\n\n<figure class=\"wp-block-image size-large\"><a href=\"https:\/\/luxury.invexo.com.br\/bairro\/ipanema\/\" target=\"_blank\" rel=\"noreferrer noopener\"><img decoding=\"async\" width=\"1024\" height=\"576\" src=\"https:\/\/invexo.com.br\/blog\/wp-content\/uploads\/2022\/07\/produtos-as-cafe-ipanema-rio-de-janeiro-1024x576.jpg\" alt=\"Produtos As Cafe Ipanema Rio de Janeiro\" class=\"wp-image-28686\" srcset=\"https:\/\/invexo.com.br\/blog\/wp-content\/uploads\/2022\/07\/produtos-as-cafe-ipanema-rio-de-janeiro-1024x576.jpg 1024w, https:\/\/invexo.com.br\/blog\/wp-content\/uploads\/2022\/07\/produtos-as-cafe-ipanema-rio-de-janeiro-300x169.jpg 300w, https:\/\/invexo.com.br\/blog\/wp-content\/uploads\/2022\/07\/produtos-as-cafe-ipanema-rio-de-janeiro-768x432.jpg 768w, https:\/\/invexo.com.br\/blog\/wp-content\/uploads\/2022\/07\/produtos-as-cafe-ipanema-rio-de-janeiro-940x529.jpg 940w, https:\/\/invexo.com.br\/blog\/wp-content\/uploads\/2022\/07\/produtos-as-cafe-ipanema-rio-de-janeiro.jpg 1280w\" sizes=\"(max-width: 1024px) 100vw, 1024px\" \/><\/a><\/figure>\n\n\n\n<h3 class=\"wp-block-heading\">Caf\u00e9s<\/h3>\n\n\n\n<p>Definitivamente, uma das primeiras pedidas ao adentrar uma cafeteria \u00e9 o famoso caf\u00e9. Sendo assim, o menu do \u00c1s Caf\u00e9 \u00e9 refinado e foi elaborado para agradar a todos os amantes de caf\u00e9 da cidade do Rio de Janeiro.<\/p>\n\n\n\n<p>Presente em diversos lares brasileiros, a especiaria \u00e9 consumida frequentemente durante diversos per\u00edodos do dia. Algumas das deliciosas op\u00e7\u00f5es de caf\u00e9 que voc\u00ea encontra no As Cafe Ipanema s\u00e3o:<\/p>\n\n\n\n<ul><li>Espresso;<\/li><li>Cappuccino;<\/li><li>Mocaccino;<\/li><li>Latte;<\/li><li>Frozen;<\/li><li>E muito mais.<\/li><\/ul>\n\n\n\n<p>O Frozen Cappuccino Especial \u00e9 uma excelente pedida para aquele dia quente de ver\u00e3o, sendo uma das bebidas geladas mais pedidas do As Cafe Ipanema.<\/p>\n\n\n\n<p>J\u00e1 como op\u00e7\u00e3o de espresso ex\u00f3tico, uma excelente pedida \u00e9 o Alta Mogiana, um caf\u00e9 fermentado, com notas de frutas vermelhas, iogurte e muitos sabores que v\u00eam da mem\u00f3ria sensorial de cada um.<\/p>\n\n\n\n<p>O \u00c1s Caf\u00e9 \u00e9 conhecido tamb\u00e9m por apresentar caf\u00e9s de torrefa\u00e7\u00e3o \u00fanica. Assim, \u00e9 f\u00e1cil encontrar diversos sabores para experimentar. Dentre os principais caf\u00e9s comercializados no As Cafe Ipanema, est\u00e3o:<\/p>\n\n\n\n<ul><li><strong>785:<\/strong> apresenta notas de rapadura e uma acidez discreta, sendo um caf\u00e9 bem equilibrado;<\/li><li><strong>Moquinha:<\/strong> possui acidez cr\u00edtica mais aparente, seguindo a linha do equilibrado, com notas amendoadas, caramelo, baunilha e chocolate;<\/li><li><strong>Guar\u00e1:<\/strong> apresenta um floral e uma frutada bem equilibrada, sendo um caf\u00e9 diferente e muito delicado;<\/li><li><strong>Top\u00e1zio:<\/strong> um caf\u00e9 ex\u00f3tico mais intenso, com acidez bem presente, notas de cacau, considerado um ex\u00f3tico que apresenta muito corpo;<\/li><li><strong>Arara:<\/strong> um caf\u00e9 do Sul de Minas, com sabor ex\u00f3tico que leva notas frutadas, frutas passa, vinho, caramelo e um leve floral.<\/li><\/ul>\n\n\n\n<p>O \u00c1s Caf\u00e9 ainda conta com os sabores Rum e Cacha\u00e7a, caf\u00e9s maturados que passam por um processo de descanso em barris, absorvendo os aromas das respectivas bebidas. Muitos caf\u00e9s podem ser preparados na Prensa Francesa, deixando o sabor muito mais intenso.<\/p>\n\n\n\n<h3 class=\"wp-block-heading\">Lanches<\/h3>\n\n\n\n<p>Todos sabem que um bom caf\u00e9 \u00e9 sempre bem-vindo para acompanhar aquele lanche da tarde ou caf\u00e9 da manh\u00e3. Assim, o \u00c1s Caf\u00e9 disponibiliza para seus clientes os melhores tipos de lanches que voc\u00ea pode encontrar em uma cafeteria.<\/p>\n\n\n\n<p>Todos os pratos do card\u00e1pio s\u00e3o de produ\u00e7\u00e3o pr\u00f3pria da casa, garantindo um frescor e sabor original.\u00a0Para o caf\u00e9 da manh\u00e3, voc\u00ea pode encontrar op\u00e7\u00f5es com diferentes varia\u00e7\u00f5es, como p\u00e3es, bolos e tapiocas.<\/p>\n\n\n\n<figure class=\"wp-block-embed aligncenter is-type-rich is-provider-instagram wp-block-embed-instagram\"><div class=\"wp-block-embed__wrapper\">\n<div class=\"sbi-embed-wrap\"><blockquote class=\"instagram-media sbi-embed\" data-instgrm-captioned data-instgrm-permalink=\"https:\/\/www.instagram.com\/p\/Cc2v-D7uat8\/?utm_source=ig_embed&amp;utm_campaign=loading\" data-instgrm-version=\"14\" style=\" background:#FFF; border:0; border-radius:3px; box-shadow:0 0 1px 0 rgba(0,0,0,0.5),0 1px 10px 0 rgba(0,0,0,0.15); margin: 1px; max-width:658px; min-width:326px; padding:0; width:99.375%; width:-webkit-calc(100% - 2px); width:calc(100% - 2px);\"><div style=\"padding:16px;\"> <a href=\"https:\/\/www.instagram.com\/p\/Cc2v-D7uat8\/?utm_source=ig_embed&amp;utm_campaign=loading\" style=\" background:#FFFFFF; line-height:0; padding:0 0; text-align:center; text-decoration:none; width:100%;\" target=\"_blank\"> <div style=\" display: flex; flex-direction: row; align-items: center;\"> <div style=\"background-color: #F4F4F4; border-radius: 50%; flex-grow: 0; height: 40px; margin-right: 14px; width: 40px;\"><\/div> <div style=\"display: flex; flex-direction: column; flex-grow: 1; justify-content: center;\"> <div style=\" background-color: #F4F4F4; border-radius: 4px; flex-grow: 0; height: 14px; margin-bottom: 6px; width: 100px;\"><\/div> <div style=\" background-color: #F4F4F4; border-radius: 4px; flex-grow: 0; height: 14px; width: 60px;\"><\/div><\/div><\/div><div style=\"padding: 19% 0;\"><\/div> <div style=\"display:block; height:50px; margin:0 auto 12px; width:50px;\"><svg width=\"50px\" height=\"50px\" viewBox=\"0 0 60 60\" version=\"1.1\" xmlns=\"https:\/\/www.w3.org\/2000\/svg\" xmlns:xlink=\"https:\/\/www.w3.org\/1999\/xlink\"><g stroke=\"none\" stroke-width=\"1\" fill=\"none\" fill-rule=\"evenodd\"><g transform=\"translate(-511.000000, -20.000000)\" fill=\"#000000\"><g><path d=\"M556.869,30.41 C554.814,30.41 553.148,32.076 553.148,34.131 C553.148,36.186 554.814,37.852 556.869,37.852 C558.924,37.852 560.59,36.186 560.59,34.131 C560.59,32.076 558.924,30.41 556.869,30.41 M541,60.657 C535.114,60.657 530.342,55.887 530.342,50 C530.342,44.114 535.114,39.342 541,39.342 C546.887,39.342 551.658,44.114 551.658,50 C551.658,55.887 546.887,60.657 541,60.657 M541,33.886 C532.1,33.886 524.886,41.1 524.886,50 C524.886,58.899 532.1,66.113 541,66.113 C549.9,66.113 557.115,58.899 557.115,50 C557.115,41.1 549.9,33.886 541,33.886 M565.378,62.101 C565.244,65.022 564.756,66.606 564.346,67.663 C563.803,69.06 563.154,70.057 562.106,71.106 C561.058,72.155 560.06,72.803 558.662,73.347 C557.607,73.757 556.021,74.244 553.102,74.378 C549.944,74.521 548.997,74.552 541,74.552 C533.003,74.552 532.056,74.521 528.898,74.378 C525.979,74.244 524.393,73.757 523.338,73.347 C521.94,72.803 520.942,72.155 519.894,71.106 C518.846,70.057 518.197,69.06 517.654,67.663 C517.244,66.606 516.755,65.022 516.623,62.101 C516.479,58.943 516.448,57.996 516.448,50 C516.448,42.003 516.479,41.056 516.623,37.899 C516.755,34.978 517.244,33.391 517.654,32.338 C518.197,30.938 518.846,29.942 519.894,28.894 C520.942,27.846 521.94,27.196 523.338,26.654 C524.393,26.244 525.979,25.756 528.898,25.623 C532.057,25.479 533.004,25.448 541,25.448 C548.997,25.448 549.943,25.479 553.102,25.623 C556.021,25.756 557.607,26.244 558.662,26.654 C560.06,27.196 561.058,27.846 562.106,28.894 C563.154,29.942 563.803,30.938 564.346,32.338 C564.756,33.391 565.244,34.978 565.378,37.899 C565.522,41.056 565.552,42.003 565.552,50 C565.552,57.996 565.522,58.943 565.378,62.101 M570.82,37.631 C570.674,34.438 570.167,32.258 569.425,30.349 C568.659,28.377 567.633,26.702 565.965,25.035 C564.297,23.368 562.623,22.342 560.652,21.575 C558.743,20.834 556.562,20.326 553.369,20.18 C550.169,20.033 549.148,20 541,20 C532.853,20 531.831,20.033 528.631,20.18 C525.438,20.326 523.257,20.834 521.349,21.575 C519.376,22.342 517.703,23.368 516.035,25.035 C514.368,26.702 513.342,28.377 512.574,30.349 C511.834,32.258 511.326,34.438 511.181,37.631 C511.035,40.831 511,41.851 511,50 C511,58.147 511.035,59.17 511.181,62.369 C511.326,65.562 511.834,67.743 512.574,69.651 C513.342,71.625 514.368,73.296 516.035,74.965 C517.703,76.634 519.376,77.658 521.349,78.425 C523.257,79.167 525.438,79.673 528.631,79.82 C531.831,79.965 532.853,80.001 541,80.001 C549.148,80.001 550.169,79.965 553.369,79.82 C556.562,79.673 558.743,79.167 560.652,78.425 C562.623,77.658 564.297,76.634 565.965,74.965 C567.633,73.296 568.659,71.625 569.425,69.651 C570.167,67.743 570.674,65.562 570.82,62.369 C570.966,59.17 571,58.147 571,50 C571,41.851 570.966,40.831 570.82,37.631\"><\/path><\/g><\/g><\/g><\/svg><\/div><div style=\"padding-top: 8px;\"> <div style=\" color:#3897f0; font-family:Arial,sans-serif; font-size:14px; font-style:normal; font-weight:550; line-height:18px;\">View this post on Instagram<\/div><\/div><div style=\"padding: 12.5% 0;\"><\/div> <div style=\"display: flex; flex-direction: row; margin-bottom: 14px; align-items: center;\"><div> <div style=\"background-color: #F4F4F4; border-radius: 50%; height: 12.5px; width: 12.5px; transform: translateX(0px) translateY(7px);\"><\/div> <div style=\"background-color: #F4F4F4; height: 12.5px; transform: rotate(-45deg) translateX(3px) translateY(1px); width: 12.5px; flex-grow: 0; margin-right: 14px; margin-left: 2px;\"><\/div> <div style=\"background-color: #F4F4F4; border-radius: 50%; height: 12.5px; width: 12.5px; transform: translateX(9px) translateY(-18px);\"><\/div><\/div><div style=\"margin-left: 8px;\"> <div style=\" background-color: #F4F4F4; border-radius: 50%; flex-grow: 0; height: 20px; width: 20px;\"><\/div> <div style=\" width: 0; height: 0; border-top: 2px solid transparent; border-left: 6px solid #f4f4f4; border-bottom: 2px solid transparent; transform: translateX(16px) translateY(-4px) rotate(30deg)\"><\/div><\/div><div style=\"margin-left: auto;\"> <div style=\" width: 0px; border-top: 8px solid #F4F4F4; border-right: 8px solid transparent; transform: translateY(16px);\"><\/div> <div style=\" background-color: #F4F4F4; flex-grow: 0; height: 12px; width: 16px; transform: translateY(-4px);\"><\/div> <div style=\" width: 0; height: 0; border-top: 8px solid #F4F4F4; border-left: 8px solid transparent; transform: translateY(-4px) translateX(8px);\"><\/div><\/div><\/div> <div style=\"display: flex; flex-direction: column; flex-grow: 1; justify-content: center; margin-bottom: 24px;\"> <div style=\" background-color: #F4F4F4; border-radius: 4px; flex-grow: 0; height: 14px; margin-bottom: 6px; width: 224px;\"><\/div> <div style=\" background-color: #F4F4F4; border-radius: 4px; flex-grow: 0; height: 14px; width: 144px;\"><\/div><\/div><\/a><p style=\" color:#c9c8cd; font-family:Arial,sans-serif; font-size:14px; line-height:17px; margin-bottom:0; margin-top:8px; overflow:hidden; padding:8px 0 7px; text-align:center; text-overflow:ellipsis; white-space:nowrap;\"><a href=\"https:\/\/www.instagram.com\/p\/Cc2v-D7uat8\/?utm_source=ig_embed&amp;utm_campaign=loading\" style=\" color:#c9c8cd; font-family:Arial,sans-serif; font-size:14px; font-style:normal; font-weight:normal; line-height:17px; text-decoration:none;\" target=\"_blank\">A post shared by \u00c1s Caf\u00e9 Ipanema. (@ascafeipanema)<\/a><\/p><\/div><\/blockquote><script async src=\"\/\/platform.instagram.com\/en_US\/embeds.js\"><\/script><\/div>\n<\/div><\/figure>\n\n\n\n<p>Os bolos s\u00e3o o carro-chefe, uma vez que s\u00e3o disponibilizados em v\u00e1rios sabores e texturas. As del\u00edcias expostas no balc\u00e3o variam de acordo com as receitas preparadas ao longo do dia. Para dar uma alegrada no famoso lanchinho da tarde, a cafeteria disponibiliza os seguintes pratos:<\/p>\n\n\n\n<ul><li>Salgados;<\/li><li>Sandu\u00edches;<\/li><li>Tortas;<\/li><li>A\u00e7a\u00ed;<\/li><li>Canjica;<\/li><li>E muito mais.<\/li><\/ul>\n\n\n\n<p>S\u00e3o diversas op\u00e7\u00f5es preparadas com receitas caseiras, proporcionando aquele t\u00edpico gostinho familiar aos clientes. Um dos destaques \u00e9 a famosa torta de nozes, preparada com ingredientes frescos com uma receita que somente a \u00c1s Caf\u00e9 sabe fazer.<\/p>\n\n\n\n<p>Outra saborosa op\u00e7\u00e3o \u00e9 o P\u00e3o na Chapa, popularmente conhecido por ser um acompanhamento indispens\u00e1vel na refei\u00e7\u00e3o do caf\u00e9 da manh\u00e3 brasileiro.<\/p>\n\n\n\n<p>E, para aumentar o quesito originalidade, o \u00c1s Caf\u00e9 apresenta seu requisitado Bem Casado de Morango, preparado com massa de p\u00e3o de l\u00f3, morango, creme, chantilly e geleia de morango, uma combina\u00e7\u00e3o que n\u00e3o tem como dar errado.<\/p>\n\n\n\n<p>Os lanches podem ser aproveitados tanto na companhia dos caf\u00e9s quanto ao lado de bebidas leves, como \u00e1gua, mate, refrigerantes e sucos.<\/p>\n\n\n\n<h2 class=\"wp-block-heading\">Como chegar na cafeteria As Cafe em Ipanema<\/h2>\n\n\n\n<p>O \u00c1s Caf\u00e9 fica situado em uma rua bastante movimentada do bairro de Ipanema: a Rua Visconde de Piraj\u00e1. O local \u00e9 muito bem avaliado e integra diversos estabelecimentos renomados do nobre bairro da Zona Sul carioca.<\/p>\n\n\n\n<p><strong>Endere\u00e7o:<\/strong>&nbsp; Rua Visconde de Piraj\u00e1, 580, Loja 101, Ipanema, Rio de Janeiro.&nbsp;<br><strong>Hor\u00e1rio de Funcionamento:<\/strong> De segunda a sexta, das 08h30 \u00e0s 19h, e aos s\u00e1bados, das 08h30 \u00e0s 15h.<\/p>\n\n\n\n<p>Pr\u00f3ximo ao \u00c1s Caf\u00e9, encontram-se outros estabelecimentos para os amantes da gastronomia, como o Limas Caf\u00e9, o C\u2019est un Caf\u00e9, o <a href=\"https:\/\/invexo.com.br\/blog\/gurume-ipanema\/\" target=\"_blank\" rel=\"noreferrer noopener\">Gurum\u00ea<\/a> e o <a href=\"https:\/\/invexo.com.br\/blog\/teva-ipanema\/\" target=\"_blank\" rel=\"noreferrer noopener\">Teva<\/a>.<\/p>\n\n\n\n<p>A loja tamb\u00e9m fica localizada somente a duas quadras da famosa <a href=\"https:\/\/invexo.com.br\/blog\/praia-de-ipanema\/\" target=\"_blank\" rel=\"noreferrer noopener\">Praia de Ipanema<\/a>, que \u00e9 respons\u00e1vel por atrair diversos frequentadores ao longo do dia.<\/p>\n\n\n\n<p>Al\u00e9m de contar com uma diversidade de restaurantes, o bairro de Ipanema tamb\u00e9m disp\u00f5e de diversas atividades ao ar livre e uma grande variedade de pontos tur\u00edsticos, perfeitos para aqueles que desejam estar em contato com a natureza.<\/p>\n\n\n\n<p>A regi\u00e3o possui f\u00e1cil acesso, tanto por transporte p\u00fablico quanto particular. Sendo assim, \u00e9 comum encontrar diversos estacionamentos, pontos de \u00f4nibus e esta\u00e7\u00f5es de metr\u00f4 em todo lugar.<\/p>\n\n\n\n<p>Assim, Ipanema \u00e9 considerada uma dos <a href=\"https:\/\/invexo.com.br\/blog\/bairros-nobres-do-rio-de-janeiro\/\" target=\"_blank\" rel=\"noreferrer noopener\">bairros mais nobres da cidade do Rio de Janeiro<\/a>, oferecendo diversos programas de entretenimento, servi\u00e7os essenciais e im\u00f3veis residenciais de luxo.<\/p>\n\n\n\n<div class=\"wp-block-group\"><div class=\"wp-block-group__inner-container is-layout-flow wp-block-group-is-layout-flow\">\n<p>Oportunidades \u00fanicas de im\u00f3veis em Ipanema! Fa\u00e7a parte do nosso&nbsp;<strong><a href=\"https:\/\/whatsapp.com\/channel\/0029VaBTv8v8F2pN1nbKfn0a\">canal exclusivo no WhatsApp<\/a><\/strong>&nbsp;e tenha acesso antecipado aos im\u00f3veis \u00e0 venda na regi\u00e3o com a maior demanda do Rio de Janeiro.<\/p>\n\n\n<div class=\"\"><div class='_form_6'><\/div><script type='text\/javascript' src='https:\/\/invexo.activehosted.com\/f\/embed.php?static=0&id=6&69EE4B0AD2DD3&nostyles=0&preview=0'><\/script><\/div>\n\n\n<p><\/p>\n\n\n\n<p>Ipanema, localizada na Zona Sul carioca, \u00e9 um dos melhores e mais nobres bairros para se viver no Rio de Janeiro. Conhe\u00e7a hoje mesmo os <a href=\"https:\/\/luxury.invexo.com.br\/bairro\/ipanema\/?utm_source=blog&amp;utm_medium=blocofim\" target=\"_blank\" rel=\"noreferrer noopener\">im\u00f3veis residenciais de luxo em Ipanema<\/a> com a INVEXO, imobili\u00e1ria especializada em im\u00f3veis de luxo no Rio de Janeiro.<\/p>\n\n\n\n<figure class=\"wp-block-image size-full\"><a href=\"https:\/\/luxury.invexo.com.br\/bairro\/ipanema\/?utm_source=blog&amp;utm_medium=blocofim\" target=\"_blank\" rel=\"noopener\"><img decoding=\"async\" width=\"1300\" height=\"280\" src=\"https:\/\/invexo.com.br\/blog\/wp-content\/uploads\/2022\/08\/imoveis-residenciais-ipanema-rio-de-janeiro-rj-calcadao-de-ipanema.jpg\" alt=\"Im\u00f3veis de luxo \u00e0 venda em Ipanema RJ\" class=\"wp-image-28981\" srcset=\"https:\/\/invexo.com.br\/blog\/wp-content\/uploads\/2022\/08\/imoveis-residenciais-ipanema-rio-de-janeiro-rj-calcadao-de-ipanema.jpg 1300w, https:\/\/invexo.com.br\/blog\/wp-content\/uploads\/2022\/08\/imoveis-residenciais-ipanema-rio-de-janeiro-rj-calcadao-de-ipanema-300x65.jpg 300w, https:\/\/invexo.com.br\/blog\/wp-content\/uploads\/2022\/08\/imoveis-residenciais-ipanema-rio-de-janeiro-rj-calcadao-de-ipanema-1024x221.jpg 1024w, https:\/\/invexo.com.br\/blog\/wp-content\/uploads\/2022\/08\/imoveis-residenciais-ipanema-rio-de-janeiro-rj-calcadao-de-ipanema-768x165.jpg 768w\" sizes=\"(max-width: 1300px) 100vw, 1300px\" \/><\/a><\/figure>\n<\/div><\/div>\n","protected":false},"excerpt":{"rendered":"<p>Um bom caf\u00e9 \u00e9 essencial para dar um g\u00e1s na rotina. E, para a sorte dos moradores da Zona Sul, o As Cafe Ipanema \u00e9 uma das melhores op\u00e7\u00f5es.<\/p>\n","protected":false},"author":2,"featured_media":28687,"comment_status":"closed","ping_status":"closed","sticky":false,"template":"","format":"standard","meta":{"_acf_changed":false,"_kad_blocks_custom_css":"","_kad_blocks_head_custom_js":"","_kad_blocks_body_custom_js":"","_kad_blocks_footer_custom_js":"","_kadence_starter_templates_imported_post":false,"_kad_post_transparent":"","_kad_post_title":"","_kad_post_layout":"","_kad_post_sidebar_id":"","_kad_post_content_style":"","_kad_post_vertical_padding":"","_kad_post_feature":"","_kad_post_feature_position":"","_kad_post_header":false,"_kad_post_footer":false,"footnotes":""},"categories":[10,15],"tags":[635],"acf":[],"yoast_head":"<!-- This site is optimized with the Yoast SEO plugin v24.1 - https:\/\/yoast.com\/wordpress\/plugins\/seo\/ -->\n<title>As Cafe Ipanema \u2013 Conhe\u00e7a o card\u00e1pio da cafeteria carioca<\/title>\n<meta name=\"description\" content=\"Um bom caf\u00e9 \u00e9 essencial para dar um g\u00e1s na rotina. E, para a sorte dos moradores da Zona Sul, o As Cafe Ipanema \u00e9 uma das melhores op\u00e7\u00f5es.\" \/>\n<meta name=\"robots\" content=\"index, follow, max-snippet:-1, max-image-preview:large, max-video-preview:-1\" \/>\n<link rel=\"canonical\" href=\"https:\/\/invexo.com.br\/blog\/as-cafe-ipanema\/\" \/>\n<meta property=\"og:locale\" content=\"pt_BR\" \/>\n<meta property=\"og:type\" content=\"article\" \/>\n<meta property=\"og:title\" content=\"As Cafe Ipanema \u2013 Conhe\u00e7a o card\u00e1pio da cafeteria carioca\" \/>\n<meta property=\"og:description\" content=\"Um bom caf\u00e9 \u00e9 essencial para dar um g\u00e1s na rotina. E, para a sorte dos moradores da Zona Sul, o As Cafe Ipanema \u00e9 uma das melhores op\u00e7\u00f5es.\" \/>\n<meta property=\"og:url\" content=\"https:\/\/invexo.com.br\/blog\/as-cafe-ipanema\/\" \/>\n<meta property=\"og:site_name\" content=\"Not\u00edcias RJ\" \/>\n<meta property=\"article:publisher\" content=\"https:\/\/facebook.com\/invexo\" \/>\n<meta property=\"article:author\" content=\"https:\/\/facebook.com\/invexo\" \/>\n<meta property=\"article:published_time\" content=\"2022-08-04T20:00:00+00:00\" \/>\n<meta property=\"article:modified_time\" content=\"2022-11-07T16:35:47+00:00\" \/>\n<meta property=\"og:image\" content=\"https:\/\/invexo.com.br\/blog\/wp-content\/uploads\/2022\/07\/xicara-as-cafe-ipanema-rio-de-janeiro.jpg\" \/>\n\t<meta property=\"og:image:width\" content=\"1280\" \/>\n\t<meta property=\"og:image:height\" content=\"720\" \/>\n\t<meta property=\"og:image:type\" content=\"image\/jpeg\" \/>\n<meta name=\"author\" content=\"Ronnie Possatti\" \/>\n<meta name=\"twitter:card\" content=\"summary_large_image\" \/>\n<meta name=\"twitter:creator\" content=\"@https:\/\/twitter.com\/invexoimoveis\" \/>\n<meta name=\"twitter:site\" content=\"@invexoimoveis\" \/>\n<meta name=\"twitter:label1\" content=\"Escrito por\" \/>\n\t<meta name=\"twitter:data1\" content=\"Ronnie Possatti\" \/>\n\t<meta name=\"twitter:label2\" content=\"Est. tempo de leitura\" \/>\n\t<meta name=\"twitter:data2\" content=\"9 minutos\" \/>\n<script type=\"application\/ld+json\" class=\"yoast-schema-graph\">{\"@context\":\"https:\/\/schema.org\",\"@graph\":[{\"@type\":\"Article\",\"@id\":\"https:\/\/invexo.com.br\/blog\/as-cafe-ipanema\/#article\",\"isPartOf\":{\"@id\":\"https:\/\/invexo.com.br\/blog\/as-cafe-ipanema\/\"},\"author\":{\"name\":\"Ronnie Possatti\",\"@id\":\"https:\/\/invexo.com.br\/blog\/#\/schema\/person\/36bee32f1cfacde03dc4c9622a58778d\"},\"headline\":\"As Cafe Ipanema \u2013 Conhe\u00e7a as del\u00edcias da cafeteria carioca\",\"datePublished\":\"2022-08-04T20:00:00+00:00\",\"dateModified\":\"2022-11-07T16:35:47+00:00\",\"mainEntityOfPage\":{\"@id\":\"https:\/\/invexo.com.br\/blog\/as-cafe-ipanema\/\"},\"wordCount\":1565,\"publisher\":{\"@id\":\"https:\/\/invexo.com.br\/blog\/#organization\"},\"image\":{\"@id\":\"https:\/\/invexo.com.br\/blog\/as-cafe-ipanema\/#primaryimage\"},\"thumbnailUrl\":\"https:\/\/invexo.com.br\/blog\/wp-content\/uploads\/2022\/07\/xicara-as-cafe-ipanema-rio-de-janeiro.jpg\",\"keywords\":[\"Ipanema\"],\"articleSection\":[\"Bairros\",\"Informa\u00e7\u00f5es\"],\"inLanguage\":\"pt-BR\"},{\"@type\":\"WebPage\",\"@id\":\"https:\/\/invexo.com.br\/blog\/as-cafe-ipanema\/\",\"url\":\"https:\/\/invexo.com.br\/blog\/as-cafe-ipanema\/\",\"name\":\"As Cafe Ipanema \u2013 Conhe\u00e7a o card\u00e1pio da cafeteria carioca\",\"isPartOf\":{\"@id\":\"https:\/\/invexo.com.br\/blog\/#website\"},\"primaryImageOfPage\":{\"@id\":\"https:\/\/invexo.com.br\/blog\/as-cafe-ipanema\/#primaryimage\"},\"image\":{\"@id\":\"https:\/\/invexo.com.br\/blog\/as-cafe-ipanema\/#primaryimage\"},\"thumbnailUrl\":\"https:\/\/invexo.com.br\/blog\/wp-content\/uploads\/2022\/07\/xicara-as-cafe-ipanema-rio-de-janeiro.jpg\",\"datePublished\":\"2022-08-04T20:00:00+00:00\",\"dateModified\":\"2022-11-07T16:35:47+00:00\",\"description\":\"Um bom caf\u00e9 \u00e9 essencial para dar um g\u00e1s na rotina. E, para a sorte dos moradores da Zona Sul, o As Cafe Ipanema \u00e9 uma das melhores op\u00e7\u00f5es.\",\"breadcrumb\":{\"@id\":\"https:\/\/invexo.com.br\/blog\/as-cafe-ipanema\/#breadcrumb\"},\"inLanguage\":\"pt-BR\",\"potentialAction\":[{\"@type\":\"ReadAction\",\"target\":[\"https:\/\/invexo.com.br\/blog\/as-cafe-ipanema\/\"]}]},{\"@type\":\"ImageObject\",\"inLanguage\":\"pt-BR\",\"@id\":\"https:\/\/invexo.com.br\/blog\/as-cafe-ipanema\/#primaryimage\",\"url\":\"https:\/\/invexo.com.br\/blog\/wp-content\/uploads\/2022\/07\/xicara-as-cafe-ipanema-rio-de-janeiro.jpg\",\"contentUrl\":\"https:\/\/invexo.com.br\/blog\/wp-content\/uploads\/2022\/07\/xicara-as-cafe-ipanema-rio-de-janeiro.jpg\",\"width\":1280,\"height\":720,\"caption\":\"X\u00edcara As Cafe Ipanema Rio de Janeiro\"},{\"@type\":\"BreadcrumbList\",\"@id\":\"https:\/\/invexo.com.br\/blog\/as-cafe-ipanema\/#breadcrumb\",\"itemListElement\":[{\"@type\":\"ListItem\",\"position\":1,\"name\":\"Blog\",\"item\":\"https:\/\/invexo.com.br\/blog\/\"},{\"@type\":\"ListItem\",\"position\":2,\"name\":\"Bairros\",\"item\":\"https:\/\/invexo.com.br\/blog\/categoria\/bairros\/\"},{\"@type\":\"ListItem\",\"position\":3,\"name\":\"As Cafe Ipanema \u2013 Conhe\u00e7a as del\u00edcias da cafeteria carioca\"}]},{\"@type\":\"WebSite\",\"@id\":\"https:\/\/invexo.com.br\/blog\/#website\",\"url\":\"https:\/\/invexo.com.br\/blog\/\",\"name\":\"Not\u00edcias RJ\",\"description\":\"Not\u00edcias sobre im\u00f3veis, financiamento, mercado imobili\u00e1rio do Rio de Janeiro. Informa\u00e7\u00f5es sobre Bairros, Condom\u00ednios e Regi\u00e3o do Rio de Janeiro.\",\"publisher\":{\"@id\":\"https:\/\/invexo.com.br\/blog\/#organization\"},\"potentialAction\":[{\"@type\":\"SearchAction\",\"target\":{\"@type\":\"EntryPoint\",\"urlTemplate\":\"https:\/\/invexo.com.br\/blog\/?s={search_term_string}\"},\"query-input\":{\"@type\":\"PropertyValueSpecification\",\"valueRequired\":true,\"valueName\":\"search_term_string\"}}],\"inLanguage\":\"pt-BR\"},{\"@type\":\"Organization\",\"@id\":\"https:\/\/invexo.com.br\/blog\/#organization\",\"name\":\"INVEXO Imobili\u00e1ria\",\"url\":\"https:\/\/invexo.com.br\/blog\/\",\"logo\":{\"@type\":\"ImageObject\",\"inLanguage\":\"pt-BR\",\"@id\":\"https:\/\/invexo.com.br\/blog\/#\/schema\/logo\/image\/\",\"url\":\"https:\/\/invexo.com.br\/blog\/wp-content\/uploads\/2018\/09\/invexo-80-melhor.png\",\"contentUrl\":\"https:\/\/invexo.com.br\/blog\/wp-content\/uploads\/2018\/09\/invexo-80-melhor.png\",\"width\":247,\"height\":80,\"caption\":\"INVEXO Imobili\u00e1ria\"},\"image\":{\"@id\":\"https:\/\/invexo.com.br\/blog\/#\/schema\/logo\/image\/\"},\"sameAs\":[\"https:\/\/facebook.com\/invexo\",\"https:\/\/x.com\/invexoimoveis\"]},{\"@type\":\"Person\",\"@id\":\"https:\/\/invexo.com.br\/blog\/#\/schema\/person\/36bee32f1cfacde03dc4c9622a58778d\",\"name\":\"Ronnie Possatti\",\"image\":{\"@type\":\"ImageObject\",\"inLanguage\":\"pt-BR\",\"@id\":\"https:\/\/invexo.com.br\/blog\/#\/schema\/person\/image\/\",\"url\":\"https:\/\/secure.gravatar.com\/avatar\/51a6cdcc215551235c39affb853f1e38?s=96&d=blank&r=g\",\"contentUrl\":\"https:\/\/secure.gravatar.com\/avatar\/51a6cdcc215551235c39affb853f1e38?s=96&d=blank&r=g\",\"caption\":\"Ronnie Possatti\"},\"description\":\"Equipe de especialistas que traz para seus leitores conte\u00fados relevantes e de qualidade sobre bairros, condom\u00ednios, lan\u00e7amentos e not\u00edcias imobili\u00e1rias no Rio de Janeiro.\",\"sameAs\":[\"https:\/\/facebook.com\/invexo\",\"https:\/\/instagram.com\/invexo\",\"https:\/\/x.com\/https:\/\/twitter.com\/invexoimoveis\"],\"url\":\"https:\/\/invexo.com.br\/blog\/author\/invexo\/\"}]}<\/script>\n<!-- \/ Yoast SEO plugin. -->","yoast_head_json":{"title":"As Cafe Ipanema \u2013 Conhe\u00e7a o card\u00e1pio da cafeteria carioca","description":"Um bom caf\u00e9 \u00e9 essencial para dar um g\u00e1s na rotina. E, para a sorte dos moradores da Zona Sul, o As Cafe Ipanema \u00e9 uma das melhores op\u00e7\u00f5es.","robots":{"index":"index","follow":"follow","max-snippet":"max-snippet:-1","max-image-preview":"max-image-preview:large","max-video-preview":"max-video-preview:-1"},"canonical":"https:\/\/invexo.com.br\/blog\/as-cafe-ipanema\/","og_locale":"pt_BR","og_type":"article","og_title":"As Cafe Ipanema \u2013 Conhe\u00e7a o card\u00e1pio da cafeteria carioca","og_description":"Um bom caf\u00e9 \u00e9 essencial para dar um g\u00e1s na rotina. E, para a sorte dos moradores da Zona Sul, o As Cafe Ipanema \u00e9 uma das melhores op\u00e7\u00f5es.","og_url":"https:\/\/invexo.com.br\/blog\/as-cafe-ipanema\/","og_site_name":"Not\u00edcias RJ","article_publisher":"https:\/\/facebook.com\/invexo","article_author":"https:\/\/facebook.com\/invexo","article_published_time":"2022-08-04T20:00:00+00:00","article_modified_time":"2022-11-07T16:35:47+00:00","og_image":[{"width":1280,"height":720,"url":"https:\/\/invexo.com.br\/blog\/wp-content\/uploads\/2022\/07\/xicara-as-cafe-ipanema-rio-de-janeiro.jpg","type":"image\/jpeg"}],"author":"Ronnie Possatti","twitter_card":"summary_large_image","twitter_creator":"@https:\/\/twitter.com\/invexoimoveis","twitter_site":"@invexoimoveis","twitter_misc":{"Escrito por":"Ronnie Possatti","Est. tempo de leitura":"9 minutos"},"schema":{"@context":"https:\/\/schema.org","@graph":[{"@type":"Article","@id":"https:\/\/invexo.com.br\/blog\/as-cafe-ipanema\/#article","isPartOf":{"@id":"https:\/\/invexo.com.br\/blog\/as-cafe-ipanema\/"},"author":{"name":"Ronnie Possatti","@id":"https:\/\/invexo.com.br\/blog\/#\/schema\/person\/36bee32f1cfacde03dc4c9622a58778d"},"headline":"As Cafe Ipanema \u2013 Conhe\u00e7a as del\u00edcias da cafeteria carioca","datePublished":"2022-08-04T20:00:00+00:00","dateModified":"2022-11-07T16:35:47+00:00","mainEntityOfPage":{"@id":"https:\/\/invexo.com.br\/blog\/as-cafe-ipanema\/"},"wordCount":1565,"publisher":{"@id":"https:\/\/invexo.com.br\/blog\/#organization"},"image":{"@id":"https:\/\/invexo.com.br\/blog\/as-cafe-ipanema\/#primaryimage"},"thumbnailUrl":"https:\/\/invexo.com.br\/blog\/wp-content\/uploads\/2022\/07\/xicara-as-cafe-ipanema-rio-de-janeiro.jpg","keywords":["Ipanema"],"articleSection":["Bairros","Informa\u00e7\u00f5es"],"inLanguage":"pt-BR"},{"@type":"WebPage","@id":"https:\/\/invexo.com.br\/blog\/as-cafe-ipanema\/","url":"https:\/\/invexo.com.br\/blog\/as-cafe-ipanema\/","name":"As Cafe Ipanema \u2013 Conhe\u00e7a o card\u00e1pio da cafeteria carioca","isPartOf":{"@id":"https:\/\/invexo.com.br\/blog\/#website"},"primaryImageOfPage":{"@id":"https:\/\/invexo.com.br\/blog\/as-cafe-ipanema\/#primaryimage"},"image":{"@id":"https:\/\/invexo.com.br\/blog\/as-cafe-ipanema\/#primaryimage"},"thumbnailUrl":"https:\/\/invexo.com.br\/blog\/wp-content\/uploads\/2022\/07\/xicara-as-cafe-ipanema-rio-de-janeiro.jpg","datePublished":"2022-08-04T20:00:00+00:00","dateModified":"2022-11-07T16:35:47+00:00","description":"Um bom caf\u00e9 \u00e9 essencial para dar um g\u00e1s na rotina. E, para a sorte dos moradores da Zona Sul, o As Cafe Ipanema \u00e9 uma das melhores op\u00e7\u00f5es.","breadcrumb":{"@id":"https:\/\/invexo.com.br\/blog\/as-cafe-ipanema\/#breadcrumb"},"inLanguage":"pt-BR","potentialAction":[{"@type":"ReadAction","target":["https:\/\/invexo.com.br\/blog\/as-cafe-ipanema\/"]}]},{"@type":"ImageObject","inLanguage":"pt-BR","@id":"https:\/\/invexo.com.br\/blog\/as-cafe-ipanema\/#primaryimage","url":"https:\/\/invexo.com.br\/blog\/wp-content\/uploads\/2022\/07\/xicara-as-cafe-ipanema-rio-de-janeiro.jpg","contentUrl":"https:\/\/invexo.com.br\/blog\/wp-content\/uploads\/2022\/07\/xicara-as-cafe-ipanema-rio-de-janeiro.jpg","width":1280,"height":720,"caption":"X\u00edcara As Cafe Ipanema Rio de Janeiro"},{"@type":"BreadcrumbList","@id":"https:\/\/invexo.com.br\/blog\/as-cafe-ipanema\/#breadcrumb","itemListElement":[{"@type":"ListItem","position":1,"name":"Blog","item":"https:\/\/invexo.com.br\/blog\/"},{"@type":"ListItem","position":2,"name":"Bairros","item":"https:\/\/invexo.com.br\/blog\/categoria\/bairros\/"},{"@type":"ListItem","position":3,"name":"As Cafe Ipanema \u2013 Conhe\u00e7a as del\u00edcias da cafeteria carioca"}]},{"@type":"WebSite","@id":"https:\/\/invexo.com.br\/blog\/#website","url":"https:\/\/invexo.com.br\/blog\/","name":"Not\u00edcias RJ","description":"Not\u00edcias sobre im\u00f3veis, financiamento, mercado imobili\u00e1rio do Rio de Janeiro. Informa\u00e7\u00f5es sobre Bairros, Condom\u00ednios e Regi\u00e3o do Rio de Janeiro.","publisher":{"@id":"https:\/\/invexo.com.br\/blog\/#organization"},"potentialAction":[{"@type":"SearchAction","target":{"@type":"EntryPoint","urlTemplate":"https:\/\/invexo.com.br\/blog\/?s={search_term_string}"},"query-input":{"@type":"PropertyValueSpecification","valueRequired":true,"valueName":"search_term_string"}}],"inLanguage":"pt-BR"},{"@type":"Organization","@id":"https:\/\/invexo.com.br\/blog\/#organization","name":"INVEXO Imobili\u00e1ria","url":"https:\/\/invexo.com.br\/blog\/","logo":{"@type":"ImageObject","inLanguage":"pt-BR","@id":"https:\/\/invexo.com.br\/blog\/#\/schema\/logo\/image\/","url":"https:\/\/invexo.com.br\/blog\/wp-content\/uploads\/2018\/09\/invexo-80-melhor.png","contentUrl":"https:\/\/invexo.com.br\/blog\/wp-content\/uploads\/2018\/09\/invexo-80-melhor.png","width":247,"height":80,"caption":"INVEXO Imobili\u00e1ria"},"image":{"@id":"https:\/\/invexo.com.br\/blog\/#\/schema\/logo\/image\/"},"sameAs":["https:\/\/facebook.com\/invexo","https:\/\/x.com\/invexoimoveis"]},{"@type":"Person","@id":"https:\/\/invexo.com.br\/blog\/#\/schema\/person\/36bee32f1cfacde03dc4c9622a58778d","name":"Ronnie Possatti","image":{"@type":"ImageObject","inLanguage":"pt-BR","@id":"https:\/\/invexo.com.br\/blog\/#\/schema\/person\/image\/","url":"https:\/\/secure.gravatar.com\/avatar\/51a6cdcc215551235c39affb853f1e38?s=96&d=blank&r=g","contentUrl":"https:\/\/secure.gravatar.com\/avatar\/51a6cdcc215551235c39affb853f1e38?s=96&d=blank&r=g","caption":"Ronnie Possatti"},"description":"Equipe de especialistas que traz para seus leitores conte\u00fados relevantes e de qualidade sobre bairros, condom\u00ednios, lan\u00e7amentos e not\u00edcias imobili\u00e1rias no Rio de Janeiro.","sameAs":["https:\/\/facebook.com\/invexo","https:\/\/instagram.com\/invexo","https:\/\/x.com\/https:\/\/twitter.com\/invexoimoveis"],"url":"https:\/\/invexo.com.br\/blog\/author\/invexo\/"}]}},"taxonomy_info":{"category":[{"value":10,"label":"Bairros"},{"value":15,"label":"Informa\u00e7\u00f5es"}],"post_tag":[{"value":635,"label":"Ipanema"}]},"featured_image_src_large":["https:\/\/invexo.com.br\/blog\/wp-content\/uploads\/2022\/07\/xicara-as-cafe-ipanema-rio-de-janeiro-1024x576.jpg",1024,576,true],"author_info":{"display_name":"Ronnie Possatti","author_link":"https:\/\/invexo.com.br\/blog\/author\/invexo\/"},"comment_info":0,"category_info":[{"term_id":10,"name":"Bairros","slug":"bairros","term_group":0,"term_taxonomy_id":10,"taxonomy":"category","description":"Not\u00edcias sobre estabelecimentos nos melhores bairros para se morar no Rio de Janeiro.","parent":0,"count":1354,"filter":"raw","cat_ID":10,"category_count":1354,"category_description":"Not\u00edcias sobre estabelecimentos nos melhores bairros para se morar no Rio de Janeiro.","cat_name":"Bairros","category_nicename":"bairros","category_parent":0},{"term_id":15,"name":"Informa\u00e7\u00f5es","slug":"informacoes","term_group":0,"term_taxonomy_id":15,"taxonomy":"category","description":"Informa\u00e7\u00f5es, experi\u00eancia nos melhores estabelecimentos em bairros nobres para se viver no Rio de Janeiro. Tudo sobre cultura, entretenimento e lazer.","parent":0,"count":1297,"filter":"raw","cat_ID":15,"category_count":1297,"category_description":"Informa\u00e7\u00f5es, experi\u00eancia nos melhores estabelecimentos em bairros nobres para se viver no Rio de Janeiro. Tudo sobre cultura, entretenimento e lazer.","cat_name":"Informa\u00e7\u00f5es","category_nicename":"informacoes","category_parent":0}],"tag_info":[{"term_id":635,"name":"Ipanema","slug":"ipanema","term_group":0,"term_taxonomy_id":635,"taxonomy":"post_tag","description":"","parent":0,"count":359,"filter":"raw"}],"_links":{"self":[{"href":"https:\/\/invexo.com.br\/blog\/wp-json\/wp\/v2\/posts\/28477"}],"collection":[{"href":"https:\/\/invexo.com.br\/blog\/wp-json\/wp\/v2\/posts"}],"about":[{"href":"https:\/\/invexo.com.br\/blog\/wp-json\/wp\/v2\/types\/post"}],"author":[{"embeddable":true,"href":"https:\/\/invexo.com.br\/blog\/wp-json\/wp\/v2\/users\/2"}],"replies":[{"embeddable":true,"href":"https:\/\/invexo.com.br\/blog\/wp-json\/wp\/v2\/comments?post=28477"}],"version-history":[{"count":1,"href":"https:\/\/invexo.com.br\/blog\/wp-json\/wp\/v2\/posts\/28477\/revisions"}],"predecessor-version":[{"id":28731,"href":"https:\/\/invexo.com.br\/blog\/wp-json\/wp\/v2\/posts\/28477\/revisions\/28731"}],"wp:featuredmedia":[{"embeddable":true,"href":"https:\/\/invexo.com.br\/blog\/wp-json\/wp\/v2\/media\/28687"}],"wp:attachment":[{"href":"https:\/\/invexo.com.br\/blog\/wp-json\/wp\/v2\/media?parent=28477"}],"wp:term":[{"taxonomy":"category","embeddable":true,"href":"https:\/\/invexo.com.br\/blog\/wp-json\/wp\/v2\/categories?post=28477"},{"taxonomy":"post_tag","embeddable":true,"href":"https:\/\/invexo.com.br\/blog\/wp-json\/wp\/v2\/tags?post=28477"}],"curies":[{"name":"wp","href":"https:\/\/api.w.org\/{rel}","templated":true}]}}