{"id":28152,"date":"2022-07-27T17:00:00","date_gmt":"2022-07-27T20:00:00","guid":{"rendered":"https:\/\/invexo.com.br\/blog\/?p=28152"},"modified":"2023-01-26T10:15:48","modified_gmt":"2023-01-26T13:15:48","slug":"oticas-carol-ipanema","status":"publish","type":"post","link":"https:\/\/invexo.com.br\/blog\/oticas-carol-ipanema\/","title":{"rendered":"Oticas Carol Ipanema \u2013 Conhe\u00e7a a maior rede de \u00f3tica do Brasil"},"content":{"rendered":"\n<p>Para aqueles que buscam por \u00f3culos de primeira linha, com alta qualidade e extrema delicadeza no Rio de Janeiro, a unidade da Oticas Carol em Ipanema \u00e9 a escolha ideal.<\/p>\n\n\n\n<p>A Oticas Carol \u00e9 uma das redes de \u00f3ticas que mais se destaca no Brasil, sendo reconhecida por apresentar produtos de qualidade, altamente requisitados no mercado de varejo atual.<\/p>\n\n\n\n<!--more-->\n\n\n\n<p>Seu estilo \u00fanico e inovador \u00e9 essencial para tal crescimento, uma vez que a marca se prop\u00f5e a ser uma rede de <em>fast-fashion<\/em> de \u00f3culos, trabalhando com artigos luxuosos por um pre\u00e7o acess\u00edvel.<\/p>\n\n\n\n<p>Al\u00e9m das tradicionais arma\u00e7\u00f5es de \u00f3culos de grau, o cat\u00e1logo da loja conta com diversos modelos de \u00f3culos de sol e lentes de contato.&nbsp;A marca ainda comanda sua pr\u00f3pria f\u00e1brica de lentes, situada no Estado de S\u00e3o Paulo, ber\u00e7o da primeira loja da Oticas Carol.<\/p>\n\n\n\n<p>A rede de \u00f3ticas conta com mais de 21 anos de experi\u00eancia no setor \u00f3tico e acumula mais de mil e trezentas lojas espalhadas em todo o Brasil. Assim, a \u00d3ticas Carol Ipanema \u00e9 renomada e consolidada no mercado, sendo a loja ideal para aqueles que buscam adquirir novos \u00f3culos, seja de grau ou de sol.<\/p>\n\n\n\n<h2 class=\"wp-block-heading\">A maior \u00f3tica do Brasil<\/h2>\n\n\n\n<p>A Oticas Carol \u00e9, atualmente, a maior rede de \u00f3ticas de todo Brasil e cresce cada vez mais com o passar dos anos. Sua hist\u00f3ria come\u00e7a em 1997, com duas lojas no interior de S\u00e3o Paulo. A escolha do nome Carol se d\u00e1 ao fato de ser um nome pr\u00f3prio, f\u00e1cil de ser pronunciado e lembrado por seus consumidores.<\/p>\n\n\n\n<p>Mas foi a partir da implementa\u00e7\u00e3o de franquias \u2013 neg\u00f3cio pouco utilizado na \u00e9poca \u2013, que a Oticas Carol iniciou sua estrat\u00e9gia de crescimento. Hoje, a rede de \u00f3ticas conta com mais de mil e duzentas lojas espalhadas ao redor do pa\u00eds, prontas para atender \u00e0s necessidades de cada um de seus clientes.<\/p>\n\n\n\n<figure class=\"wp-block-embed is-type-video is-provider-youtube wp-block-embed-youtube wp-embed-aspect-16-9 wp-has-aspect-ratio\"><div class=\"wp-block-embed__wrapper\">\n<iframe title=\"Hist\u00f3ria \u00d3ticas Carol\" width=\"720\" height=\"405\" src=\"https:\/\/www.youtube.com\/embed\/rKSCIjmJICo?feature=oembed\" frameborder=\"0\" allow=\"accelerometer; autoplay; clipboard-write; encrypted-media; gyroscope; picture-in-picture\" allowfullscreen><\/iframe>\n<\/div><\/figure>\n\n\n\n<p>Al\u00e9m das lojas, a empresa tamb\u00e9m conta com um laborat\u00f3rio de lentes 100% digital, localizado no Estado de S\u00e3o Paulo, sendo o maior da Am\u00e9rica Latina e certificado pelos melhores fornecedores do mercado.<\/p>\n\n\n\n<p>Assim, no Laborat\u00f3rio Digital Carol todas as lentes produzidas garantem mais nitidez, precis\u00e3o, campo de vis\u00e3o mais amplo, conforto e adapta\u00e7\u00e3o imediata.<\/p>\n\n\n\n<p>J\u00e1 no quesito produtos, as lojas contam com um extenso cat\u00e1logo que disponibiliza \u00f3culos de grau, de sol e lentes de contato de diversas marcas e modelos. A miss\u00e3o da empresa providenciar a vis\u00e3o de um mundo mais bonito, transformando o \u00f3culos no principal acess\u00f3rio de moda, disseminando acesso \u00e0 vis\u00e3o por meio da maior rede de \u00f3ticas do mundo.&nbsp;<\/p>\n\n\n\n<p>Al\u00e9m disso, a Oticas Carol se destaca por suas surpreendentes a\u00e7\u00f5es de marketing e campanhas inovadoras. Uma de suas campanhas de mais destaque \u00e9 a Pequenos Olhares, que visa dar acesso aos \u00f3culos a todas as crian\u00e7as menos favorecidas do pa\u00eds.<\/p>\n\n\n\n<p>Al\u00e9m de integrar duas unidades da Oticas Carol, o bairro de Ipanema conta com uma excelente infraestrutura, repleta de estabelecimentos comerciais renomados e im\u00f3veis de luxo.<\/p>\n\n\n\n<p>Oportunidades \u00fanicas de im\u00f3veis em Ipanema! Fa\u00e7a parte do nosso\u00a0<strong><a href=\"https:\/\/whatsapp.com\/channel\/0029VaBTv8v8F2pN1nbKfn0a\">canal exclusivo no WhatsApp<\/a><\/strong>\u00a0e tenha acesso antecipado aos im\u00f3veis \u00e0 venda na regi\u00e3o com a maior demanda do Rio de Janeiro.<\/p>\n\n\n<div class=\"\"><div class='_form_6'><\/div><script type='text\/javascript' src='https:\/\/invexo.activehosted.com\/f\/embed.php?static=0&id=6&69F332B8A46BD&nostyles=0&preview=0'><\/script><\/div>\n\n\n<p><\/p>\n\n\n\n<p>S\u00e3o diversos os lan\u00e7amentos residenciais e im\u00f3veis prontos em Ipanema, tais como o <a href=\"https:\/\/invexo.com.br\/lancamento\/helo-ipanema\/\" target=\"_blank\" rel=\"noreferrer noopener\">Helo Ipanema<\/a>! Com acabamentos de alto padr\u00e3o e infraestrutura completa, Ipanema \u00e9 um dos bairros com os melhores im\u00f3veis de luxo do Rio de Janeiro. Conhe\u00e7a agora mesmo os melhores <a href=\"https:\/\/luxury.invexo.com.br\/bairro\/ipanema\/?utm_source=blog&amp;utm_medium=blocomeio\" target=\"_blank\" rel=\"noreferrer noopener\">im\u00f3veis de luxo \u00e0 venda em Ipanema<\/a>!<\/p>\n\n\n\n<figure class=\"wp-block-image size-full\"><a href=\"https:\/\/luxury.invexo.com.br\/bairro\/ipanema\/?utm_source=blog&amp;utm_medium=blocomeio\" target=\"_blank\" rel=\"noopener\"><img decoding=\"async\" width=\"1300\" height=\"280\" src=\"https:\/\/invexo.com.br\/blog\/wp-content\/uploads\/2022\/08\/imoveis-residenciais-ipanema-rio-de-janeiro-rj-calcadao-de-ipanema.jpg\" alt=\"Im\u00f3veis de luxo \u00e0 venda em Ipanema RJ\" class=\"wp-image-28981\" srcset=\"https:\/\/invexo.com.br\/blog\/wp-content\/uploads\/2022\/08\/imoveis-residenciais-ipanema-rio-de-janeiro-rj-calcadao-de-ipanema.jpg 1300w, https:\/\/invexo.com.br\/blog\/wp-content\/uploads\/2022\/08\/imoveis-residenciais-ipanema-rio-de-janeiro-rj-calcadao-de-ipanema-300x65.jpg 300w, https:\/\/invexo.com.br\/blog\/wp-content\/uploads\/2022\/08\/imoveis-residenciais-ipanema-rio-de-janeiro-rj-calcadao-de-ipanema-1024x221.jpg 1024w, https:\/\/invexo.com.br\/blog\/wp-content\/uploads\/2022\/08\/imoveis-residenciais-ipanema-rio-de-janeiro-rj-calcadao-de-ipanema-768x165.jpg 768w\" sizes=\"(max-width: 1300px) 100vw, 1300px\" \/><\/a><\/figure>\n\n\n\n<h2 class=\"wp-block-heading\">\u00d3culos na \u00d3tica Carol<\/h2>\n\n\n\n<p>Os \u00f3culos da \u00d3ticas Carol possuem arma\u00e7\u00f5es de alta qualidade e lentes produzidas a partir do melhor laborat\u00f3rio do mercado brasileiro. A empresa ainda conta com a parceria de grandes marcas do mercado, como:<\/p>\n\n\n\n<ul><li>Rayban;<\/li><li>Vogue;<\/li><li>Armani;<\/li><li>Oakley;<\/li><li>Grazi;<\/li><li>Tecnol;<\/li><li>Prada;<\/li><li>Tiffany &amp; Co;<\/li><li>E muito mais.<\/li><\/ul>\n\n\n\n<p>A \u00d3ticas Carol se destaca com a fabrica\u00e7\u00e3o de lentes com filtros que bloqueiam 100% dos raios Ultra Violetas.<\/p>\n\n\n\n<p>Atualmente, estamos cada vez mais expostos a fontes de luz azul durante muitas horas do dia. Como a luz azul-violeta n\u00e3o \u00e9 filtrada por nossos olhos, ela atinge partes deles, podendo causar danos \u00e0 vis\u00e3o. Assim, ao adquirir seus \u00f3culos na Carol, voc\u00ea tamb\u00e9m estar\u00e1 mantendo o cuidado da sua sa\u00fade ocular.<\/p>\n\n\n\n<h3 class=\"wp-block-heading\">Oticas Carol Ipanema: \u00d3culos de grau<\/h3>\n\n\n\n<p>A \u00d3ticas Carol sabe como conquistar o p\u00fablico atrav\u00e9s de in\u00fameros modelos e marcas de \u00f3culos de grau, cada um mais estiloso do que o outro. Dentre os principais modelos de \u00f3culos de grau encontrados na \u00d3ticas Carol, est\u00e3o:<\/p>\n\n\n\n<ul><li><strong>Gatinho:<\/strong> tem as pontas das arma\u00e7\u00f5es afinadas, apresentando uma forma similar a do olhar de um gato;<\/li><li><strong>Redondo:<\/strong> um modelo retr\u00f4 que reocupou seu espa\u00e7o na moda atual, podendo ser encontrado em variados tamanhos para que possam se adequar ao rosto de todos;<\/li><li><strong>Piloto:<\/strong> conquistou espa\u00e7o na \u00e1rea da avia\u00e7\u00e3o, s\u00e3o sofisticados e trazem um estilo enigm\u00e1tico para seus usu\u00e1rios, com a parte superior mais grossa e a inferior mais fina;<\/li><li><strong>Retangular:<\/strong> trazem uma arma\u00e7\u00e3o mais grossa, por\u00e9m menores; nunca saem da moda e combinam com todos os tipos de rostos;<\/li><li><strong>Quadrado:<\/strong> oferecem muito estilo e personalidade, sendo um pouco maiores do que os outros modelos;<\/li><li><strong>Irregular:<\/strong> charmosos e elegantes, possuem varia\u00e7\u00f5es em suas arestas que conquistam os mais diversos gostos.<\/li><\/ul>\n\n\n\n<p>Cada modelo apresenta sua particularidade, facilitando a vida do consumidor que busca por diversas op\u00e7\u00f5es.&nbsp;<\/p>\n\n\n\n<figure class=\"wp-block-image size-large\"><a href=\"https:\/\/luxury.invexo.com.br\/apartamento-em-ipanema\/\" target=\"_blank\" rel=\"noreferrer noopener\"><img decoding=\"async\" width=\"1024\" height=\"576\" src=\"https:\/\/invexo.com.br\/blog\/wp-content\/uploads\/2022\/07\/oticas-carol-ipanema-rio-de-janeiro-1024x576.jpg\" alt=\"oticas carol ipanema rio de janeiro\" class=\"wp-image-28195\" srcset=\"https:\/\/invexo.com.br\/blog\/wp-content\/uploads\/2022\/07\/oticas-carol-ipanema-rio-de-janeiro-1024x576.jpg 1024w, https:\/\/invexo.com.br\/blog\/wp-content\/uploads\/2022\/07\/oticas-carol-ipanema-rio-de-janeiro-300x169.jpg 300w, https:\/\/invexo.com.br\/blog\/wp-content\/uploads\/2022\/07\/oticas-carol-ipanema-rio-de-janeiro-768x432.jpg 768w, https:\/\/invexo.com.br\/blog\/wp-content\/uploads\/2022\/07\/oticas-carol-ipanema-rio-de-janeiro-940x529.jpg 940w, https:\/\/invexo.com.br\/blog\/wp-content\/uploads\/2022\/07\/oticas-carol-ipanema-rio-de-janeiro.jpg 1280w\" sizes=\"(max-width: 1024px) 100vw, 1024px\" \/><\/a><\/figure>\n\n\n\n<p>Os modelos apresentam variadas especifica\u00e7\u00f5es, como as cores, o tamanho, o material e o tipo da arma\u00e7\u00e3o. Na \u00d3ticas Carol, encontram-se os seguintes tipos de arma\u00e7\u00e3o para \u00f3culos de grau:<\/p>\n\n\n\n<ul><li>Aro Completo;<\/li><li>Nylon;<\/li><li>Sem Aro;<\/li><li>3 Pe\u00e7as;<\/li><li>Meio Aro;<\/li><li>Barra sem C\u00edrculos;<\/li><li>\u00c1rea Frontal sem C\u00edrculos.<\/li><\/ul>\n\n\n\n<p>Os modelos s\u00e3o fabricados em diversas cores, como preto, castanho, azul, cinza, rosa, branco, roxo, transparente, violeta, dentre outras.<\/p>\n\n\n\n<h3 class=\"wp-block-heading\">Oticas Carol Ipanema: \u00d3culos de sol<\/h3>\n\n\n\n<p>Os \u00f3culos de sol s\u00e3o pe\u00e7as estilosas e populares, que combinam com qualquer look, al\u00e9m de protegerem a vista dos raios emitidos pelo sol.<\/p>\n\n\n\n<p>Cada tipo de material que \u00e9 usado para a fabrica\u00e7\u00e3o dos \u00f3culos tem suas especificidades. Assim, \u00e9 interessante ter um conhecimento sobre qual tipo se adequa \u00e0s caracter\u00edsticas que voc\u00ea busca.<\/p>\n\n\n\n<p>Os materiais que comp\u00f5e as arma\u00e7\u00f5es da \u00d3ticas Carol s\u00e3o:<\/p>\n\n\n\n<ul><li><strong>Acetato:<\/strong> material antial\u00e9rgico, leve e bastante resistente a quedas e a produto qu\u00edmicos, al\u00e9m de ser extremamente confort\u00e1vel, pois se molda facilmente ao rosto;<\/li><li><strong>Metal:<\/strong> s\u00e3o leves e facilmente ajust\u00e1veis, garantindo que as plaquetas se encaixem bem na base nasal, e possibilita tamb\u00e9m que as ponteiras sejam diminu\u00eddas, evitando que a pe\u00e7a fique muito curvada atr\u00e1s da orelha;<\/li><li><strong>Nylon:<\/strong> leve, hipoalerg\u00eanico, inquebr\u00e1vel e incolor, dificilmente percebido na montagem das lentes, por isso \u00e9 bastante utilizado para \u00f3culos infantis;<\/li><li><strong>Propionato:<\/strong> conhecida por apresentar mais fluidez e elasticidade, possibilitando tamb\u00e9m inser\u00e7\u00f5es de metal.<\/li><\/ul>\n\n\n\n<p>Al\u00e9m das variadas arma\u00e7\u00f5es, os \u00f3culos de sol tamb\u00e9m contam com diferentes cores e tipos de lentes, como as seguintes:<\/p>\n\n\n\n<ul><li>Cinza;<\/li><li>Azul;<\/li><li>Vermelho;<\/li><li>Preto;<\/li><li>Castanho;<\/li><li>Amarelo;<\/li><li>Rosa;<\/li><li>Verde;<\/li><li>Transparente;<\/li><li>Violeta;<\/li><li>Copper.<\/li><\/ul>\n\n\n\n<figure class=\"wp-block-embed aligncenter is-type-rich is-provider-instagram wp-block-embed-instagram\"><div class=\"wp-block-embed__wrapper\">\n<div class=\"sbi-embed-wrap\"><blockquote class=\"instagram-media sbi-embed\" data-instgrm-captioned data-instgrm-permalink=\"https:\/\/www.instagram.com\/p\/CfhjFSrtNle\/?utm_source=ig_embed&amp;utm_campaign=loading\" data-instgrm-version=\"14\" style=\" background:#FFF; border:0; border-radius:3px; box-shadow:0 0 1px 0 rgba(0,0,0,0.5),0 1px 10px 0 rgba(0,0,0,0.15); margin: 1px; max-width:658px; min-width:326px; padding:0; width:99.375%; width:-webkit-calc(100% - 2px); width:calc(100% - 2px);\"><div style=\"padding:16px;\"> <a href=\"https:\/\/www.instagram.com\/p\/CfhjFSrtNle\/?utm_source=ig_embed&amp;utm_campaign=loading\" style=\" background:#FFFFFF; line-height:0; padding:0 0; text-align:center; text-decoration:none; width:100%;\" target=\"_blank\"> <div style=\" display: flex; flex-direction: row; align-items: center;\"> <div style=\"background-color: #F4F4F4; border-radius: 50%; flex-grow: 0; height: 40px; margin-right: 14px; width: 40px;\"><\/div> <div style=\"display: flex; flex-direction: column; flex-grow: 1; justify-content: center;\"> <div style=\" background-color: #F4F4F4; border-radius: 4px; flex-grow: 0; height: 14px; margin-bottom: 6px; width: 100px;\"><\/div> <div style=\" background-color: #F4F4F4; border-radius: 4px; flex-grow: 0; height: 14px; width: 60px;\"><\/div><\/div><\/div><div style=\"padding: 19% 0;\"><\/div> <div style=\"display:block; height:50px; margin:0 auto 12px; width:50px;\"><svg width=\"50px\" height=\"50px\" viewBox=\"0 0 60 60\" version=\"1.1\" xmlns=\"https:\/\/www.w3.org\/2000\/svg\" xmlns:xlink=\"https:\/\/www.w3.org\/1999\/xlink\"><g stroke=\"none\" stroke-width=\"1\" fill=\"none\" fill-rule=\"evenodd\"><g transform=\"translate(-511.000000, -20.000000)\" fill=\"#000000\"><g><path d=\"M556.869,30.41 C554.814,30.41 553.148,32.076 553.148,34.131 C553.148,36.186 554.814,37.852 556.869,37.852 C558.924,37.852 560.59,36.186 560.59,34.131 C560.59,32.076 558.924,30.41 556.869,30.41 M541,60.657 C535.114,60.657 530.342,55.887 530.342,50 C530.342,44.114 535.114,39.342 541,39.342 C546.887,39.342 551.658,44.114 551.658,50 C551.658,55.887 546.887,60.657 541,60.657 M541,33.886 C532.1,33.886 524.886,41.1 524.886,50 C524.886,58.899 532.1,66.113 541,66.113 C549.9,66.113 557.115,58.899 557.115,50 C557.115,41.1 549.9,33.886 541,33.886 M565.378,62.101 C565.244,65.022 564.756,66.606 564.346,67.663 C563.803,69.06 563.154,70.057 562.106,71.106 C561.058,72.155 560.06,72.803 558.662,73.347 C557.607,73.757 556.021,74.244 553.102,74.378 C549.944,74.521 548.997,74.552 541,74.552 C533.003,74.552 532.056,74.521 528.898,74.378 C525.979,74.244 524.393,73.757 523.338,73.347 C521.94,72.803 520.942,72.155 519.894,71.106 C518.846,70.057 518.197,69.06 517.654,67.663 C517.244,66.606 516.755,65.022 516.623,62.101 C516.479,58.943 516.448,57.996 516.448,50 C516.448,42.003 516.479,41.056 516.623,37.899 C516.755,34.978 517.244,33.391 517.654,32.338 C518.197,30.938 518.846,29.942 519.894,28.894 C520.942,27.846 521.94,27.196 523.338,26.654 C524.393,26.244 525.979,25.756 528.898,25.623 C532.057,25.479 533.004,25.448 541,25.448 C548.997,25.448 549.943,25.479 553.102,25.623 C556.021,25.756 557.607,26.244 558.662,26.654 C560.06,27.196 561.058,27.846 562.106,28.894 C563.154,29.942 563.803,30.938 564.346,32.338 C564.756,33.391 565.244,34.978 565.378,37.899 C565.522,41.056 565.552,42.003 565.552,50 C565.552,57.996 565.522,58.943 565.378,62.101 M570.82,37.631 C570.674,34.438 570.167,32.258 569.425,30.349 C568.659,28.377 567.633,26.702 565.965,25.035 C564.297,23.368 562.623,22.342 560.652,21.575 C558.743,20.834 556.562,20.326 553.369,20.18 C550.169,20.033 549.148,20 541,20 C532.853,20 531.831,20.033 528.631,20.18 C525.438,20.326 523.257,20.834 521.349,21.575 C519.376,22.342 517.703,23.368 516.035,25.035 C514.368,26.702 513.342,28.377 512.574,30.349 C511.834,32.258 511.326,34.438 511.181,37.631 C511.035,40.831 511,41.851 511,50 C511,58.147 511.035,59.17 511.181,62.369 C511.326,65.562 511.834,67.743 512.574,69.651 C513.342,71.625 514.368,73.296 516.035,74.965 C517.703,76.634 519.376,77.658 521.349,78.425 C523.257,79.167 525.438,79.673 528.631,79.82 C531.831,79.965 532.853,80.001 541,80.001 C549.148,80.001 550.169,79.965 553.369,79.82 C556.562,79.673 558.743,79.167 560.652,78.425 C562.623,77.658 564.297,76.634 565.965,74.965 C567.633,73.296 568.659,71.625 569.425,69.651 C570.167,67.743 570.674,65.562 570.82,62.369 C570.966,59.17 571,58.147 571,50 C571,41.851 570.966,40.831 570.82,37.631\"><\/path><\/g><\/g><\/g><\/svg><\/div><div style=\"padding-top: 8px;\"> <div style=\" color:#3897f0; font-family:Arial,sans-serif; font-size:14px; font-style:normal; font-weight:550; line-height:18px;\">View this post on Instagram<\/div><\/div><div style=\"padding: 12.5% 0;\"><\/div> <div style=\"display: flex; flex-direction: row; margin-bottom: 14px; align-items: center;\"><div> <div style=\"background-color: #F4F4F4; border-radius: 50%; height: 12.5px; width: 12.5px; transform: translateX(0px) translateY(7px);\"><\/div> <div style=\"background-color: #F4F4F4; height: 12.5px; transform: rotate(-45deg) translateX(3px) translateY(1px); width: 12.5px; flex-grow: 0; margin-right: 14px; margin-left: 2px;\"><\/div> <div style=\"background-color: #F4F4F4; border-radius: 50%; height: 12.5px; width: 12.5px; transform: translateX(9px) translateY(-18px);\"><\/div><\/div><div style=\"margin-left: 8px;\"> <div style=\" background-color: #F4F4F4; border-radius: 50%; flex-grow: 0; height: 20px; width: 20px;\"><\/div> <div style=\" width: 0; height: 0; border-top: 2px solid transparent; border-left: 6px solid #f4f4f4; border-bottom: 2px solid transparent; transform: translateX(16px) translateY(-4px) rotate(30deg)\"><\/div><\/div><div style=\"margin-left: auto;\"> <div style=\" width: 0px; border-top: 8px solid #F4F4F4; border-right: 8px solid transparent; transform: translateY(16px);\"><\/div> <div style=\" background-color: #F4F4F4; flex-grow: 0; height: 12px; width: 16px; transform: translateY(-4px);\"><\/div> <div style=\" width: 0; height: 0; border-top: 8px solid #F4F4F4; border-left: 8px solid transparent; transform: translateY(-4px) translateX(8px);\"><\/div><\/div><\/div> <div style=\"display: flex; flex-direction: column; flex-grow: 1; justify-content: center; margin-bottom: 24px;\"> <div style=\" background-color: #F4F4F4; border-radius: 4px; flex-grow: 0; height: 14px; margin-bottom: 6px; width: 224px;\"><\/div> <div style=\" background-color: #F4F4F4; border-radius: 4px; flex-grow: 0; height: 14px; width: 144px;\"><\/div><\/div><\/a><p style=\" color:#c9c8cd; font-family:Arial,sans-serif; font-size:14px; line-height:17px; margin-bottom:0; margin-top:8px; overflow:hidden; padding:8px 0 7px; text-align:center; text-overflow:ellipsis; white-space:nowrap;\"><a href=\"https:\/\/www.instagram.com\/p\/CfhjFSrtNle\/?utm_source=ig_embed&amp;utm_campaign=loading\" style=\" color:#c9c8cd; font-family:Arial,sans-serif; font-size:14px; font-style:normal; font-weight:normal; line-height:17px; text-decoration:none;\" target=\"_blank\">A post shared by \u00d3ticas Carol (@oticascarol)<\/a><\/p><\/div><\/blockquote><script async src=\"\/\/platform.instagram.com\/en_US\/embeds.js\"><\/script><\/div>\n<\/div><\/figure>\n\n\n\n<p>S\u00e3o diversos modelos e varia\u00e7\u00f5es de \u00f3culos de sol, prontas para atender aos gostos de cada um dos clientes da \u00d3ticas Carol.<\/p>\n\n\n\n<h3 class=\"wp-block-heading\">Oticas Carol Ipanema: Lentes de contato<\/h3>\n\n\n\n<p>Os usu\u00e1rios de \u00f3culos de grau sabem muito bem o quanto as lentes de contato podem ser \u00fateis na correria do dia a dia. Seja em uma festa, um passeio ou at\u00e9 mesmo no trabalho, as lentes de contato s\u00e3o muito utilizadas pelas pessoas que necessitam de uma melhoria na vis\u00e3o.<\/p>\n\n\n\n<p>Os tr\u00eas principais modelos de lentes de contato disponibilizados pelo site da \u00d3ticas Carol, da marca Acuvue, s\u00e3o:<\/p>\n\n\n\n<ul><li><strong>Oasys:<\/strong> desenvolvida para manter os olhos confort\u00e1veis, incorporando propriedades da l\u00e1grima ao material, \u00e9 a escolha ideal para os usu\u00e1rios que sentem cansa\u00e7o na vista ao olhar para aparelhos digitais ou ap\u00f3s trabalhar em locais com ar-condicionado,<\/li><li><strong>Two:<\/strong> oferecem vis\u00e3o n\u00edtida e possuem baixo or\u00e7amento, al\u00e9m de proporcionar aos seus usu\u00e1rios uma sensa\u00e7\u00e3o mais leve e natural<\/li><li><strong>Moist:<\/strong> perfeita para usu\u00e1rios sens\u00edveis que buscam a praticidade do descarte di\u00e1rio, ajuda a manter os olhos lubrificados e sem irrita\u00e7\u00e3o, bloqueando aproximadamente 80% das radia\u00e7\u00f5es UVA.<\/li><\/ul>\n\n\n\n<p>As lentes podem ser encomendadas pelo grau espec\u00edfico de cada olho, com di\u00e2metro e curva base j\u00e1 definidos pelo fabricante. Elas tamb\u00e9m s\u00e3o divididas em uso di\u00e1rio ou quinzenal, podendo durar trinta ou noventa dias.<\/p>\n\n\n\n<p>A escolha de lente de contato varia de acordo com as necessidades de cada cliente, lembrando que os graus negativos s\u00e3o usados para corrigir Miopia e os graus positivos s\u00e3o usados para Hipermetropia. Assim, \u00e9 importante consultar todas as informa\u00e7\u00f5es com um oftalmologista antes de adquirir o produto.<\/p>\n\n\n\n<h2 class=\"wp-block-heading\">Qualidade de vida em Ipanema<\/h2>\n\n\n\n<p>Dona de uma infraestrutura inigual\u00e1vel, Ipanema conta com uma diversidade de estabelecimentos e servi\u00e7os essenciais, que oferecem conforto e qualidade de vida para seus moradores e visitantes.<\/p>\n\n\n\n<p>As \u00d3ticas Carol proporcionam excel\u00eancia e praticidade para aqueles que necessitam regularmente cuidar da sa\u00fade ocular, atrav\u00e9s de produtos e atendimento de alta qualidade.<\/p>\n\n\n\n<p><strong>Endere\u00e7o:<\/strong> Rua Visconde de Piraj\u00e1, 330, e Rua Visconde de Piraj\u00e1, 605, Loja A, Ipanema, Rio de Janeiro.<br><strong>Hor\u00e1rio de Funcionamento:<\/strong> De segunda a sexta, das 09h \u00e0s 19h, e aos s\u00e1bados, das 09h \u00e0s 14h.<\/p>\n\n\n\n<p>Al\u00e9m da \u00d3ticas Carol, o bairro de Ipanema conta com outros diversos estabelecimentos e servi\u00e7os essenciais, como a <a href=\"https:\/\/invexo.com.br\/blog\/livraria-da-travessa-ipanema\/\" target=\"_blank\" rel=\"noreferrer noopener\">Livraria da Travessa<\/a>, o Ipanema Hostel Club, a <a href=\"https:\/\/invexo.com.br\/blog\/conheca-a-universidade-ucam-ipanema\/\" target=\"_blank\" rel=\"noreferrer noopener\">Universidade Candido Mendes<\/a> e o Supermercados Zona Sul.<\/p>\n\n\n\n<p>A \u00e1rea ainda \u00e9 repleta de pontos de \u00f4nibus e esta\u00e7\u00f5es de metr\u00f4 que facilitam a locomo\u00e7\u00e3o de todos os seus frequentadores.<\/p>\n\n\n\n<p>Por esses e outros motivos o bairro de Ipanema \u00e9 um dos mais requisitados da Zona Sul carioca e atrai constantemente novos moradores.<\/p>\n\n\n\n<p>Na INVEXO voc\u00ea poder\u00e1 encontrar informa\u00e7\u00f5es exclusivas sobre lan\u00e7amentos residenciais de im\u00f3veis luxuosos na cidade do Rio de Janeiro.<\/p>\n\n\n\n<div class=\"wp-block-group\"><div class=\"wp-block-group__inner-container is-layout-flow wp-block-group-is-layout-flow\">\n<p>Oportunidades \u00fanicas de im\u00f3veis em Ipanema! Fa\u00e7a parte do nosso&nbsp;<strong><a href=\"https:\/\/whatsapp.com\/channel\/0029VaBTv8v8F2pN1nbKfn0a\">canal exclusivo no WhatsApp<\/a><\/strong>&nbsp;e tenha acesso antecipado aos im\u00f3veis \u00e0 venda na regi\u00e3o com a maior demanda do Rio de Janeiro.<\/p>\n\n\n<div class=\"\"><div class='_form_6'><\/div><script type='text\/javascript' src='https:\/\/invexo.activehosted.com\/f\/embed.php?static=0&id=6&69F332B8A46DF&nostyles=0&preview=0'><\/script><\/div>\n\n\n<p><\/p>\n\n\n\n<p>Ipanema, localizada na Zona Sul carioca, \u00e9 um dos melhores e mais nobres bairros para se viver no Rio de Janeiro. Conhe\u00e7a hoje mesmo os <a href=\"https:\/\/luxury.invexo.com.br\/bairro\/ipanema\/?utm_source=blog&amp;utm_medium=blocofim\" target=\"_blank\" rel=\"noreferrer noopener\">im\u00f3veis residenciais de luxo em Ipanema<\/a> com a INVEXO, imobili\u00e1ria especializada em im\u00f3veis de luxo no Rio de Janeiro.<\/p>\n\n\n\n<figure class=\"wp-block-image size-full\"><a href=\"https:\/\/luxury.invexo.com.br\/bairro\/ipanema\/?utm_source=blog&amp;utm_medium=blocofim\" target=\"_blank\" rel=\"noopener\"><img decoding=\"async\" width=\"1300\" height=\"280\" src=\"https:\/\/invexo.com.br\/blog\/wp-content\/uploads\/2022\/08\/imoveis-residenciais-ipanema-rio-de-janeiro-rj-calcadao-de-ipanema.jpg\" alt=\"Im\u00f3veis de luxo \u00e0 venda em Ipanema RJ\" class=\"wp-image-28981\" srcset=\"https:\/\/invexo.com.br\/blog\/wp-content\/uploads\/2022\/08\/imoveis-residenciais-ipanema-rio-de-janeiro-rj-calcadao-de-ipanema.jpg 1300w, https:\/\/invexo.com.br\/blog\/wp-content\/uploads\/2022\/08\/imoveis-residenciais-ipanema-rio-de-janeiro-rj-calcadao-de-ipanema-300x65.jpg 300w, https:\/\/invexo.com.br\/blog\/wp-content\/uploads\/2022\/08\/imoveis-residenciais-ipanema-rio-de-janeiro-rj-calcadao-de-ipanema-1024x221.jpg 1024w, https:\/\/invexo.com.br\/blog\/wp-content\/uploads\/2022\/08\/imoveis-residenciais-ipanema-rio-de-janeiro-rj-calcadao-de-ipanema-768x165.jpg 768w\" sizes=\"(max-width: 1300px) 100vw, 1300px\" \/><\/a><\/figure>\n<\/div><\/div>\n","protected":false},"excerpt":{"rendered":"<p>A Oticas Carol, com unidade em Ipanema, \u00e9, atualmente, a maior rede de \u00f3ticas de todo Brasil e cresce cada vez mais com o passar dos anos. <\/p>\n","protected":false},"author":2,"featured_media":28196,"comment_status":"closed","ping_status":"closed","sticky":false,"template":"","format":"standard","meta":{"_acf_changed":false,"_kad_blocks_custom_css":"","_kad_blocks_head_custom_js":"","_kad_blocks_body_custom_js":"","_kad_blocks_footer_custom_js":"","_kadence_starter_templates_imported_post":false,"_kad_post_transparent":"","_kad_post_title":"","_kad_post_layout":"","_kad_post_sidebar_id":"","_kad_post_content_style":"","_kad_post_vertical_padding":"","_kad_post_feature":"","_kad_post_feature_position":"","_kad_post_header":false,"_kad_post_footer":false,"footnotes":""},"categories":[10,15],"tags":[635],"acf":[],"yoast_head":"<!-- This site is optimized with the Yoast SEO plugin v24.1 - https:\/\/yoast.com\/wordpress\/plugins\/seo\/ -->\n<title>Oticas Carol Ipanema \u2013 Conhe\u00e7a a unidade da maior \u00f3tica do Brasil<\/title>\n<meta name=\"description\" content=\"A Oticas Carol, com unidade em Ipanema, \u00e9, atualmente, a maior rede de \u00f3ticas de todo Brasil e cresce cada vez mais com o passar dos anos.\" \/>\n<meta name=\"robots\" content=\"index, follow, max-snippet:-1, max-image-preview:large, max-video-preview:-1\" \/>\n<link rel=\"canonical\" href=\"https:\/\/invexo.com.br\/blog\/oticas-carol-ipanema\/\" \/>\n<meta property=\"og:locale\" content=\"pt_BR\" \/>\n<meta property=\"og:type\" content=\"article\" \/>\n<meta property=\"og:title\" content=\"Oticas Carol Ipanema \u2013 Conhe\u00e7a a unidade da maior \u00f3tica do Brasil\" \/>\n<meta property=\"og:description\" content=\"A Oticas Carol, com unidade em Ipanema, \u00e9, atualmente, a maior rede de \u00f3ticas de todo Brasil e cresce cada vez mais com o passar dos anos.\" \/>\n<meta property=\"og:url\" content=\"https:\/\/invexo.com.br\/blog\/oticas-carol-ipanema\/\" \/>\n<meta property=\"og:site_name\" content=\"Not\u00edcias RJ\" \/>\n<meta property=\"article:publisher\" content=\"https:\/\/facebook.com\/invexo\" \/>\n<meta property=\"article:author\" content=\"https:\/\/facebook.com\/invexo\" \/>\n<meta property=\"article:published_time\" content=\"2022-07-27T20:00:00+00:00\" \/>\n<meta property=\"article:modified_time\" content=\"2023-01-26T13:15:48+00:00\" \/>\n<meta property=\"og:image\" content=\"https:\/\/invexo.com.br\/blog\/wp-content\/uploads\/2022\/07\/oticas-carol-ipanema-rio-de-janeiro-rj.jpg\" \/>\n\t<meta property=\"og:image:width\" content=\"1280\" \/>\n\t<meta property=\"og:image:height\" content=\"720\" \/>\n\t<meta property=\"og:image:type\" content=\"image\/jpeg\" \/>\n<meta name=\"author\" content=\"Ronnie Possatti\" \/>\n<meta name=\"twitter:card\" content=\"summary_large_image\" \/>\n<meta name=\"twitter:creator\" content=\"@https:\/\/twitter.com\/invexoimoveis\" \/>\n<meta name=\"twitter:site\" content=\"@invexoimoveis\" \/>\n<meta name=\"twitter:label1\" content=\"Escrito por\" \/>\n\t<meta name=\"twitter:data1\" content=\"Ronnie Possatti\" \/>\n\t<meta name=\"twitter:label2\" content=\"Est. tempo de leitura\" \/>\n\t<meta name=\"twitter:data2\" content=\"9 minutos\" \/>\n<script type=\"application\/ld+json\" class=\"yoast-schema-graph\">{\"@context\":\"https:\/\/schema.org\",\"@graph\":[{\"@type\":\"Article\",\"@id\":\"https:\/\/invexo.com.br\/blog\/oticas-carol-ipanema\/#article\",\"isPartOf\":{\"@id\":\"https:\/\/invexo.com.br\/blog\/oticas-carol-ipanema\/\"},\"author\":{\"name\":\"Ronnie Possatti\",\"@id\":\"https:\/\/invexo.com.br\/blog\/#\/schema\/person\/36bee32f1cfacde03dc4c9622a58778d\"},\"headline\":\"Oticas Carol Ipanema \u2013 Conhe\u00e7a a maior rede de \u00f3tica do Brasil\",\"datePublished\":\"2022-07-27T20:00:00+00:00\",\"dateModified\":\"2023-01-26T13:15:48+00:00\",\"mainEntityOfPage\":{\"@id\":\"https:\/\/invexo.com.br\/blog\/oticas-carol-ipanema\/\"},\"wordCount\":1650,\"publisher\":{\"@id\":\"https:\/\/invexo.com.br\/blog\/#organization\"},\"image\":{\"@id\":\"https:\/\/invexo.com.br\/blog\/oticas-carol-ipanema\/#primaryimage\"},\"thumbnailUrl\":\"https:\/\/invexo.com.br\/blog\/wp-content\/uploads\/2022\/07\/oticas-carol-ipanema-rio-de-janeiro-rj.jpg\",\"keywords\":[\"Ipanema\"],\"articleSection\":[\"Bairros\",\"Informa\u00e7\u00f5es\"],\"inLanguage\":\"pt-BR\"},{\"@type\":\"WebPage\",\"@id\":\"https:\/\/invexo.com.br\/blog\/oticas-carol-ipanema\/\",\"url\":\"https:\/\/invexo.com.br\/blog\/oticas-carol-ipanema\/\",\"name\":\"Oticas Carol Ipanema \u2013 Conhe\u00e7a a unidade da maior \u00f3tica do Brasil\",\"isPartOf\":{\"@id\":\"https:\/\/invexo.com.br\/blog\/#website\"},\"primaryImageOfPage\":{\"@id\":\"https:\/\/invexo.com.br\/blog\/oticas-carol-ipanema\/#primaryimage\"},\"image\":{\"@id\":\"https:\/\/invexo.com.br\/blog\/oticas-carol-ipanema\/#primaryimage\"},\"thumbnailUrl\":\"https:\/\/invexo.com.br\/blog\/wp-content\/uploads\/2022\/07\/oticas-carol-ipanema-rio-de-janeiro-rj.jpg\",\"datePublished\":\"2022-07-27T20:00:00+00:00\",\"dateModified\":\"2023-01-26T13:15:48+00:00\",\"description\":\"A Oticas Carol, com unidade em Ipanema, \u00e9, atualmente, a maior rede de \u00f3ticas de todo Brasil e cresce cada vez mais com o passar dos anos.\",\"breadcrumb\":{\"@id\":\"https:\/\/invexo.com.br\/blog\/oticas-carol-ipanema\/#breadcrumb\"},\"inLanguage\":\"pt-BR\",\"potentialAction\":[{\"@type\":\"ReadAction\",\"target\":[\"https:\/\/invexo.com.br\/blog\/oticas-carol-ipanema\/\"]}]},{\"@type\":\"ImageObject\",\"inLanguage\":\"pt-BR\",\"@id\":\"https:\/\/invexo.com.br\/blog\/oticas-carol-ipanema\/#primaryimage\",\"url\":\"https:\/\/invexo.com.br\/blog\/wp-content\/uploads\/2022\/07\/oticas-carol-ipanema-rio-de-janeiro-rj.jpg\",\"contentUrl\":\"https:\/\/invexo.com.br\/blog\/wp-content\/uploads\/2022\/07\/oticas-carol-ipanema-rio-de-janeiro-rj.jpg\",\"width\":1280,\"height\":720,\"caption\":\"Casal sorrindo \u00f3culos \u00f3ticas carol ipanema rio de janeiro rj\"},{\"@type\":\"BreadcrumbList\",\"@id\":\"https:\/\/invexo.com.br\/blog\/oticas-carol-ipanema\/#breadcrumb\",\"itemListElement\":[{\"@type\":\"ListItem\",\"position\":1,\"name\":\"Blog\",\"item\":\"https:\/\/invexo.com.br\/blog\/\"},{\"@type\":\"ListItem\",\"position\":2,\"name\":\"Bairros\",\"item\":\"https:\/\/invexo.com.br\/blog\/categoria\/bairros\/\"},{\"@type\":\"ListItem\",\"position\":3,\"name\":\"Oticas Carol Ipanema \u2013 Conhe\u00e7a a maior rede de \u00f3tica do Brasil\"}]},{\"@type\":\"WebSite\",\"@id\":\"https:\/\/invexo.com.br\/blog\/#website\",\"url\":\"https:\/\/invexo.com.br\/blog\/\",\"name\":\"Not\u00edcias RJ\",\"description\":\"Not\u00edcias sobre im\u00f3veis, financiamento, mercado imobili\u00e1rio do Rio de Janeiro. Informa\u00e7\u00f5es sobre Bairros, Condom\u00ednios e Regi\u00e3o do Rio de Janeiro.\",\"publisher\":{\"@id\":\"https:\/\/invexo.com.br\/blog\/#organization\"},\"potentialAction\":[{\"@type\":\"SearchAction\",\"target\":{\"@type\":\"EntryPoint\",\"urlTemplate\":\"https:\/\/invexo.com.br\/blog\/?s={search_term_string}\"},\"query-input\":{\"@type\":\"PropertyValueSpecification\",\"valueRequired\":true,\"valueName\":\"search_term_string\"}}],\"inLanguage\":\"pt-BR\"},{\"@type\":\"Organization\",\"@id\":\"https:\/\/invexo.com.br\/blog\/#organization\",\"name\":\"INVEXO Imobili\u00e1ria\",\"url\":\"https:\/\/invexo.com.br\/blog\/\",\"logo\":{\"@type\":\"ImageObject\",\"inLanguage\":\"pt-BR\",\"@id\":\"https:\/\/invexo.com.br\/blog\/#\/schema\/logo\/image\/\",\"url\":\"https:\/\/invexo.com.br\/blog\/wp-content\/uploads\/2018\/09\/invexo-80-melhor.png\",\"contentUrl\":\"https:\/\/invexo.com.br\/blog\/wp-content\/uploads\/2018\/09\/invexo-80-melhor.png\",\"width\":247,\"height\":80,\"caption\":\"INVEXO Imobili\u00e1ria\"},\"image\":{\"@id\":\"https:\/\/invexo.com.br\/blog\/#\/schema\/logo\/image\/\"},\"sameAs\":[\"https:\/\/facebook.com\/invexo\",\"https:\/\/x.com\/invexoimoveis\"]},{\"@type\":\"Person\",\"@id\":\"https:\/\/invexo.com.br\/blog\/#\/schema\/person\/36bee32f1cfacde03dc4c9622a58778d\",\"name\":\"Ronnie Possatti\",\"image\":{\"@type\":\"ImageObject\",\"inLanguage\":\"pt-BR\",\"@id\":\"https:\/\/invexo.com.br\/blog\/#\/schema\/person\/image\/\",\"url\":\"https:\/\/secure.gravatar.com\/avatar\/51a6cdcc215551235c39affb853f1e38?s=96&d=blank&r=g\",\"contentUrl\":\"https:\/\/secure.gravatar.com\/avatar\/51a6cdcc215551235c39affb853f1e38?s=96&d=blank&r=g\",\"caption\":\"Ronnie Possatti\"},\"description\":\"Equipe de especialistas que traz para seus leitores conte\u00fados relevantes e de qualidade sobre bairros, condom\u00ednios, lan\u00e7amentos e not\u00edcias imobili\u00e1rias no Rio de Janeiro.\",\"sameAs\":[\"https:\/\/facebook.com\/invexo\",\"https:\/\/instagram.com\/invexo\",\"https:\/\/x.com\/https:\/\/twitter.com\/invexoimoveis\"],\"url\":\"https:\/\/invexo.com.br\/blog\/author\/invexo\/\"}]}<\/script>\n<!-- \/ Yoast SEO plugin. -->","yoast_head_json":{"title":"Oticas Carol Ipanema \u2013 Conhe\u00e7a a unidade da maior \u00f3tica do Brasil","description":"A Oticas Carol, com unidade em Ipanema, \u00e9, atualmente, a maior rede de \u00f3ticas de todo Brasil e cresce cada vez mais com o passar dos anos.","robots":{"index":"index","follow":"follow","max-snippet":"max-snippet:-1","max-image-preview":"max-image-preview:large","max-video-preview":"max-video-preview:-1"},"canonical":"https:\/\/invexo.com.br\/blog\/oticas-carol-ipanema\/","og_locale":"pt_BR","og_type":"article","og_title":"Oticas Carol Ipanema \u2013 Conhe\u00e7a a unidade da maior \u00f3tica do Brasil","og_description":"A Oticas Carol, com unidade em Ipanema, \u00e9, atualmente, a maior rede de \u00f3ticas de todo Brasil e cresce cada vez mais com o passar dos anos.","og_url":"https:\/\/invexo.com.br\/blog\/oticas-carol-ipanema\/","og_site_name":"Not\u00edcias RJ","article_publisher":"https:\/\/facebook.com\/invexo","article_author":"https:\/\/facebook.com\/invexo","article_published_time":"2022-07-27T20:00:00+00:00","article_modified_time":"2023-01-26T13:15:48+00:00","og_image":[{"width":1280,"height":720,"url":"https:\/\/invexo.com.br\/blog\/wp-content\/uploads\/2022\/07\/oticas-carol-ipanema-rio-de-janeiro-rj.jpg","type":"image\/jpeg"}],"author":"Ronnie Possatti","twitter_card":"summary_large_image","twitter_creator":"@https:\/\/twitter.com\/invexoimoveis","twitter_site":"@invexoimoveis","twitter_misc":{"Escrito por":"Ronnie Possatti","Est. tempo de leitura":"9 minutos"},"schema":{"@context":"https:\/\/schema.org","@graph":[{"@type":"Article","@id":"https:\/\/invexo.com.br\/blog\/oticas-carol-ipanema\/#article","isPartOf":{"@id":"https:\/\/invexo.com.br\/blog\/oticas-carol-ipanema\/"},"author":{"name":"Ronnie Possatti","@id":"https:\/\/invexo.com.br\/blog\/#\/schema\/person\/36bee32f1cfacde03dc4c9622a58778d"},"headline":"Oticas Carol Ipanema \u2013 Conhe\u00e7a a maior rede de \u00f3tica do Brasil","datePublished":"2022-07-27T20:00:00+00:00","dateModified":"2023-01-26T13:15:48+00:00","mainEntityOfPage":{"@id":"https:\/\/invexo.com.br\/blog\/oticas-carol-ipanema\/"},"wordCount":1650,"publisher":{"@id":"https:\/\/invexo.com.br\/blog\/#organization"},"image":{"@id":"https:\/\/invexo.com.br\/blog\/oticas-carol-ipanema\/#primaryimage"},"thumbnailUrl":"https:\/\/invexo.com.br\/blog\/wp-content\/uploads\/2022\/07\/oticas-carol-ipanema-rio-de-janeiro-rj.jpg","keywords":["Ipanema"],"articleSection":["Bairros","Informa\u00e7\u00f5es"],"inLanguage":"pt-BR"},{"@type":"WebPage","@id":"https:\/\/invexo.com.br\/blog\/oticas-carol-ipanema\/","url":"https:\/\/invexo.com.br\/blog\/oticas-carol-ipanema\/","name":"Oticas Carol Ipanema \u2013 Conhe\u00e7a a unidade da maior \u00f3tica do Brasil","isPartOf":{"@id":"https:\/\/invexo.com.br\/blog\/#website"},"primaryImageOfPage":{"@id":"https:\/\/invexo.com.br\/blog\/oticas-carol-ipanema\/#primaryimage"},"image":{"@id":"https:\/\/invexo.com.br\/blog\/oticas-carol-ipanema\/#primaryimage"},"thumbnailUrl":"https:\/\/invexo.com.br\/blog\/wp-content\/uploads\/2022\/07\/oticas-carol-ipanema-rio-de-janeiro-rj.jpg","datePublished":"2022-07-27T20:00:00+00:00","dateModified":"2023-01-26T13:15:48+00:00","description":"A Oticas Carol, com unidade em Ipanema, \u00e9, atualmente, a maior rede de \u00f3ticas de todo Brasil e cresce cada vez mais com o passar dos anos.","breadcrumb":{"@id":"https:\/\/invexo.com.br\/blog\/oticas-carol-ipanema\/#breadcrumb"},"inLanguage":"pt-BR","potentialAction":[{"@type":"ReadAction","target":["https:\/\/invexo.com.br\/blog\/oticas-carol-ipanema\/"]}]},{"@type":"ImageObject","inLanguage":"pt-BR","@id":"https:\/\/invexo.com.br\/blog\/oticas-carol-ipanema\/#primaryimage","url":"https:\/\/invexo.com.br\/blog\/wp-content\/uploads\/2022\/07\/oticas-carol-ipanema-rio-de-janeiro-rj.jpg","contentUrl":"https:\/\/invexo.com.br\/blog\/wp-content\/uploads\/2022\/07\/oticas-carol-ipanema-rio-de-janeiro-rj.jpg","width":1280,"height":720,"caption":"Casal sorrindo \u00f3culos \u00f3ticas carol ipanema rio de janeiro rj"},{"@type":"BreadcrumbList","@id":"https:\/\/invexo.com.br\/blog\/oticas-carol-ipanema\/#breadcrumb","itemListElement":[{"@type":"ListItem","position":1,"name":"Blog","item":"https:\/\/invexo.com.br\/blog\/"},{"@type":"ListItem","position":2,"name":"Bairros","item":"https:\/\/invexo.com.br\/blog\/categoria\/bairros\/"},{"@type":"ListItem","position":3,"name":"Oticas Carol Ipanema \u2013 Conhe\u00e7a a maior rede de \u00f3tica do Brasil"}]},{"@type":"WebSite","@id":"https:\/\/invexo.com.br\/blog\/#website","url":"https:\/\/invexo.com.br\/blog\/","name":"Not\u00edcias RJ","description":"Not\u00edcias sobre im\u00f3veis, financiamento, mercado imobili\u00e1rio do Rio de Janeiro. Informa\u00e7\u00f5es sobre Bairros, Condom\u00ednios e Regi\u00e3o do Rio de Janeiro.","publisher":{"@id":"https:\/\/invexo.com.br\/blog\/#organization"},"potentialAction":[{"@type":"SearchAction","target":{"@type":"EntryPoint","urlTemplate":"https:\/\/invexo.com.br\/blog\/?s={search_term_string}"},"query-input":{"@type":"PropertyValueSpecification","valueRequired":true,"valueName":"search_term_string"}}],"inLanguage":"pt-BR"},{"@type":"Organization","@id":"https:\/\/invexo.com.br\/blog\/#organization","name":"INVEXO Imobili\u00e1ria","url":"https:\/\/invexo.com.br\/blog\/","logo":{"@type":"ImageObject","inLanguage":"pt-BR","@id":"https:\/\/invexo.com.br\/blog\/#\/schema\/logo\/image\/","url":"https:\/\/invexo.com.br\/blog\/wp-content\/uploads\/2018\/09\/invexo-80-melhor.png","contentUrl":"https:\/\/invexo.com.br\/blog\/wp-content\/uploads\/2018\/09\/invexo-80-melhor.png","width":247,"height":80,"caption":"INVEXO Imobili\u00e1ria"},"image":{"@id":"https:\/\/invexo.com.br\/blog\/#\/schema\/logo\/image\/"},"sameAs":["https:\/\/facebook.com\/invexo","https:\/\/x.com\/invexoimoveis"]},{"@type":"Person","@id":"https:\/\/invexo.com.br\/blog\/#\/schema\/person\/36bee32f1cfacde03dc4c9622a58778d","name":"Ronnie Possatti","image":{"@type":"ImageObject","inLanguage":"pt-BR","@id":"https:\/\/invexo.com.br\/blog\/#\/schema\/person\/image\/","url":"https:\/\/secure.gravatar.com\/avatar\/51a6cdcc215551235c39affb853f1e38?s=96&d=blank&r=g","contentUrl":"https:\/\/secure.gravatar.com\/avatar\/51a6cdcc215551235c39affb853f1e38?s=96&d=blank&r=g","caption":"Ronnie Possatti"},"description":"Equipe de especialistas que traz para seus leitores conte\u00fados relevantes e de qualidade sobre bairros, condom\u00ednios, lan\u00e7amentos e not\u00edcias imobili\u00e1rias no Rio de Janeiro.","sameAs":["https:\/\/facebook.com\/invexo","https:\/\/instagram.com\/invexo","https:\/\/x.com\/https:\/\/twitter.com\/invexoimoveis"],"url":"https:\/\/invexo.com.br\/blog\/author\/invexo\/"}]}},"taxonomy_info":{"category":[{"value":10,"label":"Bairros"},{"value":15,"label":"Informa\u00e7\u00f5es"}],"post_tag":[{"value":635,"label":"Ipanema"}]},"featured_image_src_large":["https:\/\/invexo.com.br\/blog\/wp-content\/uploads\/2022\/07\/oticas-carol-ipanema-rio-de-janeiro-rj-1024x576.jpg",1024,576,true],"author_info":{"display_name":"Ronnie Possatti","author_link":"https:\/\/invexo.com.br\/blog\/author\/invexo\/"},"comment_info":0,"category_info":[{"term_id":10,"name":"Bairros","slug":"bairros","term_group":0,"term_taxonomy_id":10,"taxonomy":"category","description":"Not\u00edcias sobre estabelecimentos nos melhores bairros para se morar no Rio de Janeiro.","parent":0,"count":1354,"filter":"raw","cat_ID":10,"category_count":1354,"category_description":"Not\u00edcias sobre estabelecimentos nos melhores bairros para se morar no Rio de Janeiro.","cat_name":"Bairros","category_nicename":"bairros","category_parent":0},{"term_id":15,"name":"Informa\u00e7\u00f5es","slug":"informacoes","term_group":0,"term_taxonomy_id":15,"taxonomy":"category","description":"Informa\u00e7\u00f5es, experi\u00eancia nos melhores estabelecimentos em bairros nobres para se viver no Rio de Janeiro. Tudo sobre cultura, entretenimento e lazer.","parent":0,"count":1297,"filter":"raw","cat_ID":15,"category_count":1297,"category_description":"Informa\u00e7\u00f5es, experi\u00eancia nos melhores estabelecimentos em bairros nobres para se viver no Rio de Janeiro. Tudo sobre cultura, entretenimento e lazer.","cat_name":"Informa\u00e7\u00f5es","category_nicename":"informacoes","category_parent":0}],"tag_info":[{"term_id":635,"name":"Ipanema","slug":"ipanema","term_group":0,"term_taxonomy_id":635,"taxonomy":"post_tag","description":"","parent":0,"count":359,"filter":"raw"}],"_links":{"self":[{"href":"https:\/\/invexo.com.br\/blog\/wp-json\/wp\/v2\/posts\/28152"}],"collection":[{"href":"https:\/\/invexo.com.br\/blog\/wp-json\/wp\/v2\/posts"}],"about":[{"href":"https:\/\/invexo.com.br\/blog\/wp-json\/wp\/v2\/types\/post"}],"author":[{"embeddable":true,"href":"https:\/\/invexo.com.br\/blog\/wp-json\/wp\/v2\/users\/2"}],"replies":[{"embeddable":true,"href":"https:\/\/invexo.com.br\/blog\/wp-json\/wp\/v2\/comments?post=28152"}],"version-history":[{"count":2,"href":"https:\/\/invexo.com.br\/blog\/wp-json\/wp\/v2\/posts\/28152\/revisions"}],"predecessor-version":[{"id":34627,"href":"https:\/\/invexo.com.br\/blog\/wp-json\/wp\/v2\/posts\/28152\/revisions\/34627"}],"wp:featuredmedia":[{"embeddable":true,"href":"https:\/\/invexo.com.br\/blog\/wp-json\/wp\/v2\/media\/28196"}],"wp:attachment":[{"href":"https:\/\/invexo.com.br\/blog\/wp-json\/wp\/v2\/media?parent=28152"}],"wp:term":[{"taxonomy":"category","embeddable":true,"href":"https:\/\/invexo.com.br\/blog\/wp-json\/wp\/v2\/categories?post=28152"},{"taxonomy":"post_tag","embeddable":true,"href":"https:\/\/invexo.com.br\/blog\/wp-json\/wp\/v2\/tags?post=28152"}],"curies":[{"name":"wp","href":"https:\/\/api.w.org\/{rel}","templated":true}]}}