{"id":26624,"date":"2022-06-27T17:00:00","date_gmt":"2022-06-27T20:00:00","guid":{"rendered":"https:\/\/invexo.com.br\/blog\/?p=26624"},"modified":"2022-11-07T13:38:03","modified_gmt":"2022-11-07T16:38:03","slug":"restaurante-natural-ipanema","status":"publish","type":"post","link":"https:\/\/invexo.com.br\/blog\/restaurante-natural-ipanema\/","title":{"rendered":"Restaurante natural Ipanema \u2013 Onde comer comida saud\u00e1vel no Rio de Janeiro"},"content":{"rendered":"\n<p>As op\u00e7\u00f5es de restaurante natural em Ipanema s\u00e3o bastante procuradas por aqueles que buscam um estilo de vida mais saud\u00e1vel e por aqueles que j\u00e1 iniciaram este tipo de consumo.<\/p>\n\n\n\n<p>Escolher uma boa alimenta\u00e7\u00e3o \u00e9 o mesmo do que fazer boas escolhas para sua sa\u00fade f\u00edsica e mental. As op\u00e7\u00f5es que os restaurantes naturais oferecem s\u00e3o org\u00e2nicas e leves, respeitando o pr\u00f3prio alimento e a sa\u00fade de quem os consome.<\/p>\n\n\n\n<!--more-->\n\n\n\n<p>Dessa forma, esses estabelecimentos se tornaram grandes aliados no processo de reeduca\u00e7\u00e3o alimentar. Eles disponibilizam pratos saud\u00e1veis que cont\u00eam os nutrientes necess\u00e1rios para o seu bem-estar.<\/p>\n\n\n\n<p>Uma grande parte da popula\u00e7\u00e3o j\u00e1 adotou dietas veganas e vegetarianas e, tamb\u00e9m, cada dia mais pessoas se preocupam em manter uma alimenta\u00e7\u00e3o mais saud\u00e1vel.<\/p>\n\n\n\n<p>Al\u00e9m disso, esses estabelecimentos participam ativamente na sustentabilidade e preserva\u00e7\u00e3o da natureza. Eles priorizam os produtos livres de pesticidas e outros componentes qu\u00edmicos nocivos ao meio ambiente, auxiliando na preserva\u00e7\u00e3o das nossas fontes naturais.<\/p>\n\n\n\n<p>S\u00e3o diversas as op\u00e7\u00f5es de restaurantes que proporcionam uma alimenta\u00e7\u00e3o saud\u00e1vel na cidade do Rio de Janeiro. Ent\u00e3o, fizemos uma \u00f3tima sele\u00e7\u00e3o com os melhores restaurantes naturais localizados em Ipanema.<\/p>\n\n\n\n<p>O bairro \u00e9 aclamado por possuir uma gama de estabelecimentos comerciais renomados que proporcionam uma qualidade de vida excelente para os moradores desta \u00e1rea t\u00e3o nobre da Zona Sul carioca.<\/p>\n\n\n\n<p>Oportunidades \u00fanicas de im\u00f3veis em Ipanema! Fa\u00e7a parte do nosso\u00a0<strong><a href=\"https:\/\/whatsapp.com\/channel\/0029VaBTv8v8F2pN1nbKfn0a\">canal exclusivo no WhatsApp<\/a><\/strong>\u00a0e tenha acesso antecipado aos im\u00f3veis \u00e0 venda na regi\u00e3o com a maior demanda do Rio de Janeiro.<\/p>\n\n\n<div class=\"\"><div class='_form_6'><\/div><script type='text\/javascript' src='https:\/\/invexo.activehosted.com\/f\/embed.php?static=0&id=6&69EFC256994FD&nostyles=0&preview=0'><\/script><\/div>\n\n\n<p><\/p>\n\n\n\n<p>S\u00e3o diversos os lan\u00e7amentos residenciais e im\u00f3veis prontos em Ipanema, tais como o <a href=\"https:\/\/invexo.com.br\/lancamento\/helo-ipanema\/\" target=\"_blank\" rel=\"noreferrer noopener\">Helo Ipanema<\/a>! Com acabamentos de alto padr\u00e3o e infraestrutura completa, Ipanema \u00e9 um dos bairros com os melhores im\u00f3veis de luxo do Rio de Janeiro. Conhe\u00e7a agora mesmo os melhores <a href=\"https:\/\/luxury.invexo.com.br\/bairro\/ipanema\/?utm_source=blog&amp;utm_medium=blocomeio\" target=\"_blank\" rel=\"noreferrer noopener\">im\u00f3veis de luxo \u00e0 venda em Ipanema<\/a>!<\/p>\n\n\n\n<figure class=\"wp-block-image size-full\"><a href=\"https:\/\/luxury.invexo.com.br\/bairro\/ipanema\/?utm_source=blog&amp;utm_medium=blocomeio\" target=\"_blank\" rel=\"noopener\"><img decoding=\"async\" width=\"1300\" height=\"280\" src=\"https:\/\/invexo.com.br\/blog\/wp-content\/uploads\/2022\/08\/imoveis-residenciais-ipanema-rio-de-janeiro-rj-calcadao-de-ipanema.jpg\" alt=\"Im\u00f3veis de luxo \u00e0 venda em Ipanema RJ\" class=\"wp-image-28981\" srcset=\"https:\/\/invexo.com.br\/blog\/wp-content\/uploads\/2022\/08\/imoveis-residenciais-ipanema-rio-de-janeiro-rj-calcadao-de-ipanema.jpg 1300w, https:\/\/invexo.com.br\/blog\/wp-content\/uploads\/2022\/08\/imoveis-residenciais-ipanema-rio-de-janeiro-rj-calcadao-de-ipanema-300x65.jpg 300w, https:\/\/invexo.com.br\/blog\/wp-content\/uploads\/2022\/08\/imoveis-residenciais-ipanema-rio-de-janeiro-rj-calcadao-de-ipanema-1024x221.jpg 1024w, https:\/\/invexo.com.br\/blog\/wp-content\/uploads\/2022\/08\/imoveis-residenciais-ipanema-rio-de-janeiro-rj-calcadao-de-ipanema-768x165.jpg 768w\" sizes=\"(max-width: 1300px) 100vw, 1300px\" \/><\/a><\/figure>\n\n\n\n<h2 class=\"wp-block-heading\" id=\"fontes-restaurante\">Fontes restaurante<\/h2>\n\n\n\n<p>Localizado a poucas quadras da <a href=\"https:\/\/invexo.com.br\/blog\/praia-de-ipanema\/\" target=\"_blank\" rel=\"noreferrer noopener\">Praia de Ipanema<\/a>, o restaurante Fontes disponibiliza em seu card\u00e1pio refei\u00e7\u00f5es saud\u00e1veis h\u00e1 mais de 30 anos.<\/p>\n\n\n\n<p>A casa foi inaugurada em outubro de 1987 por Paul Moras, estudioso dos m\u00e9todos de alimenta\u00e7\u00e3o que, para garantir a proced\u00eancia dos ingredientes que usava, come\u00e7ou uma planta\u00e7\u00e3o onde introduziu a agricultura org\u00e2nica.&nbsp;&nbsp;<\/p>\n\n\n\n<p>Devido \u00e0 pouca renda da fam\u00edlia, o Fontes obteve seu crescimento apostando na qualidade de seus produtos, garantindo-se no marketing de boca a boca.&nbsp;&nbsp;<\/p>\n\n\n\n<p>Dessa forma, a marca foi crescendo cada vez mais, at\u00e9 que necessitou de um espa\u00e7o maior para contemplar os produtos da mercearia e a diversidade dos pratos do card\u00e1pio.<\/p>\n\n\n\n<p>Hoje em dia, o Fontes Ipanema ocupa o lugar de uma das maiores refer\u00eancias do bairro em alimenta\u00e7\u00e3o natural.<\/p>\n\n\n\n<p>Separados em duas lojas da mesma galeria em Ipanema, o restaurante Fontes oferece cerca de 80 pratos, 20 sobremesas e uma variedade de sucos preparados diariamente.<\/p>\n\n\n\n<p>J\u00e1 na mercearia, consumidores com as mais variadas exig\u00eancias alimentares encontram mais de 5 mil itens analisados e selecionados criteriosamente, como granola vegana, a\u00e7a\u00ed nativo, mel org\u00e2nico e produtos congelados.<\/p>\n\n\n\n<p>O restaurante oferece uma variedade de produtos excelentes e conta com um card\u00e1pio extenso. Dentre os principais pratos, voc\u00ea encontra no restaurante Fontes as seguintes op\u00e7\u00f5es:<\/p>\n\n\n\n<ul><li>Estrogonofe de frango;<\/li><li>Empad\u00e3o de frango integral ou sem gl\u00faten;<\/li><li>Berinjela gratinada;<\/li><li>Torta de espinafre com ricota;<\/li><li>Salm\u00e3o grelhado com champignon e alcaparras;<\/li><li>E muito mais.<\/li><\/ul>\n\n\n\n<p>A combina\u00e7\u00e3o de sabor e sa\u00fade segue atraindo atletas, pessoas em busca de boa forma e bem-estar, amantes da alimenta\u00e7\u00e3o natural, pessoas com restri\u00e7\u00f5es alimentares e curiosos em geral.<\/p>\n\n\n\n<p>Al\u00e9m do restaurante e da mercearia, o Fontes conta tamb\u00e9m com uma feira org\u00e2nica, que esbanja produtos frescos e saborosos.<\/p>\n\n\n\n<p><strong>Endere\u00e7o: <\/strong>Rua Visconde de Piraj\u00e1, 605, Lojas D\/F, Ipanema, Rio de Janeiro.<br><strong>Hor\u00e1rio de Funcionamento: <\/strong>De segunda a s\u00e1bado, das 11h \u00e0s 17h.<\/p>\n\n\n\n<h2 class=\"wp-block-heading\" id=\"delirio-tropical-ipanema\">Del\u00edrio Tropical Ipanema<\/h2>\n\n\n\n<p>Desde 1983, o restaurante <a href=\"https:\/\/invexo.com.br\/blog\/delirio-tropical-ipanema\/\" target=\"_blank\" rel=\"noreferrer noopener\">Del\u00edrio Tropical<\/a> oferece produtos frescos e saud\u00e1veis com a informalidade e rapidez que os tempos atuais exigem.&nbsp;<\/p>\n\n\n\n<p>Dessa forma, o estabelecimento se tornou um \u00f3timo point para os cariocas e para os visitantes da cidade maravilhosa.<\/p>\n\n\n\n<p>Buscando oferecer os melhores produtos, a loja implantou em Teres\u00f3polis uma lavoura pr\u00f3pria de hortali\u00e7as para abastecer seu estoque. A planta\u00e7\u00e3o \u00e9 desenvolvida em estufas, garantindo uma colheita cont\u00ednua e uniforme durante todo o ano.<\/p>\n\n\n\n<figure class=\"wp-block-embed is-type-video is-provider-youtube wp-block-embed-youtube wp-embed-aspect-16-9 wp-has-aspect-ratio\"><div class=\"wp-block-embed__wrapper\">\n<iframe title=\"Ipanema a noite | Del\u00edrio Tropical\" width=\"720\" height=\"405\" src=\"https:\/\/www.youtube.com\/embed\/WHRnaAEsPXg?feature=oembed\" frameborder=\"0\" allow=\"accelerometer; autoplay; clipboard-write; encrypted-media; gyroscope; picture-in-picture\" allowfullscreen><\/iframe>\n<\/div><\/figure>\n\n\n\n<p>Assim, os produtos que v\u00e3o para os pratos s\u00e3o sempre frescos e de alt\u00edssima qualidade. No card\u00e1pio, voc\u00ea pode encontrar as seguintes categorias:<\/p>\n\n\n\n<ul><li>Saladas;<\/li><li>Massas;<\/li><li>Arrozes;<\/li><li>Prote\u00ednas;<\/li><li>Tortas salgadas;<\/li><li>Sandu\u00edches;<\/li><li>Cremes e Sopas;<\/li><li>Sobremesas.<\/li><\/ul>\n\n\n\n<p>Al\u00e9m disso, voc\u00ea pode degustar de comida vegetariana, tal como o famoso Polpetone, e sobremesas diet, como brigadeiros e tortas.<\/p>\n\n\n\n<p>O restaurante oferece um atendimento excelente e uma equipe focada em proporcionar felicidade atrav\u00e9s dos alimentos.<\/p>\n\n\n\n<p>O Del\u00edrio Tropical conta tamb\u00e9m com um mercadinho, onde voc\u00ea pode encontrar, al\u00e9m de hortali\u00e7as org\u00e2nicas que abastecem as lojas, algumas del\u00edcias saud\u00e1veis e outras gostosuras.<\/p>\n\n\n\n<p><strong>Endere\u00e7o: <\/strong>Rua Garcia d\u2019Avila, 48, Ipanema, Rio de Janeiro.<br><strong>Hor\u00e1rio de Funcionamento: <\/strong>Todos os dias, das 11h \u00e0s 18h.<\/p>\n\n\n\n<h2 class=\"wp-block-heading\" id=\"verdin\">Verdin<\/h2>\n\n\n\n<p>O restaurante e lanchonete Verdin nasceu da vontade de proporcionar aos clientes uma alimenta\u00e7\u00e3o saud\u00e1vel de uma maneira pr\u00e1tica e poss\u00edvel, funcionando como um grande fast-food natural.<\/p>\n\n\n\n<p>O lugar busca utilizar alimentos org\u00e2nicos vindos de produ\u00e7\u00f5es locais ou regionais, com a promessa de apresentar um card\u00e1pio 100% fresco e sazonal, pronto para consumo no mesmo dia.<\/p>\n\n\n\n<p>Como diferencial, o restaurante conta com o servi\u00e7o de \u201c<em>grab and go<\/em>\u201d, no qual o cliente escolhe um produto no balc\u00e3o e pode decidir entre comer no local ou levar para casa.<\/p>\n\n\n\n<p>O card\u00e1pio da lanchonete foi desenvolvido para agradar aos seus clientes com suas comidas naturais e saborosas, e possui diferentes op\u00e7\u00f5es de acordo com o dia da semana e cronograma de cada unidade.<\/p>\n\n\n\n<p>No Verdin Ipanema, voc\u00ea encontra diversas op\u00e7\u00f5es saborosas, como:<\/p>\n\n\n\n<ul><li>Saladas;<\/li><li>Sandu\u00edches;<\/li><li>Coxinhas org\u00e2nicas;<\/li><li>Feijoada vegana;<\/li><li>Wrap;<\/li><li>Pizzas.<\/li><\/ul>\n\n\n\n<p>Al\u00e9m dos pratos saud\u00e1veis, o restaurante possui tamb\u00e9m uma variedade de sabores de sucos prensados e centrifugados, como Melancia, Abacaxi e capim-lim\u00e3o, Maracuj\u00e1 com cupua\u00e7u e hortel\u00e3, Suco rosa e muito mais.<\/p>\n\n\n\n<figure class=\"wp-block-image size-large\"><a href=\"https:\/\/luxury.invexo.com.br\/apartamento-em-ipanema\/\" target=\"_blank\" rel=\"noopener\"><img decoding=\"async\" width=\"1024\" height=\"576\" src=\"https:\/\/invexo.com.br\/blog\/wp-content\/uploads\/2022\/06\/restaurante-natural-rio-de-janeiro-1024x576.jpg\" alt=\"restaurante natural rio de janeiro\" class=\"wp-image-26651\" srcset=\"https:\/\/invexo.com.br\/blog\/wp-content\/uploads\/2022\/06\/restaurante-natural-rio-de-janeiro-1024x576.jpg 1024w, https:\/\/invexo.com.br\/blog\/wp-content\/uploads\/2022\/06\/restaurante-natural-rio-de-janeiro-300x169.jpg 300w, https:\/\/invexo.com.br\/blog\/wp-content\/uploads\/2022\/06\/restaurante-natural-rio-de-janeiro-768x432.jpg 768w, https:\/\/invexo.com.br\/blog\/wp-content\/uploads\/2022\/06\/restaurante-natural-rio-de-janeiro-940x529.jpg 940w, https:\/\/invexo.com.br\/blog\/wp-content\/uploads\/2022\/06\/restaurante-natural-rio-de-janeiro-150x84.jpg 150w, https:\/\/invexo.com.br\/blog\/wp-content\/uploads\/2022\/06\/restaurante-natural-rio-de-janeiro.jpg 1280w\" sizes=\"(max-width: 1024px) 100vw, 1024px\" \/><\/a><\/figure>\n\n\n\n<p>Assim, para desfrutar dessas del\u00edcias, basta ir ao restaurante Verdin em Ipanema.<\/p>\n\n\n\n<p><strong>Endere\u00e7o:<\/strong> Rua Visconde de Piraj\u00e1, 422, Loja A, Ipanema, Rio de Janeiro.<br><strong>Hor\u00e1rio de Funcionamento:<\/strong> De segunda a sexta, das 08h30 \u00e0s 20h, e aos s\u00e1bados, das 10h \u00e0s 16h.<\/p>\n\n\n\n<h2 class=\"wp-block-heading\" id=\"spazziano\">Spazziano<\/h2>\n\n\n\n<p>O restaurante <a href=\"https:\/\/invexo.com.br\/blog\/spazziano-ipanema\/\" target=\"_blank\" rel=\"noreferrer noopener\">Spazziano<\/a> \u00e9 um estabelecimento com foco na alimenta\u00e7\u00e3o saud\u00e1vel, considerado um ref\u00fagio perfeito para um almo\u00e7o equilibrado e nutritivo.<\/p>\n\n\n\n<p>O local possui uma infraestrutura charmosa e acolhedora, que compartilha o mesmo espa\u00e7o que o <a href=\"https:\/\/invexo.com.br\/blog\/spa-maria-bonita-ipanema\/\" target=\"_blank\" rel=\"noreferrer noopener\">Spa Maria Bonita<\/a>.<\/p>\n\n\n\n<p>Dessa forma, os clientes poder\u00e3o aproveitar para usufruir os servi\u00e7os do spa, que tamb\u00e9m priorizam atividades que auxiliam na jornada para uma vida mais saud\u00e1vel.<\/p>\n\n\n\n<p>O card\u00e1pio do restaurante apresenta pratos com ingredientes 100% naturais, livres de lactose, colesterol e gorduras trans.<\/p>\n\n\n\n<p>Dentre os pratos principais, encontramos saladas, panquecas, sopas, cremes e outras variedades. O menu \u00e9 uma op\u00e7\u00e3o perfeita para os clientes veganos e vegetarianos.<\/p>\n\n\n\n<p>Entre alguns cl\u00e1ssicos do restaurante est\u00e3o:<\/p>\n\n\n\n<ul><li>Yakisoba de legumes;<\/li><li>Risoto de quinoa;<\/li><li>Panquecas de palmito;<\/li><li>Panqueca de shimeji;<\/li><li>Moqueca de palmito;<\/li><li>Caldo verde vegano;<\/li><li>Salada napolitana;<\/li><li>Pastel vegano.<\/li><\/ul>\n\n\n\n<p>Nas op\u00e7\u00f5es de sobremesa, destacam-se os mousses de cacau e prest\u00edgio.&nbsp;<\/p>\n\n\n\n<p>O preparo dos pratos est\u00e1 a cargo de profissionais qualificados, que prestam um excelente atendimento aos clientes.<\/p>\n\n\n\n<p><strong>Endere\u00e7o: <\/strong>Rua Prudente de Moraes, 729, Ipanema, Rio de Janeiro.<br><strong>Hor\u00e1rio de Funcionamento:<\/strong> Todos os dias, das 12h \u00e0s 16h.<\/p>\n\n\n\n<h2 class=\"wp-block-heading\" id=\"teva\">Teva: Bar e restaurante natural<\/h2>\n\n\n\n<p>O Teva \u00e9 um bar e restaurante que oferece produtos 100% \u00e0 base de vegetais, com um card\u00e1pio inovador e internacional.<\/p>\n\n\n\n<p>Os pratos s\u00e3o visualmente deslumbrantes e igualmente saborosos, preparados com ingredientes vegetais, org\u00e2nicos, frescos, sazonais, n\u00e3o industrializados e produzidos localmente por pequenos agricultores.<\/p>\n\n\n\n<p>O restaurante Teva foi inaugurado em 2016, resultado de um sonho que come\u00e7ou seis anos antes com o chef Daniel Brion e os empreendedores e irm\u00e3os Alexandre e Daniel Oelsner: oferecer ao p\u00fablico uma experi\u00eancia gastron\u00f4mica completa, que refletisse suas filosofias.<\/p>\n\n\n\n<p>O objetivo do restaurante \u00e9 tornar a alimenta\u00e7\u00e3o \u00e0 base de vegetais atraente e apresent\u00e1-la como um caminho crucial para um mundo sustent\u00e1vel.<\/p>\n\n\n\n<p>Assim, o restaurante <a href=\"https:\/\/invexo.com.br\/blog\/teva-ipanema\/\" target=\"_blank\" rel=\"noreferrer noopener\">Teva Ipanema<\/a> apresenta em seu card\u00e1pio diversas op\u00e7\u00f5es saud\u00e1veis, como saladas, p\u00e3es, sandu\u00edches, sobremesas, exclusivos de almo\u00e7o, entradas e pratos principais.<\/p>\n\n\n\n<p>Com tanta variedade, voc\u00ea encontrar\u00e1 diversas op\u00e7\u00f5es deliciosas que ser\u00e3o servidas ao longo do dia. Os carros chefes do card\u00e1pio s\u00e3o:<\/p>\n\n\n\n<ul><li><strong>Focaccia molino d\u2019oro:<\/strong> p\u00e3o aquecido e cortado, pronto para consumo;<\/li><li><strong>Salada de lentilhas:<\/strong> lentilhas verdes francesas, batata doce laranja assada, alho por\u00f3 salteado, tomate cereja, mix de folhas, molho de tahine e mostarda de dijon;<\/li><li><strong>Cheeseburguer:<\/strong> burguer artesanal, cebola caramelizada, r\u00facula, tomate, maionese de chipotle feita em casa, mussarela e p\u00e3o r\u00fastico;<\/li><li><strong>Garbanzos con espinacas:<\/strong> cozido espanhol de gr\u00e3o de bico e espinafre t\u00edpico da Andaluzia, caldo de tomate, cominho, p\u00e1prica defumada e p\u00e3o Filone tostado;<\/li><li><strong>Raviolone:<\/strong> raviolone recheado de ricota de tofu e queijo de castanha com cogumelos, azeite trufado, molho cremoso de castanha de caj\u00fa e cogumelos e farofa Panko;<\/li><li><strong>Bolo Toffee:<\/strong> bolo de t\u00e2maras israelenses Medjool, geleia de figo, calda Toffee, sorvete de canela e t\u00e2mara e am\u00eandoa caramelizada.<\/li><\/ul>\n\n\n\n<p>O menu do dia \u00e9 uma \u00f3tima op\u00e7\u00e3o para quem busca praticidade na hora de escolher o pedido. O servi\u00e7o inclui uma salada, um prato e uma sobremesa, e fica dispon\u00edvel de segunda a sexta, exceto feriados.<\/p>\n\n\n\n<p>Al\u00e9m disso, o restaurante conta com um bar que oferece bebidas criativas e vinhos org\u00e2nicos e naturais.<\/p>\n\n\n\n<p><strong>Endere\u00e7o: <\/strong>Avenida Henrique Dumont, 110, Loja B, Ipanema, Rio de Janeiro.<br><strong>Hor\u00e1rio de Funcionamento: <\/strong>De segunda a s\u00e1bado, das 12h \u00e0 00h, e aos domingos, das 12h \u00e0s 22h.<\/p>\n\n\n\n<h2 class=\"wp-block-heading\" id=\"amazonia-soul\">Amaz\u00f4nia Soul<\/h2>\n\n\n\n<p>O conceito do restaurante <a href=\"https:\/\/invexo.com.br\/blog\/amazonia-soul-ipanema\/\" target=\"_blank\" rel=\"noreferrer noopener\">Amaz\u00f4nia Soul<\/a> foi criado pelos empres\u00e1rios vision\u00e1rios de Bel\u00e9m Castilho Jr, Eduardo Castilho e sua esposa, Paloma Brito.<\/p>\n\n\n\n<p>O restaurante foi inaugurado em 2009, com o intuito de proporcionar uma experi\u00eancia gastron\u00f4mica diferenciada, transportando o cliente para o clima da Amaz\u00f4nia atrav\u00e9s de receitas aut\u00eanticas e saborosas.<\/p>\n\n\n\n<p>Os fundadores desejavam levar um pouco de sua terra natal para o bairro de Ipanema, visto que eles amavam a comida e a decora\u00e7\u00e3o amaz\u00f4nica.<\/p>\n\n\n\n<p>Dessa forma, o espa\u00e7o conta com m\u00f3veis de madeira e cer\u00e2mica, cheio de detalhes referenciando a Amaz\u00f4nia brasileira. Apesar da moda r\u00fastica prevalecer, o ambiente \u00e9 extremamente confort\u00e1vel e agrada a todos os seus clientes.<\/p>\n\n\n\n<p>O card\u00e1pio apresenta pratos t\u00edpicos da regi\u00e3o, como uma grande homenagem \u00e0 floresta tropical. Dentre as categorias est\u00e3o as entradas, tapiocas, sobremesas e smoothies.<\/p>\n\n\n\n<p>A categoria da cozinha original da Amaz\u00f4nia Soul \u00e9 composta por pratos extremamente saborosos que trazem uma jun\u00e7\u00e3o de praticidade e qualidade. Nela, voc\u00ea encontra o Menu Degusta\u00e7\u00e3o, que integra tr\u00eas pratos perfeitos para quem quer experimentar o melhor da cozinha amaz\u00f4nica.&nbsp;<\/p>\n\n\n\n<p>Nesta mesma categoria, o Amaz\u00f4nia Soul oferece as seguintes op\u00e7\u00f5es:<\/p>\n\n\n\n<ul><li>Caranguejo Society;<\/li><li>Frango no tucupi;<\/li><li>Mani\u00e7oba;<\/li><li>Prato ver\u00e3o vegano;<\/li><li>Vatap\u00e1 paraense;<\/li><li>E muito mais.<\/li><\/ul>\n\n\n\n<p>E, claro, n\u00e3o podia faltar o famoso a\u00e7a\u00ed da Amaz\u00f4nia Soul, livre de xarope de guaran\u00e1, com uma polpa premium e de produ\u00e7\u00e3o exclusiva. N\u00e3o \u00e9 \u00e0 toa que o prato foi intitulado \u201cO Melhor A\u00e7a\u00ed do Mundo\u201d.<\/p>\n\n\n\n<p>Se voc\u00ea busca por uma comida saud\u00e1vel com um toque de sabor diferenciado, n\u00e3o deixe de visitar a Amaz\u00f4nia Soul Ipanema.<\/p>\n\n\n\n<p><strong>Endere\u00e7o: <\/strong>Rua Teixeira de Melo, 37, Loja B, Ipanema, Rio de Janeiro.<br><strong>Hor\u00e1rio de Funcionamento: <\/strong>Todos os dias, das 12h \u00e0s 21h.<\/p>\n\n\n\n<h2 class=\"wp-block-heading\" id=\"qualidade-de-vida-em-ipanema\">Qualidade de vida em Ipanema&nbsp;<\/h2>\n\n\n\n<p>O bairro de Ipanema \u00e9 conhecido por sua infraestrutura magn\u00edfica e por proporcionar aos seus moradores alta qualidade de vida. N\u00e3o poderia ser diferente, j\u00e1 que estamos falando sobre um dos bairros mais nobres da Zona Sul do Rio de Janeiro.<\/p>\n\n\n\n<p>O estilo de vida proporcionado pelo bairro \u00e9 perfeito para quem prioriza o bem-estar f\u00edsico e mental. A \u00e1rea conta com uma gama de estabelecimentos de culin\u00e1ria saud\u00e1vel e lugares diferenciados para a pr\u00e1tica de atividades f\u00edsicas.<\/p>\n\n\n\n<p>Em todas as ruas, pode-se encontrar, al\u00e9m de diversos restaurantes naturais, estabelecimentos comerciais e servi\u00e7os essenciais que facilitam a rotina do morador e do visitante do local.<\/p>\n\n\n\n<p>O bairro possui diversos pontos de \u00f4nibus e esta\u00e7\u00f5es de metr\u00f4 posicionadas estrategicamente para facilitar a locomo\u00e7\u00e3o de quem opta por utilizar o transporte p\u00fablico.<\/p>\n\n\n\n<p>Por esses motivos, o bairro de Ipanema honra seu t\u00edtulo de um dos <a href=\"https:\/\/invexo.com.br\/blog\/5-melhores-bairros-do-rio-de-janeiro-para-se-ter-qualidade-de-vida\/\">me<\/a><a href=\"https:\/\/invexo.com.br\/blog\/5-melhores-bairros-do-rio-de-janeiro-para-se-ter-qualidade-de-vida\/\" target=\"_blank\" rel=\"noreferrer noopener\">l<\/a><a href=\"https:\/\/invexo.com.br\/blog\/5-melhores-bairros-do-rio-de-janeiro-para-se-ter-qualidade-de-vida\/\">hores bairros do Rio de Janeiro<\/a> para se morar.<\/p>\n\n\n\n<div class=\"wp-block-group\"><div class=\"wp-block-group__inner-container is-layout-flow wp-block-group-is-layout-flow\">\n<p>Oportunidades \u00fanicas de im\u00f3veis em Ipanema! Fa\u00e7a parte do nosso&nbsp;<strong><a href=\"https:\/\/whatsapp.com\/channel\/0029VaBTv8v8F2pN1nbKfn0a\">canal exclusivo no WhatsApp<\/a><\/strong>&nbsp;e tenha acesso antecipado aos im\u00f3veis \u00e0 venda na regi\u00e3o com a maior demanda do Rio de Janeiro.<\/p>\n\n\n<div class=\"\"><div class='_form_6'><\/div><script type='text\/javascript' src='https:\/\/invexo.activehosted.com\/f\/embed.php?static=0&id=6&69EFC25699534&nostyles=0&preview=0'><\/script><\/div>\n\n\n<p><\/p>\n\n\n\n<p>Ipanema, localizada na Zona Sul carioca, \u00e9 um dos melhores e mais nobres bairros para se viver no Rio de Janeiro. Conhe\u00e7a hoje mesmo os <a href=\"https:\/\/luxury.invexo.com.br\/bairro\/ipanema\/?utm_source=blog&amp;utm_medium=blocofim\" target=\"_blank\" rel=\"noreferrer noopener\">im\u00f3veis residenciais de luxo em Ipanema<\/a> com a INVEXO, imobili\u00e1ria especializada em im\u00f3veis de luxo no Rio de Janeiro.<\/p>\n\n\n\n<figure class=\"wp-block-image size-full\"><a href=\"https:\/\/luxury.invexo.com.br\/bairro\/ipanema\/?utm_source=blog&amp;utm_medium=blocofim\" target=\"_blank\" rel=\"noopener\"><img decoding=\"async\" width=\"1300\" height=\"280\" src=\"https:\/\/invexo.com.br\/blog\/wp-content\/uploads\/2022\/08\/imoveis-residenciais-ipanema-rio-de-janeiro-rj-calcadao-de-ipanema.jpg\" alt=\"Im\u00f3veis de luxo \u00e0 venda em Ipanema RJ\" class=\"wp-image-28981\" srcset=\"https:\/\/invexo.com.br\/blog\/wp-content\/uploads\/2022\/08\/imoveis-residenciais-ipanema-rio-de-janeiro-rj-calcadao-de-ipanema.jpg 1300w, https:\/\/invexo.com.br\/blog\/wp-content\/uploads\/2022\/08\/imoveis-residenciais-ipanema-rio-de-janeiro-rj-calcadao-de-ipanema-300x65.jpg 300w, https:\/\/invexo.com.br\/blog\/wp-content\/uploads\/2022\/08\/imoveis-residenciais-ipanema-rio-de-janeiro-rj-calcadao-de-ipanema-1024x221.jpg 1024w, https:\/\/invexo.com.br\/blog\/wp-content\/uploads\/2022\/08\/imoveis-residenciais-ipanema-rio-de-janeiro-rj-calcadao-de-ipanema-768x165.jpg 768w\" sizes=\"(max-width: 1300px) 100vw, 1300px\" \/><\/a><\/figure>\n<\/div><\/div>\n","protected":false},"excerpt":{"rendered":"<p>As op\u00e7\u00f5es de restaurante natural em Ipanema s\u00e3o ideais para quem busca por um estilo de vida mais saud\u00e1vel. Conhe\u00e7a a variedade do bairro!<\/p>\n","protected":false},"author":2,"featured_media":26650,"comment_status":"closed","ping_status":"closed","sticky":false,"template":"","format":"standard","meta":{"_acf_changed":false,"_kad_blocks_custom_css":"","_kad_blocks_head_custom_js":"","_kad_blocks_body_custom_js":"","_kad_blocks_footer_custom_js":"","_kadence_starter_templates_imported_post":false,"_kad_post_transparent":"","_kad_post_title":"","_kad_post_layout":"","_kad_post_sidebar_id":"","_kad_post_content_style":"","_kad_post_vertical_padding":"","_kad_post_feature":"","_kad_post_feature_position":"","_kad_post_header":false,"_kad_post_footer":false,"footnotes":""},"categories":[10,15],"tags":[635],"acf":[],"yoast_head":"<!-- This site is optimized with the Yoast SEO plugin v24.1 - https:\/\/yoast.com\/wordpress\/plugins\/seo\/ -->\n<title>Restaurante natural Ipanema \u2013 Alimenta\u00e7\u00e3o saud\u00e1vel na Zona Sul<\/title>\n<meta name=\"description\" content=\"As op\u00e7\u00f5es de restaurante natural em Ipanema s\u00e3o ideais para quem busca por um estilo de vida mais saud\u00e1vel. Conhe\u00e7a a variedade do bairro!\" \/>\n<meta name=\"robots\" content=\"index, follow, max-snippet:-1, max-image-preview:large, max-video-preview:-1\" \/>\n<link rel=\"canonical\" href=\"https:\/\/invexo.com.br\/blog\/restaurante-natural-ipanema\/\" \/>\n<meta property=\"og:locale\" content=\"pt_BR\" \/>\n<meta property=\"og:type\" content=\"article\" \/>\n<meta property=\"og:title\" content=\"Restaurante natural Ipanema \u2013 Alimenta\u00e7\u00e3o saud\u00e1vel na Zona Sul\" \/>\n<meta property=\"og:description\" content=\"As op\u00e7\u00f5es de restaurante natural em Ipanema s\u00e3o ideais para quem busca por um estilo de vida mais saud\u00e1vel. Conhe\u00e7a a variedade do bairro!\" \/>\n<meta property=\"og:url\" content=\"https:\/\/invexo.com.br\/blog\/restaurante-natural-ipanema\/\" \/>\n<meta property=\"og:site_name\" content=\"Not\u00edcias RJ\" \/>\n<meta property=\"article:publisher\" content=\"https:\/\/facebook.com\/invexo\" \/>\n<meta property=\"article:author\" content=\"https:\/\/facebook.com\/invexo\" \/>\n<meta property=\"article:published_time\" content=\"2022-06-27T20:00:00+00:00\" \/>\n<meta property=\"article:modified_time\" content=\"2022-11-07T16:38:03+00:00\" \/>\n<meta property=\"og:image\" content=\"https:\/\/invexo.com.br\/blog\/wp-content\/uploads\/2022\/06\/restaurante-natural-ipanema-rio-de-janeiro.jpg\" \/>\n\t<meta property=\"og:image:width\" content=\"1280\" \/>\n\t<meta property=\"og:image:height\" content=\"720\" \/>\n\t<meta property=\"og:image:type\" content=\"image\/jpeg\" \/>\n<meta name=\"author\" content=\"Ronnie Possatti\" \/>\n<meta name=\"twitter:card\" content=\"summary_large_image\" \/>\n<meta name=\"twitter:creator\" content=\"@https:\/\/twitter.com\/invexoimoveis\" \/>\n<meta name=\"twitter:site\" content=\"@invexoimoveis\" \/>\n<meta name=\"twitter:label1\" content=\"Escrito por\" \/>\n\t<meta name=\"twitter:data1\" content=\"Ronnie Possatti\" \/>\n\t<meta name=\"twitter:label2\" content=\"Est. tempo de leitura\" \/>\n\t<meta name=\"twitter:data2\" content=\"11 minutos\" \/>\n<script type=\"application\/ld+json\" class=\"yoast-schema-graph\">{\"@context\":\"https:\/\/schema.org\",\"@graph\":[{\"@type\":\"Article\",\"@id\":\"https:\/\/invexo.com.br\/blog\/restaurante-natural-ipanema\/#article\",\"isPartOf\":{\"@id\":\"https:\/\/invexo.com.br\/blog\/restaurante-natural-ipanema\/\"},\"author\":{\"name\":\"Ronnie Possatti\",\"@id\":\"https:\/\/invexo.com.br\/blog\/#\/schema\/person\/36bee32f1cfacde03dc4c9622a58778d\"},\"headline\":\"Restaurante natural Ipanema \u2013 Onde comer comida saud\u00e1vel no Rio de Janeiro\",\"datePublished\":\"2022-06-27T20:00:00+00:00\",\"dateModified\":\"2022-11-07T16:38:03+00:00\",\"mainEntityOfPage\":{\"@id\":\"https:\/\/invexo.com.br\/blog\/restaurante-natural-ipanema\/\"},\"wordCount\":2135,\"publisher\":{\"@id\":\"https:\/\/invexo.com.br\/blog\/#organization\"},\"image\":{\"@id\":\"https:\/\/invexo.com.br\/blog\/restaurante-natural-ipanema\/#primaryimage\"},\"thumbnailUrl\":\"https:\/\/invexo.com.br\/blog\/wp-content\/uploads\/2022\/06\/restaurante-natural-ipanema-rio-de-janeiro.jpg\",\"keywords\":[\"Ipanema\"],\"articleSection\":[\"Bairros\",\"Informa\u00e7\u00f5es\"],\"inLanguage\":\"pt-BR\"},{\"@type\":\"WebPage\",\"@id\":\"https:\/\/invexo.com.br\/blog\/restaurante-natural-ipanema\/\",\"url\":\"https:\/\/invexo.com.br\/blog\/restaurante-natural-ipanema\/\",\"name\":\"Restaurante natural Ipanema \u2013 Alimenta\u00e7\u00e3o saud\u00e1vel na Zona Sul\",\"isPartOf\":{\"@id\":\"https:\/\/invexo.com.br\/blog\/#website\"},\"primaryImageOfPage\":{\"@id\":\"https:\/\/invexo.com.br\/blog\/restaurante-natural-ipanema\/#primaryimage\"},\"image\":{\"@id\":\"https:\/\/invexo.com.br\/blog\/restaurante-natural-ipanema\/#primaryimage\"},\"thumbnailUrl\":\"https:\/\/invexo.com.br\/blog\/wp-content\/uploads\/2022\/06\/restaurante-natural-ipanema-rio-de-janeiro.jpg\",\"datePublished\":\"2022-06-27T20:00:00+00:00\",\"dateModified\":\"2022-11-07T16:38:03+00:00\",\"description\":\"As op\u00e7\u00f5es de restaurante natural em Ipanema s\u00e3o ideais para quem busca por um estilo de vida mais saud\u00e1vel. Conhe\u00e7a a variedade do bairro!\",\"breadcrumb\":{\"@id\":\"https:\/\/invexo.com.br\/blog\/restaurante-natural-ipanema\/#breadcrumb\"},\"inLanguage\":\"pt-BR\",\"potentialAction\":[{\"@type\":\"ReadAction\",\"target\":[\"https:\/\/invexo.com.br\/blog\/restaurante-natural-ipanema\/\"]}]},{\"@type\":\"ImageObject\",\"inLanguage\":\"pt-BR\",\"@id\":\"https:\/\/invexo.com.br\/blog\/restaurante-natural-ipanema\/#primaryimage\",\"url\":\"https:\/\/invexo.com.br\/blog\/wp-content\/uploads\/2022\/06\/restaurante-natural-ipanema-rio-de-janeiro.jpg\",\"contentUrl\":\"https:\/\/invexo.com.br\/blog\/wp-content\/uploads\/2022\/06\/restaurante-natural-ipanema-rio-de-janeiro.jpg\",\"width\":1280,\"height\":720,\"caption\":\"restaurante natural ipanema rio de janeiro\"},{\"@type\":\"BreadcrumbList\",\"@id\":\"https:\/\/invexo.com.br\/blog\/restaurante-natural-ipanema\/#breadcrumb\",\"itemListElement\":[{\"@type\":\"ListItem\",\"position\":1,\"name\":\"Blog\",\"item\":\"https:\/\/invexo.com.br\/blog\/\"},{\"@type\":\"ListItem\",\"position\":2,\"name\":\"Bairros\",\"item\":\"https:\/\/invexo.com.br\/blog\/categoria\/bairros\/\"},{\"@type\":\"ListItem\",\"position\":3,\"name\":\"Restaurante natural Ipanema \u2013 Onde comer comida saud\u00e1vel no Rio de Janeiro\"}]},{\"@type\":\"WebSite\",\"@id\":\"https:\/\/invexo.com.br\/blog\/#website\",\"url\":\"https:\/\/invexo.com.br\/blog\/\",\"name\":\"Not\u00edcias RJ\",\"description\":\"Not\u00edcias sobre im\u00f3veis, financiamento, mercado imobili\u00e1rio do Rio de Janeiro. Informa\u00e7\u00f5es sobre Bairros, Condom\u00ednios e Regi\u00e3o do Rio de Janeiro.\",\"publisher\":{\"@id\":\"https:\/\/invexo.com.br\/blog\/#organization\"},\"potentialAction\":[{\"@type\":\"SearchAction\",\"target\":{\"@type\":\"EntryPoint\",\"urlTemplate\":\"https:\/\/invexo.com.br\/blog\/?s={search_term_string}\"},\"query-input\":{\"@type\":\"PropertyValueSpecification\",\"valueRequired\":true,\"valueName\":\"search_term_string\"}}],\"inLanguage\":\"pt-BR\"},{\"@type\":\"Organization\",\"@id\":\"https:\/\/invexo.com.br\/blog\/#organization\",\"name\":\"INVEXO Imobili\u00e1ria\",\"url\":\"https:\/\/invexo.com.br\/blog\/\",\"logo\":{\"@type\":\"ImageObject\",\"inLanguage\":\"pt-BR\",\"@id\":\"https:\/\/invexo.com.br\/blog\/#\/schema\/logo\/image\/\",\"url\":\"https:\/\/invexo.com.br\/blog\/wp-content\/uploads\/2018\/09\/invexo-80-melhor.png\",\"contentUrl\":\"https:\/\/invexo.com.br\/blog\/wp-content\/uploads\/2018\/09\/invexo-80-melhor.png\",\"width\":247,\"height\":80,\"caption\":\"INVEXO Imobili\u00e1ria\"},\"image\":{\"@id\":\"https:\/\/invexo.com.br\/blog\/#\/schema\/logo\/image\/\"},\"sameAs\":[\"https:\/\/facebook.com\/invexo\",\"https:\/\/x.com\/invexoimoveis\"]},{\"@type\":\"Person\",\"@id\":\"https:\/\/invexo.com.br\/blog\/#\/schema\/person\/36bee32f1cfacde03dc4c9622a58778d\",\"name\":\"Ronnie Possatti\",\"image\":{\"@type\":\"ImageObject\",\"inLanguage\":\"pt-BR\",\"@id\":\"https:\/\/invexo.com.br\/blog\/#\/schema\/person\/image\/\",\"url\":\"https:\/\/secure.gravatar.com\/avatar\/51a6cdcc215551235c39affb853f1e38?s=96&d=blank&r=g\",\"contentUrl\":\"https:\/\/secure.gravatar.com\/avatar\/51a6cdcc215551235c39affb853f1e38?s=96&d=blank&r=g\",\"caption\":\"Ronnie Possatti\"},\"description\":\"Equipe de especialistas que traz para seus leitores conte\u00fados relevantes e de qualidade sobre bairros, condom\u00ednios, lan\u00e7amentos e not\u00edcias imobili\u00e1rias no Rio de Janeiro.\",\"sameAs\":[\"https:\/\/facebook.com\/invexo\",\"https:\/\/instagram.com\/invexo\",\"https:\/\/x.com\/https:\/\/twitter.com\/invexoimoveis\"],\"url\":\"https:\/\/invexo.com.br\/blog\/author\/invexo\/\"}]}<\/script>\n<!-- \/ Yoast SEO plugin. -->","yoast_head_json":{"title":"Restaurante natural Ipanema \u2013 Alimenta\u00e7\u00e3o saud\u00e1vel na Zona Sul","description":"As op\u00e7\u00f5es de restaurante natural em Ipanema s\u00e3o ideais para quem busca por um estilo de vida mais saud\u00e1vel. Conhe\u00e7a a variedade do bairro!","robots":{"index":"index","follow":"follow","max-snippet":"max-snippet:-1","max-image-preview":"max-image-preview:large","max-video-preview":"max-video-preview:-1"},"canonical":"https:\/\/invexo.com.br\/blog\/restaurante-natural-ipanema\/","og_locale":"pt_BR","og_type":"article","og_title":"Restaurante natural Ipanema \u2013 Alimenta\u00e7\u00e3o saud\u00e1vel na Zona Sul","og_description":"As op\u00e7\u00f5es de restaurante natural em Ipanema s\u00e3o ideais para quem busca por um estilo de vida mais saud\u00e1vel. Conhe\u00e7a a variedade do bairro!","og_url":"https:\/\/invexo.com.br\/blog\/restaurante-natural-ipanema\/","og_site_name":"Not\u00edcias RJ","article_publisher":"https:\/\/facebook.com\/invexo","article_author":"https:\/\/facebook.com\/invexo","article_published_time":"2022-06-27T20:00:00+00:00","article_modified_time":"2022-11-07T16:38:03+00:00","og_image":[{"width":1280,"height":720,"url":"https:\/\/invexo.com.br\/blog\/wp-content\/uploads\/2022\/06\/restaurante-natural-ipanema-rio-de-janeiro.jpg","type":"image\/jpeg"}],"author":"Ronnie Possatti","twitter_card":"summary_large_image","twitter_creator":"@https:\/\/twitter.com\/invexoimoveis","twitter_site":"@invexoimoveis","twitter_misc":{"Escrito por":"Ronnie Possatti","Est. tempo de leitura":"11 minutos"},"schema":{"@context":"https:\/\/schema.org","@graph":[{"@type":"Article","@id":"https:\/\/invexo.com.br\/blog\/restaurante-natural-ipanema\/#article","isPartOf":{"@id":"https:\/\/invexo.com.br\/blog\/restaurante-natural-ipanema\/"},"author":{"name":"Ronnie Possatti","@id":"https:\/\/invexo.com.br\/blog\/#\/schema\/person\/36bee32f1cfacde03dc4c9622a58778d"},"headline":"Restaurante natural Ipanema \u2013 Onde comer comida saud\u00e1vel no Rio de Janeiro","datePublished":"2022-06-27T20:00:00+00:00","dateModified":"2022-11-07T16:38:03+00:00","mainEntityOfPage":{"@id":"https:\/\/invexo.com.br\/blog\/restaurante-natural-ipanema\/"},"wordCount":2135,"publisher":{"@id":"https:\/\/invexo.com.br\/blog\/#organization"},"image":{"@id":"https:\/\/invexo.com.br\/blog\/restaurante-natural-ipanema\/#primaryimage"},"thumbnailUrl":"https:\/\/invexo.com.br\/blog\/wp-content\/uploads\/2022\/06\/restaurante-natural-ipanema-rio-de-janeiro.jpg","keywords":["Ipanema"],"articleSection":["Bairros","Informa\u00e7\u00f5es"],"inLanguage":"pt-BR"},{"@type":"WebPage","@id":"https:\/\/invexo.com.br\/blog\/restaurante-natural-ipanema\/","url":"https:\/\/invexo.com.br\/blog\/restaurante-natural-ipanema\/","name":"Restaurante natural Ipanema \u2013 Alimenta\u00e7\u00e3o saud\u00e1vel na Zona Sul","isPartOf":{"@id":"https:\/\/invexo.com.br\/blog\/#website"},"primaryImageOfPage":{"@id":"https:\/\/invexo.com.br\/blog\/restaurante-natural-ipanema\/#primaryimage"},"image":{"@id":"https:\/\/invexo.com.br\/blog\/restaurante-natural-ipanema\/#primaryimage"},"thumbnailUrl":"https:\/\/invexo.com.br\/blog\/wp-content\/uploads\/2022\/06\/restaurante-natural-ipanema-rio-de-janeiro.jpg","datePublished":"2022-06-27T20:00:00+00:00","dateModified":"2022-11-07T16:38:03+00:00","description":"As op\u00e7\u00f5es de restaurante natural em Ipanema s\u00e3o ideais para quem busca por um estilo de vida mais saud\u00e1vel. Conhe\u00e7a a variedade do bairro!","breadcrumb":{"@id":"https:\/\/invexo.com.br\/blog\/restaurante-natural-ipanema\/#breadcrumb"},"inLanguage":"pt-BR","potentialAction":[{"@type":"ReadAction","target":["https:\/\/invexo.com.br\/blog\/restaurante-natural-ipanema\/"]}]},{"@type":"ImageObject","inLanguage":"pt-BR","@id":"https:\/\/invexo.com.br\/blog\/restaurante-natural-ipanema\/#primaryimage","url":"https:\/\/invexo.com.br\/blog\/wp-content\/uploads\/2022\/06\/restaurante-natural-ipanema-rio-de-janeiro.jpg","contentUrl":"https:\/\/invexo.com.br\/blog\/wp-content\/uploads\/2022\/06\/restaurante-natural-ipanema-rio-de-janeiro.jpg","width":1280,"height":720,"caption":"restaurante natural ipanema rio de janeiro"},{"@type":"BreadcrumbList","@id":"https:\/\/invexo.com.br\/blog\/restaurante-natural-ipanema\/#breadcrumb","itemListElement":[{"@type":"ListItem","position":1,"name":"Blog","item":"https:\/\/invexo.com.br\/blog\/"},{"@type":"ListItem","position":2,"name":"Bairros","item":"https:\/\/invexo.com.br\/blog\/categoria\/bairros\/"},{"@type":"ListItem","position":3,"name":"Restaurante natural Ipanema \u2013 Onde comer comida saud\u00e1vel no Rio de Janeiro"}]},{"@type":"WebSite","@id":"https:\/\/invexo.com.br\/blog\/#website","url":"https:\/\/invexo.com.br\/blog\/","name":"Not\u00edcias RJ","description":"Not\u00edcias sobre im\u00f3veis, financiamento, mercado imobili\u00e1rio do Rio de Janeiro. Informa\u00e7\u00f5es sobre Bairros, Condom\u00ednios e Regi\u00e3o do Rio de Janeiro.","publisher":{"@id":"https:\/\/invexo.com.br\/blog\/#organization"},"potentialAction":[{"@type":"SearchAction","target":{"@type":"EntryPoint","urlTemplate":"https:\/\/invexo.com.br\/blog\/?s={search_term_string}"},"query-input":{"@type":"PropertyValueSpecification","valueRequired":true,"valueName":"search_term_string"}}],"inLanguage":"pt-BR"},{"@type":"Organization","@id":"https:\/\/invexo.com.br\/blog\/#organization","name":"INVEXO Imobili\u00e1ria","url":"https:\/\/invexo.com.br\/blog\/","logo":{"@type":"ImageObject","inLanguage":"pt-BR","@id":"https:\/\/invexo.com.br\/blog\/#\/schema\/logo\/image\/","url":"https:\/\/invexo.com.br\/blog\/wp-content\/uploads\/2018\/09\/invexo-80-melhor.png","contentUrl":"https:\/\/invexo.com.br\/blog\/wp-content\/uploads\/2018\/09\/invexo-80-melhor.png","width":247,"height":80,"caption":"INVEXO Imobili\u00e1ria"},"image":{"@id":"https:\/\/invexo.com.br\/blog\/#\/schema\/logo\/image\/"},"sameAs":["https:\/\/facebook.com\/invexo","https:\/\/x.com\/invexoimoveis"]},{"@type":"Person","@id":"https:\/\/invexo.com.br\/blog\/#\/schema\/person\/36bee32f1cfacde03dc4c9622a58778d","name":"Ronnie Possatti","image":{"@type":"ImageObject","inLanguage":"pt-BR","@id":"https:\/\/invexo.com.br\/blog\/#\/schema\/person\/image\/","url":"https:\/\/secure.gravatar.com\/avatar\/51a6cdcc215551235c39affb853f1e38?s=96&d=blank&r=g","contentUrl":"https:\/\/secure.gravatar.com\/avatar\/51a6cdcc215551235c39affb853f1e38?s=96&d=blank&r=g","caption":"Ronnie Possatti"},"description":"Equipe de especialistas que traz para seus leitores conte\u00fados relevantes e de qualidade sobre bairros, condom\u00ednios, lan\u00e7amentos e not\u00edcias imobili\u00e1rias no Rio de Janeiro.","sameAs":["https:\/\/facebook.com\/invexo","https:\/\/instagram.com\/invexo","https:\/\/x.com\/https:\/\/twitter.com\/invexoimoveis"],"url":"https:\/\/invexo.com.br\/blog\/author\/invexo\/"}]}},"taxonomy_info":{"category":[{"value":10,"label":"Bairros"},{"value":15,"label":"Informa\u00e7\u00f5es"}],"post_tag":[{"value":635,"label":"Ipanema"}]},"featured_image_src_large":["https:\/\/invexo.com.br\/blog\/wp-content\/uploads\/2022\/06\/restaurante-natural-ipanema-rio-de-janeiro-1024x576.jpg",1024,576,true],"author_info":{"display_name":"Ronnie Possatti","author_link":"https:\/\/invexo.com.br\/blog\/author\/invexo\/"},"comment_info":0,"category_info":[{"term_id":10,"name":"Bairros","slug":"bairros","term_group":0,"term_taxonomy_id":10,"taxonomy":"category","description":"Not\u00edcias sobre estabelecimentos nos melhores bairros para se morar no Rio de Janeiro.","parent":0,"count":1354,"filter":"raw","cat_ID":10,"category_count":1354,"category_description":"Not\u00edcias sobre estabelecimentos nos melhores bairros para se morar no Rio de Janeiro.","cat_name":"Bairros","category_nicename":"bairros","category_parent":0},{"term_id":15,"name":"Informa\u00e7\u00f5es","slug":"informacoes","term_group":0,"term_taxonomy_id":15,"taxonomy":"category","description":"Informa\u00e7\u00f5es, experi\u00eancia nos melhores estabelecimentos em bairros nobres para se viver no Rio de Janeiro. Tudo sobre cultura, entretenimento e lazer.","parent":0,"count":1297,"filter":"raw","cat_ID":15,"category_count":1297,"category_description":"Informa\u00e7\u00f5es, experi\u00eancia nos melhores estabelecimentos em bairros nobres para se viver no Rio de Janeiro. Tudo sobre cultura, entretenimento e lazer.","cat_name":"Informa\u00e7\u00f5es","category_nicename":"informacoes","category_parent":0}],"tag_info":[{"term_id":635,"name":"Ipanema","slug":"ipanema","term_group":0,"term_taxonomy_id":635,"taxonomy":"post_tag","description":"","parent":0,"count":359,"filter":"raw"}],"_links":{"self":[{"href":"https:\/\/invexo.com.br\/blog\/wp-json\/wp\/v2\/posts\/26624"}],"collection":[{"href":"https:\/\/invexo.com.br\/blog\/wp-json\/wp\/v2\/posts"}],"about":[{"href":"https:\/\/invexo.com.br\/blog\/wp-json\/wp\/v2\/types\/post"}],"author":[{"embeddable":true,"href":"https:\/\/invexo.com.br\/blog\/wp-json\/wp\/v2\/users\/2"}],"replies":[{"embeddable":true,"href":"https:\/\/invexo.com.br\/blog\/wp-json\/wp\/v2\/comments?post=26624"}],"version-history":[{"count":1,"href":"https:\/\/invexo.com.br\/blog\/wp-json\/wp\/v2\/posts\/26624\/revisions"}],"predecessor-version":[{"id":26737,"href":"https:\/\/invexo.com.br\/blog\/wp-json\/wp\/v2\/posts\/26624\/revisions\/26737"}],"wp:featuredmedia":[{"embeddable":true,"href":"https:\/\/invexo.com.br\/blog\/wp-json\/wp\/v2\/media\/26650"}],"wp:attachment":[{"href":"https:\/\/invexo.com.br\/blog\/wp-json\/wp\/v2\/media?parent=26624"}],"wp:term":[{"taxonomy":"category","embeddable":true,"href":"https:\/\/invexo.com.br\/blog\/wp-json\/wp\/v2\/categories?post=26624"},{"taxonomy":"post_tag","embeddable":true,"href":"https:\/\/invexo.com.br\/blog\/wp-json\/wp\/v2\/tags?post=26624"}],"curies":[{"name":"wp","href":"https:\/\/api.w.org\/{rel}","templated":true}]}}