{"id":26049,"date":"2022-02-10T17:00:00","date_gmt":"2022-02-10T20:00:00","guid":{"rendered":"https:\/\/invexo.com.br\/blog\/?p=26049"},"modified":"2023-03-20T10:48:59","modified_gmt":"2023-03-20T13:48:59","slug":"lancamento-avenida-lucio-costa-wave-by-yoo-barra-da-tijuca-rj","status":"publish","type":"post","link":"https:\/\/invexo.com.br\/blog\/lancamento-avenida-lucio-costa-wave-by-yoo-barra-da-tijuca-rj\/","title":{"rendered":"Lan\u00e7amento residencial na Avenida L\u00facio Costa: Wave By Yoo Barra da Tijuca RJ"},"content":{"rendered":"\n<p>Conhe\u00e7a o lan\u00e7amento residencial perfeito para viver com luxo, maior privacidade e comodidade na Barra da Tijuca: o empreendimento Wave By Yoo.<\/p>\n\n\n\n<p>O projeto do Wave \u00e9 assinado pela construtora Cyrela, conhecida por suas iniciativas sustent\u00e1veis, empreendimentos de alto n\u00edvel e sin\u00f4nimos de seguran\u00e7a.<\/p>\n\n\n\n<!--more-->\n\n\n\n<p>A construtora, em seus mais de 60 anos de hist\u00f3ria, coleciona uma extensa lista de empreendimentos bem-sucedidos, inovadores e luxuosos.<\/p>\n\n\n\n<p>Assim, o Wave By Yoo conta com um sistema moderno de seguran\u00e7a, disponibilizando itens que favorecem a automa\u00e7\u00e3o de suas unidades, al\u00e9m de diversos diferenciais interessantes para seus futuros moradores.<\/p>\n\n\n\n<p>O lan\u00e7amento exibe uma arquitetura verdadeiramente exuberante, partindo de sua apresenta\u00e7\u00e3o visual pensada em um estilo moderno e totalmente luxuoso para combinar com o bairro em que est\u00e1 situado.<\/p>\n\n\n\n<p>O incr\u00edvel residencial est\u00e1 situado na Barra da Tijuca, tido como um dos bairros mais agrad\u00e1veis e de maior qualidade de vida da Zona Sul do Rio de Janeiro.<\/p>\n\n\n\n<p>O condom\u00ednio conta com 4 blocos residenciais situados na quadra da Praia da Barra da Tijuca, na altura do Posto 4 e do Posto 5. Assim, a via em que o empreendimento est\u00e1 localizado \u00e9 uma das principais dentro do bairro, possibilitando aos seus moradores o imenso privilegio de desfrutar de uma vista para o mar.<\/p>\n\n\n\n<h2 class=\"wp-block-heading\">More na Avenida L\u00facio Costa<\/h2>\n\n\n\n<p>O lan\u00e7amento Wave By Yoo est\u00e1 situado na Avenida L\u00facio Costa, na Barra da Tijuca, uma das vias mais importantes de uma regi\u00e3o bastante valorizada da capital carioca.<\/p>\n\n\n\n<p>Assim, o empreendimento \u00e9 favorecido por sua localiza\u00e7\u00e3o privilegiada na quadra da Praia da Barra da Tijuca, na altura do Posto 5, local que favorece uma vista particular para o mar.<\/p>\n\n\n\n<p>Sua localiza\u00e7\u00e3o permite ampla mobilidade de acesso a outros bairros e praias do Rio de Janeiro. Al\u00e9m disso, a regi\u00e3o no entorno do Wave By Yoo \u00e9 agrad\u00e1vel para passeios em fam\u00edlia e para a pr\u00e1tica de exerc\u00edcios.<\/p>\n\n\n\n<p>Al\u00e9m do acesso \u00e0 orla da praia, o condom\u00ednio \u00e9 pr\u00f3ximo da ativa rede comercial do bairro, que conta com infraestrutura urbana completa e f\u00e1cil conex\u00e3o com diferentes bairros da cidade.<\/p>\n\n\n\n<p>Assim, o residencial garante facilidade de acesso a uma ampla gama de servi\u00e7os e com\u00e9rcios necess\u00e1rios para o dia a dia, tais como farm\u00e1cias, academias, institui\u00e7\u00f5es de ensino e outros estabelecimentos interessantes.<\/p>\n\n\n\n<div class=\"wp-block-group\"><div class=\"wp-block-group__inner-container is-layout-flow wp-block-group-is-layout-flow\">\n<p>Cadastre-se e garanta j\u00e1 o seu im\u00f3vel no lan\u00e7amento mais aguardado na Barra da Tijuca: <a href=\"https:\/\/lancamento.invexo.com.br\/rj\/green-park-barra\/\">Green Park Barra no antigo Extra Barra Opportunity<\/a><\/p>\n\n\n<div class=\"wp-block-image\">\n<figure class=\"aligncenter size-full is-resized\"><a href=\"https:\/\/lancamento.invexo.com.br\/rj\/green-park-barra\/\" target=\"_blank\" rel=\"noopener noreferrer\"><img decoding=\"async\" width=\"1900\" height=\"1266\" src=\"https:\/\/invexo.com.br\/blog\/wp-content\/uploads\/2024\/09\/barra-da-tijuca-vista-aerea-praia.jpg\" alt=\"\" class=\"wp-image-43904\" style=\"width:400px\" srcset=\"https:\/\/invexo.com.br\/blog\/wp-content\/uploads\/2024\/09\/barra-da-tijuca-vista-aerea-praia.jpg 1900w, https:\/\/invexo.com.br\/blog\/wp-content\/uploads\/2024\/09\/barra-da-tijuca-vista-aerea-praia-300x200.jpg 300w, https:\/\/invexo.com.br\/blog\/wp-content\/uploads\/2024\/09\/barra-da-tijuca-vista-aerea-praia-1024x682.jpg 1024w, https:\/\/invexo.com.br\/blog\/wp-content\/uploads\/2024\/09\/barra-da-tijuca-vista-aerea-praia-768x512.jpg 768w, https:\/\/invexo.com.br\/blog\/wp-content\/uploads\/2024\/09\/barra-da-tijuca-vista-aerea-praia-1536x1023.jpg 1536w, https:\/\/invexo.com.br\/blog\/wp-content\/uploads\/2024\/09\/barra-da-tijuca-vista-aerea-praia-150x100.jpg 150w\" sizes=\"(max-width: 1900px) 100vw, 1900px\" \/><\/a><figcaption class=\"wp-element-caption\">Conhe\u00e7a o lan\u00e7amento <a href=\"https:\/\/lancamento.invexo.com.br\/rj\/green-park-barra\/\">Green Park Barra<\/a><\/figcaption><\/figure><\/div><\/div><\/div>\n\n\n\n<h2 class=\"wp-block-heading\">Avenida L\u00facio Costa: Lan\u00e7amento Wave By Yoo Barra da Tijuca Construtora Cyrela<\/h2>\n\n\n\n<p>O lan\u00e7amento residencial Wave By Yoo \u00e9 a escolha perfeita para os que procuram por um lar moderno, inovador e aconchegante, em um dos bairros com maior qualidade de vida da Cidade Maravilhosa.<\/p>\n\n\n\n<p>Com um paisagismo em estilo contempor\u00e2neo, a apresenta\u00e7\u00e3o visual do residencial \u00e9 uma verdadeira obra de arte e combina perfeitamente com a paisagem urbana ao redor.<\/p>\n\n\n\n<p>A infraestrutura do Wave By Yoo \u00e9 completa, dispondo de um sistema moderno de monitoramento e seguran\u00e7a predial, al\u00e9m de contar com diversos atrativos e espa\u00e7os para lazer.<\/p>\n\n\n\n<p>Entre algumas op\u00e7\u00f5es de lazer do condom\u00ednio, est\u00e3o:<\/p>\n\n\n\n<ul><li>Sal\u00e3o de festas;<\/li><li>Espa\u00e7o fitness;<\/li><li>Brinquedoteca;<\/li><li>Spas;<\/li><li>Piscina adulto e infantil;<\/li><li>Playground;<\/li><li>Sauna \u00e0 vapor;<\/li><li>\u00c1rea gourmet com churrasqueira.<\/li><\/ul>\n\n\n\n<p>Como diferencial, o condom\u00ednio tamb\u00e9m disp\u00f5e de aplicativo para os moradores e uma central pay-per-use, pela qual poder\u00e3o contratar servi\u00e7os exclusivos para as necessidades do dia a dia.<\/p>\n\n\n\n<p>No empreendimento tamb\u00e9m h\u00e1 espa\u00e7o para <a rel=\"noreferrer noopener\" href=\"https:\/\/invexo.com.br\/blog\/tecnologias-sustentaveis\/\" target=\"_blank\">tecnologias sustent\u00e1veis<\/a>. O projeto foi pensado para dar devida aten\u00e7\u00e3o \u00e0 coleta seletiva de res\u00edduos, reduzir o consumo de l\u00e2mpadas atrav\u00e9s de sensores de ilumina\u00e7\u00e3o e incentivo ao uso de bicicletas com recarga el\u00e9trica, itens que visam fazer bom uso dos recursos naturais.<\/p>\n\n\n\n<p>O incr\u00edvel projeto apresenta unidades residenciais de diferentes tipologias, como apartamentos tipo, garden e coberturas em plantas lineares. As metragens das unidades variam entre 76 m\u00b2 e 275 m\u00b2, com layout dispostos entre 2 a 4 quartos com design requintado.<\/p>\n\n\n\n<p>As 166 unidades exclusivas do condom\u00ednio estar\u00e3o respectivamente dispostas em 4 blocos resid\u00eancias com arquitetura imponente que, com certeza, ir\u00e1 impressionar a todos.<\/p>\n\n\n\n<h3 class=\"wp-block-heading\">Apartamentos<\/h3>\n\n\n\n<p>Os apartamentos Tipo do residencial Wave By Yoo contam com amplo espa\u00e7o interno entre 76 m\u00b2 e 200 m\u00b2, dispostos em 2 at\u00e9 4 quartos, podendo ter de 1 a 4 su\u00edtes. <\/p>\n\n\n\n<figure class=\"wp-block-image size-large\"><a href=\"https:\/\/invexo.com.br\/lancamento\/wave-by-yoo-barra-da-tijuca\/\" target=\"_blank\" rel=\"noopener noreferrer\"><img decoding=\"async\" width=\"1024\" height=\"576\" src=\"https:\/\/invexo.com.br\/blog\/wp-content\/uploads\/2022\/02\/wave-by-yoo-1024x576.jpg\" alt=\"wave-by-yoo\" class=\"wp-image-26182\" srcset=\"https:\/\/invexo.com.br\/blog\/wp-content\/uploads\/2022\/02\/wave-by-yoo-1024x576.jpg 1024w, https:\/\/invexo.com.br\/blog\/wp-content\/uploads\/2022\/02\/wave-by-yoo-300x169.jpg 300w, https:\/\/invexo.com.br\/blog\/wp-content\/uploads\/2022\/02\/wave-by-yoo-768x432.jpg 768w, https:\/\/invexo.com.br\/blog\/wp-content\/uploads\/2022\/02\/wave-by-yoo-940x529.jpg 940w, https:\/\/invexo.com.br\/blog\/wp-content\/uploads\/2022\/02\/wave-by-yoo.jpg 1280w\" sizes=\"(max-width: 1024px) 100vw, 1024px\" \/><\/a><\/figure>\n\n\n\n<p>O projeto dos apartamentos inclui c\u00f4modos sofisticados, que aproveitam cada m\u00b2 sem desperd\u00edcio de espa\u00e7o, al\u00e9m de dar predomin\u00e2ncia a um design moderno e encantador.<\/p>\n\n\n\n<p>As unidades apresentam itens de automa\u00e7\u00e3o e um excelente projeto de ilumina\u00e7\u00e3o e de ventila\u00e7\u00e3o, pensados para oferecer bem-estar e aconchego \u00e0s fam\u00edlias.<\/p>\n\n\n\n<p>Al\u00e9m disso, os apartamentos ser\u00e3o entregues com infraestrutura preparada para instala\u00e7\u00f5es futuras de ar-condicionado e sistema de controle por voz e por imagens.<\/p>\n\n\n\n<p>A localiza\u00e7\u00e3o do residencial possibilita que a varanda principal de cada im\u00f3vel esbanje uma vista livre e incr\u00edvel para a Praia da Barra da Tijuca, perfeita para os moradores que apreciam a paisagem.<\/p>\n\n\n\n<p>Al\u00e9m disso, os moradores que adquirirem apartamento no Wave By Yoo ter\u00e3o garantia de 1 ou 2 vagas de garagem no estacionamento do condom\u00ednio.<\/p>\n\n\n\n<h3 class=\"wp-block-heading\">Apartamentos Garden<\/h3>\n\n\n\n<p>Os apartamentos de tipologia garden do residencial Wave By Yoo apresentam metragens generosas, que variam entre 93 m\u00b2 e 275 m\u00b2, com disposi\u00e7\u00e3o de ambientes que aproveitam cada m\u00b2. <\/p>\n\n\n\n<p>As plantas disp\u00f5em de 2 a 4 quartos, com 2 a 4 su\u00edtes espa\u00e7osas e luxuosas que ir\u00e3o surpreender seus futuros moradores. Assim como as demais unidades, a planta garden conta com infraestrutura para automa\u00e7\u00e3o, controle por voz e imagens.<\/p>\n\n\n\n<p>O diferencial da tipologia garden est\u00e1 na inclus\u00e3o de um amplo e encantador terra\u00e7o parcialmente coberto, com \u00e1rea gourmet, espa\u00e7o para descanso, deck e piscina.<\/p>\n\n\n\n<p>Os que optarem pelo im\u00f3vel ter\u00e3o direito de 1 ou 2 vagas no estacionamento do residencial.<\/p>\n\n\n\n<h3 class=\"wp-block-heading\">Coberturas <\/h3>\n\n\n\n<p>As coberturas do empreendimento Wave By Yoo contam com plantas lineares que esbanjam metragens grandiosas de 157 m\u00b2 e 244 m\u00b2. <\/p>\n\n\n\n<p>A distribui\u00e7\u00e3o dos ambientes \u00e9 feita de modo inteligente, permitindo que os c\u00f4modos do im\u00f3vel apresentem excelente espa\u00e7o interno, com o pleno aproveitamento de cada m\u00b2, sem desperd\u00edcio de espa\u00e7o.<\/p>\n\n\n\n<p>As plantas lineares disp\u00f5em de 3 quartos ou de 3 su\u00edtes, com op\u00e7\u00f5es diferenciadas para que seus futuros moradores optem pela que melhor se adequar \u00e0s suas necessidades e de sua fam\u00edlia.<\/p>\n\n\n\n<p>Como diferencial, o projeto das coberturas inclui um amplo terra\u00e7o descoberto com \u00e1rea para descanso, piscina e deck, al\u00e9m de uma vista extraordin\u00e1ria para a praia.<\/p>\n\n\n\n<p>Os moradores das coberturas tamb\u00e9m ter\u00e3o acesso a vagas de garagem no estacionamento do condom\u00ednio.<\/p>\n\n\n\n<h2 class=\"wp-block-heading\">Lan\u00e7amento Wave By Yoo Barra da Tijuca<\/h2>\n\n\n\n<p>O lan\u00e7amento Wave By Yoo apresenta in\u00fameros diferenciais que o torna um residencial completo e de alt\u00edssimo n\u00edvel. <\/p>\n\n\n\n<p>O condom\u00ednio \u00e9 seguro, disp\u00f5e de servi\u00e7os exclusivos, faz excelente uso de tecnologia para automa\u00e7\u00e3o e seguran\u00e7a e d\u00e1 devida aten\u00e7\u00e3o \u00e0 sustentabilidade e acessibilidade.<\/p>\n\n\n\n<p>Para melhorar, a localiza\u00e7\u00e3o do empreendimento \u00e9 privilegiada, concedendo aos moradores proximidade com o que h\u00e1 de melhor na regi\u00e3o.<\/p>\n\n\n\n<p>O bairro da Barra da Tijuca \u00e9 conhecido por sua infraestrutura moderna e completa, composta por uma ampla gama de com\u00e9rcios, servi\u00e7os, institui\u00e7\u00f5es de ensino, centros culturais e de lazer. <\/p>\n\n\n\n<p>Entre alguns pontos comerciais e estabelecimentos da regi\u00e3o, os moradores do Wave By Yoo poder\u00e3o frequentar:<\/p>\n\n\n\n<ul><li>Riviera Country Club;<\/li><li>Baladinha;<\/li><li>Sushimar Barra;<\/li><li>Academia Bodytech Barra;<\/li><\/ul>\n\n\n\n<p>A proximidade com esta diversificada rede de servi\u00e7os apresenta uma imensa comodidade para os futuros moradores do residencial e suas fam\u00edlias.<\/p>\n\n\n\n<p>Agora, acesse o link do <a rel=\"noreferrer noopener\" href=\"https:\/\/invexo.com.br\/lancamento\/wave-by-yoo-barra-da-tijuca\/\" target=\"_blank\">Wave By Yoo Barra da Tijuca<\/a> e conhe\u00e7a as plantas, os pre\u00e7os e demais detalhes a respeito dos apartamentos tipo, garden e coberturas dispon\u00edveis no novo empreendimento.<\/p>\n\n\n\n<div class=\"wp-block-group\"><div class=\"wp-block-group__inner-container is-layout-flow wp-block-group-is-layout-flow\">\n<p>Se voc\u00ea procura por lan\u00e7amentos na Barra da Tijuca, conhe\u00e7a o <a href=\"https:\/\/lancamento.invexo.com.br\/rj\/green-park-barra\/\">Green Park Barra<\/a> no antigo supermercado Extra da Barra da Tijuca e o <a href=\"https:\/\/invexo.com.br\/lancamento\/icon-golf-residence\/\" target=\"_blank\" rel=\"noreferrer noopener\">Icon Golf Residence<\/a> na Avenida das Am\u00e9ricas.<\/p>\n\n\n\n<p>Pr\u00f3ximos de todo o farto com\u00e9rcio e com acabamentos de alto padr\u00e3o, os <a href=\"https:\/\/luxury.invexo.com.br\/bairro\/barra-da-tijuca\/?utm_source=blog&amp;utm_medium=blocofim\" target=\"_blank\" rel=\"noreferrer noopener\">im\u00f3veis de luxo na Barra da Tijuca<\/a> s\u00e3o uns dos mais desejados do Rio de Janeiro. Confira nosso cat\u00e1logo de im\u00f3veis de luxo \u00e0 venda na Barra da Tijuca!<\/p>\n\n\n\n<figure class=\"wp-block-image size-full\"><a href=\"https:\/\/luxury.invexo.com.br\/bairro\/barra-da-tijuca\/?utm_source=blog&amp;utm_medium=blocofim\" target=\"_blank\" rel=\"noreferrer noopener\"><img decoding=\"async\" width=\"1300\" height=\"280\" src=\"https:\/\/invexo.com.br\/blog\/wp-content\/uploads\/2022\/09\/bloco-reutilizavel-barra-da-tijuca.jpg\" alt=\"im\u00f3veis de luxo na barra da tijuca rj\" class=\"wp-image-29909\" srcset=\"https:\/\/invexo.com.br\/blog\/wp-content\/uploads\/2022\/09\/bloco-reutilizavel-barra-da-tijuca.jpg 1300w, https:\/\/invexo.com.br\/blog\/wp-content\/uploads\/2022\/09\/bloco-reutilizavel-barra-da-tijuca-300x65.jpg 300w, https:\/\/invexo.com.br\/blog\/wp-content\/uploads\/2022\/09\/bloco-reutilizavel-barra-da-tijuca-1024x221.jpg 1024w, https:\/\/invexo.com.br\/blog\/wp-content\/uploads\/2022\/09\/bloco-reutilizavel-barra-da-tijuca-768x165.jpg 768w\" sizes=\"(max-width: 1300px) 100vw, 1300px\" \/><\/a><\/figure>\n<\/div><\/div>\n","protected":false},"excerpt":{"rendered":"<p>Conhe\u00e7a todos os detalhes do incr\u00edvel lan\u00e7amento residencial Wave By Yoo, na Barra da Tijuca, Zona Oeste do Rio de Janeiro.<\/p>\n","protected":false},"author":2,"featured_media":26183,"comment_status":"closed","ping_status":"closed","sticky":false,"template":"","format":"standard","meta":{"_acf_changed":false,"_kad_blocks_custom_css":"","_kad_blocks_head_custom_js":"","_kad_blocks_body_custom_js":"","_kad_blocks_footer_custom_js":"","_kadence_starter_templates_imported_post":false,"_kad_post_transparent":"","_kad_post_title":"","_kad_post_layout":"","_kad_post_sidebar_id":"","_kad_post_content_style":"","_kad_post_vertical_padding":"","_kad_post_feature":"","_kad_post_feature_position":"","_kad_post_header":false,"_kad_post_footer":false,"footnotes":""},"categories":[15,649],"tags":[639],"acf":[],"yoast_head":"<!-- This site is optimized with the Yoast SEO plugin v24.1 - https:\/\/yoast.com\/wordpress\/plugins\/seo\/ -->\n<title>Lan\u00e7amento Wave By Yoo Barra da Tijuca RJ | INVEXO Imobili\u00e1ria<\/title>\n<meta name=\"description\" content=\"Conhe\u00e7a todos os detalhes do incr\u00edvel lan\u00e7amento residencial Wave By Yoo, na Barra da Tijuca, Zona Oeste do Rio de Janeiro.\" \/>\n<meta name=\"robots\" content=\"index, follow, max-snippet:-1, max-image-preview:large, max-video-preview:-1\" \/>\n<link rel=\"canonical\" href=\"https:\/\/invexo.com.br\/blog\/lancamento-avenida-lucio-costa-wave-by-yoo-barra-da-tijuca-rj\/\" \/>\n<meta property=\"og:locale\" content=\"pt_BR\" \/>\n<meta property=\"og:type\" content=\"article\" \/>\n<meta property=\"og:title\" content=\"Lan\u00e7amento Wave By Yoo Barra da Tijuca RJ | INVEXO Imobili\u00e1ria\" \/>\n<meta property=\"og:description\" content=\"Conhe\u00e7a todos os detalhes do incr\u00edvel lan\u00e7amento residencial Wave By Yoo, na Barra da Tijuca, Zona Oeste do Rio de Janeiro.\" \/>\n<meta property=\"og:url\" content=\"https:\/\/invexo.com.br\/blog\/lancamento-avenida-lucio-costa-wave-by-yoo-barra-da-tijuca-rj\/\" \/>\n<meta property=\"og:site_name\" content=\"Not\u00edcias RJ\" \/>\n<meta property=\"article:publisher\" content=\"https:\/\/facebook.com\/invexo\" \/>\n<meta property=\"article:author\" content=\"https:\/\/facebook.com\/invexo\" \/>\n<meta property=\"article:published_time\" content=\"2022-02-10T20:00:00+00:00\" \/>\n<meta property=\"article:modified_time\" content=\"2023-03-20T13:48:59+00:00\" \/>\n<meta property=\"og:image\" content=\"https:\/\/invexo.com.br\/blog\/wp-content\/uploads\/2022\/02\/wave-by-yoo-rj.jpg\" \/>\n\t<meta property=\"og:image:width\" content=\"1280\" \/>\n\t<meta property=\"og:image:height\" content=\"720\" \/>\n\t<meta property=\"og:image:type\" content=\"image\/jpeg\" \/>\n<meta name=\"author\" content=\"Ronnie Possatti\" \/>\n<meta name=\"twitter:card\" content=\"summary_large_image\" \/>\n<meta name=\"twitter:creator\" content=\"@https:\/\/twitter.com\/invexoimoveis\" \/>\n<meta name=\"twitter:site\" content=\"@invexoimoveis\" \/>\n<meta name=\"twitter:label1\" content=\"Escrito por\" \/>\n\t<meta name=\"twitter:data1\" content=\"Ronnie Possatti\" \/>\n\t<meta name=\"twitter:label2\" content=\"Est. tempo de leitura\" \/>\n\t<meta name=\"twitter:data2\" content=\"7 minutos\" \/>\n<script type=\"application\/ld+json\" class=\"yoast-schema-graph\">{\"@context\":\"https:\/\/schema.org\",\"@graph\":[{\"@type\":\"Article\",\"@id\":\"https:\/\/invexo.com.br\/blog\/lancamento-avenida-lucio-costa-wave-by-yoo-barra-da-tijuca-rj\/#article\",\"isPartOf\":{\"@id\":\"https:\/\/invexo.com.br\/blog\/lancamento-avenida-lucio-costa-wave-by-yoo-barra-da-tijuca-rj\/\"},\"author\":{\"name\":\"Ronnie Possatti\",\"@id\":\"https:\/\/invexo.com.br\/blog\/#\/schema\/person\/36bee32f1cfacde03dc4c9622a58778d\"},\"headline\":\"Lan\u00e7amento residencial na Avenida L\u00facio Costa: Wave By Yoo Barra da Tijuca RJ\",\"datePublished\":\"2022-02-10T20:00:00+00:00\",\"dateModified\":\"2023-03-20T13:48:59+00:00\",\"mainEntityOfPage\":{\"@id\":\"https:\/\/invexo.com.br\/blog\/lancamento-avenida-lucio-costa-wave-by-yoo-barra-da-tijuca-rj\/\"},\"wordCount\":1321,\"publisher\":{\"@id\":\"https:\/\/invexo.com.br\/blog\/#organization\"},\"image\":{\"@id\":\"https:\/\/invexo.com.br\/blog\/lancamento-avenida-lucio-costa-wave-by-yoo-barra-da-tijuca-rj\/#primaryimage\"},\"thumbnailUrl\":\"https:\/\/invexo.com.br\/blog\/wp-content\/uploads\/2022\/02\/wave-by-yoo-rj.jpg\",\"keywords\":[\"Barra da Tijuca\"],\"articleSection\":[\"Informa\u00e7\u00f5es\",\"Lan\u00e7amentos de im\u00f3veis no Rio de Janeiro\"],\"inLanguage\":\"pt-BR\"},{\"@type\":\"WebPage\",\"@id\":\"https:\/\/invexo.com.br\/blog\/lancamento-avenida-lucio-costa-wave-by-yoo-barra-da-tijuca-rj\/\",\"url\":\"https:\/\/invexo.com.br\/blog\/lancamento-avenida-lucio-costa-wave-by-yoo-barra-da-tijuca-rj\/\",\"name\":\"Lan\u00e7amento Wave By Yoo Barra da Tijuca RJ | INVEXO Imobili\u00e1ria\",\"isPartOf\":{\"@id\":\"https:\/\/invexo.com.br\/blog\/#website\"},\"primaryImageOfPage\":{\"@id\":\"https:\/\/invexo.com.br\/blog\/lancamento-avenida-lucio-costa-wave-by-yoo-barra-da-tijuca-rj\/#primaryimage\"},\"image\":{\"@id\":\"https:\/\/invexo.com.br\/blog\/lancamento-avenida-lucio-costa-wave-by-yoo-barra-da-tijuca-rj\/#primaryimage\"},\"thumbnailUrl\":\"https:\/\/invexo.com.br\/blog\/wp-content\/uploads\/2022\/02\/wave-by-yoo-rj.jpg\",\"datePublished\":\"2022-02-10T20:00:00+00:00\",\"dateModified\":\"2023-03-20T13:48:59+00:00\",\"description\":\"Conhe\u00e7a todos os detalhes do incr\u00edvel lan\u00e7amento residencial Wave By Yoo, na Barra da Tijuca, Zona Oeste do Rio de Janeiro.\",\"breadcrumb\":{\"@id\":\"https:\/\/invexo.com.br\/blog\/lancamento-avenida-lucio-costa-wave-by-yoo-barra-da-tijuca-rj\/#breadcrumb\"},\"inLanguage\":\"pt-BR\",\"potentialAction\":[{\"@type\":\"ReadAction\",\"target\":[\"https:\/\/invexo.com.br\/blog\/lancamento-avenida-lucio-costa-wave-by-yoo-barra-da-tijuca-rj\/\"]}]},{\"@type\":\"ImageObject\",\"inLanguage\":\"pt-BR\",\"@id\":\"https:\/\/invexo.com.br\/blog\/lancamento-avenida-lucio-costa-wave-by-yoo-barra-da-tijuca-rj\/#primaryimage\",\"url\":\"https:\/\/invexo.com.br\/blog\/wp-content\/uploads\/2022\/02\/wave-by-yoo-rj.jpg\",\"contentUrl\":\"https:\/\/invexo.com.br\/blog\/wp-content\/uploads\/2022\/02\/wave-by-yoo-rj.jpg\",\"width\":1280,\"height\":720,\"caption\":\"wave-by-yoo-rj\"},{\"@type\":\"BreadcrumbList\",\"@id\":\"https:\/\/invexo.com.br\/blog\/lancamento-avenida-lucio-costa-wave-by-yoo-barra-da-tijuca-rj\/#breadcrumb\",\"itemListElement\":[{\"@type\":\"ListItem\",\"position\":1,\"name\":\"Blog\",\"item\":\"https:\/\/invexo.com.br\/blog\/\"},{\"@type\":\"ListItem\",\"position\":2,\"name\":\"Informa\u00e7\u00f5es\",\"item\":\"https:\/\/invexo.com.br\/blog\/categoria\/informacoes\/\"},{\"@type\":\"ListItem\",\"position\":3,\"name\":\"Lan\u00e7amento residencial na Avenida L\u00facio Costa: Wave By Yoo Barra da Tijuca RJ\"}]},{\"@type\":\"WebSite\",\"@id\":\"https:\/\/invexo.com.br\/blog\/#website\",\"url\":\"https:\/\/invexo.com.br\/blog\/\",\"name\":\"Not\u00edcias RJ\",\"description\":\"Not\u00edcias sobre im\u00f3veis, financiamento, mercado imobili\u00e1rio do Rio de Janeiro. Informa\u00e7\u00f5es sobre Bairros, Condom\u00ednios e Regi\u00e3o do Rio de Janeiro.\",\"publisher\":{\"@id\":\"https:\/\/invexo.com.br\/blog\/#organization\"},\"potentialAction\":[{\"@type\":\"SearchAction\",\"target\":{\"@type\":\"EntryPoint\",\"urlTemplate\":\"https:\/\/invexo.com.br\/blog\/?s={search_term_string}\"},\"query-input\":{\"@type\":\"PropertyValueSpecification\",\"valueRequired\":true,\"valueName\":\"search_term_string\"}}],\"inLanguage\":\"pt-BR\"},{\"@type\":\"Organization\",\"@id\":\"https:\/\/invexo.com.br\/blog\/#organization\",\"name\":\"INVEXO Imobili\u00e1ria\",\"url\":\"https:\/\/invexo.com.br\/blog\/\",\"logo\":{\"@type\":\"ImageObject\",\"inLanguage\":\"pt-BR\",\"@id\":\"https:\/\/invexo.com.br\/blog\/#\/schema\/logo\/image\/\",\"url\":\"https:\/\/invexo.com.br\/blog\/wp-content\/uploads\/2018\/09\/invexo-80-melhor.png\",\"contentUrl\":\"https:\/\/invexo.com.br\/blog\/wp-content\/uploads\/2018\/09\/invexo-80-melhor.png\",\"width\":247,\"height\":80,\"caption\":\"INVEXO Imobili\u00e1ria\"},\"image\":{\"@id\":\"https:\/\/invexo.com.br\/blog\/#\/schema\/logo\/image\/\"},\"sameAs\":[\"https:\/\/facebook.com\/invexo\",\"https:\/\/x.com\/invexoimoveis\"]},{\"@type\":\"Person\",\"@id\":\"https:\/\/invexo.com.br\/blog\/#\/schema\/person\/36bee32f1cfacde03dc4c9622a58778d\",\"name\":\"Ronnie Possatti\",\"image\":{\"@type\":\"ImageObject\",\"inLanguage\":\"pt-BR\",\"@id\":\"https:\/\/invexo.com.br\/blog\/#\/schema\/person\/image\/\",\"url\":\"https:\/\/secure.gravatar.com\/avatar\/51a6cdcc215551235c39affb853f1e38?s=96&d=blank&r=g\",\"contentUrl\":\"https:\/\/secure.gravatar.com\/avatar\/51a6cdcc215551235c39affb853f1e38?s=96&d=blank&r=g\",\"caption\":\"Ronnie Possatti\"},\"description\":\"Equipe de especialistas que traz para seus leitores conte\u00fados relevantes e de qualidade sobre bairros, condom\u00ednios, lan\u00e7amentos e not\u00edcias imobili\u00e1rias no Rio de Janeiro.\",\"sameAs\":[\"https:\/\/facebook.com\/invexo\",\"https:\/\/instagram.com\/invexo\",\"https:\/\/x.com\/https:\/\/twitter.com\/invexoimoveis\"],\"url\":\"https:\/\/invexo.com.br\/blog\/author\/invexo\/\"}]}<\/script>\n<!-- \/ Yoast SEO plugin. -->","yoast_head_json":{"title":"Lan\u00e7amento Wave By Yoo Barra da Tijuca RJ | INVEXO Imobili\u00e1ria","description":"Conhe\u00e7a todos os detalhes do incr\u00edvel lan\u00e7amento residencial Wave By Yoo, na Barra da Tijuca, Zona Oeste do Rio de Janeiro.","robots":{"index":"index","follow":"follow","max-snippet":"max-snippet:-1","max-image-preview":"max-image-preview:large","max-video-preview":"max-video-preview:-1"},"canonical":"https:\/\/invexo.com.br\/blog\/lancamento-avenida-lucio-costa-wave-by-yoo-barra-da-tijuca-rj\/","og_locale":"pt_BR","og_type":"article","og_title":"Lan\u00e7amento Wave By Yoo Barra da Tijuca RJ | INVEXO Imobili\u00e1ria","og_description":"Conhe\u00e7a todos os detalhes do incr\u00edvel lan\u00e7amento residencial Wave By Yoo, na Barra da Tijuca, Zona Oeste do Rio de Janeiro.","og_url":"https:\/\/invexo.com.br\/blog\/lancamento-avenida-lucio-costa-wave-by-yoo-barra-da-tijuca-rj\/","og_site_name":"Not\u00edcias RJ","article_publisher":"https:\/\/facebook.com\/invexo","article_author":"https:\/\/facebook.com\/invexo","article_published_time":"2022-02-10T20:00:00+00:00","article_modified_time":"2023-03-20T13:48:59+00:00","og_image":[{"width":1280,"height":720,"url":"https:\/\/invexo.com.br\/blog\/wp-content\/uploads\/2022\/02\/wave-by-yoo-rj.jpg","type":"image\/jpeg"}],"author":"Ronnie Possatti","twitter_card":"summary_large_image","twitter_creator":"@https:\/\/twitter.com\/invexoimoveis","twitter_site":"@invexoimoveis","twitter_misc":{"Escrito por":"Ronnie Possatti","Est. tempo de leitura":"7 minutos"},"schema":{"@context":"https:\/\/schema.org","@graph":[{"@type":"Article","@id":"https:\/\/invexo.com.br\/blog\/lancamento-avenida-lucio-costa-wave-by-yoo-barra-da-tijuca-rj\/#article","isPartOf":{"@id":"https:\/\/invexo.com.br\/blog\/lancamento-avenida-lucio-costa-wave-by-yoo-barra-da-tijuca-rj\/"},"author":{"name":"Ronnie Possatti","@id":"https:\/\/invexo.com.br\/blog\/#\/schema\/person\/36bee32f1cfacde03dc4c9622a58778d"},"headline":"Lan\u00e7amento residencial na Avenida L\u00facio Costa: Wave By Yoo Barra da Tijuca RJ","datePublished":"2022-02-10T20:00:00+00:00","dateModified":"2023-03-20T13:48:59+00:00","mainEntityOfPage":{"@id":"https:\/\/invexo.com.br\/blog\/lancamento-avenida-lucio-costa-wave-by-yoo-barra-da-tijuca-rj\/"},"wordCount":1321,"publisher":{"@id":"https:\/\/invexo.com.br\/blog\/#organization"},"image":{"@id":"https:\/\/invexo.com.br\/blog\/lancamento-avenida-lucio-costa-wave-by-yoo-barra-da-tijuca-rj\/#primaryimage"},"thumbnailUrl":"https:\/\/invexo.com.br\/blog\/wp-content\/uploads\/2022\/02\/wave-by-yoo-rj.jpg","keywords":["Barra da Tijuca"],"articleSection":["Informa\u00e7\u00f5es","Lan\u00e7amentos de im\u00f3veis no Rio de Janeiro"],"inLanguage":"pt-BR"},{"@type":"WebPage","@id":"https:\/\/invexo.com.br\/blog\/lancamento-avenida-lucio-costa-wave-by-yoo-barra-da-tijuca-rj\/","url":"https:\/\/invexo.com.br\/blog\/lancamento-avenida-lucio-costa-wave-by-yoo-barra-da-tijuca-rj\/","name":"Lan\u00e7amento Wave By Yoo Barra da Tijuca RJ | INVEXO Imobili\u00e1ria","isPartOf":{"@id":"https:\/\/invexo.com.br\/blog\/#website"},"primaryImageOfPage":{"@id":"https:\/\/invexo.com.br\/blog\/lancamento-avenida-lucio-costa-wave-by-yoo-barra-da-tijuca-rj\/#primaryimage"},"image":{"@id":"https:\/\/invexo.com.br\/blog\/lancamento-avenida-lucio-costa-wave-by-yoo-barra-da-tijuca-rj\/#primaryimage"},"thumbnailUrl":"https:\/\/invexo.com.br\/blog\/wp-content\/uploads\/2022\/02\/wave-by-yoo-rj.jpg","datePublished":"2022-02-10T20:00:00+00:00","dateModified":"2023-03-20T13:48:59+00:00","description":"Conhe\u00e7a todos os detalhes do incr\u00edvel lan\u00e7amento residencial Wave By Yoo, na Barra da Tijuca, Zona Oeste do Rio de Janeiro.","breadcrumb":{"@id":"https:\/\/invexo.com.br\/blog\/lancamento-avenida-lucio-costa-wave-by-yoo-barra-da-tijuca-rj\/#breadcrumb"},"inLanguage":"pt-BR","potentialAction":[{"@type":"ReadAction","target":["https:\/\/invexo.com.br\/blog\/lancamento-avenida-lucio-costa-wave-by-yoo-barra-da-tijuca-rj\/"]}]},{"@type":"ImageObject","inLanguage":"pt-BR","@id":"https:\/\/invexo.com.br\/blog\/lancamento-avenida-lucio-costa-wave-by-yoo-barra-da-tijuca-rj\/#primaryimage","url":"https:\/\/invexo.com.br\/blog\/wp-content\/uploads\/2022\/02\/wave-by-yoo-rj.jpg","contentUrl":"https:\/\/invexo.com.br\/blog\/wp-content\/uploads\/2022\/02\/wave-by-yoo-rj.jpg","width":1280,"height":720,"caption":"wave-by-yoo-rj"},{"@type":"BreadcrumbList","@id":"https:\/\/invexo.com.br\/blog\/lancamento-avenida-lucio-costa-wave-by-yoo-barra-da-tijuca-rj\/#breadcrumb","itemListElement":[{"@type":"ListItem","position":1,"name":"Blog","item":"https:\/\/invexo.com.br\/blog\/"},{"@type":"ListItem","position":2,"name":"Informa\u00e7\u00f5es","item":"https:\/\/invexo.com.br\/blog\/categoria\/informacoes\/"},{"@type":"ListItem","position":3,"name":"Lan\u00e7amento residencial na Avenida L\u00facio Costa: Wave By Yoo Barra da Tijuca RJ"}]},{"@type":"WebSite","@id":"https:\/\/invexo.com.br\/blog\/#website","url":"https:\/\/invexo.com.br\/blog\/","name":"Not\u00edcias RJ","description":"Not\u00edcias sobre im\u00f3veis, financiamento, mercado imobili\u00e1rio do Rio de Janeiro. Informa\u00e7\u00f5es sobre Bairros, Condom\u00ednios e Regi\u00e3o do Rio de Janeiro.","publisher":{"@id":"https:\/\/invexo.com.br\/blog\/#organization"},"potentialAction":[{"@type":"SearchAction","target":{"@type":"EntryPoint","urlTemplate":"https:\/\/invexo.com.br\/blog\/?s={search_term_string}"},"query-input":{"@type":"PropertyValueSpecification","valueRequired":true,"valueName":"search_term_string"}}],"inLanguage":"pt-BR"},{"@type":"Organization","@id":"https:\/\/invexo.com.br\/blog\/#organization","name":"INVEXO Imobili\u00e1ria","url":"https:\/\/invexo.com.br\/blog\/","logo":{"@type":"ImageObject","inLanguage":"pt-BR","@id":"https:\/\/invexo.com.br\/blog\/#\/schema\/logo\/image\/","url":"https:\/\/invexo.com.br\/blog\/wp-content\/uploads\/2018\/09\/invexo-80-melhor.png","contentUrl":"https:\/\/invexo.com.br\/blog\/wp-content\/uploads\/2018\/09\/invexo-80-melhor.png","width":247,"height":80,"caption":"INVEXO Imobili\u00e1ria"},"image":{"@id":"https:\/\/invexo.com.br\/blog\/#\/schema\/logo\/image\/"},"sameAs":["https:\/\/facebook.com\/invexo","https:\/\/x.com\/invexoimoveis"]},{"@type":"Person","@id":"https:\/\/invexo.com.br\/blog\/#\/schema\/person\/36bee32f1cfacde03dc4c9622a58778d","name":"Ronnie Possatti","image":{"@type":"ImageObject","inLanguage":"pt-BR","@id":"https:\/\/invexo.com.br\/blog\/#\/schema\/person\/image\/","url":"https:\/\/secure.gravatar.com\/avatar\/51a6cdcc215551235c39affb853f1e38?s=96&d=blank&r=g","contentUrl":"https:\/\/secure.gravatar.com\/avatar\/51a6cdcc215551235c39affb853f1e38?s=96&d=blank&r=g","caption":"Ronnie Possatti"},"description":"Equipe de especialistas que traz para seus leitores conte\u00fados relevantes e de qualidade sobre bairros, condom\u00ednios, lan\u00e7amentos e not\u00edcias imobili\u00e1rias no Rio de Janeiro.","sameAs":["https:\/\/facebook.com\/invexo","https:\/\/instagram.com\/invexo","https:\/\/x.com\/https:\/\/twitter.com\/invexoimoveis"],"url":"https:\/\/invexo.com.br\/blog\/author\/invexo\/"}]}},"taxonomy_info":{"category":[{"value":15,"label":"Informa\u00e7\u00f5es"},{"value":649,"label":"Lan\u00e7amentos de im\u00f3veis no Rio de Janeiro"}],"post_tag":[{"value":639,"label":"Barra da Tijuca"}]},"featured_image_src_large":["https:\/\/invexo.com.br\/blog\/wp-content\/uploads\/2022\/02\/wave-by-yoo-rj-1024x576.jpg",1024,576,true],"author_info":{"display_name":"Ronnie Possatti","author_link":"https:\/\/invexo.com.br\/blog\/author\/invexo\/"},"comment_info":0,"category_info":[{"term_id":15,"name":"Informa\u00e7\u00f5es","slug":"informacoes","term_group":0,"term_taxonomy_id":15,"taxonomy":"category","description":"Informa\u00e7\u00f5es, experi\u00eancia nos melhores estabelecimentos em bairros nobres para se viver no Rio de Janeiro. Tudo sobre cultura, entretenimento e lazer.","parent":0,"count":1297,"filter":"raw","cat_ID":15,"category_count":1297,"category_description":"Informa\u00e7\u00f5es, experi\u00eancia nos melhores estabelecimentos em bairros nobres para se viver no Rio de Janeiro. Tudo sobre cultura, entretenimento e lazer.","cat_name":"Informa\u00e7\u00f5es","category_nicename":"informacoes","category_parent":0},{"term_id":649,"name":"Lan\u00e7amentos de im\u00f3veis no Rio de Janeiro","slug":"lancamentos-rj","term_group":0,"term_taxonomy_id":649,"taxonomy":"category","description":"Confira not\u00edcias atualizadas sobre lan\u00e7amentos de im\u00f3veis de luxo na cidade maravilhosa com a INVEXO no Rio de Janeiro.","parent":0,"count":123,"filter":"raw","cat_ID":649,"category_count":123,"category_description":"Confira not\u00edcias atualizadas sobre lan\u00e7amentos de im\u00f3veis de luxo na cidade maravilhosa com a INVEXO no Rio de Janeiro.","cat_name":"Lan\u00e7amentos de im\u00f3veis no Rio de Janeiro","category_nicename":"lancamentos-rj","category_parent":0}],"tag_info":[{"term_id":639,"name":"Barra da Tijuca","slug":"barra-da-tijuca","term_group":0,"term_taxonomy_id":639,"taxonomy":"post_tag","description":"","parent":0,"count":160,"filter":"raw"}],"_links":{"self":[{"href":"https:\/\/invexo.com.br\/blog\/wp-json\/wp\/v2\/posts\/26049"}],"collection":[{"href":"https:\/\/invexo.com.br\/blog\/wp-json\/wp\/v2\/posts"}],"about":[{"href":"https:\/\/invexo.com.br\/blog\/wp-json\/wp\/v2\/types\/post"}],"author":[{"embeddable":true,"href":"https:\/\/invexo.com.br\/blog\/wp-json\/wp\/v2\/users\/2"}],"replies":[{"embeddable":true,"href":"https:\/\/invexo.com.br\/blog\/wp-json\/wp\/v2\/comments?post=26049"}],"version-history":[{"count":2,"href":"https:\/\/invexo.com.br\/blog\/wp-json\/wp\/v2\/posts\/26049\/revisions"}],"predecessor-version":[{"id":36733,"href":"https:\/\/invexo.com.br\/blog\/wp-json\/wp\/v2\/posts\/26049\/revisions\/36733"}],"wp:featuredmedia":[{"embeddable":true,"href":"https:\/\/invexo.com.br\/blog\/wp-json\/wp\/v2\/media\/26183"}],"wp:attachment":[{"href":"https:\/\/invexo.com.br\/blog\/wp-json\/wp\/v2\/media?parent=26049"}],"wp:term":[{"taxonomy":"category","embeddable":true,"href":"https:\/\/invexo.com.br\/blog\/wp-json\/wp\/v2\/categories?post=26049"},{"taxonomy":"post_tag","embeddable":true,"href":"https:\/\/invexo.com.br\/blog\/wp-json\/wp\/v2\/tags?post=26049"}],"curies":[{"name":"wp","href":"https:\/\/api.w.org\/{rel}","templated":true}]}}