{"id":25539,"date":"2022-02-14T17:00:00","date_gmt":"2022-02-14T20:00:00","guid":{"rendered":"https:\/\/invexo.com.br\/blog\/?p=25539"},"modified":"2022-06-28T21:37:29","modified_gmt":"2022-06-29T00:37:29","slug":"richards-ipanema","status":"publish","type":"post","link":"https:\/\/invexo.com.br\/blog\/richards-ipanema\/","title":{"rendered":"Richards Ipanema \u2013 Looks despojados e elegantes para viver o Rio"},"content":{"rendered":"\n<p>Para aqueles que buscam por pe\u00e7as exclusivas, com alta qualidade e de extremo bom gosto no Rio de Janeiro, a loja ideal \u00e9 a Richards em Ipanema.<\/p>\n\n\n\n<p>A Richards \u00e9 uma boutique sofisticada, especializada em roupas masculinas e femininas. A marca \u00e9 focada em pe\u00e7as que transmitem um estilo mais descontra\u00eddo, sem abrir m\u00e3o de eleg\u00e2ncia, perfil caracter\u00edstico do carioca.<\/p>\n\n\n\n<!--more-->\n\n\n\n<p>A loja foi inaugurada em 1974, no bairro de Ipanema. Atualmente, j\u00e1 disp\u00f5e de diversas franquias espalhadas por todo o pa\u00eds.&nbsp;Al\u00e9m de suas lojas f\u00edsicas, a Richards tamb\u00e9m marca presen\u00e7a em plataforma digital, com um site completo, totalmente din\u00e2mico e acess\u00edvel.<\/p>\n\n\n\n<p>A loja localizada em Ipanema ainda faz uso de seu pr\u00e9dio inicial. Sua infraestrutura esbanja de um design moderno, repleto de personalidade e que combina de maneira harm\u00f4nica com o estilo de suas cole\u00e7\u00f5es de roupas.<\/p>\n\n\n\n<p>A marca acredita na import\u00e2ncia de escolher produtos que transmitam as caracter\u00edsticas pr\u00f3prias de cada ser humano. Para aqueles que compartilham dessa mesma maneira de pensar, a Richards \u00e9 o guia perfeito para seus novos looks!<\/p>\n\n\n\n<p>Os clientes que optarem por uma pe\u00e7a Richards escolhem, na verdade, mais do que um item belo e original \u2014 eles escolhem se conectar com todo um estilo de vida.<\/p>\n\n\n\n<h2 class=\"wp-block-heading\"><strong>Conhe\u00e7a as lojas Richards<\/strong><\/h2>\n\n\n\n<p>A <a href=\"https:\/\/www.richards.com.br\/\" target=\"_blank\" rel=\"noreferrer noopener\">Richards<\/a> \u00e9 uma marca originalmente carioca, assim como seu criador, Ricardo Ferreira. Sua primeira loja surgiu no ano de 1974, de forma totalmente despretensiosa.<\/p>\n\n\n\n<p>Ricardo sempre demonstrou seu imenso amor pela natureza. Ap\u00f3s in\u00fameras viagens, cresceu nele um desejo de criar algo totalmente novo.<\/p>\n\n\n\n<p>A ideia era oferecer aos seus clientes algo que expressasse um ideal de vida similar ao que ele valorizava. E que, em cada pe\u00e7a, as pessoas pudessem encontrar um verdadeiro valor e representatividade.<\/p>\n\n\n\n<p>Foi com esse pensamento que Ricardo Ferreira criou a boutique Richards, planejando ser uma loja com um olhar totalmente diferente das que j\u00e1 estavam em funcionamento ao redor.<\/p>\n\n\n\n<p>Ent\u00e3o, nada mais coerente do que fundar uma boutique em um local com uma grande bagagem hist\u00f3rica, que estava em pleno crescimento na \u00e9poca.&nbsp;<\/p>\n\n\n\n<p>Em meados dos anos 70, Ipanema atraiu grande aten\u00e7\u00e3o para si. A cidade ganhou destaque ao ditar e inspirar a moda que veio a se tornar tend\u00eancia na \u00e9poca, sendo considerada o centro da moda no Brasil.<\/p>\n\n\n\n<h3 class=\"wp-block-heading\">Uma marca tipicamente carioca<\/h3>\n\n\n\n<p>Inicialmente, Ricardo Ferreira tinha como objetivo abrir uma boutique direcionada somente \u00e0 moda masculina. O estilo de suas cole\u00e7\u00f5es est\u00e1, at\u00e9 hoje, estreitamente associado ao estilo de vida que o pr\u00f3prio Ricardo valoriza: informal e elegante<\/p>\n\n\n\n<p>Hoje em dia, a Richards \u00e9 uma marca de renome voltada para roupas e acess\u00f3rios, tanto femininos quanto masculinos. Suas pe\u00e7as apresentam alto n\u00edvel, usando como composi\u00e7\u00e3o tecidos de qualidade superior, como o linho e o couro.<\/p>\n\n\n\n<p>Na Richards Ipanema, os clientes poder\u00e3o se encantar ao encontrar cole\u00e7\u00f5es singulares, compostas por pe\u00e7as magn\u00edficas. As pe\u00e7as da loja impressionam por se tornarem o elemento perfeito ao compor looks carregados de originalidade.<\/p>\n\n\n\n<figure class=\"wp-block-image size-large\"><a href=\"https:\/\/invexo.com.br\/apartamento-em-ipanema\/\" target=\"_blank\" rel=\"noopener noreferrer\"><img decoding=\"async\" width=\"1024\" height=\"576\" src=\"https:\/\/invexo.com.br\/blog\/wp-content\/uploads\/2021\/12\/richards-ipanema-1024x576.jpg\" alt=\"richards-ipanema\" class=\"wp-image-25693\" srcset=\"https:\/\/invexo.com.br\/blog\/wp-content\/uploads\/2021\/12\/richards-ipanema-1024x576.jpg 1024w, https:\/\/invexo.com.br\/blog\/wp-content\/uploads\/2021\/12\/richards-ipanema-300x169.jpg 300w, https:\/\/invexo.com.br\/blog\/wp-content\/uploads\/2021\/12\/richards-ipanema-768x432.jpg 768w, https:\/\/invexo.com.br\/blog\/wp-content\/uploads\/2021\/12\/richards-ipanema-940x529.jpg 940w, https:\/\/invexo.com.br\/blog\/wp-content\/uploads\/2021\/12\/richards-ipanema.jpg 1280w\" sizes=\"(max-width: 1024px) 100vw, 1024px\" \/><\/a><figcaption>A Richards \u00e9 especialista em moda informal e elegante.<\/figcaption><\/figure>\n\n\n\n<p>A loja disp\u00f5e de um \u00f3timo hor\u00e1rio de funcionamento e tamb\u00e9m de um excelente atendimento em sua plataforma digital, com vendedores online \u00e0 disposi\u00e7\u00e3o.<\/p>\n\n\n\n<p>Presencialmente, por outro lado, o estabelecimento fica situado em uma \u00e1rea privilegiada dentro do bairro de Ipanema. Sua localiza\u00e7\u00e3o propicia facilidade de acesso aos clientes, especialmente por estar pr\u00f3ximo a outras marcas de renome.<\/p>\n\n\n\n<p>Na verdade, Ipanema \u00e9 um bairro em que toda a facilidade do com\u00e9rcio est\u00e1 nas proximidades. Isso se deve \u00e0 disposi\u00e7\u00e3o de ruas e de transporte p\u00fablico na regi\u00e3o, que possibilitam aos moradores \u00f3tima locomo\u00e7\u00e3o entre os bairros vizinhos.<\/p>\n\n\n\n<p>Oportunidades \u00fanicas de im\u00f3veis em Ipanema! Fa\u00e7a parte do nosso\u00a0<strong><a href=\"https:\/\/whatsapp.com\/channel\/0029VaBTv8v8F2pN1nbKfn0a\">canal exclusivo no WhatsApp<\/a><\/strong>\u00a0e tenha acesso antecipado aos im\u00f3veis \u00e0 venda na regi\u00e3o com a maior demanda do Rio de Janeiro.<\/p>\n\n\n<div class=\"\"><div class='_form_6'><\/div><script type='text\/javascript' src='https:\/\/invexo.activehosted.com\/f\/embed.php?static=0&id=6&69F0FB505A388&nostyles=0&preview=0'><\/script><\/div>\n\n\n<p><\/p>\n\n\n\n<p>S\u00e3o diversos os lan\u00e7amentos residenciais e im\u00f3veis prontos em Ipanema, tais como o <a href=\"https:\/\/invexo.com.br\/lancamento\/helo-ipanema\/\" target=\"_blank\" rel=\"noreferrer noopener\">Helo Ipanema<\/a>! Com acabamentos de alto padr\u00e3o e infraestrutura completa, Ipanema \u00e9 um dos bairros com os melhores im\u00f3veis de luxo do Rio de Janeiro. Conhe\u00e7a agora mesmo os melhores <a href=\"https:\/\/luxury.invexo.com.br\/bairro\/ipanema\/?utm_source=blog&amp;utm_medium=blocomeio\" target=\"_blank\" rel=\"noreferrer noopener\">im\u00f3veis de luxo \u00e0 venda em Ipanema<\/a>!<\/p>\n\n\n\n<figure class=\"wp-block-image size-full\"><a href=\"https:\/\/luxury.invexo.com.br\/bairro\/ipanema\/?utm_source=blog&amp;utm_medium=blocomeio\" target=\"_blank\" rel=\"noopener\"><img decoding=\"async\" width=\"1300\" height=\"280\" src=\"https:\/\/invexo.com.br\/blog\/wp-content\/uploads\/2022\/08\/imoveis-residenciais-ipanema-rio-de-janeiro-rj-calcadao-de-ipanema.jpg\" alt=\"Im\u00f3veis de luxo \u00e0 venda em Ipanema RJ\" class=\"wp-image-28981\" srcset=\"https:\/\/invexo.com.br\/blog\/wp-content\/uploads\/2022\/08\/imoveis-residenciais-ipanema-rio-de-janeiro-rj-calcadao-de-ipanema.jpg 1300w, https:\/\/invexo.com.br\/blog\/wp-content\/uploads\/2022\/08\/imoveis-residenciais-ipanema-rio-de-janeiro-rj-calcadao-de-ipanema-300x65.jpg 300w, https:\/\/invexo.com.br\/blog\/wp-content\/uploads\/2022\/08\/imoveis-residenciais-ipanema-rio-de-janeiro-rj-calcadao-de-ipanema-1024x221.jpg 1024w, https:\/\/invexo.com.br\/blog\/wp-content\/uploads\/2022\/08\/imoveis-residenciais-ipanema-rio-de-janeiro-rj-calcadao-de-ipanema-768x165.jpg 768w\" sizes=\"(max-width: 1300px) 100vw, 1300px\" \/><\/a><\/figure>\n\n\n\n<h2 class=\"wp-block-heading\"><strong>Richards feminino<\/strong><\/h2>\n\n\n\n<p>Inicialmente o foco da Richards era se especializar em cole\u00e7\u00f5es masculinas. Por\u00e9m, com o decorrer do tempo, a marca passou a compor cole\u00e7\u00f5es incr\u00edveis voltadas para o p\u00fablico feminino.<\/p>\n\n\n\n<p>Suas cole\u00e7\u00f5es outono\/inverno e primavera\/ver\u00e3o apresentam o mesmo estilo informal e requintado valorizado por seu fundador, Ricardo Ferreira.<\/p>\n\n\n\n<p>Tanto em loja f\u00edsica como na plataforma online da loja, suas clientes poder\u00e3o encontrar uma ampla variedade de pe\u00e7as exclusivas, dispostas em diversas categorias, como:<\/p>\n\n\n\n<ul><li>Blusas e camisas;<\/li><li>Cal\u00e7as, shorts e bermudas;<\/li><li>Jaquetas e casacos;<\/li><li>Vestidos e saias;<\/li><li>Blazers;<\/li><li>Moletons;<\/li><li>Tricots;<\/li><li>Cal\u00e7ados;<\/li><li>E acess\u00f3rios.<\/li><\/ul>\n\n\n\n<p>Na Richards, as pe\u00e7as exibem um alto n\u00edvel de qualidade, sendo evidente desde a modelagem at\u00e9 a composi\u00e7\u00e3o com fios nobres, em couro e linho.&nbsp;<\/p>\n\n\n\n<p>Suas cole\u00e7\u00f5es buscam destacar uma personalidade criativa e acess\u00edvel, sendo ideal para clientes que compartilham dessa vis\u00e3o art\u00edstica do mundo.<\/p>\n\n\n\n<p>Al\u00e9m disso, o estilo da loja baseado na informalidade \u00e9 perfeito para o cotidiano do carioca, que ama estar na praia e rodeado pela natureza.<\/p>\n\n\n\n<h2 class=\"wp-block-heading\"><strong>Richards Ipanema roupas masculinas<\/strong><\/h2>\n\n\n\n<p>Como era o prop\u00f3sito original do seu fundador, a Richards \u00e9 especializada em artigos masculinos, possuindo em seu cat\u00e1logo pe\u00e7as excepcionais. Conhe\u00e7a algumas categorias de itens masculinos:<\/p>\n\n\n\n<ul><li>Moda praia;<\/li><li>Moda \u00edntima;<\/li><li>Cal\u00e7as, shorts e bermudas;<\/li><li>Blazers;<\/li><li>Moletom;<\/li><li>Jaquetas;<\/li><li>Cal\u00e7ados e acess\u00f3rios;<\/li><li>Tricots e blusas;<\/li><li>Carteiras, bolsas e pastas;<\/li><li>Cintos;<\/li><li>Camisas, polos e t-shirts.<\/li><\/ul>\n\n\n\n<p>No site da Richards, seus clientes poder\u00e3o encontrar uma ampla diversidade de itens \u00fanicos e elegantes, dispostos em diferentes tamanhos e cores.<\/p>\n\n\n\n<p>Todos os itens apresentam muito mais que beleza, autenticidade e alta qualidade. As pe\u00e7as ressaltam uma personalidade constru\u00edda por uma viv\u00eancia criativa e conectada com a natureza.<\/p>\n\n\n\n<h2 class=\"wp-block-heading\"><strong>Selaria Richards Ipanema<\/strong><\/h2>\n\n\n\n<p>No cat\u00e1logo da Richards, h\u00e1 uma se\u00e7\u00e3o destinada a itens que se encaixam dentro da categoria selaria \u2014 que levam couro leg\u00edtimo em sua composi\u00e7\u00e3o.<\/p>\n\n\n\n<figure class=\"wp-block-embed-youtube wp-block-embed is-type-video is-provider-youtube wp-embed-aspect-16-9 wp-has-aspect-ratio\"><div class=\"wp-block-embed__wrapper\">\n<iframe title=\"O Infinito Olhar Azul\" width=\"720\" height=\"405\" src=\"https:\/\/www.youtube.com\/embed\/FtsoPb695v8?feature=oembed\" frameborder=\"0\" allow=\"accelerometer; autoplay; clipboard-write; encrypted-media; gyroscope; picture-in-picture\" allowfullscreen><\/iframe>\n<\/div><\/figure>\n\n\n\n<p>Apesar das pe\u00e7as de couro serem perfeitas para integrar looks de inverno, algumas op\u00e7\u00f5es dispon\u00edveis na loja s\u00e3o vers\u00e1teis e podem ser usadas em qualquer esta\u00e7\u00e3o, sendo ideais para o uso no dia a dia.<\/p>\n\n\n\n<p>Veja alguns itens da Richards fabricados em couro leg\u00edtimo e com acabamento impec\u00e1vel:<\/p>\n\n\n\n<ul><li>Sand\u00e1lias femininas e masculinas;<\/li><li>Botas;<\/li><li>Mocassins;<\/li><li>Carteiras;<\/li><li>Bolsas e pastas;<\/li><li>Chaveiros;<\/li><li>Sapatos sociais;<\/li><li>Cintos;<\/li><li>E t\u00eanis.<\/li><\/ul>\n\n\n\n<p>As pe\u00e7as de couro s\u00e3o conhecidas por sua excelente qualidade e maior durabilidade em compara\u00e7\u00e3o com outros materiais.&nbsp;Os que optam por acess\u00f3rios e cal\u00e7ados em couro ir\u00e3o se impressionar com a incr\u00edvel cole\u00e7\u00e3o da Richards.<\/p>\n\n\n\n<h2 class=\"wp-block-heading\"><strong>Como chegar na Richards Ipanema<\/strong><\/h2>\n\n\n\n<p>A Richards est\u00e1 localizada na Rua Maria Quit\u00e9ria, em um excelente ponto dentro do bairro de Ipanema, em frente a Pra\u00e7a Nossa Senhora da Paz.<\/p>\n\n\n\n<p>Sua localiza\u00e7\u00e3o concede mobilidade de acesso a outros bairros da cidade e a uma rede completa de estabelecimentos e servi\u00e7os importantes. Al\u00e9m disso, a Richards est\u00e1 situada a menos de 400 metros da exuberante <a href=\"https:\/\/invexo.com.br\/blog\/praia-de-ipanema\/\" target=\"_blank\" rel=\"noreferrer noopener\">Praia de Ipanema<\/a>.<\/p>\n\n\n\n<p><strong>Endere\u00e7o: <\/strong>Rua Maria Quit\u00e9ria, 95, Ipanema.<br><strong>Hor\u00e1rio de Atendimento: <\/strong>De segunda a sexta-feira, das 09h \u00e0s 20h, s\u00e1bado, das 09h \u00e0s 17h, e aos domingos, das 11h \u00e0s 17h.<\/p>\n\n\n\n<p>Entre os estabelecimentos interessantes da regi\u00e3o para voc\u00ea conhecer est\u00e1 o Botequim do Itahy, excelente escolha para os apreciadores de uma boa cerveja e petiscos saborosos.<\/p>\n\n\n\n<p>Al\u00e9m disso, a Richards Ipanema tamb\u00e9m fica pr\u00f3xima ao <a href=\"https:\/\/invexo.com.br\/blog\/forum-ipanema\/\" target=\"_blank\" rel=\"noreferrer noopener\">F\u00f3rum de Ipanema<\/a>, ao Barthodomeu, Miniso Ipanema e a Hering.<\/p>\n\n\n\n<p>Para os que desejam conhecer mais sobre os lugares mais badalados da vida noturna de Ipanema ou de outros bairros da capital carioca, vem com a gente!<\/p>\n\n\n\n<p>Na INVEXO voc\u00ea poder\u00e1 encontrar conte\u00fados exclusivos dos principais lan\u00e7amentos de im\u00f3veis localizados em Ipanema, considerado um dos <a href=\"https:\/\/invexo.com.br\/blog\/bairros-nobres-do-rio-de-janeiro\/\" target=\"_blank\" rel=\"noreferrer noopener\">bairros mais nobres do Rio de Janeiro<\/a>.<\/p>\n\n\n\n<div class=\"wp-block-group\"><div class=\"wp-block-group__inner-container is-layout-flow wp-block-group-is-layout-flow\">\n<p>Oportunidades \u00fanicas de im\u00f3veis em Ipanema! Fa\u00e7a parte do nosso&nbsp;<strong><a href=\"https:\/\/whatsapp.com\/channel\/0029VaBTv8v8F2pN1nbKfn0a\">canal exclusivo no WhatsApp<\/a><\/strong>&nbsp;e tenha acesso antecipado aos im\u00f3veis \u00e0 venda na regi\u00e3o com a maior demanda do Rio de Janeiro.<\/p>\n\n\n<div class=\"\"><div class='_form_6'><\/div><script type='text\/javascript' src='https:\/\/invexo.activehosted.com\/f\/embed.php?static=0&id=6&69F0FB505A3AA&nostyles=0&preview=0'><\/script><\/div>\n\n\n<p><\/p>\n\n\n\n<p>Ipanema, localizada na Zona Sul carioca, \u00e9 um dos melhores e mais nobres bairros para se viver no Rio de Janeiro. Conhe\u00e7a hoje mesmo os <a href=\"https:\/\/luxury.invexo.com.br\/bairro\/ipanema\/?utm_source=blog&amp;utm_medium=blocofim\" target=\"_blank\" rel=\"noreferrer noopener\">im\u00f3veis residenciais de luxo em Ipanema<\/a> com a INVEXO, imobili\u00e1ria especializada em im\u00f3veis de luxo no Rio de Janeiro.<\/p>\n\n\n\n<figure class=\"wp-block-image size-full\"><a href=\"https:\/\/luxury.invexo.com.br\/bairro\/ipanema\/?utm_source=blog&amp;utm_medium=blocofim\" target=\"_blank\" rel=\"noopener\"><img decoding=\"async\" width=\"1300\" height=\"280\" src=\"https:\/\/invexo.com.br\/blog\/wp-content\/uploads\/2022\/08\/imoveis-residenciais-ipanema-rio-de-janeiro-rj-calcadao-de-ipanema.jpg\" alt=\"Im\u00f3veis de luxo \u00e0 venda em Ipanema RJ\" class=\"wp-image-28981\" srcset=\"https:\/\/invexo.com.br\/blog\/wp-content\/uploads\/2022\/08\/imoveis-residenciais-ipanema-rio-de-janeiro-rj-calcadao-de-ipanema.jpg 1300w, https:\/\/invexo.com.br\/blog\/wp-content\/uploads\/2022\/08\/imoveis-residenciais-ipanema-rio-de-janeiro-rj-calcadao-de-ipanema-300x65.jpg 300w, https:\/\/invexo.com.br\/blog\/wp-content\/uploads\/2022\/08\/imoveis-residenciais-ipanema-rio-de-janeiro-rj-calcadao-de-ipanema-1024x221.jpg 1024w, https:\/\/invexo.com.br\/blog\/wp-content\/uploads\/2022\/08\/imoveis-residenciais-ipanema-rio-de-janeiro-rj-calcadao-de-ipanema-768x165.jpg 768w\" sizes=\"(max-width: 1300px) 100vw, 1300px\" \/><\/a><\/figure>\n<\/div><\/div>\n","protected":false},"excerpt":{"rendered":"<p>A Richards Ipanema \u00e9 uma boutique especializada em pe\u00e7as de estilo descontra\u00eddo e elegante, compostas por tecidos de qualidade superior.<\/p>\n","protected":false},"author":2,"featured_media":25694,"comment_status":"closed","ping_status":"closed","sticky":false,"template":"","format":"standard","meta":{"_acf_changed":false,"_kad_blocks_custom_css":"","_kad_blocks_head_custom_js":"","_kad_blocks_body_custom_js":"","_kad_blocks_footer_custom_js":"","_kadence_starter_templates_imported_post":false,"_kad_post_transparent":"","_kad_post_title":"","_kad_post_layout":"","_kad_post_sidebar_id":"","_kad_post_content_style":"","_kad_post_vertical_padding":"","_kad_post_feature":"","_kad_post_feature_position":"","_kad_post_header":false,"_kad_post_footer":false,"footnotes":""},"categories":[10,15],"tags":[635],"acf":[],"yoast_head":"<!-- This site is optimized with the Yoast SEO plugin v24.1 - https:\/\/yoast.com\/wordpress\/plugins\/seo\/ -->\n<title>Richards Ipanema \u2013 Looks despojados e finos para viver o Rio<\/title>\n<meta name=\"description\" content=\"A Richards Ipanema \u00e9 uma boutique especializada em pe\u00e7as de estilo descontra\u00eddo e elegante, compostas por tecidos de qualidade superior.\" \/>\n<meta name=\"robots\" content=\"index, follow, max-snippet:-1, max-image-preview:large, max-video-preview:-1\" \/>\n<link rel=\"canonical\" href=\"https:\/\/invexo.com.br\/blog\/richards-ipanema\/\" \/>\n<meta property=\"og:locale\" content=\"pt_BR\" \/>\n<meta property=\"og:type\" content=\"article\" \/>\n<meta property=\"og:title\" content=\"Richards Ipanema \u2013 Looks despojados e finos para viver o Rio\" \/>\n<meta property=\"og:description\" content=\"A Richards Ipanema \u00e9 uma boutique especializada em pe\u00e7as de estilo descontra\u00eddo e elegante, compostas por tecidos de qualidade superior.\" \/>\n<meta property=\"og:url\" content=\"https:\/\/invexo.com.br\/blog\/richards-ipanema\/\" \/>\n<meta property=\"og:site_name\" content=\"Not\u00edcias RJ\" \/>\n<meta property=\"article:publisher\" content=\"https:\/\/facebook.com\/invexo\" \/>\n<meta property=\"article:author\" content=\"https:\/\/facebook.com\/invexo\" \/>\n<meta property=\"article:published_time\" content=\"2022-02-14T20:00:00+00:00\" \/>\n<meta property=\"article:modified_time\" content=\"2022-06-29T00:37:29+00:00\" \/>\n<meta property=\"og:image\" content=\"https:\/\/invexo.com.br\/blog\/wp-content\/uploads\/2021\/12\/richards-ipanema-rj.jpg\" \/>\n\t<meta property=\"og:image:width\" content=\"1280\" \/>\n\t<meta property=\"og:image:height\" content=\"720\" \/>\n\t<meta property=\"og:image:type\" content=\"image\/jpeg\" \/>\n<meta name=\"author\" content=\"Ronnie Possatti\" \/>\n<meta name=\"twitter:card\" content=\"summary_large_image\" \/>\n<meta name=\"twitter:creator\" content=\"@https:\/\/twitter.com\/invexoimoveis\" \/>\n<meta name=\"twitter:site\" content=\"@invexoimoveis\" \/>\n<meta name=\"twitter:label1\" content=\"Escrito por\" \/>\n\t<meta name=\"twitter:data1\" content=\"Ronnie Possatti\" \/>\n\t<meta name=\"twitter:label2\" content=\"Est. tempo de leitura\" \/>\n\t<meta name=\"twitter:data2\" content=\"6 minutos\" \/>\n<script type=\"application\/ld+json\" class=\"yoast-schema-graph\">{\"@context\":\"https:\/\/schema.org\",\"@graph\":[{\"@type\":\"Article\",\"@id\":\"https:\/\/invexo.com.br\/blog\/richards-ipanema\/#article\",\"isPartOf\":{\"@id\":\"https:\/\/invexo.com.br\/blog\/richards-ipanema\/\"},\"author\":{\"name\":\"Ronnie Possatti\",\"@id\":\"https:\/\/invexo.com.br\/blog\/#\/schema\/person\/36bee32f1cfacde03dc4c9622a58778d\"},\"headline\":\"Richards Ipanema \u2013 Looks despojados e elegantes para viver o Rio\",\"datePublished\":\"2022-02-14T20:00:00+00:00\",\"dateModified\":\"2022-06-29T00:37:29+00:00\",\"mainEntityOfPage\":{\"@id\":\"https:\/\/invexo.com.br\/blog\/richards-ipanema\/\"},\"wordCount\":1307,\"publisher\":{\"@id\":\"https:\/\/invexo.com.br\/blog\/#organization\"},\"image\":{\"@id\":\"https:\/\/invexo.com.br\/blog\/richards-ipanema\/#primaryimage\"},\"thumbnailUrl\":\"https:\/\/invexo.com.br\/blog\/wp-content\/uploads\/2021\/12\/richards-ipanema-rj.jpg\",\"keywords\":[\"Ipanema\"],\"articleSection\":[\"Bairros\",\"Informa\u00e7\u00f5es\"],\"inLanguage\":\"pt-BR\"},{\"@type\":\"WebPage\",\"@id\":\"https:\/\/invexo.com.br\/blog\/richards-ipanema\/\",\"url\":\"https:\/\/invexo.com.br\/blog\/richards-ipanema\/\",\"name\":\"Richards Ipanema \u2013 Looks despojados e finos para viver o Rio\",\"isPartOf\":{\"@id\":\"https:\/\/invexo.com.br\/blog\/#website\"},\"primaryImageOfPage\":{\"@id\":\"https:\/\/invexo.com.br\/blog\/richards-ipanema\/#primaryimage\"},\"image\":{\"@id\":\"https:\/\/invexo.com.br\/blog\/richards-ipanema\/#primaryimage\"},\"thumbnailUrl\":\"https:\/\/invexo.com.br\/blog\/wp-content\/uploads\/2021\/12\/richards-ipanema-rj.jpg\",\"datePublished\":\"2022-02-14T20:00:00+00:00\",\"dateModified\":\"2022-06-29T00:37:29+00:00\",\"description\":\"A Richards Ipanema \u00e9 uma boutique especializada em pe\u00e7as de estilo descontra\u00eddo e elegante, compostas por tecidos de qualidade superior.\",\"breadcrumb\":{\"@id\":\"https:\/\/invexo.com.br\/blog\/richards-ipanema\/#breadcrumb\"},\"inLanguage\":\"pt-BR\",\"potentialAction\":[{\"@type\":\"ReadAction\",\"target\":[\"https:\/\/invexo.com.br\/blog\/richards-ipanema\/\"]}]},{\"@type\":\"ImageObject\",\"inLanguage\":\"pt-BR\",\"@id\":\"https:\/\/invexo.com.br\/blog\/richards-ipanema\/#primaryimage\",\"url\":\"https:\/\/invexo.com.br\/blog\/wp-content\/uploads\/2021\/12\/richards-ipanema-rj.jpg\",\"contentUrl\":\"https:\/\/invexo.com.br\/blog\/wp-content\/uploads\/2021\/12\/richards-ipanema-rj.jpg\",\"width\":1280,\"height\":720,\"caption\":\"richards-ipanema-rj\"},{\"@type\":\"BreadcrumbList\",\"@id\":\"https:\/\/invexo.com.br\/blog\/richards-ipanema\/#breadcrumb\",\"itemListElement\":[{\"@type\":\"ListItem\",\"position\":1,\"name\":\"Blog\",\"item\":\"https:\/\/invexo.com.br\/blog\/\"},{\"@type\":\"ListItem\",\"position\":2,\"name\":\"Bairros\",\"item\":\"https:\/\/invexo.com.br\/blog\/categoria\/bairros\/\"},{\"@type\":\"ListItem\",\"position\":3,\"name\":\"Richards Ipanema \u2013 Looks despojados e elegantes para viver o Rio\"}]},{\"@type\":\"WebSite\",\"@id\":\"https:\/\/invexo.com.br\/blog\/#website\",\"url\":\"https:\/\/invexo.com.br\/blog\/\",\"name\":\"Not\u00edcias RJ\",\"description\":\"Not\u00edcias sobre im\u00f3veis, financiamento, mercado imobili\u00e1rio do Rio de Janeiro. Informa\u00e7\u00f5es sobre Bairros, Condom\u00ednios e Regi\u00e3o do Rio de Janeiro.\",\"publisher\":{\"@id\":\"https:\/\/invexo.com.br\/blog\/#organization\"},\"potentialAction\":[{\"@type\":\"SearchAction\",\"target\":{\"@type\":\"EntryPoint\",\"urlTemplate\":\"https:\/\/invexo.com.br\/blog\/?s={search_term_string}\"},\"query-input\":{\"@type\":\"PropertyValueSpecification\",\"valueRequired\":true,\"valueName\":\"search_term_string\"}}],\"inLanguage\":\"pt-BR\"},{\"@type\":\"Organization\",\"@id\":\"https:\/\/invexo.com.br\/blog\/#organization\",\"name\":\"INVEXO Imobili\u00e1ria\",\"url\":\"https:\/\/invexo.com.br\/blog\/\",\"logo\":{\"@type\":\"ImageObject\",\"inLanguage\":\"pt-BR\",\"@id\":\"https:\/\/invexo.com.br\/blog\/#\/schema\/logo\/image\/\",\"url\":\"https:\/\/invexo.com.br\/blog\/wp-content\/uploads\/2018\/09\/invexo-80-melhor.png\",\"contentUrl\":\"https:\/\/invexo.com.br\/blog\/wp-content\/uploads\/2018\/09\/invexo-80-melhor.png\",\"width\":247,\"height\":80,\"caption\":\"INVEXO Imobili\u00e1ria\"},\"image\":{\"@id\":\"https:\/\/invexo.com.br\/blog\/#\/schema\/logo\/image\/\"},\"sameAs\":[\"https:\/\/facebook.com\/invexo\",\"https:\/\/x.com\/invexoimoveis\"]},{\"@type\":\"Person\",\"@id\":\"https:\/\/invexo.com.br\/blog\/#\/schema\/person\/36bee32f1cfacde03dc4c9622a58778d\",\"name\":\"Ronnie Possatti\",\"image\":{\"@type\":\"ImageObject\",\"inLanguage\":\"pt-BR\",\"@id\":\"https:\/\/invexo.com.br\/blog\/#\/schema\/person\/image\/\",\"url\":\"https:\/\/secure.gravatar.com\/avatar\/51a6cdcc215551235c39affb853f1e38?s=96&d=blank&r=g\",\"contentUrl\":\"https:\/\/secure.gravatar.com\/avatar\/51a6cdcc215551235c39affb853f1e38?s=96&d=blank&r=g\",\"caption\":\"Ronnie Possatti\"},\"description\":\"Equipe de especialistas que traz para seus leitores conte\u00fados relevantes e de qualidade sobre bairros, condom\u00ednios, lan\u00e7amentos e not\u00edcias imobili\u00e1rias no Rio de Janeiro.\",\"sameAs\":[\"https:\/\/facebook.com\/invexo\",\"https:\/\/instagram.com\/invexo\",\"https:\/\/x.com\/https:\/\/twitter.com\/invexoimoveis\"],\"url\":\"https:\/\/invexo.com.br\/blog\/author\/invexo\/\"}]}<\/script>\n<!-- \/ Yoast SEO plugin. -->","yoast_head_json":{"title":"Richards Ipanema \u2013 Looks despojados e finos para viver o Rio","description":"A Richards Ipanema \u00e9 uma boutique especializada em pe\u00e7as de estilo descontra\u00eddo e elegante, compostas por tecidos de qualidade superior.","robots":{"index":"index","follow":"follow","max-snippet":"max-snippet:-1","max-image-preview":"max-image-preview:large","max-video-preview":"max-video-preview:-1"},"canonical":"https:\/\/invexo.com.br\/blog\/richards-ipanema\/","og_locale":"pt_BR","og_type":"article","og_title":"Richards Ipanema \u2013 Looks despojados e finos para viver o Rio","og_description":"A Richards Ipanema \u00e9 uma boutique especializada em pe\u00e7as de estilo descontra\u00eddo e elegante, compostas por tecidos de qualidade superior.","og_url":"https:\/\/invexo.com.br\/blog\/richards-ipanema\/","og_site_name":"Not\u00edcias RJ","article_publisher":"https:\/\/facebook.com\/invexo","article_author":"https:\/\/facebook.com\/invexo","article_published_time":"2022-02-14T20:00:00+00:00","article_modified_time":"2022-06-29T00:37:29+00:00","og_image":[{"width":1280,"height":720,"url":"https:\/\/invexo.com.br\/blog\/wp-content\/uploads\/2021\/12\/richards-ipanema-rj.jpg","type":"image\/jpeg"}],"author":"Ronnie Possatti","twitter_card":"summary_large_image","twitter_creator":"@https:\/\/twitter.com\/invexoimoveis","twitter_site":"@invexoimoveis","twitter_misc":{"Escrito por":"Ronnie Possatti","Est. tempo de leitura":"6 minutos"},"schema":{"@context":"https:\/\/schema.org","@graph":[{"@type":"Article","@id":"https:\/\/invexo.com.br\/blog\/richards-ipanema\/#article","isPartOf":{"@id":"https:\/\/invexo.com.br\/blog\/richards-ipanema\/"},"author":{"name":"Ronnie Possatti","@id":"https:\/\/invexo.com.br\/blog\/#\/schema\/person\/36bee32f1cfacde03dc4c9622a58778d"},"headline":"Richards Ipanema \u2013 Looks despojados e elegantes para viver o Rio","datePublished":"2022-02-14T20:00:00+00:00","dateModified":"2022-06-29T00:37:29+00:00","mainEntityOfPage":{"@id":"https:\/\/invexo.com.br\/blog\/richards-ipanema\/"},"wordCount":1307,"publisher":{"@id":"https:\/\/invexo.com.br\/blog\/#organization"},"image":{"@id":"https:\/\/invexo.com.br\/blog\/richards-ipanema\/#primaryimage"},"thumbnailUrl":"https:\/\/invexo.com.br\/blog\/wp-content\/uploads\/2021\/12\/richards-ipanema-rj.jpg","keywords":["Ipanema"],"articleSection":["Bairros","Informa\u00e7\u00f5es"],"inLanguage":"pt-BR"},{"@type":"WebPage","@id":"https:\/\/invexo.com.br\/blog\/richards-ipanema\/","url":"https:\/\/invexo.com.br\/blog\/richards-ipanema\/","name":"Richards Ipanema \u2013 Looks despojados e finos para viver o Rio","isPartOf":{"@id":"https:\/\/invexo.com.br\/blog\/#website"},"primaryImageOfPage":{"@id":"https:\/\/invexo.com.br\/blog\/richards-ipanema\/#primaryimage"},"image":{"@id":"https:\/\/invexo.com.br\/blog\/richards-ipanema\/#primaryimage"},"thumbnailUrl":"https:\/\/invexo.com.br\/blog\/wp-content\/uploads\/2021\/12\/richards-ipanema-rj.jpg","datePublished":"2022-02-14T20:00:00+00:00","dateModified":"2022-06-29T00:37:29+00:00","description":"A Richards Ipanema \u00e9 uma boutique especializada em pe\u00e7as de estilo descontra\u00eddo e elegante, compostas por tecidos de qualidade superior.","breadcrumb":{"@id":"https:\/\/invexo.com.br\/blog\/richards-ipanema\/#breadcrumb"},"inLanguage":"pt-BR","potentialAction":[{"@type":"ReadAction","target":["https:\/\/invexo.com.br\/blog\/richards-ipanema\/"]}]},{"@type":"ImageObject","inLanguage":"pt-BR","@id":"https:\/\/invexo.com.br\/blog\/richards-ipanema\/#primaryimage","url":"https:\/\/invexo.com.br\/blog\/wp-content\/uploads\/2021\/12\/richards-ipanema-rj.jpg","contentUrl":"https:\/\/invexo.com.br\/blog\/wp-content\/uploads\/2021\/12\/richards-ipanema-rj.jpg","width":1280,"height":720,"caption":"richards-ipanema-rj"},{"@type":"BreadcrumbList","@id":"https:\/\/invexo.com.br\/blog\/richards-ipanema\/#breadcrumb","itemListElement":[{"@type":"ListItem","position":1,"name":"Blog","item":"https:\/\/invexo.com.br\/blog\/"},{"@type":"ListItem","position":2,"name":"Bairros","item":"https:\/\/invexo.com.br\/blog\/categoria\/bairros\/"},{"@type":"ListItem","position":3,"name":"Richards Ipanema \u2013 Looks despojados e elegantes para viver o Rio"}]},{"@type":"WebSite","@id":"https:\/\/invexo.com.br\/blog\/#website","url":"https:\/\/invexo.com.br\/blog\/","name":"Not\u00edcias RJ","description":"Not\u00edcias sobre im\u00f3veis, financiamento, mercado imobili\u00e1rio do Rio de Janeiro. Informa\u00e7\u00f5es sobre Bairros, Condom\u00ednios e Regi\u00e3o do Rio de Janeiro.","publisher":{"@id":"https:\/\/invexo.com.br\/blog\/#organization"},"potentialAction":[{"@type":"SearchAction","target":{"@type":"EntryPoint","urlTemplate":"https:\/\/invexo.com.br\/blog\/?s={search_term_string}"},"query-input":{"@type":"PropertyValueSpecification","valueRequired":true,"valueName":"search_term_string"}}],"inLanguage":"pt-BR"},{"@type":"Organization","@id":"https:\/\/invexo.com.br\/blog\/#organization","name":"INVEXO Imobili\u00e1ria","url":"https:\/\/invexo.com.br\/blog\/","logo":{"@type":"ImageObject","inLanguage":"pt-BR","@id":"https:\/\/invexo.com.br\/blog\/#\/schema\/logo\/image\/","url":"https:\/\/invexo.com.br\/blog\/wp-content\/uploads\/2018\/09\/invexo-80-melhor.png","contentUrl":"https:\/\/invexo.com.br\/blog\/wp-content\/uploads\/2018\/09\/invexo-80-melhor.png","width":247,"height":80,"caption":"INVEXO Imobili\u00e1ria"},"image":{"@id":"https:\/\/invexo.com.br\/blog\/#\/schema\/logo\/image\/"},"sameAs":["https:\/\/facebook.com\/invexo","https:\/\/x.com\/invexoimoveis"]},{"@type":"Person","@id":"https:\/\/invexo.com.br\/blog\/#\/schema\/person\/36bee32f1cfacde03dc4c9622a58778d","name":"Ronnie Possatti","image":{"@type":"ImageObject","inLanguage":"pt-BR","@id":"https:\/\/invexo.com.br\/blog\/#\/schema\/person\/image\/","url":"https:\/\/secure.gravatar.com\/avatar\/51a6cdcc215551235c39affb853f1e38?s=96&d=blank&r=g","contentUrl":"https:\/\/secure.gravatar.com\/avatar\/51a6cdcc215551235c39affb853f1e38?s=96&d=blank&r=g","caption":"Ronnie Possatti"},"description":"Equipe de especialistas que traz para seus leitores conte\u00fados relevantes e de qualidade sobre bairros, condom\u00ednios, lan\u00e7amentos e not\u00edcias imobili\u00e1rias no Rio de Janeiro.","sameAs":["https:\/\/facebook.com\/invexo","https:\/\/instagram.com\/invexo","https:\/\/x.com\/https:\/\/twitter.com\/invexoimoveis"],"url":"https:\/\/invexo.com.br\/blog\/author\/invexo\/"}]}},"taxonomy_info":{"category":[{"value":10,"label":"Bairros"},{"value":15,"label":"Informa\u00e7\u00f5es"}],"post_tag":[{"value":635,"label":"Ipanema"}]},"featured_image_src_large":["https:\/\/invexo.com.br\/blog\/wp-content\/uploads\/2021\/12\/richards-ipanema-rj-1024x576.jpg",1024,576,true],"author_info":{"display_name":"Ronnie Possatti","author_link":"https:\/\/invexo.com.br\/blog\/author\/invexo\/"},"comment_info":0,"category_info":[{"term_id":10,"name":"Bairros","slug":"bairros","term_group":0,"term_taxonomy_id":10,"taxonomy":"category","description":"Not\u00edcias sobre estabelecimentos nos melhores bairros para se morar no Rio de Janeiro.","parent":0,"count":1354,"filter":"raw","cat_ID":10,"category_count":1354,"category_description":"Not\u00edcias sobre estabelecimentos nos melhores bairros para se morar no Rio de Janeiro.","cat_name":"Bairros","category_nicename":"bairros","category_parent":0},{"term_id":15,"name":"Informa\u00e7\u00f5es","slug":"informacoes","term_group":0,"term_taxonomy_id":15,"taxonomy":"category","description":"Informa\u00e7\u00f5es, experi\u00eancia nos melhores estabelecimentos em bairros nobres para se viver no Rio de Janeiro. Tudo sobre cultura, entretenimento e lazer.","parent":0,"count":1297,"filter":"raw","cat_ID":15,"category_count":1297,"category_description":"Informa\u00e7\u00f5es, experi\u00eancia nos melhores estabelecimentos em bairros nobres para se viver no Rio de Janeiro. Tudo sobre cultura, entretenimento e lazer.","cat_name":"Informa\u00e7\u00f5es","category_nicename":"informacoes","category_parent":0}],"tag_info":[{"term_id":635,"name":"Ipanema","slug":"ipanema","term_group":0,"term_taxonomy_id":635,"taxonomy":"post_tag","description":"","parent":0,"count":359,"filter":"raw"}],"_links":{"self":[{"href":"https:\/\/invexo.com.br\/blog\/wp-json\/wp\/v2\/posts\/25539"}],"collection":[{"href":"https:\/\/invexo.com.br\/blog\/wp-json\/wp\/v2\/posts"}],"about":[{"href":"https:\/\/invexo.com.br\/blog\/wp-json\/wp\/v2\/types\/post"}],"author":[{"embeddable":true,"href":"https:\/\/invexo.com.br\/blog\/wp-json\/wp\/v2\/users\/2"}],"replies":[{"embeddable":true,"href":"https:\/\/invexo.com.br\/blog\/wp-json\/wp\/v2\/comments?post=25539"}],"version-history":[{"count":1,"href":"https:\/\/invexo.com.br\/blog\/wp-json\/wp\/v2\/posts\/25539\/revisions"}],"predecessor-version":[{"id":26757,"href":"https:\/\/invexo.com.br\/blog\/wp-json\/wp\/v2\/posts\/25539\/revisions\/26757"}],"wp:featuredmedia":[{"embeddable":true,"href":"https:\/\/invexo.com.br\/blog\/wp-json\/wp\/v2\/media\/25694"}],"wp:attachment":[{"href":"https:\/\/invexo.com.br\/blog\/wp-json\/wp\/v2\/media?parent=25539"}],"wp:term":[{"taxonomy":"category","embeddable":true,"href":"https:\/\/invexo.com.br\/blog\/wp-json\/wp\/v2\/categories?post=25539"},{"taxonomy":"post_tag","embeddable":true,"href":"https:\/\/invexo.com.br\/blog\/wp-json\/wp\/v2\/tags?post=25539"}],"curies":[{"name":"wp","href":"https:\/\/api.w.org\/{rel}","templated":true}]}}