{"id":23882,"date":"2021-12-24T05:00:00","date_gmt":"2021-12-24T08:00:00","guid":{"rendered":"https:\/\/invexo.com.br\/blog\/?p=23882"},"modified":"2022-12-29T11:54:00","modified_gmt":"2022-12-29T14:54:00","slug":"autoescola-ipanema","status":"publish","type":"post","link":"https:\/\/invexo.com.br\/blog\/autoescola-ipanema\/","title":{"rendered":"Autoescola Ipanema e regi\u00e3o \u2013 Veja as principais da Zona Sul"},"content":{"rendered":"\n<p>Os futuros motoristas e pilotos que querem tirar a CNH <strong>\u2014<\/strong> Carteira Nacional de Habilita\u00e7\u00e3o <strong>\u2014<\/strong> e est\u00e3o \u00e0 procura de autoescola perto de Ipanema v\u00e3o encontrar, neste conte\u00fado, as informa\u00e7\u00f5es de que precisam.<\/p>\n\n\n\n<p>Deslocar-se pela cidade do Rio de Janeiro com carros e motos \u00e9, sem d\u00favida, um grande facilitador para a rotina, n\u00e3o \u00e9 verdade? Por isso, tirar a CNH \u00e9 um grande passo a ser dado. <\/p>\n\n\n\n<!--more-->\n\n\n\n<p>Mas, antes de obter o documento em m\u00e3os, \u00e9 preciso receber orienta\u00e7\u00f5es de profissionais capacitados. <\/p>\n\n\n\n<p>Os Centros de Forma\u00e7\u00e3o de Condutores (CFC) <strong>\u2014<\/strong> ou autoescolas <strong>\u2014<\/strong> t\u00eam uma miss\u00e3o importante: levar aos novos condutores habilidades de dire\u00e7\u00e3o e conscientiza\u00e7\u00e3o no tr\u00e2nsito.<\/p>\n\n\n\n<p>Assim, \u00e9 muito importante escolher uma empresa s\u00e9ria que ofere\u00e7a qualidade de ensino.<\/p>\n\n\n\n<p>Oportunidades \u00fanicas de im\u00f3veis em Ipanema! Fa\u00e7a parte do nosso\u00a0<strong><a href=\"https:\/\/whatsapp.com\/channel\/0029VaBTv8v8F2pN1nbKfn0a\">canal exclusivo no WhatsApp<\/a><\/strong>\u00a0e tenha acesso antecipado aos im\u00f3veis \u00e0 venda na regi\u00e3o com a maior demanda do Rio de Janeiro.<\/p>\n\n\n<div class=\"\"><div class='_form_6'><\/div><script type='text\/javascript' src='https:\/\/invexo.activehosted.com\/f\/embed.php?static=0&id=6&69EF21066CCE9&nostyles=0&preview=0'><\/script><\/div>\n\n\n<p><\/p>\n\n\n\n<p>S\u00e3o diversos os lan\u00e7amentos residenciais e im\u00f3veis prontos em Ipanema, tais como o <a href=\"https:\/\/invexo.com.br\/lancamento\/helo-ipanema\/\" target=\"_blank\" rel=\"noreferrer noopener\">Helo Ipanema<\/a>! Com acabamentos de alto padr\u00e3o e infraestrutura completa, Ipanema \u00e9 um dos bairros com os melhores im\u00f3veis de luxo do Rio de Janeiro. Conhe\u00e7a agora mesmo os melhores <a href=\"https:\/\/luxury.invexo.com.br\/bairro\/ipanema\/?utm_source=blog&amp;utm_medium=blocomeio\" target=\"_blank\" rel=\"noreferrer noopener\">im\u00f3veis de luxo \u00e0 venda em Ipanema<\/a>!<\/p>\n\n\n\n<figure class=\"wp-block-image size-full\"><a href=\"https:\/\/luxury.invexo.com.br\/bairro\/ipanema\/?utm_source=blog&amp;utm_medium=blocomeio\" target=\"_blank\" rel=\"noopener\"><img decoding=\"async\" width=\"1300\" height=\"280\" src=\"https:\/\/invexo.com.br\/blog\/wp-content\/uploads\/2022\/08\/imoveis-residenciais-ipanema-rio-de-janeiro-rj-calcadao-de-ipanema.jpg\" alt=\"Im\u00f3veis de luxo \u00e0 venda em Ipanema RJ\" class=\"wp-image-28981\" srcset=\"https:\/\/invexo.com.br\/blog\/wp-content\/uploads\/2022\/08\/imoveis-residenciais-ipanema-rio-de-janeiro-rj-calcadao-de-ipanema.jpg 1300w, https:\/\/invexo.com.br\/blog\/wp-content\/uploads\/2022\/08\/imoveis-residenciais-ipanema-rio-de-janeiro-rj-calcadao-de-ipanema-300x65.jpg 300w, https:\/\/invexo.com.br\/blog\/wp-content\/uploads\/2022\/08\/imoveis-residenciais-ipanema-rio-de-janeiro-rj-calcadao-de-ipanema-1024x221.jpg 1024w, https:\/\/invexo.com.br\/blog\/wp-content\/uploads\/2022\/08\/imoveis-residenciais-ipanema-rio-de-janeiro-rj-calcadao-de-ipanema-768x165.jpg 768w\" sizes=\"(max-width: 1300px) 100vw, 1300px\" \/><\/a><\/figure>\n\n\n\n<h2 class=\"wp-block-heading\">Como funcionam as autoescolas perto de Ipanema<\/h2>\n\n\n\n<p>Ao ingressar em uma autoescola, o futuro condutor passar\u00e1 por um curso te\u00f3rico com carga de 45 horas\/aula, nas quais ir\u00e1 aprender sobre dire\u00e7\u00e3o defensiva, legisla\u00e7\u00e3o de tr\u00e2nsito, mec\u00e2nica, cidadania, entre outros t\u00f3picos.<\/p>\n\n\n\n<p>Finalizado essa etapa, o aluno far\u00e1 a prova te\u00f3rica, na qual dever\u00e1 obter, no m\u00ednimo, 70% de acerto. Ao ser aprovado, ele poder\u00e1 iniciar as aulas de dire\u00e7\u00e3o.<\/p>\n\n\n\n<p>O aluno participar\u00e1 de 20 aulas pr\u00e1ticas, dirigindo o ve\u00edculo em variadas condi\u00e7\u00f5es <strong>\u2014<\/strong> como dia, noite, chuva e tr\u00e2nsito intenso, por exemplo.<\/p>\n\n\n\n<p>Ao fim das aulas, \u00e9 aplicada a prova pr\u00e1tica de dire\u00e7\u00e3o com testes espec\u00edficos. Por fim, o aluno deve passar por exames m\u00e9dicos e psicol\u00f3gicos, agendados pela pr\u00f3pria autoescola.&nbsp;<\/p>\n\n\n\n<p>Agora que voc\u00ea j\u00e1 sabe um pouco sobre o processo para tirar a primeira habilita\u00e7\u00e3o, vamos mostrar algumas das autoescolas localizadas em Ipanema e outros bairros ao redor.<\/p>\n\n\n\n<p>Lembrando que, para dar entrada no processo da CNH, \u00e9 preciso ter no m\u00ednimo 18 anos de idade, ok?<\/p>\n\n\n\n<h2 class=\"wp-block-heading\">Autoescola Canada Ipanema<\/h2>\n\n\n\n<p>A <a href=\"https:\/\/www.instagram.com\/canadaautoescola\/\" target=\"_blank\" rel=\"noreferrer noopener\">Autoescola Canad\u00e1<\/a> trabalha h\u00e1 cerca de 50 anos guiando os alunos de Ipanema a realizar o sonho de ter a carteira de habilita\u00e7\u00e3o em m\u00e3os.<\/p>\n\n\n\n<p>Com atendimento especializado desde a recep\u00e7\u00e3o, quem precisa dos servi\u00e7os do centro de forma\u00e7\u00e3o pode contar com a aten\u00e7\u00e3o de profissionais capacitados para formar novos condutores.<\/p>\n\n\n\n<p>Na Autoescola Canad\u00e1 em Ipanema s\u00e3o oferecidos os seguintes servi\u00e7os:<\/p>\n\n\n\n<ul><li>Primeira habilita\u00e7\u00e3o de categoria A (moto);<\/li><li>Primeira habilita\u00e7\u00e3o de categoria B (carro);<\/li><li>Adi\u00e7\u00e3o de categoria A ou B \u00e0 CNH;<\/li><li>Curso de reciclagem.<\/li><\/ul>\n\n\n\n<p><strong>Endere\u00e7o:<\/strong>&nbsp;Rua Visconde de Piraj\u00e1, 580, Edif\u00edcio Vitrine de Ipanema, Loja 115, Subsolo.<br><strong>Hor\u00e1rio de Atendimento:<br><\/strong>De segunda a sexta-feira: das 08h30 \u00e0s 19h.<br>S\u00e1bados: das 08h30 \u00e0s 13h.<\/p>\n\n\n\n<h2 class=\"wp-block-heading\">Autoescola Marcos Copacabana<\/h2>\n\n\n\n<p>A <a href=\"https:\/\/autoescolamarcos.com.br\/frota.html\" target=\"_blank\" rel=\"noreferrer noopener\">Autoescola Marcos<\/a> est\u00e1 a quase 30 anos formando novos condutores no bairro de Copacabana e vizinhan\u00e7a <strong>\u2014<\/strong> incluindo os moradores de Ipanema.<\/p>\n\n\n\n<p>Com alto \u00edndice de aprova\u00e7\u00e3o de seus alunos, a escola ganhou destaque na \u00e1rea e oferece v\u00e1rios servi\u00e7os em seu espa\u00e7o.<\/p>\n\n\n\n<p>Na Autoescola Marcos em Copacabana, o futuro motorista\/piloto pode se capacitar para habilita\u00e7\u00e3o de carro ou moto.<\/p>\n\n\n\n<p>Para aqueles que j\u00e1 t\u00eam o documento em m\u00e3os, ela oferece o curso de reciclagem.<\/p>\n\n\n\n<p>Os instrutores de teoria e de pr\u00e1tica s\u00e3o especializados, o que faz com que alunos de diferentes faixas et\u00e1rias procurem as aulas <strong>\u2014<\/strong> incluindo a terceira idade.<\/p>\n\n\n\n<figure class=\"wp-block-image size-large\"><a href=\"https:\/\/invexo.com.br\/apartamento-em-ipanema\/\" target=\"_blank\" rel=\"noopener noreferrer\"><img decoding=\"async\" width=\"1024\" height=\"576\" src=\"https:\/\/invexo.com.br\/blog\/wp-content\/uploads\/2021\/11\/autoescola-ipanema-rj-1024x576.jpg\" alt=\"autoescola-ipanema-rj\" class=\"wp-image-24138\" srcset=\"https:\/\/invexo.com.br\/blog\/wp-content\/uploads\/2021\/11\/autoescola-ipanema-rj-1024x576.jpg 1024w, https:\/\/invexo.com.br\/blog\/wp-content\/uploads\/2021\/11\/autoescola-ipanema-rj-300x169.jpg 300w, https:\/\/invexo.com.br\/blog\/wp-content\/uploads\/2021\/11\/autoescola-ipanema-rj-768x432.jpg 768w, https:\/\/invexo.com.br\/blog\/wp-content\/uploads\/2021\/11\/autoescola-ipanema-rj-940x529.jpg 940w, https:\/\/invexo.com.br\/blog\/wp-content\/uploads\/2021\/11\/autoescola-ipanema-rj.jpg 1280w\" sizes=\"(max-width: 1024px) 100vw, 1024px\" \/><\/a><\/figure>\n\n\n\n<p>Os servi\u00e7os oferecidos pela Autoescola Marcos s\u00e3o:<\/p>\n\n\n\n<ul><li>Primeira via da habilita\u00e7\u00e3o de carro e\/ou moto;<\/li><li>Adi\u00e7\u00e3o de categoria de carro ou moto;<\/li><li>Renova\u00e7\u00e3o de habilita\u00e7\u00e3o para maiores que 60 anos;<\/li><li>Curso de reciclagem de CNH;<\/li><\/ul>\n\n\n\n<p>O curso de Reciclagem de CNH \u00e9 um dos grandes destaques da empresa. As aulas re\u00fanem motoristas com anos de habilita\u00e7\u00e3o e, nelas, os conhecimentos sobre tr\u00e2nsito e dire\u00e7\u00e3o s\u00e3o relembrados e divididos em sala.&nbsp;<\/p>\n\n\n\n<p><strong>Endere\u00e7o<\/strong>: Avenida Nossa Senhora de Copacabana, 542, Sala 202,  Copacabana.<br><strong>Hor\u00e1rio de atendimento<\/strong>:<br>De segunda a sexta-feira: das 08h \u00e0s 20h.<br>S\u00e1bados: das 08h \u00e0s 12h.<\/p>\n\n\n\n<h2 class=\"wp-block-heading\">Autoescola Copa Sul<\/h2>\n\n\n\n<p>A <a href=\"https:\/\/www.instagram.com\/autoescolacopasul\/?hl=pt-br\" target=\"_blank\" rel=\"noreferrer noopener\">Autoescola Copa Sul<\/a> \u00e9 um Centro de Forma\u00e7\u00e3o de Condutores que trabalha com o prop\u00f3sito de ajudar os alunos a tirarem a habilita\u00e7\u00e3o de forma simples e r\u00e1pida.<\/p>\n\n\n\n<p>Atendendo ao bairro de Copacabana e toda a regi\u00e3o da Zona Sul carioca, a escola oferece servi\u00e7os de habilita\u00e7\u00e3o e inclus\u00e3o de categorias.<\/p>\n\n\n\n<p>Desse modo, na Autoescola Copa Sul voc\u00ea tem \u00e0 sua disposi\u00e7\u00e3o as seguintes alternativas:<\/p>\n\n\n\n<ul><li>Inclus\u00e3o de Carro (Categoria B);<\/li><li>Habilita\u00e7\u00e3o AB (moto e carro);<\/li><li>Inclus\u00e3o de moto (Categoria A);<\/li><li>Habilita\u00e7\u00e3o Categoria B (carro);<\/li><li>Habilita\u00e7\u00e3o Categoria A (moto).<\/li><\/ul>\n\n\n\n<p><strong>Endere\u00e7o:<\/strong> Avenida Nossa Senhora de Copacabana, 749, Sala 808, Copacabana.<br><strong>Hor\u00e1rio de Atendimento:<\/strong><br>De segunda a sexta-feira: das 08h \u00e0s 20h.<br>S\u00e1bados: das 08h \u00e0s 13h.<\/p>\n\n\n\n<h2 class=\"wp-block-heading\">Como escolher a melhor Autoescola em Ipanema e regi\u00e3o<\/h2>\n\n\n\n<p>Tornar-se um condutor de ve\u00edculos \u00e9 um passo muito importante. Portanto, ter por perto os melhores instrutores \u00e9 essencial para ter sucesso na tarefa.<\/p>\n\n\n\n<p>Por isso, todas as alternativas de autoescola devem ser avaliadas com aten\u00e7\u00e3o antes de fazer a escolha.<\/p>\n\n\n\n<p>A princ\u00edpio, as pessoas tendem a escolher a op\u00e7\u00e3o com base no valor mais acess\u00edvel. Por\u00e9m, existem outras quest\u00f5es que devem ser levadas em considera\u00e7\u00e3o na hora de eleger o local onde ir\u00e1 tirar a habilita\u00e7\u00e3o.<\/p>\n\n\n\n<p>Para ajudar, separamos alguns detalhes que devem estar em sua lista de avalia\u00e7\u00e3o quando for pesquisar as empresas dispon\u00edveis. Confira!<\/p>\n\n\n\n<h3 class=\"wp-block-heading\">Verifique se a empresa tem credenciamento<\/h3>\n\n\n\n<p>\u00c9 essencial que a autoescola esteja com o credenciamento em dia, junto ao Detran, para que possa capacitar os novos condutores.<\/p>\n\n\n\n<p>Ent\u00e3o, para saber se a empresa trabalha de acordo com a lei, voc\u00ea tem 2 op\u00e7\u00f5es: <\/p>\n\n\n\n<ul><li><strong>Pe\u00e7a informa\u00e7\u00e3o no estabelecimento<\/strong>: basta solicitar a documenta\u00e7\u00e3o de credenciamento do Detran \u00e0 escola;<\/li><li><strong>Pesquisa online<\/strong>: busque informa\u00e7\u00f5es sobre a autoescola diretamente no site do Detran.<\/li><\/ul>\n\n\n\n<h3 class=\"wp-block-heading\">Procure por recomenda\u00e7\u00f5es<\/h3>\n\n\n\n<p>Uma pesquisa r\u00e1pida com familiares, amigos e conhecidos pode ajudar na escolha por aquela que ser\u00e1 a melhor op\u00e7\u00e3o para o seu caso.<\/p>\n\n\n\n<p>Outra ideia interessante \u00e9 buscar nas redes sociais e em outros sites a reputa\u00e7\u00e3o das empresas, vendo coment\u00e1rios e avalia\u00e7\u00f5es de ex-alunos.<\/p>\n\n\n\n<h3 class=\"wp-block-heading\">Conhe\u00e7a a estrutura oferecida<\/h3>\n\n\n\n<p>Se a autoescola se preocupa em contratar profissionais especializados, assim como preza por ter bons ve\u00edculos para as aulas pr\u00e1ticas, \u00e9 um sinal de que trabalha com seriedade.<\/p>\n\n\n\n<p>Do mesmo modo, a estrutura f\u00edsica precisa ser bem organizada, com um bom espa\u00e7o para as aulas te\u00f3ricas. Esse cuidado demonstra que a empresa est\u00e1 atenta \u00e0 seguran\u00e7a e ao aprendizado dos alunos.<\/p>\n\n\n\n<h3 class=\"wp-block-heading\">Saiba se a autoescola tem um bom \u00edndice de aprova\u00e7\u00e3o<\/h3>\n\n\n\n<p>Sabemos que passar ou n\u00e3o em uma prova dessa import\u00e2ncia depende de v\u00e1rios fatores e, entre eles, est\u00e1 a metodologia oferecida.<\/p>\n\n\n\n<figure class=\"wp-block-embed is-type-video is-provider-youtube wp-block-embed-youtube wp-embed-aspect-16-9 wp-has-aspect-ratio\"><div class=\"wp-block-embed__wrapper\">\n<iframe title=\"Detalhes que REPROVAM no Exame de dire\u00e7\u00e3o #DirigirEuPosso #LegTransito\" width=\"720\" height=\"405\" src=\"https:\/\/www.youtube.com\/embed\/Oc5xmS0xhEQ?feature=oembed\" frameborder=\"0\" allow=\"accelerometer; autoplay; clipboard-write; encrypted-media; gyroscope; picture-in-picture\" allowfullscreen><\/iframe>\n<\/div><\/figure>\n\n\n\n<p>Mas ter altas taxas de aprova\u00e7\u00e3o ou de reprova\u00e7\u00e3o pode ser um interessante indicador sobre a qualidade de ensino da autoescola.<\/p>\n\n\n\n<h2 class=\"wp-block-heading\">Qualidade de vida na Zona Sul carioca<\/h2>\n\n\n\n<p>A Zona Sul da cidade do Rio de Janeiro oferece aos moradores uma excelente qualidade de vida e, por isso, tem alguns dos <a href=\"https:\/\/invexo.com.br\/blog\/onde-viver-no-rio-de-janeiro-3-melhores-bairros\/\" target=\"_blank\" rel=\"noreferrer noopener\">melhores bairros para morar no Rio de Janeiro<\/a>.<\/p>\n\n\n\n<p>Os melhores bairros que fazem parte desta regi\u00e3o s\u00e3o:<\/p>\n\n\n\n<ul><li><a rel=\"noreferrer noopener\" href=\"https:\/\/invexo.com.br\/blog\/bairro-ipanema\/\" target=\"_blank\">Ipanema<\/a>;<\/li><li><a rel=\"noreferrer noopener\" href=\"https:\/\/invexo.com.br\/blog\/botafogo-o-bairro-que-deu-nome-ao-time\/\" target=\"_blank\">Botafogo<\/a>;<\/li><li><a rel=\"noreferrer noopener\" href=\"https:\/\/invexo.com.br\/blog\/morar-em-copacabana-rio-de-janeiro\/\" target=\"_blank\">Copacabana<\/a>;<\/li><li><a rel=\"noreferrer noopener\" href=\"https:\/\/invexo.com.br\/blog\/conheca-o-bairro-lagoa-rj-e-as-vantagens-de-morar-na-regiao\/\" target=\"_blank\">Lagoa<\/a>;<\/li><li><a rel=\"noreferrer noopener\" href=\"https:\/\/invexo.com.br\/blog\/por-que-morar-na-gavea\/\" target=\"_blank\">G\u00e1vea<\/a>;<\/li><li><a rel=\"noreferrer noopener\" href=\"https:\/\/invexo.com.br\/blog\/conheca-o-bairro-do-jardim-botanico-no-rio-de-janeiro\/\" target=\"_blank\">Jardim Bot\u00e2nico<\/a>;<\/li><li><a rel=\"noreferrer noopener\" href=\"https:\/\/invexo.com.br\/blog\/morar-na-urca-rio-de-janeiro-rj\/\" target=\"_blank\">Urca<\/a>;<\/li><li>S\u00e3o Conrado;<\/li><li><a href=\"https:\/\/invexo.com.br\/blog\/rio-de-janeiro-leblon\/\" target=\"_blank\" rel=\"noreferrer noopener\">Leblon<\/a>.&nbsp;<\/li><\/ul>\n\n\n\n<p>Na regi\u00e3o, considerada \u00e1rea nobre e privilegiada da cidade, est\u00e3o localizadas famosas praias e hot\u00e9is.<\/p>\n\n\n\n<p>O equil\u00edbrio entre o urbano e a natureza d\u00e1 um charme especial \u00e0 \u00e1rea, fazendo com que a Zona Sul receba, durante todo o ano, diferentes moradores e visitantes.<\/p>\n\n\n\n<p>Por ter muitos atrativos e ser segura, a Zona Sul est\u00e1 entre as regi\u00f5es preferidas dos turistas para hospedagem, tais como o <a href=\"https:\/\/invexo.com.br\/blog\/sheraton-leblon\/\" target=\"_blank\" rel=\"noreferrer noopener\">Sheraton Hotel Leblon<\/a>, <a href=\"https:\/\/invexo.com.br\/blog\/ritz-leblon\/\" target=\"_blank\" rel=\"noreferrer noopener\">Ritz Leblon<\/a>, <a href=\"https:\/\/invexo.com.br\/blog\/arena-ipanema-hotel\/\" target=\"_blank\" rel=\"noreferrer noopener\">Arena Ipanema Hotel<\/a>, <a href=\"https:\/\/invexo.com.br\/blog\/hotel-marina\/\" target=\"_blank\" rel=\"noreferrer noopener\">Marina Palace Leblon<\/a>, entre outros.<\/p>\n\n\n\n<p>O transporte na regi\u00e3o conta com linhas de \u00f4nibus, metr\u00f4 e at\u00e9 um trem tur\u00edstico: o Trem do Corcovado.<\/p>\n\n\n\n<p>Algumas das praias mais visitadas do Brasil est\u00e3o localizadas na Zona Sul do Rio de Janeiro como, por exemplo: a Praia de Copacabana, a <a href=\"https:\/\/invexo.com.br\/blog\/praia-de-ipanema\/\" target=\"_blank\" rel=\"noreferrer noopener\">Praia de Ipanema<\/a>, a <a href=\"https:\/\/invexo.com.br\/blog\/praia-do-arpoador-ipanema-rj\/\" target=\"_blank\" rel=\"noreferrer noopener\">Praia do Arpoador<\/a> e v\u00e1rias outras.<\/p>\n\n\n\n<p>O morador e o visitante da Zona Sul tem \u00e0 sua disposi\u00e7\u00e3o hospitais e cl\u00ednicas renomadas, que est\u00e3o prontas para fazer atendimentos de sa\u00fade necess\u00e1rios. <\/p>\n\n\n\n<p>Assim, entre os principais nomes temos, por exemplo, algumas unidades do Hospital D&#8217;Or e hospitais federais e militares.<\/p>\n\n\n\n<p>Al\u00e9m disso, por toda a extens\u00e3o da \u00e1rea, s\u00e3o encontrados diversos com\u00e9rcios de qualidade e servi\u00e7os essenciais para a rotina.<\/p>\n\n\n\n<p>Ent\u00e3o n\u00e3o deixe de conferir o melhor da Zona Sul carioca com a INVEXO. Contamos com uma ampla oferta de im\u00f3veis residenciais e comerciais nos <a rel=\"noreferrer noopener\" href=\"https:\/\/invexo.com.br\/blog\/bairros-nobres-do-rio-de-janeiro\/\" target=\"_blank\">bairros nobres do Rio de Janeiro<\/a>.<\/p>\n\n\n\n<div class=\"wp-block-group\"><div class=\"wp-block-group__inner-container is-layout-flow wp-block-group-is-layout-flow\">\n<p>Oportunidades \u00fanicas de im\u00f3veis em Ipanema! Fa\u00e7a parte do nosso&nbsp;<strong><a href=\"https:\/\/whatsapp.com\/channel\/0029VaBTv8v8F2pN1nbKfn0a\">canal exclusivo no WhatsApp<\/a><\/strong>&nbsp;e tenha acesso antecipado aos im\u00f3veis \u00e0 venda na regi\u00e3o com a maior demanda do Rio de Janeiro.<\/p>\n\n\n<div class=\"\"><div class='_form_6'><\/div><script type='text\/javascript' src='https:\/\/invexo.activehosted.com\/f\/embed.php?static=0&id=6&69EF21066CD0B&nostyles=0&preview=0'><\/script><\/div>\n\n\n<p><\/p>\n\n\n\n<p>Ipanema, localizada na Zona Sul carioca, \u00e9 um dos melhores e mais nobres bairros para se viver no Rio de Janeiro. Conhe\u00e7a hoje mesmo os <a href=\"https:\/\/luxury.invexo.com.br\/bairro\/ipanema\/?utm_source=blog&amp;utm_medium=blocofim\" target=\"_blank\" rel=\"noreferrer noopener\">im\u00f3veis residenciais de luxo em Ipanema<\/a> com a INVEXO, imobili\u00e1ria especializada em im\u00f3veis de luxo no Rio de Janeiro.<\/p>\n\n\n\n<figure class=\"wp-block-image size-full\"><a href=\"https:\/\/luxury.invexo.com.br\/bairro\/ipanema\/?utm_source=blog&amp;utm_medium=blocofim\" target=\"_blank\" rel=\"noopener\"><img decoding=\"async\" width=\"1300\" height=\"280\" src=\"https:\/\/invexo.com.br\/blog\/wp-content\/uploads\/2022\/08\/imoveis-residenciais-ipanema-rio-de-janeiro-rj-calcadao-de-ipanema.jpg\" alt=\"Im\u00f3veis de luxo \u00e0 venda em Ipanema RJ\" class=\"wp-image-28981\" srcset=\"https:\/\/invexo.com.br\/blog\/wp-content\/uploads\/2022\/08\/imoveis-residenciais-ipanema-rio-de-janeiro-rj-calcadao-de-ipanema.jpg 1300w, https:\/\/invexo.com.br\/blog\/wp-content\/uploads\/2022\/08\/imoveis-residenciais-ipanema-rio-de-janeiro-rj-calcadao-de-ipanema-300x65.jpg 300w, https:\/\/invexo.com.br\/blog\/wp-content\/uploads\/2022\/08\/imoveis-residenciais-ipanema-rio-de-janeiro-rj-calcadao-de-ipanema-1024x221.jpg 1024w, https:\/\/invexo.com.br\/blog\/wp-content\/uploads\/2022\/08\/imoveis-residenciais-ipanema-rio-de-janeiro-rj-calcadao-de-ipanema-768x165.jpg 768w\" sizes=\"(max-width: 1300px) 100vw, 1300px\" \/><\/a><\/figure>\n<\/div><\/div>\n","protected":false},"excerpt":{"rendered":"<p>Quem procura por boas op\u00e7\u00f5es de autoescola perto de Ipanema, na Zona Sul carioca, vai encontrar aqui todas as informa\u00e7\u00f5es de que precisam.<\/p>\n","protected":false},"author":2,"featured_media":24137,"comment_status":"closed","ping_status":"closed","sticky":false,"template":"","format":"standard","meta":{"_acf_changed":false,"_kad_blocks_custom_css":"","_kad_blocks_head_custom_js":"","_kad_blocks_body_custom_js":"","_kad_blocks_footer_custom_js":"","_kadence_starter_templates_imported_post":false,"_kad_post_transparent":"","_kad_post_title":"","_kad_post_layout":"","_kad_post_sidebar_id":"","_kad_post_content_style":"","_kad_post_vertical_padding":"","_kad_post_feature":"","_kad_post_feature_position":"","_kad_post_header":false,"_kad_post_footer":false,"footnotes":""},"categories":[10,15],"tags":[635],"acf":[],"yoast_head":"<!-- This site is optimized with the Yoast SEO plugin v24.1 - https:\/\/yoast.com\/wordpress\/plugins\/seo\/ -->\n<title>Autoescola Ipanema e regi\u00e3o \u2013 Conhe\u00e7a as principais da Zona Sul<\/title>\n<meta name=\"description\" content=\"Quem procura por boas op\u00e7\u00f5es de autoescola perto de Ipanema, na Zona Sul carioca, vai encontrar aqui todas as informa\u00e7\u00f5es de que precisam.\" \/>\n<meta name=\"robots\" content=\"index, follow, max-snippet:-1, max-image-preview:large, max-video-preview:-1\" \/>\n<link rel=\"canonical\" href=\"https:\/\/invexo.com.br\/blog\/autoescola-ipanema\/\" \/>\n<meta property=\"og:locale\" content=\"pt_BR\" \/>\n<meta property=\"og:type\" content=\"article\" \/>\n<meta property=\"og:title\" content=\"Autoescola Ipanema e regi\u00e3o \u2013 Conhe\u00e7a as principais da Zona Sul\" \/>\n<meta property=\"og:description\" content=\"Quem procura por boas op\u00e7\u00f5es de autoescola perto de Ipanema, na Zona Sul carioca, vai encontrar aqui todas as informa\u00e7\u00f5es de que precisam.\" \/>\n<meta property=\"og:url\" content=\"https:\/\/invexo.com.br\/blog\/autoescola-ipanema\/\" \/>\n<meta property=\"og:site_name\" content=\"Not\u00edcias RJ\" \/>\n<meta property=\"article:publisher\" content=\"https:\/\/facebook.com\/invexo\" \/>\n<meta property=\"article:author\" content=\"https:\/\/facebook.com\/invexo\" \/>\n<meta property=\"article:published_time\" content=\"2021-12-24T08:00:00+00:00\" \/>\n<meta property=\"article:modified_time\" content=\"2022-12-29T14:54:00+00:00\" \/>\n<meta property=\"og:image\" content=\"https:\/\/invexo.com.br\/blog\/wp-content\/uploads\/2021\/11\/autoescola-ipanema.jpg\" \/>\n\t<meta property=\"og:image:width\" content=\"1280\" \/>\n\t<meta property=\"og:image:height\" content=\"720\" \/>\n\t<meta property=\"og:image:type\" content=\"image\/jpeg\" \/>\n<meta name=\"author\" content=\"Ronnie Possatti\" \/>\n<meta name=\"twitter:card\" content=\"summary_large_image\" \/>\n<meta name=\"twitter:creator\" content=\"@https:\/\/twitter.com\/invexoimoveis\" \/>\n<meta name=\"twitter:site\" content=\"@invexoimoveis\" \/>\n<meta name=\"twitter:label1\" content=\"Escrito por\" \/>\n\t<meta name=\"twitter:data1\" content=\"Ronnie Possatti\" \/>\n\t<meta name=\"twitter:label2\" content=\"Est. tempo de leitura\" \/>\n\t<meta name=\"twitter:data2\" content=\"8 minutos\" \/>\n<script type=\"application\/ld+json\" class=\"yoast-schema-graph\">{\"@context\":\"https:\/\/schema.org\",\"@graph\":[{\"@type\":\"Article\",\"@id\":\"https:\/\/invexo.com.br\/blog\/autoescola-ipanema\/#article\",\"isPartOf\":{\"@id\":\"https:\/\/invexo.com.br\/blog\/autoescola-ipanema\/\"},\"author\":{\"name\":\"Ronnie Possatti\",\"@id\":\"https:\/\/invexo.com.br\/blog\/#\/schema\/person\/36bee32f1cfacde03dc4c9622a58778d\"},\"headline\":\"Autoescola Ipanema e regi\u00e3o \u2013 Veja as principais da Zona Sul\",\"datePublished\":\"2021-12-24T08:00:00+00:00\",\"dateModified\":\"2022-12-29T14:54:00+00:00\",\"mainEntityOfPage\":{\"@id\":\"https:\/\/invexo.com.br\/blog\/autoescola-ipanema\/\"},\"wordCount\":1495,\"publisher\":{\"@id\":\"https:\/\/invexo.com.br\/blog\/#organization\"},\"image\":{\"@id\":\"https:\/\/invexo.com.br\/blog\/autoescola-ipanema\/#primaryimage\"},\"thumbnailUrl\":\"https:\/\/invexo.com.br\/blog\/wp-content\/uploads\/2021\/11\/autoescola-ipanema.jpg\",\"keywords\":[\"Ipanema\"],\"articleSection\":[\"Bairros\",\"Informa\u00e7\u00f5es\"],\"inLanguage\":\"pt-BR\"},{\"@type\":\"WebPage\",\"@id\":\"https:\/\/invexo.com.br\/blog\/autoescola-ipanema\/\",\"url\":\"https:\/\/invexo.com.br\/blog\/autoescola-ipanema\/\",\"name\":\"Autoescola Ipanema e regi\u00e3o \u2013 Conhe\u00e7a as principais da Zona Sul\",\"isPartOf\":{\"@id\":\"https:\/\/invexo.com.br\/blog\/#website\"},\"primaryImageOfPage\":{\"@id\":\"https:\/\/invexo.com.br\/blog\/autoescola-ipanema\/#primaryimage\"},\"image\":{\"@id\":\"https:\/\/invexo.com.br\/blog\/autoescola-ipanema\/#primaryimage\"},\"thumbnailUrl\":\"https:\/\/invexo.com.br\/blog\/wp-content\/uploads\/2021\/11\/autoescola-ipanema.jpg\",\"datePublished\":\"2021-12-24T08:00:00+00:00\",\"dateModified\":\"2022-12-29T14:54:00+00:00\",\"description\":\"Quem procura por boas op\u00e7\u00f5es de autoescola perto de Ipanema, na Zona Sul carioca, vai encontrar aqui todas as informa\u00e7\u00f5es de que precisam.\",\"breadcrumb\":{\"@id\":\"https:\/\/invexo.com.br\/blog\/autoescola-ipanema\/#breadcrumb\"},\"inLanguage\":\"pt-BR\",\"potentialAction\":[{\"@type\":\"ReadAction\",\"target\":[\"https:\/\/invexo.com.br\/blog\/autoescola-ipanema\/\"]}]},{\"@type\":\"ImageObject\",\"inLanguage\":\"pt-BR\",\"@id\":\"https:\/\/invexo.com.br\/blog\/autoescola-ipanema\/#primaryimage\",\"url\":\"https:\/\/invexo.com.br\/blog\/wp-content\/uploads\/2021\/11\/autoescola-ipanema.jpg\",\"contentUrl\":\"https:\/\/invexo.com.br\/blog\/wp-content\/uploads\/2021\/11\/autoescola-ipanema.jpg\",\"width\":1280,\"height\":720,\"caption\":\"Tirar a CNH \u00e9 um grande passo a ser dado\"},{\"@type\":\"BreadcrumbList\",\"@id\":\"https:\/\/invexo.com.br\/blog\/autoescola-ipanema\/#breadcrumb\",\"itemListElement\":[{\"@type\":\"ListItem\",\"position\":1,\"name\":\"Blog\",\"item\":\"https:\/\/invexo.com.br\/blog\/\"},{\"@type\":\"ListItem\",\"position\":2,\"name\":\"Bairros\",\"item\":\"https:\/\/invexo.com.br\/blog\/categoria\/bairros\/\"},{\"@type\":\"ListItem\",\"position\":3,\"name\":\"Autoescola Ipanema e regi\u00e3o \u2013 Veja as principais da Zona Sul\"}]},{\"@type\":\"WebSite\",\"@id\":\"https:\/\/invexo.com.br\/blog\/#website\",\"url\":\"https:\/\/invexo.com.br\/blog\/\",\"name\":\"Not\u00edcias RJ\",\"description\":\"Not\u00edcias sobre im\u00f3veis, financiamento, mercado imobili\u00e1rio do Rio de Janeiro. Informa\u00e7\u00f5es sobre Bairros, Condom\u00ednios e Regi\u00e3o do Rio de Janeiro.\",\"publisher\":{\"@id\":\"https:\/\/invexo.com.br\/blog\/#organization\"},\"potentialAction\":[{\"@type\":\"SearchAction\",\"target\":{\"@type\":\"EntryPoint\",\"urlTemplate\":\"https:\/\/invexo.com.br\/blog\/?s={search_term_string}\"},\"query-input\":{\"@type\":\"PropertyValueSpecification\",\"valueRequired\":true,\"valueName\":\"search_term_string\"}}],\"inLanguage\":\"pt-BR\"},{\"@type\":\"Organization\",\"@id\":\"https:\/\/invexo.com.br\/blog\/#organization\",\"name\":\"INVEXO Imobili\u00e1ria\",\"url\":\"https:\/\/invexo.com.br\/blog\/\",\"logo\":{\"@type\":\"ImageObject\",\"inLanguage\":\"pt-BR\",\"@id\":\"https:\/\/invexo.com.br\/blog\/#\/schema\/logo\/image\/\",\"url\":\"https:\/\/invexo.com.br\/blog\/wp-content\/uploads\/2018\/09\/invexo-80-melhor.png\",\"contentUrl\":\"https:\/\/invexo.com.br\/blog\/wp-content\/uploads\/2018\/09\/invexo-80-melhor.png\",\"width\":247,\"height\":80,\"caption\":\"INVEXO Imobili\u00e1ria\"},\"image\":{\"@id\":\"https:\/\/invexo.com.br\/blog\/#\/schema\/logo\/image\/\"},\"sameAs\":[\"https:\/\/facebook.com\/invexo\",\"https:\/\/x.com\/invexoimoveis\"]},{\"@type\":\"Person\",\"@id\":\"https:\/\/invexo.com.br\/blog\/#\/schema\/person\/36bee32f1cfacde03dc4c9622a58778d\",\"name\":\"Ronnie Possatti\",\"image\":{\"@type\":\"ImageObject\",\"inLanguage\":\"pt-BR\",\"@id\":\"https:\/\/invexo.com.br\/blog\/#\/schema\/person\/image\/\",\"url\":\"https:\/\/secure.gravatar.com\/avatar\/51a6cdcc215551235c39affb853f1e38?s=96&d=blank&r=g\",\"contentUrl\":\"https:\/\/secure.gravatar.com\/avatar\/51a6cdcc215551235c39affb853f1e38?s=96&d=blank&r=g\",\"caption\":\"Ronnie Possatti\"},\"description\":\"Equipe de especialistas que traz para seus leitores conte\u00fados relevantes e de qualidade sobre bairros, condom\u00ednios, lan\u00e7amentos e not\u00edcias imobili\u00e1rias no Rio de Janeiro.\",\"sameAs\":[\"https:\/\/facebook.com\/invexo\",\"https:\/\/instagram.com\/invexo\",\"https:\/\/x.com\/https:\/\/twitter.com\/invexoimoveis\"],\"url\":\"https:\/\/invexo.com.br\/blog\/author\/invexo\/\"}]}<\/script>\n<!-- \/ Yoast SEO plugin. -->","yoast_head_json":{"title":"Autoescola Ipanema e regi\u00e3o \u2013 Conhe\u00e7a as principais da Zona Sul","description":"Quem procura por boas op\u00e7\u00f5es de autoescola perto de Ipanema, na Zona Sul carioca, vai encontrar aqui todas as informa\u00e7\u00f5es de que precisam.","robots":{"index":"index","follow":"follow","max-snippet":"max-snippet:-1","max-image-preview":"max-image-preview:large","max-video-preview":"max-video-preview:-1"},"canonical":"https:\/\/invexo.com.br\/blog\/autoescola-ipanema\/","og_locale":"pt_BR","og_type":"article","og_title":"Autoescola Ipanema e regi\u00e3o \u2013 Conhe\u00e7a as principais da Zona Sul","og_description":"Quem procura por boas op\u00e7\u00f5es de autoescola perto de Ipanema, na Zona Sul carioca, vai encontrar aqui todas as informa\u00e7\u00f5es de que precisam.","og_url":"https:\/\/invexo.com.br\/blog\/autoescola-ipanema\/","og_site_name":"Not\u00edcias RJ","article_publisher":"https:\/\/facebook.com\/invexo","article_author":"https:\/\/facebook.com\/invexo","article_published_time":"2021-12-24T08:00:00+00:00","article_modified_time":"2022-12-29T14:54:00+00:00","og_image":[{"width":1280,"height":720,"url":"https:\/\/invexo.com.br\/blog\/wp-content\/uploads\/2021\/11\/autoescola-ipanema.jpg","type":"image\/jpeg"}],"author":"Ronnie Possatti","twitter_card":"summary_large_image","twitter_creator":"@https:\/\/twitter.com\/invexoimoveis","twitter_site":"@invexoimoveis","twitter_misc":{"Escrito por":"Ronnie Possatti","Est. tempo de leitura":"8 minutos"},"schema":{"@context":"https:\/\/schema.org","@graph":[{"@type":"Article","@id":"https:\/\/invexo.com.br\/blog\/autoescola-ipanema\/#article","isPartOf":{"@id":"https:\/\/invexo.com.br\/blog\/autoescola-ipanema\/"},"author":{"name":"Ronnie Possatti","@id":"https:\/\/invexo.com.br\/blog\/#\/schema\/person\/36bee32f1cfacde03dc4c9622a58778d"},"headline":"Autoescola Ipanema e regi\u00e3o \u2013 Veja as principais da Zona Sul","datePublished":"2021-12-24T08:00:00+00:00","dateModified":"2022-12-29T14:54:00+00:00","mainEntityOfPage":{"@id":"https:\/\/invexo.com.br\/blog\/autoescola-ipanema\/"},"wordCount":1495,"publisher":{"@id":"https:\/\/invexo.com.br\/blog\/#organization"},"image":{"@id":"https:\/\/invexo.com.br\/blog\/autoescola-ipanema\/#primaryimage"},"thumbnailUrl":"https:\/\/invexo.com.br\/blog\/wp-content\/uploads\/2021\/11\/autoescola-ipanema.jpg","keywords":["Ipanema"],"articleSection":["Bairros","Informa\u00e7\u00f5es"],"inLanguage":"pt-BR"},{"@type":"WebPage","@id":"https:\/\/invexo.com.br\/blog\/autoescola-ipanema\/","url":"https:\/\/invexo.com.br\/blog\/autoescola-ipanema\/","name":"Autoescola Ipanema e regi\u00e3o \u2013 Conhe\u00e7a as principais da Zona Sul","isPartOf":{"@id":"https:\/\/invexo.com.br\/blog\/#website"},"primaryImageOfPage":{"@id":"https:\/\/invexo.com.br\/blog\/autoescola-ipanema\/#primaryimage"},"image":{"@id":"https:\/\/invexo.com.br\/blog\/autoescola-ipanema\/#primaryimage"},"thumbnailUrl":"https:\/\/invexo.com.br\/blog\/wp-content\/uploads\/2021\/11\/autoescola-ipanema.jpg","datePublished":"2021-12-24T08:00:00+00:00","dateModified":"2022-12-29T14:54:00+00:00","description":"Quem procura por boas op\u00e7\u00f5es de autoescola perto de Ipanema, na Zona Sul carioca, vai encontrar aqui todas as informa\u00e7\u00f5es de que precisam.","breadcrumb":{"@id":"https:\/\/invexo.com.br\/blog\/autoescola-ipanema\/#breadcrumb"},"inLanguage":"pt-BR","potentialAction":[{"@type":"ReadAction","target":["https:\/\/invexo.com.br\/blog\/autoescola-ipanema\/"]}]},{"@type":"ImageObject","inLanguage":"pt-BR","@id":"https:\/\/invexo.com.br\/blog\/autoescola-ipanema\/#primaryimage","url":"https:\/\/invexo.com.br\/blog\/wp-content\/uploads\/2021\/11\/autoescola-ipanema.jpg","contentUrl":"https:\/\/invexo.com.br\/blog\/wp-content\/uploads\/2021\/11\/autoescola-ipanema.jpg","width":1280,"height":720,"caption":"Tirar a CNH \u00e9 um grande passo a ser dado"},{"@type":"BreadcrumbList","@id":"https:\/\/invexo.com.br\/blog\/autoescola-ipanema\/#breadcrumb","itemListElement":[{"@type":"ListItem","position":1,"name":"Blog","item":"https:\/\/invexo.com.br\/blog\/"},{"@type":"ListItem","position":2,"name":"Bairros","item":"https:\/\/invexo.com.br\/blog\/categoria\/bairros\/"},{"@type":"ListItem","position":3,"name":"Autoescola Ipanema e regi\u00e3o \u2013 Veja as principais da Zona Sul"}]},{"@type":"WebSite","@id":"https:\/\/invexo.com.br\/blog\/#website","url":"https:\/\/invexo.com.br\/blog\/","name":"Not\u00edcias RJ","description":"Not\u00edcias sobre im\u00f3veis, financiamento, mercado imobili\u00e1rio do Rio de Janeiro. Informa\u00e7\u00f5es sobre Bairros, Condom\u00ednios e Regi\u00e3o do Rio de Janeiro.","publisher":{"@id":"https:\/\/invexo.com.br\/blog\/#organization"},"potentialAction":[{"@type":"SearchAction","target":{"@type":"EntryPoint","urlTemplate":"https:\/\/invexo.com.br\/blog\/?s={search_term_string}"},"query-input":{"@type":"PropertyValueSpecification","valueRequired":true,"valueName":"search_term_string"}}],"inLanguage":"pt-BR"},{"@type":"Organization","@id":"https:\/\/invexo.com.br\/blog\/#organization","name":"INVEXO Imobili\u00e1ria","url":"https:\/\/invexo.com.br\/blog\/","logo":{"@type":"ImageObject","inLanguage":"pt-BR","@id":"https:\/\/invexo.com.br\/blog\/#\/schema\/logo\/image\/","url":"https:\/\/invexo.com.br\/blog\/wp-content\/uploads\/2018\/09\/invexo-80-melhor.png","contentUrl":"https:\/\/invexo.com.br\/blog\/wp-content\/uploads\/2018\/09\/invexo-80-melhor.png","width":247,"height":80,"caption":"INVEXO Imobili\u00e1ria"},"image":{"@id":"https:\/\/invexo.com.br\/blog\/#\/schema\/logo\/image\/"},"sameAs":["https:\/\/facebook.com\/invexo","https:\/\/x.com\/invexoimoveis"]},{"@type":"Person","@id":"https:\/\/invexo.com.br\/blog\/#\/schema\/person\/36bee32f1cfacde03dc4c9622a58778d","name":"Ronnie Possatti","image":{"@type":"ImageObject","inLanguage":"pt-BR","@id":"https:\/\/invexo.com.br\/blog\/#\/schema\/person\/image\/","url":"https:\/\/secure.gravatar.com\/avatar\/51a6cdcc215551235c39affb853f1e38?s=96&d=blank&r=g","contentUrl":"https:\/\/secure.gravatar.com\/avatar\/51a6cdcc215551235c39affb853f1e38?s=96&d=blank&r=g","caption":"Ronnie Possatti"},"description":"Equipe de especialistas que traz para seus leitores conte\u00fados relevantes e de qualidade sobre bairros, condom\u00ednios, lan\u00e7amentos e not\u00edcias imobili\u00e1rias no Rio de Janeiro.","sameAs":["https:\/\/facebook.com\/invexo","https:\/\/instagram.com\/invexo","https:\/\/x.com\/https:\/\/twitter.com\/invexoimoveis"],"url":"https:\/\/invexo.com.br\/blog\/author\/invexo\/"}]}},"taxonomy_info":{"category":[{"value":10,"label":"Bairros"},{"value":15,"label":"Informa\u00e7\u00f5es"}],"post_tag":[{"value":635,"label":"Ipanema"}]},"featured_image_src_large":["https:\/\/invexo.com.br\/blog\/wp-content\/uploads\/2021\/11\/autoescola-ipanema-1024x576.jpg",1024,576,true],"author_info":{"display_name":"Ronnie Possatti","author_link":"https:\/\/invexo.com.br\/blog\/author\/invexo\/"},"comment_info":0,"category_info":[{"term_id":10,"name":"Bairros","slug":"bairros","term_group":0,"term_taxonomy_id":10,"taxonomy":"category","description":"Not\u00edcias sobre estabelecimentos nos melhores bairros para se morar no Rio de Janeiro.","parent":0,"count":1354,"filter":"raw","cat_ID":10,"category_count":1354,"category_description":"Not\u00edcias sobre estabelecimentos nos melhores bairros para se morar no Rio de Janeiro.","cat_name":"Bairros","category_nicename":"bairros","category_parent":0},{"term_id":15,"name":"Informa\u00e7\u00f5es","slug":"informacoes","term_group":0,"term_taxonomy_id":15,"taxonomy":"category","description":"Informa\u00e7\u00f5es, experi\u00eancia nos melhores estabelecimentos em bairros nobres para se viver no Rio de Janeiro. Tudo sobre cultura, entretenimento e lazer.","parent":0,"count":1297,"filter":"raw","cat_ID":15,"category_count":1297,"category_description":"Informa\u00e7\u00f5es, experi\u00eancia nos melhores estabelecimentos em bairros nobres para se viver no Rio de Janeiro. Tudo sobre cultura, entretenimento e lazer.","cat_name":"Informa\u00e7\u00f5es","category_nicename":"informacoes","category_parent":0}],"tag_info":[{"term_id":635,"name":"Ipanema","slug":"ipanema","term_group":0,"term_taxonomy_id":635,"taxonomy":"post_tag","description":"","parent":0,"count":359,"filter":"raw"}],"_links":{"self":[{"href":"https:\/\/invexo.com.br\/blog\/wp-json\/wp\/v2\/posts\/23882"}],"collection":[{"href":"https:\/\/invexo.com.br\/blog\/wp-json\/wp\/v2\/posts"}],"about":[{"href":"https:\/\/invexo.com.br\/blog\/wp-json\/wp\/v2\/types\/post"}],"author":[{"embeddable":true,"href":"https:\/\/invexo.com.br\/blog\/wp-json\/wp\/v2\/users\/2"}],"replies":[{"embeddable":true,"href":"https:\/\/invexo.com.br\/blog\/wp-json\/wp\/v2\/comments?post=23882"}],"version-history":[{"count":2,"href":"https:\/\/invexo.com.br\/blog\/wp-json\/wp\/v2\/posts\/23882\/revisions"}],"predecessor-version":[{"id":33392,"href":"https:\/\/invexo.com.br\/blog\/wp-json\/wp\/v2\/posts\/23882\/revisions\/33392"}],"wp:featuredmedia":[{"embeddable":true,"href":"https:\/\/invexo.com.br\/blog\/wp-json\/wp\/v2\/media\/24137"}],"wp:attachment":[{"href":"https:\/\/invexo.com.br\/blog\/wp-json\/wp\/v2\/media?parent=23882"}],"wp:term":[{"taxonomy":"category","embeddable":true,"href":"https:\/\/invexo.com.br\/blog\/wp-json\/wp\/v2\/categories?post=23882"},{"taxonomy":"post_tag","embeddable":true,"href":"https:\/\/invexo.com.br\/blog\/wp-json\/wp\/v2\/tags?post=23882"}],"curies":[{"name":"wp","href":"https:\/\/api.w.org\/{rel}","templated":true}]}}