{"id":23851,"date":"2021-12-22T17:00:00","date_gmt":"2021-12-22T20:00:00","guid":{"rendered":"https:\/\/invexo.com.br\/blog\/?p=23851"},"modified":"2022-06-28T21:37:36","modified_gmt":"2022-06-29T00:37:36","slug":"cabeleireiro-ipanema","status":"publish","type":"post","link":"https:\/\/invexo.com.br\/blog\/cabeleireiro-ipanema\/","title":{"rendered":"Cabeleireiro Ipanema \u2013 Conhe\u00e7a os principais sal\u00f5es de est\u00e9tica capilar no Rio"},"content":{"rendered":"\n<p>Encontrar um bom cabeleireiro em Ipanema \u00e9 uma tarefa tranquila de se fazer. Isso porque o bairro conta com dezenas de sal\u00f5es de beleza especializados em tratamentos para os cabelos, pele, unhas e corpo.<\/p>\n\n\n\n<p>Afinal, todos gostamos de ter atendimento de primeira qualidade quando procuramos procedimentos est\u00e9ticos. Dessa forma, \u00e9 importante ter acesso a profissionais devidamente qualificados, atualizados com as t\u00e9cnicas atuais.<\/p>\n\n\n\n<!--more-->\n\n\n\n<p>Para tanto, em Ipanema voc\u00ea pode encontrar cabeleireiros especializados em cortes, escovas, hidrata\u00e7\u00e3o e tinturas. Para servi\u00e7os mais complicados, os sal\u00f5es oferecem terapia capilar, progressivas, botox capilar, entre outros.<\/p>\n\n\n\n<p>Al\u00e9m disso, o mercado evoluiu junto com as necessidades dos clientes e, hoje em dia, um sal\u00e3o \u00e9 um completo local para tratamentos est\u00e9ticos. Por isso, em Ipanema n\u00e3o faltam \u00f3timas op\u00e7\u00f5es para moradores e turistas.<\/p>\n\n\n\n<p>Foi pensando nisso que elaboramos este guia completo com os mais procurados sal\u00f5es de beleza de Ipanema. Venha conhecer os melhores sal\u00f5es com a gente!<\/p>\n\n\n\n<h2 class=\"wp-block-heading\">Top Hair Ipanema<\/h2>\n\n\n\n<p>O Top Hair em Ipanema \u00e9 composto por profissionais altamente qualificados, visando a satisfa\u00e7\u00e3o plena de seus clientes. O sal\u00e3o tem como foco manter e ressaltar a beleza dos cabelos das mulheres brasileiras.<\/p>\n\n\n\n<p>Desse modo, o local oferece tratamentos intensivos e regeneradores, al\u00e9m de transforma\u00e7\u00f5es. Al\u00e9m disso, realiza processo de colora\u00e7\u00e3o, com aplica\u00e7\u00e3o de colora\u00e7\u00f5es e tonalizantes de qualidade.<\/p>\n\n\n\n<figure class=\"wp-block-image size-large\"><a href=\"https:\/\/invexo.com.br\/apartamento-em-ipanema\/\" target=\"_blank\" rel=\"noopener noreferrer\"><img decoding=\"async\" width=\"1024\" height=\"576\" src=\"https:\/\/invexo.com.br\/blog\/wp-content\/uploads\/2021\/11\/caleireiro-ipanema-rj-1024x576.jpg\" alt=\"Caleleleiro-ipanema-rj\" class=\"wp-image-24031\" srcset=\"https:\/\/invexo.com.br\/blog\/wp-content\/uploads\/2021\/11\/caleireiro-ipanema-rj-1024x576.jpg 1024w, https:\/\/invexo.com.br\/blog\/wp-content\/uploads\/2021\/11\/caleireiro-ipanema-rj-300x169.jpg 300w, https:\/\/invexo.com.br\/blog\/wp-content\/uploads\/2021\/11\/caleireiro-ipanema-rj-768x432.jpg 768w, https:\/\/invexo.com.br\/blog\/wp-content\/uploads\/2021\/11\/caleireiro-ipanema-rj-940x529.jpg 940w, https:\/\/invexo.com.br\/blog\/wp-content\/uploads\/2021\/11\/caleireiro-ipanema-rj.jpg 1280w\" sizes=\"(max-width: 1024px) 100vw, 1024px\" \/><\/a><\/figure>\n\n\n\n<p>No sal\u00e3o <a rel=\"noreferrer noopener\" href=\"https:\/\/invexo.com.br\/blog\/salao-top-hair-ipanema-rj\/\" target=\"_blank\">Top Hair Ipanema<\/a> voc\u00ea vai receber o melhor atendimento e tratamento est\u00e9tico que procura. Assim, o sal\u00e3o disp\u00f5e dos seguintes servi\u00e7os:<\/p>\n\n\n\n<ul><li>Colora\u00e7\u00e3o: o processo de coloca\u00e7\u00e3o \u00e9 realizado com produtos de \u00faltima gera\u00e7\u00e3o e leva em considera\u00e7\u00e3o a harmonia da combina\u00e7\u00e3o de cores da pele, cabelo e olhos da cliente;<\/li><li>Alisamento t\u00e9rmico: promove um aspecto naturalmente liso nos cabelos. Al\u00e9m disso, ele mant\u00e9m a sa\u00fade dos fios por meio da infus\u00e3o de prote\u00ednas e subst\u00e2ncias boas diretamente na fibra, com beleza e movimento;<\/li><li>Relaxamento: tratamento voltado para cabelos cacheados e crespos. Serve para deixar os cachos mais definidos e soltos, diminuindo o volume e dando mais movimento aos fios;<\/li><li>Descolora\u00e7\u00e3o: \u00e9 um processo para a fibra capilar, que age retirando os pigmentos de cor do cabelo a fim de permitir que a cor nova possa ser colocada;<\/li><li>Tratamentos intensivos: para quem possui cabelos danificados, porosos e ressecados simultaneamente, o indicado \u00e9 m\u00e1scara de tratamento intensivo, um tratamento de choque para as fibras capilares, garantindo resultado logo ap\u00f3s o primeiro uso;<\/li><li>Cortes estilizados: cortes com texturiza\u00e7\u00e3o desfiando os fios, usando ou n\u00e3o a navalha. \u00c9 essa etapa que garante o movimento dos fios e que as camadas n\u00e3o fiquem marcadas;<\/li><li>Looks especiais para noivas: s\u00e3o oferecidos servi\u00e7os como de cabeleireiro, maquiagem, est\u00e9tica, manicure e pedicure para as noivas no seu dia especial;<\/li><\/ul>\n\n\n\n<p>Al\u00e9m de todos esses excelentes servi\u00e7os, o sal\u00e3o Top Hair ainda oferece treinamentos e oficinas para quem tem interesse em virar um grande cabeleireiro em Ipanema.<\/p>\n\n\n\n<p><strong>Endere\u00e7o<\/strong>: O estabelecimento fica na Rua Visconde de Piraj\u00e1, 207, Loja 215, pr\u00f3ximo ao <a rel=\"noreferrer noopener\" href=\"https:\/\/invexo.com.br\/blog\/balada-mix-ipanema\/\" target=\"_blank\">Balada Mix<\/a>, <a rel=\"noreferrer noopener\" href=\"https:\/\/invexo.com.br\/blog\/rayz-ipanema\/\" target=\"_blank\">Restaurante Rayz<\/a> e <a rel=\"noreferrer noopener\" href=\"https:\/\/invexo.com.br\/blog\/belmonte-ipanema\/\" target=\"_blank\">Boteco Belmonte<\/a>, a apenas uma quadra da <a rel=\"noreferrer noopener\" href=\"https:\/\/invexo.com.br\/blog\/praia-de-ipanema\/\" target=\"_blank\">Praia de Ipanema<\/a> e dos melhores im\u00f3veis do bairro.<\/p>\n\n\n\n<p>Oportunidades \u00fanicas de im\u00f3veis em Ipanema! Fa\u00e7a parte do nosso\u00a0<strong><a href=\"https:\/\/whatsapp.com\/channel\/0029VaBTv8v8F2pN1nbKfn0a\">canal exclusivo no WhatsApp<\/a><\/strong>\u00a0e tenha acesso antecipado aos im\u00f3veis \u00e0 venda na regi\u00e3o com a maior demanda do Rio de Janeiro.<\/p>\n\n\n<div class=\"\"><div class='_form_6'><\/div><script type='text\/javascript' src='https:\/\/invexo.activehosted.com\/f\/embed.php?static=0&id=6&69F22CFB16740&nostyles=0&preview=0'><\/script><\/div>\n\n\n<p><\/p>\n\n\n\n<p>S\u00e3o diversos os lan\u00e7amentos residenciais e im\u00f3veis prontos em Ipanema, tais como o <a href=\"https:\/\/invexo.com.br\/lancamento\/helo-ipanema\/\" target=\"_blank\" rel=\"noreferrer noopener\">Helo Ipanema<\/a>! Com acabamentos de alto padr\u00e3o e infraestrutura completa, Ipanema \u00e9 um dos bairros com os melhores im\u00f3veis de luxo do Rio de Janeiro. Conhe\u00e7a agora mesmo os melhores <a href=\"https:\/\/luxury.invexo.com.br\/bairro\/ipanema\/?utm_source=blog&amp;utm_medium=blocomeio\" target=\"_blank\" rel=\"noreferrer noopener\">im\u00f3veis de luxo \u00e0 venda em Ipanema<\/a>!<\/p>\n\n\n\n<figure class=\"wp-block-image size-full\"><a href=\"https:\/\/luxury.invexo.com.br\/bairro\/ipanema\/?utm_source=blog&amp;utm_medium=blocomeio\" target=\"_blank\" rel=\"noopener\"><img decoding=\"async\" width=\"1300\" height=\"280\" src=\"https:\/\/invexo.com.br\/blog\/wp-content\/uploads\/2022\/08\/imoveis-residenciais-ipanema-rio-de-janeiro-rj-calcadao-de-ipanema.jpg\" alt=\"Im\u00f3veis de luxo \u00e0 venda em Ipanema RJ\" class=\"wp-image-28981\" srcset=\"https:\/\/invexo.com.br\/blog\/wp-content\/uploads\/2022\/08\/imoveis-residenciais-ipanema-rio-de-janeiro-rj-calcadao-de-ipanema.jpg 1300w, https:\/\/invexo.com.br\/blog\/wp-content\/uploads\/2022\/08\/imoveis-residenciais-ipanema-rio-de-janeiro-rj-calcadao-de-ipanema-300x65.jpg 300w, https:\/\/invexo.com.br\/blog\/wp-content\/uploads\/2022\/08\/imoveis-residenciais-ipanema-rio-de-janeiro-rj-calcadao-de-ipanema-1024x221.jpg 1024w, https:\/\/invexo.com.br\/blog\/wp-content\/uploads\/2022\/08\/imoveis-residenciais-ipanema-rio-de-janeiro-rj-calcadao-de-ipanema-768x165.jpg 768w\" sizes=\"(max-width: 1300px) 100vw, 1300px\" \/><\/a><\/figure>\n\n\n\n<h2 class=\"wp-block-heading\">Crystal Hair Ipanema<\/h2>\n\n\n\n<p>O <a rel=\"noreferrer noopener\" href=\"https:\/\/invexo.com.br\/blog\/crystal-hair-ipanema\/\" target=\"_blank\">Crystal Hair<\/a> de Ipanema \u00e9 conhecido por sempre apresentar os melhores tratamentos de beleza aos seus clientes. Afinal, sabe que a apar\u00eancia \u00e9 algo que est\u00e1 fortemente relacionado \u00e0 autoestima e \u00e0 autoconfian\u00e7a das pessoas.<\/p>\n\n\n\n<p>Inclusive, a marca tem mais de 20 anos de mercado, sempre atendendo seus clientes com muito estilo, conforto e sofistica\u00e7\u00e3o, caracter\u00edsticas que a marca desempenha desde o seu in\u00edcio.<\/p>\n\n\n\n<p>Al\u00e9m de servi\u00e7os de excel\u00eancia e de um ambiente aconchegante e sofisticado, o sal\u00e3o realiza os seguintes tratamentos e procedimentos:<\/p>\n\n\n\n<ul><li>Cabelos: hidrata\u00e7\u00e3o e nutri\u00e7\u00e3o, massagem capilar, alongamento de cabelos, penteados, colora\u00e7\u00e3o de cabelos, cortes femininos e masculinos;<\/li><li>Para o rosto e corpo: design de sobrancelhas, alongamentos de c\u00edlios, massagem e reflexologia, maquiagem, manicure e pedicure e depila\u00e7\u00e3o;<\/li><li>&nbsp;Dia da noiva: massagem relaxante, consultoria de estilo, maquiagem completa, pedicure e manicure, hidrata\u00e7\u00e3o dos cabelos, cortes e penteados.<\/li><\/ul>\n\n\n\n<p><strong>Endere\u00e7o<\/strong>: O estabelecimento fica na Rua Bar\u00e3o de Jaguaripe, n\u00famero 243, pr\u00f3ximo ao <a rel=\"noreferrer noopener\" href=\"https:\/\/invexo.com.br\/blog\/paz-e-amor-ipanema\/\" target=\"_blank\">Restaurante Paz e Amor<\/a>, <a rel=\"noreferrer noopener\" href=\"https:\/\/invexo.com.br\/blog\/cevicheria-ipanema\/\" target=\"_blank\">La Carioca Cevicheria de Ipanema<\/a> e <a rel=\"noreferrer noopener\" href=\"https:\/\/invexo.com.br\/blog\/lojas-do-shopping-leblon\/\" target=\"_blank\">Shopping Leblon<\/a>, a apenas uma quadra da <a rel=\"noreferrer noopener\" href=\"https:\/\/invexo.com.br\/blog\/lagoa-rodrigo-de-freitas-rj\/\" target=\"_blank\">Lagoa Rodrigo de Freitas<\/a>.<\/p>\n\n\n\n<h2 class=\"wp-block-heading\">Jacques Janine Ipanema<\/h2>\n\n\n\n<p>Com mais de 60 anos de experi\u00eancia, a rede de sal\u00f5es faz a cabe\u00e7a de v\u00e1rias pessoas, apresentando as principais tend\u00eancias e cuidados para seus clientes. Para tanto, desde que a rede foi fundada, os <a rel=\"noreferrer noopener\" href=\"https:\/\/jacquesjaninerj.com.br\/servicos\/\" target=\"_blank\">servi\u00e7os Jacques Janine<\/a> s\u00e3o refer\u00eancia em beleza no mundo todo.<\/p>\n\n\n\n<figure class=\"wp-block-embed-youtube wp-block-embed is-type-video is-provider-youtube wp-embed-aspect-16-9 wp-has-aspect-ratio\"><div class=\"wp-block-embed__wrapper\">\n<iframe title=\"Jacques Janine | Beleza Completa. Produ\u00e7\u00e3o do v\u00eddeo A1K2studio\" width=\"720\" height=\"405\" src=\"https:\/\/www.youtube.com\/embed\/o8nisz2DTfE?start=14&#038;feature=oembed\" frameborder=\"0\" allow=\"accelerometer; autoplay; clipboard-write; encrypted-media; gyroscope; picture-in-picture\" allowfullscreen><\/iframe>\n<\/div><\/figure>\n\n\n\n<p>Assim, hoje em dia, quando se trata dos sal\u00f5es <a href=\"https:\/\/invexo.com.br\/blog\/jacques-janine-ipanema\/\" target=\"_blank\" rel=\"noreferrer noopener\">Jacques Janine<\/a>, todos j\u00e1 sabem que \u00e9 o melhor local para encontrar um bom cabeleireiro em Ipanema. Tudo \u00e9 oferecido com perfei\u00e7\u00e3o, classe e eleg\u00e2ncia.<\/p>\n\n\n\n<p>Dessa forma, o sal\u00e3o oferece o processo chamado Beleza Completa, composto por todos os cuidados de beleza e est\u00e9tica em um s\u00f3 lugar, unindo diferentes t\u00e9cnicas, tais como:<\/p>\n\n\n\n<ul><li>Massagens: relaxante, ayurv\u00e9dica, californiana, terapia das pedras quentes entre outros;<\/li><li>Cabelos: corte, colora\u00e7\u00e3o, progressivas, tratamentos e penteados;<\/li><li>Sobrancelhas: real\u00e7ar e alinhar as sobrancelhas com a limpeza dos pelos e micropigmenta\u00e7\u00e3o;<\/li><li>Depila\u00e7\u00e3o: feita com ceras ou eg\u00edpcia feita com linha, e para clareamento;<\/li><li>Maquiagem: t\u00e9cnicas de maquiagem especial para cada tipo de rosto, com produtos de excelente qualidade;<\/li><li>M\u00e3os e p\u00e9s: manicure e pedicure, esfolia\u00e7\u00e3o e hidrata\u00e7\u00e3o, podologia, unhas de acrigel e fibra de vidro;<\/li><li>Dia dos noivos: para o casal e padrinhos, com penteado, maquiagem, manicure, massagem, refei\u00e7\u00f5es leves, banhos especiais em hidromassagem entre outros;<\/li><li>Banhos: rom\u00e2ntico, sensual, relaxante, energizante e tamb\u00e9m embelezador;<\/li><li>Est\u00e9tica: oferece diversos tratamentos faciais e corporais para cada necessidade.<\/li><\/ul>\n\n\n\n<p>E, para finalizar, al\u00e9m destes procedimentos, os sal\u00f5es Jacques Janine ainda disponibilizam planos de servi\u00e7os para debutantes e servi\u00e7os para a beleza do homem.<\/p>\n\n\n\n<p><strong>Endere\u00e7o<\/strong>: O estabelecimento fica na Rua Vin\u00edcius de Moraes, n\u00famero 288.<\/p>\n\n\n\n<h2 class=\"wp-block-heading\">Care Ipanema<\/h2>\n\n\n\n<p>O <a href=\"https:\/\/invexo.com.br\/blog\/care-ipanema\/\" target=\"_blank\" rel=\"noreferrer noopener\">Care Ipanema<\/a> \u00e9 outro excelente sal\u00e3o de beleza localizado no bairro de Ipanema. O sal\u00e3o oferece diversos tratamentos e procedimentos com muita qualidade para seus clientes.<\/p>\n\n\n\n<p>Al\u00e9m disso, tem uma equipe altamente treinada e capacitada para realizar tudo com dedica\u00e7\u00e3o e amor. Desse modo, confira quais s\u00e3o os servi\u00e7os de cabeleireiro em Ipanema oferecidos pelo sal\u00e3o:<\/p>\n\n\n\n<ul><li>Cabelos: colora\u00e7\u00e3o, escovas modeladoras, alisamentos e relaxamentos, cortes, penteados, alongamentos dos fios e terapias e tratamentos capilares;<\/li><li>Sobrancelhas: design de sobrancelha tradicional; design de sobrancelha com linha; tintura de sobrancelha, alem\u00e3 e com hena;<\/li><li>Tratamentos corporais e faciais: pedicure e manicure, limpeza de pele, depila\u00e7\u00e3o, esfolia\u00e7\u00e3o corporal e drenagem facial e corporal;<\/li><li>Massagens: relaxante, revigorante, banho de lua e tonifica\u00e7\u00e3o muscular;<\/li><\/ul>\n\n\n\n<p>Mas n\u00e3o h\u00e1 apenas op\u00e7\u00f5es de cabeleireiro em Ipanema. O bairro conta com uma infraestrutura completa, garantindo bem-estar e e qualidade de vida para os moradores cariocas.<\/p>\n\n\n\n<h2 class=\"wp-block-heading\">Qualidade de vida em Ipanema<\/h2>\n\n\n\n<p>Escolher um lugar para morar parece uma tarefa dif\u00edcil, principalmente quando se trata de uma cidade com in\u00fameras op\u00e7\u00f5es. Desde lazer, gastronomia, beleza, sa\u00fade, educa\u00e7\u00e3o, seguran\u00e7a e conforto, Ipanema oferece uma das estruturas mais completas da cidade.<\/p>\n\n\n\n<p>Isso \u00e9 poss\u00edvel por causa do alinhamento e equil\u00edbrio dos pr\u00e9dios e agito da vida noturna. Inclusive, a Praia de Ipanema \u00e9 uma das mais frequentadas da cidade.<\/p>\n\n\n\n<p>Assim, Ipanema \u00e9 um dos bairros mais sofisticados e exclusivos do Rio de Janeiro. A regi\u00e3o \u00e9 uma das mais buscadas por turistas e novos moradores no Brasil pela qualidade de vida que se pode ter.<\/p>\n\n\n\n<p>Isso porque Ipanema conta com os mais completos espa\u00e7os comerciais e prestadores de servi\u00e7os na Zona Sul carioca. Como tamb\u00e9m, possui diversas op\u00e7\u00f5es de moradia, hospedagem, sa\u00fade e lazer, tais como o <a href=\"https:\/\/invexo.com.br\/blog\/hospital-quali-ipanema\/\" target=\"_blank\" rel=\"noreferrer noopener\">Hospital Quali<\/a>, o <a href=\"https:\/\/invexo.com.br\/blog\/belmonte-ipanema\/\" target=\"_blank\" rel=\"noreferrer noopener\">Boteco Belmonte<\/a> e o <a href=\"https:\/\/invexo.com.br\/blog\/ipanema-inn-rio-de-janeiro\/\" target=\"_blank\" rel=\"noreferrer noopener\">Hotel Ipanema Inn<\/a>.<\/p>\n\n\n\n<p>Por isso, quem mora em Ipanema est\u00e1 em uma regi\u00e3o privilegiada, com muita seguran\u00e7a. Isso faz com que exista uma qualidade de vida \u00fanica e muito procurada.<\/p>\n\n\n\n<p>Os im\u00f3veis disponibilizados em Ipanema s\u00e3o exclusivos. H\u00e1 im\u00f3veis para fam\u00edlias grandes, casais e pessoas que optam por morar sozinhas. Os im\u00f3veis comerciais costumam ser espa\u00e7osos e muito seguros.<\/p>\n\n\n\n<div class=\"wp-block-group\"><div class=\"wp-block-group__inner-container is-layout-flow wp-block-group-is-layout-flow\">\n<p>Oportunidades \u00fanicas de im\u00f3veis em Ipanema! Fa\u00e7a parte do nosso&nbsp;<strong><a href=\"https:\/\/whatsapp.com\/channel\/0029VaBTv8v8F2pN1nbKfn0a\">canal exclusivo no WhatsApp<\/a><\/strong>&nbsp;e tenha acesso antecipado aos im\u00f3veis \u00e0 venda na regi\u00e3o com a maior demanda do Rio de Janeiro.<\/p>\n\n\n<div class=\"\"><div class='_form_6'><\/div><script type='text\/javascript' src='https:\/\/invexo.activehosted.com\/f\/embed.php?static=0&id=6&69F22CFB16765&nostyles=0&preview=0'><\/script><\/div>\n\n\n<p><\/p>\n\n\n\n<p>Ipanema, localizada na Zona Sul carioca, \u00e9 um dos melhores e mais nobres bairros para se viver no Rio de Janeiro. Conhe\u00e7a hoje mesmo os <a href=\"https:\/\/luxury.invexo.com.br\/bairro\/ipanema\/?utm_source=blog&amp;utm_medium=blocofim\" target=\"_blank\" rel=\"noreferrer noopener\">im\u00f3veis residenciais de luxo em Ipanema<\/a> com a INVEXO, imobili\u00e1ria especializada em im\u00f3veis de luxo no Rio de Janeiro.<\/p>\n\n\n\n<figure class=\"wp-block-image size-full\"><a href=\"https:\/\/luxury.invexo.com.br\/bairro\/ipanema\/?utm_source=blog&amp;utm_medium=blocofim\" target=\"_blank\" rel=\"noopener\"><img decoding=\"async\" width=\"1300\" height=\"280\" src=\"https:\/\/invexo.com.br\/blog\/wp-content\/uploads\/2022\/08\/imoveis-residenciais-ipanema-rio-de-janeiro-rj-calcadao-de-ipanema.jpg\" alt=\"Im\u00f3veis de luxo \u00e0 venda em Ipanema RJ\" class=\"wp-image-28981\" srcset=\"https:\/\/invexo.com.br\/blog\/wp-content\/uploads\/2022\/08\/imoveis-residenciais-ipanema-rio-de-janeiro-rj-calcadao-de-ipanema.jpg 1300w, https:\/\/invexo.com.br\/blog\/wp-content\/uploads\/2022\/08\/imoveis-residenciais-ipanema-rio-de-janeiro-rj-calcadao-de-ipanema-300x65.jpg 300w, https:\/\/invexo.com.br\/blog\/wp-content\/uploads\/2022\/08\/imoveis-residenciais-ipanema-rio-de-janeiro-rj-calcadao-de-ipanema-1024x221.jpg 1024w, https:\/\/invexo.com.br\/blog\/wp-content\/uploads\/2022\/08\/imoveis-residenciais-ipanema-rio-de-janeiro-rj-calcadao-de-ipanema-768x165.jpg 768w\" sizes=\"(max-width: 1300px) 100vw, 1300px\" \/><\/a><\/figure>\n<\/div><\/div>\n","protected":false},"excerpt":{"rendered":"<p>Veja o guia completo com as principais op\u00e7\u00f5es de cabeleireiro em Ipanema. Luxo, est\u00e9tica e bem-estar s\u00e3o apenas alguns dos benef\u00edcios de cuidar dos cabelos.<\/p>\n","protected":false},"author":2,"featured_media":24030,"comment_status":"closed","ping_status":"closed","sticky":false,"template":"","format":"standard","meta":{"_acf_changed":false,"_kad_blocks_custom_css":"","_kad_blocks_head_custom_js":"","_kad_blocks_body_custom_js":"","_kad_blocks_footer_custom_js":"","_kadence_starter_templates_imported_post":false,"_kad_post_transparent":"","_kad_post_title":"","_kad_post_layout":"","_kad_post_sidebar_id":"","_kad_post_content_style":"","_kad_post_vertical_padding":"","_kad_post_feature":"","_kad_post_feature_position":"","_kad_post_header":false,"_kad_post_footer":false,"footnotes":""},"categories":[10,15],"tags":[635],"acf":[],"yoast_head":"<!-- This site is optimized with the Yoast SEO plugin v24.1 - https:\/\/yoast.com\/wordpress\/plugins\/seo\/ -->\n<title>Cabeleireiro Ipanema \u2013 Principais sal\u00f5es de est\u00e9tica capilar no Rio<\/title>\n<meta name=\"description\" content=\"Veja o guia completo com as principais op\u00e7\u00f5es de cabeleireiro em Ipanema. Luxo, est\u00e9tica e bem-estar s\u00e3o apenas alguns dos benef\u00edcios de cuidar dos cabelos.\" \/>\n<meta name=\"robots\" content=\"index, follow, max-snippet:-1, max-image-preview:large, max-video-preview:-1\" \/>\n<link rel=\"canonical\" href=\"https:\/\/invexo.com.br\/blog\/cabeleireiro-ipanema\/\" \/>\n<meta property=\"og:locale\" content=\"pt_BR\" \/>\n<meta property=\"og:type\" content=\"article\" \/>\n<meta property=\"og:title\" content=\"Cabeleireiro Ipanema \u2013 Principais sal\u00f5es de est\u00e9tica capilar no Rio\" \/>\n<meta property=\"og:description\" content=\"Veja o guia completo com as principais op\u00e7\u00f5es de cabeleireiro em Ipanema. Luxo, est\u00e9tica e bem-estar s\u00e3o apenas alguns dos benef\u00edcios de cuidar dos cabelos.\" \/>\n<meta property=\"og:url\" content=\"https:\/\/invexo.com.br\/blog\/cabeleireiro-ipanema\/\" \/>\n<meta property=\"og:site_name\" content=\"Not\u00edcias RJ\" \/>\n<meta property=\"article:publisher\" content=\"https:\/\/facebook.com\/invexo\" \/>\n<meta property=\"article:author\" content=\"https:\/\/facebook.com\/invexo\" \/>\n<meta property=\"article:published_time\" content=\"2021-12-22T20:00:00+00:00\" \/>\n<meta property=\"article:modified_time\" content=\"2022-06-29T00:37:36+00:00\" \/>\n<meta property=\"og:image\" content=\"https:\/\/invexo.com.br\/blog\/wp-content\/uploads\/2021\/11\/cabeleireiro-ipanema.jpg\" \/>\n\t<meta property=\"og:image:width\" content=\"1280\" \/>\n\t<meta property=\"og:image:height\" content=\"720\" \/>\n\t<meta property=\"og:image:type\" content=\"image\/jpeg\" \/>\n<meta name=\"author\" content=\"Ronnie Possatti\" \/>\n<meta name=\"twitter:card\" content=\"summary_large_image\" \/>\n<meta name=\"twitter:creator\" content=\"@https:\/\/twitter.com\/invexoimoveis\" \/>\n<meta name=\"twitter:site\" content=\"@invexoimoveis\" \/>\n<meta name=\"twitter:label1\" content=\"Escrito por\" \/>\n\t<meta name=\"twitter:data1\" content=\"Ronnie Possatti\" \/>\n\t<meta name=\"twitter:label2\" content=\"Est. tempo de leitura\" \/>\n\t<meta name=\"twitter:data2\" content=\"7 minutos\" \/>\n<script type=\"application\/ld+json\" class=\"yoast-schema-graph\">{\"@context\":\"https:\/\/schema.org\",\"@graph\":[{\"@type\":\"Article\",\"@id\":\"https:\/\/invexo.com.br\/blog\/cabeleireiro-ipanema\/#article\",\"isPartOf\":{\"@id\":\"https:\/\/invexo.com.br\/blog\/cabeleireiro-ipanema\/\"},\"author\":{\"name\":\"Ronnie Possatti\",\"@id\":\"https:\/\/invexo.com.br\/blog\/#\/schema\/person\/36bee32f1cfacde03dc4c9622a58778d\"},\"headline\":\"Cabeleireiro Ipanema \u2013 Conhe\u00e7a os principais sal\u00f5es de est\u00e9tica capilar no Rio\",\"datePublished\":\"2021-12-22T20:00:00+00:00\",\"dateModified\":\"2022-06-29T00:37:36+00:00\",\"mainEntityOfPage\":{\"@id\":\"https:\/\/invexo.com.br\/blog\/cabeleireiro-ipanema\/\"},\"wordCount\":1431,\"publisher\":{\"@id\":\"https:\/\/invexo.com.br\/blog\/#organization\"},\"image\":{\"@id\":\"https:\/\/invexo.com.br\/blog\/cabeleireiro-ipanema\/#primaryimage\"},\"thumbnailUrl\":\"https:\/\/invexo.com.br\/blog\/wp-content\/uploads\/2021\/11\/cabeleireiro-ipanema.jpg\",\"keywords\":[\"Ipanema\"],\"articleSection\":[\"Bairros\",\"Informa\u00e7\u00f5es\"],\"inLanguage\":\"pt-BR\"},{\"@type\":\"WebPage\",\"@id\":\"https:\/\/invexo.com.br\/blog\/cabeleireiro-ipanema\/\",\"url\":\"https:\/\/invexo.com.br\/blog\/cabeleireiro-ipanema\/\",\"name\":\"Cabeleireiro Ipanema \u2013 Principais sal\u00f5es de est\u00e9tica capilar no Rio\",\"isPartOf\":{\"@id\":\"https:\/\/invexo.com.br\/blog\/#website\"},\"primaryImageOfPage\":{\"@id\":\"https:\/\/invexo.com.br\/blog\/cabeleireiro-ipanema\/#primaryimage\"},\"image\":{\"@id\":\"https:\/\/invexo.com.br\/blog\/cabeleireiro-ipanema\/#primaryimage\"},\"thumbnailUrl\":\"https:\/\/invexo.com.br\/blog\/wp-content\/uploads\/2021\/11\/cabeleireiro-ipanema.jpg\",\"datePublished\":\"2021-12-22T20:00:00+00:00\",\"dateModified\":\"2022-06-29T00:37:36+00:00\",\"description\":\"Veja o guia completo com as principais op\u00e7\u00f5es de cabeleireiro em Ipanema. Luxo, est\u00e9tica e bem-estar s\u00e3o apenas alguns dos benef\u00edcios de cuidar dos cabelos.\",\"breadcrumb\":{\"@id\":\"https:\/\/invexo.com.br\/blog\/cabeleireiro-ipanema\/#breadcrumb\"},\"inLanguage\":\"pt-BR\",\"potentialAction\":[{\"@type\":\"ReadAction\",\"target\":[\"https:\/\/invexo.com.br\/blog\/cabeleireiro-ipanema\/\"]}]},{\"@type\":\"ImageObject\",\"inLanguage\":\"pt-BR\",\"@id\":\"https:\/\/invexo.com.br\/blog\/cabeleireiro-ipanema\/#primaryimage\",\"url\":\"https:\/\/invexo.com.br\/blog\/wp-content\/uploads\/2021\/11\/cabeleireiro-ipanema.jpg\",\"contentUrl\":\"https:\/\/invexo.com.br\/blog\/wp-content\/uploads\/2021\/11\/cabeleireiro-ipanema.jpg\",\"width\":1280,\"height\":720,\"caption\":\"Sal\u00f5es de beleza especializados em tratamentos para os cabelos, pele, unhas e corpo\"},{\"@type\":\"BreadcrumbList\",\"@id\":\"https:\/\/invexo.com.br\/blog\/cabeleireiro-ipanema\/#breadcrumb\",\"itemListElement\":[{\"@type\":\"ListItem\",\"position\":1,\"name\":\"Blog\",\"item\":\"https:\/\/invexo.com.br\/blog\/\"},{\"@type\":\"ListItem\",\"position\":2,\"name\":\"Bairros\",\"item\":\"https:\/\/invexo.com.br\/blog\/categoria\/bairros\/\"},{\"@type\":\"ListItem\",\"position\":3,\"name\":\"Cabeleireiro Ipanema \u2013 Conhe\u00e7a os principais sal\u00f5es de est\u00e9tica capilar no Rio\"}]},{\"@type\":\"WebSite\",\"@id\":\"https:\/\/invexo.com.br\/blog\/#website\",\"url\":\"https:\/\/invexo.com.br\/blog\/\",\"name\":\"Not\u00edcias RJ\",\"description\":\"Not\u00edcias sobre im\u00f3veis, financiamento, mercado imobili\u00e1rio do Rio de Janeiro. Informa\u00e7\u00f5es sobre Bairros, Condom\u00ednios e Regi\u00e3o do Rio de Janeiro.\",\"publisher\":{\"@id\":\"https:\/\/invexo.com.br\/blog\/#organization\"},\"potentialAction\":[{\"@type\":\"SearchAction\",\"target\":{\"@type\":\"EntryPoint\",\"urlTemplate\":\"https:\/\/invexo.com.br\/blog\/?s={search_term_string}\"},\"query-input\":{\"@type\":\"PropertyValueSpecification\",\"valueRequired\":true,\"valueName\":\"search_term_string\"}}],\"inLanguage\":\"pt-BR\"},{\"@type\":\"Organization\",\"@id\":\"https:\/\/invexo.com.br\/blog\/#organization\",\"name\":\"INVEXO Imobili\u00e1ria\",\"url\":\"https:\/\/invexo.com.br\/blog\/\",\"logo\":{\"@type\":\"ImageObject\",\"inLanguage\":\"pt-BR\",\"@id\":\"https:\/\/invexo.com.br\/blog\/#\/schema\/logo\/image\/\",\"url\":\"https:\/\/invexo.com.br\/blog\/wp-content\/uploads\/2018\/09\/invexo-80-melhor.png\",\"contentUrl\":\"https:\/\/invexo.com.br\/blog\/wp-content\/uploads\/2018\/09\/invexo-80-melhor.png\",\"width\":247,\"height\":80,\"caption\":\"INVEXO Imobili\u00e1ria\"},\"image\":{\"@id\":\"https:\/\/invexo.com.br\/blog\/#\/schema\/logo\/image\/\"},\"sameAs\":[\"https:\/\/facebook.com\/invexo\",\"https:\/\/x.com\/invexoimoveis\"]},{\"@type\":\"Person\",\"@id\":\"https:\/\/invexo.com.br\/blog\/#\/schema\/person\/36bee32f1cfacde03dc4c9622a58778d\",\"name\":\"Ronnie Possatti\",\"image\":{\"@type\":\"ImageObject\",\"inLanguage\":\"pt-BR\",\"@id\":\"https:\/\/invexo.com.br\/blog\/#\/schema\/person\/image\/\",\"url\":\"https:\/\/secure.gravatar.com\/avatar\/51a6cdcc215551235c39affb853f1e38?s=96&d=blank&r=g\",\"contentUrl\":\"https:\/\/secure.gravatar.com\/avatar\/51a6cdcc215551235c39affb853f1e38?s=96&d=blank&r=g\",\"caption\":\"Ronnie Possatti\"},\"description\":\"Equipe de especialistas que traz para seus leitores conte\u00fados relevantes e de qualidade sobre bairros, condom\u00ednios, lan\u00e7amentos e not\u00edcias imobili\u00e1rias no Rio de Janeiro.\",\"sameAs\":[\"https:\/\/facebook.com\/invexo\",\"https:\/\/instagram.com\/invexo\",\"https:\/\/x.com\/https:\/\/twitter.com\/invexoimoveis\"],\"url\":\"https:\/\/invexo.com.br\/blog\/author\/invexo\/\"}]}<\/script>\n<!-- \/ Yoast SEO plugin. -->","yoast_head_json":{"title":"Cabeleireiro Ipanema \u2013 Principais sal\u00f5es de est\u00e9tica capilar no Rio","description":"Veja o guia completo com as principais op\u00e7\u00f5es de cabeleireiro em Ipanema. Luxo, est\u00e9tica e bem-estar s\u00e3o apenas alguns dos benef\u00edcios de cuidar dos cabelos.","robots":{"index":"index","follow":"follow","max-snippet":"max-snippet:-1","max-image-preview":"max-image-preview:large","max-video-preview":"max-video-preview:-1"},"canonical":"https:\/\/invexo.com.br\/blog\/cabeleireiro-ipanema\/","og_locale":"pt_BR","og_type":"article","og_title":"Cabeleireiro Ipanema \u2013 Principais sal\u00f5es de est\u00e9tica capilar no Rio","og_description":"Veja o guia completo com as principais op\u00e7\u00f5es de cabeleireiro em Ipanema. Luxo, est\u00e9tica e bem-estar s\u00e3o apenas alguns dos benef\u00edcios de cuidar dos cabelos.","og_url":"https:\/\/invexo.com.br\/blog\/cabeleireiro-ipanema\/","og_site_name":"Not\u00edcias RJ","article_publisher":"https:\/\/facebook.com\/invexo","article_author":"https:\/\/facebook.com\/invexo","article_published_time":"2021-12-22T20:00:00+00:00","article_modified_time":"2022-06-29T00:37:36+00:00","og_image":[{"width":1280,"height":720,"url":"https:\/\/invexo.com.br\/blog\/wp-content\/uploads\/2021\/11\/cabeleireiro-ipanema.jpg","type":"image\/jpeg"}],"author":"Ronnie Possatti","twitter_card":"summary_large_image","twitter_creator":"@https:\/\/twitter.com\/invexoimoveis","twitter_site":"@invexoimoveis","twitter_misc":{"Escrito por":"Ronnie Possatti","Est. tempo de leitura":"7 minutos"},"schema":{"@context":"https:\/\/schema.org","@graph":[{"@type":"Article","@id":"https:\/\/invexo.com.br\/blog\/cabeleireiro-ipanema\/#article","isPartOf":{"@id":"https:\/\/invexo.com.br\/blog\/cabeleireiro-ipanema\/"},"author":{"name":"Ronnie Possatti","@id":"https:\/\/invexo.com.br\/blog\/#\/schema\/person\/36bee32f1cfacde03dc4c9622a58778d"},"headline":"Cabeleireiro Ipanema \u2013 Conhe\u00e7a os principais sal\u00f5es de est\u00e9tica capilar no Rio","datePublished":"2021-12-22T20:00:00+00:00","dateModified":"2022-06-29T00:37:36+00:00","mainEntityOfPage":{"@id":"https:\/\/invexo.com.br\/blog\/cabeleireiro-ipanema\/"},"wordCount":1431,"publisher":{"@id":"https:\/\/invexo.com.br\/blog\/#organization"},"image":{"@id":"https:\/\/invexo.com.br\/blog\/cabeleireiro-ipanema\/#primaryimage"},"thumbnailUrl":"https:\/\/invexo.com.br\/blog\/wp-content\/uploads\/2021\/11\/cabeleireiro-ipanema.jpg","keywords":["Ipanema"],"articleSection":["Bairros","Informa\u00e7\u00f5es"],"inLanguage":"pt-BR"},{"@type":"WebPage","@id":"https:\/\/invexo.com.br\/blog\/cabeleireiro-ipanema\/","url":"https:\/\/invexo.com.br\/blog\/cabeleireiro-ipanema\/","name":"Cabeleireiro Ipanema \u2013 Principais sal\u00f5es de est\u00e9tica capilar no Rio","isPartOf":{"@id":"https:\/\/invexo.com.br\/blog\/#website"},"primaryImageOfPage":{"@id":"https:\/\/invexo.com.br\/blog\/cabeleireiro-ipanema\/#primaryimage"},"image":{"@id":"https:\/\/invexo.com.br\/blog\/cabeleireiro-ipanema\/#primaryimage"},"thumbnailUrl":"https:\/\/invexo.com.br\/blog\/wp-content\/uploads\/2021\/11\/cabeleireiro-ipanema.jpg","datePublished":"2021-12-22T20:00:00+00:00","dateModified":"2022-06-29T00:37:36+00:00","description":"Veja o guia completo com as principais op\u00e7\u00f5es de cabeleireiro em Ipanema. Luxo, est\u00e9tica e bem-estar s\u00e3o apenas alguns dos benef\u00edcios de cuidar dos cabelos.","breadcrumb":{"@id":"https:\/\/invexo.com.br\/blog\/cabeleireiro-ipanema\/#breadcrumb"},"inLanguage":"pt-BR","potentialAction":[{"@type":"ReadAction","target":["https:\/\/invexo.com.br\/blog\/cabeleireiro-ipanema\/"]}]},{"@type":"ImageObject","inLanguage":"pt-BR","@id":"https:\/\/invexo.com.br\/blog\/cabeleireiro-ipanema\/#primaryimage","url":"https:\/\/invexo.com.br\/blog\/wp-content\/uploads\/2021\/11\/cabeleireiro-ipanema.jpg","contentUrl":"https:\/\/invexo.com.br\/blog\/wp-content\/uploads\/2021\/11\/cabeleireiro-ipanema.jpg","width":1280,"height":720,"caption":"Sal\u00f5es de beleza especializados em tratamentos para os cabelos, pele, unhas e corpo"},{"@type":"BreadcrumbList","@id":"https:\/\/invexo.com.br\/blog\/cabeleireiro-ipanema\/#breadcrumb","itemListElement":[{"@type":"ListItem","position":1,"name":"Blog","item":"https:\/\/invexo.com.br\/blog\/"},{"@type":"ListItem","position":2,"name":"Bairros","item":"https:\/\/invexo.com.br\/blog\/categoria\/bairros\/"},{"@type":"ListItem","position":3,"name":"Cabeleireiro Ipanema \u2013 Conhe\u00e7a os principais sal\u00f5es de est\u00e9tica capilar no Rio"}]},{"@type":"WebSite","@id":"https:\/\/invexo.com.br\/blog\/#website","url":"https:\/\/invexo.com.br\/blog\/","name":"Not\u00edcias RJ","description":"Not\u00edcias sobre im\u00f3veis, financiamento, mercado imobili\u00e1rio do Rio de Janeiro. Informa\u00e7\u00f5es sobre Bairros, Condom\u00ednios e Regi\u00e3o do Rio de Janeiro.","publisher":{"@id":"https:\/\/invexo.com.br\/blog\/#organization"},"potentialAction":[{"@type":"SearchAction","target":{"@type":"EntryPoint","urlTemplate":"https:\/\/invexo.com.br\/blog\/?s={search_term_string}"},"query-input":{"@type":"PropertyValueSpecification","valueRequired":true,"valueName":"search_term_string"}}],"inLanguage":"pt-BR"},{"@type":"Organization","@id":"https:\/\/invexo.com.br\/blog\/#organization","name":"INVEXO Imobili\u00e1ria","url":"https:\/\/invexo.com.br\/blog\/","logo":{"@type":"ImageObject","inLanguage":"pt-BR","@id":"https:\/\/invexo.com.br\/blog\/#\/schema\/logo\/image\/","url":"https:\/\/invexo.com.br\/blog\/wp-content\/uploads\/2018\/09\/invexo-80-melhor.png","contentUrl":"https:\/\/invexo.com.br\/blog\/wp-content\/uploads\/2018\/09\/invexo-80-melhor.png","width":247,"height":80,"caption":"INVEXO Imobili\u00e1ria"},"image":{"@id":"https:\/\/invexo.com.br\/blog\/#\/schema\/logo\/image\/"},"sameAs":["https:\/\/facebook.com\/invexo","https:\/\/x.com\/invexoimoveis"]},{"@type":"Person","@id":"https:\/\/invexo.com.br\/blog\/#\/schema\/person\/36bee32f1cfacde03dc4c9622a58778d","name":"Ronnie Possatti","image":{"@type":"ImageObject","inLanguage":"pt-BR","@id":"https:\/\/invexo.com.br\/blog\/#\/schema\/person\/image\/","url":"https:\/\/secure.gravatar.com\/avatar\/51a6cdcc215551235c39affb853f1e38?s=96&d=blank&r=g","contentUrl":"https:\/\/secure.gravatar.com\/avatar\/51a6cdcc215551235c39affb853f1e38?s=96&d=blank&r=g","caption":"Ronnie Possatti"},"description":"Equipe de especialistas que traz para seus leitores conte\u00fados relevantes e de qualidade sobre bairros, condom\u00ednios, lan\u00e7amentos e not\u00edcias imobili\u00e1rias no Rio de Janeiro.","sameAs":["https:\/\/facebook.com\/invexo","https:\/\/instagram.com\/invexo","https:\/\/x.com\/https:\/\/twitter.com\/invexoimoveis"],"url":"https:\/\/invexo.com.br\/blog\/author\/invexo\/"}]}},"taxonomy_info":{"category":[{"value":10,"label":"Bairros"},{"value":15,"label":"Informa\u00e7\u00f5es"}],"post_tag":[{"value":635,"label":"Ipanema"}]},"featured_image_src_large":["https:\/\/invexo.com.br\/blog\/wp-content\/uploads\/2021\/11\/cabeleireiro-ipanema-1024x576.jpg",1024,576,true],"author_info":{"display_name":"Ronnie Possatti","author_link":"https:\/\/invexo.com.br\/blog\/author\/invexo\/"},"comment_info":0,"category_info":[{"term_id":10,"name":"Bairros","slug":"bairros","term_group":0,"term_taxonomy_id":10,"taxonomy":"category","description":"Not\u00edcias sobre estabelecimentos nos melhores bairros para se morar no Rio de Janeiro.","parent":0,"count":1354,"filter":"raw","cat_ID":10,"category_count":1354,"category_description":"Not\u00edcias sobre estabelecimentos nos melhores bairros para se morar no Rio de Janeiro.","cat_name":"Bairros","category_nicename":"bairros","category_parent":0},{"term_id":15,"name":"Informa\u00e7\u00f5es","slug":"informacoes","term_group":0,"term_taxonomy_id":15,"taxonomy":"category","description":"Informa\u00e7\u00f5es, experi\u00eancia nos melhores estabelecimentos em bairros nobres para se viver no Rio de Janeiro. Tudo sobre cultura, entretenimento e lazer.","parent":0,"count":1297,"filter":"raw","cat_ID":15,"category_count":1297,"category_description":"Informa\u00e7\u00f5es, experi\u00eancia nos melhores estabelecimentos em bairros nobres para se viver no Rio de Janeiro. Tudo sobre cultura, entretenimento e lazer.","cat_name":"Informa\u00e7\u00f5es","category_nicename":"informacoes","category_parent":0}],"tag_info":[{"term_id":635,"name":"Ipanema","slug":"ipanema","term_group":0,"term_taxonomy_id":635,"taxonomy":"post_tag","description":"","parent":0,"count":359,"filter":"raw"}],"_links":{"self":[{"href":"https:\/\/invexo.com.br\/blog\/wp-json\/wp\/v2\/posts\/23851"}],"collection":[{"href":"https:\/\/invexo.com.br\/blog\/wp-json\/wp\/v2\/posts"}],"about":[{"href":"https:\/\/invexo.com.br\/blog\/wp-json\/wp\/v2\/types\/post"}],"author":[{"embeddable":true,"href":"https:\/\/invexo.com.br\/blog\/wp-json\/wp\/v2\/users\/2"}],"replies":[{"embeddable":true,"href":"https:\/\/invexo.com.br\/blog\/wp-json\/wp\/v2\/comments?post=23851"}],"version-history":[{"count":1,"href":"https:\/\/invexo.com.br\/blog\/wp-json\/wp\/v2\/posts\/23851\/revisions"}],"predecessor-version":[{"id":26793,"href":"https:\/\/invexo.com.br\/blog\/wp-json\/wp\/v2\/posts\/23851\/revisions\/26793"}],"wp:featuredmedia":[{"embeddable":true,"href":"https:\/\/invexo.com.br\/blog\/wp-json\/wp\/v2\/media\/24030"}],"wp:attachment":[{"href":"https:\/\/invexo.com.br\/blog\/wp-json\/wp\/v2\/media?parent=23851"}],"wp:term":[{"taxonomy":"category","embeddable":true,"href":"https:\/\/invexo.com.br\/blog\/wp-json\/wp\/v2\/categories?post=23851"},{"taxonomy":"post_tag","embeddable":true,"href":"https:\/\/invexo.com.br\/blog\/wp-json\/wp\/v2\/tags?post=23851"}],"curies":[{"name":"wp","href":"https:\/\/api.w.org\/{rel}","templated":true}]}}