{"id":23748,"date":"2021-12-09T17:00:00","date_gmt":"2021-12-09T20:00:00","guid":{"rendered":"https:\/\/invexo.com.br\/blog\/?p=23748"},"modified":"2022-06-28T21:37:38","modified_gmt":"2022-06-29T00:37:38","slug":"schutz-ipanema","status":"publish","type":"post","link":"https:\/\/invexo.com.br\/blog\/schutz-ipanema\/","title":{"rendered":"Schutz Ipanema \u2014 Tend\u00eancia de sapatos e bolsas no Rio"},"content":{"rendered":"\n<p>Ipanema \u00e9 um bairro dentro da moda e tem v\u00e1rias marcas renomadas pelas suas redondezas \u2014 entre elas, est\u00e1 a Schutz.<\/p>\n\n\n\n<p>Com a miss\u00e3o de colocar design moderno, liberdade de express\u00e3o e qualidade de material em cada par de sapato fabricado, a Schutz est\u00e1 sempre buscando atender aos desejos de seus clientes, acompanhando as tend\u00eancias no mundo da moda com pre\u00e7os atrativos.<\/p>\n\n\n\n<!--more-->\n\n\n\n<p>Tudo come\u00e7ou em 1995, quando Alexandre Birman, na \u00e9poca com 19 anos, se encantou por uma palmilha anat\u00f4mica que viu em uma feira de cal\u00e7ados italianos.<\/p>\n\n\n\n<p>Assim, pensando em inovar o mundo dos sapatos, Birman come\u00e7ou a desenvolver pe\u00e7as voltadas para o p\u00fablico jovem contempor\u00e2neo, que acompanha as maiores&nbsp;tend\u00eancias fashionistas.<\/p>\n\n\n\n<p>Quer saber mais sobre os produtos da marca e onde encontrar uma loja Schutz em Ipanema? Ent\u00e3o vem com a gente porque vamos te contar tudo!<\/p>\n\n\n\n<h2 class=\"wp-block-heading\">A loja destaque em cal\u00e7ados e bolsas<\/h2>\n\n\n\n<p>No auge de sua juventude, Alexandre Birman decidiu realizar uma ideia inovadora do seu pai, o propriet\u00e1rio da marca Arezzo. Ele queria usar a palmilha anat\u00f4mica que viu em uma feira de cal\u00e7ados italianos para fazer sapatos diferenciados.<\/p>\n\n\n\n<p>A pe\u00e7a, feita de corti\u00e7a e de borracha, era ideal para os praticantes de mountain bike, mas Alexandre viu a\u00ed uma oportunidade de inovar em outros estilos de cal\u00e7ados.<\/p>\n\n\n\n<p>Seu pai, no entanto, achou o material muito esportivo e se op\u00f4s \u00e0 ideia, j\u00e1 que os cal\u00e7ados da Arezzo eram destinados a outro tipo de p\u00fablico. Birman n\u00e3o desistiu da inova\u00e7\u00e3o e come\u00e7ou a desenhar novos modelos que, inicialmente, eram voltados ao p\u00fablico masculino.<\/p>\n\n\n\n<p>Mas, observando que existia a demanda por uma marca moderna e voltada para as mulheres, Alexandre direcionou a <a href=\"https:\/\/www.schutz.com.br\/\" target=\"_blank\" rel=\"noreferrer noopener\">Schutz<\/a> para elas. Foi ent\u00e3o que o empres\u00e1rio, depois de alguns erros, decidiu simplificar e criou o famoso modelo Anabela.<\/p>\n\n\n\n<p>O estilo dos sapatos da Schutz ganhou o mundo, chegando aos p\u00e9s de celebridades. Foi assim que Alexandre Birman desenhou pe\u00e7as especiais para personalidades famosas.<\/p>\n\n\n\n<p>Entre as estrelas que desfilam com seus sapatos, est\u00e3o nomes como: Kate Hudson, Katy Perry, Demi Moore, Jessica Alba e Anna Paquin, por exemplo.<\/p>\n\n\n\n<p>Em 2012, ano em que completou 20 anos no mercado, a Schutz inaugurou sua trig\u00e9sima sexta loja e a primeira flagship em New York, na Madison Avenue.&nbsp;<\/p>\n\n\n\n<h2 class=\"wp-block-heading\">Produtos Schutz Ipanema<\/h2>\n\n\n\n<p>Trabalhando h\u00e1 mais de 25 anos com o prop\u00f3sito de interpretar tend\u00eancias e despertar desejos, a Schutz cria produtos inovadores, com qualidade e sustentabilidade. <\/p>\n\n\n\n<p>Al\u00e9m disso, a marca tem como vis\u00e3o ser l\u00edder em moda no Brasil e com marcante presen\u00e7a internacional. Ent\u00e3o, se voc\u00ea quer deixar seus looks cheios de personalidade e modernidade, aposte em cal\u00e7ados e bolsas da marca de Alexandre Birman.<\/p>\n\n\n\n<figure class=\"wp-block-embed-youtube wp-block-embed is-type-video is-provider-youtube wp-embed-aspect-16-9 wp-has-aspect-ratio\"><div class=\"wp-block-embed__wrapper\">\n<iframe title=\"SCHUTZ VER\u00c3O 22 \u2013 TURN THE LIGHTS ON\" width=\"720\" height=\"405\" src=\"https:\/\/www.youtube.com\/embed\/1RU1tiMxHjs?feature=oembed\" frameborder=\"0\" allow=\"accelerometer; autoplay; clipboard-write; encrypted-media; gyroscope; picture-in-picture\" allowfullscreen><\/iframe>\n<\/div><\/figure>\n\n\n\n<p>Na loja Schutz em Ipanema, a cliente vai encontrar um amplo estoque de pe\u00e7as diferenciadas e atualizadas. Desse modo, morar no bairro carioca traz a possibilidade de comprar em uma das maiores marcas de sapatos e acess\u00f3rios do pa\u00eds, dentre outros com\u00e9rcios.<\/p>\n\n\n\n<p>Oportunidades \u00fanicas de im\u00f3veis em Ipanema! Fa\u00e7a parte do nosso\u00a0<strong><a href=\"https:\/\/whatsapp.com\/channel\/0029VaBTv8v8F2pN1nbKfn0a\">canal exclusivo no WhatsApp<\/a><\/strong>\u00a0e tenha acesso antecipado aos im\u00f3veis \u00e0 venda na regi\u00e3o com a maior demanda do Rio de Janeiro.<\/p>\n\n\n<div class=\"\"><div class='_form_6'><\/div><script type='text\/javascript' src='https:\/\/invexo.activehosted.com\/f\/embed.php?static=0&id=6&69EE609CB854B&nostyles=0&preview=0'><\/script><\/div>\n\n\n<p><\/p>\n\n\n\n<p>S\u00e3o diversos os lan\u00e7amentos residenciais e im\u00f3veis prontos em Ipanema, tais como o <a href=\"https:\/\/invexo.com.br\/lancamento\/helo-ipanema\/\" target=\"_blank\" rel=\"noreferrer noopener\">Helo Ipanema<\/a>! Com acabamentos de alto padr\u00e3o e infraestrutura completa, Ipanema \u00e9 um dos bairros com os melhores im\u00f3veis de luxo do Rio de Janeiro. Conhe\u00e7a agora mesmo os melhores <a href=\"https:\/\/luxury.invexo.com.br\/bairro\/ipanema\/?utm_source=blog&amp;utm_medium=blocomeio\" target=\"_blank\" rel=\"noreferrer noopener\">im\u00f3veis de luxo \u00e0 venda em Ipanema<\/a>!<\/p>\n\n\n\n<figure class=\"wp-block-image size-full\"><a href=\"https:\/\/luxury.invexo.com.br\/bairro\/ipanema\/?utm_source=blog&amp;utm_medium=blocomeio\" target=\"_blank\" rel=\"noopener\"><img decoding=\"async\" width=\"1300\" height=\"280\" src=\"https:\/\/invexo.com.br\/blog\/wp-content\/uploads\/2022\/08\/imoveis-residenciais-ipanema-rio-de-janeiro-rj-calcadao-de-ipanema.jpg\" alt=\"Im\u00f3veis de luxo \u00e0 venda em Ipanema RJ\" class=\"wp-image-28981\" srcset=\"https:\/\/invexo.com.br\/blog\/wp-content\/uploads\/2022\/08\/imoveis-residenciais-ipanema-rio-de-janeiro-rj-calcadao-de-ipanema.jpg 1300w, https:\/\/invexo.com.br\/blog\/wp-content\/uploads\/2022\/08\/imoveis-residenciais-ipanema-rio-de-janeiro-rj-calcadao-de-ipanema-300x65.jpg 300w, https:\/\/invexo.com.br\/blog\/wp-content\/uploads\/2022\/08\/imoveis-residenciais-ipanema-rio-de-janeiro-rj-calcadao-de-ipanema-1024x221.jpg 1024w, https:\/\/invexo.com.br\/blog\/wp-content\/uploads\/2022\/08\/imoveis-residenciais-ipanema-rio-de-janeiro-rj-calcadao-de-ipanema-768x165.jpg 768w\" sizes=\"(max-width: 1300px) 100vw, 1300px\" \/><\/a><\/figure>\n\n\n\n<p>Com op\u00e7\u00f5es para todos os gostos e ocasi\u00f5es, e pensando nas necessidades da mulher contempor\u00e2nea, a marca adicionou bolsas e acess\u00f3rios ao seu cat\u00e1logo.<\/p>\n\n\n\n<p>Ent\u00e3o, vamos conferir alguns dos itens dispon\u00edveis nas lojas da Schutz.<\/p>\n\n\n\n<h3 class=\"wp-block-heading\">Schutz Bolsa<\/h3>\n\n\n\n<p>Que as bolsas s\u00e3o um destaque na moda, todos j\u00e1 sabem. Mas, para atender \u00e0s expectativas do momento, o acess\u00f3rio precisa ter alguns detalhes importantes.<\/p>\n\n\n\n<p>As bags, que fazem parte do dia a dia das mulheres em diferentes ocasi\u00f5es, devem ser bonitas, confort\u00e1veis e funcionais. <\/p>\n\n\n\n<p>Pensando nisso, a Schutz desenha e produz op\u00e7\u00f5es variadas e diferentes para todos os estilos e necessidades.<\/p>\n\n\n\n<p>De modelos cl\u00e1ssicos <strong>\u2014<\/strong> como a bolsa em couro <strong>\u2014<\/strong> at\u00e9 op\u00e7\u00f5es <em>trendy<\/em>, como as\u00a0baguettes\u00a0e baby bags, na Schutz voc\u00ea encontra a bolsa perfeita para traduzir seu estilo.<\/p>\n\n\n\n<p>Al\u00e9m disso, as op\u00e7\u00f5es s\u00e3o \u00f3timas para dar a praticidade necess\u00e1ria em cada ocasi\u00e3o com a qualidade premium da Schutz.<\/p>\n\n\n\n<p>Certamente, ter uma bolsa da marca vai agregar mais estilo a qualquer look. Os modelos tamb\u00e9m s\u00e3o vers\u00e1teis e produzidos em materiais que far\u00e3o com que suas pe\u00e7as durem muito mais tempo.<\/p>\n\n\n\n<p>Alguns dos modelos de bolsas que voc\u00ea vai encontrar na Schutz de Ipanema s\u00e3o:<\/p>\n\n\n\n<ul><li>Bolsa Tote;<\/li><li>Bowling;<\/li><li>Buckets;<\/li><li>Clutch;<\/li><li>Tira Colo;<\/li><li>E muito mais.<\/li><\/ul>\n\n\n\n<h3 class=\"wp-block-heading\">Schutz Ipanema Cal\u00e7ados<\/h3>\n\n\n\n<p>Conhecida pelo seu conforto, a Schutz \u00e9 uma das maiores prefer\u00eancias das mulheres quando o assunto \u00e9 sapato.<\/p>\n\n\n\n<p>Trazendo para a rotina as melhores tend\u00eancias das passarelas, com produtos de qualidade premium, os sapatos da marca valorizam o visual e oferecem conforto para os p\u00e9s.<\/p>\n\n\n\n<p>Desse modo, na Schutz voc\u00ea encontra op\u00e7\u00f5es de:<\/p>\n\n\n\n<p><strong>Sapatos confort\u00e1veis<\/strong>: cal\u00e7ados como rasteiras, papetes, anabelas e botas de cano curto, por exemplo, com design moderno.<\/p>\n\n\n\n<p><strong>Sapato Oxford\u00a0feminino:<\/strong> as pe\u00e7as s\u00e3o confort\u00e1veis e elegantes, sendo a aposta perfeita para quem deseja um sapato social contempor\u00e2neo.<\/p>\n\n\n\n<p><strong>Sapato Mule<\/strong>: moderno e sofisticado, \u00e9 aquele sapato feminino que precisa fazer parte dos closets. Tendo salto alto ou n\u00e3o, o sapato \u00e9 estiloso e pode ser usado em v\u00e1rias ocasi\u00f5es.<\/p>\n\n\n\n<p><strong>Sapato de salto<\/strong>: ideal para produ\u00e7\u00f5es poderosas, o salto alto tem o poder de transformar um look <strong>\u2014<\/strong> seja um scarpin, uma sand\u00e1lia de festa ou mesmo uma anabela.<\/p>\n\n\n\n<p><strong>Flatform<\/strong>: este modelo de cal\u00e7ado \u00e9 cheio de estilo e d\u00e1 um toque especial a composi\u00e7\u00f5es que v\u00e3o do jeans \u00e0 alfaiataria.&nbsp;<\/p>\n\n\n\n<p><strong>Bota\u00a0on\u00e7a<\/strong>: \u00e9 aquela pe\u00e7a de destaque que traz estilo ao closet feminino. O  item de personalidade transforma qualquer produ\u00e7\u00e3o b\u00e1sica em uma super produ\u00e7\u00e3o.<\/p>\n\n\n\n<figure class=\"wp-block-image size-large\"><a href=\"https:\/\/invexo.com.br\/apartamento-em-ipanema\/\" target=\"_blank\" rel=\"noopener noreferrer\"><img decoding=\"async\" width=\"1024\" height=\"576\" src=\"https:\/\/invexo.com.br\/blog\/wp-content\/uploads\/2021\/11\/schutz-ipanema-1024x576.jpg\" alt=\"schutz-ipanema\" class=\"wp-image-23986\" srcset=\"https:\/\/invexo.com.br\/blog\/wp-content\/uploads\/2021\/11\/schutz-ipanema-1024x576.jpg 1024w, https:\/\/invexo.com.br\/blog\/wp-content\/uploads\/2021\/11\/schutz-ipanema-300x169.jpg 300w, https:\/\/invexo.com.br\/blog\/wp-content\/uploads\/2021\/11\/schutz-ipanema-768x432.jpg 768w, https:\/\/invexo.com.br\/blog\/wp-content\/uploads\/2021\/11\/schutz-ipanema-940x529.jpg 940w, https:\/\/invexo.com.br\/blog\/wp-content\/uploads\/2021\/11\/schutz-ipanema.jpg 1280w\" sizes=\"(max-width: 1024px) 100vw, 1024px\" \/><\/a><\/figure>\n\n\n\n<p>Entre os modelos de sapatos, voc\u00ea vai encontrar diferentes tipos de saltos  como, por exemplo:<\/p>\n\n\n\n<ul><li>Bloco;<\/li><li>Baixo;<\/li><li>Grosso;<\/li><li>Fino;<\/li><li>Anabela;<\/li><li>Kitten;<\/li><li>Mid<\/li><li>Ta\u00e7a;<\/li><li>E outros.<\/li><\/ul>\n\n\n\n<p>Os acabamentos das pe\u00e7as podem ser em:<\/p>\n\n\n\n<ul><li>Couro croco;<\/li><li>Veludo;<\/li><li>Verniz;<\/li><li>Vinil;<\/li><li>Snake;<\/li><li>R\u00e1fia;<\/li><li>Bordado;<\/li><li>Pl\u00e1stico;<\/li><li>E muito mais. <\/li><\/ul>\n\n\n\n<p>Os sapatos da marca j\u00e1 estiveram nos p\u00e9s de famosas como a Princesa Kate e a cantora e atriz Lady Gaga, que garantiram os seus modelos com o estilista Alexandre Birman.<\/p>\n\n\n\n<h3 class=\"wp-block-heading\">Schutz Acess\u00f3rio<\/h3>\n\n\n\n<p>Sabendo que cada detalhe faz a diferen\u00e7a, e buscando atender \u00e0s necessidades da mulher moderna, a Schutz apresenta uma linha completa de acess\u00f3rios.<\/p>\n\n\n\n<p>Cada item \u00e9 feito com uma combina\u00e7\u00e3o de personalidade, praticidade e sofistica\u00e7\u00e3o. Estes elementos s\u00e3o, sem d\u00favida, necess\u00e1rios em todos os momentos do dia a dia.&nbsp;<\/p>\n\n\n\n<p>Al\u00e9m disso, na loja da Schutz voc\u00ea tem acesso a itens personalizados com iniciais e outros produtos que d\u00e3o um ar de sofistica\u00e7\u00e3o e exclusividade.<\/p>\n\n\n\n<p>As Schutz Tags em couro s\u00e3o um exemplo. Super estilosas, elas levam as suas iniciais impressas. Os chaveiros metalizados de letras e os charms com o alfabeto tamb\u00e9m s\u00e3o excelente op\u00e7\u00e3o da marca. <\/p>\n\n\n\n<p>Na loja de Ipanema, est\u00e3o dispon\u00edveis os seguintes acess\u00f3rios:<\/p>\n\n\n\n<ul><li>Cintos;<\/li><li>Porta-celular;<\/li><li>N\u00e9cessaire;<\/li><li>Malas;<\/li><li>Mochilas;<\/li><li>Pochetes;<\/li><li>Carteiras;<\/li><li>Leather Ring;<\/li><li>Chap\u00e9us;<\/li><li>Entre outros.<\/li><\/ul>\n\n\n\n<p>Pensando em manter seu pet fashion, a Schutz desenvolveu pe\u00e7as especiais para o seu amiguinho.<\/p>\n\n\n\n<p>Dessa forma, na linha Schutz Pets Collection, est\u00e3o dispon\u00edveis coleiras em couro e bolsas especialmente pensadas para levar seu pet com voc\u00ea com muito estilo.<\/p>\n\n\n\n<figure class=\"wp-block-embed-youtube wp-block-embed is-type-video is-provider-youtube wp-embed-aspect-16-9 wp-has-aspect-ratio\"><div class=\"wp-block-embed__wrapper\">\n<iframe title=\"TOUR NA SCHUTZ | NOVA COLE\u00c7\u00c3O | VER\u00c3O 2022\" width=\"720\" height=\"405\" src=\"https:\/\/www.youtube.com\/embed\/oBzbk5IMQbY?feature=oembed\" frameborder=\"0\" allow=\"accelerometer; autoplay; clipboard-write; encrypted-media; gyroscope; picture-in-picture\" allowfullscreen><\/iframe>\n<\/div><\/figure>\n\n\n\n<p>Os acess\u00f3rios da Schutz s\u00e3o uma \u00f3tima op\u00e7\u00e3o para presentear aquela pessoa querida e, sem d\u00favida, a voc\u00ea tamb\u00e9m, n\u00e3o \u00e9 mesmo?<\/p>\n\n\n\n<p>Falando em presentes, no site da loja voc\u00ea pode adquirir um cart\u00e3o-presente e destin\u00e1-lo a quem voc\u00ea quiser. Para isso, entre no portal da marca, escolha o estilo do cart\u00e3o, o valor a presentear, o destinat\u00e1rio e pronto! <\/p>\n\n\n\n<h2 class=\"wp-block-heading\">Como chegar na loja Schutz Ipanema<\/h2>\n\n\n\n<p>Chegar na loja da Schutz em Ipanema \u00e9 f\u00e1cil, j\u00e1 que a unidade fica em uma rua muito conhecida do bairro. Com apenas 4 minutos de caminhada, saindo da esta\u00e7\u00e3o de metr\u00f4 Nossa Senhora da Paz, voc\u00ea chega \u00e0 loja.<\/p>\n\n\n\n<p><strong>Endere\u00e7o<\/strong>: Rua Garcia D&#8217;avila, 130, Ipanema.<br><strong>Hor\u00e1rio de Funcionamento: <\/strong>De segunda a sexta-feira, das 10h \u00e0s 20h. S\u00e1bado, das 10h \u00e0s 19h. Domingo, das 10h \u00e0s 18h.<\/p>\n\n\n\n<p>Al\u00e9m da Schutz, Ipanema tamb\u00e9m disp\u00f5e de v\u00e1rias op\u00e7\u00f5es de com\u00e9rcios e servi\u00e7os de todos os ramos do mercado. \u00c9 um bairro cheio de lojas para comprar sapatos, bolsas, acess\u00f3rios e muitos outros itens que v\u00e3o deixar seu guarda-roupas atualizado.<\/p>\n\n\n\n<p>Algumas das empresas que fazem parte do repert\u00f3rio comercial de Ipanema s\u00e3o a <a href=\"https:\/\/invexo.com.br\/blog\/kopenhagen-ipanema\/\" target=\"_blank\" rel=\"noreferrer noopener\">Kopenhagen<\/a>, <a href=\"https:\/\/invexo.com.br\/blog\/louis-vuitton-ipanema\/\" target=\"_blank\" rel=\"noreferrer noopener\">Louis Vuitton<\/a>, Artigiano, <a href=\"https:\/\/invexo.com.br\/blog\/arezzo-ipanema\/\" target=\"_blank\" rel=\"noreferrer noopener\">Arezzo<\/a>, <a href=\"https:\/\/invexo.com.br\/blog\/macstore-ipanema\/\" target=\"_blank\" rel=\"noreferrer noopener\">MacStore<\/a>, entre outros. Assim, o morador sortudo do bairro carioca tem \u00e0 disposi\u00e7\u00e3o, al\u00e9m da \u00f3tima infraestrutura urbana, uma ampla gama de facilidades perto de casa.<\/p>\n\n\n\n<div class=\"wp-block-group\"><div class=\"wp-block-group__inner-container is-layout-flow wp-block-group-is-layout-flow\">\n<p>Oportunidades \u00fanicas de im\u00f3veis em Ipanema! Fa\u00e7a parte do nosso&nbsp;<strong><a href=\"https:\/\/whatsapp.com\/channel\/0029VaBTv8v8F2pN1nbKfn0a\">canal exclusivo no WhatsApp<\/a><\/strong>&nbsp;e tenha acesso antecipado aos im\u00f3veis \u00e0 venda na regi\u00e3o com a maior demanda do Rio de Janeiro.<\/p>\n\n\n<div class=\"\"><div class='_form_6'><\/div><script type='text\/javascript' src='https:\/\/invexo.activehosted.com\/f\/embed.php?static=0&id=6&69EE609CB856C&nostyles=0&preview=0'><\/script><\/div>\n\n\n<p><\/p>\n\n\n\n<p>Ipanema, localizada na Zona Sul carioca, \u00e9 um dos melhores e mais nobres bairros para se viver no Rio de Janeiro. Conhe\u00e7a hoje mesmo os <a href=\"https:\/\/luxury.invexo.com.br\/bairro\/ipanema\/?utm_source=blog&amp;utm_medium=blocofim\" target=\"_blank\" rel=\"noreferrer noopener\">im\u00f3veis residenciais de luxo em Ipanema<\/a> com a INVEXO, imobili\u00e1ria especializada em im\u00f3veis de luxo no Rio de Janeiro.<\/p>\n\n\n\n<figure class=\"wp-block-image size-full\"><a href=\"https:\/\/luxury.invexo.com.br\/bairro\/ipanema\/?utm_source=blog&amp;utm_medium=blocofim\" target=\"_blank\" rel=\"noopener\"><img decoding=\"async\" width=\"1300\" height=\"280\" src=\"https:\/\/invexo.com.br\/blog\/wp-content\/uploads\/2022\/08\/imoveis-residenciais-ipanema-rio-de-janeiro-rj-calcadao-de-ipanema.jpg\" alt=\"Im\u00f3veis de luxo \u00e0 venda em Ipanema RJ\" class=\"wp-image-28981\" srcset=\"https:\/\/invexo.com.br\/blog\/wp-content\/uploads\/2022\/08\/imoveis-residenciais-ipanema-rio-de-janeiro-rj-calcadao-de-ipanema.jpg 1300w, https:\/\/invexo.com.br\/blog\/wp-content\/uploads\/2022\/08\/imoveis-residenciais-ipanema-rio-de-janeiro-rj-calcadao-de-ipanema-300x65.jpg 300w, https:\/\/invexo.com.br\/blog\/wp-content\/uploads\/2022\/08\/imoveis-residenciais-ipanema-rio-de-janeiro-rj-calcadao-de-ipanema-1024x221.jpg 1024w, https:\/\/invexo.com.br\/blog\/wp-content\/uploads\/2022\/08\/imoveis-residenciais-ipanema-rio-de-janeiro-rj-calcadao-de-ipanema-768x165.jpg 768w\" sizes=\"(max-width: 1300px) 100vw, 1300px\" \/><\/a><\/figure>\n<\/div><\/div>\n","protected":false},"excerpt":{"rendered":"<p>Ipanema \u00e9 um bairro dentro da moda e tem v\u00e1rias marcas renomadas pelas suas redondezas \u2014 entre elas, est\u00e1 a Schutz. Com a miss\u00e3o de colocar design moderno, liberdade de express\u00e3o e qualidade de material em cada par de sapato fabricado, a Schutz est\u00e1 sempre buscando atender aos desejos de seus clientes, acompanhando as tend\u00eancias&#8230;<\/p>\n","protected":false},"author":2,"featured_media":23987,"comment_status":"closed","ping_status":"closed","sticky":false,"template":"","format":"standard","meta":{"_acf_changed":false,"_kad_blocks_custom_css":"","_kad_blocks_head_custom_js":"","_kad_blocks_body_custom_js":"","_kad_blocks_footer_custom_js":"","_kadence_starter_templates_imported_post":false,"_kad_post_transparent":"","_kad_post_title":"","_kad_post_layout":"","_kad_post_sidebar_id":"","_kad_post_content_style":"","_kad_post_vertical_padding":"","_kad_post_feature":"","_kad_post_feature_position":"","_kad_post_header":false,"_kad_post_footer":false,"footnotes":""},"categories":[10,15],"tags":[635],"acf":[],"yoast_head":"<!-- This site is optimized with the Yoast SEO plugin v24.1 - https:\/\/yoast.com\/wordpress\/plugins\/seo\/ -->\n<title>Schutz Ipanema \u2014 Conhe\u00e7a as maiores tend\u00eancias da loja em Ipanema<\/title>\n<meta name=\"description\" content=\"Sapatos, acess\u00f3rios e bolsas s\u00e3o apenas alguns dos dispositivos que podemos encontrar na Schutz em Ipanema. Vamos te contar tudo sobre a loja do Rio.\" \/>\n<meta name=\"robots\" content=\"index, follow, max-snippet:-1, max-image-preview:large, max-video-preview:-1\" \/>\n<link rel=\"canonical\" href=\"https:\/\/invexo.com.br\/blog\/schutz-ipanema\/\" \/>\n<meta property=\"og:locale\" content=\"pt_BR\" \/>\n<meta property=\"og:type\" content=\"article\" \/>\n<meta property=\"og:title\" content=\"Schutz Ipanema \u2014 Conhe\u00e7a as maiores tend\u00eancias da loja em Ipanema\" \/>\n<meta property=\"og:description\" content=\"Sapatos, acess\u00f3rios e bolsas s\u00e3o apenas alguns dos dispositivos que podemos encontrar na Schutz em Ipanema. Vamos te contar tudo sobre a loja do Rio.\" \/>\n<meta property=\"og:url\" content=\"https:\/\/invexo.com.br\/blog\/schutz-ipanema\/\" \/>\n<meta property=\"og:site_name\" content=\"Not\u00edcias RJ\" \/>\n<meta property=\"article:publisher\" content=\"https:\/\/facebook.com\/invexo\" \/>\n<meta property=\"article:author\" content=\"https:\/\/facebook.com\/invexo\" \/>\n<meta property=\"article:published_time\" content=\"2021-12-09T20:00:00+00:00\" \/>\n<meta property=\"article:modified_time\" content=\"2022-06-29T00:37:38+00:00\" \/>\n<meta property=\"og:image\" content=\"https:\/\/invexo.com.br\/blog\/wp-content\/uploads\/2021\/11\/schutz-ipanema-rj.jpg\" \/>\n\t<meta property=\"og:image:width\" content=\"1280\" \/>\n\t<meta property=\"og:image:height\" content=\"720\" \/>\n\t<meta property=\"og:image:type\" content=\"image\/jpeg\" \/>\n<meta name=\"author\" content=\"Ronnie Possatti\" \/>\n<meta name=\"twitter:card\" content=\"summary_large_image\" \/>\n<meta name=\"twitter:creator\" content=\"@https:\/\/twitter.com\/invexoimoveis\" \/>\n<meta name=\"twitter:site\" content=\"@invexoimoveis\" \/>\n<meta name=\"twitter:label1\" content=\"Escrito por\" \/>\n\t<meta name=\"twitter:data1\" content=\"Ronnie Possatti\" \/>\n\t<meta name=\"twitter:label2\" content=\"Est. tempo de leitura\" \/>\n\t<meta name=\"twitter:data2\" content=\"7 minutos\" \/>\n<script type=\"application\/ld+json\" class=\"yoast-schema-graph\">{\"@context\":\"https:\/\/schema.org\",\"@graph\":[{\"@type\":\"Article\",\"@id\":\"https:\/\/invexo.com.br\/blog\/schutz-ipanema\/#article\",\"isPartOf\":{\"@id\":\"https:\/\/invexo.com.br\/blog\/schutz-ipanema\/\"},\"author\":{\"name\":\"Ronnie Possatti\",\"@id\":\"https:\/\/invexo.com.br\/blog\/#\/schema\/person\/36bee32f1cfacde03dc4c9622a58778d\"},\"headline\":\"Schutz Ipanema \u2014 Tend\u00eancia de sapatos e bolsas no Rio\",\"datePublished\":\"2021-12-09T20:00:00+00:00\",\"dateModified\":\"2022-06-29T00:37:38+00:00\",\"mainEntityOfPage\":{\"@id\":\"https:\/\/invexo.com.br\/blog\/schutz-ipanema\/\"},\"wordCount\":1503,\"publisher\":{\"@id\":\"https:\/\/invexo.com.br\/blog\/#organization\"},\"image\":{\"@id\":\"https:\/\/invexo.com.br\/blog\/schutz-ipanema\/#primaryimage\"},\"thumbnailUrl\":\"https:\/\/invexo.com.br\/blog\/wp-content\/uploads\/2021\/11\/schutz-ipanema-rj.jpg\",\"keywords\":[\"Ipanema\"],\"articleSection\":[\"Bairros\",\"Informa\u00e7\u00f5es\"],\"inLanguage\":\"pt-BR\"},{\"@type\":\"WebPage\",\"@id\":\"https:\/\/invexo.com.br\/blog\/schutz-ipanema\/\",\"url\":\"https:\/\/invexo.com.br\/blog\/schutz-ipanema\/\",\"name\":\"Schutz Ipanema \u2014 Conhe\u00e7a as maiores tend\u00eancias da loja em Ipanema\",\"isPartOf\":{\"@id\":\"https:\/\/invexo.com.br\/blog\/#website\"},\"primaryImageOfPage\":{\"@id\":\"https:\/\/invexo.com.br\/blog\/schutz-ipanema\/#primaryimage\"},\"image\":{\"@id\":\"https:\/\/invexo.com.br\/blog\/schutz-ipanema\/#primaryimage\"},\"thumbnailUrl\":\"https:\/\/invexo.com.br\/blog\/wp-content\/uploads\/2021\/11\/schutz-ipanema-rj.jpg\",\"datePublished\":\"2021-12-09T20:00:00+00:00\",\"dateModified\":\"2022-06-29T00:37:38+00:00\",\"description\":\"Sapatos, acess\u00f3rios e bolsas s\u00e3o apenas alguns dos dispositivos que podemos encontrar na Schutz em Ipanema. Vamos te contar tudo sobre a loja do Rio.\",\"breadcrumb\":{\"@id\":\"https:\/\/invexo.com.br\/blog\/schutz-ipanema\/#breadcrumb\"},\"inLanguage\":\"pt-BR\",\"potentialAction\":[{\"@type\":\"ReadAction\",\"target\":[\"https:\/\/invexo.com.br\/blog\/schutz-ipanema\/\"]}]},{\"@type\":\"ImageObject\",\"inLanguage\":\"pt-BR\",\"@id\":\"https:\/\/invexo.com.br\/blog\/schutz-ipanema\/#primaryimage\",\"url\":\"https:\/\/invexo.com.br\/blog\/wp-content\/uploads\/2021\/11\/schutz-ipanema-rj.jpg\",\"contentUrl\":\"https:\/\/invexo.com.br\/blog\/wp-content\/uploads\/2021\/11\/schutz-ipanema-rj.jpg\",\"width\":1280,\"height\":720,\"caption\":\"Looks cheios de personalidade\"},{\"@type\":\"BreadcrumbList\",\"@id\":\"https:\/\/invexo.com.br\/blog\/schutz-ipanema\/#breadcrumb\",\"itemListElement\":[{\"@type\":\"ListItem\",\"position\":1,\"name\":\"Blog\",\"item\":\"https:\/\/invexo.com.br\/blog\/\"},{\"@type\":\"ListItem\",\"position\":2,\"name\":\"Bairros\",\"item\":\"https:\/\/invexo.com.br\/blog\/categoria\/bairros\/\"},{\"@type\":\"ListItem\",\"position\":3,\"name\":\"Schutz Ipanema \u2014 Tend\u00eancia de sapatos e bolsas no Rio\"}]},{\"@type\":\"WebSite\",\"@id\":\"https:\/\/invexo.com.br\/blog\/#website\",\"url\":\"https:\/\/invexo.com.br\/blog\/\",\"name\":\"Not\u00edcias RJ\",\"description\":\"Not\u00edcias sobre im\u00f3veis, financiamento, mercado imobili\u00e1rio do Rio de Janeiro. Informa\u00e7\u00f5es sobre Bairros, Condom\u00ednios e Regi\u00e3o do Rio de Janeiro.\",\"publisher\":{\"@id\":\"https:\/\/invexo.com.br\/blog\/#organization\"},\"potentialAction\":[{\"@type\":\"SearchAction\",\"target\":{\"@type\":\"EntryPoint\",\"urlTemplate\":\"https:\/\/invexo.com.br\/blog\/?s={search_term_string}\"},\"query-input\":{\"@type\":\"PropertyValueSpecification\",\"valueRequired\":true,\"valueName\":\"search_term_string\"}}],\"inLanguage\":\"pt-BR\"},{\"@type\":\"Organization\",\"@id\":\"https:\/\/invexo.com.br\/blog\/#organization\",\"name\":\"INVEXO Imobili\u00e1ria\",\"url\":\"https:\/\/invexo.com.br\/blog\/\",\"logo\":{\"@type\":\"ImageObject\",\"inLanguage\":\"pt-BR\",\"@id\":\"https:\/\/invexo.com.br\/blog\/#\/schema\/logo\/image\/\",\"url\":\"https:\/\/invexo.com.br\/blog\/wp-content\/uploads\/2018\/09\/invexo-80-melhor.png\",\"contentUrl\":\"https:\/\/invexo.com.br\/blog\/wp-content\/uploads\/2018\/09\/invexo-80-melhor.png\",\"width\":247,\"height\":80,\"caption\":\"INVEXO Imobili\u00e1ria\"},\"image\":{\"@id\":\"https:\/\/invexo.com.br\/blog\/#\/schema\/logo\/image\/\"},\"sameAs\":[\"https:\/\/facebook.com\/invexo\",\"https:\/\/x.com\/invexoimoveis\"]},{\"@type\":\"Person\",\"@id\":\"https:\/\/invexo.com.br\/blog\/#\/schema\/person\/36bee32f1cfacde03dc4c9622a58778d\",\"name\":\"Ronnie Possatti\",\"image\":{\"@type\":\"ImageObject\",\"inLanguage\":\"pt-BR\",\"@id\":\"https:\/\/invexo.com.br\/blog\/#\/schema\/person\/image\/\",\"url\":\"https:\/\/secure.gravatar.com\/avatar\/51a6cdcc215551235c39affb853f1e38?s=96&d=blank&r=g\",\"contentUrl\":\"https:\/\/secure.gravatar.com\/avatar\/51a6cdcc215551235c39affb853f1e38?s=96&d=blank&r=g\",\"caption\":\"Ronnie Possatti\"},\"description\":\"Equipe de especialistas que traz para seus leitores conte\u00fados relevantes e de qualidade sobre bairros, condom\u00ednios, lan\u00e7amentos e not\u00edcias imobili\u00e1rias no Rio de Janeiro.\",\"sameAs\":[\"https:\/\/facebook.com\/invexo\",\"https:\/\/instagram.com\/invexo\",\"https:\/\/x.com\/https:\/\/twitter.com\/invexoimoveis\"],\"url\":\"https:\/\/invexo.com.br\/blog\/author\/invexo\/\"}]}<\/script>\n<!-- \/ Yoast SEO plugin. -->","yoast_head_json":{"title":"Schutz Ipanema \u2014 Conhe\u00e7a as maiores tend\u00eancias da loja em Ipanema","description":"Sapatos, acess\u00f3rios e bolsas s\u00e3o apenas alguns dos dispositivos que podemos encontrar na Schutz em Ipanema. Vamos te contar tudo sobre a loja do Rio.","robots":{"index":"index","follow":"follow","max-snippet":"max-snippet:-1","max-image-preview":"max-image-preview:large","max-video-preview":"max-video-preview:-1"},"canonical":"https:\/\/invexo.com.br\/blog\/schutz-ipanema\/","og_locale":"pt_BR","og_type":"article","og_title":"Schutz Ipanema \u2014 Conhe\u00e7a as maiores tend\u00eancias da loja em Ipanema","og_description":"Sapatos, acess\u00f3rios e bolsas s\u00e3o apenas alguns dos dispositivos que podemos encontrar na Schutz em Ipanema. Vamos te contar tudo sobre a loja do Rio.","og_url":"https:\/\/invexo.com.br\/blog\/schutz-ipanema\/","og_site_name":"Not\u00edcias RJ","article_publisher":"https:\/\/facebook.com\/invexo","article_author":"https:\/\/facebook.com\/invexo","article_published_time":"2021-12-09T20:00:00+00:00","article_modified_time":"2022-06-29T00:37:38+00:00","og_image":[{"width":1280,"height":720,"url":"https:\/\/invexo.com.br\/blog\/wp-content\/uploads\/2021\/11\/schutz-ipanema-rj.jpg","type":"image\/jpeg"}],"author":"Ronnie Possatti","twitter_card":"summary_large_image","twitter_creator":"@https:\/\/twitter.com\/invexoimoveis","twitter_site":"@invexoimoveis","twitter_misc":{"Escrito por":"Ronnie Possatti","Est. tempo de leitura":"7 minutos"},"schema":{"@context":"https:\/\/schema.org","@graph":[{"@type":"Article","@id":"https:\/\/invexo.com.br\/blog\/schutz-ipanema\/#article","isPartOf":{"@id":"https:\/\/invexo.com.br\/blog\/schutz-ipanema\/"},"author":{"name":"Ronnie Possatti","@id":"https:\/\/invexo.com.br\/blog\/#\/schema\/person\/36bee32f1cfacde03dc4c9622a58778d"},"headline":"Schutz Ipanema \u2014 Tend\u00eancia de sapatos e bolsas no Rio","datePublished":"2021-12-09T20:00:00+00:00","dateModified":"2022-06-29T00:37:38+00:00","mainEntityOfPage":{"@id":"https:\/\/invexo.com.br\/blog\/schutz-ipanema\/"},"wordCount":1503,"publisher":{"@id":"https:\/\/invexo.com.br\/blog\/#organization"},"image":{"@id":"https:\/\/invexo.com.br\/blog\/schutz-ipanema\/#primaryimage"},"thumbnailUrl":"https:\/\/invexo.com.br\/blog\/wp-content\/uploads\/2021\/11\/schutz-ipanema-rj.jpg","keywords":["Ipanema"],"articleSection":["Bairros","Informa\u00e7\u00f5es"],"inLanguage":"pt-BR"},{"@type":"WebPage","@id":"https:\/\/invexo.com.br\/blog\/schutz-ipanema\/","url":"https:\/\/invexo.com.br\/blog\/schutz-ipanema\/","name":"Schutz Ipanema \u2014 Conhe\u00e7a as maiores tend\u00eancias da loja em Ipanema","isPartOf":{"@id":"https:\/\/invexo.com.br\/blog\/#website"},"primaryImageOfPage":{"@id":"https:\/\/invexo.com.br\/blog\/schutz-ipanema\/#primaryimage"},"image":{"@id":"https:\/\/invexo.com.br\/blog\/schutz-ipanema\/#primaryimage"},"thumbnailUrl":"https:\/\/invexo.com.br\/blog\/wp-content\/uploads\/2021\/11\/schutz-ipanema-rj.jpg","datePublished":"2021-12-09T20:00:00+00:00","dateModified":"2022-06-29T00:37:38+00:00","description":"Sapatos, acess\u00f3rios e bolsas s\u00e3o apenas alguns dos dispositivos que podemos encontrar na Schutz em Ipanema. Vamos te contar tudo sobre a loja do Rio.","breadcrumb":{"@id":"https:\/\/invexo.com.br\/blog\/schutz-ipanema\/#breadcrumb"},"inLanguage":"pt-BR","potentialAction":[{"@type":"ReadAction","target":["https:\/\/invexo.com.br\/blog\/schutz-ipanema\/"]}]},{"@type":"ImageObject","inLanguage":"pt-BR","@id":"https:\/\/invexo.com.br\/blog\/schutz-ipanema\/#primaryimage","url":"https:\/\/invexo.com.br\/blog\/wp-content\/uploads\/2021\/11\/schutz-ipanema-rj.jpg","contentUrl":"https:\/\/invexo.com.br\/blog\/wp-content\/uploads\/2021\/11\/schutz-ipanema-rj.jpg","width":1280,"height":720,"caption":"Looks cheios de personalidade"},{"@type":"BreadcrumbList","@id":"https:\/\/invexo.com.br\/blog\/schutz-ipanema\/#breadcrumb","itemListElement":[{"@type":"ListItem","position":1,"name":"Blog","item":"https:\/\/invexo.com.br\/blog\/"},{"@type":"ListItem","position":2,"name":"Bairros","item":"https:\/\/invexo.com.br\/blog\/categoria\/bairros\/"},{"@type":"ListItem","position":3,"name":"Schutz Ipanema \u2014 Tend\u00eancia de sapatos e bolsas no Rio"}]},{"@type":"WebSite","@id":"https:\/\/invexo.com.br\/blog\/#website","url":"https:\/\/invexo.com.br\/blog\/","name":"Not\u00edcias RJ","description":"Not\u00edcias sobre im\u00f3veis, financiamento, mercado imobili\u00e1rio do Rio de Janeiro. Informa\u00e7\u00f5es sobre Bairros, Condom\u00ednios e Regi\u00e3o do Rio de Janeiro.","publisher":{"@id":"https:\/\/invexo.com.br\/blog\/#organization"},"potentialAction":[{"@type":"SearchAction","target":{"@type":"EntryPoint","urlTemplate":"https:\/\/invexo.com.br\/blog\/?s={search_term_string}"},"query-input":{"@type":"PropertyValueSpecification","valueRequired":true,"valueName":"search_term_string"}}],"inLanguage":"pt-BR"},{"@type":"Organization","@id":"https:\/\/invexo.com.br\/blog\/#organization","name":"INVEXO Imobili\u00e1ria","url":"https:\/\/invexo.com.br\/blog\/","logo":{"@type":"ImageObject","inLanguage":"pt-BR","@id":"https:\/\/invexo.com.br\/blog\/#\/schema\/logo\/image\/","url":"https:\/\/invexo.com.br\/blog\/wp-content\/uploads\/2018\/09\/invexo-80-melhor.png","contentUrl":"https:\/\/invexo.com.br\/blog\/wp-content\/uploads\/2018\/09\/invexo-80-melhor.png","width":247,"height":80,"caption":"INVEXO Imobili\u00e1ria"},"image":{"@id":"https:\/\/invexo.com.br\/blog\/#\/schema\/logo\/image\/"},"sameAs":["https:\/\/facebook.com\/invexo","https:\/\/x.com\/invexoimoveis"]},{"@type":"Person","@id":"https:\/\/invexo.com.br\/blog\/#\/schema\/person\/36bee32f1cfacde03dc4c9622a58778d","name":"Ronnie Possatti","image":{"@type":"ImageObject","inLanguage":"pt-BR","@id":"https:\/\/invexo.com.br\/blog\/#\/schema\/person\/image\/","url":"https:\/\/secure.gravatar.com\/avatar\/51a6cdcc215551235c39affb853f1e38?s=96&d=blank&r=g","contentUrl":"https:\/\/secure.gravatar.com\/avatar\/51a6cdcc215551235c39affb853f1e38?s=96&d=blank&r=g","caption":"Ronnie Possatti"},"description":"Equipe de especialistas que traz para seus leitores conte\u00fados relevantes e de qualidade sobre bairros, condom\u00ednios, lan\u00e7amentos e not\u00edcias imobili\u00e1rias no Rio de Janeiro.","sameAs":["https:\/\/facebook.com\/invexo","https:\/\/instagram.com\/invexo","https:\/\/x.com\/https:\/\/twitter.com\/invexoimoveis"],"url":"https:\/\/invexo.com.br\/blog\/author\/invexo\/"}]}},"taxonomy_info":{"category":[{"value":10,"label":"Bairros"},{"value":15,"label":"Informa\u00e7\u00f5es"}],"post_tag":[{"value":635,"label":"Ipanema"}]},"featured_image_src_large":["https:\/\/invexo.com.br\/blog\/wp-content\/uploads\/2021\/11\/schutz-ipanema-rj-1024x576.jpg",1024,576,true],"author_info":{"display_name":"Ronnie Possatti","author_link":"https:\/\/invexo.com.br\/blog\/author\/invexo\/"},"comment_info":0,"category_info":[{"term_id":10,"name":"Bairros","slug":"bairros","term_group":0,"term_taxonomy_id":10,"taxonomy":"category","description":"Not\u00edcias sobre estabelecimentos nos melhores bairros para se morar no Rio de Janeiro.","parent":0,"count":1354,"filter":"raw","cat_ID":10,"category_count":1354,"category_description":"Not\u00edcias sobre estabelecimentos nos melhores bairros para se morar no Rio de Janeiro.","cat_name":"Bairros","category_nicename":"bairros","category_parent":0},{"term_id":15,"name":"Informa\u00e7\u00f5es","slug":"informacoes","term_group":0,"term_taxonomy_id":15,"taxonomy":"category","description":"Informa\u00e7\u00f5es, experi\u00eancia nos melhores estabelecimentos em bairros nobres para se viver no Rio de Janeiro. Tudo sobre cultura, entretenimento e lazer.","parent":0,"count":1297,"filter":"raw","cat_ID":15,"category_count":1297,"category_description":"Informa\u00e7\u00f5es, experi\u00eancia nos melhores estabelecimentos em bairros nobres para se viver no Rio de Janeiro. Tudo sobre cultura, entretenimento e lazer.","cat_name":"Informa\u00e7\u00f5es","category_nicename":"informacoes","category_parent":0}],"tag_info":[{"term_id":635,"name":"Ipanema","slug":"ipanema","term_group":0,"term_taxonomy_id":635,"taxonomy":"post_tag","description":"","parent":0,"count":359,"filter":"raw"}],"_links":{"self":[{"href":"https:\/\/invexo.com.br\/blog\/wp-json\/wp\/v2\/posts\/23748"}],"collection":[{"href":"https:\/\/invexo.com.br\/blog\/wp-json\/wp\/v2\/posts"}],"about":[{"href":"https:\/\/invexo.com.br\/blog\/wp-json\/wp\/v2\/types\/post"}],"author":[{"embeddable":true,"href":"https:\/\/invexo.com.br\/blog\/wp-json\/wp\/v2\/users\/2"}],"replies":[{"embeddable":true,"href":"https:\/\/invexo.com.br\/blog\/wp-json\/wp\/v2\/comments?post=23748"}],"version-history":[{"count":1,"href":"https:\/\/invexo.com.br\/blog\/wp-json\/wp\/v2\/posts\/23748\/revisions"}],"predecessor-version":[{"id":26804,"href":"https:\/\/invexo.com.br\/blog\/wp-json\/wp\/v2\/posts\/23748\/revisions\/26804"}],"wp:featuredmedia":[{"embeddable":true,"href":"https:\/\/invexo.com.br\/blog\/wp-json\/wp\/v2\/media\/23987"}],"wp:attachment":[{"href":"https:\/\/invexo.com.br\/blog\/wp-json\/wp\/v2\/media?parent=23748"}],"wp:term":[{"taxonomy":"category","embeddable":true,"href":"https:\/\/invexo.com.br\/blog\/wp-json\/wp\/v2\/categories?post=23748"},{"taxonomy":"post_tag","embeddable":true,"href":"https:\/\/invexo.com.br\/blog\/wp-json\/wp\/v2\/tags?post=23748"}],"curies":[{"name":"wp","href":"https:\/\/api.w.org\/{rel}","templated":true}]}}