{"id":2224,"date":"2020-02-20T02:46:24","date_gmt":"2020-02-20T05:46:24","guid":{"rendered":"https:\/\/invexo.com.br\/blog\/?p=2224"},"modified":"2022-06-28T21:47:59","modified_gmt":"2022-06-29T00:47:59","slug":"supermercados-no-leblon","status":"publish","type":"post","link":"https:\/\/invexo.com.br\/blog\/supermercados-no-leblon\/","title":{"rendered":"Supermercados no Leblon"},"content":{"rendered":"\n<p>V\u00e1rios pontos s\u00e3o analisados na busca por um bom supermercado: variedade, bom pre\u00e7o, qualidade e comodidade, por exemplo. Criamos uma lista dos <strong>supermercados no Leblon<\/strong> de maior destaque, com propostas diferenciadas em seu segmento e que atendem aos perfis mais exigentes.<\/p>\n\n\n\n<!--more-->\n\n\n\n<h2 class=\"wp-block-heading\"><strong>Supermercado Zona Sul<\/strong><\/h2>\n\n\n\n<p>Criado em 1959 por Francesco Leta e Mario Leta, o <a rel=\"noreferrer noopener\" href=\"https:\/\/www.zonasul.com.br\/\" target=\"_blank\"><strong>Supermercado Zona Sul <\/strong><\/a>teve sua primeira loja no bairro de Ipanema, Rio de Janeiro. A loja at\u00e9 hoje existe, na Visconde de Piraj\u00e1. Atualmente a rede possui 39 lojas, sendo tr\u00eas supermercados no Leblon.  <\/p>\n\n\n\n<p>A transfer\u00eancia da capital brasileira do Rio de Janeiro para o Distrito Federal provocou grande movimenta\u00e7\u00e3o e mudan\u00e7a na cidade. <\/p>\n\n\n\n<p>A classe empresarial deslocou-se para a Zona Sul, de maneira que os irm\u00e3os Leta viram nesse deslocamento a oportunidade para reconfigurar os neg\u00f3cios, focando em um p\u00fablico de elevado padr\u00e3o. <\/p>\n\n\n\n<p>Assim, pautaram seus esfor\u00e7os em oferecer produtos da melhor qualidade e com um atendimento diferenciado.  <\/p>\n\n\n\n<p>Atualmente a rede conta com um quadro de aproximadamente 6000 colaboradores e aplica <a rel=\"noreferrer noopener\" href=\"https:\/\/www.zonasul.com.br\/zona-sul-sustentavel\" target=\"_blank\">pol\u00edticas socioambientais e sustent\u00e1veis<\/a> de impacto positivo para a comunidade. <\/p>\n\n\n\n<p>Das medidas aplicadas pelo Supermercado Zona Sul, podemos listar:<\/p>\n\n\n\n<ul><li>\n\tReciclagem\n\tde diversos tipos de materiais;\n\t<\/li><li>\n\tRetorno\n\tde garrafas de vidro Vitalatte;\n\t<\/li><li>\n\tColeta\n\tde l\u00e2mpadas, pilhas, baterias, c\u00e1psulas de caf\u00e9 e \u00f3leo de\n\tcozinha (algumas lojas);\n\t<\/li><li>\n\tCompostagem\n\tde res\u00edduo org\u00e2nico e venda do adubo resultante;\n\t<\/li><li>\n\tCultivo\n\tde orqu\u00eddeas em\n\tvias p\u00fablicas da\n\tZona Sul;\n\t<\/li><li>\n\tPatroc\u00ednios\n\te apoios em eventos culturais e esportivos;\n\t<\/li><li>\n\tPatroc\u00ednio\n\tem projetos de revitaliza\u00e7\u00e3o urbana;\n\t<\/li><li>\n\tPrograma\n\tde incentivo \u00e0 empregabilidade na 3\u00ba idade;\n\t<\/li><li>\n\tReaproveitamento\n\tde \u00e1gua e\n\tde caixas de\n\tmadeira.\n<\/li><\/ul>\n\n\n\n<p>Para quem aprecia receitas gourmet, o <strong>Canal Zona Sul<\/strong> disponibiliza v\u00eddeos com profissionais renomados dentro de cada segmento gastron\u00f4mico.<\/p>\n\n\n\n<p> Dispon\u00edvel no <a rel=\"noreferrer noopener\" href=\"https:\/\/www.zonasul.com.br\/CanalZonaSul\" target=\"_blank\">site<\/a> do Supermercado Zona sul e tamb\u00e9m no <a rel=\"noreferrer noopener\" href=\"https:\/\/www.youtube.com\/user\/SuperZonaSulVideos\/\" target=\"_blank\">Youtube<\/a>, voc\u00ea pode conferir v\u00eddeos apresentados por Andr\u00e9 Guedes (expert em queijos e frios), Dion\u00edsio Chaves (vinhos), Dominique Guerin (patisserie), Marcelo Malta (carnes), Paulo Tassinari (caf\u00e9s), entre outros.<\/p>\n\n\n\n<figure class=\"wp-block-embed-youtube wp-block-embed is-type-video is-provider-youtube wp-embed-aspect-16-9 wp-has-aspect-ratio\"><div class=\"wp-block-embed__wrapper\">\n<iframe title=\"Gastronomia Carioca | um novo canal para voc\u00ea\" width=\"720\" height=\"405\" src=\"https:\/\/www.youtube.com\/embed\/fWIpa5Bqvfc?feature=oembed\" frameborder=\"0\" allow=\"accelerometer; autoplay; clipboard-write; encrypted-media; gyroscope; picture-in-picture\" allowfullscreen><\/iframe>\n<\/div><\/figure>\n\n\n\n<p>As unidades dos supermercados no Leblon ficam na <a rel=\"noreferrer noopener\" href=\"https:\/\/invexo.com.br\/rua-dias-ferreira-leblon-rio-de-janeiro-rj\/\" target=\"_blank\">Rua Dias Ferreira<\/a>, Avenida Bartolomeu Mitre e Rua Carlos G\u00f3is. Possuem estacionamento, floricultura, a\u00e7ougue com atendimento especial, delivery, pizzaria, patisserie, caf\u00e9 da manh\u00e3, grelhados e spagheteria.<\/p>\n\n\n\n<p>O Supermercado Zona Sul \u00e9 um dos supermercados no Leblon mais frequentados pelos moradores do bairro, n\u00e3o somente por apresentar diferenciais e servi\u00e7os exclusivos, mas por tamb\u00e9m fazer parte do lifestyle da regi\u00e3o.<\/p>\n\n\n\n<div class=\"wp-block-group\"><div class=\"wp-block-group__inner-container is-layout-flow wp-block-group-is-layout-flow\">\n<p>Oportunidades \u00fanicas de im\u00f3veis exclusivos no Leblon. Siga nosso&nbsp;<strong><a href=\"https:\/\/whatsapp.com\/channel\/0029Va6pgNA0VycOAQkTIa3Z\">canal no WhatsApp<\/a><\/strong>&nbsp;e tenha acesso antecipado aos im\u00f3veis \u00e0 venda na regi\u00e3o.<\/p>\n\n\n\n<p><a href=\"https:\/\/whatsapp.com\/channel\/0029VaB0crhDZ4LfWQoKd22G\"><\/a><\/p>\n<\/div><\/div>\n\n\n\n<script async src=\"https:\/\/pagead2.googlesyndication.com\/pagead\/js\/adsbygoogle.js?client=ca-pub-6250649730240355\"\n     crossorigin=\"anonymous\"><\/script>\n<!-- Anuncios Blog -->\n<ins class=\"adsbygoogle\"\n     style=\"display:block\"\n     data-ad-client=\"ca-pub-6250649730240355\"\n     data-ad-slot=\"3218632260\"\n     data-ad-format=\"auto\"\n     data-full-width-responsive=\"true\"><\/ins>\n<script>\n     (adsbygoogle = window.adsbygoogle || []).push({});\n<\/script>\n\n\n\n<h3 class=\"wp-block-heading\"><strong>Supermercados no Leblon: Hortifruti<\/strong><\/h3>\n\n\n\n<p>Atrav\u00e9s da iniciativa de dois amigos, a rede de <a href=\"https:\/\/www.hortifruti.com.br\/\" target=\"_blank\" rel=\"noreferrer noopener\">lojas Hortifruti<\/a> teve in\u00edcio no final da d\u00e9cada de 80. Como os s\u00f3cios j\u00e1 possu\u00edam experi\u00eancia no segmento de feiras e mercados, tiveram a ideia de unir as duas possibilidades, oferecendo o melhor em um s\u00f3 lugar.<\/p>\n\n\n\n<p>Na \u00e9poca, a venda de alimentos frescos e naturais se restringia a feiras e a setores reduzidos dentro dos supermercados. <\/p>\n\n\n\n<p>Nas feiras era poss\u00edvel encontrar uma maior variedade, por\u00e9m os hor\u00e1rios de funcionamento eram restritos em algumas vezes. <\/p>\n\n\n\n<p>Dentro dos supermercados, o setor n\u00e3o oferecia grande sortimento. Partindo dessa necessidade, surgiu o Hortifruti, acompanhando o nascimento de um novo mercado nacional: o de hortifrutigranjeiros.<\/p>\n\n\n\n<p>Podemos afirmar ent\u00e3o que a Hortifruti \u00e9 pioneira do segmento e desde sua funda\u00e7\u00e3o at\u00e9 o presente momento preocupa-se em todos os detalhes. <\/p>\n\n\n\n<p>N\u00e3o somente com o consumidor final, mas com todo o processo de log\u00edstica, distribui\u00e7\u00e3o, atendimento ao cliente e disposi\u00e7\u00e3o dos produtos nas g\u00f4ndolas das lojas. <\/p>\n\n\n\n<p>Todas essas etapas t\u00eam um grande diferencial, peculiar ao m\u00e9todo de trabalho da Hortifruti.<\/p>\n\n\n\n<p>No momento, a rede<strong> <\/strong>possui quase 6000 colaboradores e consolidou-se como a maior do segmento de hortifrutigranjeiros do pa\u00eds. <\/p>\n\n\n\n<p>Atua nos estados do Esp\u00edrito Santo (onde se instalou a primeira loja da rede, em Colatina), Rio de Janeiro, Minas Gerais e S\u00e3o Paulo. <\/p>\n\n\n\n<figure class=\"wp-block-image size-full\"><img decoding=\"async\" width=\"1280\" height=\"720\" src=\"https:\/\/invexo.com.br\/blog\/wp-content\/uploads\/2020\/11\/hortifruti-leblon.jpg\" alt=\"hortifruti leblon\" class=\"wp-image-7610\" srcset=\"https:\/\/invexo.com.br\/blog\/wp-content\/uploads\/2020\/11\/hortifruti-leblon.jpg 1280w, https:\/\/invexo.com.br\/blog\/wp-content\/uploads\/2020\/11\/hortifruti-leblon-300x169.jpg 300w, https:\/\/invexo.com.br\/blog\/wp-content\/uploads\/2020\/11\/hortifruti-leblon-1024x576.jpg 1024w, https:\/\/invexo.com.br\/blog\/wp-content\/uploads\/2020\/11\/hortifruti-leblon-768x432.jpg 768w, https:\/\/invexo.com.br\/blog\/wp-content\/uploads\/2020\/11\/hortifruti-leblon-940x529.jpg 940w\" sizes=\"(max-width: 1280px) 100vw, 1280px\" \/><\/figure>\n\n\n\n<p>A rede Hortifruti possui suas pr\u00f3prias marcas de lojas como \u201cO Natural da Terra\u201d (S\u00e3o Paulo) e \u201cLeve &amp; Natural\u201d.<\/p>\n\n\n\n<p>A <strong><a href=\"https:\/\/sejalevenatural.com.br\/v1\/apps\/main\" target=\"_blank\" rel=\"noreferrer noopener\">Leve &amp; Natural<\/a><\/strong> \u00e9 uma vers\u00e3o menor das lojas hortifruti, criada com o prop\u00f3sito de proporcionar maior comodidade aos clientes. Tamb\u00e9m serve saladas, sucos e outros alimentos naturais prontos.  <\/p>\n\n\n\n<p>A rede Hortifruti tem por objetivo estimular o consumo de produtos naturais e frescos, destacando-se como refer\u00eancia nacional em sua \u00e1rea. Fomenta projetos que incentivam uma vida saud\u00e1vel, voltados a informa\u00e7\u00e3o e educa\u00e7\u00e3o alimentar para todos<strong>:<\/strong><\/p>\n\n\n\n<ul><li>\n\t<strong>5\n\tao dia<\/strong>:\n\tpara lembrar a import\u00e2ncia de incluir 5 por\u00e7\u00f5es de vegetais ao\n\tdia;\n\t<\/li><li>\n\t<strong>P\u00e9\n\tde Letra<\/strong>:\n\tcom\n\ta proposta de promover\n\to consumo de alimentos naturais e frescos, \u00e9 uma visita\n\tguiada oferecida \u00e0s escolas do ensino fundamental;\n\t<\/li><li>\n\t<strong>Combinado<\/strong>:\n\tcom\n\tdownload dispon\u00edvel via App Store ou Google Play, \u00e9 um aplicativo\n\tde jogo para o p\u00fablico infanto-juvenil que estimula o consumo de\n\tprodutos frescos e naturais;\n\t<\/li><li>\n\t<strong>\u00cdcones<\/strong>:\n\ttodas as informa\u00e7\u00f5es nutricionais dos alimentos s\u00e3o dispostos em\n\tplacas nas bancas, os \u00edcones. Neles s\u00e3o informados a propriedades\n\te quais os principais benef\u00edcios que o vegetal oferece;\n\t<\/li><li>\n\t<strong>Janelas\n\tdo Campo<\/strong>:\n\tuma\n\ts\u00e9rie audiovisual de entrevistas e depoimentos\n\tdos produtores\n\trurais fornecedores da Hortifruti,\n\tcontando\n\tdesde a forma de produ\u00e7\u00e3o at\u00e9 o destino final dos alimentos nas\n\tlojas da rede.\n\t\n\t\n<\/li><\/ul>\n\n\n\n<p>A <a href=\"https:\/\/invexo.com.br\/blog\/hortifruti-leblon\/\">rede Hortifruti possui tr\u00eas <\/a><strong><a href=\"https:\/\/invexo.com.br\/blog\/hortifruti-leblon\/\">supermercados no Leblon<\/a>,<\/strong> nos seguintes endere\u00e7os:<\/p>\n\n\n\n<ul><li>\n\tRua\n\tDias Ferreira;\n\t<\/li><li>\n\tRua\n\tAdalberto Ferreira;\n\t<\/li><li>\n\tRua\n\tAtaulfo de Paiva (este da marca Leve &amp; Natural).\n<\/li><\/ul>\n\n\n\n<p>Cada unidade tem servi\u00e7os e comodidades distintas, algumas exclusivas da rede Hortifruti, que proporcionam uma experi\u00eancia diferenciada ao consumidor. <\/p>\n\n\n\n<p>Vale a pena consultar o que cada loja oferece, mas n\u00f3s j\u00e1 preparamos uma lista do que a Hortifruti pode proporcionar. Confira:<\/p>\n\n\n\n<ul><li>Floricultura\n\t<\/li><li>Venda\n\tde org\u00e2nicos\n\t<\/li><li>Rotisseria\n\tfria e quente\n\t<\/li><li>Padaria\n\t<\/li><li>Peixaria\n\te a\u00e7ougue\n\t<\/li><li>Alimentos\n\tpr\u00e9 higienizados e cortados\n\t<\/li><li>Saladas\n\tprontas para consumo\n\t<\/li><li>Mercearia\n\t\n\t\n\t<\/li><li>Espa\u00e7o\n\tgourmet\n\t<\/li><li>Esta\u00e7\u00e3o\n\tnatural (sucos, salgados e sandu\u00edches)\n\t<\/li><li>Biciclet\u00e1rio\n\t<\/li><li>Estacionamento\n\te delivery\n<\/li><\/ul>\n\n\n\n<h3 class=\"wp-block-heading\"><strong>P\u00e3o de A\u00e7\u00facar Leblon<\/strong><\/h3>\n\n\n\n<p><a rel=\"noreferrer noopener\" href=\"https:\/\/www.paodeacucar.com\/\" target=\"_blank\">P\u00e3o de A\u00e7\u00facar<\/a> \u00e9 uma das mais tradicionais redes do Brasil, com 2100 lojas no pa\u00eds. O <strong>supermercado no Leblon<\/strong> foi reinaugurado em novembro de 2019, contando com um conceito inovador dentro da hist\u00f3ria da rede, mais fluido e tecnol\u00f3gico.<\/p>\n\n\n\n<p>Conhecido\ncomo \u201ctest and learn\u201d, o conceito tem como prop\u00f3sito evoluir a\nexperi\u00eancia de compra do consumidor, fundamentado em quatro pilares:<\/p>\n\n\n\n<ul><li>Experimental\n\t\u2013 lan\u00e7amento de novos produtos e servi\u00e7os\n\t<\/li><li>Exclusivo\n\t\u2013 marcas e produtos exclusivos das lojas; tend\u00eancias inovadoras\n\tde consumo mundiais;\n\t<\/li><li>Social\n\t\u2013 fortificar o aspecto do supermercado tamb\u00e9m como espa\u00e7o de\n\tconviv\u00eancia\n\t<\/li><li>Fluido\n\t\u2013 tecnologias que otimizam o processo de compra, como pre-scanning\n\te self checkout\n<\/li><\/ul>\n\n\n\n<figure class=\"wp-block-image size-full\"><img decoding=\"async\" width=\"1280\" height=\"720\" src=\"https:\/\/invexo.com.br\/blog\/wp-content\/uploads\/2020\/02\/p\u00e3o-de-acucar-leblon1.jpg\" alt=\"pao de acucar leblon\" class=\"wp-image-7617\" srcset=\"https:\/\/invexo.com.br\/blog\/wp-content\/uploads\/2020\/02\/p\u00e3o-de-acucar-leblon1.jpg 1280w, https:\/\/invexo.com.br\/blog\/wp-content\/uploads\/2020\/02\/p\u00e3o-de-acucar-leblon1-300x169.jpg 300w, https:\/\/invexo.com.br\/blog\/wp-content\/uploads\/2020\/02\/p\u00e3o-de-acucar-leblon1-1024x576.jpg 1024w, https:\/\/invexo.com.br\/blog\/wp-content\/uploads\/2020\/02\/p\u00e3o-de-acucar-leblon1-768x432.jpg 768w, https:\/\/invexo.com.br\/blog\/wp-content\/uploads\/2020\/02\/p\u00e3o-de-acucar-leblon1-940x529.jpg 940w\" sizes=\"(max-width: 1280px) 100vw, 1280px\" \/><\/figure>\n\n\n\n<p>A\nreestrutura\u00e7\u00e3o da loja atingiu todos os setores, bem como a\norganiza\u00e7\u00e3o e disposi\u00e7\u00e3o dos elementos do supermercado. Tudo com\no prop\u00f3sito de melhorar e tornar mais intuitivo o momento das\ncompras. \n<\/p>\n\n\n\n<p><strong>A hist\u00f3ria do P\u00e3o de A\u00e7\u00facar<\/strong> iniciou com a doceria de mesmo nome, criada em 1948 pelo imigrante portugu\u00eas <strong>Valentim dos Santos Diniz<\/strong>, em S\u00e3o Paulo. Seu talento possibilitou a cria\u00e7\u00e3o de mais duas filiais e que mais tarde fosse inaugurado o primeiro supermercado da rede.<\/p>\n\n\n\n<p>Valentim chegou no Brasil em 1929 e trabalhou como auxiliar em uma mercearia chamada Emp\u00f3rio Real Barateiro, organizando caixas e realizando entregas. <\/p>\n\n\n\n<p>Possu\u00eda um tato especial para os neg\u00f3cios, o que possibilitou abrir uma mercearia na Rua Vergueiro. <\/p>\n\n\n\n<p>A confeitaria P\u00e3o de A\u00e7\u00facar foi criada mais tarde e expandiu para mais duas filiais em S\u00e3o Paulo, devido ao grande sucesso em seu servi\u00e7o de buf\u00ea, doces e salgados.<\/p>\n\n\n\n<p>O conceito de supermercado como conhecemos agora \u2013 de escolher os produtos em prateleiras, colocar nos carrinhos e passar no caixa \u2013 era desconhecido no Brasil no final dos anos 50. <\/p>\n\n\n\n<p>Esse conceito, chamado de \u201cmodelo americano\u201d foi trazido para o pa\u00eds em 1953 com o supermercado \u201cSirva-se\u201d, comprado pela rede P\u00e3o de A\u00e7\u00facar 12 anos mais tarde. <\/p>\n\n\n\n<p>Por\u00e9m, em 1959, Valentim cria em conjunto com seu filho Ab\u00edlio a primeira loja do supermercado P\u00e3o de A\u00e7\u00facar, de frente para a doceria no bairro Jardins (atualmente endere\u00e7o da sede do Grupo). <\/p>\n\n\n\n<p>Valentim foi perspicaz em perceber que o momento era prop\u00edcio, devido ao avan\u00e7o da industrializa\u00e7\u00e3o com o governo de Kubitschek.<\/p>\n\n\n\n<p>O <strong>supermercado P\u00e3o de A\u00e7\u00facar<\/strong> foi o primeiro com lojas de atendimento 24 horas e pioneira em hipermercados no Brasil. \u00c9 atualmente controlado pelo grupo Casino e configura-se como uma das maiores redes varejistas do mundo.<\/p>\n\n\n\n<h3 class=\"wp-block-heading\"><strong>Supermercados\nno Leblon: saiba mais<\/strong><\/h3>\n\n\n\n<p>Um bairro que oferece qualidade de vida total, com servi\u00e7os e com\u00e9rcios variados, al\u00e9m de muita beleza. Esse \u00e9 o Leblon, o ponto mais desejado do Rio de Janeiro. No nosso artigo, disponibilizamos as melhores op\u00e7\u00f5es de supermercados da regi\u00e3o.  <\/p>\n\n\n\n<p>Se voc\u00ea tem interesse em comprar ou vender seu apartamento ou cobertura, conte conosco!  <\/p>\n\n\n\n<script async src=\"https:\/\/pagead2.googlesyndication.com\/pagead\/js\/adsbygoogle.js?client=ca-pub-6250649730240355\"\n     crossorigin=\"anonymous\"><\/script>\n<ins class=\"adsbygoogle\"\n     style=\"display:block\"\n     data-ad-format=\"fluid\"\n     data-ad-layout-key=\"-fb+5w+4e-db+86\"\n     data-ad-client=\"ca-pub-6250649730240355\"\n     data-ad-slot=\"9908760168\"><\/ins>\n<script>\n     (adsbygoogle = window.adsbygoogle || []).push({});\n<\/script>\n","protected":false},"excerpt":{"rendered":"<p>V\u00e1rios pontos s\u00e3o analisados na busca por um bom supermercado: variedade, bom pre\u00e7o, qualidade e comodidade, por exemplo. Criamos uma lista dos supermercados no Leblon de maior destaque, com propostas diferenciadas em seu segmento e que atendem aos perfis mais exigentes.<\/p>\n","protected":false},"author":8,"featured_media":7649,"comment_status":"closed","ping_status":"closed","sticky":false,"template":"","format":"standard","meta":{"_acf_changed":false,"_kad_blocks_custom_css":"","_kad_blocks_head_custom_js":"","_kad_blocks_body_custom_js":"","_kad_blocks_footer_custom_js":"","_kadence_starter_templates_imported_post":false,"_kad_post_transparent":"","_kad_post_title":"","_kad_post_layout":"","_kad_post_sidebar_id":"","_kad_post_content_style":"","_kad_post_vertical_padding":"","_kad_post_feature":"","_kad_post_feature_position":"","_kad_post_header":false,"_kad_post_footer":false,"footnotes":""},"categories":[10,15],"tags":[634],"acf":[],"yoast_head":"<!-- This site is optimized with the Yoast SEO plugin v24.1 - https:\/\/yoast.com\/wordpress\/plugins\/seo\/ -->\n<title>Supermercados no Leblon: Conhe\u00e7a as Melhores Op\u00e7\u00f5es<\/title>\n<meta name=\"description\" content=\"Confira em nosso artigo as melhores op\u00e7\u00f5es em supermercados no Leblon: Supermercado Zona Sul, Hortifruti, P\u00e3o de A\u00e7ucar, mais dicas e informa\u00e7\u00f5es valiosas.\" \/>\n<meta name=\"robots\" content=\"index, follow, max-snippet:-1, max-image-preview:large, max-video-preview:-1\" \/>\n<link rel=\"canonical\" href=\"https:\/\/invexo.com.br\/blog\/supermercados-no-leblon\/\" \/>\n<meta property=\"og:locale\" content=\"pt_BR\" \/>\n<meta property=\"og:type\" content=\"article\" \/>\n<meta property=\"og:title\" content=\"Supermercados no Leblon: Conhe\u00e7a as Melhores Op\u00e7\u00f5es\" \/>\n<meta property=\"og:description\" content=\"Confira em nosso artigo as melhores op\u00e7\u00f5es em supermercados no Leblon: Supermercado Zona Sul, Hortifruti, P\u00e3o de A\u00e7ucar, mais dicas e informa\u00e7\u00f5es valiosas.\" \/>\n<meta property=\"og:url\" content=\"https:\/\/invexo.com.br\/blog\/supermercados-no-leblon\/\" \/>\n<meta property=\"og:site_name\" content=\"Not\u00edcias RJ\" \/>\n<meta property=\"article:publisher\" content=\"https:\/\/facebook.com\/invexo\" \/>\n<meta property=\"article:published_time\" content=\"2020-02-20T05:46:24+00:00\" \/>\n<meta property=\"article:modified_time\" content=\"2022-06-29T00:47:59+00:00\" \/>\n<meta property=\"og:image\" content=\"https:\/\/invexo.com.br\/blog\/wp-content\/uploads\/2020\/02\/supermercados-no-leblon.jpg\" \/>\n\t<meta property=\"og:image:width\" content=\"1280\" \/>\n\t<meta property=\"og:image:height\" content=\"853\" \/>\n\t<meta property=\"og:image:type\" content=\"image\/jpeg\" \/>\n<meta name=\"author\" content=\"J\u00f4 Gadonski\" \/>\n<meta name=\"twitter:card\" content=\"summary_large_image\" \/>\n<meta name=\"twitter:creator\" content=\"@invexoimoveis\" \/>\n<meta name=\"twitter:site\" content=\"@invexoimoveis\" \/>\n<meta name=\"twitter:label1\" content=\"Escrito por\" \/>\n\t<meta name=\"twitter:data1\" content=\"J\u00f4 Gadonski\" \/>\n\t<meta name=\"twitter:label2\" content=\"Est. tempo de leitura\" \/>\n\t<meta name=\"twitter:data2\" content=\"7 minutos\" \/>\n<script type=\"application\/ld+json\" class=\"yoast-schema-graph\">{\"@context\":\"https:\/\/schema.org\",\"@graph\":[{\"@type\":\"Article\",\"@id\":\"https:\/\/invexo.com.br\/blog\/supermercados-no-leblon\/#article\",\"isPartOf\":{\"@id\":\"https:\/\/invexo.com.br\/blog\/supermercados-no-leblon\/\"},\"author\":{\"name\":\"J\u00f4 Gadonski\",\"@id\":\"https:\/\/invexo.com.br\/blog\/#\/schema\/person\/38b391bfbed71100a59413cf88e4c502\"},\"headline\":\"Supermercados no Leblon\",\"datePublished\":\"2020-02-20T05:46:24+00:00\",\"dateModified\":\"2022-06-29T00:47:59+00:00\",\"mainEntityOfPage\":{\"@id\":\"https:\/\/invexo.com.br\/blog\/supermercados-no-leblon\/\"},\"wordCount\":1500,\"publisher\":{\"@id\":\"https:\/\/invexo.com.br\/blog\/#organization\"},\"image\":{\"@id\":\"https:\/\/invexo.com.br\/blog\/supermercados-no-leblon\/#primaryimage\"},\"thumbnailUrl\":\"https:\/\/invexo.com.br\/blog\/wp-content\/uploads\/2020\/02\/supermercados-no-leblon.jpg\",\"keywords\":[\"Leblon\"],\"articleSection\":[\"Bairros\",\"Informa\u00e7\u00f5es\"],\"inLanguage\":\"pt-BR\"},{\"@type\":\"WebPage\",\"@id\":\"https:\/\/invexo.com.br\/blog\/supermercados-no-leblon\/\",\"url\":\"https:\/\/invexo.com.br\/blog\/supermercados-no-leblon\/\",\"name\":\"Supermercados no Leblon: Conhe\u00e7a as Melhores Op\u00e7\u00f5es\",\"isPartOf\":{\"@id\":\"https:\/\/invexo.com.br\/blog\/#website\"},\"primaryImageOfPage\":{\"@id\":\"https:\/\/invexo.com.br\/blog\/supermercados-no-leblon\/#primaryimage\"},\"image\":{\"@id\":\"https:\/\/invexo.com.br\/blog\/supermercados-no-leblon\/#primaryimage\"},\"thumbnailUrl\":\"https:\/\/invexo.com.br\/blog\/wp-content\/uploads\/2020\/02\/supermercados-no-leblon.jpg\",\"datePublished\":\"2020-02-20T05:46:24+00:00\",\"dateModified\":\"2022-06-29T00:47:59+00:00\",\"description\":\"Confira em nosso artigo as melhores op\u00e7\u00f5es em supermercados no Leblon: Supermercado Zona Sul, Hortifruti, P\u00e3o de A\u00e7ucar, mais dicas e informa\u00e7\u00f5es valiosas.\",\"breadcrumb\":{\"@id\":\"https:\/\/invexo.com.br\/blog\/supermercados-no-leblon\/#breadcrumb\"},\"inLanguage\":\"pt-BR\",\"potentialAction\":[{\"@type\":\"ReadAction\",\"target\":[\"https:\/\/invexo.com.br\/blog\/supermercados-no-leblon\/\"]}]},{\"@type\":\"ImageObject\",\"inLanguage\":\"pt-BR\",\"@id\":\"https:\/\/invexo.com.br\/blog\/supermercados-no-leblon\/#primaryimage\",\"url\":\"https:\/\/invexo.com.br\/blog\/wp-content\/uploads\/2020\/02\/supermercados-no-leblon.jpg\",\"contentUrl\":\"https:\/\/invexo.com.br\/blog\/wp-content\/uploads\/2020\/02\/supermercados-no-leblon.jpg\",\"width\":1280,\"height\":853,\"caption\":\"Supermercados no Leblon\"},{\"@type\":\"BreadcrumbList\",\"@id\":\"https:\/\/invexo.com.br\/blog\/supermercados-no-leblon\/#breadcrumb\",\"itemListElement\":[{\"@type\":\"ListItem\",\"position\":1,\"name\":\"Blog\",\"item\":\"https:\/\/invexo.com.br\/blog\/\"},{\"@type\":\"ListItem\",\"position\":2,\"name\":\"Informa\u00e7\u00f5es\",\"item\":\"https:\/\/invexo.com.br\/blog\/categoria\/informacoes\/\"},{\"@type\":\"ListItem\",\"position\":3,\"name\":\"Supermercados no Leblon\"}]},{\"@type\":\"WebSite\",\"@id\":\"https:\/\/invexo.com.br\/blog\/#website\",\"url\":\"https:\/\/invexo.com.br\/blog\/\",\"name\":\"Not\u00edcias RJ\",\"description\":\"Not\u00edcias sobre im\u00f3veis, financiamento, mercado imobili\u00e1rio do Rio de Janeiro. Informa\u00e7\u00f5es sobre Bairros, Condom\u00ednios e Regi\u00e3o do Rio de Janeiro.\",\"publisher\":{\"@id\":\"https:\/\/invexo.com.br\/blog\/#organization\"},\"potentialAction\":[{\"@type\":\"SearchAction\",\"target\":{\"@type\":\"EntryPoint\",\"urlTemplate\":\"https:\/\/invexo.com.br\/blog\/?s={search_term_string}\"},\"query-input\":{\"@type\":\"PropertyValueSpecification\",\"valueRequired\":true,\"valueName\":\"search_term_string\"}}],\"inLanguage\":\"pt-BR\"},{\"@type\":\"Organization\",\"@id\":\"https:\/\/invexo.com.br\/blog\/#organization\",\"name\":\"INVEXO Imobili\u00e1ria\",\"url\":\"https:\/\/invexo.com.br\/blog\/\",\"logo\":{\"@type\":\"ImageObject\",\"inLanguage\":\"pt-BR\",\"@id\":\"https:\/\/invexo.com.br\/blog\/#\/schema\/logo\/image\/\",\"url\":\"https:\/\/invexo.com.br\/blog\/wp-content\/uploads\/2018\/09\/invexo-80-melhor.png\",\"contentUrl\":\"https:\/\/invexo.com.br\/blog\/wp-content\/uploads\/2018\/09\/invexo-80-melhor.png\",\"width\":247,\"height\":80,\"caption\":\"INVEXO Imobili\u00e1ria\"},\"image\":{\"@id\":\"https:\/\/invexo.com.br\/blog\/#\/schema\/logo\/image\/\"},\"sameAs\":[\"https:\/\/facebook.com\/invexo\",\"https:\/\/x.com\/invexoimoveis\"]},{\"@type\":\"Person\",\"@id\":\"https:\/\/invexo.com.br\/blog\/#\/schema\/person\/38b391bfbed71100a59413cf88e4c502\",\"name\":\"J\u00f4 Gadonski\",\"image\":{\"@type\":\"ImageObject\",\"inLanguage\":\"pt-BR\",\"@id\":\"https:\/\/invexo.com.br\/blog\/#\/schema\/person\/image\/\",\"url\":\"https:\/\/secure.gravatar.com\/avatar\/4d8199b46157729cda2187fdfd7ad59d?s=96&d=blank&r=g\",\"contentUrl\":\"https:\/\/secure.gravatar.com\/avatar\/4d8199b46157729cda2187fdfd7ad59d?s=96&d=blank&r=g\",\"caption\":\"J\u00f4 Gadonski\"},\"description\":\"Redatora e assessora de comunica\u00e7\u00e3o. J\u00e1 trabalhou em mais de 30 projetos nacionais, internacionais e \u00e9 coordenadora de conte\u00fado para o blog da INVEXO.\",\"sameAs\":[\"https:\/\/invexo.com.br\"],\"url\":\"https:\/\/invexo.com.br\/blog\/author\/jo\/\"}]}<\/script>\n<!-- \/ Yoast SEO plugin. -->","yoast_head_json":{"title":"Supermercados no Leblon: Conhe\u00e7a as Melhores Op\u00e7\u00f5es","description":"Confira em nosso artigo as melhores op\u00e7\u00f5es em supermercados no Leblon: Supermercado Zona Sul, Hortifruti, P\u00e3o de A\u00e7ucar, mais dicas e informa\u00e7\u00f5es valiosas.","robots":{"index":"index","follow":"follow","max-snippet":"max-snippet:-1","max-image-preview":"max-image-preview:large","max-video-preview":"max-video-preview:-1"},"canonical":"https:\/\/invexo.com.br\/blog\/supermercados-no-leblon\/","og_locale":"pt_BR","og_type":"article","og_title":"Supermercados no Leblon: Conhe\u00e7a as Melhores Op\u00e7\u00f5es","og_description":"Confira em nosso artigo as melhores op\u00e7\u00f5es em supermercados no Leblon: Supermercado Zona Sul, Hortifruti, P\u00e3o de A\u00e7ucar, mais dicas e informa\u00e7\u00f5es valiosas.","og_url":"https:\/\/invexo.com.br\/blog\/supermercados-no-leblon\/","og_site_name":"Not\u00edcias RJ","article_publisher":"https:\/\/facebook.com\/invexo","article_published_time":"2020-02-20T05:46:24+00:00","article_modified_time":"2022-06-29T00:47:59+00:00","og_image":[{"width":1280,"height":853,"url":"https:\/\/invexo.com.br\/blog\/wp-content\/uploads\/2020\/02\/supermercados-no-leblon.jpg","type":"image\/jpeg"}],"author":"J\u00f4 Gadonski","twitter_card":"summary_large_image","twitter_creator":"@invexoimoveis","twitter_site":"@invexoimoveis","twitter_misc":{"Escrito por":"J\u00f4 Gadonski","Est. tempo de leitura":"7 minutos"},"schema":{"@context":"https:\/\/schema.org","@graph":[{"@type":"Article","@id":"https:\/\/invexo.com.br\/blog\/supermercados-no-leblon\/#article","isPartOf":{"@id":"https:\/\/invexo.com.br\/blog\/supermercados-no-leblon\/"},"author":{"name":"J\u00f4 Gadonski","@id":"https:\/\/invexo.com.br\/blog\/#\/schema\/person\/38b391bfbed71100a59413cf88e4c502"},"headline":"Supermercados no Leblon","datePublished":"2020-02-20T05:46:24+00:00","dateModified":"2022-06-29T00:47:59+00:00","mainEntityOfPage":{"@id":"https:\/\/invexo.com.br\/blog\/supermercados-no-leblon\/"},"wordCount":1500,"publisher":{"@id":"https:\/\/invexo.com.br\/blog\/#organization"},"image":{"@id":"https:\/\/invexo.com.br\/blog\/supermercados-no-leblon\/#primaryimage"},"thumbnailUrl":"https:\/\/invexo.com.br\/blog\/wp-content\/uploads\/2020\/02\/supermercados-no-leblon.jpg","keywords":["Leblon"],"articleSection":["Bairros","Informa\u00e7\u00f5es"],"inLanguage":"pt-BR"},{"@type":"WebPage","@id":"https:\/\/invexo.com.br\/blog\/supermercados-no-leblon\/","url":"https:\/\/invexo.com.br\/blog\/supermercados-no-leblon\/","name":"Supermercados no Leblon: Conhe\u00e7a as Melhores Op\u00e7\u00f5es","isPartOf":{"@id":"https:\/\/invexo.com.br\/blog\/#website"},"primaryImageOfPage":{"@id":"https:\/\/invexo.com.br\/blog\/supermercados-no-leblon\/#primaryimage"},"image":{"@id":"https:\/\/invexo.com.br\/blog\/supermercados-no-leblon\/#primaryimage"},"thumbnailUrl":"https:\/\/invexo.com.br\/blog\/wp-content\/uploads\/2020\/02\/supermercados-no-leblon.jpg","datePublished":"2020-02-20T05:46:24+00:00","dateModified":"2022-06-29T00:47:59+00:00","description":"Confira em nosso artigo as melhores op\u00e7\u00f5es em supermercados no Leblon: Supermercado Zona Sul, Hortifruti, P\u00e3o de A\u00e7ucar, mais dicas e informa\u00e7\u00f5es valiosas.","breadcrumb":{"@id":"https:\/\/invexo.com.br\/blog\/supermercados-no-leblon\/#breadcrumb"},"inLanguage":"pt-BR","potentialAction":[{"@type":"ReadAction","target":["https:\/\/invexo.com.br\/blog\/supermercados-no-leblon\/"]}]},{"@type":"ImageObject","inLanguage":"pt-BR","@id":"https:\/\/invexo.com.br\/blog\/supermercados-no-leblon\/#primaryimage","url":"https:\/\/invexo.com.br\/blog\/wp-content\/uploads\/2020\/02\/supermercados-no-leblon.jpg","contentUrl":"https:\/\/invexo.com.br\/blog\/wp-content\/uploads\/2020\/02\/supermercados-no-leblon.jpg","width":1280,"height":853,"caption":"Supermercados no Leblon"},{"@type":"BreadcrumbList","@id":"https:\/\/invexo.com.br\/blog\/supermercados-no-leblon\/#breadcrumb","itemListElement":[{"@type":"ListItem","position":1,"name":"Blog","item":"https:\/\/invexo.com.br\/blog\/"},{"@type":"ListItem","position":2,"name":"Informa\u00e7\u00f5es","item":"https:\/\/invexo.com.br\/blog\/categoria\/informacoes\/"},{"@type":"ListItem","position":3,"name":"Supermercados no Leblon"}]},{"@type":"WebSite","@id":"https:\/\/invexo.com.br\/blog\/#website","url":"https:\/\/invexo.com.br\/blog\/","name":"Not\u00edcias RJ","description":"Not\u00edcias sobre im\u00f3veis, financiamento, mercado imobili\u00e1rio do Rio de Janeiro. Informa\u00e7\u00f5es sobre Bairros, Condom\u00ednios e Regi\u00e3o do Rio de Janeiro.","publisher":{"@id":"https:\/\/invexo.com.br\/blog\/#organization"},"potentialAction":[{"@type":"SearchAction","target":{"@type":"EntryPoint","urlTemplate":"https:\/\/invexo.com.br\/blog\/?s={search_term_string}"},"query-input":{"@type":"PropertyValueSpecification","valueRequired":true,"valueName":"search_term_string"}}],"inLanguage":"pt-BR"},{"@type":"Organization","@id":"https:\/\/invexo.com.br\/blog\/#organization","name":"INVEXO Imobili\u00e1ria","url":"https:\/\/invexo.com.br\/blog\/","logo":{"@type":"ImageObject","inLanguage":"pt-BR","@id":"https:\/\/invexo.com.br\/blog\/#\/schema\/logo\/image\/","url":"https:\/\/invexo.com.br\/blog\/wp-content\/uploads\/2018\/09\/invexo-80-melhor.png","contentUrl":"https:\/\/invexo.com.br\/blog\/wp-content\/uploads\/2018\/09\/invexo-80-melhor.png","width":247,"height":80,"caption":"INVEXO Imobili\u00e1ria"},"image":{"@id":"https:\/\/invexo.com.br\/blog\/#\/schema\/logo\/image\/"},"sameAs":["https:\/\/facebook.com\/invexo","https:\/\/x.com\/invexoimoveis"]},{"@type":"Person","@id":"https:\/\/invexo.com.br\/blog\/#\/schema\/person\/38b391bfbed71100a59413cf88e4c502","name":"J\u00f4 Gadonski","image":{"@type":"ImageObject","inLanguage":"pt-BR","@id":"https:\/\/invexo.com.br\/blog\/#\/schema\/person\/image\/","url":"https:\/\/secure.gravatar.com\/avatar\/4d8199b46157729cda2187fdfd7ad59d?s=96&d=blank&r=g","contentUrl":"https:\/\/secure.gravatar.com\/avatar\/4d8199b46157729cda2187fdfd7ad59d?s=96&d=blank&r=g","caption":"J\u00f4 Gadonski"},"description":"Redatora e assessora de comunica\u00e7\u00e3o. J\u00e1 trabalhou em mais de 30 projetos nacionais, internacionais e \u00e9 coordenadora de conte\u00fado para o blog da INVEXO.","sameAs":["https:\/\/invexo.com.br"],"url":"https:\/\/invexo.com.br\/blog\/author\/jo\/"}]}},"taxonomy_info":{"category":[{"value":10,"label":"Bairros"},{"value":15,"label":"Informa\u00e7\u00f5es"}],"post_tag":[{"value":634,"label":"Leblon"}]},"featured_image_src_large":["https:\/\/invexo.com.br\/blog\/wp-content\/uploads\/2020\/02\/supermercados-no-leblon-1024x682.jpg",1024,682,true],"author_info":{"display_name":"J\u00f4 Gadonski","author_link":"https:\/\/invexo.com.br\/blog\/author\/jo\/"},"comment_info":0,"category_info":[{"term_id":10,"name":"Bairros","slug":"bairros","term_group":0,"term_taxonomy_id":10,"taxonomy":"category","description":"Not\u00edcias sobre estabelecimentos nos melhores bairros para se morar no Rio de Janeiro.","parent":0,"count":1354,"filter":"raw","cat_ID":10,"category_count":1354,"category_description":"Not\u00edcias sobre estabelecimentos nos melhores bairros para se morar no Rio de Janeiro.","cat_name":"Bairros","category_nicename":"bairros","category_parent":0},{"term_id":15,"name":"Informa\u00e7\u00f5es","slug":"informacoes","term_group":0,"term_taxonomy_id":15,"taxonomy":"category","description":"Informa\u00e7\u00f5es, experi\u00eancia nos melhores estabelecimentos em bairros nobres para se viver no Rio de Janeiro. Tudo sobre cultura, entretenimento e lazer.","parent":0,"count":1297,"filter":"raw","cat_ID":15,"category_count":1297,"category_description":"Informa\u00e7\u00f5es, experi\u00eancia nos melhores estabelecimentos em bairros nobres para se viver no Rio de Janeiro. Tudo sobre cultura, entretenimento e lazer.","cat_name":"Informa\u00e7\u00f5es","category_nicename":"informacoes","category_parent":0}],"tag_info":[{"term_id":634,"name":"Leblon","slug":"leblon","term_group":0,"term_taxonomy_id":634,"taxonomy":"post_tag","description":"<p style=\"text-align: left\">O Leblon \u00e9 o bairro mais nobre da Zona Sul da cidade do Rio de Janeiro (RJ). A regi\u00e3o \u00e9 reconhecida pela infraestrutura requintada e pelas arquiteturas encantadoras, que tamb\u00e9m s\u00e3o repletas de hist\u00f3rias marcantes. Conhe\u00e7a os <a href=\"https:\/\/luxury.invexo.com.br\/bairro\/leblon\/\" target=\"_blank\" rel=\"noreferrer noopener\">im\u00f3veis de luxo no Leblon<\/a>!<\/p>","parent":0,"count":433,"filter":"raw"}],"_links":{"self":[{"href":"https:\/\/invexo.com.br\/blog\/wp-json\/wp\/v2\/posts\/2224"}],"collection":[{"href":"https:\/\/invexo.com.br\/blog\/wp-json\/wp\/v2\/posts"}],"about":[{"href":"https:\/\/invexo.com.br\/blog\/wp-json\/wp\/v2\/types\/post"}],"author":[{"embeddable":true,"href":"https:\/\/invexo.com.br\/blog\/wp-json\/wp\/v2\/users\/8"}],"replies":[{"embeddable":true,"href":"https:\/\/invexo.com.br\/blog\/wp-json\/wp\/v2\/comments?post=2224"}],"version-history":[{"count":1,"href":"https:\/\/invexo.com.br\/blog\/wp-json\/wp\/v2\/posts\/2224\/revisions"}],"predecessor-version":[{"id":27818,"href":"https:\/\/invexo.com.br\/blog\/wp-json\/wp\/v2\/posts\/2224\/revisions\/27818"}],"wp:featuredmedia":[{"embeddable":true,"href":"https:\/\/invexo.com.br\/blog\/wp-json\/wp\/v2\/media\/7649"}],"wp:attachment":[{"href":"https:\/\/invexo.com.br\/blog\/wp-json\/wp\/v2\/media?parent=2224"}],"wp:term":[{"taxonomy":"category","embeddable":true,"href":"https:\/\/invexo.com.br\/blog\/wp-json\/wp\/v2\/categories?post=2224"},{"taxonomy":"post_tag","embeddable":true,"href":"https:\/\/invexo.com.br\/blog\/wp-json\/wp\/v2\/tags?post=2224"}],"curies":[{"name":"wp","href":"https:\/\/api.w.org\/{rel}","templated":true}]}}