{"id":21649,"date":"2021-09-22T19:00:00","date_gmt":"2021-09-22T22:00:00","guid":{"rendered":"https:\/\/invexo.com.br\/blog\/?p=21649"},"modified":"2022-06-28T21:37:50","modified_gmt":"2022-06-29T00:37:50","slug":"mercearia-da-praca-ipanema","status":"publish","type":"post","link":"https:\/\/invexo.com.br\/blog\/mercearia-da-praca-ipanema\/","title":{"rendered":"Conhe\u00e7a a famosa Mercearia da Pra\u00e7a em Ipanema"},"content":{"rendered":"\n<p>Para quem aprecia uma refei\u00e7\u00e3o de qualidade acompanhada de bom vinho,  a bel\u00edssima Mercearia da Pra\u00e7a em Ipanema \u00e9 uma boa pedida. O local oferece pratos t\u00edpicos e diversos produtos para todos os gostos.<\/p>\n\n\n\n<p>A Mercearia da Pra\u00e7a em Ipanema \u00e9 um misto de bar, restaurante, emp\u00f3rio, adega e mercado, que vem conquistando os moradores do bairro e turistas desde sua inaugura\u00e7\u00e3o em 2016.<\/p>\n\n\n\n<!--more-->\n\n\n\n<p>Dessa forma, fica f\u00e1cil encontrar em Ipanema um local que, al\u00e9m de \u00f3timas refei\u00e7\u00f5es, oferece diversos produtos variados.<\/p>\n\n\n\n<p>Al\u00e9m disso, a <a href=\"https:\/\/www.instagram.com\/merceariadapracaipanema\/?hl=pt-br\" target=\"_blank\" rel=\"noreferrer noopener\">Mercearia da Pra\u00e7a<\/a> tamb\u00e9m tem v\u00e1rios r\u00f3tulos de vinhos nacionais e importados, tudo num ambiente aconchegante e agrad\u00e1vel.<\/p>\n\n\n\n<p>Seu card\u00e1pio com receitas portuguesas atrai um vasto p\u00fablico na Zona Sul carioca. Desse modo, passear por Ipanema pode ser uma experi\u00eancia ainda mais especial.<\/p>\n\n\n\n<h2 class=\"wp-block-heading\">Gastronomia portuguesa na Mercearia da Pra\u00e7a<\/h2>\n\n\n\n<p>A Mercearia da Pra\u00e7a em Ipanema \u00e9 um ponto de encontro popular onde os amigos e fam\u00edlias podem se reunir para um bate-papo e, ainda, desfrutar de uma refei\u00e7\u00e3o tranquila e de qualidade a qualquer hora do dia.<\/p>\n\n\n\n<p>O ambiente interno sozinho j\u00e1 proporciona uma atmosfera confort\u00e1vel e familiar. As paredes decoradas com azulejos azul e branco e os m\u00f3veis feitos de madeira garantem um clima intimista ao local.<\/p>\n\n\n\n<p>Por conta do layout dos produtos no restaurante e das prateleiras decoradas com caixas de vinho e recipientes de rolhas, a Mercearia da Pra\u00e7a proporciona aos clientes a sensa\u00e7\u00e3o de estar de fato em um com\u00e9rcio de Portugal.<\/p>\n\n\n\n<p>Nas prateleiras encontra-se v\u00e1rios produtos de grande qualidade, tais como: queijos diversos, \u00f3leos, molhos, aperitivos, cereais, frutas desidratadas, especiarias, doces e temperos.<\/p>\n\n\n\n<p>Al\u00e9m disso, a Mercearia da Pra\u00e7a conta com diversos ambientes, sempre com uma trilha sonora gostosa de se ouvir \u2014 o que garante uma elegante atmosfera ao local.<\/p>\n\n\n\n<p>Assim, a Mercearia da Pra\u00e7a \u00e9 um dos estabelecimentos que garante aos moradores de <a rel=\"noreferrer noopener\" href=\"https:\/\/invexo.com.br\/blog\/ipanema-rio-de-janeiro\/\" target=\"_blank\">Ipanema<\/a> um estilo de vida elegante e cheio de beleza.<\/p>\n\n\n\n<p>Oportunidades \u00fanicas de im\u00f3veis em Ipanema! Fa\u00e7a parte do nosso\u00a0<strong><a href=\"https:\/\/whatsapp.com\/channel\/0029VaBTv8v8F2pN1nbKfn0a\">canal exclusivo no WhatsApp<\/a><\/strong>\u00a0e tenha acesso antecipado aos im\u00f3veis \u00e0 venda na regi\u00e3o com a maior demanda do Rio de Janeiro.<\/p>\n\n\n<div class=\"\"><div class='_form_6'><\/div><script type='text\/javascript' src='https:\/\/invexo.activehosted.com\/f\/embed.php?static=0&id=6&69F40E10453C2&nostyles=0&preview=0'><\/script><\/div>\n\n\n<p><\/p>\n\n\n\n<p>S\u00e3o diversos os lan\u00e7amentos residenciais e im\u00f3veis prontos em Ipanema, tais como o <a href=\"https:\/\/invexo.com.br\/lancamento\/helo-ipanema\/\" target=\"_blank\" rel=\"noreferrer noopener\">Helo Ipanema<\/a>! Com acabamentos de alto padr\u00e3o e infraestrutura completa, Ipanema \u00e9 um dos bairros com os melhores im\u00f3veis de luxo do Rio de Janeiro. Conhe\u00e7a agora mesmo os melhores <a href=\"https:\/\/luxury.invexo.com.br\/bairro\/ipanema\/?utm_source=blog&amp;utm_medium=blocomeio\" target=\"_blank\" rel=\"noreferrer noopener\">im\u00f3veis de luxo \u00e0 venda em Ipanema<\/a>!<\/p>\n\n\n\n<figure class=\"wp-block-image size-full\"><a href=\"https:\/\/luxury.invexo.com.br\/bairro\/ipanema\/?utm_source=blog&amp;utm_medium=blocomeio\" target=\"_blank\" rel=\"noopener\"><img decoding=\"async\" width=\"1300\" height=\"280\" src=\"https:\/\/invexo.com.br\/blog\/wp-content\/uploads\/2022\/08\/imoveis-residenciais-ipanema-rio-de-janeiro-rj-calcadao-de-ipanema.jpg\" alt=\"Im\u00f3veis de luxo \u00e0 venda em Ipanema RJ\" class=\"wp-image-28981\" srcset=\"https:\/\/invexo.com.br\/blog\/wp-content\/uploads\/2022\/08\/imoveis-residenciais-ipanema-rio-de-janeiro-rj-calcadao-de-ipanema.jpg 1300w, https:\/\/invexo.com.br\/blog\/wp-content\/uploads\/2022\/08\/imoveis-residenciais-ipanema-rio-de-janeiro-rj-calcadao-de-ipanema-300x65.jpg 300w, https:\/\/invexo.com.br\/blog\/wp-content\/uploads\/2022\/08\/imoveis-residenciais-ipanema-rio-de-janeiro-rj-calcadao-de-ipanema-1024x221.jpg 1024w, https:\/\/invexo.com.br\/blog\/wp-content\/uploads\/2022\/08\/imoveis-residenciais-ipanema-rio-de-janeiro-rj-calcadao-de-ipanema-768x165.jpg 768w\" sizes=\"(max-width: 1300px) 100vw, 1300px\" \/><\/a><\/figure>\n\n\n\n<h2 class=\"wp-block-heading\">Clima familiar e receitas com frutos do mar \u2014 Card\u00e1pio Mercearia da Pra\u00e7a Ipanema<\/h2>\n\n\n\n<p>A Mercearia da Pra\u00e7a de Ipanema oferece gastronomia portuguesa, com clima despojado, num ambiente familiar e amig\u00e1vel bem no cora\u00e7\u00e3o de Ipanema.<\/p>\n\n\n\n<p>Dentre os deliciosos pratos oferecidos pela casa, est\u00e3o as famosas receitas utilizando o bacalhau que, sem d\u00favidas, s\u00e3o os pratos mais apreciados pelos clientes.<\/p>\n\n\n\n<h3 class=\"wp-block-heading\">Entradas<\/h3>\n\n\n\n<p>Para iniciar, a Mercearia da Pra\u00e7a oferece como entrada o bolinho de bacalhau e a salada de bacalhau com batatas, cebola roxa, azeite, maionese caseira e salsa.<\/p>\n\n\n\n<p>Na sequ\u00eancia do menu est\u00e1 o prato de entrada de punheta de bacalhau, elaborado com bacalhau cru desfiado, cebola, azeite, vinagre, salsa e alho, entre outras op\u00e7\u00f5es.<\/p>\n\n\n\n<p>J\u00e1 se tratando de comidas servidas no local, o card\u00e1pio \u00e9 extenso e com v\u00e1rias op\u00e7\u00f5es de entradas, pratos principais e sobremesas, tais como:<\/p>\n\n\n\n<ul><li>Saladas variadas;<\/li><li>Pat\u00e9 de campagne da mercearia com p\u00e3o r\u00fastico;<\/li><li>Bolinho de bacalhau;<\/li><li>Croquete de alheira;<\/li><li>Bruschettas portuguesas;<\/li><li>Patanisca de bacalhau;<\/li><li>Pipoca de frutos do mar.<\/li><\/ul>\n\n\n\n<p>Al\u00e9m das deliciosas entradas, a Mercearia da Pra\u00e7a oferece em seu menu a se\u00e7\u00e3o \u201cpara come\u00e7ar\u201d, que se trata de uma focaccia de fermenta\u00e7\u00e3o natural com azeite extra virgem.<\/p>\n\n\n\n<figure class=\"wp-block-image size-large\"><a href=\"https:\/\/invexo.com.br\/imovel-residencial\/rio-de-janeiro-rj\/ipanema\/\" target=\"_blank\" rel=\"noopener noreferrer\"><img decoding=\"async\" width=\"1024\" height=\"576\" src=\"https:\/\/invexo.com.br\/blog\/wp-content\/uploads\/2021\/09\/Mercearia-da-pra\u00e7a-1024x576.jpg\" alt=\"mercearia-da-pra\u00e7a\" class=\"wp-image-21660\" srcset=\"https:\/\/invexo.com.br\/blog\/wp-content\/uploads\/2021\/09\/Mercearia-da-pra\u00e7a-1024x576.jpg 1024w, https:\/\/invexo.com.br\/blog\/wp-content\/uploads\/2021\/09\/Mercearia-da-pra\u00e7a-300x169.jpg 300w, https:\/\/invexo.com.br\/blog\/wp-content\/uploads\/2021\/09\/Mercearia-da-pra\u00e7a-768x432.jpg 768w, https:\/\/invexo.com.br\/blog\/wp-content\/uploads\/2021\/09\/Mercearia-da-pra\u00e7a-940x529.jpg 940w, https:\/\/invexo.com.br\/blog\/wp-content\/uploads\/2021\/09\/Mercearia-da-pra\u00e7a.jpg 1280w\" sizes=\"(max-width: 1024px) 100vw, 1024px\" \/><\/a><\/figure>\n\n\n\n<p>O prato \u00e9 servido com alecrim e flor de sal, creme de burrata, molho romesco, compota de pomodorini, ragu de lingui\u00e7a toscana, confit de berinjela e pat\u00ea da casa com redu\u00e7\u00e3o de vinho do Porto Taylor\u2019s Tawny e especiarias.<\/p>\n\n\n\n<p>Al\u00e9m deste maravilhoso e elaborado prato, a Mercearia tamb\u00e9m disp\u00f5e de mais tr\u00eas op\u00e7\u00f5es \u00e0 alheira: Camar\u00f5es \u00e0 Bulh\u00e3o Pato, Polvo Crocante, e Camar\u00e3o Algarve.<\/p>\n\n\n\n<h3 class=\"wp-block-heading\">Pratos principais<\/h3>\n\n\n\n<p>A Mercearia da Pra\u00e7a oferece, ainda, pratos executivos que cobrem o hor\u00e1rio do almo\u00e7o at\u00e9 \u00e0s 16h. Dentre os pratos principais oferecidos no card\u00e1pio, est\u00e3o:<\/p>\n\n\n\n<ul><li>Lasanha de bacalhau;<\/li><li>Bacalhau \u00e0 gomes de s\u00e1;<\/li><li>Bacalhau \u00e0 lagareiro;<\/li><li>Picado portuga;<\/li><li>Arroz de pato \u00e0 dona rosa;<\/li><li>Arroz de polvo.<\/li><\/ul>\n\n\n\n<p>J\u00e1 entre os pratos principais o indicado \u00e9 o Bacalhau Bastos, preparado com as lascas de bacalhau, salteadas com cebola roxa em azeite portugu\u00eas, sobre uma cama de \u201cragu de feij\u00e3o fradinho\u201d servida com uma mousseline de cenoura com hortel\u00e3.<\/p>\n\n\n\n<p>E, ainda, outra excelente op\u00e7\u00e3o \u00e9 o Bacalhau \u00e0 Gomes de S\u00e1. O prato \u00e9 feito com de lascas de bacalhau refogadas com azeite extra virgem portugu\u00eas, cebola e alho, batatas salteadas, ovos cozidos, azeitonas pretas e salsa.<\/p>\n\n\n\n<p>Por fim, dentre outras op\u00e7\u00f5es, vale ressaltar tamb\u00e9m o prato Bacalhau da Mercearia. A receita \u00e9 preparada com 850g de bacalhau assado para ser compartilhado na mesa com toda a fam\u00edlia ou amigos.<\/p>\n\n\n\n<p>Este prato vem acompanhado de batatas calabresas ao murro, br\u00f3colis, cebola assada levemente caramelizada e finalizado com alho frito.<\/p>\n\n\n\n<p>N\u00e3o somente as op\u00e7\u00f5es de pratos com o bacalhau como ingrediente principal fazem sucesso na Mercearia da Pra\u00e7a como tamb\u00e9m as deliciosas op\u00e7\u00f5es de arroz.<\/p>\n\n\n\n<p>Entre as op\u00e7\u00f5es, o Arroz de Polvo, por exemplo, \u00e9 muito apreciado acompanhado de um bom vinho. Sua receita \u00e9 preparada com polvo e arroz cozido no vinho branco, cebola, alho, coentro e pimenta do reino.<\/p>\n\n\n\n<h3 class=\"wp-block-heading\">Sobremesas<\/h3>\n\n\n\n<p>E, para finalizar, n\u00e3o se pode deixar de experimentar uma das deliciosas sobremesas, tais como:<\/p>\n\n\n\n<ul><li>Pastel de santa clara;<\/li><li>Doce de mil folhas;<\/li><li>Quindim;<\/li><li>Pastel de am\u00eandoas;<\/li><li>Entre outras op\u00e7\u00f5es saborosas de doces portugueses.<\/li><\/ul>\n\n\n\n<h3 class=\"wp-block-heading\">Pasteis<\/h3>\n\n\n\n<p>A Mercearia da Pra\u00e7a ainda oferece algumas op\u00e7\u00f5es de deliciosos pasteis feitos na hora.<\/p>\n\n\n\n<p>Dentre os sabores, est\u00e3o os cl\u00e1ssicos pasteis de queijo e de carne mo\u00edda \u2014 que leva carne mo\u00edda, ovo cozido, azeitona preta, cebola ervas finas e mussarela derretida. Ambos fecham em 150g.<\/p>\n\n\n\n<p>Al\u00e9m desses, ainda tem outras duas op\u00e7\u00f5es:<\/p>\n\n\n\n<ul><li>Pastel de Bacalhau: 200g de bacalhau desfiado, refogado no azeite extra virgem portugu\u00eas, cebola, azeitona e salsa;<\/li><li>Pastel de Camar\u00e3o: 150g de camar\u00e3o, envolvido com requeij\u00e3o cremoso, parmes\u00e3o ralado, cebola, refogados no azeite e temperos especiais.<\/li><\/ul>\n\n\n\n<h3 class=\"wp-block-heading\">Sandu\u00edches<\/h3>\n\n\n\n<p>A Mercearia da Pra\u00e7a tamb\u00e9m conta com deliciosas receitas de sandu\u00edches. As op\u00e7\u00f5es s\u00e3o:<\/p>\n\n\n\n<ul><li>Mortadela Baby;<\/li><li>Mortadela Tradicional;<\/li><li>Sandes Dom Leiton;<\/li><li>Mortadela com Provolone;<\/li><li>Fil\u00e9 Completo;<\/li><li>Francesinha.<\/li><\/ul>\n\n\n\n<p>Al\u00e9m dessas receitas, o restaurante tamb\u00e9m oferece op\u00e7\u00f5es de sopas e caldos, comida na t\u00e1bua, espetada e doces. Todos os pratos est\u00e3o dispon\u00edveis para consulta no <a href=\"https:\/\/cardapioseguro.com.br\/mercearia-da-praca\/\" target=\"_blank\" rel=\"noreferrer noopener\">card\u00e1pio online<\/a> da Mercearia.<\/p>\n\n\n\n<h3 class=\"wp-block-heading\">Bebidas<\/h3>\n\n\n\n<p>Para acompanhar as receitas portuguesas, a Mercearia da Pra\u00e7a oferece algumas op\u00e7\u00f5es de bebidas. As op\u00e7\u00f5es v\u00e3o desde caf\u00e9 a bebidas alco\u00f3licas.<\/p>\n\n\n\n<ul><li>Chopp;<\/li><li>Drinks e destilados;<\/li><li>Ta\u00e7as, portos e licores;<\/li><li>N\u00e3o alco\u00f3licos;<\/li><li>Caf\u00e9 e ch\u00e1.<\/li><\/ul>\n\n\n\n<p>As bebidas que mais se destacam s\u00e3o a cacha\u00e7a artesanal, o whisky de 12 anos, o chopp carioca, o vinho do Porto, o lipton ice tea e o caf\u00e9 expresso macchiato.<\/p>\n\n\n\n<p>Mas o destaque vai para a \u00c1gua Portuguesa de Pedras Salgadas. A \u00c1gua das Pedras \u00e9 um produto raro&nbsp;feito&nbsp;pela natureza no norte de Portugal.<\/p>\n\n\n\n<p>A \u00c1gua das Pedras vem do vale de Pedras Salgadas, local de beleza incomensur\u00e1vel. O local garante \u00e0 \u00e1gua caracter\u00edsticas \u00fanicas e um sabor distinto.<\/p>\n\n\n\n<p>Al\u00e9m disso, a \u00c1gua das Pedras \u00e9 uma \u00e1gua mineral natural gasocarb\u00f4nica. O sabor dessa \u00e1gua \u00e9 resultado de um lento e natural processo que ocorre nas montanhas do vale.<\/p>\n\n\n\n<h2 class=\"wp-block-heading\">Onde fica a Mercearia da Pra\u00e7a em Ipanema<\/h2>\n\n\n\n<p>Para experimentar as deliciosas receitas portuguesas da Mercearia da Pra\u00e7a, basta ir at\u00e9 seu endere\u00e7o, pr\u00f3ximo ao <a rel=\"noreferrer noopener\" href=\"https:\/\/invexo.com.br\/blog\/posto-8-ipanema\/\" target=\"_blank\">Posto 8<\/a> da <a href=\"https:\/\/invexo.com.br\/blog\/praia-de-ipanema\/\" target=\"_blank\" rel=\"noreferrer noopener\">Praia de Ipanema<\/a>.<\/p>\n\n\n\n<p>Al\u00e9m disso, n\u00e3o esque\u00e7a de conferir o hor\u00e1rio de atendimento do local antes de ir at\u00e9 l\u00e1.<\/p>\n\n\n\n<p><strong>Endere\u00e7o<\/strong>: Rua Jangadeiros, 28, Ipanema, Rio de Janeiro.<br><strong>Hor\u00e1rio de funcionamento<\/strong>: Domingo a quinta-feira, das 12h \u00e0 00h, e sexta e s\u00e1bado, das 12h \u00e0 01h.<\/p>\n\n\n\n<p>Para conhecer a Mercearia, a via principal de acesso \u00e9 a <a href=\"https:\/\/invexo.com.br\/rua-visconde-de-piraja-ipanema-rio-de-janeiro-rj\/\" target=\"_blank\" rel=\"noreferrer noopener\">Rua Visconde de Piraj\u00e1<\/a>. Outro ponto de refer\u00eancia \u00e9 a famosa <a href=\"https:\/\/invexo.com.br\/blog\/praca-general-osorio-ipanema-rj\/\" target=\"_blank\" rel=\"noreferrer noopener\">Pra\u00e7a General Os\u00f3rio<\/a>.<\/p>\n\n\n\n<p>Na pra\u00e7a \u00e9 poss\u00edvel acessar a esta\u00e7\u00e3o de metr\u00f4 General Os\u00f3rio, que alimenta a regi\u00e3o.<\/p>\n\n\n\n<p>Por fim, o bairro se destaca pela infraestrutura urbana e, desse modo, n\u00e3o ser\u00e1 dif\u00edcil encontrar com\u00e9rcios e servi\u00e7os distribu\u00eddos nas ruas da Zona Sul carioca.<\/p>\n\n\n\n<p>Por conta disso, Ipanema \u00e9 um local muito procurado por novos moradores para fixar resid\u00eancia no Rio de Janeiro.<\/p>\n\n\n\n<div class=\"wp-block-group\"><div class=\"wp-block-group__inner-container is-layout-flow wp-block-group-is-layout-flow\">\n<p>Oportunidades \u00fanicas de im\u00f3veis em Ipanema! Fa\u00e7a parte do nosso&nbsp;<strong><a href=\"https:\/\/whatsapp.com\/channel\/0029VaBTv8v8F2pN1nbKfn0a\">canal exclusivo no WhatsApp<\/a><\/strong>&nbsp;e tenha acesso antecipado aos im\u00f3veis \u00e0 venda na regi\u00e3o com a maior demanda do Rio de Janeiro.<\/p>\n\n\n<div class=\"\"><div class='_form_6'><\/div><script type='text\/javascript' src='https:\/\/invexo.activehosted.com\/f\/embed.php?static=0&id=6&69F40E10453E6&nostyles=0&preview=0'><\/script><\/div>\n\n\n<p><\/p>\n\n\n\n<p>Ipanema, localizada na Zona Sul carioca, \u00e9 um dos melhores e mais nobres bairros para se viver no Rio de Janeiro. Conhe\u00e7a hoje mesmo os <a href=\"https:\/\/luxury.invexo.com.br\/bairro\/ipanema\/?utm_source=blog&amp;utm_medium=blocofim\" target=\"_blank\" rel=\"noreferrer noopener\">im\u00f3veis residenciais de luxo em Ipanema<\/a> com a INVEXO, imobili\u00e1ria especializada em im\u00f3veis de luxo no Rio de Janeiro.<\/p>\n\n\n\n<figure class=\"wp-block-image size-full\"><a href=\"https:\/\/luxury.invexo.com.br\/bairro\/ipanema\/?utm_source=blog&amp;utm_medium=blocofim\" target=\"_blank\" rel=\"noopener\"><img decoding=\"async\" width=\"1300\" height=\"280\" src=\"https:\/\/invexo.com.br\/blog\/wp-content\/uploads\/2022\/08\/imoveis-residenciais-ipanema-rio-de-janeiro-rj-calcadao-de-ipanema.jpg\" alt=\"Im\u00f3veis de luxo \u00e0 venda em Ipanema RJ\" class=\"wp-image-28981\" srcset=\"https:\/\/invexo.com.br\/blog\/wp-content\/uploads\/2022\/08\/imoveis-residenciais-ipanema-rio-de-janeiro-rj-calcadao-de-ipanema.jpg 1300w, https:\/\/invexo.com.br\/blog\/wp-content\/uploads\/2022\/08\/imoveis-residenciais-ipanema-rio-de-janeiro-rj-calcadao-de-ipanema-300x65.jpg 300w, https:\/\/invexo.com.br\/blog\/wp-content\/uploads\/2022\/08\/imoveis-residenciais-ipanema-rio-de-janeiro-rj-calcadao-de-ipanema-1024x221.jpg 1024w, https:\/\/invexo.com.br\/blog\/wp-content\/uploads\/2022\/08\/imoveis-residenciais-ipanema-rio-de-janeiro-rj-calcadao-de-ipanema-768x165.jpg 768w\" sizes=\"(max-width: 1300px) 100vw, 1300px\" \/><\/a><\/figure>\n<\/div><\/div>\n","protected":false},"excerpt":{"rendered":"<p>Para quem aprecia uma refei\u00e7\u00e3o de qualidade acompanhada de bom vinho, a bel\u00edssima Mercearia da Pra\u00e7a em Ipanema \u00e9 uma boa pedida. O local oferece pratos t\u00edpicos e diversos produtos para todos os gostos. A Mercearia da Pra\u00e7a em Ipanema \u00e9 um misto de bar, restaurante, emp\u00f3rio, adega e mercado, que vem conquistando os moradores&#8230;<\/p>\n","protected":false},"author":2,"featured_media":21661,"comment_status":"closed","ping_status":"closed","sticky":false,"template":"","format":"standard","meta":{"_acf_changed":false,"_kad_blocks_custom_css":"","_kad_blocks_head_custom_js":"","_kad_blocks_body_custom_js":"","_kad_blocks_footer_custom_js":"","_kadence_starter_templates_imported_post":false,"_kad_post_transparent":"","_kad_post_title":"","_kad_post_layout":"","_kad_post_sidebar_id":"","_kad_post_content_style":"","_kad_post_vertical_padding":"","_kad_post_feature":"","_kad_post_feature_position":"","_kad_post_header":false,"_kad_post_footer":false,"footnotes":""},"categories":[10,15],"tags":[635],"acf":[],"yoast_head":"<!-- This site is optimized with the Yoast SEO plugin v24.1 - https:\/\/yoast.com\/wordpress\/plugins\/seo\/ -->\n<title>Mercearia da Pra\u00e7a em Ipanema \u2014 Culin\u00e1ria portuguesa e frutos do mar<\/title>\n<meta name=\"description\" content=\"A Mercearia da Pra\u00e7a em Ipanema RJ \u00e9 um misto de bar, restaurante, emp\u00f3rio, adega e mercado em Ipanema. As receitas portuguesas s\u00e3o identidade desse local.\" \/>\n<meta name=\"robots\" content=\"index, follow, max-snippet:-1, max-image-preview:large, max-video-preview:-1\" \/>\n<link rel=\"canonical\" href=\"https:\/\/invexo.com.br\/blog\/mercearia-da-praca-ipanema\/\" \/>\n<meta property=\"og:locale\" content=\"pt_BR\" \/>\n<meta property=\"og:type\" content=\"article\" \/>\n<meta property=\"og:title\" content=\"Mercearia da Pra\u00e7a em Ipanema \u2014 Culin\u00e1ria portuguesa e frutos do mar\" \/>\n<meta property=\"og:description\" content=\"A Mercearia da Pra\u00e7a em Ipanema RJ \u00e9 um misto de bar, restaurante, emp\u00f3rio, adega e mercado em Ipanema. As receitas portuguesas s\u00e3o identidade desse local.\" \/>\n<meta property=\"og:url\" content=\"https:\/\/invexo.com.br\/blog\/mercearia-da-praca-ipanema\/\" \/>\n<meta property=\"og:site_name\" content=\"Not\u00edcias RJ\" \/>\n<meta property=\"article:publisher\" content=\"https:\/\/facebook.com\/invexo\" \/>\n<meta property=\"article:author\" content=\"https:\/\/facebook.com\/invexo\" \/>\n<meta property=\"article:published_time\" content=\"2021-09-22T22:00:00+00:00\" \/>\n<meta property=\"article:modified_time\" content=\"2022-06-29T00:37:50+00:00\" \/>\n<meta property=\"og:image\" content=\"https:\/\/invexo.com.br\/blog\/wp-content\/uploads\/2021\/09\/Mercearia-da-pra\u00e7a-rj-1.jpg\" \/>\n\t<meta property=\"og:image:width\" content=\"1280\" \/>\n\t<meta property=\"og:image:height\" content=\"720\" \/>\n\t<meta property=\"og:image:type\" content=\"image\/jpeg\" \/>\n<meta name=\"author\" content=\"Ronnie Possatti\" \/>\n<meta name=\"twitter:card\" content=\"summary_large_image\" \/>\n<meta name=\"twitter:creator\" content=\"@https:\/\/twitter.com\/invexoimoveis\" \/>\n<meta name=\"twitter:site\" content=\"@invexoimoveis\" \/>\n<meta name=\"twitter:label1\" content=\"Escrito por\" \/>\n\t<meta name=\"twitter:data1\" content=\"Ronnie Possatti\" \/>\n\t<meta name=\"twitter:label2\" content=\"Est. tempo de leitura\" \/>\n\t<meta name=\"twitter:data2\" content=\"7 minutos\" \/>\n<script type=\"application\/ld+json\" class=\"yoast-schema-graph\">{\"@context\":\"https:\/\/schema.org\",\"@graph\":[{\"@type\":\"Article\",\"@id\":\"https:\/\/invexo.com.br\/blog\/mercearia-da-praca-ipanema\/#article\",\"isPartOf\":{\"@id\":\"https:\/\/invexo.com.br\/blog\/mercearia-da-praca-ipanema\/\"},\"author\":{\"name\":\"Ronnie Possatti\",\"@id\":\"https:\/\/invexo.com.br\/blog\/#\/schema\/person\/36bee32f1cfacde03dc4c9622a58778d\"},\"headline\":\"Conhe\u00e7a a famosa Mercearia da Pra\u00e7a em Ipanema\",\"datePublished\":\"2021-09-22T22:00:00+00:00\",\"dateModified\":\"2022-06-29T00:37:50+00:00\",\"mainEntityOfPage\":{\"@id\":\"https:\/\/invexo.com.br\/blog\/mercearia-da-praca-ipanema\/\"},\"wordCount\":1431,\"publisher\":{\"@id\":\"https:\/\/invexo.com.br\/blog\/#organization\"},\"image\":{\"@id\":\"https:\/\/invexo.com.br\/blog\/mercearia-da-praca-ipanema\/#primaryimage\"},\"thumbnailUrl\":\"https:\/\/invexo.com.br\/blog\/wp-content\/uploads\/2021\/09\/Mercearia-da-pra\u00e7a-rj-1.jpg\",\"keywords\":[\"Ipanema\"],\"articleSection\":[\"Bairros\",\"Informa\u00e7\u00f5es\"],\"inLanguage\":\"pt-BR\"},{\"@type\":\"WebPage\",\"@id\":\"https:\/\/invexo.com.br\/blog\/mercearia-da-praca-ipanema\/\",\"url\":\"https:\/\/invexo.com.br\/blog\/mercearia-da-praca-ipanema\/\",\"name\":\"Mercearia da Pra\u00e7a em Ipanema \u2014 Culin\u00e1ria portuguesa e frutos do mar\",\"isPartOf\":{\"@id\":\"https:\/\/invexo.com.br\/blog\/#website\"},\"primaryImageOfPage\":{\"@id\":\"https:\/\/invexo.com.br\/blog\/mercearia-da-praca-ipanema\/#primaryimage\"},\"image\":{\"@id\":\"https:\/\/invexo.com.br\/blog\/mercearia-da-praca-ipanema\/#primaryimage\"},\"thumbnailUrl\":\"https:\/\/invexo.com.br\/blog\/wp-content\/uploads\/2021\/09\/Mercearia-da-pra\u00e7a-rj-1.jpg\",\"datePublished\":\"2021-09-22T22:00:00+00:00\",\"dateModified\":\"2022-06-29T00:37:50+00:00\",\"description\":\"A Mercearia da Pra\u00e7a em Ipanema RJ \u00e9 um misto de bar, restaurante, emp\u00f3rio, adega e mercado em Ipanema. As receitas portuguesas s\u00e3o identidade desse local.\",\"breadcrumb\":{\"@id\":\"https:\/\/invexo.com.br\/blog\/mercearia-da-praca-ipanema\/#breadcrumb\"},\"inLanguage\":\"pt-BR\",\"potentialAction\":[{\"@type\":\"ReadAction\",\"target\":[\"https:\/\/invexo.com.br\/blog\/mercearia-da-praca-ipanema\/\"]}]},{\"@type\":\"ImageObject\",\"inLanguage\":\"pt-BR\",\"@id\":\"https:\/\/invexo.com.br\/blog\/mercearia-da-praca-ipanema\/#primaryimage\",\"url\":\"https:\/\/invexo.com.br\/blog\/wp-content\/uploads\/2021\/09\/Mercearia-da-pra\u00e7a-rj-1.jpg\",\"contentUrl\":\"https:\/\/invexo.com.br\/blog\/wp-content\/uploads\/2021\/09\/Mercearia-da-pra\u00e7a-rj-1.jpg\",\"width\":1280,\"height\":720,\"caption\":\"Mercearia da Pra\u00e7a Ipanema fachada inspira\u00e7\u00e3o portuguesa\"},{\"@type\":\"BreadcrumbList\",\"@id\":\"https:\/\/invexo.com.br\/blog\/mercearia-da-praca-ipanema\/#breadcrumb\",\"itemListElement\":[{\"@type\":\"ListItem\",\"position\":1,\"name\":\"Blog\",\"item\":\"https:\/\/invexo.com.br\/blog\/\"},{\"@type\":\"ListItem\",\"position\":2,\"name\":\"Informa\u00e7\u00f5es\",\"item\":\"https:\/\/invexo.com.br\/blog\/categoria\/informacoes\/\"},{\"@type\":\"ListItem\",\"position\":3,\"name\":\"Conhe\u00e7a a famosa Mercearia da Pra\u00e7a em Ipanema\"}]},{\"@type\":\"WebSite\",\"@id\":\"https:\/\/invexo.com.br\/blog\/#website\",\"url\":\"https:\/\/invexo.com.br\/blog\/\",\"name\":\"Not\u00edcias RJ\",\"description\":\"Not\u00edcias sobre im\u00f3veis, financiamento, mercado imobili\u00e1rio do Rio de Janeiro. Informa\u00e7\u00f5es sobre Bairros, Condom\u00ednios e Regi\u00e3o do Rio de Janeiro.\",\"publisher\":{\"@id\":\"https:\/\/invexo.com.br\/blog\/#organization\"},\"potentialAction\":[{\"@type\":\"SearchAction\",\"target\":{\"@type\":\"EntryPoint\",\"urlTemplate\":\"https:\/\/invexo.com.br\/blog\/?s={search_term_string}\"},\"query-input\":{\"@type\":\"PropertyValueSpecification\",\"valueRequired\":true,\"valueName\":\"search_term_string\"}}],\"inLanguage\":\"pt-BR\"},{\"@type\":\"Organization\",\"@id\":\"https:\/\/invexo.com.br\/blog\/#organization\",\"name\":\"INVEXO Imobili\u00e1ria\",\"url\":\"https:\/\/invexo.com.br\/blog\/\",\"logo\":{\"@type\":\"ImageObject\",\"inLanguage\":\"pt-BR\",\"@id\":\"https:\/\/invexo.com.br\/blog\/#\/schema\/logo\/image\/\",\"url\":\"https:\/\/invexo.com.br\/blog\/wp-content\/uploads\/2018\/09\/invexo-80-melhor.png\",\"contentUrl\":\"https:\/\/invexo.com.br\/blog\/wp-content\/uploads\/2018\/09\/invexo-80-melhor.png\",\"width\":247,\"height\":80,\"caption\":\"INVEXO Imobili\u00e1ria\"},\"image\":{\"@id\":\"https:\/\/invexo.com.br\/blog\/#\/schema\/logo\/image\/\"},\"sameAs\":[\"https:\/\/facebook.com\/invexo\",\"https:\/\/x.com\/invexoimoveis\"]},{\"@type\":\"Person\",\"@id\":\"https:\/\/invexo.com.br\/blog\/#\/schema\/person\/36bee32f1cfacde03dc4c9622a58778d\",\"name\":\"Ronnie Possatti\",\"image\":{\"@type\":\"ImageObject\",\"inLanguage\":\"pt-BR\",\"@id\":\"https:\/\/invexo.com.br\/blog\/#\/schema\/person\/image\/\",\"url\":\"https:\/\/secure.gravatar.com\/avatar\/51a6cdcc215551235c39affb853f1e38?s=96&d=blank&r=g\",\"contentUrl\":\"https:\/\/secure.gravatar.com\/avatar\/51a6cdcc215551235c39affb853f1e38?s=96&d=blank&r=g\",\"caption\":\"Ronnie Possatti\"},\"description\":\"Equipe de especialistas que traz para seus leitores conte\u00fados relevantes e de qualidade sobre bairros, condom\u00ednios, lan\u00e7amentos e not\u00edcias imobili\u00e1rias no Rio de Janeiro.\",\"sameAs\":[\"https:\/\/facebook.com\/invexo\",\"https:\/\/instagram.com\/invexo\",\"https:\/\/x.com\/https:\/\/twitter.com\/invexoimoveis\"],\"url\":\"https:\/\/invexo.com.br\/blog\/author\/invexo\/\"}]}<\/script>\n<!-- \/ Yoast SEO plugin. -->","yoast_head_json":{"title":"Mercearia da Pra\u00e7a em Ipanema \u2014 Culin\u00e1ria portuguesa e frutos do mar","description":"A Mercearia da Pra\u00e7a em Ipanema RJ \u00e9 um misto de bar, restaurante, emp\u00f3rio, adega e mercado em Ipanema. As receitas portuguesas s\u00e3o identidade desse local.","robots":{"index":"index","follow":"follow","max-snippet":"max-snippet:-1","max-image-preview":"max-image-preview:large","max-video-preview":"max-video-preview:-1"},"canonical":"https:\/\/invexo.com.br\/blog\/mercearia-da-praca-ipanema\/","og_locale":"pt_BR","og_type":"article","og_title":"Mercearia da Pra\u00e7a em Ipanema \u2014 Culin\u00e1ria portuguesa e frutos do mar","og_description":"A Mercearia da Pra\u00e7a em Ipanema RJ \u00e9 um misto de bar, restaurante, emp\u00f3rio, adega e mercado em Ipanema. As receitas portuguesas s\u00e3o identidade desse local.","og_url":"https:\/\/invexo.com.br\/blog\/mercearia-da-praca-ipanema\/","og_site_name":"Not\u00edcias RJ","article_publisher":"https:\/\/facebook.com\/invexo","article_author":"https:\/\/facebook.com\/invexo","article_published_time":"2021-09-22T22:00:00+00:00","article_modified_time":"2022-06-29T00:37:50+00:00","og_image":[{"width":1280,"height":720,"url":"https:\/\/invexo.com.br\/blog\/wp-content\/uploads\/2021\/09\/Mercearia-da-pra\u00e7a-rj-1.jpg","type":"image\/jpeg"}],"author":"Ronnie Possatti","twitter_card":"summary_large_image","twitter_creator":"@https:\/\/twitter.com\/invexoimoveis","twitter_site":"@invexoimoveis","twitter_misc":{"Escrito por":"Ronnie Possatti","Est. tempo de leitura":"7 minutos"},"schema":{"@context":"https:\/\/schema.org","@graph":[{"@type":"Article","@id":"https:\/\/invexo.com.br\/blog\/mercearia-da-praca-ipanema\/#article","isPartOf":{"@id":"https:\/\/invexo.com.br\/blog\/mercearia-da-praca-ipanema\/"},"author":{"name":"Ronnie Possatti","@id":"https:\/\/invexo.com.br\/blog\/#\/schema\/person\/36bee32f1cfacde03dc4c9622a58778d"},"headline":"Conhe\u00e7a a famosa Mercearia da Pra\u00e7a em Ipanema","datePublished":"2021-09-22T22:00:00+00:00","dateModified":"2022-06-29T00:37:50+00:00","mainEntityOfPage":{"@id":"https:\/\/invexo.com.br\/blog\/mercearia-da-praca-ipanema\/"},"wordCount":1431,"publisher":{"@id":"https:\/\/invexo.com.br\/blog\/#organization"},"image":{"@id":"https:\/\/invexo.com.br\/blog\/mercearia-da-praca-ipanema\/#primaryimage"},"thumbnailUrl":"https:\/\/invexo.com.br\/blog\/wp-content\/uploads\/2021\/09\/Mercearia-da-pra\u00e7a-rj-1.jpg","keywords":["Ipanema"],"articleSection":["Bairros","Informa\u00e7\u00f5es"],"inLanguage":"pt-BR"},{"@type":"WebPage","@id":"https:\/\/invexo.com.br\/blog\/mercearia-da-praca-ipanema\/","url":"https:\/\/invexo.com.br\/blog\/mercearia-da-praca-ipanema\/","name":"Mercearia da Pra\u00e7a em Ipanema \u2014 Culin\u00e1ria portuguesa e frutos do mar","isPartOf":{"@id":"https:\/\/invexo.com.br\/blog\/#website"},"primaryImageOfPage":{"@id":"https:\/\/invexo.com.br\/blog\/mercearia-da-praca-ipanema\/#primaryimage"},"image":{"@id":"https:\/\/invexo.com.br\/blog\/mercearia-da-praca-ipanema\/#primaryimage"},"thumbnailUrl":"https:\/\/invexo.com.br\/blog\/wp-content\/uploads\/2021\/09\/Mercearia-da-pra\u00e7a-rj-1.jpg","datePublished":"2021-09-22T22:00:00+00:00","dateModified":"2022-06-29T00:37:50+00:00","description":"A Mercearia da Pra\u00e7a em Ipanema RJ \u00e9 um misto de bar, restaurante, emp\u00f3rio, adega e mercado em Ipanema. As receitas portuguesas s\u00e3o identidade desse local.","breadcrumb":{"@id":"https:\/\/invexo.com.br\/blog\/mercearia-da-praca-ipanema\/#breadcrumb"},"inLanguage":"pt-BR","potentialAction":[{"@type":"ReadAction","target":["https:\/\/invexo.com.br\/blog\/mercearia-da-praca-ipanema\/"]}]},{"@type":"ImageObject","inLanguage":"pt-BR","@id":"https:\/\/invexo.com.br\/blog\/mercearia-da-praca-ipanema\/#primaryimage","url":"https:\/\/invexo.com.br\/blog\/wp-content\/uploads\/2021\/09\/Mercearia-da-pra\u00e7a-rj-1.jpg","contentUrl":"https:\/\/invexo.com.br\/blog\/wp-content\/uploads\/2021\/09\/Mercearia-da-pra\u00e7a-rj-1.jpg","width":1280,"height":720,"caption":"Mercearia da Pra\u00e7a Ipanema fachada inspira\u00e7\u00e3o portuguesa"},{"@type":"BreadcrumbList","@id":"https:\/\/invexo.com.br\/blog\/mercearia-da-praca-ipanema\/#breadcrumb","itemListElement":[{"@type":"ListItem","position":1,"name":"Blog","item":"https:\/\/invexo.com.br\/blog\/"},{"@type":"ListItem","position":2,"name":"Informa\u00e7\u00f5es","item":"https:\/\/invexo.com.br\/blog\/categoria\/informacoes\/"},{"@type":"ListItem","position":3,"name":"Conhe\u00e7a a famosa Mercearia da Pra\u00e7a em Ipanema"}]},{"@type":"WebSite","@id":"https:\/\/invexo.com.br\/blog\/#website","url":"https:\/\/invexo.com.br\/blog\/","name":"Not\u00edcias RJ","description":"Not\u00edcias sobre im\u00f3veis, financiamento, mercado imobili\u00e1rio do Rio de Janeiro. Informa\u00e7\u00f5es sobre Bairros, Condom\u00ednios e Regi\u00e3o do Rio de Janeiro.","publisher":{"@id":"https:\/\/invexo.com.br\/blog\/#organization"},"potentialAction":[{"@type":"SearchAction","target":{"@type":"EntryPoint","urlTemplate":"https:\/\/invexo.com.br\/blog\/?s={search_term_string}"},"query-input":{"@type":"PropertyValueSpecification","valueRequired":true,"valueName":"search_term_string"}}],"inLanguage":"pt-BR"},{"@type":"Organization","@id":"https:\/\/invexo.com.br\/blog\/#organization","name":"INVEXO Imobili\u00e1ria","url":"https:\/\/invexo.com.br\/blog\/","logo":{"@type":"ImageObject","inLanguage":"pt-BR","@id":"https:\/\/invexo.com.br\/blog\/#\/schema\/logo\/image\/","url":"https:\/\/invexo.com.br\/blog\/wp-content\/uploads\/2018\/09\/invexo-80-melhor.png","contentUrl":"https:\/\/invexo.com.br\/blog\/wp-content\/uploads\/2018\/09\/invexo-80-melhor.png","width":247,"height":80,"caption":"INVEXO Imobili\u00e1ria"},"image":{"@id":"https:\/\/invexo.com.br\/blog\/#\/schema\/logo\/image\/"},"sameAs":["https:\/\/facebook.com\/invexo","https:\/\/x.com\/invexoimoveis"]},{"@type":"Person","@id":"https:\/\/invexo.com.br\/blog\/#\/schema\/person\/36bee32f1cfacde03dc4c9622a58778d","name":"Ronnie Possatti","image":{"@type":"ImageObject","inLanguage":"pt-BR","@id":"https:\/\/invexo.com.br\/blog\/#\/schema\/person\/image\/","url":"https:\/\/secure.gravatar.com\/avatar\/51a6cdcc215551235c39affb853f1e38?s=96&d=blank&r=g","contentUrl":"https:\/\/secure.gravatar.com\/avatar\/51a6cdcc215551235c39affb853f1e38?s=96&d=blank&r=g","caption":"Ronnie Possatti"},"description":"Equipe de especialistas que traz para seus leitores conte\u00fados relevantes e de qualidade sobre bairros, condom\u00ednios, lan\u00e7amentos e not\u00edcias imobili\u00e1rias no Rio de Janeiro.","sameAs":["https:\/\/facebook.com\/invexo","https:\/\/instagram.com\/invexo","https:\/\/x.com\/https:\/\/twitter.com\/invexoimoveis"],"url":"https:\/\/invexo.com.br\/blog\/author\/invexo\/"}]}},"taxonomy_info":{"category":[{"value":10,"label":"Bairros"},{"value":15,"label":"Informa\u00e7\u00f5es"}],"post_tag":[{"value":635,"label":"Ipanema"}]},"featured_image_src_large":["https:\/\/invexo.com.br\/blog\/wp-content\/uploads\/2021\/09\/Mercearia-da-pra\u00e7a-rj-1-1024x576.jpg",1024,576,true],"author_info":{"display_name":"Ronnie Possatti","author_link":"https:\/\/invexo.com.br\/blog\/author\/invexo\/"},"comment_info":0,"category_info":[{"term_id":10,"name":"Bairros","slug":"bairros","term_group":0,"term_taxonomy_id":10,"taxonomy":"category","description":"Not\u00edcias sobre estabelecimentos nos melhores bairros para se morar no Rio de Janeiro.","parent":0,"count":1354,"filter":"raw","cat_ID":10,"category_count":1354,"category_description":"Not\u00edcias sobre estabelecimentos nos melhores bairros para se morar no Rio de Janeiro.","cat_name":"Bairros","category_nicename":"bairros","category_parent":0},{"term_id":15,"name":"Informa\u00e7\u00f5es","slug":"informacoes","term_group":0,"term_taxonomy_id":15,"taxonomy":"category","description":"Informa\u00e7\u00f5es, experi\u00eancia nos melhores estabelecimentos em bairros nobres para se viver no Rio de Janeiro. Tudo sobre cultura, entretenimento e lazer.","parent":0,"count":1297,"filter":"raw","cat_ID":15,"category_count":1297,"category_description":"Informa\u00e7\u00f5es, experi\u00eancia nos melhores estabelecimentos em bairros nobres para se viver no Rio de Janeiro. Tudo sobre cultura, entretenimento e lazer.","cat_name":"Informa\u00e7\u00f5es","category_nicename":"informacoes","category_parent":0}],"tag_info":[{"term_id":635,"name":"Ipanema","slug":"ipanema","term_group":0,"term_taxonomy_id":635,"taxonomy":"post_tag","description":"","parent":0,"count":359,"filter":"raw"}],"_links":{"self":[{"href":"https:\/\/invexo.com.br\/blog\/wp-json\/wp\/v2\/posts\/21649"}],"collection":[{"href":"https:\/\/invexo.com.br\/blog\/wp-json\/wp\/v2\/posts"}],"about":[{"href":"https:\/\/invexo.com.br\/blog\/wp-json\/wp\/v2\/types\/post"}],"author":[{"embeddable":true,"href":"https:\/\/invexo.com.br\/blog\/wp-json\/wp\/v2\/users\/2"}],"replies":[{"embeddable":true,"href":"https:\/\/invexo.com.br\/blog\/wp-json\/wp\/v2\/comments?post=21649"}],"version-history":[{"count":1,"href":"https:\/\/invexo.com.br\/blog\/wp-json\/wp\/v2\/posts\/21649\/revisions"}],"predecessor-version":[{"id":26879,"href":"https:\/\/invexo.com.br\/blog\/wp-json\/wp\/v2\/posts\/21649\/revisions\/26879"}],"wp:featuredmedia":[{"embeddable":true,"href":"https:\/\/invexo.com.br\/blog\/wp-json\/wp\/v2\/media\/21661"}],"wp:attachment":[{"href":"https:\/\/invexo.com.br\/blog\/wp-json\/wp\/v2\/media?parent=21649"}],"wp:term":[{"taxonomy":"category","embeddable":true,"href":"https:\/\/invexo.com.br\/blog\/wp-json\/wp\/v2\/categories?post=21649"},{"taxonomy":"post_tag","embeddable":true,"href":"https:\/\/invexo.com.br\/blog\/wp-json\/wp\/v2\/tags?post=21649"}],"curies":[{"name":"wp","href":"https:\/\/api.w.org\/{rel}","templated":true}]}}