{"id":21213,"date":"2021-09-10T19:41:21","date_gmt":"2021-09-10T22:41:21","guid":{"rendered":"https:\/\/invexo.com.br\/blog\/?p=21213"},"modified":"2022-06-28T21:37:52","modified_gmt":"2022-06-29T00:37:52","slug":"pilates-ipanema","status":"publish","type":"post","link":"https:\/\/invexo.com.br\/blog\/pilates-ipanema\/","title":{"rendered":"Pilates em Ipanema \u2014 Op\u00e7\u00f5es para praticar com seguran\u00e7a"},"content":{"rendered":"\n<p>Em Ipanema, bairro da Zona Sul da cidade do Rio de Janeiro, encontramos v\u00e1rios est\u00fadios e academias de pilates que oferecem a pr\u00e1tica, conhecida por oferecer diversos benef\u00edcios \u00e0 sa\u00fade.<\/p>\n\n\n\n<p>Mas, antes mesmo de conhecermos estes locais, vamos entender o que \u00e9 o pilates e para que ele serve?<\/p>\n\n\n\n<!--more-->\n\n\n\n<p>O m\u00e9todo foi criado na d\u00e9cada de 1920 por Joseph Pilates. O conjunto de exerc\u00edcios foi desenvolvido com a finalidade de trabalhar a conex\u00e3o entre corpo e mente.<\/p>\n\n\n\n<p>Desse modo, o praticante tende a melhorar a consci\u00eancia corporal, o que acaba gerando v\u00e1rios benef\u00edcios \u00e0 sa\u00fade.<\/p>\n\n\n\n<p>Alguns aspectos da pr\u00e1tica s\u00e3o muito parecidos com a yoga \u2014 como, por exemplo, o foco no equil\u00edbrio f\u00edsico e mental.<\/p>\n\n\n\n<p>Nesse sentido, Joseph Pilates criou o m\u00e9todo com base em 6 princ\u00edpios:<\/p>\n\n\n\n<ol><li>Concentra\u00e7\u00e3o;<\/li><li>Centraliza\u00e7\u00e3o;<\/li><li>Fluidez;<\/li><li>Respira\u00e7\u00e3o;<\/li><li>Precis\u00e3o;<\/li><li>Controle.<\/li><\/ol>\n\n\n\n<h2 class=\"wp-block-heading\">Por que fazer pilates?<\/h2>\n\n\n\n<p>Muitos pensam que pilates \u00e9 uma aula com alongamentos do in\u00edcio ao fim. No entanto, diferentemente disso, as t\u00e9cnicas usadas resultam em uma atividade de condicionamento f\u00edsico que trabalha todo o corpo.<\/p>\n\n\n\n<p>Por isso, a pr\u00e1tica constante traz for\u00e7a muscular, resist\u00eancia f\u00edsica, equil\u00edbrio f\u00edsico e mental e trata e previne dores.<\/p>\n\n\n\n<p>Indicado&nbsp;para pessoas entre 7 e 100 anos de idade, sendo flex\u00edveis ou n\u00e3o, o m\u00e9todo serve para sedent\u00e1rios, assim como para atletas de alto n\u00edvel.<\/p>\n\n\n\n<p>O pilates \u00e9 completo e saud\u00e1vel, mas, para que o praticante alcance o objetivo desejado, \u00e9 importante fazer uma avalia\u00e7\u00e3o detalhada, acompanhada de exames m\u00e9dicos.<\/p>\n\n\n\n<p>A avalia\u00e7\u00e3o \u00e9 importante tanto para o direcionamento do professor, quanto para acompanhamento do aluno.<\/p>\n\n\n\n<p>Por isso, \u00e9 fundamental praticar pilates em est\u00fadios e academias que atendam de forma s\u00e9ria e com profissionais especializados.<\/p>\n\n\n\n<p>Sendo assim, fomos atr\u00e1s dos locais mais bem avaliados para que voc\u00ea possa praticar pilates em Ipanema, um dos melhores bairros para se viver na Zona Sul carioca.<\/p>\n\n\n\n<p>Oportunidades \u00fanicas de im\u00f3veis em Ipanema! Fa\u00e7a parte do nosso\u00a0<strong><a href=\"https:\/\/whatsapp.com\/channel\/0029VaBTv8v8F2pN1nbKfn0a\">canal exclusivo no WhatsApp<\/a><\/strong>\u00a0e tenha acesso antecipado aos im\u00f3veis \u00e0 venda na regi\u00e3o com a maior demanda do Rio de Janeiro.<\/p>\n\n\n<div class=\"\"><div class='_form_6'><\/div><script type='text\/javascript' src='https:\/\/invexo.activehosted.com\/f\/embed.php?static=0&id=6&69F13CB0DADDB&nostyles=0&preview=0'><\/script><\/div>\n\n\n<p><\/p>\n\n\n\n<p>S\u00e3o diversos os lan\u00e7amentos residenciais e im\u00f3veis prontos em Ipanema, tais como o <a href=\"https:\/\/invexo.com.br\/lancamento\/helo-ipanema\/\" target=\"_blank\" rel=\"noreferrer noopener\">Helo Ipanema<\/a>! Com acabamentos de alto padr\u00e3o e infraestrutura completa, Ipanema \u00e9 um dos bairros com os melhores im\u00f3veis de luxo do Rio de Janeiro. Conhe\u00e7a agora mesmo os melhores <a href=\"https:\/\/luxury.invexo.com.br\/bairro\/ipanema\/?utm_source=blog&amp;utm_medium=blocomeio\" target=\"_blank\" rel=\"noreferrer noopener\">im\u00f3veis de luxo \u00e0 venda em Ipanema<\/a>!<\/p>\n\n\n\n<figure class=\"wp-block-image size-full\"><a href=\"https:\/\/luxury.invexo.com.br\/bairro\/ipanema\/?utm_source=blog&amp;utm_medium=blocomeio\" target=\"_blank\" rel=\"noopener\"><img decoding=\"async\" width=\"1300\" height=\"280\" src=\"https:\/\/invexo.com.br\/blog\/wp-content\/uploads\/2022\/08\/imoveis-residenciais-ipanema-rio-de-janeiro-rj-calcadao-de-ipanema.jpg\" alt=\"Im\u00f3veis de luxo \u00e0 venda em Ipanema RJ\" class=\"wp-image-28981\" srcset=\"https:\/\/invexo.com.br\/blog\/wp-content\/uploads\/2022\/08\/imoveis-residenciais-ipanema-rio-de-janeiro-rj-calcadao-de-ipanema.jpg 1300w, https:\/\/invexo.com.br\/blog\/wp-content\/uploads\/2022\/08\/imoveis-residenciais-ipanema-rio-de-janeiro-rj-calcadao-de-ipanema-300x65.jpg 300w, https:\/\/invexo.com.br\/blog\/wp-content\/uploads\/2022\/08\/imoveis-residenciais-ipanema-rio-de-janeiro-rj-calcadao-de-ipanema-1024x221.jpg 1024w, https:\/\/invexo.com.br\/blog\/wp-content\/uploads\/2022\/08\/imoveis-residenciais-ipanema-rio-de-janeiro-rj-calcadao-de-ipanema-768x165.jpg 768w\" sizes=\"(max-width: 1300px) 100vw, 1300px\" \/><\/a><\/figure>\n\n\n\n<h2 class=\"wp-block-heading\">Melhores academias de pilates em Ipanema<\/h2>\n\n\n\n<p>Ipanema \u00e9 um bairro carioca repleto de comodidades. Dessa forma, \u00e9 f\u00e1cil encontrar bons espa\u00e7os na localidade para praticar pilates. <\/p>\n\n\n\n<figure class=\"wp-block-image size-large\"><a href=\"https:\/\/invexo.com.br\/imovel-residencial\/rio-de-janeiro-rj\/ipanema\/\" target=\"_blank\" rel=\"noopener noreferrer\"><img decoding=\"async\" width=\"1024\" height=\"576\" src=\"https:\/\/invexo.com.br\/blog\/wp-content\/uploads\/2021\/09\/Pilates-em-Ipanema-1024x576.jpg\" alt=\"Pilates em ipanema\" class=\"wp-image-21360\" srcset=\"https:\/\/invexo.com.br\/blog\/wp-content\/uploads\/2021\/09\/Pilates-em-Ipanema-1024x576.jpg 1024w, https:\/\/invexo.com.br\/blog\/wp-content\/uploads\/2021\/09\/Pilates-em-Ipanema-300x169.jpg 300w, https:\/\/invexo.com.br\/blog\/wp-content\/uploads\/2021\/09\/Pilates-em-Ipanema-768x432.jpg 768w, https:\/\/invexo.com.br\/blog\/wp-content\/uploads\/2021\/09\/Pilates-em-Ipanema-940x529.jpg 940w, https:\/\/invexo.com.br\/blog\/wp-content\/uploads\/2021\/09\/Pilates-em-Ipanema.jpg 1280w\" sizes=\"(max-width: 1024px) 100vw, 1024px\" \/><\/a><\/figure>\n\n\n\n<p>Vamos conferir alguns dos locais mais frequentados em Ipanema por praticantes do m\u00e9todo?<\/p>\n\n\n\n<h2 class=\"wp-block-heading\">Fisiofun<\/h2>\n\n\n\n<p>A <a href=\"https:\/\/www.fisiofun.com.br\/\" target=\"_blank\" rel=\"noreferrer noopener\">Fisiofun<\/a> \u00e9 um est\u00fadio de pilates em Ipanema que re\u00fane exerc\u00edcio f\u00edsico e espa\u00e7o de recrea\u00e7\u00e3o.<\/p>\n\n\n\n<p>As s\u00f3cias Priscila Oksenberg e Larissa Wajnberg resolveram montar um lugar que \u00e9 a solu\u00e7\u00e3o para quem tem filhos pequenos e quer fazer aulas de pilates, mas n\u00e3o tem com quem deix\u00e1-los.<\/p>\n\n\n\n<p>Na Fisiofun, a recrea\u00e7\u00e3o \u00e9 gratuita para as crian\u00e7as durante o per\u00edodo da atividade f\u00edsica.<\/p>\n\n\n\n<p>Na cl\u00ednica, os locais para a pr\u00e1tica de pilates e o lugar para a divers\u00e3o dos pequenos funcionam independentes um do outro.<\/p>\n\n\n\n<p>O espa\u00e7o Fun recebe crian\u00e7as de 6 meses a 10 anos e apresenta v\u00e1rias atividades em uma \u00e1rea que pode, inclusive, ser reservada para festas.<\/p>\n\n\n\n<p>Entre os brinquedos dispon\u00edveis no local, est\u00e3o:<\/p>\n\n\n\n<ul><li>Casinhas;<\/li><li>Escorrega;<\/li><li>Mesa de lego;<\/li><li>Cama el\u00e1stica;<\/li><li>Piscina de espuma;<\/li><li>E muito mais.<\/li><\/ul>\n\n\n\n<p>A parte Fisio conta com aparelhos de pilates modernos e confort\u00e1veis que permitem uma variedade de exerc\u00edcios com os quais o aluno pode trabalhar equil\u00edbrio, fortalecimento muscular, flexibilidade, respira\u00e7\u00e3o e postura.<\/p>\n\n\n\n<p>A equipe de fisioterapeutas especializados atende at\u00e9 3 alunos por aula. Isso faz com que cada pessoa receba aten\u00e7\u00e3o especial e execute todos os exerc\u00edcios de maneira correta e eficaz.<\/p>\n\n\n\n<p>Al\u00e9m disso, tamb\u00e9m \u00e9 poss\u00edvel contratar o plano <em>personal<\/em>, que contempla aulas exclusivas com o professor.<\/p>\n\n\n\n<p>Mas, antes de tudo, \u00e9 necess\u00e1rio fazer uma avalia\u00e7\u00e3o funcional para conhecer os objetivos e limita\u00e7\u00f5es na pr\u00e1tica da atividade f\u00edsica, est\u00e1 bem? <\/p>\n\n\n\n<p><strong>Endere\u00e7o<\/strong>: Rua Visconde de Piraj\u00e1, 550, Lojas 112 a 114, Subsolo, <a href=\"https:\/\/invexo.com.br\/blog\/top-center-ipanema-rj\/\" target=\"_blank\" rel=\"noreferrer noopener\">Top Center<\/a>, Ipanema.<br><strong>Hor\u00e1rio de Atendimento:<br><\/strong>Hor\u00e1rios Fisio: de\u00a0segunda a sexta-feira, das 07h \u00e0s 21h. <br>Hor\u00e1rios Fun:\u00a0de segunda a sexta-feira, das 09h \u00e0s 19h, e s\u00e1bado, das 09h \u00e0s 14h.<\/p>\n\n\n\n<h2 class=\"wp-block-heading\">The Pilates Studio Ipanema<\/h2>\n\n\n\n<p>O <a href=\"http:\/\/pilatesipanema.com.br\/index1.html\" target=\"_blank\" rel=\"noreferrer noopener\">The Pilates Studio Ipanema<\/a> oferece aulas da pr\u00e1tica baseadas nos princ\u00edpios originais criados por Joseph Pilates, em 1920.<\/p>\n\n\n\n<p>Todos os profissionais s\u00e3o treinados para conduzir as aulas com as t\u00e9cnicas que envolvem corpo e mente.<\/p>\n\n\n\n<p>O diretor do local \u00e9 o professor de educa\u00e7\u00e3o f\u00edsica J\u00fanior Carvalho. Formado na \u00e1rea e com experi\u00eancia de mais de 20 anos, ele foi o primeiro a ser certificado no m\u00e9todo de Joseph Pilates no Rio de Janeiro.<\/p>\n\n\n\n<p>J\u00fanior j\u00e1 treinou at\u00e9 as For\u00e7as A\u00e9reas Americanas e est\u00e1 entre os instrutores mais capacitados para a pr\u00e1tica do Autentic Pilates. <\/p>\n\n\n\n<p>Al\u00e9m disso, o est\u00fadio \u00e9 equipado com modernos e exclusivos aparelhos \u2014 incluindo um avan\u00e7ado sistema de ilumina\u00e7\u00e3o que permite ao aluno a escolha do n\u00edvel de intensidade de claridade durante a pr\u00e1tica.<\/p>\n\n\n\n<p>O The Pilates Studio \u00e9 o \u00fanico centro carioca credenciado a oferecer o aut\u00eantico pilates com aulas individuais e personalizadas. <\/p>\n\n\n\n<p>Por isso, o local recebe muitos frequentadores, incluindo celebridades como Luiza Brunet e Mar\u00edlia Gabriela.<\/p>\n\n\n\n<p><strong>Endere\u00e7o<\/strong>: Rua Visconde de Piraj\u00e1, 318, Sala 211, Ipanema.<br><strong>Hor\u00e1rio de Atendimento: <\/strong> de segunda a sexta-feira, das 07h \u00e0s 12h e das 16h \u00e0s 20h.<\/p>\n\n\n\n<h2 class=\"wp-block-heading\">Vertical Ipanema<\/h2>\n\n\n\n<p>O <a href=\"https:\/\/www.instagram.com\/verticalipanema\/?hl=pt\" target=\"_blank\" rel=\"noreferrer noopener\">Vertical Ipanema<\/a> \u00e9 um est\u00fadio que oferece aulas de pilates, muscula\u00e7\u00e3o, treinamento funcional e cardio. Al\u00e9m disso, o praticante pode contar com os servi\u00e7os de um <em>personal trainer<\/em>.<\/p>\n\n\n\n<p>O espa\u00e7o trabalha com o prop\u00f3sito de levar sa\u00fade e bem-estar aos alunos atrav\u00e9s do movimento.<\/p>\n\n\n\n<p>As aulas de pilates s\u00e3o feitas individualmente ou em duplas, em salas com equipamentos especiais ou diretamente no solo, de acordo com as necessidades do aluno.<\/p>\n\n\n\n<p>O local conta ainda com acesso para Pessoas Com Defici\u00eancia (PCDs), vesti\u00e1rio, wi-fi, sala de bikes, loja e outras comodidades.<\/p>\n\n\n\n<p>Para que os alunos tenham op\u00e7\u00e3o para se movimentar at\u00e9 mesmo nos fins de semana e feriados, o centro oferece, em suas redes sociais, v\u00eddeos de atividades que podem ser feitas em casa.<\/p>\n\n\n\n<p>O espa\u00e7o \u00e9 famoso e muito frequentado, inclusive por celebridades. A atriz Sheron Menezes \u00e9 uma das famosas que j\u00e1 praticou pilates no Vertical.<\/p>\n\n\n\n<p>Sheron, durante a gesta\u00e7\u00e3o de seu filho Benjamin, procurou o est\u00fadio e frequentou as aulas da professora Raphaela Montana.<\/p>\n\n\n\n<p><strong>Endere\u00e7o<\/strong>: Rua Farme de Amoedo, 76, Salas 201 e 202, Ipanema.<br><strong>Hor\u00e1rio de Atendimento:<br><\/strong>De segunda a sexta-feira: das 06h \u00e0s 22h.<br>Aos s\u00e1bados: das 08h \u00e0s 14h.<\/p>\n\n\n\n<h2 class=\"wp-block-heading\">Onde fazer pilates em Ipanema<\/h2>\n\n\n\n<h3 class=\"wp-block-heading\"><strong>Studio Fit Pilates<\/strong><\/h3>\n\n\n\n<p>O <a href=\"https:\/\/studiofitpilates.com\/\" target=\"_blank\" rel=\"noreferrer noopener\">Studio Fit Pilates<\/a> conta com uma equipe qualificada para proporcionar aos alunos os resultados desejados.<\/p>\n\n\n\n<p>Desse modo, os instrutores s\u00e3o profissionais experientes, treinados e certificados no m\u00e9todo pilates, com gradua\u00e7\u00e3o em fisioterapia e\/ou educa\u00e7\u00e3o f\u00edsica.&nbsp;<\/p>\n\n\n\n<p>Al\u00e9m disso, o local tamb\u00e9m oferece servi\u00e7os de massagem, terapias alternativas e est\u00e9tica.<\/p>\n\n\n\n<p><strong>Endere\u00e7o<\/strong>: Rua Bar\u00e3o da Torre, 308, <a href=\"https:\/\/invexo.com.br\/blog\/notre-dame-ipanema\/\" target=\"_blank\" rel=\"noreferrer noopener\">Col\u00e9gio Notre Dame<\/a>, Ipanema.<br><strong>Hor\u00e1rio de Atendimento<\/strong>: de segunda a sexta-feira, das 07h \u00e0s 21h.<\/p>\n\n\n\n<h3 class=\"wp-block-heading\"><strong>Corpo e Sa\u00fade Est\u00fadio Pilates<\/strong><\/h3>\n\n\n\n<p>O est\u00fadio \u00e9 especializado em pilates fitness e pilates terap\u00eautico (que \u00e9 recomendado para quem j\u00e1 teve qualquer les\u00e3o e busca recupera\u00e7\u00e3o).<\/p>\n\n\n\n<p>Quem est\u00e1 no comando \u00e9 a fisioterapeuta especializada Aline Magalh\u00e3es.<\/p>\n\n\n\n<p><strong>Endere\u00e7o<\/strong>: Rua Visconde de Piraj\u00e1, 303, Loja 320, Galeria Boutique, Ipanema.<br><strong>Hor\u00e1rio de Atendimento: <\/strong>de segunda a sexta-feira, das 07h \u00e0s 20h.<\/p>\n\n\n\n<h3 class=\"wp-block-heading\"><strong>Mover Pilates<\/strong><\/h3>\n\n\n\n<p>A <a href=\"https:\/\/www.moverpilates.com.br\/\" target=\"_blank\" rel=\"noreferrer noopener\">Mover Pilates<\/a> \u00e9 um est\u00fadio especializado que trabalha com o prop\u00f3sito de   atender \u00e0s necessidades corporais de cada aluno.<\/p>\n\n\n\n<p>Assim, o atendimento personalizado com um pequeno n\u00famero de pessoas por turma garante aten\u00e7\u00e3o especial a cada praticante.<\/p>\n\n\n\n<p><strong>Endere\u00e7o<\/strong>: Rua Visconde de Piraj\u00e1, 156,&nbsp;Sala 509, Ipanema.<br><strong>Hor\u00e1rio de Atendimento:<\/strong> de segunda a sexta-feira, das 07h \u00e0s 20h.<\/p>\n\n\n\n<h3 class=\"wp-block-heading\"><strong>Ipanema Est\u00fadio Pilates<\/strong><\/h3>\n\n\n\n<p>O est\u00fadio possui um estilo \u00fanico de pr\u00e1tica, que associa o treinamento funcional ao m\u00e9todo pilates, trabalhando com a finalidade de envolver os alunos e torn\u00e1-los mais saud\u00e1veis e felizes.<\/p>\n\n\n\n<p><strong>Endere\u00e7o<\/strong>: <a href=\"https:\/\/invexo.com.br\/rua-visconde-de-piraja-ipanema-rio-de-janeiro-rj\/\" target=\"_blank\" rel=\"noreferrer noopener\">Rua Visconde de Piraj\u00e1<\/a>, 207, Sobreloja 204, Ipanema.<br><strong>Hor\u00e1rio de Atendimento: <\/strong>de segunda a sexta-feira, das 07h \u00e0s 21h.<\/p>\n\n\n\n<p>O pilates \u00e9 uma pr\u00e1tica que pode ser feita por pessoas de todas as idades e condicionamentos f\u00edsicos, indo de sedent\u00e1rios at\u00e9 a atletas veteranos.<\/p>\n\n\n\n<p>Em Ipanema, encontramos n\u00e3o apenas est\u00fadios especializados na t\u00e9cnica como, tamb\u00e9m, todo tipo de espa\u00e7o para a pr\u00e1tica de atividades f\u00edsicas.<\/p>\n\n\n\n<p>Ent\u00e3o, se voc\u00ea quer conhecer mais comodidades do local, continue a leitura com a INVEXO.<\/p>\n\n\n\n<div class=\"wp-block-group\"><div class=\"wp-block-group__inner-container is-layout-flow wp-block-group-is-layout-flow\">\n<p>Oportunidades \u00fanicas de im\u00f3veis em Ipanema! Fa\u00e7a parte do nosso&nbsp;<strong><a href=\"https:\/\/whatsapp.com\/channel\/0029VaBTv8v8F2pN1nbKfn0a\">canal exclusivo no WhatsApp<\/a><\/strong>&nbsp;e tenha acesso antecipado aos im\u00f3veis \u00e0 venda na regi\u00e3o com a maior demanda do Rio de Janeiro.<\/p>\n\n\n<div class=\"\"><div class='_form_6'><\/div><script type='text\/javascript' src='https:\/\/invexo.activehosted.com\/f\/embed.php?static=0&id=6&69F13CB0DAE14&nostyles=0&preview=0'><\/script><\/div>\n\n\n<p><\/p>\n\n\n\n<p>Ipanema, localizada na Zona Sul carioca, \u00e9 um dos melhores e mais nobres bairros para se viver no Rio de Janeiro. Conhe\u00e7a hoje mesmo os <a href=\"https:\/\/luxury.invexo.com.br\/bairro\/ipanema\/?utm_source=blog&amp;utm_medium=blocofim\" target=\"_blank\" rel=\"noreferrer noopener\">im\u00f3veis residenciais de luxo em Ipanema<\/a> com a INVEXO, imobili\u00e1ria especializada em im\u00f3veis de luxo no Rio de Janeiro.<\/p>\n\n\n\n<figure class=\"wp-block-image size-full\"><a href=\"https:\/\/luxury.invexo.com.br\/bairro\/ipanema\/?utm_source=blog&amp;utm_medium=blocofim\" target=\"_blank\" rel=\"noopener\"><img decoding=\"async\" width=\"1300\" height=\"280\" src=\"https:\/\/invexo.com.br\/blog\/wp-content\/uploads\/2022\/08\/imoveis-residenciais-ipanema-rio-de-janeiro-rj-calcadao-de-ipanema.jpg\" alt=\"Im\u00f3veis de luxo \u00e0 venda em Ipanema RJ\" class=\"wp-image-28981\" srcset=\"https:\/\/invexo.com.br\/blog\/wp-content\/uploads\/2022\/08\/imoveis-residenciais-ipanema-rio-de-janeiro-rj-calcadao-de-ipanema.jpg 1300w, https:\/\/invexo.com.br\/blog\/wp-content\/uploads\/2022\/08\/imoveis-residenciais-ipanema-rio-de-janeiro-rj-calcadao-de-ipanema-300x65.jpg 300w, https:\/\/invexo.com.br\/blog\/wp-content\/uploads\/2022\/08\/imoveis-residenciais-ipanema-rio-de-janeiro-rj-calcadao-de-ipanema-1024x221.jpg 1024w, https:\/\/invexo.com.br\/blog\/wp-content\/uploads\/2022\/08\/imoveis-residenciais-ipanema-rio-de-janeiro-rj-calcadao-de-ipanema-768x165.jpg 768w\" sizes=\"(max-width: 1300px) 100vw, 1300px\" \/><\/a><\/figure>\n<\/div><\/div>\n","protected":false},"excerpt":{"rendered":"<p>Em Ipanema, bairro da Zona Sul da cidade do Rio de Janeiro, encontramos v\u00e1rios est\u00fadios e academias de pilates que oferecem a pr\u00e1tica, conhecida por oferecer diversos benef\u00edcios \u00e0 sa\u00fade. Mas, antes mesmo de conhecermos estes locais, vamos entender o que \u00e9 o pilates e para que ele serve?<\/p>\n","protected":false},"author":2,"featured_media":21361,"comment_status":"closed","ping_status":"closed","sticky":false,"template":"","format":"standard","meta":{"_acf_changed":false,"_kad_blocks_custom_css":"","_kad_blocks_head_custom_js":"","_kad_blocks_body_custom_js":"","_kad_blocks_footer_custom_js":"","_kadence_starter_templates_imported_post":false,"_kad_post_transparent":"","_kad_post_title":"","_kad_post_layout":"","_kad_post_sidebar_id":"","_kad_post_content_style":"","_kad_post_vertical_padding":"","_kad_post_feature":"","_kad_post_feature_position":"","_kad_post_header":false,"_kad_post_footer":false,"footnotes":""},"categories":[10,15],"tags":[635],"acf":[],"yoast_head":"<!-- This site is optimized with the Yoast SEO plugin v24.1 - https:\/\/yoast.com\/wordpress\/plugins\/seo\/ -->\n<title>Academias para fazer pilates em Ipanema, na Zona Sul do Rio de Janeiro<\/title>\n<meta name=\"description\" content=\"Confira as principais academias de pilates em Ipanema. A atividade traz for\u00e7a muscular, resist\u00eancia f\u00edsica, equil\u00edbrio f\u00edsico e previne dores.\" \/>\n<meta name=\"robots\" content=\"index, follow, max-snippet:-1, max-image-preview:large, max-video-preview:-1\" \/>\n<link rel=\"canonical\" href=\"https:\/\/invexo.com.br\/blog\/pilates-ipanema\/\" \/>\n<meta property=\"og:locale\" content=\"pt_BR\" \/>\n<meta property=\"og:type\" content=\"article\" \/>\n<meta property=\"og:title\" content=\"Academias para fazer pilates em Ipanema, na Zona Sul do Rio de Janeiro\" \/>\n<meta property=\"og:description\" content=\"Confira as principais academias de pilates em Ipanema. A atividade traz for\u00e7a muscular, resist\u00eancia f\u00edsica, equil\u00edbrio f\u00edsico e previne dores.\" \/>\n<meta property=\"og:url\" content=\"https:\/\/invexo.com.br\/blog\/pilates-ipanema\/\" \/>\n<meta property=\"og:site_name\" content=\"Not\u00edcias RJ\" \/>\n<meta property=\"article:publisher\" content=\"https:\/\/facebook.com\/invexo\" \/>\n<meta property=\"article:author\" content=\"https:\/\/facebook.com\/invexo\" \/>\n<meta property=\"article:published_time\" content=\"2021-09-10T22:41:21+00:00\" \/>\n<meta property=\"article:modified_time\" content=\"2022-06-29T00:37:52+00:00\" \/>\n<meta property=\"og:image\" content=\"https:\/\/invexo.com.br\/blog\/wp-content\/uploads\/2021\/09\/Pilates-em-Ipanema-RJ.jpg\" \/>\n\t<meta property=\"og:image:width\" content=\"1280\" \/>\n\t<meta property=\"og:image:height\" content=\"720\" \/>\n\t<meta property=\"og:image:type\" content=\"image\/jpeg\" \/>\n<meta name=\"author\" content=\"Ronnie Possatti\" \/>\n<meta name=\"twitter:card\" content=\"summary_large_image\" \/>\n<meta name=\"twitter:creator\" content=\"@https:\/\/twitter.com\/invexoimoveis\" \/>\n<meta name=\"twitter:site\" content=\"@invexoimoveis\" \/>\n<meta name=\"twitter:label1\" content=\"Escrito por\" \/>\n\t<meta name=\"twitter:data1\" content=\"Ronnie Possatti\" \/>\n\t<meta name=\"twitter:label2\" content=\"Est. tempo de leitura\" \/>\n\t<meta name=\"twitter:data2\" content=\"7 minutos\" \/>\n<script type=\"application\/ld+json\" class=\"yoast-schema-graph\">{\"@context\":\"https:\/\/schema.org\",\"@graph\":[{\"@type\":\"Article\",\"@id\":\"https:\/\/invexo.com.br\/blog\/pilates-ipanema\/#article\",\"isPartOf\":{\"@id\":\"https:\/\/invexo.com.br\/blog\/pilates-ipanema\/\"},\"author\":{\"name\":\"Ronnie Possatti\",\"@id\":\"https:\/\/invexo.com.br\/blog\/#\/schema\/person\/36bee32f1cfacde03dc4c9622a58778d\"},\"headline\":\"Pilates em Ipanema \u2014 Op\u00e7\u00f5es para praticar com seguran\u00e7a\",\"datePublished\":\"2021-09-10T22:41:21+00:00\",\"dateModified\":\"2022-06-29T00:37:52+00:00\",\"mainEntityOfPage\":{\"@id\":\"https:\/\/invexo.com.br\/blog\/pilates-ipanema\/\"},\"wordCount\":1457,\"publisher\":{\"@id\":\"https:\/\/invexo.com.br\/blog\/#organization\"},\"image\":{\"@id\":\"https:\/\/invexo.com.br\/blog\/pilates-ipanema\/#primaryimage\"},\"thumbnailUrl\":\"https:\/\/invexo.com.br\/blog\/wp-content\/uploads\/2021\/09\/Pilates-em-Ipanema-RJ.jpg\",\"keywords\":[\"Ipanema\"],\"articleSection\":[\"Bairros\",\"Informa\u00e7\u00f5es\"],\"inLanguage\":\"pt-BR\"},{\"@type\":\"WebPage\",\"@id\":\"https:\/\/invexo.com.br\/blog\/pilates-ipanema\/\",\"url\":\"https:\/\/invexo.com.br\/blog\/pilates-ipanema\/\",\"name\":\"Academias para fazer pilates em Ipanema, na Zona Sul do Rio de Janeiro\",\"isPartOf\":{\"@id\":\"https:\/\/invexo.com.br\/blog\/#website\"},\"primaryImageOfPage\":{\"@id\":\"https:\/\/invexo.com.br\/blog\/pilates-ipanema\/#primaryimage\"},\"image\":{\"@id\":\"https:\/\/invexo.com.br\/blog\/pilates-ipanema\/#primaryimage\"},\"thumbnailUrl\":\"https:\/\/invexo.com.br\/blog\/wp-content\/uploads\/2021\/09\/Pilates-em-Ipanema-RJ.jpg\",\"datePublished\":\"2021-09-10T22:41:21+00:00\",\"dateModified\":\"2022-06-29T00:37:52+00:00\",\"description\":\"Confira as principais academias de pilates em Ipanema. A atividade traz for\u00e7a muscular, resist\u00eancia f\u00edsica, equil\u00edbrio f\u00edsico e previne dores.\",\"breadcrumb\":{\"@id\":\"https:\/\/invexo.com.br\/blog\/pilates-ipanema\/#breadcrumb\"},\"inLanguage\":\"pt-BR\",\"potentialAction\":[{\"@type\":\"ReadAction\",\"target\":[\"https:\/\/invexo.com.br\/blog\/pilates-ipanema\/\"]}]},{\"@type\":\"ImageObject\",\"inLanguage\":\"pt-BR\",\"@id\":\"https:\/\/invexo.com.br\/blog\/pilates-ipanema\/#primaryimage\",\"url\":\"https:\/\/invexo.com.br\/blog\/wp-content\/uploads\/2021\/09\/Pilates-em-Ipanema-RJ.jpg\",\"contentUrl\":\"https:\/\/invexo.com.br\/blog\/wp-content\/uploads\/2021\/09\/Pilates-em-Ipanema-RJ.jpg\",\"width\":1280,\"height\":720,\"caption\":\"Pilates em ipanema MODALIDADES\"},{\"@type\":\"BreadcrumbList\",\"@id\":\"https:\/\/invexo.com.br\/blog\/pilates-ipanema\/#breadcrumb\",\"itemListElement\":[{\"@type\":\"ListItem\",\"position\":1,\"name\":\"Blog\",\"item\":\"https:\/\/invexo.com.br\/blog\/\"},{\"@type\":\"ListItem\",\"position\":2,\"name\":\"Bairros\",\"item\":\"https:\/\/invexo.com.br\/blog\/categoria\/bairros\/\"},{\"@type\":\"ListItem\",\"position\":3,\"name\":\"Pilates em Ipanema \u2014 Op\u00e7\u00f5es para praticar com seguran\u00e7a\"}]},{\"@type\":\"WebSite\",\"@id\":\"https:\/\/invexo.com.br\/blog\/#website\",\"url\":\"https:\/\/invexo.com.br\/blog\/\",\"name\":\"Not\u00edcias RJ\",\"description\":\"Not\u00edcias sobre im\u00f3veis, financiamento, mercado imobili\u00e1rio do Rio de Janeiro. Informa\u00e7\u00f5es sobre Bairros, Condom\u00ednios e Regi\u00e3o do Rio de Janeiro.\",\"publisher\":{\"@id\":\"https:\/\/invexo.com.br\/blog\/#organization\"},\"potentialAction\":[{\"@type\":\"SearchAction\",\"target\":{\"@type\":\"EntryPoint\",\"urlTemplate\":\"https:\/\/invexo.com.br\/blog\/?s={search_term_string}\"},\"query-input\":{\"@type\":\"PropertyValueSpecification\",\"valueRequired\":true,\"valueName\":\"search_term_string\"}}],\"inLanguage\":\"pt-BR\"},{\"@type\":\"Organization\",\"@id\":\"https:\/\/invexo.com.br\/blog\/#organization\",\"name\":\"INVEXO Imobili\u00e1ria\",\"url\":\"https:\/\/invexo.com.br\/blog\/\",\"logo\":{\"@type\":\"ImageObject\",\"inLanguage\":\"pt-BR\",\"@id\":\"https:\/\/invexo.com.br\/blog\/#\/schema\/logo\/image\/\",\"url\":\"https:\/\/invexo.com.br\/blog\/wp-content\/uploads\/2018\/09\/invexo-80-melhor.png\",\"contentUrl\":\"https:\/\/invexo.com.br\/blog\/wp-content\/uploads\/2018\/09\/invexo-80-melhor.png\",\"width\":247,\"height\":80,\"caption\":\"INVEXO Imobili\u00e1ria\"},\"image\":{\"@id\":\"https:\/\/invexo.com.br\/blog\/#\/schema\/logo\/image\/\"},\"sameAs\":[\"https:\/\/facebook.com\/invexo\",\"https:\/\/x.com\/invexoimoveis\"]},{\"@type\":\"Person\",\"@id\":\"https:\/\/invexo.com.br\/blog\/#\/schema\/person\/36bee32f1cfacde03dc4c9622a58778d\",\"name\":\"Ronnie Possatti\",\"image\":{\"@type\":\"ImageObject\",\"inLanguage\":\"pt-BR\",\"@id\":\"https:\/\/invexo.com.br\/blog\/#\/schema\/person\/image\/\",\"url\":\"https:\/\/secure.gravatar.com\/avatar\/51a6cdcc215551235c39affb853f1e38?s=96&d=blank&r=g\",\"contentUrl\":\"https:\/\/secure.gravatar.com\/avatar\/51a6cdcc215551235c39affb853f1e38?s=96&d=blank&r=g\",\"caption\":\"Ronnie Possatti\"},\"description\":\"Equipe de especialistas que traz para seus leitores conte\u00fados relevantes e de qualidade sobre bairros, condom\u00ednios, lan\u00e7amentos e not\u00edcias imobili\u00e1rias no Rio de Janeiro.\",\"sameAs\":[\"https:\/\/facebook.com\/invexo\",\"https:\/\/instagram.com\/invexo\",\"https:\/\/x.com\/https:\/\/twitter.com\/invexoimoveis\"],\"url\":\"https:\/\/invexo.com.br\/blog\/author\/invexo\/\"}]}<\/script>\n<!-- \/ Yoast SEO plugin. -->","yoast_head_json":{"title":"Academias para fazer pilates em Ipanema, na Zona Sul do Rio de Janeiro","description":"Confira as principais academias de pilates em Ipanema. A atividade traz for\u00e7a muscular, resist\u00eancia f\u00edsica, equil\u00edbrio f\u00edsico e previne dores.","robots":{"index":"index","follow":"follow","max-snippet":"max-snippet:-1","max-image-preview":"max-image-preview:large","max-video-preview":"max-video-preview:-1"},"canonical":"https:\/\/invexo.com.br\/blog\/pilates-ipanema\/","og_locale":"pt_BR","og_type":"article","og_title":"Academias para fazer pilates em Ipanema, na Zona Sul do Rio de Janeiro","og_description":"Confira as principais academias de pilates em Ipanema. A atividade traz for\u00e7a muscular, resist\u00eancia f\u00edsica, equil\u00edbrio f\u00edsico e previne dores.","og_url":"https:\/\/invexo.com.br\/blog\/pilates-ipanema\/","og_site_name":"Not\u00edcias RJ","article_publisher":"https:\/\/facebook.com\/invexo","article_author":"https:\/\/facebook.com\/invexo","article_published_time":"2021-09-10T22:41:21+00:00","article_modified_time":"2022-06-29T00:37:52+00:00","og_image":[{"width":1280,"height":720,"url":"https:\/\/invexo.com.br\/blog\/wp-content\/uploads\/2021\/09\/Pilates-em-Ipanema-RJ.jpg","type":"image\/jpeg"}],"author":"Ronnie Possatti","twitter_card":"summary_large_image","twitter_creator":"@https:\/\/twitter.com\/invexoimoveis","twitter_site":"@invexoimoveis","twitter_misc":{"Escrito por":"Ronnie Possatti","Est. tempo de leitura":"7 minutos"},"schema":{"@context":"https:\/\/schema.org","@graph":[{"@type":"Article","@id":"https:\/\/invexo.com.br\/blog\/pilates-ipanema\/#article","isPartOf":{"@id":"https:\/\/invexo.com.br\/blog\/pilates-ipanema\/"},"author":{"name":"Ronnie Possatti","@id":"https:\/\/invexo.com.br\/blog\/#\/schema\/person\/36bee32f1cfacde03dc4c9622a58778d"},"headline":"Pilates em Ipanema \u2014 Op\u00e7\u00f5es para praticar com seguran\u00e7a","datePublished":"2021-09-10T22:41:21+00:00","dateModified":"2022-06-29T00:37:52+00:00","mainEntityOfPage":{"@id":"https:\/\/invexo.com.br\/blog\/pilates-ipanema\/"},"wordCount":1457,"publisher":{"@id":"https:\/\/invexo.com.br\/blog\/#organization"},"image":{"@id":"https:\/\/invexo.com.br\/blog\/pilates-ipanema\/#primaryimage"},"thumbnailUrl":"https:\/\/invexo.com.br\/blog\/wp-content\/uploads\/2021\/09\/Pilates-em-Ipanema-RJ.jpg","keywords":["Ipanema"],"articleSection":["Bairros","Informa\u00e7\u00f5es"],"inLanguage":"pt-BR"},{"@type":"WebPage","@id":"https:\/\/invexo.com.br\/blog\/pilates-ipanema\/","url":"https:\/\/invexo.com.br\/blog\/pilates-ipanema\/","name":"Academias para fazer pilates em Ipanema, na Zona Sul do Rio de Janeiro","isPartOf":{"@id":"https:\/\/invexo.com.br\/blog\/#website"},"primaryImageOfPage":{"@id":"https:\/\/invexo.com.br\/blog\/pilates-ipanema\/#primaryimage"},"image":{"@id":"https:\/\/invexo.com.br\/blog\/pilates-ipanema\/#primaryimage"},"thumbnailUrl":"https:\/\/invexo.com.br\/blog\/wp-content\/uploads\/2021\/09\/Pilates-em-Ipanema-RJ.jpg","datePublished":"2021-09-10T22:41:21+00:00","dateModified":"2022-06-29T00:37:52+00:00","description":"Confira as principais academias de pilates em Ipanema. A atividade traz for\u00e7a muscular, resist\u00eancia f\u00edsica, equil\u00edbrio f\u00edsico e previne dores.","breadcrumb":{"@id":"https:\/\/invexo.com.br\/blog\/pilates-ipanema\/#breadcrumb"},"inLanguage":"pt-BR","potentialAction":[{"@type":"ReadAction","target":["https:\/\/invexo.com.br\/blog\/pilates-ipanema\/"]}]},{"@type":"ImageObject","inLanguage":"pt-BR","@id":"https:\/\/invexo.com.br\/blog\/pilates-ipanema\/#primaryimage","url":"https:\/\/invexo.com.br\/blog\/wp-content\/uploads\/2021\/09\/Pilates-em-Ipanema-RJ.jpg","contentUrl":"https:\/\/invexo.com.br\/blog\/wp-content\/uploads\/2021\/09\/Pilates-em-Ipanema-RJ.jpg","width":1280,"height":720,"caption":"Pilates em ipanema MODALIDADES"},{"@type":"BreadcrumbList","@id":"https:\/\/invexo.com.br\/blog\/pilates-ipanema\/#breadcrumb","itemListElement":[{"@type":"ListItem","position":1,"name":"Blog","item":"https:\/\/invexo.com.br\/blog\/"},{"@type":"ListItem","position":2,"name":"Bairros","item":"https:\/\/invexo.com.br\/blog\/categoria\/bairros\/"},{"@type":"ListItem","position":3,"name":"Pilates em Ipanema \u2014 Op\u00e7\u00f5es para praticar com seguran\u00e7a"}]},{"@type":"WebSite","@id":"https:\/\/invexo.com.br\/blog\/#website","url":"https:\/\/invexo.com.br\/blog\/","name":"Not\u00edcias RJ","description":"Not\u00edcias sobre im\u00f3veis, financiamento, mercado imobili\u00e1rio do Rio de Janeiro. Informa\u00e7\u00f5es sobre Bairros, Condom\u00ednios e Regi\u00e3o do Rio de Janeiro.","publisher":{"@id":"https:\/\/invexo.com.br\/blog\/#organization"},"potentialAction":[{"@type":"SearchAction","target":{"@type":"EntryPoint","urlTemplate":"https:\/\/invexo.com.br\/blog\/?s={search_term_string}"},"query-input":{"@type":"PropertyValueSpecification","valueRequired":true,"valueName":"search_term_string"}}],"inLanguage":"pt-BR"},{"@type":"Organization","@id":"https:\/\/invexo.com.br\/blog\/#organization","name":"INVEXO Imobili\u00e1ria","url":"https:\/\/invexo.com.br\/blog\/","logo":{"@type":"ImageObject","inLanguage":"pt-BR","@id":"https:\/\/invexo.com.br\/blog\/#\/schema\/logo\/image\/","url":"https:\/\/invexo.com.br\/blog\/wp-content\/uploads\/2018\/09\/invexo-80-melhor.png","contentUrl":"https:\/\/invexo.com.br\/blog\/wp-content\/uploads\/2018\/09\/invexo-80-melhor.png","width":247,"height":80,"caption":"INVEXO Imobili\u00e1ria"},"image":{"@id":"https:\/\/invexo.com.br\/blog\/#\/schema\/logo\/image\/"},"sameAs":["https:\/\/facebook.com\/invexo","https:\/\/x.com\/invexoimoveis"]},{"@type":"Person","@id":"https:\/\/invexo.com.br\/blog\/#\/schema\/person\/36bee32f1cfacde03dc4c9622a58778d","name":"Ronnie Possatti","image":{"@type":"ImageObject","inLanguage":"pt-BR","@id":"https:\/\/invexo.com.br\/blog\/#\/schema\/person\/image\/","url":"https:\/\/secure.gravatar.com\/avatar\/51a6cdcc215551235c39affb853f1e38?s=96&d=blank&r=g","contentUrl":"https:\/\/secure.gravatar.com\/avatar\/51a6cdcc215551235c39affb853f1e38?s=96&d=blank&r=g","caption":"Ronnie Possatti"},"description":"Equipe de especialistas que traz para seus leitores conte\u00fados relevantes e de qualidade sobre bairros, condom\u00ednios, lan\u00e7amentos e not\u00edcias imobili\u00e1rias no Rio de Janeiro.","sameAs":["https:\/\/facebook.com\/invexo","https:\/\/instagram.com\/invexo","https:\/\/x.com\/https:\/\/twitter.com\/invexoimoveis"],"url":"https:\/\/invexo.com.br\/blog\/author\/invexo\/"}]}},"taxonomy_info":{"category":[{"value":10,"label":"Bairros"},{"value":15,"label":"Informa\u00e7\u00f5es"}],"post_tag":[{"value":635,"label":"Ipanema"}]},"featured_image_src_large":["https:\/\/invexo.com.br\/blog\/wp-content\/uploads\/2021\/09\/Pilates-em-Ipanema-RJ-1024x576.jpg",1024,576,true],"author_info":{"display_name":"Ronnie Possatti","author_link":"https:\/\/invexo.com.br\/blog\/author\/invexo\/"},"comment_info":0,"category_info":[{"term_id":10,"name":"Bairros","slug":"bairros","term_group":0,"term_taxonomy_id":10,"taxonomy":"category","description":"Not\u00edcias sobre estabelecimentos nos melhores bairros para se morar no Rio de Janeiro.","parent":0,"count":1354,"filter":"raw","cat_ID":10,"category_count":1354,"category_description":"Not\u00edcias sobre estabelecimentos nos melhores bairros para se morar no Rio de Janeiro.","cat_name":"Bairros","category_nicename":"bairros","category_parent":0},{"term_id":15,"name":"Informa\u00e7\u00f5es","slug":"informacoes","term_group":0,"term_taxonomy_id":15,"taxonomy":"category","description":"Informa\u00e7\u00f5es, experi\u00eancia nos melhores estabelecimentos em bairros nobres para se viver no Rio de Janeiro. Tudo sobre cultura, entretenimento e lazer.","parent":0,"count":1297,"filter":"raw","cat_ID":15,"category_count":1297,"category_description":"Informa\u00e7\u00f5es, experi\u00eancia nos melhores estabelecimentos em bairros nobres para se viver no Rio de Janeiro. Tudo sobre cultura, entretenimento e lazer.","cat_name":"Informa\u00e7\u00f5es","category_nicename":"informacoes","category_parent":0}],"tag_info":[{"term_id":635,"name":"Ipanema","slug":"ipanema","term_group":0,"term_taxonomy_id":635,"taxonomy":"post_tag","description":"","parent":0,"count":359,"filter":"raw"}],"_links":{"self":[{"href":"https:\/\/invexo.com.br\/blog\/wp-json\/wp\/v2\/posts\/21213"}],"collection":[{"href":"https:\/\/invexo.com.br\/blog\/wp-json\/wp\/v2\/posts"}],"about":[{"href":"https:\/\/invexo.com.br\/blog\/wp-json\/wp\/v2\/types\/post"}],"author":[{"embeddable":true,"href":"https:\/\/invexo.com.br\/blog\/wp-json\/wp\/v2\/users\/2"}],"replies":[{"embeddable":true,"href":"https:\/\/invexo.com.br\/blog\/wp-json\/wp\/v2\/comments?post=21213"}],"version-history":[{"count":1,"href":"https:\/\/invexo.com.br\/blog\/wp-json\/wp\/v2\/posts\/21213\/revisions"}],"predecessor-version":[{"id":26891,"href":"https:\/\/invexo.com.br\/blog\/wp-json\/wp\/v2\/posts\/21213\/revisions\/26891"}],"wp:featuredmedia":[{"embeddable":true,"href":"https:\/\/invexo.com.br\/blog\/wp-json\/wp\/v2\/media\/21361"}],"wp:attachment":[{"href":"https:\/\/invexo.com.br\/blog\/wp-json\/wp\/v2\/media?parent=21213"}],"wp:term":[{"taxonomy":"category","embeddable":true,"href":"https:\/\/invexo.com.br\/blog\/wp-json\/wp\/v2\/categories?post=21213"},{"taxonomy":"post_tag","embeddable":true,"href":"https:\/\/invexo.com.br\/blog\/wp-json\/wp\/v2\/tags?post=21213"}],"curies":[{"name":"wp","href":"https:\/\/api.w.org\/{rel}","templated":true}]}}