{"id":21055,"date":"2021-09-01T13:40:43","date_gmt":"2021-09-01T16:40:43","guid":{"rendered":"https:\/\/invexo.com.br\/blog\/?p=21055"},"modified":"2022-06-28T21:37:54","modified_gmt":"2022-06-29T00:37:54","slug":"spa-ipanema","status":"publish","type":"post","link":"https:\/\/invexo.com.br\/blog\/spa-ipanema\/","title":{"rendered":"Op\u00e7\u00f5es de Spa em Ipanema"},"content":{"rendered":"\n<p>Os melhores servi\u00e7os de Spa (Servi\u00e7o Personalizado de Atendimento) em Ipanema s\u00e3o conhecidos por quem busca o resgate da sa\u00fade, relaxamento e restabelecimento do vigor, bem como o aux\u00edlio para resolu\u00e7\u00e3o de problemas de sa\u00fade f\u00edsica ou mental.<\/p>\n\n\n\n<p>Dessa forma, s\u00e3o lugares que oferecem processos terap\u00eauticos e, em regra, s\u00e3o associados a massagens, tratamentos, procedimentos est\u00e9ticos, entre outros.<\/p>\n\n\n\n<!--more-->\n\n\n\n<p>Hoje em dia, existem diversos tipos de Spas. Em Ipanema, cidade do Rio de Janeiro, pode-se obter os melhores tratamentos ou procedimentos que desejar \u2014 como massagens relaxantes, sauna, tratamentos de beleza, exerc\u00edcios, reeduca\u00e7\u00e3o alimentar, treinamento f\u00edsico, gin\u00e1stica, entre outros.<\/p>\n\n\n\n<p>Selecionamos para voc\u00ea as melhores op\u00e7\u00f5es de Spas em Ipanema.<\/p>\n\n\n\n<h2 class=\"wp-block-heading\">Spa das Sobrancelhas em Ipanema<\/h2>\n\n\n\n<p>O <a href=\"https:\/\/spadassobrancelhas.com.br\/\" target=\"_blank\" rel=\"noreferrer noopener\">Spa das Sobrancelhas<\/a>, localizado em Ipanema, oferece diversos tratamentos e procedimentos de acordo com a necessidade de cada cliente.<\/p>\n\n\n\n<p>Entre os servi\u00e7os, est\u00e1 dispon\u00edvel o tratamento com a Cabine Epilare. A t\u00e9cnica \u00e9 utilizada para realizar diversos tipos de depila\u00e7\u00e3o, sempre observando o tipo de pele, bem como o resultado final esperado por cada cliente.<\/p>\n\n\n\n<p>J\u00e1 a Linha Soft \u00e9 perfeita para quem tem pele sens\u00edvel e delicada, dispondo de um m\u00e9todo artesanal que proporciona maior efici\u00eancia no resultado do procedimento. Isso porque, ao final, retira-se uma fileira de pelos de uma s\u00f3 vez sem cort\u00e1-los, deixando o rosto liso.<\/p>\n\n\n\n<p>Al\u00e9m desses, o Spa tamb\u00e9m oferece o Dermolev, t\u00e9cnica exclusiva do estabelecimento, que preenche as sobrancelhas de forma natural e delicada.<\/p>\n\n\n\n<figure class=\"wp-block-embed-youtube wp-block-embed is-type-video is-provider-youtube wp-embed-aspect-16-9 wp-has-aspect-ratio\"><div class=\"wp-block-embed__wrapper\">\n<iframe title=\"Spa das Sobrancelhas - Val\u00e9ria Valenssa\" width=\"720\" height=\"405\" src=\"https:\/\/www.youtube.com\/embed\/0bBtAayWBzQ?feature=oembed\" frameborder=\"0\" allow=\"accelerometer; autoplay; clipboard-write; encrypted-media; gyroscope; picture-in-picture\" allowfullscreen><\/iframe>\n<\/div><\/figure>\n\n\n\n<p>E, ainda, o Spa das Sobrancelhas disponibiliza servi\u00e7os de est\u00e9tica e embelezamento do olhar. A remo\u00e7\u00e3o integral dos pelos \u00e9 feita atrav\u00e9s da fita depilat\u00f3ria, entre outras diversas t\u00e9cnicas e procedimentos para atender seus clientes.<\/p>\n\n\n\n<p>Por fim, os profissionais do Spa tamb\u00e9m fazem a manuten\u00e7\u00e3o do design de sobrancelhas com a Linha Soft \u2014 t\u00e9cnica que leva em m\u00e9dia 30 minutos \u2014, para manter o formato e a beleza da sobrancelha.<\/p>\n\n\n\n<p>Para se beneficiar dos \u00f3timos procedimentos, procure o Spa das Sobrancelhas na Rua Visconde de Piraj\u00e1, n\u00famero 188, Loja D, em Ipanema.<\/p>\n\n\n\n<p>O bairro disp\u00f5e de uma infraestrutura completa, com diversas op\u00e7\u00f5es de com\u00e9rcios e servi\u00e7os de est\u00e9tica, gastronomia, educa\u00e7\u00e3o e muito mais.<\/p>\n\n\n\n<p>Oportunidades \u00fanicas de im\u00f3veis em Ipanema! Fa\u00e7a parte do nosso\u00a0<strong><a href=\"https:\/\/whatsapp.com\/channel\/0029VaBTv8v8F2pN1nbKfn0a\">canal exclusivo no WhatsApp<\/a><\/strong>\u00a0e tenha acesso antecipado aos im\u00f3veis \u00e0 venda na regi\u00e3o com a maior demanda do Rio de Janeiro.<\/p>\n\n\n<div class=\"\"><div class='_form_6'><\/div><script type='text\/javascript' src='https:\/\/invexo.activehosted.com\/f\/embed.php?static=0&id=6&69F2486E71E60&nostyles=0&preview=0'><\/script><\/div>\n\n\n<p><\/p>\n\n\n\n<p>S\u00e3o diversos os lan\u00e7amentos residenciais e im\u00f3veis prontos em Ipanema, tais como o <a href=\"https:\/\/invexo.com.br\/lancamento\/helo-ipanema\/\" target=\"_blank\" rel=\"noreferrer noopener\">Helo Ipanema<\/a>! Com acabamentos de alto padr\u00e3o e infraestrutura completa, Ipanema \u00e9 um dos bairros com os melhores im\u00f3veis de luxo do Rio de Janeiro. Conhe\u00e7a agora mesmo os melhores <a href=\"https:\/\/luxury.invexo.com.br\/bairro\/ipanema\/?utm_source=blog&amp;utm_medium=blocomeio\" target=\"_blank\" rel=\"noreferrer noopener\">im\u00f3veis de luxo \u00e0 venda em Ipanema<\/a>!<\/p>\n\n\n\n<figure class=\"wp-block-image size-full\"><a href=\"https:\/\/luxury.invexo.com.br\/bairro\/ipanema\/?utm_source=blog&amp;utm_medium=blocomeio\" target=\"_blank\" rel=\"noopener\"><img decoding=\"async\" width=\"1300\" height=\"280\" src=\"https:\/\/invexo.com.br\/blog\/wp-content\/uploads\/2022\/08\/imoveis-residenciais-ipanema-rio-de-janeiro-rj-calcadao-de-ipanema.jpg\" alt=\"Im\u00f3veis de luxo \u00e0 venda em Ipanema RJ\" class=\"wp-image-28981\" srcset=\"https:\/\/invexo.com.br\/blog\/wp-content\/uploads\/2022\/08\/imoveis-residenciais-ipanema-rio-de-janeiro-rj-calcadao-de-ipanema.jpg 1300w, https:\/\/invexo.com.br\/blog\/wp-content\/uploads\/2022\/08\/imoveis-residenciais-ipanema-rio-de-janeiro-rj-calcadao-de-ipanema-300x65.jpg 300w, https:\/\/invexo.com.br\/blog\/wp-content\/uploads\/2022\/08\/imoveis-residenciais-ipanema-rio-de-janeiro-rj-calcadao-de-ipanema-1024x221.jpg 1024w, https:\/\/invexo.com.br\/blog\/wp-content\/uploads\/2022\/08\/imoveis-residenciais-ipanema-rio-de-janeiro-rj-calcadao-de-ipanema-768x165.jpg 768w\" sizes=\"(max-width: 1300px) 100vw, 1300px\" \/><\/a><\/figure>\n\n\n\n<h2 class=\"wp-block-heading\">Unhas impec\u00e1veis no Espa\u00e7o Nail Sisters em Ipanema<\/h2>\n\n\n\n<p>Seja esmaltada ou de forma natural, as unhas precisam estar sempre bem-cuidadas, limpas e hidratadas, n\u00e3o \u00e9 mesmo?<\/p>\n\n\n\n<p>Pensando nisso, o <a href=\"https:\/\/www.instagram.com\/nailsisters.rio\/\" target=\"_blank\" rel=\"noreferrer noopener\">Espa\u00e7o Nail Sisters<\/a>, Spa de unhas em Ipanema, disponibiliza aos seus clientes mais de 500 cores de esmaltes nacionais e importados, cremosos, cintilantes, cromados, perolados e diversos outros acabamentos para todos os gostos.<\/p>\n\n\n\n<p>O estabelecimento tamb\u00e9m oferece tratamento com a blindagem de diamante para unhas quebradi\u00e7as, que permite a resist\u00eancia do esmalte nas unhas por mais de 20 dias.<\/p>\n\n\n\n<p>Nessa linha, \u00e9 poss\u00edvel encontrar ainda unhas artificiais, coloca\u00e7\u00e3o de acrigel no molde e hidrata\u00e7\u00e3o de p\u00e9s e m\u00e3os. Al\u00e9m disso, o ambiente agrad\u00e1vel e cheio de personalidade s\u00e3o grandes diferenciais.<\/p>\n\n\n\n<p>A ideia, portanto, \u00e9 levar para os clientes mais exigentes as principais tend\u00eancias nacionais e internacionais relacionadas a unhas, esmaltes e estilo.<\/p>\n\n\n\n<p>Para desfrutar de unhas perfeitas, visite o Espa\u00e7o Nail Sisters, localizado na Rua Visconde de Piraj\u00e1, n\u00famero 595, Loja 206, em Ipanema. O estabelecimento fica pr\u00f3ximo ao <a rel=\"noreferrer noopener\" href=\"https:\/\/invexo.com.br\/blog\/country-club-ipanema\/\" target=\"_blank\">Country Club<\/a> e ao restaurante <a rel=\"noreferrer noopener\" href=\"https:\/\/invexo.com.br\/blog\/restaurante-e-pizzaria-kilograma-ipanema-rj\/\" target=\"_blank\">Kilograma<\/a>.<\/p>\n\n\n\n<h2 class=\"wp-block-heading\">Viver Zen, o Spa Urbano em Ipanema<\/h2>\n\n\n\n<p>Os Spas atualmente tem v\u00e1rios desempenhos diferentes, mas, ao mesmo tempo, semelhantes no modo de auxiliar os clientes que buscam algum tipo de al\u00edvio, conforto ou tratamento.<\/p>\n\n\n\n<p>Desse modo, a proposta do <a href=\"https:\/\/viverzenspa.com.br\/\" target=\"_blank\" rel=\"noreferrer noopener\">Viver Zen Spa Urbano<\/a> de Ipanema, \u00e9 restabelecer a harmonia e o bem-estar atrav\u00e9s de uma experi\u00eancia relaxante, prazerosa e revigorante.<\/p>\n\n\n\n<p>O estabelecimento conta com um portf\u00f3lio variado de terapias, que inclui: shiatsu, massagem relaxante e desportiva com pedras quentes, drenagem linf\u00e1tica, entre outras. As terapias s\u00e3o realizadas por profissionais graduados e experientes que tamb\u00e9m executam programas de tratamento facial e corporal.<\/p>\n\n\n\n<p>Para isso, \u00e9 disponibilizado aos seus clientes salas de massagem e de est\u00e9tica climatizadas e equipadas com sistema de sonoriza\u00e7\u00e3o independentes, visando sempre o bem-estar e a privacidade de todos.<\/p>\n\n\n\n<p>Assim, localizado bem no cora\u00e7\u00e3o de Ipanema, o Viver Zen oferece conforto e qualidade acima de tudo. O Spa ainda disponibiliza sala com ofur\u00f4 e chuveiros para banhos terap\u00eauticos, entre outros tratamentos.<\/p>\n\n\n\n<p>O Spa Urbano est\u00e1 na <a href=\"https:\/\/invexo.com.br\/rua-vinicius-de-moraes-ipanema-rio-de-janeiro-rj\/\" target=\"_blank\" rel=\"noreferrer noopener\">Rua Vin\u00edcius de Moraes<\/a>, n\u00famero 250, em Ipanema.<\/p>\n\n\n\n<h2 class=\"wp-block-heading\">Viver Bem Spa em Ipanema<\/h2>\n\n\n\n<p>Com o prop\u00f3sito de garantir a qualidade de vida, bem-estar e felicidade dos clientes, a Viver Bem Spa, em Ipanema, disponibiliza v\u00e1rios tratamentos realizados por profissionais e especialistas em est\u00e9tica.<\/p>\n\n\n\n<p>As diversas terapias integradas s\u00e3o realizadas em equipamentos de \u00faltima gera\u00e7\u00e3o, customizados para os diversos tipos de procedimentos.<\/p>\n\n\n\n<p>Desse modo, pode-se encontrar na Viver Bem diversas terapias integradas, tais como acupuntura, aromaterapia, pedras quentes, design de sobrancelhas e, ainda, est\u00e9tica facial.<\/p>\n\n\n\n<p>Em vista disso, o Spa busca garantir a conex\u00e3o entre o corpo e a alma, purifica\u00e7\u00e3o e relaxamento completos atrav\u00e9s do al\u00edvio da tens\u00e3o f\u00edsica e psicol\u00f3gica.<\/p>\n\n\n\n<figure class=\"wp-block-image size-large\"><img decoding=\"async\" width=\"1024\" height=\"576\" src=\"https:\/\/invexo.com.br\/blog\/wp-content\/uploads\/2021\/08\/spa-ipanema-1024x576.jpg\" alt=\"Spa Ipanema\" class=\"wp-image-21092\" srcset=\"https:\/\/invexo.com.br\/blog\/wp-content\/uploads\/2021\/08\/spa-ipanema-1024x576.jpg 1024w, https:\/\/invexo.com.br\/blog\/wp-content\/uploads\/2021\/08\/spa-ipanema-300x169.jpg 300w, https:\/\/invexo.com.br\/blog\/wp-content\/uploads\/2021\/08\/spa-ipanema-768x432.jpg 768w, https:\/\/invexo.com.br\/blog\/wp-content\/uploads\/2021\/08\/spa-ipanema-940x529.jpg 940w, https:\/\/invexo.com.br\/blog\/wp-content\/uploads\/2021\/08\/spa-ipanema.jpg 1280w\" sizes=\"(max-width: 1024px) 100vw, 1024px\" \/><\/figure>\n\n\n\n<p>A Viver Bem Spa est\u00e1 localizada na Rua Visconde de Piraj\u00e1, n\u00famero 281, Ipanema.<\/p>\n\n\n\n<h2 class=\"wp-block-heading\">Bem-estar em Ipanema<\/h2>\n\n\n\n<p>Procurar um Spa \u00e9 uma \u00f3tima escolha para encontrar diferentes servi\u00e7os que v\u00e3o agregar muito mais energia ao corpo e \u00e0 mente.<\/p>\n\n\n\n<p>Ipanema disp\u00f5e v\u00e1rios com\u00e9rcios e servi\u00e7os que contribuem para a qualidade de vida e o bem-estar dos moradores e visitantes da Cidade Maravilhosa. Que tal conhecer tudo o que o bairro tem a oferecer?<\/p>\n\n\n\n<div class=\"wp-block-group\"><div class=\"wp-block-group__inner-container is-layout-flow wp-block-group-is-layout-flow\">\n<p>Oportunidades \u00fanicas de im\u00f3veis em Ipanema! Fa\u00e7a parte do nosso&nbsp;<strong><a href=\"https:\/\/whatsapp.com\/channel\/0029VaBTv8v8F2pN1nbKfn0a\">canal exclusivo no WhatsApp<\/a><\/strong>&nbsp;e tenha acesso antecipado aos im\u00f3veis \u00e0 venda na regi\u00e3o com a maior demanda do Rio de Janeiro.<\/p>\n\n\n<div class=\"\"><div class='_form_6'><\/div><script type='text\/javascript' src='https:\/\/invexo.activehosted.com\/f\/embed.php?static=0&id=6&69F2486E71E8C&nostyles=0&preview=0'><\/script><\/div>\n\n\n<p><\/p>\n\n\n\n<p>Ipanema, localizada na Zona Sul carioca, \u00e9 um dos melhores e mais nobres bairros para se viver no Rio de Janeiro. Conhe\u00e7a hoje mesmo os <a href=\"https:\/\/luxury.invexo.com.br\/bairro\/ipanema\/?utm_source=blog&amp;utm_medium=blocofim\" target=\"_blank\" rel=\"noreferrer noopener\">im\u00f3veis residenciais de luxo em Ipanema<\/a> com a INVEXO, imobili\u00e1ria especializada em im\u00f3veis de luxo no Rio de Janeiro.<\/p>\n\n\n\n<figure class=\"wp-block-image size-full\"><a href=\"https:\/\/luxury.invexo.com.br\/bairro\/ipanema\/?utm_source=blog&amp;utm_medium=blocofim\" target=\"_blank\" rel=\"noopener\"><img decoding=\"async\" width=\"1300\" height=\"280\" src=\"https:\/\/invexo.com.br\/blog\/wp-content\/uploads\/2022\/08\/imoveis-residenciais-ipanema-rio-de-janeiro-rj-calcadao-de-ipanema.jpg\" alt=\"Im\u00f3veis de luxo \u00e0 venda em Ipanema RJ\" class=\"wp-image-28981\" srcset=\"https:\/\/invexo.com.br\/blog\/wp-content\/uploads\/2022\/08\/imoveis-residenciais-ipanema-rio-de-janeiro-rj-calcadao-de-ipanema.jpg 1300w, https:\/\/invexo.com.br\/blog\/wp-content\/uploads\/2022\/08\/imoveis-residenciais-ipanema-rio-de-janeiro-rj-calcadao-de-ipanema-300x65.jpg 300w, https:\/\/invexo.com.br\/blog\/wp-content\/uploads\/2022\/08\/imoveis-residenciais-ipanema-rio-de-janeiro-rj-calcadao-de-ipanema-1024x221.jpg 1024w, https:\/\/invexo.com.br\/blog\/wp-content\/uploads\/2022\/08\/imoveis-residenciais-ipanema-rio-de-janeiro-rj-calcadao-de-ipanema-768x165.jpg 768w\" sizes=\"(max-width: 1300px) 100vw, 1300px\" \/><\/a><\/figure>\n<\/div><\/div>\n","protected":false},"excerpt":{"rendered":"<p>Os melhores servi\u00e7os de Spa (Servi\u00e7o Personalizado de Atendimento) em Ipanema s\u00e3o conhecidos por quem busca o resgate da sa\u00fade, relaxamento e restabelecimento do vigor, bem como o aux\u00edlio para resolu\u00e7\u00e3o de problemas de sa\u00fade f\u00edsica ou mental. Dessa forma, s\u00e3o lugares que oferecem processos terap\u00eauticos e, em regra, s\u00e3o associados a massagens, tratamentos, procedimentos&#8230;<\/p>\n","protected":false},"author":2,"featured_media":21091,"comment_status":"closed","ping_status":"closed","sticky":false,"template":"","format":"standard","meta":{"_acf_changed":false,"_kad_blocks_custom_css":"","_kad_blocks_head_custom_js":"","_kad_blocks_body_custom_js":"","_kad_blocks_footer_custom_js":"","_kadence_starter_templates_imported_post":false,"_kad_post_transparent":"","_kad_post_title":"","_kad_post_layout":"","_kad_post_sidebar_id":"","_kad_post_content_style":"","_kad_post_vertical_padding":"","_kad_post_feature":"","_kad_post_feature_position":"","_kad_post_header":false,"_kad_post_footer":false,"footnotes":""},"categories":[10,15],"tags":[635],"acf":[],"yoast_head":"<!-- This site is optimized with the Yoast SEO plugin v24.1 - https:\/\/yoast.com\/wordpress\/plugins\/seo\/ -->\n<title>Conhe\u00e7a os principais servi\u00e7os de Spa em Ipanema no Rio de Janeiro<\/title>\n<meta name=\"description\" content=\"Quem busca Spa em Ipanema, vai encontrar uma ampla variedade dos servi\u00e7os de bem-estar em espa\u00e7os terap\u00eauticos no bairro. Veja as melhores op\u00e7\u00f5es.\" \/>\n<meta name=\"robots\" content=\"index, follow, max-snippet:-1, max-image-preview:large, max-video-preview:-1\" \/>\n<link rel=\"canonical\" href=\"https:\/\/invexo.com.br\/blog\/spa-ipanema\/\" \/>\n<meta property=\"og:locale\" content=\"pt_BR\" \/>\n<meta property=\"og:type\" content=\"article\" \/>\n<meta property=\"og:title\" content=\"Conhe\u00e7a os principais servi\u00e7os de Spa em Ipanema no Rio de Janeiro\" \/>\n<meta property=\"og:description\" content=\"Quem busca Spa em Ipanema, vai encontrar uma ampla variedade dos servi\u00e7os de bem-estar em espa\u00e7os terap\u00eauticos no bairro. Veja as melhores op\u00e7\u00f5es.\" \/>\n<meta property=\"og:url\" content=\"https:\/\/invexo.com.br\/blog\/spa-ipanema\/\" \/>\n<meta property=\"og:site_name\" content=\"Not\u00edcias RJ\" \/>\n<meta property=\"article:publisher\" content=\"https:\/\/facebook.com\/invexo\" \/>\n<meta property=\"article:author\" content=\"https:\/\/facebook.com\/invexo\" \/>\n<meta property=\"article:published_time\" content=\"2021-09-01T16:40:43+00:00\" \/>\n<meta property=\"article:modified_time\" content=\"2022-06-29T00:37:54+00:00\" \/>\n<meta property=\"og:image\" content=\"https:\/\/invexo.com.br\/blog\/wp-content\/uploads\/2021\/08\/spa.jpg\" \/>\n\t<meta property=\"og:image:width\" content=\"1280\" \/>\n\t<meta property=\"og:image:height\" content=\"720\" \/>\n\t<meta property=\"og:image:type\" content=\"image\/jpeg\" \/>\n<meta name=\"author\" content=\"Ronnie Possatti\" \/>\n<meta name=\"twitter:card\" content=\"summary_large_image\" \/>\n<meta name=\"twitter:creator\" content=\"@https:\/\/twitter.com\/invexoimoveis\" \/>\n<meta name=\"twitter:site\" content=\"@invexoimoveis\" \/>\n<meta name=\"twitter:label1\" content=\"Escrito por\" \/>\n\t<meta name=\"twitter:data1\" content=\"Ronnie Possatti\" \/>\n\t<meta name=\"twitter:label2\" content=\"Est. tempo de leitura\" \/>\n\t<meta name=\"twitter:data2\" content=\"5 minutos\" \/>\n<script type=\"application\/ld+json\" class=\"yoast-schema-graph\">{\"@context\":\"https:\/\/schema.org\",\"@graph\":[{\"@type\":\"Article\",\"@id\":\"https:\/\/invexo.com.br\/blog\/spa-ipanema\/#article\",\"isPartOf\":{\"@id\":\"https:\/\/invexo.com.br\/blog\/spa-ipanema\/\"},\"author\":{\"name\":\"Ronnie Possatti\",\"@id\":\"https:\/\/invexo.com.br\/blog\/#\/schema\/person\/36bee32f1cfacde03dc4c9622a58778d\"},\"headline\":\"Op\u00e7\u00f5es de Spa em Ipanema\",\"datePublished\":\"2021-09-01T16:40:43+00:00\",\"dateModified\":\"2022-06-29T00:37:54+00:00\",\"mainEntityOfPage\":{\"@id\":\"https:\/\/invexo.com.br\/blog\/spa-ipanema\/\"},\"wordCount\":965,\"publisher\":{\"@id\":\"https:\/\/invexo.com.br\/blog\/#organization\"},\"image\":{\"@id\":\"https:\/\/invexo.com.br\/blog\/spa-ipanema\/#primaryimage\"},\"thumbnailUrl\":\"https:\/\/invexo.com.br\/blog\/wp-content\/uploads\/2021\/08\/spa.jpg\",\"keywords\":[\"Ipanema\"],\"articleSection\":[\"Bairros\",\"Informa\u00e7\u00f5es\"],\"inLanguage\":\"pt-BR\"},{\"@type\":\"WebPage\",\"@id\":\"https:\/\/invexo.com.br\/blog\/spa-ipanema\/\",\"url\":\"https:\/\/invexo.com.br\/blog\/spa-ipanema\/\",\"name\":\"Conhe\u00e7a os principais servi\u00e7os de Spa em Ipanema no Rio de Janeiro\",\"isPartOf\":{\"@id\":\"https:\/\/invexo.com.br\/blog\/#website\"},\"primaryImageOfPage\":{\"@id\":\"https:\/\/invexo.com.br\/blog\/spa-ipanema\/#primaryimage\"},\"image\":{\"@id\":\"https:\/\/invexo.com.br\/blog\/spa-ipanema\/#primaryimage\"},\"thumbnailUrl\":\"https:\/\/invexo.com.br\/blog\/wp-content\/uploads\/2021\/08\/spa.jpg\",\"datePublished\":\"2021-09-01T16:40:43+00:00\",\"dateModified\":\"2022-06-29T00:37:54+00:00\",\"description\":\"Quem busca Spa em Ipanema, vai encontrar uma ampla variedade dos servi\u00e7os de bem-estar em espa\u00e7os terap\u00eauticos no bairro. Veja as melhores op\u00e7\u00f5es.\",\"breadcrumb\":{\"@id\":\"https:\/\/invexo.com.br\/blog\/spa-ipanema\/#breadcrumb\"},\"inLanguage\":\"pt-BR\",\"potentialAction\":[{\"@type\":\"ReadAction\",\"target\":[\"https:\/\/invexo.com.br\/blog\/spa-ipanema\/\"]}]},{\"@type\":\"ImageObject\",\"inLanguage\":\"pt-BR\",\"@id\":\"https:\/\/invexo.com.br\/blog\/spa-ipanema\/#primaryimage\",\"url\":\"https:\/\/invexo.com.br\/blog\/wp-content\/uploads\/2021\/08\/spa.jpg\",\"contentUrl\":\"https:\/\/invexo.com.br\/blog\/wp-content\/uploads\/2021\/08\/spa.jpg\",\"width\":1280,\"height\":720,\"caption\":\"Ambientes de Spa em Ipanema\"},{\"@type\":\"BreadcrumbList\",\"@id\":\"https:\/\/invexo.com.br\/blog\/spa-ipanema\/#breadcrumb\",\"itemListElement\":[{\"@type\":\"ListItem\",\"position\":1,\"name\":\"Blog\",\"item\":\"https:\/\/invexo.com.br\/blog\/\"},{\"@type\":\"ListItem\",\"position\":2,\"name\":\"Bairros\",\"item\":\"https:\/\/invexo.com.br\/blog\/categoria\/bairros\/\"},{\"@type\":\"ListItem\",\"position\":3,\"name\":\"Op\u00e7\u00f5es de Spa em Ipanema\"}]},{\"@type\":\"WebSite\",\"@id\":\"https:\/\/invexo.com.br\/blog\/#website\",\"url\":\"https:\/\/invexo.com.br\/blog\/\",\"name\":\"Not\u00edcias RJ\",\"description\":\"Not\u00edcias sobre im\u00f3veis, financiamento, mercado imobili\u00e1rio do Rio de Janeiro. Informa\u00e7\u00f5es sobre Bairros, Condom\u00ednios e Regi\u00e3o do Rio de Janeiro.\",\"publisher\":{\"@id\":\"https:\/\/invexo.com.br\/blog\/#organization\"},\"potentialAction\":[{\"@type\":\"SearchAction\",\"target\":{\"@type\":\"EntryPoint\",\"urlTemplate\":\"https:\/\/invexo.com.br\/blog\/?s={search_term_string}\"},\"query-input\":{\"@type\":\"PropertyValueSpecification\",\"valueRequired\":true,\"valueName\":\"search_term_string\"}}],\"inLanguage\":\"pt-BR\"},{\"@type\":\"Organization\",\"@id\":\"https:\/\/invexo.com.br\/blog\/#organization\",\"name\":\"INVEXO Imobili\u00e1ria\",\"url\":\"https:\/\/invexo.com.br\/blog\/\",\"logo\":{\"@type\":\"ImageObject\",\"inLanguage\":\"pt-BR\",\"@id\":\"https:\/\/invexo.com.br\/blog\/#\/schema\/logo\/image\/\",\"url\":\"https:\/\/invexo.com.br\/blog\/wp-content\/uploads\/2018\/09\/invexo-80-melhor.png\",\"contentUrl\":\"https:\/\/invexo.com.br\/blog\/wp-content\/uploads\/2018\/09\/invexo-80-melhor.png\",\"width\":247,\"height\":80,\"caption\":\"INVEXO Imobili\u00e1ria\"},\"image\":{\"@id\":\"https:\/\/invexo.com.br\/blog\/#\/schema\/logo\/image\/\"},\"sameAs\":[\"https:\/\/facebook.com\/invexo\",\"https:\/\/x.com\/invexoimoveis\"]},{\"@type\":\"Person\",\"@id\":\"https:\/\/invexo.com.br\/blog\/#\/schema\/person\/36bee32f1cfacde03dc4c9622a58778d\",\"name\":\"Ronnie Possatti\",\"image\":{\"@type\":\"ImageObject\",\"inLanguage\":\"pt-BR\",\"@id\":\"https:\/\/invexo.com.br\/blog\/#\/schema\/person\/image\/\",\"url\":\"https:\/\/secure.gravatar.com\/avatar\/51a6cdcc215551235c39affb853f1e38?s=96&d=blank&r=g\",\"contentUrl\":\"https:\/\/secure.gravatar.com\/avatar\/51a6cdcc215551235c39affb853f1e38?s=96&d=blank&r=g\",\"caption\":\"Ronnie Possatti\"},\"description\":\"Equipe de especialistas que traz para seus leitores conte\u00fados relevantes e de qualidade sobre bairros, condom\u00ednios, lan\u00e7amentos e not\u00edcias imobili\u00e1rias no Rio de Janeiro.\",\"sameAs\":[\"https:\/\/facebook.com\/invexo\",\"https:\/\/instagram.com\/invexo\",\"https:\/\/x.com\/https:\/\/twitter.com\/invexoimoveis\"],\"url\":\"https:\/\/invexo.com.br\/blog\/author\/invexo\/\"}]}<\/script>\n<!-- \/ Yoast SEO plugin. -->","yoast_head_json":{"title":"Conhe\u00e7a os principais servi\u00e7os de Spa em Ipanema no Rio de Janeiro","description":"Quem busca Spa em Ipanema, vai encontrar uma ampla variedade dos servi\u00e7os de bem-estar em espa\u00e7os terap\u00eauticos no bairro. Veja as melhores op\u00e7\u00f5es.","robots":{"index":"index","follow":"follow","max-snippet":"max-snippet:-1","max-image-preview":"max-image-preview:large","max-video-preview":"max-video-preview:-1"},"canonical":"https:\/\/invexo.com.br\/blog\/spa-ipanema\/","og_locale":"pt_BR","og_type":"article","og_title":"Conhe\u00e7a os principais servi\u00e7os de Spa em Ipanema no Rio de Janeiro","og_description":"Quem busca Spa em Ipanema, vai encontrar uma ampla variedade dos servi\u00e7os de bem-estar em espa\u00e7os terap\u00eauticos no bairro. Veja as melhores op\u00e7\u00f5es.","og_url":"https:\/\/invexo.com.br\/blog\/spa-ipanema\/","og_site_name":"Not\u00edcias RJ","article_publisher":"https:\/\/facebook.com\/invexo","article_author":"https:\/\/facebook.com\/invexo","article_published_time":"2021-09-01T16:40:43+00:00","article_modified_time":"2022-06-29T00:37:54+00:00","og_image":[{"width":1280,"height":720,"url":"https:\/\/invexo.com.br\/blog\/wp-content\/uploads\/2021\/08\/spa.jpg","type":"image\/jpeg"}],"author":"Ronnie Possatti","twitter_card":"summary_large_image","twitter_creator":"@https:\/\/twitter.com\/invexoimoveis","twitter_site":"@invexoimoveis","twitter_misc":{"Escrito por":"Ronnie Possatti","Est. tempo de leitura":"5 minutos"},"schema":{"@context":"https:\/\/schema.org","@graph":[{"@type":"Article","@id":"https:\/\/invexo.com.br\/blog\/spa-ipanema\/#article","isPartOf":{"@id":"https:\/\/invexo.com.br\/blog\/spa-ipanema\/"},"author":{"name":"Ronnie Possatti","@id":"https:\/\/invexo.com.br\/blog\/#\/schema\/person\/36bee32f1cfacde03dc4c9622a58778d"},"headline":"Op\u00e7\u00f5es de Spa em Ipanema","datePublished":"2021-09-01T16:40:43+00:00","dateModified":"2022-06-29T00:37:54+00:00","mainEntityOfPage":{"@id":"https:\/\/invexo.com.br\/blog\/spa-ipanema\/"},"wordCount":965,"publisher":{"@id":"https:\/\/invexo.com.br\/blog\/#organization"},"image":{"@id":"https:\/\/invexo.com.br\/blog\/spa-ipanema\/#primaryimage"},"thumbnailUrl":"https:\/\/invexo.com.br\/blog\/wp-content\/uploads\/2021\/08\/spa.jpg","keywords":["Ipanema"],"articleSection":["Bairros","Informa\u00e7\u00f5es"],"inLanguage":"pt-BR"},{"@type":"WebPage","@id":"https:\/\/invexo.com.br\/blog\/spa-ipanema\/","url":"https:\/\/invexo.com.br\/blog\/spa-ipanema\/","name":"Conhe\u00e7a os principais servi\u00e7os de Spa em Ipanema no Rio de Janeiro","isPartOf":{"@id":"https:\/\/invexo.com.br\/blog\/#website"},"primaryImageOfPage":{"@id":"https:\/\/invexo.com.br\/blog\/spa-ipanema\/#primaryimage"},"image":{"@id":"https:\/\/invexo.com.br\/blog\/spa-ipanema\/#primaryimage"},"thumbnailUrl":"https:\/\/invexo.com.br\/blog\/wp-content\/uploads\/2021\/08\/spa.jpg","datePublished":"2021-09-01T16:40:43+00:00","dateModified":"2022-06-29T00:37:54+00:00","description":"Quem busca Spa em Ipanema, vai encontrar uma ampla variedade dos servi\u00e7os de bem-estar em espa\u00e7os terap\u00eauticos no bairro. Veja as melhores op\u00e7\u00f5es.","breadcrumb":{"@id":"https:\/\/invexo.com.br\/blog\/spa-ipanema\/#breadcrumb"},"inLanguage":"pt-BR","potentialAction":[{"@type":"ReadAction","target":["https:\/\/invexo.com.br\/blog\/spa-ipanema\/"]}]},{"@type":"ImageObject","inLanguage":"pt-BR","@id":"https:\/\/invexo.com.br\/blog\/spa-ipanema\/#primaryimage","url":"https:\/\/invexo.com.br\/blog\/wp-content\/uploads\/2021\/08\/spa.jpg","contentUrl":"https:\/\/invexo.com.br\/blog\/wp-content\/uploads\/2021\/08\/spa.jpg","width":1280,"height":720,"caption":"Ambientes de Spa em Ipanema"},{"@type":"BreadcrumbList","@id":"https:\/\/invexo.com.br\/blog\/spa-ipanema\/#breadcrumb","itemListElement":[{"@type":"ListItem","position":1,"name":"Blog","item":"https:\/\/invexo.com.br\/blog\/"},{"@type":"ListItem","position":2,"name":"Bairros","item":"https:\/\/invexo.com.br\/blog\/categoria\/bairros\/"},{"@type":"ListItem","position":3,"name":"Op\u00e7\u00f5es de Spa em Ipanema"}]},{"@type":"WebSite","@id":"https:\/\/invexo.com.br\/blog\/#website","url":"https:\/\/invexo.com.br\/blog\/","name":"Not\u00edcias RJ","description":"Not\u00edcias sobre im\u00f3veis, financiamento, mercado imobili\u00e1rio do Rio de Janeiro. Informa\u00e7\u00f5es sobre Bairros, Condom\u00ednios e Regi\u00e3o do Rio de Janeiro.","publisher":{"@id":"https:\/\/invexo.com.br\/blog\/#organization"},"potentialAction":[{"@type":"SearchAction","target":{"@type":"EntryPoint","urlTemplate":"https:\/\/invexo.com.br\/blog\/?s={search_term_string}"},"query-input":{"@type":"PropertyValueSpecification","valueRequired":true,"valueName":"search_term_string"}}],"inLanguage":"pt-BR"},{"@type":"Organization","@id":"https:\/\/invexo.com.br\/blog\/#organization","name":"INVEXO Imobili\u00e1ria","url":"https:\/\/invexo.com.br\/blog\/","logo":{"@type":"ImageObject","inLanguage":"pt-BR","@id":"https:\/\/invexo.com.br\/blog\/#\/schema\/logo\/image\/","url":"https:\/\/invexo.com.br\/blog\/wp-content\/uploads\/2018\/09\/invexo-80-melhor.png","contentUrl":"https:\/\/invexo.com.br\/blog\/wp-content\/uploads\/2018\/09\/invexo-80-melhor.png","width":247,"height":80,"caption":"INVEXO Imobili\u00e1ria"},"image":{"@id":"https:\/\/invexo.com.br\/blog\/#\/schema\/logo\/image\/"},"sameAs":["https:\/\/facebook.com\/invexo","https:\/\/x.com\/invexoimoveis"]},{"@type":"Person","@id":"https:\/\/invexo.com.br\/blog\/#\/schema\/person\/36bee32f1cfacde03dc4c9622a58778d","name":"Ronnie Possatti","image":{"@type":"ImageObject","inLanguage":"pt-BR","@id":"https:\/\/invexo.com.br\/blog\/#\/schema\/person\/image\/","url":"https:\/\/secure.gravatar.com\/avatar\/51a6cdcc215551235c39affb853f1e38?s=96&d=blank&r=g","contentUrl":"https:\/\/secure.gravatar.com\/avatar\/51a6cdcc215551235c39affb853f1e38?s=96&d=blank&r=g","caption":"Ronnie Possatti"},"description":"Equipe de especialistas que traz para seus leitores conte\u00fados relevantes e de qualidade sobre bairros, condom\u00ednios, lan\u00e7amentos e not\u00edcias imobili\u00e1rias no Rio de Janeiro.","sameAs":["https:\/\/facebook.com\/invexo","https:\/\/instagram.com\/invexo","https:\/\/x.com\/https:\/\/twitter.com\/invexoimoveis"],"url":"https:\/\/invexo.com.br\/blog\/author\/invexo\/"}]}},"taxonomy_info":{"category":[{"value":10,"label":"Bairros"},{"value":15,"label":"Informa\u00e7\u00f5es"}],"post_tag":[{"value":635,"label":"Ipanema"}]},"featured_image_src_large":["https:\/\/invexo.com.br\/blog\/wp-content\/uploads\/2021\/08\/spa-1024x576.jpg",1024,576,true],"author_info":{"display_name":"Ronnie Possatti","author_link":"https:\/\/invexo.com.br\/blog\/author\/invexo\/"},"comment_info":0,"category_info":[{"term_id":10,"name":"Bairros","slug":"bairros","term_group":0,"term_taxonomy_id":10,"taxonomy":"category","description":"Not\u00edcias sobre estabelecimentos nos melhores bairros para se morar no Rio de Janeiro.","parent":0,"count":1354,"filter":"raw","cat_ID":10,"category_count":1354,"category_description":"Not\u00edcias sobre estabelecimentos nos melhores bairros para se morar no Rio de Janeiro.","cat_name":"Bairros","category_nicename":"bairros","category_parent":0},{"term_id":15,"name":"Informa\u00e7\u00f5es","slug":"informacoes","term_group":0,"term_taxonomy_id":15,"taxonomy":"category","description":"Informa\u00e7\u00f5es, experi\u00eancia nos melhores estabelecimentos em bairros nobres para se viver no Rio de Janeiro. Tudo sobre cultura, entretenimento e lazer.","parent":0,"count":1297,"filter":"raw","cat_ID":15,"category_count":1297,"category_description":"Informa\u00e7\u00f5es, experi\u00eancia nos melhores estabelecimentos em bairros nobres para se viver no Rio de Janeiro. Tudo sobre cultura, entretenimento e lazer.","cat_name":"Informa\u00e7\u00f5es","category_nicename":"informacoes","category_parent":0}],"tag_info":[{"term_id":635,"name":"Ipanema","slug":"ipanema","term_group":0,"term_taxonomy_id":635,"taxonomy":"post_tag","description":"","parent":0,"count":359,"filter":"raw"}],"_links":{"self":[{"href":"https:\/\/invexo.com.br\/blog\/wp-json\/wp\/v2\/posts\/21055"}],"collection":[{"href":"https:\/\/invexo.com.br\/blog\/wp-json\/wp\/v2\/posts"}],"about":[{"href":"https:\/\/invexo.com.br\/blog\/wp-json\/wp\/v2\/types\/post"}],"author":[{"embeddable":true,"href":"https:\/\/invexo.com.br\/blog\/wp-json\/wp\/v2\/users\/2"}],"replies":[{"embeddable":true,"href":"https:\/\/invexo.com.br\/blog\/wp-json\/wp\/v2\/comments?post=21055"}],"version-history":[{"count":1,"href":"https:\/\/invexo.com.br\/blog\/wp-json\/wp\/v2\/posts\/21055\/revisions"}],"predecessor-version":[{"id":26901,"href":"https:\/\/invexo.com.br\/blog\/wp-json\/wp\/v2\/posts\/21055\/revisions\/26901"}],"wp:featuredmedia":[{"embeddable":true,"href":"https:\/\/invexo.com.br\/blog\/wp-json\/wp\/v2\/media\/21091"}],"wp:attachment":[{"href":"https:\/\/invexo.com.br\/blog\/wp-json\/wp\/v2\/media?parent=21055"}],"wp:term":[{"taxonomy":"category","embeddable":true,"href":"https:\/\/invexo.com.br\/blog\/wp-json\/wp\/v2\/categories?post=21055"},{"taxonomy":"post_tag","embeddable":true,"href":"https:\/\/invexo.com.br\/blog\/wp-json\/wp\/v2\/tags?post=21055"}],"curies":[{"name":"wp","href":"https:\/\/api.w.org\/{rel}","templated":true}]}}