{"id":17460,"date":"2021-06-28T10:00:00","date_gmt":"2021-06-28T13:00:00","guid":{"rendered":"https:\/\/invexo.com.br\/blog\/?p=17460"},"modified":"2023-11-14T10:10:06","modified_gmt":"2023-11-14T13:10:06","slug":"yoga-em-ipanema-rio-de-janeiro","status":"publish","type":"post","link":"https:\/\/invexo.com.br\/blog\/yoga-em-ipanema-rio-de-janeiro\/","title":{"rendered":"Yoga em Ipanema \u2013 Conhe\u00e7a op\u00e7\u00f5es de ioga na Zona Sul do Rio"},"content":{"rendered":"\n<p>Se voc\u00ea quer entender mais sobre a pr\u00e1tica de yoga e seus benef\u00edcios e ainda descobrir quais s\u00e3o os melhores est\u00fadios para ter aulas em Ipanema, est\u00e1 no lugar certo.<\/p>\n\n\n\n<p>A pr\u00e1tica milenar vem ganhando cada vez mais adeptos e os motivos s\u00e3o variados. Diferente do que muitos pensam, yoga n\u00e3o \u00e9 uma religi\u00e3o e n\u00e3o precisa  seguir nenhuma doutrina em especial para se tornar um praticante. Basta querer cuidar do corpo e da mente.<\/p>\n\n\n\n<!--more-->\n\n\n\n<p>A jun\u00e7\u00e3o de posturas, respira\u00e7\u00e3o e concentra\u00e7\u00e3o ajuda a ativar o metabolismo, queimar calorias, acalmar os pensamentos e elevar a autoestima. As t\u00e9cnicas ensinadas nas aulas fazem com que o praticante tenha melhora na sa\u00fade e no condicionamento f\u00edsico.<\/p>\n\n\n\n<p>Al\u00e9m disso, enquanto seu corpo trabalha, a jun\u00e7\u00e3o de posturas com respira\u00e7\u00e3o correta faz o praticante entrar em um estado de medita\u00e7\u00e3o ativa. Isso estimula sua capacidade de concentra\u00e7\u00e3o e melhora a autoestima.<\/p>\n\n\n\n<p>Apesar de ter algumas posturas mais desafiadoras, a yoga atende a todo tipo de p\u00fablico e pode ser praticada por pessoas de todas as idades. Alguns procuram as aulas para relaxar e ter um tempo para esvaziar a mente; outros querem os benef\u00edcios f\u00edsicos que a yoga oferece.<\/p>\n\n\n\n<p>E ainda tem um terceiro grupo, formado por aqueles que querem aproveitar todos os benef\u00edcios poss\u00edveis que a pr\u00e1tica proporciona. Seja qual for sua necessidade, saiba que os benef\u00edcios ap\u00f3s as pr\u00e1ticas s\u00e3o claros, mas \u00e9 sempre importante ter acompanhamento profissional quando for fazer qualquer tipo de atividade f\u00edsica.<\/p>\n\n\n\n<p>\u00c9 mais comum encontrar aulas de yoga em est\u00fadios especializados. Com a crescente procura, no entanto, v\u00e1rias academias est\u00e3o aderindo \u00e0 pr\u00e1tica e contratando professores capacitados na \u00e1rea.<\/p>\n\n\n\n<h2 class=\"wp-block-heading\">Yoga Ipanema Rio<\/h2>\n\n\n\n<p>Ipanema \u00e9 um bairro da Zona Sul carioca muito conhecido por suas praias e belezas naturais. Morar em um local t\u00e3o inspirador e cheio de vida traz o desejo de viver bem, certo? E \u00e9 isso que a pr\u00e1tica de yoga oferece. Bem estar e sa\u00fade f\u00edsica e mental.<\/p>\n\n\n\n<figure class=\"wp-block-image size-full\"><img decoding=\"async\" width=\"1280\" height=\"720\" src=\"https:\/\/invexo.com.br\/blog\/wp-content\/uploads\/2021\/06\/mulher-fazendo-ioga.jpg\" alt=\"mulher fazendo ioga\" class=\"wp-image-17882\" srcset=\"https:\/\/invexo.com.br\/blog\/wp-content\/uploads\/2021\/06\/mulher-fazendo-ioga.jpg 1280w, https:\/\/invexo.com.br\/blog\/wp-content\/uploads\/2021\/06\/mulher-fazendo-ioga-300x169.jpg 300w, https:\/\/invexo.com.br\/blog\/wp-content\/uploads\/2021\/06\/mulher-fazendo-ioga-1024x576.jpg 1024w, https:\/\/invexo.com.br\/blog\/wp-content\/uploads\/2021\/06\/mulher-fazendo-ioga-768x432.jpg 768w, https:\/\/invexo.com.br\/blog\/wp-content\/uploads\/2021\/06\/mulher-fazendo-ioga-940x529.jpg 940w\" sizes=\"(max-width: 1280px) 100vw, 1280px\" \/><\/figure>\n\n\n\n<p>Em Ipanema, \u00e9 f\u00e1cil encontrar est\u00fadios e academias que oferecem aulas de yoga em suas variadas linhagens. Pelo bairro, os amantes de yoga v\u00e3o encontrar desde aulas de vinyasa e hatha yoga at\u00e9 aulas de medita\u00e7\u00e3o e yin yoga. <\/p>\n\n\n\n<p>Sendo voc\u00ea morador ou visitante, vale a pena conhecer as v\u00e1rias op\u00e7\u00f5es espalhadas pelo bairro. N\u00e3o somente com alternativas gratuitas e ao ar livre, mas tamb\u00e9m com forma\u00e7\u00e3o de yoga em ashram, Ipanema tem as melhores op\u00e7\u00f5es para quem quer se entregar \u00e0 pr\u00e1tica.<\/p>\n\n\n\n<p>Oportunidades \u00fanicas de im\u00f3veis em Ipanema! Fa\u00e7a parte do nosso\u00a0<strong><a href=\"https:\/\/whatsapp.com\/channel\/0029VaBTv8v8F2pN1nbKfn0a\">canal exclusivo no WhatsApp<\/a><\/strong>\u00a0e tenha acesso antecipado aos im\u00f3veis \u00e0 venda na regi\u00e3o com a maior demanda do Rio de Janeiro.<\/p>\n\n\n<div class=\"\"><div class='_form_6'><\/div><script type='text\/javascript' src='https:\/\/invexo.activehosted.com\/f\/embed.php?static=0&id=6&69EEDF7D1B9E0&nostyles=0&preview=0'><\/script><\/div>\n\n\n<p><\/p>\n\n\n\n<p>S\u00e3o diversos os lan\u00e7amentos residenciais e im\u00f3veis prontos em Ipanema, tais como o <a href=\"https:\/\/invexo.com.br\/lancamento\/helo-ipanema\/\" target=\"_blank\" rel=\"noreferrer noopener\">Helo Ipanema<\/a>! Com acabamentos de alto padr\u00e3o e infraestrutura completa, Ipanema \u00e9 um dos bairros com os melhores im\u00f3veis de luxo do Rio de Janeiro. Conhe\u00e7a agora mesmo os melhores <a href=\"https:\/\/luxury.invexo.com.br\/bairro\/ipanema\/?utm_source=blog&amp;utm_medium=blocomeio\" target=\"_blank\" rel=\"noreferrer noopener\">im\u00f3veis de luxo \u00e0 venda em Ipanema<\/a>!<\/p>\n\n\n\n<figure class=\"wp-block-image size-full\"><a href=\"https:\/\/luxury.invexo.com.br\/bairro\/ipanema\/?utm_source=blog&amp;utm_medium=blocomeio\" target=\"_blank\" rel=\"noopener\"><img decoding=\"async\" width=\"1300\" height=\"280\" src=\"https:\/\/invexo.com.br\/blog\/wp-content\/uploads\/2022\/08\/imoveis-residenciais-ipanema-rio-de-janeiro-rj-calcadao-de-ipanema.jpg\" alt=\"Im\u00f3veis de luxo \u00e0 venda em Ipanema RJ\" class=\"wp-image-28981\" srcset=\"https:\/\/invexo.com.br\/blog\/wp-content\/uploads\/2022\/08\/imoveis-residenciais-ipanema-rio-de-janeiro-rj-calcadao-de-ipanema.jpg 1300w, https:\/\/invexo.com.br\/blog\/wp-content\/uploads\/2022\/08\/imoveis-residenciais-ipanema-rio-de-janeiro-rj-calcadao-de-ipanema-300x65.jpg 300w, https:\/\/invexo.com.br\/blog\/wp-content\/uploads\/2022\/08\/imoveis-residenciais-ipanema-rio-de-janeiro-rj-calcadao-de-ipanema-1024x221.jpg 1024w, https:\/\/invexo.com.br\/blog\/wp-content\/uploads\/2022\/08\/imoveis-residenciais-ipanema-rio-de-janeiro-rj-calcadao-de-ipanema-768x165.jpg 768w\" sizes=\"(max-width: 1300px) 100vw, 1300px\" \/><\/a><\/figure>\n\n\n\n<h3 class=\"wp-block-heading\">The Museum of Yoga Yoga Ipanema<\/h3>\n\n\n\n<p>Uma das alternativas para conhecer melhor a yoga e come\u00e7ar a praticar em Ipanema \u00e9 o <a href=\"http:\/\/www.themuseumofyoga.com\/\" target=\"_blank\" rel=\"noreferrer noopener\">The Museum of Yoga<\/a>. Trabalhando exclusivamente com yoga desde 2005, o est\u00fadio tem como diferencial a liberdade de escolha de hor\u00e1rio.<\/p>\n\n\n\n<p>Assim, falta de tempo n\u00e3o vai ser mais desculpa, j\u00e1 que o aluno pode fazer as aulas a qualquer momento. Para isso, basta chegar no local entre as 7 e 22 horas, pegar seu tapetinho e aproveitar a pr\u00e1tica. <\/p>\n\n\n\n<p>\u00c9 isso mesmo! \u00c9 s\u00f3 chegar e come\u00e7ar, mesmo sem ter marcado um hor\u00e1rio. N\u00e3o \u00e9 uma iniciativa bacana? S\u00e3o mais de 120 aulas por m\u00eas para todos os n\u00edveis de praticantes. Se, depois disso tudo, sua vontade de fazer yoga aumentou, mas voc\u00ea lembrou que o or\u00e7amento est\u00e1 apertado, n\u00e3o se preocupe.<\/p>\n\n\n\n<p>O The Museum of Yoga trabalha com o programa Work Study em que o praticante troca trabalho por aulas. Funciona da seguinte maneira: estudantes que estejam dispostos a fazer algum trabalho semanal no local, como marketing, servi\u00e7os gerais ou administrativos, por exemplo, trocam horas de servi\u00e7o por horas de aula.<\/p>\n\n\n\n<h3 class=\"wp-block-heading\">Curso de Forma\u00e7\u00e3o em Yoga The Museum of Yoga<\/h3>\n\n\n\n<p>O The Museum of Yoga tamb\u00e9m oferece cursos de forma\u00e7\u00e3o em yoga, no qual \u00e9 poss\u00edvel aprender a teoria e a pr\u00e1tica de todos os tipos de yoga. Nos workshops que acontecem 1 vez por dia, o aluno vai aprender n\u00e3o s\u00f3 os asanas (posturas) e os pranayamas (t\u00e9cnicas de respira\u00e7\u00e3o), como tamb\u00e9m pode entrar no mundo da medita\u00e7\u00e3o e dos relaxamentos guiados.<\/p>\n\n\n\n<p>O curso tem a carga hor\u00e1ria de 20 horas e pode ser feito no melhor hor\u00e1rio pra voc\u00ea, pois as aulas exibidas ao vivo ficam salvas na plataforma. Al\u00e9m disso, os 5 m\u00f3dulos que dividem o curso podem ser feitos na ordem em que desejar.<\/p>\n\n\n\n<figure class=\"wp-block-image size-full\"><img decoding=\"async\" width=\"1280\" height=\"720\" src=\"https:\/\/invexo.com.br\/blog\/wp-content\/uploads\/2021\/06\/aula-de-yoga-em-ipanema.jpg\" alt=\"aula de yoga em ipanema\" class=\"wp-image-17883\" srcset=\"https:\/\/invexo.com.br\/blog\/wp-content\/uploads\/2021\/06\/aula-de-yoga-em-ipanema.jpg 1280w, https:\/\/invexo.com.br\/blog\/wp-content\/uploads\/2021\/06\/aula-de-yoga-em-ipanema-300x169.jpg 300w, https:\/\/invexo.com.br\/blog\/wp-content\/uploads\/2021\/06\/aula-de-yoga-em-ipanema-1024x576.jpg 1024w, https:\/\/invexo.com.br\/blog\/wp-content\/uploads\/2021\/06\/aula-de-yoga-em-ipanema-768x432.jpg 768w, https:\/\/invexo.com.br\/blog\/wp-content\/uploads\/2021\/06\/aula-de-yoga-em-ipanema-940x529.jpg 940w\" sizes=\"(max-width: 1280px) 100vw, 1280px\" \/><\/figure>\n\n\n\n<p>N\u00e3o h\u00e1 pr\u00e9 requisitos para fazer a forma\u00e7\u00e3o. Assim, sendo voc\u00ea praticante, iniciante ou avan\u00e7ado, basta entrar em contato o The Museum of Yoga para maiores esclarecimentos. E o melhor de tudo: ao fim do curso, o aluno j\u00e1 formado poder\u00e1 dar a sua primeira aula no est\u00fadio! Uma \u00f3tima oportunidade para p\u00f4r o aprendizado em pr\u00e1tica, n\u00e3o \u00e9 verdade?<\/p>\n\n\n\n<p>Para quem quiser saber mais, o The Museum of Yoga fica na Rua Joana Ang\u00e9lica, n\u00famero 116, cobertura. O telefone para contato \u00e9 (21) 98291-0211. Lembrando que o est\u00fadio funciona de segunda a sexta-feira, das 07h \u00e0s 22h.<\/p>\n\n\n\n<h3 class=\"wp-block-heading\">Shiva Shankara Yoga <\/h3>\n\n\n\n<p>Quem quiser ir al\u00e9m da parte f\u00edsica das pr\u00e1ticas de yoga e se aprofundar na cultura e nas tradi\u00e7\u00f5es, vai encontrar tudo isso no <a href=\"http:\/\/shivashankara.net\/\" target=\"_blank\" rel=\"noreferrer noopener\">Shiva Shankara<\/a>, em Ipanema. O local funciona desde 2003 e entrega aos os alunos uma experi\u00eancia completa com o yoga desde ent\u00e3o.<\/p>\n\n\n\n<p>Atrav\u00e9s da pr\u00e1tica de \u00e1sanas, aulas de vedanta, medita\u00e7\u00e3o, orienta\u00e7\u00e3o alimentar, das palavras dos mestres e de celebra\u00e7\u00f5es do Hindu\u00edsmo, o est\u00fadio proporciona uma experi\u00eancia mais profunda com a pr\u00e1tica milenar.<\/p>\n\n\n\n<p>As aulas presenciais de ashtanga vinyasa yoga e hatha yoga acontecem no est\u00fadio que funciona de segunda a sexta, das 06h \u00e0s 20h. O local tamb\u00e9m oferece certifica\u00e7\u00e3o de curso de forma\u00e7\u00e3o em yoga, que acontece no Shiva Shankara Yoga Ashram, em Teres\u00f3polis, no Rio de Janeiro.<\/p>\n\n\n\n<p>Estudar em um ashram tem uma import\u00e2ncia especial, j\u00e1 que o local cercado por natureza ajuda a aprofundar n\u00e3o s\u00f3 as pr\u00e1ticas f\u00edsicas como tamb\u00e9m as espirituais. No local, os alunos s\u00e3o orientados diariamente e, assim, acabam desenvolvendo um relacionamento mais pr\u00f3ximo com os professores.<\/p>\n\n\n\n<p>Al\u00e9m disso, retiros de yoga s\u00e3o organizados pelo est\u00fadio. S\u00e3o experi\u00eancias em que \u00e9 poss\u00edvel se conectar e vivenciar todas as \u00e1reas exploradas pela pr\u00e1tica do Yoga. Filosofia, Mantras, \u00c1sana, Pranayama e medita\u00e7\u00e3o fazem parte da rotina nos retiros.<\/p>\n\n\n\n<p>Para conhecer melhor o est\u00fadio Shiva Shankara, basta ir at\u00e9 a <a href=\"https:\/\/invexo.com.br\/rua-visconde-de-piraja-ipanema-rio-de-janeiro-rj\/\" target=\"_blank\" rel=\"noreferrer noopener\">Rua Visconde de Piraj\u00e1<\/a>, n\u00famero 111, sala 320, em Ipanema. O telefone para contato \u00e9 o (21) 97033-2211.<\/p>\n\n\n\n<h2 class=\"wp-block-heading\">Yoga Ipanema Rio de Janeiro<\/h2>\n\n\n\n<p>Que tal praticar yoga em frente ao mar, apreciando a paisagem e sentindo a brisa no rosto? Pois em Ipanema existe um projeto chamado &#8220;Yoga na Praia&#8221;. A\u00a0Praia de Ipanema\u00a0recebe, a cada 15 dias, aulas de yoga gratuitas e acess\u00edveis a todos. Sempre aos domingos, a pr\u00e1tica come\u00e7a \u00e0s 09h e dura cerca de 1 hora.<\/p>\n\n\n\n<figure class=\"wp-block-image size-full\"><img decoding=\"async\" width=\"1280\" height=\"720\" src=\"https:\/\/invexo.com.br\/blog\/wp-content\/uploads\/2021\/06\/ioga-na-praia-rj.jpg\" alt=\"ioga na praia rj\" class=\"wp-image-17884\" srcset=\"https:\/\/invexo.com.br\/blog\/wp-content\/uploads\/2021\/06\/ioga-na-praia-rj.jpg 1280w, https:\/\/invexo.com.br\/blog\/wp-content\/uploads\/2021\/06\/ioga-na-praia-rj-300x169.jpg 300w, https:\/\/invexo.com.br\/blog\/wp-content\/uploads\/2021\/06\/ioga-na-praia-rj-1024x576.jpg 1024w, https:\/\/invexo.com.br\/blog\/wp-content\/uploads\/2021\/06\/ioga-na-praia-rj-768x432.jpg 768w, https:\/\/invexo.com.br\/blog\/wp-content\/uploads\/2021\/06\/ioga-na-praia-rj-940x529.jpg 940w\" sizes=\"(max-width: 1280px) 100vw, 1280px\" \/><\/figure>\n\n\n\n<p>Se quiser participar, \u00e9 s\u00f3 chegar e aproveitar as aulas \u2014 sem a necessidade de inscri\u00e7\u00e3o. O instrutor\u00a0Idalo Spatz, do espa\u00e7o 88yoga88, \u00e9 o organizador dessa ideia que  acontece h\u00e1 cerca de 5 anos. A cada domingo, um professor diferente de\u00a0Hatha Yoga \u00e9\u00a0convidado para ensinar posturas, t\u00e9cnicas de respira\u00e7\u00e3o, relaxamento e\u00a0medita\u00e7\u00e3o.<\/p>\n\n\n\n<p>As reuni\u00f5es quinzenais acontecem no\u00a0<a href=\"https:\/\/invexo.com.br\/blog\/posto-8-ipanema\/\" target=\"_blank\" rel=\"noreferrer noopener\">Posto 8<\/a> da <a href=\"https:\/\/invexo.com.br\/blog\/web-stories\/praia-de-ipanema\/\" target=\"_blank\" rel=\"noreferrer noopener\">Praia de Ipanema<\/a>,\u00a0em frente \u00e0\u00a0<a href=\"https:\/\/invexo.com.br\/blog\/casa-de-cultura-laura-alvim\/\" target=\"_blank\" rel=\"noreferrer noopener\">Casa de Cultura Laura Alvim<\/a>. Ent\u00e3o, se voc\u00ea \u00e9 morador do bairro ou est\u00e1 apenas de passagem, pode aproveitar esta oportunidade perfeita para conectar corpo e mente.<\/p>\n\n\n\n<p>Como voc\u00ea viu, a yoga se tornou uma pr\u00e1tica acess\u00edvel e pode ser feita por qualquer pessoa. Atualmente, podemos encontrar grupos espec\u00edficos para crian\u00e7as, idosos, gestantes ou grupos mistos, onde todos s\u00e3o bem-vindos \u2014 do iniciante ao avan\u00e7ado.<\/p>\n\n\n\n<p>O importante \u00e9 que, acima de tudo, o praticante procure orienta\u00e7\u00e3o de profissionais especializados e tenha a libera\u00e7\u00e3o m\u00e9dica para a pr\u00e1tica de atividades f\u00edsicas. Ent\u00e3o, se voc\u00ea est\u00e1 perto de Ipanema e tem interesse em praticar yoga, basta procurar um dos est\u00fadios ou academias instaladas na \u00e1rea. Existe todo tipo de aula na regi\u00e3o e, sem d\u00favida, uma delas vai ser perfeita para voc\u00ea!<\/p>\n\n\n\n<div class=\"wp-block-group\"><div class=\"wp-block-group__inner-container is-layout-flow wp-block-group-is-layout-flow\">\n<p>Oportunidades \u00fanicas de im\u00f3veis em Ipanema! Fa\u00e7a parte do nosso&nbsp;<strong><a href=\"https:\/\/whatsapp.com\/channel\/0029VaBTv8v8F2pN1nbKfn0a\">canal exclusivo no WhatsApp<\/a><\/strong>&nbsp;e tenha acesso antecipado aos im\u00f3veis \u00e0 venda na regi\u00e3o com a maior demanda do Rio de Janeiro.<\/p>\n\n\n<div class=\"\"><div class='_form_6'><\/div><script type='text\/javascript' src='https:\/\/invexo.activehosted.com\/f\/embed.php?static=0&id=6&69EEDF7D1BA05&nostyles=0&preview=0'><\/script><\/div>\n\n\n<p><\/p>\n\n\n\n<p>Ipanema, localizada na Zona Sul carioca, \u00e9 um dos melhores e mais nobres bairros para se viver no Rio de Janeiro. Conhe\u00e7a hoje mesmo os <a href=\"https:\/\/luxury.invexo.com.br\/bairro\/ipanema\/?utm_source=blog&amp;utm_medium=blocofim\" target=\"_blank\" rel=\"noreferrer noopener\">im\u00f3veis residenciais de luxo em Ipanema<\/a> com a INVEXO, imobili\u00e1ria especializada em im\u00f3veis de luxo no Rio de Janeiro.<\/p>\n\n\n\n<figure class=\"wp-block-image size-full\"><a href=\"https:\/\/luxury.invexo.com.br\/bairro\/ipanema\/?utm_source=blog&amp;utm_medium=blocofim\" target=\"_blank\" rel=\"noopener\"><img decoding=\"async\" width=\"1300\" height=\"280\" src=\"https:\/\/invexo.com.br\/blog\/wp-content\/uploads\/2022\/08\/imoveis-residenciais-ipanema-rio-de-janeiro-rj-calcadao-de-ipanema.jpg\" alt=\"Im\u00f3veis de luxo \u00e0 venda em Ipanema RJ\" class=\"wp-image-28981\" srcset=\"https:\/\/invexo.com.br\/blog\/wp-content\/uploads\/2022\/08\/imoveis-residenciais-ipanema-rio-de-janeiro-rj-calcadao-de-ipanema.jpg 1300w, https:\/\/invexo.com.br\/blog\/wp-content\/uploads\/2022\/08\/imoveis-residenciais-ipanema-rio-de-janeiro-rj-calcadao-de-ipanema-300x65.jpg 300w, https:\/\/invexo.com.br\/blog\/wp-content\/uploads\/2022\/08\/imoveis-residenciais-ipanema-rio-de-janeiro-rj-calcadao-de-ipanema-1024x221.jpg 1024w, https:\/\/invexo.com.br\/blog\/wp-content\/uploads\/2022\/08\/imoveis-residenciais-ipanema-rio-de-janeiro-rj-calcadao-de-ipanema-768x165.jpg 768w\" sizes=\"(max-width: 1300px) 100vw, 1300px\" \/><\/a><\/figure>\n<\/div><\/div>\n","protected":false},"excerpt":{"rendered":"<p>Se voc\u00ea quer entender mais sobre a pr\u00e1tica de yoga e seus benef\u00edcios e ainda descobrir quais s\u00e3o os melhores est\u00fadios para ter aulas em Ipanema, est\u00e1 no lugar certo. A pr\u00e1tica milenar vem ganhando cada vez mais adeptos e os motivos s\u00e3o variados. Diferente do que muitos pensam, yoga n\u00e3o \u00e9 uma religi\u00e3o e&#8230;<\/p>\n","protected":false},"author":2,"featured_media":17881,"comment_status":"closed","ping_status":"closed","sticky":false,"template":"","format":"standard","meta":{"_acf_changed":false,"_kad_blocks_custom_css":"","_kad_blocks_head_custom_js":"","_kad_blocks_body_custom_js":"","_kad_blocks_footer_custom_js":"","_kadence_starter_templates_imported_post":false,"_kad_post_transparent":"","_kad_post_title":"","_kad_post_layout":"","_kad_post_sidebar_id":"","_kad_post_content_style":"","_kad_post_vertical_padding":"","_kad_post_feature":"","_kad_post_feature_position":"","_kad_post_header":false,"_kad_post_footer":false,"footnotes":""},"categories":[10,15],"tags":[635],"acf":[],"yoast_head":"<!-- This site is optimized with the Yoast SEO plugin v24.1 - https:\/\/yoast.com\/wordpress\/plugins\/seo\/ -->\n<title>Yoga em Ipanema RJ \u2013 Melhores est\u00fadios na Zona Sul<\/title>\n<meta name=\"description\" content=\"Conhe\u00e7a interessantes op\u00e7\u00f5es para a pr\u00e1tica de yoga em Ipanema, em um dos pontos centrais da Zona Sul do Rio. Acompanhe e confira!\" \/>\n<meta name=\"robots\" content=\"index, follow, max-snippet:-1, max-image-preview:large, max-video-preview:-1\" \/>\n<link rel=\"canonical\" href=\"https:\/\/invexo.com.br\/blog\/yoga-em-ipanema-rio-de-janeiro\/\" \/>\n<meta property=\"og:locale\" content=\"pt_BR\" \/>\n<meta property=\"og:type\" content=\"article\" \/>\n<meta property=\"og:title\" content=\"Yoga em Ipanema RJ \u2013 Melhores est\u00fadios na Zona Sul\" \/>\n<meta property=\"og:description\" content=\"Conhe\u00e7a interessantes op\u00e7\u00f5es para a pr\u00e1tica de yoga em Ipanema, em um dos pontos centrais da Zona Sul do Rio. Acompanhe e confira!\" \/>\n<meta property=\"og:url\" content=\"https:\/\/invexo.com.br\/blog\/yoga-em-ipanema-rio-de-janeiro\/\" \/>\n<meta property=\"og:site_name\" content=\"Not\u00edcias RJ\" \/>\n<meta property=\"article:publisher\" content=\"https:\/\/facebook.com\/invexo\" \/>\n<meta property=\"article:author\" content=\"https:\/\/facebook.com\/invexo\" \/>\n<meta property=\"article:published_time\" content=\"2021-06-28T13:00:00+00:00\" \/>\n<meta property=\"article:modified_time\" content=\"2023-11-14T13:10:06+00:00\" \/>\n<meta property=\"og:image\" content=\"https:\/\/invexo.com.br\/blog\/wp-content\/uploads\/2021\/06\/Yoga-em-Ipanema.jpg\" \/>\n\t<meta property=\"og:image:width\" content=\"1280\" \/>\n\t<meta property=\"og:image:height\" content=\"720\" \/>\n\t<meta property=\"og:image:type\" content=\"image\/jpeg\" \/>\n<meta name=\"author\" content=\"Ronnie Possatti\" \/>\n<meta name=\"twitter:card\" content=\"summary_large_image\" \/>\n<meta name=\"twitter:creator\" content=\"@https:\/\/twitter.com\/invexoimoveis\" \/>\n<meta name=\"twitter:site\" content=\"@invexoimoveis\" \/>\n<meta name=\"twitter:label1\" content=\"Escrito por\" \/>\n\t<meta name=\"twitter:data1\" content=\"Ronnie Possatti\" \/>\n\t<meta name=\"twitter:label2\" content=\"Est. tempo de leitura\" \/>\n\t<meta name=\"twitter:data2\" content=\"8 minutos\" \/>\n<script type=\"application\/ld+json\" class=\"yoast-schema-graph\">{\"@context\":\"https:\/\/schema.org\",\"@graph\":[{\"@type\":\"Article\",\"@id\":\"https:\/\/invexo.com.br\/blog\/yoga-em-ipanema-rio-de-janeiro\/#article\",\"isPartOf\":{\"@id\":\"https:\/\/invexo.com.br\/blog\/yoga-em-ipanema-rio-de-janeiro\/\"},\"author\":{\"name\":\"Ronnie Possatti\",\"@id\":\"https:\/\/invexo.com.br\/blog\/#\/schema\/person\/36bee32f1cfacde03dc4c9622a58778d\"},\"headline\":\"Yoga em Ipanema \u2013 Conhe\u00e7a op\u00e7\u00f5es de ioga na Zona Sul do Rio\",\"datePublished\":\"2021-06-28T13:00:00+00:00\",\"dateModified\":\"2023-11-14T13:10:06+00:00\",\"mainEntityOfPage\":{\"@id\":\"https:\/\/invexo.com.br\/blog\/yoga-em-ipanema-rio-de-janeiro\/\"},\"wordCount\":1432,\"publisher\":{\"@id\":\"https:\/\/invexo.com.br\/blog\/#organization\"},\"image\":{\"@id\":\"https:\/\/invexo.com.br\/blog\/yoga-em-ipanema-rio-de-janeiro\/#primaryimage\"},\"thumbnailUrl\":\"https:\/\/invexo.com.br\/blog\/wp-content\/uploads\/2021\/06\/Yoga-em-Ipanema.jpg\",\"keywords\":[\"Ipanema\"],\"articleSection\":[\"Bairros\",\"Informa\u00e7\u00f5es\"],\"inLanguage\":\"pt-BR\"},{\"@type\":\"WebPage\",\"@id\":\"https:\/\/invexo.com.br\/blog\/yoga-em-ipanema-rio-de-janeiro\/\",\"url\":\"https:\/\/invexo.com.br\/blog\/yoga-em-ipanema-rio-de-janeiro\/\",\"name\":\"Yoga em Ipanema RJ \u2013 Melhores est\u00fadios na Zona Sul\",\"isPartOf\":{\"@id\":\"https:\/\/invexo.com.br\/blog\/#website\"},\"primaryImageOfPage\":{\"@id\":\"https:\/\/invexo.com.br\/blog\/yoga-em-ipanema-rio-de-janeiro\/#primaryimage\"},\"image\":{\"@id\":\"https:\/\/invexo.com.br\/blog\/yoga-em-ipanema-rio-de-janeiro\/#primaryimage\"},\"thumbnailUrl\":\"https:\/\/invexo.com.br\/blog\/wp-content\/uploads\/2021\/06\/Yoga-em-Ipanema.jpg\",\"datePublished\":\"2021-06-28T13:00:00+00:00\",\"dateModified\":\"2023-11-14T13:10:06+00:00\",\"description\":\"Conhe\u00e7a interessantes op\u00e7\u00f5es para a pr\u00e1tica de yoga em Ipanema, em um dos pontos centrais da Zona Sul do Rio. Acompanhe e confira!\",\"breadcrumb\":{\"@id\":\"https:\/\/invexo.com.br\/blog\/yoga-em-ipanema-rio-de-janeiro\/#breadcrumb\"},\"inLanguage\":\"pt-BR\",\"potentialAction\":[{\"@type\":\"ReadAction\",\"target\":[\"https:\/\/invexo.com.br\/blog\/yoga-em-ipanema-rio-de-janeiro\/\"]}]},{\"@type\":\"ImageObject\",\"inLanguage\":\"pt-BR\",\"@id\":\"https:\/\/invexo.com.br\/blog\/yoga-em-ipanema-rio-de-janeiro\/#primaryimage\",\"url\":\"https:\/\/invexo.com.br\/blog\/wp-content\/uploads\/2021\/06\/Yoga-em-Ipanema.jpg\",\"contentUrl\":\"https:\/\/invexo.com.br\/blog\/wp-content\/uploads\/2021\/06\/Yoga-em-Ipanema.jpg\",\"width\":1280,\"height\":720,\"caption\":\"Yoga em Ipanema\"},{\"@type\":\"BreadcrumbList\",\"@id\":\"https:\/\/invexo.com.br\/blog\/yoga-em-ipanema-rio-de-janeiro\/#breadcrumb\",\"itemListElement\":[{\"@type\":\"ListItem\",\"position\":1,\"name\":\"Blog\",\"item\":\"https:\/\/invexo.com.br\/blog\/\"},{\"@type\":\"ListItem\",\"position\":2,\"name\":\"Bairros\",\"item\":\"https:\/\/invexo.com.br\/blog\/categoria\/bairros\/\"},{\"@type\":\"ListItem\",\"position\":3,\"name\":\"Yoga em Ipanema \u2013 Conhe\u00e7a op\u00e7\u00f5es de ioga na Zona Sul do Rio\"}]},{\"@type\":\"WebSite\",\"@id\":\"https:\/\/invexo.com.br\/blog\/#website\",\"url\":\"https:\/\/invexo.com.br\/blog\/\",\"name\":\"Not\u00edcias RJ\",\"description\":\"Not\u00edcias sobre im\u00f3veis, financiamento, mercado imobili\u00e1rio do Rio de Janeiro. Informa\u00e7\u00f5es sobre Bairros, Condom\u00ednios e Regi\u00e3o do Rio de Janeiro.\",\"publisher\":{\"@id\":\"https:\/\/invexo.com.br\/blog\/#organization\"},\"potentialAction\":[{\"@type\":\"SearchAction\",\"target\":{\"@type\":\"EntryPoint\",\"urlTemplate\":\"https:\/\/invexo.com.br\/blog\/?s={search_term_string}\"},\"query-input\":{\"@type\":\"PropertyValueSpecification\",\"valueRequired\":true,\"valueName\":\"search_term_string\"}}],\"inLanguage\":\"pt-BR\"},{\"@type\":\"Organization\",\"@id\":\"https:\/\/invexo.com.br\/blog\/#organization\",\"name\":\"INVEXO Imobili\u00e1ria\",\"url\":\"https:\/\/invexo.com.br\/blog\/\",\"logo\":{\"@type\":\"ImageObject\",\"inLanguage\":\"pt-BR\",\"@id\":\"https:\/\/invexo.com.br\/blog\/#\/schema\/logo\/image\/\",\"url\":\"https:\/\/invexo.com.br\/blog\/wp-content\/uploads\/2018\/09\/invexo-80-melhor.png\",\"contentUrl\":\"https:\/\/invexo.com.br\/blog\/wp-content\/uploads\/2018\/09\/invexo-80-melhor.png\",\"width\":247,\"height\":80,\"caption\":\"INVEXO Imobili\u00e1ria\"},\"image\":{\"@id\":\"https:\/\/invexo.com.br\/blog\/#\/schema\/logo\/image\/\"},\"sameAs\":[\"https:\/\/facebook.com\/invexo\",\"https:\/\/x.com\/invexoimoveis\"]},{\"@type\":\"Person\",\"@id\":\"https:\/\/invexo.com.br\/blog\/#\/schema\/person\/36bee32f1cfacde03dc4c9622a58778d\",\"name\":\"Ronnie Possatti\",\"image\":{\"@type\":\"ImageObject\",\"inLanguage\":\"pt-BR\",\"@id\":\"https:\/\/invexo.com.br\/blog\/#\/schema\/person\/image\/\",\"url\":\"https:\/\/secure.gravatar.com\/avatar\/51a6cdcc215551235c39affb853f1e38?s=96&d=blank&r=g\",\"contentUrl\":\"https:\/\/secure.gravatar.com\/avatar\/51a6cdcc215551235c39affb853f1e38?s=96&d=blank&r=g\",\"caption\":\"Ronnie Possatti\"},\"description\":\"Equipe de especialistas que traz para seus leitores conte\u00fados relevantes e de qualidade sobre bairros, condom\u00ednios, lan\u00e7amentos e not\u00edcias imobili\u00e1rias no Rio de Janeiro.\",\"sameAs\":[\"https:\/\/facebook.com\/invexo\",\"https:\/\/instagram.com\/invexo\",\"https:\/\/x.com\/https:\/\/twitter.com\/invexoimoveis\"],\"url\":\"https:\/\/invexo.com.br\/blog\/author\/invexo\/\"}]}<\/script>\n<!-- \/ Yoast SEO plugin. -->","yoast_head_json":{"title":"Yoga em Ipanema RJ \u2013 Melhores est\u00fadios na Zona Sul","description":"Conhe\u00e7a interessantes op\u00e7\u00f5es para a pr\u00e1tica de yoga em Ipanema, em um dos pontos centrais da Zona Sul do Rio. Acompanhe e confira!","robots":{"index":"index","follow":"follow","max-snippet":"max-snippet:-1","max-image-preview":"max-image-preview:large","max-video-preview":"max-video-preview:-1"},"canonical":"https:\/\/invexo.com.br\/blog\/yoga-em-ipanema-rio-de-janeiro\/","og_locale":"pt_BR","og_type":"article","og_title":"Yoga em Ipanema RJ \u2013 Melhores est\u00fadios na Zona Sul","og_description":"Conhe\u00e7a interessantes op\u00e7\u00f5es para a pr\u00e1tica de yoga em Ipanema, em um dos pontos centrais da Zona Sul do Rio. Acompanhe e confira!","og_url":"https:\/\/invexo.com.br\/blog\/yoga-em-ipanema-rio-de-janeiro\/","og_site_name":"Not\u00edcias RJ","article_publisher":"https:\/\/facebook.com\/invexo","article_author":"https:\/\/facebook.com\/invexo","article_published_time":"2021-06-28T13:00:00+00:00","article_modified_time":"2023-11-14T13:10:06+00:00","og_image":[{"width":1280,"height":720,"url":"https:\/\/invexo.com.br\/blog\/wp-content\/uploads\/2021\/06\/Yoga-em-Ipanema.jpg","type":"image\/jpeg"}],"author":"Ronnie Possatti","twitter_card":"summary_large_image","twitter_creator":"@https:\/\/twitter.com\/invexoimoveis","twitter_site":"@invexoimoveis","twitter_misc":{"Escrito por":"Ronnie Possatti","Est. tempo de leitura":"8 minutos"},"schema":{"@context":"https:\/\/schema.org","@graph":[{"@type":"Article","@id":"https:\/\/invexo.com.br\/blog\/yoga-em-ipanema-rio-de-janeiro\/#article","isPartOf":{"@id":"https:\/\/invexo.com.br\/blog\/yoga-em-ipanema-rio-de-janeiro\/"},"author":{"name":"Ronnie Possatti","@id":"https:\/\/invexo.com.br\/blog\/#\/schema\/person\/36bee32f1cfacde03dc4c9622a58778d"},"headline":"Yoga em Ipanema \u2013 Conhe\u00e7a op\u00e7\u00f5es de ioga na Zona Sul do Rio","datePublished":"2021-06-28T13:00:00+00:00","dateModified":"2023-11-14T13:10:06+00:00","mainEntityOfPage":{"@id":"https:\/\/invexo.com.br\/blog\/yoga-em-ipanema-rio-de-janeiro\/"},"wordCount":1432,"publisher":{"@id":"https:\/\/invexo.com.br\/blog\/#organization"},"image":{"@id":"https:\/\/invexo.com.br\/blog\/yoga-em-ipanema-rio-de-janeiro\/#primaryimage"},"thumbnailUrl":"https:\/\/invexo.com.br\/blog\/wp-content\/uploads\/2021\/06\/Yoga-em-Ipanema.jpg","keywords":["Ipanema"],"articleSection":["Bairros","Informa\u00e7\u00f5es"],"inLanguage":"pt-BR"},{"@type":"WebPage","@id":"https:\/\/invexo.com.br\/blog\/yoga-em-ipanema-rio-de-janeiro\/","url":"https:\/\/invexo.com.br\/blog\/yoga-em-ipanema-rio-de-janeiro\/","name":"Yoga em Ipanema RJ \u2013 Melhores est\u00fadios na Zona Sul","isPartOf":{"@id":"https:\/\/invexo.com.br\/blog\/#website"},"primaryImageOfPage":{"@id":"https:\/\/invexo.com.br\/blog\/yoga-em-ipanema-rio-de-janeiro\/#primaryimage"},"image":{"@id":"https:\/\/invexo.com.br\/blog\/yoga-em-ipanema-rio-de-janeiro\/#primaryimage"},"thumbnailUrl":"https:\/\/invexo.com.br\/blog\/wp-content\/uploads\/2021\/06\/Yoga-em-Ipanema.jpg","datePublished":"2021-06-28T13:00:00+00:00","dateModified":"2023-11-14T13:10:06+00:00","description":"Conhe\u00e7a interessantes op\u00e7\u00f5es para a pr\u00e1tica de yoga em Ipanema, em um dos pontos centrais da Zona Sul do Rio. Acompanhe e confira!","breadcrumb":{"@id":"https:\/\/invexo.com.br\/blog\/yoga-em-ipanema-rio-de-janeiro\/#breadcrumb"},"inLanguage":"pt-BR","potentialAction":[{"@type":"ReadAction","target":["https:\/\/invexo.com.br\/blog\/yoga-em-ipanema-rio-de-janeiro\/"]}]},{"@type":"ImageObject","inLanguage":"pt-BR","@id":"https:\/\/invexo.com.br\/blog\/yoga-em-ipanema-rio-de-janeiro\/#primaryimage","url":"https:\/\/invexo.com.br\/blog\/wp-content\/uploads\/2021\/06\/Yoga-em-Ipanema.jpg","contentUrl":"https:\/\/invexo.com.br\/blog\/wp-content\/uploads\/2021\/06\/Yoga-em-Ipanema.jpg","width":1280,"height":720,"caption":"Yoga em Ipanema"},{"@type":"BreadcrumbList","@id":"https:\/\/invexo.com.br\/blog\/yoga-em-ipanema-rio-de-janeiro\/#breadcrumb","itemListElement":[{"@type":"ListItem","position":1,"name":"Blog","item":"https:\/\/invexo.com.br\/blog\/"},{"@type":"ListItem","position":2,"name":"Bairros","item":"https:\/\/invexo.com.br\/blog\/categoria\/bairros\/"},{"@type":"ListItem","position":3,"name":"Yoga em Ipanema \u2013 Conhe\u00e7a op\u00e7\u00f5es de ioga na Zona Sul do Rio"}]},{"@type":"WebSite","@id":"https:\/\/invexo.com.br\/blog\/#website","url":"https:\/\/invexo.com.br\/blog\/","name":"Not\u00edcias RJ","description":"Not\u00edcias sobre im\u00f3veis, financiamento, mercado imobili\u00e1rio do Rio de Janeiro. Informa\u00e7\u00f5es sobre Bairros, Condom\u00ednios e Regi\u00e3o do Rio de Janeiro.","publisher":{"@id":"https:\/\/invexo.com.br\/blog\/#organization"},"potentialAction":[{"@type":"SearchAction","target":{"@type":"EntryPoint","urlTemplate":"https:\/\/invexo.com.br\/blog\/?s={search_term_string}"},"query-input":{"@type":"PropertyValueSpecification","valueRequired":true,"valueName":"search_term_string"}}],"inLanguage":"pt-BR"},{"@type":"Organization","@id":"https:\/\/invexo.com.br\/blog\/#organization","name":"INVEXO Imobili\u00e1ria","url":"https:\/\/invexo.com.br\/blog\/","logo":{"@type":"ImageObject","inLanguage":"pt-BR","@id":"https:\/\/invexo.com.br\/blog\/#\/schema\/logo\/image\/","url":"https:\/\/invexo.com.br\/blog\/wp-content\/uploads\/2018\/09\/invexo-80-melhor.png","contentUrl":"https:\/\/invexo.com.br\/blog\/wp-content\/uploads\/2018\/09\/invexo-80-melhor.png","width":247,"height":80,"caption":"INVEXO Imobili\u00e1ria"},"image":{"@id":"https:\/\/invexo.com.br\/blog\/#\/schema\/logo\/image\/"},"sameAs":["https:\/\/facebook.com\/invexo","https:\/\/x.com\/invexoimoveis"]},{"@type":"Person","@id":"https:\/\/invexo.com.br\/blog\/#\/schema\/person\/36bee32f1cfacde03dc4c9622a58778d","name":"Ronnie Possatti","image":{"@type":"ImageObject","inLanguage":"pt-BR","@id":"https:\/\/invexo.com.br\/blog\/#\/schema\/person\/image\/","url":"https:\/\/secure.gravatar.com\/avatar\/51a6cdcc215551235c39affb853f1e38?s=96&d=blank&r=g","contentUrl":"https:\/\/secure.gravatar.com\/avatar\/51a6cdcc215551235c39affb853f1e38?s=96&d=blank&r=g","caption":"Ronnie Possatti"},"description":"Equipe de especialistas que traz para seus leitores conte\u00fados relevantes e de qualidade sobre bairros, condom\u00ednios, lan\u00e7amentos e not\u00edcias imobili\u00e1rias no Rio de Janeiro.","sameAs":["https:\/\/facebook.com\/invexo","https:\/\/instagram.com\/invexo","https:\/\/x.com\/https:\/\/twitter.com\/invexoimoveis"],"url":"https:\/\/invexo.com.br\/blog\/author\/invexo\/"}]}},"taxonomy_info":{"category":[{"value":10,"label":"Bairros"},{"value":15,"label":"Informa\u00e7\u00f5es"}],"post_tag":[{"value":635,"label":"Ipanema"}]},"featured_image_src_large":["https:\/\/invexo.com.br\/blog\/wp-content\/uploads\/2021\/06\/Yoga-em-Ipanema-1024x576.jpg",1024,576,true],"author_info":{"display_name":"Ronnie Possatti","author_link":"https:\/\/invexo.com.br\/blog\/author\/invexo\/"},"comment_info":0,"category_info":[{"term_id":10,"name":"Bairros","slug":"bairros","term_group":0,"term_taxonomy_id":10,"taxonomy":"category","description":"Not\u00edcias sobre estabelecimentos nos melhores bairros para se morar no Rio de Janeiro.","parent":0,"count":1354,"filter":"raw","cat_ID":10,"category_count":1354,"category_description":"Not\u00edcias sobre estabelecimentos nos melhores bairros para se morar no Rio de Janeiro.","cat_name":"Bairros","category_nicename":"bairros","category_parent":0},{"term_id":15,"name":"Informa\u00e7\u00f5es","slug":"informacoes","term_group":0,"term_taxonomy_id":15,"taxonomy":"category","description":"Informa\u00e7\u00f5es, experi\u00eancia nos melhores estabelecimentos em bairros nobres para se viver no Rio de Janeiro. Tudo sobre cultura, entretenimento e lazer.","parent":0,"count":1297,"filter":"raw","cat_ID":15,"category_count":1297,"category_description":"Informa\u00e7\u00f5es, experi\u00eancia nos melhores estabelecimentos em bairros nobres para se viver no Rio de Janeiro. Tudo sobre cultura, entretenimento e lazer.","cat_name":"Informa\u00e7\u00f5es","category_nicename":"informacoes","category_parent":0}],"tag_info":[{"term_id":635,"name":"Ipanema","slug":"ipanema","term_group":0,"term_taxonomy_id":635,"taxonomy":"post_tag","description":"","parent":0,"count":359,"filter":"raw"}],"_links":{"self":[{"href":"https:\/\/invexo.com.br\/blog\/wp-json\/wp\/v2\/posts\/17460"}],"collection":[{"href":"https:\/\/invexo.com.br\/blog\/wp-json\/wp\/v2\/posts"}],"about":[{"href":"https:\/\/invexo.com.br\/blog\/wp-json\/wp\/v2\/types\/post"}],"author":[{"embeddable":true,"href":"https:\/\/invexo.com.br\/blog\/wp-json\/wp\/v2\/users\/2"}],"replies":[{"embeddable":true,"href":"https:\/\/invexo.com.br\/blog\/wp-json\/wp\/v2\/comments?post=17460"}],"version-history":[{"count":4,"href":"https:\/\/invexo.com.br\/blog\/wp-json\/wp\/v2\/posts\/17460\/revisions"}],"predecessor-version":[{"id":42410,"href":"https:\/\/invexo.com.br\/blog\/wp-json\/wp\/v2\/posts\/17460\/revisions\/42410"}],"wp:featuredmedia":[{"embeddable":true,"href":"https:\/\/invexo.com.br\/blog\/wp-json\/wp\/v2\/media\/17881"}],"wp:attachment":[{"href":"https:\/\/invexo.com.br\/blog\/wp-json\/wp\/v2\/media?parent=17460"}],"wp:term":[{"taxonomy":"category","embeddable":true,"href":"https:\/\/invexo.com.br\/blog\/wp-json\/wp\/v2\/categories?post=17460"},{"taxonomy":"post_tag","embeddable":true,"href":"https:\/\/invexo.com.br\/blog\/wp-json\/wp\/v2\/tags?post=17460"}],"curies":[{"name":"wp","href":"https:\/\/api.w.org\/{rel}","templated":true}]}}