{"id":16631,"date":"2021-06-08T06:35:00","date_gmt":"2021-06-08T09:35:00","guid":{"rendered":"https:\/\/invexo.com.br\/blog\/?p=16631"},"modified":"2022-06-28T21:38:57","modified_gmt":"2022-06-29T00:38:57","slug":"feira-livre-no-leblon","status":"publish","type":"post","link":"https:\/\/invexo.com.br\/blog\/feira-livre-no-leblon\/","title":{"rendered":"Feira Livre no Leblon"},"content":{"rendered":"\n<p>Ir \u00e0 <strong>feira livre no Leblon<\/strong> tamb\u00e9m pode ser um passeio divertido, repleto de cores, sabores e produtos frescos de alta qualidade.<\/p>\n\n\n\n<p>Uma das manifesta\u00e7\u00f5es culturais mais tradicionais da humanidade e um importante espa\u00e7o de comercializa\u00e7\u00e3o dos produtos da agricultura familiar, as feiras v\u00e3o muito al\u00e9m disso. Isso porque tamb\u00e9m podem ser consideradas como um espa\u00e7o de socializa\u00e7\u00e3o e identidade regional.<\/p>\n\n\n\n<!--more-->\n\n\n\n<p>Existem clientes de todo tipo. H\u00e1 aqueles, por exemplo, que gostam de ir \u00e0 feira livre para observar o movimento. Enquanto isso, outros adoram a experi\u00eancia de pechinchar ou procurar por algo espec\u00edfico.<\/p>\n\n\n\n<p>Tamb\u00e9m \u00e9 bastante comum ver a clientela criando la\u00e7os de afetividade que rompem a rela\u00e7\u00e3o entre comerciante e fregu\u00eas. Isso sustenta, em grande medida, a tradi\u00e7\u00e3o de ir \u00e0 feira semanalmente.<\/p>\n\n\n\n<p>Al\u00e9m desses, h\u00e1 tamb\u00e9m aqueles que v\u00e3o apenas para comer um delicioso pastel de feira e beber caldo de cana. Afinal, \u00e9 uma del\u00edcia!<\/p>\n\n\n\n<p>De olho na import\u00e2ncia dessa tradicional\u00edssima institui\u00e7\u00e3o, separamos para voc\u00eas alguns dos locais que abrigam as melhores feiras da Zona Sul do Rio de Janeiro, todas elas situadas no bairro do Leblon.<\/p>\n\n\n\n<h2 class=\"wp-block-heading\">Feira da Pra\u00e7a Almirante Belfort<\/h2>\n\n\n\n<p>Naturalmente, n\u00e3o podemos falar de feira livre no Leblon sem mencionar a que ocorre na Pra\u00e7a Almirante Belfort Vieira.<\/p>\n\n\n\n<p>A Pra\u00e7a Almirante Belfort Vieira est\u00e1 localizada no cruzamento entre a Avenida General San Martin e Rua Almirante Pereira Guimar\u00e3es. <\/p>\n\n\n\n<p>Cercada por v\u00e1rias \u00e1rvores, a Pra\u00e7a Almirante Belfort Vieira tem um fluxo intenso de carros e possui \u00e1rea para pedestres apenas nas cal\u00e7adas em seu redor.<\/p>\n\n\n\n<p>O nome da pra\u00e7a \u00e9 uma homenagem a Manuel In\u00e1cio Belfort Vieira, pol\u00edtico e militar brasileiro, filho do ministro Jo\u00e3o Pedro Dias Vieira e Isabel Nunes Belfort.<\/p>\n\n\n\n<p>Os moradores dessa pra\u00e7a est\u00e3o localizados entre os postos 10 e 11, a poucos passos da <a href=\"https:\/\/invexo.com.br\/blog\/praia-do-leblon\/\" target=\"_blank\" rel=\"noreferrer noopener\">praia do Leblon<\/a> e de Ipanema. Portanto, trata-se de uma \u00e1rea nobre, repleta de bons servi\u00e7os.<\/p>\n\n\n\n<p>Outro ponto favor\u00e1vel \u00e9 que a esta\u00e7\u00e3o do metr\u00f4 Jardim de Alah fica bem pr\u00f3xima dessa regi\u00e3o. Al\u00e9m disso, a esta\u00e7\u00e3o conta com uma sa\u00edda na <a rel=\"noreferrer noopener\" href=\"https:\/\/invexo.com.br\/avenida-ataulfo-de-paiva-leblon-rio-de-janeiro-rj\/\" target=\"_blank\">Ataulfo de Paiva<\/a>, perto da Rua Almirante Pereira Guimar\u00e3es, e outra na Avenida Borges de Medeiros com a Ataulfo de Paiva.<\/p>\n\n\n\n<p>Assim, todas as quartas, das 6h \u00e0s 12h, acontece a feira livre da Pra\u00e7a Belfort Vieira. Bastante movimentada e elogiada pelos frequentadores e moradores das redondezas, a tradicional feira \u00e9 uma boa pedida para quem procura por itens de hortifruti frescos e por um bom pre\u00e7o.<\/p>\n\n\n\n<p>S\u00e3o v\u00e1rios componentes que resultam na alta qualidade de vida do Leblon, sendo as feiras um desses elementos. O bairro \u00e9 sempre lembrado por oferecer o melhor aos seus moradores, em todos os sentidos.<\/p>\n\n\n\n<div class=\"wp-block-group\"><div class=\"wp-block-group__inner-container is-layout-flow wp-block-group-is-layout-flow\">\n<p>Oportunidades \u00fanicas de im\u00f3veis exclusivos no Leblon. Siga nosso&nbsp;<strong><a href=\"https:\/\/whatsapp.com\/channel\/0029Va6pgNA0VycOAQkTIa3Z\">canal no WhatsApp<\/a><\/strong>&nbsp;e tenha acesso antecipado aos im\u00f3veis \u00e0 venda na regi\u00e3o.<\/p>\n\n\n\n<p><a href=\"https:\/\/whatsapp.com\/channel\/0029VaB0crhDZ4LfWQoKd22G\"><\/a><\/p>\n<\/div><\/div>\n\n\n\n<script async src=\"https:\/\/pagead2.googlesyndication.com\/pagead\/js\/adsbygoogle.js?client=ca-pub-6250649730240355\"\n     crossorigin=\"anonymous\"><\/script>\n<!-- Anuncios Blog -->\n<ins class=\"adsbygoogle\"\n     style=\"display:block\"\n     data-ad-client=\"ca-pub-6250649730240355\"\n     data-ad-slot=\"3218632260\"\n     data-ad-format=\"auto\"\n     data-full-width-responsive=\"true\"><\/ins>\n<script>\n     (adsbygoogle = window.adsbygoogle || []).push({});\n<\/script>\n\n\n\n<h2 class=\"wp-block-heading\">Feira Livre da Pra\u00e7a Ministro Romeiro Neto<\/h2>\n\n\n\n<p>Totalmente arborizada e silenciosa, a Pra\u00e7a Ministro Romeiro Neto \u00e9 ideal para fazer um passeio matinal. Por isso, \u00e9 mais um endere\u00e7o bastante disputado do bairro do Leblon.<\/p>\n\n\n\n<p>Chamada popularmente de <a rel=\"noreferrer noopener\" href=\"https:\/\/invexo.com.br\/blog\/selva-de-pedra-leblon\/\" target=\"_blank\">Selva de Pedra<\/a> e localizada entre as ruas Fadel Fadel e Humberto de Campos, a pra\u00e7a est\u00e1 em uma localiza\u00e7\u00e3o muito privilegiada na Zona Sul.<\/p>\n\n\n\n<p>O nome da pra\u00e7a \u00e9 uma homenagem ao Dr. Jo\u00e3o Romeiro Neto, famoso advogado criminalista que atuou na d\u00e9cada de 1950.<\/p>\n\n\n\n<p>Romeiro foi autor de v\u00e1rios livros sobre criminal\u00edstica e um dos grandes tribunos do j\u00fari no Rio de Janeiro. O jurista ainda chegou a ser ministro do Superior Tribunal Militar. Por isso a homenagem.<\/p>\n\n\n\n<p>Assim, a Pra\u00e7a Ministro Romeiro Neto \u00e9 uma \u00e1rea de lazer que conta com parquinho de madeira para as crian\u00e7as, quadra poliesportiva, ponto de bicicletas e bancos para apreciar o ambiente. <\/p>\n\n\n\n<p>Mas isso n\u00e3o \u00e9 tudo! A pra\u00e7a tem at\u00e9 um cachorr\u00f3dromo para os moradores passearem com seus animais de estima\u00e7\u00e3o.<\/p>\n\n\n\n<p>A Pra\u00e7a Ministro Romeiro Neto fica bem perto da Avenida Ataulfo de Paiva, principal via do Leblon que faz liga\u00e7\u00e3o ao bairro de Ipanema. Al\u00e9m disso, a pra\u00e7a fica muito perto do <a href=\"https:\/\/invexo.com.br\/blog\/praia-posto-11-leblon-quiosque\/\" target=\"_blank\" rel=\"noreferrer noopener\">Posto 11<\/a> da Praia do Leblon, em torno de 750 metros.<\/p>\n\n\n\n<figure class=\"wp-block-image size-full\"><img decoding=\"async\" width=\"1280\" height=\"720\" src=\"https:\/\/invexo.com.br\/blog\/wp-content\/uploads\/2021\/06\/feira-livre-leblon.jpg\" alt=\"feira livre leblon\" class=\"wp-image-16656\" srcset=\"https:\/\/invexo.com.br\/blog\/wp-content\/uploads\/2021\/06\/feira-livre-leblon.jpg 1280w, https:\/\/invexo.com.br\/blog\/wp-content\/uploads\/2021\/06\/feira-livre-leblon-300x169.jpg 300w, https:\/\/invexo.com.br\/blog\/wp-content\/uploads\/2021\/06\/feira-livre-leblon-1024x576.jpg 1024w, https:\/\/invexo.com.br\/blog\/wp-content\/uploads\/2021\/06\/feira-livre-leblon-768x432.jpg 768w, https:\/\/invexo.com.br\/blog\/wp-content\/uploads\/2021\/06\/feira-livre-leblon-940x529.jpg 940w\" sizes=\"(max-width: 1280px) 100vw, 1280px\" \/><\/figure>\n\n\n\n<p>Bem pr\u00f3ximo \u00e0 Pra\u00e7a Ministro Romeiro Neto h\u00e1 um supermercado que funciona como uma feira de produtos org\u00e2nicos. O mercado fica quase ao lado de uma unidade dos Correios,  localizado na Rua Humberto de Campos.<\/p>\n\n\n\n<p>O atendimento dessa feira \u00e9 das 7h \u00e0s 12h, na quinta-feira.  \u00c9 poss\u00edvel encontrar no local, portanto, uma variedade de produtos org\u00e2nicos artesanais produzidos por pequenas cooperativas e\/ou agriculturas e agricultores locais.<\/p>\n\n\n\n<p>Al\u00e9m do hortifruti, h\u00e1 doces, bebidas t\u00edpicas, queijos, massas, artesanato, cosm\u00e9ticos e, at\u00e9 mesmo, produtos fitoter\u00e1picos.<\/p>\n\n\n\n<h2 class=\"wp-block-heading\">Feira livre no Leblon: Pra\u00e7a Nossa Sra. Auxiliadora<\/h2>\n\n\n\n<p>Por fim, destaca-se a Pra\u00e7a Nossa Senhora Auxiliadora, um dos endere\u00e7os mais bem localizados no bairro do Leblon, na Zona Sul do Rio de Janeiro. <\/p>\n\n\n\n<p>A pra\u00e7a \u00e9 super arborizada, com uma sombra gostosa e bancos confort\u00e1veis para os moradores que decidem dar uma volta pelo bairro.<\/p>\n\n\n\n<p>A Pra\u00e7a Nossa Sra. Auxiliadora tamb\u00e9m \u00e9 \u00f3tima para levar as crian\u00e7as para dar uma volta de bicicleta e passear com os cachorros pelo Leblon. <\/p>\n\n\n\n<p>Al\u00e9m disso, muitos tamb\u00e9m veem a pra\u00e7a como ponto de encontro para vizinhos. \u00c9 comum, ainda, seguir da pra\u00e7a em dire\u00e7\u00e3o \u00e0 Praia do Leblon, a um restaurante, um caf\u00e9 ou outra atra\u00e7\u00e3o da Zona Sul do Rio de Janeiro.<\/p>\n\n\n\n<p>A Pra\u00e7a Nossa Sra. Auxiliadora fica cercada pela Rua Ministro Raul Machado e pela Rua Mario Ribeiro, uma via de m\u00e3o dupla que possui pontos de \u00f4nibus e esta\u00e7\u00f5es de bicicletas para uso compartilhado.<\/p>\n\n\n\n<p>A feirinha livre da Pra\u00e7a Nossa Sra. Auxiliadora acontece todas as quintas-feiras, das 5h \u00e0s 13h, ao lado do <a rel=\"noreferrer noopener\" href=\"https:\/\/www.flamengo.com.br\/?utm_source=blog-invexo&amp;utm_medium=blog&amp;utm_campaign=invexo\" target=\"_blank\">Clube de Regatas do Flamengo<\/a>. L\u00e1, o atendimento \u00e9 bastante elogiado pelos seus frequentadores. <\/p>\n\n\n\n<p>E, apesar de relativamente pequeno, o mercado a c\u00e9u aberto da pra\u00e7a \u00e9 um dos mais tradicionais do bairro.<\/p>\n\n\n\n<p>Desse modo, a feira supre todas as necessidades e atende todos os segmentos, como peixaria, pastelaria e tudo aquilo que n\u00e3o pode faltar em uma boa feira de bairro. O acesso \u00e9 f\u00e1cil e conta com estacionamento.<\/p>\n\n\n\n<p>Venha desfrutar de todos os benef\u00edcios que o Leblon pode proporcionar em sua vida!<\/p>\n\n\n\n<script async src=\"https:\/\/pagead2.googlesyndication.com\/pagead\/js\/adsbygoogle.js?client=ca-pub-6250649730240355\"\n     crossorigin=\"anonymous\"><\/script>\n<ins class=\"adsbygoogle\"\n     style=\"display:block\"\n     data-ad-format=\"fluid\"\n     data-ad-layout-key=\"-fb+5w+4e-db+86\"\n     data-ad-client=\"ca-pub-6250649730240355\"\n     data-ad-slot=\"9908760168\"><\/ins>\n<script>\n     (adsbygoogle = window.adsbygoogle || []).push({});\n<\/script>\n","protected":false},"excerpt":{"rendered":"<p>Ir \u00e0 feira livre no Leblon tamb\u00e9m pode ser um passeio divertido, repleto de cores, sabores e produtos frescos de alta qualidade. Uma das manifesta\u00e7\u00f5es culturais mais tradicionais da humanidade e um importante espa\u00e7o de comercializa\u00e7\u00e3o dos produtos da agricultura familiar, as feiras v\u00e3o muito al\u00e9m disso. Isso porque tamb\u00e9m podem ser consideradas como um&#8230;<\/p>\n","protected":false},"author":2,"featured_media":16655,"comment_status":"closed","ping_status":"closed","sticky":false,"template":"","format":"standard","meta":{"_acf_changed":false,"_kad_blocks_custom_css":"","_kad_blocks_head_custom_js":"","_kad_blocks_body_custom_js":"","_kad_blocks_footer_custom_js":"","_kadence_starter_templates_imported_post":false,"_kad_post_transparent":"","_kad_post_title":"","_kad_post_layout":"","_kad_post_sidebar_id":"","_kad_post_content_style":"","_kad_post_vertical_padding":"","_kad_post_feature":"","_kad_post_feature_position":"","_kad_post_header":false,"_kad_post_footer":false,"footnotes":""},"categories":[10,15],"tags":[634],"acf":[],"yoast_head":"<!-- This site is optimized with the Yoast SEO plugin v24.1 - https:\/\/yoast.com\/wordpress\/plugins\/seo\/ -->\n<title>Feira Livre no Leblon: op\u00e7\u00e3o de lazer e sa\u00fade na Zona Sul<\/title>\n<meta name=\"description\" content=\"Conhe\u00e7a alguns dos principais pontos de feira livre no Leblon, uma das op\u00e7\u00f5es de lazer no bairro queridinho da Zona Sul do Rio de Janeiro\" \/>\n<meta name=\"robots\" content=\"index, follow, max-snippet:-1, max-image-preview:large, max-video-preview:-1\" \/>\n<link rel=\"canonical\" href=\"https:\/\/invexo.com.br\/blog\/feira-livre-no-leblon\/\" \/>\n<meta property=\"og:locale\" content=\"pt_BR\" \/>\n<meta property=\"og:type\" content=\"article\" \/>\n<meta property=\"og:title\" content=\"Feira Livre no Leblon: op\u00e7\u00e3o de lazer e sa\u00fade na Zona Sul\" \/>\n<meta property=\"og:description\" content=\"Conhe\u00e7a alguns dos principais pontos de feira livre no Leblon, uma das op\u00e7\u00f5es de lazer no bairro queridinho da Zona Sul do Rio de Janeiro\" \/>\n<meta property=\"og:url\" content=\"https:\/\/invexo.com.br\/blog\/feira-livre-no-leblon\/\" \/>\n<meta property=\"og:site_name\" content=\"Not\u00edcias RJ\" \/>\n<meta property=\"article:publisher\" content=\"https:\/\/facebook.com\/invexo\" \/>\n<meta property=\"article:author\" content=\"https:\/\/facebook.com\/invexo\" \/>\n<meta property=\"article:published_time\" content=\"2021-06-08T09:35:00+00:00\" \/>\n<meta property=\"article:modified_time\" content=\"2022-06-29T00:38:57+00:00\" \/>\n<meta property=\"og:image\" content=\"https:\/\/invexo.com.br\/blog\/wp-content\/uploads\/2021\/06\/feira-de-rua-leblon.jpg\" \/>\n\t<meta property=\"og:image:width\" content=\"1280\" \/>\n\t<meta property=\"og:image:height\" content=\"720\" \/>\n\t<meta property=\"og:image:type\" content=\"image\/jpeg\" \/>\n<meta name=\"author\" content=\"Ronnie Possatti\" \/>\n<meta name=\"twitter:card\" content=\"summary_large_image\" \/>\n<meta name=\"twitter:creator\" content=\"@https:\/\/twitter.com\/invexoimoveis\" \/>\n<meta name=\"twitter:site\" content=\"@invexoimoveis\" \/>\n<meta name=\"twitter:label1\" content=\"Escrito por\" \/>\n\t<meta name=\"twitter:data1\" content=\"Ronnie Possatti\" \/>\n\t<meta name=\"twitter:label2\" content=\"Est. tempo de leitura\" \/>\n\t<meta name=\"twitter:data2\" content=\"5 minutos\" \/>\n<script type=\"application\/ld+json\" class=\"yoast-schema-graph\">{\"@context\":\"https:\/\/schema.org\",\"@graph\":[{\"@type\":\"Article\",\"@id\":\"https:\/\/invexo.com.br\/blog\/feira-livre-no-leblon\/#article\",\"isPartOf\":{\"@id\":\"https:\/\/invexo.com.br\/blog\/feira-livre-no-leblon\/\"},\"author\":{\"name\":\"Ronnie Possatti\",\"@id\":\"https:\/\/invexo.com.br\/blog\/#\/schema\/person\/36bee32f1cfacde03dc4c9622a58778d\"},\"headline\":\"Feira Livre no Leblon\",\"datePublished\":\"2021-06-08T09:35:00+00:00\",\"dateModified\":\"2022-06-29T00:38:57+00:00\",\"mainEntityOfPage\":{\"@id\":\"https:\/\/invexo.com.br\/blog\/feira-livre-no-leblon\/\"},\"wordCount\":1069,\"publisher\":{\"@id\":\"https:\/\/invexo.com.br\/blog\/#organization\"},\"image\":{\"@id\":\"https:\/\/invexo.com.br\/blog\/feira-livre-no-leblon\/#primaryimage\"},\"thumbnailUrl\":\"https:\/\/invexo.com.br\/blog\/wp-content\/uploads\/2021\/06\/feira-de-rua-leblon.jpg\",\"keywords\":[\"Leblon\"],\"articleSection\":[\"Bairros\",\"Informa\u00e7\u00f5es\"],\"inLanguage\":\"pt-BR\"},{\"@type\":\"WebPage\",\"@id\":\"https:\/\/invexo.com.br\/blog\/feira-livre-no-leblon\/\",\"url\":\"https:\/\/invexo.com.br\/blog\/feira-livre-no-leblon\/\",\"name\":\"Feira Livre no Leblon: op\u00e7\u00e3o de lazer e sa\u00fade na Zona Sul\",\"isPartOf\":{\"@id\":\"https:\/\/invexo.com.br\/blog\/#website\"},\"primaryImageOfPage\":{\"@id\":\"https:\/\/invexo.com.br\/blog\/feira-livre-no-leblon\/#primaryimage\"},\"image\":{\"@id\":\"https:\/\/invexo.com.br\/blog\/feira-livre-no-leblon\/#primaryimage\"},\"thumbnailUrl\":\"https:\/\/invexo.com.br\/blog\/wp-content\/uploads\/2021\/06\/feira-de-rua-leblon.jpg\",\"datePublished\":\"2021-06-08T09:35:00+00:00\",\"dateModified\":\"2022-06-29T00:38:57+00:00\",\"description\":\"Conhe\u00e7a alguns dos principais pontos de feira livre no Leblon, uma das op\u00e7\u00f5es de lazer no bairro queridinho da Zona Sul do Rio de Janeiro\",\"breadcrumb\":{\"@id\":\"https:\/\/invexo.com.br\/blog\/feira-livre-no-leblon\/#breadcrumb\"},\"inLanguage\":\"pt-BR\",\"potentialAction\":[{\"@type\":\"ReadAction\",\"target\":[\"https:\/\/invexo.com.br\/blog\/feira-livre-no-leblon\/\"]}]},{\"@type\":\"ImageObject\",\"inLanguage\":\"pt-BR\",\"@id\":\"https:\/\/invexo.com.br\/blog\/feira-livre-no-leblon\/#primaryimage\",\"url\":\"https:\/\/invexo.com.br\/blog\/wp-content\/uploads\/2021\/06\/feira-de-rua-leblon.jpg\",\"contentUrl\":\"https:\/\/invexo.com.br\/blog\/wp-content\/uploads\/2021\/06\/feira-de-rua-leblon.jpg\",\"width\":1280,\"height\":720,\"caption\":\"Feira de Rua Leblon\"},{\"@type\":\"BreadcrumbList\",\"@id\":\"https:\/\/invexo.com.br\/blog\/feira-livre-no-leblon\/#breadcrumb\",\"itemListElement\":[{\"@type\":\"ListItem\",\"position\":1,\"name\":\"Blog\",\"item\":\"https:\/\/invexo.com.br\/blog\/\"},{\"@type\":\"ListItem\",\"position\":2,\"name\":\"Bairros\",\"item\":\"https:\/\/invexo.com.br\/blog\/categoria\/bairros\/\"},{\"@type\":\"ListItem\",\"position\":3,\"name\":\"Feira Livre no Leblon\"}]},{\"@type\":\"WebSite\",\"@id\":\"https:\/\/invexo.com.br\/blog\/#website\",\"url\":\"https:\/\/invexo.com.br\/blog\/\",\"name\":\"Not\u00edcias RJ\",\"description\":\"Not\u00edcias sobre im\u00f3veis, financiamento, mercado imobili\u00e1rio do Rio de Janeiro. Informa\u00e7\u00f5es sobre Bairros, Condom\u00ednios e Regi\u00e3o do Rio de Janeiro.\",\"publisher\":{\"@id\":\"https:\/\/invexo.com.br\/blog\/#organization\"},\"potentialAction\":[{\"@type\":\"SearchAction\",\"target\":{\"@type\":\"EntryPoint\",\"urlTemplate\":\"https:\/\/invexo.com.br\/blog\/?s={search_term_string}\"},\"query-input\":{\"@type\":\"PropertyValueSpecification\",\"valueRequired\":true,\"valueName\":\"search_term_string\"}}],\"inLanguage\":\"pt-BR\"},{\"@type\":\"Organization\",\"@id\":\"https:\/\/invexo.com.br\/blog\/#organization\",\"name\":\"INVEXO Imobili\u00e1ria\",\"url\":\"https:\/\/invexo.com.br\/blog\/\",\"logo\":{\"@type\":\"ImageObject\",\"inLanguage\":\"pt-BR\",\"@id\":\"https:\/\/invexo.com.br\/blog\/#\/schema\/logo\/image\/\",\"url\":\"https:\/\/invexo.com.br\/blog\/wp-content\/uploads\/2018\/09\/invexo-80-melhor.png\",\"contentUrl\":\"https:\/\/invexo.com.br\/blog\/wp-content\/uploads\/2018\/09\/invexo-80-melhor.png\",\"width\":247,\"height\":80,\"caption\":\"INVEXO Imobili\u00e1ria\"},\"image\":{\"@id\":\"https:\/\/invexo.com.br\/blog\/#\/schema\/logo\/image\/\"},\"sameAs\":[\"https:\/\/facebook.com\/invexo\",\"https:\/\/x.com\/invexoimoveis\"]},{\"@type\":\"Person\",\"@id\":\"https:\/\/invexo.com.br\/blog\/#\/schema\/person\/36bee32f1cfacde03dc4c9622a58778d\",\"name\":\"Ronnie Possatti\",\"image\":{\"@type\":\"ImageObject\",\"inLanguage\":\"pt-BR\",\"@id\":\"https:\/\/invexo.com.br\/blog\/#\/schema\/person\/image\/\",\"url\":\"https:\/\/secure.gravatar.com\/avatar\/51a6cdcc215551235c39affb853f1e38?s=96&d=blank&r=g\",\"contentUrl\":\"https:\/\/secure.gravatar.com\/avatar\/51a6cdcc215551235c39affb853f1e38?s=96&d=blank&r=g\",\"caption\":\"Ronnie Possatti\"},\"description\":\"Equipe de especialistas que traz para seus leitores conte\u00fados relevantes e de qualidade sobre bairros, condom\u00ednios, lan\u00e7amentos e not\u00edcias imobili\u00e1rias no Rio de Janeiro.\",\"sameAs\":[\"https:\/\/facebook.com\/invexo\",\"https:\/\/instagram.com\/invexo\",\"https:\/\/x.com\/https:\/\/twitter.com\/invexoimoveis\"],\"url\":\"https:\/\/invexo.com.br\/blog\/author\/invexo\/\"}]}<\/script>\n<!-- \/ Yoast SEO plugin. -->","yoast_head_json":{"title":"Feira Livre no Leblon: op\u00e7\u00e3o de lazer e sa\u00fade na Zona Sul","description":"Conhe\u00e7a alguns dos principais pontos de feira livre no Leblon, uma das op\u00e7\u00f5es de lazer no bairro queridinho da Zona Sul do Rio de Janeiro","robots":{"index":"index","follow":"follow","max-snippet":"max-snippet:-1","max-image-preview":"max-image-preview:large","max-video-preview":"max-video-preview:-1"},"canonical":"https:\/\/invexo.com.br\/blog\/feira-livre-no-leblon\/","og_locale":"pt_BR","og_type":"article","og_title":"Feira Livre no Leblon: op\u00e7\u00e3o de lazer e sa\u00fade na Zona Sul","og_description":"Conhe\u00e7a alguns dos principais pontos de feira livre no Leblon, uma das op\u00e7\u00f5es de lazer no bairro queridinho da Zona Sul do Rio de Janeiro","og_url":"https:\/\/invexo.com.br\/blog\/feira-livre-no-leblon\/","og_site_name":"Not\u00edcias RJ","article_publisher":"https:\/\/facebook.com\/invexo","article_author":"https:\/\/facebook.com\/invexo","article_published_time":"2021-06-08T09:35:00+00:00","article_modified_time":"2022-06-29T00:38:57+00:00","og_image":[{"width":1280,"height":720,"url":"https:\/\/invexo.com.br\/blog\/wp-content\/uploads\/2021\/06\/feira-de-rua-leblon.jpg","type":"image\/jpeg"}],"author":"Ronnie Possatti","twitter_card":"summary_large_image","twitter_creator":"@https:\/\/twitter.com\/invexoimoveis","twitter_site":"@invexoimoveis","twitter_misc":{"Escrito por":"Ronnie Possatti","Est. tempo de leitura":"5 minutos"},"schema":{"@context":"https:\/\/schema.org","@graph":[{"@type":"Article","@id":"https:\/\/invexo.com.br\/blog\/feira-livre-no-leblon\/#article","isPartOf":{"@id":"https:\/\/invexo.com.br\/blog\/feira-livre-no-leblon\/"},"author":{"name":"Ronnie Possatti","@id":"https:\/\/invexo.com.br\/blog\/#\/schema\/person\/36bee32f1cfacde03dc4c9622a58778d"},"headline":"Feira Livre no Leblon","datePublished":"2021-06-08T09:35:00+00:00","dateModified":"2022-06-29T00:38:57+00:00","mainEntityOfPage":{"@id":"https:\/\/invexo.com.br\/blog\/feira-livre-no-leblon\/"},"wordCount":1069,"publisher":{"@id":"https:\/\/invexo.com.br\/blog\/#organization"},"image":{"@id":"https:\/\/invexo.com.br\/blog\/feira-livre-no-leblon\/#primaryimage"},"thumbnailUrl":"https:\/\/invexo.com.br\/blog\/wp-content\/uploads\/2021\/06\/feira-de-rua-leblon.jpg","keywords":["Leblon"],"articleSection":["Bairros","Informa\u00e7\u00f5es"],"inLanguage":"pt-BR"},{"@type":"WebPage","@id":"https:\/\/invexo.com.br\/blog\/feira-livre-no-leblon\/","url":"https:\/\/invexo.com.br\/blog\/feira-livre-no-leblon\/","name":"Feira Livre no Leblon: op\u00e7\u00e3o de lazer e sa\u00fade na Zona Sul","isPartOf":{"@id":"https:\/\/invexo.com.br\/blog\/#website"},"primaryImageOfPage":{"@id":"https:\/\/invexo.com.br\/blog\/feira-livre-no-leblon\/#primaryimage"},"image":{"@id":"https:\/\/invexo.com.br\/blog\/feira-livre-no-leblon\/#primaryimage"},"thumbnailUrl":"https:\/\/invexo.com.br\/blog\/wp-content\/uploads\/2021\/06\/feira-de-rua-leblon.jpg","datePublished":"2021-06-08T09:35:00+00:00","dateModified":"2022-06-29T00:38:57+00:00","description":"Conhe\u00e7a alguns dos principais pontos de feira livre no Leblon, uma das op\u00e7\u00f5es de lazer no bairro queridinho da Zona Sul do Rio de Janeiro","breadcrumb":{"@id":"https:\/\/invexo.com.br\/blog\/feira-livre-no-leblon\/#breadcrumb"},"inLanguage":"pt-BR","potentialAction":[{"@type":"ReadAction","target":["https:\/\/invexo.com.br\/blog\/feira-livre-no-leblon\/"]}]},{"@type":"ImageObject","inLanguage":"pt-BR","@id":"https:\/\/invexo.com.br\/blog\/feira-livre-no-leblon\/#primaryimage","url":"https:\/\/invexo.com.br\/blog\/wp-content\/uploads\/2021\/06\/feira-de-rua-leblon.jpg","contentUrl":"https:\/\/invexo.com.br\/blog\/wp-content\/uploads\/2021\/06\/feira-de-rua-leblon.jpg","width":1280,"height":720,"caption":"Feira de Rua Leblon"},{"@type":"BreadcrumbList","@id":"https:\/\/invexo.com.br\/blog\/feira-livre-no-leblon\/#breadcrumb","itemListElement":[{"@type":"ListItem","position":1,"name":"Blog","item":"https:\/\/invexo.com.br\/blog\/"},{"@type":"ListItem","position":2,"name":"Bairros","item":"https:\/\/invexo.com.br\/blog\/categoria\/bairros\/"},{"@type":"ListItem","position":3,"name":"Feira Livre no Leblon"}]},{"@type":"WebSite","@id":"https:\/\/invexo.com.br\/blog\/#website","url":"https:\/\/invexo.com.br\/blog\/","name":"Not\u00edcias RJ","description":"Not\u00edcias sobre im\u00f3veis, financiamento, mercado imobili\u00e1rio do Rio de Janeiro. Informa\u00e7\u00f5es sobre Bairros, Condom\u00ednios e Regi\u00e3o do Rio de Janeiro.","publisher":{"@id":"https:\/\/invexo.com.br\/blog\/#organization"},"potentialAction":[{"@type":"SearchAction","target":{"@type":"EntryPoint","urlTemplate":"https:\/\/invexo.com.br\/blog\/?s={search_term_string}"},"query-input":{"@type":"PropertyValueSpecification","valueRequired":true,"valueName":"search_term_string"}}],"inLanguage":"pt-BR"},{"@type":"Organization","@id":"https:\/\/invexo.com.br\/blog\/#organization","name":"INVEXO Imobili\u00e1ria","url":"https:\/\/invexo.com.br\/blog\/","logo":{"@type":"ImageObject","inLanguage":"pt-BR","@id":"https:\/\/invexo.com.br\/blog\/#\/schema\/logo\/image\/","url":"https:\/\/invexo.com.br\/blog\/wp-content\/uploads\/2018\/09\/invexo-80-melhor.png","contentUrl":"https:\/\/invexo.com.br\/blog\/wp-content\/uploads\/2018\/09\/invexo-80-melhor.png","width":247,"height":80,"caption":"INVEXO Imobili\u00e1ria"},"image":{"@id":"https:\/\/invexo.com.br\/blog\/#\/schema\/logo\/image\/"},"sameAs":["https:\/\/facebook.com\/invexo","https:\/\/x.com\/invexoimoveis"]},{"@type":"Person","@id":"https:\/\/invexo.com.br\/blog\/#\/schema\/person\/36bee32f1cfacde03dc4c9622a58778d","name":"Ronnie Possatti","image":{"@type":"ImageObject","inLanguage":"pt-BR","@id":"https:\/\/invexo.com.br\/blog\/#\/schema\/person\/image\/","url":"https:\/\/secure.gravatar.com\/avatar\/51a6cdcc215551235c39affb853f1e38?s=96&d=blank&r=g","contentUrl":"https:\/\/secure.gravatar.com\/avatar\/51a6cdcc215551235c39affb853f1e38?s=96&d=blank&r=g","caption":"Ronnie Possatti"},"description":"Equipe de especialistas que traz para seus leitores conte\u00fados relevantes e de qualidade sobre bairros, condom\u00ednios, lan\u00e7amentos e not\u00edcias imobili\u00e1rias no Rio de Janeiro.","sameAs":["https:\/\/facebook.com\/invexo","https:\/\/instagram.com\/invexo","https:\/\/x.com\/https:\/\/twitter.com\/invexoimoveis"],"url":"https:\/\/invexo.com.br\/blog\/author\/invexo\/"}]}},"taxonomy_info":{"category":[{"value":10,"label":"Bairros"},{"value":15,"label":"Informa\u00e7\u00f5es"}],"post_tag":[{"value":634,"label":"Leblon"}]},"featured_image_src_large":["https:\/\/invexo.com.br\/blog\/wp-content\/uploads\/2021\/06\/feira-de-rua-leblon-1024x576.jpg",1024,576,true],"author_info":{"display_name":"Ronnie Possatti","author_link":"https:\/\/invexo.com.br\/blog\/author\/invexo\/"},"comment_info":0,"category_info":[{"term_id":10,"name":"Bairros","slug":"bairros","term_group":0,"term_taxonomy_id":10,"taxonomy":"category","description":"Not\u00edcias sobre estabelecimentos nos melhores bairros para se morar no Rio de Janeiro.","parent":0,"count":1354,"filter":"raw","cat_ID":10,"category_count":1354,"category_description":"Not\u00edcias sobre estabelecimentos nos melhores bairros para se morar no Rio de Janeiro.","cat_name":"Bairros","category_nicename":"bairros","category_parent":0},{"term_id":15,"name":"Informa\u00e7\u00f5es","slug":"informacoes","term_group":0,"term_taxonomy_id":15,"taxonomy":"category","description":"Informa\u00e7\u00f5es, experi\u00eancia nos melhores estabelecimentos em bairros nobres para se viver no Rio de Janeiro. Tudo sobre cultura, entretenimento e lazer.","parent":0,"count":1297,"filter":"raw","cat_ID":15,"category_count":1297,"category_description":"Informa\u00e7\u00f5es, experi\u00eancia nos melhores estabelecimentos em bairros nobres para se viver no Rio de Janeiro. Tudo sobre cultura, entretenimento e lazer.","cat_name":"Informa\u00e7\u00f5es","category_nicename":"informacoes","category_parent":0}],"tag_info":[{"term_id":634,"name":"Leblon","slug":"leblon","term_group":0,"term_taxonomy_id":634,"taxonomy":"post_tag","description":"<p style=\"text-align: left\">O Leblon \u00e9 o bairro mais nobre da Zona Sul da cidade do Rio de Janeiro (RJ). A regi\u00e3o \u00e9 reconhecida pela infraestrutura requintada e pelas arquiteturas encantadoras, que tamb\u00e9m s\u00e3o repletas de hist\u00f3rias marcantes. Conhe\u00e7a os <a href=\"https:\/\/luxury.invexo.com.br\/bairro\/leblon\/\" target=\"_blank\" rel=\"noreferrer noopener\">im\u00f3veis de luxo no Leblon<\/a>!<\/p>","parent":0,"count":433,"filter":"raw"}],"_links":{"self":[{"href":"https:\/\/invexo.com.br\/blog\/wp-json\/wp\/v2\/posts\/16631"}],"collection":[{"href":"https:\/\/invexo.com.br\/blog\/wp-json\/wp\/v2\/posts"}],"about":[{"href":"https:\/\/invexo.com.br\/blog\/wp-json\/wp\/v2\/types\/post"}],"author":[{"embeddable":true,"href":"https:\/\/invexo.com.br\/blog\/wp-json\/wp\/v2\/users\/2"}],"replies":[{"embeddable":true,"href":"https:\/\/invexo.com.br\/blog\/wp-json\/wp\/v2\/comments?post=16631"}],"version-history":[{"count":1,"href":"https:\/\/invexo.com.br\/blog\/wp-json\/wp\/v2\/posts\/16631\/revisions"}],"predecessor-version":[{"id":26997,"href":"https:\/\/invexo.com.br\/blog\/wp-json\/wp\/v2\/posts\/16631\/revisions\/26997"}],"wp:featuredmedia":[{"embeddable":true,"href":"https:\/\/invexo.com.br\/blog\/wp-json\/wp\/v2\/media\/16655"}],"wp:attachment":[{"href":"https:\/\/invexo.com.br\/blog\/wp-json\/wp\/v2\/media?parent=16631"}],"wp:term":[{"taxonomy":"category","embeddable":true,"href":"https:\/\/invexo.com.br\/blog\/wp-json\/wp\/v2\/categories?post=16631"},{"taxonomy":"post_tag","embeddable":true,"href":"https:\/\/invexo.com.br\/blog\/wp-json\/wp\/v2\/tags?post=16631"}],"curies":[{"name":"wp","href":"https:\/\/api.w.org\/{rel}","templated":true}]}}