{"id":1575,"date":"2019-09-25T11:52:21","date_gmt":"2019-09-25T14:52:21","guid":{"rendered":"https:\/\/invexo.com.br\/blog\/?p=1575"},"modified":"2022-12-29T12:42:20","modified_gmt":"2022-12-29T15:42:20","slug":"melhores-praias-do-rj","status":"publish","type":"post","link":"https:\/\/invexo.com.br\/blog\/melhores-praias-do-rj\/","title":{"rendered":"Guia com as melhores praias do Rio para curtir em fam\u00edlia"},"content":{"rendered":"\n<p><em>Descubra quais s\u00e3o os verdadeiros tesouros da cidade maravilhosa<\/em><\/p>\n\n\n\n<p>Se ao pensar em Rio de Janeiro a primeira imagem que lhe vem \u00e0 cabe\u00e7a \u00e9 sol, p\u00e9 na areia e mar azul, saiba que voc\u00ea n\u00e3o est\u00e1 s\u00f3. A Cidade Maravilhosa n\u00e3o tem esse apelido por acaso. Afinal, um dos seus grandes destaques \u00e9 o litoral deslumbrante.<\/p>\n\n\n\n<p>Para ajudar voc\u00ea a aproveitar tudo o que a capital carioca tem de melhor, separamos aqui uma lista com as <strong>melhores praias do RJ<\/strong>&nbsp;\u2013 incluindo Praia do Arpoador, Praia de S\u00e3o Conrado e v\u00e1rias outras j\u00f3ias do litoral carioca. Continue lendo!<\/p>\n\n\n\n<h2 class=\"wp-block-heading\">Praia do Arpoador<\/h2>\n\n\n\n<p>Localizada na Avenida Francisco Bhering, a Praia do Arpoador est\u00e1 no grupo de praias mais conhecidas do Rio de Janeiro. <\/p>\n\n\n\n<p>\u00c9 l\u00e1 que fica a Pedra do Arpoador, local de onde muitos turistas e moradores da regi\u00e3o costumam contemplar um magn\u00edfico p\u00f4r do sol \u2013 em alguns casos com direito a aplausos.<\/p>\n\n\n\n<p>Apesar de n\u00e3o ser realmente um problema, a Praia do Arpoador costuma ser bem movimentada. Portanto, talvez n\u00e3o seja o destino ideal para quem procura locais mais tranquilos.&nbsp;<\/p>\n\n\n\n<h2 class=\"wp-block-heading\">Praia de Ipanema<\/h2>\n\n\n\n<p>&#8220;Olha que coisa mais linda, mais cheia de gra\u00e7a&#8230;&#8221; A <a href=\"https:\/\/invexo.com.br\/blog\/morar-em-ipanema-rio-de-janeiro-rj\/\">Praia de Ipanema<\/a> \u00e9 certamente um dos grandes s\u00edmbolos da Cidade Maravilhosa e n\u00e3o poderia ficar de fora da lista de <strong>melhores praias do RJ<\/strong>.<\/p>\n\n\n\n<p>Localizada na Avenida Vieira Souto, a praia \u00e9 de fato deslumbrante. S\u00e3o 2,6 km de extens\u00e3o coroados por areias claras e mar azul \u2013 t\u00edpico do litoral carioca \u2013, com quiosques por toda a sua orla e, \u00e9 claro, o ic\u00f4nico &#8220;cal\u00e7ad\u00e3o de Ipanema&#8221;.&nbsp;<\/p>\n\n\n<div class=\"wp-block-image\">\n<figure class=\"aligncenter\"><img decoding=\"async\" width=\"640\" height=\"426\" src=\"https:\/\/invexo.com.br\/blog\/wp-content\/uploads\/2019\/09\/melhores-praias-rj.jpg\" alt=\"Cal\u00e7ad\u00e3o de praia do Rio de Janeiro\" class=\"wp-image-1577\" srcset=\"https:\/\/invexo.com.br\/blog\/wp-content\/uploads\/2019\/09\/melhores-praias-rj.jpg 640w, https:\/\/invexo.com.br\/blog\/wp-content\/uploads\/2019\/09\/melhores-praias-rj-300x200.jpg 300w, https:\/\/invexo.com.br\/blog\/wp-content\/uploads\/2019\/09\/melhores-praias-rj-440x294.jpg 440w, https:\/\/invexo.com.br\/blog\/wp-content\/uploads\/2019\/09\/melhores-praias-rj-150x100.jpg 150w\" sizes=\"(max-width: 640px) 100vw, 640px\" \/><\/figure><\/div>\n\n\n<p>Oportunidades \u00fanicas de im\u00f3veis em Ipanema! Fa\u00e7a parte do nosso\u00a0<strong><a href=\"https:\/\/whatsapp.com\/channel\/0029VaBTv8v8F2pN1nbKfn0a\">canal exclusivo no WhatsApp<\/a><\/strong>\u00a0e tenha acesso antecipado aos im\u00f3veis \u00e0 venda na regi\u00e3o com a maior demanda do Rio de Janeiro.<\/p>\n\n\n<div class=\"\"><div class='_form_6'><\/div><script type='text\/javascript' src='https:\/\/invexo.activehosted.com\/f\/embed.php?static=0&id=6&69F10CB42F1C0&nostyles=0&preview=0'><\/script><\/div>\n\n\n<p><\/p>\n\n\n\n<p>S\u00e3o diversos os lan\u00e7amentos residenciais e im\u00f3veis prontos em Ipanema, tais como o <a href=\"https:\/\/invexo.com.br\/lancamento\/helo-ipanema\/\" target=\"_blank\" rel=\"noreferrer noopener\">Helo Ipanema<\/a>! Com acabamentos de alto padr\u00e3o e infraestrutura completa, Ipanema \u00e9 um dos bairros com os melhores im\u00f3veis de luxo do Rio de Janeiro. Conhe\u00e7a agora mesmo os melhores <a href=\"https:\/\/luxury.invexo.com.br\/bairro\/ipanema\/?utm_source=blog&amp;utm_medium=blocomeio\" target=\"_blank\" rel=\"noreferrer noopener\">im\u00f3veis de luxo \u00e0 venda em Ipanema<\/a>!<\/p>\n\n\n\n<figure class=\"wp-block-image size-full\"><a href=\"https:\/\/luxury.invexo.com.br\/bairro\/ipanema\/?utm_source=blog&amp;utm_medium=blocomeio\" target=\"_blank\" rel=\"noopener\"><img decoding=\"async\" width=\"1300\" height=\"280\" src=\"https:\/\/invexo.com.br\/blog\/wp-content\/uploads\/2022\/08\/imoveis-residenciais-ipanema-rio-de-janeiro-rj-calcadao-de-ipanema.jpg\" alt=\"Im\u00f3veis de luxo \u00e0 venda em Ipanema RJ\" class=\"wp-image-28981\" srcset=\"https:\/\/invexo.com.br\/blog\/wp-content\/uploads\/2022\/08\/imoveis-residenciais-ipanema-rio-de-janeiro-rj-calcadao-de-ipanema.jpg 1300w, https:\/\/invexo.com.br\/blog\/wp-content\/uploads\/2022\/08\/imoveis-residenciais-ipanema-rio-de-janeiro-rj-calcadao-de-ipanema-300x65.jpg 300w, https:\/\/invexo.com.br\/blog\/wp-content\/uploads\/2022\/08\/imoveis-residenciais-ipanema-rio-de-janeiro-rj-calcadao-de-ipanema-1024x221.jpg 1024w, https:\/\/invexo.com.br\/blog\/wp-content\/uploads\/2022\/08\/imoveis-residenciais-ipanema-rio-de-janeiro-rj-calcadao-de-ipanema-768x165.jpg 768w\" sizes=\"(max-width: 1300px) 100vw, 1300px\" \/><\/a><\/figure>\n\n\n\n<h2 class=\"wp-block-heading\">Praia da Barra da Tijuca<\/h2>\n\n\n\n<p>Saindo um pouco das praias mais frequentadas, a Praia da Barra da Tijuca, apesar de tamb\u00e9m muito conhecida, possui atmosfera um pouco mais tranquila. Uma curiosidade \u00e9 que a Praia da <a href=\"https:\/\/invexo.com.br\/bairro\/barra-da-tijuca-rio-de-janeiro-rj\/\">Barra da Tijuca<\/a> \u00e9 a maior praia em extens\u00e3o do estado do Rio de Janeiro \u2013 s\u00e3o 18 km no total.<\/p>\n\n\n\n<p>Em alguns trechos a praia \u00e9 mais deserta, como na regi\u00e3o da Lagoa de Marapendi, e em outros a infraestrutura \u00e9 completa \u2013 com quiosques, restaurantes e todo o necess\u00e1rio para aproveitar o ver\u00e3o com o m\u00e1ximo de conforto.<\/p>\n\n\n\n<div class=\"wp-block-group\"><div class=\"wp-block-group__inner-container is-layout-flow wp-block-group-is-layout-flow\">\n<p>Cadastre-se e garanta j\u00e1 o seu im\u00f3vel no lan\u00e7amento mais aguardado na Barra da Tijuca: <a href=\"https:\/\/lancamento.invexo.com.br\/rj\/green-park-barra\/\">Green Park Barra no antigo Extra Barra Opportunity<\/a><\/p>\n\n\n<div class=\"wp-block-image\">\n<figure class=\"aligncenter size-full is-resized\"><a href=\"https:\/\/lancamento.invexo.com.br\/rj\/green-park-barra\/\" target=\"_blank\" rel=\"noopener noreferrer\"><img decoding=\"async\" width=\"1900\" height=\"1266\" src=\"https:\/\/invexo.com.br\/blog\/wp-content\/uploads\/2024\/09\/barra-da-tijuca-vista-aerea-praia.jpg\" alt=\"\" class=\"wp-image-43904\" style=\"width:400px\" srcset=\"https:\/\/invexo.com.br\/blog\/wp-content\/uploads\/2024\/09\/barra-da-tijuca-vista-aerea-praia.jpg 1900w, https:\/\/invexo.com.br\/blog\/wp-content\/uploads\/2024\/09\/barra-da-tijuca-vista-aerea-praia-300x200.jpg 300w, https:\/\/invexo.com.br\/blog\/wp-content\/uploads\/2024\/09\/barra-da-tijuca-vista-aerea-praia-1024x682.jpg 1024w, https:\/\/invexo.com.br\/blog\/wp-content\/uploads\/2024\/09\/barra-da-tijuca-vista-aerea-praia-768x512.jpg 768w, https:\/\/invexo.com.br\/blog\/wp-content\/uploads\/2024\/09\/barra-da-tijuca-vista-aerea-praia-1536x1023.jpg 1536w, https:\/\/invexo.com.br\/blog\/wp-content\/uploads\/2024\/09\/barra-da-tijuca-vista-aerea-praia-150x100.jpg 150w\" sizes=\"(max-width: 1900px) 100vw, 1900px\" \/><\/a><figcaption class=\"wp-element-caption\">Conhe\u00e7a o lan\u00e7amento <a href=\"https:\/\/lancamento.invexo.com.br\/rj\/green-park-barra\/\">Green Park Barra<\/a><\/figcaption><\/figure><\/div><\/div><\/div>\n\n\n\n<h2 class=\"wp-block-heading\">Praia de S\u00e3o Conrado<\/h2>\n\n\n\n<p>Por \u00faltimo, mas n\u00e3o menos importante, a <a href=\"https:\/\/invexo.com.br\/blog\/praia-sao-conrado\/\">Praia de S\u00e3o Conrado<\/a> tamb\u00e9m est\u00e1 entre as <strong>melhores praias do RJ<\/strong> para curtir em fam\u00edlia. <\/p>\n\n\n\n<p>Afinal, beleza, infraestrutura completa, tranquilidade e f\u00e1cil acesso s\u00e3o pontos fortes dessa que \u00e9 uma das praias favoritas dos moradores do <a href=\"https:\/\/invexo.com.br\/bairro\/sao-conrado-rio-de-janeiro-rj\/\">Bairro S\u00e3o Conrado<\/a> \u2013 e de toda a zona sul.<\/p>\n\n\n\n<p>Falando em beleza, a Praia de S\u00e3o Conrado d\u00e1 um show. Al\u00e9m do mar azul e areias claras, a regi\u00e3o \u00e9 agraciada pela vista da Pedra da G\u00e1vea e o Morro Dois Irm\u00e3os. \u00c9 tamb\u00e9m por isso que a praia \u00e9 um dos locais de pouso de asa-delta e parapente, pois, n\u00e3o d\u00e1 para resistir ao visual.&nbsp;<\/p>\n\n\n\n<p>A praia tamb\u00e9m conta com rampas de acesso para deficientes f\u00edsicos e Postos de Salvamento, equipados com duchas e banheiros. <\/p>\n\n\n\n<p>Em sua extens\u00e3o \u00e9 poss\u00edvel encontrar postos para aluguel de guarda-sol e cadeiras de praia, e tamb\u00e9m os mais variados quiosques \u2013 com comida e bebida para toda a fam\u00edlia.<\/p>\n\n\n\n\n\n<p>Qual das <strong>melhores praias do RJ<\/strong> n\u00e3o vai ficar de fora do seu pr\u00f3ximo roteiro? Lembre-se de compartilhar o conte\u00fado com os seus amigos e familiares para que todos conhe\u00e7am um pouco mais sobre as belezas da Cidade Maravilhosa.<\/p>\n","protected":false},"excerpt":{"rendered":"<p>Descubra quais s\u00e3o os verdadeiros tesouros da cidade maravilhosa Se ao pensar em Rio de Janeiro a primeira imagem que lhe vem \u00e0 cabe\u00e7a \u00e9 sol, p\u00e9 na areia e mar azul, saiba que voc\u00ea n\u00e3o est\u00e1 s\u00f3. A Cidade Maravilhosa n\u00e3o tem esse apelido por acaso. Afinal, um dos seus grandes destaques \u00e9 o&#8230;<\/p>\n","protected":false},"author":2,"featured_media":1576,"comment_status":"closed","ping_status":"closed","sticky":false,"template":"","format":"standard","meta":{"_acf_changed":false,"_kad_blocks_custom_css":"","_kad_blocks_head_custom_js":"","_kad_blocks_body_custom_js":"","_kad_blocks_footer_custom_js":"","_kadence_starter_templates_imported_post":false,"_kad_post_transparent":"","_kad_post_title":"","_kad_post_layout":"","_kad_post_sidebar_id":"","_kad_post_content_style":"","_kad_post_vertical_padding":"","_kad_post_feature":"","_kad_post_feature_position":"","_kad_post_header":false,"_kad_post_footer":false,"footnotes":""},"categories":[15],"tags":[],"acf":[],"yoast_head":"<!-- This site is optimized with the Yoast SEO plugin v24.1 - https:\/\/yoast.com\/wordpress\/plugins\/seo\/ -->\n<title>Melhores praias do RJ: op\u00e7\u00f5es para aproveitar em fam\u00edlia<\/title>\n<meta name=\"description\" content=\"Um dos destinos mais procurados quando o assunto \u00e9 praia, o Rio de Janeiro possui op\u00e7\u00f5es para quem quer aproveitar o ver\u00e3o com a fam\u00edlia em belas praias!\" \/>\n<meta name=\"robots\" content=\"index, follow, max-snippet:-1, max-image-preview:large, max-video-preview:-1\" \/>\n<link rel=\"canonical\" href=\"https:\/\/invexo.com.br\/blog\/melhores-praias-do-rj\/\" \/>\n<meta property=\"og:locale\" content=\"pt_BR\" \/>\n<meta property=\"og:type\" content=\"article\" \/>\n<meta property=\"og:title\" content=\"Melhores praias do RJ: op\u00e7\u00f5es para aproveitar em fam\u00edlia\" \/>\n<meta property=\"og:description\" content=\"Um dos destinos mais procurados quando o assunto \u00e9 praia, o Rio de Janeiro possui op\u00e7\u00f5es para quem quer aproveitar o ver\u00e3o com a fam\u00edlia em belas praias!\" \/>\n<meta property=\"og:url\" content=\"https:\/\/invexo.com.br\/blog\/melhores-praias-do-rj\/\" \/>\n<meta property=\"og:site_name\" content=\"Not\u00edcias RJ\" \/>\n<meta property=\"article:publisher\" content=\"https:\/\/facebook.com\/invexo\" \/>\n<meta property=\"article:author\" content=\"https:\/\/facebook.com\/invexo\" \/>\n<meta property=\"article:published_time\" content=\"2019-09-25T14:52:21+00:00\" \/>\n<meta property=\"article:modified_time\" content=\"2022-12-29T15:42:20+00:00\" \/>\n<meta property=\"og:image\" content=\"https:\/\/invexo.com.br\/blog\/wp-content\/uploads\/2019\/09\/praias-rj.jpg\" \/>\n\t<meta property=\"og:image:width\" content=\"1280\" \/>\n\t<meta property=\"og:image:height\" content=\"853\" \/>\n\t<meta property=\"og:image:type\" content=\"image\/jpeg\" \/>\n<meta name=\"author\" content=\"Ronnie Possatti\" \/>\n<meta name=\"twitter:card\" content=\"summary_large_image\" \/>\n<meta name=\"twitter:creator\" content=\"@https:\/\/twitter.com\/invexoimoveis\" \/>\n<meta name=\"twitter:site\" content=\"@invexoimoveis\" \/>\n<meta name=\"twitter:label1\" content=\"Escrito por\" \/>\n\t<meta name=\"twitter:data1\" content=\"Ronnie Possatti\" \/>\n\t<meta name=\"twitter:label2\" content=\"Est. tempo de leitura\" \/>\n\t<meta name=\"twitter:data2\" content=\"4 minutos\" \/>\n<script type=\"application\/ld+json\" class=\"yoast-schema-graph\">{\"@context\":\"https:\/\/schema.org\",\"@graph\":[{\"@type\":\"Article\",\"@id\":\"https:\/\/invexo.com.br\/blog\/melhores-praias-do-rj\/#article\",\"isPartOf\":{\"@id\":\"https:\/\/invexo.com.br\/blog\/melhores-praias-do-rj\/\"},\"author\":{\"name\":\"Ronnie Possatti\",\"@id\":\"https:\/\/invexo.com.br\/blog\/#\/schema\/person\/36bee32f1cfacde03dc4c9622a58778d\"},\"headline\":\"Guia com as melhores praias do Rio para curtir em fam\u00edlia\",\"datePublished\":\"2019-09-25T14:52:21+00:00\",\"dateModified\":\"2022-12-29T15:42:20+00:00\",\"mainEntityOfPage\":{\"@id\":\"https:\/\/invexo.com.br\/blog\/melhores-praias-do-rj\/\"},\"wordCount\":607,\"publisher\":{\"@id\":\"https:\/\/invexo.com.br\/blog\/#organization\"},\"image\":{\"@id\":\"https:\/\/invexo.com.br\/blog\/melhores-praias-do-rj\/#primaryimage\"},\"thumbnailUrl\":\"https:\/\/invexo.com.br\/blog\/wp-content\/uploads\/2019\/09\/praias-rj.jpg\",\"articleSection\":[\"Informa\u00e7\u00f5es\"],\"inLanguage\":\"pt-BR\"},{\"@type\":\"WebPage\",\"@id\":\"https:\/\/invexo.com.br\/blog\/melhores-praias-do-rj\/\",\"url\":\"https:\/\/invexo.com.br\/blog\/melhores-praias-do-rj\/\",\"name\":\"Melhores praias do RJ: op\u00e7\u00f5es para aproveitar em fam\u00edlia\",\"isPartOf\":{\"@id\":\"https:\/\/invexo.com.br\/blog\/#website\"},\"primaryImageOfPage\":{\"@id\":\"https:\/\/invexo.com.br\/blog\/melhores-praias-do-rj\/#primaryimage\"},\"image\":{\"@id\":\"https:\/\/invexo.com.br\/blog\/melhores-praias-do-rj\/#primaryimage\"},\"thumbnailUrl\":\"https:\/\/invexo.com.br\/blog\/wp-content\/uploads\/2019\/09\/praias-rj.jpg\",\"datePublished\":\"2019-09-25T14:52:21+00:00\",\"dateModified\":\"2022-12-29T15:42:20+00:00\",\"description\":\"Um dos destinos mais procurados quando o assunto \u00e9 praia, o Rio de Janeiro possui op\u00e7\u00f5es para quem quer aproveitar o ver\u00e3o com a fam\u00edlia em belas praias!\",\"breadcrumb\":{\"@id\":\"https:\/\/invexo.com.br\/blog\/melhores-praias-do-rj\/#breadcrumb\"},\"inLanguage\":\"pt-BR\",\"potentialAction\":[{\"@type\":\"ReadAction\",\"target\":[\"https:\/\/invexo.com.br\/blog\/melhores-praias-do-rj\/\"]}]},{\"@type\":\"ImageObject\",\"inLanguage\":\"pt-BR\",\"@id\":\"https:\/\/invexo.com.br\/blog\/melhores-praias-do-rj\/#primaryimage\",\"url\":\"https:\/\/invexo.com.br\/blog\/wp-content\/uploads\/2019\/09\/praias-rj.jpg\",\"contentUrl\":\"https:\/\/invexo.com.br\/blog\/wp-content\/uploads\/2019\/09\/praias-rj.jpg\",\"width\":1280,\"height\":853,\"caption\":\"Fim de tarde na praia\"},{\"@type\":\"BreadcrumbList\",\"@id\":\"https:\/\/invexo.com.br\/blog\/melhores-praias-do-rj\/#breadcrumb\",\"itemListElement\":[{\"@type\":\"ListItem\",\"position\":1,\"name\":\"Blog\",\"item\":\"https:\/\/invexo.com.br\/blog\/\"},{\"@type\":\"ListItem\",\"position\":2,\"name\":\"Informa\u00e7\u00f5es\",\"item\":\"https:\/\/invexo.com.br\/blog\/categoria\/informacoes\/\"},{\"@type\":\"ListItem\",\"position\":3,\"name\":\"Guia com as melhores praias do Rio para curtir em fam\u00edlia\"}]},{\"@type\":\"WebSite\",\"@id\":\"https:\/\/invexo.com.br\/blog\/#website\",\"url\":\"https:\/\/invexo.com.br\/blog\/\",\"name\":\"Not\u00edcias RJ\",\"description\":\"Not\u00edcias sobre im\u00f3veis, financiamento, mercado imobili\u00e1rio do Rio de Janeiro. Informa\u00e7\u00f5es sobre Bairros, Condom\u00ednios e Regi\u00e3o do Rio de Janeiro.\",\"publisher\":{\"@id\":\"https:\/\/invexo.com.br\/blog\/#organization\"},\"potentialAction\":[{\"@type\":\"SearchAction\",\"target\":{\"@type\":\"EntryPoint\",\"urlTemplate\":\"https:\/\/invexo.com.br\/blog\/?s={search_term_string}\"},\"query-input\":{\"@type\":\"PropertyValueSpecification\",\"valueRequired\":true,\"valueName\":\"search_term_string\"}}],\"inLanguage\":\"pt-BR\"},{\"@type\":\"Organization\",\"@id\":\"https:\/\/invexo.com.br\/blog\/#organization\",\"name\":\"INVEXO Imobili\u00e1ria\",\"url\":\"https:\/\/invexo.com.br\/blog\/\",\"logo\":{\"@type\":\"ImageObject\",\"inLanguage\":\"pt-BR\",\"@id\":\"https:\/\/invexo.com.br\/blog\/#\/schema\/logo\/image\/\",\"url\":\"https:\/\/invexo.com.br\/blog\/wp-content\/uploads\/2018\/09\/invexo-80-melhor.png\",\"contentUrl\":\"https:\/\/invexo.com.br\/blog\/wp-content\/uploads\/2018\/09\/invexo-80-melhor.png\",\"width\":247,\"height\":80,\"caption\":\"INVEXO Imobili\u00e1ria\"},\"image\":{\"@id\":\"https:\/\/invexo.com.br\/blog\/#\/schema\/logo\/image\/\"},\"sameAs\":[\"https:\/\/facebook.com\/invexo\",\"https:\/\/x.com\/invexoimoveis\"]},{\"@type\":\"Person\",\"@id\":\"https:\/\/invexo.com.br\/blog\/#\/schema\/person\/36bee32f1cfacde03dc4c9622a58778d\",\"name\":\"Ronnie Possatti\",\"image\":{\"@type\":\"ImageObject\",\"inLanguage\":\"pt-BR\",\"@id\":\"https:\/\/invexo.com.br\/blog\/#\/schema\/person\/image\/\",\"url\":\"https:\/\/secure.gravatar.com\/avatar\/51a6cdcc215551235c39affb853f1e38?s=96&d=blank&r=g\",\"contentUrl\":\"https:\/\/secure.gravatar.com\/avatar\/51a6cdcc215551235c39affb853f1e38?s=96&d=blank&r=g\",\"caption\":\"Ronnie Possatti\"},\"description\":\"Equipe de especialistas que traz para seus leitores conte\u00fados relevantes e de qualidade sobre bairros, condom\u00ednios, lan\u00e7amentos e not\u00edcias imobili\u00e1rias no Rio de Janeiro.\",\"sameAs\":[\"https:\/\/facebook.com\/invexo\",\"https:\/\/instagram.com\/invexo\",\"https:\/\/x.com\/https:\/\/twitter.com\/invexoimoveis\"],\"url\":\"https:\/\/invexo.com.br\/blog\/author\/invexo\/\"}]}<\/script>\n<!-- \/ Yoast SEO plugin. -->","yoast_head_json":{"title":"Melhores praias do RJ: op\u00e7\u00f5es para aproveitar em fam\u00edlia","description":"Um dos destinos mais procurados quando o assunto \u00e9 praia, o Rio de Janeiro possui op\u00e7\u00f5es para quem quer aproveitar o ver\u00e3o com a fam\u00edlia em belas praias!","robots":{"index":"index","follow":"follow","max-snippet":"max-snippet:-1","max-image-preview":"max-image-preview:large","max-video-preview":"max-video-preview:-1"},"canonical":"https:\/\/invexo.com.br\/blog\/melhores-praias-do-rj\/","og_locale":"pt_BR","og_type":"article","og_title":"Melhores praias do RJ: op\u00e7\u00f5es para aproveitar em fam\u00edlia","og_description":"Um dos destinos mais procurados quando o assunto \u00e9 praia, o Rio de Janeiro possui op\u00e7\u00f5es para quem quer aproveitar o ver\u00e3o com a fam\u00edlia em belas praias!","og_url":"https:\/\/invexo.com.br\/blog\/melhores-praias-do-rj\/","og_site_name":"Not\u00edcias RJ","article_publisher":"https:\/\/facebook.com\/invexo","article_author":"https:\/\/facebook.com\/invexo","article_published_time":"2019-09-25T14:52:21+00:00","article_modified_time":"2022-12-29T15:42:20+00:00","og_image":[{"width":1280,"height":853,"url":"https:\/\/invexo.com.br\/blog\/wp-content\/uploads\/2019\/09\/praias-rj.jpg","type":"image\/jpeg"}],"author":"Ronnie Possatti","twitter_card":"summary_large_image","twitter_creator":"@https:\/\/twitter.com\/invexoimoveis","twitter_site":"@invexoimoveis","twitter_misc":{"Escrito por":"Ronnie Possatti","Est. tempo de leitura":"4 minutos"},"schema":{"@context":"https:\/\/schema.org","@graph":[{"@type":"Article","@id":"https:\/\/invexo.com.br\/blog\/melhores-praias-do-rj\/#article","isPartOf":{"@id":"https:\/\/invexo.com.br\/blog\/melhores-praias-do-rj\/"},"author":{"name":"Ronnie Possatti","@id":"https:\/\/invexo.com.br\/blog\/#\/schema\/person\/36bee32f1cfacde03dc4c9622a58778d"},"headline":"Guia com as melhores praias do Rio para curtir em fam\u00edlia","datePublished":"2019-09-25T14:52:21+00:00","dateModified":"2022-12-29T15:42:20+00:00","mainEntityOfPage":{"@id":"https:\/\/invexo.com.br\/blog\/melhores-praias-do-rj\/"},"wordCount":607,"publisher":{"@id":"https:\/\/invexo.com.br\/blog\/#organization"},"image":{"@id":"https:\/\/invexo.com.br\/blog\/melhores-praias-do-rj\/#primaryimage"},"thumbnailUrl":"https:\/\/invexo.com.br\/blog\/wp-content\/uploads\/2019\/09\/praias-rj.jpg","articleSection":["Informa\u00e7\u00f5es"],"inLanguage":"pt-BR"},{"@type":"WebPage","@id":"https:\/\/invexo.com.br\/blog\/melhores-praias-do-rj\/","url":"https:\/\/invexo.com.br\/blog\/melhores-praias-do-rj\/","name":"Melhores praias do RJ: op\u00e7\u00f5es para aproveitar em fam\u00edlia","isPartOf":{"@id":"https:\/\/invexo.com.br\/blog\/#website"},"primaryImageOfPage":{"@id":"https:\/\/invexo.com.br\/blog\/melhores-praias-do-rj\/#primaryimage"},"image":{"@id":"https:\/\/invexo.com.br\/blog\/melhores-praias-do-rj\/#primaryimage"},"thumbnailUrl":"https:\/\/invexo.com.br\/blog\/wp-content\/uploads\/2019\/09\/praias-rj.jpg","datePublished":"2019-09-25T14:52:21+00:00","dateModified":"2022-12-29T15:42:20+00:00","description":"Um dos destinos mais procurados quando o assunto \u00e9 praia, o Rio de Janeiro possui op\u00e7\u00f5es para quem quer aproveitar o ver\u00e3o com a fam\u00edlia em belas praias!","breadcrumb":{"@id":"https:\/\/invexo.com.br\/blog\/melhores-praias-do-rj\/#breadcrumb"},"inLanguage":"pt-BR","potentialAction":[{"@type":"ReadAction","target":["https:\/\/invexo.com.br\/blog\/melhores-praias-do-rj\/"]}]},{"@type":"ImageObject","inLanguage":"pt-BR","@id":"https:\/\/invexo.com.br\/blog\/melhores-praias-do-rj\/#primaryimage","url":"https:\/\/invexo.com.br\/blog\/wp-content\/uploads\/2019\/09\/praias-rj.jpg","contentUrl":"https:\/\/invexo.com.br\/blog\/wp-content\/uploads\/2019\/09\/praias-rj.jpg","width":1280,"height":853,"caption":"Fim de tarde na praia"},{"@type":"BreadcrumbList","@id":"https:\/\/invexo.com.br\/blog\/melhores-praias-do-rj\/#breadcrumb","itemListElement":[{"@type":"ListItem","position":1,"name":"Blog","item":"https:\/\/invexo.com.br\/blog\/"},{"@type":"ListItem","position":2,"name":"Informa\u00e7\u00f5es","item":"https:\/\/invexo.com.br\/blog\/categoria\/informacoes\/"},{"@type":"ListItem","position":3,"name":"Guia com as melhores praias do Rio para curtir em fam\u00edlia"}]},{"@type":"WebSite","@id":"https:\/\/invexo.com.br\/blog\/#website","url":"https:\/\/invexo.com.br\/blog\/","name":"Not\u00edcias RJ","description":"Not\u00edcias sobre im\u00f3veis, financiamento, mercado imobili\u00e1rio do Rio de Janeiro. Informa\u00e7\u00f5es sobre Bairros, Condom\u00ednios e Regi\u00e3o do Rio de Janeiro.","publisher":{"@id":"https:\/\/invexo.com.br\/blog\/#organization"},"potentialAction":[{"@type":"SearchAction","target":{"@type":"EntryPoint","urlTemplate":"https:\/\/invexo.com.br\/blog\/?s={search_term_string}"},"query-input":{"@type":"PropertyValueSpecification","valueRequired":true,"valueName":"search_term_string"}}],"inLanguage":"pt-BR"},{"@type":"Organization","@id":"https:\/\/invexo.com.br\/blog\/#organization","name":"INVEXO Imobili\u00e1ria","url":"https:\/\/invexo.com.br\/blog\/","logo":{"@type":"ImageObject","inLanguage":"pt-BR","@id":"https:\/\/invexo.com.br\/blog\/#\/schema\/logo\/image\/","url":"https:\/\/invexo.com.br\/blog\/wp-content\/uploads\/2018\/09\/invexo-80-melhor.png","contentUrl":"https:\/\/invexo.com.br\/blog\/wp-content\/uploads\/2018\/09\/invexo-80-melhor.png","width":247,"height":80,"caption":"INVEXO Imobili\u00e1ria"},"image":{"@id":"https:\/\/invexo.com.br\/blog\/#\/schema\/logo\/image\/"},"sameAs":["https:\/\/facebook.com\/invexo","https:\/\/x.com\/invexoimoveis"]},{"@type":"Person","@id":"https:\/\/invexo.com.br\/blog\/#\/schema\/person\/36bee32f1cfacde03dc4c9622a58778d","name":"Ronnie Possatti","image":{"@type":"ImageObject","inLanguage":"pt-BR","@id":"https:\/\/invexo.com.br\/blog\/#\/schema\/person\/image\/","url":"https:\/\/secure.gravatar.com\/avatar\/51a6cdcc215551235c39affb853f1e38?s=96&d=blank&r=g","contentUrl":"https:\/\/secure.gravatar.com\/avatar\/51a6cdcc215551235c39affb853f1e38?s=96&d=blank&r=g","caption":"Ronnie Possatti"},"description":"Equipe de especialistas que traz para seus leitores conte\u00fados relevantes e de qualidade sobre bairros, condom\u00ednios, lan\u00e7amentos e not\u00edcias imobili\u00e1rias no Rio de Janeiro.","sameAs":["https:\/\/facebook.com\/invexo","https:\/\/instagram.com\/invexo","https:\/\/x.com\/https:\/\/twitter.com\/invexoimoveis"],"url":"https:\/\/invexo.com.br\/blog\/author\/invexo\/"}]}},"taxonomy_info":{"category":[{"value":15,"label":"Informa\u00e7\u00f5es"}]},"featured_image_src_large":["https:\/\/invexo.com.br\/blog\/wp-content\/uploads\/2019\/09\/praias-rj-1024x682.jpg",1024,682,true],"author_info":{"display_name":"Ronnie Possatti","author_link":"https:\/\/invexo.com.br\/blog\/author\/invexo\/"},"comment_info":0,"category_info":[{"term_id":15,"name":"Informa\u00e7\u00f5es","slug":"informacoes","term_group":0,"term_taxonomy_id":15,"taxonomy":"category","description":"Informa\u00e7\u00f5es, experi\u00eancia nos melhores estabelecimentos em bairros nobres para se viver no Rio de Janeiro. Tudo sobre cultura, entretenimento e lazer.","parent":0,"count":1297,"filter":"raw","cat_ID":15,"category_count":1297,"category_description":"Informa\u00e7\u00f5es, experi\u00eancia nos melhores estabelecimentos em bairros nobres para se viver no Rio de Janeiro. Tudo sobre cultura, entretenimento e lazer.","cat_name":"Informa\u00e7\u00f5es","category_nicename":"informacoes","category_parent":0}],"tag_info":false,"_links":{"self":[{"href":"https:\/\/invexo.com.br\/blog\/wp-json\/wp\/v2\/posts\/1575"}],"collection":[{"href":"https:\/\/invexo.com.br\/blog\/wp-json\/wp\/v2\/posts"}],"about":[{"href":"https:\/\/invexo.com.br\/blog\/wp-json\/wp\/v2\/types\/post"}],"author":[{"embeddable":true,"href":"https:\/\/invexo.com.br\/blog\/wp-json\/wp\/v2\/users\/2"}],"replies":[{"embeddable":true,"href":"https:\/\/invexo.com.br\/blog\/wp-json\/wp\/v2\/comments?post=1575"}],"version-history":[{"count":2,"href":"https:\/\/invexo.com.br\/blog\/wp-json\/wp\/v2\/posts\/1575\/revisions"}],"predecessor-version":[{"id":33443,"href":"https:\/\/invexo.com.br\/blog\/wp-json\/wp\/v2\/posts\/1575\/revisions\/33443"}],"wp:featuredmedia":[{"embeddable":true,"href":"https:\/\/invexo.com.br\/blog\/wp-json\/wp\/v2\/media\/1576"}],"wp:attachment":[{"href":"https:\/\/invexo.com.br\/blog\/wp-json\/wp\/v2\/media?parent=1575"}],"wp:term":[{"taxonomy":"category","embeddable":true,"href":"https:\/\/invexo.com.br\/blog\/wp-json\/wp\/v2\/categories?post=1575"},{"taxonomy":"post_tag","embeddable":true,"href":"https:\/\/invexo.com.br\/blog\/wp-json\/wp\/v2\/tags?post=1575"}],"curies":[{"name":"wp","href":"https:\/\/api.w.org\/{rel}","templated":true}]}}