{"id":1547,"date":"2019-09-18T17:33:40","date_gmt":"2019-09-18T20:33:40","guid":{"rendered":"https:\/\/invexo.com.br\/blog\/?p=1547"},"modified":"2022-12-29T11:07:35","modified_gmt":"2022-12-29T14:07:35","slug":"morar-em-sao-conrado","status":"publish","type":"post","link":"https:\/\/invexo.com.br\/blog\/morar-em-sao-conrado\/","title":{"rendered":"Por que morar em S\u00e3o Conrado"},"content":{"rendered":"\n<p><em>Conhe\u00e7a mais detalhes sobre um dos bairros mais disputados do Rio de Janeiro<\/em><\/p>\n\n\n\n<p>Considerado um dos melhores bairros para se morar no Rio de Janeiro, S\u00e3o Conrado fica na zona sul, regi\u00e3o muito disputada da capital carioca.&nbsp;<\/p>\n\n\n\n<p>Proximidade da natureza, infraestrutura moderna e mobilidade de dar inveja s\u00e3o s\u00f3 alguns dos motivos que fazem do bairro uma excelente op\u00e7\u00e3o para quem busca uma casa ou <strong>apartamento em S\u00e3o Conrado RJ.<\/strong><\/p>\n\n\n\n<p>Confira a seguir quais s\u00e3o os principais motivos que fazem de S\u00e3o Conrado um dos bairros mais cobi\u00e7ados do Rio de Janeiro.<\/p>\n\n\n\n\n\n\n\n<h2 class=\"wp-block-heading\" id=\"transporte-publico-de-qualidade\">Transporte p\u00fablico de qualidade<\/h2>\n\n\n\n<p>O bairro de S\u00e3o Conrado possui esta\u00e7\u00e3o de metr\u00f4 pr\u00f3pria, com tr\u00eas acessos de passageiros: na Estrada da G\u00e1vea, pr\u00f3ximo ao antigo supermercado Extra; na Avenida Niemeyer, acesso pela Avenida Aquarela do Brasil.<\/p>\n\n\n\n<p>Al\u00e9m de ser um meio de transporte r\u00e1pido e eficiente, o metr\u00f4 \u00e9 tamb\u00e9m 100% acess\u00edvel a pessoas com defici\u00eancia e conta com a m\u00e1quina de cart\u00e3o Metr\u00f4Rio. A partir dessa maquininha, os passageiros podem adicionar carga ao seu cart\u00e3o de transporte sem pegar filas, com muita autonomia.<\/p>\n\n\n\n<h2 class=\"wp-block-heading\" id=\"acesso-facil-a-varias-localidades-do-rio-de-janeiro\">Acesso f\u00e1cil a v\u00e1rias localidades do Rio de Janeiro<\/h2>\n\n\n\n<p>Quem mora em uma casa ou <strong>apartamento em S\u00e3o Conrado RJ <\/strong>conta com facilidade de mobilidade n\u00e3o s\u00f3 gra\u00e7as ao metr\u00f4, mas tamb\u00e9m pela localidade do bairro. Ao pegar as principais avenidas, \u00e9 poss\u00edvel, em poucos minutos, chegar em diferentes cantos da Cidade Maravilhosa.&nbsp;<\/p>\n\n\n\n<p>Pela avenida beira mar, por exemplo, \u00e9 muito f\u00e1cil chegar no Leblon e tamb\u00e9m em Ipanema, dois importantes bairros da capital carioca. O bairro tamb\u00e9m conta com boa infraestrutura para quem prefere se locomover a p\u00e9 ou de bicicleta.<\/p>\n\n\n<div class=\"wp-block-image\">\n<figure class=\"aligncenter\"><img decoding=\"async\" src=\"https:\/\/invexo.com.br\/blog\/wp-content\/uploads\/2019\/09\/praia-rio-de-janeiro-1024x732.jpg\" alt=\"Mulher caminhando na areia\" class=\"wp-image-1549\"\/><\/figure><\/div>\n\n\n<h2 class=\"wp-block-heading\" id=\"empreendimentos-encantadores\">Empreendimentos encantadores<\/h2>\n\n\n\n<p>Por se tratar de um bairro disputad\u00edssimo, <a href=\"https:\/\/invexo.com.br\/bairro\/sao-conrado-rio-de-janeiro-rj\/\" target=\"_blank\" rel=\"noreferrer noopener\">S\u00e3o Conrado<\/a> \u00e9 tamb\u00e9m um grande p\u00f3lo de empreendimentos imobili\u00e1rios, pois, a regi\u00e3o \u00e9 altamente valorizada.&nbsp;<\/p>\n\n\n\n<figure class=\"wp-block-image size-large\"><a href=\"https:\/\/luxury.invexo.com.br\/bairro\/sao-conrado\/\" target=\"_blank\" rel=\"noreferrer noopener\"><img decoding=\"async\" width=\"1024\" height=\"221\" src=\"https:\/\/invexo.com.br\/blog\/wp-content\/uploads\/2022\/08\/imoveis-residenciais-sao-conrado-rio-de-janeiro-rj-1024x221.jpg\" alt=\"\" class=\"wp-image-29033\" srcset=\"https:\/\/invexo.com.br\/blog\/wp-content\/uploads\/2022\/08\/imoveis-residenciais-sao-conrado-rio-de-janeiro-rj-1024x221.jpg 1024w, https:\/\/invexo.com.br\/blog\/wp-content\/uploads\/2022\/08\/imoveis-residenciais-sao-conrado-rio-de-janeiro-rj-300x65.jpg 300w, https:\/\/invexo.com.br\/blog\/wp-content\/uploads\/2022\/08\/imoveis-residenciais-sao-conrado-rio-de-janeiro-rj-768x165.jpg 768w, https:\/\/invexo.com.br\/blog\/wp-content\/uploads\/2022\/08\/imoveis-residenciais-sao-conrado-rio-de-janeiro-rj.jpg 1300w\" sizes=\"(max-width: 1024px) 100vw, 1024px\" \/><\/a><\/figure>\n\n\n\n<p>Quem busca morar em um <strong>apartamento em S\u00e3o Conrado RJ <\/strong>pode optar entre as mais infinitas op\u00e7\u00f5es de condom\u00ednios, com diferentes estilos e caracter\u00edsticas \u2013 a maioria deles de alto padr\u00e3o.<\/p>\n\n\n\n<h2 class=\"wp-block-heading\" id=\"lazer-para-toda-a-familia\">Lazer para toda a fam\u00edlia<\/h2>\n\n\n\n<p>Al\u00e9m da infraestrutura, mobilidade e mercado imobili\u00e1rio aquecido, em S\u00e3o Conrado as op\u00e7\u00f5es de lazer merecem destaque. <\/p>\n\n\n\n<p>Al\u00e9m da Praia de S\u00e3o Conrado e dos pontos de Voo Livre \u2013 Asa Delta e Parapente \u2013 com vista para a Pedra da G\u00e1vea, no bairro est\u00e3o localizados o G\u00e1vea Golf and Country Club e o Shopping Mall. <br><br>Mais do que isso, a regi\u00e3o conta com restaurantes, bares e casas noturnas para quem n\u00e3o abre m\u00e3o de bom divertimento noturno e alta gastronomia<\/p>\n\n\n\n<p>Gostou de saber um pouco mais sobre por que morar em S\u00e3o Conrado \u00e9 uma boa ideia? Depois disso, o que n\u00e3o falta \u00e9 motivo para procurar o seu <strong>apartamento em S\u00e3o Conrado RJ<\/strong>. Afinal, quem \u00e9 que n\u00e3o quer desfrutar de tudo o que uma das regi\u00f5es mais exclusivas da capital carioca pode oferecer?<\/p>\n\n\n\n<p>Compartilhe este conte\u00fado tamb\u00e9m com os seus amigos que est\u00e3o em busca do <a href=\"https:\/\/invexo.com.br\/blog\/descubra-como-escolher-o-apartamento-dos-sonhos\/\">im\u00f3vel dos sonhos<\/a> no Rio de Janeiro, mas n\u00e3o se decidiram quanto ao bairro.<\/p>\n\n\n\n<p>Oportunidades \u00fanicas de im\u00f3veis em S\u00e3o Conrado. Fa\u00e7a parte do nosso <strong><a href=\"https:\/\/whatsapp.com\/channel\/0029VaB0crhDZ4LfWQoKd22G\">canal exclusivo no WhatsApp<\/a><\/strong> e tenha acesso antecipado aos im\u00f3veis \u00e0 venda na regi\u00e3o.<\/p>\n\n\n<div class=\"\"><div class='_form_8'><\/div><script type='text\/javascript' src='https:\/\/invexo.activehosted.com\/f\/embed.php?static=0&id=8&69F24ADC16A92&nostyles=0&preview=0'><\/script><\/div>\n\n\n<p><\/p>\n\n\n\n<p>Com um dos m\u00b2 mais valorizados do Rio de Janeiro, o bairro de S\u00e3o Conrado abriga os melhores im\u00f3veis da regi\u00e3o, situados em <a href=\"https:\/\/invexo.com.br\/blog\/condominio-sao-conrado\/\" target=\"_blank\" rel=\"noreferrer noopener\">condom\u00ednios em S\u00e3o Conrado<\/a> que ficam pr\u00f3ximos \u00e0 praia e ao sossego de um bairro tipicamente residencial. Confira os <a href=\"https:\/\/luxury.invexo.com.br\/apartamento-em-sao-conrado\/?utm_source=blog&amp;utm_medium=blocofim\" target=\"_blank\" rel=\"noreferrer noopener\">im\u00f3veis em S\u00e3o Conrado<\/a> com a INVEXO, imobili\u00e1ria especializada no segmento de luxo no Rio de Janeiro.<\/p>\n\n\n\n<figure class=\"wp-block-image size-full\"><a href=\"https:\/\/luxury.invexo.com.br\/apartamento-em-sao-conrado\/?utm_source=blog&amp;utm_medium=blocofim\" target=\"_blank\" rel=\"noreferrer noopener\"><img decoding=\"async\" width=\"1300\" height=\"280\" src=\"https:\/\/invexo.com.br\/blog\/wp-content\/uploads\/2021\/05\/bloco-reutilizavel-sao-conrado.jpg\" alt=\"Im\u00f3veis de luxo em S\u00e3o Conrado\" class=\"wp-image-34725\" srcset=\"https:\/\/invexo.com.br\/blog\/wp-content\/uploads\/2021\/05\/bloco-reutilizavel-sao-conrado.jpg 1300w, https:\/\/invexo.com.br\/blog\/wp-content\/uploads\/2021\/05\/bloco-reutilizavel-sao-conrado-300x65.jpg 300w, https:\/\/invexo.com.br\/blog\/wp-content\/uploads\/2021\/05\/bloco-reutilizavel-sao-conrado-1024x221.jpg 1024w, https:\/\/invexo.com.br\/blog\/wp-content\/uploads\/2021\/05\/bloco-reutilizavel-sao-conrado-768x165.jpg 768w, https:\/\/invexo.com.br\/blog\/wp-content\/uploads\/2021\/05\/bloco-reutilizavel-sao-conrado-150x32.jpg 150w\" sizes=\"(max-width: 1300px) 100vw, 1300px\" \/><\/a><\/figure>\n","protected":false},"excerpt":{"rendered":"<p>Conhe\u00e7a mais detalhes sobre um dos bairros mais disputados do Rio de Janeiro Considerado um dos melhores bairros para se morar no Rio de Janeiro, S\u00e3o Conrado fica na zona sul, regi\u00e3o muito disputada da capital carioca.&nbsp; Proximidade da natureza, infraestrutura moderna e mobilidade de dar inveja s\u00e3o s\u00f3 alguns dos motivos que fazem do&#8230;<\/p>\n","protected":false},"author":2,"featured_media":1548,"comment_status":"closed","ping_status":"closed","sticky":false,"template":"","format":"standard","meta":{"_acf_changed":false,"_kad_blocks_custom_css":"","_kad_blocks_head_custom_js":"","_kad_blocks_body_custom_js":"","_kad_blocks_footer_custom_js":"","_kadence_starter_templates_imported_post":false,"_kad_post_transparent":"","_kad_post_title":"","_kad_post_layout":"","_kad_post_sidebar_id":"","_kad_post_content_style":"","_kad_post_vertical_padding":"","_kad_post_feature":"","_kad_post_feature_position":"","_kad_post_header":false,"_kad_post_footer":false,"footnotes":""},"categories":[15],"tags":[],"acf":[],"yoast_head":"<!-- This site is optimized with the Yoast SEO plugin v24.1 - https:\/\/yoast.com\/wordpress\/plugins\/seo\/ -->\n<title>Morar em S\u00e3o Conrado: raz\u00f5es para fazer do bairro seu endere\u00e7o!<\/title>\n<meta name=\"description\" content=\"Ter um apartamento em S\u00e3o Conrado Rj \u00e9 o sonho de muitos na cidade carioca. Saiba quais s\u00e3o as raz\u00f5es para o bairro ser t\u00e3o cobi\u00e7ado!\" \/>\n<meta name=\"robots\" content=\"index, follow, max-snippet:-1, max-image-preview:large, max-video-preview:-1\" \/>\n<link rel=\"canonical\" href=\"https:\/\/invexo.com.br\/blog\/morar-em-sao-conrado\/\" \/>\n<meta property=\"og:locale\" content=\"pt_BR\" \/>\n<meta property=\"og:type\" content=\"article\" \/>\n<meta property=\"og:title\" content=\"Morar em S\u00e3o Conrado: raz\u00f5es para fazer do bairro seu endere\u00e7o!\" \/>\n<meta property=\"og:description\" content=\"Ter um apartamento em S\u00e3o Conrado Rj \u00e9 o sonho de muitos na cidade carioca. Saiba quais s\u00e3o as raz\u00f5es para o bairro ser t\u00e3o cobi\u00e7ado!\" \/>\n<meta property=\"og:url\" content=\"https:\/\/invexo.com.br\/blog\/morar-em-sao-conrado\/\" \/>\n<meta property=\"og:site_name\" content=\"Not\u00edcias RJ\" \/>\n<meta property=\"article:publisher\" content=\"https:\/\/facebook.com\/invexo\" \/>\n<meta property=\"article:author\" content=\"https:\/\/facebook.com\/invexo\" \/>\n<meta property=\"article:published_time\" content=\"2019-09-18T20:33:40+00:00\" \/>\n<meta property=\"article:modified_time\" content=\"2022-12-29T14:07:35+00:00\" \/>\n<meta property=\"og:image\" content=\"https:\/\/invexo.com.br\/blog\/wp-content\/uploads\/2019\/09\/morar-sao-conrado-scaled.jpg\" \/>\n\t<meta property=\"og:image:width\" content=\"2560\" \/>\n\t<meta property=\"og:image:height\" content=\"1707\" \/>\n\t<meta property=\"og:image:type\" content=\"image\/jpeg\" \/>\n<meta name=\"author\" content=\"Ronnie Possatti\" \/>\n<meta name=\"twitter:card\" content=\"summary_large_image\" \/>\n<meta name=\"twitter:creator\" content=\"@https:\/\/twitter.com\/invexoimoveis\" \/>\n<meta name=\"twitter:site\" content=\"@invexoimoveis\" \/>\n<meta name=\"twitter:label1\" content=\"Escrito por\" \/>\n\t<meta name=\"twitter:data1\" content=\"Ronnie Possatti\" \/>\n\t<meta name=\"twitter:label2\" content=\"Est. tempo de leitura\" \/>\n\t<meta name=\"twitter:data2\" content=\"4 minutos\" \/>\n<script type=\"application\/ld+json\" class=\"yoast-schema-graph\">{\"@context\":\"https:\/\/schema.org\",\"@graph\":[{\"@type\":\"Article\",\"@id\":\"https:\/\/invexo.com.br\/blog\/morar-em-sao-conrado\/#article\",\"isPartOf\":{\"@id\":\"https:\/\/invexo.com.br\/blog\/morar-em-sao-conrado\/\"},\"author\":{\"name\":\"Ronnie Possatti\",\"@id\":\"https:\/\/invexo.com.br\/blog\/#\/schema\/person\/36bee32f1cfacde03dc4c9622a58778d\"},\"headline\":\"Por que morar em S\u00e3o Conrado\",\"datePublished\":\"2019-09-18T20:33:40+00:00\",\"dateModified\":\"2022-12-29T14:07:35+00:00\",\"mainEntityOfPage\":{\"@id\":\"https:\/\/invexo.com.br\/blog\/morar-em-sao-conrado\/\"},\"wordCount\":560,\"publisher\":{\"@id\":\"https:\/\/invexo.com.br\/blog\/#organization\"},\"image\":{\"@id\":\"https:\/\/invexo.com.br\/blog\/morar-em-sao-conrado\/#primaryimage\"},\"thumbnailUrl\":\"https:\/\/invexo.com.br\/blog\/wp-content\/uploads\/2019\/09\/morar-sao-conrado-scaled.jpg\",\"articleSection\":[\"Informa\u00e7\u00f5es\"],\"inLanguage\":\"pt-BR\"},{\"@type\":\"WebPage\",\"@id\":\"https:\/\/invexo.com.br\/blog\/morar-em-sao-conrado\/\",\"url\":\"https:\/\/invexo.com.br\/blog\/morar-em-sao-conrado\/\",\"name\":\"Morar em S\u00e3o Conrado: raz\u00f5es para fazer do bairro seu endere\u00e7o!\",\"isPartOf\":{\"@id\":\"https:\/\/invexo.com.br\/blog\/#website\"},\"primaryImageOfPage\":{\"@id\":\"https:\/\/invexo.com.br\/blog\/morar-em-sao-conrado\/#primaryimage\"},\"image\":{\"@id\":\"https:\/\/invexo.com.br\/blog\/morar-em-sao-conrado\/#primaryimage\"},\"thumbnailUrl\":\"https:\/\/invexo.com.br\/blog\/wp-content\/uploads\/2019\/09\/morar-sao-conrado-scaled.jpg\",\"datePublished\":\"2019-09-18T20:33:40+00:00\",\"dateModified\":\"2022-12-29T14:07:35+00:00\",\"description\":\"Ter um apartamento em S\u00e3o Conrado Rj \u00e9 o sonho de muitos na cidade carioca. Saiba quais s\u00e3o as raz\u00f5es para o bairro ser t\u00e3o cobi\u00e7ado!\",\"breadcrumb\":{\"@id\":\"https:\/\/invexo.com.br\/blog\/morar-em-sao-conrado\/#breadcrumb\"},\"inLanguage\":\"pt-BR\",\"potentialAction\":[{\"@type\":\"ReadAction\",\"target\":[\"https:\/\/invexo.com.br\/blog\/morar-em-sao-conrado\/\"]}]},{\"@type\":\"ImageObject\",\"inLanguage\":\"pt-BR\",\"@id\":\"https:\/\/invexo.com.br\/blog\/morar-em-sao-conrado\/#primaryimage\",\"url\":\"https:\/\/invexo.com.br\/blog\/wp-content\/uploads\/2019\/09\/morar-sao-conrado-scaled.jpg\",\"contentUrl\":\"https:\/\/invexo.com.br\/blog\/wp-content\/uploads\/2019\/09\/morar-sao-conrado-scaled.jpg\",\"width\":2560,\"height\":1707,\"caption\":\"Bairro visto de cima\"},{\"@type\":\"BreadcrumbList\",\"@id\":\"https:\/\/invexo.com.br\/blog\/morar-em-sao-conrado\/#breadcrumb\",\"itemListElement\":[{\"@type\":\"ListItem\",\"position\":1,\"name\":\"Blog\",\"item\":\"https:\/\/invexo.com.br\/blog\/\"},{\"@type\":\"ListItem\",\"position\":2,\"name\":\"Informa\u00e7\u00f5es\",\"item\":\"https:\/\/invexo.com.br\/blog\/categoria\/informacoes\/\"},{\"@type\":\"ListItem\",\"position\":3,\"name\":\"Por que morar em S\u00e3o Conrado\"}]},{\"@type\":\"WebSite\",\"@id\":\"https:\/\/invexo.com.br\/blog\/#website\",\"url\":\"https:\/\/invexo.com.br\/blog\/\",\"name\":\"Not\u00edcias RJ\",\"description\":\"Not\u00edcias sobre im\u00f3veis, financiamento, mercado imobili\u00e1rio do Rio de Janeiro. Informa\u00e7\u00f5es sobre Bairros, Condom\u00ednios e Regi\u00e3o do Rio de Janeiro.\",\"publisher\":{\"@id\":\"https:\/\/invexo.com.br\/blog\/#organization\"},\"potentialAction\":[{\"@type\":\"SearchAction\",\"target\":{\"@type\":\"EntryPoint\",\"urlTemplate\":\"https:\/\/invexo.com.br\/blog\/?s={search_term_string}\"},\"query-input\":{\"@type\":\"PropertyValueSpecification\",\"valueRequired\":true,\"valueName\":\"search_term_string\"}}],\"inLanguage\":\"pt-BR\"},{\"@type\":\"Organization\",\"@id\":\"https:\/\/invexo.com.br\/blog\/#organization\",\"name\":\"INVEXO Imobili\u00e1ria\",\"url\":\"https:\/\/invexo.com.br\/blog\/\",\"logo\":{\"@type\":\"ImageObject\",\"inLanguage\":\"pt-BR\",\"@id\":\"https:\/\/invexo.com.br\/blog\/#\/schema\/logo\/image\/\",\"url\":\"https:\/\/invexo.com.br\/blog\/wp-content\/uploads\/2018\/09\/invexo-80-melhor.png\",\"contentUrl\":\"https:\/\/invexo.com.br\/blog\/wp-content\/uploads\/2018\/09\/invexo-80-melhor.png\",\"width\":247,\"height\":80,\"caption\":\"INVEXO Imobili\u00e1ria\"},\"image\":{\"@id\":\"https:\/\/invexo.com.br\/blog\/#\/schema\/logo\/image\/\"},\"sameAs\":[\"https:\/\/facebook.com\/invexo\",\"https:\/\/x.com\/invexoimoveis\"]},{\"@type\":\"Person\",\"@id\":\"https:\/\/invexo.com.br\/blog\/#\/schema\/person\/36bee32f1cfacde03dc4c9622a58778d\",\"name\":\"Ronnie Possatti\",\"image\":{\"@type\":\"ImageObject\",\"inLanguage\":\"pt-BR\",\"@id\":\"https:\/\/invexo.com.br\/blog\/#\/schema\/person\/image\/\",\"url\":\"https:\/\/secure.gravatar.com\/avatar\/51a6cdcc215551235c39affb853f1e38?s=96&d=blank&r=g\",\"contentUrl\":\"https:\/\/secure.gravatar.com\/avatar\/51a6cdcc215551235c39affb853f1e38?s=96&d=blank&r=g\",\"caption\":\"Ronnie Possatti\"},\"description\":\"Equipe de especialistas que traz para seus leitores conte\u00fados relevantes e de qualidade sobre bairros, condom\u00ednios, lan\u00e7amentos e not\u00edcias imobili\u00e1rias no Rio de Janeiro.\",\"sameAs\":[\"https:\/\/facebook.com\/invexo\",\"https:\/\/instagram.com\/invexo\",\"https:\/\/x.com\/https:\/\/twitter.com\/invexoimoveis\"],\"url\":\"https:\/\/invexo.com.br\/blog\/author\/invexo\/\"}]}<\/script>\n<!-- \/ Yoast SEO plugin. -->","yoast_head_json":{"title":"Morar em S\u00e3o Conrado: raz\u00f5es para fazer do bairro seu endere\u00e7o!","description":"Ter um apartamento em S\u00e3o Conrado Rj \u00e9 o sonho de muitos na cidade carioca. Saiba quais s\u00e3o as raz\u00f5es para o bairro ser t\u00e3o cobi\u00e7ado!","robots":{"index":"index","follow":"follow","max-snippet":"max-snippet:-1","max-image-preview":"max-image-preview:large","max-video-preview":"max-video-preview:-1"},"canonical":"https:\/\/invexo.com.br\/blog\/morar-em-sao-conrado\/","og_locale":"pt_BR","og_type":"article","og_title":"Morar em S\u00e3o Conrado: raz\u00f5es para fazer do bairro seu endere\u00e7o!","og_description":"Ter um apartamento em S\u00e3o Conrado Rj \u00e9 o sonho de muitos na cidade carioca. Saiba quais s\u00e3o as raz\u00f5es para o bairro ser t\u00e3o cobi\u00e7ado!","og_url":"https:\/\/invexo.com.br\/blog\/morar-em-sao-conrado\/","og_site_name":"Not\u00edcias RJ","article_publisher":"https:\/\/facebook.com\/invexo","article_author":"https:\/\/facebook.com\/invexo","article_published_time":"2019-09-18T20:33:40+00:00","article_modified_time":"2022-12-29T14:07:35+00:00","og_image":[{"width":2560,"height":1707,"url":"https:\/\/invexo.com.br\/blog\/wp-content\/uploads\/2019\/09\/morar-sao-conrado-scaled.jpg","type":"image\/jpeg"}],"author":"Ronnie Possatti","twitter_card":"summary_large_image","twitter_creator":"@https:\/\/twitter.com\/invexoimoveis","twitter_site":"@invexoimoveis","twitter_misc":{"Escrito por":"Ronnie Possatti","Est. tempo de leitura":"4 minutos"},"schema":{"@context":"https:\/\/schema.org","@graph":[{"@type":"Article","@id":"https:\/\/invexo.com.br\/blog\/morar-em-sao-conrado\/#article","isPartOf":{"@id":"https:\/\/invexo.com.br\/blog\/morar-em-sao-conrado\/"},"author":{"name":"Ronnie Possatti","@id":"https:\/\/invexo.com.br\/blog\/#\/schema\/person\/36bee32f1cfacde03dc4c9622a58778d"},"headline":"Por que morar em S\u00e3o Conrado","datePublished":"2019-09-18T20:33:40+00:00","dateModified":"2022-12-29T14:07:35+00:00","mainEntityOfPage":{"@id":"https:\/\/invexo.com.br\/blog\/morar-em-sao-conrado\/"},"wordCount":560,"publisher":{"@id":"https:\/\/invexo.com.br\/blog\/#organization"},"image":{"@id":"https:\/\/invexo.com.br\/blog\/morar-em-sao-conrado\/#primaryimage"},"thumbnailUrl":"https:\/\/invexo.com.br\/blog\/wp-content\/uploads\/2019\/09\/morar-sao-conrado-scaled.jpg","articleSection":["Informa\u00e7\u00f5es"],"inLanguage":"pt-BR"},{"@type":"WebPage","@id":"https:\/\/invexo.com.br\/blog\/morar-em-sao-conrado\/","url":"https:\/\/invexo.com.br\/blog\/morar-em-sao-conrado\/","name":"Morar em S\u00e3o Conrado: raz\u00f5es para fazer do bairro seu endere\u00e7o!","isPartOf":{"@id":"https:\/\/invexo.com.br\/blog\/#website"},"primaryImageOfPage":{"@id":"https:\/\/invexo.com.br\/blog\/morar-em-sao-conrado\/#primaryimage"},"image":{"@id":"https:\/\/invexo.com.br\/blog\/morar-em-sao-conrado\/#primaryimage"},"thumbnailUrl":"https:\/\/invexo.com.br\/blog\/wp-content\/uploads\/2019\/09\/morar-sao-conrado-scaled.jpg","datePublished":"2019-09-18T20:33:40+00:00","dateModified":"2022-12-29T14:07:35+00:00","description":"Ter um apartamento em S\u00e3o Conrado Rj \u00e9 o sonho de muitos na cidade carioca. Saiba quais s\u00e3o as raz\u00f5es para o bairro ser t\u00e3o cobi\u00e7ado!","breadcrumb":{"@id":"https:\/\/invexo.com.br\/blog\/morar-em-sao-conrado\/#breadcrumb"},"inLanguage":"pt-BR","potentialAction":[{"@type":"ReadAction","target":["https:\/\/invexo.com.br\/blog\/morar-em-sao-conrado\/"]}]},{"@type":"ImageObject","inLanguage":"pt-BR","@id":"https:\/\/invexo.com.br\/blog\/morar-em-sao-conrado\/#primaryimage","url":"https:\/\/invexo.com.br\/blog\/wp-content\/uploads\/2019\/09\/morar-sao-conrado-scaled.jpg","contentUrl":"https:\/\/invexo.com.br\/blog\/wp-content\/uploads\/2019\/09\/morar-sao-conrado-scaled.jpg","width":2560,"height":1707,"caption":"Bairro visto de cima"},{"@type":"BreadcrumbList","@id":"https:\/\/invexo.com.br\/blog\/morar-em-sao-conrado\/#breadcrumb","itemListElement":[{"@type":"ListItem","position":1,"name":"Blog","item":"https:\/\/invexo.com.br\/blog\/"},{"@type":"ListItem","position":2,"name":"Informa\u00e7\u00f5es","item":"https:\/\/invexo.com.br\/blog\/categoria\/informacoes\/"},{"@type":"ListItem","position":3,"name":"Por que morar em S\u00e3o Conrado"}]},{"@type":"WebSite","@id":"https:\/\/invexo.com.br\/blog\/#website","url":"https:\/\/invexo.com.br\/blog\/","name":"Not\u00edcias RJ","description":"Not\u00edcias sobre im\u00f3veis, financiamento, mercado imobili\u00e1rio do Rio de Janeiro. Informa\u00e7\u00f5es sobre Bairros, Condom\u00ednios e Regi\u00e3o do Rio de Janeiro.","publisher":{"@id":"https:\/\/invexo.com.br\/blog\/#organization"},"potentialAction":[{"@type":"SearchAction","target":{"@type":"EntryPoint","urlTemplate":"https:\/\/invexo.com.br\/blog\/?s={search_term_string}"},"query-input":{"@type":"PropertyValueSpecification","valueRequired":true,"valueName":"search_term_string"}}],"inLanguage":"pt-BR"},{"@type":"Organization","@id":"https:\/\/invexo.com.br\/blog\/#organization","name":"INVEXO Imobili\u00e1ria","url":"https:\/\/invexo.com.br\/blog\/","logo":{"@type":"ImageObject","inLanguage":"pt-BR","@id":"https:\/\/invexo.com.br\/blog\/#\/schema\/logo\/image\/","url":"https:\/\/invexo.com.br\/blog\/wp-content\/uploads\/2018\/09\/invexo-80-melhor.png","contentUrl":"https:\/\/invexo.com.br\/blog\/wp-content\/uploads\/2018\/09\/invexo-80-melhor.png","width":247,"height":80,"caption":"INVEXO Imobili\u00e1ria"},"image":{"@id":"https:\/\/invexo.com.br\/blog\/#\/schema\/logo\/image\/"},"sameAs":["https:\/\/facebook.com\/invexo","https:\/\/x.com\/invexoimoveis"]},{"@type":"Person","@id":"https:\/\/invexo.com.br\/blog\/#\/schema\/person\/36bee32f1cfacde03dc4c9622a58778d","name":"Ronnie Possatti","image":{"@type":"ImageObject","inLanguage":"pt-BR","@id":"https:\/\/invexo.com.br\/blog\/#\/schema\/person\/image\/","url":"https:\/\/secure.gravatar.com\/avatar\/51a6cdcc215551235c39affb853f1e38?s=96&d=blank&r=g","contentUrl":"https:\/\/secure.gravatar.com\/avatar\/51a6cdcc215551235c39affb853f1e38?s=96&d=blank&r=g","caption":"Ronnie Possatti"},"description":"Equipe de especialistas que traz para seus leitores conte\u00fados relevantes e de qualidade sobre bairros, condom\u00ednios, lan\u00e7amentos e not\u00edcias imobili\u00e1rias no Rio de Janeiro.","sameAs":["https:\/\/facebook.com\/invexo","https:\/\/instagram.com\/invexo","https:\/\/x.com\/https:\/\/twitter.com\/invexoimoveis"],"url":"https:\/\/invexo.com.br\/blog\/author\/invexo\/"}]}},"taxonomy_info":{"category":[{"value":15,"label":"Informa\u00e7\u00f5es"}]},"featured_image_src_large":["https:\/\/invexo.com.br\/blog\/wp-content\/uploads\/2019\/09\/morar-sao-conrado-scaled-1024x683.jpg",1024,683,true],"author_info":{"display_name":"Ronnie Possatti","author_link":"https:\/\/invexo.com.br\/blog\/author\/invexo\/"},"comment_info":0,"category_info":[{"term_id":15,"name":"Informa\u00e7\u00f5es","slug":"informacoes","term_group":0,"term_taxonomy_id":15,"taxonomy":"category","description":"Informa\u00e7\u00f5es, experi\u00eancia nos melhores estabelecimentos em bairros nobres para se viver no Rio de Janeiro. Tudo sobre cultura, entretenimento e lazer.","parent":0,"count":1297,"filter":"raw","cat_ID":15,"category_count":1297,"category_description":"Informa\u00e7\u00f5es, experi\u00eancia nos melhores estabelecimentos em bairros nobres para se viver no Rio de Janeiro. Tudo sobre cultura, entretenimento e lazer.","cat_name":"Informa\u00e7\u00f5es","category_nicename":"informacoes","category_parent":0}],"tag_info":false,"_links":{"self":[{"href":"https:\/\/invexo.com.br\/blog\/wp-json\/wp\/v2\/posts\/1547"}],"collection":[{"href":"https:\/\/invexo.com.br\/blog\/wp-json\/wp\/v2\/posts"}],"about":[{"href":"https:\/\/invexo.com.br\/blog\/wp-json\/wp\/v2\/types\/post"}],"author":[{"embeddable":true,"href":"https:\/\/invexo.com.br\/blog\/wp-json\/wp\/v2\/users\/2"}],"replies":[{"embeddable":true,"href":"https:\/\/invexo.com.br\/blog\/wp-json\/wp\/v2\/comments?post=1547"}],"version-history":[{"count":2,"href":"https:\/\/invexo.com.br\/blog\/wp-json\/wp\/v2\/posts\/1547\/revisions"}],"predecessor-version":[{"id":33372,"href":"https:\/\/invexo.com.br\/blog\/wp-json\/wp\/v2\/posts\/1547\/revisions\/33372"}],"wp:featuredmedia":[{"embeddable":true,"href":"https:\/\/invexo.com.br\/blog\/wp-json\/wp\/v2\/media\/1548"}],"wp:attachment":[{"href":"https:\/\/invexo.com.br\/blog\/wp-json\/wp\/v2\/media?parent=1547"}],"wp:term":[{"taxonomy":"category","embeddable":true,"href":"https:\/\/invexo.com.br\/blog\/wp-json\/wp\/v2\/categories?post=1547"},{"taxonomy":"post_tag","embeddable":true,"href":"https:\/\/invexo.com.br\/blog\/wp-json\/wp\/v2\/tags?post=1547"}],"curies":[{"name":"wp","href":"https:\/\/api.w.org\/{rel}","templated":true}]}}