{"id":15340,"date":"2021-04-30T08:20:00","date_gmt":"2021-04-30T11:20:00","guid":{"rendered":"https:\/\/invexo.com.br\/blog\/?p=15340"},"modified":"2023-01-06T12:13:40","modified_gmt":"2023-01-06T15:13:40","slug":"imoveis-de-luxo-no-edificio-marques-de-serro-azul-220-leblon","status":"publish","type":"post","link":"https:\/\/invexo.com.br\/blog\/imoveis-de-luxo-no-edificio-marques-de-serro-azul-220-leblon\/","title":{"rendered":"Conhe\u00e7a os im\u00f3veis de luxo no Edif\u00edcio Marqu\u00eas de Serro Azul 220 no Leblon"},"content":{"rendered":"\n<p>O Edif\u00edcio <strong>Marqu\u00eas de Serro Azul Leblon<\/strong> \u00e9 um condom\u00ednio de luxo bem localizado na Zona Sul do Rio de Janeiro. Os apartamentos s\u00e3o exclusivos, ideais para pessoas exigentes, que valorizam espa\u00e7os amplos e com bastante privacidade.<\/p>\n\n\n\n<!--more-->\n\n\n\n<p>A rede de transportes que atende no entorno do condom\u00ednio \u00e9 excelente, oferecendo modais de transporte regulares, como \u00e9 o caso das <a rel=\"noreferrer noopener\" href=\"https:\/\/invexo.com.br\/blog\/leblon-metro\/\" target=\"_blank\">esta\u00e7\u00f5es de metr\u00f4<\/a> Antero de Quental e Jardim de Alah.<\/p>\n\n\n\n<p>Al\u00e9m disso, h\u00e1 diversos pontos de \u00f4nibus e uma extensa malha ciclovi\u00e1ria em todo o bairro, facilitando ainda mais o transporte.<\/p>\n\n\n\n<div class=\"wp-block-group\"><div class=\"wp-block-group__inner-container is-layout-flow wp-block-group-is-layout-flow\">\n<p>Oportunidades \u00fanicas de im\u00f3veis exclusivos no Leblon. Siga nosso&nbsp;<strong><a href=\"https:\/\/whatsapp.com\/channel\/0029Va6pgNA0VycOAQkTIa3Z\">canal no WhatsApp<\/a><\/strong>&nbsp;e tenha acesso antecipado aos im\u00f3veis \u00e0 venda na regi\u00e3o.<\/p>\n\n\n\n<p><a href=\"https:\/\/whatsapp.com\/channel\/0029VaB0crhDZ4LfWQoKd22G\"><\/a><\/p>\n<\/div><\/div>\n\n\n\n<script async src=\"https:\/\/pagead2.googlesyndication.com\/pagead\/js\/adsbygoogle.js?client=ca-pub-6250649730240355\"\n     crossorigin=\"anonymous\"><\/script>\n<!-- Anuncios Blog -->\n<ins class=\"adsbygoogle\"\n     style=\"display:block\"\n     data-ad-client=\"ca-pub-6250649730240355\"\n     data-ad-slot=\"3218632260\"\n     data-ad-format=\"auto\"\n     data-full-width-responsive=\"true\"><\/ins>\n<script>\n     (adsbygoogle = window.adsbygoogle || []).push({});\n<\/script>\n\n\n\n<h2 class=\"wp-block-heading\">O que fazer no Edif\u00edcio Marqu\u00eas de Serro Azul 220<\/h2>\n\n\n\n<p>O bairro onde o Edif\u00edcio Marqu\u00eas de Serro Azul est\u00e1 localizado apresenta muitos atrativos, com pontos de interesse para toda a fam\u00edlia, como <a rel=\"noreferrer noopener\" href=\"https:\/\/invexo.com.br\/blog\/parque-no-leblon\/\" target=\"_blank\">parques naturais<\/a> e pontos tur\u00edsticos famosos.<\/p>\n\n\n\n<p>Os moradores podem acessar a <a rel=\"noreferrer noopener\" href=\"https:\/\/invexo.com.br\/blog\/praia-do-leblon\/\" target=\"_blank\">Praia do Leblon<\/a> rapidamente para aproveitar um banho de mar ou at\u00e9 mesmo para <a rel=\"noreferrer noopener\" href=\"https:\/\/invexo.com.br\/blog\/treino-funcional-praia-leblon\/\" target=\"_blank\">praticar esportes<\/a> na orla da praia ou pedalar pela Ciclovia Tim Maia.<\/p>\n\n\n\n<p>Bem pr\u00f3ximo do condom\u00ednio est\u00e1 localizado o <a rel=\"noreferrer noopener\" href=\"https:\/\/invexo.com.br\/blog\/parque-natural-municipal-penhasco-dois-irmaos\/\" target=\"_blank\">Morro Dois Irm\u00e3os<\/a>, um ponto tur\u00edstico com um dos visuais mais incr\u00edveis da Zona Sul. <\/p>\n\n\n\n<p>Trata-se de um lugar para meditar, se exercitar, ler um livro, fazer um piquenique, respirar ar puro e apreciar a exuber\u00e2ncia do Rio de Janeiro.<\/p>\n\n\n\n<p>O acesso ao parque pode ser feito com carro, bike, caminhada, transporte p\u00fablico ou at\u00e9 mesmo de t\u00e1xi ou Uber. Al\u00e9m disso, o local \u00e9 adaptado para garantir acessibilidade parcial para pessoas com mobilidade reduzida.<\/p>\n\n\n\n<h2 class=\"wp-block-heading\">Vale a pena morar no Edif\u00edcio Marqu\u00eas de Serro Azul 220<\/h2>\n\n\n\n<p>A fachada do edif\u00edcio \u00e9 bastante aut\u00eantica e charmosa, pois mescla elementos de madeira nos port\u00f5es com vidros na porta de pedestres. <\/p>\n\n\n\n<p>Al\u00e9m disso, conta com revestimento de alto padr\u00e3o e componentes paisag\u00edsticos que se integram ao projeto de forma harmoniosa.<\/p>\n\n\n\n<p>Morar no Marqu\u00eas de Serro Azul 220 \u00e9 ter o privil\u00e9gio de viver em uma regi\u00e3o muito qualificada do Leblon, em um condom\u00ednio de luxo que \u00e9 refer\u00eancia em seguran\u00e7a. <\/p>\n\n\n\n<figure class=\"wp-block-image size-full\"><img decoding=\"async\" width=\"1600\" height=\"1063\" src=\"https:\/\/invexo.com.br\/blog\/wp-content\/uploads\/2020\/07\/apartamento-leblon-rj.jpg\" alt=\"apartamento leblon rj\" class=\"wp-image-15478\" srcset=\"https:\/\/invexo.com.br\/blog\/wp-content\/uploads\/2020\/07\/apartamento-leblon-rj.jpg 1600w, https:\/\/invexo.com.br\/blog\/wp-content\/uploads\/2020\/07\/apartamento-leblon-rj-300x199.jpg 300w, https:\/\/invexo.com.br\/blog\/wp-content\/uploads\/2020\/07\/apartamento-leblon-rj-1024x680.jpg 1024w, https:\/\/invexo.com.br\/blog\/wp-content\/uploads\/2020\/07\/apartamento-leblon-rj-768x510.jpg 768w, https:\/\/invexo.com.br\/blog\/wp-content\/uploads\/2020\/07\/apartamento-leblon-rj-1536x1020.jpg 1536w, https:\/\/invexo.com.br\/blog\/wp-content\/uploads\/2020\/07\/apartamento-leblon-rj-940x625.jpg 940w\" sizes=\"(max-width: 1600px) 100vw, 1600px\" \/><\/figure>\n\n\n\n<p>O projeto de seguran\u00e7a do pr\u00e9dio conta com sensores, alarmes, portaria e c\u00e2meras 24h, al\u00e9m de outros itens indispens\u00e1veis para a prote\u00e7\u00e3o patrimonial.<\/p>\n\n\n\n<p>A localiza\u00e7\u00e3o dos im\u00f3veis de luxo fica em uma das mais belas regi\u00f5es do Rio de Janeiro. E, para melhorar, o Leblon \u00e9 completo, com farm\u00e1cias, bares, <a rel=\"noreferrer noopener\" href=\"https:\/\/invexo.com.br\/blog\/academia-leblon\/\" target=\"_blank\">academias<\/a>, padarias, <a rel=\"noreferrer noopener\" href=\"https:\/\/invexo.com.br\/blog\/escolas-do-leblon\/\" target=\"_blank\">col\u00e9gios<\/a> e universidades. <\/p>\n\n\n\n<p>Ali\u00e1s, bem pr\u00f3ximo ao condom\u00ednio fica o tradicional <a rel=\"noreferrer noopener\" href=\"https:\/\/www.csa.com.br\/\" target=\"_blank\">Col\u00e9gio Santo Agostinho<\/a>, que possui turmas que v\u00e3o do in\u00edcio do ensino fundamental at\u00e9 o final do ensino m\u00e9dio.<\/p>\n\n\n\n<p>O Leblon \u00e9 um bairro muito estrat\u00e9gico, pois est\u00e1 cercado por outros bairros nobres, como por exemplo <a href=\"https:\/\/invexo.com.br\/blog\/por-que-morar-em-ipanema\/\" target=\"_blank\" rel=\"noreferrer noopener\">Ipanema<\/a>. <\/p>\n\n\n\n<p>Al\u00e9m disso, nessa \u00e1rea existem atra\u00e7\u00f5es para agradar toda a fam\u00edlia, como o P\u00eder da <a href=\"https:\/\/invexo.com.br\/blog\/lagoa-rodrigo-de-freitas-rj\/\" target=\"_blank\" rel=\"noreferrer noopener\">Lagoa Rodrigo de Freitas<\/a> e o Rio de Janeiro Country Club.<\/p>\n\n\n\n<h2 class=\"wp-block-heading\">Im\u00f3veis \u00e0 venda no Edif\u00edcio Marqu\u00eas de Serro Azul 220<\/h2>\n\n\n\n<p>Os im\u00f3veis de luxo \u00e0 venda no Edif\u00edcio Marqu\u00eas de Serro Azul possuem a infraestrutura ideal para climatiza\u00e7\u00e3o dos ambientes, bem como excelentes redes hidr\u00e1ulicas e el\u00e9tricas. Os apartamentos s\u00e3o muito valorizados devido a sua tipologia ampla e acabamentos de alto padr\u00e3o.<\/p>\n\n\n\n<p>Al\u00e9m de muito espa\u00e7o, os c\u00f4modos contam com uma \u00e1rea livre excelente para a circula\u00e7\u00e3o, bem como m\u00f3veis planejados nos dormit\u00f3rios e na cozinha.<\/p>\n\n\n\n<p>Os c\u00f4modos s\u00e3o completos. Sendo assim, contam com dormit\u00f3rios, su\u00edte, depend\u00eancia completa para empregada, banheiro social, \u00e1rea de servi\u00e7o, cozinha, copa e sala de estar. Por fim, cada apartamento tem direito a uma vaga na garagem.<\/p>\n\n\n\n<p>Confira as informa\u00e7\u00f5es detalhadas do <a rel=\"noreferrer noopener\" href=\"https:\/\/invexo.com.br\/condominio\/edificio-marques-de-serro-azul-220-leblon\/\" target=\"_blank\">Edif\u00edcio Marqu\u00eas de Serro Azul<\/a> 220! Nossa equipe de especialistas em im\u00f3veis no Rio de Janeiro criou um artigo com tudo o que o condom\u00ednio tem a oferecer para voc\u00ea e sua fam\u00edlia!<\/p>\n\n\n\n<script async src=\"https:\/\/pagead2.googlesyndication.com\/pagead\/js\/adsbygoogle.js?client=ca-pub-6250649730240355\"\n     crossorigin=\"anonymous\"><\/script>\n<ins class=\"adsbygoogle\"\n     style=\"display:block\"\n     data-ad-format=\"fluid\"\n     data-ad-layout-key=\"-fb+5w+4e-db+86\"\n     data-ad-client=\"ca-pub-6250649730240355\"\n     data-ad-slot=\"9908760168\"><\/ins>\n<script>\n     (adsbygoogle = window.adsbygoogle || []).push({});\n<\/script>\n","protected":false},"excerpt":{"rendered":"<p>O Edif\u00edcio Marqu\u00eas de Serro Azul Leblon \u00e9 um condom\u00ednio de luxo bem localizado na Zona Sul do Rio de Janeiro. Os apartamentos s\u00e3o exclusivos, ideais para pessoas exigentes, que valorizam espa\u00e7os amplos e com bastante privacidade.<\/p>\n","protected":false},"author":2,"featured_media":15558,"comment_status":"closed","ping_status":"closed","sticky":false,"template":"","format":"standard","meta":{"_acf_changed":false,"_kad_blocks_custom_css":"","_kad_blocks_head_custom_js":"","_kad_blocks_body_custom_js":"","_kad_blocks_footer_custom_js":"","_kadence_starter_templates_imported_post":false,"_kad_post_transparent":"","_kad_post_title":"","_kad_post_layout":"","_kad_post_sidebar_id":"","_kad_post_content_style":"","_kad_post_vertical_padding":"","_kad_post_feature":"","_kad_post_feature_position":"","_kad_post_header":false,"_kad_post_footer":false,"footnotes":""},"categories":[10,641],"tags":[634],"acf":[],"yoast_head":"<!-- This site is optimized with the Yoast SEO plugin v24.1 - https:\/\/yoast.com\/wordpress\/plugins\/seo\/ -->\n<title>Marqu\u00eas de Serro Azul Leblon: edif\u00edcio de luxo no Leblon<\/title>\n<meta name=\"description\" content=\"Marqu\u00eas de Serro Azul Leblon \u00e9 um edif\u00edcio com localiza\u00e7\u00e3o privilegiada na Zona Sul do Rio, na quadra da praia e perto de todas as facilidades do bairro!\" \/>\n<meta name=\"robots\" content=\"index, follow, max-snippet:-1, max-image-preview:large, max-video-preview:-1\" \/>\n<link rel=\"canonical\" href=\"https:\/\/invexo.com.br\/blog\/imoveis-de-luxo-no-edificio-marques-de-serro-azul-220-leblon\/\" \/>\n<meta property=\"og:locale\" content=\"pt_BR\" \/>\n<meta property=\"og:type\" content=\"article\" \/>\n<meta property=\"og:title\" content=\"Marqu\u00eas de Serro Azul Leblon: edif\u00edcio de luxo no Leblon\" \/>\n<meta property=\"og:description\" content=\"Marqu\u00eas de Serro Azul Leblon \u00e9 um edif\u00edcio com localiza\u00e7\u00e3o privilegiada na Zona Sul do Rio, na quadra da praia e perto de todas as facilidades do bairro!\" \/>\n<meta property=\"og:url\" content=\"https:\/\/invexo.com.br\/blog\/imoveis-de-luxo-no-edificio-marques-de-serro-azul-220-leblon\/\" \/>\n<meta property=\"og:site_name\" content=\"Not\u00edcias RJ\" \/>\n<meta property=\"article:publisher\" content=\"https:\/\/facebook.com\/invexo\" \/>\n<meta property=\"article:author\" content=\"https:\/\/facebook.com\/invexo\" \/>\n<meta property=\"article:published_time\" content=\"2021-04-30T11:20:00+00:00\" \/>\n<meta property=\"article:modified_time\" content=\"2023-01-06T15:13:40+00:00\" \/>\n<meta property=\"og:image\" content=\"https:\/\/invexo.com.br\/blog\/wp-content\/uploads\/2021\/05\/Marqu\u00eas-de-Serro-Azul-Leblon.jpg\" \/>\n\t<meta property=\"og:image:width\" content=\"1280\" \/>\n\t<meta property=\"og:image:height\" content=\"720\" \/>\n\t<meta property=\"og:image:type\" content=\"image\/jpeg\" \/>\n<meta name=\"author\" content=\"Ronnie Possatti\" \/>\n<meta name=\"twitter:card\" content=\"summary_large_image\" \/>\n<meta name=\"twitter:creator\" content=\"@https:\/\/twitter.com\/invexoimoveis\" \/>\n<meta name=\"twitter:site\" content=\"@invexoimoveis\" \/>\n<meta name=\"twitter:label1\" content=\"Escrito por\" \/>\n\t<meta name=\"twitter:data1\" content=\"Ronnie Possatti\" \/>\n\t<meta name=\"twitter:label2\" content=\"Est. tempo de leitura\" \/>\n\t<meta name=\"twitter:data2\" content=\"4 minutos\" \/>\n<script type=\"application\/ld+json\" class=\"yoast-schema-graph\">{\"@context\":\"https:\/\/schema.org\",\"@graph\":[{\"@type\":\"Article\",\"@id\":\"https:\/\/invexo.com.br\/blog\/imoveis-de-luxo-no-edificio-marques-de-serro-azul-220-leblon\/#article\",\"isPartOf\":{\"@id\":\"https:\/\/invexo.com.br\/blog\/imoveis-de-luxo-no-edificio-marques-de-serro-azul-220-leblon\/\"},\"author\":{\"name\":\"Ronnie Possatti\",\"@id\":\"https:\/\/invexo.com.br\/blog\/#\/schema\/person\/36bee32f1cfacde03dc4c9622a58778d\"},\"headline\":\"Conhe\u00e7a os im\u00f3veis de luxo no Edif\u00edcio Marqu\u00eas de Serro Azul 220 no Leblon\",\"datePublished\":\"2021-04-30T11:20:00+00:00\",\"dateModified\":\"2023-01-06T15:13:40+00:00\",\"mainEntityOfPage\":{\"@id\":\"https:\/\/invexo.com.br\/blog\/imoveis-de-luxo-no-edificio-marques-de-serro-azul-220-leblon\/\"},\"wordCount\":691,\"publisher\":{\"@id\":\"https:\/\/invexo.com.br\/blog\/#organization\"},\"image\":{\"@id\":\"https:\/\/invexo.com.br\/blog\/imoveis-de-luxo-no-edificio-marques-de-serro-azul-220-leblon\/#primaryimage\"},\"thumbnailUrl\":\"https:\/\/invexo.com.br\/blog\/wp-content\/uploads\/2021\/05\/Marqu\u00eas-de-Serro-Azul-Leblon.jpg\",\"keywords\":[\"Leblon\"],\"articleSection\":[\"Bairros\",\"Condom\u00ednios\"],\"inLanguage\":\"pt-BR\"},{\"@type\":\"WebPage\",\"@id\":\"https:\/\/invexo.com.br\/blog\/imoveis-de-luxo-no-edificio-marques-de-serro-azul-220-leblon\/\",\"url\":\"https:\/\/invexo.com.br\/blog\/imoveis-de-luxo-no-edificio-marques-de-serro-azul-220-leblon\/\",\"name\":\"Marqu\u00eas de Serro Azul Leblon: edif\u00edcio de luxo no Leblon\",\"isPartOf\":{\"@id\":\"https:\/\/invexo.com.br\/blog\/#website\"},\"primaryImageOfPage\":{\"@id\":\"https:\/\/invexo.com.br\/blog\/imoveis-de-luxo-no-edificio-marques-de-serro-azul-220-leblon\/#primaryimage\"},\"image\":{\"@id\":\"https:\/\/invexo.com.br\/blog\/imoveis-de-luxo-no-edificio-marques-de-serro-azul-220-leblon\/#primaryimage\"},\"thumbnailUrl\":\"https:\/\/invexo.com.br\/blog\/wp-content\/uploads\/2021\/05\/Marqu\u00eas-de-Serro-Azul-Leblon.jpg\",\"datePublished\":\"2021-04-30T11:20:00+00:00\",\"dateModified\":\"2023-01-06T15:13:40+00:00\",\"description\":\"Marqu\u00eas de Serro Azul Leblon \u00e9 um edif\u00edcio com localiza\u00e7\u00e3o privilegiada na Zona Sul do Rio, na quadra da praia e perto de todas as facilidades do bairro!\",\"breadcrumb\":{\"@id\":\"https:\/\/invexo.com.br\/blog\/imoveis-de-luxo-no-edificio-marques-de-serro-azul-220-leblon\/#breadcrumb\"},\"inLanguage\":\"pt-BR\",\"potentialAction\":[{\"@type\":\"ReadAction\",\"target\":[\"https:\/\/invexo.com.br\/blog\/imoveis-de-luxo-no-edificio-marques-de-serro-azul-220-leblon\/\"]}]},{\"@type\":\"ImageObject\",\"inLanguage\":\"pt-BR\",\"@id\":\"https:\/\/invexo.com.br\/blog\/imoveis-de-luxo-no-edificio-marques-de-serro-azul-220-leblon\/#primaryimage\",\"url\":\"https:\/\/invexo.com.br\/blog\/wp-content\/uploads\/2021\/05\/Marqu\u00eas-de-Serro-Azul-Leblon.jpg\",\"contentUrl\":\"https:\/\/invexo.com.br\/blog\/wp-content\/uploads\/2021\/05\/Marqu\u00eas-de-Serro-Azul-Leblon.jpg\",\"width\":1280,\"height\":720,\"caption\":\"Marqu\u00eas de Serro Azul Leblon\"},{\"@type\":\"BreadcrumbList\",\"@id\":\"https:\/\/invexo.com.br\/blog\/imoveis-de-luxo-no-edificio-marques-de-serro-azul-220-leblon\/#breadcrumb\",\"itemListElement\":[{\"@type\":\"ListItem\",\"position\":1,\"name\":\"Blog\",\"item\":\"https:\/\/invexo.com.br\/blog\/\"},{\"@type\":\"ListItem\",\"position\":2,\"name\":\"Condom\u00ednios\",\"item\":\"https:\/\/invexo.com.br\/blog\/categoria\/condominio\/\"},{\"@type\":\"ListItem\",\"position\":3,\"name\":\"Conhe\u00e7a os im\u00f3veis de luxo no Edif\u00edcio Marqu\u00eas de Serro Azul 220 no Leblon\"}]},{\"@type\":\"WebSite\",\"@id\":\"https:\/\/invexo.com.br\/blog\/#website\",\"url\":\"https:\/\/invexo.com.br\/blog\/\",\"name\":\"Not\u00edcias RJ\",\"description\":\"Not\u00edcias sobre im\u00f3veis, financiamento, mercado imobili\u00e1rio do Rio de Janeiro. Informa\u00e7\u00f5es sobre Bairros, Condom\u00ednios e Regi\u00e3o do Rio de Janeiro.\",\"publisher\":{\"@id\":\"https:\/\/invexo.com.br\/blog\/#organization\"},\"potentialAction\":[{\"@type\":\"SearchAction\",\"target\":{\"@type\":\"EntryPoint\",\"urlTemplate\":\"https:\/\/invexo.com.br\/blog\/?s={search_term_string}\"},\"query-input\":{\"@type\":\"PropertyValueSpecification\",\"valueRequired\":true,\"valueName\":\"search_term_string\"}}],\"inLanguage\":\"pt-BR\"},{\"@type\":\"Organization\",\"@id\":\"https:\/\/invexo.com.br\/blog\/#organization\",\"name\":\"INVEXO Imobili\u00e1ria\",\"url\":\"https:\/\/invexo.com.br\/blog\/\",\"logo\":{\"@type\":\"ImageObject\",\"inLanguage\":\"pt-BR\",\"@id\":\"https:\/\/invexo.com.br\/blog\/#\/schema\/logo\/image\/\",\"url\":\"https:\/\/invexo.com.br\/blog\/wp-content\/uploads\/2018\/09\/invexo-80-melhor.png\",\"contentUrl\":\"https:\/\/invexo.com.br\/blog\/wp-content\/uploads\/2018\/09\/invexo-80-melhor.png\",\"width\":247,\"height\":80,\"caption\":\"INVEXO Imobili\u00e1ria\"},\"image\":{\"@id\":\"https:\/\/invexo.com.br\/blog\/#\/schema\/logo\/image\/\"},\"sameAs\":[\"https:\/\/facebook.com\/invexo\",\"https:\/\/x.com\/invexoimoveis\"]},{\"@type\":\"Person\",\"@id\":\"https:\/\/invexo.com.br\/blog\/#\/schema\/person\/36bee32f1cfacde03dc4c9622a58778d\",\"name\":\"Ronnie Possatti\",\"image\":{\"@type\":\"ImageObject\",\"inLanguage\":\"pt-BR\",\"@id\":\"https:\/\/invexo.com.br\/blog\/#\/schema\/person\/image\/\",\"url\":\"https:\/\/secure.gravatar.com\/avatar\/51a6cdcc215551235c39affb853f1e38?s=96&d=blank&r=g\",\"contentUrl\":\"https:\/\/secure.gravatar.com\/avatar\/51a6cdcc215551235c39affb853f1e38?s=96&d=blank&r=g\",\"caption\":\"Ronnie Possatti\"},\"description\":\"Equipe de especialistas que traz para seus leitores conte\u00fados relevantes e de qualidade sobre bairros, condom\u00ednios, lan\u00e7amentos e not\u00edcias imobili\u00e1rias no Rio de Janeiro.\",\"sameAs\":[\"https:\/\/facebook.com\/invexo\",\"https:\/\/instagram.com\/invexo\",\"https:\/\/x.com\/https:\/\/twitter.com\/invexoimoveis\"],\"url\":\"https:\/\/invexo.com.br\/blog\/author\/invexo\/\"}]}<\/script>\n<!-- \/ Yoast SEO plugin. -->","yoast_head_json":{"title":"Marqu\u00eas de Serro Azul Leblon: edif\u00edcio de luxo no Leblon","description":"Marqu\u00eas de Serro Azul Leblon \u00e9 um edif\u00edcio com localiza\u00e7\u00e3o privilegiada na Zona Sul do Rio, na quadra da praia e perto de todas as facilidades do bairro!","robots":{"index":"index","follow":"follow","max-snippet":"max-snippet:-1","max-image-preview":"max-image-preview:large","max-video-preview":"max-video-preview:-1"},"canonical":"https:\/\/invexo.com.br\/blog\/imoveis-de-luxo-no-edificio-marques-de-serro-azul-220-leblon\/","og_locale":"pt_BR","og_type":"article","og_title":"Marqu\u00eas de Serro Azul Leblon: edif\u00edcio de luxo no Leblon","og_description":"Marqu\u00eas de Serro Azul Leblon \u00e9 um edif\u00edcio com localiza\u00e7\u00e3o privilegiada na Zona Sul do Rio, na quadra da praia e perto de todas as facilidades do bairro!","og_url":"https:\/\/invexo.com.br\/blog\/imoveis-de-luxo-no-edificio-marques-de-serro-azul-220-leblon\/","og_site_name":"Not\u00edcias RJ","article_publisher":"https:\/\/facebook.com\/invexo","article_author":"https:\/\/facebook.com\/invexo","article_published_time":"2021-04-30T11:20:00+00:00","article_modified_time":"2023-01-06T15:13:40+00:00","og_image":[{"width":1280,"height":720,"url":"https:\/\/invexo.com.br\/blog\/wp-content\/uploads\/2021\/05\/Marqu\u00eas-de-Serro-Azul-Leblon.jpg","type":"image\/jpeg"}],"author":"Ronnie Possatti","twitter_card":"summary_large_image","twitter_creator":"@https:\/\/twitter.com\/invexoimoveis","twitter_site":"@invexoimoveis","twitter_misc":{"Escrito por":"Ronnie Possatti","Est. tempo de leitura":"4 minutos"},"schema":{"@context":"https:\/\/schema.org","@graph":[{"@type":"Article","@id":"https:\/\/invexo.com.br\/blog\/imoveis-de-luxo-no-edificio-marques-de-serro-azul-220-leblon\/#article","isPartOf":{"@id":"https:\/\/invexo.com.br\/blog\/imoveis-de-luxo-no-edificio-marques-de-serro-azul-220-leblon\/"},"author":{"name":"Ronnie Possatti","@id":"https:\/\/invexo.com.br\/blog\/#\/schema\/person\/36bee32f1cfacde03dc4c9622a58778d"},"headline":"Conhe\u00e7a os im\u00f3veis de luxo no Edif\u00edcio Marqu\u00eas de Serro Azul 220 no Leblon","datePublished":"2021-04-30T11:20:00+00:00","dateModified":"2023-01-06T15:13:40+00:00","mainEntityOfPage":{"@id":"https:\/\/invexo.com.br\/blog\/imoveis-de-luxo-no-edificio-marques-de-serro-azul-220-leblon\/"},"wordCount":691,"publisher":{"@id":"https:\/\/invexo.com.br\/blog\/#organization"},"image":{"@id":"https:\/\/invexo.com.br\/blog\/imoveis-de-luxo-no-edificio-marques-de-serro-azul-220-leblon\/#primaryimage"},"thumbnailUrl":"https:\/\/invexo.com.br\/blog\/wp-content\/uploads\/2021\/05\/Marqu\u00eas-de-Serro-Azul-Leblon.jpg","keywords":["Leblon"],"articleSection":["Bairros","Condom\u00ednios"],"inLanguage":"pt-BR"},{"@type":"WebPage","@id":"https:\/\/invexo.com.br\/blog\/imoveis-de-luxo-no-edificio-marques-de-serro-azul-220-leblon\/","url":"https:\/\/invexo.com.br\/blog\/imoveis-de-luxo-no-edificio-marques-de-serro-azul-220-leblon\/","name":"Marqu\u00eas de Serro Azul Leblon: edif\u00edcio de luxo no Leblon","isPartOf":{"@id":"https:\/\/invexo.com.br\/blog\/#website"},"primaryImageOfPage":{"@id":"https:\/\/invexo.com.br\/blog\/imoveis-de-luxo-no-edificio-marques-de-serro-azul-220-leblon\/#primaryimage"},"image":{"@id":"https:\/\/invexo.com.br\/blog\/imoveis-de-luxo-no-edificio-marques-de-serro-azul-220-leblon\/#primaryimage"},"thumbnailUrl":"https:\/\/invexo.com.br\/blog\/wp-content\/uploads\/2021\/05\/Marqu\u00eas-de-Serro-Azul-Leblon.jpg","datePublished":"2021-04-30T11:20:00+00:00","dateModified":"2023-01-06T15:13:40+00:00","description":"Marqu\u00eas de Serro Azul Leblon \u00e9 um edif\u00edcio com localiza\u00e7\u00e3o privilegiada na Zona Sul do Rio, na quadra da praia e perto de todas as facilidades do bairro!","breadcrumb":{"@id":"https:\/\/invexo.com.br\/blog\/imoveis-de-luxo-no-edificio-marques-de-serro-azul-220-leblon\/#breadcrumb"},"inLanguage":"pt-BR","potentialAction":[{"@type":"ReadAction","target":["https:\/\/invexo.com.br\/blog\/imoveis-de-luxo-no-edificio-marques-de-serro-azul-220-leblon\/"]}]},{"@type":"ImageObject","inLanguage":"pt-BR","@id":"https:\/\/invexo.com.br\/blog\/imoveis-de-luxo-no-edificio-marques-de-serro-azul-220-leblon\/#primaryimage","url":"https:\/\/invexo.com.br\/blog\/wp-content\/uploads\/2021\/05\/Marqu\u00eas-de-Serro-Azul-Leblon.jpg","contentUrl":"https:\/\/invexo.com.br\/blog\/wp-content\/uploads\/2021\/05\/Marqu\u00eas-de-Serro-Azul-Leblon.jpg","width":1280,"height":720,"caption":"Marqu\u00eas de Serro Azul Leblon"},{"@type":"BreadcrumbList","@id":"https:\/\/invexo.com.br\/blog\/imoveis-de-luxo-no-edificio-marques-de-serro-azul-220-leblon\/#breadcrumb","itemListElement":[{"@type":"ListItem","position":1,"name":"Blog","item":"https:\/\/invexo.com.br\/blog\/"},{"@type":"ListItem","position":2,"name":"Condom\u00ednios","item":"https:\/\/invexo.com.br\/blog\/categoria\/condominio\/"},{"@type":"ListItem","position":3,"name":"Conhe\u00e7a os im\u00f3veis de luxo no Edif\u00edcio Marqu\u00eas de Serro Azul 220 no Leblon"}]},{"@type":"WebSite","@id":"https:\/\/invexo.com.br\/blog\/#website","url":"https:\/\/invexo.com.br\/blog\/","name":"Not\u00edcias RJ","description":"Not\u00edcias sobre im\u00f3veis, financiamento, mercado imobili\u00e1rio do Rio de Janeiro. Informa\u00e7\u00f5es sobre Bairros, Condom\u00ednios e Regi\u00e3o do Rio de Janeiro.","publisher":{"@id":"https:\/\/invexo.com.br\/blog\/#organization"},"potentialAction":[{"@type":"SearchAction","target":{"@type":"EntryPoint","urlTemplate":"https:\/\/invexo.com.br\/blog\/?s={search_term_string}"},"query-input":{"@type":"PropertyValueSpecification","valueRequired":true,"valueName":"search_term_string"}}],"inLanguage":"pt-BR"},{"@type":"Organization","@id":"https:\/\/invexo.com.br\/blog\/#organization","name":"INVEXO Imobili\u00e1ria","url":"https:\/\/invexo.com.br\/blog\/","logo":{"@type":"ImageObject","inLanguage":"pt-BR","@id":"https:\/\/invexo.com.br\/blog\/#\/schema\/logo\/image\/","url":"https:\/\/invexo.com.br\/blog\/wp-content\/uploads\/2018\/09\/invexo-80-melhor.png","contentUrl":"https:\/\/invexo.com.br\/blog\/wp-content\/uploads\/2018\/09\/invexo-80-melhor.png","width":247,"height":80,"caption":"INVEXO Imobili\u00e1ria"},"image":{"@id":"https:\/\/invexo.com.br\/blog\/#\/schema\/logo\/image\/"},"sameAs":["https:\/\/facebook.com\/invexo","https:\/\/x.com\/invexoimoveis"]},{"@type":"Person","@id":"https:\/\/invexo.com.br\/blog\/#\/schema\/person\/36bee32f1cfacde03dc4c9622a58778d","name":"Ronnie Possatti","image":{"@type":"ImageObject","inLanguage":"pt-BR","@id":"https:\/\/invexo.com.br\/blog\/#\/schema\/person\/image\/","url":"https:\/\/secure.gravatar.com\/avatar\/51a6cdcc215551235c39affb853f1e38?s=96&d=blank&r=g","contentUrl":"https:\/\/secure.gravatar.com\/avatar\/51a6cdcc215551235c39affb853f1e38?s=96&d=blank&r=g","caption":"Ronnie Possatti"},"description":"Equipe de especialistas que traz para seus leitores conte\u00fados relevantes e de qualidade sobre bairros, condom\u00ednios, lan\u00e7amentos e not\u00edcias imobili\u00e1rias no Rio de Janeiro.","sameAs":["https:\/\/facebook.com\/invexo","https:\/\/instagram.com\/invexo","https:\/\/x.com\/https:\/\/twitter.com\/invexoimoveis"],"url":"https:\/\/invexo.com.br\/blog\/author\/invexo\/"}]}},"taxonomy_info":{"category":[{"value":10,"label":"Bairros"},{"value":641,"label":"Condom\u00ednios"}],"post_tag":[{"value":634,"label":"Leblon"}]},"featured_image_src_large":["https:\/\/invexo.com.br\/blog\/wp-content\/uploads\/2021\/05\/Marqu\u00eas-de-Serro-Azul-Leblon-1024x576.jpg",1024,576,true],"author_info":{"display_name":"Ronnie Possatti","author_link":"https:\/\/invexo.com.br\/blog\/author\/invexo\/"},"comment_info":0,"category_info":[{"term_id":10,"name":"Bairros","slug":"bairros","term_group":0,"term_taxonomy_id":10,"taxonomy":"category","description":"Not\u00edcias sobre estabelecimentos nos melhores bairros para se morar no Rio de Janeiro.","parent":0,"count":1354,"filter":"raw","cat_ID":10,"category_count":1354,"category_description":"Not\u00edcias sobre estabelecimentos nos melhores bairros para se morar no Rio de Janeiro.","cat_name":"Bairros","category_nicename":"bairros","category_parent":0},{"term_id":641,"name":"Condom\u00ednios","slug":"condominio","term_group":0,"term_taxonomy_id":641,"taxonomy":"category","description":"Conhe\u00e7a tudo sobre luxuosos condom\u00ednios com total infraestrutura e seguran\u00e7a, situados em bairros nobres do Rio de Janeiro.","parent":0,"count":305,"filter":"raw","cat_ID":641,"category_count":305,"category_description":"Conhe\u00e7a tudo sobre luxuosos condom\u00ednios com total infraestrutura e seguran\u00e7a, situados em bairros nobres do Rio de Janeiro.","cat_name":"Condom\u00ednios","category_nicename":"condominio","category_parent":0}],"tag_info":[{"term_id":634,"name":"Leblon","slug":"leblon","term_group":0,"term_taxonomy_id":634,"taxonomy":"post_tag","description":"<p style=\"text-align: left\">O Leblon \u00e9 o bairro mais nobre da Zona Sul da cidade do Rio de Janeiro (RJ). A regi\u00e3o \u00e9 reconhecida pela infraestrutura requintada e pelas arquiteturas encantadoras, que tamb\u00e9m s\u00e3o repletas de hist\u00f3rias marcantes. Conhe\u00e7a os <a href=\"https:\/\/luxury.invexo.com.br\/bairro\/leblon\/\" target=\"_blank\" rel=\"noreferrer noopener\">im\u00f3veis de luxo no Leblon<\/a>!<\/p>","parent":0,"count":433,"filter":"raw"}],"_links":{"self":[{"href":"https:\/\/invexo.com.br\/blog\/wp-json\/wp\/v2\/posts\/15340"}],"collection":[{"href":"https:\/\/invexo.com.br\/blog\/wp-json\/wp\/v2\/posts"}],"about":[{"href":"https:\/\/invexo.com.br\/blog\/wp-json\/wp\/v2\/types\/post"}],"author":[{"embeddable":true,"href":"https:\/\/invexo.com.br\/blog\/wp-json\/wp\/v2\/users\/2"}],"replies":[{"embeddable":true,"href":"https:\/\/invexo.com.br\/blog\/wp-json\/wp\/v2\/comments?post=15340"}],"version-history":[{"count":2,"href":"https:\/\/invexo.com.br\/blog\/wp-json\/wp\/v2\/posts\/15340\/revisions"}],"predecessor-version":[{"id":33683,"href":"https:\/\/invexo.com.br\/blog\/wp-json\/wp\/v2\/posts\/15340\/revisions\/33683"}],"wp:featuredmedia":[{"embeddable":true,"href":"https:\/\/invexo.com.br\/blog\/wp-json\/wp\/v2\/media\/15558"}],"wp:attachment":[{"href":"https:\/\/invexo.com.br\/blog\/wp-json\/wp\/v2\/media?parent=15340"}],"wp:term":[{"taxonomy":"category","embeddable":true,"href":"https:\/\/invexo.com.br\/blog\/wp-json\/wp\/v2\/categories?post=15340"},{"taxonomy":"post_tag","embeddable":true,"href":"https:\/\/invexo.com.br\/blog\/wp-json\/wp\/v2\/tags?post=15340"}],"curies":[{"name":"wp","href":"https:\/\/api.w.org\/{rel}","templated":true}]}}