{"id":14460,"date":"2021-04-13T08:34:00","date_gmt":"2021-04-13T11:34:00","guid":{"rendered":"https:\/\/invexo.com.br\/blog\/?p=14460"},"modified":"2022-06-28T21:39:19","modified_gmt":"2022-06-29T00:39:19","slug":"lancamento-solar-dampezzo-tijuca-rua-baltazar-lisboa-rj","status":"publish","type":"post","link":"https:\/\/invexo.com.br\/blog\/lancamento-solar-dampezzo-tijuca-rua-baltazar-lisboa-rj\/","title":{"rendered":"Descubra por que vale a pena morar no Solar D\u2019Ampezzo Tijuca"},"content":{"rendered":"\n<p>Para quem busca uma experi\u00eancia \u00fanica de moradia na cidade do Rio de Janeiro, vai encontrar tudo &#8211; e muito mais &#8211; no Solar D&#8217;Ampezzo Tijuca.<\/p>\n\n\n\n<!--more-->\n\n\n\n<p>O lan\u00e7amento da construtora LCM Participa\u00e7\u00f5es ser\u00e1 composto por apartamentos Tipo e apartamentos Garden espa\u00e7osos e modernos.<\/p>\n\n\n\n<p>Os im\u00f3veis lineares ter\u00e3o entre 69 m\u00b2 e 144 m\u00b2, com 2 a 3 quartos &#8211; sendo 1 su\u00edte &#8211; , e 1 vaga de garagem.<\/p>\n\n\n\n<p>Al\u00e9m da excelente estrutura das unidades, o condom\u00ednio oferece diferenciais exclusivos aos seus moradores.<\/p>\n\n\n\n<p>Quer conhecer mais detalhes sobre o residencial na Tijuca e as suas redondezas? Ent\u00e3o, continue com a sua leitura e saiba tudo sobre o Solar D&#8217;Ampezzo.<\/p>\n\n\n\n<h2 class=\"wp-block-heading\">O que tem pr\u00f3ximo ao Solar D\u2019Ampezzo Tijuca<\/h2>\n\n\n\n<p>O Solar D&#8217;Ampezzo ficar\u00e1 localizado na Rua Baltazar Lisboa, em uma  das regi\u00f5es mais valorizadas da Tijuca, no Rio de Janeiro.<\/p>\n\n\n\n<p>Bem pr\u00f3ximo ao residencial, fica a Pra\u00e7a Celso da Rocha Miranda. Nela, est\u00e1 o <a href=\"https:\/\/www.shoppingtijuca.com\/\" target=\"_blank\" rel=\"noreferrer noopener\">Shopping Tijuca<\/a>, repleto de lojas, servi\u00e7os e diversas empresas que facilitam a vida do morador.<\/p>\n\n\n\n<p>Ao lado, est\u00e1 o Tijuca OFF Shopping, com variadas outras op\u00e7\u00f5es comerciais e conveni\u00eancias para quem vive no local.<\/p>\n\n\n\n<p>Al\u00e9m disso, ficam nas proximidades do residencial empresas como F\u00e1brica de Bolo V\u00f3 Alzira, <a href=\"https:\/\/www.kumon.com.br\/\" target=\"_blank\" rel=\"noreferrer noopener\">M\u00e9todo Kumon Matem\u00e1tica Portugu\u00eas e Ingl\u00eas<\/a>, Chaveiro 24 Horas, Tijucar Lava Autos Est\u00e9tica Automotiva e diversas outras comodidades.<\/p>\n\n\n\n<p>Assim, o morador do Solar D&#8217;Ampezzo ter\u00e1 acesso a uma extensa e variada rede de com\u00e9rcios e servi\u00e7os a poucos metros do condom\u00ednio.<\/p>\n\n\n\n<h2 class=\"wp-block-heading\">Qualidade de vida na Tijuca<\/h2>\n\n\n\n<p>A Tijuca \u00e9 um aconchegante e bem estruturado bairro no Rio de Janeiro. Bem pr\u00f3ximo \u00e0 Vila Isabel, Grajau e Aldeia Campista, a regi\u00e3o oferece muitas op\u00e7\u00f5es que atendem \u00e0s necessidades di\u00e1rias do morador em educa\u00e7\u00e3o, sa\u00fade e entretenimento.<\/p>\n\n\n\n<p>Em ensino, s\u00e3o facilmente encontradas na localidade institui\u00e7\u00f5es que v\u00e3o desde o ensino infantil at\u00e9 o superior, passando por cursos de idiomas e profissionalizantes.<\/p>\n\n\n\n<figure class=\"wp-block-image size-large\"><img decoding=\"async\" width=\"1024\" height=\"576\" src=\"https:\/\/invexo.com.br\/blog\/wp-content\/uploads\/2021\/04\/solar-dampezzo-tijuca-segundaria-1024x576.jpg\" alt=\"Solar D\u2019Ampezzo Tijuca rj\" class=\"wp-image-14718\" srcset=\"https:\/\/invexo.com.br\/blog\/wp-content\/uploads\/2021\/04\/solar-dampezzo-tijuca-segundaria-1024x576.jpg 1024w, https:\/\/invexo.com.br\/blog\/wp-content\/uploads\/2021\/04\/solar-dampezzo-tijuca-segundaria-300x169.jpg 300w, https:\/\/invexo.com.br\/blog\/wp-content\/uploads\/2021\/04\/solar-dampezzo-tijuca-segundaria-768x432.jpg 768w, https:\/\/invexo.com.br\/blog\/wp-content\/uploads\/2021\/04\/solar-dampezzo-tijuca-segundaria-940x529.jpg 940w, https:\/\/invexo.com.br\/blog\/wp-content\/uploads\/2021\/04\/solar-dampezzo-tijuca-segundaria.jpg 1280w\" sizes=\"(max-width: 1024px) 100vw, 1024px\" \/><\/figure>\n\n\n\n<p>Al\u00e9m disso, o morador pode contar com hospitais, cl\u00ednicas, consult\u00f3rios e outros servi\u00e7os m\u00e9dicos que cobrem toda a fam\u00edlia. <\/p>\n\n\n\n<p>Rio Day Hospital &#8211; Centro M\u00e9dico Hospitalar, <a href=\"https:\/\/www.gndi.com.br\/hospitalnotrecarerio\/?utm_source=google&amp;utm_medium=maps&amp;utm_campaign=icherryH006\" target=\"_blank\" rel=\"noreferrer noopener\">Hospital NotreCare Rio<\/a> e Prontobaby Hospital da Crian\u00e7a s\u00e3o alguns exemplos localizados no bairro.<\/p>\n\n\n\n<p>Por fim, podemos destacar as variadas op\u00e7\u00f5es de lazer e entretenimento. A menos de 5 minutos do residencial fica nada menos do que o Maracan\u00e3. <\/p>\n\n\n\n<p>Al\u00e9m deste atrativo de fama internacional,  quem vive na regi\u00e3o tem f\u00e1cil acesso a parques, pra\u00e7as e outras \u00e1reas ao ar livre.<\/p>\n\n\n\n<h2 class=\"wp-block-heading\">Diferenciais do Solar D\u2019Ampezzo Tijuca<\/h2>\n\n\n\n<p>Al\u00e9m de todas as vantagens de viver nos apartamentos Tipo e apartamentos Garden do Solar D&#8217;Ampezzo, voc\u00ea e sua fam\u00edlia poder\u00e3o contar com uma completa estrutura condominial.<\/p>\n\n\n\n<p>Assim, o empreendimento imobili\u00e1rio ter\u00e1 diferenciais, como:<\/p>\n\n\n\n<ul><li>Modernos dispositivos de seguran\u00e7a, como infraestrutura para controle de acesso por interfone e prepara\u00e7\u00e3o para portaria remota<\/li><li>Sustentabilidade: <ul><li>Ilumina\u00e7\u00e3o em led nas varandas e \u00e1reas comuns<\/li><li>Ilumina\u00e7\u00e3o com sensores de presen\u00e7a nos halls dos andares<\/li><li>Hidr\u00f4metros individuais nas unidades<\/li><\/ul><\/li><li>e muito mais<\/li><\/ul>\n\n\n\n<p>Quer conhecer outros benef\u00edcios de viver no residencial? Ent\u00e3o, acesse agora mesmo o site e veja o pre\u00e7os e plantas dos im\u00f3veis dispon\u00edveis no lan\u00e7amento residencial <a rel=\"noreferrer noopener\" href=\"https:\/\/invexo.com.br\/lancamento\/solar-d-ampezzo-tijuca\/\" target=\"_blank\">Solar D&#8217;Ampezzo<\/a> Tijuca.<\/p>\n","protected":false},"excerpt":{"rendered":"<p>Para quem busca uma experi\u00eancia \u00fanica de moradia na cidade do Rio de Janeiro, vai encontrar tudo &#8211; e muito mais &#8211; no Solar D&#8217;Ampezzo Tijuca.<\/p>\n","protected":false},"author":2,"featured_media":14719,"comment_status":"closed","ping_status":"closed","sticky":false,"template":"","format":"standard","meta":{"_acf_changed":false,"_kad_blocks_custom_css":"","_kad_blocks_head_custom_js":"","_kad_blocks_body_custom_js":"","_kad_blocks_footer_custom_js":"","_kadence_starter_templates_imported_post":false,"_kad_post_transparent":"","_kad_post_title":"","_kad_post_layout":"","_kad_post_sidebar_id":"","_kad_post_content_style":"","_kad_post_vertical_padding":"","_kad_post_feature":"","_kad_post_feature_position":"","_kad_post_header":false,"_kad_post_footer":false,"footnotes":""},"categories":[10,15,649,230],"tags":[486],"acf":[],"yoast_head":"<!-- This site is optimized with the Yoast SEO plugin v24.1 - https:\/\/yoast.com\/wordpress\/plugins\/seo\/ -->\n<title>Vale a Pena Morar no Solar D\u2019Ampezzo Tijuca da Construtora Tegra<\/title>\n<meta name=\"description\" content=\"Veja todos os detalhes do fant\u00e1stico lan\u00e7amento da construtora LCM Participa\u00e7\u00f5es no Rio de Janeiro: Solar D&#039;Ampezzo, na Tijuca.\" \/>\n<meta name=\"robots\" content=\"index, follow, max-snippet:-1, max-image-preview:large, max-video-preview:-1\" \/>\n<link rel=\"canonical\" href=\"https:\/\/invexo.com.br\/blog\/lancamento-solar-dampezzo-tijuca-rua-baltazar-lisboa-rj\/\" \/>\n<meta property=\"og:locale\" content=\"pt_BR\" \/>\n<meta property=\"og:type\" content=\"article\" \/>\n<meta property=\"og:title\" content=\"Vale a Pena Morar no Solar D\u2019Ampezzo Tijuca da Construtora Tegra\" \/>\n<meta property=\"og:description\" content=\"Veja todos os detalhes do fant\u00e1stico lan\u00e7amento da construtora LCM Participa\u00e7\u00f5es no Rio de Janeiro: Solar D&#039;Ampezzo, na Tijuca.\" \/>\n<meta property=\"og:url\" content=\"https:\/\/invexo.com.br\/blog\/lancamento-solar-dampezzo-tijuca-rua-baltazar-lisboa-rj\/\" \/>\n<meta property=\"og:site_name\" content=\"Not\u00edcias RJ\" \/>\n<meta property=\"article:publisher\" content=\"https:\/\/facebook.com\/invexo\" \/>\n<meta property=\"article:author\" content=\"https:\/\/facebook.com\/invexo\" \/>\n<meta property=\"article:published_time\" content=\"2021-04-13T11:34:00+00:00\" \/>\n<meta property=\"article:modified_time\" content=\"2022-06-29T00:39:19+00:00\" \/>\n<meta property=\"og:image\" content=\"https:\/\/invexo.com.br\/blog\/wp-content\/uploads\/2021\/04\/solar-dampezzo-tijuca-principal.jpg\" \/>\n\t<meta property=\"og:image:width\" content=\"1280\" \/>\n\t<meta property=\"og:image:height\" content=\"720\" \/>\n\t<meta property=\"og:image:type\" content=\"image\/jpeg\" \/>\n<meta name=\"author\" content=\"Ronnie Possatti\" \/>\n<meta name=\"twitter:card\" content=\"summary_large_image\" \/>\n<meta name=\"twitter:creator\" content=\"@https:\/\/twitter.com\/invexoimoveis\" \/>\n<meta name=\"twitter:site\" content=\"@invexoimoveis\" \/>\n<meta name=\"twitter:label1\" content=\"Escrito por\" \/>\n\t<meta name=\"twitter:data1\" content=\"Ronnie Possatti\" \/>\n\t<meta name=\"twitter:label2\" content=\"Est. tempo de leitura\" \/>\n\t<meta name=\"twitter:data2\" content=\"3 minutos\" \/>\n<script type=\"application\/ld+json\" class=\"yoast-schema-graph\">{\"@context\":\"https:\/\/schema.org\",\"@graph\":[{\"@type\":\"Article\",\"@id\":\"https:\/\/invexo.com.br\/blog\/lancamento-solar-dampezzo-tijuca-rua-baltazar-lisboa-rj\/#article\",\"isPartOf\":{\"@id\":\"https:\/\/invexo.com.br\/blog\/lancamento-solar-dampezzo-tijuca-rua-baltazar-lisboa-rj\/\"},\"author\":{\"name\":\"Ronnie Possatti\",\"@id\":\"https:\/\/invexo.com.br\/blog\/#\/schema\/person\/36bee32f1cfacde03dc4c9622a58778d\"},\"headline\":\"Descubra por que vale a pena morar no Solar D\u2019Ampezzo Tijuca\",\"datePublished\":\"2021-04-13T11:34:00+00:00\",\"dateModified\":\"2022-06-29T00:39:19+00:00\",\"mainEntityOfPage\":{\"@id\":\"https:\/\/invexo.com.br\/blog\/lancamento-solar-dampezzo-tijuca-rua-baltazar-lisboa-rj\/\"},\"wordCount\":575,\"publisher\":{\"@id\":\"https:\/\/invexo.com.br\/blog\/#organization\"},\"image\":{\"@id\":\"https:\/\/invexo.com.br\/blog\/lancamento-solar-dampezzo-tijuca-rua-baltazar-lisboa-rj\/#primaryimage\"},\"thumbnailUrl\":\"https:\/\/invexo.com.br\/blog\/wp-content\/uploads\/2021\/04\/solar-dampezzo-tijuca-principal.jpg\",\"keywords\":[\"Rio de Janeiro\"],\"articleSection\":[\"Bairros\",\"Informa\u00e7\u00f5es\",\"Lan\u00e7amentos de im\u00f3veis no Rio de Janeiro\",\"Mercado imobili\u00e1rio\"],\"inLanguage\":\"pt-BR\"},{\"@type\":\"WebPage\",\"@id\":\"https:\/\/invexo.com.br\/blog\/lancamento-solar-dampezzo-tijuca-rua-baltazar-lisboa-rj\/\",\"url\":\"https:\/\/invexo.com.br\/blog\/lancamento-solar-dampezzo-tijuca-rua-baltazar-lisboa-rj\/\",\"name\":\"Vale a Pena Morar no Solar D\u2019Ampezzo Tijuca da Construtora Tegra\",\"isPartOf\":{\"@id\":\"https:\/\/invexo.com.br\/blog\/#website\"},\"primaryImageOfPage\":{\"@id\":\"https:\/\/invexo.com.br\/blog\/lancamento-solar-dampezzo-tijuca-rua-baltazar-lisboa-rj\/#primaryimage\"},\"image\":{\"@id\":\"https:\/\/invexo.com.br\/blog\/lancamento-solar-dampezzo-tijuca-rua-baltazar-lisboa-rj\/#primaryimage\"},\"thumbnailUrl\":\"https:\/\/invexo.com.br\/blog\/wp-content\/uploads\/2021\/04\/solar-dampezzo-tijuca-principal.jpg\",\"datePublished\":\"2021-04-13T11:34:00+00:00\",\"dateModified\":\"2022-06-29T00:39:19+00:00\",\"description\":\"Veja todos os detalhes do fant\u00e1stico lan\u00e7amento da construtora LCM Participa\u00e7\u00f5es no Rio de Janeiro: Solar D'Ampezzo, na Tijuca.\",\"breadcrumb\":{\"@id\":\"https:\/\/invexo.com.br\/blog\/lancamento-solar-dampezzo-tijuca-rua-baltazar-lisboa-rj\/#breadcrumb\"},\"inLanguage\":\"pt-BR\",\"potentialAction\":[{\"@type\":\"ReadAction\",\"target\":[\"https:\/\/invexo.com.br\/blog\/lancamento-solar-dampezzo-tijuca-rua-baltazar-lisboa-rj\/\"]}]},{\"@type\":\"ImageObject\",\"inLanguage\":\"pt-BR\",\"@id\":\"https:\/\/invexo.com.br\/blog\/lancamento-solar-dampezzo-tijuca-rua-baltazar-lisboa-rj\/#primaryimage\",\"url\":\"https:\/\/invexo.com.br\/blog\/wp-content\/uploads\/2021\/04\/solar-dampezzo-tijuca-principal.jpg\",\"contentUrl\":\"https:\/\/invexo.com.br\/blog\/wp-content\/uploads\/2021\/04\/solar-dampezzo-tijuca-principal.jpg\",\"width\":1280,\"height\":720,\"caption\":\"Solar D\u2019Ampezzo Tijuca\"},{\"@type\":\"BreadcrumbList\",\"@id\":\"https:\/\/invexo.com.br\/blog\/lancamento-solar-dampezzo-tijuca-rua-baltazar-lisboa-rj\/#breadcrumb\",\"itemListElement\":[{\"@type\":\"ListItem\",\"position\":1,\"name\":\"Blog\",\"item\":\"https:\/\/invexo.com.br\/blog\/\"},{\"@type\":\"ListItem\",\"position\":2,\"name\":\"Bairros\",\"item\":\"https:\/\/invexo.com.br\/blog\/categoria\/bairros\/\"},{\"@type\":\"ListItem\",\"position\":3,\"name\":\"Descubra por que vale a pena morar no Solar D\u2019Ampezzo Tijuca\"}]},{\"@type\":\"WebSite\",\"@id\":\"https:\/\/invexo.com.br\/blog\/#website\",\"url\":\"https:\/\/invexo.com.br\/blog\/\",\"name\":\"Not\u00edcias RJ\",\"description\":\"Not\u00edcias sobre im\u00f3veis, financiamento, mercado imobili\u00e1rio do Rio de Janeiro. Informa\u00e7\u00f5es sobre Bairros, Condom\u00ednios e Regi\u00e3o do Rio de Janeiro.\",\"publisher\":{\"@id\":\"https:\/\/invexo.com.br\/blog\/#organization\"},\"potentialAction\":[{\"@type\":\"SearchAction\",\"target\":{\"@type\":\"EntryPoint\",\"urlTemplate\":\"https:\/\/invexo.com.br\/blog\/?s={search_term_string}\"},\"query-input\":{\"@type\":\"PropertyValueSpecification\",\"valueRequired\":true,\"valueName\":\"search_term_string\"}}],\"inLanguage\":\"pt-BR\"},{\"@type\":\"Organization\",\"@id\":\"https:\/\/invexo.com.br\/blog\/#organization\",\"name\":\"INVEXO Imobili\u00e1ria\",\"url\":\"https:\/\/invexo.com.br\/blog\/\",\"logo\":{\"@type\":\"ImageObject\",\"inLanguage\":\"pt-BR\",\"@id\":\"https:\/\/invexo.com.br\/blog\/#\/schema\/logo\/image\/\",\"url\":\"https:\/\/invexo.com.br\/blog\/wp-content\/uploads\/2018\/09\/invexo-80-melhor.png\",\"contentUrl\":\"https:\/\/invexo.com.br\/blog\/wp-content\/uploads\/2018\/09\/invexo-80-melhor.png\",\"width\":247,\"height\":80,\"caption\":\"INVEXO Imobili\u00e1ria\"},\"image\":{\"@id\":\"https:\/\/invexo.com.br\/blog\/#\/schema\/logo\/image\/\"},\"sameAs\":[\"https:\/\/facebook.com\/invexo\",\"https:\/\/x.com\/invexoimoveis\"]},{\"@type\":\"Person\",\"@id\":\"https:\/\/invexo.com.br\/blog\/#\/schema\/person\/36bee32f1cfacde03dc4c9622a58778d\",\"name\":\"Ronnie Possatti\",\"image\":{\"@type\":\"ImageObject\",\"inLanguage\":\"pt-BR\",\"@id\":\"https:\/\/invexo.com.br\/blog\/#\/schema\/person\/image\/\",\"url\":\"https:\/\/secure.gravatar.com\/avatar\/51a6cdcc215551235c39affb853f1e38?s=96&d=blank&r=g\",\"contentUrl\":\"https:\/\/secure.gravatar.com\/avatar\/51a6cdcc215551235c39affb853f1e38?s=96&d=blank&r=g\",\"caption\":\"Ronnie Possatti\"},\"description\":\"Equipe de especialistas que traz para seus leitores conte\u00fados relevantes e de qualidade sobre bairros, condom\u00ednios, lan\u00e7amentos e not\u00edcias imobili\u00e1rias no Rio de Janeiro.\",\"sameAs\":[\"https:\/\/facebook.com\/invexo\",\"https:\/\/instagram.com\/invexo\",\"https:\/\/x.com\/https:\/\/twitter.com\/invexoimoveis\"],\"url\":\"https:\/\/invexo.com.br\/blog\/author\/invexo\/\"}]}<\/script>\n<!-- \/ Yoast SEO plugin. -->","yoast_head_json":{"title":"Vale a Pena Morar no Solar D\u2019Ampezzo Tijuca da Construtora Tegra","description":"Veja todos os detalhes do fant\u00e1stico lan\u00e7amento da construtora LCM Participa\u00e7\u00f5es no Rio de Janeiro: Solar D'Ampezzo, na Tijuca.","robots":{"index":"index","follow":"follow","max-snippet":"max-snippet:-1","max-image-preview":"max-image-preview:large","max-video-preview":"max-video-preview:-1"},"canonical":"https:\/\/invexo.com.br\/blog\/lancamento-solar-dampezzo-tijuca-rua-baltazar-lisboa-rj\/","og_locale":"pt_BR","og_type":"article","og_title":"Vale a Pena Morar no Solar D\u2019Ampezzo Tijuca da Construtora Tegra","og_description":"Veja todos os detalhes do fant\u00e1stico lan\u00e7amento da construtora LCM Participa\u00e7\u00f5es no Rio de Janeiro: Solar D'Ampezzo, na Tijuca.","og_url":"https:\/\/invexo.com.br\/blog\/lancamento-solar-dampezzo-tijuca-rua-baltazar-lisboa-rj\/","og_site_name":"Not\u00edcias RJ","article_publisher":"https:\/\/facebook.com\/invexo","article_author":"https:\/\/facebook.com\/invexo","article_published_time":"2021-04-13T11:34:00+00:00","article_modified_time":"2022-06-29T00:39:19+00:00","og_image":[{"width":1280,"height":720,"url":"https:\/\/invexo.com.br\/blog\/wp-content\/uploads\/2021\/04\/solar-dampezzo-tijuca-principal.jpg","type":"image\/jpeg"}],"author":"Ronnie Possatti","twitter_card":"summary_large_image","twitter_creator":"@https:\/\/twitter.com\/invexoimoveis","twitter_site":"@invexoimoveis","twitter_misc":{"Escrito por":"Ronnie Possatti","Est. tempo de leitura":"3 minutos"},"schema":{"@context":"https:\/\/schema.org","@graph":[{"@type":"Article","@id":"https:\/\/invexo.com.br\/blog\/lancamento-solar-dampezzo-tijuca-rua-baltazar-lisboa-rj\/#article","isPartOf":{"@id":"https:\/\/invexo.com.br\/blog\/lancamento-solar-dampezzo-tijuca-rua-baltazar-lisboa-rj\/"},"author":{"name":"Ronnie Possatti","@id":"https:\/\/invexo.com.br\/blog\/#\/schema\/person\/36bee32f1cfacde03dc4c9622a58778d"},"headline":"Descubra por que vale a pena morar no Solar D\u2019Ampezzo Tijuca","datePublished":"2021-04-13T11:34:00+00:00","dateModified":"2022-06-29T00:39:19+00:00","mainEntityOfPage":{"@id":"https:\/\/invexo.com.br\/blog\/lancamento-solar-dampezzo-tijuca-rua-baltazar-lisboa-rj\/"},"wordCount":575,"publisher":{"@id":"https:\/\/invexo.com.br\/blog\/#organization"},"image":{"@id":"https:\/\/invexo.com.br\/blog\/lancamento-solar-dampezzo-tijuca-rua-baltazar-lisboa-rj\/#primaryimage"},"thumbnailUrl":"https:\/\/invexo.com.br\/blog\/wp-content\/uploads\/2021\/04\/solar-dampezzo-tijuca-principal.jpg","keywords":["Rio de Janeiro"],"articleSection":["Bairros","Informa\u00e7\u00f5es","Lan\u00e7amentos de im\u00f3veis no Rio de Janeiro","Mercado imobili\u00e1rio"],"inLanguage":"pt-BR"},{"@type":"WebPage","@id":"https:\/\/invexo.com.br\/blog\/lancamento-solar-dampezzo-tijuca-rua-baltazar-lisboa-rj\/","url":"https:\/\/invexo.com.br\/blog\/lancamento-solar-dampezzo-tijuca-rua-baltazar-lisboa-rj\/","name":"Vale a Pena Morar no Solar D\u2019Ampezzo Tijuca da Construtora Tegra","isPartOf":{"@id":"https:\/\/invexo.com.br\/blog\/#website"},"primaryImageOfPage":{"@id":"https:\/\/invexo.com.br\/blog\/lancamento-solar-dampezzo-tijuca-rua-baltazar-lisboa-rj\/#primaryimage"},"image":{"@id":"https:\/\/invexo.com.br\/blog\/lancamento-solar-dampezzo-tijuca-rua-baltazar-lisboa-rj\/#primaryimage"},"thumbnailUrl":"https:\/\/invexo.com.br\/blog\/wp-content\/uploads\/2021\/04\/solar-dampezzo-tijuca-principal.jpg","datePublished":"2021-04-13T11:34:00+00:00","dateModified":"2022-06-29T00:39:19+00:00","description":"Veja todos os detalhes do fant\u00e1stico lan\u00e7amento da construtora LCM Participa\u00e7\u00f5es no Rio de Janeiro: Solar D'Ampezzo, na Tijuca.","breadcrumb":{"@id":"https:\/\/invexo.com.br\/blog\/lancamento-solar-dampezzo-tijuca-rua-baltazar-lisboa-rj\/#breadcrumb"},"inLanguage":"pt-BR","potentialAction":[{"@type":"ReadAction","target":["https:\/\/invexo.com.br\/blog\/lancamento-solar-dampezzo-tijuca-rua-baltazar-lisboa-rj\/"]}]},{"@type":"ImageObject","inLanguage":"pt-BR","@id":"https:\/\/invexo.com.br\/blog\/lancamento-solar-dampezzo-tijuca-rua-baltazar-lisboa-rj\/#primaryimage","url":"https:\/\/invexo.com.br\/blog\/wp-content\/uploads\/2021\/04\/solar-dampezzo-tijuca-principal.jpg","contentUrl":"https:\/\/invexo.com.br\/blog\/wp-content\/uploads\/2021\/04\/solar-dampezzo-tijuca-principal.jpg","width":1280,"height":720,"caption":"Solar D\u2019Ampezzo Tijuca"},{"@type":"BreadcrumbList","@id":"https:\/\/invexo.com.br\/blog\/lancamento-solar-dampezzo-tijuca-rua-baltazar-lisboa-rj\/#breadcrumb","itemListElement":[{"@type":"ListItem","position":1,"name":"Blog","item":"https:\/\/invexo.com.br\/blog\/"},{"@type":"ListItem","position":2,"name":"Bairros","item":"https:\/\/invexo.com.br\/blog\/categoria\/bairros\/"},{"@type":"ListItem","position":3,"name":"Descubra por que vale a pena morar no Solar D\u2019Ampezzo Tijuca"}]},{"@type":"WebSite","@id":"https:\/\/invexo.com.br\/blog\/#website","url":"https:\/\/invexo.com.br\/blog\/","name":"Not\u00edcias RJ","description":"Not\u00edcias sobre im\u00f3veis, financiamento, mercado imobili\u00e1rio do Rio de Janeiro. Informa\u00e7\u00f5es sobre Bairros, Condom\u00ednios e Regi\u00e3o do Rio de Janeiro.","publisher":{"@id":"https:\/\/invexo.com.br\/blog\/#organization"},"potentialAction":[{"@type":"SearchAction","target":{"@type":"EntryPoint","urlTemplate":"https:\/\/invexo.com.br\/blog\/?s={search_term_string}"},"query-input":{"@type":"PropertyValueSpecification","valueRequired":true,"valueName":"search_term_string"}}],"inLanguage":"pt-BR"},{"@type":"Organization","@id":"https:\/\/invexo.com.br\/blog\/#organization","name":"INVEXO Imobili\u00e1ria","url":"https:\/\/invexo.com.br\/blog\/","logo":{"@type":"ImageObject","inLanguage":"pt-BR","@id":"https:\/\/invexo.com.br\/blog\/#\/schema\/logo\/image\/","url":"https:\/\/invexo.com.br\/blog\/wp-content\/uploads\/2018\/09\/invexo-80-melhor.png","contentUrl":"https:\/\/invexo.com.br\/blog\/wp-content\/uploads\/2018\/09\/invexo-80-melhor.png","width":247,"height":80,"caption":"INVEXO Imobili\u00e1ria"},"image":{"@id":"https:\/\/invexo.com.br\/blog\/#\/schema\/logo\/image\/"},"sameAs":["https:\/\/facebook.com\/invexo","https:\/\/x.com\/invexoimoveis"]},{"@type":"Person","@id":"https:\/\/invexo.com.br\/blog\/#\/schema\/person\/36bee32f1cfacde03dc4c9622a58778d","name":"Ronnie Possatti","image":{"@type":"ImageObject","inLanguage":"pt-BR","@id":"https:\/\/invexo.com.br\/blog\/#\/schema\/person\/image\/","url":"https:\/\/secure.gravatar.com\/avatar\/51a6cdcc215551235c39affb853f1e38?s=96&d=blank&r=g","contentUrl":"https:\/\/secure.gravatar.com\/avatar\/51a6cdcc215551235c39affb853f1e38?s=96&d=blank&r=g","caption":"Ronnie Possatti"},"description":"Equipe de especialistas que traz para seus leitores conte\u00fados relevantes e de qualidade sobre bairros, condom\u00ednios, lan\u00e7amentos e not\u00edcias imobili\u00e1rias no Rio de Janeiro.","sameAs":["https:\/\/facebook.com\/invexo","https:\/\/instagram.com\/invexo","https:\/\/x.com\/https:\/\/twitter.com\/invexoimoveis"],"url":"https:\/\/invexo.com.br\/blog\/author\/invexo\/"}]}},"taxonomy_info":{"category":[{"value":10,"label":"Bairros"},{"value":15,"label":"Informa\u00e7\u00f5es"},{"value":649,"label":"Lan\u00e7amentos de im\u00f3veis no Rio de Janeiro"},{"value":230,"label":"Mercado imobili\u00e1rio"}],"post_tag":[{"value":486,"label":"Rio de Janeiro"}]},"featured_image_src_large":["https:\/\/invexo.com.br\/blog\/wp-content\/uploads\/2021\/04\/solar-dampezzo-tijuca-principal-1024x576.jpg",1024,576,true],"author_info":{"display_name":"Ronnie Possatti","author_link":"https:\/\/invexo.com.br\/blog\/author\/invexo\/"},"comment_info":0,"category_info":[{"term_id":10,"name":"Bairros","slug":"bairros","term_group":0,"term_taxonomy_id":10,"taxonomy":"category","description":"Not\u00edcias sobre estabelecimentos nos melhores bairros para se morar no Rio de Janeiro.","parent":0,"count":1354,"filter":"raw","cat_ID":10,"category_count":1354,"category_description":"Not\u00edcias sobre estabelecimentos nos melhores bairros para se morar no Rio de Janeiro.","cat_name":"Bairros","category_nicename":"bairros","category_parent":0},{"term_id":15,"name":"Informa\u00e7\u00f5es","slug":"informacoes","term_group":0,"term_taxonomy_id":15,"taxonomy":"category","description":"Informa\u00e7\u00f5es, experi\u00eancia nos melhores estabelecimentos em bairros nobres para se viver no Rio de Janeiro. Tudo sobre cultura, entretenimento e lazer.","parent":0,"count":1297,"filter":"raw","cat_ID":15,"category_count":1297,"category_description":"Informa\u00e7\u00f5es, experi\u00eancia nos melhores estabelecimentos em bairros nobres para se viver no Rio de Janeiro. Tudo sobre cultura, entretenimento e lazer.","cat_name":"Informa\u00e7\u00f5es","category_nicename":"informacoes","category_parent":0},{"term_id":649,"name":"Lan\u00e7amentos de im\u00f3veis no Rio de Janeiro","slug":"lancamentos-rj","term_group":0,"term_taxonomy_id":649,"taxonomy":"category","description":"Confira not\u00edcias atualizadas sobre lan\u00e7amentos de im\u00f3veis de luxo na cidade maravilhosa com a INVEXO no Rio de Janeiro.","parent":0,"count":123,"filter":"raw","cat_ID":649,"category_count":123,"category_description":"Confira not\u00edcias atualizadas sobre lan\u00e7amentos de im\u00f3veis de luxo na cidade maravilhosa com a INVEXO no Rio de Janeiro.","cat_name":"Lan\u00e7amentos de im\u00f3veis no Rio de Janeiro","category_nicename":"lancamentos-rj","category_parent":0},{"term_id":230,"name":"Mercado imobili\u00e1rio","slug":"mercado-imobiliario","term_group":0,"term_taxonomy_id":230,"taxonomy":"category","description":"Not\u00edcias sobre o mercado imobili\u00e1rio carioca, informa\u00e7\u00f5es sobre lan\u00e7amentos, construtoras, incorporadoras e futuros lan\u00e7amentos na cidade do Rio de Janeiro.","parent":0,"count":266,"filter":"raw","cat_ID":230,"category_count":266,"category_description":"Not\u00edcias sobre o mercado imobili\u00e1rio carioca, informa\u00e7\u00f5es sobre lan\u00e7amentos, construtoras, incorporadoras e futuros lan\u00e7amentos na cidade do Rio de Janeiro.","cat_name":"Mercado imobili\u00e1rio","category_nicename":"mercado-imobiliario","category_parent":0}],"tag_info":[{"term_id":486,"name":"Rio de Janeiro","slug":"rio-de-janeiro","term_group":0,"term_taxonomy_id":486,"taxonomy":"post_tag","description":"","parent":0,"count":77,"filter":"raw"}],"_links":{"self":[{"href":"https:\/\/invexo.com.br\/blog\/wp-json\/wp\/v2\/posts\/14460"}],"collection":[{"href":"https:\/\/invexo.com.br\/blog\/wp-json\/wp\/v2\/posts"}],"about":[{"href":"https:\/\/invexo.com.br\/blog\/wp-json\/wp\/v2\/types\/post"}],"author":[{"embeddable":true,"href":"https:\/\/invexo.com.br\/blog\/wp-json\/wp\/v2\/users\/2"}],"replies":[{"embeddable":true,"href":"https:\/\/invexo.com.br\/blog\/wp-json\/wp\/v2\/comments?post=14460"}],"version-history":[{"count":1,"href":"https:\/\/invexo.com.br\/blog\/wp-json\/wp\/v2\/posts\/14460\/revisions"}],"predecessor-version":[{"id":27114,"href":"https:\/\/invexo.com.br\/blog\/wp-json\/wp\/v2\/posts\/14460\/revisions\/27114"}],"wp:featuredmedia":[{"embeddable":true,"href":"https:\/\/invexo.com.br\/blog\/wp-json\/wp\/v2\/media\/14719"}],"wp:attachment":[{"href":"https:\/\/invexo.com.br\/blog\/wp-json\/wp\/v2\/media?parent=14460"}],"wp:term":[{"taxonomy":"category","embeddable":true,"href":"https:\/\/invexo.com.br\/blog\/wp-json\/wp\/v2\/categories?post=14460"},{"taxonomy":"post_tag","embeddable":true,"href":"https:\/\/invexo.com.br\/blog\/wp-json\/wp\/v2\/tags?post=14460"}],"curies":[{"name":"wp","href":"https:\/\/api.w.org\/{rel}","templated":true}]}}