{"id":13671,"date":"2021-03-23T14:13:00","date_gmt":"2021-03-23T17:13:00","guid":{"rendered":"https:\/\/invexo.com.br\/blog\/?p=13671"},"modified":"2023-01-06T13:34:53","modified_gmt":"2023-01-06T16:34:53","slug":"apartamentos-a-venda-no-jardim-das-hortencias-921-leblon","status":"publish","type":"post","link":"https:\/\/invexo.com.br\/blog\/apartamentos-a-venda-no-jardim-das-hortencias-921-leblon\/","title":{"rendered":"Conhe\u00e7a os apartamentos \u00e0 venda no Edif\u00edcio Jardim das Hort\u00eancias 921 Leblon"},"content":{"rendered":"\n<p>O <strong>Edif\u00edcio Jardim das Hort\u00eancias 921<\/strong> \u00e9 um dos condom\u00ednios de luxo mais exclusivos do Rio de Janeiro, j\u00e1 que apresenta um projeto com poucas unidades e torre \u00fanica. <\/p>\n\n\n\n<!--more-->\n\n\n\n<p>O empreendimento atende pessoas de todas as idades e fica muito pr\u00f3ximo da <a href=\"https:\/\/invexo.com.br\/blog\/praia-do-leblon\/\">Praia do Leblon<\/a>, uma das principais atra\u00e7\u00f5es do bairro.<\/p>\n\n\n\n<p>O Leblon possibilita uma mobilidade urbana excelente, considerando que abriga as <a href=\"https:\/\/invexo.com.br\/blog\/estacao-metro-leblon\/\">esta\u00e7\u00f5es de metr\u00f4<\/a> Antero de Quental e Jardim de Alah. As linhas L1 e L4 interligam o bairro com outras regi\u00f5es da cidade e facilitam a vida dos moradores e pessoas que trabalham na regi\u00e3o.<\/p>\n\n\n\n<p>A oferta de motoristas de t\u00e1xis, bem como de aplicativos de transporte privado, \u00e9 excelente. Al\u00e9m disso, os moradores podem usar bicicleta pr\u00f3pria ou compartilhada nas ciclovias, ou at\u00e9 mesmo usar as linhas de \u00f4nibus dispon\u00edveis na regi\u00e3o.<\/p>\n\n\n\n<div class=\"wp-block-group\"><div class=\"wp-block-group__inner-container is-layout-flow wp-block-group-is-layout-flow\">\n<p>Oportunidades \u00fanicas de im\u00f3veis exclusivos no Leblon. Siga nosso&nbsp;<strong><a href=\"https:\/\/whatsapp.com\/channel\/0029Va6pgNA0VycOAQkTIa3Z\">canal no WhatsApp<\/a><\/strong>&nbsp;e tenha acesso antecipado aos im\u00f3veis \u00e0 venda na regi\u00e3o.<\/p>\n\n\n\n<p><a href=\"https:\/\/whatsapp.com\/channel\/0029VaB0crhDZ4LfWQoKd22G\"><\/a><\/p>\n<\/div><\/div>\n\n\n\n<script async src=\"https:\/\/pagead2.googlesyndication.com\/pagead\/js\/adsbygoogle.js?client=ca-pub-6250649730240355\"\n     crossorigin=\"anonymous\"><\/script>\n<!-- Anuncios Blog -->\n<ins class=\"adsbygoogle\"\n     style=\"display:block\"\n     data-ad-client=\"ca-pub-6250649730240355\"\n     data-ad-slot=\"3218632260\"\n     data-ad-format=\"auto\"\n     data-full-width-responsive=\"true\"><\/ins>\n<script>\n     (adsbygoogle = window.adsbygoogle || []).push({});\n<\/script>\n\n\n\n<h2 class=\"wp-block-heading\">O que fazer no Edif\u00edcio Jardim das Hort\u00eancias 921<\/h2>\n\n\n\n<p>Nenhuma sensa\u00e7\u00e3o \u00e9 t\u00e3o boa quanto a de passar uma tarde relaxando \u00e0 beira-mar e voltar para casa facilmente, quando quiser. <\/p>\n\n\n\n<p>E os moradores do Jardim das Hort\u00eancias 921 t\u00eam esse privil\u00e9gio, j\u00e1 que fica a poucos metros da Praia do Leblon. Essa regi\u00e3o \u00e9 perfeita para atividades de lazer, recrea\u00e7\u00e3o e <a href=\"https:\/\/invexo.com.br\/blog\/treino-funcional-praia-leblon\/\">esportes na praia<\/a>.<\/p>\n\n\n\n<p>O residencial \u00e9 indicado para pessoas de todas as idades, que prezam por uma vida saud\u00e1vel e completa. Isso porque a poucos metros do empreendimento \u00e9 poss\u00edvel encontrar a academia Smart Fit para a pr\u00e1tica de atividade f\u00edsica. <\/p>\n\n\n\n<p>Al\u00e9m disso, o bairro conta com escolas de futebol, nata\u00e7\u00e3o, artes marciais, surf, hidrogin\u00e1stica e outras pr\u00e1ticas esportivas para manter a sa\u00fade em dia.<\/p>\n\n\n\n<h2 class=\"wp-block-heading\">Vale a pena morar no Edif\u00edcio Jardim das Hort\u00eancias 921<\/h2>\n\n\n\n<p>O projeto arquitet\u00f4nico do Edif\u00edcio Jardim das Hort\u00eancias 921 \u00e9 bastante contempor\u00e2neo. Al\u00e9m disso, o pr\u00e9dio conta com varandas que s\u00e3o espa\u00e7osas a ponto de se tornarem uma extens\u00e3o da sala. <\/p>\n\n\n\n<p>Sendo assim, os im\u00f3veis se integram com a vista deslumbrante do <a href=\"https:\/\/invexo.com.br\/blog\/por-que-morar-no-leblon\/\">Leblon<\/a>, que por sua vez \u00e9 repleta de belezas naturais.<\/p>\n\n\n\n<p>O Leblon \u00e9 reconhecido por ser um bairro exemplar no quesito seguran\u00e7a. Dessa forma, o Edif\u00edcio Jardim das Hort\u00eancias \u00e9 comprometido em seguir o padr\u00e3o estabelecido pelo bairro. <\/p>\n\n\n\n<figure class=\"wp-block-image size-full\"><img decoding=\"async\" width=\"1280\" height=\"720\" src=\"https:\/\/invexo.com.br\/blog\/wp-content\/uploads\/2021\/02\/vista-aerea-leblon.jpg\" alt=\"vista aerea leblon\" class=\"wp-image-12188\" srcset=\"https:\/\/invexo.com.br\/blog\/wp-content\/uploads\/2021\/02\/vista-aerea-leblon.jpg 1280w, https:\/\/invexo.com.br\/blog\/wp-content\/uploads\/2021\/02\/vista-aerea-leblon-300x169.jpg 300w, https:\/\/invexo.com.br\/blog\/wp-content\/uploads\/2021\/02\/vista-aerea-leblon-1024x576.jpg 1024w, https:\/\/invexo.com.br\/blog\/wp-content\/uploads\/2021\/02\/vista-aerea-leblon-768x432.jpg 768w, https:\/\/invexo.com.br\/blog\/wp-content\/uploads\/2021\/02\/vista-aerea-leblon-940x529.jpg 940w\" sizes=\"(max-width: 1280px) 100vw, 1280px\" \/><\/figure>\n\n\n\n<p>O pr\u00e9dio conta com muita ilumina\u00e7\u00e3o, c\u00e2meras de seguran\u00e7a, portaria 24h, sensor de presen\u00e7a e muitos outros componentes modernos e essenciais.<\/p>\n\n\n\n<p>Viver no Leblon \u00e9 o sonho de muitas pessoas, pois trata-se de um <a href=\"https:\/\/invexo.com.br\/blog\/o-leblon-nas-novelas-da-globo\/\">bairro art\u00edstico<\/a>, moderno e com v\u00e1rios estabelecimentos sofisticados. <\/p>\n\n\n\n<p>Sendo assim, o Jardim das Hort\u00eancias \u00e9 mais que um sonho, pois al\u00e9m de ser completo, fica pr\u00f3ximo ao <a href=\"https:\/\/shoppingleblon.com.br\/\" target=\"_blank\" rel=\"noreferrer noopener\">Shopping Leblon<\/a> e o <a href=\"https:\/\/invexo.com.br\/blog\/rio-design-leblon\/\">Rio Design Leblon<\/a>, locais com diversas op\u00e7\u00f5es de recrea\u00e7\u00e3o e lazer.<\/p>\n\n\n\n<p>O Leblon \u00e9 um bairro extremamente completo, com <a href=\"https:\/\/invexo.com.br\/blog\/supermercados-no-leblon\/\">supermercados<\/a>, boutiques, bistr\u00f4s, <a href=\"https:\/\/invexo.com.br\/blog\/hospital-leblon\/\">hospitais<\/a>, escolas e muitos outros servi\u00e7os essenciais. <\/p>\n\n\n\n<p>Mas um dos estabelecimentos que merece destaque \u00e9 o Oro Restaurante, comandado por um famoso chef que \u00e9 estrela de TV.<\/p>\n\n\n\n<h2 class=\"wp-block-heading\">Im\u00f3veis \u00e0 venda no Edif\u00edcio Jardim das Hort\u00eancias 921<\/h2>\n\n\n\n<p>Os im\u00f3veis \u00e0 venda nesse residencial foram projetados com acabamento feito com material de luxo, incluindo porcelanas e pedras nobres. <\/p>\n\n\n\n<p>Al\u00e9m de serem lindas, esse tipo de acabamento \u00e9 dur\u00e1vel e eleva a valoriza\u00e7\u00e3o do im\u00f3vel.<\/p>\n\n\n\n<p>As plantas do Edif\u00edcio Jardim das Hort\u00eancias 921 s\u00e3o bastante generosas e contam com apartamentos muito sofisticados. <\/p>\n\n\n\n<p>Os c\u00f4modos s\u00e3o divididos em 4 dormit\u00f3rios, su\u00edtes, lavabo, depend\u00eancia para empregados, salas de jantar e de estar, al\u00e9m de uma bel\u00edssima varanda.<\/p>\n\n\n\n<p>Confira as informa\u00e7\u00f5es detalhadas do Condom\u00ednio! Nossa equipe de especialistas em im\u00f3veis no <a rel=\"noreferrer noopener\" href=\"https:\/\/invexo.com.br\/condominio\/edificio-jardim-das-hortencias-921-leblon\/\" target=\"_blank\">Edif\u00edcio Jardim das Hort\u00eancias<\/a> 921 criou um artigo com tudo o que o condom\u00ednio tem a oferecer para voc\u00ea e sua fam\u00edlia!<\/p>\n\n\n\n<script async src=\"https:\/\/pagead2.googlesyndication.com\/pagead\/js\/adsbygoogle.js?client=ca-pub-6250649730240355\"\n     crossorigin=\"anonymous\"><\/script>\n<ins class=\"adsbygoogle\"\n     style=\"display:block\"\n     data-ad-format=\"fluid\"\n     data-ad-layout-key=\"-fb+5w+4e-db+86\"\n     data-ad-client=\"ca-pub-6250649730240355\"\n     data-ad-slot=\"9908760168\"><\/ins>\n<script>\n     (adsbygoogle = window.adsbygoogle || []).push({});\n<\/script>\n","protected":false},"excerpt":{"rendered":"<p>O Edif\u00edcio Jardim das Hort\u00eancias 921 \u00e9 um dos condom\u00ednios de luxo mais exclusivos do Rio de Janeiro, j\u00e1 que apresenta um projeto com poucas unidades e torre \u00fanica.<\/p>\n","protected":false},"author":2,"featured_media":13775,"comment_status":"closed","ping_status":"closed","sticky":false,"template":"","format":"standard","meta":{"_acf_changed":false,"_kad_blocks_custom_css":"","_kad_blocks_head_custom_js":"","_kad_blocks_body_custom_js":"","_kad_blocks_footer_custom_js":"","_kadence_starter_templates_imported_post":false,"_kad_post_transparent":"","_kad_post_title":"","_kad_post_layout":"","_kad_post_sidebar_id":"","_kad_post_content_style":"","_kad_post_vertical_padding":"","_kad_post_feature":"","_kad_post_feature_position":"","_kad_post_header":false,"_kad_post_footer":false,"footnotes":""},"categories":[10,641],"tags":[634],"acf":[],"yoast_head":"<!-- This site is optimized with the Yoast SEO plugin v24.1 - https:\/\/yoast.com\/wordpress\/plugins\/seo\/ -->\n<title>Edif\u00edcio Jardim das Hort\u00eancias 921: apartamentos \u00e0 venda no Leblon<\/title>\n<meta name=\"description\" content=\"O Edif\u00edcio Jardim das Hort\u00eancias 921 \u00e9 perfeito para pessoas que sempre sonharam em viver no Leblon, um bairro extremamente valorizado.\" \/>\n<meta name=\"robots\" content=\"index, follow, max-snippet:-1, max-image-preview:large, max-video-preview:-1\" \/>\n<link rel=\"canonical\" href=\"https:\/\/invexo.com.br\/blog\/apartamentos-a-venda-no-jardim-das-hortencias-921-leblon\/\" \/>\n<meta property=\"og:locale\" content=\"pt_BR\" \/>\n<meta property=\"og:type\" content=\"article\" \/>\n<meta property=\"og:title\" content=\"Edif\u00edcio Jardim das Hort\u00eancias 921: apartamentos \u00e0 venda no Leblon\" \/>\n<meta property=\"og:description\" content=\"O Edif\u00edcio Jardim das Hort\u00eancias 921 \u00e9 perfeito para pessoas que sempre sonharam em viver no Leblon, um bairro extremamente valorizado.\" \/>\n<meta property=\"og:url\" content=\"https:\/\/invexo.com.br\/blog\/apartamentos-a-venda-no-jardim-das-hortencias-921-leblon\/\" \/>\n<meta property=\"og:site_name\" content=\"Not\u00edcias RJ\" \/>\n<meta property=\"article:publisher\" content=\"https:\/\/facebook.com\/invexo\" \/>\n<meta property=\"article:author\" content=\"https:\/\/facebook.com\/invexo\" \/>\n<meta property=\"article:published_time\" content=\"2021-03-23T17:13:00+00:00\" \/>\n<meta property=\"article:modified_time\" content=\"2023-01-06T16:34:53+00:00\" \/>\n<meta property=\"og:image\" content=\"https:\/\/invexo.com.br\/blog\/wp-content\/uploads\/2021\/03\/edificio-jardim-das-hortencias-921.jpg\" \/>\n\t<meta property=\"og:image:width\" content=\"1280\" \/>\n\t<meta property=\"og:image:height\" content=\"720\" \/>\n\t<meta property=\"og:image:type\" content=\"image\/jpeg\" \/>\n<meta name=\"author\" content=\"Ronnie Possatti\" \/>\n<meta name=\"twitter:card\" content=\"summary_large_image\" \/>\n<meta name=\"twitter:creator\" content=\"@https:\/\/twitter.com\/invexoimoveis\" \/>\n<meta name=\"twitter:site\" content=\"@invexoimoveis\" \/>\n<meta name=\"twitter:label1\" content=\"Escrito por\" \/>\n\t<meta name=\"twitter:data1\" content=\"Ronnie Possatti\" \/>\n\t<meta name=\"twitter:label2\" content=\"Est. tempo de leitura\" \/>\n\t<meta name=\"twitter:data2\" content=\"4 minutos\" \/>\n<script type=\"application\/ld+json\" class=\"yoast-schema-graph\">{\"@context\":\"https:\/\/schema.org\",\"@graph\":[{\"@type\":\"Article\",\"@id\":\"https:\/\/invexo.com.br\/blog\/apartamentos-a-venda-no-jardim-das-hortencias-921-leblon\/#article\",\"isPartOf\":{\"@id\":\"https:\/\/invexo.com.br\/blog\/apartamentos-a-venda-no-jardim-das-hortencias-921-leblon\/\"},\"author\":{\"name\":\"Ronnie Possatti\",\"@id\":\"https:\/\/invexo.com.br\/blog\/#\/schema\/person\/36bee32f1cfacde03dc4c9622a58778d\"},\"headline\":\"Conhe\u00e7a os apartamentos \u00e0 venda no Edif\u00edcio Jardim das Hort\u00eancias 921 Leblon\",\"datePublished\":\"2021-03-23T17:13:00+00:00\",\"dateModified\":\"2023-01-06T16:34:53+00:00\",\"mainEntityOfPage\":{\"@id\":\"https:\/\/invexo.com.br\/blog\/apartamentos-a-venda-no-jardim-das-hortencias-921-leblon\/\"},\"wordCount\":657,\"publisher\":{\"@id\":\"https:\/\/invexo.com.br\/blog\/#organization\"},\"image\":{\"@id\":\"https:\/\/invexo.com.br\/blog\/apartamentos-a-venda-no-jardim-das-hortencias-921-leblon\/#primaryimage\"},\"thumbnailUrl\":\"https:\/\/invexo.com.br\/blog\/wp-content\/uploads\/2021\/03\/edificio-jardim-das-hortencias-921.jpg\",\"keywords\":[\"Leblon\"],\"articleSection\":[\"Bairros\",\"Condom\u00ednios\"],\"inLanguage\":\"pt-BR\"},{\"@type\":\"WebPage\",\"@id\":\"https:\/\/invexo.com.br\/blog\/apartamentos-a-venda-no-jardim-das-hortencias-921-leblon\/\",\"url\":\"https:\/\/invexo.com.br\/blog\/apartamentos-a-venda-no-jardim-das-hortencias-921-leblon\/\",\"name\":\"Edif\u00edcio Jardim das Hort\u00eancias 921: apartamentos \u00e0 venda no Leblon\",\"isPartOf\":{\"@id\":\"https:\/\/invexo.com.br\/blog\/#website\"},\"primaryImageOfPage\":{\"@id\":\"https:\/\/invexo.com.br\/blog\/apartamentos-a-venda-no-jardim-das-hortencias-921-leblon\/#primaryimage\"},\"image\":{\"@id\":\"https:\/\/invexo.com.br\/blog\/apartamentos-a-venda-no-jardim-das-hortencias-921-leblon\/#primaryimage\"},\"thumbnailUrl\":\"https:\/\/invexo.com.br\/blog\/wp-content\/uploads\/2021\/03\/edificio-jardim-das-hortencias-921.jpg\",\"datePublished\":\"2021-03-23T17:13:00+00:00\",\"dateModified\":\"2023-01-06T16:34:53+00:00\",\"description\":\"O Edif\u00edcio Jardim das Hort\u00eancias 921 \u00e9 perfeito para pessoas que sempre sonharam em viver no Leblon, um bairro extremamente valorizado.\",\"breadcrumb\":{\"@id\":\"https:\/\/invexo.com.br\/blog\/apartamentos-a-venda-no-jardim-das-hortencias-921-leblon\/#breadcrumb\"},\"inLanguage\":\"pt-BR\",\"potentialAction\":[{\"@type\":\"ReadAction\",\"target\":[\"https:\/\/invexo.com.br\/blog\/apartamentos-a-venda-no-jardim-das-hortencias-921-leblon\/\"]}]},{\"@type\":\"ImageObject\",\"inLanguage\":\"pt-BR\",\"@id\":\"https:\/\/invexo.com.br\/blog\/apartamentos-a-venda-no-jardim-das-hortencias-921-leblon\/#primaryimage\",\"url\":\"https:\/\/invexo.com.br\/blog\/wp-content\/uploads\/2021\/03\/edificio-jardim-das-hortencias-921.jpg\",\"contentUrl\":\"https:\/\/invexo.com.br\/blog\/wp-content\/uploads\/2021\/03\/edificio-jardim-das-hortencias-921.jpg\",\"width\":1280,\"height\":720,\"caption\":\"Edif\u00edcio Jardim das Hort\u00eansias 921\"},{\"@type\":\"BreadcrumbList\",\"@id\":\"https:\/\/invexo.com.br\/blog\/apartamentos-a-venda-no-jardim-das-hortencias-921-leblon\/#breadcrumb\",\"itemListElement\":[{\"@type\":\"ListItem\",\"position\":1,\"name\":\"Blog\",\"item\":\"https:\/\/invexo.com.br\/blog\/\"},{\"@type\":\"ListItem\",\"position\":2,\"name\":\"Condom\u00ednios\",\"item\":\"https:\/\/invexo.com.br\/blog\/categoria\/condominio\/\"},{\"@type\":\"ListItem\",\"position\":3,\"name\":\"Conhe\u00e7a os apartamentos \u00e0 venda no Edif\u00edcio Jardim das Hort\u00eancias 921 Leblon\"}]},{\"@type\":\"WebSite\",\"@id\":\"https:\/\/invexo.com.br\/blog\/#website\",\"url\":\"https:\/\/invexo.com.br\/blog\/\",\"name\":\"Not\u00edcias RJ\",\"description\":\"Not\u00edcias sobre im\u00f3veis, financiamento, mercado imobili\u00e1rio do Rio de Janeiro. Informa\u00e7\u00f5es sobre Bairros, Condom\u00ednios e Regi\u00e3o do Rio de Janeiro.\",\"publisher\":{\"@id\":\"https:\/\/invexo.com.br\/blog\/#organization\"},\"potentialAction\":[{\"@type\":\"SearchAction\",\"target\":{\"@type\":\"EntryPoint\",\"urlTemplate\":\"https:\/\/invexo.com.br\/blog\/?s={search_term_string}\"},\"query-input\":{\"@type\":\"PropertyValueSpecification\",\"valueRequired\":true,\"valueName\":\"search_term_string\"}}],\"inLanguage\":\"pt-BR\"},{\"@type\":\"Organization\",\"@id\":\"https:\/\/invexo.com.br\/blog\/#organization\",\"name\":\"INVEXO Imobili\u00e1ria\",\"url\":\"https:\/\/invexo.com.br\/blog\/\",\"logo\":{\"@type\":\"ImageObject\",\"inLanguage\":\"pt-BR\",\"@id\":\"https:\/\/invexo.com.br\/blog\/#\/schema\/logo\/image\/\",\"url\":\"https:\/\/invexo.com.br\/blog\/wp-content\/uploads\/2018\/09\/invexo-80-melhor.png\",\"contentUrl\":\"https:\/\/invexo.com.br\/blog\/wp-content\/uploads\/2018\/09\/invexo-80-melhor.png\",\"width\":247,\"height\":80,\"caption\":\"INVEXO Imobili\u00e1ria\"},\"image\":{\"@id\":\"https:\/\/invexo.com.br\/blog\/#\/schema\/logo\/image\/\"},\"sameAs\":[\"https:\/\/facebook.com\/invexo\",\"https:\/\/x.com\/invexoimoveis\"]},{\"@type\":\"Person\",\"@id\":\"https:\/\/invexo.com.br\/blog\/#\/schema\/person\/36bee32f1cfacde03dc4c9622a58778d\",\"name\":\"Ronnie Possatti\",\"image\":{\"@type\":\"ImageObject\",\"inLanguage\":\"pt-BR\",\"@id\":\"https:\/\/invexo.com.br\/blog\/#\/schema\/person\/image\/\",\"url\":\"https:\/\/secure.gravatar.com\/avatar\/51a6cdcc215551235c39affb853f1e38?s=96&d=blank&r=g\",\"contentUrl\":\"https:\/\/secure.gravatar.com\/avatar\/51a6cdcc215551235c39affb853f1e38?s=96&d=blank&r=g\",\"caption\":\"Ronnie Possatti\"},\"description\":\"Equipe de especialistas que traz para seus leitores conte\u00fados relevantes e de qualidade sobre bairros, condom\u00ednios, lan\u00e7amentos e not\u00edcias imobili\u00e1rias no Rio de Janeiro.\",\"sameAs\":[\"https:\/\/facebook.com\/invexo\",\"https:\/\/instagram.com\/invexo\",\"https:\/\/x.com\/https:\/\/twitter.com\/invexoimoveis\"],\"url\":\"https:\/\/invexo.com.br\/blog\/author\/invexo\/\"}]}<\/script>\n<!-- \/ Yoast SEO plugin. -->","yoast_head_json":{"title":"Edif\u00edcio Jardim das Hort\u00eancias 921: apartamentos \u00e0 venda no Leblon","description":"O Edif\u00edcio Jardim das Hort\u00eancias 921 \u00e9 perfeito para pessoas que sempre sonharam em viver no Leblon, um bairro extremamente valorizado.","robots":{"index":"index","follow":"follow","max-snippet":"max-snippet:-1","max-image-preview":"max-image-preview:large","max-video-preview":"max-video-preview:-1"},"canonical":"https:\/\/invexo.com.br\/blog\/apartamentos-a-venda-no-jardim-das-hortencias-921-leblon\/","og_locale":"pt_BR","og_type":"article","og_title":"Edif\u00edcio Jardim das Hort\u00eancias 921: apartamentos \u00e0 venda no Leblon","og_description":"O Edif\u00edcio Jardim das Hort\u00eancias 921 \u00e9 perfeito para pessoas que sempre sonharam em viver no Leblon, um bairro extremamente valorizado.","og_url":"https:\/\/invexo.com.br\/blog\/apartamentos-a-venda-no-jardim-das-hortencias-921-leblon\/","og_site_name":"Not\u00edcias RJ","article_publisher":"https:\/\/facebook.com\/invexo","article_author":"https:\/\/facebook.com\/invexo","article_published_time":"2021-03-23T17:13:00+00:00","article_modified_time":"2023-01-06T16:34:53+00:00","og_image":[{"width":1280,"height":720,"url":"https:\/\/invexo.com.br\/blog\/wp-content\/uploads\/2021\/03\/edificio-jardim-das-hortencias-921.jpg","type":"image\/jpeg"}],"author":"Ronnie Possatti","twitter_card":"summary_large_image","twitter_creator":"@https:\/\/twitter.com\/invexoimoveis","twitter_site":"@invexoimoveis","twitter_misc":{"Escrito por":"Ronnie Possatti","Est. tempo de leitura":"4 minutos"},"schema":{"@context":"https:\/\/schema.org","@graph":[{"@type":"Article","@id":"https:\/\/invexo.com.br\/blog\/apartamentos-a-venda-no-jardim-das-hortencias-921-leblon\/#article","isPartOf":{"@id":"https:\/\/invexo.com.br\/blog\/apartamentos-a-venda-no-jardim-das-hortencias-921-leblon\/"},"author":{"name":"Ronnie Possatti","@id":"https:\/\/invexo.com.br\/blog\/#\/schema\/person\/36bee32f1cfacde03dc4c9622a58778d"},"headline":"Conhe\u00e7a os apartamentos \u00e0 venda no Edif\u00edcio Jardim das Hort\u00eancias 921 Leblon","datePublished":"2021-03-23T17:13:00+00:00","dateModified":"2023-01-06T16:34:53+00:00","mainEntityOfPage":{"@id":"https:\/\/invexo.com.br\/blog\/apartamentos-a-venda-no-jardim-das-hortencias-921-leblon\/"},"wordCount":657,"publisher":{"@id":"https:\/\/invexo.com.br\/blog\/#organization"},"image":{"@id":"https:\/\/invexo.com.br\/blog\/apartamentos-a-venda-no-jardim-das-hortencias-921-leblon\/#primaryimage"},"thumbnailUrl":"https:\/\/invexo.com.br\/blog\/wp-content\/uploads\/2021\/03\/edificio-jardim-das-hortencias-921.jpg","keywords":["Leblon"],"articleSection":["Bairros","Condom\u00ednios"],"inLanguage":"pt-BR"},{"@type":"WebPage","@id":"https:\/\/invexo.com.br\/blog\/apartamentos-a-venda-no-jardim-das-hortencias-921-leblon\/","url":"https:\/\/invexo.com.br\/blog\/apartamentos-a-venda-no-jardim-das-hortencias-921-leblon\/","name":"Edif\u00edcio Jardim das Hort\u00eancias 921: apartamentos \u00e0 venda no Leblon","isPartOf":{"@id":"https:\/\/invexo.com.br\/blog\/#website"},"primaryImageOfPage":{"@id":"https:\/\/invexo.com.br\/blog\/apartamentos-a-venda-no-jardim-das-hortencias-921-leblon\/#primaryimage"},"image":{"@id":"https:\/\/invexo.com.br\/blog\/apartamentos-a-venda-no-jardim-das-hortencias-921-leblon\/#primaryimage"},"thumbnailUrl":"https:\/\/invexo.com.br\/blog\/wp-content\/uploads\/2021\/03\/edificio-jardim-das-hortencias-921.jpg","datePublished":"2021-03-23T17:13:00+00:00","dateModified":"2023-01-06T16:34:53+00:00","description":"O Edif\u00edcio Jardim das Hort\u00eancias 921 \u00e9 perfeito para pessoas que sempre sonharam em viver no Leblon, um bairro extremamente valorizado.","breadcrumb":{"@id":"https:\/\/invexo.com.br\/blog\/apartamentos-a-venda-no-jardim-das-hortencias-921-leblon\/#breadcrumb"},"inLanguage":"pt-BR","potentialAction":[{"@type":"ReadAction","target":["https:\/\/invexo.com.br\/blog\/apartamentos-a-venda-no-jardim-das-hortencias-921-leblon\/"]}]},{"@type":"ImageObject","inLanguage":"pt-BR","@id":"https:\/\/invexo.com.br\/blog\/apartamentos-a-venda-no-jardim-das-hortencias-921-leblon\/#primaryimage","url":"https:\/\/invexo.com.br\/blog\/wp-content\/uploads\/2021\/03\/edificio-jardim-das-hortencias-921.jpg","contentUrl":"https:\/\/invexo.com.br\/blog\/wp-content\/uploads\/2021\/03\/edificio-jardim-das-hortencias-921.jpg","width":1280,"height":720,"caption":"Edif\u00edcio Jardim das Hort\u00eansias 921"},{"@type":"BreadcrumbList","@id":"https:\/\/invexo.com.br\/blog\/apartamentos-a-venda-no-jardim-das-hortencias-921-leblon\/#breadcrumb","itemListElement":[{"@type":"ListItem","position":1,"name":"Blog","item":"https:\/\/invexo.com.br\/blog\/"},{"@type":"ListItem","position":2,"name":"Condom\u00ednios","item":"https:\/\/invexo.com.br\/blog\/categoria\/condominio\/"},{"@type":"ListItem","position":3,"name":"Conhe\u00e7a os apartamentos \u00e0 venda no Edif\u00edcio Jardim das Hort\u00eancias 921 Leblon"}]},{"@type":"WebSite","@id":"https:\/\/invexo.com.br\/blog\/#website","url":"https:\/\/invexo.com.br\/blog\/","name":"Not\u00edcias RJ","description":"Not\u00edcias sobre im\u00f3veis, financiamento, mercado imobili\u00e1rio do Rio de Janeiro. Informa\u00e7\u00f5es sobre Bairros, Condom\u00ednios e Regi\u00e3o do Rio de Janeiro.","publisher":{"@id":"https:\/\/invexo.com.br\/blog\/#organization"},"potentialAction":[{"@type":"SearchAction","target":{"@type":"EntryPoint","urlTemplate":"https:\/\/invexo.com.br\/blog\/?s={search_term_string}"},"query-input":{"@type":"PropertyValueSpecification","valueRequired":true,"valueName":"search_term_string"}}],"inLanguage":"pt-BR"},{"@type":"Organization","@id":"https:\/\/invexo.com.br\/blog\/#organization","name":"INVEXO Imobili\u00e1ria","url":"https:\/\/invexo.com.br\/blog\/","logo":{"@type":"ImageObject","inLanguage":"pt-BR","@id":"https:\/\/invexo.com.br\/blog\/#\/schema\/logo\/image\/","url":"https:\/\/invexo.com.br\/blog\/wp-content\/uploads\/2018\/09\/invexo-80-melhor.png","contentUrl":"https:\/\/invexo.com.br\/blog\/wp-content\/uploads\/2018\/09\/invexo-80-melhor.png","width":247,"height":80,"caption":"INVEXO Imobili\u00e1ria"},"image":{"@id":"https:\/\/invexo.com.br\/blog\/#\/schema\/logo\/image\/"},"sameAs":["https:\/\/facebook.com\/invexo","https:\/\/x.com\/invexoimoveis"]},{"@type":"Person","@id":"https:\/\/invexo.com.br\/blog\/#\/schema\/person\/36bee32f1cfacde03dc4c9622a58778d","name":"Ronnie Possatti","image":{"@type":"ImageObject","inLanguage":"pt-BR","@id":"https:\/\/invexo.com.br\/blog\/#\/schema\/person\/image\/","url":"https:\/\/secure.gravatar.com\/avatar\/51a6cdcc215551235c39affb853f1e38?s=96&d=blank&r=g","contentUrl":"https:\/\/secure.gravatar.com\/avatar\/51a6cdcc215551235c39affb853f1e38?s=96&d=blank&r=g","caption":"Ronnie Possatti"},"description":"Equipe de especialistas que traz para seus leitores conte\u00fados relevantes e de qualidade sobre bairros, condom\u00ednios, lan\u00e7amentos e not\u00edcias imobili\u00e1rias no Rio de Janeiro.","sameAs":["https:\/\/facebook.com\/invexo","https:\/\/instagram.com\/invexo","https:\/\/x.com\/https:\/\/twitter.com\/invexoimoveis"],"url":"https:\/\/invexo.com.br\/blog\/author\/invexo\/"}]}},"taxonomy_info":{"category":[{"value":10,"label":"Bairros"},{"value":641,"label":"Condom\u00ednios"}],"post_tag":[{"value":634,"label":"Leblon"}]},"featured_image_src_large":["https:\/\/invexo.com.br\/blog\/wp-content\/uploads\/2021\/03\/edificio-jardim-das-hortencias-921-1024x576.jpg",1024,576,true],"author_info":{"display_name":"Ronnie Possatti","author_link":"https:\/\/invexo.com.br\/blog\/author\/invexo\/"},"comment_info":0,"category_info":[{"term_id":10,"name":"Bairros","slug":"bairros","term_group":0,"term_taxonomy_id":10,"taxonomy":"category","description":"Not\u00edcias sobre estabelecimentos nos melhores bairros para se morar no Rio de Janeiro.","parent":0,"count":1354,"filter":"raw","cat_ID":10,"category_count":1354,"category_description":"Not\u00edcias sobre estabelecimentos nos melhores bairros para se morar no Rio de Janeiro.","cat_name":"Bairros","category_nicename":"bairros","category_parent":0},{"term_id":641,"name":"Condom\u00ednios","slug":"condominio","term_group":0,"term_taxonomy_id":641,"taxonomy":"category","description":"Conhe\u00e7a tudo sobre luxuosos condom\u00ednios com total infraestrutura e seguran\u00e7a, situados em bairros nobres do Rio de Janeiro.","parent":0,"count":305,"filter":"raw","cat_ID":641,"category_count":305,"category_description":"Conhe\u00e7a tudo sobre luxuosos condom\u00ednios com total infraestrutura e seguran\u00e7a, situados em bairros nobres do Rio de Janeiro.","cat_name":"Condom\u00ednios","category_nicename":"condominio","category_parent":0}],"tag_info":[{"term_id":634,"name":"Leblon","slug":"leblon","term_group":0,"term_taxonomy_id":634,"taxonomy":"post_tag","description":"<p style=\"text-align: left\">O Leblon \u00e9 o bairro mais nobre da Zona Sul da cidade do Rio de Janeiro (RJ). A regi\u00e3o \u00e9 reconhecida pela infraestrutura requintada e pelas arquiteturas encantadoras, que tamb\u00e9m s\u00e3o repletas de hist\u00f3rias marcantes. Conhe\u00e7a os <a href=\"https:\/\/luxury.invexo.com.br\/bairro\/leblon\/\" target=\"_blank\" rel=\"noreferrer noopener\">im\u00f3veis de luxo no Leblon<\/a>!<\/p>","parent":0,"count":433,"filter":"raw"}],"_links":{"self":[{"href":"https:\/\/invexo.com.br\/blog\/wp-json\/wp\/v2\/posts\/13671"}],"collection":[{"href":"https:\/\/invexo.com.br\/blog\/wp-json\/wp\/v2\/posts"}],"about":[{"href":"https:\/\/invexo.com.br\/blog\/wp-json\/wp\/v2\/types\/post"}],"author":[{"embeddable":true,"href":"https:\/\/invexo.com.br\/blog\/wp-json\/wp\/v2\/users\/2"}],"replies":[{"embeddable":true,"href":"https:\/\/invexo.com.br\/blog\/wp-json\/wp\/v2\/comments?post=13671"}],"version-history":[{"count":2,"href":"https:\/\/invexo.com.br\/blog\/wp-json\/wp\/v2\/posts\/13671\/revisions"}],"predecessor-version":[{"id":33739,"href":"https:\/\/invexo.com.br\/blog\/wp-json\/wp\/v2\/posts\/13671\/revisions\/33739"}],"wp:featuredmedia":[{"embeddable":true,"href":"https:\/\/invexo.com.br\/blog\/wp-json\/wp\/v2\/media\/13775"}],"wp:attachment":[{"href":"https:\/\/invexo.com.br\/blog\/wp-json\/wp\/v2\/media?parent=13671"}],"wp:term":[{"taxonomy":"category","embeddable":true,"href":"https:\/\/invexo.com.br\/blog\/wp-json\/wp\/v2\/categories?post=13671"},{"taxonomy":"post_tag","embeddable":true,"href":"https:\/\/invexo.com.br\/blog\/wp-json\/wp\/v2\/tags?post=13671"}],"curies":[{"name":"wp","href":"https:\/\/api.w.org\/{rel}","templated":true}]}}