{"id":12504,"date":"2021-02-28T07:32:00","date_gmt":"2021-02-28T10:32:00","guid":{"rendered":"https:\/\/invexo.com.br\/blog\/?p=12504"},"modified":"2023-01-06T13:49:58","modified_gmt":"2023-01-06T16:49:58","slug":"saiba-tudo-edificio-endelweiss-836-leblon","status":"publish","type":"post","link":"https:\/\/invexo.com.br\/blog\/saiba-tudo-edificio-endelweiss-836-leblon\/","title":{"rendered":"Saiba tudo sobre o Edif\u00edcio Endelweiss 836 no Leblon"},"content":{"rendered":"\n<p>O <strong>Edif\u00edcio Endelweiss 836 <\/strong>\u00e9 um condom\u00ednio de luxo localizado no Leblon, zona sul do Rio de Janeiro. O empreendimento est\u00e1 perto de tudo que facilita e enriquece a vida de seus moradores, como praias, parques, restaurantes, teatros e muito mais.<\/p>\n\n\n\n<!--more-->\n\n\n\n<p>A infraestrutura de transporte da regi\u00e3o \u00e9 excelente e muito eficaz, pois abriga as <a href=\"https:\/\/invexo.com.br\/blog\/estacao-metro-leblon\/\">esta\u00e7\u00f5es de metr\u00f4<\/a> Jardim de Alah e Antero de Quental. <\/p>\n\n\n\n<p>Al\u00e9m disso, o bairro conta com a presen\u00e7a massiva de pontos de \u00f4nibus espalhados pela regi\u00e3o e diversas ciclovias para os adeptos do deslocamento sustent\u00e1vel. Tamb\u00e9m existe uma grande oferta de t\u00e1xis e motoristas de aplicativo.<\/p>\n\n\n\n<div class=\"wp-block-group\"><div class=\"wp-block-group__inner-container is-layout-flow wp-block-group-is-layout-flow\">\n<p>Oportunidades \u00fanicas de im\u00f3veis exclusivos no Leblon. Siga nosso&nbsp;<strong><a href=\"https:\/\/whatsapp.com\/channel\/0029Va6pgNA0VycOAQkTIa3Z\">canal no WhatsApp<\/a><\/strong>&nbsp;e tenha acesso antecipado aos im\u00f3veis \u00e0 venda na regi\u00e3o.<\/p>\n\n\n\n<p><a href=\"https:\/\/whatsapp.com\/channel\/0029VaB0crhDZ4LfWQoKd22G\"><\/a><\/p>\n<\/div><\/div>\n\n\n\n<script async src=\"https:\/\/pagead2.googlesyndication.com\/pagead\/js\/adsbygoogle.js?client=ca-pub-6250649730240355\"\n     crossorigin=\"anonymous\"><\/script>\n<!-- Anuncios Blog -->\n<ins class=\"adsbygoogle\"\n     style=\"display:block\"\n     data-ad-client=\"ca-pub-6250649730240355\"\n     data-ad-slot=\"3218632260\"\n     data-ad-format=\"auto\"\n     data-full-width-responsive=\"true\"><\/ins>\n<script>\n     (adsbygoogle = window.adsbygoogle || []).push({});\n<\/script>\n\n\n\n<h2 class=\"wp-block-heading\">O que fazer no Edif\u00edcio Endelweiss 836<\/h2>\n\n\n\n<p>A \u00e1rea externa do condom\u00ednio chama aten\u00e7\u00e3o pela <a href=\"https:\/\/invexo.com.br\/blog\/por-que-voce-deve-considerar-morar-proximo-a-areas-verdes\/\">\u00e1rea verde e ruas arborizadas<\/a>, fazendo com que o morador tenha contato com a natureza e possa caminhar ao ar livre tranquilamente. <\/p>\n\n\n\n<p>Al\u00e9m disso, a localiza\u00e7\u00e3o \u00e9 mais do que privilegiada, pr\u00f3xima aos melhores caf\u00e9s, bares, shoppings e <a href=\"https:\/\/invexo.com.br\/blog\/melhor-restaurante-do-leblon\/\">restaurantes<\/a>.<\/p>\n\n\n\n<p>O condom\u00ednio \u00e9 bastante reservado, no entanto existem in\u00fameras atividades para serem realizadas a poucos metros do empreendimento. <\/p>\n\n\n\n<p>O Edif\u00edcio Endelweiss fica bem pertinho da <a href=\"https:\/\/invexo.com.br\/blog\/praia-do-leblon\/\">Praia do Leblon<\/a> e de outros pontos de beleza inigual\u00e1veis, como o <a href=\"https:\/\/invexo.com.br\/blog\/mirante-do-leblon\/\">Mirante do Leblon<\/a> ou o <a href=\"https:\/\/invexo.com.br\/blog\/parque-natural-municipal-penhasco-dois-irmaos\/\">Parque e Penhasco Dois Irm\u00e3os<\/a>.<\/p>\n\n\n\n<p>A Ciclovia Tim Maia \u00e9 uma das op\u00e7\u00f5es preferidas das pessoas que desejam aproveitar a natureza exuberante da regi\u00e3o e se exercitar. <\/p>\n\n\n\n<p>Al\u00e9m disso, na orla da praia \u00e9 poss\u00edvel <a href=\"https:\/\/invexo.com.br\/blog\/treino-funcional-praia-leblon\/\">praticar esportes<\/a> ou simplesmente se refrescar em um dos <a href=\"https:\/\/invexo.com.br\/blog\/quiosque-leblon\/\">quiosques<\/a> dispon\u00edveis.<\/p>\n\n\n\n<h2 class=\"wp-block-heading\">Vale a pena morar no Edif\u00edcio Endelweiss 836<\/h2>\n\n\n\n<p>A sofistica\u00e7\u00e3o e o requinte est\u00e3o presentes em cada ambiente do Edif\u00edcio Endelweiss 836. O empreendimento conta com um projeto arquitet\u00f4nico diferenciado e um belo paisagismo, al\u00e9m de uma fachada repleta de \u00e1rvores que deixam o ambiente ainda mais charmoso e agrad\u00e1vel.<\/p>\n\n\n\n<p>A localiza\u00e7\u00e3o do condom\u00ednio est\u00e1 em um dos bairros mais seguros do Rio de Janeiro, o <a href=\"https:\/\/invexo.com.br\/blog\/por-que-morar-no-leblon\/\">Leblon<\/a>. Sendo assim, a seguran\u00e7a do condom\u00ednio segue os padr\u00f5es estabelecidos pela regi\u00e3o, de modo que conta com controle de acesso, portaria e seguran\u00e7a 24h, monitoramento por c\u00e2meras e muitos outros componentes de seguran\u00e7a fundamentais.<\/p>\n\n\n\n<figure class=\"wp-block-image size-full\"><img decoding=\"async\" width=\"1280\" height=\"720\" src=\"https:\/\/invexo.com.br\/blog\/wp-content\/uploads\/2021\/02\/vista-da-praia-do-leblon.jpg\" alt=\"vista da praia do leblon\" class=\"wp-image-11513\" srcset=\"https:\/\/invexo.com.br\/blog\/wp-content\/uploads\/2021\/02\/vista-da-praia-do-leblon.jpg 1280w, https:\/\/invexo.com.br\/blog\/wp-content\/uploads\/2021\/02\/vista-da-praia-do-leblon-300x169.jpg 300w, https:\/\/invexo.com.br\/blog\/wp-content\/uploads\/2021\/02\/vista-da-praia-do-leblon-1024x576.jpg 1024w, https:\/\/invexo.com.br\/blog\/wp-content\/uploads\/2021\/02\/vista-da-praia-do-leblon-768x432.jpg 768w, https:\/\/invexo.com.br\/blog\/wp-content\/uploads\/2021\/02\/vista-da-praia-do-leblon-940x529.jpg 940w\" sizes=\"(max-width: 1280px) 100vw, 1280px\" \/><\/figure>\n\n\n\n<p>A infraestrutura do Leblon surpreende pela variedade de bens de consumo e servi\u00e7os que oferece. Sendo assim, os moradores conseguem encontrar lojas de grife, cl\u00ednicas de est\u00e9tica, <a href=\"https:\/\/invexo.com.br\/blog\/supermercados-no-leblon\/\">supermercados<\/a>, escolas e muitos outros pontos de interesse.&nbsp;<\/p>\n\n\n\n<p>A poucos minutos do Endelweiss est\u00e3o as Ruas Capit\u00e3o Cesar de Andrade, Jo\u00e3o de Barros e Jo\u00e3o Lira. Estas vias abrigam excelentes estabelecimentos, como o <a href=\"https:\/\/www.zonasul.com.br\/\">Supermercado Zona Sul<\/a>, o Minuto P\u00e3o de A\u00e7\u00facar e o <a href=\"https:\/\/invexo.com.br\/blog\/churrascaria-leblon\/\" target=\"_blank\" rel=\"noreferrer noopener\">Giuseppe Grill<\/a>. Al\u00e9m disso, fica a poucos minutos do Posto 12 da Praia do Leblon.<\/p>\n\n\n\n<h2 class=\"wp-block-heading\">Im\u00f3veis \u00e0 venda no Edif\u00edcio Endelweiss 836<\/h2>\n\n\n\n<p>Os im\u00f3veis \u00e0 venda no Edif\u00edcio Endelweiss 836 esbanjam sofistica\u00e7\u00e3o e requinte. Com metragens de 100 m\u00b2 distribu\u00eddos em c\u00f4modos espa\u00e7osos e bem iluminados, \u00e9 ideal para pessoas que desejam morar na melhor regi\u00e3o do Rio de Janeiro.<\/p>\n\n\n\n<p>As unidades residenciais contam com 3 quartos, 1 su\u00edte, 2 banheiros, depend\u00eancias para empregada e 1 vaga de garagem. Al\u00e9m disso, o acabamento refinado deixa o local ainda mais funcional e luxuoso.<\/p>\n\n\n\n<p>Confira as informa\u00e7\u00f5es detalhadas do Condom\u00ednio! Nossa equipe de especialistas em im\u00f3veis no <a href=\"https:\/\/invexo.com.br\/condominio\/edificio-edelweiss-leblon\/\">Edif\u00edcio Endelweiss<\/a> 836 criou um artigo com tudo o que o condom\u00ednio tem a oferecer para voc\u00ea e sua fam\u00edlia!<\/p>\n\n\n\n<script async src=\"https:\/\/pagead2.googlesyndication.com\/pagead\/js\/adsbygoogle.js?client=ca-pub-6250649730240355\"\n     crossorigin=\"anonymous\"><\/script>\n<ins class=\"adsbygoogle\"\n     style=\"display:block\"\n     data-ad-format=\"fluid\"\n     data-ad-layout-key=\"-fb+5w+4e-db+86\"\n     data-ad-client=\"ca-pub-6250649730240355\"\n     data-ad-slot=\"9908760168\"><\/ins>\n<script>\n     (adsbygoogle = window.adsbygoogle || []).push({});\n<\/script>\n","protected":false},"excerpt":{"rendered":"<p>O Edif\u00edcio Endelweiss 836 \u00e9 um condom\u00ednio de luxo localizado no Leblon, zona sul do Rio de Janeiro. O empreendimento est\u00e1 perto de tudo que facilita e enriquece a vida de seus moradores, como praias, parques, restaurantes, teatros e muito mais.<\/p>\n","protected":false},"author":2,"featured_media":12890,"comment_status":"closed","ping_status":"closed","sticky":false,"template":"","format":"standard","meta":{"_acf_changed":false,"_kad_blocks_custom_css":"","_kad_blocks_head_custom_js":"","_kad_blocks_body_custom_js":"","_kad_blocks_footer_custom_js":"","_kadence_starter_templates_imported_post":false,"_kad_post_transparent":"","_kad_post_title":"","_kad_post_layout":"","_kad_post_sidebar_id":"","_kad_post_content_style":"","_kad_post_vertical_padding":"","_kad_post_feature":"","_kad_post_feature_position":"","_kad_post_header":false,"_kad_post_footer":false,"footnotes":""},"categories":[10,641],"tags":[634],"acf":[],"yoast_head":"<!-- This site is optimized with the Yoast SEO plugin v24.1 - https:\/\/yoast.com\/wordpress\/plugins\/seo\/ -->\n<title>Edif\u00edcio Endelweiss 836: tudo sobre o residencial no Leblon<\/title>\n<meta name=\"description\" content=\"O Edif\u00edcio Endelweiss 836 fica bem pertinho da Praia do Leblon e de outros pontos de beleza inigual\u00e1veis, como o Mirante do Leblon.\" \/>\n<meta name=\"robots\" content=\"index, follow, max-snippet:-1, max-image-preview:large, max-video-preview:-1\" \/>\n<link rel=\"canonical\" href=\"https:\/\/invexo.com.br\/blog\/saiba-tudo-edificio-endelweiss-836-leblon\/\" \/>\n<meta property=\"og:locale\" content=\"pt_BR\" \/>\n<meta property=\"og:type\" content=\"article\" \/>\n<meta property=\"og:title\" content=\"Edif\u00edcio Endelweiss 836: tudo sobre o residencial no Leblon\" \/>\n<meta property=\"og:description\" content=\"O Edif\u00edcio Endelweiss 836 fica bem pertinho da Praia do Leblon e de outros pontos de beleza inigual\u00e1veis, como o Mirante do Leblon.\" \/>\n<meta property=\"og:url\" content=\"https:\/\/invexo.com.br\/blog\/saiba-tudo-edificio-endelweiss-836-leblon\/\" \/>\n<meta property=\"og:site_name\" content=\"Not\u00edcias RJ\" \/>\n<meta property=\"article:publisher\" content=\"https:\/\/facebook.com\/invexo\" \/>\n<meta property=\"article:author\" content=\"https:\/\/facebook.com\/invexo\" \/>\n<meta property=\"article:published_time\" content=\"2021-02-28T10:32:00+00:00\" \/>\n<meta property=\"article:modified_time\" content=\"2023-01-06T16:49:58+00:00\" \/>\n<meta property=\"og:image\" content=\"https:\/\/invexo.com.br\/blog\/wp-content\/uploads\/2021\/02\/edif\u00edcio-endelweiss-836.jpg\" \/>\n\t<meta property=\"og:image:width\" content=\"1280\" \/>\n\t<meta property=\"og:image:height\" content=\"720\" \/>\n\t<meta property=\"og:image:type\" content=\"image\/jpeg\" \/>\n<meta name=\"author\" content=\"Ronnie Possatti\" \/>\n<meta name=\"twitter:card\" content=\"summary_large_image\" \/>\n<meta name=\"twitter:creator\" content=\"@https:\/\/twitter.com\/invexoimoveis\" \/>\n<meta name=\"twitter:site\" content=\"@invexoimoveis\" \/>\n<meta name=\"twitter:label1\" content=\"Escrito por\" \/>\n\t<meta name=\"twitter:data1\" content=\"Ronnie Possatti\" \/>\n\t<meta name=\"twitter:label2\" content=\"Est. tempo de leitura\" \/>\n\t<meta name=\"twitter:data2\" content=\"4 minutos\" \/>\n<script type=\"application\/ld+json\" class=\"yoast-schema-graph\">{\"@context\":\"https:\/\/schema.org\",\"@graph\":[{\"@type\":\"Article\",\"@id\":\"https:\/\/invexo.com.br\/blog\/saiba-tudo-edificio-endelweiss-836-leblon\/#article\",\"isPartOf\":{\"@id\":\"https:\/\/invexo.com.br\/blog\/saiba-tudo-edificio-endelweiss-836-leblon\/\"},\"author\":{\"name\":\"Ronnie Possatti\",\"@id\":\"https:\/\/invexo.com.br\/blog\/#\/schema\/person\/36bee32f1cfacde03dc4c9622a58778d\"},\"headline\":\"Saiba tudo sobre o Edif\u00edcio Endelweiss 836 no Leblon\",\"datePublished\":\"2021-02-28T10:32:00+00:00\",\"dateModified\":\"2023-01-06T16:49:58+00:00\",\"mainEntityOfPage\":{\"@id\":\"https:\/\/invexo.com.br\/blog\/saiba-tudo-edificio-endelweiss-836-leblon\/\"},\"wordCount\":598,\"publisher\":{\"@id\":\"https:\/\/invexo.com.br\/blog\/#organization\"},\"image\":{\"@id\":\"https:\/\/invexo.com.br\/blog\/saiba-tudo-edificio-endelweiss-836-leblon\/#primaryimage\"},\"thumbnailUrl\":\"https:\/\/invexo.com.br\/blog\/wp-content\/uploads\/2021\/02\/edif\u00edcio-endelweiss-836.jpg\",\"keywords\":[\"Leblon\"],\"articleSection\":[\"Bairros\",\"Condom\u00ednios\"],\"inLanguage\":\"pt-BR\"},{\"@type\":\"WebPage\",\"@id\":\"https:\/\/invexo.com.br\/blog\/saiba-tudo-edificio-endelweiss-836-leblon\/\",\"url\":\"https:\/\/invexo.com.br\/blog\/saiba-tudo-edificio-endelweiss-836-leblon\/\",\"name\":\"Edif\u00edcio Endelweiss 836: tudo sobre o residencial no Leblon\",\"isPartOf\":{\"@id\":\"https:\/\/invexo.com.br\/blog\/#website\"},\"primaryImageOfPage\":{\"@id\":\"https:\/\/invexo.com.br\/blog\/saiba-tudo-edificio-endelweiss-836-leblon\/#primaryimage\"},\"image\":{\"@id\":\"https:\/\/invexo.com.br\/blog\/saiba-tudo-edificio-endelweiss-836-leblon\/#primaryimage\"},\"thumbnailUrl\":\"https:\/\/invexo.com.br\/blog\/wp-content\/uploads\/2021\/02\/edif\u00edcio-endelweiss-836.jpg\",\"datePublished\":\"2021-02-28T10:32:00+00:00\",\"dateModified\":\"2023-01-06T16:49:58+00:00\",\"description\":\"O Edif\u00edcio Endelweiss 836 fica bem pertinho da Praia do Leblon e de outros pontos de beleza inigual\u00e1veis, como o Mirante do Leblon.\",\"breadcrumb\":{\"@id\":\"https:\/\/invexo.com.br\/blog\/saiba-tudo-edificio-endelweiss-836-leblon\/#breadcrumb\"},\"inLanguage\":\"pt-BR\",\"potentialAction\":[{\"@type\":\"ReadAction\",\"target\":[\"https:\/\/invexo.com.br\/blog\/saiba-tudo-edificio-endelweiss-836-leblon\/\"]}]},{\"@type\":\"ImageObject\",\"inLanguage\":\"pt-BR\",\"@id\":\"https:\/\/invexo.com.br\/blog\/saiba-tudo-edificio-endelweiss-836-leblon\/#primaryimage\",\"url\":\"https:\/\/invexo.com.br\/blog\/wp-content\/uploads\/2021\/02\/edif\u00edcio-endelweiss-836.jpg\",\"contentUrl\":\"https:\/\/invexo.com.br\/blog\/wp-content\/uploads\/2021\/02\/edif\u00edcio-endelweiss-836.jpg\",\"width\":1280,\"height\":720,\"caption\":\"Edif\u00edcio Endelweiss 836\"},{\"@type\":\"BreadcrumbList\",\"@id\":\"https:\/\/invexo.com.br\/blog\/saiba-tudo-edificio-endelweiss-836-leblon\/#breadcrumb\",\"itemListElement\":[{\"@type\":\"ListItem\",\"position\":1,\"name\":\"Blog\",\"item\":\"https:\/\/invexo.com.br\/blog\/\"},{\"@type\":\"ListItem\",\"position\":2,\"name\":\"Condom\u00ednios\",\"item\":\"https:\/\/invexo.com.br\/blog\/categoria\/condominio\/\"},{\"@type\":\"ListItem\",\"position\":3,\"name\":\"Saiba tudo sobre o Edif\u00edcio Endelweiss 836 no Leblon\"}]},{\"@type\":\"WebSite\",\"@id\":\"https:\/\/invexo.com.br\/blog\/#website\",\"url\":\"https:\/\/invexo.com.br\/blog\/\",\"name\":\"Not\u00edcias RJ\",\"description\":\"Not\u00edcias sobre im\u00f3veis, financiamento, mercado imobili\u00e1rio do Rio de Janeiro. Informa\u00e7\u00f5es sobre Bairros, Condom\u00ednios e Regi\u00e3o do Rio de Janeiro.\",\"publisher\":{\"@id\":\"https:\/\/invexo.com.br\/blog\/#organization\"},\"potentialAction\":[{\"@type\":\"SearchAction\",\"target\":{\"@type\":\"EntryPoint\",\"urlTemplate\":\"https:\/\/invexo.com.br\/blog\/?s={search_term_string}\"},\"query-input\":{\"@type\":\"PropertyValueSpecification\",\"valueRequired\":true,\"valueName\":\"search_term_string\"}}],\"inLanguage\":\"pt-BR\"},{\"@type\":\"Organization\",\"@id\":\"https:\/\/invexo.com.br\/blog\/#organization\",\"name\":\"INVEXO Imobili\u00e1ria\",\"url\":\"https:\/\/invexo.com.br\/blog\/\",\"logo\":{\"@type\":\"ImageObject\",\"inLanguage\":\"pt-BR\",\"@id\":\"https:\/\/invexo.com.br\/blog\/#\/schema\/logo\/image\/\",\"url\":\"https:\/\/invexo.com.br\/blog\/wp-content\/uploads\/2018\/09\/invexo-80-melhor.png\",\"contentUrl\":\"https:\/\/invexo.com.br\/blog\/wp-content\/uploads\/2018\/09\/invexo-80-melhor.png\",\"width\":247,\"height\":80,\"caption\":\"INVEXO Imobili\u00e1ria\"},\"image\":{\"@id\":\"https:\/\/invexo.com.br\/blog\/#\/schema\/logo\/image\/\"},\"sameAs\":[\"https:\/\/facebook.com\/invexo\",\"https:\/\/x.com\/invexoimoveis\"]},{\"@type\":\"Person\",\"@id\":\"https:\/\/invexo.com.br\/blog\/#\/schema\/person\/36bee32f1cfacde03dc4c9622a58778d\",\"name\":\"Ronnie Possatti\",\"image\":{\"@type\":\"ImageObject\",\"inLanguage\":\"pt-BR\",\"@id\":\"https:\/\/invexo.com.br\/blog\/#\/schema\/person\/image\/\",\"url\":\"https:\/\/secure.gravatar.com\/avatar\/51a6cdcc215551235c39affb853f1e38?s=96&d=blank&r=g\",\"contentUrl\":\"https:\/\/secure.gravatar.com\/avatar\/51a6cdcc215551235c39affb853f1e38?s=96&d=blank&r=g\",\"caption\":\"Ronnie Possatti\"},\"description\":\"Equipe de especialistas que traz para seus leitores conte\u00fados relevantes e de qualidade sobre bairros, condom\u00ednios, lan\u00e7amentos e not\u00edcias imobili\u00e1rias no Rio de Janeiro.\",\"sameAs\":[\"https:\/\/facebook.com\/invexo\",\"https:\/\/instagram.com\/invexo\",\"https:\/\/x.com\/https:\/\/twitter.com\/invexoimoveis\"],\"url\":\"https:\/\/invexo.com.br\/blog\/author\/invexo\/\"}]}<\/script>\n<!-- \/ Yoast SEO plugin. -->","yoast_head_json":{"title":"Edif\u00edcio Endelweiss 836: tudo sobre o residencial no Leblon","description":"O Edif\u00edcio Endelweiss 836 fica bem pertinho da Praia do Leblon e de outros pontos de beleza inigual\u00e1veis, como o Mirante do Leblon.","robots":{"index":"index","follow":"follow","max-snippet":"max-snippet:-1","max-image-preview":"max-image-preview:large","max-video-preview":"max-video-preview:-1"},"canonical":"https:\/\/invexo.com.br\/blog\/saiba-tudo-edificio-endelweiss-836-leblon\/","og_locale":"pt_BR","og_type":"article","og_title":"Edif\u00edcio Endelweiss 836: tudo sobre o residencial no Leblon","og_description":"O Edif\u00edcio Endelweiss 836 fica bem pertinho da Praia do Leblon e de outros pontos de beleza inigual\u00e1veis, como o Mirante do Leblon.","og_url":"https:\/\/invexo.com.br\/blog\/saiba-tudo-edificio-endelweiss-836-leblon\/","og_site_name":"Not\u00edcias RJ","article_publisher":"https:\/\/facebook.com\/invexo","article_author":"https:\/\/facebook.com\/invexo","article_published_time":"2021-02-28T10:32:00+00:00","article_modified_time":"2023-01-06T16:49:58+00:00","og_image":[{"width":1280,"height":720,"url":"https:\/\/invexo.com.br\/blog\/wp-content\/uploads\/2021\/02\/edif\u00edcio-endelweiss-836.jpg","type":"image\/jpeg"}],"author":"Ronnie Possatti","twitter_card":"summary_large_image","twitter_creator":"@https:\/\/twitter.com\/invexoimoveis","twitter_site":"@invexoimoveis","twitter_misc":{"Escrito por":"Ronnie Possatti","Est. tempo de leitura":"4 minutos"},"schema":{"@context":"https:\/\/schema.org","@graph":[{"@type":"Article","@id":"https:\/\/invexo.com.br\/blog\/saiba-tudo-edificio-endelweiss-836-leblon\/#article","isPartOf":{"@id":"https:\/\/invexo.com.br\/blog\/saiba-tudo-edificio-endelweiss-836-leblon\/"},"author":{"name":"Ronnie Possatti","@id":"https:\/\/invexo.com.br\/blog\/#\/schema\/person\/36bee32f1cfacde03dc4c9622a58778d"},"headline":"Saiba tudo sobre o Edif\u00edcio Endelweiss 836 no Leblon","datePublished":"2021-02-28T10:32:00+00:00","dateModified":"2023-01-06T16:49:58+00:00","mainEntityOfPage":{"@id":"https:\/\/invexo.com.br\/blog\/saiba-tudo-edificio-endelweiss-836-leblon\/"},"wordCount":598,"publisher":{"@id":"https:\/\/invexo.com.br\/blog\/#organization"},"image":{"@id":"https:\/\/invexo.com.br\/blog\/saiba-tudo-edificio-endelweiss-836-leblon\/#primaryimage"},"thumbnailUrl":"https:\/\/invexo.com.br\/blog\/wp-content\/uploads\/2021\/02\/edif\u00edcio-endelweiss-836.jpg","keywords":["Leblon"],"articleSection":["Bairros","Condom\u00ednios"],"inLanguage":"pt-BR"},{"@type":"WebPage","@id":"https:\/\/invexo.com.br\/blog\/saiba-tudo-edificio-endelweiss-836-leblon\/","url":"https:\/\/invexo.com.br\/blog\/saiba-tudo-edificio-endelweiss-836-leblon\/","name":"Edif\u00edcio Endelweiss 836: tudo sobre o residencial no Leblon","isPartOf":{"@id":"https:\/\/invexo.com.br\/blog\/#website"},"primaryImageOfPage":{"@id":"https:\/\/invexo.com.br\/blog\/saiba-tudo-edificio-endelweiss-836-leblon\/#primaryimage"},"image":{"@id":"https:\/\/invexo.com.br\/blog\/saiba-tudo-edificio-endelweiss-836-leblon\/#primaryimage"},"thumbnailUrl":"https:\/\/invexo.com.br\/blog\/wp-content\/uploads\/2021\/02\/edif\u00edcio-endelweiss-836.jpg","datePublished":"2021-02-28T10:32:00+00:00","dateModified":"2023-01-06T16:49:58+00:00","description":"O Edif\u00edcio Endelweiss 836 fica bem pertinho da Praia do Leblon e de outros pontos de beleza inigual\u00e1veis, como o Mirante do Leblon.","breadcrumb":{"@id":"https:\/\/invexo.com.br\/blog\/saiba-tudo-edificio-endelweiss-836-leblon\/#breadcrumb"},"inLanguage":"pt-BR","potentialAction":[{"@type":"ReadAction","target":["https:\/\/invexo.com.br\/blog\/saiba-tudo-edificio-endelweiss-836-leblon\/"]}]},{"@type":"ImageObject","inLanguage":"pt-BR","@id":"https:\/\/invexo.com.br\/blog\/saiba-tudo-edificio-endelweiss-836-leblon\/#primaryimage","url":"https:\/\/invexo.com.br\/blog\/wp-content\/uploads\/2021\/02\/edif\u00edcio-endelweiss-836.jpg","contentUrl":"https:\/\/invexo.com.br\/blog\/wp-content\/uploads\/2021\/02\/edif\u00edcio-endelweiss-836.jpg","width":1280,"height":720,"caption":"Edif\u00edcio Endelweiss 836"},{"@type":"BreadcrumbList","@id":"https:\/\/invexo.com.br\/blog\/saiba-tudo-edificio-endelweiss-836-leblon\/#breadcrumb","itemListElement":[{"@type":"ListItem","position":1,"name":"Blog","item":"https:\/\/invexo.com.br\/blog\/"},{"@type":"ListItem","position":2,"name":"Condom\u00ednios","item":"https:\/\/invexo.com.br\/blog\/categoria\/condominio\/"},{"@type":"ListItem","position":3,"name":"Saiba tudo sobre o Edif\u00edcio Endelweiss 836 no Leblon"}]},{"@type":"WebSite","@id":"https:\/\/invexo.com.br\/blog\/#website","url":"https:\/\/invexo.com.br\/blog\/","name":"Not\u00edcias RJ","description":"Not\u00edcias sobre im\u00f3veis, financiamento, mercado imobili\u00e1rio do Rio de Janeiro. Informa\u00e7\u00f5es sobre Bairros, Condom\u00ednios e Regi\u00e3o do Rio de Janeiro.","publisher":{"@id":"https:\/\/invexo.com.br\/blog\/#organization"},"potentialAction":[{"@type":"SearchAction","target":{"@type":"EntryPoint","urlTemplate":"https:\/\/invexo.com.br\/blog\/?s={search_term_string}"},"query-input":{"@type":"PropertyValueSpecification","valueRequired":true,"valueName":"search_term_string"}}],"inLanguage":"pt-BR"},{"@type":"Organization","@id":"https:\/\/invexo.com.br\/blog\/#organization","name":"INVEXO Imobili\u00e1ria","url":"https:\/\/invexo.com.br\/blog\/","logo":{"@type":"ImageObject","inLanguage":"pt-BR","@id":"https:\/\/invexo.com.br\/blog\/#\/schema\/logo\/image\/","url":"https:\/\/invexo.com.br\/blog\/wp-content\/uploads\/2018\/09\/invexo-80-melhor.png","contentUrl":"https:\/\/invexo.com.br\/blog\/wp-content\/uploads\/2018\/09\/invexo-80-melhor.png","width":247,"height":80,"caption":"INVEXO Imobili\u00e1ria"},"image":{"@id":"https:\/\/invexo.com.br\/blog\/#\/schema\/logo\/image\/"},"sameAs":["https:\/\/facebook.com\/invexo","https:\/\/x.com\/invexoimoveis"]},{"@type":"Person","@id":"https:\/\/invexo.com.br\/blog\/#\/schema\/person\/36bee32f1cfacde03dc4c9622a58778d","name":"Ronnie Possatti","image":{"@type":"ImageObject","inLanguage":"pt-BR","@id":"https:\/\/invexo.com.br\/blog\/#\/schema\/person\/image\/","url":"https:\/\/secure.gravatar.com\/avatar\/51a6cdcc215551235c39affb853f1e38?s=96&d=blank&r=g","contentUrl":"https:\/\/secure.gravatar.com\/avatar\/51a6cdcc215551235c39affb853f1e38?s=96&d=blank&r=g","caption":"Ronnie Possatti"},"description":"Equipe de especialistas que traz para seus leitores conte\u00fados relevantes e de qualidade sobre bairros, condom\u00ednios, lan\u00e7amentos e not\u00edcias imobili\u00e1rias no Rio de Janeiro.","sameAs":["https:\/\/facebook.com\/invexo","https:\/\/instagram.com\/invexo","https:\/\/x.com\/https:\/\/twitter.com\/invexoimoveis"],"url":"https:\/\/invexo.com.br\/blog\/author\/invexo\/"}]}},"taxonomy_info":{"category":[{"value":10,"label":"Bairros"},{"value":641,"label":"Condom\u00ednios"}],"post_tag":[{"value":634,"label":"Leblon"}]},"featured_image_src_large":["https:\/\/invexo.com.br\/blog\/wp-content\/uploads\/2021\/02\/edif\u00edcio-endelweiss-836-1024x576.jpg",1024,576,true],"author_info":{"display_name":"Ronnie Possatti","author_link":"https:\/\/invexo.com.br\/blog\/author\/invexo\/"},"comment_info":0,"category_info":[{"term_id":10,"name":"Bairros","slug":"bairros","term_group":0,"term_taxonomy_id":10,"taxonomy":"category","description":"Not\u00edcias sobre estabelecimentos nos melhores bairros para se morar no Rio de Janeiro.","parent":0,"count":1354,"filter":"raw","cat_ID":10,"category_count":1354,"category_description":"Not\u00edcias sobre estabelecimentos nos melhores bairros para se morar no Rio de Janeiro.","cat_name":"Bairros","category_nicename":"bairros","category_parent":0},{"term_id":641,"name":"Condom\u00ednios","slug":"condominio","term_group":0,"term_taxonomy_id":641,"taxonomy":"category","description":"Conhe\u00e7a tudo sobre luxuosos condom\u00ednios com total infraestrutura e seguran\u00e7a, situados em bairros nobres do Rio de Janeiro.","parent":0,"count":305,"filter":"raw","cat_ID":641,"category_count":305,"category_description":"Conhe\u00e7a tudo sobre luxuosos condom\u00ednios com total infraestrutura e seguran\u00e7a, situados em bairros nobres do Rio de Janeiro.","cat_name":"Condom\u00ednios","category_nicename":"condominio","category_parent":0}],"tag_info":[{"term_id":634,"name":"Leblon","slug":"leblon","term_group":0,"term_taxonomy_id":634,"taxonomy":"post_tag","description":"<p style=\"text-align: left\">O Leblon \u00e9 o bairro mais nobre da Zona Sul da cidade do Rio de Janeiro (RJ). A regi\u00e3o \u00e9 reconhecida pela infraestrutura requintada e pelas arquiteturas encantadoras, que tamb\u00e9m s\u00e3o repletas de hist\u00f3rias marcantes. Conhe\u00e7a os <a href=\"https:\/\/luxury.invexo.com.br\/bairro\/leblon\/\" target=\"_blank\" rel=\"noreferrer noopener\">im\u00f3veis de luxo no Leblon<\/a>!<\/p>","parent":0,"count":433,"filter":"raw"}],"_links":{"self":[{"href":"https:\/\/invexo.com.br\/blog\/wp-json\/wp\/v2\/posts\/12504"}],"collection":[{"href":"https:\/\/invexo.com.br\/blog\/wp-json\/wp\/v2\/posts"}],"about":[{"href":"https:\/\/invexo.com.br\/blog\/wp-json\/wp\/v2\/types\/post"}],"author":[{"embeddable":true,"href":"https:\/\/invexo.com.br\/blog\/wp-json\/wp\/v2\/users\/2"}],"replies":[{"embeddable":true,"href":"https:\/\/invexo.com.br\/blog\/wp-json\/wp\/v2\/comments?post=12504"}],"version-history":[{"count":2,"href":"https:\/\/invexo.com.br\/blog\/wp-json\/wp\/v2\/posts\/12504\/revisions"}],"predecessor-version":[{"id":33764,"href":"https:\/\/invexo.com.br\/blog\/wp-json\/wp\/v2\/posts\/12504\/revisions\/33764"}],"wp:featuredmedia":[{"embeddable":true,"href":"https:\/\/invexo.com.br\/blog\/wp-json\/wp\/v2\/media\/12890"}],"wp:attachment":[{"href":"https:\/\/invexo.com.br\/blog\/wp-json\/wp\/v2\/media?parent=12504"}],"wp:term":[{"taxonomy":"category","embeddable":true,"href":"https:\/\/invexo.com.br\/blog\/wp-json\/wp\/v2\/categories?post=12504"},{"taxonomy":"post_tag","embeddable":true,"href":"https:\/\/invexo.com.br\/blog\/wp-json\/wp\/v2\/tags?post=12504"}],"curies":[{"name":"wp","href":"https:\/\/api.w.org\/{rel}","templated":true}]}}