{"id":1234,"date":"2019-04-10T09:15:13","date_gmt":"2019-04-10T12:15:13","guid":{"rendered":"https:\/\/invexo.com.br\/blog\/?p=1234"},"modified":"2022-06-28T21:48:20","modified_gmt":"2022-06-29T00:48:20","slug":"8-itens-essenciais-para-decoracao-do-apartamento","status":"publish","type":"post","link":"https:\/\/invexo.com.br\/blog\/8-itens-essenciais-para-decoracao-do-apartamento\/","title":{"rendered":"8 dicas essenciais para decora\u00e7\u00e3o de apartamento"},"content":{"rendered":"\n<p>Dos m\u00f3veis \u00e0s cortinas, entenda como os elementos da decora\u00e7\u00e3o s\u00e3o importantes para compor o visual do apartamento. E mais, descubra dicas incr\u00edveis para deixar sua casa ainda mais requintada e moderna!<\/p>\n\n\n\n<p>Decora\u00e7\u00e3o est\u00e1 fortemente ligado aos moradores e suas personalidades. Por isso, nada mais justo do que escolher todos os detalhes de acordo com o que te inspira no dia a dia, seja do ponto de vista de ambiente ou itens.<\/p>\n\n\n\n<!--more-->\n\n\n\n<p>Muito mais do que respeitar os conceitos de decora\u00e7\u00e3o ou seguir as tend\u00eancias de decora\u00e7\u00e3o de 2019, seu im\u00f3vel precisa te oferecer o conforto que precisa. <\/p>\n\n\n\n<p>Por isso, ainda que voc\u00ea contrate um arquiteto, designer de interiores ou outro profissional para te ajudar, \u00e9 preciso que voc\u00ea pense nos mais diferentes detalhes.<\/p>\n\n\n\n<p>A sensa\u00e7\u00e3o de chegar em casa e se sentir acolhido \u00e9 algo muito especial e s\u00f3 voc\u00ea pode definir qual \u00e9 o local que voc\u00ea quer se sentir assim. Mas, \u00e9 claro que existem algumas dicas que s\u00e3o infal\u00edveis para que voc\u00ea consiga decorar os ambientes e transformar na casa dos seus sonhos.<\/p>\n\n\n\n<p>Ent\u00e3o, continue lendo e fa\u00e7a um checklist dos elementos que voc\u00ea n\u00e3o pode esquecer na decora\u00e7\u00e3o do seu apartamento de luxo: <\/p>\n\n\n\n<h4 class=\"wp-block-heading\">1 &#8211; Escolha o seu estilo e suas prefer\u00eancia<\/h4>\n\n\n\n<p>Moderno ou tradicional? Espa\u00e7os mais abertos ou mais fechados? Objetos de decora\u00e7\u00e3o chamativos ou minimalistas?<\/p>\n\n\n\n<p>Existe uma grande lista de poss\u00edveis vari\u00e1veis e voc\u00ea pode decidir conforme v\u00e1 montando ou comprando seus itens para o apartamento. Mas \u00e9 importante ter, no m\u00ednimo, uma ideia.<\/p>\n\n\n\n<p>Para esse primeiro passo, ent\u00e3o, voc\u00ea pode procurar refer\u00eancias, se inspirar em decora\u00e7\u00f5es de outras pessoas e at\u00e9 mesmo contratar um dos profissionais que citamos acima.<\/p>\n\n\n\n<p>Aproveite os blogs de decora\u00e7\u00e3o e at\u00e9 os programas de TV para suas ideias e, depois, coloque-as no papel para entender o que \u00e9 ou n\u00e3o vi\u00e1vel dentro da sua realidade.<\/p>\n\n\n\n<h4 class=\"wp-block-heading\">2 &#8211; Combina\u00e7\u00e3o entre as cores dos m\u00f3veis e paredes<\/h4>\n\n\n\n<p>As cores do apartamento j\u00e1 dizem muito sobre seus moradores e essa \u00e9 um dos elementos mais importantes quando se trata de uma decora\u00e7\u00e3o do apartamento.<\/p>\n\n\n\n<p>Voc\u00ea pode fazer muitas composi\u00e7\u00f5es com tons claros e escuros, pap\u00e9is de parede e at\u00e9 deixar paredes r\u00fasticas. Mas, n\u00e3o pode se esquecer de combinar toda essa escolha com seus m\u00f3veis e objetos decorativos. <br><br>Em ambientes com colora\u00e7\u00f5es muito neutras voc\u00ea pode combinar m\u00f3veis ou objetos de maior destaque. Um bom exemplo, nesse caso, \u00e9 uma ilha central na cozinha que se destaque dos arm\u00e1rios ou uma poltrona de cor diferente para dar um charme na sua sala. <\/p>\n\n\n\n<p>Uma boa dica para esse t\u00f3pico \u00e9 escolher uma paleta de cores. Assim, voc\u00ea n\u00e3o fica com uma op\u00e7\u00e3o apenas de cores para os ambientes e pode procurar os m\u00f3veis e objetos que mais combinem. <\/p>\n\n\n\n<h4 class=\"wp-block-heading\">3 &#8211; Disposi\u00e7\u00e3o dos m\u00f3veis e objetos decorativos<\/h4>\n\n\n\n<p>A maneira como s\u00e3o distribu\u00eddos os objetos nos ambientes tamb\u00e9m \u00e9 um dos elementos muito importantes de decora\u00e7\u00e3o para o conforto e beleza do seu apartamento.<\/p>\n\n\n\n<p>O local escolhido para colocar um sof\u00e1, por exemplo, pode fazer com que voc\u00ea perca ou ganhe muito espa\u00e7o em sua sala de estar. <\/p>\n\n\n\n<p>Por isso, esse t\u00f3pico merece uma aten\u00e7\u00e3o especial. A disposi\u00e7\u00e3o dos m\u00f3veis, aliado com os objetos certos &#8211; espelhos que ampliam o ambiente, prateleiras que ocupam pouco espa\u00e7o ou at\u00e9 poltronas, fazem seus c\u00f4modos ficarem mais confort\u00e1veis e bem aproveitados.<\/p>\n\n\n\n<h4 class=\"wp-block-heading\">4 &#8211; \u00c1reas de circula\u00e7\u00e3o e espa\u00e7os delimitados<\/h4>\n\n\n\n<p>Esse t\u00f3pico se encaixa muito ao falarmos de cozinhas, mas pode ser levada para todos os c\u00f4modos da casa.<\/p>\n\n\n\n<p>Por mais abertas que sejam as \u00e1reas, os espa\u00e7os precisam ter sua diferencia\u00e7\u00e3o \u2014 at\u00e9 para que possam ser decoradas \u00e0 sua maneira individualmente.<\/p>\n\n\n\n<p>Por outro lado, as \u00e1reas de circula\u00e7\u00e3o precisam de fato cumprir o seu papel. Portanto, quanto mais livre e espa\u00e7osos forem os corredores, mais sensa\u00e7\u00e3o de \u00e1rea grande voc\u00ea ter\u00e1. <\/p>\n\n\n\n<p>Mas, isso n\u00e3o quer dizer que voc\u00ea n\u00e3o deva aproveitar essas \u00e1reas para colocar enfeites. Eles podem completar esses ambientes sem que tirem muito espa\u00e7o ou deixem confusas as delimita\u00e7\u00f5es de um c\u00f4modo para outro. <\/p>\n\n\n\n<h4 class=\"wp-block-heading\">5 &#8211; Combine as texturas<\/h4>\n\n\n\n<p>Uma casa \u00e9 composta por diferentes texturas, seja se tratando de paredes, sof\u00e1s ou tapetes. E, essa \u00e9 uma grande dica para compor um ambiente de forma elegante. As diferentes pe\u00e7as que comp\u00f5em uma sala precisam casar e n\u00e3o competir por aten\u00e7\u00e3o quando entramos no c\u00f4modo. <\/p>\n\n\n\n<p>Ent\u00e3o, se sua parede tem uma textura de cor escura, uma boa sugest\u00e3o \u00e9 colocar um m\u00f3vel mais delicado ou liso. Por outro lado, um sof\u00e1 de madeira com almofadas e uma parede r\u00fastica, por mais que tenham texturas marcantes, combinam para sua varanda ou \u00e1rea de churrasqueira. <\/p>\n\n\n\n<h4 class=\"wp-block-heading\">6 &#8211; A ilumina\u00e7\u00e3o pode mudar tudo<\/h4>\n\n\n\n<p>As lumin\u00e1rias podem ser grandes diferenciais de uma casa. Mas, n\u00e3o s\u00f3 por isso esse t\u00f3pico \u00e9 t\u00e3o importante quando se trata de <a href=\"https:\/\/invexo.com.br\/blog\/decoracao-do-apartamento\/\" target=\"_blank\" rel=\"noreferrer noopener\">decora\u00e7\u00e3o de apartamento<\/a>. Os diferentes tons de luzes e a maneira como s\u00e3o distribu\u00eddas, s\u00e3o capazes de transformar qualquer ambiente. <\/p>\n\n\n\n<p>E, voc\u00ea j\u00e1 deve ter ouvido falar sobre o poder das luzes naturais para boas fotos, certo? Para sua casa essa regra tamb\u00e9m \u00e9 v\u00e1lida. Aproveite a luz das janelas ou varanda para compor o detalhe de ilumina\u00e7\u00e3o que dar\u00e1 um charme especial ao seu ambiente.<\/p>\n\n\n\n<h4 class=\"wp-block-heading\">7 &#8211; Escolha os objetos de decora\u00e7\u00e3o certos<\/h4>\n\n\n\n<p>Porta-retrato, tapetes, flores, plantas em geral, quadros e por a\u00ed vai. Os objetos de decora\u00e7\u00e3o tem uma variedade muito grande para todos os gostos e estilos de moradores. A principal dica, nesse sentido, \u00e9 escolher os itens que completem o ambiente. <\/p>\n\n\n\n<p>Os quartos devem representar muito a pessoa que dorme ali, ent\u00e3o tenha a liberdade de escolher aqueles itens que voc\u00ea n\u00e3o se v\u00ea sem. Para as salas, podem ser os objetos que combinem com seus arm\u00e1rios.<\/p>\n\n\n\n<p>Para a cozinha, os objetos de decora\u00e7\u00e3o podem ser tamb\u00e9m aqueles que facilitam alguns servi\u00e7os por l\u00e1. O que vale \u00e9 soltar a criatividade!<\/p>\n\n\n\n<h4 class=\"wp-block-heading\">8 &#8211; Os detalhes que fazem a diferen\u00e7a<\/h4>\n\n\n\n<p>Os acabamentos precisam ser levados em conta na hora de uma <a href=\"https:\/\/invexo.com.br\/blog\/construcao-sustentavel\/\" target=\"_blank\" rel=\"noreferrer noopener\">constru\u00e7\u00e3o sustent\u00e1vel<\/a> ou reforma da casa. O que pode parecer simplesmente um detalhe, \u00e9, na verdade um grande diferencial para um ambiente luxuoso e de qualidade. <\/p>\n\n\n\n<p>Os materiais e a maneira como s\u00e3o utilizados podem dar um ar de eleg\u00e2ncia para todos os c\u00f4modos. Por isso, qualquer que seja a mudan\u00e7a na sua casa, tenha sempre o cuidado com o acabamento. <\/p>\n\n\n\n<p>E ent\u00e3o, j\u00e1 est\u00e1 com v\u00e1rias ideias para decora\u00e7\u00e3o do seu apartamento? Compartilhe conosco as suas dicas pessoais para compor os melhores ambientes no seu lar! <\/p>\n","protected":false},"excerpt":{"rendered":"<p>Dos m\u00f3veis \u00e0s cortinas, entenda como os elementos da decora\u00e7\u00e3o s\u00e3o importantes para compor o visual do apartamento. E mais, descubra dicas incr\u00edveis para deixar sua casa ainda mais requintada e moderna! Decora\u00e7\u00e3o est\u00e1 fortemente ligado aos moradores e suas personalidades. Por isso, nada mais justo do que escolher todos os detalhes de acordo com&#8230;<\/p>\n","protected":false},"author":2,"featured_media":1241,"comment_status":"closed","ping_status":"closed","sticky":false,"template":"","format":"standard","meta":{"_acf_changed":false,"_kad_blocks_custom_css":"","_kad_blocks_head_custom_js":"","_kad_blocks_body_custom_js":"","_kad_blocks_footer_custom_js":"","_kadence_starter_templates_imported_post":false,"_kad_post_transparent":"","_kad_post_title":"","_kad_post_layout":"","_kad_post_sidebar_id":"","_kad_post_content_style":"","_kad_post_vertical_padding":"","_kad_post_feature":"","_kad_post_feature_position":"","_kad_post_header":false,"_kad_post_footer":false,"footnotes":""},"categories":[379,15],"tags":[],"acf":[],"yoast_head":"<!-- This site is optimized with the Yoast SEO plugin v24.1 - https:\/\/yoast.com\/wordpress\/plugins\/seo\/ -->\n<title>8 elementos essenciais para decora\u00e7\u00e3o do apartamento no Rio<\/title>\n<meta name=\"description\" content=\"Conhe\u00e7a 8 elementos essenciais para implementar na decora\u00e7\u00e3o de seu apartamento. Separamos as melhores dicas para uma decora\u00e7\u00e3o impec\u00e1vel.\" \/>\n<meta name=\"robots\" content=\"index, follow, max-snippet:-1, max-image-preview:large, max-video-preview:-1\" \/>\n<link rel=\"canonical\" href=\"https:\/\/invexo.com.br\/blog\/8-itens-essenciais-para-decoracao-do-apartamento\/\" \/>\n<meta property=\"og:locale\" content=\"pt_BR\" \/>\n<meta property=\"og:type\" content=\"article\" \/>\n<meta property=\"og:title\" content=\"8 elementos essenciais para decora\u00e7\u00e3o do apartamento no Rio\" \/>\n<meta property=\"og:description\" content=\"Conhe\u00e7a 8 elementos essenciais para implementar na decora\u00e7\u00e3o de seu apartamento. Separamos as melhores dicas para uma decora\u00e7\u00e3o impec\u00e1vel.\" \/>\n<meta property=\"og:url\" content=\"https:\/\/invexo.com.br\/blog\/8-itens-essenciais-para-decoracao-do-apartamento\/\" \/>\n<meta property=\"og:site_name\" content=\"Not\u00edcias RJ\" \/>\n<meta property=\"article:publisher\" content=\"https:\/\/facebook.com\/invexo\" \/>\n<meta property=\"article:author\" content=\"https:\/\/facebook.com\/invexo\" \/>\n<meta property=\"article:published_time\" content=\"2019-04-10T12:15:13+00:00\" \/>\n<meta property=\"article:modified_time\" content=\"2022-06-29T00:48:20+00:00\" \/>\n<meta property=\"og:image\" content=\"https:\/\/invexo.com.br\/blog\/wp-content\/uploads\/2019\/03\/8-dicas-decora\u00e7\u00e3o.jpg\" \/>\n\t<meta property=\"og:image:width\" content=\"770\" \/>\n\t<meta property=\"og:image:height\" content=\"567\" \/>\n\t<meta property=\"og:image:type\" content=\"image\/jpeg\" \/>\n<meta name=\"author\" content=\"Ronnie Possatti\" \/>\n<meta name=\"twitter:card\" content=\"summary_large_image\" \/>\n<meta name=\"twitter:creator\" content=\"@https:\/\/twitter.com\/invexoimoveis\" \/>\n<meta name=\"twitter:site\" content=\"@invexoimoveis\" \/>\n<meta name=\"twitter:label1\" content=\"Escrito por\" \/>\n\t<meta name=\"twitter:data1\" content=\"Ronnie Possatti\" \/>\n\t<meta name=\"twitter:label2\" content=\"Est. tempo de leitura\" \/>\n\t<meta name=\"twitter:data2\" content=\"6 minutos\" \/>\n<script type=\"application\/ld+json\" class=\"yoast-schema-graph\">{\"@context\":\"https:\/\/schema.org\",\"@graph\":[{\"@type\":\"Article\",\"@id\":\"https:\/\/invexo.com.br\/blog\/8-itens-essenciais-para-decoracao-do-apartamento\/#article\",\"isPartOf\":{\"@id\":\"https:\/\/invexo.com.br\/blog\/8-itens-essenciais-para-decoracao-do-apartamento\/\"},\"author\":{\"name\":\"Ronnie Possatti\",\"@id\":\"https:\/\/invexo.com.br\/blog\/#\/schema\/person\/36bee32f1cfacde03dc4c9622a58778d\"},\"headline\":\"8 dicas essenciais para decora\u00e7\u00e3o de apartamento\",\"datePublished\":\"2019-04-10T12:15:13+00:00\",\"dateModified\":\"2022-06-29T00:48:20+00:00\",\"mainEntityOfPage\":{\"@id\":\"https:\/\/invexo.com.br\/blog\/8-itens-essenciais-para-decoracao-do-apartamento\/\"},\"wordCount\":1170,\"publisher\":{\"@id\":\"https:\/\/invexo.com.br\/blog\/#organization\"},\"image\":{\"@id\":\"https:\/\/invexo.com.br\/blog\/8-itens-essenciais-para-decoracao-do-apartamento\/#primaryimage\"},\"thumbnailUrl\":\"https:\/\/invexo.com.br\/blog\/wp-content\/uploads\/2019\/03\/8-dicas-decora\u00e7\u00e3o.jpg\",\"articleSection\":[\"Decora\u00e7\u00e3o\",\"Informa\u00e7\u00f5es\"],\"inLanguage\":\"pt-BR\"},{\"@type\":\"WebPage\",\"@id\":\"https:\/\/invexo.com.br\/blog\/8-itens-essenciais-para-decoracao-do-apartamento\/\",\"url\":\"https:\/\/invexo.com.br\/blog\/8-itens-essenciais-para-decoracao-do-apartamento\/\",\"name\":\"8 elementos essenciais para decora\u00e7\u00e3o do apartamento no Rio\",\"isPartOf\":{\"@id\":\"https:\/\/invexo.com.br\/blog\/#website\"},\"primaryImageOfPage\":{\"@id\":\"https:\/\/invexo.com.br\/blog\/8-itens-essenciais-para-decoracao-do-apartamento\/#primaryimage\"},\"image\":{\"@id\":\"https:\/\/invexo.com.br\/blog\/8-itens-essenciais-para-decoracao-do-apartamento\/#primaryimage\"},\"thumbnailUrl\":\"https:\/\/invexo.com.br\/blog\/wp-content\/uploads\/2019\/03\/8-dicas-decora\u00e7\u00e3o.jpg\",\"datePublished\":\"2019-04-10T12:15:13+00:00\",\"dateModified\":\"2022-06-29T00:48:20+00:00\",\"description\":\"Conhe\u00e7a 8 elementos essenciais para implementar na decora\u00e7\u00e3o de seu apartamento. Separamos as melhores dicas para uma decora\u00e7\u00e3o impec\u00e1vel.\",\"breadcrumb\":{\"@id\":\"https:\/\/invexo.com.br\/blog\/8-itens-essenciais-para-decoracao-do-apartamento\/#breadcrumb\"},\"inLanguage\":\"pt-BR\",\"potentialAction\":[{\"@type\":\"ReadAction\",\"target\":[\"https:\/\/invexo.com.br\/blog\/8-itens-essenciais-para-decoracao-do-apartamento\/\"]}]},{\"@type\":\"ImageObject\",\"inLanguage\":\"pt-BR\",\"@id\":\"https:\/\/invexo.com.br\/blog\/8-itens-essenciais-para-decoracao-do-apartamento\/#primaryimage\",\"url\":\"https:\/\/invexo.com.br\/blog\/wp-content\/uploads\/2019\/03\/8-dicas-decora\u00e7\u00e3o.jpg\",\"contentUrl\":\"https:\/\/invexo.com.br\/blog\/wp-content\/uploads\/2019\/03\/8-dicas-decora\u00e7\u00e3o.jpg\",\"width\":770,\"height\":567,\"caption\":\"Decora\u00e7\u00e3o de luxo\"},{\"@type\":\"BreadcrumbList\",\"@id\":\"https:\/\/invexo.com.br\/blog\/8-itens-essenciais-para-decoracao-do-apartamento\/#breadcrumb\",\"itemListElement\":[{\"@type\":\"ListItem\",\"position\":1,\"name\":\"Blog\",\"item\":\"https:\/\/invexo.com.br\/blog\/\"},{\"@type\":\"ListItem\",\"position\":2,\"name\":\"Decora\u00e7\u00e3o\",\"item\":\"https:\/\/invexo.com.br\/blog\/categoria\/decoracao\/\"},{\"@type\":\"ListItem\",\"position\":3,\"name\":\"8 dicas essenciais para decora\u00e7\u00e3o de apartamento\"}]},{\"@type\":\"WebSite\",\"@id\":\"https:\/\/invexo.com.br\/blog\/#website\",\"url\":\"https:\/\/invexo.com.br\/blog\/\",\"name\":\"Not\u00edcias RJ\",\"description\":\"Not\u00edcias sobre im\u00f3veis, financiamento, mercado imobili\u00e1rio do Rio de Janeiro. Informa\u00e7\u00f5es sobre Bairros, Condom\u00ednios e Regi\u00e3o do Rio de Janeiro.\",\"publisher\":{\"@id\":\"https:\/\/invexo.com.br\/blog\/#organization\"},\"potentialAction\":[{\"@type\":\"SearchAction\",\"target\":{\"@type\":\"EntryPoint\",\"urlTemplate\":\"https:\/\/invexo.com.br\/blog\/?s={search_term_string}\"},\"query-input\":{\"@type\":\"PropertyValueSpecification\",\"valueRequired\":true,\"valueName\":\"search_term_string\"}}],\"inLanguage\":\"pt-BR\"},{\"@type\":\"Organization\",\"@id\":\"https:\/\/invexo.com.br\/blog\/#organization\",\"name\":\"INVEXO Imobili\u00e1ria\",\"url\":\"https:\/\/invexo.com.br\/blog\/\",\"logo\":{\"@type\":\"ImageObject\",\"inLanguage\":\"pt-BR\",\"@id\":\"https:\/\/invexo.com.br\/blog\/#\/schema\/logo\/image\/\",\"url\":\"https:\/\/invexo.com.br\/blog\/wp-content\/uploads\/2018\/09\/invexo-80-melhor.png\",\"contentUrl\":\"https:\/\/invexo.com.br\/blog\/wp-content\/uploads\/2018\/09\/invexo-80-melhor.png\",\"width\":247,\"height\":80,\"caption\":\"INVEXO Imobili\u00e1ria\"},\"image\":{\"@id\":\"https:\/\/invexo.com.br\/blog\/#\/schema\/logo\/image\/\"},\"sameAs\":[\"https:\/\/facebook.com\/invexo\",\"https:\/\/x.com\/invexoimoveis\"]},{\"@type\":\"Person\",\"@id\":\"https:\/\/invexo.com.br\/blog\/#\/schema\/person\/36bee32f1cfacde03dc4c9622a58778d\",\"name\":\"Ronnie Possatti\",\"image\":{\"@type\":\"ImageObject\",\"inLanguage\":\"pt-BR\",\"@id\":\"https:\/\/invexo.com.br\/blog\/#\/schema\/person\/image\/\",\"url\":\"https:\/\/secure.gravatar.com\/avatar\/51a6cdcc215551235c39affb853f1e38?s=96&d=blank&r=g\",\"contentUrl\":\"https:\/\/secure.gravatar.com\/avatar\/51a6cdcc215551235c39affb853f1e38?s=96&d=blank&r=g\",\"caption\":\"Ronnie Possatti\"},\"description\":\"Equipe de especialistas que traz para seus leitores conte\u00fados relevantes e de qualidade sobre bairros, condom\u00ednios, lan\u00e7amentos e not\u00edcias imobili\u00e1rias no Rio de Janeiro.\",\"sameAs\":[\"https:\/\/facebook.com\/invexo\",\"https:\/\/instagram.com\/invexo\",\"https:\/\/x.com\/https:\/\/twitter.com\/invexoimoveis\"],\"url\":\"https:\/\/invexo.com.br\/blog\/author\/invexo\/\"}]}<\/script>\n<!-- \/ Yoast SEO plugin. -->","yoast_head_json":{"title":"8 elementos essenciais para decora\u00e7\u00e3o do apartamento no Rio","description":"Conhe\u00e7a 8 elementos essenciais para implementar na decora\u00e7\u00e3o de seu apartamento. Separamos as melhores dicas para uma decora\u00e7\u00e3o impec\u00e1vel.","robots":{"index":"index","follow":"follow","max-snippet":"max-snippet:-1","max-image-preview":"max-image-preview:large","max-video-preview":"max-video-preview:-1"},"canonical":"https:\/\/invexo.com.br\/blog\/8-itens-essenciais-para-decoracao-do-apartamento\/","og_locale":"pt_BR","og_type":"article","og_title":"8 elementos essenciais para decora\u00e7\u00e3o do apartamento no Rio","og_description":"Conhe\u00e7a 8 elementos essenciais para implementar na decora\u00e7\u00e3o de seu apartamento. Separamos as melhores dicas para uma decora\u00e7\u00e3o impec\u00e1vel.","og_url":"https:\/\/invexo.com.br\/blog\/8-itens-essenciais-para-decoracao-do-apartamento\/","og_site_name":"Not\u00edcias RJ","article_publisher":"https:\/\/facebook.com\/invexo","article_author":"https:\/\/facebook.com\/invexo","article_published_time":"2019-04-10T12:15:13+00:00","article_modified_time":"2022-06-29T00:48:20+00:00","og_image":[{"width":770,"height":567,"url":"https:\/\/invexo.com.br\/blog\/wp-content\/uploads\/2019\/03\/8-dicas-decora\u00e7\u00e3o.jpg","type":"image\/jpeg"}],"author":"Ronnie Possatti","twitter_card":"summary_large_image","twitter_creator":"@https:\/\/twitter.com\/invexoimoveis","twitter_site":"@invexoimoveis","twitter_misc":{"Escrito por":"Ronnie Possatti","Est. tempo de leitura":"6 minutos"},"schema":{"@context":"https:\/\/schema.org","@graph":[{"@type":"Article","@id":"https:\/\/invexo.com.br\/blog\/8-itens-essenciais-para-decoracao-do-apartamento\/#article","isPartOf":{"@id":"https:\/\/invexo.com.br\/blog\/8-itens-essenciais-para-decoracao-do-apartamento\/"},"author":{"name":"Ronnie Possatti","@id":"https:\/\/invexo.com.br\/blog\/#\/schema\/person\/36bee32f1cfacde03dc4c9622a58778d"},"headline":"8 dicas essenciais para decora\u00e7\u00e3o de apartamento","datePublished":"2019-04-10T12:15:13+00:00","dateModified":"2022-06-29T00:48:20+00:00","mainEntityOfPage":{"@id":"https:\/\/invexo.com.br\/blog\/8-itens-essenciais-para-decoracao-do-apartamento\/"},"wordCount":1170,"publisher":{"@id":"https:\/\/invexo.com.br\/blog\/#organization"},"image":{"@id":"https:\/\/invexo.com.br\/blog\/8-itens-essenciais-para-decoracao-do-apartamento\/#primaryimage"},"thumbnailUrl":"https:\/\/invexo.com.br\/blog\/wp-content\/uploads\/2019\/03\/8-dicas-decora\u00e7\u00e3o.jpg","articleSection":["Decora\u00e7\u00e3o","Informa\u00e7\u00f5es"],"inLanguage":"pt-BR"},{"@type":"WebPage","@id":"https:\/\/invexo.com.br\/blog\/8-itens-essenciais-para-decoracao-do-apartamento\/","url":"https:\/\/invexo.com.br\/blog\/8-itens-essenciais-para-decoracao-do-apartamento\/","name":"8 elementos essenciais para decora\u00e7\u00e3o do apartamento no Rio","isPartOf":{"@id":"https:\/\/invexo.com.br\/blog\/#website"},"primaryImageOfPage":{"@id":"https:\/\/invexo.com.br\/blog\/8-itens-essenciais-para-decoracao-do-apartamento\/#primaryimage"},"image":{"@id":"https:\/\/invexo.com.br\/blog\/8-itens-essenciais-para-decoracao-do-apartamento\/#primaryimage"},"thumbnailUrl":"https:\/\/invexo.com.br\/blog\/wp-content\/uploads\/2019\/03\/8-dicas-decora\u00e7\u00e3o.jpg","datePublished":"2019-04-10T12:15:13+00:00","dateModified":"2022-06-29T00:48:20+00:00","description":"Conhe\u00e7a 8 elementos essenciais para implementar na decora\u00e7\u00e3o de seu apartamento. Separamos as melhores dicas para uma decora\u00e7\u00e3o impec\u00e1vel.","breadcrumb":{"@id":"https:\/\/invexo.com.br\/blog\/8-itens-essenciais-para-decoracao-do-apartamento\/#breadcrumb"},"inLanguage":"pt-BR","potentialAction":[{"@type":"ReadAction","target":["https:\/\/invexo.com.br\/blog\/8-itens-essenciais-para-decoracao-do-apartamento\/"]}]},{"@type":"ImageObject","inLanguage":"pt-BR","@id":"https:\/\/invexo.com.br\/blog\/8-itens-essenciais-para-decoracao-do-apartamento\/#primaryimage","url":"https:\/\/invexo.com.br\/blog\/wp-content\/uploads\/2019\/03\/8-dicas-decora\u00e7\u00e3o.jpg","contentUrl":"https:\/\/invexo.com.br\/blog\/wp-content\/uploads\/2019\/03\/8-dicas-decora\u00e7\u00e3o.jpg","width":770,"height":567,"caption":"Decora\u00e7\u00e3o de luxo"},{"@type":"BreadcrumbList","@id":"https:\/\/invexo.com.br\/blog\/8-itens-essenciais-para-decoracao-do-apartamento\/#breadcrumb","itemListElement":[{"@type":"ListItem","position":1,"name":"Blog","item":"https:\/\/invexo.com.br\/blog\/"},{"@type":"ListItem","position":2,"name":"Decora\u00e7\u00e3o","item":"https:\/\/invexo.com.br\/blog\/categoria\/decoracao\/"},{"@type":"ListItem","position":3,"name":"8 dicas essenciais para decora\u00e7\u00e3o de apartamento"}]},{"@type":"WebSite","@id":"https:\/\/invexo.com.br\/blog\/#website","url":"https:\/\/invexo.com.br\/blog\/","name":"Not\u00edcias RJ","description":"Not\u00edcias sobre im\u00f3veis, financiamento, mercado imobili\u00e1rio do Rio de Janeiro. Informa\u00e7\u00f5es sobre Bairros, Condom\u00ednios e Regi\u00e3o do Rio de Janeiro.","publisher":{"@id":"https:\/\/invexo.com.br\/blog\/#organization"},"potentialAction":[{"@type":"SearchAction","target":{"@type":"EntryPoint","urlTemplate":"https:\/\/invexo.com.br\/blog\/?s={search_term_string}"},"query-input":{"@type":"PropertyValueSpecification","valueRequired":true,"valueName":"search_term_string"}}],"inLanguage":"pt-BR"},{"@type":"Organization","@id":"https:\/\/invexo.com.br\/blog\/#organization","name":"INVEXO Imobili\u00e1ria","url":"https:\/\/invexo.com.br\/blog\/","logo":{"@type":"ImageObject","inLanguage":"pt-BR","@id":"https:\/\/invexo.com.br\/blog\/#\/schema\/logo\/image\/","url":"https:\/\/invexo.com.br\/blog\/wp-content\/uploads\/2018\/09\/invexo-80-melhor.png","contentUrl":"https:\/\/invexo.com.br\/blog\/wp-content\/uploads\/2018\/09\/invexo-80-melhor.png","width":247,"height":80,"caption":"INVEXO Imobili\u00e1ria"},"image":{"@id":"https:\/\/invexo.com.br\/blog\/#\/schema\/logo\/image\/"},"sameAs":["https:\/\/facebook.com\/invexo","https:\/\/x.com\/invexoimoveis"]},{"@type":"Person","@id":"https:\/\/invexo.com.br\/blog\/#\/schema\/person\/36bee32f1cfacde03dc4c9622a58778d","name":"Ronnie Possatti","image":{"@type":"ImageObject","inLanguage":"pt-BR","@id":"https:\/\/invexo.com.br\/blog\/#\/schema\/person\/image\/","url":"https:\/\/secure.gravatar.com\/avatar\/51a6cdcc215551235c39affb853f1e38?s=96&d=blank&r=g","contentUrl":"https:\/\/secure.gravatar.com\/avatar\/51a6cdcc215551235c39affb853f1e38?s=96&d=blank&r=g","caption":"Ronnie Possatti"},"description":"Equipe de especialistas que traz para seus leitores conte\u00fados relevantes e de qualidade sobre bairros, condom\u00ednios, lan\u00e7amentos e not\u00edcias imobili\u00e1rias no Rio de Janeiro.","sameAs":["https:\/\/facebook.com\/invexo","https:\/\/instagram.com\/invexo","https:\/\/x.com\/https:\/\/twitter.com\/invexoimoveis"],"url":"https:\/\/invexo.com.br\/blog\/author\/invexo\/"}]}},"taxonomy_info":{"category":[{"value":379,"label":"Decora\u00e7\u00e3o"},{"value":15,"label":"Informa\u00e7\u00f5es"}]},"featured_image_src_large":["https:\/\/invexo.com.br\/blog\/wp-content\/uploads\/2019\/03\/8-dicas-decora\u00e7\u00e3o.jpg",770,567,false],"author_info":{"display_name":"Ronnie Possatti","author_link":"https:\/\/invexo.com.br\/blog\/author\/invexo\/"},"comment_info":0,"category_info":[{"term_id":379,"name":"Decora\u00e7\u00e3o","slug":"decoracao","term_group":0,"term_taxonomy_id":379,"taxonomy":"category","description":"","parent":0,"count":16,"filter":"raw","cat_ID":379,"category_count":16,"category_description":"","cat_name":"Decora\u00e7\u00e3o","category_nicename":"decoracao","category_parent":0},{"term_id":15,"name":"Informa\u00e7\u00f5es","slug":"informacoes","term_group":0,"term_taxonomy_id":15,"taxonomy":"category","description":"Informa\u00e7\u00f5es, experi\u00eancia nos melhores estabelecimentos em bairros nobres para se viver no Rio de Janeiro. Tudo sobre cultura, entretenimento e lazer.","parent":0,"count":1297,"filter":"raw","cat_ID":15,"category_count":1297,"category_description":"Informa\u00e7\u00f5es, experi\u00eancia nos melhores estabelecimentos em bairros nobres para se viver no Rio de Janeiro. Tudo sobre cultura, entretenimento e lazer.","cat_name":"Informa\u00e7\u00f5es","category_nicename":"informacoes","category_parent":0}],"tag_info":false,"_links":{"self":[{"href":"https:\/\/invexo.com.br\/blog\/wp-json\/wp\/v2\/posts\/1234"}],"collection":[{"href":"https:\/\/invexo.com.br\/blog\/wp-json\/wp\/v2\/posts"}],"about":[{"href":"https:\/\/invexo.com.br\/blog\/wp-json\/wp\/v2\/types\/post"}],"author":[{"embeddable":true,"href":"https:\/\/invexo.com.br\/blog\/wp-json\/wp\/v2\/users\/2"}],"replies":[{"embeddable":true,"href":"https:\/\/invexo.com.br\/blog\/wp-json\/wp\/v2\/comments?post=1234"}],"version-history":[{"count":1,"href":"https:\/\/invexo.com.br\/blog\/wp-json\/wp\/v2\/posts\/1234\/revisions"}],"predecessor-version":[{"id":27926,"href":"https:\/\/invexo.com.br\/blog\/wp-json\/wp\/v2\/posts\/1234\/revisions\/27926"}],"wp:featuredmedia":[{"embeddable":true,"href":"https:\/\/invexo.com.br\/blog\/wp-json\/wp\/v2\/media\/1241"}],"wp:attachment":[{"href":"https:\/\/invexo.com.br\/blog\/wp-json\/wp\/v2\/media?parent=1234"}],"wp:term":[{"taxonomy":"category","embeddable":true,"href":"https:\/\/invexo.com.br\/blog\/wp-json\/wp\/v2\/categories?post=1234"},{"taxonomy":"post_tag","embeddable":true,"href":"https:\/\/invexo.com.br\/blog\/wp-json\/wp\/v2\/tags?post=1234"}],"curies":[{"name":"wp","href":"https:\/\/api.w.org\/{rel}","templated":true}]}}