{"id":12054,"date":"2021-02-27T11:16:15","date_gmt":"2021-02-27T14:16:15","guid":{"rendered":"https:\/\/invexo.com.br\/blog\/?p=12054"},"modified":"2022-06-28T21:43:50","modified_gmt":"2022-06-29T00:43:50","slug":"luar-do-pontal-rua-luiz-carlos-sarolli-rj","status":"publish","type":"post","link":"https:\/\/invexo.com.br\/blog\/luar-do-pontal-rua-luiz-carlos-sarolli-rj\/","title":{"rendered":"Descubra as vantagens de morar no Luar do Pontal"},"content":{"rendered":"\n<p>O Luar do Pontal \u00e9 o condom\u00ednio perfeito para quem est\u00e1 em busca de tranquilidade e qualidade de vida no Rio de Janeiro.<\/p>\n\n\n\n<!--more-->\n\n\n\n<p>O residencial, pronto para morar, \u00e9 um empreendimento imobili\u00e1rio localizado na Rua Luiz Carlos Sarolli, no Recreio dos Bandeirantes.  <\/p>\n\n\n\n<p>Com uma excelente infraestrutura, o condom\u00ednio tem 282 unidades entre apartamentos tipo, apartamentos garden e coberturas.<\/p>\n\n\n\n<p>Os imov\u00e9is possuem metragens que variam entre 58 m\u00b2 e 229 m\u00b2, distribu\u00eddas em 2 ou 3 quartos &#8211; sendo 1 su\u00edte &#8211; , e demais acomoda\u00e7\u00f5es.<\/p>\n\n\n\n<p>Al\u00e9m disso, o morador tem a sua disposi\u00e7\u00e3o 1 ou 2 vagas de garagem no condom\u00ednio. <\/p>\n\n\n\n<p>Uma excelente op\u00e7\u00e3o de moradia no Rio de Janeiro, n\u00e3o \u00e9 mesmo? Ent\u00e3o, conhe\u00e7a outras caracter\u00edsticas sobre os im\u00f3veis e sua redondeza, acompanhando a leitura!<\/p>\n\n\n\n<h2 class=\"wp-block-heading\">O que tem pr\u00f3ximo ao Luar do Pontal<\/h2>\n\n\n\n<p>O residencial Luar do Pontal, situado na Rua Luiz Carlos Sarolli, fica no bairro Recreio dos Bandeirantes, Rio de Janeiro.<\/p>\n\n\n\n<p>Aos p\u00e9s do Parque Estadual da Pedra Branca, o local \u00e9 cercado de muito verde e excelentes op\u00e7\u00f5es de contato com a natureza.<\/p>\n\n\n\n<p>Parque Natural Municipal da Prainha, Praia da Macumba, Prainha, <a href=\"https:\/\/invexo.com.br\/blog\/praias-do-rio-de-janeiro\/\">Praia de Grumari<\/a> e Praia do Recreio s\u00e3o apenas algumas op\u00e7\u00f5es de f\u00e1cil acesso a quem vive no Luar do Pontal.<\/p>\n\n\n\n<figure class=\"wp-block-image size-full\"><img decoding=\"async\" width=\"1280\" height=\"720\" src=\"https:\/\/invexo.com.br\/blog\/wp-content\/uploads\/2021\/01\/prainha-orla-recreio.jpg\" alt=\"prainha orla recreio\" class=\"wp-image-11001\" srcset=\"https:\/\/invexo.com.br\/blog\/wp-content\/uploads\/2021\/01\/prainha-orla-recreio.jpg 1280w, https:\/\/invexo.com.br\/blog\/wp-content\/uploads\/2021\/01\/prainha-orla-recreio-300x169.jpg 300w, https:\/\/invexo.com.br\/blog\/wp-content\/uploads\/2021\/01\/prainha-orla-recreio-1024x576.jpg 1024w, https:\/\/invexo.com.br\/blog\/wp-content\/uploads\/2021\/01\/prainha-orla-recreio-768x432.jpg 768w, https:\/\/invexo.com.br\/blog\/wp-content\/uploads\/2021\/01\/prainha-orla-recreio-940x529.jpg 940w\" sizes=\"(max-width: 1280px) 100vw, 1280px\" \/><\/figure>\n\n\n\n<p>Al\u00e9m disso, o morador da regi\u00e3o consegue se mover com tranquilidade para outros pontos do Rio de Janeiro. <\/p>\n\n\n\n<p>A Avenida das Am\u00e9ricas, Estrada Vereador Alceu de Carvalho e Avenida Estado da Guanabara s\u00e3o exemplos de vias que facilitam o deslocamento pela cidade.<\/p>\n\n\n\n<h2 class=\"wp-block-heading\">Qualidade de vida no Recreio dos Bandeirantes<\/h2>\n\n\n\n<p>Outra grande vantagem de viver no Luar do Pontal \u00e9 a excelente qualidade de vida que o <a href=\"https:\/\/invexo.com.br\/blog\/metro-ate-o-recreio\/\">Recreio dos Bandeirantes<\/a> proporciona a seus moradores.<\/p>\n\n\n\n<p>O bairro tem \u00f3tima infraestrutura, oferecendo grande rede de com\u00e9rcios e servi\u00e7os. Assim, \u00e9 f\u00e1cil encontrar na regi\u00e3o: mercados, farm\u00e1cias, lojas diversificadas, padarias, ag\u00eancias banc\u00e1rias e outras comodidades.<\/p>\n\n\n\n<p>Al\u00e9m disso, sua fam\u00edlia pode contar com \u00f3timas institui\u00e7\u00f5es de ensino, como Col\u00e9gio Notre Dame Recreio e Col\u00e9gio Ceom, que atendem a todas as idades.<\/p>\n\n\n\n<p>Por fim, quem vive no Recreio dos Bandeirantes tem diversas op\u00e7\u00f5es para divers\u00e3o e lazer. Al\u00e9m das praias e contato com a natureza, o morador pode utilizar os restaurantes, cafeterias, bares e outros espa\u00e7os localizados no bairro.<\/p>\n\n\n\n<h2 class=\"wp-block-heading\">Diferenciais do Luar do Pontal<\/h2>\n\n\n\n<p>Voc\u00ea j\u00e1 conferiu alguns detalhes sobre os im\u00f3veis prontos para morar do Luar do Pontal. Viu, ainda, vantagens de viver no Recreio dos Bandeirantes.<\/p>\n\n\n\n<p>Agora, trouxemos benef\u00edcios exclusivos do condom\u00ednio Luar do Pontal, localizado na Rua Luiz Carlos Sarolli. Confira:<\/p>\n\n\n\n<ul><li>Piscinas adulto e infantil<\/li><li>Deck molhado <\/li><li>Solarium<\/li><li>Playground <\/li><li>Quadra poliesportiva <\/li><li>Churrasqueira <\/li><li>Sal\u00e3o para festas de adultos e para crian\u00e7as<\/li><li>Brinquedoteca <\/li><li>Academia<\/li><li>e muito mais<\/li><\/ul>\n\n\n\n<p>Assim, viver no Luar do Pontal \u00e9 ter uma experi\u00eancia \u00fanica de moradia no Recreio dos Bandeirantes.<\/p>\n\n\n\n<p>N\u00e3o perca mais tempo e venha morar nos apartamentos e coberturas do condom\u00ednio residencial da construtora Even.<\/p>\n\n\n\n<p>Ent\u00e3o, conhe\u00e7a mais detalhes sobre os im\u00f3veis prontos para morar do empreendimento imobili\u00e1rio.<\/p>\n\n\n\n<p>Veja pre\u00e7os, plantas e outras informa\u00e7\u00f5es sobre as unidades dispon\u00edveis acessando, agora mesmo, o site do <a href=\"https:\/\/invexo.com.br\/imovel-pronto\/luar-do-pontal-recreio\/\" target=\"_blank\" rel=\"noreferrer noopener\">Luar do Pontal<\/a>.<\/p>\n","protected":false},"excerpt":{"rendered":"<p>O Luar do Pontal \u00e9 o condom\u00ednio perfeito para quem est\u00e1 em busca de tranquilidade e qualidade de vida no Rio de Janeiro.<\/p>\n","protected":false},"author":2,"featured_media":12537,"comment_status":"closed","ping_status":"closed","sticky":false,"template":"","format":"standard","meta":{"_acf_changed":false,"_kad_blocks_custom_css":"","_kad_blocks_head_custom_js":"","_kad_blocks_body_custom_js":"","_kad_blocks_footer_custom_js":"","_kadence_starter_templates_imported_post":false,"_kad_post_transparent":"","_kad_post_title":"","_kad_post_layout":"","_kad_post_sidebar_id":"","_kad_post_content_style":"","_kad_post_vertical_padding":"","_kad_post_feature":"","_kad_post_feature_position":"","_kad_post_header":false,"_kad_post_footer":false,"footnotes":""},"categories":[10,15,230],"tags":[728],"acf":[],"yoast_head":"<!-- This site is optimized with the Yoast SEO plugin v24.1 - https:\/\/yoast.com\/wordpress\/plugins\/seo\/ -->\n<title>Vale a Pena Morar no Luar do Pontal da Construtora Even<\/title>\n<meta name=\"description\" content=\"Veja mais detalhes sobre os sofisticados im\u00f3veis, prontos para morar e \u00e0 venda, no condom\u00ednio Luar do Pontal, no Recreio dos Bandeirantes.\" \/>\n<meta name=\"robots\" content=\"index, follow, max-snippet:-1, max-image-preview:large, max-video-preview:-1\" \/>\n<link rel=\"canonical\" href=\"https:\/\/invexo.com.br\/blog\/luar-do-pontal-rua-luiz-carlos-sarolli-rj\/\" \/>\n<meta property=\"og:locale\" content=\"pt_BR\" \/>\n<meta property=\"og:type\" content=\"article\" \/>\n<meta property=\"og:title\" content=\"Vale a Pena Morar no Luar do Pontal da Construtora Even\" \/>\n<meta property=\"og:description\" content=\"Veja mais detalhes sobre os sofisticados im\u00f3veis, prontos para morar e \u00e0 venda, no condom\u00ednio Luar do Pontal, no Recreio dos Bandeirantes.\" \/>\n<meta property=\"og:url\" content=\"https:\/\/invexo.com.br\/blog\/luar-do-pontal-rua-luiz-carlos-sarolli-rj\/\" \/>\n<meta property=\"og:site_name\" content=\"Not\u00edcias RJ\" \/>\n<meta property=\"article:publisher\" content=\"https:\/\/facebook.com\/invexo\" \/>\n<meta property=\"article:author\" content=\"https:\/\/facebook.com\/invexo\" \/>\n<meta property=\"article:published_time\" content=\"2021-02-27T14:16:15+00:00\" \/>\n<meta property=\"article:modified_time\" content=\"2022-06-29T00:43:50+00:00\" \/>\n<meta property=\"og:image\" content=\"https:\/\/invexo.com.br\/blog\/wp-content\/uploads\/2021\/02\/Luar-do-Pontal.jpeg\" \/>\n\t<meta property=\"og:image:width\" content=\"1280\" \/>\n\t<meta property=\"og:image:height\" content=\"720\" \/>\n\t<meta property=\"og:image:type\" content=\"image\/jpeg\" \/>\n<meta name=\"author\" content=\"Ronnie Possatti\" \/>\n<meta name=\"twitter:card\" content=\"summary_large_image\" \/>\n<meta name=\"twitter:creator\" content=\"@https:\/\/twitter.com\/invexoimoveis\" \/>\n<meta name=\"twitter:site\" content=\"@invexoimoveis\" \/>\n<meta name=\"twitter:label1\" content=\"Escrito por\" \/>\n\t<meta name=\"twitter:data1\" content=\"Ronnie Possatti\" \/>\n\t<meta name=\"twitter:label2\" content=\"Est. tempo de leitura\" \/>\n\t<meta name=\"twitter:data2\" content=\"3 minutos\" \/>\n<script type=\"application\/ld+json\" class=\"yoast-schema-graph\">{\"@context\":\"https:\/\/schema.org\",\"@graph\":[{\"@type\":\"Article\",\"@id\":\"https:\/\/invexo.com.br\/blog\/luar-do-pontal-rua-luiz-carlos-sarolli-rj\/#article\",\"isPartOf\":{\"@id\":\"https:\/\/invexo.com.br\/blog\/luar-do-pontal-rua-luiz-carlos-sarolli-rj\/\"},\"author\":{\"name\":\"Ronnie Possatti\",\"@id\":\"https:\/\/invexo.com.br\/blog\/#\/schema\/person\/36bee32f1cfacde03dc4c9622a58778d\"},\"headline\":\"Descubra as vantagens de morar no Luar do Pontal\",\"datePublished\":\"2021-02-27T14:16:15+00:00\",\"dateModified\":\"2022-06-29T00:43:50+00:00\",\"mainEntityOfPage\":{\"@id\":\"https:\/\/invexo.com.br\/blog\/luar-do-pontal-rua-luiz-carlos-sarolli-rj\/\"},\"wordCount\":555,\"publisher\":{\"@id\":\"https:\/\/invexo.com.br\/blog\/#organization\"},\"image\":{\"@id\":\"https:\/\/invexo.com.br\/blog\/luar-do-pontal-rua-luiz-carlos-sarolli-rj\/#primaryimage\"},\"thumbnailUrl\":\"https:\/\/invexo.com.br\/blog\/wp-content\/uploads\/2021\/02\/Luar-do-Pontal.jpeg\",\"keywords\":[\"Recreio dos Bandeirantes\"],\"articleSection\":[\"Bairros\",\"Informa\u00e7\u00f5es\",\"Mercado imobili\u00e1rio\"],\"inLanguage\":\"pt-BR\"},{\"@type\":\"WebPage\",\"@id\":\"https:\/\/invexo.com.br\/blog\/luar-do-pontal-rua-luiz-carlos-sarolli-rj\/\",\"url\":\"https:\/\/invexo.com.br\/blog\/luar-do-pontal-rua-luiz-carlos-sarolli-rj\/\",\"name\":\"Vale a Pena Morar no Luar do Pontal da Construtora Even\",\"isPartOf\":{\"@id\":\"https:\/\/invexo.com.br\/blog\/#website\"},\"primaryImageOfPage\":{\"@id\":\"https:\/\/invexo.com.br\/blog\/luar-do-pontal-rua-luiz-carlos-sarolli-rj\/#primaryimage\"},\"image\":{\"@id\":\"https:\/\/invexo.com.br\/blog\/luar-do-pontal-rua-luiz-carlos-sarolli-rj\/#primaryimage\"},\"thumbnailUrl\":\"https:\/\/invexo.com.br\/blog\/wp-content\/uploads\/2021\/02\/Luar-do-Pontal.jpeg\",\"datePublished\":\"2021-02-27T14:16:15+00:00\",\"dateModified\":\"2022-06-29T00:43:50+00:00\",\"description\":\"Veja mais detalhes sobre os sofisticados im\u00f3veis, prontos para morar e \u00e0 venda, no condom\u00ednio Luar do Pontal, no Recreio dos Bandeirantes.\",\"breadcrumb\":{\"@id\":\"https:\/\/invexo.com.br\/blog\/luar-do-pontal-rua-luiz-carlos-sarolli-rj\/#breadcrumb\"},\"inLanguage\":\"pt-BR\",\"potentialAction\":[{\"@type\":\"ReadAction\",\"target\":[\"https:\/\/invexo.com.br\/blog\/luar-do-pontal-rua-luiz-carlos-sarolli-rj\/\"]}]},{\"@type\":\"ImageObject\",\"inLanguage\":\"pt-BR\",\"@id\":\"https:\/\/invexo.com.br\/blog\/luar-do-pontal-rua-luiz-carlos-sarolli-rj\/#primaryimage\",\"url\":\"https:\/\/invexo.com.br\/blog\/wp-content\/uploads\/2021\/02\/Luar-do-Pontal.jpeg\",\"contentUrl\":\"https:\/\/invexo.com.br\/blog\/wp-content\/uploads\/2021\/02\/Luar-do-Pontal.jpeg\",\"width\":1280,\"height\":720,\"caption\":\"Luar do Pontal\"},{\"@type\":\"BreadcrumbList\",\"@id\":\"https:\/\/invexo.com.br\/blog\/luar-do-pontal-rua-luiz-carlos-sarolli-rj\/#breadcrumb\",\"itemListElement\":[{\"@type\":\"ListItem\",\"position\":1,\"name\":\"Blog\",\"item\":\"https:\/\/invexo.com.br\/blog\/\"},{\"@type\":\"ListItem\",\"position\":2,\"name\":\"Bairros\",\"item\":\"https:\/\/invexo.com.br\/blog\/categoria\/bairros\/\"},{\"@type\":\"ListItem\",\"position\":3,\"name\":\"Descubra as vantagens de morar no Luar do Pontal\"}]},{\"@type\":\"WebSite\",\"@id\":\"https:\/\/invexo.com.br\/blog\/#website\",\"url\":\"https:\/\/invexo.com.br\/blog\/\",\"name\":\"Not\u00edcias RJ\",\"description\":\"Not\u00edcias sobre im\u00f3veis, financiamento, mercado imobili\u00e1rio do Rio de Janeiro. Informa\u00e7\u00f5es sobre Bairros, Condom\u00ednios e Regi\u00e3o do Rio de Janeiro.\",\"publisher\":{\"@id\":\"https:\/\/invexo.com.br\/blog\/#organization\"},\"potentialAction\":[{\"@type\":\"SearchAction\",\"target\":{\"@type\":\"EntryPoint\",\"urlTemplate\":\"https:\/\/invexo.com.br\/blog\/?s={search_term_string}\"},\"query-input\":{\"@type\":\"PropertyValueSpecification\",\"valueRequired\":true,\"valueName\":\"search_term_string\"}}],\"inLanguage\":\"pt-BR\"},{\"@type\":\"Organization\",\"@id\":\"https:\/\/invexo.com.br\/blog\/#organization\",\"name\":\"INVEXO Imobili\u00e1ria\",\"url\":\"https:\/\/invexo.com.br\/blog\/\",\"logo\":{\"@type\":\"ImageObject\",\"inLanguage\":\"pt-BR\",\"@id\":\"https:\/\/invexo.com.br\/blog\/#\/schema\/logo\/image\/\",\"url\":\"https:\/\/invexo.com.br\/blog\/wp-content\/uploads\/2018\/09\/invexo-80-melhor.png\",\"contentUrl\":\"https:\/\/invexo.com.br\/blog\/wp-content\/uploads\/2018\/09\/invexo-80-melhor.png\",\"width\":247,\"height\":80,\"caption\":\"INVEXO Imobili\u00e1ria\"},\"image\":{\"@id\":\"https:\/\/invexo.com.br\/blog\/#\/schema\/logo\/image\/\"},\"sameAs\":[\"https:\/\/facebook.com\/invexo\",\"https:\/\/x.com\/invexoimoveis\"]},{\"@type\":\"Person\",\"@id\":\"https:\/\/invexo.com.br\/blog\/#\/schema\/person\/36bee32f1cfacde03dc4c9622a58778d\",\"name\":\"Ronnie Possatti\",\"image\":{\"@type\":\"ImageObject\",\"inLanguage\":\"pt-BR\",\"@id\":\"https:\/\/invexo.com.br\/blog\/#\/schema\/person\/image\/\",\"url\":\"https:\/\/secure.gravatar.com\/avatar\/51a6cdcc215551235c39affb853f1e38?s=96&d=blank&r=g\",\"contentUrl\":\"https:\/\/secure.gravatar.com\/avatar\/51a6cdcc215551235c39affb853f1e38?s=96&d=blank&r=g\",\"caption\":\"Ronnie Possatti\"},\"description\":\"Equipe de especialistas que traz para seus leitores conte\u00fados relevantes e de qualidade sobre bairros, condom\u00ednios, lan\u00e7amentos e not\u00edcias imobili\u00e1rias no Rio de Janeiro.\",\"sameAs\":[\"https:\/\/facebook.com\/invexo\",\"https:\/\/instagram.com\/invexo\",\"https:\/\/x.com\/https:\/\/twitter.com\/invexoimoveis\"],\"url\":\"https:\/\/invexo.com.br\/blog\/author\/invexo\/\"}]}<\/script>\n<!-- \/ Yoast SEO plugin. -->","yoast_head_json":{"title":"Vale a Pena Morar no Luar do Pontal da Construtora Even","description":"Veja mais detalhes sobre os sofisticados im\u00f3veis, prontos para morar e \u00e0 venda, no condom\u00ednio Luar do Pontal, no Recreio dos Bandeirantes.","robots":{"index":"index","follow":"follow","max-snippet":"max-snippet:-1","max-image-preview":"max-image-preview:large","max-video-preview":"max-video-preview:-1"},"canonical":"https:\/\/invexo.com.br\/blog\/luar-do-pontal-rua-luiz-carlos-sarolli-rj\/","og_locale":"pt_BR","og_type":"article","og_title":"Vale a Pena Morar no Luar do Pontal da Construtora Even","og_description":"Veja mais detalhes sobre os sofisticados im\u00f3veis, prontos para morar e \u00e0 venda, no condom\u00ednio Luar do Pontal, no Recreio dos Bandeirantes.","og_url":"https:\/\/invexo.com.br\/blog\/luar-do-pontal-rua-luiz-carlos-sarolli-rj\/","og_site_name":"Not\u00edcias RJ","article_publisher":"https:\/\/facebook.com\/invexo","article_author":"https:\/\/facebook.com\/invexo","article_published_time":"2021-02-27T14:16:15+00:00","article_modified_time":"2022-06-29T00:43:50+00:00","og_image":[{"width":1280,"height":720,"url":"https:\/\/invexo.com.br\/blog\/wp-content\/uploads\/2021\/02\/Luar-do-Pontal.jpeg","type":"image\/jpeg"}],"author":"Ronnie Possatti","twitter_card":"summary_large_image","twitter_creator":"@https:\/\/twitter.com\/invexoimoveis","twitter_site":"@invexoimoveis","twitter_misc":{"Escrito por":"Ronnie Possatti","Est. tempo de leitura":"3 minutos"},"schema":{"@context":"https:\/\/schema.org","@graph":[{"@type":"Article","@id":"https:\/\/invexo.com.br\/blog\/luar-do-pontal-rua-luiz-carlos-sarolli-rj\/#article","isPartOf":{"@id":"https:\/\/invexo.com.br\/blog\/luar-do-pontal-rua-luiz-carlos-sarolli-rj\/"},"author":{"name":"Ronnie Possatti","@id":"https:\/\/invexo.com.br\/blog\/#\/schema\/person\/36bee32f1cfacde03dc4c9622a58778d"},"headline":"Descubra as vantagens de morar no Luar do Pontal","datePublished":"2021-02-27T14:16:15+00:00","dateModified":"2022-06-29T00:43:50+00:00","mainEntityOfPage":{"@id":"https:\/\/invexo.com.br\/blog\/luar-do-pontal-rua-luiz-carlos-sarolli-rj\/"},"wordCount":555,"publisher":{"@id":"https:\/\/invexo.com.br\/blog\/#organization"},"image":{"@id":"https:\/\/invexo.com.br\/blog\/luar-do-pontal-rua-luiz-carlos-sarolli-rj\/#primaryimage"},"thumbnailUrl":"https:\/\/invexo.com.br\/blog\/wp-content\/uploads\/2021\/02\/Luar-do-Pontal.jpeg","keywords":["Recreio dos Bandeirantes"],"articleSection":["Bairros","Informa\u00e7\u00f5es","Mercado imobili\u00e1rio"],"inLanguage":"pt-BR"},{"@type":"WebPage","@id":"https:\/\/invexo.com.br\/blog\/luar-do-pontal-rua-luiz-carlos-sarolli-rj\/","url":"https:\/\/invexo.com.br\/blog\/luar-do-pontal-rua-luiz-carlos-sarolli-rj\/","name":"Vale a Pena Morar no Luar do Pontal da Construtora Even","isPartOf":{"@id":"https:\/\/invexo.com.br\/blog\/#website"},"primaryImageOfPage":{"@id":"https:\/\/invexo.com.br\/blog\/luar-do-pontal-rua-luiz-carlos-sarolli-rj\/#primaryimage"},"image":{"@id":"https:\/\/invexo.com.br\/blog\/luar-do-pontal-rua-luiz-carlos-sarolli-rj\/#primaryimage"},"thumbnailUrl":"https:\/\/invexo.com.br\/blog\/wp-content\/uploads\/2021\/02\/Luar-do-Pontal.jpeg","datePublished":"2021-02-27T14:16:15+00:00","dateModified":"2022-06-29T00:43:50+00:00","description":"Veja mais detalhes sobre os sofisticados im\u00f3veis, prontos para morar e \u00e0 venda, no condom\u00ednio Luar do Pontal, no Recreio dos Bandeirantes.","breadcrumb":{"@id":"https:\/\/invexo.com.br\/blog\/luar-do-pontal-rua-luiz-carlos-sarolli-rj\/#breadcrumb"},"inLanguage":"pt-BR","potentialAction":[{"@type":"ReadAction","target":["https:\/\/invexo.com.br\/blog\/luar-do-pontal-rua-luiz-carlos-sarolli-rj\/"]}]},{"@type":"ImageObject","inLanguage":"pt-BR","@id":"https:\/\/invexo.com.br\/blog\/luar-do-pontal-rua-luiz-carlos-sarolli-rj\/#primaryimage","url":"https:\/\/invexo.com.br\/blog\/wp-content\/uploads\/2021\/02\/Luar-do-Pontal.jpeg","contentUrl":"https:\/\/invexo.com.br\/blog\/wp-content\/uploads\/2021\/02\/Luar-do-Pontal.jpeg","width":1280,"height":720,"caption":"Luar do Pontal"},{"@type":"BreadcrumbList","@id":"https:\/\/invexo.com.br\/blog\/luar-do-pontal-rua-luiz-carlos-sarolli-rj\/#breadcrumb","itemListElement":[{"@type":"ListItem","position":1,"name":"Blog","item":"https:\/\/invexo.com.br\/blog\/"},{"@type":"ListItem","position":2,"name":"Bairros","item":"https:\/\/invexo.com.br\/blog\/categoria\/bairros\/"},{"@type":"ListItem","position":3,"name":"Descubra as vantagens de morar no Luar do Pontal"}]},{"@type":"WebSite","@id":"https:\/\/invexo.com.br\/blog\/#website","url":"https:\/\/invexo.com.br\/blog\/","name":"Not\u00edcias RJ","description":"Not\u00edcias sobre im\u00f3veis, financiamento, mercado imobili\u00e1rio do Rio de Janeiro. Informa\u00e7\u00f5es sobre Bairros, Condom\u00ednios e Regi\u00e3o do Rio de Janeiro.","publisher":{"@id":"https:\/\/invexo.com.br\/blog\/#organization"},"potentialAction":[{"@type":"SearchAction","target":{"@type":"EntryPoint","urlTemplate":"https:\/\/invexo.com.br\/blog\/?s={search_term_string}"},"query-input":{"@type":"PropertyValueSpecification","valueRequired":true,"valueName":"search_term_string"}}],"inLanguage":"pt-BR"},{"@type":"Organization","@id":"https:\/\/invexo.com.br\/blog\/#organization","name":"INVEXO Imobili\u00e1ria","url":"https:\/\/invexo.com.br\/blog\/","logo":{"@type":"ImageObject","inLanguage":"pt-BR","@id":"https:\/\/invexo.com.br\/blog\/#\/schema\/logo\/image\/","url":"https:\/\/invexo.com.br\/blog\/wp-content\/uploads\/2018\/09\/invexo-80-melhor.png","contentUrl":"https:\/\/invexo.com.br\/blog\/wp-content\/uploads\/2018\/09\/invexo-80-melhor.png","width":247,"height":80,"caption":"INVEXO Imobili\u00e1ria"},"image":{"@id":"https:\/\/invexo.com.br\/blog\/#\/schema\/logo\/image\/"},"sameAs":["https:\/\/facebook.com\/invexo","https:\/\/x.com\/invexoimoveis"]},{"@type":"Person","@id":"https:\/\/invexo.com.br\/blog\/#\/schema\/person\/36bee32f1cfacde03dc4c9622a58778d","name":"Ronnie Possatti","image":{"@type":"ImageObject","inLanguage":"pt-BR","@id":"https:\/\/invexo.com.br\/blog\/#\/schema\/person\/image\/","url":"https:\/\/secure.gravatar.com\/avatar\/51a6cdcc215551235c39affb853f1e38?s=96&d=blank&r=g","contentUrl":"https:\/\/secure.gravatar.com\/avatar\/51a6cdcc215551235c39affb853f1e38?s=96&d=blank&r=g","caption":"Ronnie Possatti"},"description":"Equipe de especialistas que traz para seus leitores conte\u00fados relevantes e de qualidade sobre bairros, condom\u00ednios, lan\u00e7amentos e not\u00edcias imobili\u00e1rias no Rio de Janeiro.","sameAs":["https:\/\/facebook.com\/invexo","https:\/\/instagram.com\/invexo","https:\/\/x.com\/https:\/\/twitter.com\/invexoimoveis"],"url":"https:\/\/invexo.com.br\/blog\/author\/invexo\/"}]}},"taxonomy_info":{"category":[{"value":10,"label":"Bairros"},{"value":15,"label":"Informa\u00e7\u00f5es"},{"value":230,"label":"Mercado imobili\u00e1rio"}],"post_tag":[{"value":728,"label":"Recreio dos Bandeirantes"}]},"featured_image_src_large":["https:\/\/invexo.com.br\/blog\/wp-content\/uploads\/2021\/02\/Luar-do-Pontal-1024x576.jpeg",1024,576,true],"author_info":{"display_name":"Ronnie Possatti","author_link":"https:\/\/invexo.com.br\/blog\/author\/invexo\/"},"comment_info":0,"category_info":[{"term_id":10,"name":"Bairros","slug":"bairros","term_group":0,"term_taxonomy_id":10,"taxonomy":"category","description":"Not\u00edcias sobre estabelecimentos nos melhores bairros para se morar no Rio de Janeiro.","parent":0,"count":1354,"filter":"raw","cat_ID":10,"category_count":1354,"category_description":"Not\u00edcias sobre estabelecimentos nos melhores bairros para se morar no Rio de Janeiro.","cat_name":"Bairros","category_nicename":"bairros","category_parent":0},{"term_id":15,"name":"Informa\u00e7\u00f5es","slug":"informacoes","term_group":0,"term_taxonomy_id":15,"taxonomy":"category","description":"Informa\u00e7\u00f5es, experi\u00eancia nos melhores estabelecimentos em bairros nobres para se viver no Rio de Janeiro. Tudo sobre cultura, entretenimento e lazer.","parent":0,"count":1297,"filter":"raw","cat_ID":15,"category_count":1297,"category_description":"Informa\u00e7\u00f5es, experi\u00eancia nos melhores estabelecimentos em bairros nobres para se viver no Rio de Janeiro. Tudo sobre cultura, entretenimento e lazer.","cat_name":"Informa\u00e7\u00f5es","category_nicename":"informacoes","category_parent":0},{"term_id":230,"name":"Mercado imobili\u00e1rio","slug":"mercado-imobiliario","term_group":0,"term_taxonomy_id":230,"taxonomy":"category","description":"Not\u00edcias sobre o mercado imobili\u00e1rio carioca, informa\u00e7\u00f5es sobre lan\u00e7amentos, construtoras, incorporadoras e futuros lan\u00e7amentos na cidade do Rio de Janeiro.","parent":0,"count":266,"filter":"raw","cat_ID":230,"category_count":266,"category_description":"Not\u00edcias sobre o mercado imobili\u00e1rio carioca, informa\u00e7\u00f5es sobre lan\u00e7amentos, construtoras, incorporadoras e futuros lan\u00e7amentos na cidade do Rio de Janeiro.","cat_name":"Mercado imobili\u00e1rio","category_nicename":"mercado-imobiliario","category_parent":0}],"tag_info":[{"term_id":728,"name":"Recreio dos Bandeirantes","slug":"recreio-dos-bandeirantes","term_group":0,"term_taxonomy_id":728,"taxonomy":"post_tag","description":"","parent":0,"count":11,"filter":"raw"}],"_links":{"self":[{"href":"https:\/\/invexo.com.br\/blog\/wp-json\/wp\/v2\/posts\/12054"}],"collection":[{"href":"https:\/\/invexo.com.br\/blog\/wp-json\/wp\/v2\/posts"}],"about":[{"href":"https:\/\/invexo.com.br\/blog\/wp-json\/wp\/v2\/types\/post"}],"author":[{"embeddable":true,"href":"https:\/\/invexo.com.br\/blog\/wp-json\/wp\/v2\/users\/2"}],"replies":[{"embeddable":true,"href":"https:\/\/invexo.com.br\/blog\/wp-json\/wp\/v2\/comments?post=12054"}],"version-history":[{"count":1,"href":"https:\/\/invexo.com.br\/blog\/wp-json\/wp\/v2\/posts\/12054\/revisions"}],"predecessor-version":[{"id":27248,"href":"https:\/\/invexo.com.br\/blog\/wp-json\/wp\/v2\/posts\/12054\/revisions\/27248"}],"wp:featuredmedia":[{"embeddable":true,"href":"https:\/\/invexo.com.br\/blog\/wp-json\/wp\/v2\/media\/12537"}],"wp:attachment":[{"href":"https:\/\/invexo.com.br\/blog\/wp-json\/wp\/v2\/media?parent=12054"}],"wp:term":[{"taxonomy":"category","embeddable":true,"href":"https:\/\/invexo.com.br\/blog\/wp-json\/wp\/v2\/categories?post=12054"},{"taxonomy":"post_tag","embeddable":true,"href":"https:\/\/invexo.com.br\/blog\/wp-json\/wp\/v2\/tags?post=12054"}],"curies":[{"name":"wp","href":"https:\/\/api.w.org\/{rel}","templated":true}]}}