{"id":1166,"date":"2019-01-28T10:30:02","date_gmt":"2019-01-28T12:30:02","guid":{"rendered":"https:\/\/invexo.com.br\/blog\/por-que-vale-a-pena-ter-um-apartamento-com-varanda-gourmet\/"},"modified":"2023-03-24T13:41:00","modified_gmt":"2023-03-24T16:41:00","slug":"por-que-vale-a-pena-ter-um-apartamento-com-varanda-gourmet","status":"publish","type":"post","link":"https:\/\/invexo.com.br\/blog\/por-que-vale-a-pena-ter-um-apartamento-com-varanda-gourmet\/","title":{"rendered":"Por que vale a pena ter um apartamento com varanda gourmet?"},"content":{"rendered":"\n<p>Duas palavras v\u00eam se destacando no vocabul\u00e1rio de quem trabalha no mercado imobili\u00e1rio: varanda gourmet. No come\u00e7o, esse espa\u00e7o era considerado um diferencial, mas hoje s\u00e3o raros os projetos que n\u00e3o t\u00eam esse c\u00f4modo. <a href=\"https:\/\/invexo.com.br\/blog\/comprar-apartamento-quais-sao-os-primeiros-passos\/\" target=\"_blank\" rel=\"noopener noreferrer\">Por que ter apartamento<\/a> com varanda gourmet \u00e9 t\u00e3o vantajoso?<\/p>\n\n\n\n<p>Para ajud\u00e1-lo a responder a essa pergunta, preparamos este artigo que vai abordar todas as caracter\u00edsticas dessa tend\u00eancia. Basta ler at\u00e9 o final para entender as vantagens que uma varanda gourmet oferece!<\/p>\n\n\n\n<h2 class=\"wp-block-heading\">Apartamento com varanda gourmet vale mais<\/h2>\n\n\n\n<p>As necessidades e expectativas das pessoas com rela\u00e7\u00e3o aos seus im\u00f3veis mudam com o tempo. Hoje, os moradores querem ter um espa\u00e7o aconchegante em casa para receber seus amigos e conversar. A sala de estar n\u00e3o \u00e9 mais suficiente.<\/p>\n\n\n\n<p>Um apartamento com varanda gourmet atende a essa demanda. Por isso, esse tipo de im\u00f3vel desperta o interesse dos compradores ou atrai a aten\u00e7\u00e3o de poss\u00edveis inquilinos, <a href=\"https:\/\/invexo.com.br\/blog\/imoveis-residenciais-na-barra-da-tijuca\/\" target=\"_blank\" rel=\"noopener noreferrer\">gerando lucro para o propriet\u00e1rio<\/a>.<\/p>\n\n\n\n<h2 class=\"wp-block-heading\">Utiliza com intelig\u00eancia o espa\u00e7o<\/h2>\n\n\n\n<p>Visitando im\u00f3veis antigos, \u00e9 poss\u00edvel notar que nem todos os projetos tinham como meta o uso inteligente do espa\u00e7o dispon\u00edvel. Alguns c\u00f4modos eram desnecessariamente grandes, por exemplo.<\/p>\n\n\n\n<p>As novas plantas que apresentam uma varanda gourmet trazem uma solu\u00e7\u00e3o para essa quest\u00e3o. O espa\u00e7o \u00e9 usado de modo a dar ao morador conforto e a trazer eleg\u00e2ncia ao apartamento.<\/p>\n\n\n\n<p>N\u00e3o por acaso, propriet\u00e1rios de apartamentos antigos est\u00e3o procurando arquitetos para transformarem as suas antigas varandas (muitas vezes sem uso) em espa\u00e7os gourmet.<\/p>\n\n\n\n<h2 class=\"wp-block-heading\">Traz privacidade e conforto ao morador<\/h2>\n\n\n\n<p>Nem sempre o propriet\u00e1rio quer usar os espa\u00e7os de lazer do seu condom\u00ednio para oferecer um jantar aos seus amigos, por exemplo.<\/p>\n\n\n\n<p>Ter um apartamento com varanda gourmet resolve esse problema, uma vez que o morador tem um espa\u00e7o requintado, <a href=\"https:\/\/invexo.com.br\/blog\/8-dicas-de-decoracao-de-apartamentos-de-luxo-para-voce-se-inspirar\/\" target=\"_blank\" rel=\"noopener noreferrer\">decorado conforme a sua personalidade<\/a> e funcional para receber as suas visitas.<\/p>\n\n\n\n<!--more-->\n\n\n\n<p>Al\u00e9m disso, a varanda gourmet pode ser adaptada aos gostos e necessidades do morador. Existem projetos que priorizam um espa\u00e7o com adega para atender a uma pessoa que aprecie a degusta\u00e7\u00e3o de vinhos. Outros espa\u00e7os t\u00eam grandes telas ou mesas de jogos, para poder oferecer entretenimento para os f\u00e3s de esportes.<\/p>\n\n\n\n<p>Existe uma infinidade de possibilidades para decorar uma varanda gourmet. O mais importante \u00e9 que, independentemente do projeto, o morador poder\u00e1 desfrutar do local com privacidade.<\/p>\n\n\n\n<p>Oportunidades \u00fanicas de im\u00f3veis em S\u00e3o Conrado. Fa\u00e7a parte do nosso <strong><a href=\"https:\/\/whatsapp.com\/channel\/0029VaB0crhDZ4LfWQoKd22G\">canal exclusivo no WhatsApp<\/a><\/strong> e tenha acesso antecipado aos im\u00f3veis \u00e0 venda na regi\u00e3o. <\/p>\n\n\n<div class=\"\"><div class='_form_2'><\/div><script type='text\/javascript' src='https:\/\/invexo.activehosted.com\/f\/embed.php?static=0&id=2&69F39FE48AFAC&nostyles=0&preview=0'><\/script><\/div>\n\n\n<p>O Rio de Janeiro \u00e9 uma das cidades mais lindas do mundo. Se voc\u00ea busca por viver com sofistica\u00e7\u00e3o na cidade maravilhosa, conte com a INVEXO, imobili\u00e1ria especializada em <a href=\"https:\/\/luxury.invexo.com.br\/?utm_source=blog&amp;utm_medium=blocomeio\" target=\"_blank\" rel=\"noreferrer noopener\">im\u00f3veis de luxo no Rio de Janeiro<\/a>.<\/p>\n\n\n\n<figure class=\"wp-block-image size-full\"><a href=\"https:\/\/luxury.invexo.com.br\/?utm_source=blog&amp;utm_medium=blocomeio\" target=\"_blank\" rel=\"noopener\"><img decoding=\"async\" width=\"1300\" height=\"280\" src=\"https:\/\/invexo.com.br\/blog\/wp-content\/uploads\/2022\/04\/imoveis-de-luxo-no-rio-de-janeiro-rj.jpg\" alt=\"Im\u00f3veis de luxo no Rio de Janeiro.\" class=\"wp-image-26440\" srcset=\"https:\/\/invexo.com.br\/blog\/wp-content\/uploads\/2022\/04\/imoveis-de-luxo-no-rio-de-janeiro-rj.jpg 1300w, https:\/\/invexo.com.br\/blog\/wp-content\/uploads\/2022\/04\/imoveis-de-luxo-no-rio-de-janeiro-rj-300x65.jpg 300w, https:\/\/invexo.com.br\/blog\/wp-content\/uploads\/2022\/04\/imoveis-de-luxo-no-rio-de-janeiro-rj-1024x221.jpg 1024w, https:\/\/invexo.com.br\/blog\/wp-content\/uploads\/2022\/04\/imoveis-de-luxo-no-rio-de-janeiro-rj-768x165.jpg 768w, https:\/\/invexo.com.br\/blog\/wp-content\/uploads\/2022\/04\/imoveis-de-luxo-no-rio-de-janeiro-rj-940x202.jpg 940w, https:\/\/invexo.com.br\/blog\/wp-content\/uploads\/2022\/04\/imoveis-de-luxo-no-rio-de-janeiro-rj-150x32.jpg 150w\" sizes=\"(max-width: 1300px) 100vw, 1300px\" \/><\/a><\/figure>\n\n\n\n<h2 class=\"wp-block-heading\">Valoriza a cozinha<\/h2>\n\n\n\n<p>Grande parte dos projetos de apartamentos com varanda gourmet alia a cozinha ao local. Isso faz com que os dois ambientes se valorizem. A cozinha n\u00e3o deve ser renegada a um segundo plano, como se fosse apenas uma \u00e1rea operacional da casa.<\/p>\n\n\n\n<p>Dar aos seus convidados a chance de poder observar um chef de cozinha preparando os pratos pode ser uma experi\u00eancia interessante \u2014 sobretudo em um momento em que programas de culin\u00e1ria est\u00e3o t\u00e3o populares.<\/p>\n\n\n\n<p>Caso o morador tenha a gastronomia como passatempo, a varanda gourmet torna a experi\u00eancia de cozinhar para os amigos e familiares muito mais interessante.<\/p>\n\n\n\n<p>Como vimos, ter um apartamento com varanda gourmet deixou de ser um luxo para ser uma necessidade. Isso faz parte da mudan\u00e7a de h\u00e1bito dos moradores com rela\u00e7\u00e3o ao modo com que recepcionam os seus visitantes.<\/p>\n\n\n\n<p>Se voc\u00ea gostou deste artigo, n\u00e3o deixe de <a href=\"https:\/\/facebook.com\/invexo\" target=\"_blank\" rel=\"noopener noreferrer\">curtir nossa p\u00e1gina no Facebook<\/a> para ficar atualizado sobre as novidades do mercado imobili\u00e1rio!<\/p>\n\n\n\n<p>Oportunidades \u00fanicas de im\u00f3veis em S\u00e3o Conrado. Fa\u00e7a parte do nosso <strong><a href=\"https:\/\/whatsapp.com\/channel\/0029VaB0crhDZ4LfWQoKd22G\">canal exclusivo no WhatsApp<\/a><\/strong> e tenha acesso antecipado aos im\u00f3veis \u00e0 venda na regi\u00e3o.<\/p>\n\n\n<div class=\"\"><div class='_form_2'><\/div><script type='text\/javascript' src='https:\/\/invexo.activehosted.com\/f\/embed.php?static=0&id=2&69F39FE48AFDF&nostyles=0&preview=0'><\/script><\/div>\n\n\n<p>Confira incr\u00edveis <a href=\"https:\/\/luxury.invexo.com.br\/apartamento-de-luxo-no-rio-de-janeiro\/?utm_source=blog&amp;utm_medium=blocofim\" target=\"_blank\" rel=\"noreferrer noopener\">apartamentos \u00e0 venda no Rio de Janeiro<\/a> com a INVEXO, imobili\u00e1ria especializada em im\u00f3veis de luxo no Rio de Janeiro.<\/p>\n\n\n\n<figure class=\"wp-block-image size-full\"><a href=\"https:\/\/luxury.invexo.com.br\/apartamento-de-luxo-no-rio-de-janeiro\/?utm_source=blog&amp;utm_medium=blocofim\" target=\"_blank\" rel=\"noreferrer noopener\"><img decoding=\"async\" width=\"1300\" height=\"280\" src=\"https:\/\/invexo.com.br\/blog\/wp-content\/uploads\/2022\/04\/imoveis-de-luxo-no-rio-de-janeiro-rj.jpg\" alt=\"Im\u00f3veis de luxo no Rio de Janeiro.\" class=\"wp-image-26440\" srcset=\"https:\/\/invexo.com.br\/blog\/wp-content\/uploads\/2022\/04\/imoveis-de-luxo-no-rio-de-janeiro-rj.jpg 1300w, https:\/\/invexo.com.br\/blog\/wp-content\/uploads\/2022\/04\/imoveis-de-luxo-no-rio-de-janeiro-rj-300x65.jpg 300w, https:\/\/invexo.com.br\/blog\/wp-content\/uploads\/2022\/04\/imoveis-de-luxo-no-rio-de-janeiro-rj-1024x221.jpg 1024w, https:\/\/invexo.com.br\/blog\/wp-content\/uploads\/2022\/04\/imoveis-de-luxo-no-rio-de-janeiro-rj-768x165.jpg 768w, https:\/\/invexo.com.br\/blog\/wp-content\/uploads\/2022\/04\/imoveis-de-luxo-no-rio-de-janeiro-rj-940x202.jpg 940w, https:\/\/invexo.com.br\/blog\/wp-content\/uploads\/2022\/04\/imoveis-de-luxo-no-rio-de-janeiro-rj-150x32.jpg 150w\" sizes=\"(max-width: 1300px) 100vw, 1300px\" \/><\/a><\/figure>\n","protected":false},"excerpt":{"rendered":"<p>Duas palavras v\u00eam se destacando no vocabul\u00e1rio de quem trabalha no mercado imobili\u00e1rio: varanda gourmet. No come\u00e7o, esse espa\u00e7o era considerado um diferencial, mas hoje s\u00e3o raros os projetos que n\u00e3o t\u00eam esse c\u00f4modo. Por que ter apartamento com varanda gourmet \u00e9 t\u00e3o vantajoso? Para ajud\u00e1-lo a responder a essa pergunta, preparamos este artigo que&#8230;<\/p>\n","protected":false},"author":2,"featured_media":1167,"comment_status":"closed","ping_status":"closed","sticky":false,"template":"","format":"standard","meta":{"_acf_changed":false,"_kad_blocks_custom_css":"","_kad_blocks_head_custom_js":"","_kad_blocks_body_custom_js":"","_kad_blocks_footer_custom_js":"","_kadence_starter_templates_imported_post":false,"_kad_post_transparent":"","_kad_post_title":"","_kad_post_layout":"","_kad_post_sidebar_id":"","_kad_post_content_style":"","_kad_post_vertical_padding":"","_kad_post_feature":"","_kad_post_feature_position":"","_kad_post_header":false,"_kad_post_footer":false,"footnotes":""},"categories":[15],"tags":[],"acf":[],"yoast_head":"<!-- This site is optimized with the Yoast SEO plugin v24.1 - https:\/\/yoast.com\/wordpress\/plugins\/seo\/ -->\n<title>Apartamento com varanda gourmet: descubra por que vale a pena!<\/title>\n<meta name=\"description\" content=\"Conhe\u00e7a todas as caracter\u00edsticas dessa tend\u00eancia e saiba quais s\u00e3o as vantagens que um apartamento com varanda gourmet pode te oferecer!\" \/>\n<meta name=\"robots\" content=\"index, follow, max-snippet:-1, max-image-preview:large, max-video-preview:-1\" \/>\n<link rel=\"canonical\" href=\"https:\/\/invexo.com.br\/blog\/por-que-vale-a-pena-ter-um-apartamento-com-varanda-gourmet\/\" \/>\n<meta property=\"og:locale\" content=\"pt_BR\" \/>\n<meta property=\"og:type\" content=\"article\" \/>\n<meta property=\"og:title\" content=\"Apartamento com varanda gourmet: descubra por que vale a pena!\" \/>\n<meta property=\"og:description\" content=\"Conhe\u00e7a todas as caracter\u00edsticas dessa tend\u00eancia e saiba quais s\u00e3o as vantagens que um apartamento com varanda gourmet pode te oferecer!\" \/>\n<meta property=\"og:url\" content=\"https:\/\/invexo.com.br\/blog\/por-que-vale-a-pena-ter-um-apartamento-com-varanda-gourmet\/\" \/>\n<meta property=\"og:site_name\" content=\"Not\u00edcias RJ\" \/>\n<meta property=\"article:publisher\" content=\"https:\/\/facebook.com\/invexo\" \/>\n<meta property=\"article:author\" content=\"https:\/\/facebook.com\/invexo\" \/>\n<meta property=\"article:published_time\" content=\"2019-01-28T12:30:02+00:00\" \/>\n<meta property=\"article:modified_time\" content=\"2023-03-24T16:41:00+00:00\" \/>\n<meta property=\"og:image\" content=\"https:\/\/invexo.com.br\/blog\/wp-content\/uploads\/2019\/01\/original-b17233d76e2625577f5458546e125705.jpg\" \/>\n\t<meta property=\"og:image:width\" content=\"2120\" \/>\n\t<meta property=\"og:image:height\" content=\"1415\" \/>\n\t<meta property=\"og:image:type\" content=\"image\/jpeg\" \/>\n<meta name=\"author\" content=\"Ronnie Possatti\" \/>\n<meta name=\"twitter:card\" content=\"summary_large_image\" \/>\n<meta name=\"twitter:creator\" content=\"@https:\/\/twitter.com\/invexoimoveis\" \/>\n<meta name=\"twitter:site\" content=\"@invexoimoveis\" \/>\n<meta name=\"twitter:label1\" content=\"Escrito por\" \/>\n\t<meta name=\"twitter:data1\" content=\"Ronnie Possatti\" \/>\n\t<meta name=\"twitter:label2\" content=\"Est. tempo de leitura\" \/>\n\t<meta name=\"twitter:data2\" content=\"3 minutos\" \/>\n<script type=\"application\/ld+json\" class=\"yoast-schema-graph\">{\"@context\":\"https:\/\/schema.org\",\"@graph\":[{\"@type\":\"Article\",\"@id\":\"https:\/\/invexo.com.br\/blog\/por-que-vale-a-pena-ter-um-apartamento-com-varanda-gourmet\/#article\",\"isPartOf\":{\"@id\":\"https:\/\/invexo.com.br\/blog\/por-que-vale-a-pena-ter-um-apartamento-com-varanda-gourmet\/\"},\"author\":{\"name\":\"Ronnie Possatti\",\"@id\":\"https:\/\/invexo.com.br\/blog\/#\/schema\/person\/36bee32f1cfacde03dc4c9622a58778d\"},\"headline\":\"Por que vale a pena ter um apartamento com varanda gourmet?\",\"datePublished\":\"2019-01-28T12:30:02+00:00\",\"dateModified\":\"2023-03-24T16:41:00+00:00\",\"mainEntityOfPage\":{\"@id\":\"https:\/\/invexo.com.br\/blog\/por-que-vale-a-pena-ter-um-apartamento-com-varanda-gourmet\/\"},\"wordCount\":598,\"publisher\":{\"@id\":\"https:\/\/invexo.com.br\/blog\/#organization\"},\"image\":{\"@id\":\"https:\/\/invexo.com.br\/blog\/por-que-vale-a-pena-ter-um-apartamento-com-varanda-gourmet\/#primaryimage\"},\"thumbnailUrl\":\"https:\/\/invexo.com.br\/blog\/wp-content\/uploads\/2019\/01\/original-b17233d76e2625577f5458546e125705.jpg\",\"articleSection\":[\"Informa\u00e7\u00f5es\"],\"inLanguage\":\"pt-BR\"},{\"@type\":\"WebPage\",\"@id\":\"https:\/\/invexo.com.br\/blog\/por-que-vale-a-pena-ter-um-apartamento-com-varanda-gourmet\/\",\"url\":\"https:\/\/invexo.com.br\/blog\/por-que-vale-a-pena-ter-um-apartamento-com-varanda-gourmet\/\",\"name\":\"Apartamento com varanda gourmet: descubra por que vale a pena!\",\"isPartOf\":{\"@id\":\"https:\/\/invexo.com.br\/blog\/#website\"},\"primaryImageOfPage\":{\"@id\":\"https:\/\/invexo.com.br\/blog\/por-que-vale-a-pena-ter-um-apartamento-com-varanda-gourmet\/#primaryimage\"},\"image\":{\"@id\":\"https:\/\/invexo.com.br\/blog\/por-que-vale-a-pena-ter-um-apartamento-com-varanda-gourmet\/#primaryimage\"},\"thumbnailUrl\":\"https:\/\/invexo.com.br\/blog\/wp-content\/uploads\/2019\/01\/original-b17233d76e2625577f5458546e125705.jpg\",\"datePublished\":\"2019-01-28T12:30:02+00:00\",\"dateModified\":\"2023-03-24T16:41:00+00:00\",\"description\":\"Conhe\u00e7a todas as caracter\u00edsticas dessa tend\u00eancia e saiba quais s\u00e3o as vantagens que um apartamento com varanda gourmet pode te oferecer!\",\"breadcrumb\":{\"@id\":\"https:\/\/invexo.com.br\/blog\/por-que-vale-a-pena-ter-um-apartamento-com-varanda-gourmet\/#breadcrumb\"},\"inLanguage\":\"pt-BR\",\"potentialAction\":[{\"@type\":\"ReadAction\",\"target\":[\"https:\/\/invexo.com.br\/blog\/por-que-vale-a-pena-ter-um-apartamento-com-varanda-gourmet\/\"]}]},{\"@type\":\"ImageObject\",\"inLanguage\":\"pt-BR\",\"@id\":\"https:\/\/invexo.com.br\/blog\/por-que-vale-a-pena-ter-um-apartamento-com-varanda-gourmet\/#primaryimage\",\"url\":\"https:\/\/invexo.com.br\/blog\/wp-content\/uploads\/2019\/01\/original-b17233d76e2625577f5458546e125705.jpg\",\"contentUrl\":\"https:\/\/invexo.com.br\/blog\/wp-content\/uploads\/2019\/01\/original-b17233d76e2625577f5458546e125705.jpg\",\"width\":2120,\"height\":1415,\"caption\":\"Apartamento com varanda gourmet\"},{\"@type\":\"BreadcrumbList\",\"@id\":\"https:\/\/invexo.com.br\/blog\/por-que-vale-a-pena-ter-um-apartamento-com-varanda-gourmet\/#breadcrumb\",\"itemListElement\":[{\"@type\":\"ListItem\",\"position\":1,\"name\":\"Blog\",\"item\":\"https:\/\/invexo.com.br\/blog\/\"},{\"@type\":\"ListItem\",\"position\":2,\"name\":\"Informa\u00e7\u00f5es\",\"item\":\"https:\/\/invexo.com.br\/blog\/categoria\/informacoes\/\"},{\"@type\":\"ListItem\",\"position\":3,\"name\":\"Por que vale a pena ter um apartamento com varanda gourmet?\"}]},{\"@type\":\"WebSite\",\"@id\":\"https:\/\/invexo.com.br\/blog\/#website\",\"url\":\"https:\/\/invexo.com.br\/blog\/\",\"name\":\"Not\u00edcias RJ\",\"description\":\"Not\u00edcias sobre im\u00f3veis, financiamento, mercado imobili\u00e1rio do Rio de Janeiro. Informa\u00e7\u00f5es sobre Bairros, Condom\u00ednios e Regi\u00e3o do Rio de Janeiro.\",\"publisher\":{\"@id\":\"https:\/\/invexo.com.br\/blog\/#organization\"},\"potentialAction\":[{\"@type\":\"SearchAction\",\"target\":{\"@type\":\"EntryPoint\",\"urlTemplate\":\"https:\/\/invexo.com.br\/blog\/?s={search_term_string}\"},\"query-input\":{\"@type\":\"PropertyValueSpecification\",\"valueRequired\":true,\"valueName\":\"search_term_string\"}}],\"inLanguage\":\"pt-BR\"},{\"@type\":\"Organization\",\"@id\":\"https:\/\/invexo.com.br\/blog\/#organization\",\"name\":\"INVEXO Imobili\u00e1ria\",\"url\":\"https:\/\/invexo.com.br\/blog\/\",\"logo\":{\"@type\":\"ImageObject\",\"inLanguage\":\"pt-BR\",\"@id\":\"https:\/\/invexo.com.br\/blog\/#\/schema\/logo\/image\/\",\"url\":\"https:\/\/invexo.com.br\/blog\/wp-content\/uploads\/2018\/09\/invexo-80-melhor.png\",\"contentUrl\":\"https:\/\/invexo.com.br\/blog\/wp-content\/uploads\/2018\/09\/invexo-80-melhor.png\",\"width\":247,\"height\":80,\"caption\":\"INVEXO Imobili\u00e1ria\"},\"image\":{\"@id\":\"https:\/\/invexo.com.br\/blog\/#\/schema\/logo\/image\/\"},\"sameAs\":[\"https:\/\/facebook.com\/invexo\",\"https:\/\/x.com\/invexoimoveis\"]},{\"@type\":\"Person\",\"@id\":\"https:\/\/invexo.com.br\/blog\/#\/schema\/person\/36bee32f1cfacde03dc4c9622a58778d\",\"name\":\"Ronnie Possatti\",\"image\":{\"@type\":\"ImageObject\",\"inLanguage\":\"pt-BR\",\"@id\":\"https:\/\/invexo.com.br\/blog\/#\/schema\/person\/image\/\",\"url\":\"https:\/\/secure.gravatar.com\/avatar\/51a6cdcc215551235c39affb853f1e38?s=96&d=blank&r=g\",\"contentUrl\":\"https:\/\/secure.gravatar.com\/avatar\/51a6cdcc215551235c39affb853f1e38?s=96&d=blank&r=g\",\"caption\":\"Ronnie Possatti\"},\"description\":\"Equipe de especialistas que traz para seus leitores conte\u00fados relevantes e de qualidade sobre bairros, condom\u00ednios, lan\u00e7amentos e not\u00edcias imobili\u00e1rias no Rio de Janeiro.\",\"sameAs\":[\"https:\/\/facebook.com\/invexo\",\"https:\/\/instagram.com\/invexo\",\"https:\/\/x.com\/https:\/\/twitter.com\/invexoimoveis\"],\"url\":\"https:\/\/invexo.com.br\/blog\/author\/invexo\/\"}]}<\/script>\n<!-- \/ Yoast SEO plugin. -->","yoast_head_json":{"title":"Apartamento com varanda gourmet: descubra por que vale a pena!","description":"Conhe\u00e7a todas as caracter\u00edsticas dessa tend\u00eancia e saiba quais s\u00e3o as vantagens que um apartamento com varanda gourmet pode te oferecer!","robots":{"index":"index","follow":"follow","max-snippet":"max-snippet:-1","max-image-preview":"max-image-preview:large","max-video-preview":"max-video-preview:-1"},"canonical":"https:\/\/invexo.com.br\/blog\/por-que-vale-a-pena-ter-um-apartamento-com-varanda-gourmet\/","og_locale":"pt_BR","og_type":"article","og_title":"Apartamento com varanda gourmet: descubra por que vale a pena!","og_description":"Conhe\u00e7a todas as caracter\u00edsticas dessa tend\u00eancia e saiba quais s\u00e3o as vantagens que um apartamento com varanda gourmet pode te oferecer!","og_url":"https:\/\/invexo.com.br\/blog\/por-que-vale-a-pena-ter-um-apartamento-com-varanda-gourmet\/","og_site_name":"Not\u00edcias RJ","article_publisher":"https:\/\/facebook.com\/invexo","article_author":"https:\/\/facebook.com\/invexo","article_published_time":"2019-01-28T12:30:02+00:00","article_modified_time":"2023-03-24T16:41:00+00:00","og_image":[{"width":2120,"height":1415,"url":"https:\/\/invexo.com.br\/blog\/wp-content\/uploads\/2019\/01\/original-b17233d76e2625577f5458546e125705.jpg","type":"image\/jpeg"}],"author":"Ronnie Possatti","twitter_card":"summary_large_image","twitter_creator":"@https:\/\/twitter.com\/invexoimoveis","twitter_site":"@invexoimoveis","twitter_misc":{"Escrito por":"Ronnie Possatti","Est. tempo de leitura":"3 minutos"},"schema":{"@context":"https:\/\/schema.org","@graph":[{"@type":"Article","@id":"https:\/\/invexo.com.br\/blog\/por-que-vale-a-pena-ter-um-apartamento-com-varanda-gourmet\/#article","isPartOf":{"@id":"https:\/\/invexo.com.br\/blog\/por-que-vale-a-pena-ter-um-apartamento-com-varanda-gourmet\/"},"author":{"name":"Ronnie Possatti","@id":"https:\/\/invexo.com.br\/blog\/#\/schema\/person\/36bee32f1cfacde03dc4c9622a58778d"},"headline":"Por que vale a pena ter um apartamento com varanda gourmet?","datePublished":"2019-01-28T12:30:02+00:00","dateModified":"2023-03-24T16:41:00+00:00","mainEntityOfPage":{"@id":"https:\/\/invexo.com.br\/blog\/por-que-vale-a-pena-ter-um-apartamento-com-varanda-gourmet\/"},"wordCount":598,"publisher":{"@id":"https:\/\/invexo.com.br\/blog\/#organization"},"image":{"@id":"https:\/\/invexo.com.br\/blog\/por-que-vale-a-pena-ter-um-apartamento-com-varanda-gourmet\/#primaryimage"},"thumbnailUrl":"https:\/\/invexo.com.br\/blog\/wp-content\/uploads\/2019\/01\/original-b17233d76e2625577f5458546e125705.jpg","articleSection":["Informa\u00e7\u00f5es"],"inLanguage":"pt-BR"},{"@type":"WebPage","@id":"https:\/\/invexo.com.br\/blog\/por-que-vale-a-pena-ter-um-apartamento-com-varanda-gourmet\/","url":"https:\/\/invexo.com.br\/blog\/por-que-vale-a-pena-ter-um-apartamento-com-varanda-gourmet\/","name":"Apartamento com varanda gourmet: descubra por que vale a pena!","isPartOf":{"@id":"https:\/\/invexo.com.br\/blog\/#website"},"primaryImageOfPage":{"@id":"https:\/\/invexo.com.br\/blog\/por-que-vale-a-pena-ter-um-apartamento-com-varanda-gourmet\/#primaryimage"},"image":{"@id":"https:\/\/invexo.com.br\/blog\/por-que-vale-a-pena-ter-um-apartamento-com-varanda-gourmet\/#primaryimage"},"thumbnailUrl":"https:\/\/invexo.com.br\/blog\/wp-content\/uploads\/2019\/01\/original-b17233d76e2625577f5458546e125705.jpg","datePublished":"2019-01-28T12:30:02+00:00","dateModified":"2023-03-24T16:41:00+00:00","description":"Conhe\u00e7a todas as caracter\u00edsticas dessa tend\u00eancia e saiba quais s\u00e3o as vantagens que um apartamento com varanda gourmet pode te oferecer!","breadcrumb":{"@id":"https:\/\/invexo.com.br\/blog\/por-que-vale-a-pena-ter-um-apartamento-com-varanda-gourmet\/#breadcrumb"},"inLanguage":"pt-BR","potentialAction":[{"@type":"ReadAction","target":["https:\/\/invexo.com.br\/blog\/por-que-vale-a-pena-ter-um-apartamento-com-varanda-gourmet\/"]}]},{"@type":"ImageObject","inLanguage":"pt-BR","@id":"https:\/\/invexo.com.br\/blog\/por-que-vale-a-pena-ter-um-apartamento-com-varanda-gourmet\/#primaryimage","url":"https:\/\/invexo.com.br\/blog\/wp-content\/uploads\/2019\/01\/original-b17233d76e2625577f5458546e125705.jpg","contentUrl":"https:\/\/invexo.com.br\/blog\/wp-content\/uploads\/2019\/01\/original-b17233d76e2625577f5458546e125705.jpg","width":2120,"height":1415,"caption":"Apartamento com varanda gourmet"},{"@type":"BreadcrumbList","@id":"https:\/\/invexo.com.br\/blog\/por-que-vale-a-pena-ter-um-apartamento-com-varanda-gourmet\/#breadcrumb","itemListElement":[{"@type":"ListItem","position":1,"name":"Blog","item":"https:\/\/invexo.com.br\/blog\/"},{"@type":"ListItem","position":2,"name":"Informa\u00e7\u00f5es","item":"https:\/\/invexo.com.br\/blog\/categoria\/informacoes\/"},{"@type":"ListItem","position":3,"name":"Por que vale a pena ter um apartamento com varanda gourmet?"}]},{"@type":"WebSite","@id":"https:\/\/invexo.com.br\/blog\/#website","url":"https:\/\/invexo.com.br\/blog\/","name":"Not\u00edcias RJ","description":"Not\u00edcias sobre im\u00f3veis, financiamento, mercado imobili\u00e1rio do Rio de Janeiro. Informa\u00e7\u00f5es sobre Bairros, Condom\u00ednios e Regi\u00e3o do Rio de Janeiro.","publisher":{"@id":"https:\/\/invexo.com.br\/blog\/#organization"},"potentialAction":[{"@type":"SearchAction","target":{"@type":"EntryPoint","urlTemplate":"https:\/\/invexo.com.br\/blog\/?s={search_term_string}"},"query-input":{"@type":"PropertyValueSpecification","valueRequired":true,"valueName":"search_term_string"}}],"inLanguage":"pt-BR"},{"@type":"Organization","@id":"https:\/\/invexo.com.br\/blog\/#organization","name":"INVEXO Imobili\u00e1ria","url":"https:\/\/invexo.com.br\/blog\/","logo":{"@type":"ImageObject","inLanguage":"pt-BR","@id":"https:\/\/invexo.com.br\/blog\/#\/schema\/logo\/image\/","url":"https:\/\/invexo.com.br\/blog\/wp-content\/uploads\/2018\/09\/invexo-80-melhor.png","contentUrl":"https:\/\/invexo.com.br\/blog\/wp-content\/uploads\/2018\/09\/invexo-80-melhor.png","width":247,"height":80,"caption":"INVEXO Imobili\u00e1ria"},"image":{"@id":"https:\/\/invexo.com.br\/blog\/#\/schema\/logo\/image\/"},"sameAs":["https:\/\/facebook.com\/invexo","https:\/\/x.com\/invexoimoveis"]},{"@type":"Person","@id":"https:\/\/invexo.com.br\/blog\/#\/schema\/person\/36bee32f1cfacde03dc4c9622a58778d","name":"Ronnie Possatti","image":{"@type":"ImageObject","inLanguage":"pt-BR","@id":"https:\/\/invexo.com.br\/blog\/#\/schema\/person\/image\/","url":"https:\/\/secure.gravatar.com\/avatar\/51a6cdcc215551235c39affb853f1e38?s=96&d=blank&r=g","contentUrl":"https:\/\/secure.gravatar.com\/avatar\/51a6cdcc215551235c39affb853f1e38?s=96&d=blank&r=g","caption":"Ronnie Possatti"},"description":"Equipe de especialistas que traz para seus leitores conte\u00fados relevantes e de qualidade sobre bairros, condom\u00ednios, lan\u00e7amentos e not\u00edcias imobili\u00e1rias no Rio de Janeiro.","sameAs":["https:\/\/facebook.com\/invexo","https:\/\/instagram.com\/invexo","https:\/\/x.com\/https:\/\/twitter.com\/invexoimoveis"],"url":"https:\/\/invexo.com.br\/blog\/author\/invexo\/"}]}},"taxonomy_info":{"category":[{"value":15,"label":"Informa\u00e7\u00f5es"}]},"featured_image_src_large":["https:\/\/invexo.com.br\/blog\/wp-content\/uploads\/2019\/01\/original-b17233d76e2625577f5458546e125705-1024x683.jpg",1024,683,true],"author_info":{"display_name":"Ronnie Possatti","author_link":"https:\/\/invexo.com.br\/blog\/author\/invexo\/"},"comment_info":0,"category_info":[{"term_id":15,"name":"Informa\u00e7\u00f5es","slug":"informacoes","term_group":0,"term_taxonomy_id":15,"taxonomy":"category","description":"Informa\u00e7\u00f5es, experi\u00eancia nos melhores estabelecimentos em bairros nobres para se viver no Rio de Janeiro. Tudo sobre cultura, entretenimento e lazer.","parent":0,"count":1297,"filter":"raw","cat_ID":15,"category_count":1297,"category_description":"Informa\u00e7\u00f5es, experi\u00eancia nos melhores estabelecimentos em bairros nobres para se viver no Rio de Janeiro. Tudo sobre cultura, entretenimento e lazer.","cat_name":"Informa\u00e7\u00f5es","category_nicename":"informacoes","category_parent":0}],"tag_info":false,"_links":{"self":[{"href":"https:\/\/invexo.com.br\/blog\/wp-json\/wp\/v2\/posts\/1166"}],"collection":[{"href":"https:\/\/invexo.com.br\/blog\/wp-json\/wp\/v2\/posts"}],"about":[{"href":"https:\/\/invexo.com.br\/blog\/wp-json\/wp\/v2\/types\/post"}],"author":[{"embeddable":true,"href":"https:\/\/invexo.com.br\/blog\/wp-json\/wp\/v2\/users\/2"}],"replies":[{"embeddable":true,"href":"https:\/\/invexo.com.br\/blog\/wp-json\/wp\/v2\/comments?post=1166"}],"version-history":[{"count":2,"href":"https:\/\/invexo.com.br\/blog\/wp-json\/wp\/v2\/posts\/1166\/revisions"}],"predecessor-version":[{"id":37068,"href":"https:\/\/invexo.com.br\/blog\/wp-json\/wp\/v2\/posts\/1166\/revisions\/37068"}],"wp:featuredmedia":[{"embeddable":true,"href":"https:\/\/invexo.com.br\/blog\/wp-json\/wp\/v2\/media\/1167"}],"wp:attachment":[{"href":"https:\/\/invexo.com.br\/blog\/wp-json\/wp\/v2\/media?parent=1166"}],"wp:term":[{"taxonomy":"category","embeddable":true,"href":"https:\/\/invexo.com.br\/blog\/wp-json\/wp\/v2\/categories?post=1166"},{"taxonomy":"post_tag","embeddable":true,"href":"https:\/\/invexo.com.br\/blog\/wp-json\/wp\/v2\/tags?post=1166"}],"curies":[{"name":"wp","href":"https:\/\/api.w.org\/{rel}","templated":true}]}}